{"id":233020,"date":"2026-01-22T09:28:19","date_gmt":"2026-01-22T14:28:19","guid":{"rendered":"https:\/\/www.cuballama.com\/noticias\/?p=233020"},"modified":"2026-01-22T09:28:21","modified_gmt":"2026-01-22T14:28:21","slug":"viral-que-me-parta-un-rayo-antes-que-pedirte-nada-dice-esta-cubana-segundos-despues-pidio-una-motorina","status":"publish","type":"post","link":"https:\/\/www.cuballama.com\/noticias\/viral-que-me-parta-un-rayo-antes-que-pedirte-nada-dice-esta-cubana-segundos-despues-pidio-una-motorina\/","title":{"rendered":"Viral: \u00abQue me parta un rayo antes que pedirte nada\u00bb, dice esta cubana. Segundos despu\u00e9s, \u00a1pidi\u00f3 una motorina!"},"content":{"rendered":"\n<p>Un audio de apenas unos segundos, grabado desde Cuba y difundido masivamente en TikTok, volvi\u00f3 a activar una de las tensiones m\u00e1s persistentes entre quienes emigraron y quienes se quedaron: la expectativa de que, fuera de la isla, el dinero \u201caparece\u201d. Y aparece f\u00e1cil. Facil no, facil\u00edsimo.<\/p>\n\n\n\n<p>La frase que desat\u00f3 el debate parece inofensiva, casi tierna: <em>\u201cJaqueline, mija, me da tremenda pena contigo, yo nunca te pido nada\u2026 a ver si me puedes mandar aunque sea una motorina para el ni\u00f1o\u201d.<\/em> Pero lo que sigue \u2014<em>\u201custedes all\u00e1 se buscan 150 o 200 d\u00f3lares diarios<\/em>\u201d\u2014 convirti\u00f3 el mensaje en un s\u00edmbolo inc\u00f3modo de c\u00f3mo se imagina el exilio desde adentro.<\/p>\n\n\n\n<p>El fragmento, replicado por decenas de cuentas y comentado por cientos de cubanos dentro y fuera del pa\u00eds, gener\u00f3 una avalancha de respuestas que oscilaron entre la burla, la irritaci\u00f3n y la identificaci\u00f3n. <\/p>\n\n\n\n<blockquote class=\"tiktok-embed\" cite=\"https:\/\/www.tiktok.com\/@unacubanaanticomunista_\/video\/7597248309316586783\" data-video-id=\"7597248309316586783\" style=\"max-width: 605px;min-width: 325px;\" > <section> <a target=\"_blank\" title=\"@unacubanaanticomunista_\" href=\"https:\/\/www.tiktok.com\/@unacubanaanticomunista_?refer=embed\">@unacubanaanticomunista_<\/a> Eso no es nada&#8230;. <a title=\"ustedeslosricos\" target=\"_blank\" href=\"https:\/\/www.tiktok.com\/tag\/ustedeslosricos?refer=embed\">#ustedeslosricos<\/a> <a title=\"viraltiktok\" target=\"_blank\" href=\"https:\/\/www.tiktok.com\/tag\/viraltiktok?refer=embed\">#viraltiktok<\/a> <a title=\"humor\" target=\"_blank\" href=\"https:\/\/www.tiktok.com\/tag\/humor?refer=embed\">#humor<\/a> <a target=\"_blank\" title=\"\u266c sonido original - Guayabales L.A.\ud83c\udf3b\ud83d\udc34\ud83e\udd8b\" href=\"https:\/\/www.tiktok.com\/music\/sonido-original-7597248326053137183?refer=embed\">\u266c sonido original &#8211; Guayabales L.A.\ud83c\udf3b\ud83d\udc34\ud83e\udd8b<\/a> <\/section> <\/blockquote> <script async src=\"https:\/\/www.tiktok.com\/embed.js\"><\/script>\n\n\n\n<p>En videos de reacci\u00f3n, varios usuarios cuestionan el c\u00e1lculo, ironizan sobre la supuesta abundancia y desmontan, con cifras propias, la idea de que en el extranjero el dinero se gana sin esfuerzo. \u201cAqu\u00ed nadie recoge billetes del piso\u201d, dice una mujer en uno de los clips. \u201cSi fuera as\u00ed, yo no tendr\u00eda dos trabajos\u201d, a\u00f1ade otro. Otros, con menos humor, apuntan a lo que llaman \u201cla presi\u00f3n constante\u201d de ser vistos como salvavidas econ\u00f3micos.<\/p>\n\n\n\n<blockquote class=\"tiktok-embed\" cite=\"https:\/\/www.tiktok.com\/@lideisy.liz\/video\/7597515067663322399\" data-video-id=\"7597515067663322399\" style=\"max-width: 605px;min-width: 325px;\" > <section> <a target=\"_blank\" title=\"@lideisy.liz\" href=\"https:\/\/www.tiktok.com\/@lideisy.liz?refer=embed\">@lideisy.liz<\/a> <p><\/p> <a target=\"_blank\" title=\"\u266c sonido original - Guayabales L.A.\ud83c\udf3b\ud83d\udc34\ud83e\udd8b\" href=\"https:\/\/www.tiktok.com\/music\/sonido-original-7597248326053137183?refer=embed\">\u266c sonido original &#8211; Guayabales L.A.\ud83c\udf3b\ud83d\udc34\ud83e\udd8b<\/a> <\/section> <\/blockquote> <script async src=\"https:\/\/www.tiktok.com\/embed.js\"><\/script>\n\n\n\n<p>No son pocos los videos en Tiktok principalmente, aunque aparecen tambi\u00e9n en Instagram y Facebook, donde se muestran dos fotos: una, como creen en Cuba que vivo; otra, al lado, la realidad. En la primera, el emigrado se pone forrado de d\u00f3lares. En la segunda, se pone limpiando un ba\u00f1o.<\/p>\n\n\n\n<p>M\u00e1s all\u00e1 del chiste, el audio toca un nervio antiguo. No es la primera vez que una frase viral condensa una creencia colectiva: que quien logra salir de Cuba entra autom\u00e1ticamente en otra categor\u00eda econ\u00f3mica, casi m\u00edtica. No se trata solo de pensar que afuera se vive mejor, sino de asumir que afuera el dinero es abundante, r\u00e1pido, casi inevitable. Esa imagen no naci\u00f3 con TikTok. Viene de d\u00e9cadas de relatos, silencios y malentendidos que han ido construyendo un imaginario donde el emigrado no es una persona con gastos y precariedades propias, sino un punto de acceso a una econom\u00eda inalcanzable desde la isla.<\/p>\n\n\n\n<p>En los comentarios, muchos cubanos en el exterior coinciden en algo: la frase \u201cme da tremenda pena\u201d suele ser la antesala de un pedido imposible de sostener. \u201cNo es la motorina, es la l\u00f3gica\u201d, dice una usuaria en un video de respuesta. \u201cEllos creen que uno gana en d\u00f3lares y gasta en pesos cubanos\u201d. Otros reconocen que el audio les result\u00f3 dolorosamente familiar. \u201cA m\u00ed me mandan cosas as\u00ed todo el tiempo. No porque sean malos, sino porque no saben\u201d, comenta otro creador. La cr\u00edtica, en la mayor\u00eda de los casos, no se dirige a la mujer del audio, sino al sistema de creencias que la rodea.<\/p>\n\n\n\n<blockquote class=\"tiktok-embed\" cite=\"https:\/\/www.tiktok.com\/@gigiiiiiii010\/video\/7597481339759217950\" data-video-id=\"7597481339759217950\" style=\"max-width: 605px;min-width: 325px;\" > <section> <a target=\"_blank\" title=\"@gigiiiiiii010\" href=\"https:\/\/www.tiktok.com\/@gigiiiiiii010?refer=embed\">@gigiiiiiii010<\/a> <a title=\"cuba\" target=\"_blank\" href=\"https:\/\/www.tiktok.com\/tag\/cuba?refer=embed\">#cuba<\/a> <a title=\"chisme\" target=\"_blank\" href=\"https:\/\/www.tiktok.com\/tag\/chisme?refer=embed\">#chisme<\/a> <a title=\"cubanosenmiami\" target=\"_blank\" href=\"https:\/\/www.tiktok.com\/tag\/cubanosenmiami?refer=embed\">#cubanosenmiami<\/a> <a title=\"cubanosentiktok\" target=\"_blank\" href=\"https:\/\/www.tiktok.com\/tag\/cubanosentiktok?refer=embed\">#cubanosentiktok<\/a> <a target=\"_blank\" title=\"\u266c sonido original - Guayabales L.A.\ud83c\udf3b\ud83d\udc34\ud83e\udd8b\" href=\"https:\/\/www.tiktok.com\/music\/sonido-original-7597248326053137183?refer=embed\">\u266c sonido original &#8211; Guayabales L.A.\ud83c\udf3b\ud83d\udc34\ud83e\udd8b<\/a> <\/section> <\/blockquote> <script async src=\"https:\/\/www.tiktok.com\/embed.js\"><\/script>\n\n\n\n<p>Y esto es cierto. La mayor\u00eda de los que all\u00e1 viven desconocen c\u00f3mo es el mundo all\u00e1 afuera. Lo dice quien \u00abse molest\u00f3\u00bb por una grabadora tipo panqu\u00e9 que me mandaron en 1981 mis familiares de la yuma, y no una stereo doble cassetera. Lo dice el que pidi\u00f3 unos tenis Reebok, que costaban cerca de 100 d\u00f3lares a un primo que era estudiante. <\/p>\n\n\n\n<p>Pero bien, hagamos un c\u00e1lculo sencillo en base a \u00abla norma\u00bb de una persona X en Miami. <\/p>\n\n\n\n<p>Una persona que gana 15 d\u00f3lares la hora y trabaja 24 d\u00edas al mes, ocho horas diarias, obtiene un ingreso bruto de 2,880 d\u00f3lares mensuales; tras descontar un estimado conservador del 20 % en impuestos, su ingreso neto ronda los 2,304 d\u00f3lares. Si esa persona paga una renta de 2,000 d\u00f3lares y asume gastos m\u00ednimos como servicios (150), tel\u00e9fono e internet (120), transporte (150) y comida b\u00e1sica (350), sus gastos mensuales superan los 2,700 d\u00f3lares, lo que la deja en d\u00e9ficit cada mes, incluso sin imprevistos, sin lujos y sin enviar dinero a nadie. <\/p>\n\n\n\n<p>Pero vayamos al ejemplo extremo de la que no quiere que la parta un rayo: digamos que su \u201cbeneficiaria\u201d gana 200 d\u00f3lares al d\u00eda; eso implica un salario de 25 d\u00f3lares la hora si trabaja ocho horas, lo que al mes, con 24 d\u00edas laborables, dar\u00eda 4,800 d\u00f3lares brutos, que tras descontar un 20 % aproximado en impuestos se reducen a unos 3,840 d\u00f3lares netos; si de ah\u00ed restamos una renta de 2,000, m\u00e1s gastos m\u00ednimos de servicios (150), tel\u00e9fono e internet (120), transporte (150) y comida b\u00e1sica (350), el resultado es un margen cercano a los 1,070 d\u00f3lares mensuales, lejos de cualquier idea de abundancia y, sobre todo, muy distante de la fantas\u00eda de que el dinero \u201csobra\u201d en el exilio. <\/p>\n\n\n\n<p>Sin embargo, en ninguno de esos ejemplos se incluye nada de lo que convierte a una cifra en una vida real: no est\u00e1n el seguro del auto, la gasolina diaria, el mantenimiento, el seguro m\u00e9dico, las medicinas, la ropa, una salida ocasional, un cumplea\u00f1os, un baby shower, una visita al dentista, una multa, una reparaci\u00f3n imprevista ni el env\u00edo de dinero a Cuba; es decir, todo aquello que no aparece en la hoja de c\u00e1lculo pero que termina decidiendo si se llega a fin de mes o se vive a cr\u00e9dito, incluso cuando se gana lo que desde la isla parece una fortuna.<\/p>\n\n\n\n<p>Ese sistema tiene ra\u00edces profundas. En <em>El Super<\/em>, la pel\u00edcula de Le\u00f3n Ichaso estrenada en 1979, el protagonista descubre que el \u201csue\u00f1o americano\u201d es un s\u00f3tano fr\u00edo en Nueva York, lejos de la abundancia que otros imaginan para \u00e9l en la isla. D\u00e9cadas despu\u00e9s, <em>Niu Yol<\/em>, del dominicano \u00c1ngel Mu\u00f1iz, incluy\u00f3 una escena que se volvi\u00f3 emblem\u00e1tica: el personaje cuenta c\u00f3mo le dec\u00edan que en Estados Unidos los billetes de veinte d\u00f3lares estaban en el suelo y nadie se agachaba a recogerlos. En ambos casos, la exageraci\u00f3n no busca hacer re\u00edr, sino revelar una distancia: la brecha entre la expectativa y la realidad.<\/p>\n\n\n\n<p>En Cuba, esa brecha se fue agrandando con los a\u00f1os. Durante los 90, las cartas que ped\u00edan jeans, walkman o latas de comida se mezclaban con la idea de que \u201cel de afuera\u201d siempre pod\u00eda. M\u00e1s tarde llegaron las mulas, los env\u00edos, las remesas como sost\u00e9n de familias enteras. En ese tr\u00e1nsito, el emigrado pas\u00f3 de ser pariente a convertirse, muchas veces sin quererlo, en recurso. El audio de TikTok no inventa nada: solo pone voz a una creencia que lleva tiempo circulando.<\/p>\n\n\n\n<p>Las reacciones cr\u00edticas que vemos en los videos de respuesta a la que pide que la parta un rayo antes que pedir algo, van en esa direcci\u00f3n. No se trata solo de desmentir el c\u00e1lculo de \u201cseis mil al mes\u201d, sino de explicar que en el extranjero tambi\u00e9n se vive al l\u00edmite. <\/p>\n\n\n\n<blockquote class=\"tiktok-embed\" cite=\"https:\/\/www.tiktok.com\/@saraiperez2307\/video\/7597544390189468942\" data-video-id=\"7597544390189468942\" style=\"max-width: 605px;min-width: 325px;\" > <section> <a target=\"_blank\" title=\"@saraiperez2307\" href=\"https:\/\/www.tiktok.com\/@saraiperez2307?refer=embed\">@saraiperez2307<\/a> <a title=\"cubanos\" target=\"_blank\" href=\"https:\/\/www.tiktok.com\/tag\/cubanos?refer=embed\">#cubanos<\/a> <a title=\"audiosvirales\" target=\"_blank\" href=\"https:\/\/www.tiktok.com\/tag\/audiosvirales?refer=embed\">#audiosvirales<\/a> <a title=\"motorina\" target=\"_blank\" href=\"https:\/\/www.tiktok.com\/tag\/motorina?refer=embed\">#motorina<\/a> <a title=\"dinero\" target=\"_blank\" href=\"https:\/\/www.tiktok.com\/tag\/dinero?refer=embed\">#dinero<\/a> <a target=\"_blank\" title=\"\u266c sonido original - Guayabales L.A.\ud83c\udf3b\ud83d\udc34\ud83e\udd8b\" href=\"https:\/\/www.tiktok.com\/music\/sonido-original-7597248326053137183?refer=embed\">\u266c sonido original &#8211; Guayabales L.A.\ud83c\udf3b\ud83d\udc34\ud83e\udd8b<\/a> <\/section> <\/blockquote> <script async src=\"https:\/\/www.tiktok.com\/embed.js\"><\/script>\n\n\n\n<p>\u201cEntre renta, comida, transporte y papeles, no queda nada\u201d, dice una cubana desde Miami. Otro a\u00f1ade: \u201cAqu\u00ed no hay mes que sobre\u201d. Algunos hablan incluso del desgaste emocional: sentir que no se puede decir que no, porque del otro lado hay necesidad real, pero tambi\u00e9n una expectativa imposible de cumplir.<\/p>\n\n\n\n<p>El audio, sin propon\u00e9rselo, expone esa tensi\u00f3n. No es un chiste aislado, sino un s\u00edntoma. Para quien lo escucha desde fuera, puede sonar ingenuo; para quien lo env\u00eda, es una mezcla de esperanza y desconocimiento. <\/p>\n\n\n\n<p>Por eso, m\u00e1s que re\u00edrse de la frase, muchos cubanos prefieren leerla como una se\u00f1al. No de ignorancia, sino de una econom\u00eda emocional que se construy\u00f3 durante a\u00f1os. El problema no es que alguien crea que afuera se gana m\u00e1s. El problema es creer que ese \u201cm\u00e1s\u201d es infinito, autom\u00e1tico, sin costo. El audio no habla de d\u00f3lares: habla de una fe depositada en el otro.<\/p>\n\n\n\n<p>En ese sentido, la frase que titula este texto resume la contradicci\u00f3n. \u201cQue me parta un rayo antes de pedirte nada\u201d, dice la voz, justo antes de pedirlo todo. No por abuso, sino por necesidad. No por maldad, sino por una historia que ense\u00f1\u00f3 a mirar hacia afuera como si all\u00ed, en alg\u00fan lugar, todav\u00eda cayeran los billetes del cielo. O estuviesen colgados en las ramas de los \u00e1rboles.<\/p>\n","protected":false},"excerpt":{"rendered":"<p>Un audio viral reabre la brecha entre Cuba y el exilio: el mito del dinero f\u00e1cil, los c\u00e1lculos reales y la presi\u00f3n de \u201cresolver\u201d por dos mundos.<\/p>\n","protected":false},"author":13,"featured_media":233024,"comment_status":"open","ping_status":"closed","sticky":false,"template":"","format":"standard","meta":{"_acf_changed":false,"footnotes":""},"categories":[9667],"tags":[30187,6354,11,19240,8000,2789,96,3413,9910],"class_list":{"0":"post-233020","1":"post","2":"type-post","3":"status-publish","4":"format-standard","5":"has-post-thumbnail","7":"category-opinion","8":"tag-audio-viral","9":"tag-crisis-economica","10":"tag-cuba","11":"tag-diaspora-3","12":"tag-exilio-cubano","13":"tag-expectativas","14":"tag-migracion","15":"tag-remesas","16":"tag-tiktok"},"acf":[],"yoast_head":"<!-- This site is optimized with the Yoast SEO plugin v27.5 - https:\/\/yoast.com\/product\/yoast-seo-wordpress\/ -->\n<title>Viral: &quot;Que me parta un rayo antes que pedirte nada&quot;, dice esta cubana. Segundos despu\u00e9s, \u00a1pidi\u00f3 una motorina! - Cuballama Noticias<\/title>\n<meta name=\"description\" content=\"Un audio viral expone el mito del dinero f\u00e1cil fuera de Cuba y la presi\u00f3n sobre emigrados que deben \u201cresolver\u201d por los de la isla.\" \/>\n<meta name=\"robots\" content=\"index, follow, max-snippet:-1, max-image-preview:large, max-video-preview:-1\" \/>\n<link rel=\"canonical\" href=\"https:\/\/www.cuballama.com\/noticias\/viral-que-me-parta-un-rayo-antes-que-pedirte-nada-dice-esta-cubana-segundos-despues-pidio-una-motorina\/\" \/>\n<meta property=\"og:locale\" content=\"es_ES\" \/>\n<meta property=\"og:type\" content=\"article\" \/>\n<meta property=\"og:title\" content=\"Viral: &quot;Que me parta un rayo antes que pedirte nada&quot;, dice esta cubana. Segundos despu\u00e9s, \u00a1pidi\u00f3 una motorina! - Cuballama Noticias\" \/>\n<meta property=\"og:description\" content=\"Un audio viral expone el mito del dinero f\u00e1cil fuera de Cuba y la presi\u00f3n sobre emigrados que deben \u201cresolver\u201d por los de la isla.\" \/>\n<meta property=\"og:url\" content=\"https:\/\/www.cuballama.com\/noticias\/viral-que-me-parta-un-rayo-antes-que-pedirte-nada-dice-esta-cubana-segundos-despues-pidio-una-motorina\/\" \/>\n<meta property=\"og:site_name\" content=\"Cuballama Noticias\" \/>\n<meta property=\"article:publisher\" content=\"https:\/\/www.facebook.com\/CubaLlama\" \/>\n<meta property=\"article:published_time\" content=\"2026-01-22T14:28:19+00:00\" \/>\n<meta property=\"article:modified_time\" content=\"2026-01-22T14:28:21+00:00\" \/>\n<meta property=\"og:image\" content=\"https:\/\/cdn1.mediawpaccore.net\/wp-content\/uploads\/2026\/01\/22073609\/image-114-1024x536.png\" \/>\n\t<meta property=\"og:image:width\" content=\"1024\" \/>\n\t<meta property=\"og:image:height\" content=\"536\" \/>\n\t<meta property=\"og:image:type\" content=\"image\/png\" \/>\n<meta name=\"author\" content=\"Roberto A.\" \/>\n<meta name=\"twitter:card\" content=\"summary_large_image\" \/>\n<meta name=\"twitter:creator\" content=\"@cuballama\" \/>\n<meta name=\"twitter:site\" content=\"@cuballama\" \/>\n<meta name=\"twitter:label1\" content=\"Escrito por\" \/>\n\t<meta name=\"twitter:data1\" content=\"Roberto A.\" \/>\n<script type=\"application\/ld+json\" class=\"yoast-schema-graph\">{\"@context\":\"https:\\\/\\\/schema.org\",\"@graph\":[{\"@type\":\"Article\",\"@id\":\"https:\\\/\\\/www.cuballama.com\\\/noticias\\\/viral-que-me-parta-un-rayo-antes-que-pedirte-nada-dice-esta-cubana-segundos-despues-pidio-una-motorina\\\/#article\",\"isPartOf\":{\"@id\":\"https:\\\/\\\/www.cuballama.com\\\/noticias\\\/viral-que-me-parta-un-rayo-antes-que-pedirte-nada-dice-esta-cubana-segundos-despues-pidio-una-motorina\\\/\"},\"author\":{\"name\":\"Roberto A.\",\"@id\":\"https:\\\/\\\/www.cuballama.com\\\/noticias\\\/#\\\/schema\\\/person\\\/a58502ed4146c8e9f83872e897c76cd2\"},\"headline\":\"Viral: \u00abQue me parta un rayo antes que pedirte nada\u00bb, dice esta cubana. Segundos despu\u00e9s, \u00a1pidi\u00f3 una motorina!\",\"datePublished\":\"2026-01-22T14:28:19+00:00\",\"dateModified\":\"2026-01-22T14:28:21+00:00\",\"mainEntityOfPage\":{\"@id\":\"https:\\\/\\\/www.cuballama.com\\\/noticias\\\/viral-que-me-parta-un-rayo-antes-que-pedirte-nada-dice-esta-cubana-segundos-despues-pidio-una-motorina\\\/\"},\"wordCount\":1479,\"commentCount\":0,\"publisher\":{\"@id\":\"https:\\\/\\\/www.cuballama.com\\\/noticias\\\/#organization\"},\"image\":{\"@id\":\"https:\\\/\\\/www.cuballama.com\\\/noticias\\\/viral-que-me-parta-un-rayo-antes-que-pedirte-nada-dice-esta-cubana-segundos-despues-pidio-una-motorina\\\/#primaryimage\"},\"thumbnailUrl\":\"https:\\\/\\\/cdn1.mediawpaccore.net\\\/wp-content\\\/uploads\\\/2026\\\/01\\\/22073609\\\/image-114.png\",\"keywords\":[\"audio viral\",\"crisis econ\u00f3mica\",\"Cuba\",\"Di\u00e1spora\",\"Exilio Cubano\",\"expectativas\",\"migraci\u00f3n\",\"Remesas\",\"TikTok\"],\"articleSection\":[\"Opini\u00f3n\"],\"inLanguage\":\"es\",\"potentialAction\":[{\"@type\":\"CommentAction\",\"name\":\"Comment\",\"target\":[\"https:\\\/\\\/www.cuballama.com\\\/noticias\\\/viral-que-me-parta-un-rayo-antes-que-pedirte-nada-dice-esta-cubana-segundos-despues-pidio-una-motorina\\\/#respond\"]}]},{\"@type\":\"WebPage\",\"@id\":\"https:\\\/\\\/www.cuballama.com\\\/noticias\\\/viral-que-me-parta-un-rayo-antes-que-pedirte-nada-dice-esta-cubana-segundos-despues-pidio-una-motorina\\\/\",\"url\":\"https:\\\/\\\/www.cuballama.com\\\/noticias\\\/viral-que-me-parta-un-rayo-antes-que-pedirte-nada-dice-esta-cubana-segundos-despues-pidio-una-motorina\\\/\",\"name\":\"Viral: \\\"Que me parta un rayo antes que pedirte nada\\\", dice esta cubana. Segundos despu\u00e9s, \u00a1pidi\u00f3 una motorina! - Cuballama Noticias\",\"isPartOf\":{\"@id\":\"https:\\\/\\\/www.cuballama.com\\\/noticias\\\/#website\"},\"primaryImageOfPage\":{\"@id\":\"https:\\\/\\\/www.cuballama.com\\\/noticias\\\/viral-que-me-parta-un-rayo-antes-que-pedirte-nada-dice-esta-cubana-segundos-despues-pidio-una-motorina\\\/#primaryimage\"},\"image\":{\"@id\":\"https:\\\/\\\/www.cuballama.com\\\/noticias\\\/viral-que-me-parta-un-rayo-antes-que-pedirte-nada-dice-esta-cubana-segundos-despues-pidio-una-motorina\\\/#primaryimage\"},\"thumbnailUrl\":\"https:\\\/\\\/cdn1.mediawpaccore.net\\\/wp-content\\\/uploads\\\/2026\\\/01\\\/22073609\\\/image-114.png\",\"datePublished\":\"2026-01-22T14:28:19+00:00\",\"dateModified\":\"2026-01-22T14:28:21+00:00\",\"description\":\"Un audio viral expone el mito del dinero f\u00e1cil fuera de Cuba y la presi\u00f3n sobre emigrados que deben \u201cresolver\u201d por los de la isla.\",\"breadcrumb\":{\"@id\":\"https:\\\/\\\/www.cuballama.com\\\/noticias\\\/viral-que-me-parta-un-rayo-antes-que-pedirte-nada-dice-esta-cubana-segundos-despues-pidio-una-motorina\\\/#breadcrumb\"},\"inLanguage\":\"es\",\"potentialAction\":[{\"@type\":\"ReadAction\",\"target\":[\"https:\\\/\\\/www.cuballama.com\\\/noticias\\\/viral-que-me-parta-un-rayo-antes-que-pedirte-nada-dice-esta-cubana-segundos-despues-pidio-una-motorina\\\/\"]}]},{\"@type\":\"ImageObject\",\"inLanguage\":\"es\",\"@id\":\"https:\\\/\\\/www.cuballama.com\\\/noticias\\\/viral-que-me-parta-un-rayo-antes-que-pedirte-nada-dice-esta-cubana-segundos-despues-pidio-una-motorina\\\/#primaryimage\",\"url\":\"https:\\\/\\\/cdn1.mediawpaccore.net\\\/wp-content\\\/uploads\\\/2026\\\/01\\\/22073609\\\/image-114.png\",\"contentUrl\":\"https:\\\/\\\/cdn1.mediawpaccore.net\\\/wp-content\\\/uploads\\\/2026\\\/01\\\/22073609\\\/image-114.png\",\"width\":1974,\"height\":1034,\"caption\":\"Cubana le pide a otra que le mande una motorina y le dice: yo s\u00e9 que t\u00fa ganas como 6 mil al mes. Foto: Generada con la IA\"},{\"@type\":\"BreadcrumbList\",\"@id\":\"https:\\\/\\\/www.cuballama.com\\\/noticias\\\/viral-que-me-parta-un-rayo-antes-que-pedirte-nada-dice-esta-cubana-segundos-despues-pidio-una-motorina\\\/#breadcrumb\",\"itemListElement\":[{\"@type\":\"ListItem\",\"position\":1,\"name\":\"Home\",\"item\":\"https:\\\/\\\/www.cuballama.com\\\/noticias\\\/\"},{\"@type\":\"ListItem\",\"position\":2,\"name\":\"Viral: \u00abQue me parta un rayo antes que pedirte nada\u00bb, dice esta cubana. Segundos despu\u00e9s, \u00a1pidi\u00f3 una motorina!\"}]},{\"@type\":\"WebSite\",\"@id\":\"https:\\\/\\\/www.cuballama.com\\\/noticias\\\/#website\",\"url\":\"https:\\\/\\\/www.cuballama.com\\\/noticias\\\/\",\"name\":\"Cuballama Noticias\",\"description\":\"Medio digital sobre Cuba y el mundo\",\"publisher\":{\"@id\":\"https:\\\/\\\/www.cuballama.com\\\/noticias\\\/#organization\"},\"potentialAction\":[{\"@type\":\"SearchAction\",\"target\":{\"@type\":\"EntryPoint\",\"urlTemplate\":\"https:\\\/\\\/www.cuballama.com\\\/noticias\\\/?s={search_term_string}\"},\"query-input\":{\"@type\":\"PropertyValueSpecification\",\"valueRequired\":true,\"valueName\":\"search_term_string\"}}],\"inLanguage\":\"es\"},{\"@type\":\"Organization\",\"@id\":\"https:\\\/\\\/www.cuballama.com\\\/noticias\\\/#organization\",\"name\":\"Cuballama\",\"url\":\"https:\\\/\\\/www.cuballama.com\\\/noticias\\\/\",\"logo\":{\"@type\":\"ImageObject\",\"inLanguage\":\"es\",\"@id\":\"https:\\\/\\\/www.cuballama.com\\\/noticias\\\/#\\\/schema\\\/logo\\\/image\\\/\",\"url\":\"https:\\\/\\\/cdn1.mediawpaccore.net\\\/wp-content\\\/uploads\\\/2021\\\/12\\\/28171206\\\/cbll-logo-color-sm.png\",\"contentUrl\":\"https:\\\/\\\/cdn1.mediawpaccore.net\\\/wp-content\\\/uploads\\\/2021\\\/12\\\/28171206\\\/cbll-logo-color-sm.png\",\"width\":600,\"height\":133,\"caption\":\"Cuballama\"},\"image\":{\"@id\":\"https:\\\/\\\/www.cuballama.com\\\/noticias\\\/#\\\/schema\\\/logo\\\/image\\\/\"},\"sameAs\":[\"https:\\\/\\\/www.facebook.com\\\/CubaLlama\",\"https:\\\/\\\/x.com\\\/cuballama\",\"https:\\\/\\\/www.instagram.com\\\/stories\\\/cuballama_oficial\\\/\",\"https:\\\/\\\/www.youtube.com\\\/channel\\\/UCKkFE-d_axENGZcrc4as0IA\"]},{\"@type\":\"Person\",\"@id\":\"https:\\\/\\\/www.cuballama.com\\\/noticias\\\/#\\\/schema\\\/person\\\/a58502ed4146c8e9f83872e897c76cd2\",\"name\":\"Roberto A.\",\"description\":\"Roberto A. Periodista por decisi\u00f3n propia. Interesado en cualquier tema que me apasione y cada vez m\u00e1s comprometido con la verdad y la objetividad period\u00edstica. Graduado en La Habana hace ya muchos a\u00f1os, luego de una accidentada y polvorienta b\u00fasqueda de informaci\u00f3n sobre un tema in\u00e9dito. La Tesis, por cierto, desapareci\u00f3 de la biblioteca y no se conservan copias de la misma.\",\"url\":\"https:\\\/\\\/www.cuballama.com\\\/noticias\\\/author\\\/roberto\\\/\"}]}<\/script>\n<!-- \/ Yoast SEO plugin. -->","yoast_head_json":{"title":"Viral: \"Que me parta un rayo antes que pedirte nada\", dice esta cubana. Segundos despu\u00e9s, \u00a1pidi\u00f3 una motorina! - Cuballama Noticias","description":"Un audio viral expone el mito del dinero f\u00e1cil fuera de Cuba y la presi\u00f3n sobre emigrados que deben \u201cresolver\u201d por los de la isla.","robots":{"index":"index","follow":"follow","max-snippet":"max-snippet:-1","max-image-preview":"max-image-preview:large","max-video-preview":"max-video-preview:-1"},"canonical":"https:\/\/www.cuballama.com\/noticias\/viral-que-me-parta-un-rayo-antes-que-pedirte-nada-dice-esta-cubana-segundos-despues-pidio-una-motorina\/","og_locale":"es_ES","og_type":"article","og_title":"Viral: \"Que me parta un rayo antes que pedirte nada\", dice esta cubana. Segundos despu\u00e9s, \u00a1pidi\u00f3 una motorina! - Cuballama Noticias","og_description":"Un audio viral expone el mito del dinero f\u00e1cil fuera de Cuba y la presi\u00f3n sobre emigrados que deben \u201cresolver\u201d por los de la isla.","og_url":"https:\/\/www.cuballama.com\/noticias\/viral-que-me-parta-un-rayo-antes-que-pedirte-nada-dice-esta-cubana-segundos-despues-pidio-una-motorina\/","og_site_name":"Cuballama Noticias","article_publisher":"https:\/\/www.facebook.com\/CubaLlama","article_published_time":"2026-01-22T14:28:19+00:00","article_modified_time":"2026-01-22T14:28:21+00:00","og_image":[{"width":1024,"height":536,"url":"https:\/\/cdn1.mediawpaccore.net\/wp-content\/uploads\/2026\/01\/22073609\/image-114-1024x536.png","type":"image\/png"}],"author":"Roberto A.","twitter_card":"summary_large_image","twitter_creator":"@cuballama","twitter_site":"@cuballama","twitter_misc":{"Escrito por":"Roberto A."},"schema":{"@context":"https:\/\/schema.org","@graph":[{"@type":"Article","@id":"https:\/\/www.cuballama.com\/noticias\/viral-que-me-parta-un-rayo-antes-que-pedirte-nada-dice-esta-cubana-segundos-despues-pidio-una-motorina\/#article","isPartOf":{"@id":"https:\/\/www.cuballama.com\/noticias\/viral-que-me-parta-un-rayo-antes-que-pedirte-nada-dice-esta-cubana-segundos-despues-pidio-una-motorina\/"},"author":{"name":"Roberto A.","@id":"https:\/\/www.cuballama.com\/noticias\/#\/schema\/person\/a58502ed4146c8e9f83872e897c76cd2"},"headline":"Viral: \u00abQue me parta un rayo antes que pedirte nada\u00bb, dice esta cubana. Segundos despu\u00e9s, \u00a1pidi\u00f3 una motorina!","datePublished":"2026-01-22T14:28:19+00:00","dateModified":"2026-01-22T14:28:21+00:00","mainEntityOfPage":{"@id":"https:\/\/www.cuballama.com\/noticias\/viral-que-me-parta-un-rayo-antes-que-pedirte-nada-dice-esta-cubana-segundos-despues-pidio-una-motorina\/"},"wordCount":1479,"commentCount":0,"publisher":{"@id":"https:\/\/www.cuballama.com\/noticias\/#organization"},"image":{"@id":"https:\/\/www.cuballama.com\/noticias\/viral-que-me-parta-un-rayo-antes-que-pedirte-nada-dice-esta-cubana-segundos-despues-pidio-una-motorina\/#primaryimage"},"thumbnailUrl":"https:\/\/cdn1.mediawpaccore.net\/wp-content\/uploads\/2026\/01\/22073609\/image-114.png","keywords":["audio viral","crisis econ\u00f3mica","Cuba","Di\u00e1spora","Exilio Cubano","expectativas","migraci\u00f3n","Remesas","TikTok"],"articleSection":["Opini\u00f3n"],"inLanguage":"es","potentialAction":[{"@type":"CommentAction","name":"Comment","target":["https:\/\/www.cuballama.com\/noticias\/viral-que-me-parta-un-rayo-antes-que-pedirte-nada-dice-esta-cubana-segundos-despues-pidio-una-motorina\/#respond"]}]},{"@type":"WebPage","@id":"https:\/\/www.cuballama.com\/noticias\/viral-que-me-parta-un-rayo-antes-que-pedirte-nada-dice-esta-cubana-segundos-despues-pidio-una-motorina\/","url":"https:\/\/www.cuballama.com\/noticias\/viral-que-me-parta-un-rayo-antes-que-pedirte-nada-dice-esta-cubana-segundos-despues-pidio-una-motorina\/","name":"Viral: \"Que me parta un rayo antes que pedirte nada\", dice esta cubana. Segundos despu\u00e9s, \u00a1pidi\u00f3 una motorina! - Cuballama Noticias","isPartOf":{"@id":"https:\/\/www.cuballama.com\/noticias\/#website"},"primaryImageOfPage":{"@id":"https:\/\/www.cuballama.com\/noticias\/viral-que-me-parta-un-rayo-antes-que-pedirte-nada-dice-esta-cubana-segundos-despues-pidio-una-motorina\/#primaryimage"},"image":{"@id":"https:\/\/www.cuballama.com\/noticias\/viral-que-me-parta-un-rayo-antes-que-pedirte-nada-dice-esta-cubana-segundos-despues-pidio-una-motorina\/#primaryimage"},"thumbnailUrl":"https:\/\/cdn1.mediawpaccore.net\/wp-content\/uploads\/2026\/01\/22073609\/image-114.png","datePublished":"2026-01-22T14:28:19+00:00","dateModified":"2026-01-22T14:28:21+00:00","description":"Un audio viral expone el mito del dinero f\u00e1cil fuera de Cuba y la presi\u00f3n sobre emigrados que deben \u201cresolver\u201d por los de la isla.","breadcrumb":{"@id":"https:\/\/www.cuballama.com\/noticias\/viral-que-me-parta-un-rayo-antes-que-pedirte-nada-dice-esta-cubana-segundos-despues-pidio-una-motorina\/#breadcrumb"},"inLanguage":"es","potentialAction":[{"@type":"ReadAction","target":["https:\/\/www.cuballama.com\/noticias\/viral-que-me-parta-un-rayo-antes-que-pedirte-nada-dice-esta-cubana-segundos-despues-pidio-una-motorina\/"]}]},{"@type":"ImageObject","inLanguage":"es","@id":"https:\/\/www.cuballama.com\/noticias\/viral-que-me-parta-un-rayo-antes-que-pedirte-nada-dice-esta-cubana-segundos-despues-pidio-una-motorina\/#primaryimage","url":"https:\/\/cdn1.mediawpaccore.net\/wp-content\/uploads\/2026\/01\/22073609\/image-114.png","contentUrl":"https:\/\/cdn1.mediawpaccore.net\/wp-content\/uploads\/2026\/01\/22073609\/image-114.png","width":1974,"height":1034,"caption":"Cubana le pide a otra que le mande una motorina y le dice: yo s\u00e9 que t\u00fa ganas como 6 mil al mes. Foto: Generada con la IA"},{"@type":"BreadcrumbList","@id":"https:\/\/www.cuballama.com\/noticias\/viral-que-me-parta-un-rayo-antes-que-pedirte-nada-dice-esta-cubana-segundos-despues-pidio-una-motorina\/#breadcrumb","itemListElement":[{"@type":"ListItem","position":1,"name":"Home","item":"https:\/\/www.cuballama.com\/noticias\/"},{"@type":"ListItem","position":2,"name":"Viral: \u00abQue me parta un rayo antes que pedirte nada\u00bb, dice esta cubana. Segundos despu\u00e9s, \u00a1pidi\u00f3 una motorina!"}]},{"@type":"WebSite","@id":"https:\/\/www.cuballama.com\/noticias\/#website","url":"https:\/\/www.cuballama.com\/noticias\/","name":"Cuballama Noticias","description":"Medio digital sobre Cuba y el mundo","publisher":{"@id":"https:\/\/www.cuballama.com\/noticias\/#organization"},"potentialAction":[{"@type":"SearchAction","target":{"@type":"EntryPoint","urlTemplate":"https:\/\/www.cuballama.com\/noticias\/?s={search_term_string}"},"query-input":{"@type":"PropertyValueSpecification","valueRequired":true,"valueName":"search_term_string"}}],"inLanguage":"es"},{"@type":"Organization","@id":"https:\/\/www.cuballama.com\/noticias\/#organization","name":"Cuballama","url":"https:\/\/www.cuballama.com\/noticias\/","logo":{"@type":"ImageObject","inLanguage":"es","@id":"https:\/\/www.cuballama.com\/noticias\/#\/schema\/logo\/image\/","url":"https:\/\/cdn1.mediawpaccore.net\/wp-content\/uploads\/2021\/12\/28171206\/cbll-logo-color-sm.png","contentUrl":"https:\/\/cdn1.mediawpaccore.net\/wp-content\/uploads\/2021\/12\/28171206\/cbll-logo-color-sm.png","width":600,"height":133,"caption":"Cuballama"},"image":{"@id":"https:\/\/www.cuballama.com\/noticias\/#\/schema\/logo\/image\/"},"sameAs":["https:\/\/www.facebook.com\/CubaLlama","https:\/\/x.com\/cuballama","https:\/\/www.instagram.com\/stories\/cuballama_oficial\/","https:\/\/www.youtube.com\/channel\/UCKkFE-d_axENGZcrc4as0IA"]},{"@type":"Person","@id":"https:\/\/www.cuballama.com\/noticias\/#\/schema\/person\/a58502ed4146c8e9f83872e897c76cd2","name":"Roberto A.","description":"Roberto A. Periodista por decisi\u00f3n propia. Interesado en cualquier tema que me apasione y cada vez m\u00e1s comprometido con la verdad y la objetividad period\u00edstica. Graduado en La Habana hace ya muchos a\u00f1os, luego de una accidentada y polvorienta b\u00fasqueda de informaci\u00f3n sobre un tema in\u00e9dito. La Tesis, por cierto, desapareci\u00f3 de la biblioteca y no se conservan copias de la misma.","url":"https:\/\/www.cuballama.com\/noticias\/author\/roberto\/"}]}},"_links":{"self":[{"href":"https:\/\/www.cuballama.com\/noticias\/wp-json\/wp\/v2\/posts\/233020","targetHints":{"allow":["GET"]}}],"collection":[{"href":"https:\/\/www.cuballama.com\/noticias\/wp-json\/wp\/v2\/posts"}],"about":[{"href":"https:\/\/www.cuballama.com\/noticias\/wp-json\/wp\/v2\/types\/post"}],"author":[{"embeddable":true,"href":"https:\/\/www.cuballama.com\/noticias\/wp-json\/wp\/v2\/users\/13"}],"replies":[{"embeddable":true,"href":"https:\/\/www.cuballama.com\/noticias\/wp-json\/wp\/v2\/comments?post=233020"}],"version-history":[{"count":5,"href":"https:\/\/www.cuballama.com\/noticias\/wp-json\/wp\/v2\/posts\/233020\/revisions"}],"predecessor-version":[{"id":233026,"href":"https:\/\/www.cuballama.com\/noticias\/wp-json\/wp\/v2\/posts\/233020\/revisions\/233026"}],"wp:featuredmedia":[{"embeddable":true,"href":"https:\/\/www.cuballama.com\/noticias\/wp-json\/wp\/v2\/media\/233024"}],"wp:attachment":[{"href":"https:\/\/www.cuballama.com\/noticias\/wp-json\/wp\/v2\/media?parent=233020"}],"wp:term":[{"taxonomy":"category","embeddable":true,"href":"https:\/\/www.cuballama.com\/noticias\/wp-json\/wp\/v2\/categories?post=233020"},{"taxonomy":"post_tag","embeddable":true,"href":"https:\/\/www.cuballama.com\/noticias\/wp-json\/wp\/v2\/tags?post=233020"}],"curies":[{"name":"wp","href":"https:\/\/api.w.org\/{rel}","templated":true}]}}