{"id":233000,"date":"2026-01-22T09:26:51","date_gmt":"2026-01-22T14:26:51","guid":{"rendered":"https:\/\/www.cuballama.com\/noticias\/?p=233000"},"modified":"2026-01-22T09:26:53","modified_gmt":"2026-01-22T14:26:53","slug":"final-feliz-boro-el-perro-que-buscaba-toda-espana-es-encontrado-y-devuelto-a-su-familia","status":"publish","type":"post","link":"https:\/\/www.cuballama.com\/noticias\/final-feliz-boro-el-perro-que-buscaba-toda-espana-es-encontrado-y-devuelto-a-su-familia\/","title":{"rendered":"\u00a1Final feliz! Boro, el perro que buscaba toda Espa\u00f1a es encontrado y devuelto a su familia"},"content":{"rendered":"\n<p>Boro, el perro cuya desaparici\u00f3n tras el accidente ferroviario de Adamuz (C\u00f3rdoba) hab\u00eda movilizado a voluntarios, protectoras y cuerpos de seguridad en una b\u00fasqueda seguida en toda Espa\u00f1a, ha sido localizado y devuelto a su familia este jueves 22 de enero, despu\u00e9s de varios d\u00edas de rastreos y avisos en la zona. <\/p>\n\n\n\n<p>La historia se volvi\u00f3 viral por el llamamiento p\u00fablico de Ana Garc\u00eda, una joven malague\u00f1a que viajaba en el tren siniestrado junto a su hermana Raquel y su mascota. Tras el impacto, Boro sali\u00f3 corriendo asustado y se perdi\u00f3 en los alrededores de Adamuz, mientras Ana resultaba herida y su hermana quedaba ingresada en estado grave. Desde entonces, la prioridad emocional de la familia fue encontrar al animal, al que describen como parte de su casa y un apoyo clave en medio de la angustia por la evoluci\u00f3n m\u00e9dica de Raquel.<\/p>\n\n\n\n<p>En los d\u00edas siguientes, la b\u00fasqueda se organiz\u00f3 a pie y por sectores, con carteles repartidos por el pueblo y batidas en caminos y fincas. Participaron agentes del Seprona y se sumaron efectivos y personal de emergencias forestales, adem\u00e1s de particulares que acudieron tras ver la petici\u00f3n en redes sociales. En ese contexto circularon tambi\u00e9n rumores y v\u00eddeos atribuidos al rescate, algunos desmentidos por quienes coordinaban la localizaci\u00f3n, lo que oblig\u00f3 a concentrar la informaci\u00f3n \u00fatil en avistamientos confirmados y en recomendaciones para no asustar al animal.<\/p>\n\n\n\n<p>El mi\u00e9rcoles 21 de enero se produjo un punto de inflexi\u00f3n cuando fue visto en una finca, aunque volvi\u00f3 a escapar al notar gente cerca. Ya este jueves, con un operativo m\u00e1s afinado y la colaboraci\u00f3n de personas sobre el terreno, Boro pudo ser finalmente asegurado y puesto a salvo, confirm\u00e1ndose que estaba vivo y en condiciones de regresar con los suyos. La noticia del reencuentro corri\u00f3 tan r\u00e1pido como la b\u00fasqueda: esta vez, con fotos y mensajes que ya no ped\u00edan ayuda, sino que daban las gracias.<\/p>\n\n\n\n<p>Diarios espa\u00f1oles como El Pa\u00eds, 20 Minutos y Cadena Ser, dieron a conocer la gran noticia, cada uno con sus particularidades y detalles.<\/p>\n\n\n\n<p><em><a href=\"https:\/\/elpais.com\/espana\/2026-01-22\/boro-el-perro-desaparecido-en-adamuz-vuelve-a-casa.html\" target=\"_blank\" rel=\"noreferrer noopener nofollow\">El Pa\u00eds<\/a><\/em> public\u00f3 una <strong><a href=\"https:\/\/imagenes.elpais.com\/resizer\/v2\/7YJBM66PMZAOPIOA24ZVNU6HZU.jpg?auth=68d28f2fd5f381eefbe1b8c20d7c9f57139c9ab939233dd9e7c47613d31b21c4&amp;width=1200\" target=\"_blank\" rel=\"noreferrer noopener nofollow\">foto de la mascota (familia) junto a Ana Garc\u00eda dentro de un aut<\/a><\/strong>o. Ana es la hermana de la due\u00f1a del animal, actualmente ingresada en una Unidad de Cuidados Intensivos, y fue la joven que en cadena nacional lanz\u00f3 el llamado para su b\u00fasqueda. Otras fotos fueron divulgadas por Servicio de Extinci\u00f3n de Incendios Forestales de Andaluc\u00eda, INFOCA, cuyos miembros fueron los que encontraron el animal.<\/p>\n\n\n\n<figure class=\"wp-block-embed is-type-rich is-provider-twitter wp-block-embed-twitter\"><div class=\"wp-block-embed__wrapper\">\n<blockquote class=\"twitter-tweet\" data-width=\"550\" data-dnt=\"true\"><p lang=\"es\" dir=\"ltr\"><a href=\"https:\/\/twitter.com\/hashtag\/FinalFeliz?src=hash&amp;ref_src=twsrc%5Etfw\">#FinalFeliz<\/a> | A esta hora de la ma\u00f1ana, compartimos una buena noticia: Boro, el perro extraviado ha sido hallado por un grupo de <a href=\"https:\/\/twitter.com\/hashtag\/BomberosForestales?src=hash&amp;ref_src=twsrc%5Etfw\">#BomberosForestales<\/a> de <a href=\"https:\/\/twitter.com\/hashtag\/EMAINFOCA?src=hash&amp;ref_src=twsrc%5Etfw\">#EMAINFOCA<\/a> <a href=\"https:\/\/twitter.com\/hashtag\/AccidenteFerroviarioAdamuz?src=hash&amp;ref_src=twsrc%5Etfw\">#AccidenteFerroviarioAdamuz<\/a> <a href=\"https:\/\/t.co\/fzVGa4zlaW\">pic.twitter.com\/fzVGa4zlaW<\/a><\/p>&mdash; EMA INFOCA (@Plan_INFOCA) <a href=\"https:\/\/twitter.com\/Plan_INFOCA\/status\/2014271697415766332?ref_src=twsrc%5Etfw\">January 22, 2026<\/a><\/blockquote><script async src=\"https:\/\/platform.twitter.com\/widgets.js\" charset=\"utf-8\"><\/script>\n<\/div><\/figure>\n\n\n\n<p>\u201cDesde ayer sab\u00edamos la zona donde pod\u00eda estar y hoy por fin hemos podido dar con \u00e9l y que venga con nosotros\u201d para posteriormente entregarlo a su familia, ha explicado uno de los bomberos voluntarios que particip\u00f3 en la captura del animal, quien al parecer esta vez decidi\u00f3 no huir, como hab\u00eda hecho el d\u00eda anterior.<\/p>\n\n\n\n<p>\u00abHa sido una gesti\u00f3n brutal. Todos los que han venido desde Madrid, Barcelona, gente con drones, polic\u00edas en su tiempo libre&#8230; Voluntarios hemos estado igual 200 personas\u00bb, ha dicho Ana Granados, una de las voluntarias que han buscando durante d\u00edas al perro, en declaraciones a los medios de comunicaci\u00f3n, recoge <a href=\"https:\/\/cadenaser.com\/nacional\/2026\/01\/22\/rescatan-al-perro-boro-desaparecido-en-el-accidente-de-trenes-de-adamuz-despues-de-dias-de-busqueda-cadena-ser\/\" target=\"_blank\" rel=\"noreferrer noopener nofollow\">Cadena Ser<\/a>.<\/p>\n\n\n\n<p><a href=\"https:\/\/www.20minutos.es\/andalucia\/cordoba\/rescatan-sano-salvo-boro-perro-desaparecido-accidente-adamuz-que-ya-esta-junto-su-familia_6924434_0.html\" target=\"_blank\" rel=\"noreferrer noopener nofollow\">20 Minutos <\/a>public\u00f3 una <a href=\"https:\/\/imagenes.20minutos.es\/files\/image_990_556\/uploads\/imagenes\/2026\/01\/22\/6971f63fc19356-54492076.jpeg\" target=\"_blank\" rel=\"noreferrer noopener nofollow\">foto del grupo que particip\u00f3 en la captura de Boro<\/a>; y lo que es m\u00e1s conmovedor a\u00fan: un <a href=\"https:\/\/www.instagram.com\/reel\/DTzwkhjjmlY\/\" target=\"_blank\" rel=\"noreferrer noopener\">video<\/a> del momento en el que Boro es entregado a Ana. <\/p>\n\n\n\n<blockquote class=\"instagram-media\" data-instgrm-captioned data-instgrm-permalink=\"https:\/\/www.instagram.com\/reel\/DTzwkhjjmlY\/?utm_source=ig_embed&amp;utm_campaign=loading\" data-instgrm-version=\"14\" style=\" background:#FFF; border:0; border-radius:3px; box-shadow:0 0 1px 0 rgba(0,0,0,0.5),0 1px 10px 0 rgba(0,0,0,0.15); margin: 1px; max-width:540px; min-width:326px; padding:0; width:99.375%; width:-webkit-calc(100% - 2px); width:calc(100% - 2px);\"><div style=\"padding:16px;\"> <a href=\"https:\/\/www.instagram.com\/reel\/DTzwkhjjmlY\/?utm_source=ig_embed&amp;utm_campaign=loading\" style=\" background:#FFFFFF; line-height:0; padding:0 0; text-align:center; text-decoration:none; width:100%;\" target=\"_blank\"> <div style=\" display: flex; flex-direction: row; align-items: center;\"> <div style=\"background-color: #F4F4F4; border-radius: 50%; flex-grow: 0; height: 40px; margin-right: 14px; width: 40px;\"><\/div> <div style=\"display: flex; flex-direction: column; flex-grow: 1; justify-content: center;\"> <div style=\" background-color: #F4F4F4; border-radius: 4px; flex-grow: 0; height: 14px; margin-bottom: 6px; width: 100px;\"><\/div> <div style=\" background-color: #F4F4F4; border-radius: 4px; flex-grow: 0; height: 14px; width: 60px;\"><\/div><\/div><\/div><div style=\"padding: 19% 0;\"><\/div> <div style=\"display:block; height:50px; margin:0 auto 12px; width:50px;\"><svg width=\"50px\" height=\"50px\" viewBox=\"0 0 60 60\" version=\"1.1\" xmlns=\"https:\/\/www.w3.org\/2000\/svg\" xmlns:xlink=\"https:\/\/www.w3.org\/1999\/xlink\"><g stroke=\"none\" stroke-width=\"1\" fill=\"none\" fill-rule=\"evenodd\"><g transform=\"translate(-511.000000, -20.000000)\" fill=\"#000000\"><g><path d=\"M556.869,30.41 C554.814,30.41 553.148,32.076 553.148,34.131 C553.148,36.186 554.814,37.852 556.869,37.852 C558.924,37.852 560.59,36.186 560.59,34.131 C560.59,32.076 558.924,30.41 556.869,30.41 M541,60.657 C535.114,60.657 530.342,55.887 530.342,50 C530.342,44.114 535.114,39.342 541,39.342 C546.887,39.342 551.658,44.114 551.658,50 C551.658,55.887 546.887,60.657 541,60.657 M541,33.886 C532.1,33.886 524.886,41.1 524.886,50 C524.886,58.899 532.1,66.113 541,66.113 C549.9,66.113 557.115,58.899 557.115,50 C557.115,41.1 549.9,33.886 541,33.886 M565.378,62.101 C565.244,65.022 564.756,66.606 564.346,67.663 C563.803,69.06 563.154,70.057 562.106,71.106 C561.058,72.155 560.06,72.803 558.662,73.347 C557.607,73.757 556.021,74.244 553.102,74.378 C549.944,74.521 548.997,74.552 541,74.552 C533.003,74.552 532.056,74.521 528.898,74.378 C525.979,74.244 524.393,73.757 523.338,73.347 C521.94,72.803 520.942,72.155 519.894,71.106 C518.846,70.057 518.197,69.06 517.654,67.663 C517.244,66.606 516.755,65.022 516.623,62.101 C516.479,58.943 516.448,57.996 516.448,50 C516.448,42.003 516.479,41.056 516.623,37.899 C516.755,34.978 517.244,33.391 517.654,32.338 C518.197,30.938 518.846,29.942 519.894,28.894 C520.942,27.846 521.94,27.196 523.338,26.654 C524.393,26.244 525.979,25.756 528.898,25.623 C532.057,25.479 533.004,25.448 541,25.448 C548.997,25.448 549.943,25.479 553.102,25.623 C556.021,25.756 557.607,26.244 558.662,26.654 C560.06,27.196 561.058,27.846 562.106,28.894 C563.154,29.942 563.803,30.938 564.346,32.338 C564.756,33.391 565.244,34.978 565.378,37.899 C565.522,41.056 565.552,42.003 565.552,50 C565.552,57.996 565.522,58.943 565.378,62.101 M570.82,37.631 C570.674,34.438 570.167,32.258 569.425,30.349 C568.659,28.377 567.633,26.702 565.965,25.035 C564.297,23.368 562.623,22.342 560.652,21.575 C558.743,20.834 556.562,20.326 553.369,20.18 C550.169,20.033 549.148,20 541,20 C532.853,20 531.831,20.033 528.631,20.18 C525.438,20.326 523.257,20.834 521.349,21.575 C519.376,22.342 517.703,23.368 516.035,25.035 C514.368,26.702 513.342,28.377 512.574,30.349 C511.834,32.258 511.326,34.438 511.181,37.631 C511.035,40.831 511,41.851 511,50 C511,58.147 511.035,59.17 511.181,62.369 C511.326,65.562 511.834,67.743 512.574,69.651 C513.342,71.625 514.368,73.296 516.035,74.965 C517.703,76.634 519.376,77.658 521.349,78.425 C523.257,79.167 525.438,79.673 528.631,79.82 C531.831,79.965 532.853,80.001 541,80.001 C549.148,80.001 550.169,79.965 553.369,79.82 C556.562,79.673 558.743,79.167 560.652,78.425 C562.623,77.658 564.297,76.634 565.965,74.965 C567.633,73.296 568.659,71.625 569.425,69.651 C570.167,67.743 570.674,65.562 570.82,62.369 C570.966,59.17 571,58.147 571,50 C571,41.851 570.966,40.831 570.82,37.631\"><\/path><\/g><\/g><\/g><\/svg><\/div><div style=\"padding-top: 8px;\"> <div style=\" color:#3897f0; font-family:Arial,sans-serif; font-size:14px; font-style:normal; font-weight:550; line-height:18px;\">View this post on Instagram<\/div><\/div><div style=\"padding: 12.5% 0;\"><\/div> <div style=\"display: flex; flex-direction: row; margin-bottom: 14px; align-items: center;\"><div> <div style=\"background-color: #F4F4F4; border-radius: 50%; height: 12.5px; width: 12.5px; transform: translateX(0px) translateY(7px);\"><\/div> <div style=\"background-color: #F4F4F4; height: 12.5px; transform: rotate(-45deg) translateX(3px) translateY(1px); width: 12.5px; flex-grow: 0; margin-right: 14px; margin-left: 2px;\"><\/div> <div style=\"background-color: #F4F4F4; border-radius: 50%; height: 12.5px; width: 12.5px; transform: translateX(9px) translateY(-18px);\"><\/div><\/div><div style=\"margin-left: 8px;\"> <div style=\" background-color: #F4F4F4; border-radius: 50%; flex-grow: 0; height: 20px; width: 20px;\"><\/div> <div style=\" width: 0; height: 0; border-top: 2px solid transparent; border-left: 6px solid #f4f4f4; border-bottom: 2px solid transparent; transform: translateX(16px) translateY(-4px) rotate(30deg)\"><\/div><\/div><div style=\"margin-left: auto;\"> <div style=\" width: 0px; border-top: 8px solid #F4F4F4; border-right: 8px solid transparent; transform: translateY(16px);\"><\/div> <div style=\" background-color: #F4F4F4; flex-grow: 0; height: 12px; width: 16px; transform: translateY(-4px);\"><\/div> <div style=\" width: 0; height: 0; border-top: 8px solid #F4F4F4; border-left: 8px solid transparent; transform: translateY(-4px) translateX(8px);\"><\/div><\/div><\/div> <div style=\"display: flex; flex-direction: column; flex-grow: 1; justify-content: center; margin-bottom: 24px;\"> <div style=\" background-color: #F4F4F4; border-radius: 4px; flex-grow: 0; height: 14px; margin-bottom: 6px; width: 224px;\"><\/div> <div style=\" background-color: #F4F4F4; border-radius: 4px; flex-grow: 0; height: 14px; width: 144px;\"><\/div><\/div><\/a><p style=\" color:#c9c8cd; font-family:Arial,sans-serif; font-size:14px; line-height:17px; margin-bottom:0; margin-top:8px; overflow:hidden; padding:8px 0 7px; text-align:center; text-overflow:ellipsis; white-space:nowrap;\"><a href=\"https:\/\/www.instagram.com\/reel\/DTzwkhjjmlY\/?utm_source=ig_embed&amp;utm_campaign=loading\" style=\" color:#c9c8cd; font-family:Arial,sans-serif; font-size:14px; font-style:normal; font-weight:normal; line-height:17px; text-decoration:none;\" target=\"_blank\">A post shared by 20minutos (@20m)<\/a><\/p><\/div><\/blockquote>\n<script async src=\"\/\/www.instagram.com\/embed.js\"><\/script>\n\n\n\n<p>As\u00ed tambi\u00e9n lo hicieron quienes participaron en la b\u00fasqueda, voluntarios, animalistas, expertos, gente com\u00fan. Y periodistas.<\/p>\n\n\n\n<figure class=\"wp-block-embed is-type-rich is-provider-twitter wp-block-embed-twitter\"><div class=\"wp-block-embed__wrapper\">\n<blockquote class=\"twitter-tweet\" data-width=\"550\" data-dnt=\"true\"><p lang=\"es\" dir=\"ltr\">\ud83d\udd34 <a href=\"https:\/\/twitter.com\/hashtag\/Boro?src=hash&amp;ref_src=twsrc%5Etfw\">#Boro<\/a>, el perro desaparecido tras el accidente de tren de Adamuz (C\u00f3rdoba), se re\u00fane finalmente con su due\u00f1a<br><br>\u25aa\ufe0fEl animal hab\u00eda permanecido desaparecido varios d\u00edas hasta ser avistado en varias ocasiones por vecinos y agentes<br><br>\ud83d\udcf9 Nicol\u00e1s Rivas <a href=\"https:\/\/t.co\/zM1mzedrF0\">pic.twitter.com\/zM1mzedrF0<\/a><\/p>&mdash; Dra.Isa Aranjuez (@IsaAranjuez) <a href=\"https:\/\/twitter.com\/IsaAranjuez\/status\/2014284300657532944?ref_src=twsrc%5Etfw\">January 22, 2026<\/a><\/blockquote><script async src=\"https:\/\/platform.twitter.com\/widgets.js\" charset=\"utf-8\"><\/script>\n<\/div><\/figure>\n\n\n\n<p>Tribu Animalista Ubuntu, tal vez el grupo de voluntarios que con m\u00e1s denuedo se enfoc\u00f3 en la b\u00fasqueda de la mascota expres\u00f3 en redes sociales.<\/p>\n\n\n\n<p><em>\u00abComo voluntarios y activistas, hoy estamos profundamente felices. No solo porque Boro ha vuelto con su familia, sino porque entre todas y todos hemos logrado algo que hasta ahora no ten\u00eda precedentes: movilizar a cientos de personas, dispositivos de b\u00fasqueda y equipos voluntarios para rescatar a un ser sintiente, a un miembro de una familia, a un animal que tambi\u00e9n era v\u00edctima de una tragedia.<br>Nada de esto habr\u00eda sido posible sin vosotras y vosotros. Sin cada persona que camin\u00f3, rastre\u00f3, observ\u00f3, llam\u00f3, comparti\u00f3, sostuvo y confi\u00f3. Los voluntarios fueron los primeros en responder al llamado de Ana, y desde ese primer momento todo se fue tejiendo paso a paso hasta hacer posible que Boro volviera a casa. Con esto nos quedamos. Vendr\u00e1n los agradecimientos, porque hay mucho que agradecer. Pero ahora mismo no hay palabras suficientes. Solo emoci\u00f3n, alivio y gratitud inmensa. Quer\u00edamos que fuerais los primeros en saberlo. Gracias.<br>Gracias por tanto. \ud83d\udc3e\ud83e\udd0d<a href=\"https:\/\/www.instagram.com\/tribuanimalistaubuntu\/\">@tribuanimalistaubuntu<\/a>\u00ab<\/em><\/p>\n\n\n\n<blockquote class=\"instagram-media\" data-instgrm-captioned data-instgrm-permalink=\"https:\/\/www.instagram.com\/p\/DTzwZIbDS5-\/?utm_source=ig_embed&amp;utm_campaign=loading\" data-instgrm-version=\"14\" style=\" background:#FFF; border:0; border-radius:3px; box-shadow:0 0 1px 0 rgba(0,0,0,0.5),0 1px 10px 0 rgba(0,0,0,0.15); margin: 1px; max-width:540px; min-width:326px; padding:0; width:99.375%; width:-webkit-calc(100% - 2px); width:calc(100% - 2px);\"><div style=\"padding:16px;\"> <a href=\"https:\/\/www.instagram.com\/p\/DTzwZIbDS5-\/?utm_source=ig_embed&amp;utm_campaign=loading\" style=\" background:#FFFFFF; line-height:0; padding:0 0; text-align:center; text-decoration:none; width:100%;\" target=\"_blank\"> <div style=\" display: flex; flex-direction: row; align-items: center;\"> <div style=\"background-color: #F4F4F4; border-radius: 50%; flex-grow: 0; height: 40px; margin-right: 14px; width: 40px;\"><\/div> <div style=\"display: flex; flex-direction: column; flex-grow: 1; justify-content: center;\"> <div style=\" background-color: #F4F4F4; border-radius: 4px; flex-grow: 0; height: 14px; margin-bottom: 6px; width: 100px;\"><\/div> <div style=\" background-color: #F4F4F4; border-radius: 4px; flex-grow: 0; height: 14px; width: 60px;\"><\/div><\/div><\/div><div style=\"padding: 19% 0;\"><\/div> <div style=\"display:block; height:50px; margin:0 auto 12px; width:50px;\"><svg width=\"50px\" height=\"50px\" viewBox=\"0 0 60 60\" version=\"1.1\" xmlns=\"https:\/\/www.w3.org\/2000\/svg\" xmlns:xlink=\"https:\/\/www.w3.org\/1999\/xlink\"><g stroke=\"none\" stroke-width=\"1\" fill=\"none\" fill-rule=\"evenodd\"><g transform=\"translate(-511.000000, -20.000000)\" fill=\"#000000\"><g><path d=\"M556.869,30.41 C554.814,30.41 553.148,32.076 553.148,34.131 C553.148,36.186 554.814,37.852 556.869,37.852 C558.924,37.852 560.59,36.186 560.59,34.131 C560.59,32.076 558.924,30.41 556.869,30.41 M541,60.657 C535.114,60.657 530.342,55.887 530.342,50 C530.342,44.114 535.114,39.342 541,39.342 C546.887,39.342 551.658,44.114 551.658,50 C551.658,55.887 546.887,60.657 541,60.657 M541,33.886 C532.1,33.886 524.886,41.1 524.886,50 C524.886,58.899 532.1,66.113 541,66.113 C549.9,66.113 557.115,58.899 557.115,50 C557.115,41.1 549.9,33.886 541,33.886 M565.378,62.101 C565.244,65.022 564.756,66.606 564.346,67.663 C563.803,69.06 563.154,70.057 562.106,71.106 C561.058,72.155 560.06,72.803 558.662,73.347 C557.607,73.757 556.021,74.244 553.102,74.378 C549.944,74.521 548.997,74.552 541,74.552 C533.003,74.552 532.056,74.521 528.898,74.378 C525.979,74.244 524.393,73.757 523.338,73.347 C521.94,72.803 520.942,72.155 519.894,71.106 C518.846,70.057 518.197,69.06 517.654,67.663 C517.244,66.606 516.755,65.022 516.623,62.101 C516.479,58.943 516.448,57.996 516.448,50 C516.448,42.003 516.479,41.056 516.623,37.899 C516.755,34.978 517.244,33.391 517.654,32.338 C518.197,30.938 518.846,29.942 519.894,28.894 C520.942,27.846 521.94,27.196 523.338,26.654 C524.393,26.244 525.979,25.756 528.898,25.623 C532.057,25.479 533.004,25.448 541,25.448 C548.997,25.448 549.943,25.479 553.102,25.623 C556.021,25.756 557.607,26.244 558.662,26.654 C560.06,27.196 561.058,27.846 562.106,28.894 C563.154,29.942 563.803,30.938 564.346,32.338 C564.756,33.391 565.244,34.978 565.378,37.899 C565.522,41.056 565.552,42.003 565.552,50 C565.552,57.996 565.522,58.943 565.378,62.101 M570.82,37.631 C570.674,34.438 570.167,32.258 569.425,30.349 C568.659,28.377 567.633,26.702 565.965,25.035 C564.297,23.368 562.623,22.342 560.652,21.575 C558.743,20.834 556.562,20.326 553.369,20.18 C550.169,20.033 549.148,20 541,20 C532.853,20 531.831,20.033 528.631,20.18 C525.438,20.326 523.257,20.834 521.349,21.575 C519.376,22.342 517.703,23.368 516.035,25.035 C514.368,26.702 513.342,28.377 512.574,30.349 C511.834,32.258 511.326,34.438 511.181,37.631 C511.035,40.831 511,41.851 511,50 C511,58.147 511.035,59.17 511.181,62.369 C511.326,65.562 511.834,67.743 512.574,69.651 C513.342,71.625 514.368,73.296 516.035,74.965 C517.703,76.634 519.376,77.658 521.349,78.425 C523.257,79.167 525.438,79.673 528.631,79.82 C531.831,79.965 532.853,80.001 541,80.001 C549.148,80.001 550.169,79.965 553.369,79.82 C556.562,79.673 558.743,79.167 560.652,78.425 C562.623,77.658 564.297,76.634 565.965,74.965 C567.633,73.296 568.659,71.625 569.425,69.651 C570.167,67.743 570.674,65.562 570.82,62.369 C570.966,59.17 571,58.147 571,50 C571,41.851 570.966,40.831 570.82,37.631\"><\/path><\/g><\/g><\/g><\/svg><\/div><div style=\"padding-top: 8px;\"> <div style=\" color:#3897f0; font-family:Arial,sans-serif; font-size:14px; font-style:normal; font-weight:550; line-height:18px;\">View this post on Instagram<\/div><\/div><div style=\"padding: 12.5% 0;\"><\/div> <div style=\"display: flex; flex-direction: row; margin-bottom: 14px; align-items: center;\"><div> <div style=\"background-color: #F4F4F4; border-radius: 50%; height: 12.5px; width: 12.5px; transform: translateX(0px) translateY(7px);\"><\/div> <div style=\"background-color: #F4F4F4; height: 12.5px; transform: rotate(-45deg) translateX(3px) translateY(1px); width: 12.5px; flex-grow: 0; margin-right: 14px; margin-left: 2px;\"><\/div> <div style=\"background-color: #F4F4F4; border-radius: 50%; height: 12.5px; width: 12.5px; transform: translateX(9px) translateY(-18px);\"><\/div><\/div><div style=\"margin-left: 8px;\"> <div style=\" background-color: #F4F4F4; border-radius: 50%; flex-grow: 0; height: 20px; width: 20px;\"><\/div> <div style=\" width: 0; height: 0; border-top: 2px solid transparent; border-left: 6px solid #f4f4f4; border-bottom: 2px solid transparent; transform: translateX(16px) translateY(-4px) rotate(30deg)\"><\/div><\/div><div style=\"margin-left: auto;\"> <div style=\" width: 0px; border-top: 8px solid #F4F4F4; border-right: 8px solid transparent; transform: translateY(16px);\"><\/div> <div style=\" background-color: #F4F4F4; flex-grow: 0; height: 12px; width: 16px; transform: translateY(-4px);\"><\/div> <div style=\" width: 0; height: 0; border-top: 8px solid #F4F4F4; border-left: 8px solid transparent; transform: translateY(-4px) translateX(8px);\"><\/div><\/div><\/div> <div style=\"display: flex; flex-direction: column; flex-grow: 1; justify-content: center; margin-bottom: 24px;\"> <div style=\" background-color: #F4F4F4; border-radius: 4px; flex-grow: 0; height: 14px; margin-bottom: 6px; width: 224px;\"><\/div> <div style=\" background-color: #F4F4F4; border-radius: 4px; flex-grow: 0; height: 14px; width: 144px;\"><\/div><\/div><\/a><p style=\" color:#c9c8cd; font-family:Arial,sans-serif; font-size:14px; line-height:17px; margin-bottom:0; margin-top:8px; overflow:hidden; padding:8px 0 7px; text-align:center; text-overflow:ellipsis; white-space:nowrap;\"><a href=\"https:\/\/www.instagram.com\/p\/DTzwZIbDS5-\/?utm_source=ig_embed&amp;utm_campaign=loading\" style=\" color:#c9c8cd; font-family:Arial,sans-serif; font-size:14px; font-style:normal; font-weight:normal; line-height:17px; text-decoration:none;\" target=\"_blank\">A post shared by TAU| Activismo animal (@tribuanimalistaubuntu)<\/a><\/p><\/div><\/blockquote>\n<script async src=\"\/\/www.instagram.com\/embed.js\"><\/script>\n\n\n\n<p>Por su parte, Andrea Arias, amiga de la familia, quien tambi\u00e9n estaba participando de la b\u00fasqueda del can, expres\u00f3:<\/p>\n\n\n\n<figure class=\"wp-block-gallery has-nested-images columns-default is-cropped wp-block-gallery-1 is-layout-flex wp-block-gallery-is-layout-flex\">\n<figure class=\"wp-block-image size-large\"><img loading=\"lazy\" decoding=\"async\" width=\"576\" height=\"1024\" data-id=\"233004\" src=\"https:\/\/cdn1.mediawpaccore.net\/wp-content\/uploads\/2026\/01\/22060233\/619870277_18573742414056615_8555821213686878638_n-576x1024.jpg\" alt=\"\" class=\"wp-image-233004\" srcset=\"https:\/\/cdn1.mediawpaccore.net\/wp-content\/uploads\/2026\/01\/22060233\/619870277_18573742414056615_8555821213686878638_n-576x1024.jpg 576w, https:\/\/cdn1.mediawpaccore.net\/wp-content\/uploads\/2026\/01\/22060233\/619870277_18573742414056615_8555821213686878638_n-169x300.jpg 169w, https:\/\/cdn1.mediawpaccore.net\/wp-content\/uploads\/2026\/01\/22060233\/619870277_18573742414056615_8555821213686878638_n-768x1365.jpg 768w, https:\/\/cdn1.mediawpaccore.net\/wp-content\/uploads\/2026\/01\/22060233\/619870277_18573742414056615_8555821213686878638_n-236x420.jpg 236w, https:\/\/cdn1.mediawpaccore.net\/wp-content\/uploads\/2026\/01\/22060233\/619870277_18573742414056615_8555821213686878638_n-150x267.jpg 150w, https:\/\/cdn1.mediawpaccore.net\/wp-content\/uploads\/2026\/01\/22060233\/619870277_18573742414056615_8555821213686878638_n-300x533.jpg 300w, https:\/\/cdn1.mediawpaccore.net\/wp-content\/uploads\/2026\/01\/22060233\/619870277_18573742414056615_8555821213686878638_n-696x1237.jpg 696w, https:\/\/cdn1.mediawpaccore.net\/wp-content\/uploads\/2026\/01\/22060233\/619870277_18573742414056615_8555821213686878638_n.jpg 828w\" sizes=\"auto, (max-width: 576px) 100vw, 576px\" \/><\/figure>\n<\/figure>\n","protected":false},"excerpt":{"rendered":"<p>La historia se volvi\u00f3 viral por el llamamiento p\u00fablico de Ana Garc\u00eda, una joven malague\u00f1a que viajaba en el tren siniestrado junto a su hermana Raquel y su mascota. Tras el impacto, Boro sali\u00f3 corriendo asustado y se perdi\u00f3 en los alrededores de Adamuz, mientras Ana resultaba herida y su hermana quedaba ingresada en estado grave. Desde entonces, la prioridad emocional de la familia fue encontrar al animal, al que describen como parte de su casa y un apoyo clave en medio de la angustia por la evoluci\u00f3n m\u00e9dica de Raquel.<\/p>\n","protected":false},"author":13,"featured_media":233002,"comment_status":"open","ping_status":"closed","sticky":false,"template":"","format":"standard","meta":{"_acf_changed":false,"footnotes":""},"categories":[18,957,965],"tags":[30112,30070,30118,30069,272,1080,594],"class_list":{"0":"post-233000","1":"post","2":"type-post","3":"status-publish","4":"format-standard","5":"has-post-thumbnail","7":"category-noticias","8":"category-noticias-internacionales","10":"tag-accidente-ferroviario-espana","11":"tag-adamuz","12":"tag-boro","14":"tag-espana","15":"tag-mascotas","16":"tag-perros"},"acf":[],"yoast_head":"<!-- This site is optimized with the Yoast SEO plugin v27.4 - https:\/\/yoast.com\/product\/yoast-seo-wordpress\/ -->\n<title>\u00a1Final feliz! Boro, el perro que buscaba toda Espa\u00f1a es encontrado y devuelto a su familia - Cuballama Noticias<\/title>\n<meta name=\"description\" content=\"Boro ha sido finalmente encontrado, capturado y devuelto a su familia. Desde el lunes lo estaban buscando en zona de accidente ferroviario\" \/>\n<meta name=\"robots\" content=\"index, follow, max-snippet:-1, max-image-preview:large, max-video-preview:-1\" \/>\n<link rel=\"canonical\" href=\"https:\/\/www.cuballama.com\/noticias\/final-feliz-boro-el-perro-que-buscaba-toda-espana-es-encontrado-y-devuelto-a-su-familia\/\" \/>\n<meta property=\"og:locale\" content=\"es_ES\" \/>\n<meta property=\"og:type\" content=\"article\" \/>\n<meta property=\"og:title\" content=\"\u00a1Final feliz! Boro, el perro que buscaba toda Espa\u00f1a es encontrado y devuelto a su familia - Cuballama Noticias\" \/>\n<meta property=\"og:description\" content=\"Boro ha sido finalmente encontrado, capturado y devuelto a su familia. Desde el lunes lo estaban buscando en zona de accidente ferroviario\" \/>\n<meta property=\"og:url\" content=\"https:\/\/www.cuballama.com\/noticias\/final-feliz-boro-el-perro-que-buscaba-toda-espana-es-encontrado-y-devuelto-a-su-familia\/\" \/>\n<meta property=\"og:site_name\" content=\"Cuballama Noticias\" \/>\n<meta property=\"article:publisher\" content=\"https:\/\/www.facebook.com\/CubaLlama\" \/>\n<meta property=\"article:published_time\" content=\"2026-01-22T14:26:51+00:00\" \/>\n<meta property=\"article:modified_time\" content=\"2026-01-22T14:26:53+00:00\" \/>\n<meta property=\"og:image\" content=\"https:\/\/cdn1.mediawpaccore.net\/wp-content\/uploads\/2026\/01\/22055801\/Screenshot-2026-01-22-113817.png\" \/>\n\t<meta property=\"og:image:width\" content=\"1457\" \/>\n\t<meta property=\"og:image:height\" content=\"821\" \/>\n\t<meta property=\"og:image:type\" content=\"image\/png\" \/>\n<meta name=\"author\" content=\"Roberto A.\" \/>\n<meta name=\"twitter:card\" content=\"summary_large_image\" \/>\n<meta name=\"twitter:creator\" content=\"@cuballama\" \/>\n<meta name=\"twitter:site\" content=\"@cuballama\" \/>\n<meta name=\"twitter:label1\" content=\"Escrito por\" \/>\n\t<meta name=\"twitter:data1\" content=\"Roberto A.\" \/>\n\t<meta name=\"twitter:label2\" content=\"Tiempo de lectura\" \/>\n\t<meta name=\"twitter:data2\" content=\"4 minutos\" \/>\n<script type=\"application\/ld+json\" class=\"yoast-schema-graph\">{\"@context\":\"https:\\\/\\\/schema.org\",\"@graph\":[{\"@type\":\"Article\",\"@id\":\"https:\\\/\\\/www.cuballama.com\\\/noticias\\\/final-feliz-boro-el-perro-que-buscaba-toda-espana-es-encontrado-y-devuelto-a-su-familia\\\/#article\",\"isPartOf\":{\"@id\":\"https:\\\/\\\/www.cuballama.com\\\/noticias\\\/final-feliz-boro-el-perro-que-buscaba-toda-espana-es-encontrado-y-devuelto-a-su-familia\\\/\"},\"author\":{\"name\":\"Roberto A.\",\"@id\":\"https:\\\/\\\/www.cuballama.com\\\/noticias\\\/#\\\/schema\\\/person\\\/a58502ed4146c8e9f83872e897c76cd2\"},\"headline\":\"\u00a1Final feliz! Boro, el perro que buscaba toda Espa\u00f1a es encontrado y devuelto a su familia\",\"datePublished\":\"2026-01-22T14:26:51+00:00\",\"dateModified\":\"2026-01-22T14:26:53+00:00\",\"mainEntityOfPage\":{\"@id\":\"https:\\\/\\\/www.cuballama.com\\\/noticias\\\/final-feliz-boro-el-perro-que-buscaba-toda-espana-es-encontrado-y-devuelto-a-su-familia\\\/\"},\"wordCount\":912,\"commentCount\":0,\"publisher\":{\"@id\":\"https:\\\/\\\/www.cuballama.com\\\/noticias\\\/#organization\"},\"image\":{\"@id\":\"https:\\\/\\\/www.cuballama.com\\\/noticias\\\/final-feliz-boro-el-perro-que-buscaba-toda-espana-es-encontrado-y-devuelto-a-su-familia\\\/#primaryimage\"},\"thumbnailUrl\":\"https:\\\/\\\/cdn1.mediawpaccore.net\\\/wp-content\\\/uploads\\\/2026\\\/01\\\/22055801\\\/Screenshot-2026-01-22-113817.png\",\"keywords\":[\"accidente ferroviario Espa\u00f1a\",\"Adamuz\",\"Boro\",\"C\u00f3rdoba\",\"espa\u00f1a\",\"mascotas\",\"perros\"],\"articleSection\":[\"Noticias\",\"Noticias Internacionales\",\"Viral\"],\"inLanguage\":\"es\",\"potentialAction\":[{\"@type\":\"CommentAction\",\"name\":\"Comment\",\"target\":[\"https:\\\/\\\/www.cuballama.com\\\/noticias\\\/final-feliz-boro-el-perro-que-buscaba-toda-espana-es-encontrado-y-devuelto-a-su-familia\\\/#respond\"]}]},{\"@type\":\"WebPage\",\"@id\":\"https:\\\/\\\/www.cuballama.com\\\/noticias\\\/final-feliz-boro-el-perro-que-buscaba-toda-espana-es-encontrado-y-devuelto-a-su-familia\\\/\",\"url\":\"https:\\\/\\\/www.cuballama.com\\\/noticias\\\/final-feliz-boro-el-perro-que-buscaba-toda-espana-es-encontrado-y-devuelto-a-su-familia\\\/\",\"name\":\"\u00a1Final feliz! Boro, el perro que buscaba toda Espa\u00f1a es encontrado y devuelto a su familia - Cuballama Noticias\",\"isPartOf\":{\"@id\":\"https:\\\/\\\/www.cuballama.com\\\/noticias\\\/#website\"},\"primaryImageOfPage\":{\"@id\":\"https:\\\/\\\/www.cuballama.com\\\/noticias\\\/final-feliz-boro-el-perro-que-buscaba-toda-espana-es-encontrado-y-devuelto-a-su-familia\\\/#primaryimage\"},\"image\":{\"@id\":\"https:\\\/\\\/www.cuballama.com\\\/noticias\\\/final-feliz-boro-el-perro-que-buscaba-toda-espana-es-encontrado-y-devuelto-a-su-familia\\\/#primaryimage\"},\"thumbnailUrl\":\"https:\\\/\\\/cdn1.mediawpaccore.net\\\/wp-content\\\/uploads\\\/2026\\\/01\\\/22055801\\\/Screenshot-2026-01-22-113817.png\",\"datePublished\":\"2026-01-22T14:26:51+00:00\",\"dateModified\":\"2026-01-22T14:26:53+00:00\",\"description\":\"Boro ha sido finalmente encontrado, capturado y devuelto a su familia. Desde el lunes lo estaban buscando en zona de accidente ferroviario\",\"breadcrumb\":{\"@id\":\"https:\\\/\\\/www.cuballama.com\\\/noticias\\\/final-feliz-boro-el-perro-que-buscaba-toda-espana-es-encontrado-y-devuelto-a-su-familia\\\/#breadcrumb\"},\"inLanguage\":\"es\",\"potentialAction\":[{\"@type\":\"ReadAction\",\"target\":[\"https:\\\/\\\/www.cuballama.com\\\/noticias\\\/final-feliz-boro-el-perro-que-buscaba-toda-espana-es-encontrado-y-devuelto-a-su-familia\\\/\"]}]},{\"@type\":\"ImageObject\",\"inLanguage\":\"es\",\"@id\":\"https:\\\/\\\/www.cuballama.com\\\/noticias\\\/final-feliz-boro-el-perro-que-buscaba-toda-espana-es-encontrado-y-devuelto-a-su-familia\\\/#primaryimage\",\"url\":\"https:\\\/\\\/cdn1.mediawpaccore.net\\\/wp-content\\\/uploads\\\/2026\\\/01\\\/22055801\\\/Screenshot-2026-01-22-113817.png\",\"contentUrl\":\"https:\\\/\\\/cdn1.mediawpaccore.net\\\/wp-content\\\/uploads\\\/2026\\\/01\\\/22055801\\\/Screenshot-2026-01-22-113817.png\",\"width\":1457,\"height\":821,\"caption\":\"Foto v\u00eda: https:\\\/\\\/x.com\\\/Plan_INFOCA\"},{\"@type\":\"BreadcrumbList\",\"@id\":\"https:\\\/\\\/www.cuballama.com\\\/noticias\\\/final-feliz-boro-el-perro-que-buscaba-toda-espana-es-encontrado-y-devuelto-a-su-familia\\\/#breadcrumb\",\"itemListElement\":[{\"@type\":\"ListItem\",\"position\":1,\"name\":\"Home\",\"item\":\"https:\\\/\\\/www.cuballama.com\\\/noticias\\\/\"},{\"@type\":\"ListItem\",\"position\":2,\"name\":\"\u00a1Final feliz! Boro, el perro que buscaba toda Espa\u00f1a es encontrado y devuelto a su familia\"}]},{\"@type\":\"WebSite\",\"@id\":\"https:\\\/\\\/www.cuballama.com\\\/noticias\\\/#website\",\"url\":\"https:\\\/\\\/www.cuballama.com\\\/noticias\\\/\",\"name\":\"Cuballama Noticias\",\"description\":\"Medio digital sobre Cuba y el mundo\",\"publisher\":{\"@id\":\"https:\\\/\\\/www.cuballama.com\\\/noticias\\\/#organization\"},\"potentialAction\":[{\"@type\":\"SearchAction\",\"target\":{\"@type\":\"EntryPoint\",\"urlTemplate\":\"https:\\\/\\\/www.cuballama.com\\\/noticias\\\/?s={search_term_string}\"},\"query-input\":{\"@type\":\"PropertyValueSpecification\",\"valueRequired\":true,\"valueName\":\"search_term_string\"}}],\"inLanguage\":\"es\"},{\"@type\":\"Organization\",\"@id\":\"https:\\\/\\\/www.cuballama.com\\\/noticias\\\/#organization\",\"name\":\"Cuballama\",\"url\":\"https:\\\/\\\/www.cuballama.com\\\/noticias\\\/\",\"logo\":{\"@type\":\"ImageObject\",\"inLanguage\":\"es\",\"@id\":\"https:\\\/\\\/www.cuballama.com\\\/noticias\\\/#\\\/schema\\\/logo\\\/image\\\/\",\"url\":\"https:\\\/\\\/cdn1.mediawpaccore.net\\\/wp-content\\\/uploads\\\/2021\\\/12\\\/28171206\\\/cbll-logo-color-sm.png\",\"contentUrl\":\"https:\\\/\\\/cdn1.mediawpaccore.net\\\/wp-content\\\/uploads\\\/2021\\\/12\\\/28171206\\\/cbll-logo-color-sm.png\",\"width\":600,\"height\":133,\"caption\":\"Cuballama\"},\"image\":{\"@id\":\"https:\\\/\\\/www.cuballama.com\\\/noticias\\\/#\\\/schema\\\/logo\\\/image\\\/\"},\"sameAs\":[\"https:\\\/\\\/www.facebook.com\\\/CubaLlama\",\"https:\\\/\\\/x.com\\\/cuballama\",\"https:\\\/\\\/www.instagram.com\\\/stories\\\/cuballama_oficial\\\/\",\"https:\\\/\\\/www.youtube.com\\\/channel\\\/UCKkFE-d_axENGZcrc4as0IA\"]},{\"@type\":\"Person\",\"@id\":\"https:\\\/\\\/www.cuballama.com\\\/noticias\\\/#\\\/schema\\\/person\\\/a58502ed4146c8e9f83872e897c76cd2\",\"name\":\"Roberto A.\",\"description\":\"Roberto A. Periodista por decisi\u00f3n propia. Interesado en cualquier tema que me apasione y cada vez m\u00e1s comprometido con la verdad y la objetividad period\u00edstica. Graduado en La Habana hace ya muchos a\u00f1os, luego de una accidentada y polvorienta b\u00fasqueda de informaci\u00f3n sobre un tema in\u00e9dito. La Tesis, por cierto, desapareci\u00f3 de la biblioteca y no se conservan copias de la misma.\",\"url\":\"https:\\\/\\\/www.cuballama.com\\\/noticias\\\/author\\\/roberto\\\/\"}]}<\/script>\n<!-- \/ Yoast SEO plugin. -->","yoast_head_json":{"title":"\u00a1Final feliz! Boro, el perro que buscaba toda Espa\u00f1a es encontrado y devuelto a su familia - Cuballama Noticias","description":"Boro ha sido finalmente encontrado, capturado y devuelto a su familia. Desde el lunes lo estaban buscando en zona de accidente ferroviario","robots":{"index":"index","follow":"follow","max-snippet":"max-snippet:-1","max-image-preview":"max-image-preview:large","max-video-preview":"max-video-preview:-1"},"canonical":"https:\/\/www.cuballama.com\/noticias\/final-feliz-boro-el-perro-que-buscaba-toda-espana-es-encontrado-y-devuelto-a-su-familia\/","og_locale":"es_ES","og_type":"article","og_title":"\u00a1Final feliz! Boro, el perro que buscaba toda Espa\u00f1a es encontrado y devuelto a su familia - Cuballama Noticias","og_description":"Boro ha sido finalmente encontrado, capturado y devuelto a su familia. Desde el lunes lo estaban buscando en zona de accidente ferroviario","og_url":"https:\/\/www.cuballama.com\/noticias\/final-feliz-boro-el-perro-que-buscaba-toda-espana-es-encontrado-y-devuelto-a-su-familia\/","og_site_name":"Cuballama Noticias","article_publisher":"https:\/\/www.facebook.com\/CubaLlama","article_published_time":"2026-01-22T14:26:51+00:00","article_modified_time":"2026-01-22T14:26:53+00:00","og_image":[{"width":1457,"height":821,"url":"https:\/\/cdn1.mediawpaccore.net\/wp-content\/uploads\/2026\/01\/22055801\/Screenshot-2026-01-22-113817.png","type":"image\/png"}],"author":"Roberto A.","twitter_card":"summary_large_image","twitter_creator":"@cuballama","twitter_site":"@cuballama","twitter_misc":{"Escrito por":"Roberto A.","Tiempo de lectura":"4 minutos"},"schema":{"@context":"https:\/\/schema.org","@graph":[{"@type":"Article","@id":"https:\/\/www.cuballama.com\/noticias\/final-feliz-boro-el-perro-que-buscaba-toda-espana-es-encontrado-y-devuelto-a-su-familia\/#article","isPartOf":{"@id":"https:\/\/www.cuballama.com\/noticias\/final-feliz-boro-el-perro-que-buscaba-toda-espana-es-encontrado-y-devuelto-a-su-familia\/"},"author":{"name":"Roberto A.","@id":"https:\/\/www.cuballama.com\/noticias\/#\/schema\/person\/a58502ed4146c8e9f83872e897c76cd2"},"headline":"\u00a1Final feliz! Boro, el perro que buscaba toda Espa\u00f1a es encontrado y devuelto a su familia","datePublished":"2026-01-22T14:26:51+00:00","dateModified":"2026-01-22T14:26:53+00:00","mainEntityOfPage":{"@id":"https:\/\/www.cuballama.com\/noticias\/final-feliz-boro-el-perro-que-buscaba-toda-espana-es-encontrado-y-devuelto-a-su-familia\/"},"wordCount":912,"commentCount":0,"publisher":{"@id":"https:\/\/www.cuballama.com\/noticias\/#organization"},"image":{"@id":"https:\/\/www.cuballama.com\/noticias\/final-feliz-boro-el-perro-que-buscaba-toda-espana-es-encontrado-y-devuelto-a-su-familia\/#primaryimage"},"thumbnailUrl":"https:\/\/cdn1.mediawpaccore.net\/wp-content\/uploads\/2026\/01\/22055801\/Screenshot-2026-01-22-113817.png","keywords":["accidente ferroviario Espa\u00f1a","Adamuz","Boro","C\u00f3rdoba","espa\u00f1a","mascotas","perros"],"articleSection":["Noticias","Noticias Internacionales","Viral"],"inLanguage":"es","potentialAction":[{"@type":"CommentAction","name":"Comment","target":["https:\/\/www.cuballama.com\/noticias\/final-feliz-boro-el-perro-que-buscaba-toda-espana-es-encontrado-y-devuelto-a-su-familia\/#respond"]}]},{"@type":"WebPage","@id":"https:\/\/www.cuballama.com\/noticias\/final-feliz-boro-el-perro-que-buscaba-toda-espana-es-encontrado-y-devuelto-a-su-familia\/","url":"https:\/\/www.cuballama.com\/noticias\/final-feliz-boro-el-perro-que-buscaba-toda-espana-es-encontrado-y-devuelto-a-su-familia\/","name":"\u00a1Final feliz! Boro, el perro que buscaba toda Espa\u00f1a es encontrado y devuelto a su familia - Cuballama Noticias","isPartOf":{"@id":"https:\/\/www.cuballama.com\/noticias\/#website"},"primaryImageOfPage":{"@id":"https:\/\/www.cuballama.com\/noticias\/final-feliz-boro-el-perro-que-buscaba-toda-espana-es-encontrado-y-devuelto-a-su-familia\/#primaryimage"},"image":{"@id":"https:\/\/www.cuballama.com\/noticias\/final-feliz-boro-el-perro-que-buscaba-toda-espana-es-encontrado-y-devuelto-a-su-familia\/#primaryimage"},"thumbnailUrl":"https:\/\/cdn1.mediawpaccore.net\/wp-content\/uploads\/2026\/01\/22055801\/Screenshot-2026-01-22-113817.png","datePublished":"2026-01-22T14:26:51+00:00","dateModified":"2026-01-22T14:26:53+00:00","description":"Boro ha sido finalmente encontrado, capturado y devuelto a su familia. Desde el lunes lo estaban buscando en zona de accidente ferroviario","breadcrumb":{"@id":"https:\/\/www.cuballama.com\/noticias\/final-feliz-boro-el-perro-que-buscaba-toda-espana-es-encontrado-y-devuelto-a-su-familia\/#breadcrumb"},"inLanguage":"es","potentialAction":[{"@type":"ReadAction","target":["https:\/\/www.cuballama.com\/noticias\/final-feliz-boro-el-perro-que-buscaba-toda-espana-es-encontrado-y-devuelto-a-su-familia\/"]}]},{"@type":"ImageObject","inLanguage":"es","@id":"https:\/\/www.cuballama.com\/noticias\/final-feliz-boro-el-perro-que-buscaba-toda-espana-es-encontrado-y-devuelto-a-su-familia\/#primaryimage","url":"https:\/\/cdn1.mediawpaccore.net\/wp-content\/uploads\/2026\/01\/22055801\/Screenshot-2026-01-22-113817.png","contentUrl":"https:\/\/cdn1.mediawpaccore.net\/wp-content\/uploads\/2026\/01\/22055801\/Screenshot-2026-01-22-113817.png","width":1457,"height":821,"caption":"Foto v\u00eda: https:\/\/x.com\/Plan_INFOCA"},{"@type":"BreadcrumbList","@id":"https:\/\/www.cuballama.com\/noticias\/final-feliz-boro-el-perro-que-buscaba-toda-espana-es-encontrado-y-devuelto-a-su-familia\/#breadcrumb","itemListElement":[{"@type":"ListItem","position":1,"name":"Home","item":"https:\/\/www.cuballama.com\/noticias\/"},{"@type":"ListItem","position":2,"name":"\u00a1Final feliz! Boro, el perro que buscaba toda Espa\u00f1a es encontrado y devuelto a su familia"}]},{"@type":"WebSite","@id":"https:\/\/www.cuballama.com\/noticias\/#website","url":"https:\/\/www.cuballama.com\/noticias\/","name":"Cuballama Noticias","description":"Medio digital sobre Cuba y el mundo","publisher":{"@id":"https:\/\/www.cuballama.com\/noticias\/#organization"},"potentialAction":[{"@type":"SearchAction","target":{"@type":"EntryPoint","urlTemplate":"https:\/\/www.cuballama.com\/noticias\/?s={search_term_string}"},"query-input":{"@type":"PropertyValueSpecification","valueRequired":true,"valueName":"search_term_string"}}],"inLanguage":"es"},{"@type":"Organization","@id":"https:\/\/www.cuballama.com\/noticias\/#organization","name":"Cuballama","url":"https:\/\/www.cuballama.com\/noticias\/","logo":{"@type":"ImageObject","inLanguage":"es","@id":"https:\/\/www.cuballama.com\/noticias\/#\/schema\/logo\/image\/","url":"https:\/\/cdn1.mediawpaccore.net\/wp-content\/uploads\/2021\/12\/28171206\/cbll-logo-color-sm.png","contentUrl":"https:\/\/cdn1.mediawpaccore.net\/wp-content\/uploads\/2021\/12\/28171206\/cbll-logo-color-sm.png","width":600,"height":133,"caption":"Cuballama"},"image":{"@id":"https:\/\/www.cuballama.com\/noticias\/#\/schema\/logo\/image\/"},"sameAs":["https:\/\/www.facebook.com\/CubaLlama","https:\/\/x.com\/cuballama","https:\/\/www.instagram.com\/stories\/cuballama_oficial\/","https:\/\/www.youtube.com\/channel\/UCKkFE-d_axENGZcrc4as0IA"]},{"@type":"Person","@id":"https:\/\/www.cuballama.com\/noticias\/#\/schema\/person\/a58502ed4146c8e9f83872e897c76cd2","name":"Roberto A.","description":"Roberto A. Periodista por decisi\u00f3n propia. Interesado en cualquier tema que me apasione y cada vez m\u00e1s comprometido con la verdad y la objetividad period\u00edstica. Graduado en La Habana hace ya muchos a\u00f1os, luego de una accidentada y polvorienta b\u00fasqueda de informaci\u00f3n sobre un tema in\u00e9dito. La Tesis, por cierto, desapareci\u00f3 de la biblioteca y no se conservan copias de la misma.","url":"https:\/\/www.cuballama.com\/noticias\/author\/roberto\/"}]}},"_links":{"self":[{"href":"https:\/\/www.cuballama.com\/noticias\/wp-json\/wp\/v2\/posts\/233000","targetHints":{"allow":["GET"]}}],"collection":[{"href":"https:\/\/www.cuballama.com\/noticias\/wp-json\/wp\/v2\/posts"}],"about":[{"href":"https:\/\/www.cuballama.com\/noticias\/wp-json\/wp\/v2\/types\/post"}],"author":[{"embeddable":true,"href":"https:\/\/www.cuballama.com\/noticias\/wp-json\/wp\/v2\/users\/13"}],"replies":[{"embeddable":true,"href":"https:\/\/www.cuballama.com\/noticias\/wp-json\/wp\/v2\/comments?post=233000"}],"version-history":[{"count":5,"href":"https:\/\/www.cuballama.com\/noticias\/wp-json\/wp\/v2\/posts\/233000\/revisions"}],"predecessor-version":[{"id":233010,"href":"https:\/\/www.cuballama.com\/noticias\/wp-json\/wp\/v2\/posts\/233000\/revisions\/233010"}],"wp:featuredmedia":[{"embeddable":true,"href":"https:\/\/www.cuballama.com\/noticias\/wp-json\/wp\/v2\/media\/233002"}],"wp:attachment":[{"href":"https:\/\/www.cuballama.com\/noticias\/wp-json\/wp\/v2\/media?parent=233000"}],"wp:term":[{"taxonomy":"category","embeddable":true,"href":"https:\/\/www.cuballama.com\/noticias\/wp-json\/wp\/v2\/categories?post=233000"},{"taxonomy":"post_tag","embeddable":true,"href":"https:\/\/www.cuballama.com\/noticias\/wp-json\/wp\/v2\/tags?post=233000"}],"curies":[{"name":"wp","href":"https:\/\/api.w.org\/{rel}","templated":true}]}}