{"id":232978,"date":"2026-01-22T10:04:54","date_gmt":"2026-01-22T15:04:54","guid":{"rendered":"https:\/\/www.cuballama.com\/noticias\/?p=232978"},"modified":"2026-01-22T10:04:57","modified_gmt":"2026-01-22T15:04:57","slug":"autopsia-confirma-como-asesinato-la-muerte-del-cubano-geraldo-lunas-campos-detenido-por-ice-en-el-paso-texas","status":"publish","type":"post","link":"https:\/\/www.cuballama.com\/noticias\/autopsia-confirma-como-asesinato-la-muerte-del-cubano-geraldo-lunas-campos-detenido-por-ice-en-el-paso-texas\/","title":{"rendered":"Autopsia confirma como asesinato la muerte del cubano Geraldo Lunas Campos, detenido por ICE en El Paso, Texas"},"content":{"rendered":"\n<p>La muerte de Geraldo Lunas Campos, un cubano de 55 a\u00f1os detenido por ICE, ya no se investiga como un episodio confuso dentro de un centro de detenci\u00f3n: la autopsia del condado de El Paso la clasifica como homicidio. El informe del m\u00e9dico forense concluye que Lunas Campos muri\u00f3 por asfixia provocada por compresi\u00f3n en el cuello y el torso, en un contexto de inmovilizaci\u00f3n f\u00edsica, y describe lesiones compatibles con forcejeo, incluidas abrasiones y hemorragias en el cuello.<\/p>\n\n\n\n<p>Lunas Campos falleci\u00f3 el 3 de enero de 2026 en Camp East Montana, un complejo de carpas levantado en el desierto dentro de los terrenos de Fort Bliss, en El Paso, que ha sido se\u00f1alado en las \u00faltimas semanas por la sucesi\u00f3n de muertes bajo custodia y por la opacidad de su funcionamiento. Su caso, adem\u00e1s, qued\u00f3 atrapado desde el inicio entre versiones oficiales cambiantes y testimonios de detenidos que describen un final mucho m\u00e1s violento que el relatado por las autoridades.<\/p>\n\n\n\n<p>La <em><a href=\"https:\/\/apnews.com\/article\/ice-immigration-detention-death-texas-f04b5cb76f175255e58b947f0e14bc12\" target=\"_blank\" rel=\"noreferrer noopener nofollow\">Associated Press<\/a><\/em> recogi\u00f3 el relato de un testigo que dijo haber visto a Lunas Campos esposado mientras al menos cinco guardias lo sujetaban contra el suelo y uno de ellos le rodeaba el cuello con el brazo, apretando hasta que perdi\u00f3 el conocimiento. Esa narraci\u00f3n, muy similar a lo ocurrido en la muerte de George Floyd, y que ya hab\u00eda puesto el foco sobre la forma de la contenci\u00f3n f\u00edsica, encaja ahora con lo que sostiene el dictamen forense: que dej\u00f3 de responder mientras era restringido y que los hallazgos \u2014incluidas petequias, t\u00edpicas de muertes por asfixia en determinados contextos\u2014 apoyan ese mecanismo de muerte.<\/p>\n\n\n\n<p>La nueva conclusi\u00f3n forense contradice de manera frontal la explicaci\u00f3n p\u00fablica que el gobierno federal fue ajustando a medida que el caso ganaba atenci\u00f3n. En una primera comunicaci\u00f3n, ICE habl\u00f3 de \u201cmalestar\u201d o \u201cdistress\u201d observado en el \u00e1rea de segregaci\u00f3n, sin mencionar un enfrentamiento con guardias; d\u00edas despu\u00e9s, un portavoz del Departamento de Seguridad Nacional sostuvo que Lunas Campos habr\u00eda intentado suicidarse y que, durante el forcejeo al intervenir, dej\u00f3 de respirar. La autopsia no respalda el supuesto intento de suicidio y centra el origen de la muerte en la compresi\u00f3n ejercida por otros.<\/p>\n\n\n\n<p>El caso tambi\u00e9n vuelve a colocar el foco sobre Camp East Montana, concebido para convertirse en el mayor centro de detenci\u00f3n migratoria del pa\u00eds y operado mediante un entramado de contratistas, con preguntas abiertas sobre qui\u00e9nes eran exactamente los guardias presentes en el momento de la muerte y qu\u00e9 jurisdicci\u00f3n puede investigar a fondo un fallecimiento ocurrido dentro de una base militar. En el plano pol\u00edtico, <a href=\"https:\/\/www.washingtonpost.com\/business\/2026\/01\/21\/ice-homicide-detainee-death-autopsy\" target=\"_blank\" rel=\"noreferrer noopener nofollow\">la congresista dem\u00f3crata Veronica Escobar ha exigido preservaci\u00f3n de pruebas<\/a>, transparencia y rendici\u00f3n de cuentas, incluyendo el reclamo de que no se deporte a potenciales testigos antes de que declaren.<\/p>\n\n\n\n<p>El <em><a href=\"https:\/\/www.texastribune.org\/2026\/01\/21\/texas-el-paso-immigrant-death-ice-custody-homicide\/\" target=\"_blank\" rel=\"noreferrer noopener nofollow\">Texas Tribune <\/a><\/em>se\u00f1ala que \u00abICE ha registrado cuatro muertes en los \u00faltimos dos meses en centros de detenci\u00f3n de todo Texas, tres de ellas en Camp East Montana.\u00bb<\/p>\n\n\n\n<p>\u00abLa primera muerte en Camp East Montana ocurri\u00f3 el 3 de diciembre cuando Francisco Gaspar-Andr\u00e9s, un guatemalteco de 48 a\u00f1os, falleci\u00f3 por lo que ICE dijo en un comunicado de prensa que era insuficiencia hep\u00e1tica y renal\u00bb, y destaca que \u00abel forense de El Paso est\u00e1 investigando su muerte y hay una autopsia pendiente.\u00bb<\/p>\n\n\n\n<p>En paralelo, el propio DHS ha intentado enmarcar el caso subrayando el historial penal de Lunas Campos en Nueva York, donde registros judiciales citados por medios estadounidenses lo vinculan a condenas previas. Ese \u00e9nfasis, sin embargo, no altera el coraz\u00f3n del hallazgo forense: un detenido bajo custodia federal muri\u00f3 por asfixia durante una restricci\u00f3n f\u00edsica, y el dictamen oficial del m\u00e9dico forense lo clasifica como homicidio.<\/p>\n\n\n\n<p>La confirmaci\u00f3n forense llega, adem\u00e1s, en un momento particularmente contaminado para ICE y para su red de centros de detenci\u00f3n, con una seguidilla de denuncias por maltrato, uso de fuerza y muertes bajo custodia que se han acumulado desde finales de 2025 y que explotaron en las primeras semanas de 2026. <\/p>\n\n\n\n<p>Ese clima de sospecha no se limita a lo que ocurre \u201cdentro\u201d de los campamentos, que no son pocos y la comunidad cubana tiene un referente cercano en el mal llamado Alligator Alcatraz, donde los detenidos hasta se han sublevado. En paralelo, ICE enfrenta un costo pol\u00edtico creciente por incidentes en la calle, fuera de los centros, y el caso que m\u00e1s ha encendido el debate en enero es la muerte de Ren\u00e9e Nicole Good en Minnesota, una ciudadana estadounidense abatida por un agente federal en medio de un operativo, un episodio que deriv\u00f3 en protestas, versiones enfrentadas sobre lo ocurrido y una batalla abierta por qui\u00e9n investiga y con qu\u00e9 transparencia.<\/p>\n\n\n\n<p>El impacto fue tal que, dentro del propio Partido Dem\u00f3crata, volvi\u00f3 a activarse una discusi\u00f3n que parec\u00eda latente y que ahora reaparece con fuerza: condicionar fondos y exigir l\u00edmites operativos a ICE. <\/p>\n\n\n\n<p>En Washington, legisladores dem\u00f3cratas han amenazado con bloquear o votar contra la financiaci\u00f3n del Departamento de Seguridad Nacional si el paquete no incluye reformas y restricciones, y en Minnesota el fiscal general Keith Ellison anunci\u00f3 una demanda contra el gobierno federal para frenar el incremento de operativos y la presencia de agentes en el estado tras el caso Good. <\/p>\n\n\n\n<p>En ese contexto, el dictamen que clasifica como homicidio la muerte de un cubano bajo custodia en El Paso no entra como una noticia aislada, sino como un cap\u00edtulo m\u00e1s dentro de una crisis nacional de rendici\u00f3n de cuentas: detenci\u00f3n, uso de fuerza, versiones oficiales cambiantes y una presi\u00f3n pol\u00edtica que ya no se queda en redes, sino que se est\u00e1 traduciendo en litigios y en votos.<\/p>\n\n\n\n<p><strong>tal vez quieras leer: <a href=\"https:\/\/www.cuballama.com\/noticias\/forense-apunta-a-homicidio-en-la-muerte-de-un-cubano-bajo-custodia-de-ice-en-texas\/\">Forense apunta a homicidio en la muerte de un cubano bajo custodia de ICE en Texas<\/a><\/strong><\/p>\n","protected":false},"excerpt":{"rendered":"<p>La autopsia del condado de El Paso dictamin\u00f3 homicidio: el cubano Geraldo Lunas Campos muri\u00f3 por asfixia durante una restricci\u00f3n en un centro de ICE.<\/p>\n","protected":false},"author":13,"featured_media":232988,"comment_status":"open","ping_status":"closed","sticky":false,"template":"","format":"standard","meta":{"_acf_changed":false,"footnotes":""},"categories":[18,953],"tags":[3124,30174,26267,4152,30175,30055,15325,2978,539],"class_list":{"0":"post-232978","1":"post","2":"type-post","3":"status-publish","4":"format-standard","5":"has-post-thumbnail","7":"category-noticias","8":"category-usa","9":"tag-autopsia","10":"tag-camp-east-montana","11":"tag-detencion-migratoria","12":"tag-el-paso","13":"tag-fort-bliss","14":"tag-geraldo-lunas-campos","15":"tag-homicidio","16":"tag-ice","17":"tag-texas"},"acf":[],"yoast_head":"<!-- This site is optimized with the Yoast SEO plugin v27.4 - https:\/\/yoast.com\/product\/yoast-seo-wordpress\/ -->\n<title>Autopsia confirma como asesinato la muerte del cubano Geraldo Lunas Campos, detenido por ICE en El Paso, Texas - Cuballama Noticias<\/title>\n<meta name=\"description\" content=\"Autopsia en El Paso declara homicidio la muerte del cubano Geraldo Lunas Campos bajo custodia de ICE en Camp East Montana(TX)\" \/>\n<meta name=\"robots\" content=\"index, follow, max-snippet:-1, max-image-preview:large, max-video-preview:-1\" \/>\n<link rel=\"canonical\" href=\"https:\/\/www.cuballama.com\/noticias\/autopsia-confirma-como-asesinato-la-muerte-del-cubano-geraldo-lunas-campos-detenido-por-ice-en-el-paso-texas\/\" \/>\n<meta property=\"og:locale\" content=\"es_ES\" \/>\n<meta property=\"og:type\" content=\"article\" \/>\n<meta property=\"og:title\" content=\"Autopsia confirma como asesinato la muerte del cubano Geraldo Lunas Campos, detenido por ICE en El Paso, Texas - Cuballama Noticias\" \/>\n<meta property=\"og:description\" content=\"Autopsia en El Paso declara homicidio la muerte del cubano Geraldo Lunas Campos bajo custodia de ICE en Camp East Montana(TX)\" \/>\n<meta property=\"og:url\" content=\"https:\/\/www.cuballama.com\/noticias\/autopsia-confirma-como-asesinato-la-muerte-del-cubano-geraldo-lunas-campos-detenido-por-ice-en-el-paso-texas\/\" \/>\n<meta property=\"og:site_name\" content=\"Cuballama Noticias\" \/>\n<meta property=\"article:publisher\" content=\"https:\/\/www.facebook.com\/CubaLlama\" \/>\n<meta property=\"article:published_time\" content=\"2026-01-22T15:04:54+00:00\" \/>\n<meta property=\"article:modified_time\" content=\"2026-01-22T15:04:57+00:00\" \/>\n<meta property=\"og:image\" content=\"https:\/\/cdn1.mediawpaccore.net\/wp-content\/uploads\/2026\/01\/22051002\/image-80-1.png\" \/>\n\t<meta property=\"og:image:width\" content=\"1676\" \/>\n\t<meta property=\"og:image:height\" content=\"942\" \/>\n\t<meta property=\"og:image:type\" content=\"image\/png\" \/>\n<meta name=\"author\" content=\"Roberto A.\" \/>\n<meta name=\"twitter:card\" content=\"summary_large_image\" \/>\n<meta name=\"twitter:creator\" content=\"@cuballama\" \/>\n<meta name=\"twitter:site\" content=\"@cuballama\" \/>\n<meta name=\"twitter:label1\" content=\"Escrito por\" \/>\n\t<meta name=\"twitter:data1\" content=\"Roberto A.\" \/>\n\t<meta name=\"twitter:label2\" content=\"Tiempo de lectura\" \/>\n\t<meta name=\"twitter:data2\" content=\"1 minuto\" \/>\n<script type=\"application\/ld+json\" class=\"yoast-schema-graph\">{\"@context\":\"https:\\\/\\\/schema.org\",\"@graph\":[{\"@type\":\"Article\",\"@id\":\"https:\\\/\\\/www.cuballama.com\\\/noticias\\\/autopsia-confirma-como-asesinato-la-muerte-del-cubano-geraldo-lunas-campos-detenido-por-ice-en-el-paso-texas\\\/#article\",\"isPartOf\":{\"@id\":\"https:\\\/\\\/www.cuballama.com\\\/noticias\\\/autopsia-confirma-como-asesinato-la-muerte-del-cubano-geraldo-lunas-campos-detenido-por-ice-en-el-paso-texas\\\/\"},\"author\":{\"name\":\"Roberto A.\",\"@id\":\"https:\\\/\\\/www.cuballama.com\\\/noticias\\\/#\\\/schema\\\/person\\\/a58502ed4146c8e9f83872e897c76cd2\"},\"headline\":\"Autopsia confirma como asesinato la muerte del cubano Geraldo Lunas Campos, detenido por ICE en El Paso, Texas\",\"datePublished\":\"2026-01-22T15:04:54+00:00\",\"dateModified\":\"2026-01-22T15:04:57+00:00\",\"mainEntityOfPage\":{\"@id\":\"https:\\\/\\\/www.cuballama.com\\\/noticias\\\/autopsia-confirma-como-asesinato-la-muerte-del-cubano-geraldo-lunas-campos-detenido-por-ice-en-el-paso-texas\\\/\"},\"wordCount\":1020,\"commentCount\":0,\"publisher\":{\"@id\":\"https:\\\/\\\/www.cuballama.com\\\/noticias\\\/#organization\"},\"image\":{\"@id\":\"https:\\\/\\\/www.cuballama.com\\\/noticias\\\/autopsia-confirma-como-asesinato-la-muerte-del-cubano-geraldo-lunas-campos-detenido-por-ice-en-el-paso-texas\\\/#primaryimage\"},\"thumbnailUrl\":\"https:\\\/\\\/cdn1.mediawpaccore.net\\\/wp-content\\\/uploads\\\/2026\\\/01\\\/22051002\\\/image-80-1.png\",\"keywords\":[\"autopsia\",\"Camp East Montana\",\"detenci\u00f3n migratoria\",\"El Paso\",\"Fort Bliss\",\"Geraldo Lunas Campos\",\"Homicidio\",\"ICE\",\"Texas\"],\"articleSection\":[\"Noticias\",\"USA\"],\"inLanguage\":\"es\",\"potentialAction\":[{\"@type\":\"CommentAction\",\"name\":\"Comment\",\"target\":[\"https:\\\/\\\/www.cuballama.com\\\/noticias\\\/autopsia-confirma-como-asesinato-la-muerte-del-cubano-geraldo-lunas-campos-detenido-por-ice-en-el-paso-texas\\\/#respond\"]}]},{\"@type\":\"WebPage\",\"@id\":\"https:\\\/\\\/www.cuballama.com\\\/noticias\\\/autopsia-confirma-como-asesinato-la-muerte-del-cubano-geraldo-lunas-campos-detenido-por-ice-en-el-paso-texas\\\/\",\"url\":\"https:\\\/\\\/www.cuballama.com\\\/noticias\\\/autopsia-confirma-como-asesinato-la-muerte-del-cubano-geraldo-lunas-campos-detenido-por-ice-en-el-paso-texas\\\/\",\"name\":\"Autopsia confirma como asesinato la muerte del cubano Geraldo Lunas Campos, detenido por ICE en El Paso, Texas - Cuballama Noticias\",\"isPartOf\":{\"@id\":\"https:\\\/\\\/www.cuballama.com\\\/noticias\\\/#website\"},\"primaryImageOfPage\":{\"@id\":\"https:\\\/\\\/www.cuballama.com\\\/noticias\\\/autopsia-confirma-como-asesinato-la-muerte-del-cubano-geraldo-lunas-campos-detenido-por-ice-en-el-paso-texas\\\/#primaryimage\"},\"image\":{\"@id\":\"https:\\\/\\\/www.cuballama.com\\\/noticias\\\/autopsia-confirma-como-asesinato-la-muerte-del-cubano-geraldo-lunas-campos-detenido-por-ice-en-el-paso-texas\\\/#primaryimage\"},\"thumbnailUrl\":\"https:\\\/\\\/cdn1.mediawpaccore.net\\\/wp-content\\\/uploads\\\/2026\\\/01\\\/22051002\\\/image-80-1.png\",\"datePublished\":\"2026-01-22T15:04:54+00:00\",\"dateModified\":\"2026-01-22T15:04:57+00:00\",\"description\":\"Autopsia en El Paso declara homicidio la muerte del cubano Geraldo Lunas Campos bajo custodia de ICE en Camp East Montana(TX)\",\"breadcrumb\":{\"@id\":\"https:\\\/\\\/www.cuballama.com\\\/noticias\\\/autopsia-confirma-como-asesinato-la-muerte-del-cubano-geraldo-lunas-campos-detenido-por-ice-en-el-paso-texas\\\/#breadcrumb\"},\"inLanguage\":\"es\",\"potentialAction\":[{\"@type\":\"ReadAction\",\"target\":[\"https:\\\/\\\/www.cuballama.com\\\/noticias\\\/autopsia-confirma-como-asesinato-la-muerte-del-cubano-geraldo-lunas-campos-detenido-por-ice-en-el-paso-texas\\\/\"]}]},{\"@type\":\"ImageObject\",\"inLanguage\":\"es\",\"@id\":\"https:\\\/\\\/www.cuballama.com\\\/noticias\\\/autopsia-confirma-como-asesinato-la-muerte-del-cubano-geraldo-lunas-campos-detenido-por-ice-en-el-paso-texas\\\/#primaryimage\",\"url\":\"https:\\\/\\\/cdn1.mediawpaccore.net\\\/wp-content\\\/uploads\\\/2026\\\/01\\\/22051002\\\/image-80-1.png\",\"contentUrl\":\"https:\\\/\\\/cdn1.mediawpaccore.net\\\/wp-content\\\/uploads\\\/2026\\\/01\\\/22051002\\\/image-80-1.png\",\"width\":1676,\"height\":942,\"caption\":\"Geraldo Lunas Campos. Foto v\u00eda CBP (Servicio de Inmigraci\u00f3n y Control de Aduanas)\"},{\"@type\":\"BreadcrumbList\",\"@id\":\"https:\\\/\\\/www.cuballama.com\\\/noticias\\\/autopsia-confirma-como-asesinato-la-muerte-del-cubano-geraldo-lunas-campos-detenido-por-ice-en-el-paso-texas\\\/#breadcrumb\",\"itemListElement\":[{\"@type\":\"ListItem\",\"position\":1,\"name\":\"Home\",\"item\":\"https:\\\/\\\/www.cuballama.com\\\/noticias\\\/\"},{\"@type\":\"ListItem\",\"position\":2,\"name\":\"Autopsia confirma como asesinato la muerte del cubano Geraldo Lunas Campos, detenido por ICE en El Paso, Texas\"}]},{\"@type\":\"WebSite\",\"@id\":\"https:\\\/\\\/www.cuballama.com\\\/noticias\\\/#website\",\"url\":\"https:\\\/\\\/www.cuballama.com\\\/noticias\\\/\",\"name\":\"Cuballama Noticias\",\"description\":\"Medio digital sobre Cuba y el mundo\",\"publisher\":{\"@id\":\"https:\\\/\\\/www.cuballama.com\\\/noticias\\\/#organization\"},\"potentialAction\":[{\"@type\":\"SearchAction\",\"target\":{\"@type\":\"EntryPoint\",\"urlTemplate\":\"https:\\\/\\\/www.cuballama.com\\\/noticias\\\/?s={search_term_string}\"},\"query-input\":{\"@type\":\"PropertyValueSpecification\",\"valueRequired\":true,\"valueName\":\"search_term_string\"}}],\"inLanguage\":\"es\"},{\"@type\":\"Organization\",\"@id\":\"https:\\\/\\\/www.cuballama.com\\\/noticias\\\/#organization\",\"name\":\"Cuballama\",\"url\":\"https:\\\/\\\/www.cuballama.com\\\/noticias\\\/\",\"logo\":{\"@type\":\"ImageObject\",\"inLanguage\":\"es\",\"@id\":\"https:\\\/\\\/www.cuballama.com\\\/noticias\\\/#\\\/schema\\\/logo\\\/image\\\/\",\"url\":\"https:\\\/\\\/cdn1.mediawpaccore.net\\\/wp-content\\\/uploads\\\/2021\\\/12\\\/28171206\\\/cbll-logo-color-sm.png\",\"contentUrl\":\"https:\\\/\\\/cdn1.mediawpaccore.net\\\/wp-content\\\/uploads\\\/2021\\\/12\\\/28171206\\\/cbll-logo-color-sm.png\",\"width\":600,\"height\":133,\"caption\":\"Cuballama\"},\"image\":{\"@id\":\"https:\\\/\\\/www.cuballama.com\\\/noticias\\\/#\\\/schema\\\/logo\\\/image\\\/\"},\"sameAs\":[\"https:\\\/\\\/www.facebook.com\\\/CubaLlama\",\"https:\\\/\\\/x.com\\\/cuballama\",\"https:\\\/\\\/www.instagram.com\\\/stories\\\/cuballama_oficial\\\/\",\"https:\\\/\\\/www.youtube.com\\\/channel\\\/UCKkFE-d_axENGZcrc4as0IA\"]},{\"@type\":\"Person\",\"@id\":\"https:\\\/\\\/www.cuballama.com\\\/noticias\\\/#\\\/schema\\\/person\\\/a58502ed4146c8e9f83872e897c76cd2\",\"name\":\"Roberto A.\",\"description\":\"Roberto A. Periodista por decisi\u00f3n propia. Interesado en cualquier tema que me apasione y cada vez m\u00e1s comprometido con la verdad y la objetividad period\u00edstica. Graduado en La Habana hace ya muchos a\u00f1os, luego de una accidentada y polvorienta b\u00fasqueda de informaci\u00f3n sobre un tema in\u00e9dito. La Tesis, por cierto, desapareci\u00f3 de la biblioteca y no se conservan copias de la misma.\",\"url\":\"https:\\\/\\\/www.cuballama.com\\\/noticias\\\/author\\\/roberto\\\/\"}]}<\/script>\n<!-- \/ Yoast SEO plugin. -->","yoast_head_json":{"title":"Autopsia confirma como asesinato la muerte del cubano Geraldo Lunas Campos, detenido por ICE en El Paso, Texas - Cuballama Noticias","description":"Autopsia en El Paso declara homicidio la muerte del cubano Geraldo Lunas Campos bajo custodia de ICE en Camp East Montana(TX)","robots":{"index":"index","follow":"follow","max-snippet":"max-snippet:-1","max-image-preview":"max-image-preview:large","max-video-preview":"max-video-preview:-1"},"canonical":"https:\/\/www.cuballama.com\/noticias\/autopsia-confirma-como-asesinato-la-muerte-del-cubano-geraldo-lunas-campos-detenido-por-ice-en-el-paso-texas\/","og_locale":"es_ES","og_type":"article","og_title":"Autopsia confirma como asesinato la muerte del cubano Geraldo Lunas Campos, detenido por ICE en El Paso, Texas - Cuballama Noticias","og_description":"Autopsia en El Paso declara homicidio la muerte del cubano Geraldo Lunas Campos bajo custodia de ICE en Camp East Montana(TX)","og_url":"https:\/\/www.cuballama.com\/noticias\/autopsia-confirma-como-asesinato-la-muerte-del-cubano-geraldo-lunas-campos-detenido-por-ice-en-el-paso-texas\/","og_site_name":"Cuballama Noticias","article_publisher":"https:\/\/www.facebook.com\/CubaLlama","article_published_time":"2026-01-22T15:04:54+00:00","article_modified_time":"2026-01-22T15:04:57+00:00","og_image":[{"width":1676,"height":942,"url":"https:\/\/cdn1.mediawpaccore.net\/wp-content\/uploads\/2026\/01\/22051002\/image-80-1.png","type":"image\/png"}],"author":"Roberto A.","twitter_card":"summary_large_image","twitter_creator":"@cuballama","twitter_site":"@cuballama","twitter_misc":{"Escrito por":"Roberto A.","Tiempo de lectura":"1 minuto"},"schema":{"@context":"https:\/\/schema.org","@graph":[{"@type":"Article","@id":"https:\/\/www.cuballama.com\/noticias\/autopsia-confirma-como-asesinato-la-muerte-del-cubano-geraldo-lunas-campos-detenido-por-ice-en-el-paso-texas\/#article","isPartOf":{"@id":"https:\/\/www.cuballama.com\/noticias\/autopsia-confirma-como-asesinato-la-muerte-del-cubano-geraldo-lunas-campos-detenido-por-ice-en-el-paso-texas\/"},"author":{"name":"Roberto A.","@id":"https:\/\/www.cuballama.com\/noticias\/#\/schema\/person\/a58502ed4146c8e9f83872e897c76cd2"},"headline":"Autopsia confirma como asesinato la muerte del cubano Geraldo Lunas Campos, detenido por ICE en El Paso, Texas","datePublished":"2026-01-22T15:04:54+00:00","dateModified":"2026-01-22T15:04:57+00:00","mainEntityOfPage":{"@id":"https:\/\/www.cuballama.com\/noticias\/autopsia-confirma-como-asesinato-la-muerte-del-cubano-geraldo-lunas-campos-detenido-por-ice-en-el-paso-texas\/"},"wordCount":1020,"commentCount":0,"publisher":{"@id":"https:\/\/www.cuballama.com\/noticias\/#organization"},"image":{"@id":"https:\/\/www.cuballama.com\/noticias\/autopsia-confirma-como-asesinato-la-muerte-del-cubano-geraldo-lunas-campos-detenido-por-ice-en-el-paso-texas\/#primaryimage"},"thumbnailUrl":"https:\/\/cdn1.mediawpaccore.net\/wp-content\/uploads\/2026\/01\/22051002\/image-80-1.png","keywords":["autopsia","Camp East Montana","detenci\u00f3n migratoria","El Paso","Fort Bliss","Geraldo Lunas Campos","Homicidio","ICE","Texas"],"articleSection":["Noticias","USA"],"inLanguage":"es","potentialAction":[{"@type":"CommentAction","name":"Comment","target":["https:\/\/www.cuballama.com\/noticias\/autopsia-confirma-como-asesinato-la-muerte-del-cubano-geraldo-lunas-campos-detenido-por-ice-en-el-paso-texas\/#respond"]}]},{"@type":"WebPage","@id":"https:\/\/www.cuballama.com\/noticias\/autopsia-confirma-como-asesinato-la-muerte-del-cubano-geraldo-lunas-campos-detenido-por-ice-en-el-paso-texas\/","url":"https:\/\/www.cuballama.com\/noticias\/autopsia-confirma-como-asesinato-la-muerte-del-cubano-geraldo-lunas-campos-detenido-por-ice-en-el-paso-texas\/","name":"Autopsia confirma como asesinato la muerte del cubano Geraldo Lunas Campos, detenido por ICE en El Paso, Texas - Cuballama Noticias","isPartOf":{"@id":"https:\/\/www.cuballama.com\/noticias\/#website"},"primaryImageOfPage":{"@id":"https:\/\/www.cuballama.com\/noticias\/autopsia-confirma-como-asesinato-la-muerte-del-cubano-geraldo-lunas-campos-detenido-por-ice-en-el-paso-texas\/#primaryimage"},"image":{"@id":"https:\/\/www.cuballama.com\/noticias\/autopsia-confirma-como-asesinato-la-muerte-del-cubano-geraldo-lunas-campos-detenido-por-ice-en-el-paso-texas\/#primaryimage"},"thumbnailUrl":"https:\/\/cdn1.mediawpaccore.net\/wp-content\/uploads\/2026\/01\/22051002\/image-80-1.png","datePublished":"2026-01-22T15:04:54+00:00","dateModified":"2026-01-22T15:04:57+00:00","description":"Autopsia en El Paso declara homicidio la muerte del cubano Geraldo Lunas Campos bajo custodia de ICE en Camp East Montana(TX)","breadcrumb":{"@id":"https:\/\/www.cuballama.com\/noticias\/autopsia-confirma-como-asesinato-la-muerte-del-cubano-geraldo-lunas-campos-detenido-por-ice-en-el-paso-texas\/#breadcrumb"},"inLanguage":"es","potentialAction":[{"@type":"ReadAction","target":["https:\/\/www.cuballama.com\/noticias\/autopsia-confirma-como-asesinato-la-muerte-del-cubano-geraldo-lunas-campos-detenido-por-ice-en-el-paso-texas\/"]}]},{"@type":"ImageObject","inLanguage":"es","@id":"https:\/\/www.cuballama.com\/noticias\/autopsia-confirma-como-asesinato-la-muerte-del-cubano-geraldo-lunas-campos-detenido-por-ice-en-el-paso-texas\/#primaryimage","url":"https:\/\/cdn1.mediawpaccore.net\/wp-content\/uploads\/2026\/01\/22051002\/image-80-1.png","contentUrl":"https:\/\/cdn1.mediawpaccore.net\/wp-content\/uploads\/2026\/01\/22051002\/image-80-1.png","width":1676,"height":942,"caption":"Geraldo Lunas Campos. Foto v\u00eda CBP (Servicio de Inmigraci\u00f3n y Control de Aduanas)"},{"@type":"BreadcrumbList","@id":"https:\/\/www.cuballama.com\/noticias\/autopsia-confirma-como-asesinato-la-muerte-del-cubano-geraldo-lunas-campos-detenido-por-ice-en-el-paso-texas\/#breadcrumb","itemListElement":[{"@type":"ListItem","position":1,"name":"Home","item":"https:\/\/www.cuballama.com\/noticias\/"},{"@type":"ListItem","position":2,"name":"Autopsia confirma como asesinato la muerte del cubano Geraldo Lunas Campos, detenido por ICE en El Paso, Texas"}]},{"@type":"WebSite","@id":"https:\/\/www.cuballama.com\/noticias\/#website","url":"https:\/\/www.cuballama.com\/noticias\/","name":"Cuballama Noticias","description":"Medio digital sobre Cuba y el mundo","publisher":{"@id":"https:\/\/www.cuballama.com\/noticias\/#organization"},"potentialAction":[{"@type":"SearchAction","target":{"@type":"EntryPoint","urlTemplate":"https:\/\/www.cuballama.com\/noticias\/?s={search_term_string}"},"query-input":{"@type":"PropertyValueSpecification","valueRequired":true,"valueName":"search_term_string"}}],"inLanguage":"es"},{"@type":"Organization","@id":"https:\/\/www.cuballama.com\/noticias\/#organization","name":"Cuballama","url":"https:\/\/www.cuballama.com\/noticias\/","logo":{"@type":"ImageObject","inLanguage":"es","@id":"https:\/\/www.cuballama.com\/noticias\/#\/schema\/logo\/image\/","url":"https:\/\/cdn1.mediawpaccore.net\/wp-content\/uploads\/2021\/12\/28171206\/cbll-logo-color-sm.png","contentUrl":"https:\/\/cdn1.mediawpaccore.net\/wp-content\/uploads\/2021\/12\/28171206\/cbll-logo-color-sm.png","width":600,"height":133,"caption":"Cuballama"},"image":{"@id":"https:\/\/www.cuballama.com\/noticias\/#\/schema\/logo\/image\/"},"sameAs":["https:\/\/www.facebook.com\/CubaLlama","https:\/\/x.com\/cuballama","https:\/\/www.instagram.com\/stories\/cuballama_oficial\/","https:\/\/www.youtube.com\/channel\/UCKkFE-d_axENGZcrc4as0IA"]},{"@type":"Person","@id":"https:\/\/www.cuballama.com\/noticias\/#\/schema\/person\/a58502ed4146c8e9f83872e897c76cd2","name":"Roberto A.","description":"Roberto A. Periodista por decisi\u00f3n propia. Interesado en cualquier tema que me apasione y cada vez m\u00e1s comprometido con la verdad y la objetividad period\u00edstica. Graduado en La Habana hace ya muchos a\u00f1os, luego de una accidentada y polvorienta b\u00fasqueda de informaci\u00f3n sobre un tema in\u00e9dito. La Tesis, por cierto, desapareci\u00f3 de la biblioteca y no se conservan copias de la misma.","url":"https:\/\/www.cuballama.com\/noticias\/author\/roberto\/"}]}},"_links":{"self":[{"href":"https:\/\/www.cuballama.com\/noticias\/wp-json\/wp\/v2\/posts\/232978","targetHints":{"allow":["GET"]}}],"collection":[{"href":"https:\/\/www.cuballama.com\/noticias\/wp-json\/wp\/v2\/posts"}],"about":[{"href":"https:\/\/www.cuballama.com\/noticias\/wp-json\/wp\/v2\/types\/post"}],"author":[{"embeddable":true,"href":"https:\/\/www.cuballama.com\/noticias\/wp-json\/wp\/v2\/users\/13"}],"replies":[{"embeddable":true,"href":"https:\/\/www.cuballama.com\/noticias\/wp-json\/wp\/v2\/comments?post=232978"}],"version-history":[{"count":3,"href":"https:\/\/www.cuballama.com\/noticias\/wp-json\/wp\/v2\/posts\/232978\/revisions"}],"predecessor-version":[{"id":232989,"href":"https:\/\/www.cuballama.com\/noticias\/wp-json\/wp\/v2\/posts\/232978\/revisions\/232989"}],"wp:featuredmedia":[{"embeddable":true,"href":"https:\/\/www.cuballama.com\/noticias\/wp-json\/wp\/v2\/media\/232988"}],"wp:attachment":[{"href":"https:\/\/www.cuballama.com\/noticias\/wp-json\/wp\/v2\/media?parent=232978"}],"wp:term":[{"taxonomy":"category","embeddable":true,"href":"https:\/\/www.cuballama.com\/noticias\/wp-json\/wp\/v2\/categories?post=232978"},{"taxonomy":"post_tag","embeddable":true,"href":"https:\/\/www.cuballama.com\/noticias\/wp-json\/wp\/v2\/tags?post=232978"}],"curies":[{"name":"wp","href":"https:\/\/api.w.org\/{rel}","templated":true}]}}