{"id":232974,"date":"2026-01-22T09:29:20","date_gmt":"2026-01-22T14:29:20","guid":{"rendered":"https:\/\/www.cuballama.com\/noticias\/?p=232974"},"modified":"2026-01-22T09:29:22","modified_gmt":"2026-01-22T14:29:22","slug":"denuncia-viral-acusa-a-lanzador-yuniesky-garcia-artemisa-de-agredir-a-un-aficionado-con-un-bate","status":"publish","type":"post","link":"https:\/\/www.cuballama.com\/noticias\/denuncia-viral-acusa-a-lanzador-yuniesky-garcia-artemisa-de-agredir-a-un-aficionado-con-un-bate\/","title":{"rendered":"Denuncia viral acusa a lanzador Yuniesky Garc\u00eda (Artemisa) de agredir a un aficionado con un bate"},"content":{"rendered":"\n<p>La postemporada de la 64 Serie Nacional de B\u00e9isbol en Cuba amaneci\u00f3 esta semana atravesada por una acusaci\u00f3n grave que, por ahora, vive en el terreno movedizo de las redes: varias publicaciones en grupos de Facebook y p\u00e1ginas deportivas aseguraron que el lanzador de Artemisa Yuniesky Garc\u00eda \u201cagredi\u00f3\u201d con un bate a un aficionado holguinero al concluir un juego en el estadio Calixto Garc\u00eda \u00cd\u00f1iguez, en Holgu\u00edn.<\/p>\n\n\n\n<figure class=\"wp-block-image size-large\"><img loading=\"lazy\" decoding=\"async\" width=\"1024\" height=\"874\" src=\"https:\/\/cdn1.mediawpaccore.net\/wp-content\/uploads\/2026\/01\/22052312\/image-110-1024x874.png\" alt=\"\" class=\"wp-image-232991\" srcset=\"https:\/\/cdn1.mediawpaccore.net\/wp-content\/uploads\/2026\/01\/22052312\/image-110-1024x874.png 1024w, https:\/\/cdn1.mediawpaccore.net\/wp-content\/uploads\/2026\/01\/22052312\/image-110-300x256.png 300w, https:\/\/cdn1.mediawpaccore.net\/wp-content\/uploads\/2026\/01\/22052312\/image-110-768x656.png 768w, https:\/\/cdn1.mediawpaccore.net\/wp-content\/uploads\/2026\/01\/22052312\/image-110-492x420.png 492w, https:\/\/cdn1.mediawpaccore.net\/wp-content\/uploads\/2026\/01\/22052312\/image-110-150x128.png 150w, https:\/\/cdn1.mediawpaccore.net\/wp-content\/uploads\/2026\/01\/22052312\/image-110-696x594.png 696w, https:\/\/cdn1.mediawpaccore.net\/wp-content\/uploads\/2026\/01\/22052312\/image-110-1068x912.png 1068w, https:\/\/cdn1.mediawpaccore.net\/wp-content\/uploads\/2026\/01\/22052312\/image-110.png 1396w\" sizes=\"auto, (max-width: 1024px) 100vw, 1024px\" \/><\/figure>\n\n\n\n<figure class=\"wp-block-image size-large\"><img loading=\"lazy\" decoding=\"async\" width=\"1024\" height=\"735\" src=\"https:\/\/cdn1.mediawpaccore.net\/wp-content\/uploads\/2026\/01\/22052625\/image-111-1024x735.png\" alt=\"\" class=\"wp-image-232992\" srcset=\"https:\/\/cdn1.mediawpaccore.net\/wp-content\/uploads\/2026\/01\/22052625\/image-111-1024x735.png 1024w, https:\/\/cdn1.mediawpaccore.net\/wp-content\/uploads\/2026\/01\/22052625\/image-111-300x215.png 300w, https:\/\/cdn1.mediawpaccore.net\/wp-content\/uploads\/2026\/01\/22052625\/image-111-768x551.png 768w, https:\/\/cdn1.mediawpaccore.net\/wp-content\/uploads\/2026\/01\/22052625\/image-111-585x420.png 585w, https:\/\/cdn1.mediawpaccore.net\/wp-content\/uploads\/2026\/01\/22052625\/image-111-150x108.png 150w, https:\/\/cdn1.mediawpaccore.net\/wp-content\/uploads\/2026\/01\/22052625\/image-111-696x500.png 696w, https:\/\/cdn1.mediawpaccore.net\/wp-content\/uploads\/2026\/01\/22052625\/image-111-1068x767.png 1068w, https:\/\/cdn1.mediawpaccore.net\/wp-content\/uploads\/2026\/01\/22052625\/image-111.png 1454w\" sizes=\"auto, (max-width: 1024px) 100vw, 1024px\" \/><\/figure>\n\n\n\n<p>El mensaje que deton\u00f3 la conversaci\u00f3n \u2014replicado con variaciones\u2014 describe una escena de violencia directa al finalizar el partido y remata con una pregunta que se repite en cada temporada: hasta cu\u00e1ndo se permitir\u00e1n \u201cindisciplinas\u201d dentro y fuera del terreno. <\/p>\n\n\n\n<p>En pocas horas la acusaci\u00f3n, que se convirti\u00f3 en viral, salt\u00f3 de un post a un juicio definitivo, sin que mediara un parte oficial de la Comisi\u00f3n Nacional de B\u00e9isbol, un parte m\u00e9dico verificable del supuesto lesionado, o un video completo que permita reconstruir con precisi\u00f3n la secuencia. <\/p>\n\n\n\n<p>Supuestamente la agresi\u00f3n ocurri\u00f3 aqu\u00ed, a la salida del estadio.<\/p>\n\n\n\n<iframe loading=\"lazy\" src=\"https:\/\/www.facebook.com\/plugins\/video.php?height=476&#038;href=https%3A%2F%2Fwww.facebook.com%2Freel%2F1956369321928695%2F&#038;show_text=true&#038;width=267&#038;t=0\" width=\"267\" height=\"591\" style=\"border:none;overflow:hidden\" scrolling=\"no\" frameborder=\"0\" allowfullscreen=\"true\" allow=\"autoplay; clipboard-write; encrypted-media; picture-in-picture; web-share\" allowFullScreen=\"true\"><\/iframe>\n\n\n\n<p>En paralelo, apareci\u00f3 una versi\u00f3n alternativa difundida por <em><a href=\"https:\/\/www.facebook.com\/DportoSportsMedia\/photos\/pelotero-se-defiende-y-desmiente-agresi%C3%B3n-con-un-bate-a-un-fanatico-de-holguindy\/122156792504646699\/?utm_source=chatgpt.com\" target=\"_blank\" rel=\"noreferrer noopener nofollow\">Dporto Sports Media<\/a><\/em>, que atribuye al incidente un desarrollo distinto: seg\u00fan esa publicaci\u00f3n, a la salida del estadio se produjo un altercado entre aficionados y peloteros; Yuniesky Garc\u00eda habr\u00eda salido entre la gente, habr\u00eda tomado un bate que llevaba un aficionado y le habr\u00eda exigido que \u201csaliera\u201d del \u00e1rea, pero sin golpearlo. <\/p>\n\n\n\n<iframe loading=\"lazy\" src=\"https:\/\/www.facebook.com\/plugins\/post.php?href=https%3A%2F%2Fwww.facebook.com%2FDportoSportsMedia%2Fposts%2Fpfbid026L7Vd3SiwyBvfn4867x73oeLHMDXnP8NY1VV1xMWcBBGy6UthYXRzzRGRS6BSVK4l&#038;show_text=true&#038;width=500\" width=\"500\" height=\"698\" style=\"border:none;overflow:hidden\" scrolling=\"no\" frameborder=\"0\" allowfullscreen=\"true\" allow=\"autoplay; clipboard-write; encrypted-media; picture-in-picture; web-share\"><\/iframe>\n\n\n\n<p>En esa misma l\u00ednea, la p\u00e1gina report\u00f3 una aclaraci\u00f3n del propio lanzador, en formato de <a href=\"https:\/\/www.facebook.com\/reel\/1185269477121834\" target=\"_blank\" rel=\"noreferrer noopener nofollow\">video<\/a>, quien neg\u00f3 \u201chaber atacado a nadie\u201d y pidi\u00f3 que no se siguieran \u201cdiciendo mentiras\u201d.<\/p>\n\n\n\n<iframe loading=\"lazy\" src=\"https:\/\/www.facebook.com\/plugins\/video.php?height=459&#038;href=https%3A%2F%2Fwww.facebook.com%2Freel%2F1185269477121834%2F&#038;show_text=true&#038;width=560&#038;t=0\" width=\"560\" height=\"574\" style=\"border:none;overflow:hidden\" scrolling=\"no\" frameborder=\"0\" allowfullscreen=\"true\" allow=\"autoplay; clipboard-write; encrypted-media; picture-in-picture; web-share\" allowFullScreen=\"true\"><\/iframe>\n\n\n\n<p>La discusi\u00f3n, por tanto, qued\u00f3 atrapada entre dos certezas incompletas: existe una denuncia extendida y existe una negaci\u00f3n p\u00fablica atribuida al se\u00f1alado. <\/p>\n\n\n\n<p>En medio, la ausencia de un pronunciamiento institucional alimenta lo que ya es costumbre en el b\u00e9isbol cubano: que los conflictos disciplinarios se tramiten primero en el tribunal del <em>timeline <\/em>y despu\u00e9s \u2014si llegan\u2014 en el de las sanciones. Y eso no es un detalle menor en una Serie Nacional que arrastra antecedentes recientes de altercados, suspensiones y debates sobre control y reglamento, en un contexto donde cada episodio termina representando algo m\u00e1s que un juego, y donde no ha ocurrido una vez, sino dos, tres, cuatro, ad infinitum, que un pelotero agarra un bate y la emprende contra otro, contra un \u00e1rbitro o un aficionado.<\/p>\n\n\n\n<p>De eso no escap\u00f3 ni Michel Enriquez, ni Gabriel Pierre, ni siquiera Antonio Mu\u00f1oz, el Gigante del Escambray.<\/p>\n","protected":false},"excerpt":{"rendered":"<p>Una denuncia viral acusa a Yuniesky Garc\u00eda (Artemisa) de agredir a un aficionado con un bate en Holgu\u00edn; el lanzador lo niega.<\/p>\n","protected":false},"author":13,"featured_media":232996,"comment_status":"open","ping_status":"closed","sticky":false,"template":"","format":"standard","meta":{"_acf_changed":false,"footnotes":""},"categories":[21,18,955],"tags":[30177,9000,1765,6771,13144,30178,5868,682,30179],"class_list":{"0":"post-232974","1":"post","2":"type-post","3":"status-publish","4":"format-standard","5":"has-post-thumbnail","7":"category-deportes","8":"category-noticias","9":"category-noticias-de-cuba","10":"tag-64-serie-nacional","11":"tag-aficionados","12":"tag-artemisa","13":"tag-comision-nacional-de-beisbol","14":"tag-holguin-2","15":"tag-indisciplinas","16":"tag-serie-nacional-de-beisbol","17":"tag-violencia","18":"tag-yuniesky-garcia"},"acf":[],"yoast_head":"<!-- This site is optimized with the Yoast SEO plugin v27.5 - https:\/\/yoast.com\/product\/yoast-seo-wordpress\/ -->\n<title>Denuncia viral acusa a lanzador Yuniesky Garc\u00eda (Artemisa) de agredir a un aficionado con un bate - Cuballama Noticias<\/title>\n<meta name=\"description\" content=\"Artemisa-Holgu\u00edn: denuncia acusa a pelotero cubano Yuniesky Garc\u00eda de agredir a un fan con un bate; el lanzador lo niega y piden sanci\u00f3n hoy.\" \/>\n<meta name=\"robots\" content=\"index, follow, max-snippet:-1, max-image-preview:large, max-video-preview:-1\" \/>\n<link rel=\"canonical\" href=\"https:\/\/www.cuballama.com\/noticias\/denuncia-viral-acusa-a-lanzador-yuniesky-garcia-artemisa-de-agredir-a-un-aficionado-con-un-bate\/\" \/>\n<meta property=\"og:locale\" content=\"es_ES\" \/>\n<meta property=\"og:type\" content=\"article\" \/>\n<meta property=\"og:title\" content=\"Denuncia viral acusa a lanzador Yuniesky Garc\u00eda (Artemisa) de agredir a un aficionado con un bate - Cuballama Noticias\" \/>\n<meta property=\"og:description\" content=\"Artemisa-Holgu\u00edn: denuncia acusa a pelotero cubano Yuniesky Garc\u00eda de agredir a un fan con un bate; el lanzador lo niega y piden sanci\u00f3n hoy.\" \/>\n<meta property=\"og:url\" content=\"https:\/\/www.cuballama.com\/noticias\/denuncia-viral-acusa-a-lanzador-yuniesky-garcia-artemisa-de-agredir-a-un-aficionado-con-un-bate\/\" \/>\n<meta property=\"og:site_name\" content=\"Cuballama Noticias\" \/>\n<meta property=\"article:publisher\" content=\"https:\/\/www.facebook.com\/CubaLlama\" \/>\n<meta property=\"article:published_time\" content=\"2026-01-22T14:29:20+00:00\" \/>\n<meta property=\"article:modified_time\" content=\"2026-01-22T14:29:22+00:00\" \/>\n<meta property=\"og:image\" content=\"https:\/\/cdn1.mediawpaccore.net\/wp-content\/uploads\/2026\/01\/22053057\/image-112.png\" \/>\n\t<meta property=\"og:image:width\" content=\"1436\" \/>\n\t<meta property=\"og:image:height\" content=\"778\" \/>\n\t<meta property=\"og:image:type\" content=\"image\/png\" \/>\n<meta name=\"author\" content=\"Roberto A.\" \/>\n<meta name=\"twitter:card\" content=\"summary_large_image\" \/>\n<meta name=\"twitter:creator\" content=\"@cuballama\" \/>\n<meta name=\"twitter:site\" content=\"@cuballama\" \/>\n<meta name=\"twitter:label1\" content=\"Escrito por\" \/>\n\t<meta name=\"twitter:data1\" content=\"Roberto A.\" \/>\n\t<meta name=\"twitter:label2\" content=\"Tiempo de lectura\" \/>\n\t<meta name=\"twitter:data2\" content=\"3 minutos\" \/>\n<script type=\"application\/ld+json\" class=\"yoast-schema-graph\">{\"@context\":\"https:\\\/\\\/schema.org\",\"@graph\":[{\"@type\":\"Article\",\"@id\":\"https:\\\/\\\/www.cuballama.com\\\/noticias\\\/denuncia-viral-acusa-a-lanzador-yuniesky-garcia-artemisa-de-agredir-a-un-aficionado-con-un-bate\\\/#article\",\"isPartOf\":{\"@id\":\"https:\\\/\\\/www.cuballama.com\\\/noticias\\\/denuncia-viral-acusa-a-lanzador-yuniesky-garcia-artemisa-de-agredir-a-un-aficionado-con-un-bate\\\/\"},\"author\":{\"name\":\"Roberto A.\",\"@id\":\"https:\\\/\\\/www.cuballama.com\\\/noticias\\\/#\\\/schema\\\/person\\\/a58502ed4146c8e9f83872e897c76cd2\"},\"headline\":\"Denuncia viral acusa a lanzador Yuniesky Garc\u00eda (Artemisa) de agredir a un aficionado con un bate\",\"datePublished\":\"2026-01-22T14:29:20+00:00\",\"dateModified\":\"2026-01-22T14:29:22+00:00\",\"mainEntityOfPage\":{\"@id\":\"https:\\\/\\\/www.cuballama.com\\\/noticias\\\/denuncia-viral-acusa-a-lanzador-yuniesky-garcia-artemisa-de-agredir-a-un-aficionado-con-un-bate\\\/\"},\"wordCount\":450,\"commentCount\":0,\"publisher\":{\"@id\":\"https:\\\/\\\/www.cuballama.com\\\/noticias\\\/#organization\"},\"image\":{\"@id\":\"https:\\\/\\\/www.cuballama.com\\\/noticias\\\/denuncia-viral-acusa-a-lanzador-yuniesky-garcia-artemisa-de-agredir-a-un-aficionado-con-un-bate\\\/#primaryimage\"},\"thumbnailUrl\":\"https:\\\/\\\/cdn1.mediawpaccore.net\\\/wp-content\\\/uploads\\\/2026\\\/01\\\/22053057\\\/image-112.png\",\"keywords\":[\"64 Serie Nacional\",\"aficionados\",\"Artemisa\",\"Comisi\u00f3n Nacional de B\u00e9isbol\",\"Holgu\u00edn\",\"indisciplinas\",\"Serie Nacional de b\u00e9isbol\",\"Violencia\",\"Yuniesky Garc\u00eda\"],\"articleSection\":[\"Deportes\",\"Noticias\",\"Noticias de Cuba\"],\"inLanguage\":\"es\",\"potentialAction\":[{\"@type\":\"CommentAction\",\"name\":\"Comment\",\"target\":[\"https:\\\/\\\/www.cuballama.com\\\/noticias\\\/denuncia-viral-acusa-a-lanzador-yuniesky-garcia-artemisa-de-agredir-a-un-aficionado-con-un-bate\\\/#respond\"]}]},{\"@type\":\"WebPage\",\"@id\":\"https:\\\/\\\/www.cuballama.com\\\/noticias\\\/denuncia-viral-acusa-a-lanzador-yuniesky-garcia-artemisa-de-agredir-a-un-aficionado-con-un-bate\\\/\",\"url\":\"https:\\\/\\\/www.cuballama.com\\\/noticias\\\/denuncia-viral-acusa-a-lanzador-yuniesky-garcia-artemisa-de-agredir-a-un-aficionado-con-un-bate\\\/\",\"name\":\"Denuncia viral acusa a lanzador Yuniesky Garc\u00eda (Artemisa) de agredir a un aficionado con un bate - Cuballama Noticias\",\"isPartOf\":{\"@id\":\"https:\\\/\\\/www.cuballama.com\\\/noticias\\\/#website\"},\"primaryImageOfPage\":{\"@id\":\"https:\\\/\\\/www.cuballama.com\\\/noticias\\\/denuncia-viral-acusa-a-lanzador-yuniesky-garcia-artemisa-de-agredir-a-un-aficionado-con-un-bate\\\/#primaryimage\"},\"image\":{\"@id\":\"https:\\\/\\\/www.cuballama.com\\\/noticias\\\/denuncia-viral-acusa-a-lanzador-yuniesky-garcia-artemisa-de-agredir-a-un-aficionado-con-un-bate\\\/#primaryimage\"},\"thumbnailUrl\":\"https:\\\/\\\/cdn1.mediawpaccore.net\\\/wp-content\\\/uploads\\\/2026\\\/01\\\/22053057\\\/image-112.png\",\"datePublished\":\"2026-01-22T14:29:20+00:00\",\"dateModified\":\"2026-01-22T14:29:22+00:00\",\"description\":\"Artemisa-Holgu\u00edn: denuncia acusa a pelotero cubano Yuniesky Garc\u00eda de agredir a un fan con un bate; el lanzador lo niega y piden sanci\u00f3n hoy.\",\"breadcrumb\":{\"@id\":\"https:\\\/\\\/www.cuballama.com\\\/noticias\\\/denuncia-viral-acusa-a-lanzador-yuniesky-garcia-artemisa-de-agredir-a-un-aficionado-con-un-bate\\\/#breadcrumb\"},\"inLanguage\":\"es\",\"potentialAction\":[{\"@type\":\"ReadAction\",\"target\":[\"https:\\\/\\\/www.cuballama.com\\\/noticias\\\/denuncia-viral-acusa-a-lanzador-yuniesky-garcia-artemisa-de-agredir-a-un-aficionado-con-un-bate\\\/\"]}]},{\"@type\":\"ImageObject\",\"inLanguage\":\"es\",\"@id\":\"https:\\\/\\\/www.cuballama.com\\\/noticias\\\/denuncia-viral-acusa-a-lanzador-yuniesky-garcia-artemisa-de-agredir-a-un-aficionado-con-un-bate\\\/#primaryimage\",\"url\":\"https:\\\/\\\/cdn1.mediawpaccore.net\\\/wp-content\\\/uploads\\\/2026\\\/01\\\/22053057\\\/image-112.png\",\"contentUrl\":\"https:\\\/\\\/cdn1.mediawpaccore.net\\\/wp-content\\\/uploads\\\/2026\\\/01\\\/22053057\\\/image-112.png\",\"width\":1436,\"height\":778,\"caption\":\"Foto: V\u00eda Yuniesky Garc\u00eda \\\/ Facebook\"},{\"@type\":\"BreadcrumbList\",\"@id\":\"https:\\\/\\\/www.cuballama.com\\\/noticias\\\/denuncia-viral-acusa-a-lanzador-yuniesky-garcia-artemisa-de-agredir-a-un-aficionado-con-un-bate\\\/#breadcrumb\",\"itemListElement\":[{\"@type\":\"ListItem\",\"position\":1,\"name\":\"Home\",\"item\":\"https:\\\/\\\/www.cuballama.com\\\/noticias\\\/\"},{\"@type\":\"ListItem\",\"position\":2,\"name\":\"Denuncia viral acusa a lanzador Yuniesky Garc\u00eda (Artemisa) de agredir a un aficionado con un bate\"}]},{\"@type\":\"WebSite\",\"@id\":\"https:\\\/\\\/www.cuballama.com\\\/noticias\\\/#website\",\"url\":\"https:\\\/\\\/www.cuballama.com\\\/noticias\\\/\",\"name\":\"Cuballama Noticias\",\"description\":\"Medio digital sobre Cuba y el mundo\",\"publisher\":{\"@id\":\"https:\\\/\\\/www.cuballama.com\\\/noticias\\\/#organization\"},\"potentialAction\":[{\"@type\":\"SearchAction\",\"target\":{\"@type\":\"EntryPoint\",\"urlTemplate\":\"https:\\\/\\\/www.cuballama.com\\\/noticias\\\/?s={search_term_string}\"},\"query-input\":{\"@type\":\"PropertyValueSpecification\",\"valueRequired\":true,\"valueName\":\"search_term_string\"}}],\"inLanguage\":\"es\"},{\"@type\":\"Organization\",\"@id\":\"https:\\\/\\\/www.cuballama.com\\\/noticias\\\/#organization\",\"name\":\"Cuballama\",\"url\":\"https:\\\/\\\/www.cuballama.com\\\/noticias\\\/\",\"logo\":{\"@type\":\"ImageObject\",\"inLanguage\":\"es\",\"@id\":\"https:\\\/\\\/www.cuballama.com\\\/noticias\\\/#\\\/schema\\\/logo\\\/image\\\/\",\"url\":\"https:\\\/\\\/cdn1.mediawpaccore.net\\\/wp-content\\\/uploads\\\/2021\\\/12\\\/28171206\\\/cbll-logo-color-sm.png\",\"contentUrl\":\"https:\\\/\\\/cdn1.mediawpaccore.net\\\/wp-content\\\/uploads\\\/2021\\\/12\\\/28171206\\\/cbll-logo-color-sm.png\",\"width\":600,\"height\":133,\"caption\":\"Cuballama\"},\"image\":{\"@id\":\"https:\\\/\\\/www.cuballama.com\\\/noticias\\\/#\\\/schema\\\/logo\\\/image\\\/\"},\"sameAs\":[\"https:\\\/\\\/www.facebook.com\\\/CubaLlama\",\"https:\\\/\\\/x.com\\\/cuballama\",\"https:\\\/\\\/www.instagram.com\\\/stories\\\/cuballama_oficial\\\/\",\"https:\\\/\\\/www.youtube.com\\\/channel\\\/UCKkFE-d_axENGZcrc4as0IA\"]},{\"@type\":\"Person\",\"@id\":\"https:\\\/\\\/www.cuballama.com\\\/noticias\\\/#\\\/schema\\\/person\\\/a58502ed4146c8e9f83872e897c76cd2\",\"name\":\"Roberto A.\",\"description\":\"Roberto A. Periodista por decisi\u00f3n propia. Interesado en cualquier tema que me apasione y cada vez m\u00e1s comprometido con la verdad y la objetividad period\u00edstica. Graduado en La Habana hace ya muchos a\u00f1os, luego de una accidentada y polvorienta b\u00fasqueda de informaci\u00f3n sobre un tema in\u00e9dito. La Tesis, por cierto, desapareci\u00f3 de la biblioteca y no se conservan copias de la misma.\",\"url\":\"https:\\\/\\\/www.cuballama.com\\\/noticias\\\/author\\\/roberto\\\/\"}]}<\/script>\n<!-- \/ Yoast SEO plugin. -->","yoast_head_json":{"title":"Denuncia viral acusa a lanzador Yuniesky Garc\u00eda (Artemisa) de agredir a un aficionado con un bate - Cuballama Noticias","description":"Artemisa-Holgu\u00edn: denuncia acusa a pelotero cubano Yuniesky Garc\u00eda de agredir a un fan con un bate; el lanzador lo niega y piden sanci\u00f3n hoy.","robots":{"index":"index","follow":"follow","max-snippet":"max-snippet:-1","max-image-preview":"max-image-preview:large","max-video-preview":"max-video-preview:-1"},"canonical":"https:\/\/www.cuballama.com\/noticias\/denuncia-viral-acusa-a-lanzador-yuniesky-garcia-artemisa-de-agredir-a-un-aficionado-con-un-bate\/","og_locale":"es_ES","og_type":"article","og_title":"Denuncia viral acusa a lanzador Yuniesky Garc\u00eda (Artemisa) de agredir a un aficionado con un bate - Cuballama Noticias","og_description":"Artemisa-Holgu\u00edn: denuncia acusa a pelotero cubano Yuniesky Garc\u00eda de agredir a un fan con un bate; el lanzador lo niega y piden sanci\u00f3n hoy.","og_url":"https:\/\/www.cuballama.com\/noticias\/denuncia-viral-acusa-a-lanzador-yuniesky-garcia-artemisa-de-agredir-a-un-aficionado-con-un-bate\/","og_site_name":"Cuballama Noticias","article_publisher":"https:\/\/www.facebook.com\/CubaLlama","article_published_time":"2026-01-22T14:29:20+00:00","article_modified_time":"2026-01-22T14:29:22+00:00","og_image":[{"width":1436,"height":778,"url":"https:\/\/cdn1.mediawpaccore.net\/wp-content\/uploads\/2026\/01\/22053057\/image-112.png","type":"image\/png"}],"author":"Roberto A.","twitter_card":"summary_large_image","twitter_creator":"@cuballama","twitter_site":"@cuballama","twitter_misc":{"Escrito por":"Roberto A.","Tiempo de lectura":"3 minutos"},"schema":{"@context":"https:\/\/schema.org","@graph":[{"@type":"Article","@id":"https:\/\/www.cuballama.com\/noticias\/denuncia-viral-acusa-a-lanzador-yuniesky-garcia-artemisa-de-agredir-a-un-aficionado-con-un-bate\/#article","isPartOf":{"@id":"https:\/\/www.cuballama.com\/noticias\/denuncia-viral-acusa-a-lanzador-yuniesky-garcia-artemisa-de-agredir-a-un-aficionado-con-un-bate\/"},"author":{"name":"Roberto A.","@id":"https:\/\/www.cuballama.com\/noticias\/#\/schema\/person\/a58502ed4146c8e9f83872e897c76cd2"},"headline":"Denuncia viral acusa a lanzador Yuniesky Garc\u00eda (Artemisa) de agredir a un aficionado con un bate","datePublished":"2026-01-22T14:29:20+00:00","dateModified":"2026-01-22T14:29:22+00:00","mainEntityOfPage":{"@id":"https:\/\/www.cuballama.com\/noticias\/denuncia-viral-acusa-a-lanzador-yuniesky-garcia-artemisa-de-agredir-a-un-aficionado-con-un-bate\/"},"wordCount":450,"commentCount":0,"publisher":{"@id":"https:\/\/www.cuballama.com\/noticias\/#organization"},"image":{"@id":"https:\/\/www.cuballama.com\/noticias\/denuncia-viral-acusa-a-lanzador-yuniesky-garcia-artemisa-de-agredir-a-un-aficionado-con-un-bate\/#primaryimage"},"thumbnailUrl":"https:\/\/cdn1.mediawpaccore.net\/wp-content\/uploads\/2026\/01\/22053057\/image-112.png","keywords":["64 Serie Nacional","aficionados","Artemisa","Comisi\u00f3n Nacional de B\u00e9isbol","Holgu\u00edn","indisciplinas","Serie Nacional de b\u00e9isbol","Violencia","Yuniesky Garc\u00eda"],"articleSection":["Deportes","Noticias","Noticias de Cuba"],"inLanguage":"es","potentialAction":[{"@type":"CommentAction","name":"Comment","target":["https:\/\/www.cuballama.com\/noticias\/denuncia-viral-acusa-a-lanzador-yuniesky-garcia-artemisa-de-agredir-a-un-aficionado-con-un-bate\/#respond"]}]},{"@type":"WebPage","@id":"https:\/\/www.cuballama.com\/noticias\/denuncia-viral-acusa-a-lanzador-yuniesky-garcia-artemisa-de-agredir-a-un-aficionado-con-un-bate\/","url":"https:\/\/www.cuballama.com\/noticias\/denuncia-viral-acusa-a-lanzador-yuniesky-garcia-artemisa-de-agredir-a-un-aficionado-con-un-bate\/","name":"Denuncia viral acusa a lanzador Yuniesky Garc\u00eda (Artemisa) de agredir a un aficionado con un bate - Cuballama Noticias","isPartOf":{"@id":"https:\/\/www.cuballama.com\/noticias\/#website"},"primaryImageOfPage":{"@id":"https:\/\/www.cuballama.com\/noticias\/denuncia-viral-acusa-a-lanzador-yuniesky-garcia-artemisa-de-agredir-a-un-aficionado-con-un-bate\/#primaryimage"},"image":{"@id":"https:\/\/www.cuballama.com\/noticias\/denuncia-viral-acusa-a-lanzador-yuniesky-garcia-artemisa-de-agredir-a-un-aficionado-con-un-bate\/#primaryimage"},"thumbnailUrl":"https:\/\/cdn1.mediawpaccore.net\/wp-content\/uploads\/2026\/01\/22053057\/image-112.png","datePublished":"2026-01-22T14:29:20+00:00","dateModified":"2026-01-22T14:29:22+00:00","description":"Artemisa-Holgu\u00edn: denuncia acusa a pelotero cubano Yuniesky Garc\u00eda de agredir a un fan con un bate; el lanzador lo niega y piden sanci\u00f3n hoy.","breadcrumb":{"@id":"https:\/\/www.cuballama.com\/noticias\/denuncia-viral-acusa-a-lanzador-yuniesky-garcia-artemisa-de-agredir-a-un-aficionado-con-un-bate\/#breadcrumb"},"inLanguage":"es","potentialAction":[{"@type":"ReadAction","target":["https:\/\/www.cuballama.com\/noticias\/denuncia-viral-acusa-a-lanzador-yuniesky-garcia-artemisa-de-agredir-a-un-aficionado-con-un-bate\/"]}]},{"@type":"ImageObject","inLanguage":"es","@id":"https:\/\/www.cuballama.com\/noticias\/denuncia-viral-acusa-a-lanzador-yuniesky-garcia-artemisa-de-agredir-a-un-aficionado-con-un-bate\/#primaryimage","url":"https:\/\/cdn1.mediawpaccore.net\/wp-content\/uploads\/2026\/01\/22053057\/image-112.png","contentUrl":"https:\/\/cdn1.mediawpaccore.net\/wp-content\/uploads\/2026\/01\/22053057\/image-112.png","width":1436,"height":778,"caption":"Foto: V\u00eda Yuniesky Garc\u00eda \/ Facebook"},{"@type":"BreadcrumbList","@id":"https:\/\/www.cuballama.com\/noticias\/denuncia-viral-acusa-a-lanzador-yuniesky-garcia-artemisa-de-agredir-a-un-aficionado-con-un-bate\/#breadcrumb","itemListElement":[{"@type":"ListItem","position":1,"name":"Home","item":"https:\/\/www.cuballama.com\/noticias\/"},{"@type":"ListItem","position":2,"name":"Denuncia viral acusa a lanzador Yuniesky Garc\u00eda (Artemisa) de agredir a un aficionado con un bate"}]},{"@type":"WebSite","@id":"https:\/\/www.cuballama.com\/noticias\/#website","url":"https:\/\/www.cuballama.com\/noticias\/","name":"Cuballama Noticias","description":"Medio digital sobre Cuba y el mundo","publisher":{"@id":"https:\/\/www.cuballama.com\/noticias\/#organization"},"potentialAction":[{"@type":"SearchAction","target":{"@type":"EntryPoint","urlTemplate":"https:\/\/www.cuballama.com\/noticias\/?s={search_term_string}"},"query-input":{"@type":"PropertyValueSpecification","valueRequired":true,"valueName":"search_term_string"}}],"inLanguage":"es"},{"@type":"Organization","@id":"https:\/\/www.cuballama.com\/noticias\/#organization","name":"Cuballama","url":"https:\/\/www.cuballama.com\/noticias\/","logo":{"@type":"ImageObject","inLanguage":"es","@id":"https:\/\/www.cuballama.com\/noticias\/#\/schema\/logo\/image\/","url":"https:\/\/cdn1.mediawpaccore.net\/wp-content\/uploads\/2021\/12\/28171206\/cbll-logo-color-sm.png","contentUrl":"https:\/\/cdn1.mediawpaccore.net\/wp-content\/uploads\/2021\/12\/28171206\/cbll-logo-color-sm.png","width":600,"height":133,"caption":"Cuballama"},"image":{"@id":"https:\/\/www.cuballama.com\/noticias\/#\/schema\/logo\/image\/"},"sameAs":["https:\/\/www.facebook.com\/CubaLlama","https:\/\/x.com\/cuballama","https:\/\/www.instagram.com\/stories\/cuballama_oficial\/","https:\/\/www.youtube.com\/channel\/UCKkFE-d_axENGZcrc4as0IA"]},{"@type":"Person","@id":"https:\/\/www.cuballama.com\/noticias\/#\/schema\/person\/a58502ed4146c8e9f83872e897c76cd2","name":"Roberto A.","description":"Roberto A. Periodista por decisi\u00f3n propia. Interesado en cualquier tema que me apasione y cada vez m\u00e1s comprometido con la verdad y la objetividad period\u00edstica. Graduado en La Habana hace ya muchos a\u00f1os, luego de una accidentada y polvorienta b\u00fasqueda de informaci\u00f3n sobre un tema in\u00e9dito. La Tesis, por cierto, desapareci\u00f3 de la biblioteca y no se conservan copias de la misma.","url":"https:\/\/www.cuballama.com\/noticias\/author\/roberto\/"}]}},"_links":{"self":[{"href":"https:\/\/www.cuballama.com\/noticias\/wp-json\/wp\/v2\/posts\/232974","targetHints":{"allow":["GET"]}}],"collection":[{"href":"https:\/\/www.cuballama.com\/noticias\/wp-json\/wp\/v2\/posts"}],"about":[{"href":"https:\/\/www.cuballama.com\/noticias\/wp-json\/wp\/v2\/types\/post"}],"author":[{"embeddable":true,"href":"https:\/\/www.cuballama.com\/noticias\/wp-json\/wp\/v2\/users\/13"}],"replies":[{"embeddable":true,"href":"https:\/\/www.cuballama.com\/noticias\/wp-json\/wp\/v2\/comments?post=232974"}],"version-history":[{"count":8,"href":"https:\/\/www.cuballama.com\/noticias\/wp-json\/wp\/v2\/posts\/232974\/revisions"}],"predecessor-version":[{"id":233059,"href":"https:\/\/www.cuballama.com\/noticias\/wp-json\/wp\/v2\/posts\/232974\/revisions\/233059"}],"wp:featuredmedia":[{"embeddable":true,"href":"https:\/\/www.cuballama.com\/noticias\/wp-json\/wp\/v2\/media\/232996"}],"wp:attachment":[{"href":"https:\/\/www.cuballama.com\/noticias\/wp-json\/wp\/v2\/media?parent=232974"}],"wp:term":[{"taxonomy":"category","embeddable":true,"href":"https:\/\/www.cuballama.com\/noticias\/wp-json\/wp\/v2\/categories?post=232974"},{"taxonomy":"post_tag","embeddable":true,"href":"https:\/\/www.cuballama.com\/noticias\/wp-json\/wp\/v2\/tags?post=232974"}],"curies":[{"name":"wp","href":"https:\/\/api.w.org\/{rel}","templated":true}]}}