{"id":232971,"date":"2026-01-22T10:05:19","date_gmt":"2026-01-22T15:05:19","guid":{"rendered":"https:\/\/www.cuballama.com\/noticias\/?p=232971"},"modified":"2026-01-22T10:05:21","modified_gmt":"2026-01-22T15:05:21","slug":"los-nombres-de-las-43-victimas-del-accidente-ferroviario-en-cordoba-uno-de-ellos-sobrevivio-a-suceso-similar-en-el-2013","status":"publish","type":"post","link":"https:\/\/www.cuballama.com\/noticias\/los-nombres-de-las-43-victimas-del-accidente-ferroviario-en-cordoba-uno-de-ellos-sobrevivio-a-suceso-similar-en-el-2013\/","title":{"rendered":"Los nombres de las 43 v\u00edctimas del accidente ferroviario en C\u00f3rdoba. Uno de ellos, sobrevivi\u00f3 a suceso similar en el 2013"},"content":{"rendered":"\n<p>El choque de dos trenes de alta velocidad ocurrido el domingo 18 de enero de 2026 en el t\u00e9rmino municipal de Adamuz (C\u00f3rdoba) ha dejado, hasta este jueves 22, un balance de 43 fallecidos recuperados y trasladados al Instituto de Medicina Legal, mientras la investigaci\u00f3n t\u00e9cnica y judicial intenta fijar qu\u00e9 desencaden\u00f3 la secuencia del descarrilamiento y la colisi\u00f3n. <\/p>\n\n\n\n<p>La petici\u00f3n social de \u201clos nombres\u201d choca, sin embargo, con un l\u00edmite que en estas horas se repite en las informaciones m\u00e1s completas: aunque las identificaciones avanzan por huellas y ADN, no existe una relaci\u00f3n oficial \u00edntegra difundida p\u00fablicamente con las 43 identidades, porque parte de las familias ha optado por la discreci\u00f3n y porque la informaci\u00f3n ha ido saliendo de manera fragmentaria, a trav\u00e9s de confirmaciones puntuales, comunicados locales y publicaciones de allegados.<\/p>\n\n\n\n<p>Con esa cautela, y ci\u00f1\u00e9ndonos solo a nombres que han sido divulgados por familiares, ayuntamientos o medios en relatos identificativos, <a href=\"https:\/\/www.eldia.es\/sociedad\/2026\/01\/21\/vidas-quedaron-vagones-tren-tragedia-125936388.html\" target=\"_blank\" rel=\"noreferrer noopener nofollow\">estas son algunas de las v\u00edctimas cuya identidad s\u00ed ha trascendido p\u00fablicamente<\/a>: \u00d3scar Toro y Mar\u00eda Clauss; Pablo Barrio Seco; Agust\u00edn Fad\u00f3n; Pepi Sosa Casado y Ana Mart\u00edn; Ricardo Chamorro C\u00e1liz; Andr\u00e9s Gallardo Vaz; Rafael Mill\u00e1n Albert; David Cord\u00f3n; Miriam del Rosario Alberico Larios; Natividad de la Torre; Tamara Margarita Vald\u00e9s (cubana); Mario Jara Morillo; Antonia Garrido Ch\u00e1vez; Jes\u00fas Salda\u00f1a Garc\u00eda; Samuel Ramos S\u00e1nchez; adem\u00e1s de varios integrantes de la familia Zamorano \u00c1lvarez, entre ellos Jos\u00e9 Zamorano, Cristina \u00c1lvarez, Pepe Zamorano y su primo F\u00e9lix, en un grupo familiar del que sobrevivi\u00f3 una menor.<\/p>\n\n\n\n<iframe loading=\"lazy\" src=\"https:\/\/www.facebook.com\/plugins\/post.php?href=https%3A%2F%2Fwww.facebook.com%2Feldia.es%2Fposts%2Fpfbid0mZizbFknpJi1Hv2JJ1FPeKJVGq1YfHbdiDrwu6tiftnimhq71gpmzqW4VHWFBfoSl&#038;show_text=true&#038;width=500\" width=\"500\" height=\"609\" style=\"border:none;overflow:hidden\" scrolling=\"no\" frameborder=\"0\" allowfullscreen=\"true\" allow=\"autoplay; clipboard-write; encrypted-media; picture-in-picture; web-share\"><\/iframe>\n\n\n\n<p><strong>tal vez quieras leer: <a href=\"https:\/\/www.cuballama.com\/noticias\/confirman-muerte-de-cubana-desaparecida-tras-tragico-accidente-de-trenes-en-espana\/\" target=\"_blank\" rel=\"noreferrer noopener\">Confirman muerte de cubana desaparecida tras tr\u00e1gico accidente de trenes en Espa\u00f1a<\/a><\/strong><\/p>\n\n\n\n<p>El nombre que ha quedado unido a una segunda fecha, 2013, es el de Agust\u00edn Fad\u00f3n, tripulante de cafeter\u00eda del Alvia siniestrado. <\/p>\n\n\n\n<p>Seg\u00fan el relato reconstruido por varios medios a partir de testimonios familiares, Fad\u00f3n se libr\u00f3 del accidente de Angrois (Santiago de Compostela) en 2013 porque cambi\u00f3 el turno con un compa\u00f1ero que s\u00ed viaj\u00f3 aquel d\u00eda. Trece a\u00f1os despu\u00e9s, su identificaci\u00f3n fue comunicada a la familia y difundida p\u00fablicamente desde Legan\u00e9s, donde se le situ\u00f3 como el \u00faltimo de los 43 localizados hasta ese momento.<\/p>\n\n\n\n<iframe loading=\"lazy\" src=\"https:\/\/www.facebook.com\/plugins\/post.php?href=https%3A%2F%2Fwww.facebook.com%2Fpermalink.php%3Fstory_fbid%3Dpfbid0Nw8QfPbYk7LV3K9rL5jDnpqeADpRwYnBbEQEvgykuS8q6WhpyTBd3fqQgh7FAnUpl%26id%3D61578926386273&#038;show_text=true&#038;width=500\" width=\"500\" height=\"635\" style=\"border:none;overflow:hidden\" scrolling=\"no\" frameborder=\"0\" allowfullscreen=\"true\" allow=\"autoplay; clipboard-write; encrypted-media; picture-in-picture; web-share\"><\/iframe>\n\n\n\n<p>En paralelo, las autoridades han insistido en que el proceso de identificaci\u00f3n y entrega a las familias depende de la verificaci\u00f3n forense y de la coordinaci\u00f3n con el dispositivo de atenci\u00f3n a allegados habilitado en C\u00f3rdoba, mientras se mantiene el foco en el tramo de v\u00eda y en la secuencia t\u00e9cnica del descarrilamiento inicial, con una investigaci\u00f3n que sigue abierta.<\/p>\n\n\n\n<iframe loading=\"lazy\" src=\"https:\/\/www.facebook.com\/plugins\/post.php?href=https%3A%2F%2Fwww.facebook.com%2FpesadillasEnTuPantalla%2Fposts%2Fpfbid0MwaHvarKVafLkHAxQZKEsrpcvaFTEeZafPuVEB3fDP46BUJqpoaT9Mv1Gc4fyyL6l&#038;show_text=true&#038;width=500\" width=\"500\" height=\"648\" style=\"border:none;overflow:hidden\" scrolling=\"no\" frameborder=\"0\" allowfullscreen=\"true\" allow=\"autoplay; clipboard-write; encrypted-media; picture-in-picture; web-share\"><\/iframe>\n","protected":false},"excerpt":{"rendered":"<p>El accidente de trenes de Adamuz (C\u00f3rdoba) dej\u00f3 43 fallecidos, pero no hay una lista oficial p\u00fablica completa. Estos son los nombres confirmados y el caso de Agust\u00edn Fad\u00f3n, ligado al siniestro de 2013.<\/p>\n","protected":false},"author":13,"featured_media":232984,"comment_status":"open","ping_status":"closed","sticky":false,"template":"","format":"standard","meta":{"_acf_changed":false,"footnotes":""},"categories":[18,957],"tags":[30066,30070,30173,26307,30172,30069,9371,30171,1195,30068,6175],"class_list":{"0":"post-232971","1":"post","2":"type-post","3":"status-publish","4":"format-standard","5":"has-post-thumbnail","7":"category-noticias","8":"category-noticias-internacionales","9":"tag-accidente-ferroviario","10":"tag-adamuz","11":"tag-agustin-fadon","12":"tag-alvia","13":"tag-angrois-2013","14":"tag-cordoba","15":"tag-guardia-civil","16":"tag-instituto-de-medicina-legal","17":"tag-investigacion","18":"tag-iryo","19":"tag-victimas"},"acf":[],"yoast_head":"<!-- This site is optimized with the Yoast SEO plugin v27.4 - https:\/\/yoast.com\/product\/yoast-seo-wordpress\/ -->\n<title>Los nombres de las 43 v\u00edctimas del accidente ferroviario en C\u00f3rdoba. Uno de ellos, sobrevivi\u00f3 a suceso similar en el 2013 - Cuballama Noticias<\/title>\n<meta name=\"description\" content=\"El listado de nombres divulgado de las v\u00edctimas choque de trenes en Adamuz (C\u00f3rdoba) y el caso de Agust\u00edn Fad\u00f3n (2013)\" \/>\n<meta name=\"robots\" content=\"index, follow, max-snippet:-1, max-image-preview:large, max-video-preview:-1\" \/>\n<link rel=\"canonical\" href=\"https:\/\/www.cuballama.com\/noticias\/los-nombres-de-las-43-victimas-del-accidente-ferroviario-en-cordoba-uno-de-ellos-sobrevivio-a-suceso-similar-en-el-2013\/\" \/>\n<meta property=\"og:locale\" content=\"es_ES\" \/>\n<meta property=\"og:type\" content=\"article\" \/>\n<meta property=\"og:title\" content=\"Los nombres de las 43 v\u00edctimas del accidente ferroviario en C\u00f3rdoba. Uno de ellos, sobrevivi\u00f3 a suceso similar en el 2013 - Cuballama Noticias\" \/>\n<meta property=\"og:description\" content=\"El listado de nombres divulgado de las v\u00edctimas choque de trenes en Adamuz (C\u00f3rdoba) y el caso de Agust\u00edn Fad\u00f3n (2013)\" \/>\n<meta property=\"og:url\" content=\"https:\/\/www.cuballama.com\/noticias\/los-nombres-de-las-43-victimas-del-accidente-ferroviario-en-cordoba-uno-de-ellos-sobrevivio-a-suceso-similar-en-el-2013\/\" \/>\n<meta property=\"og:site_name\" content=\"Cuballama Noticias\" \/>\n<meta property=\"article:publisher\" content=\"https:\/\/www.facebook.com\/CubaLlama\" \/>\n<meta property=\"article:published_time\" content=\"2026-01-22T15:05:19+00:00\" \/>\n<meta property=\"article:modified_time\" content=\"2026-01-22T15:05:21+00:00\" \/>\n<meta property=\"og:image\" content=\"https:\/\/cdn1.mediawpaccore.net\/wp-content\/uploads\/2026\/01\/22042751\/image-109.png\" \/>\n\t<meta property=\"og:image:width\" content=\"1964\" \/>\n\t<meta property=\"og:image:height\" content=\"1028\" \/>\n\t<meta property=\"og:image:type\" content=\"image\/png\" \/>\n<meta name=\"author\" content=\"Roberto A.\" \/>\n<meta name=\"twitter:card\" content=\"summary_large_image\" \/>\n<meta name=\"twitter:creator\" content=\"@cuballama\" \/>\n<meta name=\"twitter:site\" content=\"@cuballama\" \/>\n<meta name=\"twitter:label1\" content=\"Escrito por\" \/>\n\t<meta name=\"twitter:data1\" content=\"Roberto A.\" \/>\n\t<meta name=\"twitter:label2\" content=\"Tiempo de lectura\" \/>\n\t<meta name=\"twitter:data2\" content=\"3 minutos\" \/>\n<script type=\"application\/ld+json\" class=\"yoast-schema-graph\">{\"@context\":\"https:\\\/\\\/schema.org\",\"@graph\":[{\"@type\":\"Article\",\"@id\":\"https:\\\/\\\/www.cuballama.com\\\/noticias\\\/los-nombres-de-las-43-victimas-del-accidente-ferroviario-en-cordoba-uno-de-ellos-sobrevivio-a-suceso-similar-en-el-2013\\\/#article\",\"isPartOf\":{\"@id\":\"https:\\\/\\\/www.cuballama.com\\\/noticias\\\/los-nombres-de-las-43-victimas-del-accidente-ferroviario-en-cordoba-uno-de-ellos-sobrevivio-a-suceso-similar-en-el-2013\\\/\"},\"author\":{\"name\":\"Roberto A.\",\"@id\":\"https:\\\/\\\/www.cuballama.com\\\/noticias\\\/#\\\/schema\\\/person\\\/a58502ed4146c8e9f83872e897c76cd2\"},\"headline\":\"Los nombres de las 43 v\u00edctimas del accidente ferroviario en C\u00f3rdoba. Uno de ellos, sobrevivi\u00f3 a suceso similar en el 2013\",\"datePublished\":\"2026-01-22T15:05:19+00:00\",\"dateModified\":\"2026-01-22T15:05:21+00:00\",\"mainEntityOfPage\":{\"@id\":\"https:\\\/\\\/www.cuballama.com\\\/noticias\\\/los-nombres-de-las-43-victimas-del-accidente-ferroviario-en-cordoba-uno-de-ellos-sobrevivio-a-suceso-similar-en-el-2013\\\/\"},\"wordCount\":477,\"commentCount\":0,\"publisher\":{\"@id\":\"https:\\\/\\\/www.cuballama.com\\\/noticias\\\/#organization\"},\"image\":{\"@id\":\"https:\\\/\\\/www.cuballama.com\\\/noticias\\\/los-nombres-de-las-43-victimas-del-accidente-ferroviario-en-cordoba-uno-de-ellos-sobrevivio-a-suceso-similar-en-el-2013\\\/#primaryimage\"},\"thumbnailUrl\":\"https:\\\/\\\/cdn1.mediawpaccore.net\\\/wp-content\\\/uploads\\\/2026\\\/01\\\/22042751\\\/image-109.png\",\"keywords\":[\"accidente ferroviario\",\"Adamuz\",\"Agust\u00edn Fad\u00f3n\",\"alvia\",\"Angrois 2013\",\"C\u00f3rdoba\",\"Guardia Civil\",\"Instituto de Medicina Legal\",\"investigaci\u00f3n\",\"Iryo\",\"V\u00edctimas\"],\"articleSection\":[\"Noticias\",\"Noticias Internacionales\"],\"inLanguage\":\"es\",\"potentialAction\":[{\"@type\":\"CommentAction\",\"name\":\"Comment\",\"target\":[\"https:\\\/\\\/www.cuballama.com\\\/noticias\\\/los-nombres-de-las-43-victimas-del-accidente-ferroviario-en-cordoba-uno-de-ellos-sobrevivio-a-suceso-similar-en-el-2013\\\/#respond\"]}]},{\"@type\":\"WebPage\",\"@id\":\"https:\\\/\\\/www.cuballama.com\\\/noticias\\\/los-nombres-de-las-43-victimas-del-accidente-ferroviario-en-cordoba-uno-de-ellos-sobrevivio-a-suceso-similar-en-el-2013\\\/\",\"url\":\"https:\\\/\\\/www.cuballama.com\\\/noticias\\\/los-nombres-de-las-43-victimas-del-accidente-ferroviario-en-cordoba-uno-de-ellos-sobrevivio-a-suceso-similar-en-el-2013\\\/\",\"name\":\"Los nombres de las 43 v\u00edctimas del accidente ferroviario en C\u00f3rdoba. Uno de ellos, sobrevivi\u00f3 a suceso similar en el 2013 - Cuballama Noticias\",\"isPartOf\":{\"@id\":\"https:\\\/\\\/www.cuballama.com\\\/noticias\\\/#website\"},\"primaryImageOfPage\":{\"@id\":\"https:\\\/\\\/www.cuballama.com\\\/noticias\\\/los-nombres-de-las-43-victimas-del-accidente-ferroviario-en-cordoba-uno-de-ellos-sobrevivio-a-suceso-similar-en-el-2013\\\/#primaryimage\"},\"image\":{\"@id\":\"https:\\\/\\\/www.cuballama.com\\\/noticias\\\/los-nombres-de-las-43-victimas-del-accidente-ferroviario-en-cordoba-uno-de-ellos-sobrevivio-a-suceso-similar-en-el-2013\\\/#primaryimage\"},\"thumbnailUrl\":\"https:\\\/\\\/cdn1.mediawpaccore.net\\\/wp-content\\\/uploads\\\/2026\\\/01\\\/22042751\\\/image-109.png\",\"datePublished\":\"2026-01-22T15:05:19+00:00\",\"dateModified\":\"2026-01-22T15:05:21+00:00\",\"description\":\"El listado de nombres divulgado de las v\u00edctimas choque de trenes en Adamuz (C\u00f3rdoba) y el caso de Agust\u00edn Fad\u00f3n (2013)\",\"breadcrumb\":{\"@id\":\"https:\\\/\\\/www.cuballama.com\\\/noticias\\\/los-nombres-de-las-43-victimas-del-accidente-ferroviario-en-cordoba-uno-de-ellos-sobrevivio-a-suceso-similar-en-el-2013\\\/#breadcrumb\"},\"inLanguage\":\"es\",\"potentialAction\":[{\"@type\":\"ReadAction\",\"target\":[\"https:\\\/\\\/www.cuballama.com\\\/noticias\\\/los-nombres-de-las-43-victimas-del-accidente-ferroviario-en-cordoba-uno-de-ellos-sobrevivio-a-suceso-similar-en-el-2013\\\/\"]}]},{\"@type\":\"ImageObject\",\"inLanguage\":\"es\",\"@id\":\"https:\\\/\\\/www.cuballama.com\\\/noticias\\\/los-nombres-de-las-43-victimas-del-accidente-ferroviario-en-cordoba-uno-de-ellos-sobrevivio-a-suceso-similar-en-el-2013\\\/#primaryimage\",\"url\":\"https:\\\/\\\/cdn1.mediawpaccore.net\\\/wp-content\\\/uploads\\\/2026\\\/01\\\/22042751\\\/image-109.png\",\"contentUrl\":\"https:\\\/\\\/cdn1.mediawpaccore.net\\\/wp-content\\\/uploads\\\/2026\\\/01\\\/22042751\\\/image-109.png\",\"width\":1964,\"height\":1028,\"caption\":\"Algunos de los rostros de las 43 v\u00edctimas del fat\u00eddico accidente ferroviario ocurrido en Adamuz, C\u00f3rdoba, el pasado domingo. Foto: Coollage v\u00eda Redes Sociales\"},{\"@type\":\"BreadcrumbList\",\"@id\":\"https:\\\/\\\/www.cuballama.com\\\/noticias\\\/los-nombres-de-las-43-victimas-del-accidente-ferroviario-en-cordoba-uno-de-ellos-sobrevivio-a-suceso-similar-en-el-2013\\\/#breadcrumb\",\"itemListElement\":[{\"@type\":\"ListItem\",\"position\":1,\"name\":\"Home\",\"item\":\"https:\\\/\\\/www.cuballama.com\\\/noticias\\\/\"},{\"@type\":\"ListItem\",\"position\":2,\"name\":\"Los nombres de las 43 v\u00edctimas del accidente ferroviario en C\u00f3rdoba. Uno de ellos, sobrevivi\u00f3 a suceso similar en el 2013\"}]},{\"@type\":\"WebSite\",\"@id\":\"https:\\\/\\\/www.cuballama.com\\\/noticias\\\/#website\",\"url\":\"https:\\\/\\\/www.cuballama.com\\\/noticias\\\/\",\"name\":\"Cuballama Noticias\",\"description\":\"Medio digital sobre Cuba y el mundo\",\"publisher\":{\"@id\":\"https:\\\/\\\/www.cuballama.com\\\/noticias\\\/#organization\"},\"potentialAction\":[{\"@type\":\"SearchAction\",\"target\":{\"@type\":\"EntryPoint\",\"urlTemplate\":\"https:\\\/\\\/www.cuballama.com\\\/noticias\\\/?s={search_term_string}\"},\"query-input\":{\"@type\":\"PropertyValueSpecification\",\"valueRequired\":true,\"valueName\":\"search_term_string\"}}],\"inLanguage\":\"es\"},{\"@type\":\"Organization\",\"@id\":\"https:\\\/\\\/www.cuballama.com\\\/noticias\\\/#organization\",\"name\":\"Cuballama\",\"url\":\"https:\\\/\\\/www.cuballama.com\\\/noticias\\\/\",\"logo\":{\"@type\":\"ImageObject\",\"inLanguage\":\"es\",\"@id\":\"https:\\\/\\\/www.cuballama.com\\\/noticias\\\/#\\\/schema\\\/logo\\\/image\\\/\",\"url\":\"https:\\\/\\\/cdn1.mediawpaccore.net\\\/wp-content\\\/uploads\\\/2021\\\/12\\\/28171206\\\/cbll-logo-color-sm.png\",\"contentUrl\":\"https:\\\/\\\/cdn1.mediawpaccore.net\\\/wp-content\\\/uploads\\\/2021\\\/12\\\/28171206\\\/cbll-logo-color-sm.png\",\"width\":600,\"height\":133,\"caption\":\"Cuballama\"},\"image\":{\"@id\":\"https:\\\/\\\/www.cuballama.com\\\/noticias\\\/#\\\/schema\\\/logo\\\/image\\\/\"},\"sameAs\":[\"https:\\\/\\\/www.facebook.com\\\/CubaLlama\",\"https:\\\/\\\/x.com\\\/cuballama\",\"https:\\\/\\\/www.instagram.com\\\/stories\\\/cuballama_oficial\\\/\",\"https:\\\/\\\/www.youtube.com\\\/channel\\\/UCKkFE-d_axENGZcrc4as0IA\"]},{\"@type\":\"Person\",\"@id\":\"https:\\\/\\\/www.cuballama.com\\\/noticias\\\/#\\\/schema\\\/person\\\/a58502ed4146c8e9f83872e897c76cd2\",\"name\":\"Roberto A.\",\"description\":\"Roberto A. Periodista por decisi\u00f3n propia. Interesado en cualquier tema que me apasione y cada vez m\u00e1s comprometido con la verdad y la objetividad period\u00edstica. Graduado en La Habana hace ya muchos a\u00f1os, luego de una accidentada y polvorienta b\u00fasqueda de informaci\u00f3n sobre un tema in\u00e9dito. La Tesis, por cierto, desapareci\u00f3 de la biblioteca y no se conservan copias de la misma.\",\"url\":\"https:\\\/\\\/www.cuballama.com\\\/noticias\\\/author\\\/roberto\\\/\"}]}<\/script>\n<!-- \/ Yoast SEO plugin. -->","yoast_head_json":{"title":"Los nombres de las 43 v\u00edctimas del accidente ferroviario en C\u00f3rdoba. Uno de ellos, sobrevivi\u00f3 a suceso similar en el 2013 - Cuballama Noticias","description":"El listado de nombres divulgado de las v\u00edctimas choque de trenes en Adamuz (C\u00f3rdoba) y el caso de Agust\u00edn Fad\u00f3n (2013)","robots":{"index":"index","follow":"follow","max-snippet":"max-snippet:-1","max-image-preview":"max-image-preview:large","max-video-preview":"max-video-preview:-1"},"canonical":"https:\/\/www.cuballama.com\/noticias\/los-nombres-de-las-43-victimas-del-accidente-ferroviario-en-cordoba-uno-de-ellos-sobrevivio-a-suceso-similar-en-el-2013\/","og_locale":"es_ES","og_type":"article","og_title":"Los nombres de las 43 v\u00edctimas del accidente ferroviario en C\u00f3rdoba. Uno de ellos, sobrevivi\u00f3 a suceso similar en el 2013 - Cuballama Noticias","og_description":"El listado de nombres divulgado de las v\u00edctimas choque de trenes en Adamuz (C\u00f3rdoba) y el caso de Agust\u00edn Fad\u00f3n (2013)","og_url":"https:\/\/www.cuballama.com\/noticias\/los-nombres-de-las-43-victimas-del-accidente-ferroviario-en-cordoba-uno-de-ellos-sobrevivio-a-suceso-similar-en-el-2013\/","og_site_name":"Cuballama Noticias","article_publisher":"https:\/\/www.facebook.com\/CubaLlama","article_published_time":"2026-01-22T15:05:19+00:00","article_modified_time":"2026-01-22T15:05:21+00:00","og_image":[{"width":1964,"height":1028,"url":"https:\/\/cdn1.mediawpaccore.net\/wp-content\/uploads\/2026\/01\/22042751\/image-109.png","type":"image\/png"}],"author":"Roberto A.","twitter_card":"summary_large_image","twitter_creator":"@cuballama","twitter_site":"@cuballama","twitter_misc":{"Escrito por":"Roberto A.","Tiempo de lectura":"3 minutos"},"schema":{"@context":"https:\/\/schema.org","@graph":[{"@type":"Article","@id":"https:\/\/www.cuballama.com\/noticias\/los-nombres-de-las-43-victimas-del-accidente-ferroviario-en-cordoba-uno-de-ellos-sobrevivio-a-suceso-similar-en-el-2013\/#article","isPartOf":{"@id":"https:\/\/www.cuballama.com\/noticias\/los-nombres-de-las-43-victimas-del-accidente-ferroviario-en-cordoba-uno-de-ellos-sobrevivio-a-suceso-similar-en-el-2013\/"},"author":{"name":"Roberto A.","@id":"https:\/\/www.cuballama.com\/noticias\/#\/schema\/person\/a58502ed4146c8e9f83872e897c76cd2"},"headline":"Los nombres de las 43 v\u00edctimas del accidente ferroviario en C\u00f3rdoba. Uno de ellos, sobrevivi\u00f3 a suceso similar en el 2013","datePublished":"2026-01-22T15:05:19+00:00","dateModified":"2026-01-22T15:05:21+00:00","mainEntityOfPage":{"@id":"https:\/\/www.cuballama.com\/noticias\/los-nombres-de-las-43-victimas-del-accidente-ferroviario-en-cordoba-uno-de-ellos-sobrevivio-a-suceso-similar-en-el-2013\/"},"wordCount":477,"commentCount":0,"publisher":{"@id":"https:\/\/www.cuballama.com\/noticias\/#organization"},"image":{"@id":"https:\/\/www.cuballama.com\/noticias\/los-nombres-de-las-43-victimas-del-accidente-ferroviario-en-cordoba-uno-de-ellos-sobrevivio-a-suceso-similar-en-el-2013\/#primaryimage"},"thumbnailUrl":"https:\/\/cdn1.mediawpaccore.net\/wp-content\/uploads\/2026\/01\/22042751\/image-109.png","keywords":["accidente ferroviario","Adamuz","Agust\u00edn Fad\u00f3n","alvia","Angrois 2013","C\u00f3rdoba","Guardia Civil","Instituto de Medicina Legal","investigaci\u00f3n","Iryo","V\u00edctimas"],"articleSection":["Noticias","Noticias Internacionales"],"inLanguage":"es","potentialAction":[{"@type":"CommentAction","name":"Comment","target":["https:\/\/www.cuballama.com\/noticias\/los-nombres-de-las-43-victimas-del-accidente-ferroviario-en-cordoba-uno-de-ellos-sobrevivio-a-suceso-similar-en-el-2013\/#respond"]}]},{"@type":"WebPage","@id":"https:\/\/www.cuballama.com\/noticias\/los-nombres-de-las-43-victimas-del-accidente-ferroviario-en-cordoba-uno-de-ellos-sobrevivio-a-suceso-similar-en-el-2013\/","url":"https:\/\/www.cuballama.com\/noticias\/los-nombres-de-las-43-victimas-del-accidente-ferroviario-en-cordoba-uno-de-ellos-sobrevivio-a-suceso-similar-en-el-2013\/","name":"Los nombres de las 43 v\u00edctimas del accidente ferroviario en C\u00f3rdoba. Uno de ellos, sobrevivi\u00f3 a suceso similar en el 2013 - Cuballama Noticias","isPartOf":{"@id":"https:\/\/www.cuballama.com\/noticias\/#website"},"primaryImageOfPage":{"@id":"https:\/\/www.cuballama.com\/noticias\/los-nombres-de-las-43-victimas-del-accidente-ferroviario-en-cordoba-uno-de-ellos-sobrevivio-a-suceso-similar-en-el-2013\/#primaryimage"},"image":{"@id":"https:\/\/www.cuballama.com\/noticias\/los-nombres-de-las-43-victimas-del-accidente-ferroviario-en-cordoba-uno-de-ellos-sobrevivio-a-suceso-similar-en-el-2013\/#primaryimage"},"thumbnailUrl":"https:\/\/cdn1.mediawpaccore.net\/wp-content\/uploads\/2026\/01\/22042751\/image-109.png","datePublished":"2026-01-22T15:05:19+00:00","dateModified":"2026-01-22T15:05:21+00:00","description":"El listado de nombres divulgado de las v\u00edctimas choque de trenes en Adamuz (C\u00f3rdoba) y el caso de Agust\u00edn Fad\u00f3n (2013)","breadcrumb":{"@id":"https:\/\/www.cuballama.com\/noticias\/los-nombres-de-las-43-victimas-del-accidente-ferroviario-en-cordoba-uno-de-ellos-sobrevivio-a-suceso-similar-en-el-2013\/#breadcrumb"},"inLanguage":"es","potentialAction":[{"@type":"ReadAction","target":["https:\/\/www.cuballama.com\/noticias\/los-nombres-de-las-43-victimas-del-accidente-ferroviario-en-cordoba-uno-de-ellos-sobrevivio-a-suceso-similar-en-el-2013\/"]}]},{"@type":"ImageObject","inLanguage":"es","@id":"https:\/\/www.cuballama.com\/noticias\/los-nombres-de-las-43-victimas-del-accidente-ferroviario-en-cordoba-uno-de-ellos-sobrevivio-a-suceso-similar-en-el-2013\/#primaryimage","url":"https:\/\/cdn1.mediawpaccore.net\/wp-content\/uploads\/2026\/01\/22042751\/image-109.png","contentUrl":"https:\/\/cdn1.mediawpaccore.net\/wp-content\/uploads\/2026\/01\/22042751\/image-109.png","width":1964,"height":1028,"caption":"Algunos de los rostros de las 43 v\u00edctimas del fat\u00eddico accidente ferroviario ocurrido en Adamuz, C\u00f3rdoba, el pasado domingo. Foto: Coollage v\u00eda Redes Sociales"},{"@type":"BreadcrumbList","@id":"https:\/\/www.cuballama.com\/noticias\/los-nombres-de-las-43-victimas-del-accidente-ferroviario-en-cordoba-uno-de-ellos-sobrevivio-a-suceso-similar-en-el-2013\/#breadcrumb","itemListElement":[{"@type":"ListItem","position":1,"name":"Home","item":"https:\/\/www.cuballama.com\/noticias\/"},{"@type":"ListItem","position":2,"name":"Los nombres de las 43 v\u00edctimas del accidente ferroviario en C\u00f3rdoba. Uno de ellos, sobrevivi\u00f3 a suceso similar en el 2013"}]},{"@type":"WebSite","@id":"https:\/\/www.cuballama.com\/noticias\/#website","url":"https:\/\/www.cuballama.com\/noticias\/","name":"Cuballama Noticias","description":"Medio digital sobre Cuba y el mundo","publisher":{"@id":"https:\/\/www.cuballama.com\/noticias\/#organization"},"potentialAction":[{"@type":"SearchAction","target":{"@type":"EntryPoint","urlTemplate":"https:\/\/www.cuballama.com\/noticias\/?s={search_term_string}"},"query-input":{"@type":"PropertyValueSpecification","valueRequired":true,"valueName":"search_term_string"}}],"inLanguage":"es"},{"@type":"Organization","@id":"https:\/\/www.cuballama.com\/noticias\/#organization","name":"Cuballama","url":"https:\/\/www.cuballama.com\/noticias\/","logo":{"@type":"ImageObject","inLanguage":"es","@id":"https:\/\/www.cuballama.com\/noticias\/#\/schema\/logo\/image\/","url":"https:\/\/cdn1.mediawpaccore.net\/wp-content\/uploads\/2021\/12\/28171206\/cbll-logo-color-sm.png","contentUrl":"https:\/\/cdn1.mediawpaccore.net\/wp-content\/uploads\/2021\/12\/28171206\/cbll-logo-color-sm.png","width":600,"height":133,"caption":"Cuballama"},"image":{"@id":"https:\/\/www.cuballama.com\/noticias\/#\/schema\/logo\/image\/"},"sameAs":["https:\/\/www.facebook.com\/CubaLlama","https:\/\/x.com\/cuballama","https:\/\/www.instagram.com\/stories\/cuballama_oficial\/","https:\/\/www.youtube.com\/channel\/UCKkFE-d_axENGZcrc4as0IA"]},{"@type":"Person","@id":"https:\/\/www.cuballama.com\/noticias\/#\/schema\/person\/a58502ed4146c8e9f83872e897c76cd2","name":"Roberto A.","description":"Roberto A. Periodista por decisi\u00f3n propia. Interesado en cualquier tema que me apasione y cada vez m\u00e1s comprometido con la verdad y la objetividad period\u00edstica. Graduado en La Habana hace ya muchos a\u00f1os, luego de una accidentada y polvorienta b\u00fasqueda de informaci\u00f3n sobre un tema in\u00e9dito. La Tesis, por cierto, desapareci\u00f3 de la biblioteca y no se conservan copias de la misma.","url":"https:\/\/www.cuballama.com\/noticias\/author\/roberto\/"}]}},"_links":{"self":[{"href":"https:\/\/www.cuballama.com\/noticias\/wp-json\/wp\/v2\/posts\/232971","targetHints":{"allow":["GET"]}}],"collection":[{"href":"https:\/\/www.cuballama.com\/noticias\/wp-json\/wp\/v2\/posts"}],"about":[{"href":"https:\/\/www.cuballama.com\/noticias\/wp-json\/wp\/v2\/types\/post"}],"author":[{"embeddable":true,"href":"https:\/\/www.cuballama.com\/noticias\/wp-json\/wp\/v2\/users\/13"}],"replies":[{"embeddable":true,"href":"https:\/\/www.cuballama.com\/noticias\/wp-json\/wp\/v2\/comments?post=232971"}],"version-history":[{"count":3,"href":"https:\/\/www.cuballama.com\/noticias\/wp-json\/wp\/v2\/posts\/232971\/revisions"}],"predecessor-version":[{"id":232985,"href":"https:\/\/www.cuballama.com\/noticias\/wp-json\/wp\/v2\/posts\/232971\/revisions\/232985"}],"wp:featuredmedia":[{"embeddable":true,"href":"https:\/\/www.cuballama.com\/noticias\/wp-json\/wp\/v2\/media\/232984"}],"wp:attachment":[{"href":"https:\/\/www.cuballama.com\/noticias\/wp-json\/wp\/v2\/media?parent=232971"}],"wp:term":[{"taxonomy":"category","embeddable":true,"href":"https:\/\/www.cuballama.com\/noticias\/wp-json\/wp\/v2\/categories?post=232971"},{"taxonomy":"post_tag","embeddable":true,"href":"https:\/\/www.cuballama.com\/noticias\/wp-json\/wp\/v2\/tags?post=232971"}],"curies":[{"name":"wp","href":"https:\/\/api.w.org\/{rel}","templated":true}]}}