{"id":232946,"date":"2026-01-21T15:31:21","date_gmt":"2026-01-21T20:31:21","guid":{"rendered":"https:\/\/www.cuballama.com\/noticias\/?p=232946"},"modified":"2026-01-21T15:31:24","modified_gmt":"2026-01-21T20:31:24","slug":"aduana-de-cuba-promete-agilidad-y-transparencia-con-nuevas-normas-desde-2026","status":"publish","type":"post","link":"https:\/\/www.cuballama.com\/noticias\/aduana-de-cuba-promete-agilidad-y-transparencia-con-nuevas-normas-desde-2026\/","title":{"rendered":"Aduana de Cuba promete \u201cagilidad y transparencia\u201d con nuevas normas desde 2026"},"content":{"rendered":"\n<p>La <strong>Aduana General de la Rep\u00fablica de Cuba<\/strong> inform\u00f3 este martes que, a partir de <strong>abril de 2026<\/strong>, entrar\u00e1 en vigor un nuevo andamiaje jur\u00eddico que cambia la arquitectura interna del organismo y ampl\u00eda sus funciones en frontera.&nbsp;<\/p>\n\n\n\n<p>El paquete aparece en la <strong>Gaceta Oficial No. 7 de 2026<\/strong> e incluye el <strong>Decreto-Ley 108 \u201cDe Aduanas\u201d<\/strong>, su Reglamento (<strong>Decreto 134<\/strong>) y <strong>nueve resoluciones complementarias<\/strong>, presentado por las autoridades como una apuesta por \u201cmodernizar\u201d tr\u00e1mites y \u201cgarantizar un comercio exterior m\u00e1s \u00e1gil, transparente y profesional\u201d.&nbsp;<\/p>\n\n\n\n<p>En la comunicaci\u00f3n oficial, la instituci\u00f3n enmarc\u00f3 la reforma dentro de un \u201cproceso continuo de perfeccionamiento institucional\u201d y sostuvo que el compendio \u201cest\u00e1 en armon\u00eda con los postulados constitucionales y los est\u00e1ndares internacionales promovidos por la Organizaci\u00f3n Mundial de Aduanas\u201d.&nbsp;<\/p>\n\n\n\n<p>Uno de los cambios m\u00e1s visibles es que el nuevo Decreto-Ley deja atr\u00e1s el marco anterior (el <strong>Decreto-Ley 162 de 1996<\/strong> y sus reformas posteriores) y concentra facultades en la direcci\u00f3n del organismo. En la pr\u00e1ctica, el jefe de la Aduana queda con margen para <strong>crear o suprimir unidades<\/strong>, autorizar <strong>reg\u00edmenes especiales<\/strong>, y decidir sobre <strong>retenci\u00f3n, decomiso<\/strong> y figuras como el abandono legal o voluntario de bienes a favor del Estado.&nbsp;<\/p>\n\n\n\n<p>El texto tambi\u00e9n fija atribuciones operativas de amplio alcance. El art\u00edculo 14, por ejemplo, reconoce la capacidad de: \u201cDisponer el control aduanero sobre locales, oficinas, almacenes, veh\u00edculos y otros medios de transporte, medios de embalaje, personas, y dem\u00e1s bienes y lugares, lo que incluye el registro.\u201d<\/p>\n\n\n\n<p>A la vez, se faculta al organismo para aplicar \u201cla medida cautelar de retenci\u00f3n u ocupaci\u00f3n de las mercanc\u00edas, bienes, valores, documentos en soporte de cualquier tipo y medios en que se transportan\u201d hasta que concluya la investigaci\u00f3n o se imponga la sanci\u00f3n correspondiente.&nbsp;<\/p>\n\n\n\n<p>En otro punto sensible, la norma establece que las actuaciones aduaneras tendr\u00e1n \u201cla validez que le corresponde a las ejecutadas por cualquier \u00f3rgano de instrucci\u00f3n primaria\u201d ante la detecci\u00f3n de hechos presuntamente delictivos, reforzando una l\u00f3gica de intervenci\u00f3n que se acerca a funciones t\u00edpicas de instrucci\u00f3n e investigaci\u00f3n.&nbsp;<\/p>\n\n\n\n<p>El Decreto-Ley incorpora un sistema de vigilancia y supervisi\u00f3n sostenida en tecnolog\u00eda, que contempla \u201cla radiol\u00f3gica a personas, sus equipajes, cargas y medios de transporte\u201d, \u201cla canina en mercanc\u00edas, medios de transporte y personas\u201d, y \u201cel sistema de circuito cerrado de televisi\u00f3n en los recintos aduaneros\u201d.&nbsp;<\/p>\n\n\n\n<p>Adem\u00e1s, fija expresamente que el pasajero que se niegue a pasar por el control puede quedarse sin viaje: \u201cLa Aduana est\u00e1 facultada para impedir que una persona acceda a un sal\u00f3n est\u00e9ril o aborde un medio de transporte internacional, si se negara a someterse al control de seguridad.\u201d<\/p>\n\n\n\n<p><strong><a href=\"https:\/\/www.cuballama.com\/noticias\/aduana-general-de-la-republica-de-cuba-no-cree-ni-en-amarilys-nunez\/\" target=\"_blank\" rel=\"noreferrer noopener\">La Aduana<\/a><\/strong> promete \u201cuna mayor facilitaci\u00f3n del comercio internacional y nuevas exigencias de seguridad en frontera\u201d, pero el anuncio llega en un contexto donde la econom\u00eda nacional depende, en buena medida, de <strong>importaciones personales, paqueter\u00eda y env\u00edos familiares<\/strong> para cubrir faltantes cotidianos.\u00a0<\/p>\n\n\n\n<p>Seg\u00fan el propio Gobierno, durante los <strong>90 d\u00edas<\/strong> previos a la entrada en vigor se desarrollar\u00e1n acciones de capacitaci\u00f3n y divulgaci\u00f3n para \u201cesclarecer dudas, criterios o planteamientos que surjan a trav\u00e9s de las personas por las v\u00edas de comunicaci\u00f3n establecidas\u201d.&nbsp;<\/p>\n\n\n\n<p>Lo que queda claro al leer el enfoque del documento es la prioridad que se le da a la dimensi\u00f3n pol\u00edtica de la seguridad. El art\u00edculo 12 define: \u201cLa Aduana General de la Rep\u00fablica es la encargada de dirigir, controlar y aplicar la pol\u00edtica estatal en materia de aduanas y garantiza, dentro de su jurisdicci\u00f3n y competencia, la facilitaci\u00f3n del comercio y la seguridad de la sociedad socialista.\u201d<\/p>\n\n\n\n<p>Y el art\u00edculo 13 refuerza la idea al fijar como deber institucional: \u201cDirigir, controlar y enfrentar, dentro de su jurisdicci\u00f3n y competencia, los hechos que ponen en riesgo la seguridad de la sociedad socialista, la econom\u00eda y la salida internacional.\u201d<\/p>\n\n\n\n<p>En resumen: bajo el discurso de modernizaci\u00f3n y eficiencia, el nuevo marco legal redibuja a la Aduana con <strong>m\u00e1s poder concentrado<\/strong>, m\u00e1s herramientas de control y una misi\u00f3n que no se limita a lo comercial, sino que se ata expl\u00edcitamente a la \u201cseguridad de la sociedad socialista\u201d.<\/p>\n","protected":false},"excerpt":{"rendered":"<p>La Aduana General de la Rep\u00fablica asegura que la reforma busca \u201cmodernizar\u201d procedimientos y ofrecer un servicio \u201cm\u00e1s \u00e1gil, transparente y profesional\u201d en comercio exterior y frontera.<\/p>\n","protected":false},"author":29,"featured_media":194516,"comment_status":"open","ping_status":"closed","sticky":false,"template":"","format":"standard","meta":{"_acf_changed":false,"footnotes":""},"categories":[14202,18,955],"tags":[595,9980,92,941],"class_list":{"0":"post-232946","1":"post","2":"type-post","3":"status-publish","4":"format-standard","5":"has-post-thumbnail","7":"category-destacado-cuba","8":"category-noticias","9":"category-noticias-de-cuba","10":"tag-aduana","11":"tag-aduana-de-cuba","12":"tag-cubanos","13":"tag-destacado"},"acf":[],"yoast_head":"<!-- This site is optimized with the Yoast SEO plugin v27.5 - https:\/\/yoast.com\/product\/yoast-seo-wordpress\/ -->\n<title>Aduana de Cuba promete \u201cagilidad y transparencia\u201d con nuevas normas desde 2026 - Cuballama Noticias<\/title>\n<meta name=\"description\" content=\"La Aduana General de la Rep\u00fablica asegura que la reforma busca \u201cmodernizar\u201d procedimientos y ofrecer un servicio \u201cm\u00e1s \u00e1gil, transparente&quot;.\" \/>\n<meta name=\"robots\" content=\"index, follow, max-snippet:-1, max-image-preview:large, max-video-preview:-1\" \/>\n<link rel=\"canonical\" href=\"https:\/\/www.cuballama.com\/noticias\/aduana-de-cuba-promete-agilidad-y-transparencia-con-nuevas-normas-desde-2026\/\" \/>\n<meta property=\"og:locale\" content=\"es_ES\" \/>\n<meta property=\"og:type\" content=\"article\" \/>\n<meta property=\"og:title\" content=\"Aduana de Cuba promete \u201cagilidad y transparencia\u201d con nuevas normas desde 2026 - Cuballama Noticias\" \/>\n<meta property=\"og:description\" content=\"La Aduana General de la Rep\u00fablica asegura que la reforma busca \u201cmodernizar\u201d procedimientos y ofrecer un servicio \u201cm\u00e1s \u00e1gil, transparente&quot;.\" \/>\n<meta property=\"og:url\" content=\"https:\/\/www.cuballama.com\/noticias\/aduana-de-cuba-promete-agilidad-y-transparencia-con-nuevas-normas-desde-2026\/\" \/>\n<meta property=\"og:site_name\" content=\"Cuballama Noticias\" \/>\n<meta property=\"article:publisher\" content=\"https:\/\/www.facebook.com\/CubaLlama\" \/>\n<meta property=\"article:published_time\" content=\"2026-01-21T20:31:21+00:00\" \/>\n<meta property=\"article:modified_time\" content=\"2026-01-21T20:31:24+00:00\" \/>\n<meta property=\"og:image\" content=\"https:\/\/cdn1.mediawpaccore.net\/wp-content\/uploads\/2025\/01\/04112715\/8uba-Areopuerto-Migracion-y-Aduana-27-1920x13451-1.jpg\" \/>\n\t<meta property=\"og:image:width\" content=\"1200\" \/>\n\t<meta property=\"og:image:height\" content=\"630\" \/>\n\t<meta property=\"og:image:type\" content=\"image\/jpeg\" \/>\n<meta name=\"author\" content=\"Sof\u00eda Reyes\" \/>\n<meta name=\"twitter:card\" content=\"summary_large_image\" \/>\n<meta name=\"twitter:creator\" content=\"@cuballama\" \/>\n<meta name=\"twitter:site\" content=\"@cuballama\" \/>\n<meta name=\"twitter:label1\" content=\"Escrito por\" \/>\n\t<meta name=\"twitter:data1\" content=\"Sof\u00eda Reyes\" \/>\n\t<meta name=\"twitter:label2\" content=\"Tiempo de lectura\" \/>\n\t<meta name=\"twitter:data2\" content=\"4 minutos\" \/>\n<script type=\"application\/ld+json\" class=\"yoast-schema-graph\">{\"@context\":\"https:\\\/\\\/schema.org\",\"@graph\":[{\"@type\":\"Article\",\"@id\":\"https:\\\/\\\/www.cuballama.com\\\/noticias\\\/aduana-de-cuba-promete-agilidad-y-transparencia-con-nuevas-normas-desde-2026\\\/#article\",\"isPartOf\":{\"@id\":\"https:\\\/\\\/www.cuballama.com\\\/noticias\\\/aduana-de-cuba-promete-agilidad-y-transparencia-con-nuevas-normas-desde-2026\\\/\"},\"author\":{\"name\":\"Sof\u00eda Reyes\",\"@id\":\"https:\\\/\\\/www.cuballama.com\\\/noticias\\\/#\\\/schema\\\/person\\\/5cba2b8cc25a3159e49fe730a94d512e\"},\"headline\":\"Aduana de Cuba promete \u201cagilidad y transparencia\u201d con nuevas normas desde 2026\",\"datePublished\":\"2026-01-21T20:31:21+00:00\",\"dateModified\":\"2026-01-21T20:31:24+00:00\",\"mainEntityOfPage\":{\"@id\":\"https:\\\/\\\/www.cuballama.com\\\/noticias\\\/aduana-de-cuba-promete-agilidad-y-transparencia-con-nuevas-normas-desde-2026\\\/\"},\"wordCount\":740,\"commentCount\":0,\"publisher\":{\"@id\":\"https:\\\/\\\/www.cuballama.com\\\/noticias\\\/#organization\"},\"image\":{\"@id\":\"https:\\\/\\\/www.cuballama.com\\\/noticias\\\/aduana-de-cuba-promete-agilidad-y-transparencia-con-nuevas-normas-desde-2026\\\/#primaryimage\"},\"thumbnailUrl\":\"https:\\\/\\\/cdn1.mediawpaccore.net\\\/wp-content\\\/uploads\\\/2025\\\/01\\\/04112715\\\/8uba-Areopuerto-Migracion-y-Aduana-27-1920x13451-1.jpg\",\"keywords\":[\"Aduana\",\"Aduana de Cuba\",\"cubanos\",\"destacado\"],\"articleSection\":[\"Destacado Cuba\",\"Noticias\",\"Noticias de Cuba\"],\"inLanguage\":\"es\",\"potentialAction\":[{\"@type\":\"CommentAction\",\"name\":\"Comment\",\"target\":[\"https:\\\/\\\/www.cuballama.com\\\/noticias\\\/aduana-de-cuba-promete-agilidad-y-transparencia-con-nuevas-normas-desde-2026\\\/#respond\"]}]},{\"@type\":\"WebPage\",\"@id\":\"https:\\\/\\\/www.cuballama.com\\\/noticias\\\/aduana-de-cuba-promete-agilidad-y-transparencia-con-nuevas-normas-desde-2026\\\/\",\"url\":\"https:\\\/\\\/www.cuballama.com\\\/noticias\\\/aduana-de-cuba-promete-agilidad-y-transparencia-con-nuevas-normas-desde-2026\\\/\",\"name\":\"Aduana de Cuba promete \u201cagilidad y transparencia\u201d con nuevas normas desde 2026 - Cuballama Noticias\",\"isPartOf\":{\"@id\":\"https:\\\/\\\/www.cuballama.com\\\/noticias\\\/#website\"},\"primaryImageOfPage\":{\"@id\":\"https:\\\/\\\/www.cuballama.com\\\/noticias\\\/aduana-de-cuba-promete-agilidad-y-transparencia-con-nuevas-normas-desde-2026\\\/#primaryimage\"},\"image\":{\"@id\":\"https:\\\/\\\/www.cuballama.com\\\/noticias\\\/aduana-de-cuba-promete-agilidad-y-transparencia-con-nuevas-normas-desde-2026\\\/#primaryimage\"},\"thumbnailUrl\":\"https:\\\/\\\/cdn1.mediawpaccore.net\\\/wp-content\\\/uploads\\\/2025\\\/01\\\/04112715\\\/8uba-Areopuerto-Migracion-y-Aduana-27-1920x13451-1.jpg\",\"datePublished\":\"2026-01-21T20:31:21+00:00\",\"dateModified\":\"2026-01-21T20:31:24+00:00\",\"description\":\"La Aduana General de la Rep\u00fablica asegura que la reforma busca \u201cmodernizar\u201d procedimientos y ofrecer un servicio \u201cm\u00e1s \u00e1gil, transparente\\\".\",\"breadcrumb\":{\"@id\":\"https:\\\/\\\/www.cuballama.com\\\/noticias\\\/aduana-de-cuba-promete-agilidad-y-transparencia-con-nuevas-normas-desde-2026\\\/#breadcrumb\"},\"inLanguage\":\"es\",\"potentialAction\":[{\"@type\":\"ReadAction\",\"target\":[\"https:\\\/\\\/www.cuballama.com\\\/noticias\\\/aduana-de-cuba-promete-agilidad-y-transparencia-con-nuevas-normas-desde-2026\\\/\"]}]},{\"@type\":\"ImageObject\",\"inLanguage\":\"es\",\"@id\":\"https:\\\/\\\/www.cuballama.com\\\/noticias\\\/aduana-de-cuba-promete-agilidad-y-transparencia-con-nuevas-normas-desde-2026\\\/#primaryimage\",\"url\":\"https:\\\/\\\/cdn1.mediawpaccore.net\\\/wp-content\\\/uploads\\\/2025\\\/01\\\/04112715\\\/8uba-Areopuerto-Migracion-y-Aduana-27-1920x13451-1.jpg\",\"contentUrl\":\"https:\\\/\\\/cdn1.mediawpaccore.net\\\/wp-content\\\/uploads\\\/2025\\\/01\\\/04112715\\\/8uba-Areopuerto-Migracion-y-Aduana-27-1920x13451-1.jpg\",\"width\":1200,\"height\":630,\"caption\":\"Viajeros en Cuba. Foto: RL Hevia\\\/CN360.\"},{\"@type\":\"BreadcrumbList\",\"@id\":\"https:\\\/\\\/www.cuballama.com\\\/noticias\\\/aduana-de-cuba-promete-agilidad-y-transparencia-con-nuevas-normas-desde-2026\\\/#breadcrumb\",\"itemListElement\":[{\"@type\":\"ListItem\",\"position\":1,\"name\":\"Home\",\"item\":\"https:\\\/\\\/www.cuballama.com\\\/noticias\\\/\"},{\"@type\":\"ListItem\",\"position\":2,\"name\":\"Aduana de Cuba promete \u201cagilidad y transparencia\u201d con nuevas normas desde 2026\"}]},{\"@type\":\"WebSite\",\"@id\":\"https:\\\/\\\/www.cuballama.com\\\/noticias\\\/#website\",\"url\":\"https:\\\/\\\/www.cuballama.com\\\/noticias\\\/\",\"name\":\"Cuballama Noticias\",\"description\":\"Medio digital sobre Cuba y el mundo\",\"publisher\":{\"@id\":\"https:\\\/\\\/www.cuballama.com\\\/noticias\\\/#organization\"},\"potentialAction\":[{\"@type\":\"SearchAction\",\"target\":{\"@type\":\"EntryPoint\",\"urlTemplate\":\"https:\\\/\\\/www.cuballama.com\\\/noticias\\\/?s={search_term_string}\"},\"query-input\":{\"@type\":\"PropertyValueSpecification\",\"valueRequired\":true,\"valueName\":\"search_term_string\"}}],\"inLanguage\":\"es\"},{\"@type\":\"Organization\",\"@id\":\"https:\\\/\\\/www.cuballama.com\\\/noticias\\\/#organization\",\"name\":\"Cuballama\",\"url\":\"https:\\\/\\\/www.cuballama.com\\\/noticias\\\/\",\"logo\":{\"@type\":\"ImageObject\",\"inLanguage\":\"es\",\"@id\":\"https:\\\/\\\/www.cuballama.com\\\/noticias\\\/#\\\/schema\\\/logo\\\/image\\\/\",\"url\":\"https:\\\/\\\/cdn1.mediawpaccore.net\\\/wp-content\\\/uploads\\\/2021\\\/12\\\/28171206\\\/cbll-logo-color-sm.png\",\"contentUrl\":\"https:\\\/\\\/cdn1.mediawpaccore.net\\\/wp-content\\\/uploads\\\/2021\\\/12\\\/28171206\\\/cbll-logo-color-sm.png\",\"width\":600,\"height\":133,\"caption\":\"Cuballama\"},\"image\":{\"@id\":\"https:\\\/\\\/www.cuballama.com\\\/noticias\\\/#\\\/schema\\\/logo\\\/image\\\/\"},\"sameAs\":[\"https:\\\/\\\/www.facebook.com\\\/CubaLlama\",\"https:\\\/\\\/x.com\\\/cuballama\",\"https:\\\/\\\/www.instagram.com\\\/stories\\\/cuballama_oficial\\\/\",\"https:\\\/\\\/www.youtube.com\\\/channel\\\/UCKkFE-d_axENGZcrc4as0IA\"]},{\"@type\":\"Person\",\"@id\":\"https:\\\/\\\/www.cuballama.com\\\/noticias\\\/#\\\/schema\\\/person\\\/5cba2b8cc25a3159e49fe730a94d512e\",\"name\":\"Sof\u00eda Reyes\",\"url\":\"https:\\\/\\\/www.cuballama.com\\\/noticias\\\/author\\\/laura\\\/\"}]}<\/script>\n<!-- \/ Yoast SEO plugin. -->","yoast_head_json":{"title":"Aduana de Cuba promete \u201cagilidad y transparencia\u201d con nuevas normas desde 2026 - Cuballama Noticias","description":"La Aduana General de la Rep\u00fablica asegura que la reforma busca \u201cmodernizar\u201d procedimientos y ofrecer un servicio \u201cm\u00e1s \u00e1gil, transparente\".","robots":{"index":"index","follow":"follow","max-snippet":"max-snippet:-1","max-image-preview":"max-image-preview:large","max-video-preview":"max-video-preview:-1"},"canonical":"https:\/\/www.cuballama.com\/noticias\/aduana-de-cuba-promete-agilidad-y-transparencia-con-nuevas-normas-desde-2026\/","og_locale":"es_ES","og_type":"article","og_title":"Aduana de Cuba promete \u201cagilidad y transparencia\u201d con nuevas normas desde 2026 - Cuballama Noticias","og_description":"La Aduana General de la Rep\u00fablica asegura que la reforma busca \u201cmodernizar\u201d procedimientos y ofrecer un servicio \u201cm\u00e1s \u00e1gil, transparente\".","og_url":"https:\/\/www.cuballama.com\/noticias\/aduana-de-cuba-promete-agilidad-y-transparencia-con-nuevas-normas-desde-2026\/","og_site_name":"Cuballama Noticias","article_publisher":"https:\/\/www.facebook.com\/CubaLlama","article_published_time":"2026-01-21T20:31:21+00:00","article_modified_time":"2026-01-21T20:31:24+00:00","og_image":[{"width":1200,"height":630,"url":"https:\/\/cdn1.mediawpaccore.net\/wp-content\/uploads\/2025\/01\/04112715\/8uba-Areopuerto-Migracion-y-Aduana-27-1920x13451-1.jpg","type":"image\/jpeg"}],"author":"Sof\u00eda Reyes","twitter_card":"summary_large_image","twitter_creator":"@cuballama","twitter_site":"@cuballama","twitter_misc":{"Escrito por":"Sof\u00eda Reyes","Tiempo de lectura":"4 minutos"},"schema":{"@context":"https:\/\/schema.org","@graph":[{"@type":"Article","@id":"https:\/\/www.cuballama.com\/noticias\/aduana-de-cuba-promete-agilidad-y-transparencia-con-nuevas-normas-desde-2026\/#article","isPartOf":{"@id":"https:\/\/www.cuballama.com\/noticias\/aduana-de-cuba-promete-agilidad-y-transparencia-con-nuevas-normas-desde-2026\/"},"author":{"name":"Sof\u00eda Reyes","@id":"https:\/\/www.cuballama.com\/noticias\/#\/schema\/person\/5cba2b8cc25a3159e49fe730a94d512e"},"headline":"Aduana de Cuba promete \u201cagilidad y transparencia\u201d con nuevas normas desde 2026","datePublished":"2026-01-21T20:31:21+00:00","dateModified":"2026-01-21T20:31:24+00:00","mainEntityOfPage":{"@id":"https:\/\/www.cuballama.com\/noticias\/aduana-de-cuba-promete-agilidad-y-transparencia-con-nuevas-normas-desde-2026\/"},"wordCount":740,"commentCount":0,"publisher":{"@id":"https:\/\/www.cuballama.com\/noticias\/#organization"},"image":{"@id":"https:\/\/www.cuballama.com\/noticias\/aduana-de-cuba-promete-agilidad-y-transparencia-con-nuevas-normas-desde-2026\/#primaryimage"},"thumbnailUrl":"https:\/\/cdn1.mediawpaccore.net\/wp-content\/uploads\/2025\/01\/04112715\/8uba-Areopuerto-Migracion-y-Aduana-27-1920x13451-1.jpg","keywords":["Aduana","Aduana de Cuba","cubanos","destacado"],"articleSection":["Destacado Cuba","Noticias","Noticias de Cuba"],"inLanguage":"es","potentialAction":[{"@type":"CommentAction","name":"Comment","target":["https:\/\/www.cuballama.com\/noticias\/aduana-de-cuba-promete-agilidad-y-transparencia-con-nuevas-normas-desde-2026\/#respond"]}]},{"@type":"WebPage","@id":"https:\/\/www.cuballama.com\/noticias\/aduana-de-cuba-promete-agilidad-y-transparencia-con-nuevas-normas-desde-2026\/","url":"https:\/\/www.cuballama.com\/noticias\/aduana-de-cuba-promete-agilidad-y-transparencia-con-nuevas-normas-desde-2026\/","name":"Aduana de Cuba promete \u201cagilidad y transparencia\u201d con nuevas normas desde 2026 - Cuballama Noticias","isPartOf":{"@id":"https:\/\/www.cuballama.com\/noticias\/#website"},"primaryImageOfPage":{"@id":"https:\/\/www.cuballama.com\/noticias\/aduana-de-cuba-promete-agilidad-y-transparencia-con-nuevas-normas-desde-2026\/#primaryimage"},"image":{"@id":"https:\/\/www.cuballama.com\/noticias\/aduana-de-cuba-promete-agilidad-y-transparencia-con-nuevas-normas-desde-2026\/#primaryimage"},"thumbnailUrl":"https:\/\/cdn1.mediawpaccore.net\/wp-content\/uploads\/2025\/01\/04112715\/8uba-Areopuerto-Migracion-y-Aduana-27-1920x13451-1.jpg","datePublished":"2026-01-21T20:31:21+00:00","dateModified":"2026-01-21T20:31:24+00:00","description":"La Aduana General de la Rep\u00fablica asegura que la reforma busca \u201cmodernizar\u201d procedimientos y ofrecer un servicio \u201cm\u00e1s \u00e1gil, transparente\".","breadcrumb":{"@id":"https:\/\/www.cuballama.com\/noticias\/aduana-de-cuba-promete-agilidad-y-transparencia-con-nuevas-normas-desde-2026\/#breadcrumb"},"inLanguage":"es","potentialAction":[{"@type":"ReadAction","target":["https:\/\/www.cuballama.com\/noticias\/aduana-de-cuba-promete-agilidad-y-transparencia-con-nuevas-normas-desde-2026\/"]}]},{"@type":"ImageObject","inLanguage":"es","@id":"https:\/\/www.cuballama.com\/noticias\/aduana-de-cuba-promete-agilidad-y-transparencia-con-nuevas-normas-desde-2026\/#primaryimage","url":"https:\/\/cdn1.mediawpaccore.net\/wp-content\/uploads\/2025\/01\/04112715\/8uba-Areopuerto-Migracion-y-Aduana-27-1920x13451-1.jpg","contentUrl":"https:\/\/cdn1.mediawpaccore.net\/wp-content\/uploads\/2025\/01\/04112715\/8uba-Areopuerto-Migracion-y-Aduana-27-1920x13451-1.jpg","width":1200,"height":630,"caption":"Viajeros en Cuba. Foto: RL Hevia\/CN360."},{"@type":"BreadcrumbList","@id":"https:\/\/www.cuballama.com\/noticias\/aduana-de-cuba-promete-agilidad-y-transparencia-con-nuevas-normas-desde-2026\/#breadcrumb","itemListElement":[{"@type":"ListItem","position":1,"name":"Home","item":"https:\/\/www.cuballama.com\/noticias\/"},{"@type":"ListItem","position":2,"name":"Aduana de Cuba promete \u201cagilidad y transparencia\u201d con nuevas normas desde 2026"}]},{"@type":"WebSite","@id":"https:\/\/www.cuballama.com\/noticias\/#website","url":"https:\/\/www.cuballama.com\/noticias\/","name":"Cuballama Noticias","description":"Medio digital sobre Cuba y el mundo","publisher":{"@id":"https:\/\/www.cuballama.com\/noticias\/#organization"},"potentialAction":[{"@type":"SearchAction","target":{"@type":"EntryPoint","urlTemplate":"https:\/\/www.cuballama.com\/noticias\/?s={search_term_string}"},"query-input":{"@type":"PropertyValueSpecification","valueRequired":true,"valueName":"search_term_string"}}],"inLanguage":"es"},{"@type":"Organization","@id":"https:\/\/www.cuballama.com\/noticias\/#organization","name":"Cuballama","url":"https:\/\/www.cuballama.com\/noticias\/","logo":{"@type":"ImageObject","inLanguage":"es","@id":"https:\/\/www.cuballama.com\/noticias\/#\/schema\/logo\/image\/","url":"https:\/\/cdn1.mediawpaccore.net\/wp-content\/uploads\/2021\/12\/28171206\/cbll-logo-color-sm.png","contentUrl":"https:\/\/cdn1.mediawpaccore.net\/wp-content\/uploads\/2021\/12\/28171206\/cbll-logo-color-sm.png","width":600,"height":133,"caption":"Cuballama"},"image":{"@id":"https:\/\/www.cuballama.com\/noticias\/#\/schema\/logo\/image\/"},"sameAs":["https:\/\/www.facebook.com\/CubaLlama","https:\/\/x.com\/cuballama","https:\/\/www.instagram.com\/stories\/cuballama_oficial\/","https:\/\/www.youtube.com\/channel\/UCKkFE-d_axENGZcrc4as0IA"]},{"@type":"Person","@id":"https:\/\/www.cuballama.com\/noticias\/#\/schema\/person\/5cba2b8cc25a3159e49fe730a94d512e","name":"Sof\u00eda Reyes","url":"https:\/\/www.cuballama.com\/noticias\/author\/laura\/"}]}},"_links":{"self":[{"href":"https:\/\/www.cuballama.com\/noticias\/wp-json\/wp\/v2\/posts\/232946","targetHints":{"allow":["GET"]}}],"collection":[{"href":"https:\/\/www.cuballama.com\/noticias\/wp-json\/wp\/v2\/posts"}],"about":[{"href":"https:\/\/www.cuballama.com\/noticias\/wp-json\/wp\/v2\/types\/post"}],"author":[{"embeddable":true,"href":"https:\/\/www.cuballama.com\/noticias\/wp-json\/wp\/v2\/users\/29"}],"replies":[{"embeddable":true,"href":"https:\/\/www.cuballama.com\/noticias\/wp-json\/wp\/v2\/comments?post=232946"}],"version-history":[{"count":4,"href":"https:\/\/www.cuballama.com\/noticias\/wp-json\/wp\/v2\/posts\/232946\/revisions"}],"predecessor-version":[{"id":232954,"href":"https:\/\/www.cuballama.com\/noticias\/wp-json\/wp\/v2\/posts\/232946\/revisions\/232954"}],"wp:featuredmedia":[{"embeddable":true,"href":"https:\/\/www.cuballama.com\/noticias\/wp-json\/wp\/v2\/media\/194516"}],"wp:attachment":[{"href":"https:\/\/www.cuballama.com\/noticias\/wp-json\/wp\/v2\/media?parent=232946"}],"wp:term":[{"taxonomy":"category","embeddable":true,"href":"https:\/\/www.cuballama.com\/noticias\/wp-json\/wp\/v2\/categories?post=232946"},{"taxonomy":"post_tag","embeddable":true,"href":"https:\/\/www.cuballama.com\/noticias\/wp-json\/wp\/v2\/tags?post=232946"}],"curies":[{"name":"wp","href":"https:\/\/api.w.org\/{rel}","templated":true}]}}