{"id":232944,"date":"2026-01-21T16:12:24","date_gmt":"2026-01-21T21:12:24","guid":{"rendered":"https:\/\/www.cuballama.com\/noticias\/?p=232944"},"modified":"2026-01-21T16:12:30","modified_gmt":"2026-01-21T21:12:30","slug":"rachel-arderi-reaparece-tras-dias-ausente-y-revela-malestar-llevo-dias-con-una-hinchazon-horrible","status":"publish","type":"post","link":"https:\/\/www.cuballama.com\/noticias\/rachel-arderi-reaparece-tras-dias-ausente-y-revela-malestar-llevo-dias-con-una-hinchazon-horrible\/","title":{"rendered":"Rachel Arderi reaparece tras d\u00edas ausente y revela malestar: \u201cllevo d\u00edas con una hinchaz\u00f3n horrible\u00bb"},"content":{"rendered":"\n<p>Rachel Arderi volvi\u00f3 a asomarse a Instagram despu\u00e9s de varios d\u00edas en silencio y, fiel a su estilo directo, explic\u00f3 por qu\u00e9 hab\u00eda estado \u201cdesaparecida\u201d.&nbsp;<\/p>\n\n\n\n<p>La influencer cubana, conocida tambi\u00e9n por ser la esposa del repartero <strong>Oniel Bebeshito,<\/strong> cont\u00f3 que atraviesa un malestar de salud que le ha resultado especialmente inc\u00f3modo: una inflamaci\u00f3n en los ojos que no logra identificar.<\/p>\n\n\n\n<p>En una historia publicada con una foto donde aparece con gafas oscuras, Rachel solt\u00f3 la alarma sin vueltas: \u201cChic@s llevo d\u00edas con una hinchaz\u00f3n horrible en los ojos, en verdad no s\u00e9 qu\u00e9 pueda ser, no s\u00e9 si un proceso al\u00e9rgico, quiz\u00e1s alg\u00fan producto que est\u00e9 usando nuevo\u201d.&nbsp;<\/p>\n\n\n\n<p>Y, como buena creadora que convierte la cotidianeidad en conversaci\u00f3n, pidi\u00f3 ayuda a su comunidad: \u201cSi saben c\u00f3mo pueda mejorarme r\u00e1pido, pliss d\u00edganme, tengo hasta esa zona enrojecida\u201d.<\/p>\n\n\n\n<figure class=\"wp-block-image size-large\"><img loading=\"lazy\" decoding=\"async\" width=\"576\" height=\"1024\" src=\"https:\/\/cdn1.mediawpaccore.net\/wp-content\/uploads\/2026\/01\/21160921\/620446428_18111820111722970_6033830206261707226_n-576x1024.jpg\" alt=\"\" class=\"wp-image-232961\" srcset=\"https:\/\/cdn1.mediawpaccore.net\/wp-content\/uploads\/2026\/01\/21160921\/620446428_18111820111722970_6033830206261707226_n-576x1024.jpg 576w, https:\/\/cdn1.mediawpaccore.net\/wp-content\/uploads\/2026\/01\/21160921\/620446428_18111820111722970_6033830206261707226_n-169x300.jpg 169w, https:\/\/cdn1.mediawpaccore.net\/wp-content\/uploads\/2026\/01\/21160921\/620446428_18111820111722970_6033830206261707226_n-236x420.jpg 236w, https:\/\/cdn1.mediawpaccore.net\/wp-content\/uploads\/2026\/01\/21160921\/620446428_18111820111722970_6033830206261707226_n-150x267.jpg 150w, https:\/\/cdn1.mediawpaccore.net\/wp-content\/uploads\/2026\/01\/21160921\/620446428_18111820111722970_6033830206261707226_n-300x533.jpg 300w, https:\/\/cdn1.mediawpaccore.net\/wp-content\/uploads\/2026\/01\/21160921\/620446428_18111820111722970_6033830206261707226_n.jpg 675w\" sizes=\"auto, (max-width: 576px) 100vw, 576px\" \/><figcaption class=\"wp-element-caption\">Captura de pantalla historia de Instagram de Rachel Arderi<\/figcaption><\/figure>\n\n\n\n<p>La publicaci\u00f3n sirvi\u00f3 tambi\u00e9n para justificar su baja actividad en redes en los \u00faltimos d\u00edas. \u201cBueno, por esa raz\u00f3n un poquito media perdidita de las historias, pero ya hoy estar\u00e9 por aqu\u00ed con ustedes\u201d, escribi\u00f3, dejando claro que piensa retomar el ritmo mientras encuentra qu\u00e9 le est\u00e1 provocando la inflamaci\u00f3n.<\/p>\n\n\n\n<p>Arderi suele moverse entre contenido de <strong>moda, belleza y rutina familiar<\/strong>, mostrando pinceladas de su d\u00eda a d\u00eda junto a Bebeshito y sus hijos. Por eso, su ausencia se not\u00f3, y su reaparici\u00f3n vino acompa\u00f1ada de esa mezcla de sinceridad y cercan\u00eda que la mantiene conectada con sus seguidores: todav\u00eda no sabe la causa exacta del problema, pero no piensa quedarse callada ni encerrada con la molestia.<\/p>\n\n\n\n<p>Por ahora, la influencer no ha ofrecido m\u00e1s detalles sobre diagn\u00f3sticos o tratamientos, m\u00e1s all\u00e1 de que contin\u00faa buscando una soluci\u00f3n y que seguir\u00e1 activa en redes mientras se recupera.<\/p>\n\n\n\n<p>Y aunque esta historia va por el lado de lo personal y la salud, el nombre de Rachel vuelve a colocarse en el radar medi\u00e1tico tambi\u00e9n porque, en paralelo, el creador de contenido <strong><a href=\"https:\/\/www.cuballama.com\/noticias\/se-salio-de-control-kenny-robert-habla-claro-sobre-su-polemica-con-rachel-arderi-y-bebeshito\/\" target=\"_blank\" rel=\"noreferrer noopener\">Kenny Robert<\/a><\/strong> ha mencionado recientemente (en tono distendido) la pol\u00e9mica que desde el a\u00f1o pasado lo salpic\u00f3 en redes con Rachel y Bebeshito, insistiendo en que no guarda rencores y que, como \u00e9l mismo ha dicho, \u201cYo no tengo nada en contra de ellos\u201d.<\/p>\n","protected":false},"excerpt":{"rendered":"<p>Rachel Arderi reapareci\u00f3 en Instagram tras varios d\u00edas sin publicar y cont\u00f3: \u201cllevo d\u00edas con una hinchaz\u00f3n horrible\u2026 no s\u00e9 qu\u00e9 pueda ser\u201d.<\/p>\n","protected":false},"author":29,"featured_media":232962,"comment_status":"open","ping_status":"closed","sticky":false,"template":"","format":"standard","meta":{"_acf_changed":false,"footnotes":""},"categories":[443],"tags":[92,11050,14245,18816],"class_list":{"0":"post-232944","1":"post","2":"type-post","3":"status-publish","4":"format-standard","5":"has-post-thumbnail","7":"category-farandula","8":"tag-cubanos","9":"tag-cubanos-en-miami","10":"tag-influencer-cubana","11":"tag-rachel-arderi"},"acf":[],"yoast_head":"<!-- This site is optimized with the Yoast SEO plugin v27.5 - https:\/\/yoast.com\/product\/yoast-seo-wordpress\/ -->\n<title>Rachel Arderi reaparece tras d\u00edas ausente y revela malestar: \u201cllevo d\u00edas con una hinchaz\u00f3n horrible&quot; - Cuballama Noticias<\/title>\n<meta name=\"description\" content=\"Rachel Arderi reapareci\u00f3 en Instagram tras varios d\u00edas sin publicar y cont\u00f3: \u201cllevo d\u00edas con una hinchaz\u00f3n horrible\u2026 no s\u00e9 qu\u00e9 pueda ser\u201d.\" \/>\n<meta name=\"robots\" content=\"index, follow, max-snippet:-1, max-image-preview:large, max-video-preview:-1\" \/>\n<link rel=\"canonical\" href=\"https:\/\/www.cuballama.com\/noticias\/rachel-arderi-reaparece-tras-dias-ausente-y-revela-malestar-llevo-dias-con-una-hinchazon-horrible\/\" \/>\n<meta property=\"og:locale\" content=\"es_ES\" \/>\n<meta property=\"og:type\" content=\"article\" \/>\n<meta property=\"og:title\" content=\"Rachel Arderi reaparece tras d\u00edas ausente y revela malestar: \u201cllevo d\u00edas con una hinchaz\u00f3n horrible&quot; - Cuballama Noticias\" \/>\n<meta property=\"og:description\" content=\"Rachel Arderi reapareci\u00f3 en Instagram tras varios d\u00edas sin publicar y cont\u00f3: \u201cllevo d\u00edas con una hinchaz\u00f3n horrible\u2026 no s\u00e9 qu\u00e9 pueda ser\u201d.\" \/>\n<meta property=\"og:url\" content=\"https:\/\/www.cuballama.com\/noticias\/rachel-arderi-reaparece-tras-dias-ausente-y-revela-malestar-llevo-dias-con-una-hinchazon-horrible\/\" \/>\n<meta property=\"og:site_name\" content=\"Cuballama Noticias\" \/>\n<meta property=\"article:publisher\" content=\"https:\/\/www.facebook.com\/CubaLlama\" \/>\n<meta property=\"article:published_time\" content=\"2026-01-21T21:12:24+00:00\" \/>\n<meta property=\"article:modified_time\" content=\"2026-01-21T21:12:30+00:00\" \/>\n<meta property=\"og:image\" content=\"https:\/\/cdn1.mediawpaccore.net\/wp-content\/uploads\/2026\/01\/21161028\/Captura-de-pantalla-2026-01-21-a-las-22.10.12.png\" \/>\n\t<meta property=\"og:image:width\" content=\"908\" \/>\n\t<meta property=\"og:image:height\" content=\"496\" \/>\n\t<meta property=\"og:image:type\" content=\"image\/png\" \/>\n<meta name=\"author\" content=\"Sof\u00eda Reyes\" \/>\n<meta name=\"twitter:card\" content=\"summary_large_image\" \/>\n<meta name=\"twitter:creator\" content=\"@cuballama\" \/>\n<meta name=\"twitter:site\" content=\"@cuballama\" \/>\n<meta name=\"twitter:label1\" content=\"Escrito por\" \/>\n\t<meta name=\"twitter:data1\" content=\"Sof\u00eda Reyes\" \/>\n\t<meta name=\"twitter:label2\" content=\"Tiempo de lectura\" \/>\n\t<meta name=\"twitter:data2\" content=\"3 minutos\" \/>\n<script type=\"application\/ld+json\" class=\"yoast-schema-graph\">{\"@context\":\"https:\\\/\\\/schema.org\",\"@graph\":[{\"@type\":\"Article\",\"@id\":\"https:\\\/\\\/www.cuballama.com\\\/noticias\\\/rachel-arderi-reaparece-tras-dias-ausente-y-revela-malestar-llevo-dias-con-una-hinchazon-horrible\\\/#article\",\"isPartOf\":{\"@id\":\"https:\\\/\\\/www.cuballama.com\\\/noticias\\\/rachel-arderi-reaparece-tras-dias-ausente-y-revela-malestar-llevo-dias-con-una-hinchazon-horrible\\\/\"},\"author\":{\"name\":\"Sof\u00eda Reyes\",\"@id\":\"https:\\\/\\\/www.cuballama.com\\\/noticias\\\/#\\\/schema\\\/person\\\/5cba2b8cc25a3159e49fe730a94d512e\"},\"headline\":\"Rachel Arderi reaparece tras d\u00edas ausente y revela malestar: \u201cllevo d\u00edas con una hinchaz\u00f3n horrible\u00bb\",\"datePublished\":\"2026-01-21T21:12:24+00:00\",\"dateModified\":\"2026-01-21T21:12:30+00:00\",\"mainEntityOfPage\":{\"@id\":\"https:\\\/\\\/www.cuballama.com\\\/noticias\\\/rachel-arderi-reaparece-tras-dias-ausente-y-revela-malestar-llevo-dias-con-una-hinchazon-horrible\\\/\"},\"wordCount\":425,\"commentCount\":0,\"publisher\":{\"@id\":\"https:\\\/\\\/www.cuballama.com\\\/noticias\\\/#organization\"},\"image\":{\"@id\":\"https:\\\/\\\/www.cuballama.com\\\/noticias\\\/rachel-arderi-reaparece-tras-dias-ausente-y-revela-malestar-llevo-dias-con-una-hinchazon-horrible\\\/#primaryimage\"},\"thumbnailUrl\":\"https:\\\/\\\/cdn1.mediawpaccore.net\\\/wp-content\\\/uploads\\\/2026\\\/01\\\/21161028\\\/Captura-de-pantalla-2026-01-21-a-las-22.10.12.png\",\"keywords\":[\"cubanos\",\"cubanos en Miami\",\"influencer cubana\",\"Rachel Arderi\"],\"articleSection\":[\"Far\u00e1ndula\"],\"inLanguage\":\"es\",\"potentialAction\":[{\"@type\":\"CommentAction\",\"name\":\"Comment\",\"target\":[\"https:\\\/\\\/www.cuballama.com\\\/noticias\\\/rachel-arderi-reaparece-tras-dias-ausente-y-revela-malestar-llevo-dias-con-una-hinchazon-horrible\\\/#respond\"]}]},{\"@type\":\"WebPage\",\"@id\":\"https:\\\/\\\/www.cuballama.com\\\/noticias\\\/rachel-arderi-reaparece-tras-dias-ausente-y-revela-malestar-llevo-dias-con-una-hinchazon-horrible\\\/\",\"url\":\"https:\\\/\\\/www.cuballama.com\\\/noticias\\\/rachel-arderi-reaparece-tras-dias-ausente-y-revela-malestar-llevo-dias-con-una-hinchazon-horrible\\\/\",\"name\":\"Rachel Arderi reaparece tras d\u00edas ausente y revela malestar: \u201cllevo d\u00edas con una hinchaz\u00f3n horrible\\\" - Cuballama Noticias\",\"isPartOf\":{\"@id\":\"https:\\\/\\\/www.cuballama.com\\\/noticias\\\/#website\"},\"primaryImageOfPage\":{\"@id\":\"https:\\\/\\\/www.cuballama.com\\\/noticias\\\/rachel-arderi-reaparece-tras-dias-ausente-y-revela-malestar-llevo-dias-con-una-hinchazon-horrible\\\/#primaryimage\"},\"image\":{\"@id\":\"https:\\\/\\\/www.cuballama.com\\\/noticias\\\/rachel-arderi-reaparece-tras-dias-ausente-y-revela-malestar-llevo-dias-con-una-hinchazon-horrible\\\/#primaryimage\"},\"thumbnailUrl\":\"https:\\\/\\\/cdn1.mediawpaccore.net\\\/wp-content\\\/uploads\\\/2026\\\/01\\\/21161028\\\/Captura-de-pantalla-2026-01-21-a-las-22.10.12.png\",\"datePublished\":\"2026-01-21T21:12:24+00:00\",\"dateModified\":\"2026-01-21T21:12:30+00:00\",\"description\":\"Rachel Arderi reapareci\u00f3 en Instagram tras varios d\u00edas sin publicar y cont\u00f3: \u201cllevo d\u00edas con una hinchaz\u00f3n horrible\u2026 no s\u00e9 qu\u00e9 pueda ser\u201d.\",\"breadcrumb\":{\"@id\":\"https:\\\/\\\/www.cuballama.com\\\/noticias\\\/rachel-arderi-reaparece-tras-dias-ausente-y-revela-malestar-llevo-dias-con-una-hinchazon-horrible\\\/#breadcrumb\"},\"inLanguage\":\"es\",\"potentialAction\":[{\"@type\":\"ReadAction\",\"target\":[\"https:\\\/\\\/www.cuballama.com\\\/noticias\\\/rachel-arderi-reaparece-tras-dias-ausente-y-revela-malestar-llevo-dias-con-una-hinchazon-horrible\\\/\"]}]},{\"@type\":\"ImageObject\",\"inLanguage\":\"es\",\"@id\":\"https:\\\/\\\/www.cuballama.com\\\/noticias\\\/rachel-arderi-reaparece-tras-dias-ausente-y-revela-malestar-llevo-dias-con-una-hinchazon-horrible\\\/#primaryimage\",\"url\":\"https:\\\/\\\/cdn1.mediawpaccore.net\\\/wp-content\\\/uploads\\\/2026\\\/01\\\/21161028\\\/Captura-de-pantalla-2026-01-21-a-las-22.10.12.png\",\"contentUrl\":\"https:\\\/\\\/cdn1.mediawpaccore.net\\\/wp-content\\\/uploads\\\/2026\\\/01\\\/21161028\\\/Captura-de-pantalla-2026-01-21-a-las-22.10.12.png\",\"width\":908,\"height\":496,\"caption\":\"Foto tomada del perfil de Instagram de Rachel Arderi\"},{\"@type\":\"BreadcrumbList\",\"@id\":\"https:\\\/\\\/www.cuballama.com\\\/noticias\\\/rachel-arderi-reaparece-tras-dias-ausente-y-revela-malestar-llevo-dias-con-una-hinchazon-horrible\\\/#breadcrumb\",\"itemListElement\":[{\"@type\":\"ListItem\",\"position\":1,\"name\":\"Home\",\"item\":\"https:\\\/\\\/www.cuballama.com\\\/noticias\\\/\"},{\"@type\":\"ListItem\",\"position\":2,\"name\":\"Rachel Arderi reaparece tras d\u00edas ausente y revela malestar: \u201cllevo d\u00edas con una hinchaz\u00f3n horrible\u00bb\"}]},{\"@type\":\"WebSite\",\"@id\":\"https:\\\/\\\/www.cuballama.com\\\/noticias\\\/#website\",\"url\":\"https:\\\/\\\/www.cuballama.com\\\/noticias\\\/\",\"name\":\"Cuballama Noticias\",\"description\":\"Medio digital sobre Cuba y el mundo\",\"publisher\":{\"@id\":\"https:\\\/\\\/www.cuballama.com\\\/noticias\\\/#organization\"},\"potentialAction\":[{\"@type\":\"SearchAction\",\"target\":{\"@type\":\"EntryPoint\",\"urlTemplate\":\"https:\\\/\\\/www.cuballama.com\\\/noticias\\\/?s={search_term_string}\"},\"query-input\":{\"@type\":\"PropertyValueSpecification\",\"valueRequired\":true,\"valueName\":\"search_term_string\"}}],\"inLanguage\":\"es\"},{\"@type\":\"Organization\",\"@id\":\"https:\\\/\\\/www.cuballama.com\\\/noticias\\\/#organization\",\"name\":\"Cuballama\",\"url\":\"https:\\\/\\\/www.cuballama.com\\\/noticias\\\/\",\"logo\":{\"@type\":\"ImageObject\",\"inLanguage\":\"es\",\"@id\":\"https:\\\/\\\/www.cuballama.com\\\/noticias\\\/#\\\/schema\\\/logo\\\/image\\\/\",\"url\":\"https:\\\/\\\/cdn1.mediawpaccore.net\\\/wp-content\\\/uploads\\\/2021\\\/12\\\/28171206\\\/cbll-logo-color-sm.png\",\"contentUrl\":\"https:\\\/\\\/cdn1.mediawpaccore.net\\\/wp-content\\\/uploads\\\/2021\\\/12\\\/28171206\\\/cbll-logo-color-sm.png\",\"width\":600,\"height\":133,\"caption\":\"Cuballama\"},\"image\":{\"@id\":\"https:\\\/\\\/www.cuballama.com\\\/noticias\\\/#\\\/schema\\\/logo\\\/image\\\/\"},\"sameAs\":[\"https:\\\/\\\/www.facebook.com\\\/CubaLlama\",\"https:\\\/\\\/x.com\\\/cuballama\",\"https:\\\/\\\/www.instagram.com\\\/stories\\\/cuballama_oficial\\\/\",\"https:\\\/\\\/www.youtube.com\\\/channel\\\/UCKkFE-d_axENGZcrc4as0IA\"]},{\"@type\":\"Person\",\"@id\":\"https:\\\/\\\/www.cuballama.com\\\/noticias\\\/#\\\/schema\\\/person\\\/5cba2b8cc25a3159e49fe730a94d512e\",\"name\":\"Sof\u00eda Reyes\",\"url\":\"https:\\\/\\\/www.cuballama.com\\\/noticias\\\/author\\\/laura\\\/\"}]}<\/script>\n<!-- \/ Yoast SEO plugin. -->","yoast_head_json":{"title":"Rachel Arderi reaparece tras d\u00edas ausente y revela malestar: \u201cllevo d\u00edas con una hinchaz\u00f3n horrible\" - Cuballama Noticias","description":"Rachel Arderi reapareci\u00f3 en Instagram tras varios d\u00edas sin publicar y cont\u00f3: \u201cllevo d\u00edas con una hinchaz\u00f3n horrible\u2026 no s\u00e9 qu\u00e9 pueda ser\u201d.","robots":{"index":"index","follow":"follow","max-snippet":"max-snippet:-1","max-image-preview":"max-image-preview:large","max-video-preview":"max-video-preview:-1"},"canonical":"https:\/\/www.cuballama.com\/noticias\/rachel-arderi-reaparece-tras-dias-ausente-y-revela-malestar-llevo-dias-con-una-hinchazon-horrible\/","og_locale":"es_ES","og_type":"article","og_title":"Rachel Arderi reaparece tras d\u00edas ausente y revela malestar: \u201cllevo d\u00edas con una hinchaz\u00f3n horrible\" - Cuballama Noticias","og_description":"Rachel Arderi reapareci\u00f3 en Instagram tras varios d\u00edas sin publicar y cont\u00f3: \u201cllevo d\u00edas con una hinchaz\u00f3n horrible\u2026 no s\u00e9 qu\u00e9 pueda ser\u201d.","og_url":"https:\/\/www.cuballama.com\/noticias\/rachel-arderi-reaparece-tras-dias-ausente-y-revela-malestar-llevo-dias-con-una-hinchazon-horrible\/","og_site_name":"Cuballama Noticias","article_publisher":"https:\/\/www.facebook.com\/CubaLlama","article_published_time":"2026-01-21T21:12:24+00:00","article_modified_time":"2026-01-21T21:12:30+00:00","og_image":[{"width":908,"height":496,"url":"https:\/\/cdn1.mediawpaccore.net\/wp-content\/uploads\/2026\/01\/21161028\/Captura-de-pantalla-2026-01-21-a-las-22.10.12.png","type":"image\/png"}],"author":"Sof\u00eda Reyes","twitter_card":"summary_large_image","twitter_creator":"@cuballama","twitter_site":"@cuballama","twitter_misc":{"Escrito por":"Sof\u00eda Reyes","Tiempo de lectura":"3 minutos"},"schema":{"@context":"https:\/\/schema.org","@graph":[{"@type":"Article","@id":"https:\/\/www.cuballama.com\/noticias\/rachel-arderi-reaparece-tras-dias-ausente-y-revela-malestar-llevo-dias-con-una-hinchazon-horrible\/#article","isPartOf":{"@id":"https:\/\/www.cuballama.com\/noticias\/rachel-arderi-reaparece-tras-dias-ausente-y-revela-malestar-llevo-dias-con-una-hinchazon-horrible\/"},"author":{"name":"Sof\u00eda Reyes","@id":"https:\/\/www.cuballama.com\/noticias\/#\/schema\/person\/5cba2b8cc25a3159e49fe730a94d512e"},"headline":"Rachel Arderi reaparece tras d\u00edas ausente y revela malestar: \u201cllevo d\u00edas con una hinchaz\u00f3n horrible\u00bb","datePublished":"2026-01-21T21:12:24+00:00","dateModified":"2026-01-21T21:12:30+00:00","mainEntityOfPage":{"@id":"https:\/\/www.cuballama.com\/noticias\/rachel-arderi-reaparece-tras-dias-ausente-y-revela-malestar-llevo-dias-con-una-hinchazon-horrible\/"},"wordCount":425,"commentCount":0,"publisher":{"@id":"https:\/\/www.cuballama.com\/noticias\/#organization"},"image":{"@id":"https:\/\/www.cuballama.com\/noticias\/rachel-arderi-reaparece-tras-dias-ausente-y-revela-malestar-llevo-dias-con-una-hinchazon-horrible\/#primaryimage"},"thumbnailUrl":"https:\/\/cdn1.mediawpaccore.net\/wp-content\/uploads\/2026\/01\/21161028\/Captura-de-pantalla-2026-01-21-a-las-22.10.12.png","keywords":["cubanos","cubanos en Miami","influencer cubana","Rachel Arderi"],"articleSection":["Far\u00e1ndula"],"inLanguage":"es","potentialAction":[{"@type":"CommentAction","name":"Comment","target":["https:\/\/www.cuballama.com\/noticias\/rachel-arderi-reaparece-tras-dias-ausente-y-revela-malestar-llevo-dias-con-una-hinchazon-horrible\/#respond"]}]},{"@type":"WebPage","@id":"https:\/\/www.cuballama.com\/noticias\/rachel-arderi-reaparece-tras-dias-ausente-y-revela-malestar-llevo-dias-con-una-hinchazon-horrible\/","url":"https:\/\/www.cuballama.com\/noticias\/rachel-arderi-reaparece-tras-dias-ausente-y-revela-malestar-llevo-dias-con-una-hinchazon-horrible\/","name":"Rachel Arderi reaparece tras d\u00edas ausente y revela malestar: \u201cllevo d\u00edas con una hinchaz\u00f3n horrible\" - Cuballama Noticias","isPartOf":{"@id":"https:\/\/www.cuballama.com\/noticias\/#website"},"primaryImageOfPage":{"@id":"https:\/\/www.cuballama.com\/noticias\/rachel-arderi-reaparece-tras-dias-ausente-y-revela-malestar-llevo-dias-con-una-hinchazon-horrible\/#primaryimage"},"image":{"@id":"https:\/\/www.cuballama.com\/noticias\/rachel-arderi-reaparece-tras-dias-ausente-y-revela-malestar-llevo-dias-con-una-hinchazon-horrible\/#primaryimage"},"thumbnailUrl":"https:\/\/cdn1.mediawpaccore.net\/wp-content\/uploads\/2026\/01\/21161028\/Captura-de-pantalla-2026-01-21-a-las-22.10.12.png","datePublished":"2026-01-21T21:12:24+00:00","dateModified":"2026-01-21T21:12:30+00:00","description":"Rachel Arderi reapareci\u00f3 en Instagram tras varios d\u00edas sin publicar y cont\u00f3: \u201cllevo d\u00edas con una hinchaz\u00f3n horrible\u2026 no s\u00e9 qu\u00e9 pueda ser\u201d.","breadcrumb":{"@id":"https:\/\/www.cuballama.com\/noticias\/rachel-arderi-reaparece-tras-dias-ausente-y-revela-malestar-llevo-dias-con-una-hinchazon-horrible\/#breadcrumb"},"inLanguage":"es","potentialAction":[{"@type":"ReadAction","target":["https:\/\/www.cuballama.com\/noticias\/rachel-arderi-reaparece-tras-dias-ausente-y-revela-malestar-llevo-dias-con-una-hinchazon-horrible\/"]}]},{"@type":"ImageObject","inLanguage":"es","@id":"https:\/\/www.cuballama.com\/noticias\/rachel-arderi-reaparece-tras-dias-ausente-y-revela-malestar-llevo-dias-con-una-hinchazon-horrible\/#primaryimage","url":"https:\/\/cdn1.mediawpaccore.net\/wp-content\/uploads\/2026\/01\/21161028\/Captura-de-pantalla-2026-01-21-a-las-22.10.12.png","contentUrl":"https:\/\/cdn1.mediawpaccore.net\/wp-content\/uploads\/2026\/01\/21161028\/Captura-de-pantalla-2026-01-21-a-las-22.10.12.png","width":908,"height":496,"caption":"Foto tomada del perfil de Instagram de Rachel Arderi"},{"@type":"BreadcrumbList","@id":"https:\/\/www.cuballama.com\/noticias\/rachel-arderi-reaparece-tras-dias-ausente-y-revela-malestar-llevo-dias-con-una-hinchazon-horrible\/#breadcrumb","itemListElement":[{"@type":"ListItem","position":1,"name":"Home","item":"https:\/\/www.cuballama.com\/noticias\/"},{"@type":"ListItem","position":2,"name":"Rachel Arderi reaparece tras d\u00edas ausente y revela malestar: \u201cllevo d\u00edas con una hinchaz\u00f3n horrible\u00bb"}]},{"@type":"WebSite","@id":"https:\/\/www.cuballama.com\/noticias\/#website","url":"https:\/\/www.cuballama.com\/noticias\/","name":"Cuballama Noticias","description":"Medio digital sobre Cuba y el mundo","publisher":{"@id":"https:\/\/www.cuballama.com\/noticias\/#organization"},"potentialAction":[{"@type":"SearchAction","target":{"@type":"EntryPoint","urlTemplate":"https:\/\/www.cuballama.com\/noticias\/?s={search_term_string}"},"query-input":{"@type":"PropertyValueSpecification","valueRequired":true,"valueName":"search_term_string"}}],"inLanguage":"es"},{"@type":"Organization","@id":"https:\/\/www.cuballama.com\/noticias\/#organization","name":"Cuballama","url":"https:\/\/www.cuballama.com\/noticias\/","logo":{"@type":"ImageObject","inLanguage":"es","@id":"https:\/\/www.cuballama.com\/noticias\/#\/schema\/logo\/image\/","url":"https:\/\/cdn1.mediawpaccore.net\/wp-content\/uploads\/2021\/12\/28171206\/cbll-logo-color-sm.png","contentUrl":"https:\/\/cdn1.mediawpaccore.net\/wp-content\/uploads\/2021\/12\/28171206\/cbll-logo-color-sm.png","width":600,"height":133,"caption":"Cuballama"},"image":{"@id":"https:\/\/www.cuballama.com\/noticias\/#\/schema\/logo\/image\/"},"sameAs":["https:\/\/www.facebook.com\/CubaLlama","https:\/\/x.com\/cuballama","https:\/\/www.instagram.com\/stories\/cuballama_oficial\/","https:\/\/www.youtube.com\/channel\/UCKkFE-d_axENGZcrc4as0IA"]},{"@type":"Person","@id":"https:\/\/www.cuballama.com\/noticias\/#\/schema\/person\/5cba2b8cc25a3159e49fe730a94d512e","name":"Sof\u00eda Reyes","url":"https:\/\/www.cuballama.com\/noticias\/author\/laura\/"}]}},"_links":{"self":[{"href":"https:\/\/www.cuballama.com\/noticias\/wp-json\/wp\/v2\/posts\/232944","targetHints":{"allow":["GET"]}}],"collection":[{"href":"https:\/\/www.cuballama.com\/noticias\/wp-json\/wp\/v2\/posts"}],"about":[{"href":"https:\/\/www.cuballama.com\/noticias\/wp-json\/wp\/v2\/types\/post"}],"author":[{"embeddable":true,"href":"https:\/\/www.cuballama.com\/noticias\/wp-json\/wp\/v2\/users\/29"}],"replies":[{"embeddable":true,"href":"https:\/\/www.cuballama.com\/noticias\/wp-json\/wp\/v2\/comments?post=232944"}],"version-history":[{"count":2,"href":"https:\/\/www.cuballama.com\/noticias\/wp-json\/wp\/v2\/posts\/232944\/revisions"}],"predecessor-version":[{"id":232963,"href":"https:\/\/www.cuballama.com\/noticias\/wp-json\/wp\/v2\/posts\/232944\/revisions\/232963"}],"wp:featuredmedia":[{"embeddable":true,"href":"https:\/\/www.cuballama.com\/noticias\/wp-json\/wp\/v2\/media\/232962"}],"wp:attachment":[{"href":"https:\/\/www.cuballama.com\/noticias\/wp-json\/wp\/v2\/media?parent=232944"}],"wp:term":[{"taxonomy":"category","embeddable":true,"href":"https:\/\/www.cuballama.com\/noticias\/wp-json\/wp\/v2\/categories?post=232944"},{"taxonomy":"post_tag","embeddable":true,"href":"https:\/\/www.cuballama.com\/noticias\/wp-json\/wp\/v2\/tags?post=232944"}],"curies":[{"name":"wp","href":"https:\/\/api.w.org\/{rel}","templated":true}]}}