{"id":232942,"date":"2026-01-21T15:58:36","date_gmt":"2026-01-21T20:58:36","guid":{"rendered":"https:\/\/www.cuballama.com\/noticias\/?p=232942"},"modified":"2026-01-21T15:58:39","modified_gmt":"2026-01-21T20:58:39","slug":"regla-de-world2fly-sobre-el-equipaje-golpea-de-lleno-a-viajeros-cubanos","status":"publish","type":"post","link":"https:\/\/www.cuballama.com\/noticias\/regla-de-world2fly-sobre-el-equipaje-golpea-de-lleno-a-viajeros-cubanos\/","title":{"rendered":"Regla de World2Fly sobre el equipaje golpea de lleno a viajeros cubanos"},"content":{"rendered":"\n<p>En <strong>Madrid-Barajas<\/strong> se est\u00e1 repitiendo una escena que tiene a m\u00e1s de un viajero rumbo a Cuba con el ce\u00f1o fruncido y la cartera temblando: pasajeros denuncian que <strong><a href=\"https:\/\/www.cuballama.com\/noticias\/world2fly-hace-silencio-sobre-presunto-asalto-a-piloto-y-copiloto-en-la-habana\/\" target=\"_blank\" rel=\"noreferrer noopener\">World2Fly<\/a><\/strong> les est\u00e1 soltando un <strong>recargo de 150 euros<\/strong> al momento de facturar, pero no por exceso de peso\u2026 sino por <strong>la forma del bulto<\/strong>.<\/p>\n\n\n\n<p>La queja, seg\u00fan testimonios recogidos por el medio independiente <strong>CiberCuba<\/strong>, apunta a que el cobro cae sobre equipajes \u201cno convencionales\u201d y que en el mostrador los clasifican como <strong>\u201cequipaje especial\u201d<\/strong>. El resultado: si tu maleta no entra por los ojos del reglamento, te toca pagar.<\/p>\n\n\n\n<p>De acuerdo con el relato de un viajero, el recargo se lo aplicaron a personas con <strong>bolsos de tela con ruedas y asas<\/strong>, a una persona mayor que llevaba un <strong>carro de compra<\/strong> (de tela con estructura met\u00e1lica) repleto de miscel\u00e1neas, y tambi\u00e9n a quienes llegaban con <strong>cajas<\/strong> o bolsas de polipropileno.<\/p>\n\n\n\n<p>En el mostrador, aseguran, les dijeron que aquello no cumpl\u00eda el requisito de \u201cmaleta est\u00e1ndar\u201d y que, para poder embarcarlo, hab\u00eda que pasar por caja con esos <strong>150 euros<\/strong> extra.<\/p>\n\n\n\n<p>La aerol\u00ednea, seg\u00fan se explica, registra el cobro como \u201cequipaje especial\u201d y remite a lo que tiene publicado en su web. El punto clave est\u00e1 en la forma: no basta con que sea un bulto resistente; tiene que ser <strong>cuadrado\/rectangular y \u201cliso\u201d<\/strong>.<\/p>\n\n\n\n<p>La propia pol\u00edtica lo define as\u00ed: \u201cpara ser aceptado como equipaje facturable, la pieza debe presentar forma rectangular o cuadrada y todas sus caras lisas. Cualquier bulto con forma circular, ovalada, irregular o con superficies no planas ser\u00e1 considerado equipaje especial, sujeto a condiciones espec\u00edficas\u201d.<\/p>\n\n\n\n<p>Adem\u00e1s del tema \u201cforma\u201d, World2Fly recuerda los l\u00edmites de siempre: la maleta facturada <strong>no puede pasar de 23 kg<\/strong>, aunque permite llegar a <strong>27 kg<\/strong> con pago adicional. Y tambi\u00e9n recomienda no meter <strong>medicinas, joyas o documentos importantes<\/strong> en el equipaje facturado.<\/p>\n\n\n\n<p>En cuanto a tama\u00f1o, el aviso es literal: \u00abLa maleta no puede superar los 158 cm (alto + ancho + largo). Las asas, bolsillos y ruedas deben estar incluidas en dichas dimensiones\u00bb.<\/p>\n\n\n\n<p>Y, como regla general, cada pasajero puede llevar <strong>equipaje de mano de hasta 10 kg<\/strong> m\u00e1s un <strong>art\u00edculo personal peque\u00f1o<\/strong>.<\/p>\n\n\n\n<p>La molestia de muchos no es solo el reglamento, sino el <strong>factor sorpresa<\/strong>. Varios afectados dicen que llegaron a Barajas sin tener claro que ahora un bulto \u201cde los nuestros\u201d pod\u00eda convertirse en \u201cequipaje especial\u201d con recargo. Y cuando te lo dicen en el mostrador, ya est\u00e1s con el vuelo encima, sin margen para reorganizar o salir corriendo a comprar una maleta \u201cperfecta\u201d.<\/p>\n\n\n\n<p>En ese contexto, seg\u00fan se reporta, incluso han empezado a aparecer <strong>\u201cvendedores de maletas\u201d<\/strong> improvisados en las inmediaciones, aunque no se ha podido confirmar cu\u00e1nto est\u00e1n cobrando por esa mercanc\u00eda.<\/p>\n\n\n\n<p>Todo esto no ocurre en el vac\u00edo. Desde <strong>diciembre<\/strong>, se habla de controles m\u00e1s estrictos con el equipaje en vuelos hacia Cuba desde Madrid-Barajas. La agencia <strong>Cuba Tulike<\/strong> ya hab\u00eda alertado sobre posibles costes y demoras con bultos redondos o sin base estable, las conocidas <strong>\u201cmaletas bola\u201d<\/strong>, y desde el propio perfil de Instagram de la aerol\u00ednea se hab\u00eda compartido la medida hace semanas.<\/p>\n\n\n\n<p>Por eso, este requisito formal de World2Fly preocupa especialmente a los pasajeros cubanos: muchos viajan con <strong>mucho equipaje para la familia<\/strong>, con paquetes armados a pulso, buscando el bulto m\u00e1s resistente y pr\u00e1ctico. Y cuando te cambian la vara de medir (o te la aplican con lupa) la planificaci\u00f3n se te desbarata y el presupuesto se dispara.<\/p>\n","protected":false},"excerpt":{"rendered":"<p>Los viajeros cubanos, que suelen volar con equipaje para familiares en la Isla, se\u00f1alan que el recargo por formato complica la planificaci\u00f3n y eleva gastos del viaje.<\/p>\n","protected":false},"author":29,"featured_media":79999,"comment_status":"open","ping_status":"closed","sticky":false,"template":"","format":"standard","meta":{"_acf_changed":false,"footnotes":""},"categories":[18,955],"tags":[92,6333,18253,11416],"class_list":{"0":"post-232942","1":"post","2":"type-post","3":"status-publish","4":"format-standard","5":"has-post-thumbnail","7":"category-noticias","8":"category-noticias-de-cuba","10":"tag-cubanos-en-espana","11":"tag-viaje-a-cuba","12":"tag-world2fly"},"acf":[],"yoast_head":"<!-- This site is optimized with the Yoast SEO plugin v27.5 - https:\/\/yoast.com\/product\/yoast-seo-wordpress\/ -->\n<title>Regla de World2Fly sobre el equipaje golpea de lleno a viajeros cubanos - Cuballama Noticias<\/title>\n<meta name=\"description\" content=\"Los viajeros cubanos, que suelen volar con equipaje para familiares en la Isla, se\u00f1alan que el recargo por formato complica la planificaci\u00f3n.\" \/>\n<meta name=\"robots\" content=\"index, follow, max-snippet:-1, max-image-preview:large, max-video-preview:-1\" \/>\n<link rel=\"canonical\" href=\"https:\/\/www.cuballama.com\/noticias\/regla-de-world2fly-sobre-el-equipaje-golpea-de-lleno-a-viajeros-cubanos\/\" \/>\n<meta property=\"og:locale\" content=\"es_ES\" \/>\n<meta property=\"og:type\" content=\"article\" \/>\n<meta property=\"og:title\" content=\"Regla de World2Fly sobre el equipaje golpea de lleno a viajeros cubanos - Cuballama Noticias\" \/>\n<meta property=\"og:description\" content=\"Los viajeros cubanos, que suelen volar con equipaje para familiares en la Isla, se\u00f1alan que el recargo por formato complica la planificaci\u00f3n.\" \/>\n<meta property=\"og:url\" content=\"https:\/\/www.cuballama.com\/noticias\/regla-de-world2fly-sobre-el-equipaje-golpea-de-lleno-a-viajeros-cubanos\/\" \/>\n<meta property=\"og:site_name\" content=\"Cuballama Noticias\" \/>\n<meta property=\"article:publisher\" content=\"https:\/\/www.facebook.com\/CubaLlama\" \/>\n<meta property=\"article:published_time\" content=\"2026-01-21T20:58:36+00:00\" \/>\n<meta property=\"article:modified_time\" content=\"2026-01-21T20:58:39+00:00\" \/>\n<meta property=\"og:image\" content=\"https:\/\/cdn1.mediawpaccore.net\/wp-content\/uploads\/2021\/11\/05090244\/Interior_de_la_terminal_T4_del_Aeropuerto_Adolfo_Suarez_Madrid-Barajas.-scaled.jpg\" \/>\n\t<meta property=\"og:image:width\" content=\"2560\" \/>\n\t<meta property=\"og:image:height\" content=\"1702\" \/>\n\t<meta property=\"og:image:type\" content=\"image\/jpeg\" \/>\n<meta name=\"author\" content=\"Sof\u00eda Reyes\" \/>\n<meta name=\"twitter:card\" content=\"summary_large_image\" \/>\n<meta name=\"twitter:creator\" content=\"@cuballama\" \/>\n<meta name=\"twitter:site\" content=\"@cuballama\" \/>\n<meta name=\"twitter:label1\" content=\"Escrito por\" \/>\n\t<meta name=\"twitter:data1\" content=\"Sof\u00eda Reyes\" \/>\n\t<meta name=\"twitter:label2\" content=\"Tiempo de lectura\" \/>\n\t<meta name=\"twitter:data2\" content=\"3 minutos\" \/>\n<script type=\"application\/ld+json\" class=\"yoast-schema-graph\">{\"@context\":\"https:\\\/\\\/schema.org\",\"@graph\":[{\"@type\":\"Article\",\"@id\":\"https:\\\/\\\/www.cuballama.com\\\/noticias\\\/regla-de-world2fly-sobre-el-equipaje-golpea-de-lleno-a-viajeros-cubanos\\\/#article\",\"isPartOf\":{\"@id\":\"https:\\\/\\\/www.cuballama.com\\\/noticias\\\/regla-de-world2fly-sobre-el-equipaje-golpea-de-lleno-a-viajeros-cubanos\\\/\"},\"author\":{\"name\":\"Sof\u00eda Reyes\",\"@id\":\"https:\\\/\\\/www.cuballama.com\\\/noticias\\\/#\\\/schema\\\/person\\\/5cba2b8cc25a3159e49fe730a94d512e\"},\"headline\":\"Regla de World2Fly sobre el equipaje golpea de lleno a viajeros cubanos\",\"datePublished\":\"2026-01-21T20:58:36+00:00\",\"dateModified\":\"2026-01-21T20:58:39+00:00\",\"mainEntityOfPage\":{\"@id\":\"https:\\\/\\\/www.cuballama.com\\\/noticias\\\/regla-de-world2fly-sobre-el-equipaje-golpea-de-lleno-a-viajeros-cubanos\\\/\"},\"wordCount\":618,\"commentCount\":0,\"publisher\":{\"@id\":\"https:\\\/\\\/www.cuballama.com\\\/noticias\\\/#organization\"},\"image\":{\"@id\":\"https:\\\/\\\/www.cuballama.com\\\/noticias\\\/regla-de-world2fly-sobre-el-equipaje-golpea-de-lleno-a-viajeros-cubanos\\\/#primaryimage\"},\"thumbnailUrl\":\"https:\\\/\\\/cdn1.mediawpaccore.net\\\/wp-content\\\/uploads\\\/2021\\\/11\\\/05090244\\\/Interior_de_la_terminal_T4_del_Aeropuerto_Adolfo_Suarez_Madrid-Barajas.-scaled.jpg\",\"keywords\":[\"cubanos\",\"Cubanos en Espa\u00f1a\",\"viaje a Cuba\",\"World2fly\"],\"articleSection\":[\"Noticias\",\"Noticias de Cuba\"],\"inLanguage\":\"es\",\"potentialAction\":[{\"@type\":\"CommentAction\",\"name\":\"Comment\",\"target\":[\"https:\\\/\\\/www.cuballama.com\\\/noticias\\\/regla-de-world2fly-sobre-el-equipaje-golpea-de-lleno-a-viajeros-cubanos\\\/#respond\"]}]},{\"@type\":\"WebPage\",\"@id\":\"https:\\\/\\\/www.cuballama.com\\\/noticias\\\/regla-de-world2fly-sobre-el-equipaje-golpea-de-lleno-a-viajeros-cubanos\\\/\",\"url\":\"https:\\\/\\\/www.cuballama.com\\\/noticias\\\/regla-de-world2fly-sobre-el-equipaje-golpea-de-lleno-a-viajeros-cubanos\\\/\",\"name\":\"Regla de World2Fly sobre el equipaje golpea de lleno a viajeros cubanos - Cuballama Noticias\",\"isPartOf\":{\"@id\":\"https:\\\/\\\/www.cuballama.com\\\/noticias\\\/#website\"},\"primaryImageOfPage\":{\"@id\":\"https:\\\/\\\/www.cuballama.com\\\/noticias\\\/regla-de-world2fly-sobre-el-equipaje-golpea-de-lleno-a-viajeros-cubanos\\\/#primaryimage\"},\"image\":{\"@id\":\"https:\\\/\\\/www.cuballama.com\\\/noticias\\\/regla-de-world2fly-sobre-el-equipaje-golpea-de-lleno-a-viajeros-cubanos\\\/#primaryimage\"},\"thumbnailUrl\":\"https:\\\/\\\/cdn1.mediawpaccore.net\\\/wp-content\\\/uploads\\\/2021\\\/11\\\/05090244\\\/Interior_de_la_terminal_T4_del_Aeropuerto_Adolfo_Suarez_Madrid-Barajas.-scaled.jpg\",\"datePublished\":\"2026-01-21T20:58:36+00:00\",\"dateModified\":\"2026-01-21T20:58:39+00:00\",\"description\":\"Los viajeros cubanos, que suelen volar con equipaje para familiares en la Isla, se\u00f1alan que el recargo por formato complica la planificaci\u00f3n.\",\"breadcrumb\":{\"@id\":\"https:\\\/\\\/www.cuballama.com\\\/noticias\\\/regla-de-world2fly-sobre-el-equipaje-golpea-de-lleno-a-viajeros-cubanos\\\/#breadcrumb\"},\"inLanguage\":\"es\",\"potentialAction\":[{\"@type\":\"ReadAction\",\"target\":[\"https:\\\/\\\/www.cuballama.com\\\/noticias\\\/regla-de-world2fly-sobre-el-equipaje-golpea-de-lleno-a-viajeros-cubanos\\\/\"]}]},{\"@type\":\"ImageObject\",\"inLanguage\":\"es\",\"@id\":\"https:\\\/\\\/www.cuballama.com\\\/noticias\\\/regla-de-world2fly-sobre-el-equipaje-golpea-de-lleno-a-viajeros-cubanos\\\/#primaryimage\",\"url\":\"https:\\\/\\\/cdn1.mediawpaccore.net\\\/wp-content\\\/uploads\\\/2021\\\/11\\\/05090244\\\/Interior_de_la_terminal_T4_del_Aeropuerto_Adolfo_Suarez_Madrid-Barajas.-scaled.jpg\",\"contentUrl\":\"https:\\\/\\\/cdn1.mediawpaccore.net\\\/wp-content\\\/uploads\\\/2021\\\/11\\\/05090244\\\/Interior_de_la_terminal_T4_del_Aeropuerto_Adolfo_Suarez_Madrid-Barajas.-scaled.jpg\",\"width\":2560,\"height\":1702,\"caption\":\"Interior del aeropuerto de Barajas, en Madrid, Espa\u00f1a. El aeropuerto emplea a much\u00edsimas personas cada a\u00f1o. Foto: Author Pop9000 \\\/ Wikimedia Commons\"},{\"@type\":\"BreadcrumbList\",\"@id\":\"https:\\\/\\\/www.cuballama.com\\\/noticias\\\/regla-de-world2fly-sobre-el-equipaje-golpea-de-lleno-a-viajeros-cubanos\\\/#breadcrumb\",\"itemListElement\":[{\"@type\":\"ListItem\",\"position\":1,\"name\":\"Home\",\"item\":\"https:\\\/\\\/www.cuballama.com\\\/noticias\\\/\"},{\"@type\":\"ListItem\",\"position\":2,\"name\":\"Regla de World2Fly sobre el equipaje golpea de lleno a viajeros cubanos\"}]},{\"@type\":\"WebSite\",\"@id\":\"https:\\\/\\\/www.cuballama.com\\\/noticias\\\/#website\",\"url\":\"https:\\\/\\\/www.cuballama.com\\\/noticias\\\/\",\"name\":\"Cuballama Noticias\",\"description\":\"Medio digital sobre Cuba y el mundo\",\"publisher\":{\"@id\":\"https:\\\/\\\/www.cuballama.com\\\/noticias\\\/#organization\"},\"potentialAction\":[{\"@type\":\"SearchAction\",\"target\":{\"@type\":\"EntryPoint\",\"urlTemplate\":\"https:\\\/\\\/www.cuballama.com\\\/noticias\\\/?s={search_term_string}\"},\"query-input\":{\"@type\":\"PropertyValueSpecification\",\"valueRequired\":true,\"valueName\":\"search_term_string\"}}],\"inLanguage\":\"es\"},{\"@type\":\"Organization\",\"@id\":\"https:\\\/\\\/www.cuballama.com\\\/noticias\\\/#organization\",\"name\":\"Cuballama\",\"url\":\"https:\\\/\\\/www.cuballama.com\\\/noticias\\\/\",\"logo\":{\"@type\":\"ImageObject\",\"inLanguage\":\"es\",\"@id\":\"https:\\\/\\\/www.cuballama.com\\\/noticias\\\/#\\\/schema\\\/logo\\\/image\\\/\",\"url\":\"https:\\\/\\\/cdn1.mediawpaccore.net\\\/wp-content\\\/uploads\\\/2021\\\/12\\\/28171206\\\/cbll-logo-color-sm.png\",\"contentUrl\":\"https:\\\/\\\/cdn1.mediawpaccore.net\\\/wp-content\\\/uploads\\\/2021\\\/12\\\/28171206\\\/cbll-logo-color-sm.png\",\"width\":600,\"height\":133,\"caption\":\"Cuballama\"},\"image\":{\"@id\":\"https:\\\/\\\/www.cuballama.com\\\/noticias\\\/#\\\/schema\\\/logo\\\/image\\\/\"},\"sameAs\":[\"https:\\\/\\\/www.facebook.com\\\/CubaLlama\",\"https:\\\/\\\/x.com\\\/cuballama\",\"https:\\\/\\\/www.instagram.com\\\/stories\\\/cuballama_oficial\\\/\",\"https:\\\/\\\/www.youtube.com\\\/channel\\\/UCKkFE-d_axENGZcrc4as0IA\"]},{\"@type\":\"Person\",\"@id\":\"https:\\\/\\\/www.cuballama.com\\\/noticias\\\/#\\\/schema\\\/person\\\/5cba2b8cc25a3159e49fe730a94d512e\",\"name\":\"Sof\u00eda Reyes\",\"url\":\"https:\\\/\\\/www.cuballama.com\\\/noticias\\\/author\\\/laura\\\/\"}]}<\/script>\n<!-- \/ Yoast SEO plugin. -->","yoast_head_json":{"title":"Regla de World2Fly sobre el equipaje golpea de lleno a viajeros cubanos - Cuballama Noticias","description":"Los viajeros cubanos, que suelen volar con equipaje para familiares en la Isla, se\u00f1alan que el recargo por formato complica la planificaci\u00f3n.","robots":{"index":"index","follow":"follow","max-snippet":"max-snippet:-1","max-image-preview":"max-image-preview:large","max-video-preview":"max-video-preview:-1"},"canonical":"https:\/\/www.cuballama.com\/noticias\/regla-de-world2fly-sobre-el-equipaje-golpea-de-lleno-a-viajeros-cubanos\/","og_locale":"es_ES","og_type":"article","og_title":"Regla de World2Fly sobre el equipaje golpea de lleno a viajeros cubanos - Cuballama Noticias","og_description":"Los viajeros cubanos, que suelen volar con equipaje para familiares en la Isla, se\u00f1alan que el recargo por formato complica la planificaci\u00f3n.","og_url":"https:\/\/www.cuballama.com\/noticias\/regla-de-world2fly-sobre-el-equipaje-golpea-de-lleno-a-viajeros-cubanos\/","og_site_name":"Cuballama Noticias","article_publisher":"https:\/\/www.facebook.com\/CubaLlama","article_published_time":"2026-01-21T20:58:36+00:00","article_modified_time":"2026-01-21T20:58:39+00:00","og_image":[{"width":2560,"height":1702,"url":"https:\/\/cdn1.mediawpaccore.net\/wp-content\/uploads\/2021\/11\/05090244\/Interior_de_la_terminal_T4_del_Aeropuerto_Adolfo_Suarez_Madrid-Barajas.-scaled.jpg","type":"image\/jpeg"}],"author":"Sof\u00eda Reyes","twitter_card":"summary_large_image","twitter_creator":"@cuballama","twitter_site":"@cuballama","twitter_misc":{"Escrito por":"Sof\u00eda Reyes","Tiempo de lectura":"3 minutos"},"schema":{"@context":"https:\/\/schema.org","@graph":[{"@type":"Article","@id":"https:\/\/www.cuballama.com\/noticias\/regla-de-world2fly-sobre-el-equipaje-golpea-de-lleno-a-viajeros-cubanos\/#article","isPartOf":{"@id":"https:\/\/www.cuballama.com\/noticias\/regla-de-world2fly-sobre-el-equipaje-golpea-de-lleno-a-viajeros-cubanos\/"},"author":{"name":"Sof\u00eda Reyes","@id":"https:\/\/www.cuballama.com\/noticias\/#\/schema\/person\/5cba2b8cc25a3159e49fe730a94d512e"},"headline":"Regla de World2Fly sobre el equipaje golpea de lleno a viajeros cubanos","datePublished":"2026-01-21T20:58:36+00:00","dateModified":"2026-01-21T20:58:39+00:00","mainEntityOfPage":{"@id":"https:\/\/www.cuballama.com\/noticias\/regla-de-world2fly-sobre-el-equipaje-golpea-de-lleno-a-viajeros-cubanos\/"},"wordCount":618,"commentCount":0,"publisher":{"@id":"https:\/\/www.cuballama.com\/noticias\/#organization"},"image":{"@id":"https:\/\/www.cuballama.com\/noticias\/regla-de-world2fly-sobre-el-equipaje-golpea-de-lleno-a-viajeros-cubanos\/#primaryimage"},"thumbnailUrl":"https:\/\/cdn1.mediawpaccore.net\/wp-content\/uploads\/2021\/11\/05090244\/Interior_de_la_terminal_T4_del_Aeropuerto_Adolfo_Suarez_Madrid-Barajas.-scaled.jpg","keywords":["cubanos","Cubanos en Espa\u00f1a","viaje a Cuba","World2fly"],"articleSection":["Noticias","Noticias de Cuba"],"inLanguage":"es","potentialAction":[{"@type":"CommentAction","name":"Comment","target":["https:\/\/www.cuballama.com\/noticias\/regla-de-world2fly-sobre-el-equipaje-golpea-de-lleno-a-viajeros-cubanos\/#respond"]}]},{"@type":"WebPage","@id":"https:\/\/www.cuballama.com\/noticias\/regla-de-world2fly-sobre-el-equipaje-golpea-de-lleno-a-viajeros-cubanos\/","url":"https:\/\/www.cuballama.com\/noticias\/regla-de-world2fly-sobre-el-equipaje-golpea-de-lleno-a-viajeros-cubanos\/","name":"Regla de World2Fly sobre el equipaje golpea de lleno a viajeros cubanos - Cuballama Noticias","isPartOf":{"@id":"https:\/\/www.cuballama.com\/noticias\/#website"},"primaryImageOfPage":{"@id":"https:\/\/www.cuballama.com\/noticias\/regla-de-world2fly-sobre-el-equipaje-golpea-de-lleno-a-viajeros-cubanos\/#primaryimage"},"image":{"@id":"https:\/\/www.cuballama.com\/noticias\/regla-de-world2fly-sobre-el-equipaje-golpea-de-lleno-a-viajeros-cubanos\/#primaryimage"},"thumbnailUrl":"https:\/\/cdn1.mediawpaccore.net\/wp-content\/uploads\/2021\/11\/05090244\/Interior_de_la_terminal_T4_del_Aeropuerto_Adolfo_Suarez_Madrid-Barajas.-scaled.jpg","datePublished":"2026-01-21T20:58:36+00:00","dateModified":"2026-01-21T20:58:39+00:00","description":"Los viajeros cubanos, que suelen volar con equipaje para familiares en la Isla, se\u00f1alan que el recargo por formato complica la planificaci\u00f3n.","breadcrumb":{"@id":"https:\/\/www.cuballama.com\/noticias\/regla-de-world2fly-sobre-el-equipaje-golpea-de-lleno-a-viajeros-cubanos\/#breadcrumb"},"inLanguage":"es","potentialAction":[{"@type":"ReadAction","target":["https:\/\/www.cuballama.com\/noticias\/regla-de-world2fly-sobre-el-equipaje-golpea-de-lleno-a-viajeros-cubanos\/"]}]},{"@type":"ImageObject","inLanguage":"es","@id":"https:\/\/www.cuballama.com\/noticias\/regla-de-world2fly-sobre-el-equipaje-golpea-de-lleno-a-viajeros-cubanos\/#primaryimage","url":"https:\/\/cdn1.mediawpaccore.net\/wp-content\/uploads\/2021\/11\/05090244\/Interior_de_la_terminal_T4_del_Aeropuerto_Adolfo_Suarez_Madrid-Barajas.-scaled.jpg","contentUrl":"https:\/\/cdn1.mediawpaccore.net\/wp-content\/uploads\/2021\/11\/05090244\/Interior_de_la_terminal_T4_del_Aeropuerto_Adolfo_Suarez_Madrid-Barajas.-scaled.jpg","width":2560,"height":1702,"caption":"Interior del aeropuerto de Barajas, en Madrid, Espa\u00f1a. El aeropuerto emplea a much\u00edsimas personas cada a\u00f1o. Foto: Author Pop9000 \/ Wikimedia Commons"},{"@type":"BreadcrumbList","@id":"https:\/\/www.cuballama.com\/noticias\/regla-de-world2fly-sobre-el-equipaje-golpea-de-lleno-a-viajeros-cubanos\/#breadcrumb","itemListElement":[{"@type":"ListItem","position":1,"name":"Home","item":"https:\/\/www.cuballama.com\/noticias\/"},{"@type":"ListItem","position":2,"name":"Regla de World2Fly sobre el equipaje golpea de lleno a viajeros cubanos"}]},{"@type":"WebSite","@id":"https:\/\/www.cuballama.com\/noticias\/#website","url":"https:\/\/www.cuballama.com\/noticias\/","name":"Cuballama Noticias","description":"Medio digital sobre Cuba y el mundo","publisher":{"@id":"https:\/\/www.cuballama.com\/noticias\/#organization"},"potentialAction":[{"@type":"SearchAction","target":{"@type":"EntryPoint","urlTemplate":"https:\/\/www.cuballama.com\/noticias\/?s={search_term_string}"},"query-input":{"@type":"PropertyValueSpecification","valueRequired":true,"valueName":"search_term_string"}}],"inLanguage":"es"},{"@type":"Organization","@id":"https:\/\/www.cuballama.com\/noticias\/#organization","name":"Cuballama","url":"https:\/\/www.cuballama.com\/noticias\/","logo":{"@type":"ImageObject","inLanguage":"es","@id":"https:\/\/www.cuballama.com\/noticias\/#\/schema\/logo\/image\/","url":"https:\/\/cdn1.mediawpaccore.net\/wp-content\/uploads\/2021\/12\/28171206\/cbll-logo-color-sm.png","contentUrl":"https:\/\/cdn1.mediawpaccore.net\/wp-content\/uploads\/2021\/12\/28171206\/cbll-logo-color-sm.png","width":600,"height":133,"caption":"Cuballama"},"image":{"@id":"https:\/\/www.cuballama.com\/noticias\/#\/schema\/logo\/image\/"},"sameAs":["https:\/\/www.facebook.com\/CubaLlama","https:\/\/x.com\/cuballama","https:\/\/www.instagram.com\/stories\/cuballama_oficial\/","https:\/\/www.youtube.com\/channel\/UCKkFE-d_axENGZcrc4as0IA"]},{"@type":"Person","@id":"https:\/\/www.cuballama.com\/noticias\/#\/schema\/person\/5cba2b8cc25a3159e49fe730a94d512e","name":"Sof\u00eda Reyes","url":"https:\/\/www.cuballama.com\/noticias\/author\/laura\/"}]}},"_links":{"self":[{"href":"https:\/\/www.cuballama.com\/noticias\/wp-json\/wp\/v2\/posts\/232942","targetHints":{"allow":["GET"]}}],"collection":[{"href":"https:\/\/www.cuballama.com\/noticias\/wp-json\/wp\/v2\/posts"}],"about":[{"href":"https:\/\/www.cuballama.com\/noticias\/wp-json\/wp\/v2\/types\/post"}],"author":[{"embeddable":true,"href":"https:\/\/www.cuballama.com\/noticias\/wp-json\/wp\/v2\/users\/29"}],"replies":[{"embeddable":true,"href":"https:\/\/www.cuballama.com\/noticias\/wp-json\/wp\/v2\/comments?post=232942"}],"version-history":[{"count":6,"href":"https:\/\/www.cuballama.com\/noticias\/wp-json\/wp\/v2\/posts\/232942\/revisions"}],"predecessor-version":[{"id":232960,"href":"https:\/\/www.cuballama.com\/noticias\/wp-json\/wp\/v2\/posts\/232942\/revisions\/232960"}],"wp:featuredmedia":[{"embeddable":true,"href":"https:\/\/www.cuballama.com\/noticias\/wp-json\/wp\/v2\/media\/79999"}],"wp:attachment":[{"href":"https:\/\/www.cuballama.com\/noticias\/wp-json\/wp\/v2\/media?parent=232942"}],"wp:term":[{"taxonomy":"category","embeddable":true,"href":"https:\/\/www.cuballama.com\/noticias\/wp-json\/wp\/v2\/categories?post=232942"},{"taxonomy":"post_tag","embeddable":true,"href":"https:\/\/www.cuballama.com\/noticias\/wp-json\/wp\/v2\/tags?post=232942"}],"curies":[{"name":"wp","href":"https:\/\/api.w.org\/{rel}","templated":true}]}}