{"id":232928,"date":"2026-01-21T13:53:55","date_gmt":"2026-01-21T18:53:55","guid":{"rendered":"https:\/\/www.cuballama.com\/noticias\/?p=232928"},"modified":"2026-01-21T15:33:04","modified_gmt":"2026-01-21T20:33:04","slug":"confirman-muerte-de-cubana-desaparecida-tras-tragico-accidente-de-trenes-en-espana","status":"publish","type":"post","link":"https:\/\/www.cuballama.com\/noticias\/confirman-muerte-de-cubana-desaparecida-tras-tragico-accidente-de-trenes-en-espana\/","title":{"rendered":"Confirman muerte de cubana desaparecida tras tr\u00e1gico accidente de trenes en Espa\u00f1a"},"content":{"rendered":"\n<p>Tras pasar \u201cun fin de semana incre\u00edble en Madrid, lleno de cari\u00f1o, risas y diversi\u00f3n\u201d con amigos, Tamara Margarita Vald\u00e9s, una cubana de 50 a\u00f1os residente en Espa\u00f1a, falleci\u00f3 en <a href=\"https:\/\/www.cuballama.com\/noticias\/joven-cubana-recien-llegada-a-espana-entre-los-heridos-en-tragico-accidente-de-trenes\/\" target=\"_blank\" rel=\"noreferrer noopener\">el tr\u00e1gico accidente de trenes<\/a> ocurrido el domingo 18 de enero en la provincia de C\u00f3rdoba, Andaluc\u00eda.&nbsp;<\/p>\n\n\n\n<p>La cubana tom\u00f3 el tren Alvia en la capital espa\u00f1ola con destino a Huelva para regresar a su casa en horas de la tarde, pero no lleg\u00f3 a su destino debido al accidente ocurrido en la localidad cordobesa de Adamuz, donde descarril\u00f3 junto a otro tren de la empresa Iryo, que hac\u00eda el trayecto de M\u00e1laga a Madrid.&nbsp;<\/p>\n\n\n\n<p>Si bien el nombre de Tamara no est\u00e1 hasta el momento incluido en el recuento oficial de fallecidos, que asciende a 43 personas, las autoridades confirmaron su muerte a la familia, seg\u00fan inform\u00f3 una persona de su c\u00edrculo cercano a <a href=\"https:\/\/eltoque.com\/tamara-la-cubana-que-tomo-el-tren-a-huelva-y-no-volvio-a-casa?fbclid=IwY2xjawPd_LNleHRuA2FlbQIxMQBicmlkETFackI1QWE3SDNKMnZMYUNBc3J0YwZhcHBfaWQQMjIyMDM5MTc4ODIwMDg5MgABHgYwBTX_G-Q8Wi_rWhzNeujPXQ2d7Nfz7FffsqpLJHYf5fYnGLc4_adarn0k_aem_027lDeX1WcQE-Ab482cw8w\" target=\"_blank\" rel=\"noreferrer noopener nofollow\"><em>elTOQUE<\/em><\/a>. <\/p>\n\n\n\n<p>Se sabe que la Guardia Civil ha identificado a trav\u00e9s de huellas dactilares a 41 de las 43 v\u00edctimas del accidente de trenes. A Tamara, detall\u00f3 la misma fuente, resta identificarla con prueba de ADN.<\/p>\n\n\n\n<iframe loading=\"lazy\" src=\"https:\/\/www.facebook.com\/plugins\/post.php?href=https%3A%2F%2Fwww.facebook.com%2Fnatyvr11%2Fposts%2Fpfbid02naUgCbdBAfxPt86u7V5oy4Z2AbzvfsLmRfdBZX28zcxQSu9EjNmpqfqUNUc3hCgkl&#038;show_text=true&#038;width=500\" width=\"500\" height=\"250\" style=\"border:none;overflow:hidden\" scrolling=\"no\" frameborder=\"0\" allowfullscreen=\"true\" allow=\"autoplay; clipboard-write; encrypted-media; picture-in-picture; web-share\"><\/iframe>\n\n\n\n<p>Seg\u00fan relat\u00f3 a<em> elToque<\/em> Rosy del Todo Fournier, amiga cercana de Tamara desde hace 34 a\u00f1os, pasaron juntas el fin de semana en Madrid, donde se reencontraron tras 25 a\u00f1os sin verse.<\/p>\n\n\n\n<p>\u201cEste video guarda nuestro \u00faltimo fin de semana juntos, un fin de semana lleno de vida, risas, abrazos y amor del bueno. Sin saber que ser\u00eda un tesoro eterno\u2026 Este \u00faltimo encuentro vive para siempre, como t\u00fa en mi coraz\u00f3n\u2026 Te quiero con la vida, Tamy, mi hermanita. Te env\u00edo todo mi cari\u00f1o y amor all\u00ed donde est\u00e9s. Vuela alto, mi ni\u00f1a\u201d, escribi\u00f3 Rosy en Instagram para despedir a su amiga.<\/p>\n\n\n\n<p>Rosy cont\u00f3 adem\u00e1s que conoc\u00eda a la v\u00edctima desde los a\u00f1os 90 y que viajaron juntas en 1995 a Espa\u00f1a como parte de una gira de un espect\u00e1culo organizado por el Ministerio de Cultura de Cuba.\u00a0<\/p>\n\n\n\n<p>\u201cElla y yo \u00e9ramos parte de un grupo de 18 bailarines que viaj\u00e1bamos con un grupo musical: Oro Negro\u201d, se\u00f1al\u00f3 sobre un viaje tras el cual decidieron quedarse en el pa\u00eds europeo.&nbsp;<\/p>\n\n\n\n<p>Juntas trabajaron en una orquesta en Ourense y estuvieron viviendo juntas hasta 2001, cuando Tamara se fue a Canarias y Rosy se qued\u00f3 en Galicia.\u00a0<\/p>\n\n\n\n<blockquote class=\"instagram-media\" data-instgrm-captioned data-instgrm-permalink=\"https:\/\/www.instagram.com\/reel\/DTwLzwjiH3m\/?utm_source=ig_embed&amp;utm_campaign=loading\" data-instgrm-version=\"14\" style=\" background:#FFF; border:0; border-radius:3px; box-shadow:0 0 1px 0 rgba(0,0,0,0.5),0 1px 10px 0 rgba(0,0,0,0.15); margin: 1px; max-width:540px; min-width:326px; padding:0; width:99.375%; width:-webkit-calc(100% - 2px); width:calc(100% - 2px);\"><div style=\"padding:16px;\"> <a href=\"https:\/\/www.instagram.com\/reel\/DTwLzwjiH3m\/?utm_source=ig_embed&amp;utm_campaign=loading\" style=\" background:#FFFFFF; line-height:0; padding:0 0; text-align:center; text-decoration:none; width:100%;\" target=\"_blank\"> <div style=\" display: flex; flex-direction: row; align-items: center;\"> <div style=\"background-color: #F4F4F4; border-radius: 50%; flex-grow: 0; height: 40px; margin-right: 14px; width: 40px;\"><\/div> <div style=\"display: flex; flex-direction: column; flex-grow: 1; justify-content: center;\"> <div style=\" background-color: #F4F4F4; border-radius: 4px; flex-grow: 0; height: 14px; margin-bottom: 6px; width: 100px;\"><\/div> <div style=\" background-color: #F4F4F4; border-radius: 4px; flex-grow: 0; height: 14px; width: 60px;\"><\/div><\/div><\/div><div style=\"padding: 19% 0;\"><\/div> <div style=\"display:block; height:50px; margin:0 auto 12px; width:50px;\"><svg width=\"50px\" height=\"50px\" viewBox=\"0 0 60 60\" version=\"1.1\" xmlns=\"https:\/\/www.w3.org\/2000\/svg\" xmlns:xlink=\"https:\/\/www.w3.org\/1999\/xlink\"><g stroke=\"none\" stroke-width=\"1\" fill=\"none\" fill-rule=\"evenodd\"><g transform=\"translate(-511.000000, -20.000000)\" fill=\"#000000\"><g><path d=\"M556.869,30.41 C554.814,30.41 553.148,32.076 553.148,34.131 C553.148,36.186 554.814,37.852 556.869,37.852 C558.924,37.852 560.59,36.186 560.59,34.131 C560.59,32.076 558.924,30.41 556.869,30.41 M541,60.657 C535.114,60.657 530.342,55.887 530.342,50 C530.342,44.114 535.114,39.342 541,39.342 C546.887,39.342 551.658,44.114 551.658,50 C551.658,55.887 546.887,60.657 541,60.657 M541,33.886 C532.1,33.886 524.886,41.1 524.886,50 C524.886,58.899 532.1,66.113 541,66.113 C549.9,66.113 557.115,58.899 557.115,50 C557.115,41.1 549.9,33.886 541,33.886 M565.378,62.101 C565.244,65.022 564.756,66.606 564.346,67.663 C563.803,69.06 563.154,70.057 562.106,71.106 C561.058,72.155 560.06,72.803 558.662,73.347 C557.607,73.757 556.021,74.244 553.102,74.378 C549.944,74.521 548.997,74.552 541,74.552 C533.003,74.552 532.056,74.521 528.898,74.378 C525.979,74.244 524.393,73.757 523.338,73.347 C521.94,72.803 520.942,72.155 519.894,71.106 C518.846,70.057 518.197,69.06 517.654,67.663 C517.244,66.606 516.755,65.022 516.623,62.101 C516.479,58.943 516.448,57.996 516.448,50 C516.448,42.003 516.479,41.056 516.623,37.899 C516.755,34.978 517.244,33.391 517.654,32.338 C518.197,30.938 518.846,29.942 519.894,28.894 C520.942,27.846 521.94,27.196 523.338,26.654 C524.393,26.244 525.979,25.756 528.898,25.623 C532.057,25.479 533.004,25.448 541,25.448 C548.997,25.448 549.943,25.479 553.102,25.623 C556.021,25.756 557.607,26.244 558.662,26.654 C560.06,27.196 561.058,27.846 562.106,28.894 C563.154,29.942 563.803,30.938 564.346,32.338 C564.756,33.391 565.244,34.978 565.378,37.899 C565.522,41.056 565.552,42.003 565.552,50 C565.552,57.996 565.522,58.943 565.378,62.101 M570.82,37.631 C570.674,34.438 570.167,32.258 569.425,30.349 C568.659,28.377 567.633,26.702 565.965,25.035 C564.297,23.368 562.623,22.342 560.652,21.575 C558.743,20.834 556.562,20.326 553.369,20.18 C550.169,20.033 549.148,20 541,20 C532.853,20 531.831,20.033 528.631,20.18 C525.438,20.326 523.257,20.834 521.349,21.575 C519.376,22.342 517.703,23.368 516.035,25.035 C514.368,26.702 513.342,28.377 512.574,30.349 C511.834,32.258 511.326,34.438 511.181,37.631 C511.035,40.831 511,41.851 511,50 C511,58.147 511.035,59.17 511.181,62.369 C511.326,65.562 511.834,67.743 512.574,69.651 C513.342,71.625 514.368,73.296 516.035,74.965 C517.703,76.634 519.376,77.658 521.349,78.425 C523.257,79.167 525.438,79.673 528.631,79.82 C531.831,79.965 532.853,80.001 541,80.001 C549.148,80.001 550.169,79.965 553.369,79.82 C556.562,79.673 558.743,79.167 560.652,78.425 C562.623,77.658 564.297,76.634 565.965,74.965 C567.633,73.296 568.659,71.625 569.425,69.651 C570.167,67.743 570.674,65.562 570.82,62.369 C570.966,59.17 571,58.147 571,50 C571,41.851 570.966,40.831 570.82,37.631\"><\/path><\/g><\/g><\/g><\/svg><\/div><div style=\"padding-top: 8px;\"> <div style=\" color:#3897f0; font-family:Arial,sans-serif; font-size:14px; font-style:normal; font-weight:550; line-height:18px;\">Ver esta publicaci\u00f3n en Instagram<\/div><\/div><div style=\"padding: 12.5% 0;\"><\/div> <div style=\"display: flex; flex-direction: row; margin-bottom: 14px; align-items: center;\"><div> <div style=\"background-color: #F4F4F4; border-radius: 50%; height: 12.5px; width: 12.5px; transform: translateX(0px) translateY(7px);\"><\/div> <div style=\"background-color: #F4F4F4; height: 12.5px; transform: rotate(-45deg) translateX(3px) translateY(1px); width: 12.5px; flex-grow: 0; margin-right: 14px; margin-left: 2px;\"><\/div> <div style=\"background-color: #F4F4F4; border-radius: 50%; height: 12.5px; width: 12.5px; transform: translateX(9px) translateY(-18px);\"><\/div><\/div><div style=\"margin-left: 8px;\"> <div style=\" background-color: #F4F4F4; border-radius: 50%; flex-grow: 0; height: 20px; width: 20px;\"><\/div> <div style=\" width: 0; height: 0; border-top: 2px solid transparent; border-left: 6px solid #f4f4f4; border-bottom: 2px solid transparent; transform: translateX(16px) translateY(-4px) rotate(30deg)\"><\/div><\/div><div style=\"margin-left: auto;\"> <div style=\" width: 0px; border-top: 8px solid #F4F4F4; border-right: 8px solid transparent; transform: translateY(16px);\"><\/div> <div style=\" background-color: #F4F4F4; flex-grow: 0; height: 12px; width: 16px; transform: translateY(-4px);\"><\/div> <div style=\" width: 0; height: 0; border-top: 8px solid #F4F4F4; border-left: 8px solid transparent; transform: translateY(-4px) translateX(8px);\"><\/div><\/div><\/div> <div style=\"display: flex; flex-direction: column; flex-grow: 1; justify-content: center; margin-bottom: 24px;\"> <div style=\" background-color: #F4F4F4; border-radius: 4px; flex-grow: 0; height: 14px; margin-bottom: 6px; width: 224px;\"><\/div> <div style=\" background-color: #F4F4F4; border-radius: 4px; flex-grow: 0; height: 14px; width: 144px;\"><\/div><\/div><\/a><p style=\" color:#c9c8cd; font-family:Arial,sans-serif; font-size:14px; line-height:17px; margin-bottom:0; margin-top:8px; overflow:hidden; padding:8px 0 7px; text-align:center; text-overflow:ellipsis; white-space:nowrap;\"><a href=\"https:\/\/www.instagram.com\/reel\/DTwLzwjiH3m\/?utm_source=ig_embed&amp;utm_campaign=loading\" style=\" color:#c9c8cd; font-family:Arial,sans-serif; font-size:14px; font-style:normal; font-weight:normal; line-height:17px; text-decoration:none;\" target=\"_blank\">Una publicaci\u00f3n compartida por Rosy Del Todo Fournier (@rosy_del_todo_)<\/a><\/p><\/div><\/blockquote>\n<script async src=\"\/\/www.instagram.com\/embed.js\"><\/script>\n\n\n\n<p>La amiga resalt\u00f3 que a Tamara \u201cle fue muy bien\u201d trabajando en el sector inmobiliario en Tenerife. \u201cActualmente, era la directora de una inmobiliaria en Huelva y ten\u00eda una hija de 18 a\u00f1os\u201d.<\/p>\n\n\n\n<p>Tamara fue buscada tras el siniestro, sin que apareciera entre los heridos ni entre los fallecidos identificados de forma oficial.&nbsp;<\/p>\n\n\n\n<p>\u201cEstoy muy nervioso, a\u00fan no he podido localizarla, he tardado tres horas desde Huelva, le he pisado un poquito. Mi mujer iba en el Alvia, habl\u00e9 con ella 20 minutos antes del accidente. Casi se le escapa el tren\u201d, dijo a la prensa su esposo, Ram\u00f3n Mont\u00f3n, mientras esperaba tener noticias suyas.<\/p>\n\n\n\n<p>Otra cubana, la joven dise\u00f1adora cubana Daniela Arteaga Mart\u00ednez, result\u00f3 herida en el accidente ferroviario del domingo en Adamuz, pero se encuentra fuera de peligro.<\/p>\n","protected":false},"excerpt":{"rendered":"<p>Tamara Margarita Vald\u00e9s, de 50 a\u00f1os, tom\u00f3 el tren para regresar a su casa en Huelva, pero nunca lleg\u00f3 a su destino.<\/p>\n","protected":false},"author":30,"featured_media":232931,"comment_status":"open","ping_status":"closed","sticky":false,"template":"","format":"standard","meta":{"_acf_changed":false,"footnotes":""},"categories":[18,955],"tags":[6333,941],"class_list":{"0":"post-232928","1":"post","2":"type-post","3":"status-publish","4":"format-standard","5":"has-post-thumbnail","7":"category-noticias","9":"tag-cubanos-en-espana","10":"tag-destacado"},"acf":[],"yoast_head":"<!-- This site is optimized with the Yoast SEO plugin v27.4 - https:\/\/yoast.com\/product\/yoast-seo-wordpress\/ -->\n<title>Confirman muerte de cubana desaparecida tras tr\u00e1gico accidente de trenes en Espa\u00f1a - Cuballama Noticias<\/title>\n<meta name=\"description\" content=\"Una cubana de 50 a\u00f1os, residente en Espa\u00f1a, perdi\u00f3 la vida en el tr\u00e1gico accidente de trenes ocurrido el domingo 18 de enero.\" \/>\n<meta name=\"robots\" content=\"index, follow, max-snippet:-1, max-image-preview:large, max-video-preview:-1\" \/>\n<link rel=\"canonical\" href=\"https:\/\/www.cuballama.com\/noticias\/confirman-muerte-de-cubana-desaparecida-tras-tragico-accidente-de-trenes-en-espana\/\" \/>\n<meta property=\"og:locale\" content=\"es_ES\" \/>\n<meta property=\"og:type\" content=\"article\" \/>\n<meta property=\"og:title\" content=\"Confirman muerte de cubana desaparecida tras tr\u00e1gico accidente de trenes en Espa\u00f1a - Cuballama Noticias\" \/>\n<meta property=\"og:description\" content=\"Una cubana de 50 a\u00f1os, residente en Espa\u00f1a, perdi\u00f3 la vida en el tr\u00e1gico accidente de trenes ocurrido el domingo 18 de enero.\" \/>\n<meta property=\"og:url\" content=\"https:\/\/www.cuballama.com\/noticias\/confirman-muerte-de-cubana-desaparecida-tras-tragico-accidente-de-trenes-en-espana\/\" \/>\n<meta property=\"og:site_name\" content=\"Cuballama Noticias\" \/>\n<meta property=\"article:publisher\" content=\"https:\/\/www.facebook.com\/CubaLlama\" \/>\n<meta property=\"article:published_time\" content=\"2026-01-21T18:53:55+00:00\" \/>\n<meta property=\"article:modified_time\" content=\"2026-01-21T20:33:04+00:00\" \/>\n<meta property=\"og:image\" content=\"https:\/\/cdn1.mediawpaccore.net\/wp-content\/uploads\/2026\/01\/21134928\/615471608_10163929656769241_2493561830148166041_n1.jpg\" \/>\n\t<meta property=\"og:image:width\" content=\"1200\" \/>\n\t<meta property=\"og:image:height\" content=\"630\" \/>\n\t<meta property=\"og:image:type\" content=\"image\/jpeg\" \/>\n<meta name=\"author\" content=\"Kathy\" \/>\n<meta name=\"twitter:card\" content=\"summary_large_image\" \/>\n<meta name=\"twitter:creator\" content=\"@cuballama\" \/>\n<meta name=\"twitter:site\" content=\"@cuballama\" \/>\n<meta name=\"twitter:label1\" content=\"Escrito por\" \/>\n\t<meta name=\"twitter:data1\" content=\"Kathy\" \/>\n\t<meta name=\"twitter:label2\" content=\"Tiempo de lectura\" \/>\n\t<meta name=\"twitter:data2\" content=\"3 minutos\" \/>\n<script type=\"application\/ld+json\" class=\"yoast-schema-graph\">{\"@context\":\"https:\\\/\\\/schema.org\",\"@graph\":[{\"@type\":\"Article\",\"@id\":\"https:\\\/\\\/www.cuballama.com\\\/noticias\\\/confirman-muerte-de-cubana-desaparecida-tras-tragico-accidente-de-trenes-en-espana\\\/#article\",\"isPartOf\":{\"@id\":\"https:\\\/\\\/www.cuballama.com\\\/noticias\\\/confirman-muerte-de-cubana-desaparecida-tras-tragico-accidente-de-trenes-en-espana\\\/\"},\"author\":{\"name\":\"Kathy\",\"@id\":\"https:\\\/\\\/www.cuballama.com\\\/noticias\\\/#\\\/schema\\\/person\\\/86cd3e3f4974437f031211213bf892d5\"},\"headline\":\"Confirman muerte de cubana desaparecida tras tr\u00e1gico accidente de trenes en Espa\u00f1a\",\"datePublished\":\"2026-01-21T18:53:55+00:00\",\"dateModified\":\"2026-01-21T20:33:04+00:00\",\"mainEntityOfPage\":{\"@id\":\"https:\\\/\\\/www.cuballama.com\\\/noticias\\\/confirman-muerte-de-cubana-desaparecida-tras-tragico-accidente-de-trenes-en-espana\\\/\"},\"wordCount\":571,\"commentCount\":0,\"publisher\":{\"@id\":\"https:\\\/\\\/www.cuballama.com\\\/noticias\\\/#organization\"},\"image\":{\"@id\":\"https:\\\/\\\/www.cuballama.com\\\/noticias\\\/confirman-muerte-de-cubana-desaparecida-tras-tragico-accidente-de-trenes-en-espana\\\/#primaryimage\"},\"thumbnailUrl\":\"https:\\\/\\\/cdn1.mediawpaccore.net\\\/wp-content\\\/uploads\\\/2026\\\/01\\\/21134928\\\/615471608_10163929656769241_2493561830148166041_n1.jpg\",\"keywords\":[\"Cubanos en Espa\u00f1a\",\"destacado\"],\"articleSection\":[\"Noticias\",\"Noticias de Cuba\"],\"inLanguage\":\"es\",\"potentialAction\":[{\"@type\":\"CommentAction\",\"name\":\"Comment\",\"target\":[\"https:\\\/\\\/www.cuballama.com\\\/noticias\\\/confirman-muerte-de-cubana-desaparecida-tras-tragico-accidente-de-trenes-en-espana\\\/#respond\"]}]},{\"@type\":\"WebPage\",\"@id\":\"https:\\\/\\\/www.cuballama.com\\\/noticias\\\/confirman-muerte-de-cubana-desaparecida-tras-tragico-accidente-de-trenes-en-espana\\\/\",\"url\":\"https:\\\/\\\/www.cuballama.com\\\/noticias\\\/confirman-muerte-de-cubana-desaparecida-tras-tragico-accidente-de-trenes-en-espana\\\/\",\"name\":\"Confirman muerte de cubana desaparecida tras tr\u00e1gico accidente de trenes en Espa\u00f1a - Cuballama Noticias\",\"isPartOf\":{\"@id\":\"https:\\\/\\\/www.cuballama.com\\\/noticias\\\/#website\"},\"primaryImageOfPage\":{\"@id\":\"https:\\\/\\\/www.cuballama.com\\\/noticias\\\/confirman-muerte-de-cubana-desaparecida-tras-tragico-accidente-de-trenes-en-espana\\\/#primaryimage\"},\"image\":{\"@id\":\"https:\\\/\\\/www.cuballama.com\\\/noticias\\\/confirman-muerte-de-cubana-desaparecida-tras-tragico-accidente-de-trenes-en-espana\\\/#primaryimage\"},\"thumbnailUrl\":\"https:\\\/\\\/cdn1.mediawpaccore.net\\\/wp-content\\\/uploads\\\/2026\\\/01\\\/21134928\\\/615471608_10163929656769241_2493561830148166041_n1.jpg\",\"datePublished\":\"2026-01-21T18:53:55+00:00\",\"dateModified\":\"2026-01-21T20:33:04+00:00\",\"description\":\"Una cubana de 50 a\u00f1os, residente en Espa\u00f1a, perdi\u00f3 la vida en el tr\u00e1gico accidente de trenes ocurrido el domingo 18 de enero.\",\"breadcrumb\":{\"@id\":\"https:\\\/\\\/www.cuballama.com\\\/noticias\\\/confirman-muerte-de-cubana-desaparecida-tras-tragico-accidente-de-trenes-en-espana\\\/#breadcrumb\"},\"inLanguage\":\"es\",\"potentialAction\":[{\"@type\":\"ReadAction\",\"target\":[\"https:\\\/\\\/www.cuballama.com\\\/noticias\\\/confirman-muerte-de-cubana-desaparecida-tras-tragico-accidente-de-trenes-en-espana\\\/\"]}]},{\"@type\":\"ImageObject\",\"inLanguage\":\"es\",\"@id\":\"https:\\\/\\\/www.cuballama.com\\\/noticias\\\/confirman-muerte-de-cubana-desaparecida-tras-tragico-accidente-de-trenes-en-espana\\\/#primaryimage\",\"url\":\"https:\\\/\\\/cdn1.mediawpaccore.net\\\/wp-content\\\/uploads\\\/2026\\\/01\\\/21134928\\\/615471608_10163929656769241_2493561830148166041_n1.jpg\",\"contentUrl\":\"https:\\\/\\\/cdn1.mediawpaccore.net\\\/wp-content\\\/uploads\\\/2026\\\/01\\\/21134928\\\/615471608_10163929656769241_2493561830148166041_n1.jpg\",\"width\":1200,\"height\":630,\"caption\":\"Tamara Margarita Vald\u00e9s. Foto: Instagram\\\/Rosy Del Todo Fournier.\"},{\"@type\":\"BreadcrumbList\",\"@id\":\"https:\\\/\\\/www.cuballama.com\\\/noticias\\\/confirman-muerte-de-cubana-desaparecida-tras-tragico-accidente-de-trenes-en-espana\\\/#breadcrumb\",\"itemListElement\":[{\"@type\":\"ListItem\",\"position\":1,\"name\":\"Home\",\"item\":\"https:\\\/\\\/www.cuballama.com\\\/noticias\\\/\"},{\"@type\":\"ListItem\",\"position\":2,\"name\":\"Confirman muerte de cubana desaparecida tras tr\u00e1gico accidente de trenes en Espa\u00f1a\"}]},{\"@type\":\"WebSite\",\"@id\":\"https:\\\/\\\/www.cuballama.com\\\/noticias\\\/#website\",\"url\":\"https:\\\/\\\/www.cuballama.com\\\/noticias\\\/\",\"name\":\"Cuballama Noticias\",\"description\":\"Medio digital sobre Cuba y el mundo\",\"publisher\":{\"@id\":\"https:\\\/\\\/www.cuballama.com\\\/noticias\\\/#organization\"},\"potentialAction\":[{\"@type\":\"SearchAction\",\"target\":{\"@type\":\"EntryPoint\",\"urlTemplate\":\"https:\\\/\\\/www.cuballama.com\\\/noticias\\\/?s={search_term_string}\"},\"query-input\":{\"@type\":\"PropertyValueSpecification\",\"valueRequired\":true,\"valueName\":\"search_term_string\"}}],\"inLanguage\":\"es\"},{\"@type\":\"Organization\",\"@id\":\"https:\\\/\\\/www.cuballama.com\\\/noticias\\\/#organization\",\"name\":\"Cuballama\",\"url\":\"https:\\\/\\\/www.cuballama.com\\\/noticias\\\/\",\"logo\":{\"@type\":\"ImageObject\",\"inLanguage\":\"es\",\"@id\":\"https:\\\/\\\/www.cuballama.com\\\/noticias\\\/#\\\/schema\\\/logo\\\/image\\\/\",\"url\":\"https:\\\/\\\/cdn1.mediawpaccore.net\\\/wp-content\\\/uploads\\\/2021\\\/12\\\/28171206\\\/cbll-logo-color-sm.png\",\"contentUrl\":\"https:\\\/\\\/cdn1.mediawpaccore.net\\\/wp-content\\\/uploads\\\/2021\\\/12\\\/28171206\\\/cbll-logo-color-sm.png\",\"width\":600,\"height\":133,\"caption\":\"Cuballama\"},\"image\":{\"@id\":\"https:\\\/\\\/www.cuballama.com\\\/noticias\\\/#\\\/schema\\\/logo\\\/image\\\/\"},\"sameAs\":[\"https:\\\/\\\/www.facebook.com\\\/CubaLlama\",\"https:\\\/\\\/x.com\\\/cuballama\",\"https:\\\/\\\/www.instagram.com\\\/stories\\\/cuballama_oficial\\\/\",\"https:\\\/\\\/www.youtube.com\\\/channel\\\/UCKkFE-d_axENGZcrc4as0IA\"]},{\"@type\":\"Person\",\"@id\":\"https:\\\/\\\/www.cuballama.com\\\/noticias\\\/#\\\/schema\\\/person\\\/86cd3e3f4974437f031211213bf892d5\",\"name\":\"Kathy\",\"url\":\"https:\\\/\\\/www.cuballama.com\\\/noticias\\\/author\\\/kathy\\\/\"}]}<\/script>\n<!-- \/ Yoast SEO plugin. -->","yoast_head_json":{"title":"Confirman muerte de cubana desaparecida tras tr\u00e1gico accidente de trenes en Espa\u00f1a - Cuballama Noticias","description":"Una cubana de 50 a\u00f1os, residente en Espa\u00f1a, perdi\u00f3 la vida en el tr\u00e1gico accidente de trenes ocurrido el domingo 18 de enero.","robots":{"index":"index","follow":"follow","max-snippet":"max-snippet:-1","max-image-preview":"max-image-preview:large","max-video-preview":"max-video-preview:-1"},"canonical":"https:\/\/www.cuballama.com\/noticias\/confirman-muerte-de-cubana-desaparecida-tras-tragico-accidente-de-trenes-en-espana\/","og_locale":"es_ES","og_type":"article","og_title":"Confirman muerte de cubana desaparecida tras tr\u00e1gico accidente de trenes en Espa\u00f1a - Cuballama Noticias","og_description":"Una cubana de 50 a\u00f1os, residente en Espa\u00f1a, perdi\u00f3 la vida en el tr\u00e1gico accidente de trenes ocurrido el domingo 18 de enero.","og_url":"https:\/\/www.cuballama.com\/noticias\/confirman-muerte-de-cubana-desaparecida-tras-tragico-accidente-de-trenes-en-espana\/","og_site_name":"Cuballama Noticias","article_publisher":"https:\/\/www.facebook.com\/CubaLlama","article_published_time":"2026-01-21T18:53:55+00:00","article_modified_time":"2026-01-21T20:33:04+00:00","og_image":[{"width":1200,"height":630,"url":"https:\/\/cdn1.mediawpaccore.net\/wp-content\/uploads\/2026\/01\/21134928\/615471608_10163929656769241_2493561830148166041_n1.jpg","type":"image\/jpeg"}],"author":"Kathy","twitter_card":"summary_large_image","twitter_creator":"@cuballama","twitter_site":"@cuballama","twitter_misc":{"Escrito por":"Kathy","Tiempo de lectura":"3 minutos"},"schema":{"@context":"https:\/\/schema.org","@graph":[{"@type":"Article","@id":"https:\/\/www.cuballama.com\/noticias\/confirman-muerte-de-cubana-desaparecida-tras-tragico-accidente-de-trenes-en-espana\/#article","isPartOf":{"@id":"https:\/\/www.cuballama.com\/noticias\/confirman-muerte-de-cubana-desaparecida-tras-tragico-accidente-de-trenes-en-espana\/"},"author":{"name":"Kathy","@id":"https:\/\/www.cuballama.com\/noticias\/#\/schema\/person\/86cd3e3f4974437f031211213bf892d5"},"headline":"Confirman muerte de cubana desaparecida tras tr\u00e1gico accidente de trenes en Espa\u00f1a","datePublished":"2026-01-21T18:53:55+00:00","dateModified":"2026-01-21T20:33:04+00:00","mainEntityOfPage":{"@id":"https:\/\/www.cuballama.com\/noticias\/confirman-muerte-de-cubana-desaparecida-tras-tragico-accidente-de-trenes-en-espana\/"},"wordCount":571,"commentCount":0,"publisher":{"@id":"https:\/\/www.cuballama.com\/noticias\/#organization"},"image":{"@id":"https:\/\/www.cuballama.com\/noticias\/confirman-muerte-de-cubana-desaparecida-tras-tragico-accidente-de-trenes-en-espana\/#primaryimage"},"thumbnailUrl":"https:\/\/cdn1.mediawpaccore.net\/wp-content\/uploads\/2026\/01\/21134928\/615471608_10163929656769241_2493561830148166041_n1.jpg","keywords":["Cubanos en Espa\u00f1a","destacado"],"articleSection":["Noticias","Noticias de Cuba"],"inLanguage":"es","potentialAction":[{"@type":"CommentAction","name":"Comment","target":["https:\/\/www.cuballama.com\/noticias\/confirman-muerte-de-cubana-desaparecida-tras-tragico-accidente-de-trenes-en-espana\/#respond"]}]},{"@type":"WebPage","@id":"https:\/\/www.cuballama.com\/noticias\/confirman-muerte-de-cubana-desaparecida-tras-tragico-accidente-de-trenes-en-espana\/","url":"https:\/\/www.cuballama.com\/noticias\/confirman-muerte-de-cubana-desaparecida-tras-tragico-accidente-de-trenes-en-espana\/","name":"Confirman muerte de cubana desaparecida tras tr\u00e1gico accidente de trenes en Espa\u00f1a - Cuballama Noticias","isPartOf":{"@id":"https:\/\/www.cuballama.com\/noticias\/#website"},"primaryImageOfPage":{"@id":"https:\/\/www.cuballama.com\/noticias\/confirman-muerte-de-cubana-desaparecida-tras-tragico-accidente-de-trenes-en-espana\/#primaryimage"},"image":{"@id":"https:\/\/www.cuballama.com\/noticias\/confirman-muerte-de-cubana-desaparecida-tras-tragico-accidente-de-trenes-en-espana\/#primaryimage"},"thumbnailUrl":"https:\/\/cdn1.mediawpaccore.net\/wp-content\/uploads\/2026\/01\/21134928\/615471608_10163929656769241_2493561830148166041_n1.jpg","datePublished":"2026-01-21T18:53:55+00:00","dateModified":"2026-01-21T20:33:04+00:00","description":"Una cubana de 50 a\u00f1os, residente en Espa\u00f1a, perdi\u00f3 la vida en el tr\u00e1gico accidente de trenes ocurrido el domingo 18 de enero.","breadcrumb":{"@id":"https:\/\/www.cuballama.com\/noticias\/confirman-muerte-de-cubana-desaparecida-tras-tragico-accidente-de-trenes-en-espana\/#breadcrumb"},"inLanguage":"es","potentialAction":[{"@type":"ReadAction","target":["https:\/\/www.cuballama.com\/noticias\/confirman-muerte-de-cubana-desaparecida-tras-tragico-accidente-de-trenes-en-espana\/"]}]},{"@type":"ImageObject","inLanguage":"es","@id":"https:\/\/www.cuballama.com\/noticias\/confirman-muerte-de-cubana-desaparecida-tras-tragico-accidente-de-trenes-en-espana\/#primaryimage","url":"https:\/\/cdn1.mediawpaccore.net\/wp-content\/uploads\/2026\/01\/21134928\/615471608_10163929656769241_2493561830148166041_n1.jpg","contentUrl":"https:\/\/cdn1.mediawpaccore.net\/wp-content\/uploads\/2026\/01\/21134928\/615471608_10163929656769241_2493561830148166041_n1.jpg","width":1200,"height":630,"caption":"Tamara Margarita Vald\u00e9s. Foto: Instagram\/Rosy Del Todo Fournier."},{"@type":"BreadcrumbList","@id":"https:\/\/www.cuballama.com\/noticias\/confirman-muerte-de-cubana-desaparecida-tras-tragico-accidente-de-trenes-en-espana\/#breadcrumb","itemListElement":[{"@type":"ListItem","position":1,"name":"Home","item":"https:\/\/www.cuballama.com\/noticias\/"},{"@type":"ListItem","position":2,"name":"Confirman muerte de cubana desaparecida tras tr\u00e1gico accidente de trenes en Espa\u00f1a"}]},{"@type":"WebSite","@id":"https:\/\/www.cuballama.com\/noticias\/#website","url":"https:\/\/www.cuballama.com\/noticias\/","name":"Cuballama Noticias","description":"Medio digital sobre Cuba y el mundo","publisher":{"@id":"https:\/\/www.cuballama.com\/noticias\/#organization"},"potentialAction":[{"@type":"SearchAction","target":{"@type":"EntryPoint","urlTemplate":"https:\/\/www.cuballama.com\/noticias\/?s={search_term_string}"},"query-input":{"@type":"PropertyValueSpecification","valueRequired":true,"valueName":"search_term_string"}}],"inLanguage":"es"},{"@type":"Organization","@id":"https:\/\/www.cuballama.com\/noticias\/#organization","name":"Cuballama","url":"https:\/\/www.cuballama.com\/noticias\/","logo":{"@type":"ImageObject","inLanguage":"es","@id":"https:\/\/www.cuballama.com\/noticias\/#\/schema\/logo\/image\/","url":"https:\/\/cdn1.mediawpaccore.net\/wp-content\/uploads\/2021\/12\/28171206\/cbll-logo-color-sm.png","contentUrl":"https:\/\/cdn1.mediawpaccore.net\/wp-content\/uploads\/2021\/12\/28171206\/cbll-logo-color-sm.png","width":600,"height":133,"caption":"Cuballama"},"image":{"@id":"https:\/\/www.cuballama.com\/noticias\/#\/schema\/logo\/image\/"},"sameAs":["https:\/\/www.facebook.com\/CubaLlama","https:\/\/x.com\/cuballama","https:\/\/www.instagram.com\/stories\/cuballama_oficial\/","https:\/\/www.youtube.com\/channel\/UCKkFE-d_axENGZcrc4as0IA"]},{"@type":"Person","@id":"https:\/\/www.cuballama.com\/noticias\/#\/schema\/person\/86cd3e3f4974437f031211213bf892d5","name":"Kathy","url":"https:\/\/www.cuballama.com\/noticias\/author\/kathy\/"}]}},"_links":{"self":[{"href":"https:\/\/www.cuballama.com\/noticias\/wp-json\/wp\/v2\/posts\/232928","targetHints":{"allow":["GET"]}}],"collection":[{"href":"https:\/\/www.cuballama.com\/noticias\/wp-json\/wp\/v2\/posts"}],"about":[{"href":"https:\/\/www.cuballama.com\/noticias\/wp-json\/wp\/v2\/types\/post"}],"author":[{"embeddable":true,"href":"https:\/\/www.cuballama.com\/noticias\/wp-json\/wp\/v2\/users\/30"}],"replies":[{"embeddable":true,"href":"https:\/\/www.cuballama.com\/noticias\/wp-json\/wp\/v2\/comments?post=232928"}],"version-history":[{"count":12,"href":"https:\/\/www.cuballama.com\/noticias\/wp-json\/wp\/v2\/posts\/232928\/revisions"}],"predecessor-version":[{"id":232955,"href":"https:\/\/www.cuballama.com\/noticias\/wp-json\/wp\/v2\/posts\/232928\/revisions\/232955"}],"wp:featuredmedia":[{"embeddable":true,"href":"https:\/\/www.cuballama.com\/noticias\/wp-json\/wp\/v2\/media\/232931"}],"wp:attachment":[{"href":"https:\/\/www.cuballama.com\/noticias\/wp-json\/wp\/v2\/media?parent=232928"}],"wp:term":[{"taxonomy":"category","embeddable":true,"href":"https:\/\/www.cuballama.com\/noticias\/wp-json\/wp\/v2\/categories?post=232928"},{"taxonomy":"post_tag","embeddable":true,"href":"https:\/\/www.cuballama.com\/noticias\/wp-json\/wp\/v2\/tags?post=232928"}],"curies":[{"name":"wp","href":"https:\/\/api.w.org\/{rel}","templated":true}]}}