{"id":232922,"date":"2026-01-21T10:47:02","date_gmt":"2026-01-21T15:47:02","guid":{"rendered":"https:\/\/www.cuballama.com\/noticias\/?p=232922"},"modified":"2026-01-21T10:47:05","modified_gmt":"2026-01-21T15:47:05","slug":"la-diosa-revela-inquietante-corazonada-sobre-el-dany-y-el-taiger-yo-sabia-que-se-iban-a-morir","status":"publish","type":"post","link":"https:\/\/www.cuballama.com\/noticias\/la-diosa-revela-inquietante-corazonada-sobre-el-dany-y-el-taiger-yo-sabia-que-se-iban-a-morir\/","title":{"rendered":"La Diosa revela inquietante corazonada sobre El Dany y El Taiger: \u201cYo sab\u00eda que se iban a morir\u201d"},"content":{"rendered":"\n<p>La Diosa volvi\u00f3 a colocarse en el centro de la conversaci\u00f3n p\u00fablica tras compartir una confesi\u00f3n tan personal como perturbadora durante su participaci\u00f3n en el reality show El Rancho de Destino. En una charla con Fiu Fiu, otro participante, la artista habl\u00f3 abiertamente de una corazonada que tuvo meses antes de la muerte de El Dany, uno de los exponentes m\u00e1s queridos de la m\u00fasica urbana cubana.<\/p>\n\n\n\n<p>El Dany, integrante del d\u00fao Yomil y El Dany, falleci\u00f3 el 18 de julio de 2020 a los 31 a\u00f1os, dejando un profundo vac\u00edo entre colegas y seguidores. Seg\u00fan relat\u00f3 La Diosa, poco antes de su fallecimiento experiment\u00f3 una sensaci\u00f3n dif\u00edcil de explicar racionalmente, pero que con el tiempo se convirti\u00f3 en un recuerdo imposible de ignorar.<\/p>\n\n\n\n<p>\u201cVi una foto suya en Instagram y le dije a El Rey: este ni\u00f1o se va a morir. Me pregunt\u00f3 c\u00f3mo, y le respond\u00ed que lo hab\u00eda visto muerto en la foto. Al mes se muri\u00f3\u201d, cont\u00f3 la cantante, provocando una reacci\u00f3n de asombro entre quienes la escuchaban. La frase, directa y sin rodeos, marc\u00f3 uno de los momentos m\u00e1s comentados de su paso por el reality.<\/p>\n\n\n\n<figure class=\"wp-block-embed is-type-video is-provider-tiktok wp-block-embed-tiktok\"><div class=\"wp-block-embed__wrapper\">\n<blockquote class=\"tiktok-embed\" cite=\"https:\/\/www.tiktok.com\/@clipsdelranchodedestino\/video\/7597513187797241143\" data-video-id=\"7597513187797241143\" data-embed-from=\"oembed\" style=\"max-width:605px; min-width:325px;\"> <section> <a target=\"_blank\" title=\"@clipsdelranchodedestino\" href=\"https:\/\/www.tiktok.com\/@clipsdelranchodedestino?refer=embed\">@clipsdelranchodedestino<\/a> <p><a title=\"fyp\" target=\"_blank\" href=\"https:\/\/www.tiktok.com\/tag\/fyp?refer=embed\">#fyp<\/a> <a title=\"chisme\" target=\"_blank\" href=\"https:\/\/www.tiktok.com\/tag\/chisme?refer=embed\">#chisme<\/a> <a title=\"farandulacubana\" target=\"_blank\" href=\"https:\/\/www.tiktok.com\/tag\/farandulacubana?refer=embed\">#farandulacubana<\/a> <a title=\"cubanosporelmundo\ud83c\udde8\ud83c\uddfa\" target=\"_blank\" href=\"https:\/\/www.tiktok.com\/tag\/cubanosporelmundo%F0%9F%87%A8%F0%9F%87%BA?refer=embed\">#cubanosporelmundo\ud83c\udde8\ud83c\uddfa<\/a> @FIUFIU_OFICIALL\ud83d\udc2c\ud83d\udc16\ud83d\udc37\u26a1\ufe0f @Destino tolk @La Diosa de Cuba <\/p> <a target=\"_blank\" title=\"\u266c Terror - Perfect, so dystopian\" href=\"https:\/\/www.tiktok.com\/music\/Terror-7383367367706232848?refer=embed\">\u266c Terror &#8211; Perfect, so dystopian<\/a> <\/section> <\/blockquote> <script async src=\"https:\/\/www.tiktok.com\/embed.js\"><\/script>\n<\/div><\/figure>\n\n\n\n<p>La Diosa no present\u00f3 su testimonio como una afirmaci\u00f3n sobrenatural, sino como una experiencia intuitiva que, para ella, fue tan real como angustiante. La artista explic\u00f3 que no manten\u00eda una relaci\u00f3n cercana con El Dany, pero que aun as\u00ed la imagen le gener\u00f3 una alarma interna que no pudo sacarse de la cabeza.<\/p>\n\n\n\n<p><strong>Lea m\u00e1s: <a href=\"https:\/\/www.cuballama.com\/noticias\/la-diosa-escupe-a-oyacito-durante-fuerte-discusion-en-el-rancho-de-destino\/\" target=\"_blank\" rel=\"noreferrer noopener\">La Diosa escupe a Oyacito durante fu<\/a><\/strong><a href=\"https:\/\/www.cuballama.com\/noticias\/la-diosa-escupe-a-oyacito-durante-fuerte-discusion-en-el-rancho-de-destino\/\" target=\"_blank\" rel=\"noreferrer noopener\"><strong>erte discusi\u00f3n en El Rancho de Destino<\/strong><\/a><\/p>\n\n\n\n<p>En la misma conversaci\u00f3n, la int\u00e9rprete tambi\u00e9n se hab\u00eda referido minutos antes al reguetonero El Taiger, otro artista urbano cuya muerte sacudi\u00f3 al panorama musical cubano. En este caso, La Diosa asegur\u00f3 que sigui\u00f3 de cerca lo que estaba ocurriendo con \u00e9l y que trat\u00f3 de intervenir desde su fe y sus creencias personales.<\/p>\n\n\n\n<p>\u201cYo sab\u00eda todo lo que estaba pasando con \u00e9l. Le puse la vela, le ped\u00ed a mis santos. Me dio l\u00e1stima c\u00f3mo lo mataron\u201d, expres\u00f3 la artista, quien dijo haberse comunicado con \u201cEl Flaco\u201d, mejor amigo de El Taiger, para transmitirle su preocupaci\u00f3n por la vida que llevaba entonces el reguetonero.<\/p>\n\n\n\n<p>Aunque aclar\u00f3 que tampoco ten\u00eda una amistad directa con El Taiger, insisti\u00f3 en que su preocupaci\u00f3n fue sincera y activa. \u201cYo no era amiga del Taiger, pero llam\u00e9 a sus amistades y les dije que lo cuidaran, porque vi que su vida iba a terminar\u201d, a\u00f1adi\u00f3, reforzando la idea de que su intuici\u00f3n la llev\u00f3 incluso a intentar alertar a personas cercanas al cantante.<\/p>\n\n\n\n<p>Estas declaraciones se suman a una participaci\u00f3n marcada por la controversia. Desde su llegada a El Rancho de Destino, La Diosa se ha consolidado como una de las concursantes m\u00e1s comentadas del programa, tanto por su franqueza como por sus constantes choques con otros participantes. Uno de los episodios m\u00e1s tensos fue su reciente discusi\u00f3n con Gino Montalvo, Oyacito, que termin\u00f3 con una sanci\u00f3n por parte de la producci\u00f3n.<\/p>\n\n\n\n<p>A pesar de las cr\u00edticas, La Diosa contin\u00faa generando inter\u00e9s por su manera directa de hablar sobre temas sensibles, en este \u00faltimo caso la muerte, la intuici\u00f3n y la espiritualidad. Sus palabras, inc\u00f3modas para algunos y reveladoras para otros, vuelven a demostrar que la cantante no teme exponerse ni decir lo que siente, incluso cuando sabe que sus confesiones pueden desatar pol\u00e9mica.<\/p>\n","protected":false},"excerpt":{"rendered":"<p>\u201cVi una foto suya en Instagram y le dije a El Rey: este ni\u00f1o se va a morir\u201d, cont\u00f3 la cantante<\/p>\n","protected":false},"author":27,"featured_media":232923,"comment_status":"open","ping_status":"closed","sticky":false,"template":"","format":"standard","meta":{"_acf_changed":false,"footnotes":""},"categories":[443],"tags":[11050,10529,29848,11365,5202,6160],"class_list":{"0":"post-232922","1":"post","2":"type-post","3":"status-publish","4":"format-standard","5":"has-post-thumbnail","7":"category-farandula","8":"tag-cubanos-en-miami","9":"tag-el-dany","10":"tag-el-rancho-de-destino","11":"tag-el-taiger","12":"tag-la-diosa","13":"tag-reguetoneros-cubanos"},"acf":[],"yoast_head":"<!-- This site is optimized with the Yoast SEO plugin v27.4 - https:\/\/yoast.com\/product\/yoast-seo-wordpress\/ -->\n<title>La Diosa revela inquietante corazonada sobre El Dany y El Taiger: \u201cYo sab\u00eda que se iban a morir\u201d - Cuballama Noticias<\/title>\n<meta name=\"description\" content=\"La Diosa comparti\u00f3 una confesi\u00f3n tan personal como perturbadora durante su participaci\u00f3n en el reality show El Rancho de Destino\" \/>\n<meta name=\"robots\" content=\"index, follow, max-snippet:-1, max-image-preview:large, max-video-preview:-1\" \/>\n<link rel=\"canonical\" href=\"https:\/\/www.cuballama.com\/noticias\/la-diosa-revela-inquietante-corazonada-sobre-el-dany-y-el-taiger-yo-sabia-que-se-iban-a-morir\/\" \/>\n<meta property=\"og:locale\" content=\"es_ES\" \/>\n<meta property=\"og:type\" content=\"article\" \/>\n<meta property=\"og:title\" content=\"La Diosa revela inquietante corazonada sobre El Dany y El Taiger: \u201cYo sab\u00eda que se iban a morir\u201d - Cuballama Noticias\" \/>\n<meta property=\"og:description\" content=\"La Diosa comparti\u00f3 una confesi\u00f3n tan personal como perturbadora durante su participaci\u00f3n en el reality show El Rancho de Destino\" \/>\n<meta property=\"og:url\" content=\"https:\/\/www.cuballama.com\/noticias\/la-diosa-revela-inquietante-corazonada-sobre-el-dany-y-el-taiger-yo-sabia-que-se-iban-a-morir\/\" \/>\n<meta property=\"og:site_name\" content=\"Cuballama Noticias\" \/>\n<meta property=\"article:publisher\" content=\"https:\/\/www.facebook.com\/CubaLlama\" \/>\n<meta property=\"article:published_time\" content=\"2026-01-21T15:47:02+00:00\" \/>\n<meta property=\"article:modified_time\" content=\"2026-01-21T15:47:05+00:00\" \/>\n<meta property=\"og:image\" content=\"https:\/\/cdn1.mediawpaccore.net\/wp-content\/uploads\/2026\/01\/21104543\/WhatsApp-Image-2026-01-21-at-16.45.23.jpeg\" \/>\n\t<meta property=\"og:image:width\" content=\"1884\" \/>\n\t<meta property=\"og:image:height\" content=\"1288\" \/>\n\t<meta property=\"og:image:type\" content=\"image\/jpeg\" \/>\n<meta name=\"author\" content=\"Rafa\" \/>\n<meta name=\"twitter:card\" content=\"summary_large_image\" \/>\n<meta name=\"twitter:creator\" content=\"@cuballama\" \/>\n<meta name=\"twitter:site\" content=\"@cuballama\" \/>\n<meta name=\"twitter:label1\" content=\"Escrito por\" \/>\n\t<meta name=\"twitter:data1\" content=\"Rafa\" \/>\n\t<meta name=\"twitter:label2\" content=\"Tiempo de lectura\" \/>\n\t<meta name=\"twitter:data2\" content=\"3 minutos\" \/>\n<script type=\"application\/ld+json\" class=\"yoast-schema-graph\">{\"@context\":\"https:\\\/\\\/schema.org\",\"@graph\":[{\"@type\":\"Article\",\"@id\":\"https:\\\/\\\/www.cuballama.com\\\/noticias\\\/la-diosa-revela-inquietante-corazonada-sobre-el-dany-y-el-taiger-yo-sabia-que-se-iban-a-morir\\\/#article\",\"isPartOf\":{\"@id\":\"https:\\\/\\\/www.cuballama.com\\\/noticias\\\/la-diosa-revela-inquietante-corazonada-sobre-el-dany-y-el-taiger-yo-sabia-que-se-iban-a-morir\\\/\"},\"author\":{\"name\":\"Rafa\",\"@id\":\"https:\\\/\\\/www.cuballama.com\\\/noticias\\\/#\\\/schema\\\/person\\\/0f97914526a658755f00e59ec2a832f2\"},\"headline\":\"La Diosa revela inquietante corazonada sobre El Dany y El Taiger: \u201cYo sab\u00eda que se iban a morir\u201d\",\"datePublished\":\"2026-01-21T15:47:02+00:00\",\"dateModified\":\"2026-01-21T15:47:05+00:00\",\"mainEntityOfPage\":{\"@id\":\"https:\\\/\\\/www.cuballama.com\\\/noticias\\\/la-diosa-revela-inquietante-corazonada-sobre-el-dany-y-el-taiger-yo-sabia-que-se-iban-a-morir\\\/\"},\"wordCount\":628,\"commentCount\":0,\"publisher\":{\"@id\":\"https:\\\/\\\/www.cuballama.com\\\/noticias\\\/#organization\"},\"image\":{\"@id\":\"https:\\\/\\\/www.cuballama.com\\\/noticias\\\/la-diosa-revela-inquietante-corazonada-sobre-el-dany-y-el-taiger-yo-sabia-que-se-iban-a-morir\\\/#primaryimage\"},\"thumbnailUrl\":\"https:\\\/\\\/cdn1.mediawpaccore.net\\\/wp-content\\\/uploads\\\/2026\\\/01\\\/21104543\\\/WhatsApp-Image-2026-01-21-at-16.45.23.jpeg\",\"keywords\":[\"cubanos en Miami\",\"El Dany\",\"El Rancho de Destino\",\"El Taiger\",\"La Diosa\",\"Reguetoneros cubanos\"],\"articleSection\":[\"Far\u00e1ndula\"],\"inLanguage\":\"es\",\"potentialAction\":[{\"@type\":\"CommentAction\",\"name\":\"Comment\",\"target\":[\"https:\\\/\\\/www.cuballama.com\\\/noticias\\\/la-diosa-revela-inquietante-corazonada-sobre-el-dany-y-el-taiger-yo-sabia-que-se-iban-a-morir\\\/#respond\"]}]},{\"@type\":\"WebPage\",\"@id\":\"https:\\\/\\\/www.cuballama.com\\\/noticias\\\/la-diosa-revela-inquietante-corazonada-sobre-el-dany-y-el-taiger-yo-sabia-que-se-iban-a-morir\\\/\",\"url\":\"https:\\\/\\\/www.cuballama.com\\\/noticias\\\/la-diosa-revela-inquietante-corazonada-sobre-el-dany-y-el-taiger-yo-sabia-que-se-iban-a-morir\\\/\",\"name\":\"La Diosa revela inquietante corazonada sobre El Dany y El Taiger: \u201cYo sab\u00eda que se iban a morir\u201d - Cuballama Noticias\",\"isPartOf\":{\"@id\":\"https:\\\/\\\/www.cuballama.com\\\/noticias\\\/#website\"},\"primaryImageOfPage\":{\"@id\":\"https:\\\/\\\/www.cuballama.com\\\/noticias\\\/la-diosa-revela-inquietante-corazonada-sobre-el-dany-y-el-taiger-yo-sabia-que-se-iban-a-morir\\\/#primaryimage\"},\"image\":{\"@id\":\"https:\\\/\\\/www.cuballama.com\\\/noticias\\\/la-diosa-revela-inquietante-corazonada-sobre-el-dany-y-el-taiger-yo-sabia-que-se-iban-a-morir\\\/#primaryimage\"},\"thumbnailUrl\":\"https:\\\/\\\/cdn1.mediawpaccore.net\\\/wp-content\\\/uploads\\\/2026\\\/01\\\/21104543\\\/WhatsApp-Image-2026-01-21-at-16.45.23.jpeg\",\"datePublished\":\"2026-01-21T15:47:02+00:00\",\"dateModified\":\"2026-01-21T15:47:05+00:00\",\"description\":\"La Diosa comparti\u00f3 una confesi\u00f3n tan personal como perturbadora durante su participaci\u00f3n en el reality show El Rancho de Destino\",\"breadcrumb\":{\"@id\":\"https:\\\/\\\/www.cuballama.com\\\/noticias\\\/la-diosa-revela-inquietante-corazonada-sobre-el-dany-y-el-taiger-yo-sabia-que-se-iban-a-morir\\\/#breadcrumb\"},\"inLanguage\":\"es\",\"potentialAction\":[{\"@type\":\"ReadAction\",\"target\":[\"https:\\\/\\\/www.cuballama.com\\\/noticias\\\/la-diosa-revela-inquietante-corazonada-sobre-el-dany-y-el-taiger-yo-sabia-que-se-iban-a-morir\\\/\"]}]},{\"@type\":\"ImageObject\",\"inLanguage\":\"es\",\"@id\":\"https:\\\/\\\/www.cuballama.com\\\/noticias\\\/la-diosa-revela-inquietante-corazonada-sobre-el-dany-y-el-taiger-yo-sabia-que-se-iban-a-morir\\\/#primaryimage\",\"url\":\"https:\\\/\\\/cdn1.mediawpaccore.net\\\/wp-content\\\/uploads\\\/2026\\\/01\\\/21104543\\\/WhatsApp-Image-2026-01-21-at-16.45.23.jpeg\",\"contentUrl\":\"https:\\\/\\\/cdn1.mediawpaccore.net\\\/wp-content\\\/uploads\\\/2026\\\/01\\\/21104543\\\/WhatsApp-Image-2026-01-21-at-16.45.23.jpeg\",\"width\":1884,\"height\":1288,\"caption\":\"Foto: Facebook\"},{\"@type\":\"BreadcrumbList\",\"@id\":\"https:\\\/\\\/www.cuballama.com\\\/noticias\\\/la-diosa-revela-inquietante-corazonada-sobre-el-dany-y-el-taiger-yo-sabia-que-se-iban-a-morir\\\/#breadcrumb\",\"itemListElement\":[{\"@type\":\"ListItem\",\"position\":1,\"name\":\"Home\",\"item\":\"https:\\\/\\\/www.cuballama.com\\\/noticias\\\/\"},{\"@type\":\"ListItem\",\"position\":2,\"name\":\"La Diosa revela inquietante corazonada sobre El Dany y El Taiger: \u201cYo sab\u00eda que se iban a morir\u201d\"}]},{\"@type\":\"WebSite\",\"@id\":\"https:\\\/\\\/www.cuballama.com\\\/noticias\\\/#website\",\"url\":\"https:\\\/\\\/www.cuballama.com\\\/noticias\\\/\",\"name\":\"Cuballama Noticias\",\"description\":\"Medio digital sobre Cuba y el mundo\",\"publisher\":{\"@id\":\"https:\\\/\\\/www.cuballama.com\\\/noticias\\\/#organization\"},\"potentialAction\":[{\"@type\":\"SearchAction\",\"target\":{\"@type\":\"EntryPoint\",\"urlTemplate\":\"https:\\\/\\\/www.cuballama.com\\\/noticias\\\/?s={search_term_string}\"},\"query-input\":{\"@type\":\"PropertyValueSpecification\",\"valueRequired\":true,\"valueName\":\"search_term_string\"}}],\"inLanguage\":\"es\"},{\"@type\":\"Organization\",\"@id\":\"https:\\\/\\\/www.cuballama.com\\\/noticias\\\/#organization\",\"name\":\"Cuballama\",\"url\":\"https:\\\/\\\/www.cuballama.com\\\/noticias\\\/\",\"logo\":{\"@type\":\"ImageObject\",\"inLanguage\":\"es\",\"@id\":\"https:\\\/\\\/www.cuballama.com\\\/noticias\\\/#\\\/schema\\\/logo\\\/image\\\/\",\"url\":\"https:\\\/\\\/cdn1.mediawpaccore.net\\\/wp-content\\\/uploads\\\/2021\\\/12\\\/28171206\\\/cbll-logo-color-sm.png\",\"contentUrl\":\"https:\\\/\\\/cdn1.mediawpaccore.net\\\/wp-content\\\/uploads\\\/2021\\\/12\\\/28171206\\\/cbll-logo-color-sm.png\",\"width\":600,\"height\":133,\"caption\":\"Cuballama\"},\"image\":{\"@id\":\"https:\\\/\\\/www.cuballama.com\\\/noticias\\\/#\\\/schema\\\/logo\\\/image\\\/\"},\"sameAs\":[\"https:\\\/\\\/www.facebook.com\\\/CubaLlama\",\"https:\\\/\\\/x.com\\\/cuballama\",\"https:\\\/\\\/www.instagram.com\\\/stories\\\/cuballama_oficial\\\/\",\"https:\\\/\\\/www.youtube.com\\\/channel\\\/UCKkFE-d_axENGZcrc4as0IA\"]},{\"@type\":\"Person\",\"@id\":\"https:\\\/\\\/www.cuballama.com\\\/noticias\\\/#\\\/schema\\\/person\\\/0f97914526a658755f00e59ec2a832f2\",\"name\":\"Rafa\",\"url\":\"https:\\\/\\\/www.cuballama.com\\\/noticias\\\/author\\\/rafa\\\/\"}]}<\/script>\n<!-- \/ Yoast SEO plugin. -->","yoast_head_json":{"title":"La Diosa revela inquietante corazonada sobre El Dany y El Taiger: \u201cYo sab\u00eda que se iban a morir\u201d - Cuballama Noticias","description":"La Diosa comparti\u00f3 una confesi\u00f3n tan personal como perturbadora durante su participaci\u00f3n en el reality show El Rancho de Destino","robots":{"index":"index","follow":"follow","max-snippet":"max-snippet:-1","max-image-preview":"max-image-preview:large","max-video-preview":"max-video-preview:-1"},"canonical":"https:\/\/www.cuballama.com\/noticias\/la-diosa-revela-inquietante-corazonada-sobre-el-dany-y-el-taiger-yo-sabia-que-se-iban-a-morir\/","og_locale":"es_ES","og_type":"article","og_title":"La Diosa revela inquietante corazonada sobre El Dany y El Taiger: \u201cYo sab\u00eda que se iban a morir\u201d - Cuballama Noticias","og_description":"La Diosa comparti\u00f3 una confesi\u00f3n tan personal como perturbadora durante su participaci\u00f3n en el reality show El Rancho de Destino","og_url":"https:\/\/www.cuballama.com\/noticias\/la-diosa-revela-inquietante-corazonada-sobre-el-dany-y-el-taiger-yo-sabia-que-se-iban-a-morir\/","og_site_name":"Cuballama Noticias","article_publisher":"https:\/\/www.facebook.com\/CubaLlama","article_published_time":"2026-01-21T15:47:02+00:00","article_modified_time":"2026-01-21T15:47:05+00:00","og_image":[{"width":1884,"height":1288,"url":"https:\/\/cdn1.mediawpaccore.net\/wp-content\/uploads\/2026\/01\/21104543\/WhatsApp-Image-2026-01-21-at-16.45.23.jpeg","type":"image\/jpeg"}],"author":"Rafa","twitter_card":"summary_large_image","twitter_creator":"@cuballama","twitter_site":"@cuballama","twitter_misc":{"Escrito por":"Rafa","Tiempo de lectura":"3 minutos"},"schema":{"@context":"https:\/\/schema.org","@graph":[{"@type":"Article","@id":"https:\/\/www.cuballama.com\/noticias\/la-diosa-revela-inquietante-corazonada-sobre-el-dany-y-el-taiger-yo-sabia-que-se-iban-a-morir\/#article","isPartOf":{"@id":"https:\/\/www.cuballama.com\/noticias\/la-diosa-revela-inquietante-corazonada-sobre-el-dany-y-el-taiger-yo-sabia-que-se-iban-a-morir\/"},"author":{"name":"Rafa","@id":"https:\/\/www.cuballama.com\/noticias\/#\/schema\/person\/0f97914526a658755f00e59ec2a832f2"},"headline":"La Diosa revela inquietante corazonada sobre El Dany y El Taiger: \u201cYo sab\u00eda que se iban a morir\u201d","datePublished":"2026-01-21T15:47:02+00:00","dateModified":"2026-01-21T15:47:05+00:00","mainEntityOfPage":{"@id":"https:\/\/www.cuballama.com\/noticias\/la-diosa-revela-inquietante-corazonada-sobre-el-dany-y-el-taiger-yo-sabia-que-se-iban-a-morir\/"},"wordCount":628,"commentCount":0,"publisher":{"@id":"https:\/\/www.cuballama.com\/noticias\/#organization"},"image":{"@id":"https:\/\/www.cuballama.com\/noticias\/la-diosa-revela-inquietante-corazonada-sobre-el-dany-y-el-taiger-yo-sabia-que-se-iban-a-morir\/#primaryimage"},"thumbnailUrl":"https:\/\/cdn1.mediawpaccore.net\/wp-content\/uploads\/2026\/01\/21104543\/WhatsApp-Image-2026-01-21-at-16.45.23.jpeg","keywords":["cubanos en Miami","El Dany","El Rancho de Destino","El Taiger","La Diosa","Reguetoneros cubanos"],"articleSection":["Far\u00e1ndula"],"inLanguage":"es","potentialAction":[{"@type":"CommentAction","name":"Comment","target":["https:\/\/www.cuballama.com\/noticias\/la-diosa-revela-inquietante-corazonada-sobre-el-dany-y-el-taiger-yo-sabia-que-se-iban-a-morir\/#respond"]}]},{"@type":"WebPage","@id":"https:\/\/www.cuballama.com\/noticias\/la-diosa-revela-inquietante-corazonada-sobre-el-dany-y-el-taiger-yo-sabia-que-se-iban-a-morir\/","url":"https:\/\/www.cuballama.com\/noticias\/la-diosa-revela-inquietante-corazonada-sobre-el-dany-y-el-taiger-yo-sabia-que-se-iban-a-morir\/","name":"La Diosa revela inquietante corazonada sobre El Dany y El Taiger: \u201cYo sab\u00eda que se iban a morir\u201d - Cuballama Noticias","isPartOf":{"@id":"https:\/\/www.cuballama.com\/noticias\/#website"},"primaryImageOfPage":{"@id":"https:\/\/www.cuballama.com\/noticias\/la-diosa-revela-inquietante-corazonada-sobre-el-dany-y-el-taiger-yo-sabia-que-se-iban-a-morir\/#primaryimage"},"image":{"@id":"https:\/\/www.cuballama.com\/noticias\/la-diosa-revela-inquietante-corazonada-sobre-el-dany-y-el-taiger-yo-sabia-que-se-iban-a-morir\/#primaryimage"},"thumbnailUrl":"https:\/\/cdn1.mediawpaccore.net\/wp-content\/uploads\/2026\/01\/21104543\/WhatsApp-Image-2026-01-21-at-16.45.23.jpeg","datePublished":"2026-01-21T15:47:02+00:00","dateModified":"2026-01-21T15:47:05+00:00","description":"La Diosa comparti\u00f3 una confesi\u00f3n tan personal como perturbadora durante su participaci\u00f3n en el reality show El Rancho de Destino","breadcrumb":{"@id":"https:\/\/www.cuballama.com\/noticias\/la-diosa-revela-inquietante-corazonada-sobre-el-dany-y-el-taiger-yo-sabia-que-se-iban-a-morir\/#breadcrumb"},"inLanguage":"es","potentialAction":[{"@type":"ReadAction","target":["https:\/\/www.cuballama.com\/noticias\/la-diosa-revela-inquietante-corazonada-sobre-el-dany-y-el-taiger-yo-sabia-que-se-iban-a-morir\/"]}]},{"@type":"ImageObject","inLanguage":"es","@id":"https:\/\/www.cuballama.com\/noticias\/la-diosa-revela-inquietante-corazonada-sobre-el-dany-y-el-taiger-yo-sabia-que-se-iban-a-morir\/#primaryimage","url":"https:\/\/cdn1.mediawpaccore.net\/wp-content\/uploads\/2026\/01\/21104543\/WhatsApp-Image-2026-01-21-at-16.45.23.jpeg","contentUrl":"https:\/\/cdn1.mediawpaccore.net\/wp-content\/uploads\/2026\/01\/21104543\/WhatsApp-Image-2026-01-21-at-16.45.23.jpeg","width":1884,"height":1288,"caption":"Foto: Facebook"},{"@type":"BreadcrumbList","@id":"https:\/\/www.cuballama.com\/noticias\/la-diosa-revela-inquietante-corazonada-sobre-el-dany-y-el-taiger-yo-sabia-que-se-iban-a-morir\/#breadcrumb","itemListElement":[{"@type":"ListItem","position":1,"name":"Home","item":"https:\/\/www.cuballama.com\/noticias\/"},{"@type":"ListItem","position":2,"name":"La Diosa revela inquietante corazonada sobre El Dany y El Taiger: \u201cYo sab\u00eda que se iban a morir\u201d"}]},{"@type":"WebSite","@id":"https:\/\/www.cuballama.com\/noticias\/#website","url":"https:\/\/www.cuballama.com\/noticias\/","name":"Cuballama Noticias","description":"Medio digital sobre Cuba y el mundo","publisher":{"@id":"https:\/\/www.cuballama.com\/noticias\/#organization"},"potentialAction":[{"@type":"SearchAction","target":{"@type":"EntryPoint","urlTemplate":"https:\/\/www.cuballama.com\/noticias\/?s={search_term_string}"},"query-input":{"@type":"PropertyValueSpecification","valueRequired":true,"valueName":"search_term_string"}}],"inLanguage":"es"},{"@type":"Organization","@id":"https:\/\/www.cuballama.com\/noticias\/#organization","name":"Cuballama","url":"https:\/\/www.cuballama.com\/noticias\/","logo":{"@type":"ImageObject","inLanguage":"es","@id":"https:\/\/www.cuballama.com\/noticias\/#\/schema\/logo\/image\/","url":"https:\/\/cdn1.mediawpaccore.net\/wp-content\/uploads\/2021\/12\/28171206\/cbll-logo-color-sm.png","contentUrl":"https:\/\/cdn1.mediawpaccore.net\/wp-content\/uploads\/2021\/12\/28171206\/cbll-logo-color-sm.png","width":600,"height":133,"caption":"Cuballama"},"image":{"@id":"https:\/\/www.cuballama.com\/noticias\/#\/schema\/logo\/image\/"},"sameAs":["https:\/\/www.facebook.com\/CubaLlama","https:\/\/x.com\/cuballama","https:\/\/www.instagram.com\/stories\/cuballama_oficial\/","https:\/\/www.youtube.com\/channel\/UCKkFE-d_axENGZcrc4as0IA"]},{"@type":"Person","@id":"https:\/\/www.cuballama.com\/noticias\/#\/schema\/person\/0f97914526a658755f00e59ec2a832f2","name":"Rafa","url":"https:\/\/www.cuballama.com\/noticias\/author\/rafa\/"}]}},"_links":{"self":[{"href":"https:\/\/www.cuballama.com\/noticias\/wp-json\/wp\/v2\/posts\/232922","targetHints":{"allow":["GET"]}}],"collection":[{"href":"https:\/\/www.cuballama.com\/noticias\/wp-json\/wp\/v2\/posts"}],"about":[{"href":"https:\/\/www.cuballama.com\/noticias\/wp-json\/wp\/v2\/types\/post"}],"author":[{"embeddable":true,"href":"https:\/\/www.cuballama.com\/noticias\/wp-json\/wp\/v2\/users\/27"}],"replies":[{"embeddable":true,"href":"https:\/\/www.cuballama.com\/noticias\/wp-json\/wp\/v2\/comments?post=232922"}],"version-history":[{"count":1,"href":"https:\/\/www.cuballama.com\/noticias\/wp-json\/wp\/v2\/posts\/232922\/revisions"}],"predecessor-version":[{"id":232924,"href":"https:\/\/www.cuballama.com\/noticias\/wp-json\/wp\/v2\/posts\/232922\/revisions\/232924"}],"wp:featuredmedia":[{"embeddable":true,"href":"https:\/\/www.cuballama.com\/noticias\/wp-json\/wp\/v2\/media\/232923"}],"wp:attachment":[{"href":"https:\/\/www.cuballama.com\/noticias\/wp-json\/wp\/v2\/media?parent=232922"}],"wp:term":[{"taxonomy":"category","embeddable":true,"href":"https:\/\/www.cuballama.com\/noticias\/wp-json\/wp\/v2\/categories?post=232922"},{"taxonomy":"post_tag","embeddable":true,"href":"https:\/\/www.cuballama.com\/noticias\/wp-json\/wp\/v2\/tags?post=232922"}],"curies":[{"name":"wp","href":"https:\/\/api.w.org\/{rel}","templated":true}]}}