{"id":232911,"date":"2026-01-21T09:59:52","date_gmt":"2026-01-21T14:59:52","guid":{"rendered":"https:\/\/www.cuballama.com\/noticias\/?p=232911"},"modified":"2026-01-21T09:59:54","modified_gmt":"2026-01-21T14:59:54","slug":"mira-mama-te-traje-a-tu-nieto-descemer-bueno-le-cumple-un-sueno-a-su-madre-con-alzheimer","status":"publish","type":"post","link":"https:\/\/www.cuballama.com\/noticias\/mira-mama-te-traje-a-tu-nieto-descemer-bueno-le-cumple-un-sueno-a-su-madre-con-alzheimer\/","title":{"rendered":"\u201cMira, mam\u00e1, te traje a tu nieto\u201d: Descemer Bueno le cumple un sue\u00f1o a su madre con Alzheimer"},"content":{"rendered":"\n<p>El m\u00fasico cubano Descemer Bueno volvi\u00f3 a conmover a miles de personas con un video \u00edntimo y profundamente humano: el reencuentro entre su madre, Mercedes Mart\u00ednez, enferma de Alzheimer y encamada, y su nieto, hijo del cantautor. Las im\u00e1genes, compartidas en redes sociales, muestran un momento de ternura total. \u201cMira a tu nieto, te lo traje\u201d, se le escucha decir a Descemer, con una mezcla de contenci\u00f3n y amor que resulta imposible ignorar.<\/p>\n\n\n\n<p>El video, que ya supera las 200 mil reproducciones en Facebook, provoc\u00f3 una oleada de reacciones emotivas. Comentarios como \u201cDigno de admiraci\u00f3n, \u00a1c\u00f3mo quieres a tu madre! Maestro, tienes el cielo ganado\u201d, o \u201cEsto me record\u00f3 a mi mam\u00e1. Es duro, muy duro, pero hay que echar pa\u2019lante\u201d, se multiplicaron r\u00e1pidamente. Otros agradecieron al m\u00fasico por compartir un dolor que muchos viven en silencio: el de acompa\u00f1ar a un familiar que se va apagando lentamente, mientras el amor permanece intacto.<\/p>\n\n\n\n<iframe loading=\"lazy\" src=\"https:\/\/www.facebook.com\/plugins\/video.php?height=476&#038;href=https%3A%2F%2Fwww.facebook.com%2Freel%2F2142372816510683%2F&#038;show_text=true&#038;width=267&#038;t=0\" width=\"267\" height=\"591\" style=\"border:none;overflow:hidden\" scrolling=\"no\" frameborder=\"0\" allowfullscreen=\"true\" allow=\"autoplay; clipboard-write; encrypted-media; picture-in-picture; web-share\" allowFullScreen=\"true\"><\/iframe>\n\n\n\n<p>Este reencuentro no ocurri\u00f3 en Cuba, sino en Rep\u00fablica Dominicana, el \u00fanico pa\u00eds donde Descemer ha podido ver a su madre en los \u00faltimos a\u00f1os. El m\u00fasico no puede viajar a la Isla por razones de seguridad, y recientemente denunci\u00f3 p\u00fablicamente que el Gobierno de Estados Unidos le neg\u00f3 el parole humanitario a Mercedes Mart\u00ednez, a pesar de su delicado estado de salud. La decisi\u00f3n, seg\u00fan expres\u00f3, le result\u00f3 especialmente dolorosa al contrastarla con otros casos.<\/p>\n\n\n\n<p><strong>Lea m\u00e1s: <a href=\"https:\/\/www.cuballama.com\/noticias\/descemer-bueno-se-sincera-sobre-el-alzheimer-de-su-madre-hay-dias-en-que-no-abre-los-ojos-nunca\/\" target=\"_blank\" rel=\"noreferrer noopener\">Descemer Bueno se sincera sobre el Alzheimer de su madre: \u201cHay d\u00edas en que no abre los ojos nunca\u201d<\/a><\/strong><\/p>\n\n\n\n<p>En un video grabado tambi\u00e9n en territorio dominicano, Descemer apareci\u00f3 junto a su madre agradeci\u00e9ndole por todo lo que hizo por \u00e9l y a Dios por permitirles compartir ese momento fuera de \u201clas necesidades, faltas, dejadez y abandono\u201d que, seg\u00fan dijo, obligan a muchos cubanos a vivir lejos de su pa\u00eds. Sus palabras no solo reflejaron gratitud, sino tambi\u00e9n un cansancio acumulado tras a\u00f1os de separaci\u00f3n forzada.<\/p>\n\n\n\n<p>En aquel momento, el cantautor expres\u00f3 su escepticismo ante el manejo del parole humanitario, se\u00f1alando que, tras dos a\u00f1os de solicitudes, ha visto a numerosos ex partidarios del r\u00e9gimen cubano beneficiarse de esta v\u00eda migratoria, mientras otros, identificados con posturas cr\u00edticas, quedaron en el olvido. \u201cMuchos, incluso de Patria o Muerte, han logrado llegar a EE. UU. y algunos de Patria y Vida tuvimos que conformarnos con el olvido\u201d, afirm\u00f3. En contraste, agradeci\u00f3 a Rep\u00fablica Dominicana por \u201csacar la cara\u201d por los cubanos cuando, en sus palabras, \u201cel primer mundo nos ha dado la espalda\u201d.<\/p>\n\n\n\n<p>Descemer record\u00f3 que pasaron cuatro a\u00f1os y ocho meses sin poder ver a su madre en su Patria. Por esas mismas razones de seguridad, se vio obligado a trasladarla a Rep\u00fablica Dominicana, donde en octubre del pasado a\u00f1o logr\u00f3 reunirse con ella y otros familiares.<\/p>\n","protected":false},"excerpt":{"rendered":"<p>Este reencuentro no ocurri\u00f3 en Cuba, sino en Rep\u00fablica Dominicana, el \u00fanico pa\u00eds donde Descemer ha podido ver a su madre en los \u00faltimos a\u00f1os<\/p>\n","protected":false},"author":27,"featured_media":232918,"comment_status":"open","ping_status":"closed","sticky":false,"template":"","format":"standard","meta":{"_acf_changed":false,"footnotes":""},"categories":[443],"tags":[29602,263,4850,4098],"class_list":{"0":"post-232911","1":"post","2":"type-post","3":"status-publish","4":"format-standard","5":"has-post-thumbnail","7":"category-farandula","8":"tag-alzheimer","9":"tag-descemer-bueno","10":"tag-madre-cubana","11":"tag-republica-dominicana"},"acf":[],"yoast_head":"<!-- This site is optimized with the Yoast SEO plugin v27.4 - https:\/\/yoast.com\/product\/yoast-seo-wordpress\/ -->\n<title>\u201cMira, mam\u00e1, te traje a tu nieto\u201d: Descemer Bueno le cumple un sue\u00f1o a su madre con Alzheimer - Cuballama Noticias<\/title>\n<meta name=\"description\" content=\"Descemer Bueno comparti\u00f3 el reencuentro entre su madre, Mercedes Mart\u00ednez, enferma de Alzheimer y encamada, y su nieto\" \/>\n<meta name=\"robots\" content=\"index, follow, max-snippet:-1, max-image-preview:large, max-video-preview:-1\" \/>\n<link rel=\"canonical\" href=\"https:\/\/www.cuballama.com\/noticias\/mira-mama-te-traje-a-tu-nieto-descemer-bueno-le-cumple-un-sueno-a-su-madre-con-alzheimer\/\" \/>\n<meta property=\"og:locale\" content=\"es_ES\" \/>\n<meta property=\"og:type\" content=\"article\" \/>\n<meta property=\"og:title\" content=\"\u201cMira, mam\u00e1, te traje a tu nieto\u201d: Descemer Bueno le cumple un sue\u00f1o a su madre con Alzheimer - Cuballama Noticias\" \/>\n<meta property=\"og:description\" content=\"Descemer Bueno comparti\u00f3 el reencuentro entre su madre, Mercedes Mart\u00ednez, enferma de Alzheimer y encamada, y su nieto\" \/>\n<meta property=\"og:url\" content=\"https:\/\/www.cuballama.com\/noticias\/mira-mama-te-traje-a-tu-nieto-descemer-bueno-le-cumple-un-sueno-a-su-madre-con-alzheimer\/\" \/>\n<meta property=\"og:site_name\" content=\"Cuballama Noticias\" \/>\n<meta property=\"article:publisher\" content=\"https:\/\/www.facebook.com\/CubaLlama\" \/>\n<meta property=\"article:published_time\" content=\"2026-01-21T14:59:52+00:00\" \/>\n<meta property=\"article:modified_time\" content=\"2026-01-21T14:59:54+00:00\" \/>\n<meta property=\"og:image\" content=\"https:\/\/cdn1.mediawpaccore.net\/wp-content\/uploads\/2026\/01\/21095609\/WhatsApp-Image-2026-01-21-at-15.55.49.jpeg\" \/>\n\t<meta property=\"og:image:width\" content=\"1884\" \/>\n\t<meta property=\"og:image:height\" content=\"1235\" \/>\n\t<meta property=\"og:image:type\" content=\"image\/jpeg\" \/>\n<meta name=\"author\" content=\"Rafa\" \/>\n<meta name=\"twitter:card\" content=\"summary_large_image\" \/>\n<meta name=\"twitter:creator\" content=\"@cuballama\" \/>\n<meta name=\"twitter:site\" content=\"@cuballama\" \/>\n<meta name=\"twitter:label1\" content=\"Escrito por\" \/>\n\t<meta name=\"twitter:data1\" content=\"Rafa\" \/>\n\t<meta name=\"twitter:label2\" content=\"Tiempo de lectura\" \/>\n\t<meta name=\"twitter:data2\" content=\"3 minutos\" \/>\n<script type=\"application\/ld+json\" class=\"yoast-schema-graph\">{\"@context\":\"https:\\\/\\\/schema.org\",\"@graph\":[{\"@type\":\"Article\",\"@id\":\"https:\\\/\\\/www.cuballama.com\\\/noticias\\\/mira-mama-te-traje-a-tu-nieto-descemer-bueno-le-cumple-un-sueno-a-su-madre-con-alzheimer\\\/#article\",\"isPartOf\":{\"@id\":\"https:\\\/\\\/www.cuballama.com\\\/noticias\\\/mira-mama-te-traje-a-tu-nieto-descemer-bueno-le-cumple-un-sueno-a-su-madre-con-alzheimer\\\/\"},\"author\":{\"name\":\"Rafa\",\"@id\":\"https:\\\/\\\/www.cuballama.com\\\/noticias\\\/#\\\/schema\\\/person\\\/0f97914526a658755f00e59ec2a832f2\"},\"headline\":\"\u201cMira, mam\u00e1, te traje a tu nieto\u201d: Descemer Bueno le cumple un sue\u00f1o a su madre con Alzheimer\",\"datePublished\":\"2026-01-21T14:59:52+00:00\",\"dateModified\":\"2026-01-21T14:59:54+00:00\",\"mainEntityOfPage\":{\"@id\":\"https:\\\/\\\/www.cuballama.com\\\/noticias\\\/mira-mama-te-traje-a-tu-nieto-descemer-bueno-le-cumple-un-sueno-a-su-madre-con-alzheimer\\\/\"},\"wordCount\":511,\"commentCount\":0,\"publisher\":{\"@id\":\"https:\\\/\\\/www.cuballama.com\\\/noticias\\\/#organization\"},\"image\":{\"@id\":\"https:\\\/\\\/www.cuballama.com\\\/noticias\\\/mira-mama-te-traje-a-tu-nieto-descemer-bueno-le-cumple-un-sueno-a-su-madre-con-alzheimer\\\/#primaryimage\"},\"thumbnailUrl\":\"https:\\\/\\\/cdn1.mediawpaccore.net\\\/wp-content\\\/uploads\\\/2026\\\/01\\\/21095609\\\/WhatsApp-Image-2026-01-21-at-15.55.49.jpeg\",\"keywords\":[\"Alzheimer\",\"Descemer Bueno\",\"madre cubana\",\"Rep\u00fablica Dominicana\"],\"articleSection\":[\"Far\u00e1ndula\"],\"inLanguage\":\"es\",\"potentialAction\":[{\"@type\":\"CommentAction\",\"name\":\"Comment\",\"target\":[\"https:\\\/\\\/www.cuballama.com\\\/noticias\\\/mira-mama-te-traje-a-tu-nieto-descemer-bueno-le-cumple-un-sueno-a-su-madre-con-alzheimer\\\/#respond\"]}]},{\"@type\":\"WebPage\",\"@id\":\"https:\\\/\\\/www.cuballama.com\\\/noticias\\\/mira-mama-te-traje-a-tu-nieto-descemer-bueno-le-cumple-un-sueno-a-su-madre-con-alzheimer\\\/\",\"url\":\"https:\\\/\\\/www.cuballama.com\\\/noticias\\\/mira-mama-te-traje-a-tu-nieto-descemer-bueno-le-cumple-un-sueno-a-su-madre-con-alzheimer\\\/\",\"name\":\"\u201cMira, mam\u00e1, te traje a tu nieto\u201d: Descemer Bueno le cumple un sue\u00f1o a su madre con Alzheimer - Cuballama Noticias\",\"isPartOf\":{\"@id\":\"https:\\\/\\\/www.cuballama.com\\\/noticias\\\/#website\"},\"primaryImageOfPage\":{\"@id\":\"https:\\\/\\\/www.cuballama.com\\\/noticias\\\/mira-mama-te-traje-a-tu-nieto-descemer-bueno-le-cumple-un-sueno-a-su-madre-con-alzheimer\\\/#primaryimage\"},\"image\":{\"@id\":\"https:\\\/\\\/www.cuballama.com\\\/noticias\\\/mira-mama-te-traje-a-tu-nieto-descemer-bueno-le-cumple-un-sueno-a-su-madre-con-alzheimer\\\/#primaryimage\"},\"thumbnailUrl\":\"https:\\\/\\\/cdn1.mediawpaccore.net\\\/wp-content\\\/uploads\\\/2026\\\/01\\\/21095609\\\/WhatsApp-Image-2026-01-21-at-15.55.49.jpeg\",\"datePublished\":\"2026-01-21T14:59:52+00:00\",\"dateModified\":\"2026-01-21T14:59:54+00:00\",\"description\":\"Descemer Bueno comparti\u00f3 el reencuentro entre su madre, Mercedes Mart\u00ednez, enferma de Alzheimer y encamada, y su nieto\",\"breadcrumb\":{\"@id\":\"https:\\\/\\\/www.cuballama.com\\\/noticias\\\/mira-mama-te-traje-a-tu-nieto-descemer-bueno-le-cumple-un-sueno-a-su-madre-con-alzheimer\\\/#breadcrumb\"},\"inLanguage\":\"es\",\"potentialAction\":[{\"@type\":\"ReadAction\",\"target\":[\"https:\\\/\\\/www.cuballama.com\\\/noticias\\\/mira-mama-te-traje-a-tu-nieto-descemer-bueno-le-cumple-un-sueno-a-su-madre-con-alzheimer\\\/\"]}]},{\"@type\":\"ImageObject\",\"inLanguage\":\"es\",\"@id\":\"https:\\\/\\\/www.cuballama.com\\\/noticias\\\/mira-mama-te-traje-a-tu-nieto-descemer-bueno-le-cumple-un-sueno-a-su-madre-con-alzheimer\\\/#primaryimage\",\"url\":\"https:\\\/\\\/cdn1.mediawpaccore.net\\\/wp-content\\\/uploads\\\/2026\\\/01\\\/21095609\\\/WhatsApp-Image-2026-01-21-at-15.55.49.jpeg\",\"contentUrl\":\"https:\\\/\\\/cdn1.mediawpaccore.net\\\/wp-content\\\/uploads\\\/2026\\\/01\\\/21095609\\\/WhatsApp-Image-2026-01-21-at-15.55.49.jpeg\",\"width\":1884,\"height\":1235,\"caption\":\"Foto: Descemer Bueno\\\/ Facebook\"},{\"@type\":\"BreadcrumbList\",\"@id\":\"https:\\\/\\\/www.cuballama.com\\\/noticias\\\/mira-mama-te-traje-a-tu-nieto-descemer-bueno-le-cumple-un-sueno-a-su-madre-con-alzheimer\\\/#breadcrumb\",\"itemListElement\":[{\"@type\":\"ListItem\",\"position\":1,\"name\":\"Home\",\"item\":\"https:\\\/\\\/www.cuballama.com\\\/noticias\\\/\"},{\"@type\":\"ListItem\",\"position\":2,\"name\":\"\u201cMira, mam\u00e1, te traje a tu nieto\u201d: Descemer Bueno le cumple un sue\u00f1o a su madre con Alzheimer\"}]},{\"@type\":\"WebSite\",\"@id\":\"https:\\\/\\\/www.cuballama.com\\\/noticias\\\/#website\",\"url\":\"https:\\\/\\\/www.cuballama.com\\\/noticias\\\/\",\"name\":\"Cuballama Noticias\",\"description\":\"Medio digital sobre Cuba y el mundo\",\"publisher\":{\"@id\":\"https:\\\/\\\/www.cuballama.com\\\/noticias\\\/#organization\"},\"potentialAction\":[{\"@type\":\"SearchAction\",\"target\":{\"@type\":\"EntryPoint\",\"urlTemplate\":\"https:\\\/\\\/www.cuballama.com\\\/noticias\\\/?s={search_term_string}\"},\"query-input\":{\"@type\":\"PropertyValueSpecification\",\"valueRequired\":true,\"valueName\":\"search_term_string\"}}],\"inLanguage\":\"es\"},{\"@type\":\"Organization\",\"@id\":\"https:\\\/\\\/www.cuballama.com\\\/noticias\\\/#organization\",\"name\":\"Cuballama\",\"url\":\"https:\\\/\\\/www.cuballama.com\\\/noticias\\\/\",\"logo\":{\"@type\":\"ImageObject\",\"inLanguage\":\"es\",\"@id\":\"https:\\\/\\\/www.cuballama.com\\\/noticias\\\/#\\\/schema\\\/logo\\\/image\\\/\",\"url\":\"https:\\\/\\\/cdn1.mediawpaccore.net\\\/wp-content\\\/uploads\\\/2021\\\/12\\\/28171206\\\/cbll-logo-color-sm.png\",\"contentUrl\":\"https:\\\/\\\/cdn1.mediawpaccore.net\\\/wp-content\\\/uploads\\\/2021\\\/12\\\/28171206\\\/cbll-logo-color-sm.png\",\"width\":600,\"height\":133,\"caption\":\"Cuballama\"},\"image\":{\"@id\":\"https:\\\/\\\/www.cuballama.com\\\/noticias\\\/#\\\/schema\\\/logo\\\/image\\\/\"},\"sameAs\":[\"https:\\\/\\\/www.facebook.com\\\/CubaLlama\",\"https:\\\/\\\/x.com\\\/cuballama\",\"https:\\\/\\\/www.instagram.com\\\/stories\\\/cuballama_oficial\\\/\",\"https:\\\/\\\/www.youtube.com\\\/channel\\\/UCKkFE-d_axENGZcrc4as0IA\"]},{\"@type\":\"Person\",\"@id\":\"https:\\\/\\\/www.cuballama.com\\\/noticias\\\/#\\\/schema\\\/person\\\/0f97914526a658755f00e59ec2a832f2\",\"name\":\"Rafa\",\"url\":\"https:\\\/\\\/www.cuballama.com\\\/noticias\\\/author\\\/rafa\\\/\"}]}<\/script>\n<!-- \/ Yoast SEO plugin. -->","yoast_head_json":{"title":"\u201cMira, mam\u00e1, te traje a tu nieto\u201d: Descemer Bueno le cumple un sue\u00f1o a su madre con Alzheimer - Cuballama Noticias","description":"Descemer Bueno comparti\u00f3 el reencuentro entre su madre, Mercedes Mart\u00ednez, enferma de Alzheimer y encamada, y su nieto","robots":{"index":"index","follow":"follow","max-snippet":"max-snippet:-1","max-image-preview":"max-image-preview:large","max-video-preview":"max-video-preview:-1"},"canonical":"https:\/\/www.cuballama.com\/noticias\/mira-mama-te-traje-a-tu-nieto-descemer-bueno-le-cumple-un-sueno-a-su-madre-con-alzheimer\/","og_locale":"es_ES","og_type":"article","og_title":"\u201cMira, mam\u00e1, te traje a tu nieto\u201d: Descemer Bueno le cumple un sue\u00f1o a su madre con Alzheimer - Cuballama Noticias","og_description":"Descemer Bueno comparti\u00f3 el reencuentro entre su madre, Mercedes Mart\u00ednez, enferma de Alzheimer y encamada, y su nieto","og_url":"https:\/\/www.cuballama.com\/noticias\/mira-mama-te-traje-a-tu-nieto-descemer-bueno-le-cumple-un-sueno-a-su-madre-con-alzheimer\/","og_site_name":"Cuballama Noticias","article_publisher":"https:\/\/www.facebook.com\/CubaLlama","article_published_time":"2026-01-21T14:59:52+00:00","article_modified_time":"2026-01-21T14:59:54+00:00","og_image":[{"width":1884,"height":1235,"url":"https:\/\/cdn1.mediawpaccore.net\/wp-content\/uploads\/2026\/01\/21095609\/WhatsApp-Image-2026-01-21-at-15.55.49.jpeg","type":"image\/jpeg"}],"author":"Rafa","twitter_card":"summary_large_image","twitter_creator":"@cuballama","twitter_site":"@cuballama","twitter_misc":{"Escrito por":"Rafa","Tiempo de lectura":"3 minutos"},"schema":{"@context":"https:\/\/schema.org","@graph":[{"@type":"Article","@id":"https:\/\/www.cuballama.com\/noticias\/mira-mama-te-traje-a-tu-nieto-descemer-bueno-le-cumple-un-sueno-a-su-madre-con-alzheimer\/#article","isPartOf":{"@id":"https:\/\/www.cuballama.com\/noticias\/mira-mama-te-traje-a-tu-nieto-descemer-bueno-le-cumple-un-sueno-a-su-madre-con-alzheimer\/"},"author":{"name":"Rafa","@id":"https:\/\/www.cuballama.com\/noticias\/#\/schema\/person\/0f97914526a658755f00e59ec2a832f2"},"headline":"\u201cMira, mam\u00e1, te traje a tu nieto\u201d: Descemer Bueno le cumple un sue\u00f1o a su madre con Alzheimer","datePublished":"2026-01-21T14:59:52+00:00","dateModified":"2026-01-21T14:59:54+00:00","mainEntityOfPage":{"@id":"https:\/\/www.cuballama.com\/noticias\/mira-mama-te-traje-a-tu-nieto-descemer-bueno-le-cumple-un-sueno-a-su-madre-con-alzheimer\/"},"wordCount":511,"commentCount":0,"publisher":{"@id":"https:\/\/www.cuballama.com\/noticias\/#organization"},"image":{"@id":"https:\/\/www.cuballama.com\/noticias\/mira-mama-te-traje-a-tu-nieto-descemer-bueno-le-cumple-un-sueno-a-su-madre-con-alzheimer\/#primaryimage"},"thumbnailUrl":"https:\/\/cdn1.mediawpaccore.net\/wp-content\/uploads\/2026\/01\/21095609\/WhatsApp-Image-2026-01-21-at-15.55.49.jpeg","keywords":["Alzheimer","Descemer Bueno","madre cubana","Rep\u00fablica Dominicana"],"articleSection":["Far\u00e1ndula"],"inLanguage":"es","potentialAction":[{"@type":"CommentAction","name":"Comment","target":["https:\/\/www.cuballama.com\/noticias\/mira-mama-te-traje-a-tu-nieto-descemer-bueno-le-cumple-un-sueno-a-su-madre-con-alzheimer\/#respond"]}]},{"@type":"WebPage","@id":"https:\/\/www.cuballama.com\/noticias\/mira-mama-te-traje-a-tu-nieto-descemer-bueno-le-cumple-un-sueno-a-su-madre-con-alzheimer\/","url":"https:\/\/www.cuballama.com\/noticias\/mira-mama-te-traje-a-tu-nieto-descemer-bueno-le-cumple-un-sueno-a-su-madre-con-alzheimer\/","name":"\u201cMira, mam\u00e1, te traje a tu nieto\u201d: Descemer Bueno le cumple un sue\u00f1o a su madre con Alzheimer - Cuballama Noticias","isPartOf":{"@id":"https:\/\/www.cuballama.com\/noticias\/#website"},"primaryImageOfPage":{"@id":"https:\/\/www.cuballama.com\/noticias\/mira-mama-te-traje-a-tu-nieto-descemer-bueno-le-cumple-un-sueno-a-su-madre-con-alzheimer\/#primaryimage"},"image":{"@id":"https:\/\/www.cuballama.com\/noticias\/mira-mama-te-traje-a-tu-nieto-descemer-bueno-le-cumple-un-sueno-a-su-madre-con-alzheimer\/#primaryimage"},"thumbnailUrl":"https:\/\/cdn1.mediawpaccore.net\/wp-content\/uploads\/2026\/01\/21095609\/WhatsApp-Image-2026-01-21-at-15.55.49.jpeg","datePublished":"2026-01-21T14:59:52+00:00","dateModified":"2026-01-21T14:59:54+00:00","description":"Descemer Bueno comparti\u00f3 el reencuentro entre su madre, Mercedes Mart\u00ednez, enferma de Alzheimer y encamada, y su nieto","breadcrumb":{"@id":"https:\/\/www.cuballama.com\/noticias\/mira-mama-te-traje-a-tu-nieto-descemer-bueno-le-cumple-un-sueno-a-su-madre-con-alzheimer\/#breadcrumb"},"inLanguage":"es","potentialAction":[{"@type":"ReadAction","target":["https:\/\/www.cuballama.com\/noticias\/mira-mama-te-traje-a-tu-nieto-descemer-bueno-le-cumple-un-sueno-a-su-madre-con-alzheimer\/"]}]},{"@type":"ImageObject","inLanguage":"es","@id":"https:\/\/www.cuballama.com\/noticias\/mira-mama-te-traje-a-tu-nieto-descemer-bueno-le-cumple-un-sueno-a-su-madre-con-alzheimer\/#primaryimage","url":"https:\/\/cdn1.mediawpaccore.net\/wp-content\/uploads\/2026\/01\/21095609\/WhatsApp-Image-2026-01-21-at-15.55.49.jpeg","contentUrl":"https:\/\/cdn1.mediawpaccore.net\/wp-content\/uploads\/2026\/01\/21095609\/WhatsApp-Image-2026-01-21-at-15.55.49.jpeg","width":1884,"height":1235,"caption":"Foto: Descemer Bueno\/ Facebook"},{"@type":"BreadcrumbList","@id":"https:\/\/www.cuballama.com\/noticias\/mira-mama-te-traje-a-tu-nieto-descemer-bueno-le-cumple-un-sueno-a-su-madre-con-alzheimer\/#breadcrumb","itemListElement":[{"@type":"ListItem","position":1,"name":"Home","item":"https:\/\/www.cuballama.com\/noticias\/"},{"@type":"ListItem","position":2,"name":"\u201cMira, mam\u00e1, te traje a tu nieto\u201d: Descemer Bueno le cumple un sue\u00f1o a su madre con Alzheimer"}]},{"@type":"WebSite","@id":"https:\/\/www.cuballama.com\/noticias\/#website","url":"https:\/\/www.cuballama.com\/noticias\/","name":"Cuballama Noticias","description":"Medio digital sobre Cuba y el mundo","publisher":{"@id":"https:\/\/www.cuballama.com\/noticias\/#organization"},"potentialAction":[{"@type":"SearchAction","target":{"@type":"EntryPoint","urlTemplate":"https:\/\/www.cuballama.com\/noticias\/?s={search_term_string}"},"query-input":{"@type":"PropertyValueSpecification","valueRequired":true,"valueName":"search_term_string"}}],"inLanguage":"es"},{"@type":"Organization","@id":"https:\/\/www.cuballama.com\/noticias\/#organization","name":"Cuballama","url":"https:\/\/www.cuballama.com\/noticias\/","logo":{"@type":"ImageObject","inLanguage":"es","@id":"https:\/\/www.cuballama.com\/noticias\/#\/schema\/logo\/image\/","url":"https:\/\/cdn1.mediawpaccore.net\/wp-content\/uploads\/2021\/12\/28171206\/cbll-logo-color-sm.png","contentUrl":"https:\/\/cdn1.mediawpaccore.net\/wp-content\/uploads\/2021\/12\/28171206\/cbll-logo-color-sm.png","width":600,"height":133,"caption":"Cuballama"},"image":{"@id":"https:\/\/www.cuballama.com\/noticias\/#\/schema\/logo\/image\/"},"sameAs":["https:\/\/www.facebook.com\/CubaLlama","https:\/\/x.com\/cuballama","https:\/\/www.instagram.com\/stories\/cuballama_oficial\/","https:\/\/www.youtube.com\/channel\/UCKkFE-d_axENGZcrc4as0IA"]},{"@type":"Person","@id":"https:\/\/www.cuballama.com\/noticias\/#\/schema\/person\/0f97914526a658755f00e59ec2a832f2","name":"Rafa","url":"https:\/\/www.cuballama.com\/noticias\/author\/rafa\/"}]}},"_links":{"self":[{"href":"https:\/\/www.cuballama.com\/noticias\/wp-json\/wp\/v2\/posts\/232911","targetHints":{"allow":["GET"]}}],"collection":[{"href":"https:\/\/www.cuballama.com\/noticias\/wp-json\/wp\/v2\/posts"}],"about":[{"href":"https:\/\/www.cuballama.com\/noticias\/wp-json\/wp\/v2\/types\/post"}],"author":[{"embeddable":true,"href":"https:\/\/www.cuballama.com\/noticias\/wp-json\/wp\/v2\/users\/27"}],"replies":[{"embeddable":true,"href":"https:\/\/www.cuballama.com\/noticias\/wp-json\/wp\/v2\/comments?post=232911"}],"version-history":[{"count":1,"href":"https:\/\/www.cuballama.com\/noticias\/wp-json\/wp\/v2\/posts\/232911\/revisions"}],"predecessor-version":[{"id":232919,"href":"https:\/\/www.cuballama.com\/noticias\/wp-json\/wp\/v2\/posts\/232911\/revisions\/232919"}],"wp:featuredmedia":[{"embeddable":true,"href":"https:\/\/www.cuballama.com\/noticias\/wp-json\/wp\/v2\/media\/232918"}],"wp:attachment":[{"href":"https:\/\/www.cuballama.com\/noticias\/wp-json\/wp\/v2\/media?parent=232911"}],"wp:term":[{"taxonomy":"category","embeddable":true,"href":"https:\/\/www.cuballama.com\/noticias\/wp-json\/wp\/v2\/categories?post=232911"},{"taxonomy":"post_tag","embeddable":true,"href":"https:\/\/www.cuballama.com\/noticias\/wp-json\/wp\/v2\/tags?post=232911"}],"curies":[{"name":"wp","href":"https:\/\/api.w.org\/{rel}","templated":true}]}}