{"id":232888,"date":"2026-01-22T10:05:54","date_gmt":"2026-01-22T15:05:54","guid":{"rendered":"https:\/\/www.cuballama.com\/noticias\/?p=232888"},"modified":"2026-01-22T10:05:56","modified_gmt":"2026-01-22T15:05:56","slug":"cubano-que-embistio-a-agentes-de-ice-con-su-auto-sale-en-libertad-en-minneapolis-otro-lleva-un-mes-encerrado-por-miedo","status":"publish","type":"post","link":"https:\/\/www.cuballama.com\/noticias\/cubano-que-embistio-a-agentes-de-ice-con-su-auto-sale-en-libertad-en-minneapolis-otro-lleva-un-mes-encerrado-por-miedo\/","title":{"rendered":"Cubano que embisti\u00f3 a agentes de ICE con su auto sale en libertad; en Minneapolis, otro lleva un mes encerrado por miedo"},"content":{"rendered":"\n<p>Dos historias distintas est\u00e1n retratando, con un contraste casi cruel, ins\u00f3lito si se quiere, el clima de tensi\u00f3n que se vive alrededor de los operativos del Servicio de Inmigraci\u00f3n y Control de Aduanas (ICE) en Estados Unidos: en San Antonio, Texas, s\u00ed, en Texas, un cubano acusado de usar su auto para embestir veh\u00edculos federales sali\u00f3 de la corte bajo custodia familiar; mientras que en Minneapolis, un coterr\u00e1neo suyo asegura que lleva casi un mes sin cruzar la puerta de su casa por p\u00e1nico a las redadas migratorias. <\/p>\n\n\n\n<p>El primer caso es el de Robyn Argote-Brooks, un ciudadano cubano de 25 a\u00f1os detenido tras un operativo que se volvi\u00f3 viral en las redes y entre los medios de EE.UU., ocurrido en el estacionamiento de un Walmart en San Antonio, Texas. <\/p>\n\n\n\n<p>Seg\u00fan la versi\u00f3n difundida por el Departamento de Seguridad Nacional, el 13 de enero el joven se neg\u00f3 a salir del veh\u00edculo y maniobr\u00f3 de forma peligrosa, chocando al menos dos autos de ICE y causando lesiones a un funcionario, adem\u00e1s de da\u00f1os materiales cuantificados por la agencia en 4,847.19 d\u00f3lares. Todo esto est\u00e1 documentado en <a href=\"https:\/\/www.youtube.com\/embed\/wA-kejqJ344\" target=\"_blank\" rel=\"noreferrer noopener nofollow\">video<\/a>.<\/p>\n\n\n\n<iframe loading=\"lazy\" width=\"610\" height=\"343\" src=\"https:\/\/www.youtube.com\/embed\/wA-kejqJ344\" title=\"ICE vehicle allegedly rammed by migrant in San Antonio, agent hospitalized, says Abbott\" frameborder=\"0\" allow=\"accelerometer; autoplay; clipboard-write; encrypted-media; gyroscope; picture-in-picture; web-share\" referrerpolicy=\"strict-origin-when-cross-origin\" allowfullscreen><\/iframe>\n\n\n\n<p>Sin embargo, en su audiencia inicial en una corte federal de San Antonio, un juez orden\u00f3 su liberaci\u00f3n bajo la custodia de su padre, Rodis Argote-Robles, y la defensa sostuvo que Argote-Brooks no habr\u00eda sido notificado de una supuesta cancelaci\u00f3n de su parole en abril de 2025, por lo tanto ICE aparentemente no ten\u00eda derecho a buscarlo.<\/p>\n\n\n\n<figure class=\"wp-block-embed is-type-rich is-provider-twitter wp-block-embed-twitter\"><div class=\"wp-block-embed__wrapper\">\n<blockquote class=\"twitter-tweet\" data-width=\"550\" data-dnt=\"true\"><p lang=\"en\" dir=\"ltr\">BREAKING NEWS: Federal judge releases Cuban national accused of ramming ICE vehicles in San Antonio. <a href=\"https:\/\/t.co\/xa4gNu9Ckt\">https:\/\/t.co\/xa4gNu9Ckt<\/a> <a href=\"https:\/\/t.co\/pQHH4oGG1J\">pic.twitter.com\/pQHH4oGG1J<\/a><\/p>&mdash; News 4 San Antonio (@News4SA) <a href=\"https:\/\/twitter.com\/News4SA\/status\/2013684812758855844?ref_src=twsrc%5Etfw\">January 20, 2026<\/a><\/blockquote><script async src=\"https:\/\/platform.twitter.com\/widgets.js\" charset=\"utf-8\"><\/script>\n<\/div><\/figure>\n\n\n\n<p>Medios locales reportaron que la vista no deriv\u00f3 en una imputaci\u00f3n penal en ese momento, mientras el caso sigue su curso en el \u00e1mbito migratorio y judicial.<\/p>\n\n\n\n<p>Lo m\u00e1s absurdo de este caso resulta que Argote saliera \u00aben coche\u00bb de su audiencia en la corte, pues esta ocurri\u00f3 precisamente en el estado donde los jueces son m\u00e1s severos con los inmigrantes. Que adem\u00e1s haya tratado de escapar embistiendo dos autos federales, y que ese lastre no lo haya dejado tras las rejas, dice algo que no se est\u00e1 contando aqu\u00ed de la manera clara que se exige.<\/p>\n\n\n\n<p><strong>tal vez quieras leer: <a href=\"https:\/\/www.cuballama.com\/noticias\/cubano-que-embistio-dos-autos-de-ice-en-texas-tenia-48-hrs-antes-deseo-de-ir-a-cuba-para-sentirme-en-mi-zona-de-confor\/\">Cubano que embisti\u00f3 dos autos de ICE en Texas, ten\u00eda 48 hrs antes, \u00abdeseo de ir a Cuba para sentirme en mi zona de confor\u00bb<\/a><\/strong><\/p>\n\n\n\n<p>A m\u00e1s de 1,600 kil\u00f3metros de all\u00ed, en Minneapolis, el miedo opera al rev\u00e9s: paraliza. <\/p>\n\n\n\n<p>Un inmigrante cubano identificado solo como \u201cMart\u00edn\u201d cont\u00f3 a <em><a href=\"https:\/\/www.telemundo.com\/noticias\/noticias-telemundo\/inmigracion\/video\/hablamos-con-un-inmigrante-que-vive-encerrado-en-su-casa-por-el-panico-que-causan-las-tmvo13106425\" target=\"_blank\" rel=\"noreferrer noopener nofollow\">Telemundo<\/a><\/em> que permanece encerrado, alerta ante cualquier ruido del vecindario, y que sobrevive con ayuda de organizaciones que le llevan alimentos. <\/p>\n\n\n\n<p>Su decisi\u00f3n, dijo en el <a href=\"https:\/\/www.youtube.com\/watch?v=IJO38a0gpqw\" target=\"_blank\" rel=\"noreferrer noopener\">video<\/a>, se agrav\u00f3 tras la muerte de Renee Nicole Good, una ciudadana estadounidense de 37 a\u00f1os que recibi\u00f3 disparos durante un operativo de ICE el 7 de enero, un hecho que contin\u00faa bajo investigaci\u00f3n y ha desatado protestas y choque pol\u00edtico entre autoridades locales y la agencia federal.<\/p>\n\n\n\n<iframe loading=\"lazy\" width=\"1240\" height=\"698\" src=\"https:\/\/www.youtube.com\/embed\/IJO38a0gpqw\" title=\"Un inmigrante vive encerrado en su casa por p\u00e1nico a las redadas de ICE | Noticias Telemundo\" frameborder=\"0\" allow=\"accelerometer; autoplay; clipboard-write; encrypted-media; gyroscope; picture-in-picture; web-share\" referrerpolicy=\"strict-origin-when-cross-origin\" allowfullscreen><\/iframe>\n\n\n\n<p>En ese mismo clima, mientras un tribunal en Texas permite que un detenido vuelva a casa bajo condiciones, otro hombre, en Minnesota, describe que no puede salir ni a la acera sin sentir que lo est\u00e1n cazando.<\/p>\n","protected":false},"excerpt":{"rendered":"<p>Un juez federal permiti\u00f3 que Robyn Argote-Brooks quedara bajo custodia familiar en Texas; en Minneapolis, \u201cMart\u00edn\u201d lleva un mes encerrado por miedo a ICE.<\/p>\n","protected":false},"author":13,"featured_media":232892,"comment_status":"open","ping_status":"closed","sticky":false,"template":"","format":"standard","meta":{"_acf_changed":false,"footnotes":""},"categories":[18,953],"tags":[2978,692,19536,238,23464,29919,30157,16974,2742],"class_list":{"0":"post-232888","1":"post","2":"type-post","3":"status-publish","4":"format-standard","5":"has-post-thumbnail","7":"category-noticias","8":"category-usa","9":"tag-ice","10":"tag-inmigrantes","11":"tag-minneapolis","12":"tag-parole","13":"tag-redadas","14":"tag-renee-nicole-good","15":"tag-robyn-argote-brooks-2","16":"tag-san-antonio","17":"tag-walmart"},"acf":[],"yoast_head":"<!-- This site is optimized with the Yoast SEO plugin v27.4 - https:\/\/yoast.com\/product\/yoast-seo-wordpress\/ -->\n<title>Cubano que embisti\u00f3 a agentes de ICE con su auto sale en libertad; en Minneapolis, otro lleva un mes encerrado por miedo - Cuballama Noticias<\/title>\n<meta name=\"description\" content=\"Cubano acusado de embestir autos de ICE sale en libertad en Texas mientras inmigrante en Minneapolis ya no se atreve a salir.\" \/>\n<meta name=\"robots\" content=\"index, follow, max-snippet:-1, max-image-preview:large, max-video-preview:-1\" \/>\n<link rel=\"canonical\" href=\"https:\/\/www.cuballama.com\/noticias\/cubano-que-embistio-a-agentes-de-ice-con-su-auto-sale-en-libertad-en-minneapolis-otro-lleva-un-mes-encerrado-por-miedo\/\" \/>\n<meta property=\"og:locale\" content=\"es_ES\" \/>\n<meta property=\"og:type\" content=\"article\" \/>\n<meta property=\"og:title\" content=\"Cubano que embisti\u00f3 a agentes de ICE con su auto sale en libertad; en Minneapolis, otro lleva un mes encerrado por miedo - Cuballama Noticias\" \/>\n<meta property=\"og:description\" content=\"Cubano acusado de embestir autos de ICE sale en libertad en Texas mientras inmigrante en Minneapolis ya no se atreve a salir.\" \/>\n<meta property=\"og:url\" content=\"https:\/\/www.cuballama.com\/noticias\/cubano-que-embistio-a-agentes-de-ice-con-su-auto-sale-en-libertad-en-minneapolis-otro-lleva-un-mes-encerrado-por-miedo\/\" \/>\n<meta property=\"og:site_name\" content=\"Cuballama Noticias\" \/>\n<meta property=\"article:publisher\" content=\"https:\/\/www.facebook.com\/CubaLlama\" \/>\n<meta property=\"article:published_time\" content=\"2026-01-22T15:05:54+00:00\" \/>\n<meta property=\"article:modified_time\" content=\"2026-01-22T15:05:56+00:00\" \/>\n<meta property=\"og:image\" content=\"https:\/\/cdn1.mediawpaccore.net\/wp-content\/uploads\/2026\/01\/21080108\/image-106.png\" \/>\n\t<meta property=\"og:image:width\" content=\"1018\" \/>\n\t<meta property=\"og:image:height\" content=\"620\" \/>\n\t<meta property=\"og:image:type\" content=\"image\/png\" \/>\n<meta name=\"author\" content=\"Roberto A.\" \/>\n<meta name=\"twitter:card\" content=\"summary_large_image\" \/>\n<meta name=\"twitter:creator\" content=\"@cuballama\" \/>\n<meta name=\"twitter:site\" content=\"@cuballama\" \/>\n<meta name=\"twitter:label1\" content=\"Escrito por\" \/>\n\t<meta name=\"twitter:data1\" content=\"Roberto A.\" \/>\n\t<meta name=\"twitter:label2\" content=\"Tiempo de lectura\" \/>\n\t<meta name=\"twitter:data2\" content=\"1 minuto\" \/>\n<script type=\"application\/ld+json\" class=\"yoast-schema-graph\">{\"@context\":\"https:\\\/\\\/schema.org\",\"@graph\":[{\"@type\":\"Article\",\"@id\":\"https:\\\/\\\/www.cuballama.com\\\/noticias\\\/cubano-que-embistio-a-agentes-de-ice-con-su-auto-sale-en-libertad-en-minneapolis-otro-lleva-un-mes-encerrado-por-miedo\\\/#article\",\"isPartOf\":{\"@id\":\"https:\\\/\\\/www.cuballama.com\\\/noticias\\\/cubano-que-embistio-a-agentes-de-ice-con-su-auto-sale-en-libertad-en-minneapolis-otro-lleva-un-mes-encerrado-por-miedo\\\/\"},\"author\":{\"name\":\"Roberto A.\",\"@id\":\"https:\\\/\\\/www.cuballama.com\\\/noticias\\\/#\\\/schema\\\/person\\\/a58502ed4146c8e9f83872e897c76cd2\"},\"headline\":\"Cubano que embisti\u00f3 a agentes de ICE con su auto sale en libertad; en Minneapolis, otro lleva un mes encerrado por miedo\",\"datePublished\":\"2026-01-22T15:05:54+00:00\",\"dateModified\":\"2026-01-22T15:05:56+00:00\",\"mainEntityOfPage\":{\"@id\":\"https:\\\/\\\/www.cuballama.com\\\/noticias\\\/cubano-que-embistio-a-agentes-de-ice-con-su-auto-sale-en-libertad-en-minneapolis-otro-lleva-un-mes-encerrado-por-miedo\\\/\"},\"wordCount\":559,\"commentCount\":0,\"publisher\":{\"@id\":\"https:\\\/\\\/www.cuballama.com\\\/noticias\\\/#organization\"},\"image\":{\"@id\":\"https:\\\/\\\/www.cuballama.com\\\/noticias\\\/cubano-que-embistio-a-agentes-de-ice-con-su-auto-sale-en-libertad-en-minneapolis-otro-lleva-un-mes-encerrado-por-miedo\\\/#primaryimage\"},\"thumbnailUrl\":\"https:\\\/\\\/cdn1.mediawpaccore.net\\\/wp-content\\\/uploads\\\/2026\\\/01\\\/21080108\\\/image-106.png\",\"keywords\":[\"ICE\",\"Inmigrantes\",\"Minneapolis\",\"parole\",\"Redadas\",\"Renee Nicole Good\",\"Robyn Argote-Brooks\",\"San Antonio\",\"Walmart\"],\"articleSection\":[\"Noticias\",\"USA\"],\"inLanguage\":\"es\",\"potentialAction\":[{\"@type\":\"CommentAction\",\"name\":\"Comment\",\"target\":[\"https:\\\/\\\/www.cuballama.com\\\/noticias\\\/cubano-que-embistio-a-agentes-de-ice-con-su-auto-sale-en-libertad-en-minneapolis-otro-lleva-un-mes-encerrado-por-miedo\\\/#respond\"]}]},{\"@type\":\"WebPage\",\"@id\":\"https:\\\/\\\/www.cuballama.com\\\/noticias\\\/cubano-que-embistio-a-agentes-de-ice-con-su-auto-sale-en-libertad-en-minneapolis-otro-lleva-un-mes-encerrado-por-miedo\\\/\",\"url\":\"https:\\\/\\\/www.cuballama.com\\\/noticias\\\/cubano-que-embistio-a-agentes-de-ice-con-su-auto-sale-en-libertad-en-minneapolis-otro-lleva-un-mes-encerrado-por-miedo\\\/\",\"name\":\"Cubano que embisti\u00f3 a agentes de ICE con su auto sale en libertad; en Minneapolis, otro lleva un mes encerrado por miedo - Cuballama Noticias\",\"isPartOf\":{\"@id\":\"https:\\\/\\\/www.cuballama.com\\\/noticias\\\/#website\"},\"primaryImageOfPage\":{\"@id\":\"https:\\\/\\\/www.cuballama.com\\\/noticias\\\/cubano-que-embistio-a-agentes-de-ice-con-su-auto-sale-en-libertad-en-minneapolis-otro-lleva-un-mes-encerrado-por-miedo\\\/#primaryimage\"},\"image\":{\"@id\":\"https:\\\/\\\/www.cuballama.com\\\/noticias\\\/cubano-que-embistio-a-agentes-de-ice-con-su-auto-sale-en-libertad-en-minneapolis-otro-lleva-un-mes-encerrado-por-miedo\\\/#primaryimage\"},\"thumbnailUrl\":\"https:\\\/\\\/cdn1.mediawpaccore.net\\\/wp-content\\\/uploads\\\/2026\\\/01\\\/21080108\\\/image-106.png\",\"datePublished\":\"2026-01-22T15:05:54+00:00\",\"dateModified\":\"2026-01-22T15:05:56+00:00\",\"description\":\"Cubano acusado de embestir autos de ICE sale en libertad en Texas mientras inmigrante en Minneapolis ya no se atreve a salir.\",\"breadcrumb\":{\"@id\":\"https:\\\/\\\/www.cuballama.com\\\/noticias\\\/cubano-que-embistio-a-agentes-de-ice-con-su-auto-sale-en-libertad-en-minneapolis-otro-lleva-un-mes-encerrado-por-miedo\\\/#breadcrumb\"},\"inLanguage\":\"es\",\"potentialAction\":[{\"@type\":\"ReadAction\",\"target\":[\"https:\\\/\\\/www.cuballama.com\\\/noticias\\\/cubano-que-embistio-a-agentes-de-ice-con-su-auto-sale-en-libertad-en-minneapolis-otro-lleva-un-mes-encerrado-por-miedo\\\/\"]}]},{\"@type\":\"ImageObject\",\"inLanguage\":\"es\",\"@id\":\"https:\\\/\\\/www.cuballama.com\\\/noticias\\\/cubano-que-embistio-a-agentes-de-ice-con-su-auto-sale-en-libertad-en-minneapolis-otro-lleva-un-mes-encerrado-por-miedo\\\/#primaryimage\",\"url\":\"https:\\\/\\\/cdn1.mediawpaccore.net\\\/wp-content\\\/uploads\\\/2026\\\/01\\\/21080108\\\/image-106.png\",\"contentUrl\":\"https:\\\/\\\/cdn1.mediawpaccore.net\\\/wp-content\\\/uploads\\\/2026\\\/01\\\/21080108\\\/image-106.png\",\"width\":1018,\"height\":620,\"caption\":\"Robyn Argote, el cubano que embisti\u00f3 a agentes de ICE en Texas con su auto, sale en libertad. Foto: Collage\"},{\"@type\":\"BreadcrumbList\",\"@id\":\"https:\\\/\\\/www.cuballama.com\\\/noticias\\\/cubano-que-embistio-a-agentes-de-ice-con-su-auto-sale-en-libertad-en-minneapolis-otro-lleva-un-mes-encerrado-por-miedo\\\/#breadcrumb\",\"itemListElement\":[{\"@type\":\"ListItem\",\"position\":1,\"name\":\"Home\",\"item\":\"https:\\\/\\\/www.cuballama.com\\\/noticias\\\/\"},{\"@type\":\"ListItem\",\"position\":2,\"name\":\"Cubano que embisti\u00f3 a agentes de ICE con su auto sale en libertad; en Minneapolis, otro lleva un mes encerrado por miedo\"}]},{\"@type\":\"WebSite\",\"@id\":\"https:\\\/\\\/www.cuballama.com\\\/noticias\\\/#website\",\"url\":\"https:\\\/\\\/www.cuballama.com\\\/noticias\\\/\",\"name\":\"Cuballama Noticias\",\"description\":\"Medio digital sobre Cuba y el mundo\",\"publisher\":{\"@id\":\"https:\\\/\\\/www.cuballama.com\\\/noticias\\\/#organization\"},\"potentialAction\":[{\"@type\":\"SearchAction\",\"target\":{\"@type\":\"EntryPoint\",\"urlTemplate\":\"https:\\\/\\\/www.cuballama.com\\\/noticias\\\/?s={search_term_string}\"},\"query-input\":{\"@type\":\"PropertyValueSpecification\",\"valueRequired\":true,\"valueName\":\"search_term_string\"}}],\"inLanguage\":\"es\"},{\"@type\":\"Organization\",\"@id\":\"https:\\\/\\\/www.cuballama.com\\\/noticias\\\/#organization\",\"name\":\"Cuballama\",\"url\":\"https:\\\/\\\/www.cuballama.com\\\/noticias\\\/\",\"logo\":{\"@type\":\"ImageObject\",\"inLanguage\":\"es\",\"@id\":\"https:\\\/\\\/www.cuballama.com\\\/noticias\\\/#\\\/schema\\\/logo\\\/image\\\/\",\"url\":\"https:\\\/\\\/cdn1.mediawpaccore.net\\\/wp-content\\\/uploads\\\/2021\\\/12\\\/28171206\\\/cbll-logo-color-sm.png\",\"contentUrl\":\"https:\\\/\\\/cdn1.mediawpaccore.net\\\/wp-content\\\/uploads\\\/2021\\\/12\\\/28171206\\\/cbll-logo-color-sm.png\",\"width\":600,\"height\":133,\"caption\":\"Cuballama\"},\"image\":{\"@id\":\"https:\\\/\\\/www.cuballama.com\\\/noticias\\\/#\\\/schema\\\/logo\\\/image\\\/\"},\"sameAs\":[\"https:\\\/\\\/www.facebook.com\\\/CubaLlama\",\"https:\\\/\\\/x.com\\\/cuballama\",\"https:\\\/\\\/www.instagram.com\\\/stories\\\/cuballama_oficial\\\/\",\"https:\\\/\\\/www.youtube.com\\\/channel\\\/UCKkFE-d_axENGZcrc4as0IA\"]},{\"@type\":\"Person\",\"@id\":\"https:\\\/\\\/www.cuballama.com\\\/noticias\\\/#\\\/schema\\\/person\\\/a58502ed4146c8e9f83872e897c76cd2\",\"name\":\"Roberto A.\",\"description\":\"Roberto A. Periodista por decisi\u00f3n propia. Interesado en cualquier tema que me apasione y cada vez m\u00e1s comprometido con la verdad y la objetividad period\u00edstica. Graduado en La Habana hace ya muchos a\u00f1os, luego de una accidentada y polvorienta b\u00fasqueda de informaci\u00f3n sobre un tema in\u00e9dito. La Tesis, por cierto, desapareci\u00f3 de la biblioteca y no se conservan copias de la misma.\",\"url\":\"https:\\\/\\\/www.cuballama.com\\\/noticias\\\/author\\\/roberto\\\/\"}]}<\/script>\n<!-- \/ Yoast SEO plugin. -->","yoast_head_json":{"title":"Cubano que embisti\u00f3 a agentes de ICE con su auto sale en libertad; en Minneapolis, otro lleva un mes encerrado por miedo - Cuballama Noticias","description":"Cubano acusado de embestir autos de ICE sale en libertad en Texas mientras inmigrante en Minneapolis ya no se atreve a salir.","robots":{"index":"index","follow":"follow","max-snippet":"max-snippet:-1","max-image-preview":"max-image-preview:large","max-video-preview":"max-video-preview:-1"},"canonical":"https:\/\/www.cuballama.com\/noticias\/cubano-que-embistio-a-agentes-de-ice-con-su-auto-sale-en-libertad-en-minneapolis-otro-lleva-un-mes-encerrado-por-miedo\/","og_locale":"es_ES","og_type":"article","og_title":"Cubano que embisti\u00f3 a agentes de ICE con su auto sale en libertad; en Minneapolis, otro lleva un mes encerrado por miedo - Cuballama Noticias","og_description":"Cubano acusado de embestir autos de ICE sale en libertad en Texas mientras inmigrante en Minneapolis ya no se atreve a salir.","og_url":"https:\/\/www.cuballama.com\/noticias\/cubano-que-embistio-a-agentes-de-ice-con-su-auto-sale-en-libertad-en-minneapolis-otro-lleva-un-mes-encerrado-por-miedo\/","og_site_name":"Cuballama Noticias","article_publisher":"https:\/\/www.facebook.com\/CubaLlama","article_published_time":"2026-01-22T15:05:54+00:00","article_modified_time":"2026-01-22T15:05:56+00:00","og_image":[{"width":1018,"height":620,"url":"https:\/\/cdn1.mediawpaccore.net\/wp-content\/uploads\/2026\/01\/21080108\/image-106.png","type":"image\/png"}],"author":"Roberto A.","twitter_card":"summary_large_image","twitter_creator":"@cuballama","twitter_site":"@cuballama","twitter_misc":{"Escrito por":"Roberto A.","Tiempo de lectura":"1 minuto"},"schema":{"@context":"https:\/\/schema.org","@graph":[{"@type":"Article","@id":"https:\/\/www.cuballama.com\/noticias\/cubano-que-embistio-a-agentes-de-ice-con-su-auto-sale-en-libertad-en-minneapolis-otro-lleva-un-mes-encerrado-por-miedo\/#article","isPartOf":{"@id":"https:\/\/www.cuballama.com\/noticias\/cubano-que-embistio-a-agentes-de-ice-con-su-auto-sale-en-libertad-en-minneapolis-otro-lleva-un-mes-encerrado-por-miedo\/"},"author":{"name":"Roberto A.","@id":"https:\/\/www.cuballama.com\/noticias\/#\/schema\/person\/a58502ed4146c8e9f83872e897c76cd2"},"headline":"Cubano que embisti\u00f3 a agentes de ICE con su auto sale en libertad; en Minneapolis, otro lleva un mes encerrado por miedo","datePublished":"2026-01-22T15:05:54+00:00","dateModified":"2026-01-22T15:05:56+00:00","mainEntityOfPage":{"@id":"https:\/\/www.cuballama.com\/noticias\/cubano-que-embistio-a-agentes-de-ice-con-su-auto-sale-en-libertad-en-minneapolis-otro-lleva-un-mes-encerrado-por-miedo\/"},"wordCount":559,"commentCount":0,"publisher":{"@id":"https:\/\/www.cuballama.com\/noticias\/#organization"},"image":{"@id":"https:\/\/www.cuballama.com\/noticias\/cubano-que-embistio-a-agentes-de-ice-con-su-auto-sale-en-libertad-en-minneapolis-otro-lleva-un-mes-encerrado-por-miedo\/#primaryimage"},"thumbnailUrl":"https:\/\/cdn1.mediawpaccore.net\/wp-content\/uploads\/2026\/01\/21080108\/image-106.png","keywords":["ICE","Inmigrantes","Minneapolis","parole","Redadas","Renee Nicole Good","Robyn Argote-Brooks","San Antonio","Walmart"],"articleSection":["Noticias","USA"],"inLanguage":"es","potentialAction":[{"@type":"CommentAction","name":"Comment","target":["https:\/\/www.cuballama.com\/noticias\/cubano-que-embistio-a-agentes-de-ice-con-su-auto-sale-en-libertad-en-minneapolis-otro-lleva-un-mes-encerrado-por-miedo\/#respond"]}]},{"@type":"WebPage","@id":"https:\/\/www.cuballama.com\/noticias\/cubano-que-embistio-a-agentes-de-ice-con-su-auto-sale-en-libertad-en-minneapolis-otro-lleva-un-mes-encerrado-por-miedo\/","url":"https:\/\/www.cuballama.com\/noticias\/cubano-que-embistio-a-agentes-de-ice-con-su-auto-sale-en-libertad-en-minneapolis-otro-lleva-un-mes-encerrado-por-miedo\/","name":"Cubano que embisti\u00f3 a agentes de ICE con su auto sale en libertad; en Minneapolis, otro lleva un mes encerrado por miedo - Cuballama Noticias","isPartOf":{"@id":"https:\/\/www.cuballama.com\/noticias\/#website"},"primaryImageOfPage":{"@id":"https:\/\/www.cuballama.com\/noticias\/cubano-que-embistio-a-agentes-de-ice-con-su-auto-sale-en-libertad-en-minneapolis-otro-lleva-un-mes-encerrado-por-miedo\/#primaryimage"},"image":{"@id":"https:\/\/www.cuballama.com\/noticias\/cubano-que-embistio-a-agentes-de-ice-con-su-auto-sale-en-libertad-en-minneapolis-otro-lleva-un-mes-encerrado-por-miedo\/#primaryimage"},"thumbnailUrl":"https:\/\/cdn1.mediawpaccore.net\/wp-content\/uploads\/2026\/01\/21080108\/image-106.png","datePublished":"2026-01-22T15:05:54+00:00","dateModified":"2026-01-22T15:05:56+00:00","description":"Cubano acusado de embestir autos de ICE sale en libertad en Texas mientras inmigrante en Minneapolis ya no se atreve a salir.","breadcrumb":{"@id":"https:\/\/www.cuballama.com\/noticias\/cubano-que-embistio-a-agentes-de-ice-con-su-auto-sale-en-libertad-en-minneapolis-otro-lleva-un-mes-encerrado-por-miedo\/#breadcrumb"},"inLanguage":"es","potentialAction":[{"@type":"ReadAction","target":["https:\/\/www.cuballama.com\/noticias\/cubano-que-embistio-a-agentes-de-ice-con-su-auto-sale-en-libertad-en-minneapolis-otro-lleva-un-mes-encerrado-por-miedo\/"]}]},{"@type":"ImageObject","inLanguage":"es","@id":"https:\/\/www.cuballama.com\/noticias\/cubano-que-embistio-a-agentes-de-ice-con-su-auto-sale-en-libertad-en-minneapolis-otro-lleva-un-mes-encerrado-por-miedo\/#primaryimage","url":"https:\/\/cdn1.mediawpaccore.net\/wp-content\/uploads\/2026\/01\/21080108\/image-106.png","contentUrl":"https:\/\/cdn1.mediawpaccore.net\/wp-content\/uploads\/2026\/01\/21080108\/image-106.png","width":1018,"height":620,"caption":"Robyn Argote, el cubano que embisti\u00f3 a agentes de ICE en Texas con su auto, sale en libertad. Foto: Collage"},{"@type":"BreadcrumbList","@id":"https:\/\/www.cuballama.com\/noticias\/cubano-que-embistio-a-agentes-de-ice-con-su-auto-sale-en-libertad-en-minneapolis-otro-lleva-un-mes-encerrado-por-miedo\/#breadcrumb","itemListElement":[{"@type":"ListItem","position":1,"name":"Home","item":"https:\/\/www.cuballama.com\/noticias\/"},{"@type":"ListItem","position":2,"name":"Cubano que embisti\u00f3 a agentes de ICE con su auto sale en libertad; en Minneapolis, otro lleva un mes encerrado por miedo"}]},{"@type":"WebSite","@id":"https:\/\/www.cuballama.com\/noticias\/#website","url":"https:\/\/www.cuballama.com\/noticias\/","name":"Cuballama Noticias","description":"Medio digital sobre Cuba y el mundo","publisher":{"@id":"https:\/\/www.cuballama.com\/noticias\/#organization"},"potentialAction":[{"@type":"SearchAction","target":{"@type":"EntryPoint","urlTemplate":"https:\/\/www.cuballama.com\/noticias\/?s={search_term_string}"},"query-input":{"@type":"PropertyValueSpecification","valueRequired":true,"valueName":"search_term_string"}}],"inLanguage":"es"},{"@type":"Organization","@id":"https:\/\/www.cuballama.com\/noticias\/#organization","name":"Cuballama","url":"https:\/\/www.cuballama.com\/noticias\/","logo":{"@type":"ImageObject","inLanguage":"es","@id":"https:\/\/www.cuballama.com\/noticias\/#\/schema\/logo\/image\/","url":"https:\/\/cdn1.mediawpaccore.net\/wp-content\/uploads\/2021\/12\/28171206\/cbll-logo-color-sm.png","contentUrl":"https:\/\/cdn1.mediawpaccore.net\/wp-content\/uploads\/2021\/12\/28171206\/cbll-logo-color-sm.png","width":600,"height":133,"caption":"Cuballama"},"image":{"@id":"https:\/\/www.cuballama.com\/noticias\/#\/schema\/logo\/image\/"},"sameAs":["https:\/\/www.facebook.com\/CubaLlama","https:\/\/x.com\/cuballama","https:\/\/www.instagram.com\/stories\/cuballama_oficial\/","https:\/\/www.youtube.com\/channel\/UCKkFE-d_axENGZcrc4as0IA"]},{"@type":"Person","@id":"https:\/\/www.cuballama.com\/noticias\/#\/schema\/person\/a58502ed4146c8e9f83872e897c76cd2","name":"Roberto A.","description":"Roberto A. Periodista por decisi\u00f3n propia. Interesado en cualquier tema que me apasione y cada vez m\u00e1s comprometido con la verdad y la objetividad period\u00edstica. Graduado en La Habana hace ya muchos a\u00f1os, luego de una accidentada y polvorienta b\u00fasqueda de informaci\u00f3n sobre un tema in\u00e9dito. La Tesis, por cierto, desapareci\u00f3 de la biblioteca y no se conservan copias de la misma.","url":"https:\/\/www.cuballama.com\/noticias\/author\/roberto\/"}]}},"_links":{"self":[{"href":"https:\/\/www.cuballama.com\/noticias\/wp-json\/wp\/v2\/posts\/232888","targetHints":{"allow":["GET"]}}],"collection":[{"href":"https:\/\/www.cuballama.com\/noticias\/wp-json\/wp\/v2\/posts"}],"about":[{"href":"https:\/\/www.cuballama.com\/noticias\/wp-json\/wp\/v2\/types\/post"}],"author":[{"embeddable":true,"href":"https:\/\/www.cuballama.com\/noticias\/wp-json\/wp\/v2\/users\/13"}],"replies":[{"embeddable":true,"href":"https:\/\/www.cuballama.com\/noticias\/wp-json\/wp\/v2\/comments?post=232888"}],"version-history":[{"count":6,"href":"https:\/\/www.cuballama.com\/noticias\/wp-json\/wp\/v2\/posts\/232888\/revisions"}],"predecessor-version":[{"id":232895,"href":"https:\/\/www.cuballama.com\/noticias\/wp-json\/wp\/v2\/posts\/232888\/revisions\/232895"}],"wp:featuredmedia":[{"embeddable":true,"href":"https:\/\/www.cuballama.com\/noticias\/wp-json\/wp\/v2\/media\/232892"}],"wp:attachment":[{"href":"https:\/\/www.cuballama.com\/noticias\/wp-json\/wp\/v2\/media?parent=232888"}],"wp:term":[{"taxonomy":"category","embeddable":true,"href":"https:\/\/www.cuballama.com\/noticias\/wp-json\/wp\/v2\/categories?post=232888"},{"taxonomy":"post_tag","embeddable":true,"href":"https:\/\/www.cuballama.com\/noticias\/wp-json\/wp\/v2\/tags?post=232888"}],"curies":[{"name":"wp","href":"https:\/\/api.w.org\/{rel}","templated":true}]}}