{"id":232866,"date":"2026-01-21T09:38:38","date_gmt":"2026-01-21T14:38:38","guid":{"rendered":"https:\/\/www.cuballama.com\/noticias\/?p=232866"},"modified":"2026-01-21T09:38:42","modified_gmt":"2026-01-21T14:38:42","slug":"el-air-force-one-falla-al-despegar-y-trump-tiene-que-cambiar-de-avion-rumbo-a-cumbre-de-davos-en-suiza","status":"publish","type":"post","link":"https:\/\/www.cuballama.com\/noticias\/el-air-force-one-falla-al-despegar-y-trump-tiene-que-cambiar-de-avion-rumbo-a-cumbre-de-davos-en-suiza\/","title":{"rendered":"El Air Force One falla al despegar y Trump tiene que cambiar de avi\u00f3n rumbo a Cumbre de Davos, en Suiza"},"content":{"rendered":"\n<h2 class=\"wp-block-heading\">El avi\u00f3n de Trump falla al despegar y obliga a activar el plan B de la Casa Blanca, mientras el mandatario expone el desgaste del avi\u00f3n presidencial.<\/h2>\n\n\n\n<h2 class=\"wp-block-heading\">Nada, que el avi\u00f3n m\u00e1s poderoso del mundo, el Air Force One tambi\u00e9n envejece (como los presidentes)<\/h2>\n\n\n\n<p>El Air Force One que transportaba a Donald Trump tuvo que regresar a la zona de Washington tras despegar rumbo a Suiza por un problema el\u00e9ctrico menor detectado poco despu\u00e9s del despegue, un contratiempo que oblig\u00f3 a activar el protocolo de precauci\u00f3n y a cambiar de aeronave para que el presidente pudiera continuar viaje hacia el Foro Econ\u00f3mico Mundial en Davos. Seg\u00fan explic\u00f3 la Casa Blanca, la tripulaci\u00f3n identific\u00f3 la incidencia y decidi\u00f3 volver a la base sin incidentes; periodistas a bordo reportaron un breve apag\u00f3n o parpadeo de luces en la cabina de prensa, una se\u00f1al suficiente para no seguir cruzando el Atl\u00e1ntico con dudas t\u00e9cnicas abiertas.<\/p>\n\n\n\n<p>Tras el aterrizaje, Trump retom\u00f3 la agenda internacional en un avi\u00f3n alternativo, un Air Force C-32, el Boeing 757 que suele emplearse como respaldo o para desplazamientos presidenciales cuando se requiere flexibilidad operativa. El cambio, aunque rutinario en t\u00e9rminos de seguridad, tuvo un costo pol\u00edtico y simb\u00f3lico: volvi\u00f3 a colocar en primer plano el desgaste de la flota actual de Air Force One, formada por dos VC-25A (derivados del 747-200) que llevan cerca de cuatro d\u00e9cadas en servicio.<\/p>\n\n\n\n<p>El episodio llega en un momento especialmente sensible por las demoras del programa de reemplazo. La Fuerza A\u00e9rea lleva a\u00f1os esperando los VC-25B que Boeing desarrolla como pr\u00f3xima generaci\u00f3n del avi\u00f3n presidencial, pero el calendario se ha ido moviendo y, a finales de 2025, medios especializados reportaban que la entrega del primer aparato se proyecta ahora para mediados de 2028.<\/p>\n\n\n\n<figure class=\"wp-block-embed is-type-rich is-provider-twitter wp-block-embed-twitter\"><div class=\"wp-block-embed__wrapper\">\n<blockquote class=\"twitter-tweet\" data-width=\"550\" data-dnt=\"true\"><p lang=\"en\" dir=\"ltr\">\ud83d\udea8 Something feels very off about this \ud83d\udea8<br><br>Here is the first footage of Air Force One being forced to make what they are claiming was a \u201cminor emergency landing\u201d over \u201can electrical issue\u201d \u26a0\ufe0f<br><br>Very weird energy. Don\u2019t like it at all. Praying all is well with President Trump! <a href=\"https:\/\/t.co\/jFLsYfJUhp\">pic.twitter.com\/jFLsYfJUhp<\/a><\/p>&mdash; Matt Wallace (@MattWallace888) <a href=\"https:\/\/twitter.com\/MattWallace888\/status\/2013868641314304351?ref_src=twsrc%5Etfw\">January 21, 2026<\/a><\/blockquote><script async src=\"https:\/\/platform.twitter.com\/widgets.js\" charset=\"utf-8\"><\/script>\n<\/div><\/figure>\n\n\n\n<p>En paralelo, la administraci\u00f3n ha alimentado el debate sobre alternativas y parches de transici\u00f3n. La <em><a href=\"https:\/\/apnews.com\/article\/trump-air-force-one-electrical-issue-c3044b52b792a8c12f6211718d94f8fe\" target=\"_blank\" rel=\"noreferrer noopener nofollow\">Associated Press<\/a><\/em> y otros medios se\u00f1alaron que un Boeing 747-8 ofrecido por la familia gobernante de Qatar fue incorporado a la \u201cflota\u201d presidencial y est\u00e1 siendo sometido a un proceso de adaptaci\u00f3n a est\u00e1ndares estadounidenses, una modernizaci\u00f3n que, por definici\u00f3n, exige integrar comunicaciones seguras y medidas defensivas, y que abre preguntas sobre tiempos y costos.<\/p>\n\n\n\n<figure class=\"wp-block-embed is-type-rich is-provider-twitter wp-block-embed-twitter\"><div class=\"wp-block-embed__wrapper\">\n<blockquote class=\"twitter-tweet\" data-width=\"550\" data-dnt=\"true\"><p lang=\"en\" dir=\"ltr\">\ud83d\udea8 BREAKING: Air Force One, which President Trump recently boarded to head to the World Economic Forum in Davos, Switzerland, has suddenly TURNED AROUND and seems to be headed back to DC<br><br>It\u2019s unclear why AF1 pulled a U-turn<br><br>Pray for President Trump\u2019s safety tonight \ud83d\ude4f\ud83c\udffb <a href=\"https:\/\/t.co\/ILBGGYFtRe\">pic.twitter.com\/ILBGGYFtRe<\/a><\/p>&mdash; Nick Sortor (@nicksortor) <a href=\"https:\/\/twitter.com\/nicksortor\/status\/2013815629191565800?ref_src=twsrc%5Etfw\">January 21, 2026<\/a><\/blockquote><script async src=\"https:\/\/platform.twitter.com\/widgets.js\" charset=\"utf-8\"><\/script>\n<\/div><\/figure>\n\n\n\n<p>En la pr\u00e1ctica, el retorno por \u201cproblema menor\u201d no sugiere un fallo catastr\u00f3fico, pero s\u00ed evidencia la fragilidad de operar una plataforma envejecida en misiones de m\u00e1xima exigencia. El resultado inmediato fue un retraso en la llegada a Suiza y una historia que, m\u00e1s all\u00e1 del titular, empuja otra vez el mismo tema: el avi\u00f3n presidencial m\u00e1s famoso del mundo est\u00e1 funcionando con margen cada vez m\u00e1s estrecho entre la rutina y el imprevisto.<\/p>\n","protected":false},"excerpt":{"rendered":"<p>Un problema el\u00e9ctrico oblig\u00f3 al Air Force One a regresar tras despegar y volvi\u00f3 a poner en duda la fiabilidad de la flota presidencial.<\/p>\n","protected":false},"author":13,"featured_media":232871,"comment_status":"open","ping_status":"closed","sticky":false,"template":"","format":"standard","meta":{"_acf_changed":false,"footnotes":""},"categories":[18,953],"tags":[30150,30149,2131,865,30151,700,30152,985,287],"class_list":{"0":"post-232866","1":"post","2":"type-post","3":"status-publish","4":"format-standard","5":"has-post-thumbnail","7":"category-noticias","8":"category-usa","9":"tag-air-force-one","10":"tag-aviacion-presidencial","11":"tag-boeing","12":"tag-casa-blanca","13":"tag-davos","14":"tag-donald-trump","15":"tag-fuerza-aerea","16":"tag-seguridad","17":"tag-tecnologia"},"acf":[],"yoast_head":"<!-- This site is optimized with the Yoast SEO plugin v27.4 - https:\/\/yoast.com\/product\/yoast-seo-wordpress\/ -->\n<title>El Air Force One falla al despegar y Trump tiene que cambiar de avi\u00f3n rumbo a Cumbre de Davos, en Suiza - Cuballama Noticias<\/title>\n<meta name=\"description\" content=\"Fallo t\u00e9cnico obliga al Air Force One a regresar y reabre debate sobre una flota envejecida y los retrasos en su reemplazo.\" \/>\n<meta name=\"robots\" content=\"index, follow, max-snippet:-1, max-image-preview:large, max-video-preview:-1\" \/>\n<link rel=\"canonical\" href=\"https:\/\/www.cuballama.com\/noticias\/el-air-force-one-falla-al-despegar-y-trump-tiene-que-cambiar-de-avion-rumbo-a-cumbre-de-davos-en-suiza\/\" \/>\n<meta property=\"og:locale\" content=\"es_ES\" \/>\n<meta property=\"og:type\" content=\"article\" \/>\n<meta property=\"og:title\" content=\"El Air Force One falla al despegar y Trump tiene que cambiar de avi\u00f3n rumbo a Cumbre de Davos, en Suiza - Cuballama Noticias\" \/>\n<meta property=\"og:description\" content=\"Fallo t\u00e9cnico obliga al Air Force One a regresar y reabre debate sobre una flota envejecida y los retrasos en su reemplazo.\" \/>\n<meta property=\"og:url\" content=\"https:\/\/www.cuballama.com\/noticias\/el-air-force-one-falla-al-despegar-y-trump-tiene-que-cambiar-de-avion-rumbo-a-cumbre-de-davos-en-suiza\/\" \/>\n<meta property=\"og:site_name\" content=\"Cuballama Noticias\" \/>\n<meta property=\"article:publisher\" content=\"https:\/\/www.facebook.com\/CubaLlama\" \/>\n<meta property=\"article:published_time\" content=\"2026-01-21T14:38:38+00:00\" \/>\n<meta property=\"article:modified_time\" content=\"2026-01-21T14:38:42+00:00\" \/>\n<meta property=\"og:image\" content=\"https:\/\/cdn1.mediawpaccore.net\/wp-content\/uploads\/2026\/01\/21072039\/Air_Force_One_on_the_ground-e1768998116655.jpg\" \/>\n\t<meta property=\"og:image:width\" content=\"1200\" \/>\n\t<meta property=\"og:image:height\" content=\"630\" \/>\n\t<meta property=\"og:image:type\" content=\"image\/jpeg\" \/>\n<meta name=\"author\" content=\"Roberto A.\" \/>\n<meta name=\"twitter:card\" content=\"summary_large_image\" \/>\n<meta name=\"twitter:creator\" content=\"@cuballama\" \/>\n<meta name=\"twitter:site\" content=\"@cuballama\" \/>\n<meta name=\"twitter:label1\" content=\"Escrito por\" \/>\n\t<meta name=\"twitter:data1\" content=\"Roberto A.\" \/>\n\t<meta name=\"twitter:label2\" content=\"Tiempo de lectura\" \/>\n\t<meta name=\"twitter:data2\" content=\"3 minutos\" \/>\n<script type=\"application\/ld+json\" class=\"yoast-schema-graph\">{\"@context\":\"https:\\\/\\\/schema.org\",\"@graph\":[{\"@type\":\"Article\",\"@id\":\"https:\\\/\\\/www.cuballama.com\\\/noticias\\\/el-air-force-one-falla-al-despegar-y-trump-tiene-que-cambiar-de-avion-rumbo-a-cumbre-de-davos-en-suiza\\\/#article\",\"isPartOf\":{\"@id\":\"https:\\\/\\\/www.cuballama.com\\\/noticias\\\/el-air-force-one-falla-al-despegar-y-trump-tiene-que-cambiar-de-avion-rumbo-a-cumbre-de-davos-en-suiza\\\/\"},\"author\":{\"name\":\"Roberto A.\",\"@id\":\"https:\\\/\\\/www.cuballama.com\\\/noticias\\\/#\\\/schema\\\/person\\\/a58502ed4146c8e9f83872e897c76cd2\"},\"headline\":\"El Air Force One falla al despegar y Trump tiene que cambiar de avi\u00f3n rumbo a Cumbre de Davos, en Suiza\",\"datePublished\":\"2026-01-21T14:38:38+00:00\",\"dateModified\":\"2026-01-21T14:38:42+00:00\",\"mainEntityOfPage\":{\"@id\":\"https:\\\/\\\/www.cuballama.com\\\/noticias\\\/el-air-force-one-falla-al-despegar-y-trump-tiene-que-cambiar-de-avion-rumbo-a-cumbre-de-davos-en-suiza\\\/\"},\"wordCount\":504,\"commentCount\":0,\"publisher\":{\"@id\":\"https:\\\/\\\/www.cuballama.com\\\/noticias\\\/#organization\"},\"image\":{\"@id\":\"https:\\\/\\\/www.cuballama.com\\\/noticias\\\/el-air-force-one-falla-al-despegar-y-trump-tiene-que-cambiar-de-avion-rumbo-a-cumbre-de-davos-en-suiza\\\/#primaryimage\"},\"thumbnailUrl\":\"https:\\\/\\\/cdn1.mediawpaccore.net\\\/wp-content\\\/uploads\\\/2026\\\/01\\\/21072039\\\/Air_Force_One_on_the_ground-e1768998116655.jpg\",\"keywords\":[\"Air Force One\",\"aviaci\u00f3n presidencial\",\"Boeing\",\"Casa Blanca\",\"Davos\",\"Donald Trump\",\"Fuerza A\u00e9rea\",\"Seguridad\",\"Tecnolog\u00eda\"],\"articleSection\":[\"Noticias\",\"USA\"],\"inLanguage\":\"es\",\"potentialAction\":[{\"@type\":\"CommentAction\",\"name\":\"Comment\",\"target\":[\"https:\\\/\\\/www.cuballama.com\\\/noticias\\\/el-air-force-one-falla-al-despegar-y-trump-tiene-que-cambiar-de-avion-rumbo-a-cumbre-de-davos-en-suiza\\\/#respond\"]}]},{\"@type\":\"WebPage\",\"@id\":\"https:\\\/\\\/www.cuballama.com\\\/noticias\\\/el-air-force-one-falla-al-despegar-y-trump-tiene-que-cambiar-de-avion-rumbo-a-cumbre-de-davos-en-suiza\\\/\",\"url\":\"https:\\\/\\\/www.cuballama.com\\\/noticias\\\/el-air-force-one-falla-al-despegar-y-trump-tiene-que-cambiar-de-avion-rumbo-a-cumbre-de-davos-en-suiza\\\/\",\"name\":\"El Air Force One falla al despegar y Trump tiene que cambiar de avi\u00f3n rumbo a Cumbre de Davos, en Suiza - Cuballama Noticias\",\"isPartOf\":{\"@id\":\"https:\\\/\\\/www.cuballama.com\\\/noticias\\\/#website\"},\"primaryImageOfPage\":{\"@id\":\"https:\\\/\\\/www.cuballama.com\\\/noticias\\\/el-air-force-one-falla-al-despegar-y-trump-tiene-que-cambiar-de-avion-rumbo-a-cumbre-de-davos-en-suiza\\\/#primaryimage\"},\"image\":{\"@id\":\"https:\\\/\\\/www.cuballama.com\\\/noticias\\\/el-air-force-one-falla-al-despegar-y-trump-tiene-que-cambiar-de-avion-rumbo-a-cumbre-de-davos-en-suiza\\\/#primaryimage\"},\"thumbnailUrl\":\"https:\\\/\\\/cdn1.mediawpaccore.net\\\/wp-content\\\/uploads\\\/2026\\\/01\\\/21072039\\\/Air_Force_One_on_the_ground-e1768998116655.jpg\",\"datePublished\":\"2026-01-21T14:38:38+00:00\",\"dateModified\":\"2026-01-21T14:38:42+00:00\",\"description\":\"Fallo t\u00e9cnico obliga al Air Force One a regresar y reabre debate sobre una flota envejecida y los retrasos en su reemplazo.\",\"breadcrumb\":{\"@id\":\"https:\\\/\\\/www.cuballama.com\\\/noticias\\\/el-air-force-one-falla-al-despegar-y-trump-tiene-que-cambiar-de-avion-rumbo-a-cumbre-de-davos-en-suiza\\\/#breadcrumb\"},\"inLanguage\":\"es\",\"potentialAction\":[{\"@type\":\"ReadAction\",\"target\":[\"https:\\\/\\\/www.cuballama.com\\\/noticias\\\/el-air-force-one-falla-al-despegar-y-trump-tiene-que-cambiar-de-avion-rumbo-a-cumbre-de-davos-en-suiza\\\/\"]}]},{\"@type\":\"ImageObject\",\"inLanguage\":\"es\",\"@id\":\"https:\\\/\\\/www.cuballama.com\\\/noticias\\\/el-air-force-one-falla-al-despegar-y-trump-tiene-que-cambiar-de-avion-rumbo-a-cumbre-de-davos-en-suiza\\\/#primaryimage\",\"url\":\"https:\\\/\\\/cdn1.mediawpaccore.net\\\/wp-content\\\/uploads\\\/2026\\\/01\\\/21072039\\\/Air_Force_One_on_the_ground-e1768998116655.jpg\",\"contentUrl\":\"https:\\\/\\\/cdn1.mediawpaccore.net\\\/wp-content\\\/uploads\\\/2026\\\/01\\\/21072039\\\/Air_Force_One_on_the_ground-e1768998116655.jpg\",\"width\":1200,\"height\":630,\"caption\":\"Foto de Dominio p\u00fablico. Imagen producida por un miembro de la Fuerza A\u00e9rea de Estados Unidos en funciones oficiales (SSGT Alex Lloyd, USAF).\"},{\"@type\":\"BreadcrumbList\",\"@id\":\"https:\\\/\\\/www.cuballama.com\\\/noticias\\\/el-air-force-one-falla-al-despegar-y-trump-tiene-que-cambiar-de-avion-rumbo-a-cumbre-de-davos-en-suiza\\\/#breadcrumb\",\"itemListElement\":[{\"@type\":\"ListItem\",\"position\":1,\"name\":\"Home\",\"item\":\"https:\\\/\\\/www.cuballama.com\\\/noticias\\\/\"},{\"@type\":\"ListItem\",\"position\":2,\"name\":\"El Air Force One falla al despegar y Trump tiene que cambiar de avi\u00f3n rumbo a Cumbre de Davos, en Suiza\"}]},{\"@type\":\"WebSite\",\"@id\":\"https:\\\/\\\/www.cuballama.com\\\/noticias\\\/#website\",\"url\":\"https:\\\/\\\/www.cuballama.com\\\/noticias\\\/\",\"name\":\"Cuballama Noticias\",\"description\":\"Medio digital sobre Cuba y el mundo\",\"publisher\":{\"@id\":\"https:\\\/\\\/www.cuballama.com\\\/noticias\\\/#organization\"},\"potentialAction\":[{\"@type\":\"SearchAction\",\"target\":{\"@type\":\"EntryPoint\",\"urlTemplate\":\"https:\\\/\\\/www.cuballama.com\\\/noticias\\\/?s={search_term_string}\"},\"query-input\":{\"@type\":\"PropertyValueSpecification\",\"valueRequired\":true,\"valueName\":\"search_term_string\"}}],\"inLanguage\":\"es\"},{\"@type\":\"Organization\",\"@id\":\"https:\\\/\\\/www.cuballama.com\\\/noticias\\\/#organization\",\"name\":\"Cuballama\",\"url\":\"https:\\\/\\\/www.cuballama.com\\\/noticias\\\/\",\"logo\":{\"@type\":\"ImageObject\",\"inLanguage\":\"es\",\"@id\":\"https:\\\/\\\/www.cuballama.com\\\/noticias\\\/#\\\/schema\\\/logo\\\/image\\\/\",\"url\":\"https:\\\/\\\/cdn1.mediawpaccore.net\\\/wp-content\\\/uploads\\\/2021\\\/12\\\/28171206\\\/cbll-logo-color-sm.png\",\"contentUrl\":\"https:\\\/\\\/cdn1.mediawpaccore.net\\\/wp-content\\\/uploads\\\/2021\\\/12\\\/28171206\\\/cbll-logo-color-sm.png\",\"width\":600,\"height\":133,\"caption\":\"Cuballama\"},\"image\":{\"@id\":\"https:\\\/\\\/www.cuballama.com\\\/noticias\\\/#\\\/schema\\\/logo\\\/image\\\/\"},\"sameAs\":[\"https:\\\/\\\/www.facebook.com\\\/CubaLlama\",\"https:\\\/\\\/x.com\\\/cuballama\",\"https:\\\/\\\/www.instagram.com\\\/stories\\\/cuballama_oficial\\\/\",\"https:\\\/\\\/www.youtube.com\\\/channel\\\/UCKkFE-d_axENGZcrc4as0IA\"]},{\"@type\":\"Person\",\"@id\":\"https:\\\/\\\/www.cuballama.com\\\/noticias\\\/#\\\/schema\\\/person\\\/a58502ed4146c8e9f83872e897c76cd2\",\"name\":\"Roberto A.\",\"description\":\"Roberto A. Periodista por decisi\u00f3n propia. Interesado en cualquier tema que me apasione y cada vez m\u00e1s comprometido con la verdad y la objetividad period\u00edstica. Graduado en La Habana hace ya muchos a\u00f1os, luego de una accidentada y polvorienta b\u00fasqueda de informaci\u00f3n sobre un tema in\u00e9dito. La Tesis, por cierto, desapareci\u00f3 de la biblioteca y no se conservan copias de la misma.\",\"url\":\"https:\\\/\\\/www.cuballama.com\\\/noticias\\\/author\\\/roberto\\\/\"}]}<\/script>\n<!-- \/ Yoast SEO plugin. -->","yoast_head_json":{"title":"El Air Force One falla al despegar y Trump tiene que cambiar de avi\u00f3n rumbo a Cumbre de Davos, en Suiza - Cuballama Noticias","description":"Fallo t\u00e9cnico obliga al Air Force One a regresar y reabre debate sobre una flota envejecida y los retrasos en su reemplazo.","robots":{"index":"index","follow":"follow","max-snippet":"max-snippet:-1","max-image-preview":"max-image-preview:large","max-video-preview":"max-video-preview:-1"},"canonical":"https:\/\/www.cuballama.com\/noticias\/el-air-force-one-falla-al-despegar-y-trump-tiene-que-cambiar-de-avion-rumbo-a-cumbre-de-davos-en-suiza\/","og_locale":"es_ES","og_type":"article","og_title":"El Air Force One falla al despegar y Trump tiene que cambiar de avi\u00f3n rumbo a Cumbre de Davos, en Suiza - Cuballama Noticias","og_description":"Fallo t\u00e9cnico obliga al Air Force One a regresar y reabre debate sobre una flota envejecida y los retrasos en su reemplazo.","og_url":"https:\/\/www.cuballama.com\/noticias\/el-air-force-one-falla-al-despegar-y-trump-tiene-que-cambiar-de-avion-rumbo-a-cumbre-de-davos-en-suiza\/","og_site_name":"Cuballama Noticias","article_publisher":"https:\/\/www.facebook.com\/CubaLlama","article_published_time":"2026-01-21T14:38:38+00:00","article_modified_time":"2026-01-21T14:38:42+00:00","og_image":[{"width":1200,"height":630,"url":"https:\/\/cdn1.mediawpaccore.net\/wp-content\/uploads\/2026\/01\/21072039\/Air_Force_One_on_the_ground-e1768998116655.jpg","type":"image\/jpeg"}],"author":"Roberto A.","twitter_card":"summary_large_image","twitter_creator":"@cuballama","twitter_site":"@cuballama","twitter_misc":{"Escrito por":"Roberto A.","Tiempo de lectura":"3 minutos"},"schema":{"@context":"https:\/\/schema.org","@graph":[{"@type":"Article","@id":"https:\/\/www.cuballama.com\/noticias\/el-air-force-one-falla-al-despegar-y-trump-tiene-que-cambiar-de-avion-rumbo-a-cumbre-de-davos-en-suiza\/#article","isPartOf":{"@id":"https:\/\/www.cuballama.com\/noticias\/el-air-force-one-falla-al-despegar-y-trump-tiene-que-cambiar-de-avion-rumbo-a-cumbre-de-davos-en-suiza\/"},"author":{"name":"Roberto A.","@id":"https:\/\/www.cuballama.com\/noticias\/#\/schema\/person\/a58502ed4146c8e9f83872e897c76cd2"},"headline":"El Air Force One falla al despegar y Trump tiene que cambiar de avi\u00f3n rumbo a Cumbre de Davos, en Suiza","datePublished":"2026-01-21T14:38:38+00:00","dateModified":"2026-01-21T14:38:42+00:00","mainEntityOfPage":{"@id":"https:\/\/www.cuballama.com\/noticias\/el-air-force-one-falla-al-despegar-y-trump-tiene-que-cambiar-de-avion-rumbo-a-cumbre-de-davos-en-suiza\/"},"wordCount":504,"commentCount":0,"publisher":{"@id":"https:\/\/www.cuballama.com\/noticias\/#organization"},"image":{"@id":"https:\/\/www.cuballama.com\/noticias\/el-air-force-one-falla-al-despegar-y-trump-tiene-que-cambiar-de-avion-rumbo-a-cumbre-de-davos-en-suiza\/#primaryimage"},"thumbnailUrl":"https:\/\/cdn1.mediawpaccore.net\/wp-content\/uploads\/2026\/01\/21072039\/Air_Force_One_on_the_ground-e1768998116655.jpg","keywords":["Air Force One","aviaci\u00f3n presidencial","Boeing","Casa Blanca","Davos","Donald Trump","Fuerza A\u00e9rea","Seguridad","Tecnolog\u00eda"],"articleSection":["Noticias","USA"],"inLanguage":"es","potentialAction":[{"@type":"CommentAction","name":"Comment","target":["https:\/\/www.cuballama.com\/noticias\/el-air-force-one-falla-al-despegar-y-trump-tiene-que-cambiar-de-avion-rumbo-a-cumbre-de-davos-en-suiza\/#respond"]}]},{"@type":"WebPage","@id":"https:\/\/www.cuballama.com\/noticias\/el-air-force-one-falla-al-despegar-y-trump-tiene-que-cambiar-de-avion-rumbo-a-cumbre-de-davos-en-suiza\/","url":"https:\/\/www.cuballama.com\/noticias\/el-air-force-one-falla-al-despegar-y-trump-tiene-que-cambiar-de-avion-rumbo-a-cumbre-de-davos-en-suiza\/","name":"El Air Force One falla al despegar y Trump tiene que cambiar de avi\u00f3n rumbo a Cumbre de Davos, en Suiza - Cuballama Noticias","isPartOf":{"@id":"https:\/\/www.cuballama.com\/noticias\/#website"},"primaryImageOfPage":{"@id":"https:\/\/www.cuballama.com\/noticias\/el-air-force-one-falla-al-despegar-y-trump-tiene-que-cambiar-de-avion-rumbo-a-cumbre-de-davos-en-suiza\/#primaryimage"},"image":{"@id":"https:\/\/www.cuballama.com\/noticias\/el-air-force-one-falla-al-despegar-y-trump-tiene-que-cambiar-de-avion-rumbo-a-cumbre-de-davos-en-suiza\/#primaryimage"},"thumbnailUrl":"https:\/\/cdn1.mediawpaccore.net\/wp-content\/uploads\/2026\/01\/21072039\/Air_Force_One_on_the_ground-e1768998116655.jpg","datePublished":"2026-01-21T14:38:38+00:00","dateModified":"2026-01-21T14:38:42+00:00","description":"Fallo t\u00e9cnico obliga al Air Force One a regresar y reabre debate sobre una flota envejecida y los retrasos en su reemplazo.","breadcrumb":{"@id":"https:\/\/www.cuballama.com\/noticias\/el-air-force-one-falla-al-despegar-y-trump-tiene-que-cambiar-de-avion-rumbo-a-cumbre-de-davos-en-suiza\/#breadcrumb"},"inLanguage":"es","potentialAction":[{"@type":"ReadAction","target":["https:\/\/www.cuballama.com\/noticias\/el-air-force-one-falla-al-despegar-y-trump-tiene-que-cambiar-de-avion-rumbo-a-cumbre-de-davos-en-suiza\/"]}]},{"@type":"ImageObject","inLanguage":"es","@id":"https:\/\/www.cuballama.com\/noticias\/el-air-force-one-falla-al-despegar-y-trump-tiene-que-cambiar-de-avion-rumbo-a-cumbre-de-davos-en-suiza\/#primaryimage","url":"https:\/\/cdn1.mediawpaccore.net\/wp-content\/uploads\/2026\/01\/21072039\/Air_Force_One_on_the_ground-e1768998116655.jpg","contentUrl":"https:\/\/cdn1.mediawpaccore.net\/wp-content\/uploads\/2026\/01\/21072039\/Air_Force_One_on_the_ground-e1768998116655.jpg","width":1200,"height":630,"caption":"Foto de Dominio p\u00fablico. Imagen producida por un miembro de la Fuerza A\u00e9rea de Estados Unidos en funciones oficiales (SSGT Alex Lloyd, USAF)."},{"@type":"BreadcrumbList","@id":"https:\/\/www.cuballama.com\/noticias\/el-air-force-one-falla-al-despegar-y-trump-tiene-que-cambiar-de-avion-rumbo-a-cumbre-de-davos-en-suiza\/#breadcrumb","itemListElement":[{"@type":"ListItem","position":1,"name":"Home","item":"https:\/\/www.cuballama.com\/noticias\/"},{"@type":"ListItem","position":2,"name":"El Air Force One falla al despegar y Trump tiene que cambiar de avi\u00f3n rumbo a Cumbre de Davos, en Suiza"}]},{"@type":"WebSite","@id":"https:\/\/www.cuballama.com\/noticias\/#website","url":"https:\/\/www.cuballama.com\/noticias\/","name":"Cuballama Noticias","description":"Medio digital sobre Cuba y el mundo","publisher":{"@id":"https:\/\/www.cuballama.com\/noticias\/#organization"},"potentialAction":[{"@type":"SearchAction","target":{"@type":"EntryPoint","urlTemplate":"https:\/\/www.cuballama.com\/noticias\/?s={search_term_string}"},"query-input":{"@type":"PropertyValueSpecification","valueRequired":true,"valueName":"search_term_string"}}],"inLanguage":"es"},{"@type":"Organization","@id":"https:\/\/www.cuballama.com\/noticias\/#organization","name":"Cuballama","url":"https:\/\/www.cuballama.com\/noticias\/","logo":{"@type":"ImageObject","inLanguage":"es","@id":"https:\/\/www.cuballama.com\/noticias\/#\/schema\/logo\/image\/","url":"https:\/\/cdn1.mediawpaccore.net\/wp-content\/uploads\/2021\/12\/28171206\/cbll-logo-color-sm.png","contentUrl":"https:\/\/cdn1.mediawpaccore.net\/wp-content\/uploads\/2021\/12\/28171206\/cbll-logo-color-sm.png","width":600,"height":133,"caption":"Cuballama"},"image":{"@id":"https:\/\/www.cuballama.com\/noticias\/#\/schema\/logo\/image\/"},"sameAs":["https:\/\/www.facebook.com\/CubaLlama","https:\/\/x.com\/cuballama","https:\/\/www.instagram.com\/stories\/cuballama_oficial\/","https:\/\/www.youtube.com\/channel\/UCKkFE-d_axENGZcrc4as0IA"]},{"@type":"Person","@id":"https:\/\/www.cuballama.com\/noticias\/#\/schema\/person\/a58502ed4146c8e9f83872e897c76cd2","name":"Roberto A.","description":"Roberto A. Periodista por decisi\u00f3n propia. Interesado en cualquier tema que me apasione y cada vez m\u00e1s comprometido con la verdad y la objetividad period\u00edstica. Graduado en La Habana hace ya muchos a\u00f1os, luego de una accidentada y polvorienta b\u00fasqueda de informaci\u00f3n sobre un tema in\u00e9dito. La Tesis, por cierto, desapareci\u00f3 de la biblioteca y no se conservan copias de la misma.","url":"https:\/\/www.cuballama.com\/noticias\/author\/roberto\/"}]}},"_links":{"self":[{"href":"https:\/\/www.cuballama.com\/noticias\/wp-json\/wp\/v2\/posts\/232866","targetHints":{"allow":["GET"]}}],"collection":[{"href":"https:\/\/www.cuballama.com\/noticias\/wp-json\/wp\/v2\/posts"}],"about":[{"href":"https:\/\/www.cuballama.com\/noticias\/wp-json\/wp\/v2\/types\/post"}],"author":[{"embeddable":true,"href":"https:\/\/www.cuballama.com\/noticias\/wp-json\/wp\/v2\/users\/13"}],"replies":[{"embeddable":true,"href":"https:\/\/www.cuballama.com\/noticias\/wp-json\/wp\/v2\/comments?post=232866"}],"version-history":[{"count":4,"href":"https:\/\/www.cuballama.com\/noticias\/wp-json\/wp\/v2\/posts\/232866\/revisions"}],"predecessor-version":[{"id":232870,"href":"https:\/\/www.cuballama.com\/noticias\/wp-json\/wp\/v2\/posts\/232866\/revisions\/232870"}],"wp:featuredmedia":[{"embeddable":true,"href":"https:\/\/www.cuballama.com\/noticias\/wp-json\/wp\/v2\/media\/232871"}],"wp:attachment":[{"href":"https:\/\/www.cuballama.com\/noticias\/wp-json\/wp\/v2\/media?parent=232866"}],"wp:term":[{"taxonomy":"category","embeddable":true,"href":"https:\/\/www.cuballama.com\/noticias\/wp-json\/wp\/v2\/categories?post=232866"},{"taxonomy":"post_tag","embeddable":true,"href":"https:\/\/www.cuballama.com\/noticias\/wp-json\/wp\/v2\/tags?post=232866"}],"curies":[{"name":"wp","href":"https:\/\/api.w.org\/{rel}","templated":true}]}}