{"id":232853,"date":"2026-01-23T13:56:08","date_gmt":"2026-01-23T18:56:08","guid":{"rendered":"https:\/\/www.cuballama.com\/noticias\/?p=232853"},"modified":"2026-01-23T13:56:10","modified_gmt":"2026-01-23T18:56:10","slug":"san-juan-y-martinez-dos-feminicidios-una-negacion-oficial-y-un-pueblo-entre-versiones-enfrentadas","status":"publish","type":"post","link":"https:\/\/www.cuballama.com\/noticias\/san-juan-y-martinez-dos-feminicidios-una-negacion-oficial-y-un-pueblo-entre-versiones-enfrentadas\/","title":{"rendered":"San Juan y Mart\u00ednez: dos feminicidios, una negaci\u00f3n oficial y un pueblo entre versiones enfrentadas"},"content":{"rendered":"\n<p>Dos cr\u00edmenes de violencia machista, feminicidios, sacudieron en cuesti\u00f3n de d\u00edas al municipio de San Juan y Mart\u00ednez, en Pinar del R\u00edo, y dejaron al descubierto, una vez m\u00e1s, el choque frontal entre los reportes ciudadanos, la verificaci\u00f3n de medios independientes y la versi\u00f3n oficial que intenta negar, diluir o reordenar los hechos. <\/p>\n\n\n\n<p>Las v\u00edctimas fueron identificadas como Yanicel Vald\u00e9s y Mileidys Due\u00f1as P\u00e9rez. Ambas hab\u00edan sido reportadas inicialmente como desaparecidas por sus familiares. D\u00edas despu\u00e9s, sus cuerpos fueron hallados sin vida. Los casos fueron dados a conocer por la p\u00e1gina <em><strong>Nio reportando un crimen<\/strong><\/em>, que fue la primera en difundir los hechos. Luego, supuestamente, CubaNet Noticias los confirm\u00f3 de manera independiente a partir de fuentes locales. <\/p>\n\n\n\n<p>En el caso de Yanicel Vald\u00e9s, conocida en su comunidad como \u201cLa rusa\u201d, los primeros reportes se\u00f1alan que fue asesinada por su pareja sentimental, desmembrada y enterrada en un basurero de San Juan y Mart\u00ednez. <\/p>\n\n\n\n<p><strong>noticia relacionada: <a href=\"https:\/\/www.cuballama.com\/noticias\/macabro-asesinato-en-pinar-del-rio-descuartizada-y-enterrada-en-un-vertedero\/\">Macabro asesinato en Pinar del R\u00edo: \u201cDescuartizada y enterrada en un vertedero\u201d<\/a><\/strong><\/p>\n\n\n\n<p>Pocos d\u00edas despu\u00e9s se conoci\u00f3 el asesinato de Mileidys Due\u00f1as P\u00e9rez, presuntamente a manos de su expareja, Lorenzo Eduardo Garc\u00eda Castro. El crimen habr\u00eda ocurrido en las afueras de la comunidad conocida como Obeso. Tambi\u00e9n ella hab\u00eda sido reportada como desaparecida antes de que se encontrara su cuerpo.<\/p>\n\n\n\n<p>El perfil de Facebook \u201cDe Pinar Soy\u201d, identificado por numerosos usuarios como administrado por el Ministerio del Interior, confirm\u00f3 uno de los cr\u00edmenes \u2014el de Mileidys\u2014 y asegur\u00f3 que el agresor se encuentra detenido y que confes\u00f3 los hechos. <\/p>\n\n\n\n<iframe loading=\"lazy\" src=\"https:\/\/www.facebook.com\/plugins\/post.php?href=https%3A%2F%2Fwww.facebook.com%2Fpermalink.php%3Fstory_fbid%3Dpfbid02j1rRNPJgXuYNgs5FsWKift6B3Tu4u7f8ckUfapr6x7yTZ4c7BYz1GN8xrHNX21yxl%26id%3D61552539211692&#038;show_text=true&#038;width=500\" width=\"500\" height=\"552\" style=\"border:none;overflow:hidden\" scrolling=\"no\" frameborder=\"0\" allowfullscreen=\"true\" allow=\"autoplay; clipboard-write; encrypted-media; picture-in-picture; web-share\"><\/iframe>\n\n\n\n<p>Sin embargo, en una publicaci\u00f3n posterior neg\u00f3 categ\u00f3ricamente la existencia del otro caso y calific\u00f3 como \u201cnoticias falsas\u201d los reportes sobre una mujer desmembrada en San Juan y Mart\u00ednez.<\/p>\n\n\n\n<p>Seg\u00fan esa p\u00e1gina, es \u201cfalso\u201d que se haya encontrado el cuerpo de una mujer conocida como \u201cLa rusa\u201d y \u201cfalso\u201d que en el municipio se hayan producido tres asesinatos en lo que va de a\u00f1o. Tambi\u00e9n neg\u00f3 que existan investigaciones abiertas por un segundo crimen.<\/p>\n\n\n\n<iframe loading=\"lazy\" src=\"https:\/\/www.facebook.com\/plugins\/post.php?href=https%3A%2F%2Fwww.facebook.com%2Fpermalink.php%3Fstory_fbid%3Dpfbid0795EGBEsjxARWuXonw8ngpfa5tjVvaaR1Xwd3dLYUprbJCL79PV7V6NpB44Whf6Kl%26id%3D61552539211692&#038;show_text=true&#038;width=500\" width=\"500\" height=\"812\" style=\"border:none;overflow:hidden\" scrolling=\"no\" frameborder=\"0\" allowfullscreen=\"true\" allow=\"autoplay; clipboard-write; encrypted-media; picture-in-picture; web-share\"><\/iframe>\n\n\n\n<p>Sin embargo, este hecho se conoce gracias a las publicaciones de su hija, Mirielis Vald\u00e9s Mart\u00ednez, quien hab\u00eda denunciado su desaparici\u00f3n en redes sociales. Entonces, \u00bfc\u00f3mo es que resulta falso? \u00bfO es falso lo del desmembramiento? Si solo fuera falso esto \u00faltimo, entonces no es fake news. Una vez m\u00e1s, la comunicaci\u00f3n oficial falla, adem\u00e1s de ser tard\u00eda porque, sale a luz solo y cuando es expuesta por el activismo independiente a partir de reportes ciudadanos.<\/p>\n\n\n\n<p>La reacci\u00f3n en los comentarios del perfil oficialista y \u00abmiliciano\u00bb fue inmediata y contradictoria. Mientras algunos agradecieron la \u201caclaraci\u00f3n\u201d, decenas de usuarios, la mayor\u00eda, \u2014residentes del municipio, vecinos y familiares\u2014 afirmaron que los hechos son reales y acusaron a la p\u00e1gina de intentar desviar la atenci\u00f3n y minimizar lo ocurrido. Otros relataron el impacto emocional que les ha provocado la circulaci\u00f3n de versiones opuestas, con familiares en crisis por no saber qu\u00e9 creer.<\/p>\n\n\n\n<p>En paralelo, los observatorios independientes de violencia de g\u00e9nero en Cuba volvieron a confirmar que estos casos no son aislados. En las dos primeras semanas de enero, el Observatorio de G\u00e9nero de la revista Alas Tensas (OGAT) y el Observatorio de Feminicidios Yo S\u00ed Te Creo en Cuba (YSTCC) verificaron al menos dos feminicidios en el pa\u00eds, adem\u00e1s de un intento y otro asesinato por motivos de g\u00e9nero.<\/p>\n\n\n\n<p>Durante 2025, ambas plataformas documentaron 48 feminicidios. Desde 2019, han verificado al menos 300, en un contexto marcado por la ausencia de estad\u00edsticas oficiales p\u00fablicas, la falta de una ley integral contra la violencia de g\u00e9nero, la inexistencia de refugios y protocolos de protecci\u00f3n, y la negativa estatal a tipificar el feminicidio en el C\u00f3digo Penal.<\/p>\n\n\n\n<p>Mientras los colectivos insisten en nombrar el problema por su nombre y en crear mecanismos de prevenci\u00f3n y protecci\u00f3n, las autoridades contin\u00faan sin ofrecer datos transparentes ni reconocer la dimensi\u00f3n real de la violencia machista en la isla. En San Juan y Mart\u00ednez, como en tantos otros puntos del pa\u00eds, el silencio institucional y la negaci\u00f3n oficial vuelven a chocar con la realidad que describen las familias, los vecinos y quienes viven all\u00ed.<\/p>\n\n\n\n<p><\/p>\n\n\n\n<p><br><\/p>\n","protected":false},"excerpt":{"rendered":"<p>Dos mujeres asesinadas en San Juan y Mart\u00ednez revelan el choque entre denuncias comunitarias, medios independientes y la negaci\u00f3n oficial.<\/p>\n","protected":false},"author":13,"featured_media":232856,"comment_status":"open","ping_status":"closed","sticky":false,"template":"","format":"standard","meta":{"_acf_changed":false,"footnotes":""},"categories":[18,955],"tags":[1064,11,13212,27228,13285,7552,4226,28226,27985,1503,729,29876,17069,28104],"class_list":{"0":"post-232853","1":"post","2":"type-post","3":"status-publish","4":"format-standard","5":"has-post-thumbnail","7":"category-noticias","8":"category-noticias-de-cuba","9":"tag-censura","10":"tag-cuba","11":"tag-cubanet","12":"tag-de-pinar-soy","13":"tag-desapariciones","14":"tag-feminicidios","15":"tag-minint","16":"tag-nio-reportando-un-crimen","17":"tag-ogat","18":"tag-pinar-del-rio","19":"tag-redes-sociales","20":"tag-san-juan-y-martinez","21":"tag-violencia-machista","22":"tag-yo-si-te-creo-en-cuba"},"acf":[],"yoast_head":"<!-- This site is optimized with the Yoast SEO plugin v27.5 - https:\/\/yoast.com\/product\/yoast-seo-wordpress\/ -->\n<title>San Juan y Mart\u00ednez: dos feminicidios, una negaci\u00f3n oficial y un pueblo entre versiones enfrentadas - Cuballama Noticias<\/title>\n<meta name=\"description\" content=\"Dos feminicidios en San Juan y Mart\u00ednez exponen choque entre reportes ciudadanos y versi\u00f3n oficial que niega los hechos.\" \/>\n<meta name=\"robots\" content=\"index, follow, max-snippet:-1, max-image-preview:large, max-video-preview:-1\" \/>\n<link rel=\"canonical\" href=\"https:\/\/www.cuballama.com\/noticias\/san-juan-y-martinez-dos-feminicidios-una-negacion-oficial-y-un-pueblo-entre-versiones-enfrentadas\/\" \/>\n<meta property=\"og:locale\" content=\"es_ES\" \/>\n<meta property=\"og:type\" content=\"article\" \/>\n<meta property=\"og:title\" content=\"San Juan y Mart\u00ednez: dos feminicidios, una negaci\u00f3n oficial y un pueblo entre versiones enfrentadas - Cuballama Noticias\" \/>\n<meta property=\"og:description\" content=\"Dos feminicidios en San Juan y Mart\u00ednez exponen choque entre reportes ciudadanos y versi\u00f3n oficial que niega los hechos.\" \/>\n<meta property=\"og:url\" content=\"https:\/\/www.cuballama.com\/noticias\/san-juan-y-martinez-dos-feminicidios-una-negacion-oficial-y-un-pueblo-entre-versiones-enfrentadas\/\" \/>\n<meta property=\"og:site_name\" content=\"Cuballama Noticias\" \/>\n<meta property=\"article:publisher\" content=\"https:\/\/www.facebook.com\/CubaLlama\" \/>\n<meta property=\"article:published_time\" content=\"2026-01-23T18:56:08+00:00\" \/>\n<meta property=\"article:modified_time\" content=\"2026-01-23T18:56:10+00:00\" \/>\n<meta property=\"og:image\" content=\"https:\/\/cdn1.mediawpaccore.net\/wp-content\/uploads\/2026\/01\/21065154\/image-103.png\" \/>\n\t<meta property=\"og:image:width\" content=\"1972\" \/>\n\t<meta property=\"og:image:height\" content=\"1036\" \/>\n\t<meta property=\"og:image:type\" content=\"image\/png\" \/>\n<meta name=\"author\" content=\"Roberto A.\" \/>\n<meta name=\"twitter:card\" content=\"summary_large_image\" \/>\n<meta name=\"twitter:creator\" content=\"@cuballama\" \/>\n<meta name=\"twitter:site\" content=\"@cuballama\" \/>\n<meta name=\"twitter:label1\" content=\"Escrito por\" \/>\n\t<meta name=\"twitter:data1\" content=\"Roberto A.\" \/>\n\t<meta name=\"twitter:label2\" content=\"Tiempo de lectura\" \/>\n\t<meta name=\"twitter:data2\" content=\"4 minutos\" \/>\n<script type=\"application\/ld+json\" class=\"yoast-schema-graph\">{\"@context\":\"https:\\\/\\\/schema.org\",\"@graph\":[{\"@type\":\"Article\",\"@id\":\"https:\\\/\\\/www.cuballama.com\\\/noticias\\\/san-juan-y-martinez-dos-feminicidios-una-negacion-oficial-y-un-pueblo-entre-versiones-enfrentadas\\\/#article\",\"isPartOf\":{\"@id\":\"https:\\\/\\\/www.cuballama.com\\\/noticias\\\/san-juan-y-martinez-dos-feminicidios-una-negacion-oficial-y-un-pueblo-entre-versiones-enfrentadas\\\/\"},\"author\":{\"name\":\"Roberto A.\",\"@id\":\"https:\\\/\\\/www.cuballama.com\\\/noticias\\\/#\\\/schema\\\/person\\\/a58502ed4146c8e9f83872e897c76cd2\"},\"headline\":\"San Juan y Mart\u00ednez: dos feminicidios, una negaci\u00f3n oficial y un pueblo entre versiones enfrentadas\",\"datePublished\":\"2026-01-23T18:56:08+00:00\",\"dateModified\":\"2026-01-23T18:56:10+00:00\",\"mainEntityOfPage\":{\"@id\":\"https:\\\/\\\/www.cuballama.com\\\/noticias\\\/san-juan-y-martinez-dos-feminicidios-una-negacion-oficial-y-un-pueblo-entre-versiones-enfrentadas\\\/\"},\"wordCount\":754,\"commentCount\":0,\"publisher\":{\"@id\":\"https:\\\/\\\/www.cuballama.com\\\/noticias\\\/#organization\"},\"image\":{\"@id\":\"https:\\\/\\\/www.cuballama.com\\\/noticias\\\/san-juan-y-martinez-dos-feminicidios-una-negacion-oficial-y-un-pueblo-entre-versiones-enfrentadas\\\/#primaryimage\"},\"thumbnailUrl\":\"https:\\\/\\\/cdn1.mediawpaccore.net\\\/wp-content\\\/uploads\\\/2026\\\/01\\\/21065154\\\/image-103.png\",\"keywords\":[\"censura\",\"Cuba\",\"Cubanet\",\"De Pinar Soy\",\"desapariciones\",\"feminicidios\",\"MININT\",\"nio reportando un crimen\",\"OGAT\",\"Pinar del R\u00edo\",\"redes Sociales\",\"San Juan y Mart\u00ednez\",\"Violencia Machista\",\"Yo S\u00ed Te Creo en Cuba\"],\"articleSection\":[\"Noticias\",\"Noticias de Cuba\"],\"inLanguage\":\"es\",\"potentialAction\":[{\"@type\":\"CommentAction\",\"name\":\"Comment\",\"target\":[\"https:\\\/\\\/www.cuballama.com\\\/noticias\\\/san-juan-y-martinez-dos-feminicidios-una-negacion-oficial-y-un-pueblo-entre-versiones-enfrentadas\\\/#respond\"]}]},{\"@type\":\"WebPage\",\"@id\":\"https:\\\/\\\/www.cuballama.com\\\/noticias\\\/san-juan-y-martinez-dos-feminicidios-una-negacion-oficial-y-un-pueblo-entre-versiones-enfrentadas\\\/\",\"url\":\"https:\\\/\\\/www.cuballama.com\\\/noticias\\\/san-juan-y-martinez-dos-feminicidios-una-negacion-oficial-y-un-pueblo-entre-versiones-enfrentadas\\\/\",\"name\":\"San Juan y Mart\u00ednez: dos feminicidios, una negaci\u00f3n oficial y un pueblo entre versiones enfrentadas - Cuballama Noticias\",\"isPartOf\":{\"@id\":\"https:\\\/\\\/www.cuballama.com\\\/noticias\\\/#website\"},\"primaryImageOfPage\":{\"@id\":\"https:\\\/\\\/www.cuballama.com\\\/noticias\\\/san-juan-y-martinez-dos-feminicidios-una-negacion-oficial-y-un-pueblo-entre-versiones-enfrentadas\\\/#primaryimage\"},\"image\":{\"@id\":\"https:\\\/\\\/www.cuballama.com\\\/noticias\\\/san-juan-y-martinez-dos-feminicidios-una-negacion-oficial-y-un-pueblo-entre-versiones-enfrentadas\\\/#primaryimage\"},\"thumbnailUrl\":\"https:\\\/\\\/cdn1.mediawpaccore.net\\\/wp-content\\\/uploads\\\/2026\\\/01\\\/21065154\\\/image-103.png\",\"datePublished\":\"2026-01-23T18:56:08+00:00\",\"dateModified\":\"2026-01-23T18:56:10+00:00\",\"description\":\"Dos feminicidios en San Juan y Mart\u00ednez exponen choque entre reportes ciudadanos y versi\u00f3n oficial que niega los hechos.\",\"breadcrumb\":{\"@id\":\"https:\\\/\\\/www.cuballama.com\\\/noticias\\\/san-juan-y-martinez-dos-feminicidios-una-negacion-oficial-y-un-pueblo-entre-versiones-enfrentadas\\\/#breadcrumb\"},\"inLanguage\":\"es\",\"potentialAction\":[{\"@type\":\"ReadAction\",\"target\":[\"https:\\\/\\\/www.cuballama.com\\\/noticias\\\/san-juan-y-martinez-dos-feminicidios-una-negacion-oficial-y-un-pueblo-entre-versiones-enfrentadas\\\/\"]}]},{\"@type\":\"ImageObject\",\"inLanguage\":\"es\",\"@id\":\"https:\\\/\\\/www.cuballama.com\\\/noticias\\\/san-juan-y-martinez-dos-feminicidios-una-negacion-oficial-y-un-pueblo-entre-versiones-enfrentadas\\\/#primaryimage\",\"url\":\"https:\\\/\\\/cdn1.mediawpaccore.net\\\/wp-content\\\/uploads\\\/2026\\\/01\\\/21065154\\\/image-103.png\",\"contentUrl\":\"https:\\\/\\\/cdn1.mediawpaccore.net\\\/wp-content\\\/uploads\\\/2026\\\/01\\\/21065154\\\/image-103.png\",\"width\":1972,\"height\":1036,\"caption\":\"De izquierda a derecha: Yanicel Vald\u00e9s y Mileidys Due\u00f1as P\u00e9rez. Foto: Collage Cortes\u00eda de Niover Licea\"},{\"@type\":\"BreadcrumbList\",\"@id\":\"https:\\\/\\\/www.cuballama.com\\\/noticias\\\/san-juan-y-martinez-dos-feminicidios-una-negacion-oficial-y-un-pueblo-entre-versiones-enfrentadas\\\/#breadcrumb\",\"itemListElement\":[{\"@type\":\"ListItem\",\"position\":1,\"name\":\"Home\",\"item\":\"https:\\\/\\\/www.cuballama.com\\\/noticias\\\/\"},{\"@type\":\"ListItem\",\"position\":2,\"name\":\"San Juan y Mart\u00ednez: dos feminicidios, una negaci\u00f3n oficial y un pueblo entre versiones enfrentadas\"}]},{\"@type\":\"WebSite\",\"@id\":\"https:\\\/\\\/www.cuballama.com\\\/noticias\\\/#website\",\"url\":\"https:\\\/\\\/www.cuballama.com\\\/noticias\\\/\",\"name\":\"Cuballama Noticias\",\"description\":\"Medio digital sobre Cuba y el mundo\",\"publisher\":{\"@id\":\"https:\\\/\\\/www.cuballama.com\\\/noticias\\\/#organization\"},\"potentialAction\":[{\"@type\":\"SearchAction\",\"target\":{\"@type\":\"EntryPoint\",\"urlTemplate\":\"https:\\\/\\\/www.cuballama.com\\\/noticias\\\/?s={search_term_string}\"},\"query-input\":{\"@type\":\"PropertyValueSpecification\",\"valueRequired\":true,\"valueName\":\"search_term_string\"}}],\"inLanguage\":\"es\"},{\"@type\":\"Organization\",\"@id\":\"https:\\\/\\\/www.cuballama.com\\\/noticias\\\/#organization\",\"name\":\"Cuballama\",\"url\":\"https:\\\/\\\/www.cuballama.com\\\/noticias\\\/\",\"logo\":{\"@type\":\"ImageObject\",\"inLanguage\":\"es\",\"@id\":\"https:\\\/\\\/www.cuballama.com\\\/noticias\\\/#\\\/schema\\\/logo\\\/image\\\/\",\"url\":\"https:\\\/\\\/cdn1.mediawpaccore.net\\\/wp-content\\\/uploads\\\/2021\\\/12\\\/28171206\\\/cbll-logo-color-sm.png\",\"contentUrl\":\"https:\\\/\\\/cdn1.mediawpaccore.net\\\/wp-content\\\/uploads\\\/2021\\\/12\\\/28171206\\\/cbll-logo-color-sm.png\",\"width\":600,\"height\":133,\"caption\":\"Cuballama\"},\"image\":{\"@id\":\"https:\\\/\\\/www.cuballama.com\\\/noticias\\\/#\\\/schema\\\/logo\\\/image\\\/\"},\"sameAs\":[\"https:\\\/\\\/www.facebook.com\\\/CubaLlama\",\"https:\\\/\\\/x.com\\\/cuballama\",\"https:\\\/\\\/www.instagram.com\\\/stories\\\/cuballama_oficial\\\/\",\"https:\\\/\\\/www.youtube.com\\\/channel\\\/UCKkFE-d_axENGZcrc4as0IA\"]},{\"@type\":\"Person\",\"@id\":\"https:\\\/\\\/www.cuballama.com\\\/noticias\\\/#\\\/schema\\\/person\\\/a58502ed4146c8e9f83872e897c76cd2\",\"name\":\"Roberto A.\",\"description\":\"Roberto A. Periodista por decisi\u00f3n propia. Interesado en cualquier tema que me apasione y cada vez m\u00e1s comprometido con la verdad y la objetividad period\u00edstica. Graduado en La Habana hace ya muchos a\u00f1os, luego de una accidentada y polvorienta b\u00fasqueda de informaci\u00f3n sobre un tema in\u00e9dito. La Tesis, por cierto, desapareci\u00f3 de la biblioteca y no se conservan copias de la misma.\",\"url\":\"https:\\\/\\\/www.cuballama.com\\\/noticias\\\/author\\\/roberto\\\/\"}]}<\/script>\n<!-- \/ Yoast SEO plugin. -->","yoast_head_json":{"title":"San Juan y Mart\u00ednez: dos feminicidios, una negaci\u00f3n oficial y un pueblo entre versiones enfrentadas - Cuballama Noticias","description":"Dos feminicidios en San Juan y Mart\u00ednez exponen choque entre reportes ciudadanos y versi\u00f3n oficial que niega los hechos.","robots":{"index":"index","follow":"follow","max-snippet":"max-snippet:-1","max-image-preview":"max-image-preview:large","max-video-preview":"max-video-preview:-1"},"canonical":"https:\/\/www.cuballama.com\/noticias\/san-juan-y-martinez-dos-feminicidios-una-negacion-oficial-y-un-pueblo-entre-versiones-enfrentadas\/","og_locale":"es_ES","og_type":"article","og_title":"San Juan y Mart\u00ednez: dos feminicidios, una negaci\u00f3n oficial y un pueblo entre versiones enfrentadas - Cuballama Noticias","og_description":"Dos feminicidios en San Juan y Mart\u00ednez exponen choque entre reportes ciudadanos y versi\u00f3n oficial que niega los hechos.","og_url":"https:\/\/www.cuballama.com\/noticias\/san-juan-y-martinez-dos-feminicidios-una-negacion-oficial-y-un-pueblo-entre-versiones-enfrentadas\/","og_site_name":"Cuballama Noticias","article_publisher":"https:\/\/www.facebook.com\/CubaLlama","article_published_time":"2026-01-23T18:56:08+00:00","article_modified_time":"2026-01-23T18:56:10+00:00","og_image":[{"width":1972,"height":1036,"url":"https:\/\/cdn1.mediawpaccore.net\/wp-content\/uploads\/2026\/01\/21065154\/image-103.png","type":"image\/png"}],"author":"Roberto A.","twitter_card":"summary_large_image","twitter_creator":"@cuballama","twitter_site":"@cuballama","twitter_misc":{"Escrito por":"Roberto A.","Tiempo de lectura":"4 minutos"},"schema":{"@context":"https:\/\/schema.org","@graph":[{"@type":"Article","@id":"https:\/\/www.cuballama.com\/noticias\/san-juan-y-martinez-dos-feminicidios-una-negacion-oficial-y-un-pueblo-entre-versiones-enfrentadas\/#article","isPartOf":{"@id":"https:\/\/www.cuballama.com\/noticias\/san-juan-y-martinez-dos-feminicidios-una-negacion-oficial-y-un-pueblo-entre-versiones-enfrentadas\/"},"author":{"name":"Roberto A.","@id":"https:\/\/www.cuballama.com\/noticias\/#\/schema\/person\/a58502ed4146c8e9f83872e897c76cd2"},"headline":"San Juan y Mart\u00ednez: dos feminicidios, una negaci\u00f3n oficial y un pueblo entre versiones enfrentadas","datePublished":"2026-01-23T18:56:08+00:00","dateModified":"2026-01-23T18:56:10+00:00","mainEntityOfPage":{"@id":"https:\/\/www.cuballama.com\/noticias\/san-juan-y-martinez-dos-feminicidios-una-negacion-oficial-y-un-pueblo-entre-versiones-enfrentadas\/"},"wordCount":754,"commentCount":0,"publisher":{"@id":"https:\/\/www.cuballama.com\/noticias\/#organization"},"image":{"@id":"https:\/\/www.cuballama.com\/noticias\/san-juan-y-martinez-dos-feminicidios-una-negacion-oficial-y-un-pueblo-entre-versiones-enfrentadas\/#primaryimage"},"thumbnailUrl":"https:\/\/cdn1.mediawpaccore.net\/wp-content\/uploads\/2026\/01\/21065154\/image-103.png","keywords":["censura","Cuba","Cubanet","De Pinar Soy","desapariciones","feminicidios","MININT","nio reportando un crimen","OGAT","Pinar del R\u00edo","redes Sociales","San Juan y Mart\u00ednez","Violencia Machista","Yo S\u00ed Te Creo en Cuba"],"articleSection":["Noticias","Noticias de Cuba"],"inLanguage":"es","potentialAction":[{"@type":"CommentAction","name":"Comment","target":["https:\/\/www.cuballama.com\/noticias\/san-juan-y-martinez-dos-feminicidios-una-negacion-oficial-y-un-pueblo-entre-versiones-enfrentadas\/#respond"]}]},{"@type":"WebPage","@id":"https:\/\/www.cuballama.com\/noticias\/san-juan-y-martinez-dos-feminicidios-una-negacion-oficial-y-un-pueblo-entre-versiones-enfrentadas\/","url":"https:\/\/www.cuballama.com\/noticias\/san-juan-y-martinez-dos-feminicidios-una-negacion-oficial-y-un-pueblo-entre-versiones-enfrentadas\/","name":"San Juan y Mart\u00ednez: dos feminicidios, una negaci\u00f3n oficial y un pueblo entre versiones enfrentadas - Cuballama Noticias","isPartOf":{"@id":"https:\/\/www.cuballama.com\/noticias\/#website"},"primaryImageOfPage":{"@id":"https:\/\/www.cuballama.com\/noticias\/san-juan-y-martinez-dos-feminicidios-una-negacion-oficial-y-un-pueblo-entre-versiones-enfrentadas\/#primaryimage"},"image":{"@id":"https:\/\/www.cuballama.com\/noticias\/san-juan-y-martinez-dos-feminicidios-una-negacion-oficial-y-un-pueblo-entre-versiones-enfrentadas\/#primaryimage"},"thumbnailUrl":"https:\/\/cdn1.mediawpaccore.net\/wp-content\/uploads\/2026\/01\/21065154\/image-103.png","datePublished":"2026-01-23T18:56:08+00:00","dateModified":"2026-01-23T18:56:10+00:00","description":"Dos feminicidios en San Juan y Mart\u00ednez exponen choque entre reportes ciudadanos y versi\u00f3n oficial que niega los hechos.","breadcrumb":{"@id":"https:\/\/www.cuballama.com\/noticias\/san-juan-y-martinez-dos-feminicidios-una-negacion-oficial-y-un-pueblo-entre-versiones-enfrentadas\/#breadcrumb"},"inLanguage":"es","potentialAction":[{"@type":"ReadAction","target":["https:\/\/www.cuballama.com\/noticias\/san-juan-y-martinez-dos-feminicidios-una-negacion-oficial-y-un-pueblo-entre-versiones-enfrentadas\/"]}]},{"@type":"ImageObject","inLanguage":"es","@id":"https:\/\/www.cuballama.com\/noticias\/san-juan-y-martinez-dos-feminicidios-una-negacion-oficial-y-un-pueblo-entre-versiones-enfrentadas\/#primaryimage","url":"https:\/\/cdn1.mediawpaccore.net\/wp-content\/uploads\/2026\/01\/21065154\/image-103.png","contentUrl":"https:\/\/cdn1.mediawpaccore.net\/wp-content\/uploads\/2026\/01\/21065154\/image-103.png","width":1972,"height":1036,"caption":"De izquierda a derecha: Yanicel Vald\u00e9s y Mileidys Due\u00f1as P\u00e9rez. Foto: Collage Cortes\u00eda de Niover Licea"},{"@type":"BreadcrumbList","@id":"https:\/\/www.cuballama.com\/noticias\/san-juan-y-martinez-dos-feminicidios-una-negacion-oficial-y-un-pueblo-entre-versiones-enfrentadas\/#breadcrumb","itemListElement":[{"@type":"ListItem","position":1,"name":"Home","item":"https:\/\/www.cuballama.com\/noticias\/"},{"@type":"ListItem","position":2,"name":"San Juan y Mart\u00ednez: dos feminicidios, una negaci\u00f3n oficial y un pueblo entre versiones enfrentadas"}]},{"@type":"WebSite","@id":"https:\/\/www.cuballama.com\/noticias\/#website","url":"https:\/\/www.cuballama.com\/noticias\/","name":"Cuballama Noticias","description":"Medio digital sobre Cuba y el mundo","publisher":{"@id":"https:\/\/www.cuballama.com\/noticias\/#organization"},"potentialAction":[{"@type":"SearchAction","target":{"@type":"EntryPoint","urlTemplate":"https:\/\/www.cuballama.com\/noticias\/?s={search_term_string}"},"query-input":{"@type":"PropertyValueSpecification","valueRequired":true,"valueName":"search_term_string"}}],"inLanguage":"es"},{"@type":"Organization","@id":"https:\/\/www.cuballama.com\/noticias\/#organization","name":"Cuballama","url":"https:\/\/www.cuballama.com\/noticias\/","logo":{"@type":"ImageObject","inLanguage":"es","@id":"https:\/\/www.cuballama.com\/noticias\/#\/schema\/logo\/image\/","url":"https:\/\/cdn1.mediawpaccore.net\/wp-content\/uploads\/2021\/12\/28171206\/cbll-logo-color-sm.png","contentUrl":"https:\/\/cdn1.mediawpaccore.net\/wp-content\/uploads\/2021\/12\/28171206\/cbll-logo-color-sm.png","width":600,"height":133,"caption":"Cuballama"},"image":{"@id":"https:\/\/www.cuballama.com\/noticias\/#\/schema\/logo\/image\/"},"sameAs":["https:\/\/www.facebook.com\/CubaLlama","https:\/\/x.com\/cuballama","https:\/\/www.instagram.com\/stories\/cuballama_oficial\/","https:\/\/www.youtube.com\/channel\/UCKkFE-d_axENGZcrc4as0IA"]},{"@type":"Person","@id":"https:\/\/www.cuballama.com\/noticias\/#\/schema\/person\/a58502ed4146c8e9f83872e897c76cd2","name":"Roberto A.","description":"Roberto A. Periodista por decisi\u00f3n propia. Interesado en cualquier tema que me apasione y cada vez m\u00e1s comprometido con la verdad y la objetividad period\u00edstica. Graduado en La Habana hace ya muchos a\u00f1os, luego de una accidentada y polvorienta b\u00fasqueda de informaci\u00f3n sobre un tema in\u00e9dito. La Tesis, por cierto, desapareci\u00f3 de la biblioteca y no se conservan copias de la misma.","url":"https:\/\/www.cuballama.com\/noticias\/author\/roberto\/"}]}},"_links":{"self":[{"href":"https:\/\/www.cuballama.com\/noticias\/wp-json\/wp\/v2\/posts\/232853","targetHints":{"allow":["GET"]}}],"collection":[{"href":"https:\/\/www.cuballama.com\/noticias\/wp-json\/wp\/v2\/posts"}],"about":[{"href":"https:\/\/www.cuballama.com\/noticias\/wp-json\/wp\/v2\/types\/post"}],"author":[{"embeddable":true,"href":"https:\/\/www.cuballama.com\/noticias\/wp-json\/wp\/v2\/users\/13"}],"replies":[{"embeddable":true,"href":"https:\/\/www.cuballama.com\/noticias\/wp-json\/wp\/v2\/comments?post=232853"}],"version-history":[{"count":4,"href":"https:\/\/www.cuballama.com\/noticias\/wp-json\/wp\/v2\/posts\/232853\/revisions"}],"predecessor-version":[{"id":232858,"href":"https:\/\/www.cuballama.com\/noticias\/wp-json\/wp\/v2\/posts\/232853\/revisions\/232858"}],"wp:featuredmedia":[{"embeddable":true,"href":"https:\/\/www.cuballama.com\/noticias\/wp-json\/wp\/v2\/media\/232856"}],"wp:attachment":[{"href":"https:\/\/www.cuballama.com\/noticias\/wp-json\/wp\/v2\/media?parent=232853"}],"wp:term":[{"taxonomy":"category","embeddable":true,"href":"https:\/\/www.cuballama.com\/noticias\/wp-json\/wp\/v2\/categories?post=232853"},{"taxonomy":"post_tag","embeddable":true,"href":"https:\/\/www.cuballama.com\/noticias\/wp-json\/wp\/v2\/tags?post=232853"}],"curies":[{"name":"wp","href":"https:\/\/api.w.org\/{rel}","templated":true}]}}