{"id":232849,"date":"2026-01-21T09:33:04","date_gmt":"2026-01-21T14:33:04","guid":{"rendered":"https:\/\/www.cuballama.com\/noticias\/?p=232849"},"modified":"2026-01-21T09:33:09","modified_gmt":"2026-01-21T14:33:09","slug":"arrestan-a-cuatro-cubanos-en-florida-ice-los-califica-como-lo-peor-de-lo-peor","status":"publish","type":"post","link":"https:\/\/www.cuballama.com\/noticias\/arrestan-a-cuatro-cubanos-en-florida-ice-los-califica-como-lo-peor-de-lo-peor\/","title":{"rendered":"Arrestan a cuatro cubanos en Florida. ICE los califica como \u00ablo peor de lo peor\u00bb"},"content":{"rendered":"\n<p>Agentes del Servicio de Inmigraci\u00f3n y Control de Aduanas (ICE) arrestaron en distintos puntos de Florida a cuatro inmigrantes cubanos con extensos historiales criminales, incluidos tres condenados por homicidio y otro con m\u00faltiples cargos por delitos violentos. La informaci\u00f3n fue confirmada en exclusiva a Mart\u00ed Noticias por la propia agencia federal, que describi\u00f3 a los detenidos como parte de su lista prioritaria de \u201clos peores de los peores\u201d.<\/p>\n\n\n\n<p>Los arrestos se produjeron el 12 de enero en Hialeah, Miami y Hollywood, con la participaci\u00f3n de varias agencias federales, entre ellas la DEA, como parte de una operaci\u00f3n coordinada para localizar a inmigrantes con antecedentes considerados de alto riesgo para la seguridad p\u00fablica. <\/p>\n\n\n\n<p>Uno de los detenidos es Nelson Vladimir Gonz\u00e1lez Del Pino Rodr\u00edguez, condenado por asesinato en segundo grado, agresiones agravadas contra agentes del orden, resistencia violenta al arresto, fuga de custodia y varios casos de conducci\u00f3n bajo los efectos del alcohol. Cumpli\u00f3 una condena de 10 a\u00f1os por homicidio y agresi\u00f3n a un polic\u00eda y fue detenido en Hialeah por agentes de Investigaciones de Seguridad Nacional.<\/p>\n\n\n\n<p>Otro de los arrestados es Camilo Arg\u00fcelles Mendoza, sentenciado a 20 a\u00f1os por homicidio. A su historial se suman condenas por hurto y fraude que alcanzan 15 a\u00f1os, as\u00ed como agresi\u00f3n y resistencia a oficiales, con penas adicionales de cinco a\u00f1os. Fue capturado en Miami, tambi\u00e9n el 12 de enero.<\/p>\n\n\n\n<p>En Hollywood fue detenido Yuri Est\u00e9vez, con antecedentes por asesinato, intento de asesinato premeditado y portaci\u00f3n de arma oculta. De acuerdo con ICE, todos sus delitos est\u00e1n relacionados con violencia y armas de fuego. Cumpli\u00f3 al menos tres a\u00f1os de prisi\u00f3n por intento de homicidio.<\/p>\n\n\n\n<p>El cuarto arrestado es Iv\u00e1n Hern\u00e1ndez Montes, con un largo prontuario que incluye agresi\u00f3n agravada a un agente del orden, robo de veh\u00edculos, posesi\u00f3n de herramientas para cometer delitos, evasi\u00f3n, resistencia al arresto, uso de identidad falsa y obstrucci\u00f3n de la justicia.<\/p>\n\n\n\n<p>Durante una <a href=\"https:\/\/www.facebook.com\/100052165575426\/posts\/1448206330261539\/?rdid=Zji2cfqEtIPzCfUo#\" target=\"_blank\" rel=\"noreferrer noopener nofollow\">entrevista con Mart\u00ed Noticias<\/a>, el abogado Mayron Gallardo explic\u00f3 que estas personas no est\u00e1n siendo \u201ccastigadas dos veces\u201d. Las condenas penales corresponden a los cr\u00edmenes cometidos, pero en el plano migratorio esos delitos los convierten autom\u00e1ticamente en inadmisibles o deportables. Por ello, ICE puede ponerlos bajo custodia e iniciar su expulsi\u00f3n del pa\u00eds.<\/p>\n\n\n\n<iframe loading=\"lazy\" src=\"https:\/\/www.facebook.com\/plugins\/post.php?href=https%3A%2F%2Fwww.facebook.com%2FMarioJPenton%2Fposts%2Fpfbid066u6LWP4D7uTkQuFzhRGkEtijS4mXXpNDWYw1UP6kC7GmxQqoW4WCh6XGCFTp4z7l&#038;show_text=true&#038;width=500\" width=\"500\" height=\"500\" style=\"border:none;overflow:hidden\" scrolling=\"no\" frameborder=\"0\" allowfullscreen=\"true\" allow=\"autoplay; clipboard-write; encrypted-media; picture-in-picture; web-share\"><\/iframe>\n\n\n\n<p>Si alguno de ellos ya tiene una orden de deportaci\u00f3n activa, el gobierno puede proceder de inmediato. En caso contrario, ser\u00e1n sometidos a un proceso ante un juez de inmigraci\u00f3n. En ambos escenarios, las opciones de defensa son m\u00ednimas, ya que el homicidio y otros delitos graves limitan casi por completo el acceso a beneficios migratorios. La \u00fanica v\u00eda posible ser\u00eda una protecci\u00f3n bajo la Convenci\u00f3n Contra la Tortura, que exige probar un riesgo real si regresan a Cuba.<\/p>\n\n\n\n<p>Gallardo indic\u00f3 que, si Cuba no acepta recibirlos, Estados Unidos puede enviarlos a terceros pa\u00edses como M\u00e9xico, Ecuador o incluso naciones africanas con las que existan acuerdos. ICE asegur\u00f3 que estas detenciones reflejan su prioridad actual: concentrarse en inmigrantes con historiales criminales graves y reiterados.<\/p>\n\n\n\n<p>El mensaje, seg\u00fan las autoridades, es claro: quienes no son ciudadanos y cometen delitos violentos en Estados Unidos pierden cualquier posibilidad de permanecer en el pa\u00eds y ser\u00e1n removidos por representar una amenaza directa a la comunidad.<\/p>\n","protected":false},"excerpt":{"rendered":"<p>ICE arrest\u00f3 en Florida a cuatro cubanos con condenas por homicidio y otros delitos graves, a quienes calific\u00f3 como \u201clo peor de lo peor\u201d.<\/p>\n","protected":false},"author":13,"featured_media":232905,"comment_status":"open","ping_status":"closed","sticky":false,"template":"","format":"standard","meta":{"_acf_changed":false,"footnotes":""},"categories":[18,11024],"tags":[30162,92,691,314,1020,450,15325,2978,108,256,985,7651],"class_list":{"0":"post-232849","1":"post","2":"type-post","3":"status-publish","4":"format-standard","5":"has-post-thumbnail","7":"category-noticias","8":"category-noticias-de-miami","9":"tag-crimenes-violentos","10":"tag-cubanos","11":"tag-deportaciones","12":"tag-florida","13":"tag-hialeah","14":"tag-hollywood","15":"tag-homicidio","16":"tag-ice","17":"tag-inmigracion","18":"tag-miami","19":"tag-seguridad","20":"tag-trump"},"acf":[],"yoast_head":"<!-- This site is optimized with the Yoast SEO plugin v27.5 - https:\/\/yoast.com\/product\/yoast-seo-wordpress\/ -->\n<title>Arrestan a cuatro cubanos en Florida. ICE los califica como &quot;lo peor de lo peor&quot; - Cuballama Noticias<\/title>\n<meta name=\"description\" content=\"ICE arresta en Florida a cuatro cubanos con cr\u00edmenes violentos y anuncia deportaci\u00f3n a Cuba o a terceros pa\u00edses.\" \/>\n<meta name=\"robots\" content=\"index, follow, max-snippet:-1, max-image-preview:large, max-video-preview:-1\" \/>\n<link rel=\"canonical\" href=\"https:\/\/www.cuballama.com\/noticias\/arrestan-a-cuatro-cubanos-en-florida-ice-los-califica-como-lo-peor-de-lo-peor\/\" \/>\n<meta property=\"og:locale\" content=\"es_ES\" \/>\n<meta property=\"og:type\" content=\"article\" \/>\n<meta property=\"og:title\" content=\"Arrestan a cuatro cubanos en Florida. ICE los califica como &quot;lo peor de lo peor&quot; - Cuballama Noticias\" \/>\n<meta property=\"og:description\" content=\"ICE arresta en Florida a cuatro cubanos con cr\u00edmenes violentos y anuncia deportaci\u00f3n a Cuba o a terceros pa\u00edses.\" \/>\n<meta property=\"og:url\" content=\"https:\/\/www.cuballama.com\/noticias\/arrestan-a-cuatro-cubanos-en-florida-ice-los-califica-como-lo-peor-de-lo-peor\/\" \/>\n<meta property=\"og:site_name\" content=\"Cuballama Noticias\" \/>\n<meta property=\"article:publisher\" content=\"https:\/\/www.facebook.com\/CubaLlama\" \/>\n<meta property=\"article:published_time\" content=\"2026-01-21T14:33:04+00:00\" \/>\n<meta property=\"article:modified_time\" content=\"2026-01-21T14:33:09+00:00\" \/>\n<meta property=\"og:image\" content=\"https:\/\/cdn1.mediawpaccore.net\/wp-content\/uploads\/2026\/01\/21083003\/image-108.png\" \/>\n\t<meta property=\"og:image:width\" content=\"1962\" \/>\n\t<meta property=\"og:image:height\" content=\"1022\" \/>\n\t<meta property=\"og:image:type\" content=\"image\/png\" \/>\n<meta name=\"author\" content=\"Roberto A.\" \/>\n<meta name=\"twitter:card\" content=\"summary_large_image\" \/>\n<meta name=\"twitter:creator\" content=\"@cuballama\" \/>\n<meta name=\"twitter:site\" content=\"@cuballama\" \/>\n<meta name=\"twitter:label1\" content=\"Escrito por\" \/>\n\t<meta name=\"twitter:data1\" content=\"Roberto A.\" \/>\n\t<meta name=\"twitter:label2\" content=\"Tiempo de lectura\" \/>\n\t<meta name=\"twitter:data2\" content=\"3 minutos\" \/>\n<script type=\"application\/ld+json\" class=\"yoast-schema-graph\">{\"@context\":\"https:\\\/\\\/schema.org\",\"@graph\":[{\"@type\":\"Article\",\"@id\":\"https:\\\/\\\/www.cuballama.com\\\/noticias\\\/arrestan-a-cuatro-cubanos-en-florida-ice-los-califica-como-lo-peor-de-lo-peor\\\/#article\",\"isPartOf\":{\"@id\":\"https:\\\/\\\/www.cuballama.com\\\/noticias\\\/arrestan-a-cuatro-cubanos-en-florida-ice-los-califica-como-lo-peor-de-lo-peor\\\/\"},\"author\":{\"name\":\"Roberto A.\",\"@id\":\"https:\\\/\\\/www.cuballama.com\\\/noticias\\\/#\\\/schema\\\/person\\\/a58502ed4146c8e9f83872e897c76cd2\"},\"headline\":\"Arrestan a cuatro cubanos en Florida. ICE los califica como \u00ablo peor de lo peor\u00bb\",\"datePublished\":\"2026-01-21T14:33:04+00:00\",\"dateModified\":\"2026-01-21T14:33:09+00:00\",\"mainEntityOfPage\":{\"@id\":\"https:\\\/\\\/www.cuballama.com\\\/noticias\\\/arrestan-a-cuatro-cubanos-en-florida-ice-los-califica-como-lo-peor-de-lo-peor\\\/\"},\"wordCount\":588,\"commentCount\":0,\"publisher\":{\"@id\":\"https:\\\/\\\/www.cuballama.com\\\/noticias\\\/#organization\"},\"image\":{\"@id\":\"https:\\\/\\\/www.cuballama.com\\\/noticias\\\/arrestan-a-cuatro-cubanos-en-florida-ice-los-califica-como-lo-peor-de-lo-peor\\\/#primaryimage\"},\"thumbnailUrl\":\"https:\\\/\\\/cdn1.mediawpaccore.net\\\/wp-content\\\/uploads\\\/2026\\\/01\\\/21083003\\\/image-108.png\",\"keywords\":[\"cr\u00edmenes violentos\",\"cubanos\",\"Deportaciones\",\"Florida\",\"Hialeah\",\"Hollywood\",\"Homicidio\",\"ICE\",\"inmigraci\u00f3n\",\"Miami\",\"Seguridad\",\"Trump\"],\"articleSection\":[\"Noticias\",\"Noticias de Miami\"],\"inLanguage\":\"es\",\"potentialAction\":[{\"@type\":\"CommentAction\",\"name\":\"Comment\",\"target\":[\"https:\\\/\\\/www.cuballama.com\\\/noticias\\\/arrestan-a-cuatro-cubanos-en-florida-ice-los-califica-como-lo-peor-de-lo-peor\\\/#respond\"]}]},{\"@type\":\"WebPage\",\"@id\":\"https:\\\/\\\/www.cuballama.com\\\/noticias\\\/arrestan-a-cuatro-cubanos-en-florida-ice-los-califica-como-lo-peor-de-lo-peor\\\/\",\"url\":\"https:\\\/\\\/www.cuballama.com\\\/noticias\\\/arrestan-a-cuatro-cubanos-en-florida-ice-los-califica-como-lo-peor-de-lo-peor\\\/\",\"name\":\"Arrestan a cuatro cubanos en Florida. ICE los califica como \\\"lo peor de lo peor\\\" - Cuballama Noticias\",\"isPartOf\":{\"@id\":\"https:\\\/\\\/www.cuballama.com\\\/noticias\\\/#website\"},\"primaryImageOfPage\":{\"@id\":\"https:\\\/\\\/www.cuballama.com\\\/noticias\\\/arrestan-a-cuatro-cubanos-en-florida-ice-los-califica-como-lo-peor-de-lo-peor\\\/#primaryimage\"},\"image\":{\"@id\":\"https:\\\/\\\/www.cuballama.com\\\/noticias\\\/arrestan-a-cuatro-cubanos-en-florida-ice-los-califica-como-lo-peor-de-lo-peor\\\/#primaryimage\"},\"thumbnailUrl\":\"https:\\\/\\\/cdn1.mediawpaccore.net\\\/wp-content\\\/uploads\\\/2026\\\/01\\\/21083003\\\/image-108.png\",\"datePublished\":\"2026-01-21T14:33:04+00:00\",\"dateModified\":\"2026-01-21T14:33:09+00:00\",\"description\":\"ICE arresta en Florida a cuatro cubanos con cr\u00edmenes violentos y anuncia deportaci\u00f3n a Cuba o a terceros pa\u00edses.\",\"breadcrumb\":{\"@id\":\"https:\\\/\\\/www.cuballama.com\\\/noticias\\\/arrestan-a-cuatro-cubanos-en-florida-ice-los-califica-como-lo-peor-de-lo-peor\\\/#breadcrumb\"},\"inLanguage\":\"es\",\"potentialAction\":[{\"@type\":\"ReadAction\",\"target\":[\"https:\\\/\\\/www.cuballama.com\\\/noticias\\\/arrestan-a-cuatro-cubanos-en-florida-ice-los-califica-como-lo-peor-de-lo-peor\\\/\"]}]},{\"@type\":\"ImageObject\",\"inLanguage\":\"es\",\"@id\":\"https:\\\/\\\/www.cuballama.com\\\/noticias\\\/arrestan-a-cuatro-cubanos-en-florida-ice-los-califica-como-lo-peor-de-lo-peor\\\/#primaryimage\",\"url\":\"https:\\\/\\\/cdn1.mediawpaccore.net\\\/wp-content\\\/uploads\\\/2026\\\/01\\\/21083003\\\/image-108.png\",\"contentUrl\":\"https:\\\/\\\/cdn1.mediawpaccore.net\\\/wp-content\\\/uploads\\\/2026\\\/01\\\/21083003\\\/image-108.png\",\"width\":1962,\"height\":1022,\"caption\":\"De izquierda a derecha: Nelson Vladimir Gonz\u00e1lez Del Pino Rodr\u00edguez, Iv\u00e1n Hern\u00e1ndez Montes, Camilo Arg\u00fcelles Mendoza y Yuri Est\u00e9vez. Foto: V\u00eda ICE \\\/ Cortes\u00eda de Mario J. Pent\u00f3n (video)\"},{\"@type\":\"BreadcrumbList\",\"@id\":\"https:\\\/\\\/www.cuballama.com\\\/noticias\\\/arrestan-a-cuatro-cubanos-en-florida-ice-los-califica-como-lo-peor-de-lo-peor\\\/#breadcrumb\",\"itemListElement\":[{\"@type\":\"ListItem\",\"position\":1,\"name\":\"Home\",\"item\":\"https:\\\/\\\/www.cuballama.com\\\/noticias\\\/\"},{\"@type\":\"ListItem\",\"position\":2,\"name\":\"Arrestan a cuatro cubanos en Florida. ICE los califica como \u00ablo peor de lo peor\u00bb\"}]},{\"@type\":\"WebSite\",\"@id\":\"https:\\\/\\\/www.cuballama.com\\\/noticias\\\/#website\",\"url\":\"https:\\\/\\\/www.cuballama.com\\\/noticias\\\/\",\"name\":\"Cuballama Noticias\",\"description\":\"Medio digital sobre Cuba y el mundo\",\"publisher\":{\"@id\":\"https:\\\/\\\/www.cuballama.com\\\/noticias\\\/#organization\"},\"potentialAction\":[{\"@type\":\"SearchAction\",\"target\":{\"@type\":\"EntryPoint\",\"urlTemplate\":\"https:\\\/\\\/www.cuballama.com\\\/noticias\\\/?s={search_term_string}\"},\"query-input\":{\"@type\":\"PropertyValueSpecification\",\"valueRequired\":true,\"valueName\":\"search_term_string\"}}],\"inLanguage\":\"es\"},{\"@type\":\"Organization\",\"@id\":\"https:\\\/\\\/www.cuballama.com\\\/noticias\\\/#organization\",\"name\":\"Cuballama\",\"url\":\"https:\\\/\\\/www.cuballama.com\\\/noticias\\\/\",\"logo\":{\"@type\":\"ImageObject\",\"inLanguage\":\"es\",\"@id\":\"https:\\\/\\\/www.cuballama.com\\\/noticias\\\/#\\\/schema\\\/logo\\\/image\\\/\",\"url\":\"https:\\\/\\\/cdn1.mediawpaccore.net\\\/wp-content\\\/uploads\\\/2021\\\/12\\\/28171206\\\/cbll-logo-color-sm.png\",\"contentUrl\":\"https:\\\/\\\/cdn1.mediawpaccore.net\\\/wp-content\\\/uploads\\\/2021\\\/12\\\/28171206\\\/cbll-logo-color-sm.png\",\"width\":600,\"height\":133,\"caption\":\"Cuballama\"},\"image\":{\"@id\":\"https:\\\/\\\/www.cuballama.com\\\/noticias\\\/#\\\/schema\\\/logo\\\/image\\\/\"},\"sameAs\":[\"https:\\\/\\\/www.facebook.com\\\/CubaLlama\",\"https:\\\/\\\/x.com\\\/cuballama\",\"https:\\\/\\\/www.instagram.com\\\/stories\\\/cuballama_oficial\\\/\",\"https:\\\/\\\/www.youtube.com\\\/channel\\\/UCKkFE-d_axENGZcrc4as0IA\"]},{\"@type\":\"Person\",\"@id\":\"https:\\\/\\\/www.cuballama.com\\\/noticias\\\/#\\\/schema\\\/person\\\/a58502ed4146c8e9f83872e897c76cd2\",\"name\":\"Roberto A.\",\"description\":\"Roberto A. Periodista por decisi\u00f3n propia. Interesado en cualquier tema que me apasione y cada vez m\u00e1s comprometido con la verdad y la objetividad period\u00edstica. Graduado en La Habana hace ya muchos a\u00f1os, luego de una accidentada y polvorienta b\u00fasqueda de informaci\u00f3n sobre un tema in\u00e9dito. La Tesis, por cierto, desapareci\u00f3 de la biblioteca y no se conservan copias de la misma.\",\"url\":\"https:\\\/\\\/www.cuballama.com\\\/noticias\\\/author\\\/roberto\\\/\"}]}<\/script>\n<!-- \/ Yoast SEO plugin. -->","yoast_head_json":{"title":"Arrestan a cuatro cubanos en Florida. ICE los califica como \"lo peor de lo peor\" - Cuballama Noticias","description":"ICE arresta en Florida a cuatro cubanos con cr\u00edmenes violentos y anuncia deportaci\u00f3n a Cuba o a terceros pa\u00edses.","robots":{"index":"index","follow":"follow","max-snippet":"max-snippet:-1","max-image-preview":"max-image-preview:large","max-video-preview":"max-video-preview:-1"},"canonical":"https:\/\/www.cuballama.com\/noticias\/arrestan-a-cuatro-cubanos-en-florida-ice-los-califica-como-lo-peor-de-lo-peor\/","og_locale":"es_ES","og_type":"article","og_title":"Arrestan a cuatro cubanos en Florida. ICE los califica como \"lo peor de lo peor\" - Cuballama Noticias","og_description":"ICE arresta en Florida a cuatro cubanos con cr\u00edmenes violentos y anuncia deportaci\u00f3n a Cuba o a terceros pa\u00edses.","og_url":"https:\/\/www.cuballama.com\/noticias\/arrestan-a-cuatro-cubanos-en-florida-ice-los-califica-como-lo-peor-de-lo-peor\/","og_site_name":"Cuballama Noticias","article_publisher":"https:\/\/www.facebook.com\/CubaLlama","article_published_time":"2026-01-21T14:33:04+00:00","article_modified_time":"2026-01-21T14:33:09+00:00","og_image":[{"width":1962,"height":1022,"url":"https:\/\/cdn1.mediawpaccore.net\/wp-content\/uploads\/2026\/01\/21083003\/image-108.png","type":"image\/png"}],"author":"Roberto A.","twitter_card":"summary_large_image","twitter_creator":"@cuballama","twitter_site":"@cuballama","twitter_misc":{"Escrito por":"Roberto A.","Tiempo de lectura":"3 minutos"},"schema":{"@context":"https:\/\/schema.org","@graph":[{"@type":"Article","@id":"https:\/\/www.cuballama.com\/noticias\/arrestan-a-cuatro-cubanos-en-florida-ice-los-califica-como-lo-peor-de-lo-peor\/#article","isPartOf":{"@id":"https:\/\/www.cuballama.com\/noticias\/arrestan-a-cuatro-cubanos-en-florida-ice-los-califica-como-lo-peor-de-lo-peor\/"},"author":{"name":"Roberto A.","@id":"https:\/\/www.cuballama.com\/noticias\/#\/schema\/person\/a58502ed4146c8e9f83872e897c76cd2"},"headline":"Arrestan a cuatro cubanos en Florida. ICE los califica como \u00ablo peor de lo peor\u00bb","datePublished":"2026-01-21T14:33:04+00:00","dateModified":"2026-01-21T14:33:09+00:00","mainEntityOfPage":{"@id":"https:\/\/www.cuballama.com\/noticias\/arrestan-a-cuatro-cubanos-en-florida-ice-los-califica-como-lo-peor-de-lo-peor\/"},"wordCount":588,"commentCount":0,"publisher":{"@id":"https:\/\/www.cuballama.com\/noticias\/#organization"},"image":{"@id":"https:\/\/www.cuballama.com\/noticias\/arrestan-a-cuatro-cubanos-en-florida-ice-los-califica-como-lo-peor-de-lo-peor\/#primaryimage"},"thumbnailUrl":"https:\/\/cdn1.mediawpaccore.net\/wp-content\/uploads\/2026\/01\/21083003\/image-108.png","keywords":["cr\u00edmenes violentos","cubanos","Deportaciones","Florida","Hialeah","Hollywood","Homicidio","ICE","inmigraci\u00f3n","Miami","Seguridad","Trump"],"articleSection":["Noticias","Noticias de Miami"],"inLanguage":"es","potentialAction":[{"@type":"CommentAction","name":"Comment","target":["https:\/\/www.cuballama.com\/noticias\/arrestan-a-cuatro-cubanos-en-florida-ice-los-califica-como-lo-peor-de-lo-peor\/#respond"]}]},{"@type":"WebPage","@id":"https:\/\/www.cuballama.com\/noticias\/arrestan-a-cuatro-cubanos-en-florida-ice-los-califica-como-lo-peor-de-lo-peor\/","url":"https:\/\/www.cuballama.com\/noticias\/arrestan-a-cuatro-cubanos-en-florida-ice-los-califica-como-lo-peor-de-lo-peor\/","name":"Arrestan a cuatro cubanos en Florida. ICE los califica como \"lo peor de lo peor\" - Cuballama Noticias","isPartOf":{"@id":"https:\/\/www.cuballama.com\/noticias\/#website"},"primaryImageOfPage":{"@id":"https:\/\/www.cuballama.com\/noticias\/arrestan-a-cuatro-cubanos-en-florida-ice-los-califica-como-lo-peor-de-lo-peor\/#primaryimage"},"image":{"@id":"https:\/\/www.cuballama.com\/noticias\/arrestan-a-cuatro-cubanos-en-florida-ice-los-califica-como-lo-peor-de-lo-peor\/#primaryimage"},"thumbnailUrl":"https:\/\/cdn1.mediawpaccore.net\/wp-content\/uploads\/2026\/01\/21083003\/image-108.png","datePublished":"2026-01-21T14:33:04+00:00","dateModified":"2026-01-21T14:33:09+00:00","description":"ICE arresta en Florida a cuatro cubanos con cr\u00edmenes violentos y anuncia deportaci\u00f3n a Cuba o a terceros pa\u00edses.","breadcrumb":{"@id":"https:\/\/www.cuballama.com\/noticias\/arrestan-a-cuatro-cubanos-en-florida-ice-los-califica-como-lo-peor-de-lo-peor\/#breadcrumb"},"inLanguage":"es","potentialAction":[{"@type":"ReadAction","target":["https:\/\/www.cuballama.com\/noticias\/arrestan-a-cuatro-cubanos-en-florida-ice-los-califica-como-lo-peor-de-lo-peor\/"]}]},{"@type":"ImageObject","inLanguage":"es","@id":"https:\/\/www.cuballama.com\/noticias\/arrestan-a-cuatro-cubanos-en-florida-ice-los-califica-como-lo-peor-de-lo-peor\/#primaryimage","url":"https:\/\/cdn1.mediawpaccore.net\/wp-content\/uploads\/2026\/01\/21083003\/image-108.png","contentUrl":"https:\/\/cdn1.mediawpaccore.net\/wp-content\/uploads\/2026\/01\/21083003\/image-108.png","width":1962,"height":1022,"caption":"De izquierda a derecha: Nelson Vladimir Gonz\u00e1lez Del Pino Rodr\u00edguez, Iv\u00e1n Hern\u00e1ndez Montes, Camilo Arg\u00fcelles Mendoza y Yuri Est\u00e9vez. Foto: V\u00eda ICE \/ Cortes\u00eda de Mario J. Pent\u00f3n (video)"},{"@type":"BreadcrumbList","@id":"https:\/\/www.cuballama.com\/noticias\/arrestan-a-cuatro-cubanos-en-florida-ice-los-califica-como-lo-peor-de-lo-peor\/#breadcrumb","itemListElement":[{"@type":"ListItem","position":1,"name":"Home","item":"https:\/\/www.cuballama.com\/noticias\/"},{"@type":"ListItem","position":2,"name":"Arrestan a cuatro cubanos en Florida. ICE los califica como \u00ablo peor de lo peor\u00bb"}]},{"@type":"WebSite","@id":"https:\/\/www.cuballama.com\/noticias\/#website","url":"https:\/\/www.cuballama.com\/noticias\/","name":"Cuballama Noticias","description":"Medio digital sobre Cuba y el mundo","publisher":{"@id":"https:\/\/www.cuballama.com\/noticias\/#organization"},"potentialAction":[{"@type":"SearchAction","target":{"@type":"EntryPoint","urlTemplate":"https:\/\/www.cuballama.com\/noticias\/?s={search_term_string}"},"query-input":{"@type":"PropertyValueSpecification","valueRequired":true,"valueName":"search_term_string"}}],"inLanguage":"es"},{"@type":"Organization","@id":"https:\/\/www.cuballama.com\/noticias\/#organization","name":"Cuballama","url":"https:\/\/www.cuballama.com\/noticias\/","logo":{"@type":"ImageObject","inLanguage":"es","@id":"https:\/\/www.cuballama.com\/noticias\/#\/schema\/logo\/image\/","url":"https:\/\/cdn1.mediawpaccore.net\/wp-content\/uploads\/2021\/12\/28171206\/cbll-logo-color-sm.png","contentUrl":"https:\/\/cdn1.mediawpaccore.net\/wp-content\/uploads\/2021\/12\/28171206\/cbll-logo-color-sm.png","width":600,"height":133,"caption":"Cuballama"},"image":{"@id":"https:\/\/www.cuballama.com\/noticias\/#\/schema\/logo\/image\/"},"sameAs":["https:\/\/www.facebook.com\/CubaLlama","https:\/\/x.com\/cuballama","https:\/\/www.instagram.com\/stories\/cuballama_oficial\/","https:\/\/www.youtube.com\/channel\/UCKkFE-d_axENGZcrc4as0IA"]},{"@type":"Person","@id":"https:\/\/www.cuballama.com\/noticias\/#\/schema\/person\/a58502ed4146c8e9f83872e897c76cd2","name":"Roberto A.","description":"Roberto A. Periodista por decisi\u00f3n propia. Interesado en cualquier tema que me apasione y cada vez m\u00e1s comprometido con la verdad y la objetividad period\u00edstica. Graduado en La Habana hace ya muchos a\u00f1os, luego de una accidentada y polvorienta b\u00fasqueda de informaci\u00f3n sobre un tema in\u00e9dito. La Tesis, por cierto, desapareci\u00f3 de la biblioteca y no se conservan copias de la misma.","url":"https:\/\/www.cuballama.com\/noticias\/author\/roberto\/"}]}},"_links":{"self":[{"href":"https:\/\/www.cuballama.com\/noticias\/wp-json\/wp\/v2\/posts\/232849","targetHints":{"allow":["GET"]}}],"collection":[{"href":"https:\/\/www.cuballama.com\/noticias\/wp-json\/wp\/v2\/posts"}],"about":[{"href":"https:\/\/www.cuballama.com\/noticias\/wp-json\/wp\/v2\/types\/post"}],"author":[{"embeddable":true,"href":"https:\/\/www.cuballama.com\/noticias\/wp-json\/wp\/v2\/users\/13"}],"replies":[{"embeddable":true,"href":"https:\/\/www.cuballama.com\/noticias\/wp-json\/wp\/v2\/comments?post=232849"}],"version-history":[{"count":5,"href":"https:\/\/www.cuballama.com\/noticias\/wp-json\/wp\/v2\/posts\/232849\/revisions"}],"predecessor-version":[{"id":232906,"href":"https:\/\/www.cuballama.com\/noticias\/wp-json\/wp\/v2\/posts\/232849\/revisions\/232906"}],"wp:featuredmedia":[{"embeddable":true,"href":"https:\/\/www.cuballama.com\/noticias\/wp-json\/wp\/v2\/media\/232905"}],"wp:attachment":[{"href":"https:\/\/www.cuballama.com\/noticias\/wp-json\/wp\/v2\/media?parent=232849"}],"wp:term":[{"taxonomy":"category","embeddable":true,"href":"https:\/\/www.cuballama.com\/noticias\/wp-json\/wp\/v2\/categories?post=232849"},{"taxonomy":"post_tag","embeddable":true,"href":"https:\/\/www.cuballama.com\/noticias\/wp-json\/wp\/v2\/tags?post=232849"}],"curies":[{"name":"wp","href":"https:\/\/api.w.org\/{rel}","templated":true}]}}