{"id":232845,"date":"2026-01-21T09:34:50","date_gmt":"2026-01-21T14:34:50","guid":{"rendered":"https:\/\/www.cuballama.com\/noticias\/?p=232845"},"modified":"2026-01-21T09:34:53","modified_gmt":"2026-01-21T14:34:53","slug":"reabren-cancha-de-futbol-en-ateneo-de-matanzas-donde-el-ano-pasado-murio-un-adolescente-tras-caerse-la-porteria","status":"publish","type":"post","link":"https:\/\/www.cuballama.com\/noticias\/reabren-cancha-de-futbol-en-ateneo-de-matanzas-donde-el-ano-pasado-murio-un-adolescente-tras-caerse-la-porteria\/","title":{"rendered":"Reabren cancha de f\u00fatbol en Ateneo de Matanzas, donde el a\u00f1o pasado muri\u00f3 un adolescente tras caerse la porter\u00eda"},"content":{"rendered":"\n<p>El Ateneo de Matanzas Aurelio Janet volvi\u00f3 a acoger f\u00fatbol competitivo esta semana con el arranque de un torneo Sub-13, una reapertura que ocurre meses despu\u00e9s de la muerte de Michel Alejandro Cruz Aguiar, el adolescente que falleci\u00f3 en agosto de 2025 cuando una porter\u00eda met\u00e1lica se desplom\u00f3 mientras jugaba en ese mismo terreno. La vuelta a la actividad, celebrada por la prensa local como impulso al f\u00fatbol de base, tambi\u00e9n reactiv\u00f3 en redes sociales el debate sobre la seguridad de las instalaciones deportivas y la responsabilidad institucional tras una tragedia que estremeci\u00f3 a la ciudad.<\/p>\n\n\n\n<p>Michel, conocido por amigos y vecinos como \u201cMichel\u00edn\u201d, ten\u00eda 16 a\u00f1os, seg\u00fan reportes publicados en aquel momento. <\/p>\n\n\n\n<p>Los testimonios recogidos por medios independientes se\u00f1alaron que la estructura cay\u00f3 de forma repentina e impact\u00f3 su cabeza, provoc\u00e1ndole la muerte en el acto. En Matanzas, contaban entonces, \u201cno se hablaba de otra cosa\u201d, y se denunciaba que el mal estado del \u00e1rea y los problemas con la porter\u00eda se hab\u00edan reportado con anterioridad sin que hubiera respuesta efectiva.<\/p>\n\n\n\n<p><strong>tal vez quieras leer: <a href=\"https:\/\/www.cuballama.com\/noticias\/menor-de-16-anos-muere-tras-caerle-encima-una-porteria-de-futbol-en-matanzas\" target=\"_blank\" rel=\"noreferrer noopener\">Adolescente de 16 a\u00f1os muere mientras jugaba futbol en Matanzas<\/a><\/strong><\/p>\n\n\n\n<p>En enero de 2026, el Ateneo reaparece como sede inicial de una competencia Sub-13 vinculada al proyecto \u201cNi\u00f1o por un Sue\u00f1o\u201d, impulsado por entrenadores y familias para sostener el f\u00fatbol infantil en un contexto de carencias materiales. El torneo, que seg\u00fan estas fuentes prev\u00e9 extenderse a otros territorios del occidente, arranc\u00f3 con Matanzas como anfitriona y con un formato de competencia que se prolongar\u00e1 hasta marzo.<\/p>\n\n\n\n<p>La reapertura, sin embargo, qued\u00f3 marcada por la memoria del accidente. <\/p>\n\n\n\n<p>En una <a href=\"https:\/\/www.facebook.com\/100068980696061\/posts\/1223764326599579\/?rdid=5dxuVJNpmXkOlazt#\" target=\"_blank\" rel=\"noreferrer noopener nofollow\">publicaci\u00f3n<\/a> que se ha compartido ampliamente, la p\u00e1gina \u201cDIAZ CANEL SIN GAO\u201d afirma que desde la muerte de Michel all\u00ed no se jugaba f\u00fatbol y que el regreso del torneo Sub-13 fue posible tras sustituir las porter\u00edas anteriores por otras \u201cnuevas y seguras\u201d, ancladas al suelo con una base de hormig\u00f3n armado, costeadas \u2014seg\u00fan ese relato\u2014 con recursos propios de padres y entrenadores.<\/p>\n\n\n\n<iframe loading=\"lazy\" src=\"https:\/\/www.facebook.com\/plugins\/post.php?href=https%3A%2F%2Fwww.facebook.com%2Fbyyanelimorales%2Fposts%2Fpfbid02UoXyxeZoCb4GsgdPtB1nfzHVPDWX5PfATfKry2MyyMiYNggDJvWznocxUnbQNMUil&#038;show_text=true&#038;width=500\" width=\"500\" height=\"582\" style=\"border:none;overflow:hidden\" scrolling=\"no\" frameborder=\"0\" allowfullscreen=\"true\" allow=\"autoplay; clipboard-write; encrypted-media; picture-in-picture; web-share\"><\/iframe>\n\n\n\n<p>Ese mismo post sostiene que, tras el fallecimiento, la direcci\u00f3n provincial de deportes habr\u00eda defendido que las porter\u00edas eran desarmables y seguras, y que el accidente se origin\u00f3 porque un muchacho se colg\u00f3 de la estructura; y remata con una acusaci\u00f3n: que el reemplazo actual desmentir\u00eda la versi\u00f3n oficial previa. <\/p>\n\n\n\n<p>Esas afirmaciones circulan como denuncia en redes sociales y no aportan, por s\u00ed mismas, documentos p\u00fablicos que permitan verificar qu\u00e9 se dijo oficialmente, pero s\u00ed retratan el malestar de una comunidad que interpreta la mejora material como una correcci\u00f3n tard\u00eda.<\/p>\n\n\n\n<p>En la cancha, mientras tanto, los ni\u00f1os volvieron a correr detr\u00e1s de la pelota donde el a\u00f1o pasado qued\u00f3 una muerte. Y esa coincidencia, por mucho que cambie la porter\u00eda, sigue siendo la noticia.<\/p>\n\n\n\n<p><strong>Te recomendamos leer:<a href=\"https:\/\/www.cuballama.com\/noticias\/maestra-de-joven-fallecido-tragicamente-en-campo-de-futbol-en-matanzas-lo-despide-en-las-redes\" target=\"_blank\" rel=\"noreferrer noopener\"> Maestra de joven fallecido tr\u00e1gicamente en campo de f\u00fatbol en Matanzas, lo despide en las redes<\/a><br><\/strong><br><\/p>\n","protected":false},"excerpt":{"rendered":"<p>El Ateneo de Matanzas reabri\u00f3 con un torneo Sub-13 meses despu\u00e9s de la muerte de Michel Cruz Aguiar, aplastado por una porter\u00eda en 2025.<\/p>\n","protected":false},"author":13,"featured_media":232898,"comment_status":"open","ping_status":"closed","sticky":false,"template":"","format":"standard","meta":{"_acf_changed":false,"footnotes":""},"categories":[18,955],"tags":[26600,138,2251,1816,30158,30161,5422,30160,30159],"class_list":{"0":"post-232845","1":"post","2":"type-post","3":"status-publish","4":"format-standard","5":"has-post-thumbnail","7":"category-noticias","8":"category-noticias-de-cuba","9":"tag-ateneo-aurelio-janet","10":"tag-futbol","11":"tag-inder","12":"tag-matanzas","13":"tag-michel-alejandro-cruz-aguiar","14":"tag-ninos-por-un-sueno","15":"tag-porteria","16":"tag-seguridad-deportiva","17":"tag-sub-13"},"acf":[],"yoast_head":"<!-- This site is optimized with the Yoast SEO plugin v27.5 - https:\/\/yoast.com\/product\/yoast-seo-wordpress\/ -->\n<title>Reabren cancha de f\u00fatbol en Ateneo de Matanzas, donde el a\u00f1o pasado muri\u00f3 un adolescente tras caerse la porter\u00eda - Cuballama Noticias<\/title>\n<meta name=\"description\" content=\"Reabren el Ateneo de Matanzas con torneo Sub-13 tras la muerte de Michel Cruz Aguiar por porter\u00eda ca\u00edda en 2025.\" \/>\n<meta name=\"robots\" content=\"index, follow, max-snippet:-1, max-image-preview:large, max-video-preview:-1\" \/>\n<link rel=\"canonical\" href=\"https:\/\/www.cuballama.com\/noticias\/reabren-cancha-de-futbol-en-ateneo-de-matanzas-donde-el-ano-pasado-murio-un-adolescente-tras-caerse-la-porteria\/\" \/>\n<meta property=\"og:locale\" content=\"es_ES\" \/>\n<meta property=\"og:type\" content=\"article\" \/>\n<meta property=\"og:title\" content=\"Reabren cancha de f\u00fatbol en Ateneo de Matanzas, donde el a\u00f1o pasado muri\u00f3 un adolescente tras caerse la porter\u00eda - Cuballama Noticias\" \/>\n<meta property=\"og:description\" content=\"Reabren el Ateneo de Matanzas con torneo Sub-13 tras la muerte de Michel Cruz Aguiar por porter\u00eda ca\u00edda en 2025.\" \/>\n<meta property=\"og:url\" content=\"https:\/\/www.cuballama.com\/noticias\/reabren-cancha-de-futbol-en-ateneo-de-matanzas-donde-el-ano-pasado-murio-un-adolescente-tras-caerse-la-porteria\/\" \/>\n<meta property=\"og:site_name\" content=\"Cuballama Noticias\" \/>\n<meta property=\"article:publisher\" content=\"https:\/\/www.facebook.com\/CubaLlama\" \/>\n<meta property=\"article:published_time\" content=\"2026-01-21T14:34:50+00:00\" \/>\n<meta property=\"article:modified_time\" content=\"2026-01-21T14:34:53+00:00\" \/>\n<meta property=\"og:image\" content=\"https:\/\/cdn1.mediawpaccore.net\/wp-content\/uploads\/2026\/01\/21081457\/image-107-1024x536.png\" \/>\n\t<meta property=\"og:image:width\" content=\"1024\" \/>\n\t<meta property=\"og:image:height\" content=\"536\" \/>\n\t<meta property=\"og:image:type\" content=\"image\/png\" \/>\n<meta name=\"author\" content=\"Roberto A.\" \/>\n<meta name=\"twitter:card\" content=\"summary_large_image\" \/>\n<meta name=\"twitter:creator\" content=\"@cuballama\" \/>\n<meta name=\"twitter:site\" content=\"@cuballama\" \/>\n<meta name=\"twitter:label1\" content=\"Escrito por\" \/>\n\t<meta name=\"twitter:data1\" content=\"Roberto A.\" \/>\n\t<meta name=\"twitter:label2\" content=\"Tiempo de lectura\" \/>\n\t<meta name=\"twitter:data2\" content=\"3 minutos\" \/>\n<script type=\"application\/ld+json\" class=\"yoast-schema-graph\">{\"@context\":\"https:\\\/\\\/schema.org\",\"@graph\":[{\"@type\":\"Article\",\"@id\":\"https:\\\/\\\/www.cuballama.com\\\/noticias\\\/reabren-cancha-de-futbol-en-ateneo-de-matanzas-donde-el-ano-pasado-murio-un-adolescente-tras-caerse-la-porteria\\\/#article\",\"isPartOf\":{\"@id\":\"https:\\\/\\\/www.cuballama.com\\\/noticias\\\/reabren-cancha-de-futbol-en-ateneo-de-matanzas-donde-el-ano-pasado-murio-un-adolescente-tras-caerse-la-porteria\\\/\"},\"author\":{\"name\":\"Roberto A.\",\"@id\":\"https:\\\/\\\/www.cuballama.com\\\/noticias\\\/#\\\/schema\\\/person\\\/a58502ed4146c8e9f83872e897c76cd2\"},\"headline\":\"Reabren cancha de f\u00fatbol en Ateneo de Matanzas, donde el a\u00f1o pasado muri\u00f3 un adolescente tras caerse la porter\u00eda\",\"datePublished\":\"2026-01-21T14:34:50+00:00\",\"dateModified\":\"2026-01-21T14:34:53+00:00\",\"mainEntityOfPage\":{\"@id\":\"https:\\\/\\\/www.cuballama.com\\\/noticias\\\/reabren-cancha-de-futbol-en-ateneo-de-matanzas-donde-el-ano-pasado-murio-un-adolescente-tras-caerse-la-porteria\\\/\"},\"wordCount\":529,\"commentCount\":0,\"publisher\":{\"@id\":\"https:\\\/\\\/www.cuballama.com\\\/noticias\\\/#organization\"},\"image\":{\"@id\":\"https:\\\/\\\/www.cuballama.com\\\/noticias\\\/reabren-cancha-de-futbol-en-ateneo-de-matanzas-donde-el-ano-pasado-murio-un-adolescente-tras-caerse-la-porteria\\\/#primaryimage\"},\"thumbnailUrl\":\"https:\\\/\\\/cdn1.mediawpaccore.net\\\/wp-content\\\/uploads\\\/2026\\\/01\\\/21081457\\\/image-107.png\",\"keywords\":[\"ateneo aurelio janet\",\"f\u00fatbol\",\"INDER\",\"Matanzas\",\"Michel Alejandro Cruz Aguiar\",\"Ni\u00f1os por un Sue\u00f1o\",\"porter\u00eda\",\"seguridad deportiva\",\"Sub-13\"],\"articleSection\":[\"Noticias\",\"Noticias de Cuba\"],\"inLanguage\":\"es\",\"potentialAction\":[{\"@type\":\"CommentAction\",\"name\":\"Comment\",\"target\":[\"https:\\\/\\\/www.cuballama.com\\\/noticias\\\/reabren-cancha-de-futbol-en-ateneo-de-matanzas-donde-el-ano-pasado-murio-un-adolescente-tras-caerse-la-porteria\\\/#respond\"]}]},{\"@type\":\"WebPage\",\"@id\":\"https:\\\/\\\/www.cuballama.com\\\/noticias\\\/reabren-cancha-de-futbol-en-ateneo-de-matanzas-donde-el-ano-pasado-murio-un-adolescente-tras-caerse-la-porteria\\\/\",\"url\":\"https:\\\/\\\/www.cuballama.com\\\/noticias\\\/reabren-cancha-de-futbol-en-ateneo-de-matanzas-donde-el-ano-pasado-murio-un-adolescente-tras-caerse-la-porteria\\\/\",\"name\":\"Reabren cancha de f\u00fatbol en Ateneo de Matanzas, donde el a\u00f1o pasado muri\u00f3 un adolescente tras caerse la porter\u00eda - Cuballama Noticias\",\"isPartOf\":{\"@id\":\"https:\\\/\\\/www.cuballama.com\\\/noticias\\\/#website\"},\"primaryImageOfPage\":{\"@id\":\"https:\\\/\\\/www.cuballama.com\\\/noticias\\\/reabren-cancha-de-futbol-en-ateneo-de-matanzas-donde-el-ano-pasado-murio-un-adolescente-tras-caerse-la-porteria\\\/#primaryimage\"},\"image\":{\"@id\":\"https:\\\/\\\/www.cuballama.com\\\/noticias\\\/reabren-cancha-de-futbol-en-ateneo-de-matanzas-donde-el-ano-pasado-murio-un-adolescente-tras-caerse-la-porteria\\\/#primaryimage\"},\"thumbnailUrl\":\"https:\\\/\\\/cdn1.mediawpaccore.net\\\/wp-content\\\/uploads\\\/2026\\\/01\\\/21081457\\\/image-107.png\",\"datePublished\":\"2026-01-21T14:34:50+00:00\",\"dateModified\":\"2026-01-21T14:34:53+00:00\",\"description\":\"Reabren el Ateneo de Matanzas con torneo Sub-13 tras la muerte de Michel Cruz Aguiar por porter\u00eda ca\u00edda en 2025.\",\"breadcrumb\":{\"@id\":\"https:\\\/\\\/www.cuballama.com\\\/noticias\\\/reabren-cancha-de-futbol-en-ateneo-de-matanzas-donde-el-ano-pasado-murio-un-adolescente-tras-caerse-la-porteria\\\/#breadcrumb\"},\"inLanguage\":\"es\",\"potentialAction\":[{\"@type\":\"ReadAction\",\"target\":[\"https:\\\/\\\/www.cuballama.com\\\/noticias\\\/reabren-cancha-de-futbol-en-ateneo-de-matanzas-donde-el-ano-pasado-murio-un-adolescente-tras-caerse-la-porteria\\\/\"]}]},{\"@type\":\"ImageObject\",\"inLanguage\":\"es\",\"@id\":\"https:\\\/\\\/www.cuballama.com\\\/noticias\\\/reabren-cancha-de-futbol-en-ateneo-de-matanzas-donde-el-ano-pasado-murio-un-adolescente-tras-caerse-la-porteria\\\/#primaryimage\",\"url\":\"https:\\\/\\\/cdn1.mediawpaccore.net\\\/wp-content\\\/uploads\\\/2026\\\/01\\\/21081457\\\/image-107.png\",\"contentUrl\":\"https:\\\/\\\/cdn1.mediawpaccore.net\\\/wp-content\\\/uploads\\\/2026\\\/01\\\/21081457\\\/image-107.png\",\"width\":2040,\"height\":1068,\"caption\":\"Foto v\u00eda Redes Sociales \\\/ Facebook\"},{\"@type\":\"BreadcrumbList\",\"@id\":\"https:\\\/\\\/www.cuballama.com\\\/noticias\\\/reabren-cancha-de-futbol-en-ateneo-de-matanzas-donde-el-ano-pasado-murio-un-adolescente-tras-caerse-la-porteria\\\/#breadcrumb\",\"itemListElement\":[{\"@type\":\"ListItem\",\"position\":1,\"name\":\"Home\",\"item\":\"https:\\\/\\\/www.cuballama.com\\\/noticias\\\/\"},{\"@type\":\"ListItem\",\"position\":2,\"name\":\"Reabren cancha de f\u00fatbol en Ateneo de Matanzas, donde el a\u00f1o pasado muri\u00f3 un adolescente tras caerse la porter\u00eda\"}]},{\"@type\":\"WebSite\",\"@id\":\"https:\\\/\\\/www.cuballama.com\\\/noticias\\\/#website\",\"url\":\"https:\\\/\\\/www.cuballama.com\\\/noticias\\\/\",\"name\":\"Cuballama Noticias\",\"description\":\"Medio digital sobre Cuba y el mundo\",\"publisher\":{\"@id\":\"https:\\\/\\\/www.cuballama.com\\\/noticias\\\/#organization\"},\"potentialAction\":[{\"@type\":\"SearchAction\",\"target\":{\"@type\":\"EntryPoint\",\"urlTemplate\":\"https:\\\/\\\/www.cuballama.com\\\/noticias\\\/?s={search_term_string}\"},\"query-input\":{\"@type\":\"PropertyValueSpecification\",\"valueRequired\":true,\"valueName\":\"search_term_string\"}}],\"inLanguage\":\"es\"},{\"@type\":\"Organization\",\"@id\":\"https:\\\/\\\/www.cuballama.com\\\/noticias\\\/#organization\",\"name\":\"Cuballama\",\"url\":\"https:\\\/\\\/www.cuballama.com\\\/noticias\\\/\",\"logo\":{\"@type\":\"ImageObject\",\"inLanguage\":\"es\",\"@id\":\"https:\\\/\\\/www.cuballama.com\\\/noticias\\\/#\\\/schema\\\/logo\\\/image\\\/\",\"url\":\"https:\\\/\\\/cdn1.mediawpaccore.net\\\/wp-content\\\/uploads\\\/2021\\\/12\\\/28171206\\\/cbll-logo-color-sm.png\",\"contentUrl\":\"https:\\\/\\\/cdn1.mediawpaccore.net\\\/wp-content\\\/uploads\\\/2021\\\/12\\\/28171206\\\/cbll-logo-color-sm.png\",\"width\":600,\"height\":133,\"caption\":\"Cuballama\"},\"image\":{\"@id\":\"https:\\\/\\\/www.cuballama.com\\\/noticias\\\/#\\\/schema\\\/logo\\\/image\\\/\"},\"sameAs\":[\"https:\\\/\\\/www.facebook.com\\\/CubaLlama\",\"https:\\\/\\\/x.com\\\/cuballama\",\"https:\\\/\\\/www.instagram.com\\\/stories\\\/cuballama_oficial\\\/\",\"https:\\\/\\\/www.youtube.com\\\/channel\\\/UCKkFE-d_axENGZcrc4as0IA\"]},{\"@type\":\"Person\",\"@id\":\"https:\\\/\\\/www.cuballama.com\\\/noticias\\\/#\\\/schema\\\/person\\\/a58502ed4146c8e9f83872e897c76cd2\",\"name\":\"Roberto A.\",\"description\":\"Roberto A. Periodista por decisi\u00f3n propia. Interesado en cualquier tema que me apasione y cada vez m\u00e1s comprometido con la verdad y la objetividad period\u00edstica. Graduado en La Habana hace ya muchos a\u00f1os, luego de una accidentada y polvorienta b\u00fasqueda de informaci\u00f3n sobre un tema in\u00e9dito. La Tesis, por cierto, desapareci\u00f3 de la biblioteca y no se conservan copias de la misma.\",\"url\":\"https:\\\/\\\/www.cuballama.com\\\/noticias\\\/author\\\/roberto\\\/\"}]}<\/script>\n<!-- \/ Yoast SEO plugin. -->","yoast_head_json":{"title":"Reabren cancha de f\u00fatbol en Ateneo de Matanzas, donde el a\u00f1o pasado muri\u00f3 un adolescente tras caerse la porter\u00eda - Cuballama Noticias","description":"Reabren el Ateneo de Matanzas con torneo Sub-13 tras la muerte de Michel Cruz Aguiar por porter\u00eda ca\u00edda en 2025.","robots":{"index":"index","follow":"follow","max-snippet":"max-snippet:-1","max-image-preview":"max-image-preview:large","max-video-preview":"max-video-preview:-1"},"canonical":"https:\/\/www.cuballama.com\/noticias\/reabren-cancha-de-futbol-en-ateneo-de-matanzas-donde-el-ano-pasado-murio-un-adolescente-tras-caerse-la-porteria\/","og_locale":"es_ES","og_type":"article","og_title":"Reabren cancha de f\u00fatbol en Ateneo de Matanzas, donde el a\u00f1o pasado muri\u00f3 un adolescente tras caerse la porter\u00eda - Cuballama Noticias","og_description":"Reabren el Ateneo de Matanzas con torneo Sub-13 tras la muerte de Michel Cruz Aguiar por porter\u00eda ca\u00edda en 2025.","og_url":"https:\/\/www.cuballama.com\/noticias\/reabren-cancha-de-futbol-en-ateneo-de-matanzas-donde-el-ano-pasado-murio-un-adolescente-tras-caerse-la-porteria\/","og_site_name":"Cuballama Noticias","article_publisher":"https:\/\/www.facebook.com\/CubaLlama","article_published_time":"2026-01-21T14:34:50+00:00","article_modified_time":"2026-01-21T14:34:53+00:00","og_image":[{"width":1024,"height":536,"url":"https:\/\/cdn1.mediawpaccore.net\/wp-content\/uploads\/2026\/01\/21081457\/image-107-1024x536.png","type":"image\/png"}],"author":"Roberto A.","twitter_card":"summary_large_image","twitter_creator":"@cuballama","twitter_site":"@cuballama","twitter_misc":{"Escrito por":"Roberto A.","Tiempo de lectura":"3 minutos"},"schema":{"@context":"https:\/\/schema.org","@graph":[{"@type":"Article","@id":"https:\/\/www.cuballama.com\/noticias\/reabren-cancha-de-futbol-en-ateneo-de-matanzas-donde-el-ano-pasado-murio-un-adolescente-tras-caerse-la-porteria\/#article","isPartOf":{"@id":"https:\/\/www.cuballama.com\/noticias\/reabren-cancha-de-futbol-en-ateneo-de-matanzas-donde-el-ano-pasado-murio-un-adolescente-tras-caerse-la-porteria\/"},"author":{"name":"Roberto A.","@id":"https:\/\/www.cuballama.com\/noticias\/#\/schema\/person\/a58502ed4146c8e9f83872e897c76cd2"},"headline":"Reabren cancha de f\u00fatbol en Ateneo de Matanzas, donde el a\u00f1o pasado muri\u00f3 un adolescente tras caerse la porter\u00eda","datePublished":"2026-01-21T14:34:50+00:00","dateModified":"2026-01-21T14:34:53+00:00","mainEntityOfPage":{"@id":"https:\/\/www.cuballama.com\/noticias\/reabren-cancha-de-futbol-en-ateneo-de-matanzas-donde-el-ano-pasado-murio-un-adolescente-tras-caerse-la-porteria\/"},"wordCount":529,"commentCount":0,"publisher":{"@id":"https:\/\/www.cuballama.com\/noticias\/#organization"},"image":{"@id":"https:\/\/www.cuballama.com\/noticias\/reabren-cancha-de-futbol-en-ateneo-de-matanzas-donde-el-ano-pasado-murio-un-adolescente-tras-caerse-la-porteria\/#primaryimage"},"thumbnailUrl":"https:\/\/cdn1.mediawpaccore.net\/wp-content\/uploads\/2026\/01\/21081457\/image-107.png","keywords":["ateneo aurelio janet","f\u00fatbol","INDER","Matanzas","Michel Alejandro Cruz Aguiar","Ni\u00f1os por un Sue\u00f1o","porter\u00eda","seguridad deportiva","Sub-13"],"articleSection":["Noticias","Noticias de Cuba"],"inLanguage":"es","potentialAction":[{"@type":"CommentAction","name":"Comment","target":["https:\/\/www.cuballama.com\/noticias\/reabren-cancha-de-futbol-en-ateneo-de-matanzas-donde-el-ano-pasado-murio-un-adolescente-tras-caerse-la-porteria\/#respond"]}]},{"@type":"WebPage","@id":"https:\/\/www.cuballama.com\/noticias\/reabren-cancha-de-futbol-en-ateneo-de-matanzas-donde-el-ano-pasado-murio-un-adolescente-tras-caerse-la-porteria\/","url":"https:\/\/www.cuballama.com\/noticias\/reabren-cancha-de-futbol-en-ateneo-de-matanzas-donde-el-ano-pasado-murio-un-adolescente-tras-caerse-la-porteria\/","name":"Reabren cancha de f\u00fatbol en Ateneo de Matanzas, donde el a\u00f1o pasado muri\u00f3 un adolescente tras caerse la porter\u00eda - Cuballama Noticias","isPartOf":{"@id":"https:\/\/www.cuballama.com\/noticias\/#website"},"primaryImageOfPage":{"@id":"https:\/\/www.cuballama.com\/noticias\/reabren-cancha-de-futbol-en-ateneo-de-matanzas-donde-el-ano-pasado-murio-un-adolescente-tras-caerse-la-porteria\/#primaryimage"},"image":{"@id":"https:\/\/www.cuballama.com\/noticias\/reabren-cancha-de-futbol-en-ateneo-de-matanzas-donde-el-ano-pasado-murio-un-adolescente-tras-caerse-la-porteria\/#primaryimage"},"thumbnailUrl":"https:\/\/cdn1.mediawpaccore.net\/wp-content\/uploads\/2026\/01\/21081457\/image-107.png","datePublished":"2026-01-21T14:34:50+00:00","dateModified":"2026-01-21T14:34:53+00:00","description":"Reabren el Ateneo de Matanzas con torneo Sub-13 tras la muerte de Michel Cruz Aguiar por porter\u00eda ca\u00edda en 2025.","breadcrumb":{"@id":"https:\/\/www.cuballama.com\/noticias\/reabren-cancha-de-futbol-en-ateneo-de-matanzas-donde-el-ano-pasado-murio-un-adolescente-tras-caerse-la-porteria\/#breadcrumb"},"inLanguage":"es","potentialAction":[{"@type":"ReadAction","target":["https:\/\/www.cuballama.com\/noticias\/reabren-cancha-de-futbol-en-ateneo-de-matanzas-donde-el-ano-pasado-murio-un-adolescente-tras-caerse-la-porteria\/"]}]},{"@type":"ImageObject","inLanguage":"es","@id":"https:\/\/www.cuballama.com\/noticias\/reabren-cancha-de-futbol-en-ateneo-de-matanzas-donde-el-ano-pasado-murio-un-adolescente-tras-caerse-la-porteria\/#primaryimage","url":"https:\/\/cdn1.mediawpaccore.net\/wp-content\/uploads\/2026\/01\/21081457\/image-107.png","contentUrl":"https:\/\/cdn1.mediawpaccore.net\/wp-content\/uploads\/2026\/01\/21081457\/image-107.png","width":2040,"height":1068,"caption":"Foto v\u00eda Redes Sociales \/ Facebook"},{"@type":"BreadcrumbList","@id":"https:\/\/www.cuballama.com\/noticias\/reabren-cancha-de-futbol-en-ateneo-de-matanzas-donde-el-ano-pasado-murio-un-adolescente-tras-caerse-la-porteria\/#breadcrumb","itemListElement":[{"@type":"ListItem","position":1,"name":"Home","item":"https:\/\/www.cuballama.com\/noticias\/"},{"@type":"ListItem","position":2,"name":"Reabren cancha de f\u00fatbol en Ateneo de Matanzas, donde el a\u00f1o pasado muri\u00f3 un adolescente tras caerse la porter\u00eda"}]},{"@type":"WebSite","@id":"https:\/\/www.cuballama.com\/noticias\/#website","url":"https:\/\/www.cuballama.com\/noticias\/","name":"Cuballama Noticias","description":"Medio digital sobre Cuba y el mundo","publisher":{"@id":"https:\/\/www.cuballama.com\/noticias\/#organization"},"potentialAction":[{"@type":"SearchAction","target":{"@type":"EntryPoint","urlTemplate":"https:\/\/www.cuballama.com\/noticias\/?s={search_term_string}"},"query-input":{"@type":"PropertyValueSpecification","valueRequired":true,"valueName":"search_term_string"}}],"inLanguage":"es"},{"@type":"Organization","@id":"https:\/\/www.cuballama.com\/noticias\/#organization","name":"Cuballama","url":"https:\/\/www.cuballama.com\/noticias\/","logo":{"@type":"ImageObject","inLanguage":"es","@id":"https:\/\/www.cuballama.com\/noticias\/#\/schema\/logo\/image\/","url":"https:\/\/cdn1.mediawpaccore.net\/wp-content\/uploads\/2021\/12\/28171206\/cbll-logo-color-sm.png","contentUrl":"https:\/\/cdn1.mediawpaccore.net\/wp-content\/uploads\/2021\/12\/28171206\/cbll-logo-color-sm.png","width":600,"height":133,"caption":"Cuballama"},"image":{"@id":"https:\/\/www.cuballama.com\/noticias\/#\/schema\/logo\/image\/"},"sameAs":["https:\/\/www.facebook.com\/CubaLlama","https:\/\/x.com\/cuballama","https:\/\/www.instagram.com\/stories\/cuballama_oficial\/","https:\/\/www.youtube.com\/channel\/UCKkFE-d_axENGZcrc4as0IA"]},{"@type":"Person","@id":"https:\/\/www.cuballama.com\/noticias\/#\/schema\/person\/a58502ed4146c8e9f83872e897c76cd2","name":"Roberto A.","description":"Roberto A. Periodista por decisi\u00f3n propia. Interesado en cualquier tema que me apasione y cada vez m\u00e1s comprometido con la verdad y la objetividad period\u00edstica. Graduado en La Habana hace ya muchos a\u00f1os, luego de una accidentada y polvorienta b\u00fasqueda de informaci\u00f3n sobre un tema in\u00e9dito. La Tesis, por cierto, desapareci\u00f3 de la biblioteca y no se conservan copias de la misma.","url":"https:\/\/www.cuballama.com\/noticias\/author\/roberto\/"}]}},"_links":{"self":[{"href":"https:\/\/www.cuballama.com\/noticias\/wp-json\/wp\/v2\/posts\/232845","targetHints":{"allow":["GET"]}}],"collection":[{"href":"https:\/\/www.cuballama.com\/noticias\/wp-json\/wp\/v2\/posts"}],"about":[{"href":"https:\/\/www.cuballama.com\/noticias\/wp-json\/wp\/v2\/types\/post"}],"author":[{"embeddable":true,"href":"https:\/\/www.cuballama.com\/noticias\/wp-json\/wp\/v2\/users\/13"}],"replies":[{"embeddable":true,"href":"https:\/\/www.cuballama.com\/noticias\/wp-json\/wp\/v2\/comments?post=232845"}],"version-history":[{"count":5,"href":"https:\/\/www.cuballama.com\/noticias\/wp-json\/wp\/v2\/posts\/232845\/revisions"}],"predecessor-version":[{"id":232900,"href":"https:\/\/www.cuballama.com\/noticias\/wp-json\/wp\/v2\/posts\/232845\/revisions\/232900"}],"wp:featuredmedia":[{"embeddable":true,"href":"https:\/\/www.cuballama.com\/noticias\/wp-json\/wp\/v2\/media\/232898"}],"wp:attachment":[{"href":"https:\/\/www.cuballama.com\/noticias\/wp-json\/wp\/v2\/media?parent=232845"}],"wp:term":[{"taxonomy":"category","embeddable":true,"href":"https:\/\/www.cuballama.com\/noticias\/wp-json\/wp\/v2\/categories?post=232845"},{"taxonomy":"post_tag","embeddable":true,"href":"https:\/\/www.cuballama.com\/noticias\/wp-json\/wp\/v2\/tags?post=232845"}],"curies":[{"name":"wp","href":"https:\/\/api.w.org\/{rel}","templated":true}]}}