{"id":232839,"date":"2026-01-21T07:03:52","date_gmt":"2026-01-21T12:03:52","guid":{"rendered":"https:\/\/www.cuballama.com\/noticias\/?p=232839"},"modified":"2026-01-21T07:06:13","modified_gmt":"2026-01-21T12:06:13","slug":"cuba-ha-rechazado-la-entrada-de-ciudadanos-estadounidenses-en-las-ultimas-semanas","status":"publish","type":"post","link":"https:\/\/www.cuballama.com\/noticias\/cuba-ha-rechazado-la-entrada-de-ciudadanos-estadounidenses-en-las-ultimas-semanas\/","title":{"rendered":"Cuba ha rechazado la entrada de ciudadanos estadounidenses en las \u00faltimas semanas"},"content":{"rendered":"\n<p>La Embajada de Estados Unidos en La Habana advirti\u00f3 este martes que, en las \u00faltimas semanas, las autoridades de la isla han denegado la entrada a ciudadanos estadounidenses a su llegada a Cuba y\/o les han ordenado que abandonen el pa\u00eds de inmediato bajo amenaza de detenci\u00f3n.&nbsp;<\/p>\n\n\n\n<p>Seg\u00fan puntualiz\u00f3 la sede diplom\u00e1tica en un \u201cmensaje de rutina\u201d en redes sociales, la Embajada \u201cno puede dar soluci\u00f3n a ninguna cuesti\u00f3n relacionada con la entrada o la salida forzosa desde Cuba\u201d porque \u201cla Direcci\u00f3n de Inmigraci\u00f3n del r\u00e9gimen cubano determina qui\u00e9n entra en el pa\u00eds\u201d.<\/p>\n\n\n\n<p>No obstante, desde la sede de Washington en Cuba precisaron que, de producirse una detenci\u00f3n, los ciudadanos deben contactar a su secci\u00f3n de Servicios a Ciudadanos Estadounidenses.<\/p>\n\n\n\n<p>El aviso recomienda, adem\u00e1s, que los viajeros revisen <a href=\"https:\/\/travel.state.gov\/content\/travel.html?fbclid=IwY2xjawPdnflleHRuA2FlbQIxMABicmlkETFackI1QWE3SDNKMnZMYUNBc3J0YwZhcHBfaWQQMjIyMDM5MTc4ODIwMDg5MgABHnPAHh5XAXD6HXz3DXN3x5-CuZ7SPLKvwxtNY9PoXl6MQRknT0JLXxvGP9ki_aem_l9IQeXUgP6IgPbYtkZchrQ\">la informaci\u00f3n oficial del Departamento de Estado<\/a> sobre Cuba antes de viajar, lo que incluye avisos de viaje y requisitos de pasaporte y visado.<\/p>\n\n\n\n<iframe loading=\"lazy\" src=\"https:\/\/www.facebook.com\/plugins\/post.php?href=https%3A%2F%2Fwww.facebook.com%2FUSEmbCuba%2Fposts%2Fpfbid0AtWZzTH4HLYiL7UUZUMEh9ctsMV7bs34tUWws4TpNJ4p7KMGFmvcTfCJpZA7abRSl&#038;show_text=true&#038;width=500\" width=\"500\" height=\"452\" style=\"border:none;overflow:hidden\" scrolling=\"no\" frameborder=\"0\" allowfullscreen=\"true\" allow=\"autoplay; clipboard-write; encrypted-media; picture-in-picture; web-share\"><\/iframe>\n\n\n\n<p>En tal sentido, la Embajada record\u00f3 que los ciudadanos estadounidenses deben contar con un visado v\u00e1lido para entrar legalmente a la isla.<\/p>\n\n\n\n<p>Por otro lado, la sede diplom\u00e1tica llam\u00f3 la atenci\u00f3n sobre un grupo de art\u00edculos restringidos o prohibidos al ingresar a Cuba, entre los que se encuentran cigarrillos electr\u00f3nicos o vaporizadores, drones, tel\u00e9fonos satelitales, GPS u otros dispositivos similares.<\/p>\n\n\n\n<p>\u201cEl incumplimiento de las leyes cubanas de inmigraci\u00f3n y aduanas puede dar lugar a confiscaciones, sanciones severas o detenciones\u201d, destac\u00f3 el comunicado.\u00a0<\/p>\n\n\n\n<p>\u201cSi le detiene la polic\u00eda o un funcionario de inmigraci\u00f3n, mantenga la calma y siga todas las instrucciones. Sea cort\u00e9s y profesional. Permita que los funcionarios de frontera le registren, si es necesario\u201d, a\u00f1adi\u00f3.&nbsp;<\/p>\n\n\n\n<p>Sobre la misma cuerda, la Embajada inst\u00f3 a consultar las normas aduaneras cubanas vigentes y aconsej\u00f3 no viajar con m\u00e1s de 5.000 d\u00f3lares estadounidenses o 5.000 pesos cubanos y, en caso de hacerlo, declarar cualquier monto superior en la aduana.<\/p>\n\n\n\n<p>De igual manera, la Embajada recalc\u00f3 que, para asistencia consular, los ciudadanos pueden comunicarse al +(53) (7) 839-4100 o escribir a acshavana@state.gov.&nbsp;<\/p>\n\n\n\n<p>Por su parte, el Departamento de Estado reiter\u00f3 la importancia de inscribirse en el programa STEP (Smart Traveler Enrollment Program) para recibir actualizaciones de seguridad.<\/p>\n\n\n\n<p><\/p>\n","protected":false},"excerpt":{"rendered":"<p>La Embajada de Estados Unidos en La Habana recalc\u00f3 que las autoridades cubanas determinan qui\u00e9n puede entrar al pa\u00eds.<\/p>\n","protected":false},"author":30,"featured_media":220532,"comment_status":"open","ping_status":"closed","sticky":false,"template":"","format":"standard","meta":{"_acf_changed":false,"footnotes":""},"categories":[18,955],"tags":[23800,13299,3895,11017],"class_list":{"0":"post-232839","1":"post","2":"type-post","3":"status-publish","4":"format-standard","5":"has-post-thumbnail","7":"category-noticias","8":"category-noticias-de-cuba","9":"tag-ciudadanos-estadounidenses","10":"tag-entrada-a-cuba","11":"tag-gobierno-cubano","12":"tag-superdestacado"},"acf":[],"yoast_head":"<!-- This site is optimized with the Yoast SEO plugin v27.5 - https:\/\/yoast.com\/product\/yoast-seo-wordpress\/ -->\n<title>Cuba ha rechazado la entrada de ciudadanos estadounidenses en las \u00faltimas semanas - Cuballama Noticias<\/title>\n<meta name=\"description\" content=\"EE.UU. advirti\u00f3 que en las \u00faltimas semanas las autoridades de la isla han denegado la entrada a ciudadanos estadounidenses.\" \/>\n<meta name=\"robots\" content=\"index, follow, max-snippet:-1, max-image-preview:large, max-video-preview:-1\" \/>\n<link rel=\"canonical\" href=\"https:\/\/www.cuballama.com\/noticias\/cuba-ha-rechazado-la-entrada-de-ciudadanos-estadounidenses-en-las-ultimas-semanas\/\" \/>\n<meta property=\"og:locale\" content=\"es_ES\" \/>\n<meta property=\"og:type\" content=\"article\" \/>\n<meta property=\"og:title\" content=\"Cuba ha rechazado la entrada de ciudadanos estadounidenses en las \u00faltimas semanas - Cuballama Noticias\" \/>\n<meta property=\"og:description\" content=\"EE.UU. advirti\u00f3 que en las \u00faltimas semanas las autoridades de la isla han denegado la entrada a ciudadanos estadounidenses.\" \/>\n<meta property=\"og:url\" content=\"https:\/\/www.cuballama.com\/noticias\/cuba-ha-rechazado-la-entrada-de-ciudadanos-estadounidenses-en-las-ultimas-semanas\/\" \/>\n<meta property=\"og:site_name\" content=\"Cuballama Noticias\" \/>\n<meta property=\"article:publisher\" content=\"https:\/\/www.facebook.com\/CubaLlama\" \/>\n<meta property=\"article:published_time\" content=\"2026-01-21T12:03:52+00:00\" \/>\n<meta property=\"article:modified_time\" content=\"2026-01-21T12:06:13+00:00\" \/>\n<meta property=\"og:image\" content=\"https:\/\/cdn1.mediawpaccore.net\/wp-content\/uploads\/2025\/09\/23091707\/551003631_1262439565924454_2878811414104601445_n1.jpg\" \/>\n\t<meta property=\"og:image:width\" content=\"1200\" \/>\n\t<meta property=\"og:image:height\" content=\"630\" \/>\n\t<meta property=\"og:image:type\" content=\"image\/jpeg\" \/>\n<meta name=\"author\" content=\"Kathy\" \/>\n<meta name=\"twitter:card\" content=\"summary_large_image\" \/>\n<meta name=\"twitter:creator\" content=\"@cuballama\" \/>\n<meta name=\"twitter:site\" content=\"@cuballama\" \/>\n<meta name=\"twitter:label1\" content=\"Escrito por\" \/>\n\t<meta name=\"twitter:data1\" content=\"Kathy\" \/>\n\t<meta name=\"twitter:label2\" content=\"Tiempo de lectura\" \/>\n\t<meta name=\"twitter:data2\" content=\"2 minutos\" \/>\n<script type=\"application\/ld+json\" class=\"yoast-schema-graph\">{\"@context\":\"https:\\\/\\\/schema.org\",\"@graph\":[{\"@type\":\"Article\",\"@id\":\"https:\\\/\\\/www.cuballama.com\\\/noticias\\\/cuba-ha-rechazado-la-entrada-de-ciudadanos-estadounidenses-en-las-ultimas-semanas\\\/#article\",\"isPartOf\":{\"@id\":\"https:\\\/\\\/www.cuballama.com\\\/noticias\\\/cuba-ha-rechazado-la-entrada-de-ciudadanos-estadounidenses-en-las-ultimas-semanas\\\/\"},\"author\":{\"name\":\"Kathy\",\"@id\":\"https:\\\/\\\/www.cuballama.com\\\/noticias\\\/#\\\/schema\\\/person\\\/86cd3e3f4974437f031211213bf892d5\"},\"headline\":\"Cuba ha rechazado la entrada de ciudadanos estadounidenses en las \u00faltimas semanas\",\"datePublished\":\"2026-01-21T12:03:52+00:00\",\"dateModified\":\"2026-01-21T12:06:13+00:00\",\"mainEntityOfPage\":{\"@id\":\"https:\\\/\\\/www.cuballama.com\\\/noticias\\\/cuba-ha-rechazado-la-entrada-de-ciudadanos-estadounidenses-en-las-ultimas-semanas\\\/\"},\"wordCount\":397,\"commentCount\":0,\"publisher\":{\"@id\":\"https:\\\/\\\/www.cuballama.com\\\/noticias\\\/#organization\"},\"image\":{\"@id\":\"https:\\\/\\\/www.cuballama.com\\\/noticias\\\/cuba-ha-rechazado-la-entrada-de-ciudadanos-estadounidenses-en-las-ultimas-semanas\\\/#primaryimage\"},\"thumbnailUrl\":\"https:\\\/\\\/cdn1.mediawpaccore.net\\\/wp-content\\\/uploads\\\/2025\\\/09\\\/23091707\\\/551003631_1262439565924454_2878811414104601445_n1.jpg\",\"keywords\":[\"Ciudadanos Estadounidenses\",\"entrada a Cuba\",\"gobierno cubano\",\"superdestacado\"],\"articleSection\":[\"Noticias\",\"Noticias de Cuba\"],\"inLanguage\":\"es\",\"potentialAction\":[{\"@type\":\"CommentAction\",\"name\":\"Comment\",\"target\":[\"https:\\\/\\\/www.cuballama.com\\\/noticias\\\/cuba-ha-rechazado-la-entrada-de-ciudadanos-estadounidenses-en-las-ultimas-semanas\\\/#respond\"]}]},{\"@type\":\"WebPage\",\"@id\":\"https:\\\/\\\/www.cuballama.com\\\/noticias\\\/cuba-ha-rechazado-la-entrada-de-ciudadanos-estadounidenses-en-las-ultimas-semanas\\\/\",\"url\":\"https:\\\/\\\/www.cuballama.com\\\/noticias\\\/cuba-ha-rechazado-la-entrada-de-ciudadanos-estadounidenses-en-las-ultimas-semanas\\\/\",\"name\":\"Cuba ha rechazado la entrada de ciudadanos estadounidenses en las \u00faltimas semanas - Cuballama Noticias\",\"isPartOf\":{\"@id\":\"https:\\\/\\\/www.cuballama.com\\\/noticias\\\/#website\"},\"primaryImageOfPage\":{\"@id\":\"https:\\\/\\\/www.cuballama.com\\\/noticias\\\/cuba-ha-rechazado-la-entrada-de-ciudadanos-estadounidenses-en-las-ultimas-semanas\\\/#primaryimage\"},\"image\":{\"@id\":\"https:\\\/\\\/www.cuballama.com\\\/noticias\\\/cuba-ha-rechazado-la-entrada-de-ciudadanos-estadounidenses-en-las-ultimas-semanas\\\/#primaryimage\"},\"thumbnailUrl\":\"https:\\\/\\\/cdn1.mediawpaccore.net\\\/wp-content\\\/uploads\\\/2025\\\/09\\\/23091707\\\/551003631_1262439565924454_2878811414104601445_n1.jpg\",\"datePublished\":\"2026-01-21T12:03:52+00:00\",\"dateModified\":\"2026-01-21T12:06:13+00:00\",\"description\":\"EE.UU. advirti\u00f3 que en las \u00faltimas semanas las autoridades de la isla han denegado la entrada a ciudadanos estadounidenses.\",\"breadcrumb\":{\"@id\":\"https:\\\/\\\/www.cuballama.com\\\/noticias\\\/cuba-ha-rechazado-la-entrada-de-ciudadanos-estadounidenses-en-las-ultimas-semanas\\\/#breadcrumb\"},\"inLanguage\":\"es\",\"potentialAction\":[{\"@type\":\"ReadAction\",\"target\":[\"https:\\\/\\\/www.cuballama.com\\\/noticias\\\/cuba-ha-rechazado-la-entrada-de-ciudadanos-estadounidenses-en-las-ultimas-semanas\\\/\"]}]},{\"@type\":\"ImageObject\",\"inLanguage\":\"es\",\"@id\":\"https:\\\/\\\/www.cuballama.com\\\/noticias\\\/cuba-ha-rechazado-la-entrada-de-ciudadanos-estadounidenses-en-las-ultimas-semanas\\\/#primaryimage\",\"url\":\"https:\\\/\\\/cdn1.mediawpaccore.net\\\/wp-content\\\/uploads\\\/2025\\\/09\\\/23091707\\\/551003631_1262439565924454_2878811414104601445_n1.jpg\",\"contentUrl\":\"https:\\\/\\\/cdn1.mediawpaccore.net\\\/wp-content\\\/uploads\\\/2025\\\/09\\\/23091707\\\/551003631_1262439565924454_2878811414104601445_n1.jpg\",\"width\":1200,\"height\":630,\"caption\":\"Terminal 3 del Aeropuerto Internacional Jos\u00e9 Mart\u00ed de La Habana. Foto: Facebook\\\/Aeropuerto Internacional Jos\u00e9 Mart\u00ed.\"},{\"@type\":\"BreadcrumbList\",\"@id\":\"https:\\\/\\\/www.cuballama.com\\\/noticias\\\/cuba-ha-rechazado-la-entrada-de-ciudadanos-estadounidenses-en-las-ultimas-semanas\\\/#breadcrumb\",\"itemListElement\":[{\"@type\":\"ListItem\",\"position\":1,\"name\":\"Home\",\"item\":\"https:\\\/\\\/www.cuballama.com\\\/noticias\\\/\"},{\"@type\":\"ListItem\",\"position\":2,\"name\":\"Cuba ha rechazado la entrada de ciudadanos estadounidenses en las \u00faltimas semanas\"}]},{\"@type\":\"WebSite\",\"@id\":\"https:\\\/\\\/www.cuballama.com\\\/noticias\\\/#website\",\"url\":\"https:\\\/\\\/www.cuballama.com\\\/noticias\\\/\",\"name\":\"Cuballama Noticias\",\"description\":\"Medio digital sobre Cuba y el mundo\",\"publisher\":{\"@id\":\"https:\\\/\\\/www.cuballama.com\\\/noticias\\\/#organization\"},\"potentialAction\":[{\"@type\":\"SearchAction\",\"target\":{\"@type\":\"EntryPoint\",\"urlTemplate\":\"https:\\\/\\\/www.cuballama.com\\\/noticias\\\/?s={search_term_string}\"},\"query-input\":{\"@type\":\"PropertyValueSpecification\",\"valueRequired\":true,\"valueName\":\"search_term_string\"}}],\"inLanguage\":\"es\"},{\"@type\":\"Organization\",\"@id\":\"https:\\\/\\\/www.cuballama.com\\\/noticias\\\/#organization\",\"name\":\"Cuballama\",\"url\":\"https:\\\/\\\/www.cuballama.com\\\/noticias\\\/\",\"logo\":{\"@type\":\"ImageObject\",\"inLanguage\":\"es\",\"@id\":\"https:\\\/\\\/www.cuballama.com\\\/noticias\\\/#\\\/schema\\\/logo\\\/image\\\/\",\"url\":\"https:\\\/\\\/cdn1.mediawpaccore.net\\\/wp-content\\\/uploads\\\/2021\\\/12\\\/28171206\\\/cbll-logo-color-sm.png\",\"contentUrl\":\"https:\\\/\\\/cdn1.mediawpaccore.net\\\/wp-content\\\/uploads\\\/2021\\\/12\\\/28171206\\\/cbll-logo-color-sm.png\",\"width\":600,\"height\":133,\"caption\":\"Cuballama\"},\"image\":{\"@id\":\"https:\\\/\\\/www.cuballama.com\\\/noticias\\\/#\\\/schema\\\/logo\\\/image\\\/\"},\"sameAs\":[\"https:\\\/\\\/www.facebook.com\\\/CubaLlama\",\"https:\\\/\\\/x.com\\\/cuballama\",\"https:\\\/\\\/www.instagram.com\\\/stories\\\/cuballama_oficial\\\/\",\"https:\\\/\\\/www.youtube.com\\\/channel\\\/UCKkFE-d_axENGZcrc4as0IA\"]},{\"@type\":\"Person\",\"@id\":\"https:\\\/\\\/www.cuballama.com\\\/noticias\\\/#\\\/schema\\\/person\\\/86cd3e3f4974437f031211213bf892d5\",\"name\":\"Kathy\",\"url\":\"https:\\\/\\\/www.cuballama.com\\\/noticias\\\/author\\\/kathy\\\/\"}]}<\/script>\n<!-- \/ Yoast SEO plugin. -->","yoast_head_json":{"title":"Cuba ha rechazado la entrada de ciudadanos estadounidenses en las \u00faltimas semanas - Cuballama Noticias","description":"EE.UU. advirti\u00f3 que en las \u00faltimas semanas las autoridades de la isla han denegado la entrada a ciudadanos estadounidenses.","robots":{"index":"index","follow":"follow","max-snippet":"max-snippet:-1","max-image-preview":"max-image-preview:large","max-video-preview":"max-video-preview:-1"},"canonical":"https:\/\/www.cuballama.com\/noticias\/cuba-ha-rechazado-la-entrada-de-ciudadanos-estadounidenses-en-las-ultimas-semanas\/","og_locale":"es_ES","og_type":"article","og_title":"Cuba ha rechazado la entrada de ciudadanos estadounidenses en las \u00faltimas semanas - Cuballama Noticias","og_description":"EE.UU. advirti\u00f3 que en las \u00faltimas semanas las autoridades de la isla han denegado la entrada a ciudadanos estadounidenses.","og_url":"https:\/\/www.cuballama.com\/noticias\/cuba-ha-rechazado-la-entrada-de-ciudadanos-estadounidenses-en-las-ultimas-semanas\/","og_site_name":"Cuballama Noticias","article_publisher":"https:\/\/www.facebook.com\/CubaLlama","article_published_time":"2026-01-21T12:03:52+00:00","article_modified_time":"2026-01-21T12:06:13+00:00","og_image":[{"width":1200,"height":630,"url":"https:\/\/cdn1.mediawpaccore.net\/wp-content\/uploads\/2025\/09\/23091707\/551003631_1262439565924454_2878811414104601445_n1.jpg","type":"image\/jpeg"}],"author":"Kathy","twitter_card":"summary_large_image","twitter_creator":"@cuballama","twitter_site":"@cuballama","twitter_misc":{"Escrito por":"Kathy","Tiempo de lectura":"2 minutos"},"schema":{"@context":"https:\/\/schema.org","@graph":[{"@type":"Article","@id":"https:\/\/www.cuballama.com\/noticias\/cuba-ha-rechazado-la-entrada-de-ciudadanos-estadounidenses-en-las-ultimas-semanas\/#article","isPartOf":{"@id":"https:\/\/www.cuballama.com\/noticias\/cuba-ha-rechazado-la-entrada-de-ciudadanos-estadounidenses-en-las-ultimas-semanas\/"},"author":{"name":"Kathy","@id":"https:\/\/www.cuballama.com\/noticias\/#\/schema\/person\/86cd3e3f4974437f031211213bf892d5"},"headline":"Cuba ha rechazado la entrada de ciudadanos estadounidenses en las \u00faltimas semanas","datePublished":"2026-01-21T12:03:52+00:00","dateModified":"2026-01-21T12:06:13+00:00","mainEntityOfPage":{"@id":"https:\/\/www.cuballama.com\/noticias\/cuba-ha-rechazado-la-entrada-de-ciudadanos-estadounidenses-en-las-ultimas-semanas\/"},"wordCount":397,"commentCount":0,"publisher":{"@id":"https:\/\/www.cuballama.com\/noticias\/#organization"},"image":{"@id":"https:\/\/www.cuballama.com\/noticias\/cuba-ha-rechazado-la-entrada-de-ciudadanos-estadounidenses-en-las-ultimas-semanas\/#primaryimage"},"thumbnailUrl":"https:\/\/cdn1.mediawpaccore.net\/wp-content\/uploads\/2025\/09\/23091707\/551003631_1262439565924454_2878811414104601445_n1.jpg","keywords":["Ciudadanos Estadounidenses","entrada a Cuba","gobierno cubano","superdestacado"],"articleSection":["Noticias","Noticias de Cuba"],"inLanguage":"es","potentialAction":[{"@type":"CommentAction","name":"Comment","target":["https:\/\/www.cuballama.com\/noticias\/cuba-ha-rechazado-la-entrada-de-ciudadanos-estadounidenses-en-las-ultimas-semanas\/#respond"]}]},{"@type":"WebPage","@id":"https:\/\/www.cuballama.com\/noticias\/cuba-ha-rechazado-la-entrada-de-ciudadanos-estadounidenses-en-las-ultimas-semanas\/","url":"https:\/\/www.cuballama.com\/noticias\/cuba-ha-rechazado-la-entrada-de-ciudadanos-estadounidenses-en-las-ultimas-semanas\/","name":"Cuba ha rechazado la entrada de ciudadanos estadounidenses en las \u00faltimas semanas - Cuballama Noticias","isPartOf":{"@id":"https:\/\/www.cuballama.com\/noticias\/#website"},"primaryImageOfPage":{"@id":"https:\/\/www.cuballama.com\/noticias\/cuba-ha-rechazado-la-entrada-de-ciudadanos-estadounidenses-en-las-ultimas-semanas\/#primaryimage"},"image":{"@id":"https:\/\/www.cuballama.com\/noticias\/cuba-ha-rechazado-la-entrada-de-ciudadanos-estadounidenses-en-las-ultimas-semanas\/#primaryimage"},"thumbnailUrl":"https:\/\/cdn1.mediawpaccore.net\/wp-content\/uploads\/2025\/09\/23091707\/551003631_1262439565924454_2878811414104601445_n1.jpg","datePublished":"2026-01-21T12:03:52+00:00","dateModified":"2026-01-21T12:06:13+00:00","description":"EE.UU. advirti\u00f3 que en las \u00faltimas semanas las autoridades de la isla han denegado la entrada a ciudadanos estadounidenses.","breadcrumb":{"@id":"https:\/\/www.cuballama.com\/noticias\/cuba-ha-rechazado-la-entrada-de-ciudadanos-estadounidenses-en-las-ultimas-semanas\/#breadcrumb"},"inLanguage":"es","potentialAction":[{"@type":"ReadAction","target":["https:\/\/www.cuballama.com\/noticias\/cuba-ha-rechazado-la-entrada-de-ciudadanos-estadounidenses-en-las-ultimas-semanas\/"]}]},{"@type":"ImageObject","inLanguage":"es","@id":"https:\/\/www.cuballama.com\/noticias\/cuba-ha-rechazado-la-entrada-de-ciudadanos-estadounidenses-en-las-ultimas-semanas\/#primaryimage","url":"https:\/\/cdn1.mediawpaccore.net\/wp-content\/uploads\/2025\/09\/23091707\/551003631_1262439565924454_2878811414104601445_n1.jpg","contentUrl":"https:\/\/cdn1.mediawpaccore.net\/wp-content\/uploads\/2025\/09\/23091707\/551003631_1262439565924454_2878811414104601445_n1.jpg","width":1200,"height":630,"caption":"Terminal 3 del Aeropuerto Internacional Jos\u00e9 Mart\u00ed de La Habana. Foto: Facebook\/Aeropuerto Internacional Jos\u00e9 Mart\u00ed."},{"@type":"BreadcrumbList","@id":"https:\/\/www.cuballama.com\/noticias\/cuba-ha-rechazado-la-entrada-de-ciudadanos-estadounidenses-en-las-ultimas-semanas\/#breadcrumb","itemListElement":[{"@type":"ListItem","position":1,"name":"Home","item":"https:\/\/www.cuballama.com\/noticias\/"},{"@type":"ListItem","position":2,"name":"Cuba ha rechazado la entrada de ciudadanos estadounidenses en las \u00faltimas semanas"}]},{"@type":"WebSite","@id":"https:\/\/www.cuballama.com\/noticias\/#website","url":"https:\/\/www.cuballama.com\/noticias\/","name":"Cuballama Noticias","description":"Medio digital sobre Cuba y el mundo","publisher":{"@id":"https:\/\/www.cuballama.com\/noticias\/#organization"},"potentialAction":[{"@type":"SearchAction","target":{"@type":"EntryPoint","urlTemplate":"https:\/\/www.cuballama.com\/noticias\/?s={search_term_string}"},"query-input":{"@type":"PropertyValueSpecification","valueRequired":true,"valueName":"search_term_string"}}],"inLanguage":"es"},{"@type":"Organization","@id":"https:\/\/www.cuballama.com\/noticias\/#organization","name":"Cuballama","url":"https:\/\/www.cuballama.com\/noticias\/","logo":{"@type":"ImageObject","inLanguage":"es","@id":"https:\/\/www.cuballama.com\/noticias\/#\/schema\/logo\/image\/","url":"https:\/\/cdn1.mediawpaccore.net\/wp-content\/uploads\/2021\/12\/28171206\/cbll-logo-color-sm.png","contentUrl":"https:\/\/cdn1.mediawpaccore.net\/wp-content\/uploads\/2021\/12\/28171206\/cbll-logo-color-sm.png","width":600,"height":133,"caption":"Cuballama"},"image":{"@id":"https:\/\/www.cuballama.com\/noticias\/#\/schema\/logo\/image\/"},"sameAs":["https:\/\/www.facebook.com\/CubaLlama","https:\/\/x.com\/cuballama","https:\/\/www.instagram.com\/stories\/cuballama_oficial\/","https:\/\/www.youtube.com\/channel\/UCKkFE-d_axENGZcrc4as0IA"]},{"@type":"Person","@id":"https:\/\/www.cuballama.com\/noticias\/#\/schema\/person\/86cd3e3f4974437f031211213bf892d5","name":"Kathy","url":"https:\/\/www.cuballama.com\/noticias\/author\/kathy\/"}]}},"_links":{"self":[{"href":"https:\/\/www.cuballama.com\/noticias\/wp-json\/wp\/v2\/posts\/232839","targetHints":{"allow":["GET"]}}],"collection":[{"href":"https:\/\/www.cuballama.com\/noticias\/wp-json\/wp\/v2\/posts"}],"about":[{"href":"https:\/\/www.cuballama.com\/noticias\/wp-json\/wp\/v2\/types\/post"}],"author":[{"embeddable":true,"href":"https:\/\/www.cuballama.com\/noticias\/wp-json\/wp\/v2\/users\/30"}],"replies":[{"embeddable":true,"href":"https:\/\/www.cuballama.com\/noticias\/wp-json\/wp\/v2\/comments?post=232839"}],"version-history":[{"count":5,"href":"https:\/\/www.cuballama.com\/noticias\/wp-json\/wp\/v2\/posts\/232839\/revisions"}],"predecessor-version":[{"id":232862,"href":"https:\/\/www.cuballama.com\/noticias\/wp-json\/wp\/v2\/posts\/232839\/revisions\/232862"}],"wp:featuredmedia":[{"embeddable":true,"href":"https:\/\/www.cuballama.com\/noticias\/wp-json\/wp\/v2\/media\/220532"}],"wp:attachment":[{"href":"https:\/\/www.cuballama.com\/noticias\/wp-json\/wp\/v2\/media?parent=232839"}],"wp:term":[{"taxonomy":"category","embeddable":true,"href":"https:\/\/www.cuballama.com\/noticias\/wp-json\/wp\/v2\/categories?post=232839"},{"taxonomy":"post_tag","embeddable":true,"href":"https:\/\/www.cuballama.com\/noticias\/wp-json\/wp\/v2\/tags?post=232839"}],"curies":[{"name":"wp","href":"https:\/\/api.w.org\/{rel}","templated":true}]}}