{"id":232816,"date":"2026-01-21T11:05:58","date_gmt":"2026-01-21T16:05:58","guid":{"rendered":"https:\/\/www.cuballama.com\/noticias\/?p=232816"},"modified":"2026-01-21T11:06:02","modified_gmt":"2026-01-21T16:06:02","slug":"continua-la-dramatica-busqueda-de-boro-a-pie-y-de-noche-tras-ser-negado-uso-de-drones-en-zona-de-accidente-en-adamuz","status":"publish","type":"post","link":"https:\/\/www.cuballama.com\/noticias\/continua-la-dramatica-busqueda-de-boro-a-pie-y-de-noche-tras-ser-negado-uso-de-drones-en-zona-de-accidente-en-adamuz\/","title":{"rendered":"Contin\u00faa la dram\u00e1tica b\u00fasqueda de Boro a pie y de noche, tras ser negado uso de drones en zona de accidente en Adamuz"},"content":{"rendered":"\n<h2 class=\"wp-block-heading\">En medio de una zona inh\u00f3spita, alejada, entre matorrales, piedras y arena, grupos de voluntarios caminan kil\u00f3metros y kil\u00f3metros, buscando a Boro, porque la Guardia Civil les ha prohibido usar drones. <\/h2>\n\n\n\n<p>Boro, el perro que viajaba con Ana y Raquel en el tren Iryo accidentado en Adamuz (C\u00f3rdoba), segu\u00eda sin aparecer este mi\u00e9rcoles mientras familiares, voluntarios y colectivos animalistas intentan acotar su paradero en un entorno todav\u00eda condicionado por el per\u00edmetro de seguridad y por la investigaci\u00f3n judicial del siniestro. <\/p>\n\n\n\n<div style=\"position:relative; width:100%; height:0px; padding-bottom:177.778%\"><iframe loading=\"lazy\" allow=\"fullscreen\" allowfullscreen height=\"100%\" src=\"https:\/\/streamable.com\/e\/je58a0?\" width=\"100%\" style=\"border:none; width:100%; height:100%; position:absolute; left:0px; top:0px; overflow:hidden;\"><\/iframe><\/div>\n\n\n\n<p>En las \u00faltimas horas, el operativo ciudadano se ha reactivado con equipos llegados de distintos puntos y con coordinaci\u00f3n sobre el terreno para rastrear zonas de vegetaci\u00f3n y caminos cercanos a la v\u00eda, bajo la premisa de que el animal pudo huir desorientado tras el impacto y permanecer escondido por miedo.<\/p>\n\n\n\n<p>La b\u00fasqueda se ha convertido en un foco paralelo dentro de una tragedia mayor. <\/p>\n\n\n\n<p>Por un lado est\u00e1 el trabajo de la Guardia Civil y de los equipos t\u00e9cnicos en el lugar del accidente, con inspecciones en los vagones y recogida de evidencias para esclarecer lo ocurrido; por otro, la dimensi\u00f3n humana de una familia marcada por el golpe, con una de las hermanas en estado grave y la otra sosteniendo p\u00fablicamente el llamado para recuperar al perro, a la que se unido con especial denuedo la llamada <em><a href=\"https:\/\/www.instagram.com\/tribuanimalistaubuntu\/\" target=\"_blank\" rel=\"noreferrer noopener\">Tribu Animalista Ubuntu.<\/a><\/em> <\/p>\n\n\n\n<p> Esa mezcla de dolor y esperanza explica, en parte, que el caso haya escalado en redes y medios, alimentando tambi\u00e9n rumores y falsos avisos que los propios buscadores han intentado frenar.<\/p>\n\n\n\n<div style=\"position:relative; width:100%; height:0px; padding-bottom:177.778%\"><iframe loading=\"lazy\" allow=\"fullscreen\" allowfullscreen height=\"100%\" src=\"https:\/\/streamable.com\/e\/atxx1r?\" width=\"100%\" style=\"border:none; width:100%; height:100%; position:absolute; left:0px; top:0px; overflow:hidden;\"><\/iframe><\/div>\n\n\n\n<p>En ese contexto, uno de los puntos que m\u00e1s fricci\u00f3n ha generado entre voluntarios y autoridades es el uso de drones. Colectivos y grupos de apoyo han afirmado que la b\u00fasqueda se est\u00e1 realizando \u201cexclusivamente a pie\u201d porque el vuelo de drones estar\u00eda restringido en la zona, y atribuyen esa limitaci\u00f3n a decisiones operativas vinculadas al \u00e1rea acordonada y al trabajo de investigaci\u00f3n. <\/p>\n\n\n\n<div style=\"position:relative; width:100%; height:0px; padding-bottom:177.778%\"><iframe loading=\"lazy\" allow=\"fullscreen\" allowfullscreen height=\"100%\" src=\"https:\/\/streamable.com\/e\/o7tf4r?\" width=\"100%\" style=\"border:none; width:100%; height:100%; position:absolute; left:0px; top:0px; overflow:hidden;\"><\/iframe><\/div>\n\n\n\n<p>En paralelo, un reportaje de El Pa\u00eds describi\u00f3 la presencia de un operador de dron entre los voluntarios que se organizan d\u00eda y noche, lo que refleja tanto el inter\u00e9s por emplear ese recurso como las limitaciones pr\u00e1cticas para desplegarlo en un espacio controlado. Sin una comunicaci\u00f3n p\u00fablica detallada de las autoridades sobre el alcance de esas restricciones, el dato circula principalmente desde el lado de los equipos civiles que buscan a Boro.<\/p>\n\n\n\n<div style=\"position:relative; width:100%; height:0px; padding-bottom:177.778%\"><iframe loading=\"lazy\" allow=\"fullscreen\" allowfullscreen height=\"100%\" src=\"https:\/\/streamable.com\/e\/1mwcf3?\" width=\"100%\" style=\"border:none; width:100%; height:100%; position:absolute; left:0px; top:0px; overflow:hidden;\"><\/iframe><\/div>\n\n\n\n<p>Mientras tanto, PACMA inform\u00f3 que tres rescatistas comenzaron la b\u00fasqueda escoltados por la Guardia Civil tras obtener autorizaci\u00f3n para acceder a \u00e1reas pr\u00f3ximas al siniestro, una se\u00f1al de que, al menos en parte del terreno, se est\u00e1n abriendo ventanas de coordinaci\u00f3n entre el dispositivo oficial y los equipos de rescate animal. <\/p>\n\n\n\n<div style=\"position:relative; width:100%; height:0px; padding-bottom:177.778%\"><iframe loading=\"lazy\" allow=\"fullscreen\" allowfullscreen height=\"100%\" src=\"https:\/\/streamable.com\/e\/xzf68t?\" width=\"100%\" style=\"border:none; width:100%; height:100%; position:absolute; left:0px; top:0px; overflow:hidden;\"><\/iframe><\/div>\n\n\n\n<p>La expectativa en el grupo es localizar a Boro con vida, pero el paso de los d\u00edas y el desgaste del entorno obligan a ajustar m\u00e9todos: recorridos repetidos, llamadas a distancia, revisi\u00f3n de posibles refugios naturales y seguimiento cuidadoso de cualquier avistamiento verificable.<\/p>\n\n\n\n<div style=\"position:relative; width:100%; height:0px; padding-bottom:177.778%\"><iframe loading=\"lazy\" allow=\"fullscreen\" allowfullscreen height=\"100%\" src=\"https:\/\/streamable.com\/e\/xptxsu?\" width=\"100%\" style=\"border:none; width:100%; height:100%; position:absolute; left:0px; top:0px; overflow:hidden;\"><\/iframe><\/div>\n\n\n\n<p>El \u00faltimo mensaje por ahora dejado en la p\u00e1gina de Instagram de la Tribu Animalista Ubuntu es especialmente conmovedor, ya que traslada la b\u00fasqueda de Boro a un problema mucho m\u00e1s amplio: el humanismo, el activismo. <\/p>\n\n\n\n<p>El grupo reconoci\u00f3 que <em>\u00ab(&#8230;) la situaci\u00f3n es dura, profundamente dura\u00bb, <\/em>sin embargo dijo que <em>\u00ab(&#8230;) en medio de esa dureza(&#8230;)\u00bb ha aparecido \u00ab(&#8230;) algo hermoso y esencial: el voluntariado. Esa parte del ser humano que act\u00faa desde el coraz\u00f3n, desde el deseo genuino de ayudar. Esa es la verdadera humanidad.\u00bb<\/em><\/p>\n\n\n\n<p>El grupo hizo referencia a las personas que<em> \u00ab(&#8230;) de noche, entre la oscuridad, el cansancio y la incertidumbre,\u00bb han caminado decenas y decenas de kil\u00f3metro, \u00ab(&#8230;)movidas \u00fanicamente por un objetivo: encontrar a Boro.\u00bb<\/em><\/p>\n\n\n\n<p><em>\u00abEso revela lo mejor de quienes somos. Cuando alguien se entrega as\u00ed, sin esperar nada a cambio, est\u00e1 mostrando la parte m\u00e1s noble del ser humano,\u00bb <\/em>se\u00f1alaron en una de sus stories en Instagram.<\/p>\n\n\n\n<p>Luego, a\u00f1adieron frases que tocan esencialmente la fibra m\u00e1s \u00edntima del ser humano.<\/p>\n\n\n\n<p><em>\u00abSi esa misma energ\u00eda se trasladara a m\u00e1s \u00e1mbitos de la vida cotidiana, ser\u00eda posible construir un mundo distinto, m\u00e1s justo y m\u00e1s amable. (&#8230;) Desde esta comunidad se lanza un llamado a que incluso en las tragedias y en los momentos m\u00e1s dif\u00edciles, sea siempre la humanidad la que lidere. Que la mejor versi\u00f3n de cada persona sea la que gu\u00ede las acciones (&#8230;).<\/em><\/p>\n\n\n\n<p>Y concluyeron diciendo:<\/p>\n\n\n\n<p><em>\u00abEl voluntariado es activismo. Es una forma de decir que este mundo puede ser mejor y de actuar para hacerlo posible. Aunque sea en silencio. Aunque nadie lo vea. Que nunca se pierda la capacidad de actuar desde el coraz\u00f3n. Esa es la esencia m\u00e1s genuina del ser humano.\u00bb<\/em><\/p>\n\n\n\n<div style=\"position:relative; width:100%; height:0px; padding-bottom:177.778%\"><iframe loading=\"lazy\" allow=\"fullscreen\" allowfullscreen height=\"100%\" src=\"https:\/\/streamable.com\/e\/l1oo1a?\" width=\"100%\" style=\"border:none; width:100%; height:100%; position:absolute; left:0px; top:0px; overflow:hidden;\"><\/iframe><\/div>\n\n\n\n<p><br><\/p>\n","protected":false},"excerpt":{"rendered":"<p>Boro sigue desaparecido tras el accidente ferroviario de Adamuz. Voluntarios y rescatistas buscan a pie en una zona a\u00fan restringida.<\/p>\n","protected":false},"author":13,"featured_media":232820,"comment_status":"open","ping_status":"closed","sticky":false,"template":"","format":"standard","meta":{"_acf_changed":false,"footnotes":""},"categories":[18,957,965],"tags":[30066,30070,30118,4428,30069,3043,9371,30068,30137],"class_list":{"0":"post-232816","1":"post","2":"type-post","3":"status-publish","4":"format-standard","5":"has-post-thumbnail","7":"category-noticias","8":"category-noticias-internacionales","9":"category-viral","10":"tag-accidente-ferroviario","11":"tag-adamuz","12":"tag-boro","13":"tag-busqueda","14":"tag-cordoba","15":"tag-drones","16":"tag-guardia-civil","17":"tag-iryo","18":"tag-pacma"},"acf":[],"yoast_head":"<!-- This site is optimized with the Yoast SEO plugin v27.4 - https:\/\/yoast.com\/product\/yoast-seo-wordpress\/ -->\n<title>Contin\u00faa la dram\u00e1tica b\u00fasqueda de Boro a pie y de noche, tras ser negado uso de drones en zona de accidente en Adamuz - Cuballama Noticias<\/title>\n<meta name=\"description\" content=\"Boro sigue desaparecido tras el accidente de tren en Adamuz; la b\u00fasqueda contin\u00faa sin drones y con apoyo voluntario en Adamuz.\" \/>\n<meta name=\"robots\" content=\"index, follow, max-snippet:-1, max-image-preview:large, max-video-preview:-1\" \/>\n<link rel=\"canonical\" href=\"https:\/\/www.cuballama.com\/noticias\/continua-la-dramatica-busqueda-de-boro-a-pie-y-de-noche-tras-ser-negado-uso-de-drones-en-zona-de-accidente-en-adamuz\/\" \/>\n<meta property=\"og:locale\" content=\"es_ES\" \/>\n<meta property=\"og:type\" content=\"article\" \/>\n<meta property=\"og:title\" content=\"Contin\u00faa la dram\u00e1tica b\u00fasqueda de Boro a pie y de noche, tras ser negado uso de drones en zona de accidente en Adamuz - Cuballama Noticias\" \/>\n<meta property=\"og:description\" content=\"Boro sigue desaparecido tras el accidente de tren en Adamuz; la b\u00fasqueda contin\u00faa sin drones y con apoyo voluntario en Adamuz.\" \/>\n<meta property=\"og:url\" content=\"https:\/\/www.cuballama.com\/noticias\/continua-la-dramatica-busqueda-de-boro-a-pie-y-de-noche-tras-ser-negado-uso-de-drones-en-zona-de-accidente-en-adamuz\/\" \/>\n<meta property=\"og:site_name\" content=\"Cuballama Noticias\" \/>\n<meta property=\"article:publisher\" content=\"https:\/\/www.facebook.com\/CubaLlama\" \/>\n<meta property=\"article:published_time\" content=\"2026-01-21T16:05:58+00:00\" \/>\n<meta property=\"article:modified_time\" content=\"2026-01-21T16:06:02+00:00\" \/>\n<meta property=\"og:image\" content=\"https:\/\/cdn1.mediawpaccore.net\/wp-content\/uploads\/2026\/01\/21052702\/image-100.png\" \/>\n\t<meta property=\"og:image:width\" content=\"1970\" \/>\n\t<meta property=\"og:image:height\" content=\"1034\" \/>\n\t<meta property=\"og:image:type\" content=\"image\/png\" \/>\n<meta name=\"author\" content=\"Roberto A.\" \/>\n<meta name=\"twitter:card\" content=\"summary_large_image\" \/>\n<meta name=\"twitter:creator\" content=\"@cuballama\" \/>\n<meta name=\"twitter:site\" content=\"@cuballama\" \/>\n<meta name=\"twitter:label1\" content=\"Escrito por\" \/>\n\t<meta name=\"twitter:data1\" content=\"Roberto A.\" \/>\n\t<meta name=\"twitter:label2\" content=\"Tiempo de lectura\" \/>\n\t<meta name=\"twitter:data2\" content=\"4 minutos\" \/>\n<script type=\"application\/ld+json\" class=\"yoast-schema-graph\">{\"@context\":\"https:\\\/\\\/schema.org\",\"@graph\":[{\"@type\":\"Article\",\"@id\":\"https:\\\/\\\/www.cuballama.com\\\/noticias\\\/continua-la-dramatica-busqueda-de-boro-a-pie-y-de-noche-tras-ser-negado-uso-de-drones-en-zona-de-accidente-en-adamuz\\\/#article\",\"isPartOf\":{\"@id\":\"https:\\\/\\\/www.cuballama.com\\\/noticias\\\/continua-la-dramatica-busqueda-de-boro-a-pie-y-de-noche-tras-ser-negado-uso-de-drones-en-zona-de-accidente-en-adamuz\\\/\"},\"author\":{\"name\":\"Roberto A.\",\"@id\":\"https:\\\/\\\/www.cuballama.com\\\/noticias\\\/#\\\/schema\\\/person\\\/a58502ed4146c8e9f83872e897c76cd2\"},\"headline\":\"Contin\u00faa la dram\u00e1tica b\u00fasqueda de Boro a pie y de noche, tras ser negado uso de drones en zona de accidente en Adamuz\",\"datePublished\":\"2026-01-21T16:05:58+00:00\",\"dateModified\":\"2026-01-21T16:06:02+00:00\",\"mainEntityOfPage\":{\"@id\":\"https:\\\/\\\/www.cuballama.com\\\/noticias\\\/continua-la-dramatica-busqueda-de-boro-a-pie-y-de-noche-tras-ser-negado-uso-de-drones-en-zona-de-accidente-en-adamuz\\\/\"},\"wordCount\":848,\"commentCount\":0,\"publisher\":{\"@id\":\"https:\\\/\\\/www.cuballama.com\\\/noticias\\\/#organization\"},\"image\":{\"@id\":\"https:\\\/\\\/www.cuballama.com\\\/noticias\\\/continua-la-dramatica-busqueda-de-boro-a-pie-y-de-noche-tras-ser-negado-uso-de-drones-en-zona-de-accidente-en-adamuz\\\/#primaryimage\"},\"thumbnailUrl\":\"https:\\\/\\\/cdn1.mediawpaccore.net\\\/wp-content\\\/uploads\\\/2026\\\/01\\\/21052702\\\/image-100.png\",\"keywords\":[\"accidente ferroviario\",\"Adamuz\",\"Boro\",\"b\u00fasqueda\",\"C\u00f3rdoba\",\"drones\",\"Guardia Civil\",\"Iryo\",\"PACMA\"],\"articleSection\":[\"Noticias\",\"Noticias Internacionales\",\"Viral\"],\"inLanguage\":\"es\",\"potentialAction\":[{\"@type\":\"CommentAction\",\"name\":\"Comment\",\"target\":[\"https:\\\/\\\/www.cuballama.com\\\/noticias\\\/continua-la-dramatica-busqueda-de-boro-a-pie-y-de-noche-tras-ser-negado-uso-de-drones-en-zona-de-accidente-en-adamuz\\\/#respond\"]}]},{\"@type\":\"WebPage\",\"@id\":\"https:\\\/\\\/www.cuballama.com\\\/noticias\\\/continua-la-dramatica-busqueda-de-boro-a-pie-y-de-noche-tras-ser-negado-uso-de-drones-en-zona-de-accidente-en-adamuz\\\/\",\"url\":\"https:\\\/\\\/www.cuballama.com\\\/noticias\\\/continua-la-dramatica-busqueda-de-boro-a-pie-y-de-noche-tras-ser-negado-uso-de-drones-en-zona-de-accidente-en-adamuz\\\/\",\"name\":\"Contin\u00faa la dram\u00e1tica b\u00fasqueda de Boro a pie y de noche, tras ser negado uso de drones en zona de accidente en Adamuz - Cuballama Noticias\",\"isPartOf\":{\"@id\":\"https:\\\/\\\/www.cuballama.com\\\/noticias\\\/#website\"},\"primaryImageOfPage\":{\"@id\":\"https:\\\/\\\/www.cuballama.com\\\/noticias\\\/continua-la-dramatica-busqueda-de-boro-a-pie-y-de-noche-tras-ser-negado-uso-de-drones-en-zona-de-accidente-en-adamuz\\\/#primaryimage\"},\"image\":{\"@id\":\"https:\\\/\\\/www.cuballama.com\\\/noticias\\\/continua-la-dramatica-busqueda-de-boro-a-pie-y-de-noche-tras-ser-negado-uso-de-drones-en-zona-de-accidente-en-adamuz\\\/#primaryimage\"},\"thumbnailUrl\":\"https:\\\/\\\/cdn1.mediawpaccore.net\\\/wp-content\\\/uploads\\\/2026\\\/01\\\/21052702\\\/image-100.png\",\"datePublished\":\"2026-01-21T16:05:58+00:00\",\"dateModified\":\"2026-01-21T16:06:02+00:00\",\"description\":\"Boro sigue desaparecido tras el accidente de tren en Adamuz; la b\u00fasqueda contin\u00faa sin drones y con apoyo voluntario en Adamuz.\",\"breadcrumb\":{\"@id\":\"https:\\\/\\\/www.cuballama.com\\\/noticias\\\/continua-la-dramatica-busqueda-de-boro-a-pie-y-de-noche-tras-ser-negado-uso-de-drones-en-zona-de-accidente-en-adamuz\\\/#breadcrumb\"},\"inLanguage\":\"es\",\"potentialAction\":[{\"@type\":\"ReadAction\",\"target\":[\"https:\\\/\\\/www.cuballama.com\\\/noticias\\\/continua-la-dramatica-busqueda-de-boro-a-pie-y-de-noche-tras-ser-negado-uso-de-drones-en-zona-de-accidente-en-adamuz\\\/\"]}]},{\"@type\":\"ImageObject\",\"inLanguage\":\"es\",\"@id\":\"https:\\\/\\\/www.cuballama.com\\\/noticias\\\/continua-la-dramatica-busqueda-de-boro-a-pie-y-de-noche-tras-ser-negado-uso-de-drones-en-zona-de-accidente-en-adamuz\\\/#primaryimage\",\"url\":\"https:\\\/\\\/cdn1.mediawpaccore.net\\\/wp-content\\\/uploads\\\/2026\\\/01\\\/21052702\\\/image-100.png\",\"contentUrl\":\"https:\\\/\\\/cdn1.mediawpaccore.net\\\/wp-content\\\/uploads\\\/2026\\\/01\\\/21052702\\\/image-100.png\",\"width\":1970,\"height\":1034,\"caption\":\"Foto: V\u00eda https:\\\/\\\/www.instagram.com\\\/stories\\\/andreariassss\\\/\"},{\"@type\":\"BreadcrumbList\",\"@id\":\"https:\\\/\\\/www.cuballama.com\\\/noticias\\\/continua-la-dramatica-busqueda-de-boro-a-pie-y-de-noche-tras-ser-negado-uso-de-drones-en-zona-de-accidente-en-adamuz\\\/#breadcrumb\",\"itemListElement\":[{\"@type\":\"ListItem\",\"position\":1,\"name\":\"Home\",\"item\":\"https:\\\/\\\/www.cuballama.com\\\/noticias\\\/\"},{\"@type\":\"ListItem\",\"position\":2,\"name\":\"Contin\u00faa la dram\u00e1tica b\u00fasqueda de Boro a pie y de noche, tras ser negado uso de drones en zona de accidente en Adamuz\"}]},{\"@type\":\"WebSite\",\"@id\":\"https:\\\/\\\/www.cuballama.com\\\/noticias\\\/#website\",\"url\":\"https:\\\/\\\/www.cuballama.com\\\/noticias\\\/\",\"name\":\"Cuballama Noticias\",\"description\":\"Medio digital sobre Cuba y el mundo\",\"publisher\":{\"@id\":\"https:\\\/\\\/www.cuballama.com\\\/noticias\\\/#organization\"},\"potentialAction\":[{\"@type\":\"SearchAction\",\"target\":{\"@type\":\"EntryPoint\",\"urlTemplate\":\"https:\\\/\\\/www.cuballama.com\\\/noticias\\\/?s={search_term_string}\"},\"query-input\":{\"@type\":\"PropertyValueSpecification\",\"valueRequired\":true,\"valueName\":\"search_term_string\"}}],\"inLanguage\":\"es\"},{\"@type\":\"Organization\",\"@id\":\"https:\\\/\\\/www.cuballama.com\\\/noticias\\\/#organization\",\"name\":\"Cuballama\",\"url\":\"https:\\\/\\\/www.cuballama.com\\\/noticias\\\/\",\"logo\":{\"@type\":\"ImageObject\",\"inLanguage\":\"es\",\"@id\":\"https:\\\/\\\/www.cuballama.com\\\/noticias\\\/#\\\/schema\\\/logo\\\/image\\\/\",\"url\":\"https:\\\/\\\/cdn1.mediawpaccore.net\\\/wp-content\\\/uploads\\\/2021\\\/12\\\/28171206\\\/cbll-logo-color-sm.png\",\"contentUrl\":\"https:\\\/\\\/cdn1.mediawpaccore.net\\\/wp-content\\\/uploads\\\/2021\\\/12\\\/28171206\\\/cbll-logo-color-sm.png\",\"width\":600,\"height\":133,\"caption\":\"Cuballama\"},\"image\":{\"@id\":\"https:\\\/\\\/www.cuballama.com\\\/noticias\\\/#\\\/schema\\\/logo\\\/image\\\/\"},\"sameAs\":[\"https:\\\/\\\/www.facebook.com\\\/CubaLlama\",\"https:\\\/\\\/x.com\\\/cuballama\",\"https:\\\/\\\/www.instagram.com\\\/stories\\\/cuballama_oficial\\\/\",\"https:\\\/\\\/www.youtube.com\\\/channel\\\/UCKkFE-d_axENGZcrc4as0IA\"]},{\"@type\":\"Person\",\"@id\":\"https:\\\/\\\/www.cuballama.com\\\/noticias\\\/#\\\/schema\\\/person\\\/a58502ed4146c8e9f83872e897c76cd2\",\"name\":\"Roberto A.\",\"description\":\"Roberto A. Periodista por decisi\u00f3n propia. Interesado en cualquier tema que me apasione y cada vez m\u00e1s comprometido con la verdad y la objetividad period\u00edstica. Graduado en La Habana hace ya muchos a\u00f1os, luego de una accidentada y polvorienta b\u00fasqueda de informaci\u00f3n sobre un tema in\u00e9dito. La Tesis, por cierto, desapareci\u00f3 de la biblioteca y no se conservan copias de la misma.\",\"url\":\"https:\\\/\\\/www.cuballama.com\\\/noticias\\\/author\\\/roberto\\\/\"}]}<\/script>\n<!-- \/ Yoast SEO plugin. -->","yoast_head_json":{"title":"Contin\u00faa la dram\u00e1tica b\u00fasqueda de Boro a pie y de noche, tras ser negado uso de drones en zona de accidente en Adamuz - Cuballama Noticias","description":"Boro sigue desaparecido tras el accidente de tren en Adamuz; la b\u00fasqueda contin\u00faa sin drones y con apoyo voluntario en Adamuz.","robots":{"index":"index","follow":"follow","max-snippet":"max-snippet:-1","max-image-preview":"max-image-preview:large","max-video-preview":"max-video-preview:-1"},"canonical":"https:\/\/www.cuballama.com\/noticias\/continua-la-dramatica-busqueda-de-boro-a-pie-y-de-noche-tras-ser-negado-uso-de-drones-en-zona-de-accidente-en-adamuz\/","og_locale":"es_ES","og_type":"article","og_title":"Contin\u00faa la dram\u00e1tica b\u00fasqueda de Boro a pie y de noche, tras ser negado uso de drones en zona de accidente en Adamuz - Cuballama Noticias","og_description":"Boro sigue desaparecido tras el accidente de tren en Adamuz; la b\u00fasqueda contin\u00faa sin drones y con apoyo voluntario en Adamuz.","og_url":"https:\/\/www.cuballama.com\/noticias\/continua-la-dramatica-busqueda-de-boro-a-pie-y-de-noche-tras-ser-negado-uso-de-drones-en-zona-de-accidente-en-adamuz\/","og_site_name":"Cuballama Noticias","article_publisher":"https:\/\/www.facebook.com\/CubaLlama","article_published_time":"2026-01-21T16:05:58+00:00","article_modified_time":"2026-01-21T16:06:02+00:00","og_image":[{"width":1970,"height":1034,"url":"https:\/\/cdn1.mediawpaccore.net\/wp-content\/uploads\/2026\/01\/21052702\/image-100.png","type":"image\/png"}],"author":"Roberto A.","twitter_card":"summary_large_image","twitter_creator":"@cuballama","twitter_site":"@cuballama","twitter_misc":{"Escrito por":"Roberto A.","Tiempo de lectura":"4 minutos"},"schema":{"@context":"https:\/\/schema.org","@graph":[{"@type":"Article","@id":"https:\/\/www.cuballama.com\/noticias\/continua-la-dramatica-busqueda-de-boro-a-pie-y-de-noche-tras-ser-negado-uso-de-drones-en-zona-de-accidente-en-adamuz\/#article","isPartOf":{"@id":"https:\/\/www.cuballama.com\/noticias\/continua-la-dramatica-busqueda-de-boro-a-pie-y-de-noche-tras-ser-negado-uso-de-drones-en-zona-de-accidente-en-adamuz\/"},"author":{"name":"Roberto A.","@id":"https:\/\/www.cuballama.com\/noticias\/#\/schema\/person\/a58502ed4146c8e9f83872e897c76cd2"},"headline":"Contin\u00faa la dram\u00e1tica b\u00fasqueda de Boro a pie y de noche, tras ser negado uso de drones en zona de accidente en Adamuz","datePublished":"2026-01-21T16:05:58+00:00","dateModified":"2026-01-21T16:06:02+00:00","mainEntityOfPage":{"@id":"https:\/\/www.cuballama.com\/noticias\/continua-la-dramatica-busqueda-de-boro-a-pie-y-de-noche-tras-ser-negado-uso-de-drones-en-zona-de-accidente-en-adamuz\/"},"wordCount":848,"commentCount":0,"publisher":{"@id":"https:\/\/www.cuballama.com\/noticias\/#organization"},"image":{"@id":"https:\/\/www.cuballama.com\/noticias\/continua-la-dramatica-busqueda-de-boro-a-pie-y-de-noche-tras-ser-negado-uso-de-drones-en-zona-de-accidente-en-adamuz\/#primaryimage"},"thumbnailUrl":"https:\/\/cdn1.mediawpaccore.net\/wp-content\/uploads\/2026\/01\/21052702\/image-100.png","keywords":["accidente ferroviario","Adamuz","Boro","b\u00fasqueda","C\u00f3rdoba","drones","Guardia Civil","Iryo","PACMA"],"articleSection":["Noticias","Noticias Internacionales","Viral"],"inLanguage":"es","potentialAction":[{"@type":"CommentAction","name":"Comment","target":["https:\/\/www.cuballama.com\/noticias\/continua-la-dramatica-busqueda-de-boro-a-pie-y-de-noche-tras-ser-negado-uso-de-drones-en-zona-de-accidente-en-adamuz\/#respond"]}]},{"@type":"WebPage","@id":"https:\/\/www.cuballama.com\/noticias\/continua-la-dramatica-busqueda-de-boro-a-pie-y-de-noche-tras-ser-negado-uso-de-drones-en-zona-de-accidente-en-adamuz\/","url":"https:\/\/www.cuballama.com\/noticias\/continua-la-dramatica-busqueda-de-boro-a-pie-y-de-noche-tras-ser-negado-uso-de-drones-en-zona-de-accidente-en-adamuz\/","name":"Contin\u00faa la dram\u00e1tica b\u00fasqueda de Boro a pie y de noche, tras ser negado uso de drones en zona de accidente en Adamuz - Cuballama Noticias","isPartOf":{"@id":"https:\/\/www.cuballama.com\/noticias\/#website"},"primaryImageOfPage":{"@id":"https:\/\/www.cuballama.com\/noticias\/continua-la-dramatica-busqueda-de-boro-a-pie-y-de-noche-tras-ser-negado-uso-de-drones-en-zona-de-accidente-en-adamuz\/#primaryimage"},"image":{"@id":"https:\/\/www.cuballama.com\/noticias\/continua-la-dramatica-busqueda-de-boro-a-pie-y-de-noche-tras-ser-negado-uso-de-drones-en-zona-de-accidente-en-adamuz\/#primaryimage"},"thumbnailUrl":"https:\/\/cdn1.mediawpaccore.net\/wp-content\/uploads\/2026\/01\/21052702\/image-100.png","datePublished":"2026-01-21T16:05:58+00:00","dateModified":"2026-01-21T16:06:02+00:00","description":"Boro sigue desaparecido tras el accidente de tren en Adamuz; la b\u00fasqueda contin\u00faa sin drones y con apoyo voluntario en Adamuz.","breadcrumb":{"@id":"https:\/\/www.cuballama.com\/noticias\/continua-la-dramatica-busqueda-de-boro-a-pie-y-de-noche-tras-ser-negado-uso-de-drones-en-zona-de-accidente-en-adamuz\/#breadcrumb"},"inLanguage":"es","potentialAction":[{"@type":"ReadAction","target":["https:\/\/www.cuballama.com\/noticias\/continua-la-dramatica-busqueda-de-boro-a-pie-y-de-noche-tras-ser-negado-uso-de-drones-en-zona-de-accidente-en-adamuz\/"]}]},{"@type":"ImageObject","inLanguage":"es","@id":"https:\/\/www.cuballama.com\/noticias\/continua-la-dramatica-busqueda-de-boro-a-pie-y-de-noche-tras-ser-negado-uso-de-drones-en-zona-de-accidente-en-adamuz\/#primaryimage","url":"https:\/\/cdn1.mediawpaccore.net\/wp-content\/uploads\/2026\/01\/21052702\/image-100.png","contentUrl":"https:\/\/cdn1.mediawpaccore.net\/wp-content\/uploads\/2026\/01\/21052702\/image-100.png","width":1970,"height":1034,"caption":"Foto: V\u00eda https:\/\/www.instagram.com\/stories\/andreariassss\/"},{"@type":"BreadcrumbList","@id":"https:\/\/www.cuballama.com\/noticias\/continua-la-dramatica-busqueda-de-boro-a-pie-y-de-noche-tras-ser-negado-uso-de-drones-en-zona-de-accidente-en-adamuz\/#breadcrumb","itemListElement":[{"@type":"ListItem","position":1,"name":"Home","item":"https:\/\/www.cuballama.com\/noticias\/"},{"@type":"ListItem","position":2,"name":"Contin\u00faa la dram\u00e1tica b\u00fasqueda de Boro a pie y de noche, tras ser negado uso de drones en zona de accidente en Adamuz"}]},{"@type":"WebSite","@id":"https:\/\/www.cuballama.com\/noticias\/#website","url":"https:\/\/www.cuballama.com\/noticias\/","name":"Cuballama Noticias","description":"Medio digital sobre Cuba y el mundo","publisher":{"@id":"https:\/\/www.cuballama.com\/noticias\/#organization"},"potentialAction":[{"@type":"SearchAction","target":{"@type":"EntryPoint","urlTemplate":"https:\/\/www.cuballama.com\/noticias\/?s={search_term_string}"},"query-input":{"@type":"PropertyValueSpecification","valueRequired":true,"valueName":"search_term_string"}}],"inLanguage":"es"},{"@type":"Organization","@id":"https:\/\/www.cuballama.com\/noticias\/#organization","name":"Cuballama","url":"https:\/\/www.cuballama.com\/noticias\/","logo":{"@type":"ImageObject","inLanguage":"es","@id":"https:\/\/www.cuballama.com\/noticias\/#\/schema\/logo\/image\/","url":"https:\/\/cdn1.mediawpaccore.net\/wp-content\/uploads\/2021\/12\/28171206\/cbll-logo-color-sm.png","contentUrl":"https:\/\/cdn1.mediawpaccore.net\/wp-content\/uploads\/2021\/12\/28171206\/cbll-logo-color-sm.png","width":600,"height":133,"caption":"Cuballama"},"image":{"@id":"https:\/\/www.cuballama.com\/noticias\/#\/schema\/logo\/image\/"},"sameAs":["https:\/\/www.facebook.com\/CubaLlama","https:\/\/x.com\/cuballama","https:\/\/www.instagram.com\/stories\/cuballama_oficial\/","https:\/\/www.youtube.com\/channel\/UCKkFE-d_axENGZcrc4as0IA"]},{"@type":"Person","@id":"https:\/\/www.cuballama.com\/noticias\/#\/schema\/person\/a58502ed4146c8e9f83872e897c76cd2","name":"Roberto A.","description":"Roberto A. Periodista por decisi\u00f3n propia. Interesado en cualquier tema que me apasione y cada vez m\u00e1s comprometido con la verdad y la objetividad period\u00edstica. Graduado en La Habana hace ya muchos a\u00f1os, luego de una accidentada y polvorienta b\u00fasqueda de informaci\u00f3n sobre un tema in\u00e9dito. La Tesis, por cierto, desapareci\u00f3 de la biblioteca y no se conservan copias de la misma.","url":"https:\/\/www.cuballama.com\/noticias\/author\/roberto\/"}]}},"_links":{"self":[{"href":"https:\/\/www.cuballama.com\/noticias\/wp-json\/wp\/v2\/posts\/232816","targetHints":{"allow":["GET"]}}],"collection":[{"href":"https:\/\/www.cuballama.com\/noticias\/wp-json\/wp\/v2\/posts"}],"about":[{"href":"https:\/\/www.cuballama.com\/noticias\/wp-json\/wp\/v2\/types\/post"}],"author":[{"embeddable":true,"href":"https:\/\/www.cuballama.com\/noticias\/wp-json\/wp\/v2\/users\/13"}],"replies":[{"embeddable":true,"href":"https:\/\/www.cuballama.com\/noticias\/wp-json\/wp\/v2\/comments?post=232816"}],"version-history":[{"count":6,"href":"https:\/\/www.cuballama.com\/noticias\/wp-json\/wp\/v2\/posts\/232816\/revisions"}],"predecessor-version":[{"id":232824,"href":"https:\/\/www.cuballama.com\/noticias\/wp-json\/wp\/v2\/posts\/232816\/revisions\/232824"}],"wp:featuredmedia":[{"embeddable":true,"href":"https:\/\/www.cuballama.com\/noticias\/wp-json\/wp\/v2\/media\/232820"}],"wp:attachment":[{"href":"https:\/\/www.cuballama.com\/noticias\/wp-json\/wp\/v2\/media?parent=232816"}],"wp:term":[{"taxonomy":"category","embeddable":true,"href":"https:\/\/www.cuballama.com\/noticias\/wp-json\/wp\/v2\/categories?post=232816"},{"taxonomy":"post_tag","embeddable":true,"href":"https:\/\/www.cuballama.com\/noticias\/wp-json\/wp\/v2\/tags?post=232816"}],"curies":[{"name":"wp","href":"https:\/\/api.w.org\/{rel}","templated":true}]}}