{"id":232811,"date":"2026-01-21T11:08:23","date_gmt":"2026-01-21T16:08:23","guid":{"rendered":"https:\/\/www.cuballama.com\/noticias\/?p=232811"},"modified":"2026-01-21T11:08:27","modified_gmt":"2026-01-21T16:08:27","slug":"ministro-del-interior-de-rusia-llega-a-cuba-en-momento-de-tension-geopolitica-regional-y-auge-de-la-delincuencia","status":"publish","type":"post","link":"https:\/\/www.cuballama.com\/noticias\/ministro-del-interior-de-rusia-llega-a-cuba-en-momento-de-tension-geopolitica-regional-y-auge-de-la-delincuencia\/","title":{"rendered":"Ministro del Interior de Rusia llega a Cuba en momento de tensi\u00f3n geopol\u00edtica regional y auge de la delincuencia"},"content":{"rendered":"\n<p>El ministro del Interior de Rusia, Vlad\u00edmir Kolok\u00f3ltsev, fue recibido este martes por el presidente Miguel D\u00edaz-Canel en el Palacio de la Revoluci\u00f3n, en una visita oficial <strong>destinada a reforzar la cooperaci\u00f3n bilateral en materia de seguridad<\/strong>, en un contexto marcado por el aumento de la presi\u00f3n de Estados Unidos sobre Cuba y por la reciente escalada regional en torno a Venezuela; pero tambi\u00e9n de la delincuencia en la isla.<\/p>\n\n\n\n<p>Seg\u00fan inform\u00f3 la agencia <em><a href=\"https:\/\/www.france24.com\/en\/live-news\/20260121-russian-minister-visits-cuba-as-trump-ramps-up-pressure-on-havana\" target=\"_blank\" rel=\"noreferrer noopener nofollow\">AFP<\/a><\/em>, el viaje fue presentado por Mosc\u00fa como un gesto de solidaridad despu\u00e9s de que el presidente estadounidense Donald Trump advirtiera este mes que el gobierno cubano deb\u00eda \u201chacer un trato\u201d con Washington o enfrentar consecuencias similares a las aplicadas a Caracas. En declaraciones a la televisi\u00f3n estatal rusa, Kolok\u00f3ltsev calific\u00f3 como \u201cagresi\u00f3n armada no provocada\u201d las acciones de Estados Unidos contra Venezuela y sostuvo que esos hechos \u201cdemuestran la necesidad de aumentar la vigilancia y consolidar todos los esfuerzos para contrarrestar factores externos\u201d. Desde La Habana, D\u00edaz-Canel describi\u00f3 la visita como de \u201cenorme significaci\u00f3n\u201d y afirm\u00f3 que demostraba la comprensi\u00f3n de Rusia sobre la situaci\u00f3n cubana y su disposici\u00f3n a cooperar, de acuerdo con el propio Gobierno.<\/p>\n\n\n\n<p>El perfil del visitante no es menor. Kolok\u00f3ltsev encabeza un ministerio encargado de la polic\u00eda, el control migratorio, la investigaci\u00f3n criminal y buena parte de la arquitectura de seguridad del Estado ruso. Su presencia en La Habana desplaza el eje del v\u00ednculo bilateral hacia un terreno m\u00e1s sensible que el estrictamente econ\u00f3mico o diplom\u00e1tico. En los comunicados oficiales cubanos y en los mensajes difundidos por la embajada rusa, la agenda incluye cooperaci\u00f3n contra el narcotr\u00e1fico, seguridad inform\u00e1tica, b\u00fasqueda de personas y capacitaci\u00f3n policial, un conjunto de \u00e1reas que apunta a coordinaci\u00f3n operativa y a canales estables entre ambos aparatos de seguridad.<\/p>\n\n\n\n<iframe loading=\"lazy\" src=\"https:\/\/www.facebook.com\/plugins\/post.php?href=https%3A%2F%2Fwww.facebook.com%2FEmbajadaRusCuba%2Fposts%2Fpfbid031TFsFg9BCTDgWfirP11bL7XmbPyqLoExFWokJq66W3ZuzQLFCJZX3wENsvd4meMJl&#038;show_text=true&#038;width=500\" width=\"500\" height=\"773\" style=\"border:none;overflow:hidden\" scrolling=\"no\" frameborder=\"0\" allowfullscreen=\"true\" allow=\"autoplay; clipboard-write; encrypted-media; picture-in-picture; web-share\"><\/iframe>\n\n\n\n<p>El \u201cmomento\u201d, subrayado por D\u00edaz-Canel y repetido por la prensa estatal, es parte central del mensaje. La visita ocurre mientras Washington reactiva un discurso de presi\u00f3n directa sobre la isla y mientras se reordena el mapa de alianzas tras los sucesos en Venezuela. Diversas coberturas internacionales sit\u00faan el viaje dentro de una secuencia de contactos que Mosc\u00fa ha intensificado en la regi\u00f3n desde 2022, en paralelo a su propio aislamiento por la guerra en Ucrania. M\u00e1s all\u00e1 de la literalidad de algunas declaraciones, el marco que se construye es el de una amenaza externa persistente, dentro del cual Rusia aparece como respaldo pol\u00edtico y estrat\u00e9gico.<\/p>\n\n\n\n<p>El propio embajador ruso en Cuba, V\u00edctor Koronelli, escribi\u00f3 en la red social <a href=\"https:\/\/x.com\/EmbKoronelli\/status\/2013595117026754911\" target=\"_blank\" rel=\"noreferrer noopener\">X<\/a> que Kolok\u00f3ltsev se encontraba en la isla para \u201cfortalecer la cooperaci\u00f3n bilateral y la lucha contra el crimen\u201d, una f\u00f3rmula que resume el car\u00e1cter pr\u00e1ctico de la visita. No se trata de un episodio aislado. En 2024 ya se hab\u00eda informado sobre acuerdos para reforzar el intercambio en materia de seguridad y entrenamiento, lo que sugiere una l\u00ednea de continuidad y acumulaci\u00f3n institucional.<\/p>\n\n\n\n<figure class=\"wp-block-embed is-type-rich is-provider-twitter wp-block-embed-twitter\"><div class=\"wp-block-embed__wrapper\">\n<blockquote class=\"twitter-tweet\" data-width=\"550\" data-dnt=\"true\"><p lang=\"es\" dir=\"ltr\">Es muy grato recibir en La Habana al Ministro del Interior de Rusia, Vlad\u00edmir Kolokoltsev, quien lleg\u00f3 anoche a la hermana Rep\u00fablica de Cuba para fortalecer la cooperaci\u00f3n bilateral y la lucha contra la delincuencia. <a href=\"https:\/\/t.co\/TaqpdXiprl\">pic.twitter.com\/TaqpdXiprl<\/a><\/p>&mdash; Embajador V\u00edctor Koronelli (@EmbKoronelli) <a href=\"https:\/\/twitter.com\/EmbKoronelli\/status\/2013595117026754911?ref_src=twsrc%5Etfw\">January 20, 2026<\/a><\/blockquote><script async src=\"https:\/\/platform.twitter.com\/widgets.js\" charset=\"utf-8\"><\/script>\n<\/div><\/figure>\n\n\n\n<p>A esa dimensi\u00f3n se suma el componente simb\u00f3lico. Kolok\u00f3ltsev asisti\u00f3 en La Habana a un homenaje por los soldados cubanos fallecidos en Venezuela durante los recientes bombardeos estadounidenses que culminaron con la captura de Nicol\u00e1s Maduro, un gesto que conecta la visita con el escenario regional y con la narrativa de alianza frente a un adversario com\u00fan.<\/p>\n\n\n\n<p>La visita de Kolok\u00f3ltsev coincide adem\u00e1s con una intensa actividad diplom\u00e1tica de Estados Unidos en torno a Cuba. <\/p>\n\n\n\n<p>Un d\u00eda antes, el 20 de enero, el jefe de la misi\u00f3n estadounidense en La Habana, Mike Hammer, se reuni\u00f3 en Miami con el comandante en funciones del Comando Sur, el teniente general Evan L. Pettus, para analizar la \u201csituaci\u00f3n en Cuba y el Caribe\u201d y los principales desaf\u00edos pol\u00edticos, sociales y de seguridad de la regi\u00f3n. <\/p>\n\n\n\n<p>Tras el encuentro, Hammer confirm\u00f3 que el presidente Donald Trump mantiene conversaciones con La Habana y reiter\u00f3 que la actual Administraci\u00f3n exige la liberaci\u00f3n de todos los presos pol\u00edticos en la isla, incluyendo a los detenidos tras las protestas del 11 de julio de 2021, en un contexto de escalada de tensiones que el propio gobierno cubano ha descrito como preparativos para una \u201cguerra de todo el pueblo\u201d.<\/p>\n\n\n\n<p><strong>noticia relacionada: <a href=\"https:\/\/www.cuballama.com\/noticias\/mike-hammer-se-reune-con-comandante-del-comando-sur-para-hablar-sobre-situacion-en-cuba\/\" target=\"_blank\" rel=\"noreferrer noopener\">Mike Hammer se re\u00fane con Comandante del Comando Sur para hablar sobre \u201c situaci\u00f3n en Cuba\u201d<\/a><\/strong><\/p>\n\n\n\n<p>En un pa\u00eds golpeado por la escasez, la inflaci\u00f3n y el deterioro de sus servicios b\u00e1sicos, la llegada de un alto funcionario ruso vinculado al control interno introduce lecturas que van m\u00e1s all\u00e1 del discurso oficial. Para algunos, puede leerse como una b\u00fasqueda de respaldo frente a presiones externas; para otros, como parte del esfuerzo de Mosc\u00fa por consolidar una presencia estrat\u00e9gica en el Caribe. Por ahora, lo \u00fanico claro es que el \u00e9nfasis p\u00fablico no estuvo en el comercio ni en la inversi\u00f3n, sino en la seguridad y la coordinaci\u00f3n, un terreno donde los gestos suelen decir m\u00e1s de lo que se enuncia.<\/p>\n\n\n\n<p><\/p>\n","protected":false},"excerpt":{"rendered":"<p>La visita del ministro del Interior de Rusia a La Habana refuerza el eje de cooperaci\u00f3n en seguridad en un momento de alta tensi\u00f3n regional y presi\u00f3n directa de Estados Unidos sobre el Gobierno cubano.<\/p>\n","protected":false},"author":13,"featured_media":232814,"comment_status":"open","ping_status":"closed","sticky":false,"template":"","format":"standard","meta":{"_acf_changed":false,"footnotes":""},"categories":[18,955],"tags":[30135,11,602,1324,23162,2157,985,11017,1030,30136],"class_list":{"0":"post-232811","1":"post","2":"type-post","3":"status-publish","4":"format-standard","5":"has-post-thumbnail","7":"category-noticias","8":"category-noticias-de-cuba","9":"tag-comando-sur","10":"tag-cuba","11":"tag-estados-unidos","12":"tag-miguel-diaz-canel","13":"tag-mike-hammer","14":"tag-rusia","15":"tag-seguridad","16":"tag-superdestacado","17":"tag-venezuela","18":"tag-vladimir-kolokoltsev"},"acf":[],"yoast_head":"<!-- This site is optimized with the Yoast SEO plugin v27.4 - https:\/\/yoast.com\/product\/yoast-seo-wordpress\/ -->\n<title>Ministro del Interior de Rusia llega a Cuba en momento de tensi\u00f3n geopol\u00edtica regional y auge de la delincuencia - Cuballama Noticias<\/title>\n<meta name=\"description\" content=\"La visita del ministro ruso a Cuba refuerza la cooperaci\u00f3n en seguridad en medio de presiones de EE.UU. y tensi\u00f3n regional.\" \/>\n<meta name=\"robots\" content=\"index, follow, max-snippet:-1, max-image-preview:large, max-video-preview:-1\" \/>\n<link rel=\"canonical\" href=\"https:\/\/www.cuballama.com\/noticias\/ministro-del-interior-de-rusia-llega-a-cuba-en-momento-de-tension-geopolitica-regional-y-auge-de-la-delincuencia\/\" \/>\n<meta property=\"og:locale\" content=\"es_ES\" \/>\n<meta property=\"og:type\" content=\"article\" \/>\n<meta property=\"og:title\" content=\"Ministro del Interior de Rusia llega a Cuba en momento de tensi\u00f3n geopol\u00edtica regional y auge de la delincuencia - Cuballama Noticias\" \/>\n<meta property=\"og:description\" content=\"La visita del ministro ruso a Cuba refuerza la cooperaci\u00f3n en seguridad en medio de presiones de EE.UU. y tensi\u00f3n regional.\" \/>\n<meta property=\"og:url\" content=\"https:\/\/www.cuballama.com\/noticias\/ministro-del-interior-de-rusia-llega-a-cuba-en-momento-de-tension-geopolitica-regional-y-auge-de-la-delincuencia\/\" \/>\n<meta property=\"og:site_name\" content=\"Cuballama Noticias\" \/>\n<meta property=\"article:publisher\" content=\"https:\/\/www.facebook.com\/CubaLlama\" \/>\n<meta property=\"article:published_time\" content=\"2026-01-21T16:08:23+00:00\" \/>\n<meta property=\"article:modified_time\" content=\"2026-01-21T16:08:27+00:00\" \/>\n<meta property=\"og:image\" content=\"https:\/\/cdn1.mediawpaccore.net\/wp-content\/uploads\/2026\/01\/21045402\/615924678_888505790226420_6535207643680601408_n-e1768989282300.jpg\" \/>\n\t<meta property=\"og:image:width\" content=\"1179\" \/>\n\t<meta property=\"og:image:height\" content=\"705\" \/>\n\t<meta property=\"og:image:type\" content=\"image\/jpeg\" \/>\n<meta name=\"author\" content=\"Roberto A.\" \/>\n<meta name=\"twitter:card\" content=\"summary_large_image\" \/>\n<meta name=\"twitter:creator\" content=\"@cuballama\" \/>\n<meta name=\"twitter:site\" content=\"@cuballama\" \/>\n<meta name=\"twitter:label1\" content=\"Escrito por\" \/>\n\t<meta name=\"twitter:data1\" content=\"Roberto A.\" \/>\n\t<meta name=\"twitter:label2\" content=\"Tiempo de lectura\" \/>\n\t<meta name=\"twitter:data2\" content=\"4 minutos\" \/>\n<script type=\"application\/ld+json\" class=\"yoast-schema-graph\">{\"@context\":\"https:\\\/\\\/schema.org\",\"@graph\":[{\"@type\":\"Article\",\"@id\":\"https:\\\/\\\/www.cuballama.com\\\/noticias\\\/ministro-del-interior-de-rusia-llega-a-cuba-en-momento-de-tension-geopolitica-regional-y-auge-de-la-delincuencia\\\/#article\",\"isPartOf\":{\"@id\":\"https:\\\/\\\/www.cuballama.com\\\/noticias\\\/ministro-del-interior-de-rusia-llega-a-cuba-en-momento-de-tension-geopolitica-regional-y-auge-de-la-delincuencia\\\/\"},\"author\":{\"name\":\"Roberto A.\",\"@id\":\"https:\\\/\\\/www.cuballama.com\\\/noticias\\\/#\\\/schema\\\/person\\\/a58502ed4146c8e9f83872e897c76cd2\"},\"headline\":\"Ministro del Interior de Rusia llega a Cuba en momento de tensi\u00f3n geopol\u00edtica regional y auge de la delincuencia\",\"datePublished\":\"2026-01-21T16:08:23+00:00\",\"dateModified\":\"2026-01-21T16:08:27+00:00\",\"mainEntityOfPage\":{\"@id\":\"https:\\\/\\\/www.cuballama.com\\\/noticias\\\/ministro-del-interior-de-rusia-llega-a-cuba-en-momento-de-tension-geopolitica-regional-y-auge-de-la-delincuencia\\\/\"},\"wordCount\":893,\"commentCount\":0,\"publisher\":{\"@id\":\"https:\\\/\\\/www.cuballama.com\\\/noticias\\\/#organization\"},\"image\":{\"@id\":\"https:\\\/\\\/www.cuballama.com\\\/noticias\\\/ministro-del-interior-de-rusia-llega-a-cuba-en-momento-de-tension-geopolitica-regional-y-auge-de-la-delincuencia\\\/#primaryimage\"},\"thumbnailUrl\":\"https:\\\/\\\/cdn1.mediawpaccore.net\\\/wp-content\\\/uploads\\\/2026\\\/01\\\/21045402\\\/615924678_888505790226420_6535207643680601408_n-e1768989282300.jpg\",\"keywords\":[\"Comando Sur\",\"Cuba\",\"Estados Unidos\",\"Miguel D\u00edaz-Canel\",\"Mike Hammer\",\"Rusia\",\"Seguridad\",\"superdestacado\",\"venezuela\",\"Vladimir Kolok\u00f3ltsev\"],\"articleSection\":[\"Noticias\",\"Noticias de Cuba\"],\"inLanguage\":\"es\",\"potentialAction\":[{\"@type\":\"CommentAction\",\"name\":\"Comment\",\"target\":[\"https:\\\/\\\/www.cuballama.com\\\/noticias\\\/ministro-del-interior-de-rusia-llega-a-cuba-en-momento-de-tension-geopolitica-regional-y-auge-de-la-delincuencia\\\/#respond\"]}]},{\"@type\":\"WebPage\",\"@id\":\"https:\\\/\\\/www.cuballama.com\\\/noticias\\\/ministro-del-interior-de-rusia-llega-a-cuba-en-momento-de-tension-geopolitica-regional-y-auge-de-la-delincuencia\\\/\",\"url\":\"https:\\\/\\\/www.cuballama.com\\\/noticias\\\/ministro-del-interior-de-rusia-llega-a-cuba-en-momento-de-tension-geopolitica-regional-y-auge-de-la-delincuencia\\\/\",\"name\":\"Ministro del Interior de Rusia llega a Cuba en momento de tensi\u00f3n geopol\u00edtica regional y auge de la delincuencia - Cuballama Noticias\",\"isPartOf\":{\"@id\":\"https:\\\/\\\/www.cuballama.com\\\/noticias\\\/#website\"},\"primaryImageOfPage\":{\"@id\":\"https:\\\/\\\/www.cuballama.com\\\/noticias\\\/ministro-del-interior-de-rusia-llega-a-cuba-en-momento-de-tension-geopolitica-regional-y-auge-de-la-delincuencia\\\/#primaryimage\"},\"image\":{\"@id\":\"https:\\\/\\\/www.cuballama.com\\\/noticias\\\/ministro-del-interior-de-rusia-llega-a-cuba-en-momento-de-tension-geopolitica-regional-y-auge-de-la-delincuencia\\\/#primaryimage\"},\"thumbnailUrl\":\"https:\\\/\\\/cdn1.mediawpaccore.net\\\/wp-content\\\/uploads\\\/2026\\\/01\\\/21045402\\\/615924678_888505790226420_6535207643680601408_n-e1768989282300.jpg\",\"datePublished\":\"2026-01-21T16:08:23+00:00\",\"dateModified\":\"2026-01-21T16:08:27+00:00\",\"description\":\"La visita del ministro ruso a Cuba refuerza la cooperaci\u00f3n en seguridad en medio de presiones de EE.UU. y tensi\u00f3n regional.\",\"breadcrumb\":{\"@id\":\"https:\\\/\\\/www.cuballama.com\\\/noticias\\\/ministro-del-interior-de-rusia-llega-a-cuba-en-momento-de-tension-geopolitica-regional-y-auge-de-la-delincuencia\\\/#breadcrumb\"},\"inLanguage\":\"es\",\"potentialAction\":[{\"@type\":\"ReadAction\",\"target\":[\"https:\\\/\\\/www.cuballama.com\\\/noticias\\\/ministro-del-interior-de-rusia-llega-a-cuba-en-momento-de-tension-geopolitica-regional-y-auge-de-la-delincuencia\\\/\"]}]},{\"@type\":\"ImageObject\",\"inLanguage\":\"es\",\"@id\":\"https:\\\/\\\/www.cuballama.com\\\/noticias\\\/ministro-del-interior-de-rusia-llega-a-cuba-en-momento-de-tension-geopolitica-regional-y-auge-de-la-delincuencia\\\/#primaryimage\",\"url\":\"https:\\\/\\\/cdn1.mediawpaccore.net\\\/wp-content\\\/uploads\\\/2026\\\/01\\\/21045402\\\/615924678_888505790226420_6535207643680601408_n-e1768989282300.jpg\",\"contentUrl\":\"https:\\\/\\\/cdn1.mediawpaccore.net\\\/wp-content\\\/uploads\\\/2026\\\/01\\\/21045402\\\/615924678_888505790226420_6535207643680601408_n-e1768989282300.jpg\",\"width\":1179,\"height\":705,\"caption\":\"Foto: Embajada de Rusia en Cuba \\\/ Facebook Page\"},{\"@type\":\"BreadcrumbList\",\"@id\":\"https:\\\/\\\/www.cuballama.com\\\/noticias\\\/ministro-del-interior-de-rusia-llega-a-cuba-en-momento-de-tension-geopolitica-regional-y-auge-de-la-delincuencia\\\/#breadcrumb\",\"itemListElement\":[{\"@type\":\"ListItem\",\"position\":1,\"name\":\"Home\",\"item\":\"https:\\\/\\\/www.cuballama.com\\\/noticias\\\/\"},{\"@type\":\"ListItem\",\"position\":2,\"name\":\"Ministro del Interior de Rusia llega a Cuba en momento de tensi\u00f3n geopol\u00edtica regional y auge de la delincuencia\"}]},{\"@type\":\"WebSite\",\"@id\":\"https:\\\/\\\/www.cuballama.com\\\/noticias\\\/#website\",\"url\":\"https:\\\/\\\/www.cuballama.com\\\/noticias\\\/\",\"name\":\"Cuballama Noticias\",\"description\":\"Medio digital sobre Cuba y el mundo\",\"publisher\":{\"@id\":\"https:\\\/\\\/www.cuballama.com\\\/noticias\\\/#organization\"},\"potentialAction\":[{\"@type\":\"SearchAction\",\"target\":{\"@type\":\"EntryPoint\",\"urlTemplate\":\"https:\\\/\\\/www.cuballama.com\\\/noticias\\\/?s={search_term_string}\"},\"query-input\":{\"@type\":\"PropertyValueSpecification\",\"valueRequired\":true,\"valueName\":\"search_term_string\"}}],\"inLanguage\":\"es\"},{\"@type\":\"Organization\",\"@id\":\"https:\\\/\\\/www.cuballama.com\\\/noticias\\\/#organization\",\"name\":\"Cuballama\",\"url\":\"https:\\\/\\\/www.cuballama.com\\\/noticias\\\/\",\"logo\":{\"@type\":\"ImageObject\",\"inLanguage\":\"es\",\"@id\":\"https:\\\/\\\/www.cuballama.com\\\/noticias\\\/#\\\/schema\\\/logo\\\/image\\\/\",\"url\":\"https:\\\/\\\/cdn1.mediawpaccore.net\\\/wp-content\\\/uploads\\\/2021\\\/12\\\/28171206\\\/cbll-logo-color-sm.png\",\"contentUrl\":\"https:\\\/\\\/cdn1.mediawpaccore.net\\\/wp-content\\\/uploads\\\/2021\\\/12\\\/28171206\\\/cbll-logo-color-sm.png\",\"width\":600,\"height\":133,\"caption\":\"Cuballama\"},\"image\":{\"@id\":\"https:\\\/\\\/www.cuballama.com\\\/noticias\\\/#\\\/schema\\\/logo\\\/image\\\/\"},\"sameAs\":[\"https:\\\/\\\/www.facebook.com\\\/CubaLlama\",\"https:\\\/\\\/x.com\\\/cuballama\",\"https:\\\/\\\/www.instagram.com\\\/stories\\\/cuballama_oficial\\\/\",\"https:\\\/\\\/www.youtube.com\\\/channel\\\/UCKkFE-d_axENGZcrc4as0IA\"]},{\"@type\":\"Person\",\"@id\":\"https:\\\/\\\/www.cuballama.com\\\/noticias\\\/#\\\/schema\\\/person\\\/a58502ed4146c8e9f83872e897c76cd2\",\"name\":\"Roberto A.\",\"description\":\"Roberto A. Periodista por decisi\u00f3n propia. Interesado en cualquier tema que me apasione y cada vez m\u00e1s comprometido con la verdad y la objetividad period\u00edstica. Graduado en La Habana hace ya muchos a\u00f1os, luego de una accidentada y polvorienta b\u00fasqueda de informaci\u00f3n sobre un tema in\u00e9dito. La Tesis, por cierto, desapareci\u00f3 de la biblioteca y no se conservan copias de la misma.\",\"url\":\"https:\\\/\\\/www.cuballama.com\\\/noticias\\\/author\\\/roberto\\\/\"}]}<\/script>\n<!-- \/ Yoast SEO plugin. -->","yoast_head_json":{"title":"Ministro del Interior de Rusia llega a Cuba en momento de tensi\u00f3n geopol\u00edtica regional y auge de la delincuencia - Cuballama Noticias","description":"La visita del ministro ruso a Cuba refuerza la cooperaci\u00f3n en seguridad en medio de presiones de EE.UU. y tensi\u00f3n regional.","robots":{"index":"index","follow":"follow","max-snippet":"max-snippet:-1","max-image-preview":"max-image-preview:large","max-video-preview":"max-video-preview:-1"},"canonical":"https:\/\/www.cuballama.com\/noticias\/ministro-del-interior-de-rusia-llega-a-cuba-en-momento-de-tension-geopolitica-regional-y-auge-de-la-delincuencia\/","og_locale":"es_ES","og_type":"article","og_title":"Ministro del Interior de Rusia llega a Cuba en momento de tensi\u00f3n geopol\u00edtica regional y auge de la delincuencia - Cuballama Noticias","og_description":"La visita del ministro ruso a Cuba refuerza la cooperaci\u00f3n en seguridad en medio de presiones de EE.UU. y tensi\u00f3n regional.","og_url":"https:\/\/www.cuballama.com\/noticias\/ministro-del-interior-de-rusia-llega-a-cuba-en-momento-de-tension-geopolitica-regional-y-auge-de-la-delincuencia\/","og_site_name":"Cuballama Noticias","article_publisher":"https:\/\/www.facebook.com\/CubaLlama","article_published_time":"2026-01-21T16:08:23+00:00","article_modified_time":"2026-01-21T16:08:27+00:00","og_image":[{"width":1179,"height":705,"url":"https:\/\/cdn1.mediawpaccore.net\/wp-content\/uploads\/2026\/01\/21045402\/615924678_888505790226420_6535207643680601408_n-e1768989282300.jpg","type":"image\/jpeg"}],"author":"Roberto A.","twitter_card":"summary_large_image","twitter_creator":"@cuballama","twitter_site":"@cuballama","twitter_misc":{"Escrito por":"Roberto A.","Tiempo de lectura":"4 minutos"},"schema":{"@context":"https:\/\/schema.org","@graph":[{"@type":"Article","@id":"https:\/\/www.cuballama.com\/noticias\/ministro-del-interior-de-rusia-llega-a-cuba-en-momento-de-tension-geopolitica-regional-y-auge-de-la-delincuencia\/#article","isPartOf":{"@id":"https:\/\/www.cuballama.com\/noticias\/ministro-del-interior-de-rusia-llega-a-cuba-en-momento-de-tension-geopolitica-regional-y-auge-de-la-delincuencia\/"},"author":{"name":"Roberto A.","@id":"https:\/\/www.cuballama.com\/noticias\/#\/schema\/person\/a58502ed4146c8e9f83872e897c76cd2"},"headline":"Ministro del Interior de Rusia llega a Cuba en momento de tensi\u00f3n geopol\u00edtica regional y auge de la delincuencia","datePublished":"2026-01-21T16:08:23+00:00","dateModified":"2026-01-21T16:08:27+00:00","mainEntityOfPage":{"@id":"https:\/\/www.cuballama.com\/noticias\/ministro-del-interior-de-rusia-llega-a-cuba-en-momento-de-tension-geopolitica-regional-y-auge-de-la-delincuencia\/"},"wordCount":893,"commentCount":0,"publisher":{"@id":"https:\/\/www.cuballama.com\/noticias\/#organization"},"image":{"@id":"https:\/\/www.cuballama.com\/noticias\/ministro-del-interior-de-rusia-llega-a-cuba-en-momento-de-tension-geopolitica-regional-y-auge-de-la-delincuencia\/#primaryimage"},"thumbnailUrl":"https:\/\/cdn1.mediawpaccore.net\/wp-content\/uploads\/2026\/01\/21045402\/615924678_888505790226420_6535207643680601408_n-e1768989282300.jpg","keywords":["Comando Sur","Cuba","Estados Unidos","Miguel D\u00edaz-Canel","Mike Hammer","Rusia","Seguridad","superdestacado","venezuela","Vladimir Kolok\u00f3ltsev"],"articleSection":["Noticias","Noticias de Cuba"],"inLanguage":"es","potentialAction":[{"@type":"CommentAction","name":"Comment","target":["https:\/\/www.cuballama.com\/noticias\/ministro-del-interior-de-rusia-llega-a-cuba-en-momento-de-tension-geopolitica-regional-y-auge-de-la-delincuencia\/#respond"]}]},{"@type":"WebPage","@id":"https:\/\/www.cuballama.com\/noticias\/ministro-del-interior-de-rusia-llega-a-cuba-en-momento-de-tension-geopolitica-regional-y-auge-de-la-delincuencia\/","url":"https:\/\/www.cuballama.com\/noticias\/ministro-del-interior-de-rusia-llega-a-cuba-en-momento-de-tension-geopolitica-regional-y-auge-de-la-delincuencia\/","name":"Ministro del Interior de Rusia llega a Cuba en momento de tensi\u00f3n geopol\u00edtica regional y auge de la delincuencia - Cuballama Noticias","isPartOf":{"@id":"https:\/\/www.cuballama.com\/noticias\/#website"},"primaryImageOfPage":{"@id":"https:\/\/www.cuballama.com\/noticias\/ministro-del-interior-de-rusia-llega-a-cuba-en-momento-de-tension-geopolitica-regional-y-auge-de-la-delincuencia\/#primaryimage"},"image":{"@id":"https:\/\/www.cuballama.com\/noticias\/ministro-del-interior-de-rusia-llega-a-cuba-en-momento-de-tension-geopolitica-regional-y-auge-de-la-delincuencia\/#primaryimage"},"thumbnailUrl":"https:\/\/cdn1.mediawpaccore.net\/wp-content\/uploads\/2026\/01\/21045402\/615924678_888505790226420_6535207643680601408_n-e1768989282300.jpg","datePublished":"2026-01-21T16:08:23+00:00","dateModified":"2026-01-21T16:08:27+00:00","description":"La visita del ministro ruso a Cuba refuerza la cooperaci\u00f3n en seguridad en medio de presiones de EE.UU. y tensi\u00f3n regional.","breadcrumb":{"@id":"https:\/\/www.cuballama.com\/noticias\/ministro-del-interior-de-rusia-llega-a-cuba-en-momento-de-tension-geopolitica-regional-y-auge-de-la-delincuencia\/#breadcrumb"},"inLanguage":"es","potentialAction":[{"@type":"ReadAction","target":["https:\/\/www.cuballama.com\/noticias\/ministro-del-interior-de-rusia-llega-a-cuba-en-momento-de-tension-geopolitica-regional-y-auge-de-la-delincuencia\/"]}]},{"@type":"ImageObject","inLanguage":"es","@id":"https:\/\/www.cuballama.com\/noticias\/ministro-del-interior-de-rusia-llega-a-cuba-en-momento-de-tension-geopolitica-regional-y-auge-de-la-delincuencia\/#primaryimage","url":"https:\/\/cdn1.mediawpaccore.net\/wp-content\/uploads\/2026\/01\/21045402\/615924678_888505790226420_6535207643680601408_n-e1768989282300.jpg","contentUrl":"https:\/\/cdn1.mediawpaccore.net\/wp-content\/uploads\/2026\/01\/21045402\/615924678_888505790226420_6535207643680601408_n-e1768989282300.jpg","width":1179,"height":705,"caption":"Foto: Embajada de Rusia en Cuba \/ Facebook Page"},{"@type":"BreadcrumbList","@id":"https:\/\/www.cuballama.com\/noticias\/ministro-del-interior-de-rusia-llega-a-cuba-en-momento-de-tension-geopolitica-regional-y-auge-de-la-delincuencia\/#breadcrumb","itemListElement":[{"@type":"ListItem","position":1,"name":"Home","item":"https:\/\/www.cuballama.com\/noticias\/"},{"@type":"ListItem","position":2,"name":"Ministro del Interior de Rusia llega a Cuba en momento de tensi\u00f3n geopol\u00edtica regional y auge de la delincuencia"}]},{"@type":"WebSite","@id":"https:\/\/www.cuballama.com\/noticias\/#website","url":"https:\/\/www.cuballama.com\/noticias\/","name":"Cuballama Noticias","description":"Medio digital sobre Cuba y el mundo","publisher":{"@id":"https:\/\/www.cuballama.com\/noticias\/#organization"},"potentialAction":[{"@type":"SearchAction","target":{"@type":"EntryPoint","urlTemplate":"https:\/\/www.cuballama.com\/noticias\/?s={search_term_string}"},"query-input":{"@type":"PropertyValueSpecification","valueRequired":true,"valueName":"search_term_string"}}],"inLanguage":"es"},{"@type":"Organization","@id":"https:\/\/www.cuballama.com\/noticias\/#organization","name":"Cuballama","url":"https:\/\/www.cuballama.com\/noticias\/","logo":{"@type":"ImageObject","inLanguage":"es","@id":"https:\/\/www.cuballama.com\/noticias\/#\/schema\/logo\/image\/","url":"https:\/\/cdn1.mediawpaccore.net\/wp-content\/uploads\/2021\/12\/28171206\/cbll-logo-color-sm.png","contentUrl":"https:\/\/cdn1.mediawpaccore.net\/wp-content\/uploads\/2021\/12\/28171206\/cbll-logo-color-sm.png","width":600,"height":133,"caption":"Cuballama"},"image":{"@id":"https:\/\/www.cuballama.com\/noticias\/#\/schema\/logo\/image\/"},"sameAs":["https:\/\/www.facebook.com\/CubaLlama","https:\/\/x.com\/cuballama","https:\/\/www.instagram.com\/stories\/cuballama_oficial\/","https:\/\/www.youtube.com\/channel\/UCKkFE-d_axENGZcrc4as0IA"]},{"@type":"Person","@id":"https:\/\/www.cuballama.com\/noticias\/#\/schema\/person\/a58502ed4146c8e9f83872e897c76cd2","name":"Roberto A.","description":"Roberto A. Periodista por decisi\u00f3n propia. Interesado en cualquier tema que me apasione y cada vez m\u00e1s comprometido con la verdad y la objetividad period\u00edstica. Graduado en La Habana hace ya muchos a\u00f1os, luego de una accidentada y polvorienta b\u00fasqueda de informaci\u00f3n sobre un tema in\u00e9dito. La Tesis, por cierto, desapareci\u00f3 de la biblioteca y no se conservan copias de la misma.","url":"https:\/\/www.cuballama.com\/noticias\/author\/roberto\/"}]}},"_links":{"self":[{"href":"https:\/\/www.cuballama.com\/noticias\/wp-json\/wp\/v2\/posts\/232811","targetHints":{"allow":["GET"]}}],"collection":[{"href":"https:\/\/www.cuballama.com\/noticias\/wp-json\/wp\/v2\/posts"}],"about":[{"href":"https:\/\/www.cuballama.com\/noticias\/wp-json\/wp\/v2\/types\/post"}],"author":[{"embeddable":true,"href":"https:\/\/www.cuballama.com\/noticias\/wp-json\/wp\/v2\/users\/13"}],"replies":[{"embeddable":true,"href":"https:\/\/www.cuballama.com\/noticias\/wp-json\/wp\/v2\/comments?post=232811"}],"version-history":[{"count":2,"href":"https:\/\/www.cuballama.com\/noticias\/wp-json\/wp\/v2\/posts\/232811\/revisions"}],"predecessor-version":[{"id":232815,"href":"https:\/\/www.cuballama.com\/noticias\/wp-json\/wp\/v2\/posts\/232811\/revisions\/232815"}],"wp:featuredmedia":[{"embeddable":true,"href":"https:\/\/www.cuballama.com\/noticias\/wp-json\/wp\/v2\/media\/232814"}],"wp:attachment":[{"href":"https:\/\/www.cuballama.com\/noticias\/wp-json\/wp\/v2\/media?parent=232811"}],"wp:term":[{"taxonomy":"category","embeddable":true,"href":"https:\/\/www.cuballama.com\/noticias\/wp-json\/wp\/v2\/categories?post=232811"},{"taxonomy":"post_tag","embeddable":true,"href":"https:\/\/www.cuballama.com\/noticias\/wp-json\/wp\/v2\/tags?post=232811"}],"curies":[{"name":"wp","href":"https:\/\/api.w.org\/{rel}","templated":true}]}}