{"id":232807,"date":"2026-01-20T17:09:46","date_gmt":"2026-01-20T22:09:46","guid":{"rendered":"https:\/\/www.cuballama.com\/noticias\/?p=232807"},"modified":"2026-01-20T17:09:49","modified_gmt":"2026-01-20T22:09:49","slug":"alcalde-mexicano-pide-mudar-embajada-cubana-y-sheinbaum-lo-minimiza","status":"publish","type":"post","link":"https:\/\/www.cuballama.com\/noticias\/alcalde-mexicano-pide-mudar-embajada-cubana-y-sheinbaum-lo-minimiza\/","title":{"rendered":"Alcalde\u00a0mexicano pide mudar Embajada cubana y Sheinbaum lo minimiza"},"content":{"rendered":"\n<p><\/p>\n\n\n\n<p><\/p>\n\n\n\n<p>La presidenta de M\u00e9xico, Claudia Sheinbaum, minimiz\u00f3 la petici\u00f3n de un alcalde opositor de la capital de reubicar fuera de su demarcaci\u00f3n las embajadas de Cuba, Venezuela y Nicaragua a cuyos\u00a0 gobiernos calific\u00f3 de \u00abdictaduras\u00a0\u00bb que\u00a0 \u00abhan abusado del poder\u00bb.<\/p>\n\n\n\n<p>\u00abQuiere llamar la atenci\u00f3n\u00bb dijo Sheinbaum con ir\u00f3nica sonrisa durante su conferencia de prensa de este lunes \u00abporque no tiene atribuciones\u00bb agreg\u00f3 al ser preguntada sobre la sugerencia de Mauricio Tabe Echartea, alcalde de Miguel Hidalgo, uno de los distritos m\u00e1s importantes de la capital y donde est\u00e1n concentradas buena parte de las legaciones diplom\u00e1ticas.<\/p>\n\n\n\n<p>Tabe Echartea, que es miembro del opositor Partido Acci\u00f3n Nacional, se dirigi\u00f3 a trav\u00e9s de sus redes sociales&nbsp;&nbsp;para anunciar que pedir\u00e1 a&nbsp; la Secretar\u00eda de Relaciones Exteriores (SRE) la mudanza de su distrito territorial de estas tres embajadas \u00abporque no podemos recibir con los brazos abiertos a quienes representan gobiernos criminales\u00bb (&#8230;)\u00bbno podemos ser indiferentes ante el sufrimiento de millones de personas\u00bb.<\/p>\n\n\n\n<p>\u00abHasta que esos paises tengan gobiernos leg\u00edtimos, electos por su gente, donde se respete la libertad y se liberen los presos pol\u00edticos, entonces esos gobiernos s\u00ed ser\u00e1n bienvenidos\u00bb afirm\u00f3.<\/p>\n\n\n\n<p>\u00abTal vez esto sea una solicitud que no cambie nada, pero s\u00ed deja algo muy claro: mientras sea alcalde en Miguel Hidalgo, no abrazamos criminales, no respaldamos abusos y no guardamos silencio frente a la injusticia porque es complicidad\u00bb finaliz\u00f3 su mensaje el pol\u00edtico del PAN.<\/p>\n\n\n\n<p>\u00abNo definen ellos la pol\u00edtica exterior\u00bb respondi\u00f3 la mandataria mexicana \u00abes una visi\u00f3n muy conservadora \u00bfno?\u00bb apunt\u00f3 Sheinbaum&nbsp; quien reconoci\u00f3 que la relaci\u00f3n formal de M\u00e9xico es con los gobiernos \u00abpero la relaci\u00f3n principal es con los pueblos\u00bb.Para la presidenta, el \u00abobjetivo\u00bb de Tabe &#8211; a quien no mencion\u00f3 por su nombre-&nbsp; es \u00abque todo el mundo hable de eso\u00bb, de \u00abllamar la atenci\u00f3n\u00bb.<\/p>\n\n\n\n<p>Le aconsej\u00f3 que \u00abse dedique a su tema que tiene que atender\u00bb. La postura de Tabe\u00a0 se produce seis meses despu\u00e9s de la de su hom\u00f3loga panista, la alcaldesa capitalina\u00a0 de \u00abCuauth\u00e9moc\u00bb,\u00a0 de remover de un parque de su territorio las estatuas de Fidel Castro y del Che Guevara.\u00a0<br>Alessandra Rojo de la Vega argument\u00f3 que las efigies no contaban con los permisos obligatorios y registraban irregularidades en su instalaci\u00f3n, lo que provoc\u00f3 igualmente el inmediato rechazo de la presidenta de la rep\u00fablica.<\/p>\n\n\n\n<p>En esta tensa situaci\u00f3n que registra en el hemisferio occidental una marea de triunfos electorales de candidatos derechistas, la violenta detenci\u00f3n en Caracas de Nicol\u00e1s Maduro y su esposa y llevados ante un tribunal de Nueva York, y los efectos de la \u00abNeo\u00bb Doctrina Monroe de Donald Trump, Sheinbaum ha continuado, bajo presi\u00f3n,\u00a0 con su respaldo ideol\u00f3gico y el importante env\u00edo de petr\u00f3leo a a La Habana.<\/p>\n\n\n\n<p>En este contexto, recibe con los brazos abiertos la inusual f\u00f3rmula de una pareja de embajadores, y pareja en la vida, Eugenio Mart\u00ednez, que se desempe\u00f1aba como director general de Am\u00e9rica Latina y el Caribe del Minrex, y la pol\u00e9mica \u00abvocera\u00bb de la canciller\u00eda, Yohana Tablada, a quien el se\u00f1or Tabe no quisiera encontr\u00e1rselo en Polanco, esa exclusiva zona de negocios, lujo , gastronom\u00eda y diplomacia.<\/p>\n\n\n\n<p><\/p>\n\n\n\n<p><\/p>\n","protected":false},"excerpt":{"rendered":"<p>La presidenta de M\u00e9xico, Claudia Sheinbaum, minimiz\u00f3 la petici\u00f3n de un alcalde opositor de la capital de reubicar fuera de su demarcaci\u00f3n las embajadas de Cuba, Venezuela y Nicaragua a cuyos\u00a0 gobiernos calific\u00f3 de \u00abdictaduras\u00a0\u00bb que\u00a0 \u00abhan abusado del poder\u00bb.<\/p>\n","protected":false},"author":24,"featured_media":187256,"comment_status":"open","ping_status":"closed","sticky":false,"template":"","format":"standard","meta":{"_acf_changed":false,"footnotes":""},"categories":[18,955],"tags":[22614,10867,11,92,941],"class_list":{"0":"post-232807","1":"post","2":"type-post","3":"status-publish","4":"format-standard","5":"has-post-thumbnail","7":"category-noticias","8":"category-noticias-de-cuba","9":"tag-claudia-sheinbaum","10":"tag-crisis-en-cuba","11":"tag-cuba","12":"tag-cubanos","13":"tag-destacado"},"acf":[],"yoast_head":"<!-- This site is optimized with the Yoast SEO plugin v27.5 - https:\/\/yoast.com\/product\/yoast-seo-wordpress\/ -->\n<title>Alcalde\u00a0mexicano pide mudar Embajada cubana y Sheinbaum lo minimiza - Cuballama Noticias<\/title>\n<meta name=\"description\" content=\"La presidenta de M\u00e9xico, Claudia Sheinbaum, minimiz\u00f3 la petici\u00f3n de un alcalde opositor de la capital mexicana.\" \/>\n<meta name=\"robots\" content=\"index, follow, max-snippet:-1, max-image-preview:large, max-video-preview:-1\" \/>\n<link rel=\"canonical\" href=\"https:\/\/www.cuballama.com\/noticias\/alcalde-mexicano-pide-mudar-embajada-cubana-y-sheinbaum-lo-minimiza\/\" \/>\n<meta property=\"og:locale\" content=\"es_ES\" \/>\n<meta property=\"og:type\" content=\"article\" \/>\n<meta property=\"og:title\" content=\"Alcalde\u00a0mexicano pide mudar Embajada cubana y Sheinbaum lo minimiza - Cuballama Noticias\" \/>\n<meta property=\"og:description\" content=\"La presidenta de M\u00e9xico, Claudia Sheinbaum, minimiz\u00f3 la petici\u00f3n de un alcalde opositor de la capital mexicana.\" \/>\n<meta property=\"og:url\" content=\"https:\/\/www.cuballama.com\/noticias\/alcalde-mexicano-pide-mudar-embajada-cubana-y-sheinbaum-lo-minimiza\/\" \/>\n<meta property=\"og:site_name\" content=\"Cuballama Noticias\" \/>\n<meta property=\"article:publisher\" content=\"https:\/\/www.facebook.com\/CubaLlama\" \/>\n<meta property=\"article:published_time\" content=\"2026-01-20T22:09:46+00:00\" \/>\n<meta property=\"article:modified_time\" content=\"2026-01-20T22:09:49+00:00\" \/>\n<meta property=\"og:image\" content=\"https:\/\/cdn1.mediawpaccore.net\/wp-content\/uploads\/2024\/10\/24062520\/Untitled-design-2024-10-24T122511.040.jpg\" \/>\n\t<meta property=\"og:image:width\" content=\"1200\" \/>\n\t<meta property=\"og:image:height\" content=\"630\" \/>\n\t<meta property=\"og:image:type\" content=\"image\/jpeg\" \/>\n<meta name=\"author\" content=\"Manu\" \/>\n<meta name=\"twitter:card\" content=\"summary_large_image\" \/>\n<meta name=\"twitter:creator\" content=\"@cuballama\" \/>\n<meta name=\"twitter:site\" content=\"@cuballama\" \/>\n<meta name=\"twitter:label1\" content=\"Escrito por\" \/>\n\t<meta name=\"twitter:data1\" content=\"Manu\" \/>\n\t<meta name=\"twitter:label2\" content=\"Tiempo de lectura\" \/>\n\t<meta name=\"twitter:data2\" content=\"3 minutos\" \/>\n<script type=\"application\/ld+json\" class=\"yoast-schema-graph\">{\"@context\":\"https:\\\/\\\/schema.org\",\"@graph\":[{\"@type\":\"Article\",\"@id\":\"https:\\\/\\\/www.cuballama.com\\\/noticias\\\/alcalde-mexicano-pide-mudar-embajada-cubana-y-sheinbaum-lo-minimiza\\\/#article\",\"isPartOf\":{\"@id\":\"https:\\\/\\\/www.cuballama.com\\\/noticias\\\/alcalde-mexicano-pide-mudar-embajada-cubana-y-sheinbaum-lo-minimiza\\\/\"},\"author\":{\"name\":\"Manu\",\"@id\":\"https:\\\/\\\/www.cuballama.com\\\/noticias\\\/#\\\/schema\\\/person\\\/5889f7d070564f8386e7944d14d436cd\"},\"headline\":\"Alcalde\u00a0mexicano pide mudar Embajada cubana y Sheinbaum lo minimiza\",\"datePublished\":\"2026-01-20T22:09:46+00:00\",\"dateModified\":\"2026-01-20T22:09:49+00:00\",\"mainEntityOfPage\":{\"@id\":\"https:\\\/\\\/www.cuballama.com\\\/noticias\\\/alcalde-mexicano-pide-mudar-embajada-cubana-y-sheinbaum-lo-minimiza\\\/\"},\"wordCount\":570,\"commentCount\":0,\"publisher\":{\"@id\":\"https:\\\/\\\/www.cuballama.com\\\/noticias\\\/#organization\"},\"image\":{\"@id\":\"https:\\\/\\\/www.cuballama.com\\\/noticias\\\/alcalde-mexicano-pide-mudar-embajada-cubana-y-sheinbaum-lo-minimiza\\\/#primaryimage\"},\"thumbnailUrl\":\"https:\\\/\\\/cdn1.mediawpaccore.net\\\/wp-content\\\/uploads\\\/2024\\\/10\\\/24062520\\\/Untitled-design-2024-10-24T122511.040.jpg\",\"keywords\":[\"Claudia Sheinbaum\",\"Crisis en Cuba\",\"Cuba\",\"cubanos\",\"destacado\"],\"articleSection\":[\"Noticias\",\"Noticias de Cuba\"],\"inLanguage\":\"es\",\"potentialAction\":[{\"@type\":\"CommentAction\",\"name\":\"Comment\",\"target\":[\"https:\\\/\\\/www.cuballama.com\\\/noticias\\\/alcalde-mexicano-pide-mudar-embajada-cubana-y-sheinbaum-lo-minimiza\\\/#respond\"]}]},{\"@type\":\"WebPage\",\"@id\":\"https:\\\/\\\/www.cuballama.com\\\/noticias\\\/alcalde-mexicano-pide-mudar-embajada-cubana-y-sheinbaum-lo-minimiza\\\/\",\"url\":\"https:\\\/\\\/www.cuballama.com\\\/noticias\\\/alcalde-mexicano-pide-mudar-embajada-cubana-y-sheinbaum-lo-minimiza\\\/\",\"name\":\"Alcalde\u00a0mexicano pide mudar Embajada cubana y Sheinbaum lo minimiza - Cuballama Noticias\",\"isPartOf\":{\"@id\":\"https:\\\/\\\/www.cuballama.com\\\/noticias\\\/#website\"},\"primaryImageOfPage\":{\"@id\":\"https:\\\/\\\/www.cuballama.com\\\/noticias\\\/alcalde-mexicano-pide-mudar-embajada-cubana-y-sheinbaum-lo-minimiza\\\/#primaryimage\"},\"image\":{\"@id\":\"https:\\\/\\\/www.cuballama.com\\\/noticias\\\/alcalde-mexicano-pide-mudar-embajada-cubana-y-sheinbaum-lo-minimiza\\\/#primaryimage\"},\"thumbnailUrl\":\"https:\\\/\\\/cdn1.mediawpaccore.net\\\/wp-content\\\/uploads\\\/2024\\\/10\\\/24062520\\\/Untitled-design-2024-10-24T122511.040.jpg\",\"datePublished\":\"2026-01-20T22:09:46+00:00\",\"dateModified\":\"2026-01-20T22:09:49+00:00\",\"description\":\"La presidenta de M\u00e9xico, Claudia Sheinbaum, minimiz\u00f3 la petici\u00f3n de un alcalde opositor de la capital mexicana.\",\"breadcrumb\":{\"@id\":\"https:\\\/\\\/www.cuballama.com\\\/noticias\\\/alcalde-mexicano-pide-mudar-embajada-cubana-y-sheinbaum-lo-minimiza\\\/#breadcrumb\"},\"inLanguage\":\"es\",\"potentialAction\":[{\"@type\":\"ReadAction\",\"target\":[\"https:\\\/\\\/www.cuballama.com\\\/noticias\\\/alcalde-mexicano-pide-mudar-embajada-cubana-y-sheinbaum-lo-minimiza\\\/\"]}]},{\"@type\":\"ImageObject\",\"inLanguage\":\"es\",\"@id\":\"https:\\\/\\\/www.cuballama.com\\\/noticias\\\/alcalde-mexicano-pide-mudar-embajada-cubana-y-sheinbaum-lo-minimiza\\\/#primaryimage\",\"url\":\"https:\\\/\\\/cdn1.mediawpaccore.net\\\/wp-content\\\/uploads\\\/2024\\\/10\\\/24062520\\\/Untitled-design-2024-10-24T122511.040.jpg\",\"contentUrl\":\"https:\\\/\\\/cdn1.mediawpaccore.net\\\/wp-content\\\/uploads\\\/2024\\\/10\\\/24062520\\\/Untitled-design-2024-10-24T122511.040.jpg\",\"width\":1200,\"height\":630,\"caption\":\"La presidenta de M\u00e9xico, Claudia Sheinbaum Foto: Perfil de X\"},{\"@type\":\"BreadcrumbList\",\"@id\":\"https:\\\/\\\/www.cuballama.com\\\/noticias\\\/alcalde-mexicano-pide-mudar-embajada-cubana-y-sheinbaum-lo-minimiza\\\/#breadcrumb\",\"itemListElement\":[{\"@type\":\"ListItem\",\"position\":1,\"name\":\"Home\",\"item\":\"https:\\\/\\\/www.cuballama.com\\\/noticias\\\/\"},{\"@type\":\"ListItem\",\"position\":2,\"name\":\"Alcalde\u00a0mexicano pide mudar Embajada cubana y Sheinbaum lo minimiza\"}]},{\"@type\":\"WebSite\",\"@id\":\"https:\\\/\\\/www.cuballama.com\\\/noticias\\\/#website\",\"url\":\"https:\\\/\\\/www.cuballama.com\\\/noticias\\\/\",\"name\":\"Cuballama Noticias\",\"description\":\"Medio digital sobre Cuba y el mundo\",\"publisher\":{\"@id\":\"https:\\\/\\\/www.cuballama.com\\\/noticias\\\/#organization\"},\"potentialAction\":[{\"@type\":\"SearchAction\",\"target\":{\"@type\":\"EntryPoint\",\"urlTemplate\":\"https:\\\/\\\/www.cuballama.com\\\/noticias\\\/?s={search_term_string}\"},\"query-input\":{\"@type\":\"PropertyValueSpecification\",\"valueRequired\":true,\"valueName\":\"search_term_string\"}}],\"inLanguage\":\"es\"},{\"@type\":\"Organization\",\"@id\":\"https:\\\/\\\/www.cuballama.com\\\/noticias\\\/#organization\",\"name\":\"Cuballama\",\"url\":\"https:\\\/\\\/www.cuballama.com\\\/noticias\\\/\",\"logo\":{\"@type\":\"ImageObject\",\"inLanguage\":\"es\",\"@id\":\"https:\\\/\\\/www.cuballama.com\\\/noticias\\\/#\\\/schema\\\/logo\\\/image\\\/\",\"url\":\"https:\\\/\\\/cdn1.mediawpaccore.net\\\/wp-content\\\/uploads\\\/2021\\\/12\\\/28171206\\\/cbll-logo-color-sm.png\",\"contentUrl\":\"https:\\\/\\\/cdn1.mediawpaccore.net\\\/wp-content\\\/uploads\\\/2021\\\/12\\\/28171206\\\/cbll-logo-color-sm.png\",\"width\":600,\"height\":133,\"caption\":\"Cuballama\"},\"image\":{\"@id\":\"https:\\\/\\\/www.cuballama.com\\\/noticias\\\/#\\\/schema\\\/logo\\\/image\\\/\"},\"sameAs\":[\"https:\\\/\\\/www.facebook.com\\\/CubaLlama\",\"https:\\\/\\\/x.com\\\/cuballama\",\"https:\\\/\\\/www.instagram.com\\\/stories\\\/cuballama_oficial\\\/\",\"https:\\\/\\\/www.youtube.com\\\/channel\\\/UCKkFE-d_axENGZcrc4as0IA\"]},{\"@type\":\"Person\",\"@id\":\"https:\\\/\\\/www.cuballama.com\\\/noticias\\\/#\\\/schema\\\/person\\\/5889f7d070564f8386e7944d14d436cd\",\"name\":\"Manu\",\"url\":\"https:\\\/\\\/www.cuballama.com\\\/noticias\\\/author\\\/manu\\\/\"}]}<\/script>\n<!-- \/ Yoast SEO plugin. -->","yoast_head_json":{"title":"Alcalde\u00a0mexicano pide mudar Embajada cubana y Sheinbaum lo minimiza - Cuballama Noticias","description":"La presidenta de M\u00e9xico, Claudia Sheinbaum, minimiz\u00f3 la petici\u00f3n de un alcalde opositor de la capital mexicana.","robots":{"index":"index","follow":"follow","max-snippet":"max-snippet:-1","max-image-preview":"max-image-preview:large","max-video-preview":"max-video-preview:-1"},"canonical":"https:\/\/www.cuballama.com\/noticias\/alcalde-mexicano-pide-mudar-embajada-cubana-y-sheinbaum-lo-minimiza\/","og_locale":"es_ES","og_type":"article","og_title":"Alcalde\u00a0mexicano pide mudar Embajada cubana y Sheinbaum lo minimiza - Cuballama Noticias","og_description":"La presidenta de M\u00e9xico, Claudia Sheinbaum, minimiz\u00f3 la petici\u00f3n de un alcalde opositor de la capital mexicana.","og_url":"https:\/\/www.cuballama.com\/noticias\/alcalde-mexicano-pide-mudar-embajada-cubana-y-sheinbaum-lo-minimiza\/","og_site_name":"Cuballama Noticias","article_publisher":"https:\/\/www.facebook.com\/CubaLlama","article_published_time":"2026-01-20T22:09:46+00:00","article_modified_time":"2026-01-20T22:09:49+00:00","og_image":[{"width":1200,"height":630,"url":"https:\/\/cdn1.mediawpaccore.net\/wp-content\/uploads\/2024\/10\/24062520\/Untitled-design-2024-10-24T122511.040.jpg","type":"image\/jpeg"}],"author":"Manu","twitter_card":"summary_large_image","twitter_creator":"@cuballama","twitter_site":"@cuballama","twitter_misc":{"Escrito por":"Manu","Tiempo de lectura":"3 minutos"},"schema":{"@context":"https:\/\/schema.org","@graph":[{"@type":"Article","@id":"https:\/\/www.cuballama.com\/noticias\/alcalde-mexicano-pide-mudar-embajada-cubana-y-sheinbaum-lo-minimiza\/#article","isPartOf":{"@id":"https:\/\/www.cuballama.com\/noticias\/alcalde-mexicano-pide-mudar-embajada-cubana-y-sheinbaum-lo-minimiza\/"},"author":{"name":"Manu","@id":"https:\/\/www.cuballama.com\/noticias\/#\/schema\/person\/5889f7d070564f8386e7944d14d436cd"},"headline":"Alcalde\u00a0mexicano pide mudar Embajada cubana y Sheinbaum lo minimiza","datePublished":"2026-01-20T22:09:46+00:00","dateModified":"2026-01-20T22:09:49+00:00","mainEntityOfPage":{"@id":"https:\/\/www.cuballama.com\/noticias\/alcalde-mexicano-pide-mudar-embajada-cubana-y-sheinbaum-lo-minimiza\/"},"wordCount":570,"commentCount":0,"publisher":{"@id":"https:\/\/www.cuballama.com\/noticias\/#organization"},"image":{"@id":"https:\/\/www.cuballama.com\/noticias\/alcalde-mexicano-pide-mudar-embajada-cubana-y-sheinbaum-lo-minimiza\/#primaryimage"},"thumbnailUrl":"https:\/\/cdn1.mediawpaccore.net\/wp-content\/uploads\/2024\/10\/24062520\/Untitled-design-2024-10-24T122511.040.jpg","keywords":["Claudia Sheinbaum","Crisis en Cuba","Cuba","cubanos","destacado"],"articleSection":["Noticias","Noticias de Cuba"],"inLanguage":"es","potentialAction":[{"@type":"CommentAction","name":"Comment","target":["https:\/\/www.cuballama.com\/noticias\/alcalde-mexicano-pide-mudar-embajada-cubana-y-sheinbaum-lo-minimiza\/#respond"]}]},{"@type":"WebPage","@id":"https:\/\/www.cuballama.com\/noticias\/alcalde-mexicano-pide-mudar-embajada-cubana-y-sheinbaum-lo-minimiza\/","url":"https:\/\/www.cuballama.com\/noticias\/alcalde-mexicano-pide-mudar-embajada-cubana-y-sheinbaum-lo-minimiza\/","name":"Alcalde\u00a0mexicano pide mudar Embajada cubana y Sheinbaum lo minimiza - Cuballama Noticias","isPartOf":{"@id":"https:\/\/www.cuballama.com\/noticias\/#website"},"primaryImageOfPage":{"@id":"https:\/\/www.cuballama.com\/noticias\/alcalde-mexicano-pide-mudar-embajada-cubana-y-sheinbaum-lo-minimiza\/#primaryimage"},"image":{"@id":"https:\/\/www.cuballama.com\/noticias\/alcalde-mexicano-pide-mudar-embajada-cubana-y-sheinbaum-lo-minimiza\/#primaryimage"},"thumbnailUrl":"https:\/\/cdn1.mediawpaccore.net\/wp-content\/uploads\/2024\/10\/24062520\/Untitled-design-2024-10-24T122511.040.jpg","datePublished":"2026-01-20T22:09:46+00:00","dateModified":"2026-01-20T22:09:49+00:00","description":"La presidenta de M\u00e9xico, Claudia Sheinbaum, minimiz\u00f3 la petici\u00f3n de un alcalde opositor de la capital mexicana.","breadcrumb":{"@id":"https:\/\/www.cuballama.com\/noticias\/alcalde-mexicano-pide-mudar-embajada-cubana-y-sheinbaum-lo-minimiza\/#breadcrumb"},"inLanguage":"es","potentialAction":[{"@type":"ReadAction","target":["https:\/\/www.cuballama.com\/noticias\/alcalde-mexicano-pide-mudar-embajada-cubana-y-sheinbaum-lo-minimiza\/"]}]},{"@type":"ImageObject","inLanguage":"es","@id":"https:\/\/www.cuballama.com\/noticias\/alcalde-mexicano-pide-mudar-embajada-cubana-y-sheinbaum-lo-minimiza\/#primaryimage","url":"https:\/\/cdn1.mediawpaccore.net\/wp-content\/uploads\/2024\/10\/24062520\/Untitled-design-2024-10-24T122511.040.jpg","contentUrl":"https:\/\/cdn1.mediawpaccore.net\/wp-content\/uploads\/2024\/10\/24062520\/Untitled-design-2024-10-24T122511.040.jpg","width":1200,"height":630,"caption":"La presidenta de M\u00e9xico, Claudia Sheinbaum Foto: Perfil de X"},{"@type":"BreadcrumbList","@id":"https:\/\/www.cuballama.com\/noticias\/alcalde-mexicano-pide-mudar-embajada-cubana-y-sheinbaum-lo-minimiza\/#breadcrumb","itemListElement":[{"@type":"ListItem","position":1,"name":"Home","item":"https:\/\/www.cuballama.com\/noticias\/"},{"@type":"ListItem","position":2,"name":"Alcalde\u00a0mexicano pide mudar Embajada cubana y Sheinbaum lo minimiza"}]},{"@type":"WebSite","@id":"https:\/\/www.cuballama.com\/noticias\/#website","url":"https:\/\/www.cuballama.com\/noticias\/","name":"Cuballama Noticias","description":"Medio digital sobre Cuba y el mundo","publisher":{"@id":"https:\/\/www.cuballama.com\/noticias\/#organization"},"potentialAction":[{"@type":"SearchAction","target":{"@type":"EntryPoint","urlTemplate":"https:\/\/www.cuballama.com\/noticias\/?s={search_term_string}"},"query-input":{"@type":"PropertyValueSpecification","valueRequired":true,"valueName":"search_term_string"}}],"inLanguage":"es"},{"@type":"Organization","@id":"https:\/\/www.cuballama.com\/noticias\/#organization","name":"Cuballama","url":"https:\/\/www.cuballama.com\/noticias\/","logo":{"@type":"ImageObject","inLanguage":"es","@id":"https:\/\/www.cuballama.com\/noticias\/#\/schema\/logo\/image\/","url":"https:\/\/cdn1.mediawpaccore.net\/wp-content\/uploads\/2021\/12\/28171206\/cbll-logo-color-sm.png","contentUrl":"https:\/\/cdn1.mediawpaccore.net\/wp-content\/uploads\/2021\/12\/28171206\/cbll-logo-color-sm.png","width":600,"height":133,"caption":"Cuballama"},"image":{"@id":"https:\/\/www.cuballama.com\/noticias\/#\/schema\/logo\/image\/"},"sameAs":["https:\/\/www.facebook.com\/CubaLlama","https:\/\/x.com\/cuballama","https:\/\/www.instagram.com\/stories\/cuballama_oficial\/","https:\/\/www.youtube.com\/channel\/UCKkFE-d_axENGZcrc4as0IA"]},{"@type":"Person","@id":"https:\/\/www.cuballama.com\/noticias\/#\/schema\/person\/5889f7d070564f8386e7944d14d436cd","name":"Manu","url":"https:\/\/www.cuballama.com\/noticias\/author\/manu\/"}]}},"_links":{"self":[{"href":"https:\/\/www.cuballama.com\/noticias\/wp-json\/wp\/v2\/posts\/232807","targetHints":{"allow":["GET"]}}],"collection":[{"href":"https:\/\/www.cuballama.com\/noticias\/wp-json\/wp\/v2\/posts"}],"about":[{"href":"https:\/\/www.cuballama.com\/noticias\/wp-json\/wp\/v2\/types\/post"}],"author":[{"embeddable":true,"href":"https:\/\/www.cuballama.com\/noticias\/wp-json\/wp\/v2\/users\/24"}],"replies":[{"embeddable":true,"href":"https:\/\/www.cuballama.com\/noticias\/wp-json\/wp\/v2\/comments?post=232807"}],"version-history":[{"count":2,"href":"https:\/\/www.cuballama.com\/noticias\/wp-json\/wp\/v2\/posts\/232807\/revisions"}],"predecessor-version":[{"id":232809,"href":"https:\/\/www.cuballama.com\/noticias\/wp-json\/wp\/v2\/posts\/232807\/revisions\/232809"}],"wp:featuredmedia":[{"embeddable":true,"href":"https:\/\/www.cuballama.com\/noticias\/wp-json\/wp\/v2\/media\/187256"}],"wp:attachment":[{"href":"https:\/\/www.cuballama.com\/noticias\/wp-json\/wp\/v2\/media?parent=232807"}],"wp:term":[{"taxonomy":"category","embeddable":true,"href":"https:\/\/www.cuballama.com\/noticias\/wp-json\/wp\/v2\/categories?post=232807"},{"taxonomy":"post_tag","embeddable":true,"href":"https:\/\/www.cuballama.com\/noticias\/wp-json\/wp\/v2\/tags?post=232807"}],"curies":[{"name":"wp","href":"https:\/\/api.w.org\/{rel}","templated":true}]}}