{"id":232794,"date":"2026-01-20T14:25:25","date_gmt":"2026-01-20T19:25:25","guid":{"rendered":"https:\/\/www.cuballama.com\/noticias\/?p=232794"},"modified":"2026-01-20T14:25:28","modified_gmt":"2026-01-20T19:25:28","slug":"mike-hammer-se-reune-con-comandante-del-comando-sur-para-hablar-sobre-situacion-en-cuba","status":"publish","type":"post","link":"https:\/\/www.cuballama.com\/noticias\/mike-hammer-se-reune-con-comandante-del-comando-sur-para-hablar-sobre-situacion-en-cuba\/","title":{"rendered":"Mike Hammer se re\u00fane con Comandante del Comando Sur para hablar sobre \u201c situaci\u00f3n en Cuba\u201d"},"content":{"rendered":"\n<p><\/p>\n\n\n\n<p>El jefe de la misi\u00f3n diplom\u00e1tica estadounidense en Cuba, Mike Hammer, sostuvo un encuentro con el Comandante en funciones del Comando Sur de los Estados Unidos (U.S. Southern Command, SOUTHCOM), Teniente General Evan L. Pettus, para analizar la situaci\u00f3n en Cuba y el Caribe, as\u00ed como los principales desaf\u00edos pol\u00edticos, sociales y de seguridad que enfrenta la regi\u00f3n.<\/p>\n\n\n\n<p>En este contexto, el jefe de la embajada estadounidense en La Habana confirm\u00f3 que el presidente Donald Trump mantiene conversaciones con la isla.<\/p>\n\n\n\n<p> \u201cCuando el presidente Trump dice algo, lo dice con claridad y sin ambig\u00fcedades\u201d, afirm\u00f3 Hammer, al tiempo que subray\u00f3 que la pol\u00edtica de la actual Administraci\u00f3n contin\u00faa enfocada en el apoyo al pueblo cubano, al ciudadano de a pie, y en la defensa y el respeto de sus derechos fundamentales.<\/p>\n\n\n\n<p>Hammer reiter\u00f3 adem\u00e1s que, desde el inicio, la Administraci\u00f3n Trump ha sido clara en su postura sobre los presos pol\u00edticos en Cuba. \u201cEsos presos pol\u00edticos se tienen que liberar a todos. Esto no es un tema para negociar. Es o s\u00ed o s\u00ed\u201d, asegur\u00f3. <br>En referencia a los manifestantes detenidos tras las protestas del 11 de julio de 2021, se\u00f1al\u00f3 que su encarcelamiento constituye una injusticia que debe resolverse \u201cde inmediato\u201d. <\/p>\n\n\n\n<p>\u201cEst\u00e1n abusando de los derechos humanos del pueblo cubano, de gente inocente que sale a manifestarse porque la situaci\u00f3n est\u00e1 muy mala\u201d, indic\u00f3.<\/p>\n\n\n\n<p>Hammer no dio m\u00e1s detalles del encuentro con el alto cargo del ej\u00e9rcito estadounidense, un encuentro que ocurre en medio de la escalada de tensiones entre EEUU y Cuba que seg\u00fan las autoridades de la isla se est\u00e1 preparando para \u201c la guerra de todo el pueblo\u201d.<\/p>\n\n\n\n<p>.<\/p>\n","protected":false},"excerpt":{"rendered":"<p>El jefe de la misi\u00f3n diplom\u00e1tica estadounidense en Cuba, Mike Hammer, sostuvo un encuentro con el Comandante en funciones del Comando Sur de los Estados Unidos (U.S. Southern Command, SOUTHCOM), Teniente General Evan L. Pettus, para analizar la situaci\u00f3n en Cuba y el Caribe, as\u00ed como los principales desaf\u00edos pol\u00edticos, sociales y de seguridad que [&hellip;]<\/p>\n","protected":false},"author":24,"featured_media":232805,"comment_status":"open","ping_status":"closed","sticky":false,"template":"","format":"standard","meta":{"_acf_changed":false,"footnotes":""},"categories":[18,955],"tags":[10867,11,23162,11017],"class_list":{"0":"post-232794","1":"post","2":"type-post","3":"status-publish","4":"format-standard","5":"has-post-thumbnail","7":"category-noticias","8":"category-noticias-de-cuba","9":"tag-crisis-en-cuba","10":"tag-cuba","11":"tag-mike-hammer","12":"tag-superdestacado"},"acf":[],"yoast_head":"<!-- This site is optimized with the Yoast SEO plugin v27.4 - https:\/\/yoast.com\/product\/yoast-seo-wordpress\/ -->\n<title>Mike Hammer se re\u00fane con Comandante del Comando Sur para hablar sobre \u201c situaci\u00f3n en Cuba\u201d - Cuballama Noticias<\/title>\n<meta name=\"description\" content=\"Mike Hammer, sostuvo un encuentro con el Comandante en funciones del Comando Sur de los Estados Unidos (U.S. Southern Command, SOUTHCOM).\" \/>\n<meta name=\"robots\" content=\"index, follow, max-snippet:-1, max-image-preview:large, max-video-preview:-1\" \/>\n<link rel=\"canonical\" href=\"https:\/\/www.cuballama.com\/noticias\/mike-hammer-se-reune-con-comandante-del-comando-sur-para-hablar-sobre-situacion-en-cuba\/\" \/>\n<meta property=\"og:locale\" content=\"es_ES\" \/>\n<meta property=\"og:type\" content=\"article\" \/>\n<meta property=\"og:title\" content=\"Mike Hammer se re\u00fane con Comandante del Comando Sur para hablar sobre \u201c situaci\u00f3n en Cuba\u201d - Cuballama Noticias\" \/>\n<meta property=\"og:description\" content=\"Mike Hammer, sostuvo un encuentro con el Comandante en funciones del Comando Sur de los Estados Unidos (U.S. Southern Command, SOUTHCOM).\" \/>\n<meta property=\"og:url\" content=\"https:\/\/www.cuballama.com\/noticias\/mike-hammer-se-reune-con-comandante-del-comando-sur-para-hablar-sobre-situacion-en-cuba\/\" \/>\n<meta property=\"og:site_name\" content=\"Cuballama Noticias\" \/>\n<meta property=\"article:publisher\" content=\"https:\/\/www.facebook.com\/CubaLlama\" \/>\n<meta property=\"article:published_time\" content=\"2026-01-20T19:25:25+00:00\" \/>\n<meta property=\"article:modified_time\" content=\"2026-01-20T19:25:28+00:00\" \/>\n<meta property=\"og:image\" content=\"https:\/\/cdn1.mediawpaccore.net\/wp-content\/uploads\/2026\/01\/20142120\/IMG_0925.jpeg\" \/>\n\t<meta property=\"og:image:width\" content=\"2048\" \/>\n\t<meta property=\"og:image:height\" content=\"1366\" \/>\n\t<meta property=\"og:image:type\" content=\"image\/jpeg\" \/>\n<meta name=\"author\" content=\"Manu\" \/>\n<meta name=\"twitter:card\" content=\"summary_large_image\" \/>\n<meta name=\"twitter:creator\" content=\"@cuballama\" \/>\n<meta name=\"twitter:site\" content=\"@cuballama\" \/>\n<meta name=\"twitter:label1\" content=\"Escrito por\" \/>\n\t<meta name=\"twitter:data1\" content=\"Manu\" \/>\n\t<meta name=\"twitter:label2\" content=\"Tiempo de lectura\" \/>\n\t<meta name=\"twitter:data2\" content=\"2 minutos\" \/>\n<script type=\"application\/ld+json\" class=\"yoast-schema-graph\">{\"@context\":\"https:\\\/\\\/schema.org\",\"@graph\":[{\"@type\":\"Article\",\"@id\":\"https:\\\/\\\/www.cuballama.com\\\/noticias\\\/mike-hammer-se-reune-con-comandante-del-comando-sur-para-hablar-sobre-situacion-en-cuba\\\/#article\",\"isPartOf\":{\"@id\":\"https:\\\/\\\/www.cuballama.com\\\/noticias\\\/mike-hammer-se-reune-con-comandante-del-comando-sur-para-hablar-sobre-situacion-en-cuba\\\/\"},\"author\":{\"name\":\"Manu\",\"@id\":\"https:\\\/\\\/www.cuballama.com\\\/noticias\\\/#\\\/schema\\\/person\\\/5889f7d070564f8386e7944d14d436cd\"},\"headline\":\"Mike Hammer se re\u00fane con Comandante del Comando Sur para hablar sobre \u201c situaci\u00f3n en Cuba\u201d\",\"datePublished\":\"2026-01-20T19:25:25+00:00\",\"dateModified\":\"2026-01-20T19:25:28+00:00\",\"mainEntityOfPage\":{\"@id\":\"https:\\\/\\\/www.cuballama.com\\\/noticias\\\/mike-hammer-se-reune-con-comandante-del-comando-sur-para-hablar-sobre-situacion-en-cuba\\\/\"},\"wordCount\":307,\"commentCount\":0,\"publisher\":{\"@id\":\"https:\\\/\\\/www.cuballama.com\\\/noticias\\\/#organization\"},\"image\":{\"@id\":\"https:\\\/\\\/www.cuballama.com\\\/noticias\\\/mike-hammer-se-reune-con-comandante-del-comando-sur-para-hablar-sobre-situacion-en-cuba\\\/#primaryimage\"},\"thumbnailUrl\":\"https:\\\/\\\/cdn1.mediawpaccore.net\\\/wp-content\\\/uploads\\\/2026\\\/01\\\/20142120\\\/IMG_0925.jpeg\",\"keywords\":[\"Crisis en Cuba\",\"Cuba\",\"Mike Hammer\",\"superdestacado\"],\"articleSection\":[\"Noticias\",\"Noticias de Cuba\"],\"inLanguage\":\"es\",\"potentialAction\":[{\"@type\":\"CommentAction\",\"name\":\"Comment\",\"target\":[\"https:\\\/\\\/www.cuballama.com\\\/noticias\\\/mike-hammer-se-reune-con-comandante-del-comando-sur-para-hablar-sobre-situacion-en-cuba\\\/#respond\"]}]},{\"@type\":\"WebPage\",\"@id\":\"https:\\\/\\\/www.cuballama.com\\\/noticias\\\/mike-hammer-se-reune-con-comandante-del-comando-sur-para-hablar-sobre-situacion-en-cuba\\\/\",\"url\":\"https:\\\/\\\/www.cuballama.com\\\/noticias\\\/mike-hammer-se-reune-con-comandante-del-comando-sur-para-hablar-sobre-situacion-en-cuba\\\/\",\"name\":\"Mike Hammer se re\u00fane con Comandante del Comando Sur para hablar sobre \u201c situaci\u00f3n en Cuba\u201d - Cuballama Noticias\",\"isPartOf\":{\"@id\":\"https:\\\/\\\/www.cuballama.com\\\/noticias\\\/#website\"},\"primaryImageOfPage\":{\"@id\":\"https:\\\/\\\/www.cuballama.com\\\/noticias\\\/mike-hammer-se-reune-con-comandante-del-comando-sur-para-hablar-sobre-situacion-en-cuba\\\/#primaryimage\"},\"image\":{\"@id\":\"https:\\\/\\\/www.cuballama.com\\\/noticias\\\/mike-hammer-se-reune-con-comandante-del-comando-sur-para-hablar-sobre-situacion-en-cuba\\\/#primaryimage\"},\"thumbnailUrl\":\"https:\\\/\\\/cdn1.mediawpaccore.net\\\/wp-content\\\/uploads\\\/2026\\\/01\\\/20142120\\\/IMG_0925.jpeg\",\"datePublished\":\"2026-01-20T19:25:25+00:00\",\"dateModified\":\"2026-01-20T19:25:28+00:00\",\"description\":\"Mike Hammer, sostuvo un encuentro con el Comandante en funciones del Comando Sur de los Estados Unidos (U.S. Southern Command, SOUTHCOM).\",\"breadcrumb\":{\"@id\":\"https:\\\/\\\/www.cuballama.com\\\/noticias\\\/mike-hammer-se-reune-con-comandante-del-comando-sur-para-hablar-sobre-situacion-en-cuba\\\/#breadcrumb\"},\"inLanguage\":\"es\",\"potentialAction\":[{\"@type\":\"ReadAction\",\"target\":[\"https:\\\/\\\/www.cuballama.com\\\/noticias\\\/mike-hammer-se-reune-con-comandante-del-comando-sur-para-hablar-sobre-situacion-en-cuba\\\/\"]}]},{\"@type\":\"ImageObject\",\"inLanguage\":\"es\",\"@id\":\"https:\\\/\\\/www.cuballama.com\\\/noticias\\\/mike-hammer-se-reune-con-comandante-del-comando-sur-para-hablar-sobre-situacion-en-cuba\\\/#primaryimage\",\"url\":\"https:\\\/\\\/cdn1.mediawpaccore.net\\\/wp-content\\\/uploads\\\/2026\\\/01\\\/20142120\\\/IMG_0925.jpeg\",\"contentUrl\":\"https:\\\/\\\/cdn1.mediawpaccore.net\\\/wp-content\\\/uploads\\\/2026\\\/01\\\/20142120\\\/IMG_0925.jpeg\",\"width\":2048,\"height\":1366},{\"@type\":\"BreadcrumbList\",\"@id\":\"https:\\\/\\\/www.cuballama.com\\\/noticias\\\/mike-hammer-se-reune-con-comandante-del-comando-sur-para-hablar-sobre-situacion-en-cuba\\\/#breadcrumb\",\"itemListElement\":[{\"@type\":\"ListItem\",\"position\":1,\"name\":\"Home\",\"item\":\"https:\\\/\\\/www.cuballama.com\\\/noticias\\\/\"},{\"@type\":\"ListItem\",\"position\":2,\"name\":\"Mike Hammer se re\u00fane con Comandante del Comando Sur para hablar sobre \u201c situaci\u00f3n en Cuba\u201d\"}]},{\"@type\":\"WebSite\",\"@id\":\"https:\\\/\\\/www.cuballama.com\\\/noticias\\\/#website\",\"url\":\"https:\\\/\\\/www.cuballama.com\\\/noticias\\\/\",\"name\":\"Cuballama Noticias\",\"description\":\"Medio digital sobre Cuba y el mundo\",\"publisher\":{\"@id\":\"https:\\\/\\\/www.cuballama.com\\\/noticias\\\/#organization\"},\"potentialAction\":[{\"@type\":\"SearchAction\",\"target\":{\"@type\":\"EntryPoint\",\"urlTemplate\":\"https:\\\/\\\/www.cuballama.com\\\/noticias\\\/?s={search_term_string}\"},\"query-input\":{\"@type\":\"PropertyValueSpecification\",\"valueRequired\":true,\"valueName\":\"search_term_string\"}}],\"inLanguage\":\"es\"},{\"@type\":\"Organization\",\"@id\":\"https:\\\/\\\/www.cuballama.com\\\/noticias\\\/#organization\",\"name\":\"Cuballama\",\"url\":\"https:\\\/\\\/www.cuballama.com\\\/noticias\\\/\",\"logo\":{\"@type\":\"ImageObject\",\"inLanguage\":\"es\",\"@id\":\"https:\\\/\\\/www.cuballama.com\\\/noticias\\\/#\\\/schema\\\/logo\\\/image\\\/\",\"url\":\"https:\\\/\\\/cdn1.mediawpaccore.net\\\/wp-content\\\/uploads\\\/2021\\\/12\\\/28171206\\\/cbll-logo-color-sm.png\",\"contentUrl\":\"https:\\\/\\\/cdn1.mediawpaccore.net\\\/wp-content\\\/uploads\\\/2021\\\/12\\\/28171206\\\/cbll-logo-color-sm.png\",\"width\":600,\"height\":133,\"caption\":\"Cuballama\"},\"image\":{\"@id\":\"https:\\\/\\\/www.cuballama.com\\\/noticias\\\/#\\\/schema\\\/logo\\\/image\\\/\"},\"sameAs\":[\"https:\\\/\\\/www.facebook.com\\\/CubaLlama\",\"https:\\\/\\\/x.com\\\/cuballama\",\"https:\\\/\\\/www.instagram.com\\\/stories\\\/cuballama_oficial\\\/\",\"https:\\\/\\\/www.youtube.com\\\/channel\\\/UCKkFE-d_axENGZcrc4as0IA\"]},{\"@type\":\"Person\",\"@id\":\"https:\\\/\\\/www.cuballama.com\\\/noticias\\\/#\\\/schema\\\/person\\\/5889f7d070564f8386e7944d14d436cd\",\"name\":\"Manu\",\"url\":\"https:\\\/\\\/www.cuballama.com\\\/noticias\\\/author\\\/manu\\\/\"}]}<\/script>\n<!-- \/ Yoast SEO plugin. -->","yoast_head_json":{"title":"Mike Hammer se re\u00fane con Comandante del Comando Sur para hablar sobre \u201c situaci\u00f3n en Cuba\u201d - Cuballama Noticias","description":"Mike Hammer, sostuvo un encuentro con el Comandante en funciones del Comando Sur de los Estados Unidos (U.S. Southern Command, SOUTHCOM).","robots":{"index":"index","follow":"follow","max-snippet":"max-snippet:-1","max-image-preview":"max-image-preview:large","max-video-preview":"max-video-preview:-1"},"canonical":"https:\/\/www.cuballama.com\/noticias\/mike-hammer-se-reune-con-comandante-del-comando-sur-para-hablar-sobre-situacion-en-cuba\/","og_locale":"es_ES","og_type":"article","og_title":"Mike Hammer se re\u00fane con Comandante del Comando Sur para hablar sobre \u201c situaci\u00f3n en Cuba\u201d - Cuballama Noticias","og_description":"Mike Hammer, sostuvo un encuentro con el Comandante en funciones del Comando Sur de los Estados Unidos (U.S. Southern Command, SOUTHCOM).","og_url":"https:\/\/www.cuballama.com\/noticias\/mike-hammer-se-reune-con-comandante-del-comando-sur-para-hablar-sobre-situacion-en-cuba\/","og_site_name":"Cuballama Noticias","article_publisher":"https:\/\/www.facebook.com\/CubaLlama","article_published_time":"2026-01-20T19:25:25+00:00","article_modified_time":"2026-01-20T19:25:28+00:00","og_image":[{"width":2048,"height":1366,"url":"https:\/\/cdn1.mediawpaccore.net\/wp-content\/uploads\/2026\/01\/20142120\/IMG_0925.jpeg","type":"image\/jpeg"}],"author":"Manu","twitter_card":"summary_large_image","twitter_creator":"@cuballama","twitter_site":"@cuballama","twitter_misc":{"Escrito por":"Manu","Tiempo de lectura":"2 minutos"},"schema":{"@context":"https:\/\/schema.org","@graph":[{"@type":"Article","@id":"https:\/\/www.cuballama.com\/noticias\/mike-hammer-se-reune-con-comandante-del-comando-sur-para-hablar-sobre-situacion-en-cuba\/#article","isPartOf":{"@id":"https:\/\/www.cuballama.com\/noticias\/mike-hammer-se-reune-con-comandante-del-comando-sur-para-hablar-sobre-situacion-en-cuba\/"},"author":{"name":"Manu","@id":"https:\/\/www.cuballama.com\/noticias\/#\/schema\/person\/5889f7d070564f8386e7944d14d436cd"},"headline":"Mike Hammer se re\u00fane con Comandante del Comando Sur para hablar sobre \u201c situaci\u00f3n en Cuba\u201d","datePublished":"2026-01-20T19:25:25+00:00","dateModified":"2026-01-20T19:25:28+00:00","mainEntityOfPage":{"@id":"https:\/\/www.cuballama.com\/noticias\/mike-hammer-se-reune-con-comandante-del-comando-sur-para-hablar-sobre-situacion-en-cuba\/"},"wordCount":307,"commentCount":0,"publisher":{"@id":"https:\/\/www.cuballama.com\/noticias\/#organization"},"image":{"@id":"https:\/\/www.cuballama.com\/noticias\/mike-hammer-se-reune-con-comandante-del-comando-sur-para-hablar-sobre-situacion-en-cuba\/#primaryimage"},"thumbnailUrl":"https:\/\/cdn1.mediawpaccore.net\/wp-content\/uploads\/2026\/01\/20142120\/IMG_0925.jpeg","keywords":["Crisis en Cuba","Cuba","Mike Hammer","superdestacado"],"articleSection":["Noticias","Noticias de Cuba"],"inLanguage":"es","potentialAction":[{"@type":"CommentAction","name":"Comment","target":["https:\/\/www.cuballama.com\/noticias\/mike-hammer-se-reune-con-comandante-del-comando-sur-para-hablar-sobre-situacion-en-cuba\/#respond"]}]},{"@type":"WebPage","@id":"https:\/\/www.cuballama.com\/noticias\/mike-hammer-se-reune-con-comandante-del-comando-sur-para-hablar-sobre-situacion-en-cuba\/","url":"https:\/\/www.cuballama.com\/noticias\/mike-hammer-se-reune-con-comandante-del-comando-sur-para-hablar-sobre-situacion-en-cuba\/","name":"Mike Hammer se re\u00fane con Comandante del Comando Sur para hablar sobre \u201c situaci\u00f3n en Cuba\u201d - Cuballama Noticias","isPartOf":{"@id":"https:\/\/www.cuballama.com\/noticias\/#website"},"primaryImageOfPage":{"@id":"https:\/\/www.cuballama.com\/noticias\/mike-hammer-se-reune-con-comandante-del-comando-sur-para-hablar-sobre-situacion-en-cuba\/#primaryimage"},"image":{"@id":"https:\/\/www.cuballama.com\/noticias\/mike-hammer-se-reune-con-comandante-del-comando-sur-para-hablar-sobre-situacion-en-cuba\/#primaryimage"},"thumbnailUrl":"https:\/\/cdn1.mediawpaccore.net\/wp-content\/uploads\/2026\/01\/20142120\/IMG_0925.jpeg","datePublished":"2026-01-20T19:25:25+00:00","dateModified":"2026-01-20T19:25:28+00:00","description":"Mike Hammer, sostuvo un encuentro con el Comandante en funciones del Comando Sur de los Estados Unidos (U.S. Southern Command, SOUTHCOM).","breadcrumb":{"@id":"https:\/\/www.cuballama.com\/noticias\/mike-hammer-se-reune-con-comandante-del-comando-sur-para-hablar-sobre-situacion-en-cuba\/#breadcrumb"},"inLanguage":"es","potentialAction":[{"@type":"ReadAction","target":["https:\/\/www.cuballama.com\/noticias\/mike-hammer-se-reune-con-comandante-del-comando-sur-para-hablar-sobre-situacion-en-cuba\/"]}]},{"@type":"ImageObject","inLanguage":"es","@id":"https:\/\/www.cuballama.com\/noticias\/mike-hammer-se-reune-con-comandante-del-comando-sur-para-hablar-sobre-situacion-en-cuba\/#primaryimage","url":"https:\/\/cdn1.mediawpaccore.net\/wp-content\/uploads\/2026\/01\/20142120\/IMG_0925.jpeg","contentUrl":"https:\/\/cdn1.mediawpaccore.net\/wp-content\/uploads\/2026\/01\/20142120\/IMG_0925.jpeg","width":2048,"height":1366},{"@type":"BreadcrumbList","@id":"https:\/\/www.cuballama.com\/noticias\/mike-hammer-se-reune-con-comandante-del-comando-sur-para-hablar-sobre-situacion-en-cuba\/#breadcrumb","itemListElement":[{"@type":"ListItem","position":1,"name":"Home","item":"https:\/\/www.cuballama.com\/noticias\/"},{"@type":"ListItem","position":2,"name":"Mike Hammer se re\u00fane con Comandante del Comando Sur para hablar sobre \u201c situaci\u00f3n en Cuba\u201d"}]},{"@type":"WebSite","@id":"https:\/\/www.cuballama.com\/noticias\/#website","url":"https:\/\/www.cuballama.com\/noticias\/","name":"Cuballama Noticias","description":"Medio digital sobre Cuba y el mundo","publisher":{"@id":"https:\/\/www.cuballama.com\/noticias\/#organization"},"potentialAction":[{"@type":"SearchAction","target":{"@type":"EntryPoint","urlTemplate":"https:\/\/www.cuballama.com\/noticias\/?s={search_term_string}"},"query-input":{"@type":"PropertyValueSpecification","valueRequired":true,"valueName":"search_term_string"}}],"inLanguage":"es"},{"@type":"Organization","@id":"https:\/\/www.cuballama.com\/noticias\/#organization","name":"Cuballama","url":"https:\/\/www.cuballama.com\/noticias\/","logo":{"@type":"ImageObject","inLanguage":"es","@id":"https:\/\/www.cuballama.com\/noticias\/#\/schema\/logo\/image\/","url":"https:\/\/cdn1.mediawpaccore.net\/wp-content\/uploads\/2021\/12\/28171206\/cbll-logo-color-sm.png","contentUrl":"https:\/\/cdn1.mediawpaccore.net\/wp-content\/uploads\/2021\/12\/28171206\/cbll-logo-color-sm.png","width":600,"height":133,"caption":"Cuballama"},"image":{"@id":"https:\/\/www.cuballama.com\/noticias\/#\/schema\/logo\/image\/"},"sameAs":["https:\/\/www.facebook.com\/CubaLlama","https:\/\/x.com\/cuballama","https:\/\/www.instagram.com\/stories\/cuballama_oficial\/","https:\/\/www.youtube.com\/channel\/UCKkFE-d_axENGZcrc4as0IA"]},{"@type":"Person","@id":"https:\/\/www.cuballama.com\/noticias\/#\/schema\/person\/5889f7d070564f8386e7944d14d436cd","name":"Manu","url":"https:\/\/www.cuballama.com\/noticias\/author\/manu\/"}]}},"_links":{"self":[{"href":"https:\/\/www.cuballama.com\/noticias\/wp-json\/wp\/v2\/posts\/232794","targetHints":{"allow":["GET"]}}],"collection":[{"href":"https:\/\/www.cuballama.com\/noticias\/wp-json\/wp\/v2\/posts"}],"about":[{"href":"https:\/\/www.cuballama.com\/noticias\/wp-json\/wp\/v2\/types\/post"}],"author":[{"embeddable":true,"href":"https:\/\/www.cuballama.com\/noticias\/wp-json\/wp\/v2\/users\/24"}],"replies":[{"embeddable":true,"href":"https:\/\/www.cuballama.com\/noticias\/wp-json\/wp\/v2\/comments?post=232794"}],"version-history":[{"count":3,"href":"https:\/\/www.cuballama.com\/noticias\/wp-json\/wp\/v2\/posts\/232794\/revisions"}],"predecessor-version":[{"id":232806,"href":"https:\/\/www.cuballama.com\/noticias\/wp-json\/wp\/v2\/posts\/232794\/revisions\/232806"}],"wp:featuredmedia":[{"embeddable":true,"href":"https:\/\/www.cuballama.com\/noticias\/wp-json\/wp\/v2\/media\/232805"}],"wp:attachment":[{"href":"https:\/\/www.cuballama.com\/noticias\/wp-json\/wp\/v2\/media?parent=232794"}],"wp:term":[{"taxonomy":"category","embeddable":true,"href":"https:\/\/www.cuballama.com\/noticias\/wp-json\/wp\/v2\/categories?post=232794"},{"taxonomy":"post_tag","embeddable":true,"href":"https:\/\/www.cuballama.com\/noticias\/wp-json\/wp\/v2\/tags?post=232794"}],"curies":[{"name":"wp","href":"https:\/\/api.w.org\/{rel}","templated":true}]}}