{"id":232766,"date":"2026-01-20T08:59:05","date_gmt":"2026-01-20T13:59:05","guid":{"rendered":"https:\/\/www.cuballama.com\/noticias\/?p=232766"},"modified":"2026-01-20T08:59:08","modified_gmt":"2026-01-20T13:59:08","slug":"nadie-le-va-a-dar-un-plato-de-comida-a-su-familia-velito-el-bufon-responde-a-criticas-tras-muerte-de-su-trombonista","status":"publish","type":"post","link":"https:\/\/www.cuballama.com\/noticias\/nadie-le-va-a-dar-un-plato-de-comida-a-su-familia-velito-el-bufon-responde-a-criticas-tras-muerte-de-su-trombonista\/","title":{"rendered":"\u201cNadie le va a dar un plato de comida a su familia\u201d: Velito El Buf\u00f3n responde a cr\u00edticas tras muerte de su trombonista"},"content":{"rendered":"\n<p>En medio de un clima de dolor y exposici\u00f3n p\u00fablica, el joven reguetonero cubano Dariel Guti\u00e9rrez, conocido art\u00edsticamente como Velito el Buf\u00f3n, decidi\u00f3 dar explicaciones tras convertirse en blanco de cr\u00edticas en redes sociales.<\/p>\n\n\n\n<p>El detonante fue la publicaci\u00f3n de varios videos promocionales poco despu\u00e9s del fallecimiento de su compa\u00f1ero de grupo, Jos\u00e9 Alberto Reyes Luis (Cosonga), quien perdi\u00f3 la vida recientemente en un accidente de auto. Para algunos, ese contenido result\u00f3 inapropiado; para el artista, se trat\u00f3 de una lectura injusta de una situaci\u00f3n mucho m\u00e1s compleja.<\/p>\n\n\n\n<p>Lejos de eludir el tema, Velito utiliz\u00f3 sus historias de Instagram para aclarar el contexto. Seg\u00fan explic\u00f3, los materiales promocionales hab\u00edan sido grabados semanas antes de la tragedia y respond\u00edan a compromisos profesionales ya establecidos.<\/p>\n\n\n\n<figure class=\"wp-block-image size-large\"><img loading=\"lazy\" decoding=\"async\" width=\"571\" height=\"1024\" src=\"https:\/\/cdn1.mediawpaccore.net\/wp-content\/uploads\/2026\/01\/20085514\/Captura-de-pantalla-2026-01-20-a-las-14.32.55-571x1024.png\" alt=\"\" class=\"wp-image-232776\" srcset=\"https:\/\/cdn1.mediawpaccore.net\/wp-content\/uploads\/2026\/01\/20085514\/Captura-de-pantalla-2026-01-20-a-las-14.32.55-571x1024.png 571w, https:\/\/cdn1.mediawpaccore.net\/wp-content\/uploads\/2026\/01\/20085514\/Captura-de-pantalla-2026-01-20-a-las-14.32.55-167x300.png 167w, https:\/\/cdn1.mediawpaccore.net\/wp-content\/uploads\/2026\/01\/20085514\/Captura-de-pantalla-2026-01-20-a-las-14.32.55-768x1378.png 768w, https:\/\/cdn1.mediawpaccore.net\/wp-content\/uploads\/2026\/01\/20085514\/Captura-de-pantalla-2026-01-20-a-las-14.32.55-234x420.png 234w, https:\/\/cdn1.mediawpaccore.net\/wp-content\/uploads\/2026\/01\/20085514\/Captura-de-pantalla-2026-01-20-a-las-14.32.55-150x269.png 150w, https:\/\/cdn1.mediawpaccore.net\/wp-content\/uploads\/2026\/01\/20085514\/Captura-de-pantalla-2026-01-20-a-las-14.32.55-300x538.png 300w, https:\/\/cdn1.mediawpaccore.net\/wp-content\/uploads\/2026\/01\/20085514\/Captura-de-pantalla-2026-01-20-a-las-14.32.55-696x1248.png 696w, https:\/\/cdn1.mediawpaccore.net\/wp-content\/uploads\/2026\/01\/20085514\/Captura-de-pantalla-2026-01-20-a-las-14.32.55.png 824w\" sizes=\"auto, (max-width: 571px) 100vw, 571px\" \/><\/figure>\n\n\n\n<p>\u201cTodo video que vean en mis redes fue hecho mucho antes de lo sucedido. Es obligatorio promocionar los eventos un mes antes; as\u00ed es nuestro trabajo\u201d, afirm\u00f3, subrayando que no existi\u00f3 falta de respeto ni indiferencia ante la p\u00e9rdida.<\/p>\n\n\n\n<p><strong>Lea m\u00e1s: <a href=\"https:\/\/www.cuballama.com\/noticias\/muere-joven-musico-jose-luis-reyes-luis-integrante-del-grupo-de-velito-el-bufon\/\" target=\"_blank\" rel=\"noreferrer noopener\">Muere joven m\u00fasico Jos\u00e9 Luis Reyes Luis, integrante del grupo de Velito el Buf\u00f3n<\/a><\/strong><\/p>\n\n\n\n<p>El m\u00fasico tambi\u00e9n inform\u00f3 que la agrupaci\u00f3n atraviesa actualmente una pausa de 15 d\u00edas como se\u00f1al de duelo y consideraci\u00f3n hacia la familia de Cosonga. No obstante, confirm\u00f3 que la gira europea prevista entre el 11 de febrero y el 11 de marzo sigue en agenda. En sus palabras, continuar no significa olvidar, sino asumir responsabilidades. \u201cNos sentimos da\u00f1ados y dolidos con todo lo sucedido. Era nuestro hermano, nuestra familia, una de las mejores personas que pod\u00edas conocer en este mundo\u201d, escribi\u00f3.<\/p>\n\n\n\n<p>Uno de los fragmentos m\u00e1s comentados de su mensaje fue aquel en el que abord\u00f3 la dimensi\u00f3n econ\u00f3mica del trabajo art\u00edstico, un aspecto que muchas veces queda fuera del debate p\u00fablico. \u201cDe esto vivimos y estoy seguro de que desde el cielo \u00e9l est\u00e1 con nosotros. Nadie le va a dar un plato de comida a su familia ni a la de nuestro equipo; esa ser\u00e1 hoy y siempre nuestra responsabilidad\u201d, expres\u00f3, poniendo sobre la mesa la realidad de quienes dependen directamente de los escenarios y las giras.<\/p>\n\n\n\n<figure class=\"wp-block-image size-large\"><img loading=\"lazy\" decoding=\"async\" width=\"571\" height=\"1024\" src=\"https:\/\/cdn1.mediawpaccore.net\/wp-content\/uploads\/2026\/01\/20085525\/Captura-de-pantalla-2026-01-20-a-las-14.33.03-571x1024.png\" alt=\"\" class=\"wp-image-232777\" srcset=\"https:\/\/cdn1.mediawpaccore.net\/wp-content\/uploads\/2026\/01\/20085525\/Captura-de-pantalla-2026-01-20-a-las-14.33.03-571x1024.png 571w, https:\/\/cdn1.mediawpaccore.net\/wp-content\/uploads\/2026\/01\/20085525\/Captura-de-pantalla-2026-01-20-a-las-14.33.03-167x300.png 167w, https:\/\/cdn1.mediawpaccore.net\/wp-content\/uploads\/2026\/01\/20085525\/Captura-de-pantalla-2026-01-20-a-las-14.33.03-768x1378.png 768w, https:\/\/cdn1.mediawpaccore.net\/wp-content\/uploads\/2026\/01\/20085525\/Captura-de-pantalla-2026-01-20-a-las-14.33.03-234x420.png 234w, https:\/\/cdn1.mediawpaccore.net\/wp-content\/uploads\/2026\/01\/20085525\/Captura-de-pantalla-2026-01-20-a-las-14.33.03-150x269.png 150w, https:\/\/cdn1.mediawpaccore.net\/wp-content\/uploads\/2026\/01\/20085525\/Captura-de-pantalla-2026-01-20-a-las-14.33.03-300x538.png 300w, https:\/\/cdn1.mediawpaccore.net\/wp-content\/uploads\/2026\/01\/20085525\/Captura-de-pantalla-2026-01-20-a-las-14.33.03-696x1248.png 696w, https:\/\/cdn1.mediawpaccore.net\/wp-content\/uploads\/2026\/01\/20085525\/Captura-de-pantalla-2026-01-20-a-las-14.33.03.png 824w\" sizes=\"auto, (max-width: 571px) 100vw, 571px\" \/><\/figure>\n\n\n\n<p>Velito tambi\u00e9n cuestion\u00f3 la forma en que se fiscaliza el duelo desde las redes sociales. \u201cEl luto no se mide por una publicaci\u00f3n ni por un video previamente grabado. La p\u00e9rdida de un compa\u00f1ero se lleva en el coraz\u00f3n, no en redes sociales\u201d, afirm\u00f3, marcando distancia entre el dolor \u00edntimo y la imagen p\u00fablica. Tambi\u00e9n record\u00f3 que el mundo del espect\u00e1culo est\u00e1 lleno de historias de artistas que han debido cumplir compromisos en circunstancias extremas. \u201cMuchos artistas, a lo largo de la historia, han tenido que subir a un escenario en medio del dolor m\u00e1s profundo\u201d, a\u00f1adi\u00f3.<\/p>\n\n\n\n<p>El cantante cerr\u00f3 sus mensajes agradeciendo a quienes han respondido con comprensi\u00f3n en medio de la pol\u00e9mica. \u201cGracias a quienes han mostrado empat\u00eda en este momento tan dif\u00edcil\u201d, escribi\u00f3, acompa\u00f1ado de un llamado a no juzgar sin conocer el trasfondo de cada situaci\u00f3n.<\/p>\n\n\n\n<p>Sus declaraciones han abierto un debate m\u00e1s amplio sobre los l\u00edmites entre el duelo, las expectativas del p\u00fablico y las exigencias de una carrera art\u00edstica que, incluso en los momentos m\u00e1s duros, contin\u00faa bajo el escrutinio constante de las redes sociales.<\/p>\n","protected":false},"excerpt":{"rendered":"<p>El detonante fue la publicaci\u00f3n de varios videos promocionales poco despu\u00e9s del fallecimiento de su compa\u00f1ero de grupo<\/p>\n","protected":false},"author":27,"featured_media":232770,"comment_status":"open","ping_status":"closed","sticky":false,"template":"","format":"standard","meta":{"_acf_changed":false,"footnotes":""},"categories":[443],"tags":[14879,6160,22511],"class_list":{"0":"post-232766","1":"post","2":"type-post","3":"status-publish","4":"format-standard","5":"has-post-thumbnail","7":"category-farandula","8":"tag-accidentes-de-autos","9":"tag-reguetoneros-cubanos","10":"tag-velito-el-bufon"},"acf":[],"yoast_head":"<!-- This site is optimized with the Yoast SEO plugin v27.5 - https:\/\/yoast.com\/product\/yoast-seo-wordpress\/ -->\n<title>\u201cNadie le va a dar un plato de comida a su familia\u201d: Velito El Buf\u00f3n responde a cr\u00edticas tras muerte de su trombonista - Cuballama Noticias<\/title>\n<meta name=\"description\" content=\"El reguetonero cubano Velito el Buf\u00f3n decidi\u00f3 dar explicaciones tras convertirse en blanco de cr\u00edticas en redes sociales.\" \/>\n<meta name=\"robots\" content=\"index, follow, max-snippet:-1, max-image-preview:large, max-video-preview:-1\" \/>\n<link rel=\"canonical\" href=\"https:\/\/www.cuballama.com\/noticias\/nadie-le-va-a-dar-un-plato-de-comida-a-su-familia-velito-el-bufon-responde-a-criticas-tras-muerte-de-su-trombonista\/\" \/>\n<meta property=\"og:locale\" content=\"es_ES\" \/>\n<meta property=\"og:type\" content=\"article\" \/>\n<meta property=\"og:title\" content=\"\u201cNadie le va a dar un plato de comida a su familia\u201d: Velito El Buf\u00f3n responde a cr\u00edticas tras muerte de su trombonista - Cuballama Noticias\" \/>\n<meta property=\"og:description\" content=\"El reguetonero cubano Velito el Buf\u00f3n decidi\u00f3 dar explicaciones tras convertirse en blanco de cr\u00edticas en redes sociales.\" \/>\n<meta property=\"og:url\" content=\"https:\/\/www.cuballama.com\/noticias\/nadie-le-va-a-dar-un-plato-de-comida-a-su-familia-velito-el-bufon-responde-a-criticas-tras-muerte-de-su-trombonista\/\" \/>\n<meta property=\"og:site_name\" content=\"Cuballama Noticias\" \/>\n<meta property=\"article:publisher\" content=\"https:\/\/www.facebook.com\/CubaLlama\" \/>\n<meta property=\"article:published_time\" content=\"2026-01-20T13:59:05+00:00\" \/>\n<meta property=\"article:modified_time\" content=\"2026-01-20T13:59:08+00:00\" \/>\n<meta property=\"og:image\" content=\"https:\/\/cdn1.mediawpaccore.net\/wp-content\/uploads\/2026\/01\/20083633\/WhatsApp-Image-2026-01-20-at-14.36.03.jpeg\" \/>\n\t<meta property=\"og:image:width\" content=\"1889\" \/>\n\t<meta property=\"og:image:height\" content=\"1308\" \/>\n\t<meta property=\"og:image:type\" content=\"image\/jpeg\" \/>\n<meta name=\"author\" content=\"Rafa\" \/>\n<meta name=\"twitter:card\" content=\"summary_large_image\" \/>\n<meta name=\"twitter:creator\" content=\"@cuballama\" \/>\n<meta name=\"twitter:site\" content=\"@cuballama\" \/>\n<meta name=\"twitter:label1\" content=\"Escrito por\" \/>\n\t<meta name=\"twitter:data1\" content=\"Rafa\" \/>\n\t<meta name=\"twitter:label2\" content=\"Tiempo de lectura\" \/>\n\t<meta name=\"twitter:data2\" content=\"4 minutos\" \/>\n<script type=\"application\/ld+json\" class=\"yoast-schema-graph\">{\"@context\":\"https:\\\/\\\/schema.org\",\"@graph\":[{\"@type\":\"Article\",\"@id\":\"https:\\\/\\\/www.cuballama.com\\\/noticias\\\/nadie-le-va-a-dar-un-plato-de-comida-a-su-familia-velito-el-bufon-responde-a-criticas-tras-muerte-de-su-trombonista\\\/#article\",\"isPartOf\":{\"@id\":\"https:\\\/\\\/www.cuballama.com\\\/noticias\\\/nadie-le-va-a-dar-un-plato-de-comida-a-su-familia-velito-el-bufon-responde-a-criticas-tras-muerte-de-su-trombonista\\\/\"},\"author\":{\"name\":\"Rafa\",\"@id\":\"https:\\\/\\\/www.cuballama.com\\\/noticias\\\/#\\\/schema\\\/person\\\/0f97914526a658755f00e59ec2a832f2\"},\"headline\":\"\u201cNadie le va a dar un plato de comida a su familia\u201d: Velito El Buf\u00f3n responde a cr\u00edticas tras muerte de su trombonista\",\"datePublished\":\"2026-01-20T13:59:05+00:00\",\"dateModified\":\"2026-01-20T13:59:08+00:00\",\"mainEntityOfPage\":{\"@id\":\"https:\\\/\\\/www.cuballama.com\\\/noticias\\\/nadie-le-va-a-dar-un-plato-de-comida-a-su-familia-velito-el-bufon-responde-a-criticas-tras-muerte-de-su-trombonista\\\/\"},\"wordCount\":604,\"commentCount\":0,\"publisher\":{\"@id\":\"https:\\\/\\\/www.cuballama.com\\\/noticias\\\/#organization\"},\"image\":{\"@id\":\"https:\\\/\\\/www.cuballama.com\\\/noticias\\\/nadie-le-va-a-dar-un-plato-de-comida-a-su-familia-velito-el-bufon-responde-a-criticas-tras-muerte-de-su-trombonista\\\/#primaryimage\"},\"thumbnailUrl\":\"https:\\\/\\\/cdn1.mediawpaccore.net\\\/wp-content\\\/uploads\\\/2026\\\/01\\\/20083633\\\/WhatsApp-Image-2026-01-20-at-14.36.03.jpeg\",\"keywords\":[\"Accidentes de autos\",\"Reguetoneros cubanos\",\"Velito el Buf\u00f3n\"],\"articleSection\":[\"Far\u00e1ndula\"],\"inLanguage\":\"es\",\"potentialAction\":[{\"@type\":\"CommentAction\",\"name\":\"Comment\",\"target\":[\"https:\\\/\\\/www.cuballama.com\\\/noticias\\\/nadie-le-va-a-dar-un-plato-de-comida-a-su-familia-velito-el-bufon-responde-a-criticas-tras-muerte-de-su-trombonista\\\/#respond\"]}]},{\"@type\":\"WebPage\",\"@id\":\"https:\\\/\\\/www.cuballama.com\\\/noticias\\\/nadie-le-va-a-dar-un-plato-de-comida-a-su-familia-velito-el-bufon-responde-a-criticas-tras-muerte-de-su-trombonista\\\/\",\"url\":\"https:\\\/\\\/www.cuballama.com\\\/noticias\\\/nadie-le-va-a-dar-un-plato-de-comida-a-su-familia-velito-el-bufon-responde-a-criticas-tras-muerte-de-su-trombonista\\\/\",\"name\":\"\u201cNadie le va a dar un plato de comida a su familia\u201d: Velito El Buf\u00f3n responde a cr\u00edticas tras muerte de su trombonista - Cuballama Noticias\",\"isPartOf\":{\"@id\":\"https:\\\/\\\/www.cuballama.com\\\/noticias\\\/#website\"},\"primaryImageOfPage\":{\"@id\":\"https:\\\/\\\/www.cuballama.com\\\/noticias\\\/nadie-le-va-a-dar-un-plato-de-comida-a-su-familia-velito-el-bufon-responde-a-criticas-tras-muerte-de-su-trombonista\\\/#primaryimage\"},\"image\":{\"@id\":\"https:\\\/\\\/www.cuballama.com\\\/noticias\\\/nadie-le-va-a-dar-un-plato-de-comida-a-su-familia-velito-el-bufon-responde-a-criticas-tras-muerte-de-su-trombonista\\\/#primaryimage\"},\"thumbnailUrl\":\"https:\\\/\\\/cdn1.mediawpaccore.net\\\/wp-content\\\/uploads\\\/2026\\\/01\\\/20083633\\\/WhatsApp-Image-2026-01-20-at-14.36.03.jpeg\",\"datePublished\":\"2026-01-20T13:59:05+00:00\",\"dateModified\":\"2026-01-20T13:59:08+00:00\",\"description\":\"El reguetonero cubano Velito el Buf\u00f3n decidi\u00f3 dar explicaciones tras convertirse en blanco de cr\u00edticas en redes sociales.\",\"breadcrumb\":{\"@id\":\"https:\\\/\\\/www.cuballama.com\\\/noticias\\\/nadie-le-va-a-dar-un-plato-de-comida-a-su-familia-velito-el-bufon-responde-a-criticas-tras-muerte-de-su-trombonista\\\/#breadcrumb\"},\"inLanguage\":\"es\",\"potentialAction\":[{\"@type\":\"ReadAction\",\"target\":[\"https:\\\/\\\/www.cuballama.com\\\/noticias\\\/nadie-le-va-a-dar-un-plato-de-comida-a-su-familia-velito-el-bufon-responde-a-criticas-tras-muerte-de-su-trombonista\\\/\"]}]},{\"@type\":\"ImageObject\",\"inLanguage\":\"es\",\"@id\":\"https:\\\/\\\/www.cuballama.com\\\/noticias\\\/nadie-le-va-a-dar-un-plato-de-comida-a-su-familia-velito-el-bufon-responde-a-criticas-tras-muerte-de-su-trombonista\\\/#primaryimage\",\"url\":\"https:\\\/\\\/cdn1.mediawpaccore.net\\\/wp-content\\\/uploads\\\/2026\\\/01\\\/20083633\\\/WhatsApp-Image-2026-01-20-at-14.36.03.jpeg\",\"contentUrl\":\"https:\\\/\\\/cdn1.mediawpaccore.net\\\/wp-content\\\/uploads\\\/2026\\\/01\\\/20083633\\\/WhatsApp-Image-2026-01-20-at-14.36.03.jpeg\",\"width\":1889,\"height\":1308,\"caption\":\"Foto: Velito El Buf\u00f3n\\\/ Instagram\"},{\"@type\":\"BreadcrumbList\",\"@id\":\"https:\\\/\\\/www.cuballama.com\\\/noticias\\\/nadie-le-va-a-dar-un-plato-de-comida-a-su-familia-velito-el-bufon-responde-a-criticas-tras-muerte-de-su-trombonista\\\/#breadcrumb\",\"itemListElement\":[{\"@type\":\"ListItem\",\"position\":1,\"name\":\"Home\",\"item\":\"https:\\\/\\\/www.cuballama.com\\\/noticias\\\/\"},{\"@type\":\"ListItem\",\"position\":2,\"name\":\"\u201cNadie le va a dar un plato de comida a su familia\u201d: Velito El Buf\u00f3n responde a cr\u00edticas tras muerte de su trombonista\"}]},{\"@type\":\"WebSite\",\"@id\":\"https:\\\/\\\/www.cuballama.com\\\/noticias\\\/#website\",\"url\":\"https:\\\/\\\/www.cuballama.com\\\/noticias\\\/\",\"name\":\"Cuballama Noticias\",\"description\":\"Medio digital sobre Cuba y el mundo\",\"publisher\":{\"@id\":\"https:\\\/\\\/www.cuballama.com\\\/noticias\\\/#organization\"},\"potentialAction\":[{\"@type\":\"SearchAction\",\"target\":{\"@type\":\"EntryPoint\",\"urlTemplate\":\"https:\\\/\\\/www.cuballama.com\\\/noticias\\\/?s={search_term_string}\"},\"query-input\":{\"@type\":\"PropertyValueSpecification\",\"valueRequired\":true,\"valueName\":\"search_term_string\"}}],\"inLanguage\":\"es\"},{\"@type\":\"Organization\",\"@id\":\"https:\\\/\\\/www.cuballama.com\\\/noticias\\\/#organization\",\"name\":\"Cuballama\",\"url\":\"https:\\\/\\\/www.cuballama.com\\\/noticias\\\/\",\"logo\":{\"@type\":\"ImageObject\",\"inLanguage\":\"es\",\"@id\":\"https:\\\/\\\/www.cuballama.com\\\/noticias\\\/#\\\/schema\\\/logo\\\/image\\\/\",\"url\":\"https:\\\/\\\/cdn1.mediawpaccore.net\\\/wp-content\\\/uploads\\\/2021\\\/12\\\/28171206\\\/cbll-logo-color-sm.png\",\"contentUrl\":\"https:\\\/\\\/cdn1.mediawpaccore.net\\\/wp-content\\\/uploads\\\/2021\\\/12\\\/28171206\\\/cbll-logo-color-sm.png\",\"width\":600,\"height\":133,\"caption\":\"Cuballama\"},\"image\":{\"@id\":\"https:\\\/\\\/www.cuballama.com\\\/noticias\\\/#\\\/schema\\\/logo\\\/image\\\/\"},\"sameAs\":[\"https:\\\/\\\/www.facebook.com\\\/CubaLlama\",\"https:\\\/\\\/x.com\\\/cuballama\",\"https:\\\/\\\/www.instagram.com\\\/stories\\\/cuballama_oficial\\\/\",\"https:\\\/\\\/www.youtube.com\\\/channel\\\/UCKkFE-d_axENGZcrc4as0IA\"]},{\"@type\":\"Person\",\"@id\":\"https:\\\/\\\/www.cuballama.com\\\/noticias\\\/#\\\/schema\\\/person\\\/0f97914526a658755f00e59ec2a832f2\",\"name\":\"Rafa\",\"url\":\"https:\\\/\\\/www.cuballama.com\\\/noticias\\\/author\\\/rafa\\\/\"}]}<\/script>\n<!-- \/ Yoast SEO plugin. -->","yoast_head_json":{"title":"\u201cNadie le va a dar un plato de comida a su familia\u201d: Velito El Buf\u00f3n responde a cr\u00edticas tras muerte de su trombonista - Cuballama Noticias","description":"El reguetonero cubano Velito el Buf\u00f3n decidi\u00f3 dar explicaciones tras convertirse en blanco de cr\u00edticas en redes sociales.","robots":{"index":"index","follow":"follow","max-snippet":"max-snippet:-1","max-image-preview":"max-image-preview:large","max-video-preview":"max-video-preview:-1"},"canonical":"https:\/\/www.cuballama.com\/noticias\/nadie-le-va-a-dar-un-plato-de-comida-a-su-familia-velito-el-bufon-responde-a-criticas-tras-muerte-de-su-trombonista\/","og_locale":"es_ES","og_type":"article","og_title":"\u201cNadie le va a dar un plato de comida a su familia\u201d: Velito El Buf\u00f3n responde a cr\u00edticas tras muerte de su trombonista - Cuballama Noticias","og_description":"El reguetonero cubano Velito el Buf\u00f3n decidi\u00f3 dar explicaciones tras convertirse en blanco de cr\u00edticas en redes sociales.","og_url":"https:\/\/www.cuballama.com\/noticias\/nadie-le-va-a-dar-un-plato-de-comida-a-su-familia-velito-el-bufon-responde-a-criticas-tras-muerte-de-su-trombonista\/","og_site_name":"Cuballama Noticias","article_publisher":"https:\/\/www.facebook.com\/CubaLlama","article_published_time":"2026-01-20T13:59:05+00:00","article_modified_time":"2026-01-20T13:59:08+00:00","og_image":[{"width":1889,"height":1308,"url":"https:\/\/cdn1.mediawpaccore.net\/wp-content\/uploads\/2026\/01\/20083633\/WhatsApp-Image-2026-01-20-at-14.36.03.jpeg","type":"image\/jpeg"}],"author":"Rafa","twitter_card":"summary_large_image","twitter_creator":"@cuballama","twitter_site":"@cuballama","twitter_misc":{"Escrito por":"Rafa","Tiempo de lectura":"4 minutos"},"schema":{"@context":"https:\/\/schema.org","@graph":[{"@type":"Article","@id":"https:\/\/www.cuballama.com\/noticias\/nadie-le-va-a-dar-un-plato-de-comida-a-su-familia-velito-el-bufon-responde-a-criticas-tras-muerte-de-su-trombonista\/#article","isPartOf":{"@id":"https:\/\/www.cuballama.com\/noticias\/nadie-le-va-a-dar-un-plato-de-comida-a-su-familia-velito-el-bufon-responde-a-criticas-tras-muerte-de-su-trombonista\/"},"author":{"name":"Rafa","@id":"https:\/\/www.cuballama.com\/noticias\/#\/schema\/person\/0f97914526a658755f00e59ec2a832f2"},"headline":"\u201cNadie le va a dar un plato de comida a su familia\u201d: Velito El Buf\u00f3n responde a cr\u00edticas tras muerte de su trombonista","datePublished":"2026-01-20T13:59:05+00:00","dateModified":"2026-01-20T13:59:08+00:00","mainEntityOfPage":{"@id":"https:\/\/www.cuballama.com\/noticias\/nadie-le-va-a-dar-un-plato-de-comida-a-su-familia-velito-el-bufon-responde-a-criticas-tras-muerte-de-su-trombonista\/"},"wordCount":604,"commentCount":0,"publisher":{"@id":"https:\/\/www.cuballama.com\/noticias\/#organization"},"image":{"@id":"https:\/\/www.cuballama.com\/noticias\/nadie-le-va-a-dar-un-plato-de-comida-a-su-familia-velito-el-bufon-responde-a-criticas-tras-muerte-de-su-trombonista\/#primaryimage"},"thumbnailUrl":"https:\/\/cdn1.mediawpaccore.net\/wp-content\/uploads\/2026\/01\/20083633\/WhatsApp-Image-2026-01-20-at-14.36.03.jpeg","keywords":["Accidentes de autos","Reguetoneros cubanos","Velito el Buf\u00f3n"],"articleSection":["Far\u00e1ndula"],"inLanguage":"es","potentialAction":[{"@type":"CommentAction","name":"Comment","target":["https:\/\/www.cuballama.com\/noticias\/nadie-le-va-a-dar-un-plato-de-comida-a-su-familia-velito-el-bufon-responde-a-criticas-tras-muerte-de-su-trombonista\/#respond"]}]},{"@type":"WebPage","@id":"https:\/\/www.cuballama.com\/noticias\/nadie-le-va-a-dar-un-plato-de-comida-a-su-familia-velito-el-bufon-responde-a-criticas-tras-muerte-de-su-trombonista\/","url":"https:\/\/www.cuballama.com\/noticias\/nadie-le-va-a-dar-un-plato-de-comida-a-su-familia-velito-el-bufon-responde-a-criticas-tras-muerte-de-su-trombonista\/","name":"\u201cNadie le va a dar un plato de comida a su familia\u201d: Velito El Buf\u00f3n responde a cr\u00edticas tras muerte de su trombonista - Cuballama Noticias","isPartOf":{"@id":"https:\/\/www.cuballama.com\/noticias\/#website"},"primaryImageOfPage":{"@id":"https:\/\/www.cuballama.com\/noticias\/nadie-le-va-a-dar-un-plato-de-comida-a-su-familia-velito-el-bufon-responde-a-criticas-tras-muerte-de-su-trombonista\/#primaryimage"},"image":{"@id":"https:\/\/www.cuballama.com\/noticias\/nadie-le-va-a-dar-un-plato-de-comida-a-su-familia-velito-el-bufon-responde-a-criticas-tras-muerte-de-su-trombonista\/#primaryimage"},"thumbnailUrl":"https:\/\/cdn1.mediawpaccore.net\/wp-content\/uploads\/2026\/01\/20083633\/WhatsApp-Image-2026-01-20-at-14.36.03.jpeg","datePublished":"2026-01-20T13:59:05+00:00","dateModified":"2026-01-20T13:59:08+00:00","description":"El reguetonero cubano Velito el Buf\u00f3n decidi\u00f3 dar explicaciones tras convertirse en blanco de cr\u00edticas en redes sociales.","breadcrumb":{"@id":"https:\/\/www.cuballama.com\/noticias\/nadie-le-va-a-dar-un-plato-de-comida-a-su-familia-velito-el-bufon-responde-a-criticas-tras-muerte-de-su-trombonista\/#breadcrumb"},"inLanguage":"es","potentialAction":[{"@type":"ReadAction","target":["https:\/\/www.cuballama.com\/noticias\/nadie-le-va-a-dar-un-plato-de-comida-a-su-familia-velito-el-bufon-responde-a-criticas-tras-muerte-de-su-trombonista\/"]}]},{"@type":"ImageObject","inLanguage":"es","@id":"https:\/\/www.cuballama.com\/noticias\/nadie-le-va-a-dar-un-plato-de-comida-a-su-familia-velito-el-bufon-responde-a-criticas-tras-muerte-de-su-trombonista\/#primaryimage","url":"https:\/\/cdn1.mediawpaccore.net\/wp-content\/uploads\/2026\/01\/20083633\/WhatsApp-Image-2026-01-20-at-14.36.03.jpeg","contentUrl":"https:\/\/cdn1.mediawpaccore.net\/wp-content\/uploads\/2026\/01\/20083633\/WhatsApp-Image-2026-01-20-at-14.36.03.jpeg","width":1889,"height":1308,"caption":"Foto: Velito El Buf\u00f3n\/ Instagram"},{"@type":"BreadcrumbList","@id":"https:\/\/www.cuballama.com\/noticias\/nadie-le-va-a-dar-un-plato-de-comida-a-su-familia-velito-el-bufon-responde-a-criticas-tras-muerte-de-su-trombonista\/#breadcrumb","itemListElement":[{"@type":"ListItem","position":1,"name":"Home","item":"https:\/\/www.cuballama.com\/noticias\/"},{"@type":"ListItem","position":2,"name":"\u201cNadie le va a dar un plato de comida a su familia\u201d: Velito El Buf\u00f3n responde a cr\u00edticas tras muerte de su trombonista"}]},{"@type":"WebSite","@id":"https:\/\/www.cuballama.com\/noticias\/#website","url":"https:\/\/www.cuballama.com\/noticias\/","name":"Cuballama Noticias","description":"Medio digital sobre Cuba y el mundo","publisher":{"@id":"https:\/\/www.cuballama.com\/noticias\/#organization"},"potentialAction":[{"@type":"SearchAction","target":{"@type":"EntryPoint","urlTemplate":"https:\/\/www.cuballama.com\/noticias\/?s={search_term_string}"},"query-input":{"@type":"PropertyValueSpecification","valueRequired":true,"valueName":"search_term_string"}}],"inLanguage":"es"},{"@type":"Organization","@id":"https:\/\/www.cuballama.com\/noticias\/#organization","name":"Cuballama","url":"https:\/\/www.cuballama.com\/noticias\/","logo":{"@type":"ImageObject","inLanguage":"es","@id":"https:\/\/www.cuballama.com\/noticias\/#\/schema\/logo\/image\/","url":"https:\/\/cdn1.mediawpaccore.net\/wp-content\/uploads\/2021\/12\/28171206\/cbll-logo-color-sm.png","contentUrl":"https:\/\/cdn1.mediawpaccore.net\/wp-content\/uploads\/2021\/12\/28171206\/cbll-logo-color-sm.png","width":600,"height":133,"caption":"Cuballama"},"image":{"@id":"https:\/\/www.cuballama.com\/noticias\/#\/schema\/logo\/image\/"},"sameAs":["https:\/\/www.facebook.com\/CubaLlama","https:\/\/x.com\/cuballama","https:\/\/www.instagram.com\/stories\/cuballama_oficial\/","https:\/\/www.youtube.com\/channel\/UCKkFE-d_axENGZcrc4as0IA"]},{"@type":"Person","@id":"https:\/\/www.cuballama.com\/noticias\/#\/schema\/person\/0f97914526a658755f00e59ec2a832f2","name":"Rafa","url":"https:\/\/www.cuballama.com\/noticias\/author\/rafa\/"}]}},"_links":{"self":[{"href":"https:\/\/www.cuballama.com\/noticias\/wp-json\/wp\/v2\/posts\/232766","targetHints":{"allow":["GET"]}}],"collection":[{"href":"https:\/\/www.cuballama.com\/noticias\/wp-json\/wp\/v2\/posts"}],"about":[{"href":"https:\/\/www.cuballama.com\/noticias\/wp-json\/wp\/v2\/types\/post"}],"author":[{"embeddable":true,"href":"https:\/\/www.cuballama.com\/noticias\/wp-json\/wp\/v2\/users\/27"}],"replies":[{"embeddable":true,"href":"https:\/\/www.cuballama.com\/noticias\/wp-json\/wp\/v2\/comments?post=232766"}],"version-history":[{"count":1,"href":"https:\/\/www.cuballama.com\/noticias\/wp-json\/wp\/v2\/posts\/232766\/revisions"}],"predecessor-version":[{"id":232778,"href":"https:\/\/www.cuballama.com\/noticias\/wp-json\/wp\/v2\/posts\/232766\/revisions\/232778"}],"wp:featuredmedia":[{"embeddable":true,"href":"https:\/\/www.cuballama.com\/noticias\/wp-json\/wp\/v2\/media\/232770"}],"wp:attachment":[{"href":"https:\/\/www.cuballama.com\/noticias\/wp-json\/wp\/v2\/media?parent=232766"}],"wp:term":[{"taxonomy":"category","embeddable":true,"href":"https:\/\/www.cuballama.com\/noticias\/wp-json\/wp\/v2\/categories?post=232766"},{"taxonomy":"post_tag","embeddable":true,"href":"https:\/\/www.cuballama.com\/noticias\/wp-json\/wp\/v2\/tags?post=232766"}],"curies":[{"name":"wp","href":"https:\/\/api.w.org\/{rel}","templated":true}]}}