{"id":232698,"date":"2026-01-20T13:20:18","date_gmt":"2026-01-20T18:20:18","guid":{"rendered":"https:\/\/www.cuballama.com\/noticias\/?p=232698"},"modified":"2026-01-20T13:20:22","modified_gmt":"2026-01-20T18:20:22","slug":"los-muertos-en-el-accidente-de-trenes-en-adamuz-suben-a-41-aqui-una-reconstruccion-de-lo-ocurrido","status":"publish","type":"post","link":"https:\/\/www.cuballama.com\/noticias\/los-muertos-en-el-accidente-de-trenes-en-adamuz-suben-a-41-aqui-una-reconstruccion-de-lo-ocurrido\/","title":{"rendered":"Los muertos en el accidente de trenes en Adamuz suben a 41. Aqu\u00ed una reconstrucci\u00f3n de lo ocurrido"},"content":{"rendered":"\n<p>El balance del accidente ferroviario ocurrido el domingo 18 de enero en Adamuz, provincia de C\u00f3rdoba, sigue creciendo. Este martes las autoridades confirmaron que la cifra de fallecidos asciende ya a 41, tras el hallazgo de un nuevo cuerpo durante las labores de retirada de uno de los vagones del tren de la compa\u00f1\u00eda Iryo. El ministro de Transportes, \u00d3scar Puente, explic\u00f3 que el cad\u00e1ver fue localizado al levantar un coche del convoy que descarril\u00f3 en primer lugar, en una operaci\u00f3n compleja que a\u00fan contin\u00faa en un terreno especialmente escarpado.<\/p>\n\n\n\n<p>El siniestro se produjo alrededor de las 19:40 horas, cuando un tren Iryo que cubr\u00eda la ruta M\u00e1laga\u2013Madrid, con 317 personas a bordo, descarril\u00f3 por la cola en un tramo recto de la l\u00ednea de alta velocidad Madrid\u2013Sevilla, recientemente renovado. Los tres \u00faltimos vagones invadieron la v\u00eda paralela justo cuando circulaba en sentido contrario un tren Alvia de Renfe, que hab\u00eda salido de Madrid rumbo a Huelva con unos 184 pasajeros. El impacto provoc\u00f3 que los dos primeros coches del Alvia salieran despedidos y cayeran por un terrapl\u00e9n de unos cuatro metros, convirti\u00e9ndose en un amasijo de hierros. <\/p>\n\n\n\n<p>Entre el descarrilamiento del Iryo y la colisi\u00f3n con el Alvia transcurrieron apenas 20 segundos. Ambos trenes circulaban a unos 200 kil\u00f3metros por hora, muy por debajo del l\u00edmite permitido de 250 km\/h, lo que ha llevado a descartar desde el inicio el exceso de velocidad y, pr\u00e1cticamente, el error humano. Los sistemas de seguridad autom\u00e1tica del tramo, equipado con se\u00f1alizaci\u00f3n continua LZB, no tuvieron margen suficiente para ordenar una detenci\u00f3n completa del segundo tren.<\/p>\n\n\n\n<p><em><a href=\"https:\/\/www.rtve.es\/noticias\/20260119\/accidente-tren-cordoba-mapa-datos-reconstruccion-visual\/16900348.shtml\" target=\"_blank\" rel=\"noreferrer noopener nofollow\">RTVE<\/a><\/em> realiz\u00f3 una investigaci\u00f3n infogr\u00e1fica de lo ocurrido.<\/p>\n\n\n\n<iframe loading=\"lazy\" src=\"https:\/\/www.facebook.com\/plugins\/post.php?href=https%3A%2F%2Fwww.facebook.com%2FRTVENoticias%2Fposts%2Fpfbid02E6AbrXnfEyQRxTFXej5dVD2XKHzckWXbSRkpjkBFVfVPveDfecVNJs1Q1rcU8dnFl&#038;show_text=true&#038;width=500\" width=\"500\" height=\"481\" style=\"border:none;overflow:hidden\" scrolling=\"no\" frameborder=\"0\" allowfullscreen=\"true\" allow=\"autoplay; clipboard-write; encrypted-media; picture-in-picture; web-share\"><\/iframe>\n\n\n\n<p><a href=\"https:\/\/www.facebook.com\/reel\/1645455886614399\">Ac\u00e1 una imagen animada.<\/a><\/p>\n\n\n\n<iframe loading=\"lazy\" src=\"https:\/\/www.facebook.com\/plugins\/video.php?height=476&#038;href=https%3A%2F%2Fwww.facebook.com%2Freel%2F1645455886614399%2F&#038;show_text=true&#038;width=267&#038;t=0\" width=\"267\" height=\"591\" style=\"border:none;overflow:hidden\" scrolling=\"no\" frameborder=\"0\" allowfullscreen=\"true\" allow=\"autoplay; clipboard-write; encrypted-media; picture-in-picture; web-share\" allowFullScreen=\"true\"><\/iframe>\n\n\n\n<p>Adem\u00e1s de los fallecidos, 122 personas resultaron heridas. Seg\u00fan el \u00faltimo parte de la Junta de Andaluc\u00eda, 39 contin\u00faan hospitalizadas en distintos centros, 13 de ellas en unidades de cuidados intensivos. La mayor\u00eda de los ingresados se encuentran en el Hospital Reina Sof\u00eda de C\u00f3rdoba, aunque tambi\u00e9n hay pacientes en otros hospitales de la provincia y en Huelva.<\/p>\n\n\n\n<p>La investigaci\u00f3n t\u00e9cnica, a cargo de la Comisi\u00f3n de Investigaci\u00f3n de Accidentes Ferroviarios y de la polic\u00eda judicial, se encuentra todav\u00eda en una fase muy inicial. Los expertos analizan varias hip\u00f3tesis, entre ellas posibles defectos en las ruedas de los \u00faltimos vagones del Iryo, inestabilidades de rodadura o una eventual rotura del carril detectada en el punto del descarrilamiento. El propio ministro Puente ha insistido en que a\u00fan no se puede determinar si esas roturas son la causa del accidente o una consecuencia del impacto.<\/p>\n\n\n\n<p>Mientras tanto, Adamuz, un municipio de apenas 4.000 habitantes, <a href=\"https:\/\/www.rtve.es\/noticias\/20260119\/adamuz-pueblo-ajeno-tragedia-solidaridad-dana-accidente\/16900300.shtml\" target=\"_blank\" rel=\"noreferrer noopener nofollow\">se volc\u00f3 desde el primer momento en la atenci\u00f3n a las v\u00edctimas<\/a>. Vecinos guiaron a los equipos de emergencia, llevaron mantas, agua y comida, abrieron bares, farmacias y parroquias en plena noche y habilitaron un hospital de campa\u00f1a. Esa respuesta solidaria fue clave en las primeras horas de una tragedia que sigue dejando preguntas abiertas y un pa\u00eds entero pendiente de las conclusiones de la investigaci\u00f3n.<\/p>\n\n\n\n<div style=\"width:100%;padding-top:64%;position:relative;border-bottom:1px solid #aaa;display:inline-block;background:#eee;background:rgba(255,255,255,0.9);\">    <iframe src=\"https:\/\/secure-embed.rtve.es\/drmn\/embed\/video\/16900603\" name=\"Adamuz se vuelca con las v\u00edctimas del accidente ferroviario\" style=\"width:100%;height:90%;position:absolute;left:0;top:0;overflow:hidden;border:none;background-color:transparent;\" scrolling=\"no\" allowfullscreen=\"allowfullscreen\"><\/iframe>    <div style=\"position:absolute;bottom:0;left:0;font-family:arial,helvetica,sans-serif;font-size:12px;line-height:1.833;display:inline-block;padding:5px 0 5px 10px;\">        <span style=\"float:left;margin-right:10px;\">        \t<img decoding=\"async\" style=\"height:20px;width:auto;background: transparent;padding:0;margin:0;\" src=\"https:\/\/img2.rtve.es\/css\/rtve.commons\/rtve.header.footer\/i\/logoRTVEes.png\" alt=\"\" \/>        <\/span>       \t<a style=\"color:#333;font-weight:bold;\" title=\"Adamuz se vuelca con las v\u00edctimas del accidente ferroviario\" href=\"https:\/\/www.rtve.es\/play\/videos\/telediario-1\/adamuz-se-vuelca-victimas-del-accidente-ferroviario\/16900603\/\">            <strong>Adamuz se vuelca con las v\u00edctimas del accidente ferroviario<\/strong>\t\t<\/a>\t<\/div><\/div>\n\n\n\n<p><br><\/p>\n","protected":false},"excerpt":{"rendered":"<p>El accidente ferroviario de Adamuz suma ya 41 fallecidos. As\u00ed ocurri\u00f3 el descarrilamiento del Iryo y el choque con el Alvia en C\u00f3rdoba.<\/p>\n","protected":false},"author":13,"featured_media":232722,"comment_status":"open","ping_status":"closed","sticky":false,"template":"","format":"standard","meta":{"_acf_changed":false,"footnotes":""},"categories":[18,957],"tags":[30066,30070,30115,30069,1195,30068,26306,30104,19697],"class_list":{"0":"post-232698","1":"post","2":"type-post","3":"status-publish","4":"format-standard","5":"has-post-thumbnail","7":"category-noticias","8":"category-noticias-internacionales","9":"tag-accidente-ferroviario","10":"tag-adamuz","11":"tag-alta-velocidad","12":"tag-cordoba","13":"tag-investigacion","14":"tag-iryo","16":"tag-trenes-en-espana","17":"tag-victimas-mortales"},"acf":[],"yoast_head":"<!-- This site is optimized with the Yoast SEO plugin v27.4 - https:\/\/yoast.com\/product\/yoast-seo-wordpress\/ -->\n<title>Los muertos en el accidente de trenes en Adamuz suben a 41. Aqu\u00ed una reconstrucci\u00f3n de lo ocurrido - Cuballama Noticias<\/title>\n<meta name=\"description\" content=\"Los muertos en el accidente de trenes en Adamuz suben a 41 mientras contin\u00faa la investigaci\u00f3n sobre el siniestro ocurrido en C\u00f3rdoba.\" \/>\n<meta name=\"robots\" content=\"index, follow, max-snippet:-1, max-image-preview:large, max-video-preview:-1\" \/>\n<link rel=\"canonical\" href=\"https:\/\/www.cuballama.com\/noticias\/los-muertos-en-el-accidente-de-trenes-en-adamuz-suben-a-41-aqui-una-reconstruccion-de-lo-ocurrido\/\" \/>\n<meta property=\"og:locale\" content=\"es_ES\" \/>\n<meta property=\"og:type\" content=\"article\" \/>\n<meta property=\"og:title\" content=\"Los muertos en el accidente de trenes en Adamuz suben a 41. Aqu\u00ed una reconstrucci\u00f3n de lo ocurrido - Cuballama Noticias\" \/>\n<meta property=\"og:description\" content=\"Los muertos en el accidente de trenes en Adamuz suben a 41 mientras contin\u00faa la investigaci\u00f3n sobre el siniestro ocurrido en C\u00f3rdoba.\" \/>\n<meta property=\"og:url\" content=\"https:\/\/www.cuballama.com\/noticias\/los-muertos-en-el-accidente-de-trenes-en-adamuz-suben-a-41-aqui-una-reconstruccion-de-lo-ocurrido\/\" \/>\n<meta property=\"og:site_name\" content=\"Cuballama Noticias\" \/>\n<meta property=\"article:publisher\" content=\"https:\/\/www.facebook.com\/CubaLlama\" \/>\n<meta property=\"article:published_time\" content=\"2026-01-20T18:20:18+00:00\" \/>\n<meta property=\"article:modified_time\" content=\"2026-01-20T18:20:22+00:00\" \/>\n<meta property=\"og:image\" content=\"https:\/\/cdn1.mediawpaccore.net\/wp-content\/uploads\/2026\/01\/20054156\/image-92-1024x566.png\" \/>\n\t<meta property=\"og:image:width\" content=\"1024\" \/>\n\t<meta property=\"og:image:height\" content=\"566\" \/>\n\t<meta property=\"og:image:type\" content=\"image\/png\" \/>\n<meta name=\"author\" content=\"Roberto A.\" \/>\n<meta name=\"twitter:card\" content=\"summary_large_image\" \/>\n<meta name=\"twitter:creator\" content=\"@cuballama\" \/>\n<meta name=\"twitter:site\" content=\"@cuballama\" \/>\n<meta name=\"twitter:label1\" content=\"Escrito por\" \/>\n\t<meta name=\"twitter:data1\" content=\"Roberto A.\" \/>\n\t<meta name=\"twitter:label2\" content=\"Tiempo de lectura\" \/>\n\t<meta name=\"twitter:data2\" content=\"3 minutos\" \/>\n<script type=\"application\/ld+json\" class=\"yoast-schema-graph\">{\"@context\":\"https:\\\/\\\/schema.org\",\"@graph\":[{\"@type\":\"Article\",\"@id\":\"https:\\\/\\\/www.cuballama.com\\\/noticias\\\/los-muertos-en-el-accidente-de-trenes-en-adamuz-suben-a-41-aqui-una-reconstruccion-de-lo-ocurrido\\\/#article\",\"isPartOf\":{\"@id\":\"https:\\\/\\\/www.cuballama.com\\\/noticias\\\/los-muertos-en-el-accidente-de-trenes-en-adamuz-suben-a-41-aqui-una-reconstruccion-de-lo-ocurrido\\\/\"},\"author\":{\"name\":\"Roberto A.\",\"@id\":\"https:\\\/\\\/www.cuballama.com\\\/noticias\\\/#\\\/schema\\\/person\\\/a58502ed4146c8e9f83872e897c76cd2\"},\"headline\":\"Los muertos en el accidente de trenes en Adamuz suben a 41. Aqu\u00ed una reconstrucci\u00f3n de lo ocurrido\",\"datePublished\":\"2026-01-20T18:20:18+00:00\",\"dateModified\":\"2026-01-20T18:20:22+00:00\",\"mainEntityOfPage\":{\"@id\":\"https:\\\/\\\/www.cuballama.com\\\/noticias\\\/los-muertos-en-el-accidente-de-trenes-en-adamuz-suben-a-41-aqui-una-reconstruccion-de-lo-ocurrido\\\/\"},\"wordCount\":556,\"commentCount\":0,\"publisher\":{\"@id\":\"https:\\\/\\\/www.cuballama.com\\\/noticias\\\/#organization\"},\"image\":{\"@id\":\"https:\\\/\\\/www.cuballama.com\\\/noticias\\\/los-muertos-en-el-accidente-de-trenes-en-adamuz-suben-a-41-aqui-una-reconstruccion-de-lo-ocurrido\\\/#primaryimage\"},\"thumbnailUrl\":\"https:\\\/\\\/cdn1.mediawpaccore.net\\\/wp-content\\\/uploads\\\/2026\\\/01\\\/20054156\\\/image-92.png\",\"keywords\":[\"accidente ferroviario\",\"Adamuz\",\"alta velocidad\",\"C\u00f3rdoba\",\"investigaci\u00f3n\",\"Iryo\",\"renfe\",\"trenes en Espa\u00f1a\",\"v\u00edctimas mortales\"],\"articleSection\":[\"Noticias\",\"Noticias Internacionales\"],\"inLanguage\":\"es\",\"potentialAction\":[{\"@type\":\"CommentAction\",\"name\":\"Comment\",\"target\":[\"https:\\\/\\\/www.cuballama.com\\\/noticias\\\/los-muertos-en-el-accidente-de-trenes-en-adamuz-suben-a-41-aqui-una-reconstruccion-de-lo-ocurrido\\\/#respond\"]}]},{\"@type\":\"WebPage\",\"@id\":\"https:\\\/\\\/www.cuballama.com\\\/noticias\\\/los-muertos-en-el-accidente-de-trenes-en-adamuz-suben-a-41-aqui-una-reconstruccion-de-lo-ocurrido\\\/\",\"url\":\"https:\\\/\\\/www.cuballama.com\\\/noticias\\\/los-muertos-en-el-accidente-de-trenes-en-adamuz-suben-a-41-aqui-una-reconstruccion-de-lo-ocurrido\\\/\",\"name\":\"Los muertos en el accidente de trenes en Adamuz suben a 41. Aqu\u00ed una reconstrucci\u00f3n de lo ocurrido - Cuballama Noticias\",\"isPartOf\":{\"@id\":\"https:\\\/\\\/www.cuballama.com\\\/noticias\\\/#website\"},\"primaryImageOfPage\":{\"@id\":\"https:\\\/\\\/www.cuballama.com\\\/noticias\\\/los-muertos-en-el-accidente-de-trenes-en-adamuz-suben-a-41-aqui-una-reconstruccion-de-lo-ocurrido\\\/#primaryimage\"},\"image\":{\"@id\":\"https:\\\/\\\/www.cuballama.com\\\/noticias\\\/los-muertos-en-el-accidente-de-trenes-en-adamuz-suben-a-41-aqui-una-reconstruccion-de-lo-ocurrido\\\/#primaryimage\"},\"thumbnailUrl\":\"https:\\\/\\\/cdn1.mediawpaccore.net\\\/wp-content\\\/uploads\\\/2026\\\/01\\\/20054156\\\/image-92.png\",\"datePublished\":\"2026-01-20T18:20:18+00:00\",\"dateModified\":\"2026-01-20T18:20:22+00:00\",\"description\":\"Los muertos en el accidente de trenes en Adamuz suben a 41 mientras contin\u00faa la investigaci\u00f3n sobre el siniestro ocurrido en C\u00f3rdoba.\",\"breadcrumb\":{\"@id\":\"https:\\\/\\\/www.cuballama.com\\\/noticias\\\/los-muertos-en-el-accidente-de-trenes-en-adamuz-suben-a-41-aqui-una-reconstruccion-de-lo-ocurrido\\\/#breadcrumb\"},\"inLanguage\":\"es\",\"potentialAction\":[{\"@type\":\"ReadAction\",\"target\":[\"https:\\\/\\\/www.cuballama.com\\\/noticias\\\/los-muertos-en-el-accidente-de-trenes-en-adamuz-suben-a-41-aqui-una-reconstruccion-de-lo-ocurrido\\\/\"]}]},{\"@type\":\"ImageObject\",\"inLanguage\":\"es\",\"@id\":\"https:\\\/\\\/www.cuballama.com\\\/noticias\\\/los-muertos-en-el-accidente-de-trenes-en-adamuz-suben-a-41-aqui-una-reconstruccion-de-lo-ocurrido\\\/#primaryimage\",\"url\":\"https:\\\/\\\/cdn1.mediawpaccore.net\\\/wp-content\\\/uploads\\\/2026\\\/01\\\/20054156\\\/image-92.png\",\"contentUrl\":\"https:\\\/\\\/cdn1.mediawpaccore.net\\\/wp-content\\\/uploads\\\/2026\\\/01\\\/20054156\\\/image-92.png\",\"width\":1826,\"height\":1010,\"caption\":\"Foto: Video Screenshot v\u00eda Guardia Civil de Espa\u00f1a\"},{\"@type\":\"BreadcrumbList\",\"@id\":\"https:\\\/\\\/www.cuballama.com\\\/noticias\\\/los-muertos-en-el-accidente-de-trenes-en-adamuz-suben-a-41-aqui-una-reconstruccion-de-lo-ocurrido\\\/#breadcrumb\",\"itemListElement\":[{\"@type\":\"ListItem\",\"position\":1,\"name\":\"Home\",\"item\":\"https:\\\/\\\/www.cuballama.com\\\/noticias\\\/\"},{\"@type\":\"ListItem\",\"position\":2,\"name\":\"Los muertos en el accidente de trenes en Adamuz suben a 41. Aqu\u00ed una reconstrucci\u00f3n de lo ocurrido\"}]},{\"@type\":\"WebSite\",\"@id\":\"https:\\\/\\\/www.cuballama.com\\\/noticias\\\/#website\",\"url\":\"https:\\\/\\\/www.cuballama.com\\\/noticias\\\/\",\"name\":\"Cuballama Noticias\",\"description\":\"Medio digital sobre Cuba y el mundo\",\"publisher\":{\"@id\":\"https:\\\/\\\/www.cuballama.com\\\/noticias\\\/#organization\"},\"potentialAction\":[{\"@type\":\"SearchAction\",\"target\":{\"@type\":\"EntryPoint\",\"urlTemplate\":\"https:\\\/\\\/www.cuballama.com\\\/noticias\\\/?s={search_term_string}\"},\"query-input\":{\"@type\":\"PropertyValueSpecification\",\"valueRequired\":true,\"valueName\":\"search_term_string\"}}],\"inLanguage\":\"es\"},{\"@type\":\"Organization\",\"@id\":\"https:\\\/\\\/www.cuballama.com\\\/noticias\\\/#organization\",\"name\":\"Cuballama\",\"url\":\"https:\\\/\\\/www.cuballama.com\\\/noticias\\\/\",\"logo\":{\"@type\":\"ImageObject\",\"inLanguage\":\"es\",\"@id\":\"https:\\\/\\\/www.cuballama.com\\\/noticias\\\/#\\\/schema\\\/logo\\\/image\\\/\",\"url\":\"https:\\\/\\\/cdn1.mediawpaccore.net\\\/wp-content\\\/uploads\\\/2021\\\/12\\\/28171206\\\/cbll-logo-color-sm.png\",\"contentUrl\":\"https:\\\/\\\/cdn1.mediawpaccore.net\\\/wp-content\\\/uploads\\\/2021\\\/12\\\/28171206\\\/cbll-logo-color-sm.png\",\"width\":600,\"height\":133,\"caption\":\"Cuballama\"},\"image\":{\"@id\":\"https:\\\/\\\/www.cuballama.com\\\/noticias\\\/#\\\/schema\\\/logo\\\/image\\\/\"},\"sameAs\":[\"https:\\\/\\\/www.facebook.com\\\/CubaLlama\",\"https:\\\/\\\/x.com\\\/cuballama\",\"https:\\\/\\\/www.instagram.com\\\/stories\\\/cuballama_oficial\\\/\",\"https:\\\/\\\/www.youtube.com\\\/channel\\\/UCKkFE-d_axENGZcrc4as0IA\"]},{\"@type\":\"Person\",\"@id\":\"https:\\\/\\\/www.cuballama.com\\\/noticias\\\/#\\\/schema\\\/person\\\/a58502ed4146c8e9f83872e897c76cd2\",\"name\":\"Roberto A.\",\"description\":\"Roberto A. Periodista por decisi\u00f3n propia. Interesado en cualquier tema que me apasione y cada vez m\u00e1s comprometido con la verdad y la objetividad period\u00edstica. Graduado en La Habana hace ya muchos a\u00f1os, luego de una accidentada y polvorienta b\u00fasqueda de informaci\u00f3n sobre un tema in\u00e9dito. La Tesis, por cierto, desapareci\u00f3 de la biblioteca y no se conservan copias de la misma.\",\"url\":\"https:\\\/\\\/www.cuballama.com\\\/noticias\\\/author\\\/roberto\\\/\"}]}<\/script>\n<!-- \/ Yoast SEO plugin. -->","yoast_head_json":{"title":"Los muertos en el accidente de trenes en Adamuz suben a 41. Aqu\u00ed una reconstrucci\u00f3n de lo ocurrido - Cuballama Noticias","description":"Los muertos en el accidente de trenes en Adamuz suben a 41 mientras contin\u00faa la investigaci\u00f3n sobre el siniestro ocurrido en C\u00f3rdoba.","robots":{"index":"index","follow":"follow","max-snippet":"max-snippet:-1","max-image-preview":"max-image-preview:large","max-video-preview":"max-video-preview:-1"},"canonical":"https:\/\/www.cuballama.com\/noticias\/los-muertos-en-el-accidente-de-trenes-en-adamuz-suben-a-41-aqui-una-reconstruccion-de-lo-ocurrido\/","og_locale":"es_ES","og_type":"article","og_title":"Los muertos en el accidente de trenes en Adamuz suben a 41. Aqu\u00ed una reconstrucci\u00f3n de lo ocurrido - Cuballama Noticias","og_description":"Los muertos en el accidente de trenes en Adamuz suben a 41 mientras contin\u00faa la investigaci\u00f3n sobre el siniestro ocurrido en C\u00f3rdoba.","og_url":"https:\/\/www.cuballama.com\/noticias\/los-muertos-en-el-accidente-de-trenes-en-adamuz-suben-a-41-aqui-una-reconstruccion-de-lo-ocurrido\/","og_site_name":"Cuballama Noticias","article_publisher":"https:\/\/www.facebook.com\/CubaLlama","article_published_time":"2026-01-20T18:20:18+00:00","article_modified_time":"2026-01-20T18:20:22+00:00","og_image":[{"width":1024,"height":566,"url":"https:\/\/cdn1.mediawpaccore.net\/wp-content\/uploads\/2026\/01\/20054156\/image-92-1024x566.png","type":"image\/png"}],"author":"Roberto A.","twitter_card":"summary_large_image","twitter_creator":"@cuballama","twitter_site":"@cuballama","twitter_misc":{"Escrito por":"Roberto A.","Tiempo de lectura":"3 minutos"},"schema":{"@context":"https:\/\/schema.org","@graph":[{"@type":"Article","@id":"https:\/\/www.cuballama.com\/noticias\/los-muertos-en-el-accidente-de-trenes-en-adamuz-suben-a-41-aqui-una-reconstruccion-de-lo-ocurrido\/#article","isPartOf":{"@id":"https:\/\/www.cuballama.com\/noticias\/los-muertos-en-el-accidente-de-trenes-en-adamuz-suben-a-41-aqui-una-reconstruccion-de-lo-ocurrido\/"},"author":{"name":"Roberto A.","@id":"https:\/\/www.cuballama.com\/noticias\/#\/schema\/person\/a58502ed4146c8e9f83872e897c76cd2"},"headline":"Los muertos en el accidente de trenes en Adamuz suben a 41. Aqu\u00ed una reconstrucci\u00f3n de lo ocurrido","datePublished":"2026-01-20T18:20:18+00:00","dateModified":"2026-01-20T18:20:22+00:00","mainEntityOfPage":{"@id":"https:\/\/www.cuballama.com\/noticias\/los-muertos-en-el-accidente-de-trenes-en-adamuz-suben-a-41-aqui-una-reconstruccion-de-lo-ocurrido\/"},"wordCount":556,"commentCount":0,"publisher":{"@id":"https:\/\/www.cuballama.com\/noticias\/#organization"},"image":{"@id":"https:\/\/www.cuballama.com\/noticias\/los-muertos-en-el-accidente-de-trenes-en-adamuz-suben-a-41-aqui-una-reconstruccion-de-lo-ocurrido\/#primaryimage"},"thumbnailUrl":"https:\/\/cdn1.mediawpaccore.net\/wp-content\/uploads\/2026\/01\/20054156\/image-92.png","keywords":["accidente ferroviario","Adamuz","alta velocidad","C\u00f3rdoba","investigaci\u00f3n","Iryo","renfe","trenes en Espa\u00f1a","v\u00edctimas mortales"],"articleSection":["Noticias","Noticias Internacionales"],"inLanguage":"es","potentialAction":[{"@type":"CommentAction","name":"Comment","target":["https:\/\/www.cuballama.com\/noticias\/los-muertos-en-el-accidente-de-trenes-en-adamuz-suben-a-41-aqui-una-reconstruccion-de-lo-ocurrido\/#respond"]}]},{"@type":"WebPage","@id":"https:\/\/www.cuballama.com\/noticias\/los-muertos-en-el-accidente-de-trenes-en-adamuz-suben-a-41-aqui-una-reconstruccion-de-lo-ocurrido\/","url":"https:\/\/www.cuballama.com\/noticias\/los-muertos-en-el-accidente-de-trenes-en-adamuz-suben-a-41-aqui-una-reconstruccion-de-lo-ocurrido\/","name":"Los muertos en el accidente de trenes en Adamuz suben a 41. Aqu\u00ed una reconstrucci\u00f3n de lo ocurrido - Cuballama Noticias","isPartOf":{"@id":"https:\/\/www.cuballama.com\/noticias\/#website"},"primaryImageOfPage":{"@id":"https:\/\/www.cuballama.com\/noticias\/los-muertos-en-el-accidente-de-trenes-en-adamuz-suben-a-41-aqui-una-reconstruccion-de-lo-ocurrido\/#primaryimage"},"image":{"@id":"https:\/\/www.cuballama.com\/noticias\/los-muertos-en-el-accidente-de-trenes-en-adamuz-suben-a-41-aqui-una-reconstruccion-de-lo-ocurrido\/#primaryimage"},"thumbnailUrl":"https:\/\/cdn1.mediawpaccore.net\/wp-content\/uploads\/2026\/01\/20054156\/image-92.png","datePublished":"2026-01-20T18:20:18+00:00","dateModified":"2026-01-20T18:20:22+00:00","description":"Los muertos en el accidente de trenes en Adamuz suben a 41 mientras contin\u00faa la investigaci\u00f3n sobre el siniestro ocurrido en C\u00f3rdoba.","breadcrumb":{"@id":"https:\/\/www.cuballama.com\/noticias\/los-muertos-en-el-accidente-de-trenes-en-adamuz-suben-a-41-aqui-una-reconstruccion-de-lo-ocurrido\/#breadcrumb"},"inLanguage":"es","potentialAction":[{"@type":"ReadAction","target":["https:\/\/www.cuballama.com\/noticias\/los-muertos-en-el-accidente-de-trenes-en-adamuz-suben-a-41-aqui-una-reconstruccion-de-lo-ocurrido\/"]}]},{"@type":"ImageObject","inLanguage":"es","@id":"https:\/\/www.cuballama.com\/noticias\/los-muertos-en-el-accidente-de-trenes-en-adamuz-suben-a-41-aqui-una-reconstruccion-de-lo-ocurrido\/#primaryimage","url":"https:\/\/cdn1.mediawpaccore.net\/wp-content\/uploads\/2026\/01\/20054156\/image-92.png","contentUrl":"https:\/\/cdn1.mediawpaccore.net\/wp-content\/uploads\/2026\/01\/20054156\/image-92.png","width":1826,"height":1010,"caption":"Foto: Video Screenshot v\u00eda Guardia Civil de Espa\u00f1a"},{"@type":"BreadcrumbList","@id":"https:\/\/www.cuballama.com\/noticias\/los-muertos-en-el-accidente-de-trenes-en-adamuz-suben-a-41-aqui-una-reconstruccion-de-lo-ocurrido\/#breadcrumb","itemListElement":[{"@type":"ListItem","position":1,"name":"Home","item":"https:\/\/www.cuballama.com\/noticias\/"},{"@type":"ListItem","position":2,"name":"Los muertos en el accidente de trenes en Adamuz suben a 41. Aqu\u00ed una reconstrucci\u00f3n de lo ocurrido"}]},{"@type":"WebSite","@id":"https:\/\/www.cuballama.com\/noticias\/#website","url":"https:\/\/www.cuballama.com\/noticias\/","name":"Cuballama Noticias","description":"Medio digital sobre Cuba y el mundo","publisher":{"@id":"https:\/\/www.cuballama.com\/noticias\/#organization"},"potentialAction":[{"@type":"SearchAction","target":{"@type":"EntryPoint","urlTemplate":"https:\/\/www.cuballama.com\/noticias\/?s={search_term_string}"},"query-input":{"@type":"PropertyValueSpecification","valueRequired":true,"valueName":"search_term_string"}}],"inLanguage":"es"},{"@type":"Organization","@id":"https:\/\/www.cuballama.com\/noticias\/#organization","name":"Cuballama","url":"https:\/\/www.cuballama.com\/noticias\/","logo":{"@type":"ImageObject","inLanguage":"es","@id":"https:\/\/www.cuballama.com\/noticias\/#\/schema\/logo\/image\/","url":"https:\/\/cdn1.mediawpaccore.net\/wp-content\/uploads\/2021\/12\/28171206\/cbll-logo-color-sm.png","contentUrl":"https:\/\/cdn1.mediawpaccore.net\/wp-content\/uploads\/2021\/12\/28171206\/cbll-logo-color-sm.png","width":600,"height":133,"caption":"Cuballama"},"image":{"@id":"https:\/\/www.cuballama.com\/noticias\/#\/schema\/logo\/image\/"},"sameAs":["https:\/\/www.facebook.com\/CubaLlama","https:\/\/x.com\/cuballama","https:\/\/www.instagram.com\/stories\/cuballama_oficial\/","https:\/\/www.youtube.com\/channel\/UCKkFE-d_axENGZcrc4as0IA"]},{"@type":"Person","@id":"https:\/\/www.cuballama.com\/noticias\/#\/schema\/person\/a58502ed4146c8e9f83872e897c76cd2","name":"Roberto A.","description":"Roberto A. Periodista por decisi\u00f3n propia. Interesado en cualquier tema que me apasione y cada vez m\u00e1s comprometido con la verdad y la objetividad period\u00edstica. Graduado en La Habana hace ya muchos a\u00f1os, luego de una accidentada y polvorienta b\u00fasqueda de informaci\u00f3n sobre un tema in\u00e9dito. La Tesis, por cierto, desapareci\u00f3 de la biblioteca y no se conservan copias de la misma.","url":"https:\/\/www.cuballama.com\/noticias\/author\/roberto\/"}]}},"_links":{"self":[{"href":"https:\/\/www.cuballama.com\/noticias\/wp-json\/wp\/v2\/posts\/232698","targetHints":{"allow":["GET"]}}],"collection":[{"href":"https:\/\/www.cuballama.com\/noticias\/wp-json\/wp\/v2\/posts"}],"about":[{"href":"https:\/\/www.cuballama.com\/noticias\/wp-json\/wp\/v2\/types\/post"}],"author":[{"embeddable":true,"href":"https:\/\/www.cuballama.com\/noticias\/wp-json\/wp\/v2\/users\/13"}],"replies":[{"embeddable":true,"href":"https:\/\/www.cuballama.com\/noticias\/wp-json\/wp\/v2\/comments?post=232698"}],"version-history":[{"count":5,"href":"https:\/\/www.cuballama.com\/noticias\/wp-json\/wp\/v2\/posts\/232698\/revisions"}],"predecessor-version":[{"id":232723,"href":"https:\/\/www.cuballama.com\/noticias\/wp-json\/wp\/v2\/posts\/232698\/revisions\/232723"}],"wp:featuredmedia":[{"embeddable":true,"href":"https:\/\/www.cuballama.com\/noticias\/wp-json\/wp\/v2\/media\/232722"}],"wp:attachment":[{"href":"https:\/\/www.cuballama.com\/noticias\/wp-json\/wp\/v2\/media?parent=232698"}],"wp:term":[{"taxonomy":"category","embeddable":true,"href":"https:\/\/www.cuballama.com\/noticias\/wp-json\/wp\/v2\/categories?post=232698"},{"taxonomy":"post_tag","embeddable":true,"href":"https:\/\/www.cuballama.com\/noticias\/wp-json\/wp\/v2\/tags?post=232698"}],"curies":[{"name":"wp","href":"https:\/\/api.w.org\/{rel}","templated":true}]}}