{"id":232696,"date":"2026-01-21T11:10:36","date_gmt":"2026-01-21T16:10:36","guid":{"rendered":"https:\/\/www.cuballama.com\/noticias\/?p=232696"},"modified":"2026-01-21T11:10:41","modified_gmt":"2026-01-21T16:10:41","slug":"investigadores-parecen-haber-encontrado-las-causas-del-accidente-ferroviario-en-espana","status":"publish","type":"post","link":"https:\/\/www.cuballama.com\/noticias\/investigadores-parecen-haber-encontrado-las-causas-del-accidente-ferroviario-en-espana\/","title":{"rendered":"Investigadores parecen haber encontrado las causas del accidente ferroviario en Espa\u00f1a"},"content":{"rendered":"\n<p>Las primeras se\u00f1ales de investigaci\u00f3n sobre el tr\u00e1gico accidente ferroviario ocurrido el 18 de enero en Adamuz (C\u00f3rdoba) apuntan a que los responsables t\u00e9cnicos del siniestro han comenzado a identificar los factores clave que podr\u00edan haber desencadenado el descarrilamiento y choque de dos trenes de alta velocidad, que hasta ahora ha dejado al menos 41 v\u00edctimas mortales y decenas de heridos.<\/p>\n\n\n\n<p>Diversos medios y fuentes oficiales han informado en las \u00faltimas horas que la Comisi\u00f3n de Investigaci\u00f3n de Accidentes Ferroviarios (CIAF) \u2014el organismo independiente adscrito al Ministerio de Transportes encargado de estudiar siniestros como este\u2014 ha puesto el foco en varias anomal\u00edas t\u00e9cnicas en la infraestructura ferroviaria y el material rodante que podr\u00edan explicar lo ocurrido. <\/p>\n\n\n\n<p>Una de las l\u00edneas de investigaci\u00f3n m\u00e1s relevantes apunta a una rotura o alteraci\u00f3n en un tramo de v\u00eda en el lugar exacto donde descarril\u00f3 el tren de la compa\u00f1\u00eda Iryo, antes de invadir el carril por el que circulaba el tren de Renfe Alvia en sentido contrario. Ese tramo, situado en una recta de la l\u00ednea de alta velocidad Madrid-Sevilla recientemente renovada, mostr\u00f3 secciones de ra\u00edles partidos y piezas de v\u00eda destrozadas, seg\u00fan las inspecciones iniciales realizadas por t\u00e9cnicos y agentes de la Guardia Civil.<\/p>\n\n\n\n<iframe loading=\"lazy\" src=\"https:\/\/www.facebook.com\/plugins\/post.php?href=https%3A%2F%2Fwww.facebook.com%2FABCes%2Fposts%2Fpfbid0qGebeQ9xL6Stj3yrQkxvArA6tKmJQ3UkXdHJzJAFQ3ynTUMwnFCvrwNJ1o2wULTCl&#038;show_text=true&#038;width=500\" width=\"500\" height=\"538\" style=\"border:none;overflow:hidden\" scrolling=\"no\" frameborder=\"0\" allowfullscreen=\"true\" allow=\"autoplay; clipboard-write; encrypted-media; picture-in-picture; web-share\"><\/iframe>\n\n\n\n<p>Relacionado con ello, fuentes de la propia investigaci\u00f3n han se\u00f1alado que un empalme o uni\u00f3n del carril con desgaste o defectuoso podr\u00eda haber sido el punto de inicio del descarrilamiento del convoy de Iryo, lo que desencaden\u00f3 la colisi\u00f3n subsiguiente. Aunque todav\u00eda no se ha emitido un veredicto definitivo, expertos citados por <em><a href=\"https:\/\/www.reuters.com\/world\/europe\/investigators-find-broken-joint-track-spanish-rail-crash-site-source-says-2026-01-19\/\" target=\"_blank\" rel=\"noreferrer noopener nofollow\">Reuters<\/a><\/em> indican que ese fallo en la v\u00eda es una de las hip\u00f3tesis m\u00e1s s\u00f3lidas que est\u00e1n barajando los investigadores.<\/p>\n\n\n\n<iframe loading=\"lazy\" src=\"https:\/\/www.facebook.com\/plugins\/post.php?href=https%3A%2F%2Fwww.facebook.com%2Fpermalink.php%3Fstory_fbid%3Dpfbid02NqStyvXoX3njiTY4jV4KcwnzNBFr1j5i8S4bqLYpKGss4R5U1dWqx7hgBQXexRZvl%26id%3D100091426136112&#038;show_text=true&#038;width=500\" width=\"500\" height=\"484\" style=\"border:none;overflow:hidden\" scrolling=\"no\" frameborder=\"0\" allowfullscreen=\"true\" allow=\"autoplay; clipboard-write; encrypted-media; picture-in-picture; web-share\"><\/iframe>\n\n\n\n<p>Adem\u00e1s de la v\u00eda, otra l\u00ednea de an\u00e1lisis se centra en las ruedas y bogies del tren de Iryo que descarril\u00f3, con ex\u00e1menes t\u00e9cnicos detallados para detectar defectos, desgaste o fallos de rodadura que pudieran haber contribuido al desastre ferroviario. Las pruebas incluyen el env\u00edo de secciones de la v\u00eda a laboratorios especializados para evaluar si el da\u00f1o estaba presente antes del accidente o fue consecuencia de la violencia del impacto.<\/p>\n\n\n\n<p>Por el momento, las autoridades han descartado casi por completo que el accidente se debiera a un error humano o exceso de velocidad, ya que los trenes implicados circulaban por debajo de los l\u00edmites permitidos y bajo sistemas de control autom\u00e1tico dise\u00f1ados para corregir fallos humanos.<\/p>\n\n\n\n<div class=\"video_container\" style=\" padding-bottom: 56.3%; position: relative;\"> <iframe loading=\"lazy\" src=\"https:\/\/www.antena3.com\/noticias\/embed\/accidente-tren-cordoba-adamuz-muertos-heridos-ultima-hora-heridos-causas-choque-trenes-iryo-alvia-renfe\/video\/41\/2026\/01\/20\/696f1633c3ffc400074459bf?origin=https:\/\/www.antena3.com\/noticias\/sociedad\/accidente-tren-cordoba-adamuz-muertos-heridos-ultima-hora-heridos-causas-choque-trenes-iryo-alvia-renfe_20260120696f16ebc48f6b4ee36711c8.html\" width=\"560\" height=\"315\" frameborder=\"0\" allowfullscreen  style=\"width: 100%; height: 100%; position: absolute;\"><\/iframe> <\/div>\n\n\n\n<p>A pesar de estos avances, los investigadores han pedido prudencia: a\u00fan falta por analizar las cajas negras, sistemas de se\u00f1alizaci\u00f3n y comunicaciones entre los trenes y los centros de control, y el informe completo podr\u00eda tardar meses en elaborarse, con conclusiones finales que permitan prevenir tragedias similares en el futuro.<\/p>\n\n\n\n<p><br><\/p>\n","protected":false},"excerpt":{"rendered":"<p>La investigaci\u00f3n del accidente ferroviario en Adamuz apunta a fallos en la v\u00eda y el material, con an\u00e1lisis t\u00e9cnicos iniciales que descartan el error humano.<\/p>\n","protected":false},"author":13,"featured_media":232717,"comment_status":"open","ping_status":"closed","sticky":false,"template":"","format":"standard","meta":{"_acf_changed":false,"footnotes":""},"categories":[18,957],"tags":[30112,30115,30113,30114,30068,26306,30111],"class_list":{"0":"post-232696","1":"post","2":"type-post","3":"status-publish","4":"format-standard","5":"has-post-thumbnail","7":"category-noticias","9":"tag-accidente-ferroviario-espana","10":"tag-alta-velocidad","11":"tag-causas-accidente-adamuz","12":"tag-investigacion-ciaf","13":"tag-iryo","14":"tag-renfe","15":"tag-rotura-de-via"},"acf":[],"yoast_head":"<!-- This site is optimized with the Yoast SEO plugin v27.4 - https:\/\/yoast.com\/product\/yoast-seo-wordpress\/ -->\n<title>Investigadores parecen haber encontrado las causas del accidente ferroviario en Espa\u00f1a - Cuballama Noticias<\/title>\n<meta name=\"description\" content=\"Investigadores del accidente ferroviario en Espa\u00f1a, centran la causa en fallos en la v\u00eda y elementos t\u00e9cnicos, descartando error humano.\" \/>\n<meta name=\"robots\" content=\"index, follow, max-snippet:-1, max-image-preview:large, max-video-preview:-1\" \/>\n<link rel=\"canonical\" href=\"https:\/\/www.cuballama.com\/noticias\/investigadores-parecen-haber-encontrado-las-causas-del-accidente-ferroviario-en-espana\/\" \/>\n<meta property=\"og:locale\" content=\"es_ES\" \/>\n<meta property=\"og:type\" content=\"article\" \/>\n<meta property=\"og:title\" content=\"Investigadores parecen haber encontrado las causas del accidente ferroviario en Espa\u00f1a - Cuballama Noticias\" \/>\n<meta property=\"og:description\" content=\"Investigadores del accidente ferroviario en Espa\u00f1a, centran la causa en fallos en la v\u00eda y elementos t\u00e9cnicos, descartando error humano.\" \/>\n<meta property=\"og:url\" content=\"https:\/\/www.cuballama.com\/noticias\/investigadores-parecen-haber-encontrado-las-causas-del-accidente-ferroviario-en-espana\/\" \/>\n<meta property=\"og:site_name\" content=\"Cuballama Noticias\" \/>\n<meta property=\"article:publisher\" content=\"https:\/\/www.facebook.com\/CubaLlama\" \/>\n<meta property=\"article:published_time\" content=\"2026-01-21T16:10:36+00:00\" \/>\n<meta property=\"article:modified_time\" content=\"2026-01-21T16:10:41+00:00\" \/>\n<meta property=\"og:image\" content=\"https:\/\/cdn1.mediawpaccore.net\/wp-content\/uploads\/2026\/01\/20052110\/image-91.png\" \/>\n\t<meta property=\"og:image:width\" content=\"1332\" \/>\n\t<meta property=\"og:image:height\" content=\"788\" \/>\n\t<meta property=\"og:image:type\" content=\"image\/png\" \/>\n<meta name=\"author\" content=\"Roberto A.\" \/>\n<meta name=\"twitter:card\" content=\"summary_large_image\" \/>\n<meta name=\"twitter:creator\" content=\"@cuballama\" \/>\n<meta name=\"twitter:site\" content=\"@cuballama\" \/>\n<meta name=\"twitter:label1\" content=\"Escrito por\" \/>\n\t<meta name=\"twitter:data1\" content=\"Roberto A.\" \/>\n\t<meta name=\"twitter:label2\" content=\"Tiempo de lectura\" \/>\n\t<meta name=\"twitter:data2\" content=\"3 minutos\" \/>\n<script type=\"application\/ld+json\" class=\"yoast-schema-graph\">{\"@context\":\"https:\\\/\\\/schema.org\",\"@graph\":[{\"@type\":\"Article\",\"@id\":\"https:\\\/\\\/www.cuballama.com\\\/noticias\\\/investigadores-parecen-haber-encontrado-las-causas-del-accidente-ferroviario-en-espana\\\/#article\",\"isPartOf\":{\"@id\":\"https:\\\/\\\/www.cuballama.com\\\/noticias\\\/investigadores-parecen-haber-encontrado-las-causas-del-accidente-ferroviario-en-espana\\\/\"},\"author\":{\"name\":\"Roberto A.\",\"@id\":\"https:\\\/\\\/www.cuballama.com\\\/noticias\\\/#\\\/schema\\\/person\\\/a58502ed4146c8e9f83872e897c76cd2\"},\"headline\":\"Investigadores parecen haber encontrado las causas del accidente ferroviario en Espa\u00f1a\",\"datePublished\":\"2026-01-21T16:10:36+00:00\",\"dateModified\":\"2026-01-21T16:10:41+00:00\",\"mainEntityOfPage\":{\"@id\":\"https:\\\/\\\/www.cuballama.com\\\/noticias\\\/investigadores-parecen-haber-encontrado-las-causas-del-accidente-ferroviario-en-espana\\\/\"},\"wordCount\":501,\"commentCount\":0,\"publisher\":{\"@id\":\"https:\\\/\\\/www.cuballama.com\\\/noticias\\\/#organization\"},\"image\":{\"@id\":\"https:\\\/\\\/www.cuballama.com\\\/noticias\\\/investigadores-parecen-haber-encontrado-las-causas-del-accidente-ferroviario-en-espana\\\/#primaryimage\"},\"thumbnailUrl\":\"https:\\\/\\\/cdn1.mediawpaccore.net\\\/wp-content\\\/uploads\\\/2026\\\/01\\\/20052110\\\/image-91.png\",\"keywords\":[\"accidente ferroviario Espa\u00f1a\",\"alta velocidad\",\"causas accidente Adamuz\",\"investigaci\u00f3n CIAF\",\"Iryo\",\"renfe\",\"rotura de v\u00eda\"],\"articleSection\":[\"Noticias\",\"Noticias Internacionales\"],\"inLanguage\":\"es\",\"potentialAction\":[{\"@type\":\"CommentAction\",\"name\":\"Comment\",\"target\":[\"https:\\\/\\\/www.cuballama.com\\\/noticias\\\/investigadores-parecen-haber-encontrado-las-causas-del-accidente-ferroviario-en-espana\\\/#respond\"]}]},{\"@type\":\"WebPage\",\"@id\":\"https:\\\/\\\/www.cuballama.com\\\/noticias\\\/investigadores-parecen-haber-encontrado-las-causas-del-accidente-ferroviario-en-espana\\\/\",\"url\":\"https:\\\/\\\/www.cuballama.com\\\/noticias\\\/investigadores-parecen-haber-encontrado-las-causas-del-accidente-ferroviario-en-espana\\\/\",\"name\":\"Investigadores parecen haber encontrado las causas del accidente ferroviario en Espa\u00f1a - Cuballama Noticias\",\"isPartOf\":{\"@id\":\"https:\\\/\\\/www.cuballama.com\\\/noticias\\\/#website\"},\"primaryImageOfPage\":{\"@id\":\"https:\\\/\\\/www.cuballama.com\\\/noticias\\\/investigadores-parecen-haber-encontrado-las-causas-del-accidente-ferroviario-en-espana\\\/#primaryimage\"},\"image\":{\"@id\":\"https:\\\/\\\/www.cuballama.com\\\/noticias\\\/investigadores-parecen-haber-encontrado-las-causas-del-accidente-ferroviario-en-espana\\\/#primaryimage\"},\"thumbnailUrl\":\"https:\\\/\\\/cdn1.mediawpaccore.net\\\/wp-content\\\/uploads\\\/2026\\\/01\\\/20052110\\\/image-91.png\",\"datePublished\":\"2026-01-21T16:10:36+00:00\",\"dateModified\":\"2026-01-21T16:10:41+00:00\",\"description\":\"Investigadores del accidente ferroviario en Espa\u00f1a, centran la causa en fallos en la v\u00eda y elementos t\u00e9cnicos, descartando error humano.\",\"breadcrumb\":{\"@id\":\"https:\\\/\\\/www.cuballama.com\\\/noticias\\\/investigadores-parecen-haber-encontrado-las-causas-del-accidente-ferroviario-en-espana\\\/#breadcrumb\"},\"inLanguage\":\"es\",\"potentialAction\":[{\"@type\":\"ReadAction\",\"target\":[\"https:\\\/\\\/www.cuballama.com\\\/noticias\\\/investigadores-parecen-haber-encontrado-las-causas-del-accidente-ferroviario-en-espana\\\/\"]}]},{\"@type\":\"ImageObject\",\"inLanguage\":\"es\",\"@id\":\"https:\\\/\\\/www.cuballama.com\\\/noticias\\\/investigadores-parecen-haber-encontrado-las-causas-del-accidente-ferroviario-en-espana\\\/#primaryimage\",\"url\":\"https:\\\/\\\/cdn1.mediawpaccore.net\\\/wp-content\\\/uploads\\\/2026\\\/01\\\/20052110\\\/image-91.png\",\"contentUrl\":\"https:\\\/\\\/cdn1.mediawpaccore.net\\\/wp-content\\\/uploads\\\/2026\\\/01\\\/20052110\\\/image-91.png\",\"width\":1332,\"height\":788,\"caption\":\"Foto: Video Screenshot \\\/ Guardia Civil de Espa\u00f1a\"},{\"@type\":\"BreadcrumbList\",\"@id\":\"https:\\\/\\\/www.cuballama.com\\\/noticias\\\/investigadores-parecen-haber-encontrado-las-causas-del-accidente-ferroviario-en-espana\\\/#breadcrumb\",\"itemListElement\":[{\"@type\":\"ListItem\",\"position\":1,\"name\":\"Home\",\"item\":\"https:\\\/\\\/www.cuballama.com\\\/noticias\\\/\"},{\"@type\":\"ListItem\",\"position\":2,\"name\":\"Investigadores parecen haber encontrado las causas del accidente ferroviario en Espa\u00f1a\"}]},{\"@type\":\"WebSite\",\"@id\":\"https:\\\/\\\/www.cuballama.com\\\/noticias\\\/#website\",\"url\":\"https:\\\/\\\/www.cuballama.com\\\/noticias\\\/\",\"name\":\"Cuballama Noticias\",\"description\":\"Medio digital sobre Cuba y el mundo\",\"publisher\":{\"@id\":\"https:\\\/\\\/www.cuballama.com\\\/noticias\\\/#organization\"},\"potentialAction\":[{\"@type\":\"SearchAction\",\"target\":{\"@type\":\"EntryPoint\",\"urlTemplate\":\"https:\\\/\\\/www.cuballama.com\\\/noticias\\\/?s={search_term_string}\"},\"query-input\":{\"@type\":\"PropertyValueSpecification\",\"valueRequired\":true,\"valueName\":\"search_term_string\"}}],\"inLanguage\":\"es\"},{\"@type\":\"Organization\",\"@id\":\"https:\\\/\\\/www.cuballama.com\\\/noticias\\\/#organization\",\"name\":\"Cuballama\",\"url\":\"https:\\\/\\\/www.cuballama.com\\\/noticias\\\/\",\"logo\":{\"@type\":\"ImageObject\",\"inLanguage\":\"es\",\"@id\":\"https:\\\/\\\/www.cuballama.com\\\/noticias\\\/#\\\/schema\\\/logo\\\/image\\\/\",\"url\":\"https:\\\/\\\/cdn1.mediawpaccore.net\\\/wp-content\\\/uploads\\\/2021\\\/12\\\/28171206\\\/cbll-logo-color-sm.png\",\"contentUrl\":\"https:\\\/\\\/cdn1.mediawpaccore.net\\\/wp-content\\\/uploads\\\/2021\\\/12\\\/28171206\\\/cbll-logo-color-sm.png\",\"width\":600,\"height\":133,\"caption\":\"Cuballama\"},\"image\":{\"@id\":\"https:\\\/\\\/www.cuballama.com\\\/noticias\\\/#\\\/schema\\\/logo\\\/image\\\/\"},\"sameAs\":[\"https:\\\/\\\/www.facebook.com\\\/CubaLlama\",\"https:\\\/\\\/x.com\\\/cuballama\",\"https:\\\/\\\/www.instagram.com\\\/stories\\\/cuballama_oficial\\\/\",\"https:\\\/\\\/www.youtube.com\\\/channel\\\/UCKkFE-d_axENGZcrc4as0IA\"]},{\"@type\":\"Person\",\"@id\":\"https:\\\/\\\/www.cuballama.com\\\/noticias\\\/#\\\/schema\\\/person\\\/a58502ed4146c8e9f83872e897c76cd2\",\"name\":\"Roberto A.\",\"description\":\"Roberto A. Periodista por decisi\u00f3n propia. Interesado en cualquier tema que me apasione y cada vez m\u00e1s comprometido con la verdad y la objetividad period\u00edstica. Graduado en La Habana hace ya muchos a\u00f1os, luego de una accidentada y polvorienta b\u00fasqueda de informaci\u00f3n sobre un tema in\u00e9dito. La Tesis, por cierto, desapareci\u00f3 de la biblioteca y no se conservan copias de la misma.\",\"url\":\"https:\\\/\\\/www.cuballama.com\\\/noticias\\\/author\\\/roberto\\\/\"}]}<\/script>\n<!-- \/ Yoast SEO plugin. -->","yoast_head_json":{"title":"Investigadores parecen haber encontrado las causas del accidente ferroviario en Espa\u00f1a - Cuballama Noticias","description":"Investigadores del accidente ferroviario en Espa\u00f1a, centran la causa en fallos en la v\u00eda y elementos t\u00e9cnicos, descartando error humano.","robots":{"index":"index","follow":"follow","max-snippet":"max-snippet:-1","max-image-preview":"max-image-preview:large","max-video-preview":"max-video-preview:-1"},"canonical":"https:\/\/www.cuballama.com\/noticias\/investigadores-parecen-haber-encontrado-las-causas-del-accidente-ferroviario-en-espana\/","og_locale":"es_ES","og_type":"article","og_title":"Investigadores parecen haber encontrado las causas del accidente ferroviario en Espa\u00f1a - Cuballama Noticias","og_description":"Investigadores del accidente ferroviario en Espa\u00f1a, centran la causa en fallos en la v\u00eda y elementos t\u00e9cnicos, descartando error humano.","og_url":"https:\/\/www.cuballama.com\/noticias\/investigadores-parecen-haber-encontrado-las-causas-del-accidente-ferroviario-en-espana\/","og_site_name":"Cuballama Noticias","article_publisher":"https:\/\/www.facebook.com\/CubaLlama","article_published_time":"2026-01-21T16:10:36+00:00","article_modified_time":"2026-01-21T16:10:41+00:00","og_image":[{"width":1332,"height":788,"url":"https:\/\/cdn1.mediawpaccore.net\/wp-content\/uploads\/2026\/01\/20052110\/image-91.png","type":"image\/png"}],"author":"Roberto A.","twitter_card":"summary_large_image","twitter_creator":"@cuballama","twitter_site":"@cuballama","twitter_misc":{"Escrito por":"Roberto A.","Tiempo de lectura":"3 minutos"},"schema":{"@context":"https:\/\/schema.org","@graph":[{"@type":"Article","@id":"https:\/\/www.cuballama.com\/noticias\/investigadores-parecen-haber-encontrado-las-causas-del-accidente-ferroviario-en-espana\/#article","isPartOf":{"@id":"https:\/\/www.cuballama.com\/noticias\/investigadores-parecen-haber-encontrado-las-causas-del-accidente-ferroviario-en-espana\/"},"author":{"name":"Roberto A.","@id":"https:\/\/www.cuballama.com\/noticias\/#\/schema\/person\/a58502ed4146c8e9f83872e897c76cd2"},"headline":"Investigadores parecen haber encontrado las causas del accidente ferroviario en Espa\u00f1a","datePublished":"2026-01-21T16:10:36+00:00","dateModified":"2026-01-21T16:10:41+00:00","mainEntityOfPage":{"@id":"https:\/\/www.cuballama.com\/noticias\/investigadores-parecen-haber-encontrado-las-causas-del-accidente-ferroviario-en-espana\/"},"wordCount":501,"commentCount":0,"publisher":{"@id":"https:\/\/www.cuballama.com\/noticias\/#organization"},"image":{"@id":"https:\/\/www.cuballama.com\/noticias\/investigadores-parecen-haber-encontrado-las-causas-del-accidente-ferroviario-en-espana\/#primaryimage"},"thumbnailUrl":"https:\/\/cdn1.mediawpaccore.net\/wp-content\/uploads\/2026\/01\/20052110\/image-91.png","keywords":["accidente ferroviario Espa\u00f1a","alta velocidad","causas accidente Adamuz","investigaci\u00f3n CIAF","Iryo","renfe","rotura de v\u00eda"],"articleSection":["Noticias","Noticias Internacionales"],"inLanguage":"es","potentialAction":[{"@type":"CommentAction","name":"Comment","target":["https:\/\/www.cuballama.com\/noticias\/investigadores-parecen-haber-encontrado-las-causas-del-accidente-ferroviario-en-espana\/#respond"]}]},{"@type":"WebPage","@id":"https:\/\/www.cuballama.com\/noticias\/investigadores-parecen-haber-encontrado-las-causas-del-accidente-ferroviario-en-espana\/","url":"https:\/\/www.cuballama.com\/noticias\/investigadores-parecen-haber-encontrado-las-causas-del-accidente-ferroviario-en-espana\/","name":"Investigadores parecen haber encontrado las causas del accidente ferroviario en Espa\u00f1a - Cuballama Noticias","isPartOf":{"@id":"https:\/\/www.cuballama.com\/noticias\/#website"},"primaryImageOfPage":{"@id":"https:\/\/www.cuballama.com\/noticias\/investigadores-parecen-haber-encontrado-las-causas-del-accidente-ferroviario-en-espana\/#primaryimage"},"image":{"@id":"https:\/\/www.cuballama.com\/noticias\/investigadores-parecen-haber-encontrado-las-causas-del-accidente-ferroviario-en-espana\/#primaryimage"},"thumbnailUrl":"https:\/\/cdn1.mediawpaccore.net\/wp-content\/uploads\/2026\/01\/20052110\/image-91.png","datePublished":"2026-01-21T16:10:36+00:00","dateModified":"2026-01-21T16:10:41+00:00","description":"Investigadores del accidente ferroviario en Espa\u00f1a, centran la causa en fallos en la v\u00eda y elementos t\u00e9cnicos, descartando error humano.","breadcrumb":{"@id":"https:\/\/www.cuballama.com\/noticias\/investigadores-parecen-haber-encontrado-las-causas-del-accidente-ferroviario-en-espana\/#breadcrumb"},"inLanguage":"es","potentialAction":[{"@type":"ReadAction","target":["https:\/\/www.cuballama.com\/noticias\/investigadores-parecen-haber-encontrado-las-causas-del-accidente-ferroviario-en-espana\/"]}]},{"@type":"ImageObject","inLanguage":"es","@id":"https:\/\/www.cuballama.com\/noticias\/investigadores-parecen-haber-encontrado-las-causas-del-accidente-ferroviario-en-espana\/#primaryimage","url":"https:\/\/cdn1.mediawpaccore.net\/wp-content\/uploads\/2026\/01\/20052110\/image-91.png","contentUrl":"https:\/\/cdn1.mediawpaccore.net\/wp-content\/uploads\/2026\/01\/20052110\/image-91.png","width":1332,"height":788,"caption":"Foto: Video Screenshot \/ Guardia Civil de Espa\u00f1a"},{"@type":"BreadcrumbList","@id":"https:\/\/www.cuballama.com\/noticias\/investigadores-parecen-haber-encontrado-las-causas-del-accidente-ferroviario-en-espana\/#breadcrumb","itemListElement":[{"@type":"ListItem","position":1,"name":"Home","item":"https:\/\/www.cuballama.com\/noticias\/"},{"@type":"ListItem","position":2,"name":"Investigadores parecen haber encontrado las causas del accidente ferroviario en Espa\u00f1a"}]},{"@type":"WebSite","@id":"https:\/\/www.cuballama.com\/noticias\/#website","url":"https:\/\/www.cuballama.com\/noticias\/","name":"Cuballama Noticias","description":"Medio digital sobre Cuba y el mundo","publisher":{"@id":"https:\/\/www.cuballama.com\/noticias\/#organization"},"potentialAction":[{"@type":"SearchAction","target":{"@type":"EntryPoint","urlTemplate":"https:\/\/www.cuballama.com\/noticias\/?s={search_term_string}"},"query-input":{"@type":"PropertyValueSpecification","valueRequired":true,"valueName":"search_term_string"}}],"inLanguage":"es"},{"@type":"Organization","@id":"https:\/\/www.cuballama.com\/noticias\/#organization","name":"Cuballama","url":"https:\/\/www.cuballama.com\/noticias\/","logo":{"@type":"ImageObject","inLanguage":"es","@id":"https:\/\/www.cuballama.com\/noticias\/#\/schema\/logo\/image\/","url":"https:\/\/cdn1.mediawpaccore.net\/wp-content\/uploads\/2021\/12\/28171206\/cbll-logo-color-sm.png","contentUrl":"https:\/\/cdn1.mediawpaccore.net\/wp-content\/uploads\/2021\/12\/28171206\/cbll-logo-color-sm.png","width":600,"height":133,"caption":"Cuballama"},"image":{"@id":"https:\/\/www.cuballama.com\/noticias\/#\/schema\/logo\/image\/"},"sameAs":["https:\/\/www.facebook.com\/CubaLlama","https:\/\/x.com\/cuballama","https:\/\/www.instagram.com\/stories\/cuballama_oficial\/","https:\/\/www.youtube.com\/channel\/UCKkFE-d_axENGZcrc4as0IA"]},{"@type":"Person","@id":"https:\/\/www.cuballama.com\/noticias\/#\/schema\/person\/a58502ed4146c8e9f83872e897c76cd2","name":"Roberto A.","description":"Roberto A. Periodista por decisi\u00f3n propia. Interesado en cualquier tema que me apasione y cada vez m\u00e1s comprometido con la verdad y la objetividad period\u00edstica. Graduado en La Habana hace ya muchos a\u00f1os, luego de una accidentada y polvorienta b\u00fasqueda de informaci\u00f3n sobre un tema in\u00e9dito. La Tesis, por cierto, desapareci\u00f3 de la biblioteca y no se conservan copias de la misma.","url":"https:\/\/www.cuballama.com\/noticias\/author\/roberto\/"}]}},"_links":{"self":[{"href":"https:\/\/www.cuballama.com\/noticias\/wp-json\/wp\/v2\/posts\/232696","targetHints":{"allow":["GET"]}}],"collection":[{"href":"https:\/\/www.cuballama.com\/noticias\/wp-json\/wp\/v2\/posts"}],"about":[{"href":"https:\/\/www.cuballama.com\/noticias\/wp-json\/wp\/v2\/types\/post"}],"author":[{"embeddable":true,"href":"https:\/\/www.cuballama.com\/noticias\/wp-json\/wp\/v2\/users\/13"}],"replies":[{"embeddable":true,"href":"https:\/\/www.cuballama.com\/noticias\/wp-json\/wp\/v2\/comments?post=232696"}],"version-history":[{"count":4,"href":"https:\/\/www.cuballama.com\/noticias\/wp-json\/wp\/v2\/posts\/232696\/revisions"}],"predecessor-version":[{"id":232718,"href":"https:\/\/www.cuballama.com\/noticias\/wp-json\/wp\/v2\/posts\/232696\/revisions\/232718"}],"wp:featuredmedia":[{"embeddable":true,"href":"https:\/\/www.cuballama.com\/noticias\/wp-json\/wp\/v2\/media\/232717"}],"wp:attachment":[{"href":"https:\/\/www.cuballama.com\/noticias\/wp-json\/wp\/v2\/media?parent=232696"}],"wp:term":[{"taxonomy":"category","embeddable":true,"href":"https:\/\/www.cuballama.com\/noticias\/wp-json\/wp\/v2\/categories?post=232696"},{"taxonomy":"post_tag","embeddable":true,"href":"https:\/\/www.cuballama.com\/noticias\/wp-json\/wp\/v2\/tags?post=232696"}],"curies":[{"name":"wp","href":"https:\/\/api.w.org\/{rel}","templated":true}]}}