{"id":232688,"date":"2026-01-23T13:48:08","date_gmt":"2026-01-23T18:48:08","guid":{"rendered":"https:\/\/www.cuballama.com\/noticias\/?p=232688"},"modified":"2026-01-23T13:48:10","modified_gmt":"2026-01-23T18:48:10","slug":"no-es-una-sino-dos-las-cubanas-involucradas-en-accidente-de-trenes-en-espana","status":"publish","type":"post","link":"https:\/\/www.cuballama.com\/noticias\/no-es-una-sino-dos-las-cubanas-involucradas-en-accidente-de-trenes-en-espana\/","title":{"rendered":"No es una, sino dos las cubanas involucradas en accidente de trenes en Espa\u00f1a"},"content":{"rendered":"\n<p><a href=\"https:\/\/www.cuballama.com\/noticias\/accidente-de-trenes-ocurrido-ayer-en-espana-es-el-mas-mortal-en-13-anos-y-el-4to-mayor-en-su-historia-fotos-y-videos\/\">El grave accidente ferroviario ocurrido en la noche del domingo 18 de enero en Adamuz, provincia de C\u00f3rdoba<\/a>, dej\u00f3 un balance preliminar de decenas de heridos, desaparecidos y al menos 40 fallecidos, cifra que este martes 20 de enero subi\u00f3 a 41 tras el hallazgo de un nuevo cad\u00e1ver en uno de los convoyes, seg\u00fan la \u00faltima actualizaci\u00f3n de las labores de rescate.<\/p>\n\n\n\n<p>En medio de la conmoci\u00f3n, la atenci\u00f3n de la comunidad cubana en Espa\u00f1a se ha concentrado en dos nombres. Por un lado, Tamara Margarita Vald\u00e9s, cubana residente en Huelva, figura entre las personas oficialmente desaparecidas, de acuerdo con informaci\u00f3n publicada por <em><a href=\"https:\/\/elpais.com\/espana\/2026-01-18\/renfe-suspende-el-servicio-entre-madrid-y-andalucia-tras-el-descarrilamiento-de-dos-trenes-en-cordoba.html\" target=\"_blank\" rel=\"noreferrer noopener nofollow\">El Pa\u00eds<\/a><\/em>. Su esposo, Ram\u00f3n Mont\u00f3n, declar\u00f3 que habl\u00f3 con ella apenas 20 minutos antes del siniestro y que \u201ccasi se le escapa el tren\u201d, frase que hoy pesa como un detalle cruel dentro de un operativo que avanza con enormes dificultades t\u00e9cnicas.<\/p>\n\n\n\n<p>Las autoridades han explicado que parte de la complejidad radica en el estado de los primeros coches del Alvia Madrid-Huelva, los m\u00e1s castigados por el choque, descritos como \u201camasijos de hierros\u201d, con zonas retorcidas y de dif\u00edcil acceso en un terrapl\u00e9n, lo que obliga a maniobrar con maquinaria pesada en condiciones poco favorables. En ese contexto, el alcalde de Adamuz lleg\u00f3 a describir el escenario como \u201cdantesco\u201d, mientras los bomberos detallaban lesiones de todo tipo entre los sobrevivientes rescatados.<\/p>\n\n\n\n<p>La segunda cubana vinculada al accidente es Daniela Arteaga Mart\u00ednez, dise\u00f1adora de 28 a\u00f1os, quien s\u00ed fue localizada con vida y permanece ingresada en el Hospital Universitario Reina Sof\u00eda de C\u00f3rdoba, estable y fuera de peligro, seg\u00fan confirmaciones citadas por OnCuba. Arteaga viajaba rumbo a Huelva para incorporarse a un m\u00e1ster en la Universidad Internacional de Andaluc\u00eda y hab\u00eda llegado a Madrid procedente de Cuba el mismo d\u00eda.<\/p>\n\n\n\n<p><strong>noticia relacionada: <a href=\"https:\/\/www.cuballama.com\/noticias\/joven-cubana-recien-llegada-a-espana-entre-los-heridos-en-tragico-accidente-de-trenes\/\" target=\"_blank\" rel=\"noreferrer noopener\">Joven cubana reci\u00e9n llegada a Espa\u00f1a entre los heridos en tr\u00e1gico accidente de trenes<\/a><\/strong><\/p>\n\n\n\n<p>El choque se produjo cuando un tren de la compa\u00f1\u00eda Iryo que cubr\u00eda la ruta M\u00e1laga-Madrid descarril\u00f3 y sus \u00faltimos coches invadieron la v\u00eda contraria justo cuando pasaba un Alvia de Renfe en direcci\u00f3n Madrid-Huelva. Espa\u00f1a decret\u00f3 tres d\u00edas de luto oficial, mientras contin\u00faa la identificaci\u00f3n de v\u00edctimas y la b\u00fasqueda de quienes a\u00fan no han sido hallados, entre ellos, Tamara Margarita Vald\u00e9s.<\/p>\n","protected":false},"excerpt":{"rendered":"<p>El accidente ferroviario en Adamuz dej\u00f3 al menos 40 muertos y decenas de heridos. Dos cubanas figuran entre las afectadas: una hospitalizada y otra desaparecida.<\/p>\n","protected":false},"author":13,"featured_media":232545,"comment_status":"open","ping_status":"closed","sticky":false,"template":"","format":"standard","meta":{"_acf_changed":false,"footnotes":""},"categories":[18,957],"tags":[30066,30070,1850,30069,6333,542,2712,30105,30104],"class_list":{"0":"post-232688","1":"post","2":"type-post","3":"status-publish","4":"format-standard","5":"has-post-thumbnail","7":"category-noticias","8":"category-noticias-internacionales","9":"tag-accidente-ferroviario","10":"tag-adamuz","11":"tag-comunidad-cubana","13":"tag-cubanos-en-espana","14":"tag-desaparecidos","15":"tag-heridos","17":"tag-trenes-en-espana"},"acf":[],"yoast_head":"<!-- This site is optimized with the Yoast SEO plugin v27.4 - https:\/\/yoast.com\/product\/yoast-seo-wordpress\/ -->\n<title>No es una, sino dos las cubanas involucradas en accidente de trenes en Espa\u00f1a - Cuballama Noticias<\/title>\n<meta name=\"description\" content=\"Accidente de trenes en Adamuz deja al menos dos cubanas afectadas: una permanece hospitalizada y otra figura entre los desaparecidos.\" \/>\n<meta name=\"robots\" content=\"index, follow, max-snippet:-1, max-image-preview:large, max-video-preview:-1\" \/>\n<link rel=\"canonical\" href=\"https:\/\/www.cuballama.com\/noticias\/no-es-una-sino-dos-las-cubanas-involucradas-en-accidente-de-trenes-en-espana\/\" \/>\n<meta property=\"og:locale\" content=\"es_ES\" \/>\n<meta property=\"og:type\" content=\"article\" \/>\n<meta property=\"og:title\" content=\"No es una, sino dos las cubanas involucradas en accidente de trenes en Espa\u00f1a - Cuballama Noticias\" \/>\n<meta property=\"og:description\" content=\"Accidente de trenes en Adamuz deja al menos dos cubanas afectadas: una permanece hospitalizada y otra figura entre los desaparecidos.\" \/>\n<meta property=\"og:url\" content=\"https:\/\/www.cuballama.com\/noticias\/no-es-una-sino-dos-las-cubanas-involucradas-en-accidente-de-trenes-en-espana\/\" \/>\n<meta property=\"og:site_name\" content=\"Cuballama Noticias\" \/>\n<meta property=\"article:publisher\" content=\"https:\/\/www.facebook.com\/CubaLlama\" \/>\n<meta property=\"article:published_time\" content=\"2026-01-23T18:48:08+00:00\" \/>\n<meta property=\"article:modified_time\" content=\"2026-01-23T18:48:10+00:00\" \/>\n<meta property=\"og:image\" content=\"https:\/\/cdn1.mediawpaccore.net\/wp-content\/uploads\/2026\/01\/19053902\/image-82.png\" \/>\n\t<meta property=\"og:image:width\" content=\"1274\" \/>\n\t<meta property=\"og:image:height\" content=\"788\" \/>\n\t<meta property=\"og:image:type\" content=\"image\/png\" \/>\n<meta name=\"author\" content=\"Roberto A.\" \/>\n<meta name=\"twitter:card\" content=\"summary_large_image\" \/>\n<meta name=\"twitter:creator\" content=\"@cuballama\" \/>\n<meta name=\"twitter:site\" content=\"@cuballama\" \/>\n<meta name=\"twitter:label1\" content=\"Escrito por\" \/>\n\t<meta name=\"twitter:data1\" content=\"Roberto A.\" \/>\n\t<meta name=\"twitter:label2\" content=\"Tiempo de lectura\" \/>\n\t<meta name=\"twitter:data2\" content=\"2 minutos\" \/>\n<script type=\"application\/ld+json\" class=\"yoast-schema-graph\">{\"@context\":\"https:\\\/\\\/schema.org\",\"@graph\":[{\"@type\":\"Article\",\"@id\":\"https:\\\/\\\/www.cuballama.com\\\/noticias\\\/no-es-una-sino-dos-las-cubanas-involucradas-en-accidente-de-trenes-en-espana\\\/#article\",\"isPartOf\":{\"@id\":\"https:\\\/\\\/www.cuballama.com\\\/noticias\\\/no-es-una-sino-dos-las-cubanas-involucradas-en-accidente-de-trenes-en-espana\\\/\"},\"author\":{\"name\":\"Roberto A.\",\"@id\":\"https:\\\/\\\/www.cuballama.com\\\/noticias\\\/#\\\/schema\\\/person\\\/a58502ed4146c8e9f83872e897c76cd2\"},\"headline\":\"No es una, sino dos las cubanas involucradas en accidente de trenes en Espa\u00f1a\",\"datePublished\":\"2026-01-23T18:48:08+00:00\",\"dateModified\":\"2026-01-23T18:48:10+00:00\",\"mainEntityOfPage\":{\"@id\":\"https:\\\/\\\/www.cuballama.com\\\/noticias\\\/no-es-una-sino-dos-las-cubanas-involucradas-en-accidente-de-trenes-en-espana\\\/\"},\"wordCount\":424,\"commentCount\":0,\"publisher\":{\"@id\":\"https:\\\/\\\/www.cuballama.com\\\/noticias\\\/#organization\"},\"image\":{\"@id\":\"https:\\\/\\\/www.cuballama.com\\\/noticias\\\/no-es-una-sino-dos-las-cubanas-involucradas-en-accidente-de-trenes-en-espana\\\/#primaryimage\"},\"thumbnailUrl\":\"https:\\\/\\\/cdn1.mediawpaccore.net\\\/wp-content\\\/uploads\\\/2026\\\/01\\\/19053902\\\/image-82.png\",\"keywords\":[\"accidente ferroviario\",\"Adamuz\",\"comunidad cubana\",\"C\u00f3rdoba\",\"Cubanos en Espa\u00f1a\",\"Desaparecidos\",\"heridos\",\"suceso\",\"trenes en Espa\u00f1a\"],\"articleSection\":[\"Noticias\",\"Noticias Internacionales\"],\"inLanguage\":\"es\",\"potentialAction\":[{\"@type\":\"CommentAction\",\"name\":\"Comment\",\"target\":[\"https:\\\/\\\/www.cuballama.com\\\/noticias\\\/no-es-una-sino-dos-las-cubanas-involucradas-en-accidente-de-trenes-en-espana\\\/#respond\"]}]},{\"@type\":\"WebPage\",\"@id\":\"https:\\\/\\\/www.cuballama.com\\\/noticias\\\/no-es-una-sino-dos-las-cubanas-involucradas-en-accidente-de-trenes-en-espana\\\/\",\"url\":\"https:\\\/\\\/www.cuballama.com\\\/noticias\\\/no-es-una-sino-dos-las-cubanas-involucradas-en-accidente-de-trenes-en-espana\\\/\",\"name\":\"No es una, sino dos las cubanas involucradas en accidente de trenes en Espa\u00f1a - Cuballama Noticias\",\"isPartOf\":{\"@id\":\"https:\\\/\\\/www.cuballama.com\\\/noticias\\\/#website\"},\"primaryImageOfPage\":{\"@id\":\"https:\\\/\\\/www.cuballama.com\\\/noticias\\\/no-es-una-sino-dos-las-cubanas-involucradas-en-accidente-de-trenes-en-espana\\\/#primaryimage\"},\"image\":{\"@id\":\"https:\\\/\\\/www.cuballama.com\\\/noticias\\\/no-es-una-sino-dos-las-cubanas-involucradas-en-accidente-de-trenes-en-espana\\\/#primaryimage\"},\"thumbnailUrl\":\"https:\\\/\\\/cdn1.mediawpaccore.net\\\/wp-content\\\/uploads\\\/2026\\\/01\\\/19053902\\\/image-82.png\",\"datePublished\":\"2026-01-23T18:48:08+00:00\",\"dateModified\":\"2026-01-23T18:48:10+00:00\",\"description\":\"Accidente de trenes en Adamuz deja al menos dos cubanas afectadas: una permanece hospitalizada y otra figura entre los desaparecidos.\",\"breadcrumb\":{\"@id\":\"https:\\\/\\\/www.cuballama.com\\\/noticias\\\/no-es-una-sino-dos-las-cubanas-involucradas-en-accidente-de-trenes-en-espana\\\/#breadcrumb\"},\"inLanguage\":\"es\",\"potentialAction\":[{\"@type\":\"ReadAction\",\"target\":[\"https:\\\/\\\/www.cuballama.com\\\/noticias\\\/no-es-una-sino-dos-las-cubanas-involucradas-en-accidente-de-trenes-en-espana\\\/\"]}]},{\"@type\":\"ImageObject\",\"inLanguage\":\"es\",\"@id\":\"https:\\\/\\\/www.cuballama.com\\\/noticias\\\/no-es-una-sino-dos-las-cubanas-involucradas-en-accidente-de-trenes-en-espana\\\/#primaryimage\",\"url\":\"https:\\\/\\\/cdn1.mediawpaccore.net\\\/wp-content\\\/uploads\\\/2026\\\/01\\\/19053902\\\/image-82.png\",\"contentUrl\":\"https:\\\/\\\/cdn1.mediawpaccore.net\\\/wp-content\\\/uploads\\\/2026\\\/01\\\/19053902\\\/image-82.png\",\"width\":1274,\"height\":788,\"caption\":\"Foto: Video Captura Video de la Guardia Civil\"},{\"@type\":\"BreadcrumbList\",\"@id\":\"https:\\\/\\\/www.cuballama.com\\\/noticias\\\/no-es-una-sino-dos-las-cubanas-involucradas-en-accidente-de-trenes-en-espana\\\/#breadcrumb\",\"itemListElement\":[{\"@type\":\"ListItem\",\"position\":1,\"name\":\"Home\",\"item\":\"https:\\\/\\\/www.cuballama.com\\\/noticias\\\/\"},{\"@type\":\"ListItem\",\"position\":2,\"name\":\"No es una, sino dos las cubanas involucradas en accidente de trenes en Espa\u00f1a\"}]},{\"@type\":\"WebSite\",\"@id\":\"https:\\\/\\\/www.cuballama.com\\\/noticias\\\/#website\",\"url\":\"https:\\\/\\\/www.cuballama.com\\\/noticias\\\/\",\"name\":\"Cuballama Noticias\",\"description\":\"Medio digital sobre Cuba y el mundo\",\"publisher\":{\"@id\":\"https:\\\/\\\/www.cuballama.com\\\/noticias\\\/#organization\"},\"potentialAction\":[{\"@type\":\"SearchAction\",\"target\":{\"@type\":\"EntryPoint\",\"urlTemplate\":\"https:\\\/\\\/www.cuballama.com\\\/noticias\\\/?s={search_term_string}\"},\"query-input\":{\"@type\":\"PropertyValueSpecification\",\"valueRequired\":true,\"valueName\":\"search_term_string\"}}],\"inLanguage\":\"es\"},{\"@type\":\"Organization\",\"@id\":\"https:\\\/\\\/www.cuballama.com\\\/noticias\\\/#organization\",\"name\":\"Cuballama\",\"url\":\"https:\\\/\\\/www.cuballama.com\\\/noticias\\\/\",\"logo\":{\"@type\":\"ImageObject\",\"inLanguage\":\"es\",\"@id\":\"https:\\\/\\\/www.cuballama.com\\\/noticias\\\/#\\\/schema\\\/logo\\\/image\\\/\",\"url\":\"https:\\\/\\\/cdn1.mediawpaccore.net\\\/wp-content\\\/uploads\\\/2021\\\/12\\\/28171206\\\/cbll-logo-color-sm.png\",\"contentUrl\":\"https:\\\/\\\/cdn1.mediawpaccore.net\\\/wp-content\\\/uploads\\\/2021\\\/12\\\/28171206\\\/cbll-logo-color-sm.png\",\"width\":600,\"height\":133,\"caption\":\"Cuballama\"},\"image\":{\"@id\":\"https:\\\/\\\/www.cuballama.com\\\/noticias\\\/#\\\/schema\\\/logo\\\/image\\\/\"},\"sameAs\":[\"https:\\\/\\\/www.facebook.com\\\/CubaLlama\",\"https:\\\/\\\/x.com\\\/cuballama\",\"https:\\\/\\\/www.instagram.com\\\/stories\\\/cuballama_oficial\\\/\",\"https:\\\/\\\/www.youtube.com\\\/channel\\\/UCKkFE-d_axENGZcrc4as0IA\"]},{\"@type\":\"Person\",\"@id\":\"https:\\\/\\\/www.cuballama.com\\\/noticias\\\/#\\\/schema\\\/person\\\/a58502ed4146c8e9f83872e897c76cd2\",\"name\":\"Roberto A.\",\"description\":\"Roberto A. Periodista por decisi\u00f3n propia. Interesado en cualquier tema que me apasione y cada vez m\u00e1s comprometido con la verdad y la objetividad period\u00edstica. Graduado en La Habana hace ya muchos a\u00f1os, luego de una accidentada y polvorienta b\u00fasqueda de informaci\u00f3n sobre un tema in\u00e9dito. La Tesis, por cierto, desapareci\u00f3 de la biblioteca y no se conservan copias de la misma.\",\"url\":\"https:\\\/\\\/www.cuballama.com\\\/noticias\\\/author\\\/roberto\\\/\"}]}<\/script>\n<!-- \/ Yoast SEO plugin. -->","yoast_head_json":{"title":"No es una, sino dos las cubanas involucradas en accidente de trenes en Espa\u00f1a - Cuballama Noticias","description":"Accidente de trenes en Adamuz deja al menos dos cubanas afectadas: una permanece hospitalizada y otra figura entre los desaparecidos.","robots":{"index":"index","follow":"follow","max-snippet":"max-snippet:-1","max-image-preview":"max-image-preview:large","max-video-preview":"max-video-preview:-1"},"canonical":"https:\/\/www.cuballama.com\/noticias\/no-es-una-sino-dos-las-cubanas-involucradas-en-accidente-de-trenes-en-espana\/","og_locale":"es_ES","og_type":"article","og_title":"No es una, sino dos las cubanas involucradas en accidente de trenes en Espa\u00f1a - Cuballama Noticias","og_description":"Accidente de trenes en Adamuz deja al menos dos cubanas afectadas: una permanece hospitalizada y otra figura entre los desaparecidos.","og_url":"https:\/\/www.cuballama.com\/noticias\/no-es-una-sino-dos-las-cubanas-involucradas-en-accidente-de-trenes-en-espana\/","og_site_name":"Cuballama Noticias","article_publisher":"https:\/\/www.facebook.com\/CubaLlama","article_published_time":"2026-01-23T18:48:08+00:00","article_modified_time":"2026-01-23T18:48:10+00:00","og_image":[{"width":1274,"height":788,"url":"https:\/\/cdn1.mediawpaccore.net\/wp-content\/uploads\/2026\/01\/19053902\/image-82.png","type":"image\/png"}],"author":"Roberto A.","twitter_card":"summary_large_image","twitter_creator":"@cuballama","twitter_site":"@cuballama","twitter_misc":{"Escrito por":"Roberto A.","Tiempo de lectura":"2 minutos"},"schema":{"@context":"https:\/\/schema.org","@graph":[{"@type":"Article","@id":"https:\/\/www.cuballama.com\/noticias\/no-es-una-sino-dos-las-cubanas-involucradas-en-accidente-de-trenes-en-espana\/#article","isPartOf":{"@id":"https:\/\/www.cuballama.com\/noticias\/no-es-una-sino-dos-las-cubanas-involucradas-en-accidente-de-trenes-en-espana\/"},"author":{"name":"Roberto A.","@id":"https:\/\/www.cuballama.com\/noticias\/#\/schema\/person\/a58502ed4146c8e9f83872e897c76cd2"},"headline":"No es una, sino dos las cubanas involucradas en accidente de trenes en Espa\u00f1a","datePublished":"2026-01-23T18:48:08+00:00","dateModified":"2026-01-23T18:48:10+00:00","mainEntityOfPage":{"@id":"https:\/\/www.cuballama.com\/noticias\/no-es-una-sino-dos-las-cubanas-involucradas-en-accidente-de-trenes-en-espana\/"},"wordCount":424,"commentCount":0,"publisher":{"@id":"https:\/\/www.cuballama.com\/noticias\/#organization"},"image":{"@id":"https:\/\/www.cuballama.com\/noticias\/no-es-una-sino-dos-las-cubanas-involucradas-en-accidente-de-trenes-en-espana\/#primaryimage"},"thumbnailUrl":"https:\/\/cdn1.mediawpaccore.net\/wp-content\/uploads\/2026\/01\/19053902\/image-82.png","keywords":["accidente ferroviario","Adamuz","comunidad cubana","C\u00f3rdoba","Cubanos en Espa\u00f1a","Desaparecidos","heridos","suceso","trenes en Espa\u00f1a"],"articleSection":["Noticias","Noticias Internacionales"],"inLanguage":"es","potentialAction":[{"@type":"CommentAction","name":"Comment","target":["https:\/\/www.cuballama.com\/noticias\/no-es-una-sino-dos-las-cubanas-involucradas-en-accidente-de-trenes-en-espana\/#respond"]}]},{"@type":"WebPage","@id":"https:\/\/www.cuballama.com\/noticias\/no-es-una-sino-dos-las-cubanas-involucradas-en-accidente-de-trenes-en-espana\/","url":"https:\/\/www.cuballama.com\/noticias\/no-es-una-sino-dos-las-cubanas-involucradas-en-accidente-de-trenes-en-espana\/","name":"No es una, sino dos las cubanas involucradas en accidente de trenes en Espa\u00f1a - Cuballama Noticias","isPartOf":{"@id":"https:\/\/www.cuballama.com\/noticias\/#website"},"primaryImageOfPage":{"@id":"https:\/\/www.cuballama.com\/noticias\/no-es-una-sino-dos-las-cubanas-involucradas-en-accidente-de-trenes-en-espana\/#primaryimage"},"image":{"@id":"https:\/\/www.cuballama.com\/noticias\/no-es-una-sino-dos-las-cubanas-involucradas-en-accidente-de-trenes-en-espana\/#primaryimage"},"thumbnailUrl":"https:\/\/cdn1.mediawpaccore.net\/wp-content\/uploads\/2026\/01\/19053902\/image-82.png","datePublished":"2026-01-23T18:48:08+00:00","dateModified":"2026-01-23T18:48:10+00:00","description":"Accidente de trenes en Adamuz deja al menos dos cubanas afectadas: una permanece hospitalizada y otra figura entre los desaparecidos.","breadcrumb":{"@id":"https:\/\/www.cuballama.com\/noticias\/no-es-una-sino-dos-las-cubanas-involucradas-en-accidente-de-trenes-en-espana\/#breadcrumb"},"inLanguage":"es","potentialAction":[{"@type":"ReadAction","target":["https:\/\/www.cuballama.com\/noticias\/no-es-una-sino-dos-las-cubanas-involucradas-en-accidente-de-trenes-en-espana\/"]}]},{"@type":"ImageObject","inLanguage":"es","@id":"https:\/\/www.cuballama.com\/noticias\/no-es-una-sino-dos-las-cubanas-involucradas-en-accidente-de-trenes-en-espana\/#primaryimage","url":"https:\/\/cdn1.mediawpaccore.net\/wp-content\/uploads\/2026\/01\/19053902\/image-82.png","contentUrl":"https:\/\/cdn1.mediawpaccore.net\/wp-content\/uploads\/2026\/01\/19053902\/image-82.png","width":1274,"height":788,"caption":"Foto: Video Captura Video de la Guardia Civil"},{"@type":"BreadcrumbList","@id":"https:\/\/www.cuballama.com\/noticias\/no-es-una-sino-dos-las-cubanas-involucradas-en-accidente-de-trenes-en-espana\/#breadcrumb","itemListElement":[{"@type":"ListItem","position":1,"name":"Home","item":"https:\/\/www.cuballama.com\/noticias\/"},{"@type":"ListItem","position":2,"name":"No es una, sino dos las cubanas involucradas en accidente de trenes en Espa\u00f1a"}]},{"@type":"WebSite","@id":"https:\/\/www.cuballama.com\/noticias\/#website","url":"https:\/\/www.cuballama.com\/noticias\/","name":"Cuballama Noticias","description":"Medio digital sobre Cuba y el mundo","publisher":{"@id":"https:\/\/www.cuballama.com\/noticias\/#organization"},"potentialAction":[{"@type":"SearchAction","target":{"@type":"EntryPoint","urlTemplate":"https:\/\/www.cuballama.com\/noticias\/?s={search_term_string}"},"query-input":{"@type":"PropertyValueSpecification","valueRequired":true,"valueName":"search_term_string"}}],"inLanguage":"es"},{"@type":"Organization","@id":"https:\/\/www.cuballama.com\/noticias\/#organization","name":"Cuballama","url":"https:\/\/www.cuballama.com\/noticias\/","logo":{"@type":"ImageObject","inLanguage":"es","@id":"https:\/\/www.cuballama.com\/noticias\/#\/schema\/logo\/image\/","url":"https:\/\/cdn1.mediawpaccore.net\/wp-content\/uploads\/2021\/12\/28171206\/cbll-logo-color-sm.png","contentUrl":"https:\/\/cdn1.mediawpaccore.net\/wp-content\/uploads\/2021\/12\/28171206\/cbll-logo-color-sm.png","width":600,"height":133,"caption":"Cuballama"},"image":{"@id":"https:\/\/www.cuballama.com\/noticias\/#\/schema\/logo\/image\/"},"sameAs":["https:\/\/www.facebook.com\/CubaLlama","https:\/\/x.com\/cuballama","https:\/\/www.instagram.com\/stories\/cuballama_oficial\/","https:\/\/www.youtube.com\/channel\/UCKkFE-d_axENGZcrc4as0IA"]},{"@type":"Person","@id":"https:\/\/www.cuballama.com\/noticias\/#\/schema\/person\/a58502ed4146c8e9f83872e897c76cd2","name":"Roberto A.","description":"Roberto A. Periodista por decisi\u00f3n propia. Interesado en cualquier tema que me apasione y cada vez m\u00e1s comprometido con la verdad y la objetividad period\u00edstica. Graduado en La Habana hace ya muchos a\u00f1os, luego de una accidentada y polvorienta b\u00fasqueda de informaci\u00f3n sobre un tema in\u00e9dito. La Tesis, por cierto, desapareci\u00f3 de la biblioteca y no se conservan copias de la misma.","url":"https:\/\/www.cuballama.com\/noticias\/author\/roberto\/"}]}},"_links":{"self":[{"href":"https:\/\/www.cuballama.com\/noticias\/wp-json\/wp\/v2\/posts\/232688","targetHints":{"allow":["GET"]}}],"collection":[{"href":"https:\/\/www.cuballama.com\/noticias\/wp-json\/wp\/v2\/posts"}],"about":[{"href":"https:\/\/www.cuballama.com\/noticias\/wp-json\/wp\/v2\/types\/post"}],"author":[{"embeddable":true,"href":"https:\/\/www.cuballama.com\/noticias\/wp-json\/wp\/v2\/users\/13"}],"replies":[{"embeddable":true,"href":"https:\/\/www.cuballama.com\/noticias\/wp-json\/wp\/v2\/comments?post=232688"}],"version-history":[{"count":2,"href":"https:\/\/www.cuballama.com\/noticias\/wp-json\/wp\/v2\/posts\/232688\/revisions"}],"predecessor-version":[{"id":232708,"href":"https:\/\/www.cuballama.com\/noticias\/wp-json\/wp\/v2\/posts\/232688\/revisions\/232708"}],"wp:featuredmedia":[{"embeddable":true,"href":"https:\/\/www.cuballama.com\/noticias\/wp-json\/wp\/v2\/media\/232545"}],"wp:attachment":[{"href":"https:\/\/www.cuballama.com\/noticias\/wp-json\/wp\/v2\/media?parent=232688"}],"wp:term":[{"taxonomy":"category","embeddable":true,"href":"https:\/\/www.cuballama.com\/noticias\/wp-json\/wp\/v2\/categories?post=232688"},{"taxonomy":"post_tag","embeddable":true,"href":"https:\/\/www.cuballama.com\/noticias\/wp-json\/wp\/v2\/tags?post=232688"}],"curies":[{"name":"wp","href":"https:\/\/api.w.org\/{rel}","templated":true}]}}