{"id":232684,"date":"2026-01-20T09:21:19","date_gmt":"2026-01-20T14:21:19","guid":{"rendered":"https:\/\/www.cuballama.com\/noticias\/?p=232684"},"modified":"2026-01-20T09:21:22","modified_gmt":"2026-01-20T14:21:22","slug":"el-boni-se-somete-a-implante-capilar-en-miami-adios-a-los-trucos-e-inventos","status":"publish","type":"post","link":"https:\/\/www.cuballama.com\/noticias\/el-boni-se-somete-a-implante-capilar-en-miami-adios-a-los-trucos-e-inventos\/","title":{"rendered":"El Boni se somete a implante capilar en Miami: \u201cAdi\u00f3s a los trucos e inventos\u201d"},"content":{"rendered":"\n<p>Ebblis Valdivia, el cantante y actor cubano conocido art\u00edsticamente como El Boni, se someti\u00f3 la pasada semana a un implante capilar en una cl\u00ednica de Miami, Florida.<\/p>\n\n\n\n<p>Seg\u00fan anunci\u00f3 el gal\u00e1n de 46 a\u00f1os en sus redes sociales, ya puede decirle \u201cadi\u00f3s a los trucos e inventos para que no se me notara la p\u00e9rdida de pelo\u201d.<\/p>\n\n\n\n<p>De acuerdo con lo que precis\u00f3 el otrora integrante de la orquesta Charanga Habanera, se someti\u00f3 a este tipo de procedimiento para lograr un \u201caumento de densidad\u201d.<\/p>\n\n\n\n<p>Este lunes, tras mostrar en sus historias de Instagram el resultado del implante, El Boni explic\u00f3 a una seguidora que la hinchaz\u00f3n es \u201cnormal por el l\u00edquido\u201d, pero \u201csolo me dur\u00f3 unos d\u00edas\u201d. \u201cYa estoy perfecto\u201d, aclar\u00f3 feliz con el resultado de lo que calific\u00f3 como una salvaci\u00f3n.<\/p>\n\n\n\n<blockquote class=\"instagram-media\" data-instgrm-captioned data-instgrm-permalink=\"https:\/\/www.instagram.com\/p\/DTqLJCiDite\/?utm_source=ig_embed&amp;utm_campaign=loading\" data-instgrm-version=\"14\" style=\" background:#FFF; border:0; border-radius:3px; box-shadow:0 0 1px 0 rgba(0,0,0,0.5),0 1px 10px 0 rgba(0,0,0,0.15); margin: 1px; max-width:540px; min-width:326px; padding:0; width:99.375%; width:-webkit-calc(100% - 2px); width:calc(100% - 2px);\"><div style=\"padding:16px;\"> <a href=\"https:\/\/www.instagram.com\/p\/DTqLJCiDite\/?utm_source=ig_embed&amp;utm_campaign=loading\" style=\" background:#FFFFFF; line-height:0; padding:0 0; text-align:center; text-decoration:none; width:100%;\" target=\"_blank\"> <div style=\" display: flex; flex-direction: row; align-items: center;\"> <div style=\"background-color: #F4F4F4; border-radius: 50%; flex-grow: 0; height: 40px; margin-right: 14px; width: 40px;\"><\/div> <div style=\"display: flex; flex-direction: column; flex-grow: 1; justify-content: center;\"> <div style=\" background-color: #F4F4F4; border-radius: 4px; flex-grow: 0; height: 14px; margin-bottom: 6px; width: 100px;\"><\/div> <div style=\" background-color: #F4F4F4; border-radius: 4px; flex-grow: 0; height: 14px; width: 60px;\"><\/div><\/div><\/div><div style=\"padding: 19% 0;\"><\/div> <div style=\"display:block; height:50px; margin:0 auto 12px; width:50px;\"><svg width=\"50px\" height=\"50px\" viewBox=\"0 0 60 60\" version=\"1.1\" xmlns=\"https:\/\/www.w3.org\/2000\/svg\" xmlns:xlink=\"https:\/\/www.w3.org\/1999\/xlink\"><g stroke=\"none\" stroke-width=\"1\" fill=\"none\" fill-rule=\"evenodd\"><g transform=\"translate(-511.000000, -20.000000)\" fill=\"#000000\"><g><path d=\"M556.869,30.41 C554.814,30.41 553.148,32.076 553.148,34.131 C553.148,36.186 554.814,37.852 556.869,37.852 C558.924,37.852 560.59,36.186 560.59,34.131 C560.59,32.076 558.924,30.41 556.869,30.41 M541,60.657 C535.114,60.657 530.342,55.887 530.342,50 C530.342,44.114 535.114,39.342 541,39.342 C546.887,39.342 551.658,44.114 551.658,50 C551.658,55.887 546.887,60.657 541,60.657 M541,33.886 C532.1,33.886 524.886,41.1 524.886,50 C524.886,58.899 532.1,66.113 541,66.113 C549.9,66.113 557.115,58.899 557.115,50 C557.115,41.1 549.9,33.886 541,33.886 M565.378,62.101 C565.244,65.022 564.756,66.606 564.346,67.663 C563.803,69.06 563.154,70.057 562.106,71.106 C561.058,72.155 560.06,72.803 558.662,73.347 C557.607,73.757 556.021,74.244 553.102,74.378 C549.944,74.521 548.997,74.552 541,74.552 C533.003,74.552 532.056,74.521 528.898,74.378 C525.979,74.244 524.393,73.757 523.338,73.347 C521.94,72.803 520.942,72.155 519.894,71.106 C518.846,70.057 518.197,69.06 517.654,67.663 C517.244,66.606 516.755,65.022 516.623,62.101 C516.479,58.943 516.448,57.996 516.448,50 C516.448,42.003 516.479,41.056 516.623,37.899 C516.755,34.978 517.244,33.391 517.654,32.338 C518.197,30.938 518.846,29.942 519.894,28.894 C520.942,27.846 521.94,27.196 523.338,26.654 C524.393,26.244 525.979,25.756 528.898,25.623 C532.057,25.479 533.004,25.448 541,25.448 C548.997,25.448 549.943,25.479 553.102,25.623 C556.021,25.756 557.607,26.244 558.662,26.654 C560.06,27.196 561.058,27.846 562.106,28.894 C563.154,29.942 563.803,30.938 564.346,32.338 C564.756,33.391 565.244,34.978 565.378,37.899 C565.522,41.056 565.552,42.003 565.552,50 C565.552,57.996 565.522,58.943 565.378,62.101 M570.82,37.631 C570.674,34.438 570.167,32.258 569.425,30.349 C568.659,28.377 567.633,26.702 565.965,25.035 C564.297,23.368 562.623,22.342 560.652,21.575 C558.743,20.834 556.562,20.326 553.369,20.18 C550.169,20.033 549.148,20 541,20 C532.853,20 531.831,20.033 528.631,20.18 C525.438,20.326 523.257,20.834 521.349,21.575 C519.376,22.342 517.703,23.368 516.035,25.035 C514.368,26.702 513.342,28.377 512.574,30.349 C511.834,32.258 511.326,34.438 511.181,37.631 C511.035,40.831 511,41.851 511,50 C511,58.147 511.035,59.17 511.181,62.369 C511.326,65.562 511.834,67.743 512.574,69.651 C513.342,71.625 514.368,73.296 516.035,74.965 C517.703,76.634 519.376,77.658 521.349,78.425 C523.257,79.167 525.438,79.673 528.631,79.82 C531.831,79.965 532.853,80.001 541,80.001 C549.148,80.001 550.169,79.965 553.369,79.82 C556.562,79.673 558.743,79.167 560.652,78.425 C562.623,77.658 564.297,76.634 565.965,74.965 C567.633,73.296 568.659,71.625 569.425,69.651 C570.167,67.743 570.674,65.562 570.82,62.369 C570.966,59.17 571,58.147 571,50 C571,41.851 570.966,40.831 570.82,37.631\"><\/path><\/g><\/g><\/g><\/svg><\/div><div style=\"padding-top: 8px;\"> <div style=\" color:#3897f0; font-family:Arial,sans-serif; font-size:14px; font-style:normal; font-weight:550; line-height:18px;\">Ver esta publicaci\u00f3n en Instagram<\/div><\/div><div style=\"padding: 12.5% 0;\"><\/div> <div style=\"display: flex; flex-direction: row; margin-bottom: 14px; align-items: center;\"><div> <div style=\"background-color: #F4F4F4; border-radius: 50%; height: 12.5px; width: 12.5px; transform: translateX(0px) translateY(7px);\"><\/div> <div style=\"background-color: #F4F4F4; height: 12.5px; transform: rotate(-45deg) translateX(3px) translateY(1px); width: 12.5px; flex-grow: 0; margin-right: 14px; margin-left: 2px;\"><\/div> <div style=\"background-color: #F4F4F4; border-radius: 50%; height: 12.5px; width: 12.5px; transform: translateX(9px) translateY(-18px);\"><\/div><\/div><div style=\"margin-left: 8px;\"> <div style=\" background-color: #F4F4F4; border-radius: 50%; flex-grow: 0; height: 20px; width: 20px;\"><\/div> <div style=\" width: 0; height: 0; border-top: 2px solid transparent; border-left: 6px solid #f4f4f4; border-bottom: 2px solid transparent; transform: translateX(16px) translateY(-4px) rotate(30deg)\"><\/div><\/div><div style=\"margin-left: auto;\"> <div style=\" width: 0px; border-top: 8px solid #F4F4F4; border-right: 8px solid transparent; transform: translateY(16px);\"><\/div> <div style=\" background-color: #F4F4F4; flex-grow: 0; height: 12px; width: 16px; transform: translateY(-4px);\"><\/div> <div style=\" width: 0; height: 0; border-top: 8px solid #F4F4F4; border-left: 8px solid transparent; transform: translateY(-4px) translateX(8px);\"><\/div><\/div><\/div> <div style=\"display: flex; flex-direction: column; flex-grow: 1; justify-content: center; margin-bottom: 24px;\"> <div style=\" background-color: #F4F4F4; border-radius: 4px; flex-grow: 0; height: 14px; margin-bottom: 6px; width: 224px;\"><\/div> <div style=\" background-color: #F4F4F4; border-radius: 4px; flex-grow: 0; height: 14px; width: 144px;\"><\/div><\/div><\/a><p style=\" color:#c9c8cd; font-family:Arial,sans-serif; font-size:14px; line-height:17px; margin-bottom:0; margin-top:8px; overflow:hidden; padding:8px 0 7px; text-align:center; text-overflow:ellipsis; white-space:nowrap;\"><a href=\"https:\/\/www.instagram.com\/p\/DTqLJCiDite\/?utm_source=ig_embed&amp;utm_campaign=loading\" style=\" color:#c9c8cd; font-family:Arial,sans-serif; font-size:14px; font-style:normal; font-weight:normal; line-height:17px; text-decoration:none;\" target=\"_blank\">Una publicaci\u00f3n compartida por EL BONI (@bonibnk)<\/a><\/p><\/div><\/blockquote>\n<script async src=\"\/\/www.instagram.com\/embed.js\"><\/script>\n\n\n\n<p>\u201cYo lindo que te ves sin cabello. El que es lindo es lindo y ya mi cielo\u201d; y \u201cHasta calvo te ves bello\u201d, comentaron enseguida algunas de sus fans.<\/p>\n\n\n\n<p>Otro usuario destac\u00f3 que en Estados Unidos es \u201cmuy frecuente\u201d la p\u00e9rdida de cabello. No en vano son cada vez m\u00e1s vistos en el mundo del espect\u00e1culo los implantes capilares.<\/p>\n\n\n\n<p>No es la primera vez que el artista, oriundo de Sancti Sp\u00edritus, se realiza alg\u00fan retoque est\u00e9tico.<\/p>\n\n\n\n<p>En mayo de 2025, por ejemplo, se hizo <a href=\"https:\/\/www.cuballama.com\/noticias\/cantante-cubano-el-boni-se-somete-a-una-cirugia-plastica-para-tonificar-su-abdomen-ya-estoy-listo-para-el-verano\/?srsltid=AfmBOoohXqii-tWlwhTrmr8mh3srglOETAjBVzd1Q98BWR1n17dKbxZn\">una cirug\u00eda pl\u00e1stica para tonificar su abdomen<\/a>.<\/p>\n\n\n\n<figure class=\"wp-block-image size-full\"><img loading=\"lazy\" decoding=\"async\" width=\"423\" height=\"622\" src=\"https:\/\/cdn1.mediawpaccore.net\/wp-content\/uploads\/2026\/01\/20091738\/Captura-de-pantalla_20-1-2026_84913_www.instagram.com_.jpg\" alt=\"\" class=\"wp-image-232779\" srcset=\"https:\/\/cdn1.mediawpaccore.net\/wp-content\/uploads\/2026\/01\/20091738\/Captura-de-pantalla_20-1-2026_84913_www.instagram.com_.jpg 423w, https:\/\/cdn1.mediawpaccore.net\/wp-content\/uploads\/2026\/01\/20091738\/Captura-de-pantalla_20-1-2026_84913_www.instagram.com_-204x300.jpg 204w, https:\/\/cdn1.mediawpaccore.net\/wp-content\/uploads\/2026\/01\/20091738\/Captura-de-pantalla_20-1-2026_84913_www.instagram.com_-286x420.jpg 286w, https:\/\/cdn1.mediawpaccore.net\/wp-content\/uploads\/2026\/01\/20091738\/Captura-de-pantalla_20-1-2026_84913_www.instagram.com_-150x221.jpg 150w, https:\/\/cdn1.mediawpaccore.net\/wp-content\/uploads\/2026\/01\/20091738\/Captura-de-pantalla_20-1-2026_84913_www.instagram.com_-300x441.jpg 300w\" sizes=\"auto, (max-width: 423px) 100vw, 423px\" \/><figcaption class=\"wp-element-caption\">El Boni una semana despu\u00e9s de someterse a un implante capilar. Foto: Instagram\/El Boni.<\/figcaption><\/figure>\n\n\n\n<p>\u201cSoy artista y para nosotros la imagen es muy importante, con lo cual hay que mantenerse al d\u00eda\u201d, dijo entonces sobre algo que, seg\u00fan muchas de sus fans, no le hac\u00eda falta.<\/p>\n\n\n\n<p>Un a\u00f1o antes y tres despu\u00e9s de quedarse a vivir en Miami El Boni anunci\u00f3 feliz que se hab\u00eda comprado <a href=\"https:\/\/www.cuballama.com\/noticias\/el-boni-se-compra-una-casa-en-miami-ya-yo-no-estoy-pasmao\/?srsltid=AfmBOopLzBgz44FgoZUTXhxyDJPRcMn_BvxZ5CZJl0HyoOTu1_T2AaXp\">una casa<\/a>.<\/p>\n\n\n\n<p>Precisamente desde 2024 la comunidad cubana ha sido testigo de la vuelta del carism\u00e1tico joven a la actuaci\u00f3n a trav\u00e9s de la plataforma PRONYR TV.<\/p>\n\n\n\n<p>Recordado en Cuba por su protag\u00f3nico en la serie de aventuras \u201cMemorias de un abuelo\u201d, de 1999, tras dejar la Charanga Habanera form\u00f3 en 2004 el d\u00fao Boni &amp; Kelly con su hermano, Kelly Valdivia.<\/p>\n\n\n\n<p><\/p>\n","protected":false},"excerpt":{"rendered":"<p>Algunas fans del artista se mostraron preocupadas por lo hinchado que qued\u00f3 su rostro tras el procedimiento.<\/p>\n","protected":false},"author":30,"featured_media":232775,"comment_status":"open","ping_status":"closed","sticky":false,"template":"","format":"standard","meta":{"_acf_changed":false,"footnotes":""},"categories":[443,18],"tags":[5007,15468,941,15257,30134],"class_list":{"0":"post-232684","1":"post","2":"type-post","3":"status-publish","4":"format-standard","5":"has-post-thumbnail","7":"category-farandula","8":"category-noticias","9":"tag-actor-cubano","10":"tag-cantante-cubano","11":"tag-destacado","12":"tag-el-boni","13":"tag-implante-capilar"},"acf":[],"yoast_head":"<!-- This site is optimized with the Yoast SEO plugin v27.4 - https:\/\/yoast.com\/product\/yoast-seo-wordpress\/ -->\n<title>El Boni se somete a implante capilar en Miami: \u201cAdi\u00f3s a los trucos e inventos\u201d - Cuballama Noticias<\/title>\n<meta name=\"description\" content=\"Ebblis Valdivia, el cantante y actor cubano conocido art\u00edsticamente como El Boni, se someti\u00f3 la pasada semana a un implante capilar.\" \/>\n<meta name=\"robots\" content=\"index, follow, max-snippet:-1, max-image-preview:large, max-video-preview:-1\" \/>\n<link rel=\"canonical\" href=\"https:\/\/www.cuballama.com\/noticias\/el-boni-se-somete-a-implante-capilar-en-miami-adios-a-los-trucos-e-inventos\/\" \/>\n<meta property=\"og:locale\" content=\"es_ES\" \/>\n<meta property=\"og:type\" content=\"article\" \/>\n<meta property=\"og:title\" content=\"El Boni se somete a implante capilar en Miami: \u201cAdi\u00f3s a los trucos e inventos\u201d - Cuballama Noticias\" \/>\n<meta property=\"og:description\" content=\"Ebblis Valdivia, el cantante y actor cubano conocido art\u00edsticamente como El Boni, se someti\u00f3 la pasada semana a un implante capilar.\" \/>\n<meta property=\"og:url\" content=\"https:\/\/www.cuballama.com\/noticias\/el-boni-se-somete-a-implante-capilar-en-miami-adios-a-los-trucos-e-inventos\/\" \/>\n<meta property=\"og:site_name\" content=\"Cuballama Noticias\" \/>\n<meta property=\"article:publisher\" content=\"https:\/\/www.facebook.com\/CubaLlama\" \/>\n<meta property=\"article:published_time\" content=\"2026-01-20T14:21:19+00:00\" \/>\n<meta property=\"article:modified_time\" content=\"2026-01-20T14:21:22+00:00\" \/>\n<meta property=\"og:image\" content=\"https:\/\/cdn1.mediawpaccore.net\/wp-content\/uploads\/2026\/01\/20085339\/Square-black-four-4x421-1.jpg\" \/>\n\t<meta property=\"og:image:width\" content=\"1200\" \/>\n\t<meta property=\"og:image:height\" content=\"630\" \/>\n\t<meta property=\"og:image:type\" content=\"image\/jpeg\" \/>\n<meta name=\"author\" content=\"Kathy\" \/>\n<meta name=\"twitter:card\" content=\"summary_large_image\" \/>\n<meta name=\"twitter:creator\" content=\"@cuballama\" \/>\n<meta name=\"twitter:site\" content=\"@cuballama\" \/>\n<meta name=\"twitter:label1\" content=\"Escrito por\" \/>\n\t<meta name=\"twitter:data1\" content=\"Kathy\" \/>\n\t<meta name=\"twitter:label2\" content=\"Tiempo de lectura\" \/>\n\t<meta name=\"twitter:data2\" content=\"3 minutos\" \/>\n<script type=\"application\/ld+json\" class=\"yoast-schema-graph\">{\"@context\":\"https:\\\/\\\/schema.org\",\"@graph\":[{\"@type\":\"Article\",\"@id\":\"https:\\\/\\\/www.cuballama.com\\\/noticias\\\/el-boni-se-somete-a-implante-capilar-en-miami-adios-a-los-trucos-e-inventos\\\/#article\",\"isPartOf\":{\"@id\":\"https:\\\/\\\/www.cuballama.com\\\/noticias\\\/el-boni-se-somete-a-implante-capilar-en-miami-adios-a-los-trucos-e-inventos\\\/\"},\"author\":{\"name\":\"Kathy\",\"@id\":\"https:\\\/\\\/www.cuballama.com\\\/noticias\\\/#\\\/schema\\\/person\\\/86cd3e3f4974437f031211213bf892d5\"},\"headline\":\"El Boni se somete a implante capilar en Miami: \u201cAdi\u00f3s a los trucos e inventos\u201d\",\"datePublished\":\"2026-01-20T14:21:19+00:00\",\"dateModified\":\"2026-01-20T14:21:22+00:00\",\"mainEntityOfPage\":{\"@id\":\"https:\\\/\\\/www.cuballama.com\\\/noticias\\\/el-boni-se-somete-a-implante-capilar-en-miami-adios-a-los-trucos-e-inventos\\\/\"},\"wordCount\":408,\"commentCount\":0,\"publisher\":{\"@id\":\"https:\\\/\\\/www.cuballama.com\\\/noticias\\\/#organization\"},\"image\":{\"@id\":\"https:\\\/\\\/www.cuballama.com\\\/noticias\\\/el-boni-se-somete-a-implante-capilar-en-miami-adios-a-los-trucos-e-inventos\\\/#primaryimage\"},\"thumbnailUrl\":\"https:\\\/\\\/cdn1.mediawpaccore.net\\\/wp-content\\\/uploads\\\/2026\\\/01\\\/20085339\\\/Square-black-four-4x421-1.jpg\",\"keywords\":[\"actor cubano\",\"cantante cubano\",\"destacado\",\"El boni\",\"implante capilar\"],\"articleSection\":[\"Far\u00e1ndula\",\"Noticias\"],\"inLanguage\":\"es\",\"potentialAction\":[{\"@type\":\"CommentAction\",\"name\":\"Comment\",\"target\":[\"https:\\\/\\\/www.cuballama.com\\\/noticias\\\/el-boni-se-somete-a-implante-capilar-en-miami-adios-a-los-trucos-e-inventos\\\/#respond\"]}]},{\"@type\":\"WebPage\",\"@id\":\"https:\\\/\\\/www.cuballama.com\\\/noticias\\\/el-boni-se-somete-a-implante-capilar-en-miami-adios-a-los-trucos-e-inventos\\\/\",\"url\":\"https:\\\/\\\/www.cuballama.com\\\/noticias\\\/el-boni-se-somete-a-implante-capilar-en-miami-adios-a-los-trucos-e-inventos\\\/\",\"name\":\"El Boni se somete a implante capilar en Miami: \u201cAdi\u00f3s a los trucos e inventos\u201d - Cuballama Noticias\",\"isPartOf\":{\"@id\":\"https:\\\/\\\/www.cuballama.com\\\/noticias\\\/#website\"},\"primaryImageOfPage\":{\"@id\":\"https:\\\/\\\/www.cuballama.com\\\/noticias\\\/el-boni-se-somete-a-implante-capilar-en-miami-adios-a-los-trucos-e-inventos\\\/#primaryimage\"},\"image\":{\"@id\":\"https:\\\/\\\/www.cuballama.com\\\/noticias\\\/el-boni-se-somete-a-implante-capilar-en-miami-adios-a-los-trucos-e-inventos\\\/#primaryimage\"},\"thumbnailUrl\":\"https:\\\/\\\/cdn1.mediawpaccore.net\\\/wp-content\\\/uploads\\\/2026\\\/01\\\/20085339\\\/Square-black-four-4x421-1.jpg\",\"datePublished\":\"2026-01-20T14:21:19+00:00\",\"dateModified\":\"2026-01-20T14:21:22+00:00\",\"description\":\"Ebblis Valdivia, el cantante y actor cubano conocido art\u00edsticamente como El Boni, se someti\u00f3 la pasada semana a un implante capilar.\",\"breadcrumb\":{\"@id\":\"https:\\\/\\\/www.cuballama.com\\\/noticias\\\/el-boni-se-somete-a-implante-capilar-en-miami-adios-a-los-trucos-e-inventos\\\/#breadcrumb\"},\"inLanguage\":\"es\",\"potentialAction\":[{\"@type\":\"ReadAction\",\"target\":[\"https:\\\/\\\/www.cuballama.com\\\/noticias\\\/el-boni-se-somete-a-implante-capilar-en-miami-adios-a-los-trucos-e-inventos\\\/\"]}]},{\"@type\":\"ImageObject\",\"inLanguage\":\"es\",\"@id\":\"https:\\\/\\\/www.cuballama.com\\\/noticias\\\/el-boni-se-somete-a-implante-capilar-en-miami-adios-a-los-trucos-e-inventos\\\/#primaryimage\",\"url\":\"https:\\\/\\\/cdn1.mediawpaccore.net\\\/wp-content\\\/uploads\\\/2026\\\/01\\\/20085339\\\/Square-black-four-4x421-1.jpg\",\"contentUrl\":\"https:\\\/\\\/cdn1.mediawpaccore.net\\\/wp-content\\\/uploads\\\/2026\\\/01\\\/20085339\\\/Square-black-four-4x421-1.jpg\",\"width\":1200,\"height\":630,\"caption\":\"El Boni tras someterse a implante capilar. Foto: Instagram\\\/El Boni.\"},{\"@type\":\"BreadcrumbList\",\"@id\":\"https:\\\/\\\/www.cuballama.com\\\/noticias\\\/el-boni-se-somete-a-implante-capilar-en-miami-adios-a-los-trucos-e-inventos\\\/#breadcrumb\",\"itemListElement\":[{\"@type\":\"ListItem\",\"position\":1,\"name\":\"Home\",\"item\":\"https:\\\/\\\/www.cuballama.com\\\/noticias\\\/\"},{\"@type\":\"ListItem\",\"position\":2,\"name\":\"El Boni se somete a implante capilar en Miami: \u201cAdi\u00f3s a los trucos e inventos\u201d\"}]},{\"@type\":\"WebSite\",\"@id\":\"https:\\\/\\\/www.cuballama.com\\\/noticias\\\/#website\",\"url\":\"https:\\\/\\\/www.cuballama.com\\\/noticias\\\/\",\"name\":\"Cuballama Noticias\",\"description\":\"Medio digital sobre Cuba y el mundo\",\"publisher\":{\"@id\":\"https:\\\/\\\/www.cuballama.com\\\/noticias\\\/#organization\"},\"potentialAction\":[{\"@type\":\"SearchAction\",\"target\":{\"@type\":\"EntryPoint\",\"urlTemplate\":\"https:\\\/\\\/www.cuballama.com\\\/noticias\\\/?s={search_term_string}\"},\"query-input\":{\"@type\":\"PropertyValueSpecification\",\"valueRequired\":true,\"valueName\":\"search_term_string\"}}],\"inLanguage\":\"es\"},{\"@type\":\"Organization\",\"@id\":\"https:\\\/\\\/www.cuballama.com\\\/noticias\\\/#organization\",\"name\":\"Cuballama\",\"url\":\"https:\\\/\\\/www.cuballama.com\\\/noticias\\\/\",\"logo\":{\"@type\":\"ImageObject\",\"inLanguage\":\"es\",\"@id\":\"https:\\\/\\\/www.cuballama.com\\\/noticias\\\/#\\\/schema\\\/logo\\\/image\\\/\",\"url\":\"https:\\\/\\\/cdn1.mediawpaccore.net\\\/wp-content\\\/uploads\\\/2021\\\/12\\\/28171206\\\/cbll-logo-color-sm.png\",\"contentUrl\":\"https:\\\/\\\/cdn1.mediawpaccore.net\\\/wp-content\\\/uploads\\\/2021\\\/12\\\/28171206\\\/cbll-logo-color-sm.png\",\"width\":600,\"height\":133,\"caption\":\"Cuballama\"},\"image\":{\"@id\":\"https:\\\/\\\/www.cuballama.com\\\/noticias\\\/#\\\/schema\\\/logo\\\/image\\\/\"},\"sameAs\":[\"https:\\\/\\\/www.facebook.com\\\/CubaLlama\",\"https:\\\/\\\/x.com\\\/cuballama\",\"https:\\\/\\\/www.instagram.com\\\/stories\\\/cuballama_oficial\\\/\",\"https:\\\/\\\/www.youtube.com\\\/channel\\\/UCKkFE-d_axENGZcrc4as0IA\"]},{\"@type\":\"Person\",\"@id\":\"https:\\\/\\\/www.cuballama.com\\\/noticias\\\/#\\\/schema\\\/person\\\/86cd3e3f4974437f031211213bf892d5\",\"name\":\"Kathy\",\"url\":\"https:\\\/\\\/www.cuballama.com\\\/noticias\\\/author\\\/kathy\\\/\"}]}<\/script>\n<!-- \/ Yoast SEO plugin. -->","yoast_head_json":{"title":"El Boni se somete a implante capilar en Miami: \u201cAdi\u00f3s a los trucos e inventos\u201d - Cuballama Noticias","description":"Ebblis Valdivia, el cantante y actor cubano conocido art\u00edsticamente como El Boni, se someti\u00f3 la pasada semana a un implante capilar.","robots":{"index":"index","follow":"follow","max-snippet":"max-snippet:-1","max-image-preview":"max-image-preview:large","max-video-preview":"max-video-preview:-1"},"canonical":"https:\/\/www.cuballama.com\/noticias\/el-boni-se-somete-a-implante-capilar-en-miami-adios-a-los-trucos-e-inventos\/","og_locale":"es_ES","og_type":"article","og_title":"El Boni se somete a implante capilar en Miami: \u201cAdi\u00f3s a los trucos e inventos\u201d - Cuballama Noticias","og_description":"Ebblis Valdivia, el cantante y actor cubano conocido art\u00edsticamente como El Boni, se someti\u00f3 la pasada semana a un implante capilar.","og_url":"https:\/\/www.cuballama.com\/noticias\/el-boni-se-somete-a-implante-capilar-en-miami-adios-a-los-trucos-e-inventos\/","og_site_name":"Cuballama Noticias","article_publisher":"https:\/\/www.facebook.com\/CubaLlama","article_published_time":"2026-01-20T14:21:19+00:00","article_modified_time":"2026-01-20T14:21:22+00:00","og_image":[{"width":1200,"height":630,"url":"https:\/\/cdn1.mediawpaccore.net\/wp-content\/uploads\/2026\/01\/20085339\/Square-black-four-4x421-1.jpg","type":"image\/jpeg"}],"author":"Kathy","twitter_card":"summary_large_image","twitter_creator":"@cuballama","twitter_site":"@cuballama","twitter_misc":{"Escrito por":"Kathy","Tiempo de lectura":"3 minutos"},"schema":{"@context":"https:\/\/schema.org","@graph":[{"@type":"Article","@id":"https:\/\/www.cuballama.com\/noticias\/el-boni-se-somete-a-implante-capilar-en-miami-adios-a-los-trucos-e-inventos\/#article","isPartOf":{"@id":"https:\/\/www.cuballama.com\/noticias\/el-boni-se-somete-a-implante-capilar-en-miami-adios-a-los-trucos-e-inventos\/"},"author":{"name":"Kathy","@id":"https:\/\/www.cuballama.com\/noticias\/#\/schema\/person\/86cd3e3f4974437f031211213bf892d5"},"headline":"El Boni se somete a implante capilar en Miami: \u201cAdi\u00f3s a los trucos e inventos\u201d","datePublished":"2026-01-20T14:21:19+00:00","dateModified":"2026-01-20T14:21:22+00:00","mainEntityOfPage":{"@id":"https:\/\/www.cuballama.com\/noticias\/el-boni-se-somete-a-implante-capilar-en-miami-adios-a-los-trucos-e-inventos\/"},"wordCount":408,"commentCount":0,"publisher":{"@id":"https:\/\/www.cuballama.com\/noticias\/#organization"},"image":{"@id":"https:\/\/www.cuballama.com\/noticias\/el-boni-se-somete-a-implante-capilar-en-miami-adios-a-los-trucos-e-inventos\/#primaryimage"},"thumbnailUrl":"https:\/\/cdn1.mediawpaccore.net\/wp-content\/uploads\/2026\/01\/20085339\/Square-black-four-4x421-1.jpg","keywords":["actor cubano","cantante cubano","destacado","El boni","implante capilar"],"articleSection":["Far\u00e1ndula","Noticias"],"inLanguage":"es","potentialAction":[{"@type":"CommentAction","name":"Comment","target":["https:\/\/www.cuballama.com\/noticias\/el-boni-se-somete-a-implante-capilar-en-miami-adios-a-los-trucos-e-inventos\/#respond"]}]},{"@type":"WebPage","@id":"https:\/\/www.cuballama.com\/noticias\/el-boni-se-somete-a-implante-capilar-en-miami-adios-a-los-trucos-e-inventos\/","url":"https:\/\/www.cuballama.com\/noticias\/el-boni-se-somete-a-implante-capilar-en-miami-adios-a-los-trucos-e-inventos\/","name":"El Boni se somete a implante capilar en Miami: \u201cAdi\u00f3s a los trucos e inventos\u201d - Cuballama Noticias","isPartOf":{"@id":"https:\/\/www.cuballama.com\/noticias\/#website"},"primaryImageOfPage":{"@id":"https:\/\/www.cuballama.com\/noticias\/el-boni-se-somete-a-implante-capilar-en-miami-adios-a-los-trucos-e-inventos\/#primaryimage"},"image":{"@id":"https:\/\/www.cuballama.com\/noticias\/el-boni-se-somete-a-implante-capilar-en-miami-adios-a-los-trucos-e-inventos\/#primaryimage"},"thumbnailUrl":"https:\/\/cdn1.mediawpaccore.net\/wp-content\/uploads\/2026\/01\/20085339\/Square-black-four-4x421-1.jpg","datePublished":"2026-01-20T14:21:19+00:00","dateModified":"2026-01-20T14:21:22+00:00","description":"Ebblis Valdivia, el cantante y actor cubano conocido art\u00edsticamente como El Boni, se someti\u00f3 la pasada semana a un implante capilar.","breadcrumb":{"@id":"https:\/\/www.cuballama.com\/noticias\/el-boni-se-somete-a-implante-capilar-en-miami-adios-a-los-trucos-e-inventos\/#breadcrumb"},"inLanguage":"es","potentialAction":[{"@type":"ReadAction","target":["https:\/\/www.cuballama.com\/noticias\/el-boni-se-somete-a-implante-capilar-en-miami-adios-a-los-trucos-e-inventos\/"]}]},{"@type":"ImageObject","inLanguage":"es","@id":"https:\/\/www.cuballama.com\/noticias\/el-boni-se-somete-a-implante-capilar-en-miami-adios-a-los-trucos-e-inventos\/#primaryimage","url":"https:\/\/cdn1.mediawpaccore.net\/wp-content\/uploads\/2026\/01\/20085339\/Square-black-four-4x421-1.jpg","contentUrl":"https:\/\/cdn1.mediawpaccore.net\/wp-content\/uploads\/2026\/01\/20085339\/Square-black-four-4x421-1.jpg","width":1200,"height":630,"caption":"El Boni tras someterse a implante capilar. Foto: Instagram\/El Boni."},{"@type":"BreadcrumbList","@id":"https:\/\/www.cuballama.com\/noticias\/el-boni-se-somete-a-implante-capilar-en-miami-adios-a-los-trucos-e-inventos\/#breadcrumb","itemListElement":[{"@type":"ListItem","position":1,"name":"Home","item":"https:\/\/www.cuballama.com\/noticias\/"},{"@type":"ListItem","position":2,"name":"El Boni se somete a implante capilar en Miami: \u201cAdi\u00f3s a los trucos e inventos\u201d"}]},{"@type":"WebSite","@id":"https:\/\/www.cuballama.com\/noticias\/#website","url":"https:\/\/www.cuballama.com\/noticias\/","name":"Cuballama Noticias","description":"Medio digital sobre Cuba y el mundo","publisher":{"@id":"https:\/\/www.cuballama.com\/noticias\/#organization"},"potentialAction":[{"@type":"SearchAction","target":{"@type":"EntryPoint","urlTemplate":"https:\/\/www.cuballama.com\/noticias\/?s={search_term_string}"},"query-input":{"@type":"PropertyValueSpecification","valueRequired":true,"valueName":"search_term_string"}}],"inLanguage":"es"},{"@type":"Organization","@id":"https:\/\/www.cuballama.com\/noticias\/#organization","name":"Cuballama","url":"https:\/\/www.cuballama.com\/noticias\/","logo":{"@type":"ImageObject","inLanguage":"es","@id":"https:\/\/www.cuballama.com\/noticias\/#\/schema\/logo\/image\/","url":"https:\/\/cdn1.mediawpaccore.net\/wp-content\/uploads\/2021\/12\/28171206\/cbll-logo-color-sm.png","contentUrl":"https:\/\/cdn1.mediawpaccore.net\/wp-content\/uploads\/2021\/12\/28171206\/cbll-logo-color-sm.png","width":600,"height":133,"caption":"Cuballama"},"image":{"@id":"https:\/\/www.cuballama.com\/noticias\/#\/schema\/logo\/image\/"},"sameAs":["https:\/\/www.facebook.com\/CubaLlama","https:\/\/x.com\/cuballama","https:\/\/www.instagram.com\/stories\/cuballama_oficial\/","https:\/\/www.youtube.com\/channel\/UCKkFE-d_axENGZcrc4as0IA"]},{"@type":"Person","@id":"https:\/\/www.cuballama.com\/noticias\/#\/schema\/person\/86cd3e3f4974437f031211213bf892d5","name":"Kathy","url":"https:\/\/www.cuballama.com\/noticias\/author\/kathy\/"}]}},"_links":{"self":[{"href":"https:\/\/www.cuballama.com\/noticias\/wp-json\/wp\/v2\/posts\/232684","targetHints":{"allow":["GET"]}}],"collection":[{"href":"https:\/\/www.cuballama.com\/noticias\/wp-json\/wp\/v2\/posts"}],"about":[{"href":"https:\/\/www.cuballama.com\/noticias\/wp-json\/wp\/v2\/types\/post"}],"author":[{"embeddable":true,"href":"https:\/\/www.cuballama.com\/noticias\/wp-json\/wp\/v2\/users\/30"}],"replies":[{"embeddable":true,"href":"https:\/\/www.cuballama.com\/noticias\/wp-json\/wp\/v2\/comments?post=232684"}],"version-history":[{"count":3,"href":"https:\/\/www.cuballama.com\/noticias\/wp-json\/wp\/v2\/posts\/232684\/revisions"}],"predecessor-version":[{"id":232780,"href":"https:\/\/www.cuballama.com\/noticias\/wp-json\/wp\/v2\/posts\/232684\/revisions\/232780"}],"wp:featuredmedia":[{"embeddable":true,"href":"https:\/\/www.cuballama.com\/noticias\/wp-json\/wp\/v2\/media\/232775"}],"wp:attachment":[{"href":"https:\/\/www.cuballama.com\/noticias\/wp-json\/wp\/v2\/media?parent=232684"}],"wp:term":[{"taxonomy":"category","embeddable":true,"href":"https:\/\/www.cuballama.com\/noticias\/wp-json\/wp\/v2\/categories?post=232684"},{"taxonomy":"post_tag","embeddable":true,"href":"https:\/\/www.cuballama.com\/noticias\/wp-json\/wp\/v2\/tags?post=232684"}],"curies":[{"name":"wp","href":"https:\/\/api.w.org\/{rel}","templated":true}]}}