{"id":232667,"date":"2026-01-19T20:38:43","date_gmt":"2026-01-20T01:38:43","guid":{"rendered":"https:\/\/www.cuballama.com\/noticias\/?p=232667"},"modified":"2026-01-20T08:41:29","modified_gmt":"2026-01-20T13:41:29","slug":"joven-cubana-recien-llegada-a-espana-entre-los-heridos-en-tragico-accidente-de-trenes","status":"publish","type":"post","link":"https:\/\/www.cuballama.com\/noticias\/joven-cubana-recien-llegada-a-espana-entre-los-heridos-en-tragico-accidente-de-trenes\/","title":{"rendered":"Joven cubana reci\u00e9n llegada a Espa\u00f1a entre los heridos en tr\u00e1gico accidente de trenes"},"content":{"rendered":"\n<p>Una joven dise\u00f1adora cubana, identificada como Daniela Arteaga Mart\u00ednez, se encuentra entre los m\u00e1s de 150 heridos en el accidente ferroviario ocurrido este domingo en Adamuz, en la provincia espa\u00f1ola de C\u00f3rdoba, comunidad de Andaluc\u00eda.<\/p>\n\n\n\n<p>La muchacha, de 28 a\u00f1os y graduada del Instituto Superior de Dise\u00f1o de La Habana, permanece ingresada en el hospital Reina Sof\u00eda de C\u00f3rdoba, pero su estado es estable y no existe peligro para su vida, seg\u00fan confirm\u00f3 <a href=\"https:\/\/oncubanews.com\/cuba\/una-joven-cubana-resulto-herida-en-tragico-accidente-de-trenes-en-espana-se-mantiene-hospitalizada\/\" target=\"_blank\" rel=\"noreferrer noopener\">a <em>OnCuba<\/em><\/a><em> <\/em>un amigo cercano.<\/p>\n\n\n\n<p>\u201cElla viajaba en el tren que cubr\u00eda la ruta Madrid-Huelva y result\u00f3 con fracturas en varias costillas y contusiones en la cabeza\u201d, detall\u00f3 la misma fuente.<\/p>\n\n\n\n<p>Arteaga se trasladaba al sur de Espa\u00f1a para cursar un m\u00e1ster en Comunicaci\u00f3n y Educaci\u00f3n Audiovisual por la Universidad Internacional de Andaluc\u00eda (UNIA).&nbsp;<\/p>\n\n\n\n<p>De acuerdo con el amigo de la joven, su familia supo que ella estaba entre los heridos porque un conocido la vio entre los rescatados, cuyas im\u00e1genes fueron transmitidas por televisi\u00f3n.<\/p>\n\n\n\n<blockquote class=\"twitter-tweet\"><p lang=\"es\" dir=\"ltr\">Agradecidos a Dios, DANIELA ARTEAGA MART\u00cdNEZ; est\u00e1 fuera de peligro.A ustedes les damos las gracias , han sido de gran ayuda para nosotros . Les deseamos todo lo bueno que Dios puede dar; y lo mejor tambi\u00e9n q es JESUCRISTO !!<\/p>&mdash; Ana Caridad Mart\u00ednez Herrera (@martinez_a71463) <a href=\"https:\/\/twitter.com\/martinez_a71463\/status\/2013060823179043068?ref_src=twsrc%5Etfw\">January 19, 2026<\/a><\/blockquote> <script async src=\"https:\/\/platform.twitter.com\/widgets.js\" charset=\"utf-8\"><\/script>\n\n\n\n<p>Ana Mar\u00eda Caridad Mart\u00ednez, quien parece ser la madre de la joven accidentada, confirm\u00f3 a trav\u00e9s de X que \u201cest\u00e1 fuera de peligro\u201d.<\/p>\n\n\n\n<p>En tanto, ABC report\u00f3 que Mar\u00eda de la O Barroso, directora de la Sede Iberoamericana de la R\u00e1bida de la UNIA, busc\u00f3 informaci\u00f3n sobre la becaria cubana desde la noche del domingo.<\/p>\n\n\n\n<p>De la O se\u00f1al\u00f3 que Arteaga estaba \u201cs\u00faper contenta\u201d de poder ir a estudiar a Huelva tras obtener el visado para ingresar a Espa\u00f1a.<\/p>\n\n\n\n<p>La joven cubana lleg\u00f3 al aeropuerto Adolfo Su\u00e1rez de Madrid procedente de Cuba el mismo domingo, y abord\u00f3 al tren siniestrado con el fin de llegar a Huelva.<\/p>\n\n\n\n<p>Ignacio Aguaded, director del m\u00e1ster, se\u00f1al\u00f3 en un correo electr\u00f3nico dirigido a profesores y alumnos citado por <em>OnCuba<\/em>: \u201cHoy ha sido un d\u00eda muy triste para Huelva y para nuestro m\u00e1ster. El accidente de tren de Adamuz ha llenado de tristeza toda Espa\u00f1a y especialmente a nuestra provincia\u201d.<\/p>\n\n\n\n<p>\u201cNuestra alumna Daniela Arteaga, que llegaba ayer a nuestra tierra desde su Cuba natal, con la gran ilusi\u00f3n de comenzar el proyecto acad\u00e9mico de su vida, se vio atrapada en un amasijo de hierros\u201d, precis\u00f3 sobre la chica que \u201csigue luchando por su vida en un hospital de C\u00f3rdoba\u201d.<\/p>\n\n\n\n<p>El rector, vicerrectores y directores de la UNIA visitaron a la dise\u00f1o este lunes, destac\u00f3 el mismo profesor. \u201cOjal\u00e1 la tengamos pronto en Huelva, aqu\u00ed ser\u00e1 atendida como en su familia\u201d, apunt\u00f3.<\/p>\n\n\n\n<iframe loading=\"lazy\" src=\"https:\/\/www.facebook.com\/plugins\/post.php?href=https%3A%2F%2Fwww.facebook.com%2FEmbajadaCubaEspana%2Fposts%2Fpfbid023epBXueoSv7DJ1ThZ9AzzL9hhQ3muUCV9NqcmBDodc2aJwtE1e5JVrEZeVYC4Vpdl&#038;show_text=true&#038;width=500\" width=\"500\" height=\"717\" style=\"border:none;overflow:hidden\" scrolling=\"no\" frameborder=\"0\" allowfullscreen=\"true\" allow=\"autoplay; clipboard-write; encrypted-media; picture-in-picture; web-share\"><\/iframe>\n\n\n\n<p>Por su parte, la embajada de Cuba en la capital espa\u00f1ola inform\u00f3 en la tarde del lunes que tres cubanos en total estuvieron involucrados en el accidente.&nbsp;<\/p>\n\n\n\n<p>A partir de informaci\u00f3n oficial brindada por las autoridades espa\u00f1olas, la sede diplom\u00e1tica detall\u00f3 que \u201cdos fueron ya dados de alta y uno se encuentra hospitalizado\u201d.<\/p>\n\n\n\n<p>\u201cLa Embajada contin\u00faa haciendo gestiones con dichas autoridades tratando de precisar si hay alg\u00fan otro ciudadano de nuestro pa\u00eds afectado por este lamentable accidente. Tan pronto se tengan nuevas noticias, ofreceremos una actualizaci\u00f3n\u201d, apunt\u00f3.<\/p>\n\n\n\n<p>Seg\u00fan la descripci\u00f3n de las autoridades, hay al menos 43 denuncias por desaparici\u00f3n, aunque algunas pueden ser por las mismas personas que fallecieron y que est\u00e1n sin identificar.<\/p>\n\n\n\n<p>Entre las desaparecidas hasta este lunes estaba la cubana Tamara Margarita Vald\u00e9s, residente en Huelva. \u201cMi mujer iba en el Alvia, habl\u00e9 con ella 20 minutos antes del accidente. Casi se le escapa el tren\u201d, dijo su esposo, Ram\u00f3n Mont\u00f3n, en <em>El Pa\u00eds<\/em>.<\/p>\n\n\n\n<iframe loading=\"lazy\" src=\"https:\/\/www.facebook.com\/plugins\/post.php?href=https%3A%2F%2Fwww.facebook.com%2F11millonesdecubanos%2Fposts%2Fpfbid02e6V9ELuP2S624dzpoJov6bAn6jrUNdKfkDhRv6U6UScJnBi7EMRXH8SAzeFE4eG7l&#038;show_text=true&#038;width=500\" width=\"500\" height=\"731\" style=\"border:none;overflow:hidden\" scrolling=\"no\" frameborder=\"0\" allowfullscreen=\"true\" allow=\"autoplay; clipboard-write; encrypted-media; picture-in-picture; web-share\"><\/iframe>\n\n\n\n<p>El accidente ocurri\u00f3 por el descarrilamiento de un tren de la compa\u00f1\u00eda Iryo que luego choc\u00f3 con un tren de la empresa p\u00fablica Renfe, que transitaba en sentido contrario.<\/p>\n\n\n\n<p>El choque hizo que se descarrilaran los tres \u00faltimos vagones del tren de Iryo, que hab\u00eda salido de M\u00e1laga con destino a Madrid con 317 personas a bordo.<\/p>\n\n\n\n<p>Los coches invadieron la v\u00eda paralela por la que transitaba en ese momento un tren Alvia de Renfe con destino a Huelva, que igualmente se descarril\u00f3 tras el impacto.<\/p>\n\n\n\n<p>Los vagones del Iryo chocaron contra los dos primeros coches del Alvia, que salieron despedidos y cayeron por un terrapl\u00e9n.<\/p>\n\n\n\n<p>La cifra de muertos asciende a 41 hasta el momento, aunque las autoridades han advertido de que podr\u00eda aumentar.<\/p>\n\n\n\n<p>A tenor con <em><a href=\"https:\/\/elpais.com\/espana\/2026-01-18\/ultima-hora-del-descarrilamiento-de-dos-trenes-en-adamuz.html\" target=\"_blank\" rel=\"noreferrer noopener\">El Pa\u00eds<\/a><\/em>, se reportan adem\u00e1s 39 personas hospitalizadas, 13 de ellas en cuidados intensivos y reportados de grave.<\/p>\n\n\n\n<p><\/p>\n","protected":false},"excerpt":{"rendered":"<p>La dise\u00f1adora permanece ingresada en el hospital Reina Sof\u00eda de C\u00f3rdoba.<\/p>\n","protected":false},"author":30,"featured_media":232669,"comment_status":"open","ping_status":"closed","sticky":false,"template":"","format":"standard","meta":{"_acf_changed":false,"footnotes":""},"categories":[18,955],"tags":[4773,6333,941,3606,4671],"class_list":{"0":"post-232667","1":"post","2":"type-post","3":"status-publish","4":"format-standard","5":"has-post-thumbnail","7":"category-noticias","8":"category-noticias-de-cuba","10":"tag-cubanos-en-espana","11":"tag-destacado","12":"tag-disenadora-cubana","13":"tag-joven-cubana"},"acf":[],"yoast_head":"<!-- This site is optimized with the Yoast SEO plugin v27.4 - https:\/\/yoast.com\/product\/yoast-seo-wordpress\/ -->\n<title>Joven cubana reci\u00e9n llegada a Espa\u00f1a entre los heridos en tr\u00e1gico accidente de trenes - Cuballama Noticias<\/title>\n<meta name=\"robots\" content=\"index, follow, max-snippet:-1, max-image-preview:large, max-video-preview:-1\" \/>\n<link rel=\"canonical\" href=\"https:\/\/www.cuballama.com\/noticias\/joven-cubana-recien-llegada-a-espana-entre-los-heridos-en-tragico-accidente-de-trenes\/\" \/>\n<meta property=\"og:locale\" content=\"es_ES\" \/>\n<meta property=\"og:type\" content=\"article\" \/>\n<meta property=\"og:title\" content=\"Joven cubana reci\u00e9n llegada a Espa\u00f1a entre los heridos en tr\u00e1gico accidente de trenes - Cuballama Noticias\" \/>\n<meta property=\"og:description\" content=\"La dise\u00f1adora permanece ingresada en el hospital Reina Sof\u00eda de C\u00f3rdoba.\" \/>\n<meta property=\"og:url\" content=\"https:\/\/www.cuballama.com\/noticias\/joven-cubana-recien-llegada-a-espana-entre-los-heridos-en-tragico-accidente-de-trenes\/\" \/>\n<meta property=\"og:site_name\" content=\"Cuballama Noticias\" \/>\n<meta property=\"article:publisher\" content=\"https:\/\/www.facebook.com\/CubaLlama\" \/>\n<meta property=\"article:published_time\" content=\"2026-01-20T01:38:43+00:00\" \/>\n<meta property=\"article:modified_time\" content=\"2026-01-20T13:41:29+00:00\" \/>\n<meta property=\"og:image\" content=\"https:\/\/cdn1.mediawpaccore.net\/wp-content\/uploads\/2026\/01\/19190920\/accidente-trenes-andalucia-daniela-arteaga-750x5361-1.jpg\" \/>\n\t<meta property=\"og:image:width\" content=\"1200\" \/>\n\t<meta property=\"og:image:height\" content=\"630\" \/>\n\t<meta property=\"og:image:type\" content=\"image\/jpeg\" \/>\n<meta name=\"author\" content=\"Kathy\" \/>\n<meta name=\"twitter:card\" content=\"summary_large_image\" \/>\n<meta name=\"twitter:creator\" content=\"@cuballama\" \/>\n<meta name=\"twitter:site\" content=\"@cuballama\" \/>\n<meta name=\"twitter:label1\" content=\"Escrito por\" \/>\n\t<meta name=\"twitter:data1\" content=\"Kathy\" \/>\n\t<meta name=\"twitter:label2\" content=\"Tiempo de lectura\" \/>\n\t<meta name=\"twitter:data2\" content=\"4 minutos\" \/>\n<script type=\"application\/ld+json\" class=\"yoast-schema-graph\">{\"@context\":\"https:\\\/\\\/schema.org\",\"@graph\":[{\"@type\":\"Article\",\"@id\":\"https:\\\/\\\/www.cuballama.com\\\/noticias\\\/joven-cubana-recien-llegada-a-espana-entre-los-heridos-en-tragico-accidente-de-trenes\\\/#article\",\"isPartOf\":{\"@id\":\"https:\\\/\\\/www.cuballama.com\\\/noticias\\\/joven-cubana-recien-llegada-a-espana-entre-los-heridos-en-tragico-accidente-de-trenes\\\/\"},\"author\":{\"name\":\"Kathy\",\"@id\":\"https:\\\/\\\/www.cuballama.com\\\/noticias\\\/#\\\/schema\\\/person\\\/86cd3e3f4974437f031211213bf892d5\"},\"headline\":\"Joven cubana reci\u00e9n llegada a Espa\u00f1a entre los heridos en tr\u00e1gico accidente de trenes\",\"datePublished\":\"2026-01-20T01:38:43+00:00\",\"dateModified\":\"2026-01-20T13:41:29+00:00\",\"mainEntityOfPage\":{\"@id\":\"https:\\\/\\\/www.cuballama.com\\\/noticias\\\/joven-cubana-recien-llegada-a-espana-entre-los-heridos-en-tragico-accidente-de-trenes\\\/\"},\"wordCount\":823,\"commentCount\":0,\"publisher\":{\"@id\":\"https:\\\/\\\/www.cuballama.com\\\/noticias\\\/#organization\"},\"image\":{\"@id\":\"https:\\\/\\\/www.cuballama.com\\\/noticias\\\/joven-cubana-recien-llegada-a-espana-entre-los-heridos-en-tragico-accidente-de-trenes\\\/#primaryimage\"},\"thumbnailUrl\":\"https:\\\/\\\/cdn1.mediawpaccore.net\\\/wp-content\\\/uploads\\\/2026\\\/01\\\/19190920\\\/accidente-trenes-andalucia-daniela-arteaga-750x5361-1.jpg\",\"keywords\":[\"accidente de tr\u00e1nsito\",\"Cubanos en Espa\u00f1a\",\"destacado\",\"dise\u00f1adora cubana\",\"joven cubana\"],\"articleSection\":[\"Noticias\",\"Noticias de Cuba\"],\"inLanguage\":\"es\",\"potentialAction\":[{\"@type\":\"CommentAction\",\"name\":\"Comment\",\"target\":[\"https:\\\/\\\/www.cuballama.com\\\/noticias\\\/joven-cubana-recien-llegada-a-espana-entre-los-heridos-en-tragico-accidente-de-trenes\\\/#respond\"]}]},{\"@type\":\"WebPage\",\"@id\":\"https:\\\/\\\/www.cuballama.com\\\/noticias\\\/joven-cubana-recien-llegada-a-espana-entre-los-heridos-en-tragico-accidente-de-trenes\\\/\",\"url\":\"https:\\\/\\\/www.cuballama.com\\\/noticias\\\/joven-cubana-recien-llegada-a-espana-entre-los-heridos-en-tragico-accidente-de-trenes\\\/\",\"name\":\"Joven cubana reci\u00e9n llegada a Espa\u00f1a entre los heridos en tr\u00e1gico accidente de trenes - Cuballama Noticias\",\"isPartOf\":{\"@id\":\"https:\\\/\\\/www.cuballama.com\\\/noticias\\\/#website\"},\"primaryImageOfPage\":{\"@id\":\"https:\\\/\\\/www.cuballama.com\\\/noticias\\\/joven-cubana-recien-llegada-a-espana-entre-los-heridos-en-tragico-accidente-de-trenes\\\/#primaryimage\"},\"image\":{\"@id\":\"https:\\\/\\\/www.cuballama.com\\\/noticias\\\/joven-cubana-recien-llegada-a-espana-entre-los-heridos-en-tragico-accidente-de-trenes\\\/#primaryimage\"},\"thumbnailUrl\":\"https:\\\/\\\/cdn1.mediawpaccore.net\\\/wp-content\\\/uploads\\\/2026\\\/01\\\/19190920\\\/accidente-trenes-andalucia-daniela-arteaga-750x5361-1.jpg\",\"datePublished\":\"2026-01-20T01:38:43+00:00\",\"dateModified\":\"2026-01-20T13:41:29+00:00\",\"breadcrumb\":{\"@id\":\"https:\\\/\\\/www.cuballama.com\\\/noticias\\\/joven-cubana-recien-llegada-a-espana-entre-los-heridos-en-tragico-accidente-de-trenes\\\/#breadcrumb\"},\"inLanguage\":\"es\",\"potentialAction\":[{\"@type\":\"ReadAction\",\"target\":[\"https:\\\/\\\/www.cuballama.com\\\/noticias\\\/joven-cubana-recien-llegada-a-espana-entre-los-heridos-en-tragico-accidente-de-trenes\\\/\"]}]},{\"@type\":\"ImageObject\",\"inLanguage\":\"es\",\"@id\":\"https:\\\/\\\/www.cuballama.com\\\/noticias\\\/joven-cubana-recien-llegada-a-espana-entre-los-heridos-en-tragico-accidente-de-trenes\\\/#primaryimage\",\"url\":\"https:\\\/\\\/cdn1.mediawpaccore.net\\\/wp-content\\\/uploads\\\/2026\\\/01\\\/19190920\\\/accidente-trenes-andalucia-daniela-arteaga-750x5361-1.jpg\",\"contentUrl\":\"https:\\\/\\\/cdn1.mediawpaccore.net\\\/wp-content\\\/uploads\\\/2026\\\/01\\\/19190920\\\/accidente-trenes-andalucia-daniela-arteaga-750x5361-1.jpg\",\"width\":1200,\"height\":630,\"caption\":\"Daniela Arteaga Mart\u00ednez. Foto: Instagram\\\/Daniela Arteaga Mart\u00ednez.\"},{\"@type\":\"BreadcrumbList\",\"@id\":\"https:\\\/\\\/www.cuballama.com\\\/noticias\\\/joven-cubana-recien-llegada-a-espana-entre-los-heridos-en-tragico-accidente-de-trenes\\\/#breadcrumb\",\"itemListElement\":[{\"@type\":\"ListItem\",\"position\":1,\"name\":\"Home\",\"item\":\"https:\\\/\\\/www.cuballama.com\\\/noticias\\\/\"},{\"@type\":\"ListItem\",\"position\":2,\"name\":\"Joven cubana reci\u00e9n llegada a Espa\u00f1a entre los heridos en tr\u00e1gico accidente de trenes\"}]},{\"@type\":\"WebSite\",\"@id\":\"https:\\\/\\\/www.cuballama.com\\\/noticias\\\/#website\",\"url\":\"https:\\\/\\\/www.cuballama.com\\\/noticias\\\/\",\"name\":\"Cuballama Noticias\",\"description\":\"Medio digital sobre Cuba y el mundo\",\"publisher\":{\"@id\":\"https:\\\/\\\/www.cuballama.com\\\/noticias\\\/#organization\"},\"potentialAction\":[{\"@type\":\"SearchAction\",\"target\":{\"@type\":\"EntryPoint\",\"urlTemplate\":\"https:\\\/\\\/www.cuballama.com\\\/noticias\\\/?s={search_term_string}\"},\"query-input\":{\"@type\":\"PropertyValueSpecification\",\"valueRequired\":true,\"valueName\":\"search_term_string\"}}],\"inLanguage\":\"es\"},{\"@type\":\"Organization\",\"@id\":\"https:\\\/\\\/www.cuballama.com\\\/noticias\\\/#organization\",\"name\":\"Cuballama\",\"url\":\"https:\\\/\\\/www.cuballama.com\\\/noticias\\\/\",\"logo\":{\"@type\":\"ImageObject\",\"inLanguage\":\"es\",\"@id\":\"https:\\\/\\\/www.cuballama.com\\\/noticias\\\/#\\\/schema\\\/logo\\\/image\\\/\",\"url\":\"https:\\\/\\\/cdn1.mediawpaccore.net\\\/wp-content\\\/uploads\\\/2021\\\/12\\\/28171206\\\/cbll-logo-color-sm.png\",\"contentUrl\":\"https:\\\/\\\/cdn1.mediawpaccore.net\\\/wp-content\\\/uploads\\\/2021\\\/12\\\/28171206\\\/cbll-logo-color-sm.png\",\"width\":600,\"height\":133,\"caption\":\"Cuballama\"},\"image\":{\"@id\":\"https:\\\/\\\/www.cuballama.com\\\/noticias\\\/#\\\/schema\\\/logo\\\/image\\\/\"},\"sameAs\":[\"https:\\\/\\\/www.facebook.com\\\/CubaLlama\",\"https:\\\/\\\/x.com\\\/cuballama\",\"https:\\\/\\\/www.instagram.com\\\/stories\\\/cuballama_oficial\\\/\",\"https:\\\/\\\/www.youtube.com\\\/channel\\\/UCKkFE-d_axENGZcrc4as0IA\"]},{\"@type\":\"Person\",\"@id\":\"https:\\\/\\\/www.cuballama.com\\\/noticias\\\/#\\\/schema\\\/person\\\/86cd3e3f4974437f031211213bf892d5\",\"name\":\"Kathy\",\"url\":\"https:\\\/\\\/www.cuballama.com\\\/noticias\\\/author\\\/kathy\\\/\"}]}<\/script>\n<!-- \/ Yoast SEO plugin. -->","yoast_head_json":{"title":"Joven cubana reci\u00e9n llegada a Espa\u00f1a entre los heridos en tr\u00e1gico accidente de trenes - Cuballama Noticias","robots":{"index":"index","follow":"follow","max-snippet":"max-snippet:-1","max-image-preview":"max-image-preview:large","max-video-preview":"max-video-preview:-1"},"canonical":"https:\/\/www.cuballama.com\/noticias\/joven-cubana-recien-llegada-a-espana-entre-los-heridos-en-tragico-accidente-de-trenes\/","og_locale":"es_ES","og_type":"article","og_title":"Joven cubana reci\u00e9n llegada a Espa\u00f1a entre los heridos en tr\u00e1gico accidente de trenes - Cuballama Noticias","og_description":"La dise\u00f1adora permanece ingresada en el hospital Reina Sof\u00eda de C\u00f3rdoba.","og_url":"https:\/\/www.cuballama.com\/noticias\/joven-cubana-recien-llegada-a-espana-entre-los-heridos-en-tragico-accidente-de-trenes\/","og_site_name":"Cuballama Noticias","article_publisher":"https:\/\/www.facebook.com\/CubaLlama","article_published_time":"2026-01-20T01:38:43+00:00","article_modified_time":"2026-01-20T13:41:29+00:00","og_image":[{"width":1200,"height":630,"url":"https:\/\/cdn1.mediawpaccore.net\/wp-content\/uploads\/2026\/01\/19190920\/accidente-trenes-andalucia-daniela-arteaga-750x5361-1.jpg","type":"image\/jpeg"}],"author":"Kathy","twitter_card":"summary_large_image","twitter_creator":"@cuballama","twitter_site":"@cuballama","twitter_misc":{"Escrito por":"Kathy","Tiempo de lectura":"4 minutos"},"schema":{"@context":"https:\/\/schema.org","@graph":[{"@type":"Article","@id":"https:\/\/www.cuballama.com\/noticias\/joven-cubana-recien-llegada-a-espana-entre-los-heridos-en-tragico-accidente-de-trenes\/#article","isPartOf":{"@id":"https:\/\/www.cuballama.com\/noticias\/joven-cubana-recien-llegada-a-espana-entre-los-heridos-en-tragico-accidente-de-trenes\/"},"author":{"name":"Kathy","@id":"https:\/\/www.cuballama.com\/noticias\/#\/schema\/person\/86cd3e3f4974437f031211213bf892d5"},"headline":"Joven cubana reci\u00e9n llegada a Espa\u00f1a entre los heridos en tr\u00e1gico accidente de trenes","datePublished":"2026-01-20T01:38:43+00:00","dateModified":"2026-01-20T13:41:29+00:00","mainEntityOfPage":{"@id":"https:\/\/www.cuballama.com\/noticias\/joven-cubana-recien-llegada-a-espana-entre-los-heridos-en-tragico-accidente-de-trenes\/"},"wordCount":823,"commentCount":0,"publisher":{"@id":"https:\/\/www.cuballama.com\/noticias\/#organization"},"image":{"@id":"https:\/\/www.cuballama.com\/noticias\/joven-cubana-recien-llegada-a-espana-entre-los-heridos-en-tragico-accidente-de-trenes\/#primaryimage"},"thumbnailUrl":"https:\/\/cdn1.mediawpaccore.net\/wp-content\/uploads\/2026\/01\/19190920\/accidente-trenes-andalucia-daniela-arteaga-750x5361-1.jpg","keywords":["accidente de tr\u00e1nsito","Cubanos en Espa\u00f1a","destacado","dise\u00f1adora cubana","joven cubana"],"articleSection":["Noticias","Noticias de Cuba"],"inLanguage":"es","potentialAction":[{"@type":"CommentAction","name":"Comment","target":["https:\/\/www.cuballama.com\/noticias\/joven-cubana-recien-llegada-a-espana-entre-los-heridos-en-tragico-accidente-de-trenes\/#respond"]}]},{"@type":"WebPage","@id":"https:\/\/www.cuballama.com\/noticias\/joven-cubana-recien-llegada-a-espana-entre-los-heridos-en-tragico-accidente-de-trenes\/","url":"https:\/\/www.cuballama.com\/noticias\/joven-cubana-recien-llegada-a-espana-entre-los-heridos-en-tragico-accidente-de-trenes\/","name":"Joven cubana reci\u00e9n llegada a Espa\u00f1a entre los heridos en tr\u00e1gico accidente de trenes - Cuballama Noticias","isPartOf":{"@id":"https:\/\/www.cuballama.com\/noticias\/#website"},"primaryImageOfPage":{"@id":"https:\/\/www.cuballama.com\/noticias\/joven-cubana-recien-llegada-a-espana-entre-los-heridos-en-tragico-accidente-de-trenes\/#primaryimage"},"image":{"@id":"https:\/\/www.cuballama.com\/noticias\/joven-cubana-recien-llegada-a-espana-entre-los-heridos-en-tragico-accidente-de-trenes\/#primaryimage"},"thumbnailUrl":"https:\/\/cdn1.mediawpaccore.net\/wp-content\/uploads\/2026\/01\/19190920\/accidente-trenes-andalucia-daniela-arteaga-750x5361-1.jpg","datePublished":"2026-01-20T01:38:43+00:00","dateModified":"2026-01-20T13:41:29+00:00","breadcrumb":{"@id":"https:\/\/www.cuballama.com\/noticias\/joven-cubana-recien-llegada-a-espana-entre-los-heridos-en-tragico-accidente-de-trenes\/#breadcrumb"},"inLanguage":"es","potentialAction":[{"@type":"ReadAction","target":["https:\/\/www.cuballama.com\/noticias\/joven-cubana-recien-llegada-a-espana-entre-los-heridos-en-tragico-accidente-de-trenes\/"]}]},{"@type":"ImageObject","inLanguage":"es","@id":"https:\/\/www.cuballama.com\/noticias\/joven-cubana-recien-llegada-a-espana-entre-los-heridos-en-tragico-accidente-de-trenes\/#primaryimage","url":"https:\/\/cdn1.mediawpaccore.net\/wp-content\/uploads\/2026\/01\/19190920\/accidente-trenes-andalucia-daniela-arteaga-750x5361-1.jpg","contentUrl":"https:\/\/cdn1.mediawpaccore.net\/wp-content\/uploads\/2026\/01\/19190920\/accidente-trenes-andalucia-daniela-arteaga-750x5361-1.jpg","width":1200,"height":630,"caption":"Daniela Arteaga Mart\u00ednez. Foto: Instagram\/Daniela Arteaga Mart\u00ednez."},{"@type":"BreadcrumbList","@id":"https:\/\/www.cuballama.com\/noticias\/joven-cubana-recien-llegada-a-espana-entre-los-heridos-en-tragico-accidente-de-trenes\/#breadcrumb","itemListElement":[{"@type":"ListItem","position":1,"name":"Home","item":"https:\/\/www.cuballama.com\/noticias\/"},{"@type":"ListItem","position":2,"name":"Joven cubana reci\u00e9n llegada a Espa\u00f1a entre los heridos en tr\u00e1gico accidente de trenes"}]},{"@type":"WebSite","@id":"https:\/\/www.cuballama.com\/noticias\/#website","url":"https:\/\/www.cuballama.com\/noticias\/","name":"Cuballama Noticias","description":"Medio digital sobre Cuba y el mundo","publisher":{"@id":"https:\/\/www.cuballama.com\/noticias\/#organization"},"potentialAction":[{"@type":"SearchAction","target":{"@type":"EntryPoint","urlTemplate":"https:\/\/www.cuballama.com\/noticias\/?s={search_term_string}"},"query-input":{"@type":"PropertyValueSpecification","valueRequired":true,"valueName":"search_term_string"}}],"inLanguage":"es"},{"@type":"Organization","@id":"https:\/\/www.cuballama.com\/noticias\/#organization","name":"Cuballama","url":"https:\/\/www.cuballama.com\/noticias\/","logo":{"@type":"ImageObject","inLanguage":"es","@id":"https:\/\/www.cuballama.com\/noticias\/#\/schema\/logo\/image\/","url":"https:\/\/cdn1.mediawpaccore.net\/wp-content\/uploads\/2021\/12\/28171206\/cbll-logo-color-sm.png","contentUrl":"https:\/\/cdn1.mediawpaccore.net\/wp-content\/uploads\/2021\/12\/28171206\/cbll-logo-color-sm.png","width":600,"height":133,"caption":"Cuballama"},"image":{"@id":"https:\/\/www.cuballama.com\/noticias\/#\/schema\/logo\/image\/"},"sameAs":["https:\/\/www.facebook.com\/CubaLlama","https:\/\/x.com\/cuballama","https:\/\/www.instagram.com\/stories\/cuballama_oficial\/","https:\/\/www.youtube.com\/channel\/UCKkFE-d_axENGZcrc4as0IA"]},{"@type":"Person","@id":"https:\/\/www.cuballama.com\/noticias\/#\/schema\/person\/86cd3e3f4974437f031211213bf892d5","name":"Kathy","url":"https:\/\/www.cuballama.com\/noticias\/author\/kathy\/"}]}},"_links":{"self":[{"href":"https:\/\/www.cuballama.com\/noticias\/wp-json\/wp\/v2\/posts\/232667","targetHints":{"allow":["GET"]}}],"collection":[{"href":"https:\/\/www.cuballama.com\/noticias\/wp-json\/wp\/v2\/posts"}],"about":[{"href":"https:\/\/www.cuballama.com\/noticias\/wp-json\/wp\/v2\/types\/post"}],"author":[{"embeddable":true,"href":"https:\/\/www.cuballama.com\/noticias\/wp-json\/wp\/v2\/users\/30"}],"replies":[{"embeddable":true,"href":"https:\/\/www.cuballama.com\/noticias\/wp-json\/wp\/v2\/comments?post=232667"}],"version-history":[{"count":9,"href":"https:\/\/www.cuballama.com\/noticias\/wp-json\/wp\/v2\/posts\/232667\/revisions"}],"predecessor-version":[{"id":232773,"href":"https:\/\/www.cuballama.com\/noticias\/wp-json\/wp\/v2\/posts\/232667\/revisions\/232773"}],"wp:featuredmedia":[{"embeddable":true,"href":"https:\/\/www.cuballama.com\/noticias\/wp-json\/wp\/v2\/media\/232669"}],"wp:attachment":[{"href":"https:\/\/www.cuballama.com\/noticias\/wp-json\/wp\/v2\/media?parent=232667"}],"wp:term":[{"taxonomy":"category","embeddable":true,"href":"https:\/\/www.cuballama.com\/noticias\/wp-json\/wp\/v2\/categories?post=232667"},{"taxonomy":"post_tag","embeddable":true,"href":"https:\/\/www.cuballama.com\/noticias\/wp-json\/wp\/v2\/tags?post=232667"}],"curies":[{"name":"wp","href":"https:\/\/api.w.org\/{rel}","templated":true}]}}