{"id":232658,"date":"2026-01-19T17:20:14","date_gmt":"2026-01-19T22:20:14","guid":{"rendered":"https:\/\/www.cuballama.com\/noticias\/?p=232658"},"modified":"2026-01-19T17:22:21","modified_gmt":"2026-01-19T22:22:21","slug":"trump-comparte-analisis-de-experto-que-predice-su-visita-a-una-habana-libre-antes-de-dejar-la-casa-blanca","status":"publish","type":"post","link":"https:\/\/www.cuballama.com\/noticias\/trump-comparte-analisis-de-experto-que-predice-su-visita-a-una-habana-libre-antes-de-dejar-la-casa-blanca\/","title":{"rendered":"Trump comparte an\u00e1lisis de experto que predice su visita a \u201cuna Habana libre\u201d antes de dejar la Casa Blanca"},"content":{"rendered":"\n<p><\/p>\n\n\n\n<p>El presidente Donald Trump comparti\u00f3 en su cuenta de Truth Social los comentarios del analista y pol\u00edtico estadounidense Marc Thiessen quien asegur\u00f3 este fin de semana que el presidente de Estados Unidos podr\u00eda visitar \u201cun Ir\u00e1n libre, una Habana libre y una Caracas libre\u201d antes de dejar la Casa Blanca.  <\/p>\n\n\n\n<p>\u00abY ser\u00e1 recibido como un h\u00e9roe en cada una de esas capitales\u201d, dijo.<\/p>\n\n\n\n<p>Thiessen expuso sus declaraciones durante una entrevista en el programa <em>Life, Liberty &amp; Levin<\/em>, de Fox News donde asegur\u00f3: \u201cApuesto a que, durante el mandato de Donald Trump, antes de que termine su per\u00edodo, Cuba ser\u00e1 un pa\u00eds libre\u201d, lo que, seg\u00fan dijo, equivaldr\u00eda a \u201cuna transformaci\u00f3n democr\u00e1tica del mundo no vista desde Ronald Reagan y las revoluciones de 1989\u201d.<\/p>\n\n\n\n<p>El comentarista a\u00f1adi\u00f3 que \u201cVenezuela podr\u00eda convertirse en una aliada democr\u00e1tica y libre de Estados Unidos, trabajando junto a nosotros para reducir el precio del petr\u00f3leo\u201d.<\/p>\n\n\n\n<p>De Ir\u00e1n, Thiessen indic\u00f3 que se trata de  \u201cuna secta de muerte de radicales chiitas que quieren obtener un arma nuclear\u201d, y afirm\u00f3 que, aunque todos los presidentes estadounidenses desde la Revoluci\u00f3n Isl\u00e1mica han prometido impedir que Ir\u00e1n obtenga la bomba at\u00f3mica, \u201csolo Donald Trump tom\u00f3 medidas reales para destruir ese programa nuclear\u201d.<\/p>\n\n\n\n<p>Trump se ha referido a Cuba en varias ocasiones durante los \u00faltimos d\u00edas tras la captura de Maduro en Venezuela, donde murieron 32 militares cubanos.<\/p>\n\n\n\n<p>El presidente estadounidense ha dicho que \u201cCuba est\u00e1 a punto de caer\u201d. \u201cNo pienso que debamos tomar ninguna acci\u00f3n. Parece que se est\u00e1 cayendo\u201d, a\u00f1adi\u00f3. <\/p>\n\n\n\n<p>Luego advirti\u00f3 al <a href=\"https:\/\/www.cuballama.com\/noticias\/diaz-canel-lanza-mensaje-a-trump-peleariamos-con-fiereza-en-caso-de-ataque-de-eeuu\/\" target=\"_blank\" rel=\"noreferrer noopener\">r\u00e9gimen cubano <\/a>que \u201chagan un trato, ANTES DE QUE SEA DEMASIADO TARDE\u201d, y que no habr\u00e1 m\u00e1s petr\u00f3leo de Venezuela para Cuba.<\/p>\n\n\n\n<p>\u201cCuba vivi\u00f3, durante muchos a\u00f1os, de grandes cantidades de PETR\u00d3LEO y DINERO de Venezuela. A cambio, Cuba proporcion\u00f3 \u2018servicios de seguridad\u2019 para los dos \u00faltimos dictadores venezolanos, \u00a1PERO YA NO M\u00c1S!\u201d, dijo Trump.<\/p>\n\n\n\n<p><\/p>\n","protected":false},"excerpt":{"rendered":"<p>El presidente Donald Trump comparti\u00f3 en su cuenta de Truth Social los comentarios del analista y pol\u00edtico estadounidense Marc Thiessen quien asegur\u00f3 este fin de semana que el presidente de Estados Unidos podr\u00eda visitar \u201cun Ir\u00e1n libre, una Habana libre y una Caracas libre\u201d antes de dejar la Casa Blanca. \u00abY ser\u00e1 recibido como un [&hellip;]<\/p>\n","protected":false},"author":24,"featured_media":230444,"comment_status":"open","ping_status":"closed","sticky":false,"template":"","format":"standard","meta":{"_acf_changed":false,"footnotes":""},"categories":[18,955],"tags":[10867,11,92,941,30100,256,7651],"class_list":{"0":"post-232658","1":"post","2":"type-post","3":"status-publish","4":"format-standard","5":"has-post-thumbnail","7":"category-noticias","8":"category-noticias-de-cuba","9":"tag-crisis-en-cuba","10":"tag-cuba","11":"tag-cubanos","12":"tag-destacado","13":"tag-marc-thiessen","14":"tag-miami","15":"tag-trump"},"acf":[],"yoast_head":"<!-- This site is optimized with the Yoast SEO plugin v27.5 - https:\/\/yoast.com\/product\/yoast-seo-wordpress\/ -->\n<title>Trump comparte an\u00e1lisis de experto que predice su visita a \u201cuna Habana libre\u201d antes de dejar la Casa Blanca - Cuballama Noticias<\/title>\n<meta name=\"description\" content=\"El presidente Donald Trump comparti\u00f3 en su cuenta de Truth Social los comentarios del analista y pol\u00edtico estadounidense Marc Thiessen.\" \/>\n<meta name=\"robots\" content=\"index, follow, max-snippet:-1, max-image-preview:large, max-video-preview:-1\" \/>\n<link rel=\"canonical\" href=\"https:\/\/www.cuballama.com\/noticias\/trump-comparte-analisis-de-experto-que-predice-su-visita-a-una-habana-libre-antes-de-dejar-la-casa-blanca\/\" \/>\n<meta property=\"og:locale\" content=\"es_ES\" \/>\n<meta property=\"og:type\" content=\"article\" \/>\n<meta property=\"og:title\" content=\"Trump comparte an\u00e1lisis de experto que predice su visita a \u201cuna Habana libre\u201d antes de dejar la Casa Blanca - Cuballama Noticias\" \/>\n<meta property=\"og:description\" content=\"El presidente Donald Trump comparti\u00f3 en su cuenta de Truth Social los comentarios del analista y pol\u00edtico estadounidense Marc Thiessen.\" \/>\n<meta property=\"og:url\" content=\"https:\/\/www.cuballama.com\/noticias\/trump-comparte-analisis-de-experto-que-predice-su-visita-a-una-habana-libre-antes-de-dejar-la-casa-blanca\/\" \/>\n<meta property=\"og:site_name\" content=\"Cuballama Noticias\" \/>\n<meta property=\"article:publisher\" content=\"https:\/\/www.facebook.com\/CubaLlama\" \/>\n<meta property=\"article:published_time\" content=\"2026-01-19T22:20:14+00:00\" \/>\n<meta property=\"article:modified_time\" content=\"2026-01-19T22:22:21+00:00\" \/>\n<meta property=\"og:image\" content=\"https:\/\/cdn1.mediawpaccore.net\/wp-content\/uploads\/2026\/01\/03113122\/G9v4oazWAAA8frk1.jpg\" \/>\n\t<meta property=\"og:image:width\" content=\"1200\" \/>\n\t<meta property=\"og:image:height\" content=\"630\" \/>\n\t<meta property=\"og:image:type\" content=\"image\/jpeg\" \/>\n<meta name=\"author\" content=\"Manu\" \/>\n<meta name=\"twitter:card\" content=\"summary_large_image\" \/>\n<meta name=\"twitter:creator\" content=\"@cuballama\" \/>\n<meta name=\"twitter:site\" content=\"@cuballama\" \/>\n<meta name=\"twitter:label1\" content=\"Escrito por\" \/>\n\t<meta name=\"twitter:data1\" content=\"Manu\" \/>\n\t<meta name=\"twitter:label2\" content=\"Tiempo de lectura\" \/>\n\t<meta name=\"twitter:data2\" content=\"2 minutos\" \/>\n<script type=\"application\/ld+json\" class=\"yoast-schema-graph\">{\"@context\":\"https:\\\/\\\/schema.org\",\"@graph\":[{\"@type\":\"Article\",\"@id\":\"https:\\\/\\\/www.cuballama.com\\\/noticias\\\/trump-comparte-analisis-de-experto-que-predice-su-visita-a-una-habana-libre-antes-de-dejar-la-casa-blanca\\\/#article\",\"isPartOf\":{\"@id\":\"https:\\\/\\\/www.cuballama.com\\\/noticias\\\/trump-comparte-analisis-de-experto-que-predice-su-visita-a-una-habana-libre-antes-de-dejar-la-casa-blanca\\\/\"},\"author\":{\"name\":\"Manu\",\"@id\":\"https:\\\/\\\/www.cuballama.com\\\/noticias\\\/#\\\/schema\\\/person\\\/5889f7d070564f8386e7944d14d436cd\"},\"headline\":\"Trump comparte an\u00e1lisis de experto que predice su visita a \u201cuna Habana libre\u201d antes de dejar la Casa Blanca\",\"datePublished\":\"2026-01-19T22:20:14+00:00\",\"dateModified\":\"2026-01-19T22:22:21+00:00\",\"mainEntityOfPage\":{\"@id\":\"https:\\\/\\\/www.cuballama.com\\\/noticias\\\/trump-comparte-analisis-de-experto-que-predice-su-visita-a-una-habana-libre-antes-de-dejar-la-casa-blanca\\\/\"},\"wordCount\":356,\"commentCount\":0,\"publisher\":{\"@id\":\"https:\\\/\\\/www.cuballama.com\\\/noticias\\\/#organization\"},\"image\":{\"@id\":\"https:\\\/\\\/www.cuballama.com\\\/noticias\\\/trump-comparte-analisis-de-experto-que-predice-su-visita-a-una-habana-libre-antes-de-dejar-la-casa-blanca\\\/#primaryimage\"},\"thumbnailUrl\":\"https:\\\/\\\/cdn1.mediawpaccore.net\\\/wp-content\\\/uploads\\\/2026\\\/01\\\/03113122\\\/G9v4oazWAAA8frk1.jpg\",\"keywords\":[\"Crisis en Cuba\",\"Cuba\",\"cubanos\",\"destacado\",\"Marc Thiessen\",\"Miami\",\"Trump\"],\"articleSection\":[\"Noticias\",\"Noticias de Cuba\"],\"inLanguage\":\"es\",\"potentialAction\":[{\"@type\":\"CommentAction\",\"name\":\"Comment\",\"target\":[\"https:\\\/\\\/www.cuballama.com\\\/noticias\\\/trump-comparte-analisis-de-experto-que-predice-su-visita-a-una-habana-libre-antes-de-dejar-la-casa-blanca\\\/#respond\"]}]},{\"@type\":\"WebPage\",\"@id\":\"https:\\\/\\\/www.cuballama.com\\\/noticias\\\/trump-comparte-analisis-de-experto-que-predice-su-visita-a-una-habana-libre-antes-de-dejar-la-casa-blanca\\\/\",\"url\":\"https:\\\/\\\/www.cuballama.com\\\/noticias\\\/trump-comparte-analisis-de-experto-que-predice-su-visita-a-una-habana-libre-antes-de-dejar-la-casa-blanca\\\/\",\"name\":\"Trump comparte an\u00e1lisis de experto que predice su visita a \u201cuna Habana libre\u201d antes de dejar la Casa Blanca - Cuballama Noticias\",\"isPartOf\":{\"@id\":\"https:\\\/\\\/www.cuballama.com\\\/noticias\\\/#website\"},\"primaryImageOfPage\":{\"@id\":\"https:\\\/\\\/www.cuballama.com\\\/noticias\\\/trump-comparte-analisis-de-experto-que-predice-su-visita-a-una-habana-libre-antes-de-dejar-la-casa-blanca\\\/#primaryimage\"},\"image\":{\"@id\":\"https:\\\/\\\/www.cuballama.com\\\/noticias\\\/trump-comparte-analisis-de-experto-que-predice-su-visita-a-una-habana-libre-antes-de-dejar-la-casa-blanca\\\/#primaryimage\"},\"thumbnailUrl\":\"https:\\\/\\\/cdn1.mediawpaccore.net\\\/wp-content\\\/uploads\\\/2026\\\/01\\\/03113122\\\/G9v4oazWAAA8frk1.jpg\",\"datePublished\":\"2026-01-19T22:20:14+00:00\",\"dateModified\":\"2026-01-19T22:22:21+00:00\",\"description\":\"El presidente Donald Trump comparti\u00f3 en su cuenta de Truth Social los comentarios del analista y pol\u00edtico estadounidense Marc Thiessen.\",\"breadcrumb\":{\"@id\":\"https:\\\/\\\/www.cuballama.com\\\/noticias\\\/trump-comparte-analisis-de-experto-que-predice-su-visita-a-una-habana-libre-antes-de-dejar-la-casa-blanca\\\/#breadcrumb\"},\"inLanguage\":\"es\",\"potentialAction\":[{\"@type\":\"ReadAction\",\"target\":[\"https:\\\/\\\/www.cuballama.com\\\/noticias\\\/trump-comparte-analisis-de-experto-que-predice-su-visita-a-una-habana-libre-antes-de-dejar-la-casa-blanca\\\/\"]}]},{\"@type\":\"ImageObject\",\"inLanguage\":\"es\",\"@id\":\"https:\\\/\\\/www.cuballama.com\\\/noticias\\\/trump-comparte-analisis-de-experto-que-predice-su-visita-a-una-habana-libre-antes-de-dejar-la-casa-blanca\\\/#primaryimage\",\"url\":\"https:\\\/\\\/cdn1.mediawpaccore.net\\\/wp-content\\\/uploads\\\/2026\\\/01\\\/03113122\\\/G9v4oazWAAA8frk1.jpg\",\"contentUrl\":\"https:\\\/\\\/cdn1.mediawpaccore.net\\\/wp-content\\\/uploads\\\/2026\\\/01\\\/03113122\\\/G9v4oazWAAA8frk1.jpg\",\"width\":1200,\"height\":630,\"caption\":\"Donald Trump. Foto: X\\\/The White House.\"},{\"@type\":\"BreadcrumbList\",\"@id\":\"https:\\\/\\\/www.cuballama.com\\\/noticias\\\/trump-comparte-analisis-de-experto-que-predice-su-visita-a-una-habana-libre-antes-de-dejar-la-casa-blanca\\\/#breadcrumb\",\"itemListElement\":[{\"@type\":\"ListItem\",\"position\":1,\"name\":\"Home\",\"item\":\"https:\\\/\\\/www.cuballama.com\\\/noticias\\\/\"},{\"@type\":\"ListItem\",\"position\":2,\"name\":\"Trump comparte an\u00e1lisis de experto que predice su visita a \u201cuna Habana libre\u201d antes de dejar la Casa Blanca\"}]},{\"@type\":\"WebSite\",\"@id\":\"https:\\\/\\\/www.cuballama.com\\\/noticias\\\/#website\",\"url\":\"https:\\\/\\\/www.cuballama.com\\\/noticias\\\/\",\"name\":\"Cuballama Noticias\",\"description\":\"Medio digital sobre Cuba y el mundo\",\"publisher\":{\"@id\":\"https:\\\/\\\/www.cuballama.com\\\/noticias\\\/#organization\"},\"potentialAction\":[{\"@type\":\"SearchAction\",\"target\":{\"@type\":\"EntryPoint\",\"urlTemplate\":\"https:\\\/\\\/www.cuballama.com\\\/noticias\\\/?s={search_term_string}\"},\"query-input\":{\"@type\":\"PropertyValueSpecification\",\"valueRequired\":true,\"valueName\":\"search_term_string\"}}],\"inLanguage\":\"es\"},{\"@type\":\"Organization\",\"@id\":\"https:\\\/\\\/www.cuballama.com\\\/noticias\\\/#organization\",\"name\":\"Cuballama\",\"url\":\"https:\\\/\\\/www.cuballama.com\\\/noticias\\\/\",\"logo\":{\"@type\":\"ImageObject\",\"inLanguage\":\"es\",\"@id\":\"https:\\\/\\\/www.cuballama.com\\\/noticias\\\/#\\\/schema\\\/logo\\\/image\\\/\",\"url\":\"https:\\\/\\\/cdn1.mediawpaccore.net\\\/wp-content\\\/uploads\\\/2021\\\/12\\\/28171206\\\/cbll-logo-color-sm.png\",\"contentUrl\":\"https:\\\/\\\/cdn1.mediawpaccore.net\\\/wp-content\\\/uploads\\\/2021\\\/12\\\/28171206\\\/cbll-logo-color-sm.png\",\"width\":600,\"height\":133,\"caption\":\"Cuballama\"},\"image\":{\"@id\":\"https:\\\/\\\/www.cuballama.com\\\/noticias\\\/#\\\/schema\\\/logo\\\/image\\\/\"},\"sameAs\":[\"https:\\\/\\\/www.facebook.com\\\/CubaLlama\",\"https:\\\/\\\/x.com\\\/cuballama\",\"https:\\\/\\\/www.instagram.com\\\/stories\\\/cuballama_oficial\\\/\",\"https:\\\/\\\/www.youtube.com\\\/channel\\\/UCKkFE-d_axENGZcrc4as0IA\"]},{\"@type\":\"Person\",\"@id\":\"https:\\\/\\\/www.cuballama.com\\\/noticias\\\/#\\\/schema\\\/person\\\/5889f7d070564f8386e7944d14d436cd\",\"name\":\"Manu\",\"url\":\"https:\\\/\\\/www.cuballama.com\\\/noticias\\\/author\\\/manu\\\/\"}]}<\/script>\n<!-- \/ Yoast SEO plugin. -->","yoast_head_json":{"title":"Trump comparte an\u00e1lisis de experto que predice su visita a \u201cuna Habana libre\u201d antes de dejar la Casa Blanca - Cuballama Noticias","description":"El presidente Donald Trump comparti\u00f3 en su cuenta de Truth Social los comentarios del analista y pol\u00edtico estadounidense Marc Thiessen.","robots":{"index":"index","follow":"follow","max-snippet":"max-snippet:-1","max-image-preview":"max-image-preview:large","max-video-preview":"max-video-preview:-1"},"canonical":"https:\/\/www.cuballama.com\/noticias\/trump-comparte-analisis-de-experto-que-predice-su-visita-a-una-habana-libre-antes-de-dejar-la-casa-blanca\/","og_locale":"es_ES","og_type":"article","og_title":"Trump comparte an\u00e1lisis de experto que predice su visita a \u201cuna Habana libre\u201d antes de dejar la Casa Blanca - Cuballama Noticias","og_description":"El presidente Donald Trump comparti\u00f3 en su cuenta de Truth Social los comentarios del analista y pol\u00edtico estadounidense Marc Thiessen.","og_url":"https:\/\/www.cuballama.com\/noticias\/trump-comparte-analisis-de-experto-que-predice-su-visita-a-una-habana-libre-antes-de-dejar-la-casa-blanca\/","og_site_name":"Cuballama Noticias","article_publisher":"https:\/\/www.facebook.com\/CubaLlama","article_published_time":"2026-01-19T22:20:14+00:00","article_modified_time":"2026-01-19T22:22:21+00:00","og_image":[{"width":1200,"height":630,"url":"https:\/\/cdn1.mediawpaccore.net\/wp-content\/uploads\/2026\/01\/03113122\/G9v4oazWAAA8frk1.jpg","type":"image\/jpeg"}],"author":"Manu","twitter_card":"summary_large_image","twitter_creator":"@cuballama","twitter_site":"@cuballama","twitter_misc":{"Escrito por":"Manu","Tiempo de lectura":"2 minutos"},"schema":{"@context":"https:\/\/schema.org","@graph":[{"@type":"Article","@id":"https:\/\/www.cuballama.com\/noticias\/trump-comparte-analisis-de-experto-que-predice-su-visita-a-una-habana-libre-antes-de-dejar-la-casa-blanca\/#article","isPartOf":{"@id":"https:\/\/www.cuballama.com\/noticias\/trump-comparte-analisis-de-experto-que-predice-su-visita-a-una-habana-libre-antes-de-dejar-la-casa-blanca\/"},"author":{"name":"Manu","@id":"https:\/\/www.cuballama.com\/noticias\/#\/schema\/person\/5889f7d070564f8386e7944d14d436cd"},"headline":"Trump comparte an\u00e1lisis de experto que predice su visita a \u201cuna Habana libre\u201d antes de dejar la Casa Blanca","datePublished":"2026-01-19T22:20:14+00:00","dateModified":"2026-01-19T22:22:21+00:00","mainEntityOfPage":{"@id":"https:\/\/www.cuballama.com\/noticias\/trump-comparte-analisis-de-experto-que-predice-su-visita-a-una-habana-libre-antes-de-dejar-la-casa-blanca\/"},"wordCount":356,"commentCount":0,"publisher":{"@id":"https:\/\/www.cuballama.com\/noticias\/#organization"},"image":{"@id":"https:\/\/www.cuballama.com\/noticias\/trump-comparte-analisis-de-experto-que-predice-su-visita-a-una-habana-libre-antes-de-dejar-la-casa-blanca\/#primaryimage"},"thumbnailUrl":"https:\/\/cdn1.mediawpaccore.net\/wp-content\/uploads\/2026\/01\/03113122\/G9v4oazWAAA8frk1.jpg","keywords":["Crisis en Cuba","Cuba","cubanos","destacado","Marc Thiessen","Miami","Trump"],"articleSection":["Noticias","Noticias de Cuba"],"inLanguage":"es","potentialAction":[{"@type":"CommentAction","name":"Comment","target":["https:\/\/www.cuballama.com\/noticias\/trump-comparte-analisis-de-experto-que-predice-su-visita-a-una-habana-libre-antes-de-dejar-la-casa-blanca\/#respond"]}]},{"@type":"WebPage","@id":"https:\/\/www.cuballama.com\/noticias\/trump-comparte-analisis-de-experto-que-predice-su-visita-a-una-habana-libre-antes-de-dejar-la-casa-blanca\/","url":"https:\/\/www.cuballama.com\/noticias\/trump-comparte-analisis-de-experto-que-predice-su-visita-a-una-habana-libre-antes-de-dejar-la-casa-blanca\/","name":"Trump comparte an\u00e1lisis de experto que predice su visita a \u201cuna Habana libre\u201d antes de dejar la Casa Blanca - Cuballama Noticias","isPartOf":{"@id":"https:\/\/www.cuballama.com\/noticias\/#website"},"primaryImageOfPage":{"@id":"https:\/\/www.cuballama.com\/noticias\/trump-comparte-analisis-de-experto-que-predice-su-visita-a-una-habana-libre-antes-de-dejar-la-casa-blanca\/#primaryimage"},"image":{"@id":"https:\/\/www.cuballama.com\/noticias\/trump-comparte-analisis-de-experto-que-predice-su-visita-a-una-habana-libre-antes-de-dejar-la-casa-blanca\/#primaryimage"},"thumbnailUrl":"https:\/\/cdn1.mediawpaccore.net\/wp-content\/uploads\/2026\/01\/03113122\/G9v4oazWAAA8frk1.jpg","datePublished":"2026-01-19T22:20:14+00:00","dateModified":"2026-01-19T22:22:21+00:00","description":"El presidente Donald Trump comparti\u00f3 en su cuenta de Truth Social los comentarios del analista y pol\u00edtico estadounidense Marc Thiessen.","breadcrumb":{"@id":"https:\/\/www.cuballama.com\/noticias\/trump-comparte-analisis-de-experto-que-predice-su-visita-a-una-habana-libre-antes-de-dejar-la-casa-blanca\/#breadcrumb"},"inLanguage":"es","potentialAction":[{"@type":"ReadAction","target":["https:\/\/www.cuballama.com\/noticias\/trump-comparte-analisis-de-experto-que-predice-su-visita-a-una-habana-libre-antes-de-dejar-la-casa-blanca\/"]}]},{"@type":"ImageObject","inLanguage":"es","@id":"https:\/\/www.cuballama.com\/noticias\/trump-comparte-analisis-de-experto-que-predice-su-visita-a-una-habana-libre-antes-de-dejar-la-casa-blanca\/#primaryimage","url":"https:\/\/cdn1.mediawpaccore.net\/wp-content\/uploads\/2026\/01\/03113122\/G9v4oazWAAA8frk1.jpg","contentUrl":"https:\/\/cdn1.mediawpaccore.net\/wp-content\/uploads\/2026\/01\/03113122\/G9v4oazWAAA8frk1.jpg","width":1200,"height":630,"caption":"Donald Trump. Foto: X\/The White House."},{"@type":"BreadcrumbList","@id":"https:\/\/www.cuballama.com\/noticias\/trump-comparte-analisis-de-experto-que-predice-su-visita-a-una-habana-libre-antes-de-dejar-la-casa-blanca\/#breadcrumb","itemListElement":[{"@type":"ListItem","position":1,"name":"Home","item":"https:\/\/www.cuballama.com\/noticias\/"},{"@type":"ListItem","position":2,"name":"Trump comparte an\u00e1lisis de experto que predice su visita a \u201cuna Habana libre\u201d antes de dejar la Casa Blanca"}]},{"@type":"WebSite","@id":"https:\/\/www.cuballama.com\/noticias\/#website","url":"https:\/\/www.cuballama.com\/noticias\/","name":"Cuballama Noticias","description":"Medio digital sobre Cuba y el mundo","publisher":{"@id":"https:\/\/www.cuballama.com\/noticias\/#organization"},"potentialAction":[{"@type":"SearchAction","target":{"@type":"EntryPoint","urlTemplate":"https:\/\/www.cuballama.com\/noticias\/?s={search_term_string}"},"query-input":{"@type":"PropertyValueSpecification","valueRequired":true,"valueName":"search_term_string"}}],"inLanguage":"es"},{"@type":"Organization","@id":"https:\/\/www.cuballama.com\/noticias\/#organization","name":"Cuballama","url":"https:\/\/www.cuballama.com\/noticias\/","logo":{"@type":"ImageObject","inLanguage":"es","@id":"https:\/\/www.cuballama.com\/noticias\/#\/schema\/logo\/image\/","url":"https:\/\/cdn1.mediawpaccore.net\/wp-content\/uploads\/2021\/12\/28171206\/cbll-logo-color-sm.png","contentUrl":"https:\/\/cdn1.mediawpaccore.net\/wp-content\/uploads\/2021\/12\/28171206\/cbll-logo-color-sm.png","width":600,"height":133,"caption":"Cuballama"},"image":{"@id":"https:\/\/www.cuballama.com\/noticias\/#\/schema\/logo\/image\/"},"sameAs":["https:\/\/www.facebook.com\/CubaLlama","https:\/\/x.com\/cuballama","https:\/\/www.instagram.com\/stories\/cuballama_oficial\/","https:\/\/www.youtube.com\/channel\/UCKkFE-d_axENGZcrc4as0IA"]},{"@type":"Person","@id":"https:\/\/www.cuballama.com\/noticias\/#\/schema\/person\/5889f7d070564f8386e7944d14d436cd","name":"Manu","url":"https:\/\/www.cuballama.com\/noticias\/author\/manu\/"}]}},"_links":{"self":[{"href":"https:\/\/www.cuballama.com\/noticias\/wp-json\/wp\/v2\/posts\/232658","targetHints":{"allow":["GET"]}}],"collection":[{"href":"https:\/\/www.cuballama.com\/noticias\/wp-json\/wp\/v2\/posts"}],"about":[{"href":"https:\/\/www.cuballama.com\/noticias\/wp-json\/wp\/v2\/types\/post"}],"author":[{"embeddable":true,"href":"https:\/\/www.cuballama.com\/noticias\/wp-json\/wp\/v2\/users\/24"}],"replies":[{"embeddable":true,"href":"https:\/\/www.cuballama.com\/noticias\/wp-json\/wp\/v2\/comments?post=232658"}],"version-history":[{"count":2,"href":"https:\/\/www.cuballama.com\/noticias\/wp-json\/wp\/v2\/posts\/232658\/revisions"}],"predecessor-version":[{"id":232660,"href":"https:\/\/www.cuballama.com\/noticias\/wp-json\/wp\/v2\/posts\/232658\/revisions\/232660"}],"wp:featuredmedia":[{"embeddable":true,"href":"https:\/\/www.cuballama.com\/noticias\/wp-json\/wp\/v2\/media\/230444"}],"wp:attachment":[{"href":"https:\/\/www.cuballama.com\/noticias\/wp-json\/wp\/v2\/media?parent=232658"}],"wp:term":[{"taxonomy":"category","embeddable":true,"href":"https:\/\/www.cuballama.com\/noticias\/wp-json\/wp\/v2\/categories?post=232658"},{"taxonomy":"post_tag","embeddable":true,"href":"https:\/\/www.cuballama.com\/noticias\/wp-json\/wp\/v2\/tags?post=232658"}],"curies":[{"name":"wp","href":"https:\/\/api.w.org\/{rel}","templated":true}]}}