{"id":232634,"date":"2026-01-19T14:50:07","date_gmt":"2026-01-19T19:50:07","guid":{"rendered":"https:\/\/www.cuballama.com\/noticias\/?p=232634"},"modified":"2026-01-19T14:50:09","modified_gmt":"2026-01-19T19:50:09","slug":"la-historia-viral-de-una-cubana-con-jacob-forever-me-di-el-lujo-de-decirle-que-no","status":"publish","type":"post","link":"https:\/\/www.cuballama.com\/noticias\/la-historia-viral-de-una-cubana-con-jacob-forever-me-di-el-lujo-de-decirle-que-no\/","title":{"rendered":"La historia viral de una cubana con Jacob Forever: \u201cMe di el lujo de decirle que no\u201d"},"content":{"rendered":"\n<p>En TikTok, una cubana identificada como <strong>@doris.hernandez618<\/strong> desempolv\u00f3 un recuerdo de <strong>2018<\/strong> y, sin propon\u00e9rselo mucho, lo convirti\u00f3 en tema de conversaci\u00f3n.&nbsp;<\/p>\n\n\n\n<p>La joven cont\u00f3 que coincidi\u00f3 con <strong><a href=\"https:\/\/www.cuballama.com\/noticias\/estoy-como-el-vino-jacob-forever-presume-y-desata-reacciones-en-redes\/\" target=\"_blank\" rel=\"noreferrer noopener\">Jacob Forever<\/a><\/strong> durante un evento en Miami y que termin\u00f3 rechazando una propina de <strong>100 d\u00f3lares<\/strong> que, seg\u00fan ella, el reguetonero quiso darle. El relato se hizo viral y desat\u00f3 una lluvia de opiniones encontradas.<\/p>\n\n\n\n<p>La historia la presenta como una especie de \u201cconfesi\u00f3n tard\u00eda\u201d en medio del ruido que suele rodear al artista. \u201cAhora todos est\u00e1n hablando de Jacob Forever, pero yo no he contado c\u00f3mo fue que me di el lujo de decirle que no\u201d, dice al inicio del video, marcando el tono de an\u00e9cdota personal.<\/p>\n\n\n\n<blockquote class=\"tiktok-embed\" cite=\"https:\/\/www.tiktok.com\/@doris.hernandez618\/video\/7593850429499346207\" data-video-id=\"7593850429499346207\" style=\"max-width: 605px;min-width: 325px;\" > <section> <a target=\"_blank\" title=\"@doris.hernandez618\" href=\"https:\/\/www.tiktok.com\/@doris.hernandez618?refer=embed\">@doris.hernandez618<\/a> Story time de c\u00f3mo le dije que no a Jacob Forever. (No me juzguen es contenido) <a title=\"jacobforever\" target=\"_blank\" href=\"https:\/\/www.tiktok.com\/tag\/jacobforever?refer=embed\">#jacobforever<\/a> <a title=\"repartocubano\ud83c\udde8\ud83c\uddfa\" target=\"_blank\" href=\"https:\/\/www.tiktok.com\/tag\/repartocubano%F0%9F%87%A8%F0%9F%87%BA?refer=embed\">#repartocubano\ud83c\udde8\ud83c\uddfa<\/a> <a target=\"_blank\" title=\"\u266c sonido original - Doris Nery Creadora\" href=\"https:\/\/www.tiktok.com\/music\/sonido-original-7593855534135020318?refer=embed\">\u266c sonido original &#8211; Doris Nery Creadora<\/a> <\/section> <\/blockquote> <script async src=\"https:\/\/www.tiktok.com\/embed.js\"><\/script>\n\n\n\n<p>De acuerdo con su versi\u00f3n, en aquel momento trabajaba como <strong>VIP set<\/strong> en una discoteca de Miami llamada <strong>Dimension Event<\/strong>, durante un concierto conocido como el <strong>Cubatonazo<\/strong>. Su rol era atender a los artistas antes de su salida al escenario, b\u00e1sicamente asegurarse de que tuvieran bebidas y lo necesario en los minutos previos.<\/p>\n\n\n\n<p>Ah\u00ed es donde aparece Jacob en su historia. La joven asegura que el montaje del evento no inclu\u00eda camerinos para los artistas y que todo se manejaba con una log\u00edstica m\u00e1s improvisada.&nbsp;<\/p>\n\n\n\n<p>\u201cNo hab\u00eda camerino. El evento fue en el Hard Rock Arena y yo ten\u00eda que atender a los artistas antes de que cantaran. \u00c9l estaba sentado en un banco y yo fui a llevarle agua. Cuando le di el agua fr\u00eda, me dijo: \u2018coge 100 d\u00f3lares de propina\u2019. Y yo me di el lujo de decirle que no\u201d, relat\u00f3.<\/p>\n\n\n\n<p>\u00bfLa raz\u00f3n? Seg\u00fan explica, no fue por rechazar el dinero como tal, sino por lo que para ella significaba cobr\u00e1rselo a un artista cubano reconocido. \u201c\u00bfC\u00f3mo iba a cobrarle 100 d\u00f3lares de propina a un artista tan famoso y que representa a Cuba?\u201d, argument\u00f3.<\/p>\n\n\n\n<p>Como era de esperar, los comentarios se partieron en dos bandos: quienes la felicitan por el gesto y quienes creen que debi\u00f3 aceptarlo porque una propina tambi\u00e9n es un agradecimiento y parte del trabajo, sobre todo en un contexto de atenci\u00f3n VIP.<\/p>\n","protected":false},"excerpt":{"rendered":"<p>La joven explic\u00f3 que se neg\u00f3 por respeto: \u201c\u00bfC\u00f3mo iba a cobrarle 100 d\u00f3lares de propina a un artista tan famoso y que representa a Cuba?\u201d.<\/p>\n","protected":false},"author":29,"featured_media":232648,"comment_status":"open","ping_status":"closed","sticky":false,"template":"","format":"standard","meta":{"_acf_changed":false,"footnotes":""},"categories":[443],"tags":[252,92,11050,14245,264],"class_list":{"0":"post-232634","1":"post","2":"type-post","3":"status-publish","4":"format-standard","5":"has-post-thumbnail","7":"category-farandula","8":"tag-artistas-cubanos","9":"tag-cubanos","10":"tag-cubanos-en-miami","11":"tag-influencer-cubana","12":"tag-jacob-forever"},"acf":[],"yoast_head":"<!-- This site is optimized with the Yoast SEO plugin v27.5 - https:\/\/yoast.com\/product\/yoast-seo-wordpress\/ -->\n<title>La historia viral de una cubana con Jacob Forever: \u201cMe di el lujo de decirle que no\u201d - Cuballama Noticias<\/title>\n<meta name=\"description\" content=\"La joven explic\u00f3 que se neg\u00f3 por respeto: \u201c\u00bfC\u00f3mo iba a cobrarle 100 d\u00f3lares de propina a un artista tan famoso y que representa a Cuba?\u201d.\" \/>\n<meta name=\"robots\" content=\"index, follow, max-snippet:-1, max-image-preview:large, max-video-preview:-1\" \/>\n<link rel=\"canonical\" href=\"https:\/\/www.cuballama.com\/noticias\/la-historia-viral-de-una-cubana-con-jacob-forever-me-di-el-lujo-de-decirle-que-no\/\" \/>\n<meta property=\"og:locale\" content=\"es_ES\" \/>\n<meta property=\"og:type\" content=\"article\" \/>\n<meta property=\"og:title\" content=\"La historia viral de una cubana con Jacob Forever: \u201cMe di el lujo de decirle que no\u201d - Cuballama Noticias\" \/>\n<meta property=\"og:description\" content=\"La joven explic\u00f3 que se neg\u00f3 por respeto: \u201c\u00bfC\u00f3mo iba a cobrarle 100 d\u00f3lares de propina a un artista tan famoso y que representa a Cuba?\u201d.\" \/>\n<meta property=\"og:url\" content=\"https:\/\/www.cuballama.com\/noticias\/la-historia-viral-de-una-cubana-con-jacob-forever-me-di-el-lujo-de-decirle-que-no\/\" \/>\n<meta property=\"og:site_name\" content=\"Cuballama Noticias\" \/>\n<meta property=\"article:publisher\" content=\"https:\/\/www.facebook.com\/CubaLlama\" \/>\n<meta property=\"article:published_time\" content=\"2026-01-19T19:50:07+00:00\" \/>\n<meta property=\"article:modified_time\" content=\"2026-01-19T19:50:09+00:00\" \/>\n<meta property=\"og:image\" content=\"https:\/\/cdn1.mediawpaccore.net\/wp-content\/uploads\/2026\/01\/19144642\/Diseno-sin-titulo-56-1-1024x589.png\" \/>\n\t<meta property=\"og:image:width\" content=\"1024\" \/>\n\t<meta property=\"og:image:height\" content=\"589\" \/>\n\t<meta property=\"og:image:type\" content=\"image\/png\" \/>\n<meta name=\"author\" content=\"Sof\u00eda Reyes\" \/>\n<meta name=\"twitter:card\" content=\"summary_large_image\" \/>\n<meta name=\"twitter:creator\" content=\"@cuballama\" \/>\n<meta name=\"twitter:site\" content=\"@cuballama\" \/>\n<meta name=\"twitter:label1\" content=\"Escrito por\" \/>\n\t<meta name=\"twitter:data1\" content=\"Sof\u00eda Reyes\" \/>\n\t<meta name=\"twitter:label2\" content=\"Tiempo de lectura\" \/>\n\t<meta name=\"twitter:data2\" content=\"2 minutos\" \/>\n<script type=\"application\/ld+json\" class=\"yoast-schema-graph\">{\"@context\":\"https:\\\/\\\/schema.org\",\"@graph\":[{\"@type\":\"Article\",\"@id\":\"https:\\\/\\\/www.cuballama.com\\\/noticias\\\/la-historia-viral-de-una-cubana-con-jacob-forever-me-di-el-lujo-de-decirle-que-no\\\/#article\",\"isPartOf\":{\"@id\":\"https:\\\/\\\/www.cuballama.com\\\/noticias\\\/la-historia-viral-de-una-cubana-con-jacob-forever-me-di-el-lujo-de-decirle-que-no\\\/\"},\"author\":{\"name\":\"Sof\u00eda Reyes\",\"@id\":\"https:\\\/\\\/www.cuballama.com\\\/noticias\\\/#\\\/schema\\\/person\\\/5cba2b8cc25a3159e49fe730a94d512e\"},\"headline\":\"La historia viral de una cubana con Jacob Forever: \u201cMe di el lujo de decirle que no\u201d\",\"datePublished\":\"2026-01-19T19:50:07+00:00\",\"dateModified\":\"2026-01-19T19:50:09+00:00\",\"mainEntityOfPage\":{\"@id\":\"https:\\\/\\\/www.cuballama.com\\\/noticias\\\/la-historia-viral-de-una-cubana-con-jacob-forever-me-di-el-lujo-de-decirle-que-no\\\/\"},\"wordCount\":414,\"commentCount\":0,\"publisher\":{\"@id\":\"https:\\\/\\\/www.cuballama.com\\\/noticias\\\/#organization\"},\"image\":{\"@id\":\"https:\\\/\\\/www.cuballama.com\\\/noticias\\\/la-historia-viral-de-una-cubana-con-jacob-forever-me-di-el-lujo-de-decirle-que-no\\\/#primaryimage\"},\"thumbnailUrl\":\"https:\\\/\\\/cdn1.mediawpaccore.net\\\/wp-content\\\/uploads\\\/2026\\\/01\\\/19144642\\\/Diseno-sin-titulo-56-1.png\",\"keywords\":[\"Artistas cubanos\",\"cubanos\",\"cubanos en Miami\",\"influencer cubana\",\"Jacob Forever\"],\"articleSection\":[\"Far\u00e1ndula\"],\"inLanguage\":\"es\",\"potentialAction\":[{\"@type\":\"CommentAction\",\"name\":\"Comment\",\"target\":[\"https:\\\/\\\/www.cuballama.com\\\/noticias\\\/la-historia-viral-de-una-cubana-con-jacob-forever-me-di-el-lujo-de-decirle-que-no\\\/#respond\"]}]},{\"@type\":\"WebPage\",\"@id\":\"https:\\\/\\\/www.cuballama.com\\\/noticias\\\/la-historia-viral-de-una-cubana-con-jacob-forever-me-di-el-lujo-de-decirle-que-no\\\/\",\"url\":\"https:\\\/\\\/www.cuballama.com\\\/noticias\\\/la-historia-viral-de-una-cubana-con-jacob-forever-me-di-el-lujo-de-decirle-que-no\\\/\",\"name\":\"La historia viral de una cubana con Jacob Forever: \u201cMe di el lujo de decirle que no\u201d - Cuballama Noticias\",\"isPartOf\":{\"@id\":\"https:\\\/\\\/www.cuballama.com\\\/noticias\\\/#website\"},\"primaryImageOfPage\":{\"@id\":\"https:\\\/\\\/www.cuballama.com\\\/noticias\\\/la-historia-viral-de-una-cubana-con-jacob-forever-me-di-el-lujo-de-decirle-que-no\\\/#primaryimage\"},\"image\":{\"@id\":\"https:\\\/\\\/www.cuballama.com\\\/noticias\\\/la-historia-viral-de-una-cubana-con-jacob-forever-me-di-el-lujo-de-decirle-que-no\\\/#primaryimage\"},\"thumbnailUrl\":\"https:\\\/\\\/cdn1.mediawpaccore.net\\\/wp-content\\\/uploads\\\/2026\\\/01\\\/19144642\\\/Diseno-sin-titulo-56-1.png\",\"datePublished\":\"2026-01-19T19:50:07+00:00\",\"dateModified\":\"2026-01-19T19:50:09+00:00\",\"description\":\"La joven explic\u00f3 que se neg\u00f3 por respeto: \u201c\u00bfC\u00f3mo iba a cobrarle 100 d\u00f3lares de propina a un artista tan famoso y que representa a Cuba?\u201d.\",\"breadcrumb\":{\"@id\":\"https:\\\/\\\/www.cuballama.com\\\/noticias\\\/la-historia-viral-de-una-cubana-con-jacob-forever-me-di-el-lujo-de-decirle-que-no\\\/#breadcrumb\"},\"inLanguage\":\"es\",\"potentialAction\":[{\"@type\":\"ReadAction\",\"target\":[\"https:\\\/\\\/www.cuballama.com\\\/noticias\\\/la-historia-viral-de-una-cubana-con-jacob-forever-me-di-el-lujo-de-decirle-que-no\\\/\"]}]},{\"@type\":\"ImageObject\",\"inLanguage\":\"es\",\"@id\":\"https:\\\/\\\/www.cuballama.com\\\/noticias\\\/la-historia-viral-de-una-cubana-con-jacob-forever-me-di-el-lujo-de-decirle-que-no\\\/#primaryimage\",\"url\":\"https:\\\/\\\/cdn1.mediawpaccore.net\\\/wp-content\\\/uploads\\\/2026\\\/01\\\/19144642\\\/Diseno-sin-titulo-56-1.png\",\"contentUrl\":\"https:\\\/\\\/cdn1.mediawpaccore.net\\\/wp-content\\\/uploads\\\/2026\\\/01\\\/19144642\\\/Diseno-sin-titulo-56-1.png\",\"width\":1949,\"height\":1122,\"caption\":\"Fotos tomadas de Instagram de Jacob Forever y Doris Hern\u00e1ndez\"},{\"@type\":\"BreadcrumbList\",\"@id\":\"https:\\\/\\\/www.cuballama.com\\\/noticias\\\/la-historia-viral-de-una-cubana-con-jacob-forever-me-di-el-lujo-de-decirle-que-no\\\/#breadcrumb\",\"itemListElement\":[{\"@type\":\"ListItem\",\"position\":1,\"name\":\"Home\",\"item\":\"https:\\\/\\\/www.cuballama.com\\\/noticias\\\/\"},{\"@type\":\"ListItem\",\"position\":2,\"name\":\"La historia viral de una cubana con Jacob Forever: \u201cMe di el lujo de decirle que no\u201d\"}]},{\"@type\":\"WebSite\",\"@id\":\"https:\\\/\\\/www.cuballama.com\\\/noticias\\\/#website\",\"url\":\"https:\\\/\\\/www.cuballama.com\\\/noticias\\\/\",\"name\":\"Cuballama Noticias\",\"description\":\"Medio digital sobre Cuba y el mundo\",\"publisher\":{\"@id\":\"https:\\\/\\\/www.cuballama.com\\\/noticias\\\/#organization\"},\"potentialAction\":[{\"@type\":\"SearchAction\",\"target\":{\"@type\":\"EntryPoint\",\"urlTemplate\":\"https:\\\/\\\/www.cuballama.com\\\/noticias\\\/?s={search_term_string}\"},\"query-input\":{\"@type\":\"PropertyValueSpecification\",\"valueRequired\":true,\"valueName\":\"search_term_string\"}}],\"inLanguage\":\"es\"},{\"@type\":\"Organization\",\"@id\":\"https:\\\/\\\/www.cuballama.com\\\/noticias\\\/#organization\",\"name\":\"Cuballama\",\"url\":\"https:\\\/\\\/www.cuballama.com\\\/noticias\\\/\",\"logo\":{\"@type\":\"ImageObject\",\"inLanguage\":\"es\",\"@id\":\"https:\\\/\\\/www.cuballama.com\\\/noticias\\\/#\\\/schema\\\/logo\\\/image\\\/\",\"url\":\"https:\\\/\\\/cdn1.mediawpaccore.net\\\/wp-content\\\/uploads\\\/2021\\\/12\\\/28171206\\\/cbll-logo-color-sm.png\",\"contentUrl\":\"https:\\\/\\\/cdn1.mediawpaccore.net\\\/wp-content\\\/uploads\\\/2021\\\/12\\\/28171206\\\/cbll-logo-color-sm.png\",\"width\":600,\"height\":133,\"caption\":\"Cuballama\"},\"image\":{\"@id\":\"https:\\\/\\\/www.cuballama.com\\\/noticias\\\/#\\\/schema\\\/logo\\\/image\\\/\"},\"sameAs\":[\"https:\\\/\\\/www.facebook.com\\\/CubaLlama\",\"https:\\\/\\\/x.com\\\/cuballama\",\"https:\\\/\\\/www.instagram.com\\\/stories\\\/cuballama_oficial\\\/\",\"https:\\\/\\\/www.youtube.com\\\/channel\\\/UCKkFE-d_axENGZcrc4as0IA\"]},{\"@type\":\"Person\",\"@id\":\"https:\\\/\\\/www.cuballama.com\\\/noticias\\\/#\\\/schema\\\/person\\\/5cba2b8cc25a3159e49fe730a94d512e\",\"name\":\"Sof\u00eda Reyes\",\"url\":\"https:\\\/\\\/www.cuballama.com\\\/noticias\\\/author\\\/laura\\\/\"}]}<\/script>\n<!-- \/ Yoast SEO plugin. -->","yoast_head_json":{"title":"La historia viral de una cubana con Jacob Forever: \u201cMe di el lujo de decirle que no\u201d - Cuballama Noticias","description":"La joven explic\u00f3 que se neg\u00f3 por respeto: \u201c\u00bfC\u00f3mo iba a cobrarle 100 d\u00f3lares de propina a un artista tan famoso y que representa a Cuba?\u201d.","robots":{"index":"index","follow":"follow","max-snippet":"max-snippet:-1","max-image-preview":"max-image-preview:large","max-video-preview":"max-video-preview:-1"},"canonical":"https:\/\/www.cuballama.com\/noticias\/la-historia-viral-de-una-cubana-con-jacob-forever-me-di-el-lujo-de-decirle-que-no\/","og_locale":"es_ES","og_type":"article","og_title":"La historia viral de una cubana con Jacob Forever: \u201cMe di el lujo de decirle que no\u201d - Cuballama Noticias","og_description":"La joven explic\u00f3 que se neg\u00f3 por respeto: \u201c\u00bfC\u00f3mo iba a cobrarle 100 d\u00f3lares de propina a un artista tan famoso y que representa a Cuba?\u201d.","og_url":"https:\/\/www.cuballama.com\/noticias\/la-historia-viral-de-una-cubana-con-jacob-forever-me-di-el-lujo-de-decirle-que-no\/","og_site_name":"Cuballama Noticias","article_publisher":"https:\/\/www.facebook.com\/CubaLlama","article_published_time":"2026-01-19T19:50:07+00:00","article_modified_time":"2026-01-19T19:50:09+00:00","og_image":[{"width":1024,"height":589,"url":"https:\/\/cdn1.mediawpaccore.net\/wp-content\/uploads\/2026\/01\/19144642\/Diseno-sin-titulo-56-1-1024x589.png","type":"image\/png"}],"author":"Sof\u00eda Reyes","twitter_card":"summary_large_image","twitter_creator":"@cuballama","twitter_site":"@cuballama","twitter_misc":{"Escrito por":"Sof\u00eda Reyes","Tiempo de lectura":"2 minutos"},"schema":{"@context":"https:\/\/schema.org","@graph":[{"@type":"Article","@id":"https:\/\/www.cuballama.com\/noticias\/la-historia-viral-de-una-cubana-con-jacob-forever-me-di-el-lujo-de-decirle-que-no\/#article","isPartOf":{"@id":"https:\/\/www.cuballama.com\/noticias\/la-historia-viral-de-una-cubana-con-jacob-forever-me-di-el-lujo-de-decirle-que-no\/"},"author":{"name":"Sof\u00eda Reyes","@id":"https:\/\/www.cuballama.com\/noticias\/#\/schema\/person\/5cba2b8cc25a3159e49fe730a94d512e"},"headline":"La historia viral de una cubana con Jacob Forever: \u201cMe di el lujo de decirle que no\u201d","datePublished":"2026-01-19T19:50:07+00:00","dateModified":"2026-01-19T19:50:09+00:00","mainEntityOfPage":{"@id":"https:\/\/www.cuballama.com\/noticias\/la-historia-viral-de-una-cubana-con-jacob-forever-me-di-el-lujo-de-decirle-que-no\/"},"wordCount":414,"commentCount":0,"publisher":{"@id":"https:\/\/www.cuballama.com\/noticias\/#organization"},"image":{"@id":"https:\/\/www.cuballama.com\/noticias\/la-historia-viral-de-una-cubana-con-jacob-forever-me-di-el-lujo-de-decirle-que-no\/#primaryimage"},"thumbnailUrl":"https:\/\/cdn1.mediawpaccore.net\/wp-content\/uploads\/2026\/01\/19144642\/Diseno-sin-titulo-56-1.png","keywords":["Artistas cubanos","cubanos","cubanos en Miami","influencer cubana","Jacob Forever"],"articleSection":["Far\u00e1ndula"],"inLanguage":"es","potentialAction":[{"@type":"CommentAction","name":"Comment","target":["https:\/\/www.cuballama.com\/noticias\/la-historia-viral-de-una-cubana-con-jacob-forever-me-di-el-lujo-de-decirle-que-no\/#respond"]}]},{"@type":"WebPage","@id":"https:\/\/www.cuballama.com\/noticias\/la-historia-viral-de-una-cubana-con-jacob-forever-me-di-el-lujo-de-decirle-que-no\/","url":"https:\/\/www.cuballama.com\/noticias\/la-historia-viral-de-una-cubana-con-jacob-forever-me-di-el-lujo-de-decirle-que-no\/","name":"La historia viral de una cubana con Jacob Forever: \u201cMe di el lujo de decirle que no\u201d - Cuballama Noticias","isPartOf":{"@id":"https:\/\/www.cuballama.com\/noticias\/#website"},"primaryImageOfPage":{"@id":"https:\/\/www.cuballama.com\/noticias\/la-historia-viral-de-una-cubana-con-jacob-forever-me-di-el-lujo-de-decirle-que-no\/#primaryimage"},"image":{"@id":"https:\/\/www.cuballama.com\/noticias\/la-historia-viral-de-una-cubana-con-jacob-forever-me-di-el-lujo-de-decirle-que-no\/#primaryimage"},"thumbnailUrl":"https:\/\/cdn1.mediawpaccore.net\/wp-content\/uploads\/2026\/01\/19144642\/Diseno-sin-titulo-56-1.png","datePublished":"2026-01-19T19:50:07+00:00","dateModified":"2026-01-19T19:50:09+00:00","description":"La joven explic\u00f3 que se neg\u00f3 por respeto: \u201c\u00bfC\u00f3mo iba a cobrarle 100 d\u00f3lares de propina a un artista tan famoso y que representa a Cuba?\u201d.","breadcrumb":{"@id":"https:\/\/www.cuballama.com\/noticias\/la-historia-viral-de-una-cubana-con-jacob-forever-me-di-el-lujo-de-decirle-que-no\/#breadcrumb"},"inLanguage":"es","potentialAction":[{"@type":"ReadAction","target":["https:\/\/www.cuballama.com\/noticias\/la-historia-viral-de-una-cubana-con-jacob-forever-me-di-el-lujo-de-decirle-que-no\/"]}]},{"@type":"ImageObject","inLanguage":"es","@id":"https:\/\/www.cuballama.com\/noticias\/la-historia-viral-de-una-cubana-con-jacob-forever-me-di-el-lujo-de-decirle-que-no\/#primaryimage","url":"https:\/\/cdn1.mediawpaccore.net\/wp-content\/uploads\/2026\/01\/19144642\/Diseno-sin-titulo-56-1.png","contentUrl":"https:\/\/cdn1.mediawpaccore.net\/wp-content\/uploads\/2026\/01\/19144642\/Diseno-sin-titulo-56-1.png","width":1949,"height":1122,"caption":"Fotos tomadas de Instagram de Jacob Forever y Doris Hern\u00e1ndez"},{"@type":"BreadcrumbList","@id":"https:\/\/www.cuballama.com\/noticias\/la-historia-viral-de-una-cubana-con-jacob-forever-me-di-el-lujo-de-decirle-que-no\/#breadcrumb","itemListElement":[{"@type":"ListItem","position":1,"name":"Home","item":"https:\/\/www.cuballama.com\/noticias\/"},{"@type":"ListItem","position":2,"name":"La historia viral de una cubana con Jacob Forever: \u201cMe di el lujo de decirle que no\u201d"}]},{"@type":"WebSite","@id":"https:\/\/www.cuballama.com\/noticias\/#website","url":"https:\/\/www.cuballama.com\/noticias\/","name":"Cuballama Noticias","description":"Medio digital sobre Cuba y el mundo","publisher":{"@id":"https:\/\/www.cuballama.com\/noticias\/#organization"},"potentialAction":[{"@type":"SearchAction","target":{"@type":"EntryPoint","urlTemplate":"https:\/\/www.cuballama.com\/noticias\/?s={search_term_string}"},"query-input":{"@type":"PropertyValueSpecification","valueRequired":true,"valueName":"search_term_string"}}],"inLanguage":"es"},{"@type":"Organization","@id":"https:\/\/www.cuballama.com\/noticias\/#organization","name":"Cuballama","url":"https:\/\/www.cuballama.com\/noticias\/","logo":{"@type":"ImageObject","inLanguage":"es","@id":"https:\/\/www.cuballama.com\/noticias\/#\/schema\/logo\/image\/","url":"https:\/\/cdn1.mediawpaccore.net\/wp-content\/uploads\/2021\/12\/28171206\/cbll-logo-color-sm.png","contentUrl":"https:\/\/cdn1.mediawpaccore.net\/wp-content\/uploads\/2021\/12\/28171206\/cbll-logo-color-sm.png","width":600,"height":133,"caption":"Cuballama"},"image":{"@id":"https:\/\/www.cuballama.com\/noticias\/#\/schema\/logo\/image\/"},"sameAs":["https:\/\/www.facebook.com\/CubaLlama","https:\/\/x.com\/cuballama","https:\/\/www.instagram.com\/stories\/cuballama_oficial\/","https:\/\/www.youtube.com\/channel\/UCKkFE-d_axENGZcrc4as0IA"]},{"@type":"Person","@id":"https:\/\/www.cuballama.com\/noticias\/#\/schema\/person\/5cba2b8cc25a3159e49fe730a94d512e","name":"Sof\u00eda Reyes","url":"https:\/\/www.cuballama.com\/noticias\/author\/laura\/"}]}},"_links":{"self":[{"href":"https:\/\/www.cuballama.com\/noticias\/wp-json\/wp\/v2\/posts\/232634","targetHints":{"allow":["GET"]}}],"collection":[{"href":"https:\/\/www.cuballama.com\/noticias\/wp-json\/wp\/v2\/posts"}],"about":[{"href":"https:\/\/www.cuballama.com\/noticias\/wp-json\/wp\/v2\/types\/post"}],"author":[{"embeddable":true,"href":"https:\/\/www.cuballama.com\/noticias\/wp-json\/wp\/v2\/users\/29"}],"replies":[{"embeddable":true,"href":"https:\/\/www.cuballama.com\/noticias\/wp-json\/wp\/v2\/comments?post=232634"}],"version-history":[{"count":3,"href":"https:\/\/www.cuballama.com\/noticias\/wp-json\/wp\/v2\/posts\/232634\/revisions"}],"predecessor-version":[{"id":232650,"href":"https:\/\/www.cuballama.com\/noticias\/wp-json\/wp\/v2\/posts\/232634\/revisions\/232650"}],"wp:featuredmedia":[{"embeddable":true,"href":"https:\/\/www.cuballama.com\/noticias\/wp-json\/wp\/v2\/media\/232648"}],"wp:attachment":[{"href":"https:\/\/www.cuballama.com\/noticias\/wp-json\/wp\/v2\/media?parent=232634"}],"wp:term":[{"taxonomy":"category","embeddable":true,"href":"https:\/\/www.cuballama.com\/noticias\/wp-json\/wp\/v2\/categories?post=232634"},{"taxonomy":"post_tag","embeddable":true,"href":"https:\/\/www.cuballama.com\/noticias\/wp-json\/wp\/v2\/tags?post=232634"}],"curies":[{"name":"wp","href":"https:\/\/api.w.org\/{rel}","templated":true}]}}