{"id":232588,"date":"2026-01-19T10:00:08","date_gmt":"2026-01-19T15:00:08","guid":{"rendered":"https:\/\/www.cuballama.com\/noticias\/?p=232588"},"modified":"2026-01-19T10:00:10","modified_gmt":"2026-01-19T15:00:10","slug":"mi-foto-mas-bonita-del-mes-yomil-se-reencuentra-en-cuba-con-su-ahijada-daniela-tras-meses-de-separacion","status":"publish","type":"post","link":"https:\/\/www.cuballama.com\/noticias\/mi-foto-mas-bonita-del-mes-yomil-se-reencuentra-en-cuba-con-su-ahijada-daniela-tras-meses-de-separacion\/","title":{"rendered":"\u201cMi foto m\u00e1s bonita del mes\u201d: Yomil se reencuentra en Cuba con su ahijada Daniela tras meses de separaci\u00f3n"},"content":{"rendered":"\n<p>El regreso a Cuba de Iraisel Pintueles junto a su hija Daniela Mu\u00f1oz trajo consigo uno de esos momentos que, sin necesidad de grandes titulares, conectan de forma directa con la sensibilidad del p\u00fablico. Tras varios meses residiendo en Corea del Sur, madre e hija volvieron a la Isla y fueron recibidas con muestras de cari\u00f1o que r\u00e1pidamente se trasladaron a las redes sociales. Entre ellas, destac\u00f3 el emotivo reencuentro entre la peque\u00f1a y su padrino, el cantante cubano Yomil Hidalgo.<\/p>\n\n\n\n<p>Yomil no tard\u00f3 en visitar a su ahijada tras su regreso. El artista comparti\u00f3 una imagen que muchos calificaron como una de las m\u00e1s tiernas del mes: una fotograf\u00eda junto a Daniela, donde ambos aparecen sonrientes y c\u00f3mplices, reflejando un v\u00ednculo que va m\u00e1s all\u00e1 del lazo simb\u00f3lico del padrinazgo. \u201cMi foto m\u00e1s bonita del mes\u2026 qu\u00e9 cosa m\u00e1s bella es mi ahijada\u201d, escribi\u00f3 el m\u00fasico, desatando una avalancha de comentarios cargados de afecto y nostalgia.<\/p>\n\n\n\n<figure class=\"wp-block-image size-large\"><img loading=\"lazy\" decoding=\"async\" width=\"571\" height=\"1024\" src=\"https:\/\/cdn1.mediawpaccore.net\/wp-content\/uploads\/2026\/01\/19095829\/Captura-de-pantalla-2026-01-19-a-las-15.53.48-571x1024.png\" alt=\"\" class=\"wp-image-232604\" srcset=\"https:\/\/cdn1.mediawpaccore.net\/wp-content\/uploads\/2026\/01\/19095829\/Captura-de-pantalla-2026-01-19-a-las-15.53.48-571x1024.png 571w, https:\/\/cdn1.mediawpaccore.net\/wp-content\/uploads\/2026\/01\/19095829\/Captura-de-pantalla-2026-01-19-a-las-15.53.48-167x300.png 167w, https:\/\/cdn1.mediawpaccore.net\/wp-content\/uploads\/2026\/01\/19095829\/Captura-de-pantalla-2026-01-19-a-las-15.53.48-768x1378.png 768w, https:\/\/cdn1.mediawpaccore.net\/wp-content\/uploads\/2026\/01\/19095829\/Captura-de-pantalla-2026-01-19-a-las-15.53.48-234x420.png 234w, https:\/\/cdn1.mediawpaccore.net\/wp-content\/uploads\/2026\/01\/19095829\/Captura-de-pantalla-2026-01-19-a-las-15.53.48-150x269.png 150w, https:\/\/cdn1.mediawpaccore.net\/wp-content\/uploads\/2026\/01\/19095829\/Captura-de-pantalla-2026-01-19-a-las-15.53.48-300x538.png 300w, https:\/\/cdn1.mediawpaccore.net\/wp-content\/uploads\/2026\/01\/19095829\/Captura-de-pantalla-2026-01-19-a-las-15.53.48-696x1248.png 696w, https:\/\/cdn1.mediawpaccore.net\/wp-content\/uploads\/2026\/01\/19095829\/Captura-de-pantalla-2026-01-19-a-las-15.53.48.png 824w\" sizes=\"auto, (max-width: 571px) 100vw, 571px\" \/><\/figure>\n\n\n\n<p>Este reencuentro lleg\u00f3 en una fecha particularmente significativa para el cantante. Como cada d\u00eda 18, Yomil acudi\u00f3 al cementerio para rendir homenaje a su amigo y compa\u00f1ero art\u00edstico El Dany, pap\u00e1 de Daniela, y fallecido en 2020. La visita, acompa\u00f1ada de flores y mensajes de recuerdo, se ha convertido en un ritual \u00edntimo y constante que el artista comparte con sus seguidores como una forma de mantener viva la memoria de quien marc\u00f3 una etapa clave del g\u00e9nero urbano cubano.<\/p>\n\n\n\n<p>En esta ocasi\u00f3n, Yomil tambi\u00e9n llev\u00f3 un arreglo floral a la tumba de El Taiger, un gesto que muchos fans interpretaron como una muestra de respeto y hermandad dentro de la escena musical. Para sus seguidores, estos actos hablan de un artista que no olvida sus ra\u00edces ni a las personas que han sido importantes en su vida personal y profesional.<\/p>\n\n\n\n<blockquote class=\"instagram-media\" data-instgrm-captioned data-instgrm-permalink=\"https:\/\/www.instagram.com\/p\/DS7t6cYk3Np\/?utm_source=ig_embed&amp;utm_campaign=loading\" data-instgrm-version=\"14\" style=\" background:#FFF; border:0; border-radius:3px; box-shadow:0 0 1px 0 rgba(0,0,0,0.5),0 1px 10px 0 rgba(0,0,0,0.15); margin: 1px; max-width:540px; min-width:326px; padding:0; width:99.375%; width:-webkit-calc(100% - 2px); width:calc(100% - 2px);\"><div style=\"padding:16px;\"> <a href=\"https:\/\/www.instagram.com\/p\/DS7t6cYk3Np\/?utm_source=ig_embed&amp;utm_campaign=loading\" style=\" background:#FFFFFF; line-height:0; padding:0 0; text-align:center; text-decoration:none; width:100%;\" target=\"_blank\"> <div style=\" display: flex; flex-direction: row; align-items: center;\"> <div style=\"background-color: #F4F4F4; border-radius: 50%; flex-grow: 0; height: 40px; margin-right: 14px; width: 40px;\"><\/div> <div style=\"display: flex; flex-direction: column; flex-grow: 1; justify-content: center;\"> <div style=\" background-color: #F4F4F4; border-radius: 4px; flex-grow: 0; height: 14px; margin-bottom: 6px; width: 100px;\"><\/div> <div style=\" background-color: #F4F4F4; border-radius: 4px; flex-grow: 0; height: 14px; width: 60px;\"><\/div><\/div><\/div><div style=\"padding: 19% 0;\"><\/div> <div style=\"display:block; height:50px; margin:0 auto 12px; width:50px;\"><svg width=\"50px\" height=\"50px\" viewBox=\"0 0 60 60\" version=\"1.1\" xmlns=\"https:\/\/www.w3.org\/2000\/svg\" xmlns:xlink=\"https:\/\/www.w3.org\/1999\/xlink\"><g stroke=\"none\" stroke-width=\"1\" fill=\"none\" fill-rule=\"evenodd\"><g transform=\"translate(-511.000000, -20.000000)\" fill=\"#000000\"><g><path d=\"M556.869,30.41 C554.814,30.41 553.148,32.076 553.148,34.131 C553.148,36.186 554.814,37.852 556.869,37.852 C558.924,37.852 560.59,36.186 560.59,34.131 C560.59,32.076 558.924,30.41 556.869,30.41 M541,60.657 C535.114,60.657 530.342,55.887 530.342,50 C530.342,44.114 535.114,39.342 541,39.342 C546.887,39.342 551.658,44.114 551.658,50 C551.658,55.887 546.887,60.657 541,60.657 M541,33.886 C532.1,33.886 524.886,41.1 524.886,50 C524.886,58.899 532.1,66.113 541,66.113 C549.9,66.113 557.115,58.899 557.115,50 C557.115,41.1 549.9,33.886 541,33.886 M565.378,62.101 C565.244,65.022 564.756,66.606 564.346,67.663 C563.803,69.06 563.154,70.057 562.106,71.106 C561.058,72.155 560.06,72.803 558.662,73.347 C557.607,73.757 556.021,74.244 553.102,74.378 C549.944,74.521 548.997,74.552 541,74.552 C533.003,74.552 532.056,74.521 528.898,74.378 C525.979,74.244 524.393,73.757 523.338,73.347 C521.94,72.803 520.942,72.155 519.894,71.106 C518.846,70.057 518.197,69.06 517.654,67.663 C517.244,66.606 516.755,65.022 516.623,62.101 C516.479,58.943 516.448,57.996 516.448,50 C516.448,42.003 516.479,41.056 516.623,37.899 C516.755,34.978 517.244,33.391 517.654,32.338 C518.197,30.938 518.846,29.942 519.894,28.894 C520.942,27.846 521.94,27.196 523.338,26.654 C524.393,26.244 525.979,25.756 528.898,25.623 C532.057,25.479 533.004,25.448 541,25.448 C548.997,25.448 549.943,25.479 553.102,25.623 C556.021,25.756 557.607,26.244 558.662,26.654 C560.06,27.196 561.058,27.846 562.106,28.894 C563.154,29.942 563.803,30.938 564.346,32.338 C564.756,33.391 565.244,34.978 565.378,37.899 C565.522,41.056 565.552,42.003 565.552,50 C565.552,57.996 565.522,58.943 565.378,62.101 M570.82,37.631 C570.674,34.438 570.167,32.258 569.425,30.349 C568.659,28.377 567.633,26.702 565.965,25.035 C564.297,23.368 562.623,22.342 560.652,21.575 C558.743,20.834 556.562,20.326 553.369,20.18 C550.169,20.033 549.148,20 541,20 C532.853,20 531.831,20.033 528.631,20.18 C525.438,20.326 523.257,20.834 521.349,21.575 C519.376,22.342 517.703,23.368 516.035,25.035 C514.368,26.702 513.342,28.377 512.574,30.349 C511.834,32.258 511.326,34.438 511.181,37.631 C511.035,40.831 511,41.851 511,50 C511,58.147 511.035,59.17 511.181,62.369 C511.326,65.562 511.834,67.743 512.574,69.651 C513.342,71.625 514.368,73.296 516.035,74.965 C517.703,76.634 519.376,77.658 521.349,78.425 C523.257,79.167 525.438,79.673 528.631,79.82 C531.831,79.965 532.853,80.001 541,80.001 C549.148,80.001 550.169,79.965 553.369,79.82 C556.562,79.673 558.743,79.167 560.652,78.425 C562.623,77.658 564.297,76.634 565.965,74.965 C567.633,73.296 568.659,71.625 569.425,69.651 C570.167,67.743 570.674,65.562 570.82,62.369 C570.966,59.17 571,58.147 571,50 C571,41.851 570.966,40.831 570.82,37.631\"><\/path><\/g><\/g><\/g><\/svg><\/div><div style=\"padding-top: 8px;\"> <div style=\" color:#3897f0; font-family:Arial,sans-serif; font-size:14px; font-style:normal; font-weight:550; line-height:18px;\">Ver esta publicaci\u00f3n en Instagram<\/div><\/div><div style=\"padding: 12.5% 0;\"><\/div> <div style=\"display: flex; flex-direction: row; margin-bottom: 14px; align-items: center;\"><div> <div style=\"background-color: #F4F4F4; border-radius: 50%; height: 12.5px; width: 12.5px; transform: translateX(0px) translateY(7px);\"><\/div> <div style=\"background-color: #F4F4F4; height: 12.5px; transform: rotate(-45deg) translateX(3px) translateY(1px); width: 12.5px; flex-grow: 0; margin-right: 14px; margin-left: 2px;\"><\/div> <div style=\"background-color: #F4F4F4; border-radius: 50%; height: 12.5px; width: 12.5px; transform: translateX(9px) translateY(-18px);\"><\/div><\/div><div style=\"margin-left: 8px;\"> <div style=\" background-color: #F4F4F4; border-radius: 50%; flex-grow: 0; height: 20px; width: 20px;\"><\/div> <div style=\" width: 0; height: 0; border-top: 2px solid transparent; border-left: 6px solid #f4f4f4; border-bottom: 2px solid transparent; transform: translateX(16px) translateY(-4px) rotate(30deg)\"><\/div><\/div><div style=\"margin-left: auto;\"> <div style=\" width: 0px; border-top: 8px solid #F4F4F4; border-right: 8px solid transparent; transform: translateY(16px);\"><\/div> <div style=\" background-color: #F4F4F4; flex-grow: 0; height: 12px; width: 16px; transform: translateY(-4px);\"><\/div> <div style=\" width: 0; height: 0; border-top: 8px solid #F4F4F4; border-left: 8px solid transparent; transform: translateY(-4px) translateX(8px);\"><\/div><\/div><\/div> <div style=\"display: flex; flex-direction: column; flex-grow: 1; justify-content: center; margin-bottom: 24px;\"> <div style=\" background-color: #F4F4F4; border-radius: 4px; flex-grow: 0; height: 14px; margin-bottom: 6px; width: 224px;\"><\/div> <div style=\" background-color: #F4F4F4; border-radius: 4px; flex-grow: 0; height: 14px; width: 144px;\"><\/div><\/div><\/a><p style=\" color:#c9c8cd; font-family:Arial,sans-serif; font-size:14px; line-height:17px; margin-bottom:0; margin-top:8px; overflow:hidden; padding:8px 0 7px; text-align:center; text-overflow:ellipsis; white-space:nowrap;\"><a href=\"https:\/\/www.instagram.com\/p\/DS7t6cYk3Np\/?utm_source=ig_embed&amp;utm_campaign=loading\" style=\" color:#c9c8cd; font-family:Arial,sans-serif; font-size:14px; font-style:normal; font-weight:normal; line-height:17px; text-decoration:none;\" target=\"_blank\">Una publicaci\u00f3n compartida de \ud835\udc3c\ud835\udc5f\ud835\udc4e\ud835\udc56\ud835\udc60\ud835\udc52\ud835\udc59  \ud83e\udd0d\ud83e\udd8b (@iraisel_55)<\/a><\/p><\/div><\/blockquote>\n<script async src=\"\/\/www.instagram.com\/embed.js\"><\/script>\n\n\n\n<p>Por su parte, Iraisel Pintueles hizo p\u00fablico el regreso a Cuba con un video que r\u00e1pidamente se viraliz\u00f3 en Instagram. En \u00e9l, invita a su hija a \u201ctomar un caf\u00e9\u201d, a lo que la ni\u00f1a responde con curiosidad preguntando d\u00f3nde ser\u00e1. Tras un montaje que las muestra viajando en un lujoso avi\u00f3n, la respuesta final llega con una sola palabra cargada de significado: \u201cEn casa\u201d. La joven madre revel\u00f3 que el trayecto super\u00f3 las 38 horas de vuelo, un detalle que subraya el esfuerzo y la emoci\u00f3n del retorno.<\/p>\n\n\n\n<blockquote class=\"instagram-media\" data-instgrm-captioned data-instgrm-permalink=\"https:\/\/www.instagram.com\/reel\/DTpzA-iDoGg\/?utm_source=ig_embed&amp;utm_campaign=loading\" data-instgrm-version=\"14\" style=\" background:#FFF; border:0; border-radius:3px; box-shadow:0 0 1px 0 rgba(0,0,0,0.5),0 1px 10px 0 rgba(0,0,0,0.15); margin: 1px; max-width:540px; min-width:326px; padding:0; width:99.375%; width:-webkit-calc(100% - 2px); width:calc(100% - 2px);\"><div style=\"padding:16px;\"> <a href=\"https:\/\/www.instagram.com\/reel\/DTpzA-iDoGg\/?utm_source=ig_embed&amp;utm_campaign=loading\" style=\" background:#FFFFFF; line-height:0; padding:0 0; text-align:center; text-decoration:none; width:100%;\" target=\"_blank\"> <div style=\" display: flex; flex-direction: row; align-items: center;\"> <div style=\"background-color: #F4F4F4; border-radius: 50%; flex-grow: 0; height: 40px; margin-right: 14px; width: 40px;\"><\/div> <div style=\"display: flex; flex-direction: column; flex-grow: 1; justify-content: center;\"> <div style=\" background-color: #F4F4F4; border-radius: 4px; flex-grow: 0; height: 14px; margin-bottom: 6px; width: 100px;\"><\/div> <div style=\" background-color: #F4F4F4; border-radius: 4px; flex-grow: 0; height: 14px; width: 60px;\"><\/div><\/div><\/div><div style=\"padding: 19% 0;\"><\/div> <div style=\"display:block; height:50px; margin:0 auto 12px; width:50px;\"><svg width=\"50px\" height=\"50px\" viewBox=\"0 0 60 60\" version=\"1.1\" xmlns=\"https:\/\/www.w3.org\/2000\/svg\" xmlns:xlink=\"https:\/\/www.w3.org\/1999\/xlink\"><g stroke=\"none\" stroke-width=\"1\" fill=\"none\" fill-rule=\"evenodd\"><g transform=\"translate(-511.000000, -20.000000)\" fill=\"#000000\"><g><path d=\"M556.869,30.41 C554.814,30.41 553.148,32.076 553.148,34.131 C553.148,36.186 554.814,37.852 556.869,37.852 C558.924,37.852 560.59,36.186 560.59,34.131 C560.59,32.076 558.924,30.41 556.869,30.41 M541,60.657 C535.114,60.657 530.342,55.887 530.342,50 C530.342,44.114 535.114,39.342 541,39.342 C546.887,39.342 551.658,44.114 551.658,50 C551.658,55.887 546.887,60.657 541,60.657 M541,33.886 C532.1,33.886 524.886,41.1 524.886,50 C524.886,58.899 532.1,66.113 541,66.113 C549.9,66.113 557.115,58.899 557.115,50 C557.115,41.1 549.9,33.886 541,33.886 M565.378,62.101 C565.244,65.022 564.756,66.606 564.346,67.663 C563.803,69.06 563.154,70.057 562.106,71.106 C561.058,72.155 560.06,72.803 558.662,73.347 C557.607,73.757 556.021,74.244 553.102,74.378 C549.944,74.521 548.997,74.552 541,74.552 C533.003,74.552 532.056,74.521 528.898,74.378 C525.979,74.244 524.393,73.757 523.338,73.347 C521.94,72.803 520.942,72.155 519.894,71.106 C518.846,70.057 518.197,69.06 517.654,67.663 C517.244,66.606 516.755,65.022 516.623,62.101 C516.479,58.943 516.448,57.996 516.448,50 C516.448,42.003 516.479,41.056 516.623,37.899 C516.755,34.978 517.244,33.391 517.654,32.338 C518.197,30.938 518.846,29.942 519.894,28.894 C520.942,27.846 521.94,27.196 523.338,26.654 C524.393,26.244 525.979,25.756 528.898,25.623 C532.057,25.479 533.004,25.448 541,25.448 C548.997,25.448 549.943,25.479 553.102,25.623 C556.021,25.756 557.607,26.244 558.662,26.654 C560.06,27.196 561.058,27.846 562.106,28.894 C563.154,29.942 563.803,30.938 564.346,32.338 C564.756,33.391 565.244,34.978 565.378,37.899 C565.522,41.056 565.552,42.003 565.552,50 C565.552,57.996 565.522,58.943 565.378,62.101 M570.82,37.631 C570.674,34.438 570.167,32.258 569.425,30.349 C568.659,28.377 567.633,26.702 565.965,25.035 C564.297,23.368 562.623,22.342 560.652,21.575 C558.743,20.834 556.562,20.326 553.369,20.18 C550.169,20.033 549.148,20 541,20 C532.853,20 531.831,20.033 528.631,20.18 C525.438,20.326 523.257,20.834 521.349,21.575 C519.376,22.342 517.703,23.368 516.035,25.035 C514.368,26.702 513.342,28.377 512.574,30.349 C511.834,32.258 511.326,34.438 511.181,37.631 C511.035,40.831 511,41.851 511,50 C511,58.147 511.035,59.17 511.181,62.369 C511.326,65.562 511.834,67.743 512.574,69.651 C513.342,71.625 514.368,73.296 516.035,74.965 C517.703,76.634 519.376,77.658 521.349,78.425 C523.257,79.167 525.438,79.673 528.631,79.82 C531.831,79.965 532.853,80.001 541,80.001 C549.148,80.001 550.169,79.965 553.369,79.82 C556.562,79.673 558.743,79.167 560.652,78.425 C562.623,77.658 564.297,76.634 565.965,74.965 C567.633,73.296 568.659,71.625 569.425,69.651 C570.167,67.743 570.674,65.562 570.82,62.369 C570.966,59.17 571,58.147 571,50 C571,41.851 570.966,40.831 570.82,37.631\"><\/path><\/g><\/g><\/g><\/svg><\/div><div style=\"padding-top: 8px;\"> <div style=\" color:#3897f0; font-family:Arial,sans-serif; font-size:14px; font-style:normal; font-weight:550; line-height:18px;\">Ver esta publicaci\u00f3n en Instagram<\/div><\/div><div style=\"padding: 12.5% 0;\"><\/div> <div style=\"display: flex; flex-direction: row; margin-bottom: 14px; align-items: center;\"><div> <div style=\"background-color: #F4F4F4; border-radius: 50%; height: 12.5px; width: 12.5px; transform: translateX(0px) translateY(7px);\"><\/div> <div style=\"background-color: #F4F4F4; height: 12.5px; transform: rotate(-45deg) translateX(3px) translateY(1px); width: 12.5px; flex-grow: 0; margin-right: 14px; margin-left: 2px;\"><\/div> <div style=\"background-color: #F4F4F4; border-radius: 50%; height: 12.5px; width: 12.5px; transform: translateX(9px) translateY(-18px);\"><\/div><\/div><div style=\"margin-left: 8px;\"> <div style=\" background-color: #F4F4F4; border-radius: 50%; flex-grow: 0; height: 20px; width: 20px;\"><\/div> <div style=\" width: 0; height: 0; border-top: 2px solid transparent; border-left: 6px solid #f4f4f4; border-bottom: 2px solid transparent; transform: translateX(16px) translateY(-4px) rotate(30deg)\"><\/div><\/div><div style=\"margin-left: auto;\"> <div style=\" width: 0px; border-top: 8px solid #F4F4F4; border-right: 8px solid transparent; transform: translateY(16px);\"><\/div> <div style=\" background-color: #F4F4F4; flex-grow: 0; height: 12px; width: 16px; transform: translateY(-4px);\"><\/div> <div style=\" width: 0; height: 0; border-top: 8px solid #F4F4F4; border-left: 8px solid transparent; transform: translateY(-4px) translateX(8px);\"><\/div><\/div><\/div> <div style=\"display: flex; flex-direction: column; flex-grow: 1; justify-content: center; margin-bottom: 24px;\"> <div style=\" background-color: #F4F4F4; border-radius: 4px; flex-grow: 0; height: 14px; margin-bottom: 6px; width: 224px;\"><\/div> <div style=\" background-color: #F4F4F4; border-radius: 4px; flex-grow: 0; height: 14px; width: 144px;\"><\/div><\/div><\/a><p style=\" color:#c9c8cd; font-family:Arial,sans-serif; font-size:14px; line-height:17px; margin-bottom:0; margin-top:8px; overflow:hidden; padding:8px 0 7px; text-align:center; text-overflow:ellipsis; white-space:nowrap;\"><a href=\"https:\/\/www.instagram.com\/reel\/DTpzA-iDoGg\/?utm_source=ig_embed&amp;utm_campaign=loading\" style=\" color:#c9c8cd; font-family:Arial,sans-serif; font-size:14px; font-style:normal; font-weight:normal; line-height:17px; text-decoration:none;\" target=\"_blank\">Una publicaci\u00f3n compartida de \ud835\udc3c\ud835\udc5f\ud835\udc4e\ud835\udc56\ud835\udc60\ud835\udc52\ud835\udc59  \ud83e\udd0d\ud83e\udd8b (@iraisel_55)<\/a><\/p><\/div><\/blockquote>\n<script async src=\"\/\/www.instagram.com\/embed.js\"><\/script>\n\n\n\n<p>Actualmente, Iraisel divide su tiempo entre Cuba y Corea del Sur, donde reside junto a su esposo, el voleibolista Leo Leyva. Sin embargo, este regreso temporal a la Isla ha servido para reforzar v\u00ednculos afectivos y familiares que siguen siendo fundamentales.<\/p>\n\n\n\n<p>El reencuentro entre Yomil y Daniela no solo conmovi\u00f3 a los fans, sino que tambi\u00e9n record\u00f3 la dimensi\u00f3n humana que existe detr\u00e1s de la m\u00fasica y la fama: amistades que perduran, afectos que se cuidan y promesas silenciosas de acompa\u00f1ar, incluso en la ausencia.<\/p>\n","protected":false},"excerpt":{"rendered":"<p>Y como cada d\u00eda 18, Yomil acudi\u00f3 al cementerio para rendir homenaje a su amigo y compa\u00f1ero art\u00edstico El Dany, pap\u00e1 de Daniela<\/p>\n","protected":false},"author":27,"featured_media":232599,"comment_status":"open","ping_status":"closed","sticky":false,"template":"","format":"standard","meta":{"_acf_changed":false,"footnotes":""},"categories":[443],"tags":[14695,10529,19663,11438],"class_list":{"0":"post-232588","1":"post","2":"type-post","3":"status-publish","4":"format-standard","5":"has-post-thumbnail","7":"category-farandula","8":"tag-daniela-munoz","9":"tag-el-dany","10":"tag-iraisel-pintueles","11":"tag-yomil"},"acf":[],"yoast_head":"<!-- This site is optimized with the Yoast SEO plugin v27.4 - https:\/\/yoast.com\/product\/yoast-seo-wordpress\/ -->\n<title>\u201cMi foto m\u00e1s bonita del mes\u201d: Yomil se reencuentra en Cuba con su ahijada Daniela tras meses de separaci\u00f3n - Cuballama Noticias<\/title>\n<meta name=\"description\" content=\"Yomil comparti\u00f3 una imagen que muchos calificaron como una de las m\u00e1s tiernas del mes: una fotograf\u00eda junto a Daniela\" \/>\n<meta name=\"robots\" content=\"index, follow, max-snippet:-1, max-image-preview:large, max-video-preview:-1\" \/>\n<link rel=\"canonical\" href=\"https:\/\/www.cuballama.com\/noticias\/mi-foto-mas-bonita-del-mes-yomil-se-reencuentra-en-cuba-con-su-ahijada-daniela-tras-meses-de-separacion\/\" \/>\n<meta property=\"og:locale\" content=\"es_ES\" \/>\n<meta property=\"og:type\" content=\"article\" \/>\n<meta property=\"og:title\" content=\"\u201cMi foto m\u00e1s bonita del mes\u201d: Yomil se reencuentra en Cuba con su ahijada Daniela tras meses de separaci\u00f3n - Cuballama Noticias\" \/>\n<meta property=\"og:description\" content=\"Yomil comparti\u00f3 una imagen que muchos calificaron como una de las m\u00e1s tiernas del mes: una fotograf\u00eda junto a Daniela\" \/>\n<meta property=\"og:url\" content=\"https:\/\/www.cuballama.com\/noticias\/mi-foto-mas-bonita-del-mes-yomil-se-reencuentra-en-cuba-con-su-ahijada-daniela-tras-meses-de-separacion\/\" \/>\n<meta property=\"og:site_name\" content=\"Cuballama Noticias\" \/>\n<meta property=\"article:publisher\" content=\"https:\/\/www.facebook.com\/CubaLlama\" \/>\n<meta property=\"article:published_time\" content=\"2026-01-19T15:00:08+00:00\" \/>\n<meta property=\"article:modified_time\" content=\"2026-01-19T15:00:10+00:00\" \/>\n<meta property=\"og:image\" content=\"https:\/\/cdn1.mediawpaccore.net\/wp-content\/uploads\/2026\/01\/19090859\/WhatsApp-Image-2026-01-19-at-15.08.39.jpeg\" \/>\n\t<meta property=\"og:image:width\" content=\"1878\" \/>\n\t<meta property=\"og:image:height\" content=\"1333\" \/>\n\t<meta property=\"og:image:type\" content=\"image\/jpeg\" \/>\n<meta name=\"author\" content=\"Rafa\" \/>\n<meta name=\"twitter:card\" content=\"summary_large_image\" \/>\n<meta name=\"twitter:creator\" content=\"@cuballama\" \/>\n<meta name=\"twitter:site\" content=\"@cuballama\" \/>\n<meta name=\"twitter:label1\" content=\"Escrito por\" \/>\n\t<meta name=\"twitter:data1\" content=\"Rafa\" \/>\n\t<meta name=\"twitter:label2\" content=\"Tiempo de lectura\" \/>\n\t<meta name=\"twitter:data2\" content=\"3 minutos\" \/>\n<script type=\"application\/ld+json\" class=\"yoast-schema-graph\">{\"@context\":\"https:\\\/\\\/schema.org\",\"@graph\":[{\"@type\":\"Article\",\"@id\":\"https:\\\/\\\/www.cuballama.com\\\/noticias\\\/mi-foto-mas-bonita-del-mes-yomil-se-reencuentra-en-cuba-con-su-ahijada-daniela-tras-meses-de-separacion\\\/#article\",\"isPartOf\":{\"@id\":\"https:\\\/\\\/www.cuballama.com\\\/noticias\\\/mi-foto-mas-bonita-del-mes-yomil-se-reencuentra-en-cuba-con-su-ahijada-daniela-tras-meses-de-separacion\\\/\"},\"author\":{\"name\":\"Rafa\",\"@id\":\"https:\\\/\\\/www.cuballama.com\\\/noticias\\\/#\\\/schema\\\/person\\\/0f97914526a658755f00e59ec2a832f2\"},\"headline\":\"\u201cMi foto m\u00e1s bonita del mes\u201d: Yomil se reencuentra en Cuba con su ahijada Daniela tras meses de separaci\u00f3n\",\"datePublished\":\"2026-01-19T15:00:08+00:00\",\"dateModified\":\"2026-01-19T15:00:10+00:00\",\"mainEntityOfPage\":{\"@id\":\"https:\\\/\\\/www.cuballama.com\\\/noticias\\\/mi-foto-mas-bonita-del-mes-yomil-se-reencuentra-en-cuba-con-su-ahijada-daniela-tras-meses-de-separacion\\\/\"},\"wordCount\":548,\"commentCount\":0,\"publisher\":{\"@id\":\"https:\\\/\\\/www.cuballama.com\\\/noticias\\\/#organization\"},\"image\":{\"@id\":\"https:\\\/\\\/www.cuballama.com\\\/noticias\\\/mi-foto-mas-bonita-del-mes-yomil-se-reencuentra-en-cuba-con-su-ahijada-daniela-tras-meses-de-separacion\\\/#primaryimage\"},\"thumbnailUrl\":\"https:\\\/\\\/cdn1.mediawpaccore.net\\\/wp-content\\\/uploads\\\/2026\\\/01\\\/19090859\\\/WhatsApp-Image-2026-01-19-at-15.08.39.jpeg\",\"keywords\":[\"Daniela Mu\u00f1oz\",\"El Dany\",\"Iraisel Pintueles\",\"Yomil\"],\"articleSection\":[\"Far\u00e1ndula\"],\"inLanguage\":\"es\",\"potentialAction\":[{\"@type\":\"CommentAction\",\"name\":\"Comment\",\"target\":[\"https:\\\/\\\/www.cuballama.com\\\/noticias\\\/mi-foto-mas-bonita-del-mes-yomil-se-reencuentra-en-cuba-con-su-ahijada-daniela-tras-meses-de-separacion\\\/#respond\"]}]},{\"@type\":\"WebPage\",\"@id\":\"https:\\\/\\\/www.cuballama.com\\\/noticias\\\/mi-foto-mas-bonita-del-mes-yomil-se-reencuentra-en-cuba-con-su-ahijada-daniela-tras-meses-de-separacion\\\/\",\"url\":\"https:\\\/\\\/www.cuballama.com\\\/noticias\\\/mi-foto-mas-bonita-del-mes-yomil-se-reencuentra-en-cuba-con-su-ahijada-daniela-tras-meses-de-separacion\\\/\",\"name\":\"\u201cMi foto m\u00e1s bonita del mes\u201d: Yomil se reencuentra en Cuba con su ahijada Daniela tras meses de separaci\u00f3n - Cuballama Noticias\",\"isPartOf\":{\"@id\":\"https:\\\/\\\/www.cuballama.com\\\/noticias\\\/#website\"},\"primaryImageOfPage\":{\"@id\":\"https:\\\/\\\/www.cuballama.com\\\/noticias\\\/mi-foto-mas-bonita-del-mes-yomil-se-reencuentra-en-cuba-con-su-ahijada-daniela-tras-meses-de-separacion\\\/#primaryimage\"},\"image\":{\"@id\":\"https:\\\/\\\/www.cuballama.com\\\/noticias\\\/mi-foto-mas-bonita-del-mes-yomil-se-reencuentra-en-cuba-con-su-ahijada-daniela-tras-meses-de-separacion\\\/#primaryimage\"},\"thumbnailUrl\":\"https:\\\/\\\/cdn1.mediawpaccore.net\\\/wp-content\\\/uploads\\\/2026\\\/01\\\/19090859\\\/WhatsApp-Image-2026-01-19-at-15.08.39.jpeg\",\"datePublished\":\"2026-01-19T15:00:08+00:00\",\"dateModified\":\"2026-01-19T15:00:10+00:00\",\"description\":\"Yomil comparti\u00f3 una imagen que muchos calificaron como una de las m\u00e1s tiernas del mes: una fotograf\u00eda junto a Daniela\",\"breadcrumb\":{\"@id\":\"https:\\\/\\\/www.cuballama.com\\\/noticias\\\/mi-foto-mas-bonita-del-mes-yomil-se-reencuentra-en-cuba-con-su-ahijada-daniela-tras-meses-de-separacion\\\/#breadcrumb\"},\"inLanguage\":\"es\",\"potentialAction\":[{\"@type\":\"ReadAction\",\"target\":[\"https:\\\/\\\/www.cuballama.com\\\/noticias\\\/mi-foto-mas-bonita-del-mes-yomil-se-reencuentra-en-cuba-con-su-ahijada-daniela-tras-meses-de-separacion\\\/\"]}]},{\"@type\":\"ImageObject\",\"inLanguage\":\"es\",\"@id\":\"https:\\\/\\\/www.cuballama.com\\\/noticias\\\/mi-foto-mas-bonita-del-mes-yomil-se-reencuentra-en-cuba-con-su-ahijada-daniela-tras-meses-de-separacion\\\/#primaryimage\",\"url\":\"https:\\\/\\\/cdn1.mediawpaccore.net\\\/wp-content\\\/uploads\\\/2026\\\/01\\\/19090859\\\/WhatsApp-Image-2026-01-19-at-15.08.39.jpeg\",\"contentUrl\":\"https:\\\/\\\/cdn1.mediawpaccore.net\\\/wp-content\\\/uploads\\\/2026\\\/01\\\/19090859\\\/WhatsApp-Image-2026-01-19-at-15.08.39.jpeg\",\"width\":1878,\"height\":1333,\"caption\":\"Foto: Instagram de Yomil\\\/ Instagram de Iraisel Pintueles\"},{\"@type\":\"BreadcrumbList\",\"@id\":\"https:\\\/\\\/www.cuballama.com\\\/noticias\\\/mi-foto-mas-bonita-del-mes-yomil-se-reencuentra-en-cuba-con-su-ahijada-daniela-tras-meses-de-separacion\\\/#breadcrumb\",\"itemListElement\":[{\"@type\":\"ListItem\",\"position\":1,\"name\":\"Home\",\"item\":\"https:\\\/\\\/www.cuballama.com\\\/noticias\\\/\"},{\"@type\":\"ListItem\",\"position\":2,\"name\":\"\u201cMi foto m\u00e1s bonita del mes\u201d: Yomil se reencuentra en Cuba con su ahijada Daniela tras meses de separaci\u00f3n\"}]},{\"@type\":\"WebSite\",\"@id\":\"https:\\\/\\\/www.cuballama.com\\\/noticias\\\/#website\",\"url\":\"https:\\\/\\\/www.cuballama.com\\\/noticias\\\/\",\"name\":\"Cuballama Noticias\",\"description\":\"Medio digital sobre Cuba y el mundo\",\"publisher\":{\"@id\":\"https:\\\/\\\/www.cuballama.com\\\/noticias\\\/#organization\"},\"potentialAction\":[{\"@type\":\"SearchAction\",\"target\":{\"@type\":\"EntryPoint\",\"urlTemplate\":\"https:\\\/\\\/www.cuballama.com\\\/noticias\\\/?s={search_term_string}\"},\"query-input\":{\"@type\":\"PropertyValueSpecification\",\"valueRequired\":true,\"valueName\":\"search_term_string\"}}],\"inLanguage\":\"es\"},{\"@type\":\"Organization\",\"@id\":\"https:\\\/\\\/www.cuballama.com\\\/noticias\\\/#organization\",\"name\":\"Cuballama\",\"url\":\"https:\\\/\\\/www.cuballama.com\\\/noticias\\\/\",\"logo\":{\"@type\":\"ImageObject\",\"inLanguage\":\"es\",\"@id\":\"https:\\\/\\\/www.cuballama.com\\\/noticias\\\/#\\\/schema\\\/logo\\\/image\\\/\",\"url\":\"https:\\\/\\\/cdn1.mediawpaccore.net\\\/wp-content\\\/uploads\\\/2021\\\/12\\\/28171206\\\/cbll-logo-color-sm.png\",\"contentUrl\":\"https:\\\/\\\/cdn1.mediawpaccore.net\\\/wp-content\\\/uploads\\\/2021\\\/12\\\/28171206\\\/cbll-logo-color-sm.png\",\"width\":600,\"height\":133,\"caption\":\"Cuballama\"},\"image\":{\"@id\":\"https:\\\/\\\/www.cuballama.com\\\/noticias\\\/#\\\/schema\\\/logo\\\/image\\\/\"},\"sameAs\":[\"https:\\\/\\\/www.facebook.com\\\/CubaLlama\",\"https:\\\/\\\/x.com\\\/cuballama\",\"https:\\\/\\\/www.instagram.com\\\/stories\\\/cuballama_oficial\\\/\",\"https:\\\/\\\/www.youtube.com\\\/channel\\\/UCKkFE-d_axENGZcrc4as0IA\"]},{\"@type\":\"Person\",\"@id\":\"https:\\\/\\\/www.cuballama.com\\\/noticias\\\/#\\\/schema\\\/person\\\/0f97914526a658755f00e59ec2a832f2\",\"name\":\"Rafa\",\"url\":\"https:\\\/\\\/www.cuballama.com\\\/noticias\\\/author\\\/rafa\\\/\"}]}<\/script>\n<!-- \/ Yoast SEO plugin. -->","yoast_head_json":{"title":"\u201cMi foto m\u00e1s bonita del mes\u201d: Yomil se reencuentra en Cuba con su ahijada Daniela tras meses de separaci\u00f3n - Cuballama Noticias","description":"Yomil comparti\u00f3 una imagen que muchos calificaron como una de las m\u00e1s tiernas del mes: una fotograf\u00eda junto a Daniela","robots":{"index":"index","follow":"follow","max-snippet":"max-snippet:-1","max-image-preview":"max-image-preview:large","max-video-preview":"max-video-preview:-1"},"canonical":"https:\/\/www.cuballama.com\/noticias\/mi-foto-mas-bonita-del-mes-yomil-se-reencuentra-en-cuba-con-su-ahijada-daniela-tras-meses-de-separacion\/","og_locale":"es_ES","og_type":"article","og_title":"\u201cMi foto m\u00e1s bonita del mes\u201d: Yomil se reencuentra en Cuba con su ahijada Daniela tras meses de separaci\u00f3n - Cuballama Noticias","og_description":"Yomil comparti\u00f3 una imagen que muchos calificaron como una de las m\u00e1s tiernas del mes: una fotograf\u00eda junto a Daniela","og_url":"https:\/\/www.cuballama.com\/noticias\/mi-foto-mas-bonita-del-mes-yomil-se-reencuentra-en-cuba-con-su-ahijada-daniela-tras-meses-de-separacion\/","og_site_name":"Cuballama Noticias","article_publisher":"https:\/\/www.facebook.com\/CubaLlama","article_published_time":"2026-01-19T15:00:08+00:00","article_modified_time":"2026-01-19T15:00:10+00:00","og_image":[{"width":1878,"height":1333,"url":"https:\/\/cdn1.mediawpaccore.net\/wp-content\/uploads\/2026\/01\/19090859\/WhatsApp-Image-2026-01-19-at-15.08.39.jpeg","type":"image\/jpeg"}],"author":"Rafa","twitter_card":"summary_large_image","twitter_creator":"@cuballama","twitter_site":"@cuballama","twitter_misc":{"Escrito por":"Rafa","Tiempo de lectura":"3 minutos"},"schema":{"@context":"https:\/\/schema.org","@graph":[{"@type":"Article","@id":"https:\/\/www.cuballama.com\/noticias\/mi-foto-mas-bonita-del-mes-yomil-se-reencuentra-en-cuba-con-su-ahijada-daniela-tras-meses-de-separacion\/#article","isPartOf":{"@id":"https:\/\/www.cuballama.com\/noticias\/mi-foto-mas-bonita-del-mes-yomil-se-reencuentra-en-cuba-con-su-ahijada-daniela-tras-meses-de-separacion\/"},"author":{"name":"Rafa","@id":"https:\/\/www.cuballama.com\/noticias\/#\/schema\/person\/0f97914526a658755f00e59ec2a832f2"},"headline":"\u201cMi foto m\u00e1s bonita del mes\u201d: Yomil se reencuentra en Cuba con su ahijada Daniela tras meses de separaci\u00f3n","datePublished":"2026-01-19T15:00:08+00:00","dateModified":"2026-01-19T15:00:10+00:00","mainEntityOfPage":{"@id":"https:\/\/www.cuballama.com\/noticias\/mi-foto-mas-bonita-del-mes-yomil-se-reencuentra-en-cuba-con-su-ahijada-daniela-tras-meses-de-separacion\/"},"wordCount":548,"commentCount":0,"publisher":{"@id":"https:\/\/www.cuballama.com\/noticias\/#organization"},"image":{"@id":"https:\/\/www.cuballama.com\/noticias\/mi-foto-mas-bonita-del-mes-yomil-se-reencuentra-en-cuba-con-su-ahijada-daniela-tras-meses-de-separacion\/#primaryimage"},"thumbnailUrl":"https:\/\/cdn1.mediawpaccore.net\/wp-content\/uploads\/2026\/01\/19090859\/WhatsApp-Image-2026-01-19-at-15.08.39.jpeg","keywords":["Daniela Mu\u00f1oz","El Dany","Iraisel Pintueles","Yomil"],"articleSection":["Far\u00e1ndula"],"inLanguage":"es","potentialAction":[{"@type":"CommentAction","name":"Comment","target":["https:\/\/www.cuballama.com\/noticias\/mi-foto-mas-bonita-del-mes-yomil-se-reencuentra-en-cuba-con-su-ahijada-daniela-tras-meses-de-separacion\/#respond"]}]},{"@type":"WebPage","@id":"https:\/\/www.cuballama.com\/noticias\/mi-foto-mas-bonita-del-mes-yomil-se-reencuentra-en-cuba-con-su-ahijada-daniela-tras-meses-de-separacion\/","url":"https:\/\/www.cuballama.com\/noticias\/mi-foto-mas-bonita-del-mes-yomil-se-reencuentra-en-cuba-con-su-ahijada-daniela-tras-meses-de-separacion\/","name":"\u201cMi foto m\u00e1s bonita del mes\u201d: Yomil se reencuentra en Cuba con su ahijada Daniela tras meses de separaci\u00f3n - Cuballama Noticias","isPartOf":{"@id":"https:\/\/www.cuballama.com\/noticias\/#website"},"primaryImageOfPage":{"@id":"https:\/\/www.cuballama.com\/noticias\/mi-foto-mas-bonita-del-mes-yomil-se-reencuentra-en-cuba-con-su-ahijada-daniela-tras-meses-de-separacion\/#primaryimage"},"image":{"@id":"https:\/\/www.cuballama.com\/noticias\/mi-foto-mas-bonita-del-mes-yomil-se-reencuentra-en-cuba-con-su-ahijada-daniela-tras-meses-de-separacion\/#primaryimage"},"thumbnailUrl":"https:\/\/cdn1.mediawpaccore.net\/wp-content\/uploads\/2026\/01\/19090859\/WhatsApp-Image-2026-01-19-at-15.08.39.jpeg","datePublished":"2026-01-19T15:00:08+00:00","dateModified":"2026-01-19T15:00:10+00:00","description":"Yomil comparti\u00f3 una imagen que muchos calificaron como una de las m\u00e1s tiernas del mes: una fotograf\u00eda junto a Daniela","breadcrumb":{"@id":"https:\/\/www.cuballama.com\/noticias\/mi-foto-mas-bonita-del-mes-yomil-se-reencuentra-en-cuba-con-su-ahijada-daniela-tras-meses-de-separacion\/#breadcrumb"},"inLanguage":"es","potentialAction":[{"@type":"ReadAction","target":["https:\/\/www.cuballama.com\/noticias\/mi-foto-mas-bonita-del-mes-yomil-se-reencuentra-en-cuba-con-su-ahijada-daniela-tras-meses-de-separacion\/"]}]},{"@type":"ImageObject","inLanguage":"es","@id":"https:\/\/www.cuballama.com\/noticias\/mi-foto-mas-bonita-del-mes-yomil-se-reencuentra-en-cuba-con-su-ahijada-daniela-tras-meses-de-separacion\/#primaryimage","url":"https:\/\/cdn1.mediawpaccore.net\/wp-content\/uploads\/2026\/01\/19090859\/WhatsApp-Image-2026-01-19-at-15.08.39.jpeg","contentUrl":"https:\/\/cdn1.mediawpaccore.net\/wp-content\/uploads\/2026\/01\/19090859\/WhatsApp-Image-2026-01-19-at-15.08.39.jpeg","width":1878,"height":1333,"caption":"Foto: Instagram de Yomil\/ Instagram de Iraisel Pintueles"},{"@type":"BreadcrumbList","@id":"https:\/\/www.cuballama.com\/noticias\/mi-foto-mas-bonita-del-mes-yomil-se-reencuentra-en-cuba-con-su-ahijada-daniela-tras-meses-de-separacion\/#breadcrumb","itemListElement":[{"@type":"ListItem","position":1,"name":"Home","item":"https:\/\/www.cuballama.com\/noticias\/"},{"@type":"ListItem","position":2,"name":"\u201cMi foto m\u00e1s bonita del mes\u201d: Yomil se reencuentra en Cuba con su ahijada Daniela tras meses de separaci\u00f3n"}]},{"@type":"WebSite","@id":"https:\/\/www.cuballama.com\/noticias\/#website","url":"https:\/\/www.cuballama.com\/noticias\/","name":"Cuballama Noticias","description":"Medio digital sobre Cuba y el mundo","publisher":{"@id":"https:\/\/www.cuballama.com\/noticias\/#organization"},"potentialAction":[{"@type":"SearchAction","target":{"@type":"EntryPoint","urlTemplate":"https:\/\/www.cuballama.com\/noticias\/?s={search_term_string}"},"query-input":{"@type":"PropertyValueSpecification","valueRequired":true,"valueName":"search_term_string"}}],"inLanguage":"es"},{"@type":"Organization","@id":"https:\/\/www.cuballama.com\/noticias\/#organization","name":"Cuballama","url":"https:\/\/www.cuballama.com\/noticias\/","logo":{"@type":"ImageObject","inLanguage":"es","@id":"https:\/\/www.cuballama.com\/noticias\/#\/schema\/logo\/image\/","url":"https:\/\/cdn1.mediawpaccore.net\/wp-content\/uploads\/2021\/12\/28171206\/cbll-logo-color-sm.png","contentUrl":"https:\/\/cdn1.mediawpaccore.net\/wp-content\/uploads\/2021\/12\/28171206\/cbll-logo-color-sm.png","width":600,"height":133,"caption":"Cuballama"},"image":{"@id":"https:\/\/www.cuballama.com\/noticias\/#\/schema\/logo\/image\/"},"sameAs":["https:\/\/www.facebook.com\/CubaLlama","https:\/\/x.com\/cuballama","https:\/\/www.instagram.com\/stories\/cuballama_oficial\/","https:\/\/www.youtube.com\/channel\/UCKkFE-d_axENGZcrc4as0IA"]},{"@type":"Person","@id":"https:\/\/www.cuballama.com\/noticias\/#\/schema\/person\/0f97914526a658755f00e59ec2a832f2","name":"Rafa","url":"https:\/\/www.cuballama.com\/noticias\/author\/rafa\/"}]}},"_links":{"self":[{"href":"https:\/\/www.cuballama.com\/noticias\/wp-json\/wp\/v2\/posts\/232588","targetHints":{"allow":["GET"]}}],"collection":[{"href":"https:\/\/www.cuballama.com\/noticias\/wp-json\/wp\/v2\/posts"}],"about":[{"href":"https:\/\/www.cuballama.com\/noticias\/wp-json\/wp\/v2\/types\/post"}],"author":[{"embeddable":true,"href":"https:\/\/www.cuballama.com\/noticias\/wp-json\/wp\/v2\/users\/27"}],"replies":[{"embeddable":true,"href":"https:\/\/www.cuballama.com\/noticias\/wp-json\/wp\/v2\/comments?post=232588"}],"version-history":[{"count":1,"href":"https:\/\/www.cuballama.com\/noticias\/wp-json\/wp\/v2\/posts\/232588\/revisions"}],"predecessor-version":[{"id":232605,"href":"https:\/\/www.cuballama.com\/noticias\/wp-json\/wp\/v2\/posts\/232588\/revisions\/232605"}],"wp:featuredmedia":[{"embeddable":true,"href":"https:\/\/www.cuballama.com\/noticias\/wp-json\/wp\/v2\/media\/232599"}],"wp:attachment":[{"href":"https:\/\/www.cuballama.com\/noticias\/wp-json\/wp\/v2\/media?parent=232588"}],"wp:term":[{"taxonomy":"category","embeddable":true,"href":"https:\/\/www.cuballama.com\/noticias\/wp-json\/wp\/v2\/categories?post=232588"},{"taxonomy":"post_tag","embeddable":true,"href":"https:\/\/www.cuballama.com\/noticias\/wp-json\/wp\/v2\/tags?post=232588"}],"curies":[{"name":"wp","href":"https:\/\/api.w.org\/{rel}","templated":true}]}}