{"id":232582,"date":"2026-01-19T11:09:24","date_gmt":"2026-01-19T16:09:24","guid":{"rendered":"https:\/\/www.cuballama.com\/noticias\/?p=232582"},"modified":"2026-01-19T13:32:09","modified_gmt":"2026-01-19T18:32:09","slug":"macabro-asesinato-en-pinar-del-rio-descuartizada-y-enterrada-en-un-vertedero","status":"publish","type":"post","link":"https:\/\/www.cuballama.com\/noticias\/macabro-asesinato-en-pinar-del-rio-descuartizada-y-enterrada-en-un-vertedero\/","title":{"rendered":"Macabro asesinato en Pinar del R\u00edo: \u201cDescuartizada y enterrada en un vertedero\u201d"},"content":{"rendered":"\n<p>En las \u00faltimas horas han salido a la luz detalles de un macabro feminicidio que habr\u00eda tenido lugar hace d\u00edas en el municipio de San Juan y Mart\u00ednez, en la occidental provincia cubana de Pinar del R\u00edo.\u00a0<\/p>\n\n\n\n<p>Seg\u00fan denunci\u00f3 la p\u00e1gina Nio reportando un crimen, una mujer, identificada como Yanisel Vald\u00e9s y conocida en la localidad como \u201cLa Rusa\u201d, habr\u00eda sido brutalmente asesinada por su pareja.<\/p>\n\n\n\n<p>De acuerdo con la informaci\u00f3n no oficial, la mujer habr\u00eda sido \u201cdescuartizada y posteriormente enterrada en el vertedero\u201d ubicado en la localidad de Lagunillas.<\/p>\n\n\n\n<p>La hija de la v\u00edctima, Mirielis Vald\u00e9s Mart\u00ednez, hab\u00eda reportado la desaparici\u00f3n de su madre desde el pasado 8 de enero, cuando pidi\u00f3 informaci\u00f3n sobre su paradero en varios grupos locales de Facebook.<\/p>\n\n\n\n<p>En tal sentido, el activista Niover Licea, a cargo de Nio reportando un crimen, detall\u00f3 que La Rusa acostumbraba a beber alcohol y llevaba m\u00e1s de un mes desaparecida.<\/p>\n\n\n\n<iframe loading=\"lazy\" src=\"https:\/\/www.facebook.com\/plugins\/video.php?height=476&#038;href=https%3A%2F%2Fwww.facebook.com%2Freel%2F2687619444927570%2F&#038;show_text=true&#038;width=267&#038;t=0\" width=\"267\" height=\"591\" style=\"border:none;overflow:hidden\" scrolling=\"no\" frameborder=\"0\" allowfullscreen=\"true\" allow=\"autoplay; clipboard-write; encrypted-media; picture-in-picture; web-share\" allowFullScreen=\"true\"><\/iframe>\n\n\n\n<p>Se especula adem\u00e1s que el presunto autor de este feminicidio, estar\u00eda tambi\u00e9n detr\u00e1s del asesinato de un cubanoamericano, que tuvo lugar hace unas tres semanas en San Juan y Mart\u00ednez.&nbsp;<\/p>\n\n\n\n<p>Vecinos se\u00f1alan que el individuo habr\u00eda sido detenido por dicho asesinato y que estando bajo custodia habr\u00eda confesado ambos cr\u00edmenes.&nbsp;<\/p>\n\n\n\n<p>Hasta el momento no existe confirmaci\u00f3n oficial por parte de las autoridades sobre este feminicidio, que ser\u00eda el segundo que se reporta en el municipio en menos de 24 horas.<\/p>\n\n\n\n<p>Nio reportando un crimen dio a conocer asimismo que un segundo feminicidio habr\u00eda tenido lugar en San Juan y Mart\u00ednez en los \u00faltimos d\u00edas.<\/p>\n\n\n\n<iframe loading=\"lazy\" src=\"https:\/\/www.facebook.com\/plugins\/post.php?href=https%3A%2F%2Fwww.facebook.com%2Fpermalink.php%3Fstory_fbid%3Dpfbid0LkDz6x32ctC4QwvpnQvgdFyRaa9MzBbw7EMct3LMYN8kwVCCKhJrXCG38AxPKaBQl%26id%3D61559784217848&#038;show_text=true&#038;width=500\" width=\"500\" height=\"792\" style=\"border:none;overflow:hidden\" scrolling=\"no\" frameborder=\"0\" allowfullscreen=\"true\" allow=\"autoplay; clipboard-write; encrypted-media; picture-in-picture; web-share\"><\/iframe>\n\n\n\n<p>Seg\u00fan se sabe hasta ahora, una cubana identificada como Mileidis Due\u00f1as P\u00e9rez, natural de Pilotos, en el municipio pinare\u00f1o de Consolaci\u00f3n del Sur, fue asesinada presuntamente por su exesposo.<\/p>\n\n\n\n<p>El supuesto asesino, identificado como Lorenzo Eduardo Garc\u00eda Castro, habr\u00eda descuartizado el cuerpo de su pareja y lo habr\u00eda enterrado en el patio de la vivienda.<\/p>\n\n\n\n<p>Su cuerpo fue exhumado y trasladado bajo custodia policial, y sepultado el domingo 18 de enero alrededor de las cinco de la tarde.<\/p>\n","protected":false},"excerpt":{"rendered":"<p>La hija de la v\u00edctima hab\u00eda reportado la desaparici\u00f3n de su madre desde el 8 de enero.<\/p>\n","protected":false},"author":30,"featured_media":232593,"comment_status":"open","ping_status":"closed","sticky":false,"template":"","format":"standard","meta":{"_acf_changed":false,"footnotes":""},"categories":[18,955],"tags":[941,10655],"class_list":{"0":"post-232582","1":"post","2":"type-post","3":"status-publish","4":"format-standard","5":"has-post-thumbnail","7":"category-noticias","8":"category-noticias-de-cuba","9":"tag-destacado","10":"tag-feminicidio-en-cuba"},"acf":[],"yoast_head":"<!-- This site is optimized with the Yoast SEO plugin v27.5 - https:\/\/yoast.com\/product\/yoast-seo-wordpress\/ -->\n<title>Macabro asesinato en Pinar del R\u00edo: \u201cDescuartizada y enterrada en un vertedero\u201d - Cuballama Noticias<\/title>\n<meta name=\"description\" content=\"En las \u00faltimas horas han salido a la luz detalles de un macabro feminicidio que habr\u00eda tenido lugar hace unos diez d\u00edas en Pinar del R\u00edo.\" \/>\n<meta name=\"robots\" content=\"index, follow, max-snippet:-1, max-image-preview:large, max-video-preview:-1\" \/>\n<link rel=\"canonical\" href=\"https:\/\/www.cuballama.com\/noticias\/macabro-asesinato-en-pinar-del-rio-descuartizada-y-enterrada-en-un-vertedero\/\" \/>\n<meta property=\"og:locale\" content=\"es_ES\" \/>\n<meta property=\"og:type\" content=\"article\" \/>\n<meta property=\"og:title\" content=\"Macabro asesinato en Pinar del R\u00edo: \u201cDescuartizada y enterrada en un vertedero\u201d - Cuballama Noticias\" \/>\n<meta property=\"og:description\" content=\"En las \u00faltimas horas han salido a la luz detalles de un macabro feminicidio que habr\u00eda tenido lugar hace unos diez d\u00edas en Pinar del R\u00edo.\" \/>\n<meta property=\"og:url\" content=\"https:\/\/www.cuballama.com\/noticias\/macabro-asesinato-en-pinar-del-rio-descuartizada-y-enterrada-en-un-vertedero\/\" \/>\n<meta property=\"og:site_name\" content=\"Cuballama Noticias\" \/>\n<meta property=\"article:publisher\" content=\"https:\/\/www.facebook.com\/CubaLlama\" \/>\n<meta property=\"article:published_time\" content=\"2026-01-19T16:09:24+00:00\" \/>\n<meta property=\"article:modified_time\" content=\"2026-01-19T18:32:09+00:00\" \/>\n<meta property=\"og:image\" content=\"https:\/\/cdn1.mediawpaccore.net\/wp-content\/uploads\/2026\/01\/19083614\/616795739_1471790161210332_1965636569238624036_n1.jpg\" \/>\n\t<meta property=\"og:image:width\" content=\"1200\" \/>\n\t<meta property=\"og:image:height\" content=\"630\" \/>\n\t<meta property=\"og:image:type\" content=\"image\/jpeg\" \/>\n<meta name=\"author\" content=\"Kathy\" \/>\n<meta name=\"twitter:card\" content=\"summary_large_image\" \/>\n<meta name=\"twitter:creator\" content=\"@cuballama\" \/>\n<meta name=\"twitter:site\" content=\"@cuballama\" \/>\n<meta name=\"twitter:label1\" content=\"Escrito por\" \/>\n\t<meta name=\"twitter:data1\" content=\"Kathy\" \/>\n\t<meta name=\"twitter:label2\" content=\"Tiempo de lectura\" \/>\n\t<meta name=\"twitter:data2\" content=\"2 minutos\" \/>\n<script type=\"application\/ld+json\" class=\"yoast-schema-graph\">{\"@context\":\"https:\\\/\\\/schema.org\",\"@graph\":[{\"@type\":\"Article\",\"@id\":\"https:\\\/\\\/www.cuballama.com\\\/noticias\\\/macabro-asesinato-en-pinar-del-rio-descuartizada-y-enterrada-en-un-vertedero\\\/#article\",\"isPartOf\":{\"@id\":\"https:\\\/\\\/www.cuballama.com\\\/noticias\\\/macabro-asesinato-en-pinar-del-rio-descuartizada-y-enterrada-en-un-vertedero\\\/\"},\"author\":{\"name\":\"Kathy\",\"@id\":\"https:\\\/\\\/www.cuballama.com\\\/noticias\\\/#\\\/schema\\\/person\\\/86cd3e3f4974437f031211213bf892d5\"},\"headline\":\"Macabro asesinato en Pinar del R\u00edo: \u201cDescuartizada y enterrada en un vertedero\u201d\",\"datePublished\":\"2026-01-19T16:09:24+00:00\",\"dateModified\":\"2026-01-19T18:32:09+00:00\",\"mainEntityOfPage\":{\"@id\":\"https:\\\/\\\/www.cuballama.com\\\/noticias\\\/macabro-asesinato-en-pinar-del-rio-descuartizada-y-enterrada-en-un-vertedero\\\/\"},\"wordCount\":385,\"commentCount\":0,\"publisher\":{\"@id\":\"https:\\\/\\\/www.cuballama.com\\\/noticias\\\/#organization\"},\"image\":{\"@id\":\"https:\\\/\\\/www.cuballama.com\\\/noticias\\\/macabro-asesinato-en-pinar-del-rio-descuartizada-y-enterrada-en-un-vertedero\\\/#primaryimage\"},\"thumbnailUrl\":\"https:\\\/\\\/cdn1.mediawpaccore.net\\\/wp-content\\\/uploads\\\/2026\\\/01\\\/19083614\\\/616795739_1471790161210332_1965636569238624036_n1.jpg\",\"keywords\":[\"destacado\",\"feminicidio en Cuba\"],\"articleSection\":[\"Noticias\",\"Noticias de Cuba\"],\"inLanguage\":\"es\",\"potentialAction\":[{\"@type\":\"CommentAction\",\"name\":\"Comment\",\"target\":[\"https:\\\/\\\/www.cuballama.com\\\/noticias\\\/macabro-asesinato-en-pinar-del-rio-descuartizada-y-enterrada-en-un-vertedero\\\/#respond\"]}]},{\"@type\":\"WebPage\",\"@id\":\"https:\\\/\\\/www.cuballama.com\\\/noticias\\\/macabro-asesinato-en-pinar-del-rio-descuartizada-y-enterrada-en-un-vertedero\\\/\",\"url\":\"https:\\\/\\\/www.cuballama.com\\\/noticias\\\/macabro-asesinato-en-pinar-del-rio-descuartizada-y-enterrada-en-un-vertedero\\\/\",\"name\":\"Macabro asesinato en Pinar del R\u00edo: \u201cDescuartizada y enterrada en un vertedero\u201d - Cuballama Noticias\",\"isPartOf\":{\"@id\":\"https:\\\/\\\/www.cuballama.com\\\/noticias\\\/#website\"},\"primaryImageOfPage\":{\"@id\":\"https:\\\/\\\/www.cuballama.com\\\/noticias\\\/macabro-asesinato-en-pinar-del-rio-descuartizada-y-enterrada-en-un-vertedero\\\/#primaryimage\"},\"image\":{\"@id\":\"https:\\\/\\\/www.cuballama.com\\\/noticias\\\/macabro-asesinato-en-pinar-del-rio-descuartizada-y-enterrada-en-un-vertedero\\\/#primaryimage\"},\"thumbnailUrl\":\"https:\\\/\\\/cdn1.mediawpaccore.net\\\/wp-content\\\/uploads\\\/2026\\\/01\\\/19083614\\\/616795739_1471790161210332_1965636569238624036_n1.jpg\",\"datePublished\":\"2026-01-19T16:09:24+00:00\",\"dateModified\":\"2026-01-19T18:32:09+00:00\",\"description\":\"En las \u00faltimas horas han salido a la luz detalles de un macabro feminicidio que habr\u00eda tenido lugar hace unos diez d\u00edas en Pinar del R\u00edo.\",\"breadcrumb\":{\"@id\":\"https:\\\/\\\/www.cuballama.com\\\/noticias\\\/macabro-asesinato-en-pinar-del-rio-descuartizada-y-enterrada-en-un-vertedero\\\/#breadcrumb\"},\"inLanguage\":\"es\",\"potentialAction\":[{\"@type\":\"ReadAction\",\"target\":[\"https:\\\/\\\/www.cuballama.com\\\/noticias\\\/macabro-asesinato-en-pinar-del-rio-descuartizada-y-enterrada-en-un-vertedero\\\/\"]}]},{\"@type\":\"ImageObject\",\"inLanguage\":\"es\",\"@id\":\"https:\\\/\\\/www.cuballama.com\\\/noticias\\\/macabro-asesinato-en-pinar-del-rio-descuartizada-y-enterrada-en-un-vertedero\\\/#primaryimage\",\"url\":\"https:\\\/\\\/cdn1.mediawpaccore.net\\\/wp-content\\\/uploads\\\/2026\\\/01\\\/19083614\\\/616795739_1471790161210332_1965636569238624036_n1.jpg\",\"contentUrl\":\"https:\\\/\\\/cdn1.mediawpaccore.net\\\/wp-content\\\/uploads\\\/2026\\\/01\\\/19083614\\\/616795739_1471790161210332_1965636569238624036_n1.jpg\",\"width\":1200,\"height\":630,\"caption\":\"Yanisel Vald\u00e9s. Foto: Facebook\\\/La Tijera.\"},{\"@type\":\"BreadcrumbList\",\"@id\":\"https:\\\/\\\/www.cuballama.com\\\/noticias\\\/macabro-asesinato-en-pinar-del-rio-descuartizada-y-enterrada-en-un-vertedero\\\/#breadcrumb\",\"itemListElement\":[{\"@type\":\"ListItem\",\"position\":1,\"name\":\"Home\",\"item\":\"https:\\\/\\\/www.cuballama.com\\\/noticias\\\/\"},{\"@type\":\"ListItem\",\"position\":2,\"name\":\"Macabro asesinato en Pinar del R\u00edo: \u201cDescuartizada y enterrada en un vertedero\u201d\"}]},{\"@type\":\"WebSite\",\"@id\":\"https:\\\/\\\/www.cuballama.com\\\/noticias\\\/#website\",\"url\":\"https:\\\/\\\/www.cuballama.com\\\/noticias\\\/\",\"name\":\"Cuballama Noticias\",\"description\":\"Medio digital sobre Cuba y el mundo\",\"publisher\":{\"@id\":\"https:\\\/\\\/www.cuballama.com\\\/noticias\\\/#organization\"},\"potentialAction\":[{\"@type\":\"SearchAction\",\"target\":{\"@type\":\"EntryPoint\",\"urlTemplate\":\"https:\\\/\\\/www.cuballama.com\\\/noticias\\\/?s={search_term_string}\"},\"query-input\":{\"@type\":\"PropertyValueSpecification\",\"valueRequired\":true,\"valueName\":\"search_term_string\"}}],\"inLanguage\":\"es\"},{\"@type\":\"Organization\",\"@id\":\"https:\\\/\\\/www.cuballama.com\\\/noticias\\\/#organization\",\"name\":\"Cuballama\",\"url\":\"https:\\\/\\\/www.cuballama.com\\\/noticias\\\/\",\"logo\":{\"@type\":\"ImageObject\",\"inLanguage\":\"es\",\"@id\":\"https:\\\/\\\/www.cuballama.com\\\/noticias\\\/#\\\/schema\\\/logo\\\/image\\\/\",\"url\":\"https:\\\/\\\/cdn1.mediawpaccore.net\\\/wp-content\\\/uploads\\\/2021\\\/12\\\/28171206\\\/cbll-logo-color-sm.png\",\"contentUrl\":\"https:\\\/\\\/cdn1.mediawpaccore.net\\\/wp-content\\\/uploads\\\/2021\\\/12\\\/28171206\\\/cbll-logo-color-sm.png\",\"width\":600,\"height\":133,\"caption\":\"Cuballama\"},\"image\":{\"@id\":\"https:\\\/\\\/www.cuballama.com\\\/noticias\\\/#\\\/schema\\\/logo\\\/image\\\/\"},\"sameAs\":[\"https:\\\/\\\/www.facebook.com\\\/CubaLlama\",\"https:\\\/\\\/x.com\\\/cuballama\",\"https:\\\/\\\/www.instagram.com\\\/stories\\\/cuballama_oficial\\\/\",\"https:\\\/\\\/www.youtube.com\\\/channel\\\/UCKkFE-d_axENGZcrc4as0IA\"]},{\"@type\":\"Person\",\"@id\":\"https:\\\/\\\/www.cuballama.com\\\/noticias\\\/#\\\/schema\\\/person\\\/86cd3e3f4974437f031211213bf892d5\",\"name\":\"Kathy\",\"url\":\"https:\\\/\\\/www.cuballama.com\\\/noticias\\\/author\\\/kathy\\\/\"}]}<\/script>\n<!-- \/ Yoast SEO plugin. -->","yoast_head_json":{"title":"Macabro asesinato en Pinar del R\u00edo: \u201cDescuartizada y enterrada en un vertedero\u201d - Cuballama Noticias","description":"En las \u00faltimas horas han salido a la luz detalles de un macabro feminicidio que habr\u00eda tenido lugar hace unos diez d\u00edas en Pinar del R\u00edo.","robots":{"index":"index","follow":"follow","max-snippet":"max-snippet:-1","max-image-preview":"max-image-preview:large","max-video-preview":"max-video-preview:-1"},"canonical":"https:\/\/www.cuballama.com\/noticias\/macabro-asesinato-en-pinar-del-rio-descuartizada-y-enterrada-en-un-vertedero\/","og_locale":"es_ES","og_type":"article","og_title":"Macabro asesinato en Pinar del R\u00edo: \u201cDescuartizada y enterrada en un vertedero\u201d - Cuballama Noticias","og_description":"En las \u00faltimas horas han salido a la luz detalles de un macabro feminicidio que habr\u00eda tenido lugar hace unos diez d\u00edas en Pinar del R\u00edo.","og_url":"https:\/\/www.cuballama.com\/noticias\/macabro-asesinato-en-pinar-del-rio-descuartizada-y-enterrada-en-un-vertedero\/","og_site_name":"Cuballama Noticias","article_publisher":"https:\/\/www.facebook.com\/CubaLlama","article_published_time":"2026-01-19T16:09:24+00:00","article_modified_time":"2026-01-19T18:32:09+00:00","og_image":[{"width":1200,"height":630,"url":"https:\/\/cdn1.mediawpaccore.net\/wp-content\/uploads\/2026\/01\/19083614\/616795739_1471790161210332_1965636569238624036_n1.jpg","type":"image\/jpeg"}],"author":"Kathy","twitter_card":"summary_large_image","twitter_creator":"@cuballama","twitter_site":"@cuballama","twitter_misc":{"Escrito por":"Kathy","Tiempo de lectura":"2 minutos"},"schema":{"@context":"https:\/\/schema.org","@graph":[{"@type":"Article","@id":"https:\/\/www.cuballama.com\/noticias\/macabro-asesinato-en-pinar-del-rio-descuartizada-y-enterrada-en-un-vertedero\/#article","isPartOf":{"@id":"https:\/\/www.cuballama.com\/noticias\/macabro-asesinato-en-pinar-del-rio-descuartizada-y-enterrada-en-un-vertedero\/"},"author":{"name":"Kathy","@id":"https:\/\/www.cuballama.com\/noticias\/#\/schema\/person\/86cd3e3f4974437f031211213bf892d5"},"headline":"Macabro asesinato en Pinar del R\u00edo: \u201cDescuartizada y enterrada en un vertedero\u201d","datePublished":"2026-01-19T16:09:24+00:00","dateModified":"2026-01-19T18:32:09+00:00","mainEntityOfPage":{"@id":"https:\/\/www.cuballama.com\/noticias\/macabro-asesinato-en-pinar-del-rio-descuartizada-y-enterrada-en-un-vertedero\/"},"wordCount":385,"commentCount":0,"publisher":{"@id":"https:\/\/www.cuballama.com\/noticias\/#organization"},"image":{"@id":"https:\/\/www.cuballama.com\/noticias\/macabro-asesinato-en-pinar-del-rio-descuartizada-y-enterrada-en-un-vertedero\/#primaryimage"},"thumbnailUrl":"https:\/\/cdn1.mediawpaccore.net\/wp-content\/uploads\/2026\/01\/19083614\/616795739_1471790161210332_1965636569238624036_n1.jpg","keywords":["destacado","feminicidio en Cuba"],"articleSection":["Noticias","Noticias de Cuba"],"inLanguage":"es","potentialAction":[{"@type":"CommentAction","name":"Comment","target":["https:\/\/www.cuballama.com\/noticias\/macabro-asesinato-en-pinar-del-rio-descuartizada-y-enterrada-en-un-vertedero\/#respond"]}]},{"@type":"WebPage","@id":"https:\/\/www.cuballama.com\/noticias\/macabro-asesinato-en-pinar-del-rio-descuartizada-y-enterrada-en-un-vertedero\/","url":"https:\/\/www.cuballama.com\/noticias\/macabro-asesinato-en-pinar-del-rio-descuartizada-y-enterrada-en-un-vertedero\/","name":"Macabro asesinato en Pinar del R\u00edo: \u201cDescuartizada y enterrada en un vertedero\u201d - Cuballama Noticias","isPartOf":{"@id":"https:\/\/www.cuballama.com\/noticias\/#website"},"primaryImageOfPage":{"@id":"https:\/\/www.cuballama.com\/noticias\/macabro-asesinato-en-pinar-del-rio-descuartizada-y-enterrada-en-un-vertedero\/#primaryimage"},"image":{"@id":"https:\/\/www.cuballama.com\/noticias\/macabro-asesinato-en-pinar-del-rio-descuartizada-y-enterrada-en-un-vertedero\/#primaryimage"},"thumbnailUrl":"https:\/\/cdn1.mediawpaccore.net\/wp-content\/uploads\/2026\/01\/19083614\/616795739_1471790161210332_1965636569238624036_n1.jpg","datePublished":"2026-01-19T16:09:24+00:00","dateModified":"2026-01-19T18:32:09+00:00","description":"En las \u00faltimas horas han salido a la luz detalles de un macabro feminicidio que habr\u00eda tenido lugar hace unos diez d\u00edas en Pinar del R\u00edo.","breadcrumb":{"@id":"https:\/\/www.cuballama.com\/noticias\/macabro-asesinato-en-pinar-del-rio-descuartizada-y-enterrada-en-un-vertedero\/#breadcrumb"},"inLanguage":"es","potentialAction":[{"@type":"ReadAction","target":["https:\/\/www.cuballama.com\/noticias\/macabro-asesinato-en-pinar-del-rio-descuartizada-y-enterrada-en-un-vertedero\/"]}]},{"@type":"ImageObject","inLanguage":"es","@id":"https:\/\/www.cuballama.com\/noticias\/macabro-asesinato-en-pinar-del-rio-descuartizada-y-enterrada-en-un-vertedero\/#primaryimage","url":"https:\/\/cdn1.mediawpaccore.net\/wp-content\/uploads\/2026\/01\/19083614\/616795739_1471790161210332_1965636569238624036_n1.jpg","contentUrl":"https:\/\/cdn1.mediawpaccore.net\/wp-content\/uploads\/2026\/01\/19083614\/616795739_1471790161210332_1965636569238624036_n1.jpg","width":1200,"height":630,"caption":"Yanisel Vald\u00e9s. Foto: Facebook\/La Tijera."},{"@type":"BreadcrumbList","@id":"https:\/\/www.cuballama.com\/noticias\/macabro-asesinato-en-pinar-del-rio-descuartizada-y-enterrada-en-un-vertedero\/#breadcrumb","itemListElement":[{"@type":"ListItem","position":1,"name":"Home","item":"https:\/\/www.cuballama.com\/noticias\/"},{"@type":"ListItem","position":2,"name":"Macabro asesinato en Pinar del R\u00edo: \u201cDescuartizada y enterrada en un vertedero\u201d"}]},{"@type":"WebSite","@id":"https:\/\/www.cuballama.com\/noticias\/#website","url":"https:\/\/www.cuballama.com\/noticias\/","name":"Cuballama Noticias","description":"Medio digital sobre Cuba y el mundo","publisher":{"@id":"https:\/\/www.cuballama.com\/noticias\/#organization"},"potentialAction":[{"@type":"SearchAction","target":{"@type":"EntryPoint","urlTemplate":"https:\/\/www.cuballama.com\/noticias\/?s={search_term_string}"},"query-input":{"@type":"PropertyValueSpecification","valueRequired":true,"valueName":"search_term_string"}}],"inLanguage":"es"},{"@type":"Organization","@id":"https:\/\/www.cuballama.com\/noticias\/#organization","name":"Cuballama","url":"https:\/\/www.cuballama.com\/noticias\/","logo":{"@type":"ImageObject","inLanguage":"es","@id":"https:\/\/www.cuballama.com\/noticias\/#\/schema\/logo\/image\/","url":"https:\/\/cdn1.mediawpaccore.net\/wp-content\/uploads\/2021\/12\/28171206\/cbll-logo-color-sm.png","contentUrl":"https:\/\/cdn1.mediawpaccore.net\/wp-content\/uploads\/2021\/12\/28171206\/cbll-logo-color-sm.png","width":600,"height":133,"caption":"Cuballama"},"image":{"@id":"https:\/\/www.cuballama.com\/noticias\/#\/schema\/logo\/image\/"},"sameAs":["https:\/\/www.facebook.com\/CubaLlama","https:\/\/x.com\/cuballama","https:\/\/www.instagram.com\/stories\/cuballama_oficial\/","https:\/\/www.youtube.com\/channel\/UCKkFE-d_axENGZcrc4as0IA"]},{"@type":"Person","@id":"https:\/\/www.cuballama.com\/noticias\/#\/schema\/person\/86cd3e3f4974437f031211213bf892d5","name":"Kathy","url":"https:\/\/www.cuballama.com\/noticias\/author\/kathy\/"}]}},"_links":{"self":[{"href":"https:\/\/www.cuballama.com\/noticias\/wp-json\/wp\/v2\/posts\/232582","targetHints":{"allow":["GET"]}}],"collection":[{"href":"https:\/\/www.cuballama.com\/noticias\/wp-json\/wp\/v2\/posts"}],"about":[{"href":"https:\/\/www.cuballama.com\/noticias\/wp-json\/wp\/v2\/types\/post"}],"author":[{"embeddable":true,"href":"https:\/\/www.cuballama.com\/noticias\/wp-json\/wp\/v2\/users\/30"}],"replies":[{"embeddable":true,"href":"https:\/\/www.cuballama.com\/noticias\/wp-json\/wp\/v2\/comments?post=232582"}],"version-history":[{"count":5,"href":"https:\/\/www.cuballama.com\/noticias\/wp-json\/wp\/v2\/posts\/232582\/revisions"}],"predecessor-version":[{"id":232631,"href":"https:\/\/www.cuballama.com\/noticias\/wp-json\/wp\/v2\/posts\/232582\/revisions\/232631"}],"wp:featuredmedia":[{"embeddable":true,"href":"https:\/\/www.cuballama.com\/noticias\/wp-json\/wp\/v2\/media\/232593"}],"wp:attachment":[{"href":"https:\/\/www.cuballama.com\/noticias\/wp-json\/wp\/v2\/media?parent=232582"}],"wp:term":[{"taxonomy":"category","embeddable":true,"href":"https:\/\/www.cuballama.com\/noticias\/wp-json\/wp\/v2\/categories?post=232582"},{"taxonomy":"post_tag","embeddable":true,"href":"https:\/\/www.cuballama.com\/noticias\/wp-json\/wp\/v2\/tags?post=232582"}],"curies":[{"name":"wp","href":"https:\/\/api.w.org\/{rel}","templated":true}]}}