{"id":232548,"date":"2026-01-19T19:36:13","date_gmt":"2026-01-20T00:36:13","guid":{"rendered":"https:\/\/www.cuballama.com\/noticias\/?p=232548"},"modified":"2026-01-19T19:36:19","modified_gmt":"2026-01-20T00:36:19","slug":"accidente-de-trenes-ocurrido-ayer-en-espana-es-el-mas-mortal-en-13-anos-y-el-4to-mayor-en-su-historia-fotos-y-videos","status":"publish","type":"post","link":"https:\/\/www.cuballama.com\/noticias\/accidente-de-trenes-ocurrido-ayer-en-espana-es-el-mas-mortal-en-13-anos-y-el-4to-mayor-en-su-historia-fotos-y-videos\/","title":{"rendered":"Accidente de trenes ocurrido ayer en Espa\u00f1a es el m\u00e1s mortal en 13 a\u00f1os, y el 4to mayor en su historia (+ fotos y videos)"},"content":{"rendered":"\n<p>El descarrilamiento y posterior choque de dos trenes de alta velocidad ocurrido este domingo en el t\u00e9rmino municipal de Adamuz, en la provincia de C\u00f3rdoba, ha quedado ya inscrito como el accidente ferroviario m\u00e1s grave en Espa\u00f1a desde el siniestro de Angrois en 2013 y como el cuarto con mayor n\u00famero de v\u00edctimas mortales desde que existen registros. <\/p>\n\n\n\n<figure class=\"wp-block-embed is-type-rich is-provider-twitter wp-block-embed-twitter\"><div class=\"wp-block-embed__wrapper\">\n<blockquote class=\"twitter-tweet\" data-width=\"550\" data-dnt=\"true\"><p lang=\"es\" dir=\"ltr\">COMUNICADO OFICIAL:<br><br>Esta tarde se ha producido un descarrilamiento en el servicio 6189, que realizaba el trayecto M\u00e1laga\u2013Madrid.<br><br>El servicio hab\u00eda partido de M\u00e1laga a las 18:40 horas y, en el momento del suceso, viajaban aproximadamente 300 personas.<br><br>iryo lamenta profundamente\u2026 <a href=\"https:\/\/t.co\/XF71Aj50hc\">pic.twitter.com\/XF71Aj50hc<\/a><\/p>&mdash; iryo.eu (@iryo_eu) <a href=\"https:\/\/twitter.com\/iryo_eu\/status\/2012988125262352880?ref_src=twsrc%5Etfw\">January 18, 2026<\/a><\/blockquote><script async src=\"https:\/\/platform.twitter.com\/widgets.js\" charset=\"utf-8\"><\/script>\n<\/div><\/figure>\n\n\n\n<p>Al menos 39 personas han perdido la vida y m\u00e1s de 150 han resultado heridas tras un suceso que ha sacudido uno de los sistemas ferroviarios considerados hasta ahora entre los m\u00e1s seguros de Europa. <\/p>\n\n\n\n<div style=\"width:100%;padding-top:64%;position:relative;border-bottom:1px solid #aaa;display:inline-block;background:#eee;background:rgba(255,255,255,0.9);\"><iframe src=\"https:\/\/secure-embed.rtve.es\/drmn\/embed\/video\/16899630\" name=\"Al menos diez muertos y 100 heridos, 25 de ellos graves, en el descarrilamiento de dos trenes en C\u00f3rdoba\" style=\"width:100%;height:90%;position:absolute;left:0;top:0;overflow:hidden;border:none;background-color:transparent;\" scrolling=\"no\" allowfullscreen=\"allowfullscreen\"><\/iframe><div style=\"position:absolute;bottom:0;left:0;font-family:arial,helvetica,sans-serif;font-size:12px;line-height:1.833;display:inline-block;padding:5px 0 5px 10px;\"><span style=\"float:left;margin-right:10px;\"><img decoding=\"async\" style=\"height:20px;width:auto;background: transparent;padding:0;margin:0;\" src=\"https:\/\/img2.rtve.es\/css\/rtve.commons\/rtve.header.footer\/i\/logoRTVEes.png\"><\/span><a style=\"color:#333;font-weight:bold;\" title=\"Al menos diez muertos y 100 heridos, 25 de ellos graves, en el descarrilamiento de dos trenes en C\u00f3rdoba\" href=\"https:\/\/www.rtve.es\/play\/videos\/especiales-informativos\/diez-muertos-100-heridos-descarrilamiento-trenes-adamuz-cordoba\/16899630\/\"><strong>Al menos diez muertos y 100 heridos, 25 de ellos graves, en el descarrilamiento de dos trenes en C\u00f3rdoba<\/strong><\/a><\/div><\/div>\n\n\n\n<p>El accidente se produjo a las 19:45 horas, cuando un tren de alta velocidad de la compa\u00f1\u00eda Iryo que cubr\u00eda el trayecto M\u00e1laga\u2013Madrid descarril\u00f3 en los desv\u00edos de entrada de v\u00eda de Adamuz. Tres de sus \u00faltimos vagones se salieron del carril e invadieron la v\u00eda contigua, por la que circulaba en sentido contrario un tren Alvia de Renfe con destino Huelva. El impacto fue de extrema violencia: dos de los primeros coches del Alvia cayeron por un terrapl\u00e9n de unos cuatro metros, quedando convertidos en un amasijo de hierros.<\/p>\n\n\n\n<p>As\u00ed lo vivi\u00f3 una pasajera, quien tuite\u00f3 justo despu\u00e9s de que los vagones traseros se desprendieran, cuando a\u00fan desconoc\u00edan lo sucedido con el resto de los pasajeros.<\/p>\n\n\n\n<figure class=\"wp-block-embed is-type-rich is-provider-twitter wp-block-embed-twitter\"><div class=\"wp-block-embed__wrapper\">\n<blockquote class=\"twitter-tweet\" data-width=\"550\" data-dnt=\"true\"><p lang=\"es\" dir=\"ltr\">Vamos en el Iryo de C\u00f3rdoba a Madrid, y a unos 10 minutos de salir el tren ha empezado a temblar much\u00edsimo, y ha descarrilado del coche 6 para atr\u00e1s. Se ha ido la luz. Nosotros estamos en el vag\u00f3n 5. Por suerte parece que todo el mundo est\u00e1 bien. <a href=\"https:\/\/t.co\/NbgYuaiigb\">pic.twitter.com\/NbgYuaiigb<\/a><\/p>&mdash; Carmen (@eleanorinthesky) <a href=\"https:\/\/twitter.com\/eleanorinthesky\/status\/2012961856520917401?ref_src=twsrc%5Etfw\">January 18, 2026<\/a><\/blockquote><script async src=\"https:\/\/platform.twitter.com\/widgets.js\" charset=\"utf-8\"><\/script>\n<\/div><\/figure>\n\n\n\n<p>Seg\u00fan los datos facilitados por las autoridades, en el tren de Iryo viajaban alrededor de 300 pasajeros, mientras que en los dos vagones del Alvia m\u00e1s afectados se encontraban 53 personas. Entre los fallecidos figura el maquinista del convoy de Renfe. Las im\u00e1genes a\u00e9reas difundidas posteriormente muestran vagones desplazados a cientos de metros del punto inicial del choque, una dispersi\u00f3n que da cuenta de la velocidad a la que circulaban ambos trenes, superior a los 200 kil\u00f3metros por hora en ese tramo, completamente recto de la l\u00ednea Madrid\u2013Sevilla, sin curvas ni limitaciones especiales de trazado. <\/p>\n\n\n\n<p>Seg\u00fan los primeros datos t\u00e9cnicos recopilados por los sistemas de registro de los convoyes, el tren de Iryo circulaba en el momento del descarrilamiento a unos 205 kil\u00f3metros por hora, mientras que el Alvia de Renfe lo hac\u00eda a aproximadamente 210. Ambas velocidades se encontraban dentro de los m\u00e1rgenes permitidos para ese punto de la infraestructura, donde la velocidad m\u00e1xima autorizada alcanza los 250 kil\u00f3metros por hora, un dato que refuerza la calificaci\u00f3n oficial del siniestro como un accidente excepcional y dif\u00edcil de explicar desde el punto de vista operativo.<\/p>\n\n\n\n<figure class=\"wp-block-image size-large\"><img loading=\"lazy\" decoding=\"async\" width=\"1024\" height=\"778\" src=\"https:\/\/cdn1.mediawpaccore.net\/wp-content\/uploads\/2026\/01\/19055603\/image-83-1024x778.png\" alt=\"\" class=\"wp-image-232551\" srcset=\"https:\/\/cdn1.mediawpaccore.net\/wp-content\/uploads\/2026\/01\/19055603\/image-83-1024x778.png 1024w, https:\/\/cdn1.mediawpaccore.net\/wp-content\/uploads\/2026\/01\/19055603\/image-83-300x228.png 300w, https:\/\/cdn1.mediawpaccore.net\/wp-content\/uploads\/2026\/01\/19055603\/image-83-768x584.png 768w, https:\/\/cdn1.mediawpaccore.net\/wp-content\/uploads\/2026\/01\/19055603\/image-83-552x420.png 552w, https:\/\/cdn1.mediawpaccore.net\/wp-content\/uploads\/2026\/01\/19055603\/image-83-80x60.png 80w, https:\/\/cdn1.mediawpaccore.net\/wp-content\/uploads\/2026\/01\/19055603\/image-83-150x114.png 150w, https:\/\/cdn1.mediawpaccore.net\/wp-content\/uploads\/2026\/01\/19055603\/image-83-696x529.png 696w, https:\/\/cdn1.mediawpaccore.net\/wp-content\/uploads\/2026\/01\/19055603\/image-83-1068x812.png 1068w, https:\/\/cdn1.mediawpaccore.net\/wp-content\/uploads\/2026\/01\/19055603\/image-83.png 1518w\" sizes=\"auto, (max-width: 1024px) 100vw, 1024px\" \/><\/figure>\n\n\n\n<p>El siniestro ha desconcertado tanto a responsables pol\u00edticos como a expertos ferroviarios. El ministro de Transportes y Movilidad Sostenible, \u00d3scar Puente, calific\u00f3 el accidente de \u201ctremendamente extra\u00f1o\u201d, subrayando que se produjo en un tramo recto de la l\u00ednea Madrid\u2013Sevilla cuya renovaci\u00f3n concluy\u00f3 en mayo de 2025, tras una inversi\u00f3n p\u00fablica de alrededor de 700 millones de euros. Adem\u00e1s, el tren de Iryo hab\u00eda sido fabricado en 2022 y hab\u00eda pasado su \u00faltima revisi\u00f3n apenas cuatro d\u00edas antes del accidente, el 15 de enero.<\/p>\n\n\n\n<p>La investigaci\u00f3n t\u00e9cnica, que ya est\u00e1 en marcha, ha sido asumida por la Comisi\u00f3n de Investigaci\u00f3n de Accidentes Ferroviarios, con apoyo de la Guardia Civil y equipos especializados en criminal\u00edstica. Las primeras hip\u00f3tesis se centran en un posible fallo en el material m\u00f3vil, especialmente en las ruedas de los \u00faltimos vagones del tren que descarril\u00f3, donde un defecto m\u00ednimo puede resultar cr\u00edtico a altas velocidades. Tanto el ministro como el presidente de Renfe han insistido en que el error humano est\u00e1 pr\u00e1cticamente descartado, dado que los sistemas autom\u00e1ticos de seguridad corrigen cualquier maniobra indebida del maquinista.<\/p>\n\n\n\n<figure class=\"wp-block-embed is-type-rich is-provider-twitter wp-block-embed-twitter\"><div class=\"wp-block-embed__wrapper\">\n<blockquote class=\"twitter-tweet\" data-width=\"550\" data-dnt=\"true\"><p lang=\"es\" dir=\"ltr\">Lo que sabemos hasta ahora es que han descarrilado los coches 6 y 7. Hay muchos heridos y algunos fallecidos. Est\u00e1 casi todo el mundo ya desalojado.<\/p>&mdash; Carmen (@eleanorinthesky) <a href=\"https:\/\/twitter.com\/eleanorinthesky\/status\/2012979163997601837?ref_src=twsrc%5Etfw\">January 18, 2026<\/a><\/blockquote><script async src=\"https:\/\/platform.twitter.com\/widgets.js\" charset=\"utf-8\"><\/script>\n<\/div><\/figure>\n\n\n\n<p>El operativo de emergencia desplegado en Adamuz ha sido uno de los mayores de los \u00faltimos a\u00f1os. M\u00e1s de 200 agentes de la Guardia Civil, bomberos, sanitarios, efectivos de Protecci\u00f3n Civil y de la Unidad Militar de Emergencias trabajaron durante toda la noche y la ma\u00f1ana siguiente en labores de rescate, atenci\u00f3n m\u00e9dica e identificaci\u00f3n de v\u00edctimas. Se instal\u00f3 un puesto m\u00e9dico avanzado y se habilit\u00f3 un hospital de campa\u00f1a para atender a los heridos leves, mientras que los casos graves fueron trasladados a distintos centros hospitalarios andaluces, especialmente al Hospital Reina Sof\u00eda de C\u00f3rdoba. A \u00faltima hora del lunes, 48 personas segu\u00edan ingresadas, 12 de ellas en unidades de cuidados intensivos.<\/p>\n\n\n\n<div style=\"width:100%;padding-top:74px;position:relative;border-bottom:1px solid #aaa;display:inline-block;background:#eee;background:rgba(255,255,255,0.9);\">    <iframe src=\"https:\/\/secure-embed.rtve.es\/drmn\/embed\/audio\/16899843\" name=\"Moreno Bonilla: &#034;Hemos encontrado personas fallecidas a cientos de metros&#034;\" style=\"width:100%;height:37px;position:absolute;left:0;top:0;overflow:hidden;border:none;background-color:transparent;\" scrolling=\"no\" allowfullscreen=\"allowfullscreen\"><\/iframe>    <div style=\"position:absolute;bottom:0;left:0;font-family:arial,helvetica,sans-serif;font-size:12px;line-height:1.833;display:inline-block;padding:5px 0 5px 10px;\">        <span style=\"float:left;margin-right:10px;\">        \t<img decoding=\"async\" style=\"height:20px;width:auto;background: transparent;padding:0;margin:0;\" src=\"https:\/\/img2.rtve.es\/css\/rtve.commons\/rtve.header.footer\/i\/logoRTVEes.png\" alt=\"\" \/>        <\/span>       \t<a style=\"color:#333;font-weight:bold;\" title=\"Moreno Bonilla: &#034;Hemos encontrado personas fallecidas a cientos de metros&#034;\" href=\"https:\/\/www.rtve.es\/play\/audios\/las-mananas-de-rne\/moreno-bonilla-no-descarta-haya-mas-victimas\/16899843\/\">            <strong>Moreno Bonilla: &#034;Hemos encontrado personas fallecidas a cientos de metros&#034;<\/strong>\t\t<\/a>\t<\/div><\/div>\n\n\n\n<p>La magnitud del accidente ha tenido un impacto inmediato en la red ferroviaria nacional. La circulaci\u00f3n de alta velocidad entre Madrid y Andaluc\u00eda permanece suspendida y m\u00e1s de 200 trenes se han visto afectados, alterando conexiones con Sevilla, C\u00f3rdoba, M\u00e1laga, Huelva, C\u00e1diz y Granada. Las estaciones de Atocha, C\u00f3rdoba y Sevilla permanecieron abiertas durante la noche para acoger a pasajeros varados, mientras se organizaban traslados por carretera y refuerzos a\u00e9reos.<\/p>\n\n\n\n<figure class=\"wp-block-embed is-type-rich is-provider-twitter wp-block-embed-twitter\"><div class=\"wp-block-embed__wrapper\">\n<blockquote class=\"twitter-tweet\" data-width=\"550\" data-dnt=\"true\"><p lang=\"es\" dir=\"ltr\">El presidente de Renfe, \u00c1lvaro Fern\u00e1ndez Heredia , ha descartado en una entrevista en RNE que el accidente de tren ocurrido la tarde del domingo en Adamuz se debiera a un fallo humano porque el sistema corrige las decisiones err\u00f3neas. <a href=\"https:\/\/twitter.com\/hashtag\/descarrilamiento?src=hash&amp;ref_src=twsrc%5Etfw\">#descarrilamiento<\/a> <a href=\"https:\/\/t.co\/fPoWTi06pK\">pic.twitter.com\/fPoWTi06pK<\/a><\/p>&mdash; Mario Sierra \ud83c\uddea\ud83c\udde6 (@Mario_SR20) <a href=\"https:\/\/twitter.com\/Mario_SR20\/status\/2013169443262607644?ref_src=twsrc%5Etfw\">January 19, 2026<\/a><\/blockquote><script async src=\"https:\/\/platform.twitter.com\/widgets.js\" charset=\"utf-8\"><\/script>\n<\/div><\/figure>\n\n\n\n<p>M\u00e1s all\u00e1 de las cifras, el siniestro de Adamuz ha reabierto en Espa\u00f1a el debate sobre la seguridad ferroviaria y ha dejado una profunda huella social y pol\u00edtica. El presidente del Gobierno, Pedro S\u00e1nchez, cancel\u00f3 su agenda internacional para desplazarse a la zona, y desde la Junta de Andaluc\u00eda, su presidente Juanma Moreno no descart\u00f3 que el n\u00famero de v\u00edctimas pudiera aumentar a medida que avanzaran las labores de levantamiento de los vagones m\u00e1s da\u00f1ados. Mientras contin\u00faa la identificaci\u00f3n de los fallecidos mediante pruebas de ADN, Espa\u00f1a asimila una tragedia que ya forma parte de su historia ferroviaria m\u00e1s negra.<\/p>\n\n\n\n<figure class=\"wp-block-embed is-type-rich is-provider-twitter wp-block-embed-twitter\"><div class=\"wp-block-embed__wrapper\">\n<blockquote class=\"twitter-tweet\" data-width=\"550\" data-dnt=\"true\"><p lang=\"es\" dir=\"ltr\">Habla \u00c1lvaro Fern\u00e1ndez Heredia, presidente de Renfe<br><br>&quot;No ha sido un problema de exceso de velocidad, es una v\u00eda equipada con un sistema de seguridad que impide errores humanos. Tiene que haber sido un fallo del material m\u00f3vil o la infraestructura&quot;<a href=\"https:\/\/t.co\/Eo9mHUqtAN\">pic.twitter.com\/Eo9mHUqtAN<\/a><\/p>&mdash; LO + VIRAL (@SuperViiral) <a href=\"https:\/\/twitter.com\/SuperViiral\/status\/2013204082794672153?ref_src=twsrc%5Etfw\">January 19, 2026<\/a><\/blockquote><script async src=\"https:\/\/platform.twitter.com\/widgets.js\" charset=\"utf-8\"><\/script>\n<\/div><\/figure>\n","protected":false},"excerpt":{"rendered":"<p>El siniestro ferroviario de Adamuz dej\u00f3 al menos 39 fallecidos y m\u00e1s de 150 heridos, convirti\u00e9ndose en el accidente de tren m\u00e1s grave en Espa\u00f1a desde 2013 y uno de los m\u00e1s mortales de su historia reciente.<\/p>\n","protected":false},"author":13,"featured_media":232553,"comment_status":"open","ping_status":"closed","sticky":false,"template":"","format":"standard","meta":{"_acf_changed":false,"footnotes":""},"categories":[18,957],"tags":[30066,30070,30069,30073,30068,26306,30074,21250,30072],"class_list":{"0":"post-232548","1":"post","2":"type-post","3":"status-publish","4":"format-standard","5":"has-post-thumbnail","7":"category-noticias","8":"category-noticias-internacionales","9":"tag-accidente-ferroviario","10":"tag-adamuz","11":"tag-cordoba","12":"tag-infraestructuras","13":"tag-iryo","14":"tag-renfe","15":"tag-seguridad-ferroviaria","16":"tag-transporte-ferroviario","17":"tag-tren-alta-velocidad"},"acf":[],"yoast_head":"<!-- This site is optimized with the Yoast SEO plugin v27.4 - https:\/\/yoast.com\/product\/yoast-seo-wordpress\/ -->\n<title>Accidente de trenes ocurrido ayer en Espa\u00f1a es el m\u00e1s mortal en 13 a\u00f1os, y el 4to mayor en su historia (+ fotos y videos) - Cuballama Noticias<\/title>\n<meta name=\"description\" content=\"El accidente ferroviario de Adamuz deja 39 muertos, es el m\u00e1s grave en 13 a\u00f1os y el cuarto mayor de la historia de Espa\u00f1a.\" \/>\n<meta name=\"robots\" content=\"index, follow, max-snippet:-1, max-image-preview:large, max-video-preview:-1\" \/>\n<link rel=\"canonical\" href=\"https:\/\/www.cuballama.com\/noticias\/accidente-de-trenes-ocurrido-ayer-en-espana-es-el-mas-mortal-en-13-anos-y-el-4to-mayor-en-su-historia-fotos-y-videos\/\" \/>\n<meta property=\"og:locale\" content=\"es_ES\" \/>\n<meta property=\"og:type\" content=\"article\" \/>\n<meta property=\"og:title\" content=\"Accidente de trenes ocurrido ayer en Espa\u00f1a es el m\u00e1s mortal en 13 a\u00f1os, y el 4to mayor en su historia (+ fotos y videos) - Cuballama Noticias\" \/>\n<meta property=\"og:description\" content=\"El accidente ferroviario de Adamuz deja 39 muertos, es el m\u00e1s grave en 13 a\u00f1os y el cuarto mayor de la historia de Espa\u00f1a.\" \/>\n<meta property=\"og:url\" content=\"https:\/\/www.cuballama.com\/noticias\/accidente-de-trenes-ocurrido-ayer-en-espana-es-el-mas-mortal-en-13-anos-y-el-4to-mayor-en-su-historia-fotos-y-videos\/\" \/>\n<meta property=\"og:site_name\" content=\"Cuballama Noticias\" \/>\n<meta property=\"article:publisher\" content=\"https:\/\/www.facebook.com\/CubaLlama\" \/>\n<meta property=\"article:published_time\" content=\"2026-01-20T00:36:13+00:00\" \/>\n<meta property=\"article:modified_time\" content=\"2026-01-20T00:36:19+00:00\" \/>\n<meta property=\"og:image\" content=\"https:\/\/cdn1.mediawpaccore.net\/wp-content\/uploads\/2026\/01\/19060509\/image-84.png\" \/>\n\t<meta property=\"og:image:width\" content=\"1968\" \/>\n\t<meta property=\"og:image:height\" content=\"1036\" \/>\n\t<meta property=\"og:image:type\" content=\"image\/png\" \/>\n<meta name=\"author\" content=\"Roberto A.\" \/>\n<meta name=\"twitter:card\" content=\"summary_large_image\" \/>\n<meta name=\"twitter:creator\" content=\"@cuballama\" \/>\n<meta name=\"twitter:site\" content=\"@cuballama\" \/>\n<meta name=\"twitter:label1\" content=\"Escrito por\" \/>\n\t<meta name=\"twitter:data1\" content=\"Roberto A.\" \/>\n\t<meta name=\"twitter:label2\" content=\"Tiempo de lectura\" \/>\n\t<meta name=\"twitter:data2\" content=\"5 minutos\" \/>\n<script type=\"application\/ld+json\" class=\"yoast-schema-graph\">{\"@context\":\"https:\\\/\\\/schema.org\",\"@graph\":[{\"@type\":\"Article\",\"@id\":\"https:\\\/\\\/www.cuballama.com\\\/noticias\\\/accidente-de-trenes-ocurrido-ayer-en-espana-es-el-mas-mortal-en-13-anos-y-el-4to-mayor-en-su-historia-fotos-y-videos\\\/#article\",\"isPartOf\":{\"@id\":\"https:\\\/\\\/www.cuballama.com\\\/noticias\\\/accidente-de-trenes-ocurrido-ayer-en-espana-es-el-mas-mortal-en-13-anos-y-el-4to-mayor-en-su-historia-fotos-y-videos\\\/\"},\"author\":{\"name\":\"Roberto A.\",\"@id\":\"https:\\\/\\\/www.cuballama.com\\\/noticias\\\/#\\\/schema\\\/person\\\/a58502ed4146c8e9f83872e897c76cd2\"},\"headline\":\"Accidente de trenes ocurrido ayer en Espa\u00f1a es el m\u00e1s mortal en 13 a\u00f1os, y el 4to mayor en su historia (+ fotos y videos)\",\"datePublished\":\"2026-01-20T00:36:13+00:00\",\"dateModified\":\"2026-01-20T00:36:19+00:00\",\"mainEntityOfPage\":{\"@id\":\"https:\\\/\\\/www.cuballama.com\\\/noticias\\\/accidente-de-trenes-ocurrido-ayer-en-espana-es-el-mas-mortal-en-13-anos-y-el-4to-mayor-en-su-historia-fotos-y-videos\\\/\"},\"wordCount\":1012,\"commentCount\":0,\"publisher\":{\"@id\":\"https:\\\/\\\/www.cuballama.com\\\/noticias\\\/#organization\"},\"image\":{\"@id\":\"https:\\\/\\\/www.cuballama.com\\\/noticias\\\/accidente-de-trenes-ocurrido-ayer-en-espana-es-el-mas-mortal-en-13-anos-y-el-4to-mayor-en-su-historia-fotos-y-videos\\\/#primaryimage\"},\"thumbnailUrl\":\"https:\\\/\\\/cdn1.mediawpaccore.net\\\/wp-content\\\/uploads\\\/2026\\\/01\\\/19060509\\\/image-84.png\",\"keywords\":[\"accidente ferroviario\",\"Adamuz\",\"C\u00f3rdoba\",\"infraestructuras\",\"Iryo\",\"renfe\",\"seguridad ferroviaria\",\"transporte ferroviario\",\"tren alta velocidad\"],\"articleSection\":[\"Noticias\",\"Noticias Internacionales\"],\"inLanguage\":\"es\",\"potentialAction\":[{\"@type\":\"CommentAction\",\"name\":\"Comment\",\"target\":[\"https:\\\/\\\/www.cuballama.com\\\/noticias\\\/accidente-de-trenes-ocurrido-ayer-en-espana-es-el-mas-mortal-en-13-anos-y-el-4to-mayor-en-su-historia-fotos-y-videos\\\/#respond\"]}]},{\"@type\":\"WebPage\",\"@id\":\"https:\\\/\\\/www.cuballama.com\\\/noticias\\\/accidente-de-trenes-ocurrido-ayer-en-espana-es-el-mas-mortal-en-13-anos-y-el-4to-mayor-en-su-historia-fotos-y-videos\\\/\",\"url\":\"https:\\\/\\\/www.cuballama.com\\\/noticias\\\/accidente-de-trenes-ocurrido-ayer-en-espana-es-el-mas-mortal-en-13-anos-y-el-4to-mayor-en-su-historia-fotos-y-videos\\\/\",\"name\":\"Accidente de trenes ocurrido ayer en Espa\u00f1a es el m\u00e1s mortal en 13 a\u00f1os, y el 4to mayor en su historia (+ fotos y videos) - Cuballama Noticias\",\"isPartOf\":{\"@id\":\"https:\\\/\\\/www.cuballama.com\\\/noticias\\\/#website\"},\"primaryImageOfPage\":{\"@id\":\"https:\\\/\\\/www.cuballama.com\\\/noticias\\\/accidente-de-trenes-ocurrido-ayer-en-espana-es-el-mas-mortal-en-13-anos-y-el-4to-mayor-en-su-historia-fotos-y-videos\\\/#primaryimage\"},\"image\":{\"@id\":\"https:\\\/\\\/www.cuballama.com\\\/noticias\\\/accidente-de-trenes-ocurrido-ayer-en-espana-es-el-mas-mortal-en-13-anos-y-el-4to-mayor-en-su-historia-fotos-y-videos\\\/#primaryimage\"},\"thumbnailUrl\":\"https:\\\/\\\/cdn1.mediawpaccore.net\\\/wp-content\\\/uploads\\\/2026\\\/01\\\/19060509\\\/image-84.png\",\"datePublished\":\"2026-01-20T00:36:13+00:00\",\"dateModified\":\"2026-01-20T00:36:19+00:00\",\"description\":\"El accidente ferroviario de Adamuz deja 39 muertos, es el m\u00e1s grave en 13 a\u00f1os y el cuarto mayor de la historia de Espa\u00f1a.\",\"breadcrumb\":{\"@id\":\"https:\\\/\\\/www.cuballama.com\\\/noticias\\\/accidente-de-trenes-ocurrido-ayer-en-espana-es-el-mas-mortal-en-13-anos-y-el-4to-mayor-en-su-historia-fotos-y-videos\\\/#breadcrumb\"},\"inLanguage\":\"es\",\"potentialAction\":[{\"@type\":\"ReadAction\",\"target\":[\"https:\\\/\\\/www.cuballama.com\\\/noticias\\\/accidente-de-trenes-ocurrido-ayer-en-espana-es-el-mas-mortal-en-13-anos-y-el-4to-mayor-en-su-historia-fotos-y-videos\\\/\"]}]},{\"@type\":\"ImageObject\",\"inLanguage\":\"es\",\"@id\":\"https:\\\/\\\/www.cuballama.com\\\/noticias\\\/accidente-de-trenes-ocurrido-ayer-en-espana-es-el-mas-mortal-en-13-anos-y-el-4to-mayor-en-su-historia-fotos-y-videos\\\/#primaryimage\",\"url\":\"https:\\\/\\\/cdn1.mediawpaccore.net\\\/wp-content\\\/uploads\\\/2026\\\/01\\\/19060509\\\/image-84.png\",\"contentUrl\":\"https:\\\/\\\/cdn1.mediawpaccore.net\\\/wp-content\\\/uploads\\\/2026\\\/01\\\/19060509\\\/image-84.png\",\"width\":1968,\"height\":1036,\"caption\":\"Foto: Collage Video Screenshot \\\/ https:\\\/\\\/x.com\\\/eleanorinthesky\"},{\"@type\":\"BreadcrumbList\",\"@id\":\"https:\\\/\\\/www.cuballama.com\\\/noticias\\\/accidente-de-trenes-ocurrido-ayer-en-espana-es-el-mas-mortal-en-13-anos-y-el-4to-mayor-en-su-historia-fotos-y-videos\\\/#breadcrumb\",\"itemListElement\":[{\"@type\":\"ListItem\",\"position\":1,\"name\":\"Home\",\"item\":\"https:\\\/\\\/www.cuballama.com\\\/noticias\\\/\"},{\"@type\":\"ListItem\",\"position\":2,\"name\":\"Accidente de trenes ocurrido ayer en Espa\u00f1a es el m\u00e1s mortal en 13 a\u00f1os, y el 4to mayor en su historia (+ fotos y videos)\"}]},{\"@type\":\"WebSite\",\"@id\":\"https:\\\/\\\/www.cuballama.com\\\/noticias\\\/#website\",\"url\":\"https:\\\/\\\/www.cuballama.com\\\/noticias\\\/\",\"name\":\"Cuballama Noticias\",\"description\":\"Medio digital sobre Cuba y el mundo\",\"publisher\":{\"@id\":\"https:\\\/\\\/www.cuballama.com\\\/noticias\\\/#organization\"},\"potentialAction\":[{\"@type\":\"SearchAction\",\"target\":{\"@type\":\"EntryPoint\",\"urlTemplate\":\"https:\\\/\\\/www.cuballama.com\\\/noticias\\\/?s={search_term_string}\"},\"query-input\":{\"@type\":\"PropertyValueSpecification\",\"valueRequired\":true,\"valueName\":\"search_term_string\"}}],\"inLanguage\":\"es\"},{\"@type\":\"Organization\",\"@id\":\"https:\\\/\\\/www.cuballama.com\\\/noticias\\\/#organization\",\"name\":\"Cuballama\",\"url\":\"https:\\\/\\\/www.cuballama.com\\\/noticias\\\/\",\"logo\":{\"@type\":\"ImageObject\",\"inLanguage\":\"es\",\"@id\":\"https:\\\/\\\/www.cuballama.com\\\/noticias\\\/#\\\/schema\\\/logo\\\/image\\\/\",\"url\":\"https:\\\/\\\/cdn1.mediawpaccore.net\\\/wp-content\\\/uploads\\\/2021\\\/12\\\/28171206\\\/cbll-logo-color-sm.png\",\"contentUrl\":\"https:\\\/\\\/cdn1.mediawpaccore.net\\\/wp-content\\\/uploads\\\/2021\\\/12\\\/28171206\\\/cbll-logo-color-sm.png\",\"width\":600,\"height\":133,\"caption\":\"Cuballama\"},\"image\":{\"@id\":\"https:\\\/\\\/www.cuballama.com\\\/noticias\\\/#\\\/schema\\\/logo\\\/image\\\/\"},\"sameAs\":[\"https:\\\/\\\/www.facebook.com\\\/CubaLlama\",\"https:\\\/\\\/x.com\\\/cuballama\",\"https:\\\/\\\/www.instagram.com\\\/stories\\\/cuballama_oficial\\\/\",\"https:\\\/\\\/www.youtube.com\\\/channel\\\/UCKkFE-d_axENGZcrc4as0IA\"]},{\"@type\":\"Person\",\"@id\":\"https:\\\/\\\/www.cuballama.com\\\/noticias\\\/#\\\/schema\\\/person\\\/a58502ed4146c8e9f83872e897c76cd2\",\"name\":\"Roberto A.\",\"description\":\"Roberto A. Periodista por decisi\u00f3n propia. Interesado en cualquier tema que me apasione y cada vez m\u00e1s comprometido con la verdad y la objetividad period\u00edstica. Graduado en La Habana hace ya muchos a\u00f1os, luego de una accidentada y polvorienta b\u00fasqueda de informaci\u00f3n sobre un tema in\u00e9dito. La Tesis, por cierto, desapareci\u00f3 de la biblioteca y no se conservan copias de la misma.\",\"url\":\"https:\\\/\\\/www.cuballama.com\\\/noticias\\\/author\\\/roberto\\\/\"}]}<\/script>\n<!-- \/ Yoast SEO plugin. -->","yoast_head_json":{"title":"Accidente de trenes ocurrido ayer en Espa\u00f1a es el m\u00e1s mortal en 13 a\u00f1os, y el 4to mayor en su historia (+ fotos y videos) - Cuballama Noticias","description":"El accidente ferroviario de Adamuz deja 39 muertos, es el m\u00e1s grave en 13 a\u00f1os y el cuarto mayor de la historia de Espa\u00f1a.","robots":{"index":"index","follow":"follow","max-snippet":"max-snippet:-1","max-image-preview":"max-image-preview:large","max-video-preview":"max-video-preview:-1"},"canonical":"https:\/\/www.cuballama.com\/noticias\/accidente-de-trenes-ocurrido-ayer-en-espana-es-el-mas-mortal-en-13-anos-y-el-4to-mayor-en-su-historia-fotos-y-videos\/","og_locale":"es_ES","og_type":"article","og_title":"Accidente de trenes ocurrido ayer en Espa\u00f1a es el m\u00e1s mortal en 13 a\u00f1os, y el 4to mayor en su historia (+ fotos y videos) - Cuballama Noticias","og_description":"El accidente ferroviario de Adamuz deja 39 muertos, es el m\u00e1s grave en 13 a\u00f1os y el cuarto mayor de la historia de Espa\u00f1a.","og_url":"https:\/\/www.cuballama.com\/noticias\/accidente-de-trenes-ocurrido-ayer-en-espana-es-el-mas-mortal-en-13-anos-y-el-4to-mayor-en-su-historia-fotos-y-videos\/","og_site_name":"Cuballama Noticias","article_publisher":"https:\/\/www.facebook.com\/CubaLlama","article_published_time":"2026-01-20T00:36:13+00:00","article_modified_time":"2026-01-20T00:36:19+00:00","og_image":[{"width":1968,"height":1036,"url":"https:\/\/cdn1.mediawpaccore.net\/wp-content\/uploads\/2026\/01\/19060509\/image-84.png","type":"image\/png"}],"author":"Roberto A.","twitter_card":"summary_large_image","twitter_creator":"@cuballama","twitter_site":"@cuballama","twitter_misc":{"Escrito por":"Roberto A.","Tiempo de lectura":"5 minutos"},"schema":{"@context":"https:\/\/schema.org","@graph":[{"@type":"Article","@id":"https:\/\/www.cuballama.com\/noticias\/accidente-de-trenes-ocurrido-ayer-en-espana-es-el-mas-mortal-en-13-anos-y-el-4to-mayor-en-su-historia-fotos-y-videos\/#article","isPartOf":{"@id":"https:\/\/www.cuballama.com\/noticias\/accidente-de-trenes-ocurrido-ayer-en-espana-es-el-mas-mortal-en-13-anos-y-el-4to-mayor-en-su-historia-fotos-y-videos\/"},"author":{"name":"Roberto A.","@id":"https:\/\/www.cuballama.com\/noticias\/#\/schema\/person\/a58502ed4146c8e9f83872e897c76cd2"},"headline":"Accidente de trenes ocurrido ayer en Espa\u00f1a es el m\u00e1s mortal en 13 a\u00f1os, y el 4to mayor en su historia (+ fotos y videos)","datePublished":"2026-01-20T00:36:13+00:00","dateModified":"2026-01-20T00:36:19+00:00","mainEntityOfPage":{"@id":"https:\/\/www.cuballama.com\/noticias\/accidente-de-trenes-ocurrido-ayer-en-espana-es-el-mas-mortal-en-13-anos-y-el-4to-mayor-en-su-historia-fotos-y-videos\/"},"wordCount":1012,"commentCount":0,"publisher":{"@id":"https:\/\/www.cuballama.com\/noticias\/#organization"},"image":{"@id":"https:\/\/www.cuballama.com\/noticias\/accidente-de-trenes-ocurrido-ayer-en-espana-es-el-mas-mortal-en-13-anos-y-el-4to-mayor-en-su-historia-fotos-y-videos\/#primaryimage"},"thumbnailUrl":"https:\/\/cdn1.mediawpaccore.net\/wp-content\/uploads\/2026\/01\/19060509\/image-84.png","keywords":["accidente ferroviario","Adamuz","C\u00f3rdoba","infraestructuras","Iryo","renfe","seguridad ferroviaria","transporte ferroviario","tren alta velocidad"],"articleSection":["Noticias","Noticias Internacionales"],"inLanguage":"es","potentialAction":[{"@type":"CommentAction","name":"Comment","target":["https:\/\/www.cuballama.com\/noticias\/accidente-de-trenes-ocurrido-ayer-en-espana-es-el-mas-mortal-en-13-anos-y-el-4to-mayor-en-su-historia-fotos-y-videos\/#respond"]}]},{"@type":"WebPage","@id":"https:\/\/www.cuballama.com\/noticias\/accidente-de-trenes-ocurrido-ayer-en-espana-es-el-mas-mortal-en-13-anos-y-el-4to-mayor-en-su-historia-fotos-y-videos\/","url":"https:\/\/www.cuballama.com\/noticias\/accidente-de-trenes-ocurrido-ayer-en-espana-es-el-mas-mortal-en-13-anos-y-el-4to-mayor-en-su-historia-fotos-y-videos\/","name":"Accidente de trenes ocurrido ayer en Espa\u00f1a es el m\u00e1s mortal en 13 a\u00f1os, y el 4to mayor en su historia (+ fotos y videos) - Cuballama Noticias","isPartOf":{"@id":"https:\/\/www.cuballama.com\/noticias\/#website"},"primaryImageOfPage":{"@id":"https:\/\/www.cuballama.com\/noticias\/accidente-de-trenes-ocurrido-ayer-en-espana-es-el-mas-mortal-en-13-anos-y-el-4to-mayor-en-su-historia-fotos-y-videos\/#primaryimage"},"image":{"@id":"https:\/\/www.cuballama.com\/noticias\/accidente-de-trenes-ocurrido-ayer-en-espana-es-el-mas-mortal-en-13-anos-y-el-4to-mayor-en-su-historia-fotos-y-videos\/#primaryimage"},"thumbnailUrl":"https:\/\/cdn1.mediawpaccore.net\/wp-content\/uploads\/2026\/01\/19060509\/image-84.png","datePublished":"2026-01-20T00:36:13+00:00","dateModified":"2026-01-20T00:36:19+00:00","description":"El accidente ferroviario de Adamuz deja 39 muertos, es el m\u00e1s grave en 13 a\u00f1os y el cuarto mayor de la historia de Espa\u00f1a.","breadcrumb":{"@id":"https:\/\/www.cuballama.com\/noticias\/accidente-de-trenes-ocurrido-ayer-en-espana-es-el-mas-mortal-en-13-anos-y-el-4to-mayor-en-su-historia-fotos-y-videos\/#breadcrumb"},"inLanguage":"es","potentialAction":[{"@type":"ReadAction","target":["https:\/\/www.cuballama.com\/noticias\/accidente-de-trenes-ocurrido-ayer-en-espana-es-el-mas-mortal-en-13-anos-y-el-4to-mayor-en-su-historia-fotos-y-videos\/"]}]},{"@type":"ImageObject","inLanguage":"es","@id":"https:\/\/www.cuballama.com\/noticias\/accidente-de-trenes-ocurrido-ayer-en-espana-es-el-mas-mortal-en-13-anos-y-el-4to-mayor-en-su-historia-fotos-y-videos\/#primaryimage","url":"https:\/\/cdn1.mediawpaccore.net\/wp-content\/uploads\/2026\/01\/19060509\/image-84.png","contentUrl":"https:\/\/cdn1.mediawpaccore.net\/wp-content\/uploads\/2026\/01\/19060509\/image-84.png","width":1968,"height":1036,"caption":"Foto: Collage Video Screenshot \/ https:\/\/x.com\/eleanorinthesky"},{"@type":"BreadcrumbList","@id":"https:\/\/www.cuballama.com\/noticias\/accidente-de-trenes-ocurrido-ayer-en-espana-es-el-mas-mortal-en-13-anos-y-el-4to-mayor-en-su-historia-fotos-y-videos\/#breadcrumb","itemListElement":[{"@type":"ListItem","position":1,"name":"Home","item":"https:\/\/www.cuballama.com\/noticias\/"},{"@type":"ListItem","position":2,"name":"Accidente de trenes ocurrido ayer en Espa\u00f1a es el m\u00e1s mortal en 13 a\u00f1os, y el 4to mayor en su historia (+ fotos y videos)"}]},{"@type":"WebSite","@id":"https:\/\/www.cuballama.com\/noticias\/#website","url":"https:\/\/www.cuballama.com\/noticias\/","name":"Cuballama Noticias","description":"Medio digital sobre Cuba y el mundo","publisher":{"@id":"https:\/\/www.cuballama.com\/noticias\/#organization"},"potentialAction":[{"@type":"SearchAction","target":{"@type":"EntryPoint","urlTemplate":"https:\/\/www.cuballama.com\/noticias\/?s={search_term_string}"},"query-input":{"@type":"PropertyValueSpecification","valueRequired":true,"valueName":"search_term_string"}}],"inLanguage":"es"},{"@type":"Organization","@id":"https:\/\/www.cuballama.com\/noticias\/#organization","name":"Cuballama","url":"https:\/\/www.cuballama.com\/noticias\/","logo":{"@type":"ImageObject","inLanguage":"es","@id":"https:\/\/www.cuballama.com\/noticias\/#\/schema\/logo\/image\/","url":"https:\/\/cdn1.mediawpaccore.net\/wp-content\/uploads\/2021\/12\/28171206\/cbll-logo-color-sm.png","contentUrl":"https:\/\/cdn1.mediawpaccore.net\/wp-content\/uploads\/2021\/12\/28171206\/cbll-logo-color-sm.png","width":600,"height":133,"caption":"Cuballama"},"image":{"@id":"https:\/\/www.cuballama.com\/noticias\/#\/schema\/logo\/image\/"},"sameAs":["https:\/\/www.facebook.com\/CubaLlama","https:\/\/x.com\/cuballama","https:\/\/www.instagram.com\/stories\/cuballama_oficial\/","https:\/\/www.youtube.com\/channel\/UCKkFE-d_axENGZcrc4as0IA"]},{"@type":"Person","@id":"https:\/\/www.cuballama.com\/noticias\/#\/schema\/person\/a58502ed4146c8e9f83872e897c76cd2","name":"Roberto A.","description":"Roberto A. Periodista por decisi\u00f3n propia. Interesado en cualquier tema que me apasione y cada vez m\u00e1s comprometido con la verdad y la objetividad period\u00edstica. Graduado en La Habana hace ya muchos a\u00f1os, luego de una accidentada y polvorienta b\u00fasqueda de informaci\u00f3n sobre un tema in\u00e9dito. La Tesis, por cierto, desapareci\u00f3 de la biblioteca y no se conservan copias de la misma.","url":"https:\/\/www.cuballama.com\/noticias\/author\/roberto\/"}]}},"_links":{"self":[{"href":"https:\/\/www.cuballama.com\/noticias\/wp-json\/wp\/v2\/posts\/232548","targetHints":{"allow":["GET"]}}],"collection":[{"href":"https:\/\/www.cuballama.com\/noticias\/wp-json\/wp\/v2\/posts"}],"about":[{"href":"https:\/\/www.cuballama.com\/noticias\/wp-json\/wp\/v2\/types\/post"}],"author":[{"embeddable":true,"href":"https:\/\/www.cuballama.com\/noticias\/wp-json\/wp\/v2\/users\/13"}],"replies":[{"embeddable":true,"href":"https:\/\/www.cuballama.com\/noticias\/wp-json\/wp\/v2\/comments?post=232548"}],"version-history":[{"count":4,"href":"https:\/\/www.cuballama.com\/noticias\/wp-json\/wp\/v2\/posts\/232548\/revisions"}],"predecessor-version":[{"id":232555,"href":"https:\/\/www.cuballama.com\/noticias\/wp-json\/wp\/v2\/posts\/232548\/revisions\/232555"}],"wp:featuredmedia":[{"embeddable":true,"href":"https:\/\/www.cuballama.com\/noticias\/wp-json\/wp\/v2\/media\/232553"}],"wp:attachment":[{"href":"https:\/\/www.cuballama.com\/noticias\/wp-json\/wp\/v2\/media?parent=232548"}],"wp:term":[{"taxonomy":"category","embeddable":true,"href":"https:\/\/www.cuballama.com\/noticias\/wp-json\/wp\/v2\/categories?post=232548"},{"taxonomy":"post_tag","embeddable":true,"href":"https:\/\/www.cuballama.com\/noticias\/wp-json\/wp\/v2\/tags?post=232548"}],"curies":[{"name":"wp","href":"https:\/\/api.w.org\/{rel}","templated":true}]}}