{"id":232542,"date":"2026-01-22T10:06:31","date_gmt":"2026-01-22T15:06:31","guid":{"rendered":"https:\/\/www.cuballama.com\/noticias\/?p=232542"},"modified":"2026-01-22T10:06:33","modified_gmt":"2026-01-22T15:06:33","slug":"cuba-no-es-una-opcion-anciano-cubano-deportado-de-los-ee-uu-se-reinventa-como-barbero-en-mexico","status":"publish","type":"post","link":"https:\/\/www.cuballama.com\/noticias\/cuba-no-es-una-opcion-anciano-cubano-deportado-de-los-ee-uu-se-reinventa-como-barbero-en-mexico\/","title":{"rendered":"Cuba no es una opci\u00f3n: anciano cubano deportado de los EE.UU. se reinventa como barbero en M\u00e9xico"},"content":{"rendered":"\n<p>Felipe Mu\u00f1oz lleg\u00f3 a Villahermosa con 70 a\u00f1os y una frase que suena sencilla solo en apariencia: empezar de cero. Ven\u00eda deportado desde Estados Unidos, con la vida cortada en dos y sin el margen de tiempo que suele acompa\u00f1ar a los recomienzos. En el Parque Ju\u00e1rez, en pleno centro de la ciudad, arm\u00f3 un peque\u00f1o puesto de trabajo con una silla improvisada, tijeras, bata blanca y la misma destreza que acumul\u00f3 durante m\u00e1s de tres d\u00e9cadas detr\u00e1s de una navaja. A falta de un local, hizo del parque su barber\u00eda. A falta de red, se sostuvo en el oficio. <em><a href=\"https:\/\/www.tabascohoy.com\/barbero-cubano-rehace-su-vida-en-el-parque-juarez-tras-ser-deportado\" target=\"_blank\" rel=\"noreferrer noopener nofollow\">Tabasco Hoy<\/a><\/em> lo retrat\u00f3 as\u00ed: un hombre que no pide compasi\u00f3n, cobra 50 pesos por corte y se instala cada d\u00eda con una rutina obstinada, como si el orden del trabajo pudiera compensar el desorden del destino; pero a Cuba no parece querer regresar porque esa, no es una opci\u00f3n para nadie; o casi nadie. <\/p>\n\n\n\n<p>El detalle m\u00e1s revelador de su historia no es la silla ni el parque, sino el origen de sus herramientas. Mu\u00f1oz cont\u00f3 que pudo comprarlas con una tarjeta de cr\u00e9dito que todav\u00eda conservaba de Estados Unidos, una clase de resto material de la vida anterior que, por capricho o iron\u00eda, termin\u00f3 financiando su nueva vida del otro lado de la frontera. <\/p>\n\n\n\n<p><a href=\"https:\/\/x.com\/TabascoHOY\/status\/2012583948140831118\" target=\"_blank\" rel=\"noreferrer noopener\">Seg\u00fan sus propias palabras<\/a>, empez\u00f3 a trabajar pr\u00e1cticamente de inmediato tras llegar a Tabasco, a finales de 2024, y en sus clientes se mezclan familias mexicanas, trabajadores de paso y otros migrantes que se reconocen en el mismo relato: el de la ruta que no termin\u00f3 donde se supon\u00eda.<\/p>\n\n\n\n<figure class=\"wp-block-embed is-type-rich is-provider-twitter wp-block-embed-twitter\"><div class=\"wp-block-embed__wrapper\">\n<blockquote class=\"twitter-tweet\" data-width=\"550\" data-dnt=\"true\"><p lang=\"es\" dir=\"ltr\"><a href=\"https:\/\/twitter.com\/hashtag\/VideoTH?src=hash&amp;ref_src=twsrc%5Etfw\">#VideoTH<\/a>\ud83d\udcf9| Con bata blanca y tijeras en mano, Felipe Mu\u00f1oz se ha vuelto una imagen cotidiana en el Parque Ju\u00e1rez de <a href=\"https:\/\/twitter.com\/hashtag\/Villahermosa?src=hash&amp;ref_src=twsrc%5Etfw\">#Villahermosa<\/a>. A sus 70 a\u00f1os, el ciudadano cubano rehace su vida tras ser deportado de <a href=\"https:\/\/twitter.com\/hashtag\/EstadosUnidos?src=hash&amp;ref_src=twsrc%5Etfw\">#EstadosUnidos<\/a>. <br><br>\ud83d\udc49Lleg\u00f3 a <a href=\"https:\/\/twitter.com\/hashtag\/Tabasco?src=hash&amp;ref_src=twsrc%5Etfw\">#Tabasco<\/a> el \u00faltimo d\u00eda de 2024 y, sin pedir\u2026 <a href=\"https:\/\/t.co\/nsi1zHK1x3\">pic.twitter.com\/nsi1zHK1x3<\/a><\/p>&mdash; Tabasco HOY (@TabascoHOY) <a href=\"https:\/\/twitter.com\/TabascoHOY\/status\/2012583948140831118?ref_src=twsrc%5Etfw\">January 17, 2026<\/a><\/blockquote><script async src=\"https:\/\/platform.twitter.com\/widgets.js\" charset=\"utf-8\"><\/script>\n<\/div><\/figure>\n\n\n\n<p>Ese \u201cdonde se supon\u00eda\u201d es importante, porque la historia de Mu\u00f1oz es \u00fanica. En los \u00faltimos a\u00f1os, M\u00e9xico se ha convertido en una estaci\u00f3n larga \u2014a veces definitiva\u2014 para cubanos que no lograron asentarse en Estados Unidos o quedaron atrapados en el limbo de procesos migratorios, detenciones y deportaciones.  Tal vez miles\u201d de cubanos se vieron forzosamente obligados a cambiar la ruta y rehacer planes en territorio mexicano, no como aventura rom\u00e1ntica sino como alternativa de supervivencia.<\/p>\n\n\n\n<p>noticia que puedes leer: <a href=\"https:\/\/www.cuballama.com\/noticias\/el-sueno-mexicano-cubanos-que-cambiaron-la-ruta-hacia-estados-unidos-por-un-nuevo-hogar\" target=\"_blank\" rel=\"noreferrer noopener\">El sue\u00f1o mexicano: cubanos que cambiaron la ruta hacia Estados Unidos por un nuevo hogar<\/a><br><br>La deportaci\u00f3n hacia M\u00e9xico, adem\u00e1s, tiene sus propias formas de crueldad: no siempre devuelve a la persona a su pa\u00eds de origen, sino que la deja en un territorio donde puede no tener v\u00ednculos, dinero, familia o papeles claros; como por ejemplo, en el caso de Pedro Lorenzo Concepci\u00f3n, narrado por <em>El Pa\u00eds<\/em>: un cubano que termin\u00f3 en Canc\u00fan tras ser expulsado de Estados Unidos y que describ\u00eda su nueva condici\u00f3n como la de alguien \u201ccomo un fantasma\u201d, dependiendo de la ayuda de su esposa, a\u00fan en Florida, mientras la familia intenta sostenerse a distancia.<\/p>\n\n\n\n<p>Sin embargo, la historia de Mu\u00f1oz tiene un matiz diferente a la de Concepci\u00f3n, quien parece todav\u00eda anclado a los EE.UU. Mu\u00f1oz aparece en el reverso de esa narrativa: un hombre mayor, deportado, que decide que su \u00fanica defensa es un trabajo visible y cotidiano, de cara a la gente.<\/p>\n\n\n\n<p>Ahora, el anciano cubano enfoca su mirada hacia Espa\u00f1a, donde lo esperan hijas y nietos, y el parque es una estaci\u00f3n de paso, no un destino so\u00f1ado. Pero mientras ese reencuentro no llega, cada corte opera como una declaraci\u00f3n pr\u00e1ctica: <strong>Cuba no es una opci\u00f3n<\/strong>, Estados Unidos ya no fue, y M\u00e9xico \u2014con todo lo precario y lo duro\u2014 se convierte en el lugar donde la vida contin\u00faa.<\/p>\n\n\n\n<p><br><\/p>\n","protected":false},"excerpt":{"rendered":"<p>Deportado de EE.UU., Felipe Mu\u00f1oz, barbero cubano de 70 a\u00f1os, se gana la vida en un parque de Villahermosa y encarna el \u201csue\u00f1o mexicano\u201d.<\/p>\n","protected":false},"author":13,"featured_media":232562,"comment_status":"open","ping_status":"closed","sticky":false,"template":"","format":"standard","meta":{"_acf_changed":false,"footnotes":""},"categories":[18,957],"tags":[15514,29553,691,602,281,6917,23505,30079,30078],"class_list":{"0":"post-232542","1":"post","2":"type-post","3":"status-publish","4":"format-standard","5":"has-post-thumbnail","7":"category-noticias","8":"category-noticias-internacionales","9":"tag-barbero","10":"tag-comunidad-migrante","11":"tag-deportaciones","12":"tag-estados-unidos","13":"tag-mexico","14":"tag-migracion-cubana","15":"tag-sueno-mexicano","16":"tag-tabasco","17":"tag-villahermosa"},"acf":[],"yoast_head":"<!-- This site is optimized with the Yoast SEO plugin v27.4 - https:\/\/yoast.com\/product\/yoast-seo-wordpress\/ -->\n<title>Cuba no es una opci\u00f3n: anciano cubano deportado de los EE.UU. se reinventa como barbero en M\u00e9xico - Cuballama Noticias<\/title>\n<meta name=\"description\" content=\"Deportado de EE.UU., un barbero cubano de 70 a\u00f1os rehace su vida en M\u00e9xico; para \u00e9l Cuba no es una opci\u00f3n y mira hacia Espa\u00f1a.\" \/>\n<meta name=\"robots\" content=\"index, follow, max-snippet:-1, max-image-preview:large, max-video-preview:-1\" \/>\n<link rel=\"canonical\" href=\"https:\/\/www.cuballama.com\/noticias\/cuba-no-es-una-opcion-anciano-cubano-deportado-de-los-ee-uu-se-reinventa-como-barbero-en-mexico\/\" \/>\n<meta property=\"og:locale\" content=\"es_ES\" \/>\n<meta property=\"og:type\" content=\"article\" \/>\n<meta property=\"og:title\" content=\"Cuba no es una opci\u00f3n: anciano cubano deportado de los EE.UU. se reinventa como barbero en M\u00e9xico - Cuballama Noticias\" \/>\n<meta property=\"og:description\" content=\"Deportado de EE.UU., un barbero cubano de 70 a\u00f1os rehace su vida en M\u00e9xico; para \u00e9l Cuba no es una opci\u00f3n y mira hacia Espa\u00f1a.\" \/>\n<meta property=\"og:url\" content=\"https:\/\/www.cuballama.com\/noticias\/cuba-no-es-una-opcion-anciano-cubano-deportado-de-los-ee-uu-se-reinventa-como-barbero-en-mexico\/\" \/>\n<meta property=\"og:site_name\" content=\"Cuballama Noticias\" \/>\n<meta property=\"article:publisher\" content=\"https:\/\/www.facebook.com\/CubaLlama\" \/>\n<meta property=\"article:published_time\" content=\"2026-01-22T15:06:31+00:00\" \/>\n<meta property=\"article:modified_time\" content=\"2026-01-22T15:06:33+00:00\" \/>\n<meta property=\"og:image\" content=\"https:\/\/cdn1.mediawpaccore.net\/wp-content\/uploads\/2026\/01\/19064302\/image-85-1024x524.png\" \/>\n\t<meta property=\"og:image:width\" content=\"1024\" \/>\n\t<meta property=\"og:image:height\" content=\"524\" \/>\n\t<meta property=\"og:image:type\" content=\"image\/png\" \/>\n<meta name=\"author\" content=\"Roberto A.\" \/>\n<meta name=\"twitter:card\" content=\"summary_large_image\" \/>\n<meta name=\"twitter:creator\" content=\"@cuballama\" \/>\n<meta name=\"twitter:site\" content=\"@cuballama\" \/>\n<meta name=\"twitter:label1\" content=\"Escrito por\" \/>\n\t<meta name=\"twitter:data1\" content=\"Roberto A.\" \/>\n\t<meta name=\"twitter:label2\" content=\"Tiempo de lectura\" \/>\n\t<meta name=\"twitter:data2\" content=\"1 minuto\" \/>\n<script type=\"application\/ld+json\" class=\"yoast-schema-graph\">{\"@context\":\"https:\\\/\\\/schema.org\",\"@graph\":[{\"@type\":\"Article\",\"@id\":\"https:\\\/\\\/www.cuballama.com\\\/noticias\\\/cuba-no-es-una-opcion-anciano-cubano-deportado-de-los-ee-uu-se-reinventa-como-barbero-en-mexico\\\/#article\",\"isPartOf\":{\"@id\":\"https:\\\/\\\/www.cuballama.com\\\/noticias\\\/cuba-no-es-una-opcion-anciano-cubano-deportado-de-los-ee-uu-se-reinventa-como-barbero-en-mexico\\\/\"},\"author\":{\"name\":\"Roberto A.\",\"@id\":\"https:\\\/\\\/www.cuballama.com\\\/noticias\\\/#\\\/schema\\\/person\\\/a58502ed4146c8e9f83872e897c76cd2\"},\"headline\":\"Cuba no es una opci\u00f3n: anciano cubano deportado de los EE.UU. se reinventa como barbero en M\u00e9xico\",\"datePublished\":\"2026-01-22T15:06:31+00:00\",\"dateModified\":\"2026-01-22T15:06:33+00:00\",\"mainEntityOfPage\":{\"@id\":\"https:\\\/\\\/www.cuballama.com\\\/noticias\\\/cuba-no-es-una-opcion-anciano-cubano-deportado-de-los-ee-uu-se-reinventa-como-barbero-en-mexico\\\/\"},\"wordCount\":648,\"commentCount\":0,\"publisher\":{\"@id\":\"https:\\\/\\\/www.cuballama.com\\\/noticias\\\/#organization\"},\"image\":{\"@id\":\"https:\\\/\\\/www.cuballama.com\\\/noticias\\\/cuba-no-es-una-opcion-anciano-cubano-deportado-de-los-ee-uu-se-reinventa-como-barbero-en-mexico\\\/#primaryimage\"},\"thumbnailUrl\":\"https:\\\/\\\/cdn1.mediawpaccore.net\\\/wp-content\\\/uploads\\\/2026\\\/01\\\/19064302\\\/image-85.png\",\"keywords\":[\"Barbero\",\"comunidad migrante\",\"Deportaciones\",\"Estados Unidos\",\"M\u00e9xico\",\"Migraci\u00f3n cubana\",\"Sue\u00f1o Mexicano\",\"Tabasco\",\"Villahermosa\"],\"articleSection\":[\"Noticias\",\"Noticias Internacionales\"],\"inLanguage\":\"es\",\"potentialAction\":[{\"@type\":\"CommentAction\",\"name\":\"Comment\",\"target\":[\"https:\\\/\\\/www.cuballama.com\\\/noticias\\\/cuba-no-es-una-opcion-anciano-cubano-deportado-de-los-ee-uu-se-reinventa-como-barbero-en-mexico\\\/#respond\"]}]},{\"@type\":\"WebPage\",\"@id\":\"https:\\\/\\\/www.cuballama.com\\\/noticias\\\/cuba-no-es-una-opcion-anciano-cubano-deportado-de-los-ee-uu-se-reinventa-como-barbero-en-mexico\\\/\",\"url\":\"https:\\\/\\\/www.cuballama.com\\\/noticias\\\/cuba-no-es-una-opcion-anciano-cubano-deportado-de-los-ee-uu-se-reinventa-como-barbero-en-mexico\\\/\",\"name\":\"Cuba no es una opci\u00f3n: anciano cubano deportado de los EE.UU. se reinventa como barbero en M\u00e9xico - Cuballama Noticias\",\"isPartOf\":{\"@id\":\"https:\\\/\\\/www.cuballama.com\\\/noticias\\\/#website\"},\"primaryImageOfPage\":{\"@id\":\"https:\\\/\\\/www.cuballama.com\\\/noticias\\\/cuba-no-es-una-opcion-anciano-cubano-deportado-de-los-ee-uu-se-reinventa-como-barbero-en-mexico\\\/#primaryimage\"},\"image\":{\"@id\":\"https:\\\/\\\/www.cuballama.com\\\/noticias\\\/cuba-no-es-una-opcion-anciano-cubano-deportado-de-los-ee-uu-se-reinventa-como-barbero-en-mexico\\\/#primaryimage\"},\"thumbnailUrl\":\"https:\\\/\\\/cdn1.mediawpaccore.net\\\/wp-content\\\/uploads\\\/2026\\\/01\\\/19064302\\\/image-85.png\",\"datePublished\":\"2026-01-22T15:06:31+00:00\",\"dateModified\":\"2026-01-22T15:06:33+00:00\",\"description\":\"Deportado de EE.UU., un barbero cubano de 70 a\u00f1os rehace su vida en M\u00e9xico; para \u00e9l Cuba no es una opci\u00f3n y mira hacia Espa\u00f1a.\",\"breadcrumb\":{\"@id\":\"https:\\\/\\\/www.cuballama.com\\\/noticias\\\/cuba-no-es-una-opcion-anciano-cubano-deportado-de-los-ee-uu-se-reinventa-como-barbero-en-mexico\\\/#breadcrumb\"},\"inLanguage\":\"es\",\"potentialAction\":[{\"@type\":\"ReadAction\",\"target\":[\"https:\\\/\\\/www.cuballama.com\\\/noticias\\\/cuba-no-es-una-opcion-anciano-cubano-deportado-de-los-ee-uu-se-reinventa-como-barbero-en-mexico\\\/\"]}]},{\"@type\":\"ImageObject\",\"inLanguage\":\"es\",\"@id\":\"https:\\\/\\\/www.cuballama.com\\\/noticias\\\/cuba-no-es-una-opcion-anciano-cubano-deportado-de-los-ee-uu-se-reinventa-como-barbero-en-mexico\\\/#primaryimage\",\"url\":\"https:\\\/\\\/cdn1.mediawpaccore.net\\\/wp-content\\\/uploads\\\/2026\\\/01\\\/19064302\\\/image-85.png\",\"contentUrl\":\"https:\\\/\\\/cdn1.mediawpaccore.net\\\/wp-content\\\/uploads\\\/2026\\\/01\\\/19064302\\\/image-85.png\",\"width\":2268,\"height\":1160,\"caption\":\"Foto: Video Sceenshot v\u00eda X \\\/ TabascoHoy\"},{\"@type\":\"BreadcrumbList\",\"@id\":\"https:\\\/\\\/www.cuballama.com\\\/noticias\\\/cuba-no-es-una-opcion-anciano-cubano-deportado-de-los-ee-uu-se-reinventa-como-barbero-en-mexico\\\/#breadcrumb\",\"itemListElement\":[{\"@type\":\"ListItem\",\"position\":1,\"name\":\"Home\",\"item\":\"https:\\\/\\\/www.cuballama.com\\\/noticias\\\/\"},{\"@type\":\"ListItem\",\"position\":2,\"name\":\"Cuba no es una opci\u00f3n: anciano cubano deportado de los EE.UU. se reinventa como barbero en M\u00e9xico\"}]},{\"@type\":\"WebSite\",\"@id\":\"https:\\\/\\\/www.cuballama.com\\\/noticias\\\/#website\",\"url\":\"https:\\\/\\\/www.cuballama.com\\\/noticias\\\/\",\"name\":\"Cuballama Noticias\",\"description\":\"Medio digital sobre Cuba y el mundo\",\"publisher\":{\"@id\":\"https:\\\/\\\/www.cuballama.com\\\/noticias\\\/#organization\"},\"potentialAction\":[{\"@type\":\"SearchAction\",\"target\":{\"@type\":\"EntryPoint\",\"urlTemplate\":\"https:\\\/\\\/www.cuballama.com\\\/noticias\\\/?s={search_term_string}\"},\"query-input\":{\"@type\":\"PropertyValueSpecification\",\"valueRequired\":true,\"valueName\":\"search_term_string\"}}],\"inLanguage\":\"es\"},{\"@type\":\"Organization\",\"@id\":\"https:\\\/\\\/www.cuballama.com\\\/noticias\\\/#organization\",\"name\":\"Cuballama\",\"url\":\"https:\\\/\\\/www.cuballama.com\\\/noticias\\\/\",\"logo\":{\"@type\":\"ImageObject\",\"inLanguage\":\"es\",\"@id\":\"https:\\\/\\\/www.cuballama.com\\\/noticias\\\/#\\\/schema\\\/logo\\\/image\\\/\",\"url\":\"https:\\\/\\\/cdn1.mediawpaccore.net\\\/wp-content\\\/uploads\\\/2021\\\/12\\\/28171206\\\/cbll-logo-color-sm.png\",\"contentUrl\":\"https:\\\/\\\/cdn1.mediawpaccore.net\\\/wp-content\\\/uploads\\\/2021\\\/12\\\/28171206\\\/cbll-logo-color-sm.png\",\"width\":600,\"height\":133,\"caption\":\"Cuballama\"},\"image\":{\"@id\":\"https:\\\/\\\/www.cuballama.com\\\/noticias\\\/#\\\/schema\\\/logo\\\/image\\\/\"},\"sameAs\":[\"https:\\\/\\\/www.facebook.com\\\/CubaLlama\",\"https:\\\/\\\/x.com\\\/cuballama\",\"https:\\\/\\\/www.instagram.com\\\/stories\\\/cuballama_oficial\\\/\",\"https:\\\/\\\/www.youtube.com\\\/channel\\\/UCKkFE-d_axENGZcrc4as0IA\"]},{\"@type\":\"Person\",\"@id\":\"https:\\\/\\\/www.cuballama.com\\\/noticias\\\/#\\\/schema\\\/person\\\/a58502ed4146c8e9f83872e897c76cd2\",\"name\":\"Roberto A.\",\"description\":\"Roberto A. Periodista por decisi\u00f3n propia. Interesado en cualquier tema que me apasione y cada vez m\u00e1s comprometido con la verdad y la objetividad period\u00edstica. Graduado en La Habana hace ya muchos a\u00f1os, luego de una accidentada y polvorienta b\u00fasqueda de informaci\u00f3n sobre un tema in\u00e9dito. La Tesis, por cierto, desapareci\u00f3 de la biblioteca y no se conservan copias de la misma.\",\"url\":\"https:\\\/\\\/www.cuballama.com\\\/noticias\\\/author\\\/roberto\\\/\"}]}<\/script>\n<!-- \/ Yoast SEO plugin. -->","yoast_head_json":{"title":"Cuba no es una opci\u00f3n: anciano cubano deportado de los EE.UU. se reinventa como barbero en M\u00e9xico - Cuballama Noticias","description":"Deportado de EE.UU., un barbero cubano de 70 a\u00f1os rehace su vida en M\u00e9xico; para \u00e9l Cuba no es una opci\u00f3n y mira hacia Espa\u00f1a.","robots":{"index":"index","follow":"follow","max-snippet":"max-snippet:-1","max-image-preview":"max-image-preview:large","max-video-preview":"max-video-preview:-1"},"canonical":"https:\/\/www.cuballama.com\/noticias\/cuba-no-es-una-opcion-anciano-cubano-deportado-de-los-ee-uu-se-reinventa-como-barbero-en-mexico\/","og_locale":"es_ES","og_type":"article","og_title":"Cuba no es una opci\u00f3n: anciano cubano deportado de los EE.UU. se reinventa como barbero en M\u00e9xico - Cuballama Noticias","og_description":"Deportado de EE.UU., un barbero cubano de 70 a\u00f1os rehace su vida en M\u00e9xico; para \u00e9l Cuba no es una opci\u00f3n y mira hacia Espa\u00f1a.","og_url":"https:\/\/www.cuballama.com\/noticias\/cuba-no-es-una-opcion-anciano-cubano-deportado-de-los-ee-uu-se-reinventa-como-barbero-en-mexico\/","og_site_name":"Cuballama Noticias","article_publisher":"https:\/\/www.facebook.com\/CubaLlama","article_published_time":"2026-01-22T15:06:31+00:00","article_modified_time":"2026-01-22T15:06:33+00:00","og_image":[{"width":1024,"height":524,"url":"https:\/\/cdn1.mediawpaccore.net\/wp-content\/uploads\/2026\/01\/19064302\/image-85-1024x524.png","type":"image\/png"}],"author":"Roberto A.","twitter_card":"summary_large_image","twitter_creator":"@cuballama","twitter_site":"@cuballama","twitter_misc":{"Escrito por":"Roberto A.","Tiempo de lectura":"1 minuto"},"schema":{"@context":"https:\/\/schema.org","@graph":[{"@type":"Article","@id":"https:\/\/www.cuballama.com\/noticias\/cuba-no-es-una-opcion-anciano-cubano-deportado-de-los-ee-uu-se-reinventa-como-barbero-en-mexico\/#article","isPartOf":{"@id":"https:\/\/www.cuballama.com\/noticias\/cuba-no-es-una-opcion-anciano-cubano-deportado-de-los-ee-uu-se-reinventa-como-barbero-en-mexico\/"},"author":{"name":"Roberto A.","@id":"https:\/\/www.cuballama.com\/noticias\/#\/schema\/person\/a58502ed4146c8e9f83872e897c76cd2"},"headline":"Cuba no es una opci\u00f3n: anciano cubano deportado de los EE.UU. se reinventa como barbero en M\u00e9xico","datePublished":"2026-01-22T15:06:31+00:00","dateModified":"2026-01-22T15:06:33+00:00","mainEntityOfPage":{"@id":"https:\/\/www.cuballama.com\/noticias\/cuba-no-es-una-opcion-anciano-cubano-deportado-de-los-ee-uu-se-reinventa-como-barbero-en-mexico\/"},"wordCount":648,"commentCount":0,"publisher":{"@id":"https:\/\/www.cuballama.com\/noticias\/#organization"},"image":{"@id":"https:\/\/www.cuballama.com\/noticias\/cuba-no-es-una-opcion-anciano-cubano-deportado-de-los-ee-uu-se-reinventa-como-barbero-en-mexico\/#primaryimage"},"thumbnailUrl":"https:\/\/cdn1.mediawpaccore.net\/wp-content\/uploads\/2026\/01\/19064302\/image-85.png","keywords":["Barbero","comunidad migrante","Deportaciones","Estados Unidos","M\u00e9xico","Migraci\u00f3n cubana","Sue\u00f1o Mexicano","Tabasco","Villahermosa"],"articleSection":["Noticias","Noticias Internacionales"],"inLanguage":"es","potentialAction":[{"@type":"CommentAction","name":"Comment","target":["https:\/\/www.cuballama.com\/noticias\/cuba-no-es-una-opcion-anciano-cubano-deportado-de-los-ee-uu-se-reinventa-como-barbero-en-mexico\/#respond"]}]},{"@type":"WebPage","@id":"https:\/\/www.cuballama.com\/noticias\/cuba-no-es-una-opcion-anciano-cubano-deportado-de-los-ee-uu-se-reinventa-como-barbero-en-mexico\/","url":"https:\/\/www.cuballama.com\/noticias\/cuba-no-es-una-opcion-anciano-cubano-deportado-de-los-ee-uu-se-reinventa-como-barbero-en-mexico\/","name":"Cuba no es una opci\u00f3n: anciano cubano deportado de los EE.UU. se reinventa como barbero en M\u00e9xico - Cuballama Noticias","isPartOf":{"@id":"https:\/\/www.cuballama.com\/noticias\/#website"},"primaryImageOfPage":{"@id":"https:\/\/www.cuballama.com\/noticias\/cuba-no-es-una-opcion-anciano-cubano-deportado-de-los-ee-uu-se-reinventa-como-barbero-en-mexico\/#primaryimage"},"image":{"@id":"https:\/\/www.cuballama.com\/noticias\/cuba-no-es-una-opcion-anciano-cubano-deportado-de-los-ee-uu-se-reinventa-como-barbero-en-mexico\/#primaryimage"},"thumbnailUrl":"https:\/\/cdn1.mediawpaccore.net\/wp-content\/uploads\/2026\/01\/19064302\/image-85.png","datePublished":"2026-01-22T15:06:31+00:00","dateModified":"2026-01-22T15:06:33+00:00","description":"Deportado de EE.UU., un barbero cubano de 70 a\u00f1os rehace su vida en M\u00e9xico; para \u00e9l Cuba no es una opci\u00f3n y mira hacia Espa\u00f1a.","breadcrumb":{"@id":"https:\/\/www.cuballama.com\/noticias\/cuba-no-es-una-opcion-anciano-cubano-deportado-de-los-ee-uu-se-reinventa-como-barbero-en-mexico\/#breadcrumb"},"inLanguage":"es","potentialAction":[{"@type":"ReadAction","target":["https:\/\/www.cuballama.com\/noticias\/cuba-no-es-una-opcion-anciano-cubano-deportado-de-los-ee-uu-se-reinventa-como-barbero-en-mexico\/"]}]},{"@type":"ImageObject","inLanguage":"es","@id":"https:\/\/www.cuballama.com\/noticias\/cuba-no-es-una-opcion-anciano-cubano-deportado-de-los-ee-uu-se-reinventa-como-barbero-en-mexico\/#primaryimage","url":"https:\/\/cdn1.mediawpaccore.net\/wp-content\/uploads\/2026\/01\/19064302\/image-85.png","contentUrl":"https:\/\/cdn1.mediawpaccore.net\/wp-content\/uploads\/2026\/01\/19064302\/image-85.png","width":2268,"height":1160,"caption":"Foto: Video Sceenshot v\u00eda X \/ TabascoHoy"},{"@type":"BreadcrumbList","@id":"https:\/\/www.cuballama.com\/noticias\/cuba-no-es-una-opcion-anciano-cubano-deportado-de-los-ee-uu-se-reinventa-como-barbero-en-mexico\/#breadcrumb","itemListElement":[{"@type":"ListItem","position":1,"name":"Home","item":"https:\/\/www.cuballama.com\/noticias\/"},{"@type":"ListItem","position":2,"name":"Cuba no es una opci\u00f3n: anciano cubano deportado de los EE.UU. se reinventa como barbero en M\u00e9xico"}]},{"@type":"WebSite","@id":"https:\/\/www.cuballama.com\/noticias\/#website","url":"https:\/\/www.cuballama.com\/noticias\/","name":"Cuballama Noticias","description":"Medio digital sobre Cuba y el mundo","publisher":{"@id":"https:\/\/www.cuballama.com\/noticias\/#organization"},"potentialAction":[{"@type":"SearchAction","target":{"@type":"EntryPoint","urlTemplate":"https:\/\/www.cuballama.com\/noticias\/?s={search_term_string}"},"query-input":{"@type":"PropertyValueSpecification","valueRequired":true,"valueName":"search_term_string"}}],"inLanguage":"es"},{"@type":"Organization","@id":"https:\/\/www.cuballama.com\/noticias\/#organization","name":"Cuballama","url":"https:\/\/www.cuballama.com\/noticias\/","logo":{"@type":"ImageObject","inLanguage":"es","@id":"https:\/\/www.cuballama.com\/noticias\/#\/schema\/logo\/image\/","url":"https:\/\/cdn1.mediawpaccore.net\/wp-content\/uploads\/2021\/12\/28171206\/cbll-logo-color-sm.png","contentUrl":"https:\/\/cdn1.mediawpaccore.net\/wp-content\/uploads\/2021\/12\/28171206\/cbll-logo-color-sm.png","width":600,"height":133,"caption":"Cuballama"},"image":{"@id":"https:\/\/www.cuballama.com\/noticias\/#\/schema\/logo\/image\/"},"sameAs":["https:\/\/www.facebook.com\/CubaLlama","https:\/\/x.com\/cuballama","https:\/\/www.instagram.com\/stories\/cuballama_oficial\/","https:\/\/www.youtube.com\/channel\/UCKkFE-d_axENGZcrc4as0IA"]},{"@type":"Person","@id":"https:\/\/www.cuballama.com\/noticias\/#\/schema\/person\/a58502ed4146c8e9f83872e897c76cd2","name":"Roberto A.","description":"Roberto A. Periodista por decisi\u00f3n propia. Interesado en cualquier tema que me apasione y cada vez m\u00e1s comprometido con la verdad y la objetividad period\u00edstica. Graduado en La Habana hace ya muchos a\u00f1os, luego de una accidentada y polvorienta b\u00fasqueda de informaci\u00f3n sobre un tema in\u00e9dito. La Tesis, por cierto, desapareci\u00f3 de la biblioteca y no se conservan copias de la misma.","url":"https:\/\/www.cuballama.com\/noticias\/author\/roberto\/"}]}},"_links":{"self":[{"href":"https:\/\/www.cuballama.com\/noticias\/wp-json\/wp\/v2\/posts\/232542","targetHints":{"allow":["GET"]}}],"collection":[{"href":"https:\/\/www.cuballama.com\/noticias\/wp-json\/wp\/v2\/posts"}],"about":[{"href":"https:\/\/www.cuballama.com\/noticias\/wp-json\/wp\/v2\/types\/post"}],"author":[{"embeddable":true,"href":"https:\/\/www.cuballama.com\/noticias\/wp-json\/wp\/v2\/users\/13"}],"replies":[{"embeddable":true,"href":"https:\/\/www.cuballama.com\/noticias\/wp-json\/wp\/v2\/comments?post=232542"}],"version-history":[{"count":3,"href":"https:\/\/www.cuballama.com\/noticias\/wp-json\/wp\/v2\/posts\/232542\/revisions"}],"predecessor-version":[{"id":232563,"href":"https:\/\/www.cuballama.com\/noticias\/wp-json\/wp\/v2\/posts\/232542\/revisions\/232563"}],"wp:featuredmedia":[{"embeddable":true,"href":"https:\/\/www.cuballama.com\/noticias\/wp-json\/wp\/v2\/media\/232562"}],"wp:attachment":[{"href":"https:\/\/www.cuballama.com\/noticias\/wp-json\/wp\/v2\/media?parent=232542"}],"wp:term":[{"taxonomy":"category","embeddable":true,"href":"https:\/\/www.cuballama.com\/noticias\/wp-json\/wp\/v2\/categories?post=232542"},{"taxonomy":"post_tag","embeddable":true,"href":"https:\/\/www.cuballama.com\/noticias\/wp-json\/wp\/v2\/tags?post=232542"}],"curies":[{"name":"wp","href":"https:\/\/api.w.org\/{rel}","templated":true}]}}