{"id":232528,"date":"2026-01-19T12:14:00","date_gmt":"2026-01-19T17:14:00","guid":{"rendered":"https:\/\/www.cuballama.com\/noticias\/?p=232528"},"modified":"2026-01-19T12:14:04","modified_gmt":"2026-01-19T17:14:04","slug":"asciende-a-39-el-numero-de-muertos-tras-el-choque-de-dos-trenes-de-alta-velocidad-en-adamuz-cordoba-espana","status":"publish","type":"post","link":"https:\/\/www.cuballama.com\/noticias\/asciende-a-39-el-numero-de-muertos-tras-el-choque-de-dos-trenes-de-alta-velocidad-en-adamuz-cordoba-espana\/","title":{"rendered":"Asciende a 39 el n\u00famero de muertos tras el choque de dos trenes de alta velocidad en Adamuz (C\u00f3rdoba), Espa\u00f1a"},"content":{"rendered":"\n<p>La tarde del domingo 18 de enero de 2026, el municipio de Adamuz, en la provincia de C\u00f3rdoba, se vio sacudido por una de las tragedias ferroviarias m\u00e1s graves ocurridas en Espa\u00f1a en a\u00f1os recientes. Sobre las 19:39 horas, un tren de alta velocidad operado por la compa\u00f1\u00eda Iryo que viajaba desde M\u00e1laga hacia Madrid-Puerta de Atocha sufri\u00f3 un descarrilamiento parcial que lo llev\u00f3 a invadir la v\u00eda contigua, donde circulaba en sentido contrario un tren Alvia de Renfe con destino a Huelva. La posterior colisi\u00f3n entre ambos convoyes provoc\u00f3 un siniestro de gran magnitud con cifras provisionales de al menos 39 fallecidos y m\u00e1s de 150 heridos.<\/p>\n\n\n\n<p>De acuerdo con fuentes oficiales, el tren de Iryo, con alrededor de 317 pasajeros a bordo, perdi\u00f3 el guiado de sus \u00faltimos vagones poco despu\u00e9s de salir de la estaci\u00f3n de C\u00f3rdoba-Julio Anguita. Estos vagones cruzaron al carril contrario y se estrellaron contra el Alvia que circulaba en sentido inverso, lo que provoc\u00f3 que varios de sus coches descarrilaran y uno incluso cayera por un terrapl\u00e9n de varios metros de altura. Entre los fallecidos se encuentra, seg\u00fan los primeros informes, el maquinista del tren de Renfe.<\/p>\n\n\n\n<p>El impacto dej\u00f3 escenas devastadoras: vagones retorcidos fuera de las v\u00edas, pasajeros atrapados y un despliegue masivo de servicios de emergencia, bomberos, Guardia Civil y sanitarios. La complejidad del terreno en Adamuz, con accesos complicados, oblig\u00f3 a los equipos de rescate a trabajar hasta altas horas de la noche con maquinaria pesada para liberar a heridos y recuperar cuerpos.<\/p>\n\n\n\n<div style=\"width:100%;padding-top:64%;position:relative;border-bottom:1px solid #aaa;display:inline-block;background:#eee;background:rgba(255,255,255,0.9);\"><iframe src=\"https:\/\/secure-embed.rtve.es\/drmn\/embed\/video\/16899816\" name=\"Al menos 39 muertos y m\u00e1s de cien heridos al descarrilar dos trenes de alta velocidad en la localidad cordobesa de Adamuz\" style=\"width:100%;height:90%;position:absolute;left:0;top:0;overflow:hidden;border:none;background-color:transparent;\" scrolling=\"no\" allowfullscreen=\"allowfullscreen\"><\/iframe><div style=\"position:absolute;bottom:0;left:0;font-family:arial,helvetica,sans-serif;font-size:12px;line-height:1.833;display:inline-block;padding:5px 0 5px 10px;\"><span style=\"float:left;margin-right:10px;\"><img decoding=\"async\" style=\"height:20px;width:auto;background: transparent;padding:0;margin:0;\" src=\"https:\/\/img2.rtve.es\/css\/rtve.commons\/rtve.header.footer\/i\/logoRTVEes.png\"><\/span><a style=\"color:#333;font-weight:bold;\" title=\"Al menos 39 muertos y m\u00e1s de cien heridos al descarrilar dos trenes de alta velocidad en la localidad cordobesa de Adamuz\" href=\"https:\/\/www.rtve.es\/play\/videos\/la-hora-de-la-1\/39-muertos-mas-cien-heridos-descarrilar-dos-trenes-alta-velocidad-adamuz\/16899816\/\"><strong>Al menos 39 muertos y m\u00e1s de cien heridos al descarrilar dos trenes de alta velocidad en la localidad cordobesa de Adamuz<\/strong><\/a><\/div><\/div>\n\n\n\n<p>El ministerio de Transportes y Movilidad Sostenible, encabezado por \u00d3scar Puente, se desplaz\u00f3 personalmente al lugar del accidente. Puente calific\u00f3 el suceso como \u201craro y dif\u00edcil de explicar\u201d, subrayando que el tramo de v\u00eda donde ocurri\u00f3 el descarrilamiento hab\u00eda sido recientemente renovado y es un tramo recto, lo que inicialmente descartar\u00eda causas habituales como exceso de velocidad en curvas. Puente pidi\u00f3 prudencia hasta que la investigaci\u00f3n t\u00e9cnica avance y no se emitan conclusiones prematuras.<\/p>\n\n\n\n<p>La Comisi\u00f3n de Investigaci\u00f3n de Accidentes Ferroviarios (CIAF) ha sido designada para liderar el an\u00e1lisis t\u00e9cnico del siniestro. Esta comisi\u00f3n, organismo especializado en Espa\u00f1a para accidentes de este tipo, examinar\u00e1 registros de velocidad, datos de se\u00f1alizaci\u00f3n, mantenimiento de la infraestructura y el comportamiento de los sistemas de seguridad que deb\u00edan evitar colisiones o frenados autom\u00e1ticos. Expertos ferroviarios citados por medios nacionales han advertido que, cuando hay muy poco margen de tiempo y distancia entre dos trenes en v\u00eda opuesta, incluso los sistemas autom\u00e1ticos pueden quedar sin capacidad de reacci\u00f3n suficiente.<\/p>\n\n\n\n<figure class=\"wp-block-embed is-type-rich is-provider-twitter wp-block-embed-twitter\"><div class=\"wp-block-embed__wrapper\">\n<blockquote class=\"twitter-tweet\" data-width=\"550\" data-dnt=\"true\"><p lang=\"es\" dir=\"ltr\">\ud83d\udd38Im\u00e1genes a\u00e9reas del accidente ferroviario en Adamuz<br><br>Las autoridades advierten de que las donaciones de sangre ser\u00e1n especialmente necesarias en los pr\u00f3ximos d\u00edas.<br><br>\ud83d\udcf8Guardia Civil<br><br>\u25b6\ufe0f<a href=\"https:\/\/t.co\/LGn7unFu4w\">https:\/\/t.co\/LGn7unFu4w<\/a> <a href=\"https:\/\/t.co\/zAsRdSi3ZG\">pic.twitter.com\/zAsRdSi3ZG<\/a><\/p>&mdash; RTVE Noticias (@rtvenoticias) <a href=\"https:\/\/twitter.com\/rtvenoticias\/status\/2013190334394605986?ref_src=twsrc%5Etfw\">January 19, 2026<\/a><\/blockquote><script async src=\"https:\/\/platform.twitter.com\/widgets.js\" charset=\"utf-8\"><\/script>\n<\/div><\/figure>\n\n\n\n<p>Las consecuencias inmediatas del accidente se dejaron sentir de forma r\u00e1pida: Adif suspendi\u00f3 temporalmente todos los servicios de alta velocidad entre Madrid y varias ciudades andaluzas como Sevilla, C\u00f3rdoba, M\u00e1laga y Huelva, afectando a miles de viajeros que se vieron obligados a reprogramar sus desplazamientos o recurrir a transporte por carretera. En las principales estaciones, especialmente Puerta de Atocha en Madrid, C\u00f3rdoba y Huelva, se habilitaron espacios de atenci\u00f3n para familiares y afectados, junto con asistencia psicol\u00f3gica. Tanto Iryo como Renfe activaron l\u00edneas telef\u00f3nicas de atenci\u00f3n y apoyos log\u00edsticos para gestionar consultas y facilitar informaci\u00f3n en tiempo real. <\/p>\n\n\n\n<figure class=\"wp-block-embed is-type-rich is-provider-twitter wp-block-embed-twitter\"><div class=\"wp-block-embed__wrapper\">\n<blockquote class=\"twitter-tweet\" data-width=\"550\" data-dnt=\"true\"><p lang=\"es\" dir=\"ltr\">Descarrila un tren en C\u00f3rdoba <a href=\"https:\/\/twitter.com\/hashtag\/Adamuz?src=hash&amp;ref_src=twsrc%5Etfw\">#Adamuz<\/a> desplazados efectivos sanitarios <a href=\"https:\/\/twitter.com\/E112Andalucia?ref_src=twsrc%5Etfw\">@E112Andalucia<\/a><br><br>Circulan im\u00e1genes y v\u00eddeos del accidente. <a href=\"https:\/\/t.co\/97WWdsxy7L\">pic.twitter.com\/97WWdsxy7L<\/a><\/p>&mdash; Pablo Fern\u00e1ndez (@SantaLeonor13) <a href=\"https:\/\/twitter.com\/SantaLeonor13\/status\/2012984358412431571?ref_src=twsrc%5Etfw\">January 18, 2026<\/a><\/blockquote><script async src=\"https:\/\/platform.twitter.com\/widgets.js\" charset=\"utf-8\"><\/script>\n<\/div><\/figure>\n\n\n\n<p>La tragedia caus\u00f3 una respuesta social inmediata: vecinos del entorno se presentaron espont\u00e1neamente para ayudar a rescatistas y heridos, aportando veh\u00edculos y conocimientos del terreno para facilitar desplazamientos y log\u00edstica. Organizaciones sociales y representaciones culturales tambi\u00e9n expresaron su solidaridad en redes, y varias figuras p\u00fablicas trasladaron sus condolencias a las familias afectadas.<\/p>\n\n\n\n<figure class=\"wp-block-embed is-type-rich is-provider-twitter wp-block-embed-twitter\"><div class=\"wp-block-embed__wrapper\">\n<blockquote class=\"twitter-tweet\" data-width=\"550\" data-dnt=\"true\"><p lang=\"es\" dir=\"ltr\">Los Reyes Felipe VI y Letizia, desde Atenas: &quot;La prioridad ahora es atender, es acompa\u00f1ar, es ayudar, es asistir a todas las personas que se han visto afectadas por este accidente&quot;.<br><br>Los Reyes han anticipado su regreso desde Atenas para estar en C\u00f3rdoba.<a href=\"https:\/\/t.co\/LGn7unFu4w\">https:\/\/t.co\/LGn7unFu4w<\/a> <a href=\"https:\/\/t.co\/gWehcBj5LP\">pic.twitter.com\/gWehcBj5LP<\/a><\/p>&mdash; RTVE Noticias (@rtvenoticias) <a href=\"https:\/\/twitter.com\/rtvenoticias\/status\/2013189974598779335?ref_src=twsrc%5Etfw\">January 19, 2026<\/a><\/blockquote><script async src=\"https:\/\/platform.twitter.com\/widgets.js\" charset=\"utf-8\"><\/script>\n<\/div><\/figure>\n\n\n\n<p>Mientras tanto, los hospitales de la zona y centros sanitarios cercanos siguen organizando recursos para atender a los lesionados, algunos de ellos en estado grave. Las autoridades han advertido de que las cifras de heridos a\u00fan podr\u00edan variar conforme avance la atenci\u00f3n m\u00e9dica y se completen los procesos de identificaci\u00f3n.<\/p>\n\n\n\n<p>En Adamuz y en toda Espa\u00f1a, la noche del domingo dio paso a un lunes marcado por el dolor, la incertidumbre y el inicio de una investigaci\u00f3n t\u00e9cnica profunda que deber\u00e1 esclarecer no solo qu\u00e9 ocurri\u00f3 en los momentos previos al descarrilamiento, sino c\u00f3mo evitar que tragedias de esta envergadura vuelvan a repetirse en uno de los sistemas de alta velocidad m\u00e1s intensivos y avanzados de Europa.<\/p>\n\n\n\n<iframe src=\"https:\/\/www.google.com\/maps\/embed?pb=!1m18!1m12!1m3!1d21138.803002900502!2d-4.529583344021129!3d38.04005205433214!2m3!1f0!2f0!3f0!3m2!1i1024!2i768!4f13.1!3m3!1m2!1s0xd6cfaf815fbc619%3A0x8c4134aea7c0ab68!2s14430%20Adamuz%2C%20C%C3%B3rdoba!5e0!3m2!1sen!2ses!4v1768819396519!5m2!1sen!2ses\" width=\"600\" height=\"450\" style=\"border:0;\" allowfullscreen=\"\" loading=\"lazy\" referrerpolicy=\"no-referrer-when-downgrade\"><\/iframe>\n","protected":false},"excerpt":{"rendered":"<p>El choque entre dos trenes de alta velocidad en Adamuz dej\u00f3 decenas de muertos y heridos, activ\u00f3 un amplio operativo y abri\u00f3 una investigaci\u00f3n oficial.<\/p>\n","protected":false},"author":13,"featured_media":232545,"comment_status":"open","ping_status":"closed","sticky":false,"template":"","format":"standard","meta":{"_acf_changed":false,"footnotes":""},"categories":[18,957],"tags":[30066,30070,30069,30068,26306,21250,30067],"class_list":{"0":"post-232528","1":"post","2":"type-post","3":"status-publish","4":"format-standard","5":"has-post-thumbnail","7":"category-noticias","8":"category-noticias-internacionales","9":"tag-accidente-ferroviario","10":"tag-adamuz","11":"tag-cordoba","12":"tag-iryo","13":"tag-renfe","14":"tag-transporte-ferroviario","15":"tag-trenes-alta-velocidad"},"acf":[],"yoast_head":"<!-- This site is optimized with the Yoast SEO plugin v27.4 - https:\/\/yoast.com\/product\/yoast-seo-wordpress\/ -->\n<title>Asciende a 39 el n\u00famero de muertos tras el choque de dos trenes de alta velocidad en Adamuz (C\u00f3rdoba), Espa\u00f1a - Cuballama Noticias<\/title>\n<meta name=\"description\" content=\"El choque de dos trenes de alta velocidad en Adamuz deja decenas de muertos y heridos y abre una investigaci\u00f3n oficial.\" \/>\n<meta name=\"robots\" content=\"index, follow, max-snippet:-1, max-image-preview:large, max-video-preview:-1\" \/>\n<link rel=\"canonical\" href=\"https:\/\/www.cuballama.com\/noticias\/asciende-a-39-el-numero-de-muertos-tras-el-choque-de-dos-trenes-de-alta-velocidad-en-adamuz-cordoba-espana\/\" \/>\n<meta property=\"og:locale\" content=\"es_ES\" \/>\n<meta property=\"og:type\" content=\"article\" \/>\n<meta property=\"og:title\" content=\"Asciende a 39 el n\u00famero de muertos tras el choque de dos trenes de alta velocidad en Adamuz (C\u00f3rdoba), Espa\u00f1a - Cuballama Noticias\" \/>\n<meta property=\"og:description\" content=\"El choque de dos trenes de alta velocidad en Adamuz deja decenas de muertos y heridos y abre una investigaci\u00f3n oficial.\" \/>\n<meta property=\"og:url\" content=\"https:\/\/www.cuballama.com\/noticias\/asciende-a-39-el-numero-de-muertos-tras-el-choque-de-dos-trenes-de-alta-velocidad-en-adamuz-cordoba-espana\/\" \/>\n<meta property=\"og:site_name\" content=\"Cuballama Noticias\" \/>\n<meta property=\"article:publisher\" content=\"https:\/\/www.facebook.com\/CubaLlama\" \/>\n<meta property=\"article:published_time\" content=\"2026-01-19T17:14:00+00:00\" \/>\n<meta property=\"article:modified_time\" content=\"2026-01-19T17:14:04+00:00\" \/>\n<meta property=\"og:image\" content=\"https:\/\/cdn1.mediawpaccore.net\/wp-content\/uploads\/2026\/01\/19053902\/image-82.png\" \/>\n\t<meta property=\"og:image:width\" content=\"1274\" \/>\n\t<meta property=\"og:image:height\" content=\"788\" \/>\n\t<meta property=\"og:image:type\" content=\"image\/png\" \/>\n<meta name=\"author\" content=\"Roberto A.\" \/>\n<meta name=\"twitter:card\" content=\"summary_large_image\" \/>\n<meta name=\"twitter:creator\" content=\"@cuballama\" \/>\n<meta name=\"twitter:site\" content=\"@cuballama\" \/>\n<meta name=\"twitter:label1\" content=\"Escrito por\" \/>\n\t<meta name=\"twitter:data1\" content=\"Roberto A.\" \/>\n\t<meta name=\"twitter:label2\" content=\"Tiempo de lectura\" \/>\n\t<meta name=\"twitter:data2\" content=\"4 minutos\" \/>\n<script type=\"application\/ld+json\" class=\"yoast-schema-graph\">{\"@context\":\"https:\\\/\\\/schema.org\",\"@graph\":[{\"@type\":\"Article\",\"@id\":\"https:\\\/\\\/www.cuballama.com\\\/noticias\\\/asciende-a-39-el-numero-de-muertos-tras-el-choque-de-dos-trenes-de-alta-velocidad-en-adamuz-cordoba-espana\\\/#article\",\"isPartOf\":{\"@id\":\"https:\\\/\\\/www.cuballama.com\\\/noticias\\\/asciende-a-39-el-numero-de-muertos-tras-el-choque-de-dos-trenes-de-alta-velocidad-en-adamuz-cordoba-espana\\\/\"},\"author\":{\"name\":\"Roberto A.\",\"@id\":\"https:\\\/\\\/www.cuballama.com\\\/noticias\\\/#\\\/schema\\\/person\\\/a58502ed4146c8e9f83872e897c76cd2\"},\"headline\":\"Asciende a 39 el n\u00famero de muertos tras el choque de dos trenes de alta velocidad en Adamuz (C\u00f3rdoba), Espa\u00f1a\",\"datePublished\":\"2026-01-19T17:14:00+00:00\",\"dateModified\":\"2026-01-19T17:14:04+00:00\",\"mainEntityOfPage\":{\"@id\":\"https:\\\/\\\/www.cuballama.com\\\/noticias\\\/asciende-a-39-el-numero-de-muertos-tras-el-choque-de-dos-trenes-de-alta-velocidad-en-adamuz-cordoba-espana\\\/\"},\"wordCount\":797,\"commentCount\":0,\"publisher\":{\"@id\":\"https:\\\/\\\/www.cuballama.com\\\/noticias\\\/#organization\"},\"image\":{\"@id\":\"https:\\\/\\\/www.cuballama.com\\\/noticias\\\/asciende-a-39-el-numero-de-muertos-tras-el-choque-de-dos-trenes-de-alta-velocidad-en-adamuz-cordoba-espana\\\/#primaryimage\"},\"thumbnailUrl\":\"https:\\\/\\\/cdn1.mediawpaccore.net\\\/wp-content\\\/uploads\\\/2026\\\/01\\\/19053902\\\/image-82.png\",\"keywords\":[\"accidente ferroviario\",\"Adamuz\",\"C\u00f3rdoba\",\"Iryo\",\"renfe\",\"transporte ferroviario\",\"trenes alta velocidad\"],\"articleSection\":[\"Noticias\",\"Noticias Internacionales\"],\"inLanguage\":\"es\",\"potentialAction\":[{\"@type\":\"CommentAction\",\"name\":\"Comment\",\"target\":[\"https:\\\/\\\/www.cuballama.com\\\/noticias\\\/asciende-a-39-el-numero-de-muertos-tras-el-choque-de-dos-trenes-de-alta-velocidad-en-adamuz-cordoba-espana\\\/#respond\"]}]},{\"@type\":\"WebPage\",\"@id\":\"https:\\\/\\\/www.cuballama.com\\\/noticias\\\/asciende-a-39-el-numero-de-muertos-tras-el-choque-de-dos-trenes-de-alta-velocidad-en-adamuz-cordoba-espana\\\/\",\"url\":\"https:\\\/\\\/www.cuballama.com\\\/noticias\\\/asciende-a-39-el-numero-de-muertos-tras-el-choque-de-dos-trenes-de-alta-velocidad-en-adamuz-cordoba-espana\\\/\",\"name\":\"Asciende a 39 el n\u00famero de muertos tras el choque de dos trenes de alta velocidad en Adamuz (C\u00f3rdoba), Espa\u00f1a - Cuballama Noticias\",\"isPartOf\":{\"@id\":\"https:\\\/\\\/www.cuballama.com\\\/noticias\\\/#website\"},\"primaryImageOfPage\":{\"@id\":\"https:\\\/\\\/www.cuballama.com\\\/noticias\\\/asciende-a-39-el-numero-de-muertos-tras-el-choque-de-dos-trenes-de-alta-velocidad-en-adamuz-cordoba-espana\\\/#primaryimage\"},\"image\":{\"@id\":\"https:\\\/\\\/www.cuballama.com\\\/noticias\\\/asciende-a-39-el-numero-de-muertos-tras-el-choque-de-dos-trenes-de-alta-velocidad-en-adamuz-cordoba-espana\\\/#primaryimage\"},\"thumbnailUrl\":\"https:\\\/\\\/cdn1.mediawpaccore.net\\\/wp-content\\\/uploads\\\/2026\\\/01\\\/19053902\\\/image-82.png\",\"datePublished\":\"2026-01-19T17:14:00+00:00\",\"dateModified\":\"2026-01-19T17:14:04+00:00\",\"description\":\"El choque de dos trenes de alta velocidad en Adamuz deja decenas de muertos y heridos y abre una investigaci\u00f3n oficial.\",\"breadcrumb\":{\"@id\":\"https:\\\/\\\/www.cuballama.com\\\/noticias\\\/asciende-a-39-el-numero-de-muertos-tras-el-choque-de-dos-trenes-de-alta-velocidad-en-adamuz-cordoba-espana\\\/#breadcrumb\"},\"inLanguage\":\"es\",\"potentialAction\":[{\"@type\":\"ReadAction\",\"target\":[\"https:\\\/\\\/www.cuballama.com\\\/noticias\\\/asciende-a-39-el-numero-de-muertos-tras-el-choque-de-dos-trenes-de-alta-velocidad-en-adamuz-cordoba-espana\\\/\"]}]},{\"@type\":\"ImageObject\",\"inLanguage\":\"es\",\"@id\":\"https:\\\/\\\/www.cuballama.com\\\/noticias\\\/asciende-a-39-el-numero-de-muertos-tras-el-choque-de-dos-trenes-de-alta-velocidad-en-adamuz-cordoba-espana\\\/#primaryimage\",\"url\":\"https:\\\/\\\/cdn1.mediawpaccore.net\\\/wp-content\\\/uploads\\\/2026\\\/01\\\/19053902\\\/image-82.png\",\"contentUrl\":\"https:\\\/\\\/cdn1.mediawpaccore.net\\\/wp-content\\\/uploads\\\/2026\\\/01\\\/19053902\\\/image-82.png\",\"width\":1274,\"height\":788,\"caption\":\"Foto: Video Captura Video de la Guardia Civil\"},{\"@type\":\"BreadcrumbList\",\"@id\":\"https:\\\/\\\/www.cuballama.com\\\/noticias\\\/asciende-a-39-el-numero-de-muertos-tras-el-choque-de-dos-trenes-de-alta-velocidad-en-adamuz-cordoba-espana\\\/#breadcrumb\",\"itemListElement\":[{\"@type\":\"ListItem\",\"position\":1,\"name\":\"Home\",\"item\":\"https:\\\/\\\/www.cuballama.com\\\/noticias\\\/\"},{\"@type\":\"ListItem\",\"position\":2,\"name\":\"Asciende a 39 el n\u00famero de muertos tras el choque de dos trenes de alta velocidad en Adamuz (C\u00f3rdoba), Espa\u00f1a\"}]},{\"@type\":\"WebSite\",\"@id\":\"https:\\\/\\\/www.cuballama.com\\\/noticias\\\/#website\",\"url\":\"https:\\\/\\\/www.cuballama.com\\\/noticias\\\/\",\"name\":\"Cuballama Noticias\",\"description\":\"Medio digital sobre Cuba y el mundo\",\"publisher\":{\"@id\":\"https:\\\/\\\/www.cuballama.com\\\/noticias\\\/#organization\"},\"potentialAction\":[{\"@type\":\"SearchAction\",\"target\":{\"@type\":\"EntryPoint\",\"urlTemplate\":\"https:\\\/\\\/www.cuballama.com\\\/noticias\\\/?s={search_term_string}\"},\"query-input\":{\"@type\":\"PropertyValueSpecification\",\"valueRequired\":true,\"valueName\":\"search_term_string\"}}],\"inLanguage\":\"es\"},{\"@type\":\"Organization\",\"@id\":\"https:\\\/\\\/www.cuballama.com\\\/noticias\\\/#organization\",\"name\":\"Cuballama\",\"url\":\"https:\\\/\\\/www.cuballama.com\\\/noticias\\\/\",\"logo\":{\"@type\":\"ImageObject\",\"inLanguage\":\"es\",\"@id\":\"https:\\\/\\\/www.cuballama.com\\\/noticias\\\/#\\\/schema\\\/logo\\\/image\\\/\",\"url\":\"https:\\\/\\\/cdn1.mediawpaccore.net\\\/wp-content\\\/uploads\\\/2021\\\/12\\\/28171206\\\/cbll-logo-color-sm.png\",\"contentUrl\":\"https:\\\/\\\/cdn1.mediawpaccore.net\\\/wp-content\\\/uploads\\\/2021\\\/12\\\/28171206\\\/cbll-logo-color-sm.png\",\"width\":600,\"height\":133,\"caption\":\"Cuballama\"},\"image\":{\"@id\":\"https:\\\/\\\/www.cuballama.com\\\/noticias\\\/#\\\/schema\\\/logo\\\/image\\\/\"},\"sameAs\":[\"https:\\\/\\\/www.facebook.com\\\/CubaLlama\",\"https:\\\/\\\/x.com\\\/cuballama\",\"https:\\\/\\\/www.instagram.com\\\/stories\\\/cuballama_oficial\\\/\",\"https:\\\/\\\/www.youtube.com\\\/channel\\\/UCKkFE-d_axENGZcrc4as0IA\"]},{\"@type\":\"Person\",\"@id\":\"https:\\\/\\\/www.cuballama.com\\\/noticias\\\/#\\\/schema\\\/person\\\/a58502ed4146c8e9f83872e897c76cd2\",\"name\":\"Roberto A.\",\"description\":\"Roberto A. Periodista por decisi\u00f3n propia. Interesado en cualquier tema que me apasione y cada vez m\u00e1s comprometido con la verdad y la objetividad period\u00edstica. Graduado en La Habana hace ya muchos a\u00f1os, luego de una accidentada y polvorienta b\u00fasqueda de informaci\u00f3n sobre un tema in\u00e9dito. La Tesis, por cierto, desapareci\u00f3 de la biblioteca y no se conservan copias de la misma.\",\"url\":\"https:\\\/\\\/www.cuballama.com\\\/noticias\\\/author\\\/roberto\\\/\"}]}<\/script>\n<!-- \/ Yoast SEO plugin. -->","yoast_head_json":{"title":"Asciende a 39 el n\u00famero de muertos tras el choque de dos trenes de alta velocidad en Adamuz (C\u00f3rdoba), Espa\u00f1a - Cuballama Noticias","description":"El choque de dos trenes de alta velocidad en Adamuz deja decenas de muertos y heridos y abre una investigaci\u00f3n oficial.","robots":{"index":"index","follow":"follow","max-snippet":"max-snippet:-1","max-image-preview":"max-image-preview:large","max-video-preview":"max-video-preview:-1"},"canonical":"https:\/\/www.cuballama.com\/noticias\/asciende-a-39-el-numero-de-muertos-tras-el-choque-de-dos-trenes-de-alta-velocidad-en-adamuz-cordoba-espana\/","og_locale":"es_ES","og_type":"article","og_title":"Asciende a 39 el n\u00famero de muertos tras el choque de dos trenes de alta velocidad en Adamuz (C\u00f3rdoba), Espa\u00f1a - Cuballama Noticias","og_description":"El choque de dos trenes de alta velocidad en Adamuz deja decenas de muertos y heridos y abre una investigaci\u00f3n oficial.","og_url":"https:\/\/www.cuballama.com\/noticias\/asciende-a-39-el-numero-de-muertos-tras-el-choque-de-dos-trenes-de-alta-velocidad-en-adamuz-cordoba-espana\/","og_site_name":"Cuballama Noticias","article_publisher":"https:\/\/www.facebook.com\/CubaLlama","article_published_time":"2026-01-19T17:14:00+00:00","article_modified_time":"2026-01-19T17:14:04+00:00","og_image":[{"width":1274,"height":788,"url":"https:\/\/cdn1.mediawpaccore.net\/wp-content\/uploads\/2026\/01\/19053902\/image-82.png","type":"image\/png"}],"author":"Roberto A.","twitter_card":"summary_large_image","twitter_creator":"@cuballama","twitter_site":"@cuballama","twitter_misc":{"Escrito por":"Roberto A.","Tiempo de lectura":"4 minutos"},"schema":{"@context":"https:\/\/schema.org","@graph":[{"@type":"Article","@id":"https:\/\/www.cuballama.com\/noticias\/asciende-a-39-el-numero-de-muertos-tras-el-choque-de-dos-trenes-de-alta-velocidad-en-adamuz-cordoba-espana\/#article","isPartOf":{"@id":"https:\/\/www.cuballama.com\/noticias\/asciende-a-39-el-numero-de-muertos-tras-el-choque-de-dos-trenes-de-alta-velocidad-en-adamuz-cordoba-espana\/"},"author":{"name":"Roberto A.","@id":"https:\/\/www.cuballama.com\/noticias\/#\/schema\/person\/a58502ed4146c8e9f83872e897c76cd2"},"headline":"Asciende a 39 el n\u00famero de muertos tras el choque de dos trenes de alta velocidad en Adamuz (C\u00f3rdoba), Espa\u00f1a","datePublished":"2026-01-19T17:14:00+00:00","dateModified":"2026-01-19T17:14:04+00:00","mainEntityOfPage":{"@id":"https:\/\/www.cuballama.com\/noticias\/asciende-a-39-el-numero-de-muertos-tras-el-choque-de-dos-trenes-de-alta-velocidad-en-adamuz-cordoba-espana\/"},"wordCount":797,"commentCount":0,"publisher":{"@id":"https:\/\/www.cuballama.com\/noticias\/#organization"},"image":{"@id":"https:\/\/www.cuballama.com\/noticias\/asciende-a-39-el-numero-de-muertos-tras-el-choque-de-dos-trenes-de-alta-velocidad-en-adamuz-cordoba-espana\/#primaryimage"},"thumbnailUrl":"https:\/\/cdn1.mediawpaccore.net\/wp-content\/uploads\/2026\/01\/19053902\/image-82.png","keywords":["accidente ferroviario","Adamuz","C\u00f3rdoba","Iryo","renfe","transporte ferroviario","trenes alta velocidad"],"articleSection":["Noticias","Noticias Internacionales"],"inLanguage":"es","potentialAction":[{"@type":"CommentAction","name":"Comment","target":["https:\/\/www.cuballama.com\/noticias\/asciende-a-39-el-numero-de-muertos-tras-el-choque-de-dos-trenes-de-alta-velocidad-en-adamuz-cordoba-espana\/#respond"]}]},{"@type":"WebPage","@id":"https:\/\/www.cuballama.com\/noticias\/asciende-a-39-el-numero-de-muertos-tras-el-choque-de-dos-trenes-de-alta-velocidad-en-adamuz-cordoba-espana\/","url":"https:\/\/www.cuballama.com\/noticias\/asciende-a-39-el-numero-de-muertos-tras-el-choque-de-dos-trenes-de-alta-velocidad-en-adamuz-cordoba-espana\/","name":"Asciende a 39 el n\u00famero de muertos tras el choque de dos trenes de alta velocidad en Adamuz (C\u00f3rdoba), Espa\u00f1a - Cuballama Noticias","isPartOf":{"@id":"https:\/\/www.cuballama.com\/noticias\/#website"},"primaryImageOfPage":{"@id":"https:\/\/www.cuballama.com\/noticias\/asciende-a-39-el-numero-de-muertos-tras-el-choque-de-dos-trenes-de-alta-velocidad-en-adamuz-cordoba-espana\/#primaryimage"},"image":{"@id":"https:\/\/www.cuballama.com\/noticias\/asciende-a-39-el-numero-de-muertos-tras-el-choque-de-dos-trenes-de-alta-velocidad-en-adamuz-cordoba-espana\/#primaryimage"},"thumbnailUrl":"https:\/\/cdn1.mediawpaccore.net\/wp-content\/uploads\/2026\/01\/19053902\/image-82.png","datePublished":"2026-01-19T17:14:00+00:00","dateModified":"2026-01-19T17:14:04+00:00","description":"El choque de dos trenes de alta velocidad en Adamuz deja decenas de muertos y heridos y abre una investigaci\u00f3n oficial.","breadcrumb":{"@id":"https:\/\/www.cuballama.com\/noticias\/asciende-a-39-el-numero-de-muertos-tras-el-choque-de-dos-trenes-de-alta-velocidad-en-adamuz-cordoba-espana\/#breadcrumb"},"inLanguage":"es","potentialAction":[{"@type":"ReadAction","target":["https:\/\/www.cuballama.com\/noticias\/asciende-a-39-el-numero-de-muertos-tras-el-choque-de-dos-trenes-de-alta-velocidad-en-adamuz-cordoba-espana\/"]}]},{"@type":"ImageObject","inLanguage":"es","@id":"https:\/\/www.cuballama.com\/noticias\/asciende-a-39-el-numero-de-muertos-tras-el-choque-de-dos-trenes-de-alta-velocidad-en-adamuz-cordoba-espana\/#primaryimage","url":"https:\/\/cdn1.mediawpaccore.net\/wp-content\/uploads\/2026\/01\/19053902\/image-82.png","contentUrl":"https:\/\/cdn1.mediawpaccore.net\/wp-content\/uploads\/2026\/01\/19053902\/image-82.png","width":1274,"height":788,"caption":"Foto: Video Captura Video de la Guardia Civil"},{"@type":"BreadcrumbList","@id":"https:\/\/www.cuballama.com\/noticias\/asciende-a-39-el-numero-de-muertos-tras-el-choque-de-dos-trenes-de-alta-velocidad-en-adamuz-cordoba-espana\/#breadcrumb","itemListElement":[{"@type":"ListItem","position":1,"name":"Home","item":"https:\/\/www.cuballama.com\/noticias\/"},{"@type":"ListItem","position":2,"name":"Asciende a 39 el n\u00famero de muertos tras el choque de dos trenes de alta velocidad en Adamuz (C\u00f3rdoba), Espa\u00f1a"}]},{"@type":"WebSite","@id":"https:\/\/www.cuballama.com\/noticias\/#website","url":"https:\/\/www.cuballama.com\/noticias\/","name":"Cuballama Noticias","description":"Medio digital sobre Cuba y el mundo","publisher":{"@id":"https:\/\/www.cuballama.com\/noticias\/#organization"},"potentialAction":[{"@type":"SearchAction","target":{"@type":"EntryPoint","urlTemplate":"https:\/\/www.cuballama.com\/noticias\/?s={search_term_string}"},"query-input":{"@type":"PropertyValueSpecification","valueRequired":true,"valueName":"search_term_string"}}],"inLanguage":"es"},{"@type":"Organization","@id":"https:\/\/www.cuballama.com\/noticias\/#organization","name":"Cuballama","url":"https:\/\/www.cuballama.com\/noticias\/","logo":{"@type":"ImageObject","inLanguage":"es","@id":"https:\/\/www.cuballama.com\/noticias\/#\/schema\/logo\/image\/","url":"https:\/\/cdn1.mediawpaccore.net\/wp-content\/uploads\/2021\/12\/28171206\/cbll-logo-color-sm.png","contentUrl":"https:\/\/cdn1.mediawpaccore.net\/wp-content\/uploads\/2021\/12\/28171206\/cbll-logo-color-sm.png","width":600,"height":133,"caption":"Cuballama"},"image":{"@id":"https:\/\/www.cuballama.com\/noticias\/#\/schema\/logo\/image\/"},"sameAs":["https:\/\/www.facebook.com\/CubaLlama","https:\/\/x.com\/cuballama","https:\/\/www.instagram.com\/stories\/cuballama_oficial\/","https:\/\/www.youtube.com\/channel\/UCKkFE-d_axENGZcrc4as0IA"]},{"@type":"Person","@id":"https:\/\/www.cuballama.com\/noticias\/#\/schema\/person\/a58502ed4146c8e9f83872e897c76cd2","name":"Roberto A.","description":"Roberto A. Periodista por decisi\u00f3n propia. Interesado en cualquier tema que me apasione y cada vez m\u00e1s comprometido con la verdad y la objetividad period\u00edstica. Graduado en La Habana hace ya muchos a\u00f1os, luego de una accidentada y polvorienta b\u00fasqueda de informaci\u00f3n sobre un tema in\u00e9dito. La Tesis, por cierto, desapareci\u00f3 de la biblioteca y no se conservan copias de la misma.","url":"https:\/\/www.cuballama.com\/noticias\/author\/roberto\/"}]}},"_links":{"self":[{"href":"https:\/\/www.cuballama.com\/noticias\/wp-json\/wp\/v2\/posts\/232528","targetHints":{"allow":["GET"]}}],"collection":[{"href":"https:\/\/www.cuballama.com\/noticias\/wp-json\/wp\/v2\/posts"}],"about":[{"href":"https:\/\/www.cuballama.com\/noticias\/wp-json\/wp\/v2\/types\/post"}],"author":[{"embeddable":true,"href":"https:\/\/www.cuballama.com\/noticias\/wp-json\/wp\/v2\/users\/13"}],"replies":[{"embeddable":true,"href":"https:\/\/www.cuballama.com\/noticias\/wp-json\/wp\/v2\/comments?post=232528"}],"version-history":[{"count":5,"href":"https:\/\/www.cuballama.com\/noticias\/wp-json\/wp\/v2\/posts\/232528\/revisions"}],"predecessor-version":[{"id":232557,"href":"https:\/\/www.cuballama.com\/noticias\/wp-json\/wp\/v2\/posts\/232528\/revisions\/232557"}],"wp:featuredmedia":[{"embeddable":true,"href":"https:\/\/www.cuballama.com\/noticias\/wp-json\/wp\/v2\/media\/232545"}],"wp:attachment":[{"href":"https:\/\/www.cuballama.com\/noticias\/wp-json\/wp\/v2\/media?parent=232528"}],"wp:term":[{"taxonomy":"category","embeddable":true,"href":"https:\/\/www.cuballama.com\/noticias\/wp-json\/wp\/v2\/categories?post=232528"},{"taxonomy":"post_tag","embeddable":true,"href":"https:\/\/www.cuballama.com\/noticias\/wp-json\/wp\/v2\/tags?post=232528"}],"curies":[{"name":"wp","href":"https:\/\/api.w.org\/{rel}","templated":true}]}}