{"id":232510,"date":"2026-01-18T12:09:51","date_gmt":"2026-01-18T17:09:51","guid":{"rendered":"https:\/\/www.cuballama.com\/noticias\/?p=232510"},"modified":"2026-01-18T12:09:53","modified_gmt":"2026-01-18T17:09:53","slug":"cuba-activa-planes-de-estado-de-guerra-en-medio-de-tensiones-regionales-y-creciente-hermetismo-oficial","status":"publish","type":"post","link":"https:\/\/www.cuballama.com\/noticias\/cuba-activa-planes-de-estado-de-guerra-en-medio-de-tensiones-regionales-y-creciente-hermetismo-oficial\/","title":{"rendered":"Cuba activa planes de \u201cEstado de Guerra\u201d en medio de tensiones regionales y creciente hermetismo oficial"},"content":{"rendered":"\n<p>El Consejo de Defensa Nacional de Cuba se reuni\u00f3 este s\u00e1bado para evaluar y aprobar los planes que contemplan el paso del pa\u00eds a lo que el discurso oficial denomina \u201cEstado de Guerra\u201d. El encuentro, divulgado de forma escueta por la prensa estatal, se enmarca en las actividades del llamado D\u00eda de la Defensa y responde, seg\u00fan las autoridades, a la necesidad de reforzar la preparaci\u00f3n del aparato pol\u00edtico-militar del pa\u00eds.<\/p>\n\n\n\n<p>La informaci\u00f3n oficial, difundida sin detalles concretos, se limit\u00f3 a se\u00f1alar que la reuni\u00f3n tuvo como objetivo incrementar la cohesi\u00f3n de los \u00f3rganos de direcci\u00f3n y del personal involucrado en la estrategia conocida como \u201cguerra de todo el pueblo\u201d, un concepto recurrente en la doctrina defensiva cubana desde hace d\u00e9cadas. No se especificaron las medidas aprobadas ni las posibles consecuencias pr\u00e1cticas para la vida cotidiana de la poblaci\u00f3n.<\/p>\n\n\n\n<iframe loading=\"lazy\" src=\"https:\/\/www.facebook.com\/plugins\/post.php?href=https%3A%2F%2Fwww.facebook.com%2Fyainier.cuba.linares%2Fposts%2Fpfbid0NNahQpVCtgHZrcasmez2FqFenBmDdes1sgYv9we1HYEmrZ6Km81xJUFMnXKJ6LRpl&#038;show_text=true&#038;width=500\" width=\"500\" height=\"800\" style=\"border:none;overflow:hidden\" scrolling=\"no\" frameborder=\"0\" allowfullscreen=\"true\" allow=\"autoplay; clipboard-write; encrypted-media; picture-in-picture; web-share\"><\/iframe>\n\n\n\n<p>Ra\u00fal Castro, l\u00edder hist\u00f3rico del r\u00e9gimen y figura clave en la estructura de poder, sigui\u00f3 el desarrollo del encuentro y lo calific\u00f3 como \u201cbueno y eficiente\u201d, de acuerdo con la nota oficial. Sin embargo, el hermetismo que rodea este tipo de reuniones ha generado inquietud dentro y fuera de la Isla, especialmente en un contexto marcado por crecientes tensiones regionales y una profunda crisis interna.<\/p>\n\n\n\n<p>El Gobierno cubano ha elevado su nivel de alerta tras los recientes acontecimientos en Venezuela, donde una operaci\u00f3n militar ejecutada en Caracas deriv\u00f3 en la captura de Nicol\u00e1s Maduro y su esposa, Cilia Flores, por fuerzas estadounidenses. Este hecho ha tenido un fuerte impacto pol\u00edtico en La Habana, aliada hist\u00f3rica del chavismo y dependiente durante a\u00f1os de su respaldo econ\u00f3mico y energ\u00e9tico.<\/p>\n\n\n\n<iframe loading=\"lazy\" src=\"https:\/\/www.facebook.com\/plugins\/video.php?height=314&#038;href=https%3A%2F%2Fwww.facebook.com%2Freel%2F894645793081523%2F&#038;show_text=false&#038;width=560&#038;t=0\" width=\"560\" height=\"314\" style=\"border:none;overflow:hidden\" scrolling=\"no\" frameborder=\"0\" allowfullscreen=\"true\" allow=\"autoplay; clipboard-write; encrypted-media; picture-in-picture; web-share\" allowFullScreen=\"true\"><\/iframe>\n\n\n\n<p>En respuesta, la c\u00fapula del Partido Comunista ha intensificado la ret\u00f3rica antiestadounidense, retomando consignas y movilizaciones que apelan al enfrentamiento externo como eje de cohesi\u00f3n interna. Actos pol\u00edticos, tribunas p\u00fablicas y mensajes en medios oficiales refuerzan un discurso que presenta a la Isla como una plaza sitiada y convoca a la poblaci\u00f3n al sacrificio.<\/p>\n\n\n\n<iframe loading=\"lazy\" src=\"https:\/\/www.facebook.com\/plugins\/post.php?href=https%3A%2F%2Fwww.facebook.com%2Fpermalink.php%3Fstory_fbid%3Dpfbid02ywLkMb2CWDmi9K1w3YUZAxewbWXbV4wiLeaFknnn1yRRhPHpv7rE1JtQxHvvK4R9l%26id%3D100083179427616&#038;show_text=true&#038;width=500\" width=\"500\" height=\"793\" style=\"border:none;overflow:hidden\" scrolling=\"no\" frameborder=\"0\" allowfullscreen=\"true\" allow=\"autoplay; clipboard-write; encrypted-media; picture-in-picture; web-share\"><\/iframe>\n\n\n\n<p>A este escenario se suma la reciente llegada a Cuba de los restos de 32 militares cubanos que formaban parte del esquema de seguridad del mandatario venezolano. El oficialismo ha utilizado estas muertes como elemento simb\u00f3lico para reforzar su narrativa \u00e9pica, mientras evita responder a las cr\u00edticas sobre la magnitud y el rol de la presencia militar cubana en Venezuela.<\/p>\n\n\n\n<iframe loading=\"lazy\" src=\"https:\/\/www.facebook.com\/plugins\/post.php?href=https%3A%2F%2Fwww.facebook.com%2FArTVArtemisa%2Fposts%2Fpfbid0zZARPHUSScmJcjiGMWXQVj2ymNwtEE2pFkN9pc67bJuJ6MV4xYPEEQhRqRCof8RNl&#038;show_text=true&#038;width=500\" width=\"500\" height=\"812\" style=\"border:none;overflow:hidden\" scrolling=\"no\" frameborder=\"0\" allowfullscreen=\"true\" allow=\"autoplay; clipboard-write; encrypted-media; picture-in-picture; web-share\"><\/iframe>\n\n\n\n<p>En paralelo, durante las \u00faltimas semanas han circulado en redes sociales denuncias sobre movilizaciones inusuales y restricciones, especialmente relacionadas con j\u00f3venes vinculados al Servicio Militar Obligatorio. Aunque las autoridades no han confirmado estas informaciones, el clima de incertidumbre crece en una sociedad ya golpeada por la escasez, la inflaci\u00f3n y el deterioro de los servicios b\u00e1sicos.<\/p>\n","protected":false},"excerpt":{"rendered":"<p>El Consejo de Defensa Nacional de Cuba se reuni\u00f3 este s\u00e1bado para evaluar y aprobar los planes que contemplan el paso del pa\u00eds a lo que el discurso oficial denomina \u201cEstado de Guerra\u201d<\/p>\n","protected":false},"author":27,"featured_media":232511,"comment_status":"open","ping_status":"closed","sticky":false,"template":"","format":"standard","meta":{"_acf_changed":false,"footnotes":""},"categories":[955],"tags":[8315,11390,113],"class_list":{"0":"post-232510","1":"post","2":"type-post","3":"status-publish","4":"format-standard","5":"has-post-thumbnail","7":"category-noticias-de-cuba","8":"tag-defensa-civil","9":"tag-militares-cubanos","10":"tag-raul-castro"},"acf":[],"yoast_head":"<!-- This site is optimized with the Yoast SEO plugin v27.5 - https:\/\/yoast.com\/product\/yoast-seo-wordpress\/ -->\n<title>Cuba activa planes de \u201cEstado de Guerra\u201d en medio de tensiones regionales y creciente hermetismo oficial - Cuballama Noticias<\/title>\n<meta name=\"description\" content=\"El PCC ha intensificado la ret\u00f3rica antiestadounidense, retomando consignas y movilizaciones que apelan al enfrentamiento externo\" \/>\n<meta name=\"robots\" content=\"index, follow, max-snippet:-1, max-image-preview:large, max-video-preview:-1\" \/>\n<link rel=\"canonical\" href=\"https:\/\/www.cuballama.com\/noticias\/cuba-activa-planes-de-estado-de-guerra-en-medio-de-tensiones-regionales-y-creciente-hermetismo-oficial\/\" \/>\n<meta property=\"og:locale\" content=\"es_ES\" \/>\n<meta property=\"og:type\" content=\"article\" \/>\n<meta property=\"og:title\" content=\"Cuba activa planes de \u201cEstado de Guerra\u201d en medio de tensiones regionales y creciente hermetismo oficial - Cuballama Noticias\" \/>\n<meta property=\"og:description\" content=\"El PCC ha intensificado la ret\u00f3rica antiestadounidense, retomando consignas y movilizaciones que apelan al enfrentamiento externo\" \/>\n<meta property=\"og:url\" content=\"https:\/\/www.cuballama.com\/noticias\/cuba-activa-planes-de-estado-de-guerra-en-medio-de-tensiones-regionales-y-creciente-hermetismo-oficial\/\" \/>\n<meta property=\"og:site_name\" content=\"Cuballama Noticias\" \/>\n<meta property=\"article:publisher\" content=\"https:\/\/www.facebook.com\/CubaLlama\" \/>\n<meta property=\"article:published_time\" content=\"2026-01-18T17:09:51+00:00\" \/>\n<meta property=\"article:modified_time\" content=\"2026-01-18T17:09:53+00:00\" \/>\n<meta property=\"og:image\" content=\"https:\/\/cdn1.mediawpaccore.net\/wp-content\/uploads\/2026\/01\/18120646\/616815351_912909627918474_8003139299970592273_n.jpg\" \/>\n\t<meta property=\"og:image:width\" content=\"1000\" \/>\n\t<meta property=\"og:image:height\" content=\"563\" \/>\n\t<meta property=\"og:image:type\" content=\"image\/jpeg\" \/>\n<meta name=\"author\" content=\"Rafa\" \/>\n<meta name=\"twitter:card\" content=\"summary_large_image\" \/>\n<meta name=\"twitter:creator\" content=\"@cuballama\" \/>\n<meta name=\"twitter:site\" content=\"@cuballama\" \/>\n<meta name=\"twitter:label1\" content=\"Escrito por\" \/>\n\t<meta name=\"twitter:data1\" content=\"Rafa\" \/>\n\t<meta name=\"twitter:label2\" content=\"Tiempo de lectura\" \/>\n\t<meta name=\"twitter:data2\" content=\"3 minutos\" \/>\n<script type=\"application\/ld+json\" class=\"yoast-schema-graph\">{\"@context\":\"https:\\\/\\\/schema.org\",\"@graph\":[{\"@type\":\"Article\",\"@id\":\"https:\\\/\\\/www.cuballama.com\\\/noticias\\\/cuba-activa-planes-de-estado-de-guerra-en-medio-de-tensiones-regionales-y-creciente-hermetismo-oficial\\\/#article\",\"isPartOf\":{\"@id\":\"https:\\\/\\\/www.cuballama.com\\\/noticias\\\/cuba-activa-planes-de-estado-de-guerra-en-medio-de-tensiones-regionales-y-creciente-hermetismo-oficial\\\/\"},\"author\":{\"name\":\"Rafa\",\"@id\":\"https:\\\/\\\/www.cuballama.com\\\/noticias\\\/#\\\/schema\\\/person\\\/0f97914526a658755f00e59ec2a832f2\"},\"headline\":\"Cuba activa planes de \u201cEstado de Guerra\u201d en medio de tensiones regionales y creciente hermetismo oficial\",\"datePublished\":\"2026-01-18T17:09:51+00:00\",\"dateModified\":\"2026-01-18T17:09:53+00:00\",\"mainEntityOfPage\":{\"@id\":\"https:\\\/\\\/www.cuballama.com\\\/noticias\\\/cuba-activa-planes-de-estado-de-guerra-en-medio-de-tensiones-regionales-y-creciente-hermetismo-oficial\\\/\"},\"wordCount\":488,\"commentCount\":0,\"publisher\":{\"@id\":\"https:\\\/\\\/www.cuballama.com\\\/noticias\\\/#organization\"},\"image\":{\"@id\":\"https:\\\/\\\/www.cuballama.com\\\/noticias\\\/cuba-activa-planes-de-estado-de-guerra-en-medio-de-tensiones-regionales-y-creciente-hermetismo-oficial\\\/#primaryimage\"},\"thumbnailUrl\":\"https:\\\/\\\/cdn1.mediawpaccore.net\\\/wp-content\\\/uploads\\\/2026\\\/01\\\/18120646\\\/616815351_912909627918474_8003139299970592273_n.jpg\",\"keywords\":[\"Defensa Civil\",\"militares cubanos\",\"Ra\u00fal Castro\"],\"articleSection\":[\"Noticias de Cuba\"],\"inLanguage\":\"es\",\"potentialAction\":[{\"@type\":\"CommentAction\",\"name\":\"Comment\",\"target\":[\"https:\\\/\\\/www.cuballama.com\\\/noticias\\\/cuba-activa-planes-de-estado-de-guerra-en-medio-de-tensiones-regionales-y-creciente-hermetismo-oficial\\\/#respond\"]}]},{\"@type\":\"WebPage\",\"@id\":\"https:\\\/\\\/www.cuballama.com\\\/noticias\\\/cuba-activa-planes-de-estado-de-guerra-en-medio-de-tensiones-regionales-y-creciente-hermetismo-oficial\\\/\",\"url\":\"https:\\\/\\\/www.cuballama.com\\\/noticias\\\/cuba-activa-planes-de-estado-de-guerra-en-medio-de-tensiones-regionales-y-creciente-hermetismo-oficial\\\/\",\"name\":\"Cuba activa planes de \u201cEstado de Guerra\u201d en medio de tensiones regionales y creciente hermetismo oficial - Cuballama Noticias\",\"isPartOf\":{\"@id\":\"https:\\\/\\\/www.cuballama.com\\\/noticias\\\/#website\"},\"primaryImageOfPage\":{\"@id\":\"https:\\\/\\\/www.cuballama.com\\\/noticias\\\/cuba-activa-planes-de-estado-de-guerra-en-medio-de-tensiones-regionales-y-creciente-hermetismo-oficial\\\/#primaryimage\"},\"image\":{\"@id\":\"https:\\\/\\\/www.cuballama.com\\\/noticias\\\/cuba-activa-planes-de-estado-de-guerra-en-medio-de-tensiones-regionales-y-creciente-hermetismo-oficial\\\/#primaryimage\"},\"thumbnailUrl\":\"https:\\\/\\\/cdn1.mediawpaccore.net\\\/wp-content\\\/uploads\\\/2026\\\/01\\\/18120646\\\/616815351_912909627918474_8003139299970592273_n.jpg\",\"datePublished\":\"2026-01-18T17:09:51+00:00\",\"dateModified\":\"2026-01-18T17:09:53+00:00\",\"description\":\"El PCC ha intensificado la ret\u00f3rica antiestadounidense, retomando consignas y movilizaciones que apelan al enfrentamiento externo\",\"breadcrumb\":{\"@id\":\"https:\\\/\\\/www.cuballama.com\\\/noticias\\\/cuba-activa-planes-de-estado-de-guerra-en-medio-de-tensiones-regionales-y-creciente-hermetismo-oficial\\\/#breadcrumb\"},\"inLanguage\":\"es\",\"potentialAction\":[{\"@type\":\"ReadAction\",\"target\":[\"https:\\\/\\\/www.cuballama.com\\\/noticias\\\/cuba-activa-planes-de-estado-de-guerra-en-medio-de-tensiones-regionales-y-creciente-hermetismo-oficial\\\/\"]}]},{\"@type\":\"ImageObject\",\"inLanguage\":\"es\",\"@id\":\"https:\\\/\\\/www.cuballama.com\\\/noticias\\\/cuba-activa-planes-de-estado-de-guerra-en-medio-de-tensiones-regionales-y-creciente-hermetismo-oficial\\\/#primaryimage\",\"url\":\"https:\\\/\\\/cdn1.mediawpaccore.net\\\/wp-content\\\/uploads\\\/2026\\\/01\\\/18120646\\\/616815351_912909627918474_8003139299970592273_n.jpg\",\"contentUrl\":\"https:\\\/\\\/cdn1.mediawpaccore.net\\\/wp-content\\\/uploads\\\/2026\\\/01\\\/18120646\\\/616815351_912909627918474_8003139299970592273_n.jpg\",\"width\":1000,\"height\":563,\"caption\":\"Telecentro Artemisa\\\/ Facebook\"},{\"@type\":\"BreadcrumbList\",\"@id\":\"https:\\\/\\\/www.cuballama.com\\\/noticias\\\/cuba-activa-planes-de-estado-de-guerra-en-medio-de-tensiones-regionales-y-creciente-hermetismo-oficial\\\/#breadcrumb\",\"itemListElement\":[{\"@type\":\"ListItem\",\"position\":1,\"name\":\"Home\",\"item\":\"https:\\\/\\\/www.cuballama.com\\\/noticias\\\/\"},{\"@type\":\"ListItem\",\"position\":2,\"name\":\"Cuba activa planes de \u201cEstado de Guerra\u201d en medio de tensiones regionales y creciente hermetismo oficial\"}]},{\"@type\":\"WebSite\",\"@id\":\"https:\\\/\\\/www.cuballama.com\\\/noticias\\\/#website\",\"url\":\"https:\\\/\\\/www.cuballama.com\\\/noticias\\\/\",\"name\":\"Cuballama Noticias\",\"description\":\"Medio digital sobre Cuba y el mundo\",\"publisher\":{\"@id\":\"https:\\\/\\\/www.cuballama.com\\\/noticias\\\/#organization\"},\"potentialAction\":[{\"@type\":\"SearchAction\",\"target\":{\"@type\":\"EntryPoint\",\"urlTemplate\":\"https:\\\/\\\/www.cuballama.com\\\/noticias\\\/?s={search_term_string}\"},\"query-input\":{\"@type\":\"PropertyValueSpecification\",\"valueRequired\":true,\"valueName\":\"search_term_string\"}}],\"inLanguage\":\"es\"},{\"@type\":\"Organization\",\"@id\":\"https:\\\/\\\/www.cuballama.com\\\/noticias\\\/#organization\",\"name\":\"Cuballama\",\"url\":\"https:\\\/\\\/www.cuballama.com\\\/noticias\\\/\",\"logo\":{\"@type\":\"ImageObject\",\"inLanguage\":\"es\",\"@id\":\"https:\\\/\\\/www.cuballama.com\\\/noticias\\\/#\\\/schema\\\/logo\\\/image\\\/\",\"url\":\"https:\\\/\\\/cdn1.mediawpaccore.net\\\/wp-content\\\/uploads\\\/2021\\\/12\\\/28171206\\\/cbll-logo-color-sm.png\",\"contentUrl\":\"https:\\\/\\\/cdn1.mediawpaccore.net\\\/wp-content\\\/uploads\\\/2021\\\/12\\\/28171206\\\/cbll-logo-color-sm.png\",\"width\":600,\"height\":133,\"caption\":\"Cuballama\"},\"image\":{\"@id\":\"https:\\\/\\\/www.cuballama.com\\\/noticias\\\/#\\\/schema\\\/logo\\\/image\\\/\"},\"sameAs\":[\"https:\\\/\\\/www.facebook.com\\\/CubaLlama\",\"https:\\\/\\\/x.com\\\/cuballama\",\"https:\\\/\\\/www.instagram.com\\\/stories\\\/cuballama_oficial\\\/\",\"https:\\\/\\\/www.youtube.com\\\/channel\\\/UCKkFE-d_axENGZcrc4as0IA\"]},{\"@type\":\"Person\",\"@id\":\"https:\\\/\\\/www.cuballama.com\\\/noticias\\\/#\\\/schema\\\/person\\\/0f97914526a658755f00e59ec2a832f2\",\"name\":\"Rafa\",\"url\":\"https:\\\/\\\/www.cuballama.com\\\/noticias\\\/author\\\/rafa\\\/\"}]}<\/script>\n<!-- \/ Yoast SEO plugin. -->","yoast_head_json":{"title":"Cuba activa planes de \u201cEstado de Guerra\u201d en medio de tensiones regionales y creciente hermetismo oficial - Cuballama Noticias","description":"El PCC ha intensificado la ret\u00f3rica antiestadounidense, retomando consignas y movilizaciones que apelan al enfrentamiento externo","robots":{"index":"index","follow":"follow","max-snippet":"max-snippet:-1","max-image-preview":"max-image-preview:large","max-video-preview":"max-video-preview:-1"},"canonical":"https:\/\/www.cuballama.com\/noticias\/cuba-activa-planes-de-estado-de-guerra-en-medio-de-tensiones-regionales-y-creciente-hermetismo-oficial\/","og_locale":"es_ES","og_type":"article","og_title":"Cuba activa planes de \u201cEstado de Guerra\u201d en medio de tensiones regionales y creciente hermetismo oficial - Cuballama Noticias","og_description":"El PCC ha intensificado la ret\u00f3rica antiestadounidense, retomando consignas y movilizaciones que apelan al enfrentamiento externo","og_url":"https:\/\/www.cuballama.com\/noticias\/cuba-activa-planes-de-estado-de-guerra-en-medio-de-tensiones-regionales-y-creciente-hermetismo-oficial\/","og_site_name":"Cuballama Noticias","article_publisher":"https:\/\/www.facebook.com\/CubaLlama","article_published_time":"2026-01-18T17:09:51+00:00","article_modified_time":"2026-01-18T17:09:53+00:00","og_image":[{"width":1000,"height":563,"url":"https:\/\/cdn1.mediawpaccore.net\/wp-content\/uploads\/2026\/01\/18120646\/616815351_912909627918474_8003139299970592273_n.jpg","type":"image\/jpeg"}],"author":"Rafa","twitter_card":"summary_large_image","twitter_creator":"@cuballama","twitter_site":"@cuballama","twitter_misc":{"Escrito por":"Rafa","Tiempo de lectura":"3 minutos"},"schema":{"@context":"https:\/\/schema.org","@graph":[{"@type":"Article","@id":"https:\/\/www.cuballama.com\/noticias\/cuba-activa-planes-de-estado-de-guerra-en-medio-de-tensiones-regionales-y-creciente-hermetismo-oficial\/#article","isPartOf":{"@id":"https:\/\/www.cuballama.com\/noticias\/cuba-activa-planes-de-estado-de-guerra-en-medio-de-tensiones-regionales-y-creciente-hermetismo-oficial\/"},"author":{"name":"Rafa","@id":"https:\/\/www.cuballama.com\/noticias\/#\/schema\/person\/0f97914526a658755f00e59ec2a832f2"},"headline":"Cuba activa planes de \u201cEstado de Guerra\u201d en medio de tensiones regionales y creciente hermetismo oficial","datePublished":"2026-01-18T17:09:51+00:00","dateModified":"2026-01-18T17:09:53+00:00","mainEntityOfPage":{"@id":"https:\/\/www.cuballama.com\/noticias\/cuba-activa-planes-de-estado-de-guerra-en-medio-de-tensiones-regionales-y-creciente-hermetismo-oficial\/"},"wordCount":488,"commentCount":0,"publisher":{"@id":"https:\/\/www.cuballama.com\/noticias\/#organization"},"image":{"@id":"https:\/\/www.cuballama.com\/noticias\/cuba-activa-planes-de-estado-de-guerra-en-medio-de-tensiones-regionales-y-creciente-hermetismo-oficial\/#primaryimage"},"thumbnailUrl":"https:\/\/cdn1.mediawpaccore.net\/wp-content\/uploads\/2026\/01\/18120646\/616815351_912909627918474_8003139299970592273_n.jpg","keywords":["Defensa Civil","militares cubanos","Ra\u00fal Castro"],"articleSection":["Noticias de Cuba"],"inLanguage":"es","potentialAction":[{"@type":"CommentAction","name":"Comment","target":["https:\/\/www.cuballama.com\/noticias\/cuba-activa-planes-de-estado-de-guerra-en-medio-de-tensiones-regionales-y-creciente-hermetismo-oficial\/#respond"]}]},{"@type":"WebPage","@id":"https:\/\/www.cuballama.com\/noticias\/cuba-activa-planes-de-estado-de-guerra-en-medio-de-tensiones-regionales-y-creciente-hermetismo-oficial\/","url":"https:\/\/www.cuballama.com\/noticias\/cuba-activa-planes-de-estado-de-guerra-en-medio-de-tensiones-regionales-y-creciente-hermetismo-oficial\/","name":"Cuba activa planes de \u201cEstado de Guerra\u201d en medio de tensiones regionales y creciente hermetismo oficial - Cuballama Noticias","isPartOf":{"@id":"https:\/\/www.cuballama.com\/noticias\/#website"},"primaryImageOfPage":{"@id":"https:\/\/www.cuballama.com\/noticias\/cuba-activa-planes-de-estado-de-guerra-en-medio-de-tensiones-regionales-y-creciente-hermetismo-oficial\/#primaryimage"},"image":{"@id":"https:\/\/www.cuballama.com\/noticias\/cuba-activa-planes-de-estado-de-guerra-en-medio-de-tensiones-regionales-y-creciente-hermetismo-oficial\/#primaryimage"},"thumbnailUrl":"https:\/\/cdn1.mediawpaccore.net\/wp-content\/uploads\/2026\/01\/18120646\/616815351_912909627918474_8003139299970592273_n.jpg","datePublished":"2026-01-18T17:09:51+00:00","dateModified":"2026-01-18T17:09:53+00:00","description":"El PCC ha intensificado la ret\u00f3rica antiestadounidense, retomando consignas y movilizaciones que apelan al enfrentamiento externo","breadcrumb":{"@id":"https:\/\/www.cuballama.com\/noticias\/cuba-activa-planes-de-estado-de-guerra-en-medio-de-tensiones-regionales-y-creciente-hermetismo-oficial\/#breadcrumb"},"inLanguage":"es","potentialAction":[{"@type":"ReadAction","target":["https:\/\/www.cuballama.com\/noticias\/cuba-activa-planes-de-estado-de-guerra-en-medio-de-tensiones-regionales-y-creciente-hermetismo-oficial\/"]}]},{"@type":"ImageObject","inLanguage":"es","@id":"https:\/\/www.cuballama.com\/noticias\/cuba-activa-planes-de-estado-de-guerra-en-medio-de-tensiones-regionales-y-creciente-hermetismo-oficial\/#primaryimage","url":"https:\/\/cdn1.mediawpaccore.net\/wp-content\/uploads\/2026\/01\/18120646\/616815351_912909627918474_8003139299970592273_n.jpg","contentUrl":"https:\/\/cdn1.mediawpaccore.net\/wp-content\/uploads\/2026\/01\/18120646\/616815351_912909627918474_8003139299970592273_n.jpg","width":1000,"height":563,"caption":"Telecentro Artemisa\/ Facebook"},{"@type":"BreadcrumbList","@id":"https:\/\/www.cuballama.com\/noticias\/cuba-activa-planes-de-estado-de-guerra-en-medio-de-tensiones-regionales-y-creciente-hermetismo-oficial\/#breadcrumb","itemListElement":[{"@type":"ListItem","position":1,"name":"Home","item":"https:\/\/www.cuballama.com\/noticias\/"},{"@type":"ListItem","position":2,"name":"Cuba activa planes de \u201cEstado de Guerra\u201d en medio de tensiones regionales y creciente hermetismo oficial"}]},{"@type":"WebSite","@id":"https:\/\/www.cuballama.com\/noticias\/#website","url":"https:\/\/www.cuballama.com\/noticias\/","name":"Cuballama Noticias","description":"Medio digital sobre Cuba y el mundo","publisher":{"@id":"https:\/\/www.cuballama.com\/noticias\/#organization"},"potentialAction":[{"@type":"SearchAction","target":{"@type":"EntryPoint","urlTemplate":"https:\/\/www.cuballama.com\/noticias\/?s={search_term_string}"},"query-input":{"@type":"PropertyValueSpecification","valueRequired":true,"valueName":"search_term_string"}}],"inLanguage":"es"},{"@type":"Organization","@id":"https:\/\/www.cuballama.com\/noticias\/#organization","name":"Cuballama","url":"https:\/\/www.cuballama.com\/noticias\/","logo":{"@type":"ImageObject","inLanguage":"es","@id":"https:\/\/www.cuballama.com\/noticias\/#\/schema\/logo\/image\/","url":"https:\/\/cdn1.mediawpaccore.net\/wp-content\/uploads\/2021\/12\/28171206\/cbll-logo-color-sm.png","contentUrl":"https:\/\/cdn1.mediawpaccore.net\/wp-content\/uploads\/2021\/12\/28171206\/cbll-logo-color-sm.png","width":600,"height":133,"caption":"Cuballama"},"image":{"@id":"https:\/\/www.cuballama.com\/noticias\/#\/schema\/logo\/image\/"},"sameAs":["https:\/\/www.facebook.com\/CubaLlama","https:\/\/x.com\/cuballama","https:\/\/www.instagram.com\/stories\/cuballama_oficial\/","https:\/\/www.youtube.com\/channel\/UCKkFE-d_axENGZcrc4as0IA"]},{"@type":"Person","@id":"https:\/\/www.cuballama.com\/noticias\/#\/schema\/person\/0f97914526a658755f00e59ec2a832f2","name":"Rafa","url":"https:\/\/www.cuballama.com\/noticias\/author\/rafa\/"}]}},"_links":{"self":[{"href":"https:\/\/www.cuballama.com\/noticias\/wp-json\/wp\/v2\/posts\/232510","targetHints":{"allow":["GET"]}}],"collection":[{"href":"https:\/\/www.cuballama.com\/noticias\/wp-json\/wp\/v2\/posts"}],"about":[{"href":"https:\/\/www.cuballama.com\/noticias\/wp-json\/wp\/v2\/types\/post"}],"author":[{"embeddable":true,"href":"https:\/\/www.cuballama.com\/noticias\/wp-json\/wp\/v2\/users\/27"}],"replies":[{"embeddable":true,"href":"https:\/\/www.cuballama.com\/noticias\/wp-json\/wp\/v2\/comments?post=232510"}],"version-history":[{"count":1,"href":"https:\/\/www.cuballama.com\/noticias\/wp-json\/wp\/v2\/posts\/232510\/revisions"}],"predecessor-version":[{"id":232512,"href":"https:\/\/www.cuballama.com\/noticias\/wp-json\/wp\/v2\/posts\/232510\/revisions\/232512"}],"wp:featuredmedia":[{"embeddable":true,"href":"https:\/\/www.cuballama.com\/noticias\/wp-json\/wp\/v2\/media\/232511"}],"wp:attachment":[{"href":"https:\/\/www.cuballama.com\/noticias\/wp-json\/wp\/v2\/media?parent=232510"}],"wp:term":[{"taxonomy":"category","embeddable":true,"href":"https:\/\/www.cuballama.com\/noticias\/wp-json\/wp\/v2\/categories?post=232510"},{"taxonomy":"post_tag","embeddable":true,"href":"https:\/\/www.cuballama.com\/noticias\/wp-json\/wp\/v2\/tags?post=232510"}],"curies":[{"name":"wp","href":"https:\/\/api.w.org\/{rel}","templated":true}]}}