{"id":232505,"date":"2026-01-18T10:00:56","date_gmt":"2026-01-18T15:00:56","guid":{"rendered":"https:\/\/www.cuballama.com\/noticias\/?p=232505"},"modified":"2026-01-18T10:00:58","modified_gmt":"2026-01-18T15:00:58","slug":"cubano-con-extrano-comportamiento-es-arrestado-en-mexico-tras-incendiar-4-contenedores-de-basura","status":"publish","type":"post","link":"https:\/\/www.cuballama.com\/noticias\/cubano-con-extrano-comportamiento-es-arrestado-en-mexico-tras-incendiar-4-contenedores-de-basura\/","title":{"rendered":"Cubano con extra\u00f1o comportamiento es arrestado en M\u00e9xico tras incendiar 4 contenedores de basura"},"content":{"rendered":"\n<p>Un hombre de nacionalidad cubana fue detenido en el municipio de Tapachula, estado de Chiapas, luego de ser se\u00f1alado como presunto responsable del incendio de cuatro contenedores de basura en el sector de Puerto Madero, hechos que generaron alarma social y pusieron en riesgo el patrimonio municipal, el medio ambiente y la seguridad de la poblaci\u00f3n.<\/p>\n\n\n\n<p>La detenci\u00f3n se produjo alrededor de las 09:20 horas del pasado 15 de enero, como resultado de labores de inteligencia y acciones de vigilancia preventiva realizadas por elementos policiales. De acuerdo con el informe oficial, los agentes se encontraban efectuando recorridos de seguridad sobre la Calzada Escolleras cuando detectaron a un individuo que, al notar la presencia de la unidad oficial, adopt\u00f3 una actitud evasiva y agresiva.<\/p>\n\n\n\n<p>Seg\u00fan las autoridades, el sujeto comenz\u00f3 a proferir palabras altisonantes en contra del personal policial, mostrando una conducta hostil que motiv\u00f3 su aseguramiento inmediato. Ante esta situaci\u00f3n, y por la probable comisi\u00f3n del delito de resistencia a particulares, los agentes procedieron a su detenci\u00f3n conforme a los protocolos establecidos, para posteriormente ponerlo a disposici\u00f3n del Ministerio P\u00fablico del Fuero Com\u00fan, instancia que ser\u00e1 la encargada de determinar su situaci\u00f3n jur\u00eddica.<\/p>\n\n\n\n<iframe loading=\"lazy\" src=\"https:\/\/www.facebook.com\/plugins\/post.php?href=https%3A%2F%2Fwww.facebook.com%2Fpermalink.php%3Fstory_fbid%3Dpfbid0hter8SRtXjEqV4CYNbKkdGbxeBayNtqzN72jMB4Sr36mk7jvrg9ozBjPCVuTsch7l%26id%3D100068076225217&#038;show_text=true&#038;width=500\" width=\"500\" height=\"793\" style=\"border:none;overflow:hidden\" scrolling=\"no\" frameborder=\"0\" allowfullscreen=\"true\" allow=\"autoplay; clipboard-write; encrypted-media; picture-in-picture; web-share\"><\/iframe>\n\n\n\n<p>El detenido fue identificado como Ernesto N., de 55 a\u00f1os de edad, de nacionalidad cubana y con domicilio en Puerto Madero. Adem\u00e1s de la conducta agresiva mostrada durante su detenci\u00f3n, el hombre es investigado por su probable participaci\u00f3n en el incendio de cuatro contenedores de basura ocurrido el pasado 14 de enero, un hecho que provoc\u00f3 preocupaci\u00f3n entre los habitantes de la zona debido al riesgo que represent\u00f3 para bienes p\u00fablicos, el entorno ambiental y la integridad de las personas.<\/p>\n\n\n\n<p><strong>Lea m\u00e1s: <a href=\"https:\/\/www.cuballama.com\/noticias\/capturan-en-mexico-a-cubano-vinculado-con-red-de-trafico-de-personas\/\" target=\"_blank\" rel=\"noreferrer noopener\">Capturan en M\u00e9xico a cubano vinculado con red de tr\u00e1fico de personas<\/a><\/strong><\/p>\n\n\n\n<p>Las autoridades se\u00f1alaron que estos actos no solo implican da\u00f1os materiales al patrimonio municipal, sino que tambi\u00e9n tienen un impacto directo en el medio ambiente, ya que los incendios de residuos s\u00f3lidos genera contaminaci\u00f3n del aire y pueden afectar la salud de la poblaci\u00f3n. En este sentido, recordaron que la legislaci\u00f3n vigente considera el atentado contra el patrimonio municipal como un delito grave.<\/p>\n\n\n\n<p>De acuerdo con las leyes aplicables, este tipo de conductas puede ser sancionado con penas de prisi\u00f3n que podr\u00edan alcanzar hasta los 40 a\u00f1os, dependiendo de la magnitud del da\u00f1o ocasionado. Asimismo, la contaminaci\u00f3n ambiental derivada de incendios est\u00e1 tipificada como delito en el C\u00f3digo Penal del Estado de Chiapas, y puede conllevar penas de c\u00e1rcel, multas econ\u00f3micas y la obligaci\u00f3n de reparar el da\u00f1o ambiental causado.<\/p>\n\n\n\n<p>Las autoridades locales reiteraron que no habr\u00e1 impunidad en este caso y subrayaron que, de acreditarse la responsabilidad penal del imputado, se aplicar\u00e1 un castigo ejemplar. Finalmente, informaron que se dar\u00e1 seguimiento puntual a las investigaciones correspondientes, reafirmando el compromiso institucional de proteger a la ciudadan\u00eda, el medio ambiente y los bienes p\u00fablicos del municipio.<\/p>\n","protected":false},"excerpt":{"rendered":"<p>El detenido fue identificado como Ernesto N., de 55 a\u00f1os de edad, de nacionalidad cubana y con domicilio en Puerto Madero<\/p>\n","protected":false},"author":27,"featured_media":232506,"comment_status":"open","ping_status":"closed","sticky":false,"template":"","format":"standard","meta":{"_acf_changed":false,"footnotes":""},"categories":[18],"tags":[4523,600],"class_list":{"0":"post-232505","1":"post","2":"type-post","3":"status-publish","4":"format-standard","5":"has-post-thumbnail","7":"category-noticias","8":"tag-cubanos-en-mexico","9":"tag-migrantes-cubanos"},"acf":[],"yoast_head":"<!-- This site is optimized with the Yoast SEO plugin v27.5 - https:\/\/yoast.com\/product\/yoast-seo-wordpress\/ -->\n<title>Cubano con extra\u00f1o comportamiento es arrestado en M\u00e9xico tras incendiar 4 contenedores de basura - Cuballama Noticias<\/title>\n<meta name=\"description\" content=\"El detenido fue identificado como Ernesto N., de 55 a\u00f1os de edad, de nacionalidad cubana y con domicilio en Puerto Madero\" \/>\n<meta name=\"robots\" content=\"index, follow, max-snippet:-1, max-image-preview:large, max-video-preview:-1\" \/>\n<link rel=\"canonical\" href=\"https:\/\/www.cuballama.com\/noticias\/cubano-con-extrano-comportamiento-es-arrestado-en-mexico-tras-incendiar-4-contenedores-de-basura\/\" \/>\n<meta property=\"og:locale\" content=\"es_ES\" \/>\n<meta property=\"og:type\" content=\"article\" \/>\n<meta property=\"og:title\" content=\"Cubano con extra\u00f1o comportamiento es arrestado en M\u00e9xico tras incendiar 4 contenedores de basura - Cuballama Noticias\" \/>\n<meta property=\"og:description\" content=\"El detenido fue identificado como Ernesto N., de 55 a\u00f1os de edad, de nacionalidad cubana y con domicilio en Puerto Madero\" \/>\n<meta property=\"og:url\" content=\"https:\/\/www.cuballama.com\/noticias\/cubano-con-extrano-comportamiento-es-arrestado-en-mexico-tras-incendiar-4-contenedores-de-basura\/\" \/>\n<meta property=\"og:site_name\" content=\"Cuballama Noticias\" \/>\n<meta property=\"article:publisher\" content=\"https:\/\/www.facebook.com\/CubaLlama\" \/>\n<meta property=\"article:published_time\" content=\"2026-01-18T15:00:56+00:00\" \/>\n<meta property=\"article:modified_time\" content=\"2026-01-18T15:00:58+00:00\" \/>\n<meta property=\"og:image\" content=\"https:\/\/cdn1.mediawpaccore.net\/wp-content\/uploads\/2026\/01\/18095431\/Captura-de-pantalla-2026-01-18-a-las-15.54.15-1024x722.png\" \/>\n\t<meta property=\"og:image:width\" content=\"1024\" \/>\n\t<meta property=\"og:image:height\" content=\"722\" \/>\n\t<meta property=\"og:image:type\" content=\"image\/png\" \/>\n<meta name=\"author\" content=\"Rafa\" \/>\n<meta name=\"twitter:card\" content=\"summary_large_image\" \/>\n<meta name=\"twitter:creator\" content=\"@cuballama\" \/>\n<meta name=\"twitter:site\" content=\"@cuballama\" \/>\n<meta name=\"twitter:label1\" content=\"Escrito por\" \/>\n\t<meta name=\"twitter:data1\" content=\"Rafa\" \/>\n\t<meta name=\"twitter:label2\" content=\"Tiempo de lectura\" \/>\n\t<meta name=\"twitter:data2\" content=\"3 minutos\" \/>\n<script type=\"application\/ld+json\" class=\"yoast-schema-graph\">{\"@context\":\"https:\\\/\\\/schema.org\",\"@graph\":[{\"@type\":\"Article\",\"@id\":\"https:\\\/\\\/www.cuballama.com\\\/noticias\\\/cubano-con-extrano-comportamiento-es-arrestado-en-mexico-tras-incendiar-4-contenedores-de-basura\\\/#article\",\"isPartOf\":{\"@id\":\"https:\\\/\\\/www.cuballama.com\\\/noticias\\\/cubano-con-extrano-comportamiento-es-arrestado-en-mexico-tras-incendiar-4-contenedores-de-basura\\\/\"},\"author\":{\"name\":\"Rafa\",\"@id\":\"https:\\\/\\\/www.cuballama.com\\\/noticias\\\/#\\\/schema\\\/person\\\/0f97914526a658755f00e59ec2a832f2\"},\"headline\":\"Cubano con extra\u00f1o comportamiento es arrestado en M\u00e9xico tras incendiar 4 contenedores de basura\",\"datePublished\":\"2026-01-18T15:00:56+00:00\",\"dateModified\":\"2026-01-18T15:00:58+00:00\",\"mainEntityOfPage\":{\"@id\":\"https:\\\/\\\/www.cuballama.com\\\/noticias\\\/cubano-con-extrano-comportamiento-es-arrestado-en-mexico-tras-incendiar-4-contenedores-de-basura\\\/\"},\"wordCount\":522,\"commentCount\":0,\"publisher\":{\"@id\":\"https:\\\/\\\/www.cuballama.com\\\/noticias\\\/#organization\"},\"image\":{\"@id\":\"https:\\\/\\\/www.cuballama.com\\\/noticias\\\/cubano-con-extrano-comportamiento-es-arrestado-en-mexico-tras-incendiar-4-contenedores-de-basura\\\/#primaryimage\"},\"thumbnailUrl\":\"https:\\\/\\\/cdn1.mediawpaccore.net\\\/wp-content\\\/uploads\\\/2026\\\/01\\\/18095431\\\/Captura-de-pantalla-2026-01-18-a-las-15.54.15.png\",\"keywords\":[\"Cubanos en M\u00e9xico\",\"Migrantes cubanos\"],\"articleSection\":[\"Noticias\"],\"inLanguage\":\"es\",\"potentialAction\":[{\"@type\":\"CommentAction\",\"name\":\"Comment\",\"target\":[\"https:\\\/\\\/www.cuballama.com\\\/noticias\\\/cubano-con-extrano-comportamiento-es-arrestado-en-mexico-tras-incendiar-4-contenedores-de-basura\\\/#respond\"]}]},{\"@type\":\"WebPage\",\"@id\":\"https:\\\/\\\/www.cuballama.com\\\/noticias\\\/cubano-con-extrano-comportamiento-es-arrestado-en-mexico-tras-incendiar-4-contenedores-de-basura\\\/\",\"url\":\"https:\\\/\\\/www.cuballama.com\\\/noticias\\\/cubano-con-extrano-comportamiento-es-arrestado-en-mexico-tras-incendiar-4-contenedores-de-basura\\\/\",\"name\":\"Cubano con extra\u00f1o comportamiento es arrestado en M\u00e9xico tras incendiar 4 contenedores de basura - Cuballama Noticias\",\"isPartOf\":{\"@id\":\"https:\\\/\\\/www.cuballama.com\\\/noticias\\\/#website\"},\"primaryImageOfPage\":{\"@id\":\"https:\\\/\\\/www.cuballama.com\\\/noticias\\\/cubano-con-extrano-comportamiento-es-arrestado-en-mexico-tras-incendiar-4-contenedores-de-basura\\\/#primaryimage\"},\"image\":{\"@id\":\"https:\\\/\\\/www.cuballama.com\\\/noticias\\\/cubano-con-extrano-comportamiento-es-arrestado-en-mexico-tras-incendiar-4-contenedores-de-basura\\\/#primaryimage\"},\"thumbnailUrl\":\"https:\\\/\\\/cdn1.mediawpaccore.net\\\/wp-content\\\/uploads\\\/2026\\\/01\\\/18095431\\\/Captura-de-pantalla-2026-01-18-a-las-15.54.15.png\",\"datePublished\":\"2026-01-18T15:00:56+00:00\",\"dateModified\":\"2026-01-18T15:00:58+00:00\",\"description\":\"El detenido fue identificado como Ernesto N., de 55 a\u00f1os de edad, de nacionalidad cubana y con domicilio en Puerto Madero\",\"breadcrumb\":{\"@id\":\"https:\\\/\\\/www.cuballama.com\\\/noticias\\\/cubano-con-extrano-comportamiento-es-arrestado-en-mexico-tras-incendiar-4-contenedores-de-basura\\\/#breadcrumb\"},\"inLanguage\":\"es\",\"potentialAction\":[{\"@type\":\"ReadAction\",\"target\":[\"https:\\\/\\\/www.cuballama.com\\\/noticias\\\/cubano-con-extrano-comportamiento-es-arrestado-en-mexico-tras-incendiar-4-contenedores-de-basura\\\/\"]}]},{\"@type\":\"ImageObject\",\"inLanguage\":\"es\",\"@id\":\"https:\\\/\\\/www.cuballama.com\\\/noticias\\\/cubano-con-extrano-comportamiento-es-arrestado-en-mexico-tras-incendiar-4-contenedores-de-basura\\\/#primaryimage\",\"url\":\"https:\\\/\\\/cdn1.mediawpaccore.net\\\/wp-content\\\/uploads\\\/2026\\\/01\\\/18095431\\\/Captura-de-pantalla-2026-01-18-a-las-15.54.15.png\",\"contentUrl\":\"https:\\\/\\\/cdn1.mediawpaccore.net\\\/wp-content\\\/uploads\\\/2026\\\/01\\\/18095431\\\/Captura-de-pantalla-2026-01-18-a-las-15.54.15.png\",\"width\":1594,\"height\":1124,\"caption\":\"Foto: Orbe\"},{\"@type\":\"BreadcrumbList\",\"@id\":\"https:\\\/\\\/www.cuballama.com\\\/noticias\\\/cubano-con-extrano-comportamiento-es-arrestado-en-mexico-tras-incendiar-4-contenedores-de-basura\\\/#breadcrumb\",\"itemListElement\":[{\"@type\":\"ListItem\",\"position\":1,\"name\":\"Home\",\"item\":\"https:\\\/\\\/www.cuballama.com\\\/noticias\\\/\"},{\"@type\":\"ListItem\",\"position\":2,\"name\":\"Cubano con extra\u00f1o comportamiento es arrestado en M\u00e9xico tras incendiar 4 contenedores de basura\"}]},{\"@type\":\"WebSite\",\"@id\":\"https:\\\/\\\/www.cuballama.com\\\/noticias\\\/#website\",\"url\":\"https:\\\/\\\/www.cuballama.com\\\/noticias\\\/\",\"name\":\"Cuballama Noticias\",\"description\":\"Medio digital sobre Cuba y el mundo\",\"publisher\":{\"@id\":\"https:\\\/\\\/www.cuballama.com\\\/noticias\\\/#organization\"},\"potentialAction\":[{\"@type\":\"SearchAction\",\"target\":{\"@type\":\"EntryPoint\",\"urlTemplate\":\"https:\\\/\\\/www.cuballama.com\\\/noticias\\\/?s={search_term_string}\"},\"query-input\":{\"@type\":\"PropertyValueSpecification\",\"valueRequired\":true,\"valueName\":\"search_term_string\"}}],\"inLanguage\":\"es\"},{\"@type\":\"Organization\",\"@id\":\"https:\\\/\\\/www.cuballama.com\\\/noticias\\\/#organization\",\"name\":\"Cuballama\",\"url\":\"https:\\\/\\\/www.cuballama.com\\\/noticias\\\/\",\"logo\":{\"@type\":\"ImageObject\",\"inLanguage\":\"es\",\"@id\":\"https:\\\/\\\/www.cuballama.com\\\/noticias\\\/#\\\/schema\\\/logo\\\/image\\\/\",\"url\":\"https:\\\/\\\/cdn1.mediawpaccore.net\\\/wp-content\\\/uploads\\\/2021\\\/12\\\/28171206\\\/cbll-logo-color-sm.png\",\"contentUrl\":\"https:\\\/\\\/cdn1.mediawpaccore.net\\\/wp-content\\\/uploads\\\/2021\\\/12\\\/28171206\\\/cbll-logo-color-sm.png\",\"width\":600,\"height\":133,\"caption\":\"Cuballama\"},\"image\":{\"@id\":\"https:\\\/\\\/www.cuballama.com\\\/noticias\\\/#\\\/schema\\\/logo\\\/image\\\/\"},\"sameAs\":[\"https:\\\/\\\/www.facebook.com\\\/CubaLlama\",\"https:\\\/\\\/x.com\\\/cuballama\",\"https:\\\/\\\/www.instagram.com\\\/stories\\\/cuballama_oficial\\\/\",\"https:\\\/\\\/www.youtube.com\\\/channel\\\/UCKkFE-d_axENGZcrc4as0IA\"]},{\"@type\":\"Person\",\"@id\":\"https:\\\/\\\/www.cuballama.com\\\/noticias\\\/#\\\/schema\\\/person\\\/0f97914526a658755f00e59ec2a832f2\",\"name\":\"Rafa\",\"url\":\"https:\\\/\\\/www.cuballama.com\\\/noticias\\\/author\\\/rafa\\\/\"}]}<\/script>\n<!-- \/ Yoast SEO plugin. -->","yoast_head_json":{"title":"Cubano con extra\u00f1o comportamiento es arrestado en M\u00e9xico tras incendiar 4 contenedores de basura - Cuballama Noticias","description":"El detenido fue identificado como Ernesto N., de 55 a\u00f1os de edad, de nacionalidad cubana y con domicilio en Puerto Madero","robots":{"index":"index","follow":"follow","max-snippet":"max-snippet:-1","max-image-preview":"max-image-preview:large","max-video-preview":"max-video-preview:-1"},"canonical":"https:\/\/www.cuballama.com\/noticias\/cubano-con-extrano-comportamiento-es-arrestado-en-mexico-tras-incendiar-4-contenedores-de-basura\/","og_locale":"es_ES","og_type":"article","og_title":"Cubano con extra\u00f1o comportamiento es arrestado en M\u00e9xico tras incendiar 4 contenedores de basura - Cuballama Noticias","og_description":"El detenido fue identificado como Ernesto N., de 55 a\u00f1os de edad, de nacionalidad cubana y con domicilio en Puerto Madero","og_url":"https:\/\/www.cuballama.com\/noticias\/cubano-con-extrano-comportamiento-es-arrestado-en-mexico-tras-incendiar-4-contenedores-de-basura\/","og_site_name":"Cuballama Noticias","article_publisher":"https:\/\/www.facebook.com\/CubaLlama","article_published_time":"2026-01-18T15:00:56+00:00","article_modified_time":"2026-01-18T15:00:58+00:00","og_image":[{"width":1024,"height":722,"url":"https:\/\/cdn1.mediawpaccore.net\/wp-content\/uploads\/2026\/01\/18095431\/Captura-de-pantalla-2026-01-18-a-las-15.54.15-1024x722.png","type":"image\/png"}],"author":"Rafa","twitter_card":"summary_large_image","twitter_creator":"@cuballama","twitter_site":"@cuballama","twitter_misc":{"Escrito por":"Rafa","Tiempo de lectura":"3 minutos"},"schema":{"@context":"https:\/\/schema.org","@graph":[{"@type":"Article","@id":"https:\/\/www.cuballama.com\/noticias\/cubano-con-extrano-comportamiento-es-arrestado-en-mexico-tras-incendiar-4-contenedores-de-basura\/#article","isPartOf":{"@id":"https:\/\/www.cuballama.com\/noticias\/cubano-con-extrano-comportamiento-es-arrestado-en-mexico-tras-incendiar-4-contenedores-de-basura\/"},"author":{"name":"Rafa","@id":"https:\/\/www.cuballama.com\/noticias\/#\/schema\/person\/0f97914526a658755f00e59ec2a832f2"},"headline":"Cubano con extra\u00f1o comportamiento es arrestado en M\u00e9xico tras incendiar 4 contenedores de basura","datePublished":"2026-01-18T15:00:56+00:00","dateModified":"2026-01-18T15:00:58+00:00","mainEntityOfPage":{"@id":"https:\/\/www.cuballama.com\/noticias\/cubano-con-extrano-comportamiento-es-arrestado-en-mexico-tras-incendiar-4-contenedores-de-basura\/"},"wordCount":522,"commentCount":0,"publisher":{"@id":"https:\/\/www.cuballama.com\/noticias\/#organization"},"image":{"@id":"https:\/\/www.cuballama.com\/noticias\/cubano-con-extrano-comportamiento-es-arrestado-en-mexico-tras-incendiar-4-contenedores-de-basura\/#primaryimage"},"thumbnailUrl":"https:\/\/cdn1.mediawpaccore.net\/wp-content\/uploads\/2026\/01\/18095431\/Captura-de-pantalla-2026-01-18-a-las-15.54.15.png","keywords":["Cubanos en M\u00e9xico","Migrantes cubanos"],"articleSection":["Noticias"],"inLanguage":"es","potentialAction":[{"@type":"CommentAction","name":"Comment","target":["https:\/\/www.cuballama.com\/noticias\/cubano-con-extrano-comportamiento-es-arrestado-en-mexico-tras-incendiar-4-contenedores-de-basura\/#respond"]}]},{"@type":"WebPage","@id":"https:\/\/www.cuballama.com\/noticias\/cubano-con-extrano-comportamiento-es-arrestado-en-mexico-tras-incendiar-4-contenedores-de-basura\/","url":"https:\/\/www.cuballama.com\/noticias\/cubano-con-extrano-comportamiento-es-arrestado-en-mexico-tras-incendiar-4-contenedores-de-basura\/","name":"Cubano con extra\u00f1o comportamiento es arrestado en M\u00e9xico tras incendiar 4 contenedores de basura - Cuballama Noticias","isPartOf":{"@id":"https:\/\/www.cuballama.com\/noticias\/#website"},"primaryImageOfPage":{"@id":"https:\/\/www.cuballama.com\/noticias\/cubano-con-extrano-comportamiento-es-arrestado-en-mexico-tras-incendiar-4-contenedores-de-basura\/#primaryimage"},"image":{"@id":"https:\/\/www.cuballama.com\/noticias\/cubano-con-extrano-comportamiento-es-arrestado-en-mexico-tras-incendiar-4-contenedores-de-basura\/#primaryimage"},"thumbnailUrl":"https:\/\/cdn1.mediawpaccore.net\/wp-content\/uploads\/2026\/01\/18095431\/Captura-de-pantalla-2026-01-18-a-las-15.54.15.png","datePublished":"2026-01-18T15:00:56+00:00","dateModified":"2026-01-18T15:00:58+00:00","description":"El detenido fue identificado como Ernesto N., de 55 a\u00f1os de edad, de nacionalidad cubana y con domicilio en Puerto Madero","breadcrumb":{"@id":"https:\/\/www.cuballama.com\/noticias\/cubano-con-extrano-comportamiento-es-arrestado-en-mexico-tras-incendiar-4-contenedores-de-basura\/#breadcrumb"},"inLanguage":"es","potentialAction":[{"@type":"ReadAction","target":["https:\/\/www.cuballama.com\/noticias\/cubano-con-extrano-comportamiento-es-arrestado-en-mexico-tras-incendiar-4-contenedores-de-basura\/"]}]},{"@type":"ImageObject","inLanguage":"es","@id":"https:\/\/www.cuballama.com\/noticias\/cubano-con-extrano-comportamiento-es-arrestado-en-mexico-tras-incendiar-4-contenedores-de-basura\/#primaryimage","url":"https:\/\/cdn1.mediawpaccore.net\/wp-content\/uploads\/2026\/01\/18095431\/Captura-de-pantalla-2026-01-18-a-las-15.54.15.png","contentUrl":"https:\/\/cdn1.mediawpaccore.net\/wp-content\/uploads\/2026\/01\/18095431\/Captura-de-pantalla-2026-01-18-a-las-15.54.15.png","width":1594,"height":1124,"caption":"Foto: Orbe"},{"@type":"BreadcrumbList","@id":"https:\/\/www.cuballama.com\/noticias\/cubano-con-extrano-comportamiento-es-arrestado-en-mexico-tras-incendiar-4-contenedores-de-basura\/#breadcrumb","itemListElement":[{"@type":"ListItem","position":1,"name":"Home","item":"https:\/\/www.cuballama.com\/noticias\/"},{"@type":"ListItem","position":2,"name":"Cubano con extra\u00f1o comportamiento es arrestado en M\u00e9xico tras incendiar 4 contenedores de basura"}]},{"@type":"WebSite","@id":"https:\/\/www.cuballama.com\/noticias\/#website","url":"https:\/\/www.cuballama.com\/noticias\/","name":"Cuballama Noticias","description":"Medio digital sobre Cuba y el mundo","publisher":{"@id":"https:\/\/www.cuballama.com\/noticias\/#organization"},"potentialAction":[{"@type":"SearchAction","target":{"@type":"EntryPoint","urlTemplate":"https:\/\/www.cuballama.com\/noticias\/?s={search_term_string}"},"query-input":{"@type":"PropertyValueSpecification","valueRequired":true,"valueName":"search_term_string"}}],"inLanguage":"es"},{"@type":"Organization","@id":"https:\/\/www.cuballama.com\/noticias\/#organization","name":"Cuballama","url":"https:\/\/www.cuballama.com\/noticias\/","logo":{"@type":"ImageObject","inLanguage":"es","@id":"https:\/\/www.cuballama.com\/noticias\/#\/schema\/logo\/image\/","url":"https:\/\/cdn1.mediawpaccore.net\/wp-content\/uploads\/2021\/12\/28171206\/cbll-logo-color-sm.png","contentUrl":"https:\/\/cdn1.mediawpaccore.net\/wp-content\/uploads\/2021\/12\/28171206\/cbll-logo-color-sm.png","width":600,"height":133,"caption":"Cuballama"},"image":{"@id":"https:\/\/www.cuballama.com\/noticias\/#\/schema\/logo\/image\/"},"sameAs":["https:\/\/www.facebook.com\/CubaLlama","https:\/\/x.com\/cuballama","https:\/\/www.instagram.com\/stories\/cuballama_oficial\/","https:\/\/www.youtube.com\/channel\/UCKkFE-d_axENGZcrc4as0IA"]},{"@type":"Person","@id":"https:\/\/www.cuballama.com\/noticias\/#\/schema\/person\/0f97914526a658755f00e59ec2a832f2","name":"Rafa","url":"https:\/\/www.cuballama.com\/noticias\/author\/rafa\/"}]}},"_links":{"self":[{"href":"https:\/\/www.cuballama.com\/noticias\/wp-json\/wp\/v2\/posts\/232505","targetHints":{"allow":["GET"]}}],"collection":[{"href":"https:\/\/www.cuballama.com\/noticias\/wp-json\/wp\/v2\/posts"}],"about":[{"href":"https:\/\/www.cuballama.com\/noticias\/wp-json\/wp\/v2\/types\/post"}],"author":[{"embeddable":true,"href":"https:\/\/www.cuballama.com\/noticias\/wp-json\/wp\/v2\/users\/27"}],"replies":[{"embeddable":true,"href":"https:\/\/www.cuballama.com\/noticias\/wp-json\/wp\/v2\/comments?post=232505"}],"version-history":[{"count":1,"href":"https:\/\/www.cuballama.com\/noticias\/wp-json\/wp\/v2\/posts\/232505\/revisions"}],"predecessor-version":[{"id":232507,"href":"https:\/\/www.cuballama.com\/noticias\/wp-json\/wp\/v2\/posts\/232505\/revisions\/232507"}],"wp:featuredmedia":[{"embeddable":true,"href":"https:\/\/www.cuballama.com\/noticias\/wp-json\/wp\/v2\/media\/232506"}],"wp:attachment":[{"href":"https:\/\/www.cuballama.com\/noticias\/wp-json\/wp\/v2\/media?parent=232505"}],"wp:term":[{"taxonomy":"category","embeddable":true,"href":"https:\/\/www.cuballama.com\/noticias\/wp-json\/wp\/v2\/categories?post=232505"},{"taxonomy":"post_tag","embeddable":true,"href":"https:\/\/www.cuballama.com\/noticias\/wp-json\/wp\/v2\/tags?post=232505"}],"curies":[{"name":"wp","href":"https:\/\/api.w.org\/{rel}","templated":true}]}}