{"id":232502,"date":"2026-01-18T08:09:03","date_gmt":"2026-01-18T13:09:03","guid":{"rendered":"https:\/\/www.cuballama.com\/noticias\/?p=232502"},"modified":"2026-01-18T08:09:05","modified_gmt":"2026-01-18T13:09:05","slug":"mexico-desmiente-rumores-sobre-eliminacion-del-visado-para-ciudadanos-cubanos","status":"publish","type":"post","link":"https:\/\/www.cuballama.com\/noticias\/mexico-desmiente-rumores-sobre-eliminacion-del-visado-para-ciudadanos-cubanos\/","title":{"rendered":"M\u00e9xico desmiente rumores sobre eliminaci\u00f3n del visado para ciudadanos cubanos"},"content":{"rendered":"\n<p>El Consulado de M\u00e9xico en La Habana aclar\u00f3 este s\u00e1bado que no existe ninguna modificaci\u00f3n en los requisitos de visado para los ciudadanos cubanos, y desminti\u00f3 de manera categ\u00f3rica las versiones que circulan en redes sociales sobre una supuesta eliminaci\u00f3n o gratuidad del permiso de entrada a territorio mexicano.<\/p>\n\n\n\n<p>La sede diplom\u00e1tica calific\u00f3 como falsa la informaci\u00f3n que asegura la emisi\u00f3n de visas autom\u00e1ticas o sin costo para cubanos. En un mensaje difundido en su cuenta oficial en X, el Consulado precis\u00f3 que los procedimientos y exigencias para solicitar la visa mexicana se mantienen sin cambios, y llam\u00f3 a no dar cr\u00e9dito a publicaciones no verificadas.<\/p>\n\n\n\n<p>Las autoridades insistieron en que la \u00fanica informaci\u00f3n v\u00e1lida sobre tr\u00e1mites consulares se publica en los canales oficiales del Gobierno de M\u00e9xico, entre ellos el portal <em>consulmex.sre.gob.mx\/la-habana <\/em>y las cuentas verificadas del Consulado en La Habana, la Secretar\u00eda de Relaciones Exteriores y la Embajada de M\u00e9xico en Cuba.<\/p>\n\n\n\n<figure class=\"wp-block-embed is-type-rich is-provider-twitter wp-block-embed-twitter\"><div class=\"wp-block-embed__wrapper\">\n<blockquote class=\"twitter-tweet\" data-width=\"550\" data-dnt=\"true\"><p lang=\"es\" dir=\"ltr\">\u26a0\ufe0f \u00a1ATENCI\u00d3N! \u26a0\ufe0f<br>Circula en redes sociales informaci\u00f3n sobre la supuesta emisi\u00f3n de visado mexicano libre o gratuito para ciudadanos cubanos. ES FALSO. No hay ning\u00fan cambio en los requisitos o procedimientos para la obtenci\u00f3n de la visa mexicana.<\/p>&mdash; Consulado de M\u00e9xico en La Habana (@ConsulMexLH) <a href=\"https:\/\/twitter.com\/ConsulMexLH\/status\/2012625509713076282?ref_src=twsrc%5Etfw\">January 17, 2026<\/a><\/blockquote><script async src=\"https:\/\/platform.twitter.com\/widgets.js\" charset=\"utf-8\"><\/script>\n<\/div><\/figure>\n\n\n\n<p>En ese contexto, el Consulado alert\u00f3 sobre estafas vinculadas a supuestas agencias o intermediarios que prometen visados r\u00e1pidos, exenciones de requisitos o citas \u201cexpr\u00e9s\u201d a cambio de dinero. Seg\u00fan record\u00f3 la representaci\u00f3n diplom\u00e1tica, los tr\u00e1mites de visa son personales, no se gestionan a trav\u00e9s de terceros y nunca se realizan por medio de p\u00e1ginas no oficiales.<\/p>\n\n\n\n<p><strong>Lea m\u00e1s: <a href=\"https:\/\/www.cuballama.com\/noticias\/cubanos-encabezan-solicitudes-de-refugio-en-mexico-en-2025\/\" target=\"_blank\" rel=\"noreferrer noopener\">Cubanos encabezan solicitudes de refugio en M\u00e9xico en 2025<\/a><\/strong><\/p>\n\n\n\n<p>Este comunicado se produce en un escenario marcado por la proliferaci\u00f3n de noticias falsas en redes sociales y plataformas de mensajer\u00eda, fen\u00f3meno que ha ido en aumento junto con el crecimiento del flujo migratorio cubano hacia M\u00e9xico y Estados Unidos. Las autoridades mexicanas han detectado incluso perfiles falsos que suplantan cuentas institucionales para ofrecer servicios consulares inexistentes.<\/p>\n\n\n\n<figure class=\"wp-block-embed is-type-rich is-provider-twitter wp-block-embed-twitter\"><div class=\"wp-block-embed__wrapper\">\n<blockquote class=\"twitter-tweet\" data-width=\"550\" data-dnt=\"true\"><p lang=\"es\" dir=\"ltr\">No se deje enga\u00f1ar. La informaci\u00f3n oficial y v\u00e1lida sobre tr\u00e1mites consulares se publica \u00fanicamente en los sitios y cuentas oficiales del gobierno de M\u00e9xico: <a href=\"https:\/\/t.co\/jaUmYwh8bF\">https:\/\/t.co\/jaUmYwh8bF<\/a><a href=\"https:\/\/twitter.com\/SRE_mx?ref_src=twsrc%5Etfw\">@SRE_mx<\/a><a href=\"https:\/\/twitter.com\/EmbaMexCuba?ref_src=twsrc%5Etfw\">@embamexcuba<\/a><a href=\"https:\/\/twitter.com\/ConsulMexLH?ref_src=twsrc%5Etfw\">@ConsulMexLH<\/a> <a href=\"https:\/\/t.co\/8rcN9A9nLb\">pic.twitter.com\/8rcN9A9nLb<\/a><\/p>&mdash; Consulado de M\u00e9xico en La Habana (@ConsulMexLH) <a href=\"https:\/\/twitter.com\/ConsulMexLH\/status\/2012626008952684710?ref_src=twsrc%5Etfw\">January 17, 2026<\/a><\/blockquote><script async src=\"https:\/\/platform.twitter.com\/widgets.js\" charset=\"utf-8\"><\/script>\n<\/div><\/figure>\n\n\n\n<p>M\u00e9xico mantiene vigente la exigencia de visado consular para ciudadanos cubanos, medida restablecida en diciembre de 2021 tras el incremento de la migraci\u00f3n irregular hacia su territorio. La solicitud debe realizarse de forma presencial en el Consulado en La Habana, con cita previa y la presentaci\u00f3n de documentos que acrediten el motivo del viaje, solvencia econ\u00f3mica y v\u00ednculos con Cuba.<\/p>\n\n\n\n<p>Finalmente, el Gobierno mexicano reiter\u00f3 su compromiso con una movilidad humana segura y ordenada, al tiempo que exhort\u00f3 a la poblaci\u00f3n a informarse \u00fanicamente a trav\u00e9s de fuentes oficiales y a desconfiar de cualquier oferta que prometa facilidades fuera de los canales institucionales.<\/p>\n","protected":false},"excerpt":{"rendered":"<p>Las autoridades insistieron en que la \u00fanica informaci\u00f3n v\u00e1lida sobre tr\u00e1mites consulares se publica en los canales oficiales del Gobierno de M\u00e9xico<\/p>\n","protected":false},"author":27,"featured_media":232503,"comment_status":"open","ping_status":"closed","sticky":false,"template":"","format":"standard","meta":{"_acf_changed":false,"footnotes":""},"categories":[955],"tags":[281,600,91],"class_list":{"0":"post-232502","1":"post","2":"type-post","3":"status-publish","4":"format-standard","5":"has-post-thumbnail","7":"category-noticias-de-cuba","8":"tag-mexico","9":"tag-migrantes-cubanos","10":"tag-visa"},"acf":[],"yoast_head":"<!-- This site is optimized with the Yoast SEO plugin v27.4 - https:\/\/yoast.com\/product\/yoast-seo-wordpress\/ -->\n<title>M\u00e9xico desmiente rumores sobre eliminaci\u00f3n del visado para ciudadanos cubanos - Cuballama Noticias<\/title>\n<meta name=\"description\" content=\"Insistieron en que la \u00fanica informaci\u00f3n v\u00e1lida sobre tr\u00e1mites consulares se publica en los canales oficiales del Gobierno de M\u00e9xico\" \/>\n<meta name=\"robots\" content=\"index, follow, max-snippet:-1, max-image-preview:large, max-video-preview:-1\" \/>\n<link rel=\"canonical\" href=\"https:\/\/www.cuballama.com\/noticias\/mexico-desmiente-rumores-sobre-eliminacion-del-visado-para-ciudadanos-cubanos\/\" \/>\n<meta property=\"og:locale\" content=\"es_ES\" \/>\n<meta property=\"og:type\" content=\"article\" \/>\n<meta property=\"og:title\" content=\"M\u00e9xico desmiente rumores sobre eliminaci\u00f3n del visado para ciudadanos cubanos - Cuballama Noticias\" \/>\n<meta property=\"og:description\" content=\"Insistieron en que la \u00fanica informaci\u00f3n v\u00e1lida sobre tr\u00e1mites consulares se publica en los canales oficiales del Gobierno de M\u00e9xico\" \/>\n<meta property=\"og:url\" content=\"https:\/\/www.cuballama.com\/noticias\/mexico-desmiente-rumores-sobre-eliminacion-del-visado-para-ciudadanos-cubanos\/\" \/>\n<meta property=\"og:site_name\" content=\"Cuballama Noticias\" \/>\n<meta property=\"article:publisher\" content=\"https:\/\/www.facebook.com\/CubaLlama\" \/>\n<meta property=\"article:published_time\" content=\"2026-01-18T13:09:03+00:00\" \/>\n<meta property=\"article:modified_time\" content=\"2026-01-18T13:09:05+00:00\" \/>\n<meta property=\"og:image\" content=\"https:\/\/cdn1.mediawpaccore.net\/wp-content\/uploads\/2026\/01\/18080613\/Captura-de-pantalla-2026-01-18-a-las-14.05.52.png\" \/>\n\t<meta property=\"og:image:width\" content=\"1332\" \/>\n\t<meta property=\"og:image:height\" content=\"872\" \/>\n\t<meta property=\"og:image:type\" content=\"image\/png\" \/>\n<meta name=\"author\" content=\"Rafa\" \/>\n<meta name=\"twitter:card\" content=\"summary_large_image\" \/>\n<meta name=\"twitter:creator\" content=\"@cuballama\" \/>\n<meta name=\"twitter:site\" content=\"@cuballama\" \/>\n<meta name=\"twitter:label1\" content=\"Escrito por\" \/>\n\t<meta name=\"twitter:data1\" content=\"Rafa\" \/>\n\t<meta name=\"twitter:label2\" content=\"Tiempo de lectura\" \/>\n\t<meta name=\"twitter:data2\" content=\"2 minutos\" \/>\n<script type=\"application\/ld+json\" class=\"yoast-schema-graph\">{\"@context\":\"https:\\\/\\\/schema.org\",\"@graph\":[{\"@type\":\"Article\",\"@id\":\"https:\\\/\\\/www.cuballama.com\\\/noticias\\\/mexico-desmiente-rumores-sobre-eliminacion-del-visado-para-ciudadanos-cubanos\\\/#article\",\"isPartOf\":{\"@id\":\"https:\\\/\\\/www.cuballama.com\\\/noticias\\\/mexico-desmiente-rumores-sobre-eliminacion-del-visado-para-ciudadanos-cubanos\\\/\"},\"author\":{\"name\":\"Rafa\",\"@id\":\"https:\\\/\\\/www.cuballama.com\\\/noticias\\\/#\\\/schema\\\/person\\\/0f97914526a658755f00e59ec2a832f2\"},\"headline\":\"M\u00e9xico desmiente rumores sobre eliminaci\u00f3n del visado para ciudadanos cubanos\",\"datePublished\":\"2026-01-18T13:09:03+00:00\",\"dateModified\":\"2026-01-18T13:09:05+00:00\",\"mainEntityOfPage\":{\"@id\":\"https:\\\/\\\/www.cuballama.com\\\/noticias\\\/mexico-desmiente-rumores-sobre-eliminacion-del-visado-para-ciudadanos-cubanos\\\/\"},\"wordCount\":442,\"commentCount\":0,\"publisher\":{\"@id\":\"https:\\\/\\\/www.cuballama.com\\\/noticias\\\/#organization\"},\"image\":{\"@id\":\"https:\\\/\\\/www.cuballama.com\\\/noticias\\\/mexico-desmiente-rumores-sobre-eliminacion-del-visado-para-ciudadanos-cubanos\\\/#primaryimage\"},\"thumbnailUrl\":\"https:\\\/\\\/cdn1.mediawpaccore.net\\\/wp-content\\\/uploads\\\/2026\\\/01\\\/18080613\\\/Captura-de-pantalla-2026-01-18-a-las-14.05.52.png\",\"keywords\":[\"M\u00e9xico\",\"Migrantes cubanos\",\"visa\"],\"articleSection\":[\"Noticias de Cuba\"],\"inLanguage\":\"es\",\"potentialAction\":[{\"@type\":\"CommentAction\",\"name\":\"Comment\",\"target\":[\"https:\\\/\\\/www.cuballama.com\\\/noticias\\\/mexico-desmiente-rumores-sobre-eliminacion-del-visado-para-ciudadanos-cubanos\\\/#respond\"]}]},{\"@type\":\"WebPage\",\"@id\":\"https:\\\/\\\/www.cuballama.com\\\/noticias\\\/mexico-desmiente-rumores-sobre-eliminacion-del-visado-para-ciudadanos-cubanos\\\/\",\"url\":\"https:\\\/\\\/www.cuballama.com\\\/noticias\\\/mexico-desmiente-rumores-sobre-eliminacion-del-visado-para-ciudadanos-cubanos\\\/\",\"name\":\"M\u00e9xico desmiente rumores sobre eliminaci\u00f3n del visado para ciudadanos cubanos - Cuballama Noticias\",\"isPartOf\":{\"@id\":\"https:\\\/\\\/www.cuballama.com\\\/noticias\\\/#website\"},\"primaryImageOfPage\":{\"@id\":\"https:\\\/\\\/www.cuballama.com\\\/noticias\\\/mexico-desmiente-rumores-sobre-eliminacion-del-visado-para-ciudadanos-cubanos\\\/#primaryimage\"},\"image\":{\"@id\":\"https:\\\/\\\/www.cuballama.com\\\/noticias\\\/mexico-desmiente-rumores-sobre-eliminacion-del-visado-para-ciudadanos-cubanos\\\/#primaryimage\"},\"thumbnailUrl\":\"https:\\\/\\\/cdn1.mediawpaccore.net\\\/wp-content\\\/uploads\\\/2026\\\/01\\\/18080613\\\/Captura-de-pantalla-2026-01-18-a-las-14.05.52.png\",\"datePublished\":\"2026-01-18T13:09:03+00:00\",\"dateModified\":\"2026-01-18T13:09:05+00:00\",\"description\":\"Insistieron en que la \u00fanica informaci\u00f3n v\u00e1lida sobre tr\u00e1mites consulares se publica en los canales oficiales del Gobierno de M\u00e9xico\",\"breadcrumb\":{\"@id\":\"https:\\\/\\\/www.cuballama.com\\\/noticias\\\/mexico-desmiente-rumores-sobre-eliminacion-del-visado-para-ciudadanos-cubanos\\\/#breadcrumb\"},\"inLanguage\":\"es\",\"potentialAction\":[{\"@type\":\"ReadAction\",\"target\":[\"https:\\\/\\\/www.cuballama.com\\\/noticias\\\/mexico-desmiente-rumores-sobre-eliminacion-del-visado-para-ciudadanos-cubanos\\\/\"]}]},{\"@type\":\"ImageObject\",\"inLanguage\":\"es\",\"@id\":\"https:\\\/\\\/www.cuballama.com\\\/noticias\\\/mexico-desmiente-rumores-sobre-eliminacion-del-visado-para-ciudadanos-cubanos\\\/#primaryimage\",\"url\":\"https:\\\/\\\/cdn1.mediawpaccore.net\\\/wp-content\\\/uploads\\\/2026\\\/01\\\/18080613\\\/Captura-de-pantalla-2026-01-18-a-las-14.05.52.png\",\"contentUrl\":\"https:\\\/\\\/cdn1.mediawpaccore.net\\\/wp-content\\\/uploads\\\/2026\\\/01\\\/18080613\\\/Captura-de-pantalla-2026-01-18-a-las-14.05.52.png\",\"width\":1332,\"height\":872,\"caption\":\"Foto: Consulado de M\u00e9xico en La Habana\"},{\"@type\":\"BreadcrumbList\",\"@id\":\"https:\\\/\\\/www.cuballama.com\\\/noticias\\\/mexico-desmiente-rumores-sobre-eliminacion-del-visado-para-ciudadanos-cubanos\\\/#breadcrumb\",\"itemListElement\":[{\"@type\":\"ListItem\",\"position\":1,\"name\":\"Home\",\"item\":\"https:\\\/\\\/www.cuballama.com\\\/noticias\\\/\"},{\"@type\":\"ListItem\",\"position\":2,\"name\":\"M\u00e9xico desmiente rumores sobre eliminaci\u00f3n del visado para ciudadanos cubanos\"}]},{\"@type\":\"WebSite\",\"@id\":\"https:\\\/\\\/www.cuballama.com\\\/noticias\\\/#website\",\"url\":\"https:\\\/\\\/www.cuballama.com\\\/noticias\\\/\",\"name\":\"Cuballama Noticias\",\"description\":\"Medio digital sobre Cuba y el mundo\",\"publisher\":{\"@id\":\"https:\\\/\\\/www.cuballama.com\\\/noticias\\\/#organization\"},\"potentialAction\":[{\"@type\":\"SearchAction\",\"target\":{\"@type\":\"EntryPoint\",\"urlTemplate\":\"https:\\\/\\\/www.cuballama.com\\\/noticias\\\/?s={search_term_string}\"},\"query-input\":{\"@type\":\"PropertyValueSpecification\",\"valueRequired\":true,\"valueName\":\"search_term_string\"}}],\"inLanguage\":\"es\"},{\"@type\":\"Organization\",\"@id\":\"https:\\\/\\\/www.cuballama.com\\\/noticias\\\/#organization\",\"name\":\"Cuballama\",\"url\":\"https:\\\/\\\/www.cuballama.com\\\/noticias\\\/\",\"logo\":{\"@type\":\"ImageObject\",\"inLanguage\":\"es\",\"@id\":\"https:\\\/\\\/www.cuballama.com\\\/noticias\\\/#\\\/schema\\\/logo\\\/image\\\/\",\"url\":\"https:\\\/\\\/cdn1.mediawpaccore.net\\\/wp-content\\\/uploads\\\/2021\\\/12\\\/28171206\\\/cbll-logo-color-sm.png\",\"contentUrl\":\"https:\\\/\\\/cdn1.mediawpaccore.net\\\/wp-content\\\/uploads\\\/2021\\\/12\\\/28171206\\\/cbll-logo-color-sm.png\",\"width\":600,\"height\":133,\"caption\":\"Cuballama\"},\"image\":{\"@id\":\"https:\\\/\\\/www.cuballama.com\\\/noticias\\\/#\\\/schema\\\/logo\\\/image\\\/\"},\"sameAs\":[\"https:\\\/\\\/www.facebook.com\\\/CubaLlama\",\"https:\\\/\\\/x.com\\\/cuballama\",\"https:\\\/\\\/www.instagram.com\\\/stories\\\/cuballama_oficial\\\/\",\"https:\\\/\\\/www.youtube.com\\\/channel\\\/UCKkFE-d_axENGZcrc4as0IA\"]},{\"@type\":\"Person\",\"@id\":\"https:\\\/\\\/www.cuballama.com\\\/noticias\\\/#\\\/schema\\\/person\\\/0f97914526a658755f00e59ec2a832f2\",\"name\":\"Rafa\",\"url\":\"https:\\\/\\\/www.cuballama.com\\\/noticias\\\/author\\\/rafa\\\/\"}]}<\/script>\n<!-- \/ Yoast SEO plugin. -->","yoast_head_json":{"title":"M\u00e9xico desmiente rumores sobre eliminaci\u00f3n del visado para ciudadanos cubanos - Cuballama Noticias","description":"Insistieron en que la \u00fanica informaci\u00f3n v\u00e1lida sobre tr\u00e1mites consulares se publica en los canales oficiales del Gobierno de M\u00e9xico","robots":{"index":"index","follow":"follow","max-snippet":"max-snippet:-1","max-image-preview":"max-image-preview:large","max-video-preview":"max-video-preview:-1"},"canonical":"https:\/\/www.cuballama.com\/noticias\/mexico-desmiente-rumores-sobre-eliminacion-del-visado-para-ciudadanos-cubanos\/","og_locale":"es_ES","og_type":"article","og_title":"M\u00e9xico desmiente rumores sobre eliminaci\u00f3n del visado para ciudadanos cubanos - Cuballama Noticias","og_description":"Insistieron en que la \u00fanica informaci\u00f3n v\u00e1lida sobre tr\u00e1mites consulares se publica en los canales oficiales del Gobierno de M\u00e9xico","og_url":"https:\/\/www.cuballama.com\/noticias\/mexico-desmiente-rumores-sobre-eliminacion-del-visado-para-ciudadanos-cubanos\/","og_site_name":"Cuballama Noticias","article_publisher":"https:\/\/www.facebook.com\/CubaLlama","article_published_time":"2026-01-18T13:09:03+00:00","article_modified_time":"2026-01-18T13:09:05+00:00","og_image":[{"width":1332,"height":872,"url":"https:\/\/cdn1.mediawpaccore.net\/wp-content\/uploads\/2026\/01\/18080613\/Captura-de-pantalla-2026-01-18-a-las-14.05.52.png","type":"image\/png"}],"author":"Rafa","twitter_card":"summary_large_image","twitter_creator":"@cuballama","twitter_site":"@cuballama","twitter_misc":{"Escrito por":"Rafa","Tiempo de lectura":"2 minutos"},"schema":{"@context":"https:\/\/schema.org","@graph":[{"@type":"Article","@id":"https:\/\/www.cuballama.com\/noticias\/mexico-desmiente-rumores-sobre-eliminacion-del-visado-para-ciudadanos-cubanos\/#article","isPartOf":{"@id":"https:\/\/www.cuballama.com\/noticias\/mexico-desmiente-rumores-sobre-eliminacion-del-visado-para-ciudadanos-cubanos\/"},"author":{"name":"Rafa","@id":"https:\/\/www.cuballama.com\/noticias\/#\/schema\/person\/0f97914526a658755f00e59ec2a832f2"},"headline":"M\u00e9xico desmiente rumores sobre eliminaci\u00f3n del visado para ciudadanos cubanos","datePublished":"2026-01-18T13:09:03+00:00","dateModified":"2026-01-18T13:09:05+00:00","mainEntityOfPage":{"@id":"https:\/\/www.cuballama.com\/noticias\/mexico-desmiente-rumores-sobre-eliminacion-del-visado-para-ciudadanos-cubanos\/"},"wordCount":442,"commentCount":0,"publisher":{"@id":"https:\/\/www.cuballama.com\/noticias\/#organization"},"image":{"@id":"https:\/\/www.cuballama.com\/noticias\/mexico-desmiente-rumores-sobre-eliminacion-del-visado-para-ciudadanos-cubanos\/#primaryimage"},"thumbnailUrl":"https:\/\/cdn1.mediawpaccore.net\/wp-content\/uploads\/2026\/01\/18080613\/Captura-de-pantalla-2026-01-18-a-las-14.05.52.png","keywords":["M\u00e9xico","Migrantes cubanos","visa"],"articleSection":["Noticias de Cuba"],"inLanguage":"es","potentialAction":[{"@type":"CommentAction","name":"Comment","target":["https:\/\/www.cuballama.com\/noticias\/mexico-desmiente-rumores-sobre-eliminacion-del-visado-para-ciudadanos-cubanos\/#respond"]}]},{"@type":"WebPage","@id":"https:\/\/www.cuballama.com\/noticias\/mexico-desmiente-rumores-sobre-eliminacion-del-visado-para-ciudadanos-cubanos\/","url":"https:\/\/www.cuballama.com\/noticias\/mexico-desmiente-rumores-sobre-eliminacion-del-visado-para-ciudadanos-cubanos\/","name":"M\u00e9xico desmiente rumores sobre eliminaci\u00f3n del visado para ciudadanos cubanos - Cuballama Noticias","isPartOf":{"@id":"https:\/\/www.cuballama.com\/noticias\/#website"},"primaryImageOfPage":{"@id":"https:\/\/www.cuballama.com\/noticias\/mexico-desmiente-rumores-sobre-eliminacion-del-visado-para-ciudadanos-cubanos\/#primaryimage"},"image":{"@id":"https:\/\/www.cuballama.com\/noticias\/mexico-desmiente-rumores-sobre-eliminacion-del-visado-para-ciudadanos-cubanos\/#primaryimage"},"thumbnailUrl":"https:\/\/cdn1.mediawpaccore.net\/wp-content\/uploads\/2026\/01\/18080613\/Captura-de-pantalla-2026-01-18-a-las-14.05.52.png","datePublished":"2026-01-18T13:09:03+00:00","dateModified":"2026-01-18T13:09:05+00:00","description":"Insistieron en que la \u00fanica informaci\u00f3n v\u00e1lida sobre tr\u00e1mites consulares se publica en los canales oficiales del Gobierno de M\u00e9xico","breadcrumb":{"@id":"https:\/\/www.cuballama.com\/noticias\/mexico-desmiente-rumores-sobre-eliminacion-del-visado-para-ciudadanos-cubanos\/#breadcrumb"},"inLanguage":"es","potentialAction":[{"@type":"ReadAction","target":["https:\/\/www.cuballama.com\/noticias\/mexico-desmiente-rumores-sobre-eliminacion-del-visado-para-ciudadanos-cubanos\/"]}]},{"@type":"ImageObject","inLanguage":"es","@id":"https:\/\/www.cuballama.com\/noticias\/mexico-desmiente-rumores-sobre-eliminacion-del-visado-para-ciudadanos-cubanos\/#primaryimage","url":"https:\/\/cdn1.mediawpaccore.net\/wp-content\/uploads\/2026\/01\/18080613\/Captura-de-pantalla-2026-01-18-a-las-14.05.52.png","contentUrl":"https:\/\/cdn1.mediawpaccore.net\/wp-content\/uploads\/2026\/01\/18080613\/Captura-de-pantalla-2026-01-18-a-las-14.05.52.png","width":1332,"height":872,"caption":"Foto: Consulado de M\u00e9xico en La Habana"},{"@type":"BreadcrumbList","@id":"https:\/\/www.cuballama.com\/noticias\/mexico-desmiente-rumores-sobre-eliminacion-del-visado-para-ciudadanos-cubanos\/#breadcrumb","itemListElement":[{"@type":"ListItem","position":1,"name":"Home","item":"https:\/\/www.cuballama.com\/noticias\/"},{"@type":"ListItem","position":2,"name":"M\u00e9xico desmiente rumores sobre eliminaci\u00f3n del visado para ciudadanos cubanos"}]},{"@type":"WebSite","@id":"https:\/\/www.cuballama.com\/noticias\/#website","url":"https:\/\/www.cuballama.com\/noticias\/","name":"Cuballama Noticias","description":"Medio digital sobre Cuba y el mundo","publisher":{"@id":"https:\/\/www.cuballama.com\/noticias\/#organization"},"potentialAction":[{"@type":"SearchAction","target":{"@type":"EntryPoint","urlTemplate":"https:\/\/www.cuballama.com\/noticias\/?s={search_term_string}"},"query-input":{"@type":"PropertyValueSpecification","valueRequired":true,"valueName":"search_term_string"}}],"inLanguage":"es"},{"@type":"Organization","@id":"https:\/\/www.cuballama.com\/noticias\/#organization","name":"Cuballama","url":"https:\/\/www.cuballama.com\/noticias\/","logo":{"@type":"ImageObject","inLanguage":"es","@id":"https:\/\/www.cuballama.com\/noticias\/#\/schema\/logo\/image\/","url":"https:\/\/cdn1.mediawpaccore.net\/wp-content\/uploads\/2021\/12\/28171206\/cbll-logo-color-sm.png","contentUrl":"https:\/\/cdn1.mediawpaccore.net\/wp-content\/uploads\/2021\/12\/28171206\/cbll-logo-color-sm.png","width":600,"height":133,"caption":"Cuballama"},"image":{"@id":"https:\/\/www.cuballama.com\/noticias\/#\/schema\/logo\/image\/"},"sameAs":["https:\/\/www.facebook.com\/CubaLlama","https:\/\/x.com\/cuballama","https:\/\/www.instagram.com\/stories\/cuballama_oficial\/","https:\/\/www.youtube.com\/channel\/UCKkFE-d_axENGZcrc4as0IA"]},{"@type":"Person","@id":"https:\/\/www.cuballama.com\/noticias\/#\/schema\/person\/0f97914526a658755f00e59ec2a832f2","name":"Rafa","url":"https:\/\/www.cuballama.com\/noticias\/author\/rafa\/"}]}},"_links":{"self":[{"href":"https:\/\/www.cuballama.com\/noticias\/wp-json\/wp\/v2\/posts\/232502","targetHints":{"allow":["GET"]}}],"collection":[{"href":"https:\/\/www.cuballama.com\/noticias\/wp-json\/wp\/v2\/posts"}],"about":[{"href":"https:\/\/www.cuballama.com\/noticias\/wp-json\/wp\/v2\/types\/post"}],"author":[{"embeddable":true,"href":"https:\/\/www.cuballama.com\/noticias\/wp-json\/wp\/v2\/users\/27"}],"replies":[{"embeddable":true,"href":"https:\/\/www.cuballama.com\/noticias\/wp-json\/wp\/v2\/comments?post=232502"}],"version-history":[{"count":1,"href":"https:\/\/www.cuballama.com\/noticias\/wp-json\/wp\/v2\/posts\/232502\/revisions"}],"predecessor-version":[{"id":232504,"href":"https:\/\/www.cuballama.com\/noticias\/wp-json\/wp\/v2\/posts\/232502\/revisions\/232504"}],"wp:featuredmedia":[{"embeddable":true,"href":"https:\/\/www.cuballama.com\/noticias\/wp-json\/wp\/v2\/media\/232503"}],"wp:attachment":[{"href":"https:\/\/www.cuballama.com\/noticias\/wp-json\/wp\/v2\/media?parent=232502"}],"wp:term":[{"taxonomy":"category","embeddable":true,"href":"https:\/\/www.cuballama.com\/noticias\/wp-json\/wp\/v2\/categories?post=232502"},{"taxonomy":"post_tag","embeddable":true,"href":"https:\/\/www.cuballama.com\/noticias\/wp-json\/wp\/v2\/tags?post=232502"}],"curies":[{"name":"wp","href":"https:\/\/api.w.org\/{rel}","templated":true}]}}