{"id":232299,"date":"2026-01-17T07:00:00","date_gmt":"2026-01-17T12:00:00","guid":{"rendered":"https:\/\/www.cuballama.com\/noticias\/?p=232299"},"modified":"2026-01-16T23:36:15","modified_gmt":"2026-01-17T04:36:15","slug":"coronel-cubano-que-sobrevivio-a-ataque-en-venezuela-reconoce-que-apenas-tenian-armas","status":"publish","type":"post","link":"https:\/\/www.cuballama.com\/noticias\/coronel-cubano-que-sobrevivio-a-ataque-en-venezuela-reconoce-que-apenas-tenian-armas\/","title":{"rendered":"Coronel cubano que sobrevivi\u00f3 a ataque en Venezuela reconoce que \u201capenas\u201d ten\u00edan armas"},"content":{"rendered":"\n<p>Tras regresar a Cuba este jueves, el coronel Pedro Yad\u00edn Dom\u00ednguez \u00c1lvarez, de las Fuerzas Armadas, herido durante el ataque de Estados Unidos que termin\u00f3 con <a href=\"https:\/\/www.cuballama.com\/noticias\/primeras-reacciones-a-captura-de-nicolas-maduro-por-parte-de-ee-uu\/\" target=\"_blank\" rel=\"noreferrer noopener\">la captura del expresidente Nicol\u00e1s Maduro<\/a> el pasado 3 de enero, confirm\u00f3 que las fuerzas norteamericanas los superaron por mucho.<\/p>\n\n\n\n<p>De acuerdo con Dom\u00ednguez \u00c1lvarez, que lleg\u00f3 el pasado 15 de enero a la sede del Ministerio de las Fuerzas Armadas (FAR) en La Habana en silla de ruedas, con sus piernas cubiertas por vendajes, declar\u00f3 que su sue\u00f1o fue interrumpido por las bombas en la madrugada del ataque.&nbsp;<\/p>\n\n\n\n<p>\u201cEst\u00e1bamos en funciones de apoyo a la seguridad del presidente\u201d, admiti\u00f3 sobre el ataque que describi\u00f3 como \u201cdesproporcionado, artero y criminal\u201d, antes de recalcar que \u201cno ten\u00edamos casi armamento\u201d.&nbsp;<\/p>\n\n\n\n<p>El coronel relat\u00f3 que el ataque fue desproporcionado y que incluy\u00f3 aviones, bombas, drones, aviones sin piloto y dos helic\u00f3pteros Apache que ametrallaron indiscriminadamente el \u00e1rea donde se encontraban.<\/p>\n\n\n\n<iframe loading=\"lazy\" src=\"https:\/\/www.facebook.com\/plugins\/video.php?height=314&#038;href=https%3A%2F%2Fwww.facebook.com%2Freel%2F2039018723339728%2F&#038;show_text=true&#038;width=560&#038;t=0\" width=\"560\" height=\"429\" style=\"border:none;overflow:hidden\" scrolling=\"no\" frameborder=\"0\" allowfullscreen=\"true\" allow=\"autoplay; clipboard-write; encrypted-media; picture-in-picture; web-share\" allowFullScreen=\"true\"><\/iframe>\n\n\n\n<p>Dom\u00ednguez \u00c1lvarez asegur\u00f3 que el fin fue no dejar a nadie vivo. \u201cSe ensa\u00f1aron con nuestros compa\u00f1eros. Evidentemente, su prop\u00f3sito era arrasar con todo, acabar con la vida de todos los compa\u00f1eros que nos encontr\u00e1bamos all\u00ed\u201d, relat\u00f3. Solo en ese lugar fallecieron 11 de sus compa\u00f1eros, precis\u00f3.<\/p>\n\n\n\n<p>El oficial fue evacuado a un hospital militar venezolano, donde tuvo que ser operado.<\/p>\n\n\n\n<p>Seg\u00fan las declaraciones del coronel de las FAR, entre los cubanos que se encontraban apoyando la seguridad de Maduro hab\u00eda civiles.<\/p>\n\n\n\n<p>\u201cTrabajamos unidos durante varios meses. Era un grupo de compa\u00f1eros civiles y militares, que nos encontr\u00e1bamos all\u00ed trabajando de conjunto con los compa\u00f1eros de Venezuela\u201d, detall\u00f3.Uno de esos trabajadores ser\u00eda Luis Alberto Hidalgo Canals, de 57 a\u00f1os, quien \u201cnunca fue militar\u201d, seg\u00fan asegur\u00f3 un miembro de su familia a <em>Mart\u00ed Noticias <\/em>la semana pasada.<\/p>\n\n\n\n<p>las fuerzas militares y de inteligencia de Estados Unidos estuvieron trabajando durante meses en la planificaci\u00f3n y la preparaci\u00f3n de la intervenci\u00f3n en Venezuela, la cual llamaron Operaci\u00f3n Resoluci\u00f3n Absoluta, que estuvo encabezada por el general John Daniel \u201cRazin\u201d Caine, quien es el jefe del Estado Mayor Conjunto.<\/p>\n\n\n\n<iframe loading=\"lazy\" src=\"https:\/\/www.facebook.com\/plugins\/video.php?height=476&#038;href=https%3A%2F%2Fwww.facebook.com%2Freel%2F881087297640866%2F&#038;show_text=true&#038;width=267&#038;t=0\" width=\"267\" height=\"591\" style=\"border:none;overflow:hidden\" scrolling=\"no\" frameborder=\"0\" allowfullscreen=\"true\" allow=\"autoplay; clipboard-write; encrypted-media; picture-in-picture; web-share\" allowFullScreen=\"true\"><\/iframe>\n\n\n\n<p>Caine describi\u00f3 la acci\u00f3n como \u201cdiscreta, precisa y ejecutada en el momento m\u00e1s oscuro de la noche\u201d.<\/p>\n\n\n\n<p>Seg\u00fan el alto jefe militar, su pa\u00eds despleg\u00f3 tropas, buques y aeronaves en la regi\u00f3n, con apoyo de la Agencia Central de Inteligencia, la Agencia de Seguridad Nacional y la Agencia Nacional de Inteligencia Geoespacial.<\/p>\n\n\n\n<p>El general asegur\u00f3 que estuvieron listos para ejecutar el plan desde los \u00faltimos d\u00edas de diciembre, pero optaron por la noche del viernes y la madrugada del s\u00e1bado en parte por las condiciones favorables de visibilidad en el \u00e1rea de Caracas.<\/p>\n\n\n\n<p>\u00abEra crucial elegir el d\u00eda id\u00f3neo para minimizar el potencial de impacto en los civiles y maximizar el elemento de sorpresa\u00bb, seg\u00fan Caine.<\/p>\n\n\n\n<p><\/p>\n","protected":false},"excerpt":{"rendered":"<p>El oficial describi\u00f3 el ataque de Estados Unidos como \u201cdesproporcionado, artero y criminal\u201d.<\/p>\n","protected":false},"author":30,"featured_media":232354,"comment_status":"open","ping_status":"closed","sticky":false,"template":"","format":"standard","meta":{"_acf_changed":false,"footnotes":""},"categories":[18,955],"tags":[29868,30057,941,29913,11681],"class_list":{"0":"post-232299","1":"post","2":"type-post","3":"status-publish","4":"format-standard","5":"has-post-thumbnail","7":"category-noticias","8":"category-noticias-de-cuba","9":"tag-captura-de-nicolas-maduro","10":"tag-coronel-cubano","11":"tag-destacado","12":"tag-militares-cubanos-en-venezuela","13":"tag-minfar"},"acf":[],"yoast_head":"<!-- This site is optimized with the Yoast SEO plugin v27.5 - https:\/\/yoast.com\/product\/yoast-seo-wordpress\/ -->\n<title>Coronel cubano que sobrevivi\u00f3 a ataque en Venezuela reconoce que \u201capenas\u201d ten\u00edan armas - Cuballama Noticias<\/title>\n<meta name=\"description\" content=\"Un coronel cubano herido durante la captura de Nicol\u00e1s Maduro declar\u00f3 que las tropas de EE.UU. fueron muy superiores.\" \/>\n<meta name=\"robots\" content=\"index, follow, max-snippet:-1, max-image-preview:large, max-video-preview:-1\" \/>\n<link rel=\"canonical\" href=\"https:\/\/www.cuballama.com\/noticias\/coronel-cubano-que-sobrevivio-a-ataque-en-venezuela-reconoce-que-apenas-tenian-armas\/\" \/>\n<meta property=\"og:locale\" content=\"es_ES\" \/>\n<meta property=\"og:type\" content=\"article\" \/>\n<meta property=\"og:title\" content=\"Coronel cubano que sobrevivi\u00f3 a ataque en Venezuela reconoce que \u201capenas\u201d ten\u00edan armas - Cuballama Noticias\" \/>\n<meta property=\"og:description\" content=\"Un coronel cubano herido durante la captura de Nicol\u00e1s Maduro declar\u00f3 que las tropas de EE.UU. fueron muy superiores.\" \/>\n<meta property=\"og:url\" content=\"https:\/\/www.cuballama.com\/noticias\/coronel-cubano-que-sobrevivio-a-ataque-en-venezuela-reconoce-que-apenas-tenian-armas\/\" \/>\n<meta property=\"og:site_name\" content=\"Cuballama Noticias\" \/>\n<meta property=\"article:publisher\" content=\"https:\/\/www.facebook.com\/CubaLlama\" \/>\n<meta property=\"article:published_time\" content=\"2026-01-17T12:00:00+00:00\" \/>\n<meta property=\"og:image\" content=\"https:\/\/cdn1.mediawpaccore.net\/wp-content\/uploads\/2026\/01\/16174846\/616392653_1499098428895532_4440829719890631768_n.jpg\" \/>\n\t<meta property=\"og:image:width\" content=\"1000\" \/>\n\t<meta property=\"og:image:height\" content=\"563\" \/>\n\t<meta property=\"og:image:type\" content=\"image\/jpeg\" \/>\n<meta name=\"author\" content=\"Kathy\" \/>\n<meta name=\"twitter:card\" content=\"summary_large_image\" \/>\n<meta name=\"twitter:creator\" content=\"@cuballama\" \/>\n<meta name=\"twitter:site\" content=\"@cuballama\" \/>\n<meta name=\"twitter:label1\" content=\"Escrito por\" \/>\n\t<meta name=\"twitter:data1\" content=\"Kathy\" \/>\n\t<meta name=\"twitter:label2\" content=\"Tiempo de lectura\" \/>\n\t<meta name=\"twitter:data2\" content=\"3 minutos\" \/>\n<script type=\"application\/ld+json\" class=\"yoast-schema-graph\">{\"@context\":\"https:\\\/\\\/schema.org\",\"@graph\":[{\"@type\":\"Article\",\"@id\":\"https:\\\/\\\/www.cuballama.com\\\/noticias\\\/coronel-cubano-que-sobrevivio-a-ataque-en-venezuela-reconoce-que-apenas-tenian-armas\\\/#article\",\"isPartOf\":{\"@id\":\"https:\\\/\\\/www.cuballama.com\\\/noticias\\\/coronel-cubano-que-sobrevivio-a-ataque-en-venezuela-reconoce-que-apenas-tenian-armas\\\/\"},\"author\":{\"name\":\"Kathy\",\"@id\":\"https:\\\/\\\/www.cuballama.com\\\/noticias\\\/#\\\/schema\\\/person\\\/86cd3e3f4974437f031211213bf892d5\"},\"headline\":\"Coronel cubano que sobrevivi\u00f3 a ataque en Venezuela reconoce que \u201capenas\u201d ten\u00edan armas\",\"datePublished\":\"2026-01-17T12:00:00+00:00\",\"mainEntityOfPage\":{\"@id\":\"https:\\\/\\\/www.cuballama.com\\\/noticias\\\/coronel-cubano-que-sobrevivio-a-ataque-en-venezuela-reconoce-que-apenas-tenian-armas\\\/\"},\"wordCount\":504,\"commentCount\":0,\"publisher\":{\"@id\":\"https:\\\/\\\/www.cuballama.com\\\/noticias\\\/#organization\"},\"image\":{\"@id\":\"https:\\\/\\\/www.cuballama.com\\\/noticias\\\/coronel-cubano-que-sobrevivio-a-ataque-en-venezuela-reconoce-que-apenas-tenian-armas\\\/#primaryimage\"},\"thumbnailUrl\":\"https:\\\/\\\/cdn1.mediawpaccore.net\\\/wp-content\\\/uploads\\\/2026\\\/01\\\/16174846\\\/616392653_1499098428895532_4440829719890631768_n.jpg\",\"keywords\":[\"captura de Nicol\u00e1s Maduro\",\"coronel cubano\",\"destacado\",\"militares cubanos en Venezuela\",\"MINFAR\"],\"articleSection\":[\"Noticias\",\"Noticias de Cuba\"],\"inLanguage\":\"es\",\"potentialAction\":[{\"@type\":\"CommentAction\",\"name\":\"Comment\",\"target\":[\"https:\\\/\\\/www.cuballama.com\\\/noticias\\\/coronel-cubano-que-sobrevivio-a-ataque-en-venezuela-reconoce-que-apenas-tenian-armas\\\/#respond\"]}]},{\"@type\":\"WebPage\",\"@id\":\"https:\\\/\\\/www.cuballama.com\\\/noticias\\\/coronel-cubano-que-sobrevivio-a-ataque-en-venezuela-reconoce-que-apenas-tenian-armas\\\/\",\"url\":\"https:\\\/\\\/www.cuballama.com\\\/noticias\\\/coronel-cubano-que-sobrevivio-a-ataque-en-venezuela-reconoce-que-apenas-tenian-armas\\\/\",\"name\":\"Coronel cubano que sobrevivi\u00f3 a ataque en Venezuela reconoce que \u201capenas\u201d ten\u00edan armas - Cuballama Noticias\",\"isPartOf\":{\"@id\":\"https:\\\/\\\/www.cuballama.com\\\/noticias\\\/#website\"},\"primaryImageOfPage\":{\"@id\":\"https:\\\/\\\/www.cuballama.com\\\/noticias\\\/coronel-cubano-que-sobrevivio-a-ataque-en-venezuela-reconoce-que-apenas-tenian-armas\\\/#primaryimage\"},\"image\":{\"@id\":\"https:\\\/\\\/www.cuballama.com\\\/noticias\\\/coronel-cubano-que-sobrevivio-a-ataque-en-venezuela-reconoce-que-apenas-tenian-armas\\\/#primaryimage\"},\"thumbnailUrl\":\"https:\\\/\\\/cdn1.mediawpaccore.net\\\/wp-content\\\/uploads\\\/2026\\\/01\\\/16174846\\\/616392653_1499098428895532_4440829719890631768_n.jpg\",\"datePublished\":\"2026-01-17T12:00:00+00:00\",\"description\":\"Un coronel cubano herido durante la captura de Nicol\u00e1s Maduro declar\u00f3 que las tropas de EE.UU. fueron muy superiores.\",\"breadcrumb\":{\"@id\":\"https:\\\/\\\/www.cuballama.com\\\/noticias\\\/coronel-cubano-que-sobrevivio-a-ataque-en-venezuela-reconoce-que-apenas-tenian-armas\\\/#breadcrumb\"},\"inLanguage\":\"es\",\"potentialAction\":[{\"@type\":\"ReadAction\",\"target\":[\"https:\\\/\\\/www.cuballama.com\\\/noticias\\\/coronel-cubano-que-sobrevivio-a-ataque-en-venezuela-reconoce-que-apenas-tenian-armas\\\/\"]}]},{\"@type\":\"ImageObject\",\"inLanguage\":\"es\",\"@id\":\"https:\\\/\\\/www.cuballama.com\\\/noticias\\\/coronel-cubano-que-sobrevivio-a-ataque-en-venezuela-reconoce-que-apenas-tenian-armas\\\/#primaryimage\",\"url\":\"https:\\\/\\\/cdn1.mediawpaccore.net\\\/wp-content\\\/uploads\\\/2026\\\/01\\\/16174846\\\/616392653_1499098428895532_4440829719890631768_n.jpg\",\"contentUrl\":\"https:\\\/\\\/cdn1.mediawpaccore.net\\\/wp-content\\\/uploads\\\/2026\\\/01\\\/16174846\\\/616392653_1499098428895532_4440829719890631768_n.jpg\",\"width\":1000,\"height\":563,\"caption\":\"Entrevista a Pedro Yad\u00edn Dom\u00ednguez \u00c1lvarez (a la derecha en silla de ruedas). Foto: Facebook\\\/Canal Caribe.\"},{\"@type\":\"BreadcrumbList\",\"@id\":\"https:\\\/\\\/www.cuballama.com\\\/noticias\\\/coronel-cubano-que-sobrevivio-a-ataque-en-venezuela-reconoce-que-apenas-tenian-armas\\\/#breadcrumb\",\"itemListElement\":[{\"@type\":\"ListItem\",\"position\":1,\"name\":\"Home\",\"item\":\"https:\\\/\\\/www.cuballama.com\\\/noticias\\\/\"},{\"@type\":\"ListItem\",\"position\":2,\"name\":\"Coronel cubano que sobrevivi\u00f3 a ataque en Venezuela reconoce que \u201capenas\u201d ten\u00edan armas\"}]},{\"@type\":\"WebSite\",\"@id\":\"https:\\\/\\\/www.cuballama.com\\\/noticias\\\/#website\",\"url\":\"https:\\\/\\\/www.cuballama.com\\\/noticias\\\/\",\"name\":\"Cuballama Noticias\",\"description\":\"Medio digital sobre Cuba y el mundo\",\"publisher\":{\"@id\":\"https:\\\/\\\/www.cuballama.com\\\/noticias\\\/#organization\"},\"potentialAction\":[{\"@type\":\"SearchAction\",\"target\":{\"@type\":\"EntryPoint\",\"urlTemplate\":\"https:\\\/\\\/www.cuballama.com\\\/noticias\\\/?s={search_term_string}\"},\"query-input\":{\"@type\":\"PropertyValueSpecification\",\"valueRequired\":true,\"valueName\":\"search_term_string\"}}],\"inLanguage\":\"es\"},{\"@type\":\"Organization\",\"@id\":\"https:\\\/\\\/www.cuballama.com\\\/noticias\\\/#organization\",\"name\":\"Cuballama\",\"url\":\"https:\\\/\\\/www.cuballama.com\\\/noticias\\\/\",\"logo\":{\"@type\":\"ImageObject\",\"inLanguage\":\"es\",\"@id\":\"https:\\\/\\\/www.cuballama.com\\\/noticias\\\/#\\\/schema\\\/logo\\\/image\\\/\",\"url\":\"https:\\\/\\\/cdn1.mediawpaccore.net\\\/wp-content\\\/uploads\\\/2021\\\/12\\\/28171206\\\/cbll-logo-color-sm.png\",\"contentUrl\":\"https:\\\/\\\/cdn1.mediawpaccore.net\\\/wp-content\\\/uploads\\\/2021\\\/12\\\/28171206\\\/cbll-logo-color-sm.png\",\"width\":600,\"height\":133,\"caption\":\"Cuballama\"},\"image\":{\"@id\":\"https:\\\/\\\/www.cuballama.com\\\/noticias\\\/#\\\/schema\\\/logo\\\/image\\\/\"},\"sameAs\":[\"https:\\\/\\\/www.facebook.com\\\/CubaLlama\",\"https:\\\/\\\/x.com\\\/cuballama\",\"https:\\\/\\\/www.instagram.com\\\/stories\\\/cuballama_oficial\\\/\",\"https:\\\/\\\/www.youtube.com\\\/channel\\\/UCKkFE-d_axENGZcrc4as0IA\"]},{\"@type\":\"Person\",\"@id\":\"https:\\\/\\\/www.cuballama.com\\\/noticias\\\/#\\\/schema\\\/person\\\/86cd3e3f4974437f031211213bf892d5\",\"name\":\"Kathy\",\"url\":\"https:\\\/\\\/www.cuballama.com\\\/noticias\\\/author\\\/kathy\\\/\"}]}<\/script>\n<!-- \/ Yoast SEO plugin. -->","yoast_head_json":{"title":"Coronel cubano que sobrevivi\u00f3 a ataque en Venezuela reconoce que \u201capenas\u201d ten\u00edan armas - Cuballama Noticias","description":"Un coronel cubano herido durante la captura de Nicol\u00e1s Maduro declar\u00f3 que las tropas de EE.UU. fueron muy superiores.","robots":{"index":"index","follow":"follow","max-snippet":"max-snippet:-1","max-image-preview":"max-image-preview:large","max-video-preview":"max-video-preview:-1"},"canonical":"https:\/\/www.cuballama.com\/noticias\/coronel-cubano-que-sobrevivio-a-ataque-en-venezuela-reconoce-que-apenas-tenian-armas\/","og_locale":"es_ES","og_type":"article","og_title":"Coronel cubano que sobrevivi\u00f3 a ataque en Venezuela reconoce que \u201capenas\u201d ten\u00edan armas - Cuballama Noticias","og_description":"Un coronel cubano herido durante la captura de Nicol\u00e1s Maduro declar\u00f3 que las tropas de EE.UU. fueron muy superiores.","og_url":"https:\/\/www.cuballama.com\/noticias\/coronel-cubano-que-sobrevivio-a-ataque-en-venezuela-reconoce-que-apenas-tenian-armas\/","og_site_name":"Cuballama Noticias","article_publisher":"https:\/\/www.facebook.com\/CubaLlama","article_published_time":"2026-01-17T12:00:00+00:00","og_image":[{"width":1000,"height":563,"url":"https:\/\/cdn1.mediawpaccore.net\/wp-content\/uploads\/2026\/01\/16174846\/616392653_1499098428895532_4440829719890631768_n.jpg","type":"image\/jpeg"}],"author":"Kathy","twitter_card":"summary_large_image","twitter_creator":"@cuballama","twitter_site":"@cuballama","twitter_misc":{"Escrito por":"Kathy","Tiempo de lectura":"3 minutos"},"schema":{"@context":"https:\/\/schema.org","@graph":[{"@type":"Article","@id":"https:\/\/www.cuballama.com\/noticias\/coronel-cubano-que-sobrevivio-a-ataque-en-venezuela-reconoce-que-apenas-tenian-armas\/#article","isPartOf":{"@id":"https:\/\/www.cuballama.com\/noticias\/coronel-cubano-que-sobrevivio-a-ataque-en-venezuela-reconoce-que-apenas-tenian-armas\/"},"author":{"name":"Kathy","@id":"https:\/\/www.cuballama.com\/noticias\/#\/schema\/person\/86cd3e3f4974437f031211213bf892d5"},"headline":"Coronel cubano que sobrevivi\u00f3 a ataque en Venezuela reconoce que \u201capenas\u201d ten\u00edan armas","datePublished":"2026-01-17T12:00:00+00:00","mainEntityOfPage":{"@id":"https:\/\/www.cuballama.com\/noticias\/coronel-cubano-que-sobrevivio-a-ataque-en-venezuela-reconoce-que-apenas-tenian-armas\/"},"wordCount":504,"commentCount":0,"publisher":{"@id":"https:\/\/www.cuballama.com\/noticias\/#organization"},"image":{"@id":"https:\/\/www.cuballama.com\/noticias\/coronel-cubano-que-sobrevivio-a-ataque-en-venezuela-reconoce-que-apenas-tenian-armas\/#primaryimage"},"thumbnailUrl":"https:\/\/cdn1.mediawpaccore.net\/wp-content\/uploads\/2026\/01\/16174846\/616392653_1499098428895532_4440829719890631768_n.jpg","keywords":["captura de Nicol\u00e1s Maduro","coronel cubano","destacado","militares cubanos en Venezuela","MINFAR"],"articleSection":["Noticias","Noticias de Cuba"],"inLanguage":"es","potentialAction":[{"@type":"CommentAction","name":"Comment","target":["https:\/\/www.cuballama.com\/noticias\/coronel-cubano-que-sobrevivio-a-ataque-en-venezuela-reconoce-que-apenas-tenian-armas\/#respond"]}]},{"@type":"WebPage","@id":"https:\/\/www.cuballama.com\/noticias\/coronel-cubano-que-sobrevivio-a-ataque-en-venezuela-reconoce-que-apenas-tenian-armas\/","url":"https:\/\/www.cuballama.com\/noticias\/coronel-cubano-que-sobrevivio-a-ataque-en-venezuela-reconoce-que-apenas-tenian-armas\/","name":"Coronel cubano que sobrevivi\u00f3 a ataque en Venezuela reconoce que \u201capenas\u201d ten\u00edan armas - Cuballama Noticias","isPartOf":{"@id":"https:\/\/www.cuballama.com\/noticias\/#website"},"primaryImageOfPage":{"@id":"https:\/\/www.cuballama.com\/noticias\/coronel-cubano-que-sobrevivio-a-ataque-en-venezuela-reconoce-que-apenas-tenian-armas\/#primaryimage"},"image":{"@id":"https:\/\/www.cuballama.com\/noticias\/coronel-cubano-que-sobrevivio-a-ataque-en-venezuela-reconoce-que-apenas-tenian-armas\/#primaryimage"},"thumbnailUrl":"https:\/\/cdn1.mediawpaccore.net\/wp-content\/uploads\/2026\/01\/16174846\/616392653_1499098428895532_4440829719890631768_n.jpg","datePublished":"2026-01-17T12:00:00+00:00","description":"Un coronel cubano herido durante la captura de Nicol\u00e1s Maduro declar\u00f3 que las tropas de EE.UU. fueron muy superiores.","breadcrumb":{"@id":"https:\/\/www.cuballama.com\/noticias\/coronel-cubano-que-sobrevivio-a-ataque-en-venezuela-reconoce-que-apenas-tenian-armas\/#breadcrumb"},"inLanguage":"es","potentialAction":[{"@type":"ReadAction","target":["https:\/\/www.cuballama.com\/noticias\/coronel-cubano-que-sobrevivio-a-ataque-en-venezuela-reconoce-que-apenas-tenian-armas\/"]}]},{"@type":"ImageObject","inLanguage":"es","@id":"https:\/\/www.cuballama.com\/noticias\/coronel-cubano-que-sobrevivio-a-ataque-en-venezuela-reconoce-que-apenas-tenian-armas\/#primaryimage","url":"https:\/\/cdn1.mediawpaccore.net\/wp-content\/uploads\/2026\/01\/16174846\/616392653_1499098428895532_4440829719890631768_n.jpg","contentUrl":"https:\/\/cdn1.mediawpaccore.net\/wp-content\/uploads\/2026\/01\/16174846\/616392653_1499098428895532_4440829719890631768_n.jpg","width":1000,"height":563,"caption":"Entrevista a Pedro Yad\u00edn Dom\u00ednguez \u00c1lvarez (a la derecha en silla de ruedas). Foto: Facebook\/Canal Caribe."},{"@type":"BreadcrumbList","@id":"https:\/\/www.cuballama.com\/noticias\/coronel-cubano-que-sobrevivio-a-ataque-en-venezuela-reconoce-que-apenas-tenian-armas\/#breadcrumb","itemListElement":[{"@type":"ListItem","position":1,"name":"Home","item":"https:\/\/www.cuballama.com\/noticias\/"},{"@type":"ListItem","position":2,"name":"Coronel cubano que sobrevivi\u00f3 a ataque en Venezuela reconoce que \u201capenas\u201d ten\u00edan armas"}]},{"@type":"WebSite","@id":"https:\/\/www.cuballama.com\/noticias\/#website","url":"https:\/\/www.cuballama.com\/noticias\/","name":"Cuballama Noticias","description":"Medio digital sobre Cuba y el mundo","publisher":{"@id":"https:\/\/www.cuballama.com\/noticias\/#organization"},"potentialAction":[{"@type":"SearchAction","target":{"@type":"EntryPoint","urlTemplate":"https:\/\/www.cuballama.com\/noticias\/?s={search_term_string}"},"query-input":{"@type":"PropertyValueSpecification","valueRequired":true,"valueName":"search_term_string"}}],"inLanguage":"es"},{"@type":"Organization","@id":"https:\/\/www.cuballama.com\/noticias\/#organization","name":"Cuballama","url":"https:\/\/www.cuballama.com\/noticias\/","logo":{"@type":"ImageObject","inLanguage":"es","@id":"https:\/\/www.cuballama.com\/noticias\/#\/schema\/logo\/image\/","url":"https:\/\/cdn1.mediawpaccore.net\/wp-content\/uploads\/2021\/12\/28171206\/cbll-logo-color-sm.png","contentUrl":"https:\/\/cdn1.mediawpaccore.net\/wp-content\/uploads\/2021\/12\/28171206\/cbll-logo-color-sm.png","width":600,"height":133,"caption":"Cuballama"},"image":{"@id":"https:\/\/www.cuballama.com\/noticias\/#\/schema\/logo\/image\/"},"sameAs":["https:\/\/www.facebook.com\/CubaLlama","https:\/\/x.com\/cuballama","https:\/\/www.instagram.com\/stories\/cuballama_oficial\/","https:\/\/www.youtube.com\/channel\/UCKkFE-d_axENGZcrc4as0IA"]},{"@type":"Person","@id":"https:\/\/www.cuballama.com\/noticias\/#\/schema\/person\/86cd3e3f4974437f031211213bf892d5","name":"Kathy","url":"https:\/\/www.cuballama.com\/noticias\/author\/kathy\/"}]}},"_links":{"self":[{"href":"https:\/\/www.cuballama.com\/noticias\/wp-json\/wp\/v2\/posts\/232299","targetHints":{"allow":["GET"]}}],"collection":[{"href":"https:\/\/www.cuballama.com\/noticias\/wp-json\/wp\/v2\/posts"}],"about":[{"href":"https:\/\/www.cuballama.com\/noticias\/wp-json\/wp\/v2\/types\/post"}],"author":[{"embeddable":true,"href":"https:\/\/www.cuballama.com\/noticias\/wp-json\/wp\/v2\/users\/30"}],"replies":[{"embeddable":true,"href":"https:\/\/www.cuballama.com\/noticias\/wp-json\/wp\/v2\/comments?post=232299"}],"version-history":[{"count":8,"href":"https:\/\/www.cuballama.com\/noticias\/wp-json\/wp\/v2\/posts\/232299\/revisions"}],"predecessor-version":[{"id":232388,"href":"https:\/\/www.cuballama.com\/noticias\/wp-json\/wp\/v2\/posts\/232299\/revisions\/232388"}],"wp:featuredmedia":[{"embeddable":true,"href":"https:\/\/www.cuballama.com\/noticias\/wp-json\/wp\/v2\/media\/232354"}],"wp:attachment":[{"href":"https:\/\/www.cuballama.com\/noticias\/wp-json\/wp\/v2\/media?parent=232299"}],"wp:term":[{"taxonomy":"category","embeddable":true,"href":"https:\/\/www.cuballama.com\/noticias\/wp-json\/wp\/v2\/categories?post=232299"},{"taxonomy":"post_tag","embeddable":true,"href":"https:\/\/www.cuballama.com\/noticias\/wp-json\/wp\/v2\/tags?post=232299"}],"curies":[{"name":"wp","href":"https:\/\/api.w.org\/{rel}","templated":true}]}}