{"id":232297,"date":"2026-01-18T12:54:17","date_gmt":"2026-01-18T17:54:17","guid":{"rendered":"https:\/\/www.cuballama.com\/noticias\/?p=232297"},"modified":"2026-01-18T15:45:42","modified_gmt":"2026-01-18T20:45:42","slug":"amiga-de-joven-militar-cubano-fallecido-en-venezuela-tus-bebes-estaran-bien","status":"publish","type":"post","link":"https:\/\/www.cuballama.com\/noticias\/amiga-de-joven-militar-cubano-fallecido-en-venezuela-tus-bebes-estaran-bien\/","title":{"rendered":"Amiga de joven militar cubano fallecido en Venezuela: \u201cTus beb\u00e9s estar\u00e1n bien\u201d"},"content":{"rendered":"\n<p>Varias personas que conocieron al capit\u00e1n Yunio Est\u00e9vez Sam\u00f3n, uno de los militares cubanos fallecidos durante la captura de Nicol\u00e1s Maduro por fuerzas estadounidenses el pasado 3 de enero en Venezuela, han lamentado su muerte.<\/p>\n\n\n\n<p>Una de ellas, la periodista Claudia Rafaela Ortiz Alba, que el 5 de enero, antes de que el gobierno cubano publicara las identidades de los ca\u00eddos, confirm\u00f3 que <a href=\"https:\/\/jovencuba.com\/yunio-venezuela-cubano\/?fbclid=IwZnRzaAPJFH1leHRuA2FlbQIxMQBzcnRjBmFwcF9pZAo2NjI4NTY4Mzc5AAEeLvLlYreJ12ItTezHjk-PUmHeb98JjD82EYiKAKQv70vwsaDhwafYQuQfI0k_aem_sCNcV4SuH4K8vR4vARKDRQ\" target=\"_blank\" rel=\"noreferrer noopener nofollow\">su amigo hab\u00eda muerto baleado<\/a>, fue a darle un \u00faltimo adi\u00f3s el pasado jueves, cuando los restos de los 32 cubanos fallecidos llegaron a La Habana.&nbsp;<\/p>\n\n\n\n<p>Ortiz escribi\u00f3 un mensaje en Facebook en el que calific\u00f3 a Est\u00e9vez, miembro de la Direcci\u00f3n de Seguridad Personal del Ministerio del Interior, como \u201cla persona m\u00e1s honesta y laboriosa que alguna vez he conocido\u201d.<\/p>\n\n\n\n<iframe loading=\"lazy\" src=\"https:\/\/www.facebook.com\/plugins\/post.php?href=https%3A%2F%2Fwww.facebook.com%2Fclaudiarafaela.ortizalba%2Fposts%2Fpfbid0L3pK2j9KHSRjUnEB4Qk8zwb6MDtMqxUS42okSXo9jZ1oT9PWvewcFkqp4JPp4Kugl&#038;show_text=true&#038;width=500\" width=\"500\" height=\"730\" style=\"border:none;overflow:hidden\" scrolling=\"no\" frameborder=\"0\" allowfullscreen=\"true\" allow=\"autoplay; clipboard-write; encrypted-media; picture-in-picture; web-share\"><\/iframe>\n\n\n\n<p>\u201cDescansa lindo y sigue so\u00f1ando alto, all\u00e1 donde est\u00e9s. Tus beb\u00e9s estar\u00e1n bien; su mami es una guerrera y no caminar\u00e1 sola. Te amamos much\u00edsimo, tus amigas, amigos y familia\u201d, escribi\u00f3 la tambi\u00e9n joven editora sobre el joven natural de Yateras, en Guant\u00e1namo, que perdi\u00f3 la vida con apenas 32 a\u00f1os.<\/p>\n\n\n\n<p>\u201cVoy a hacer de cuenta que donde est\u00e1s hay guayabales y naranjales para cuando te alcance, pasarnos una tarde entera trepando y mataperreando el monte para ir a tumbarlos. O quiz\u00e1s tus hijos y los m\u00edos hagan eso juntos, como nosotros, en este mundo feo en el que existimos un ratico. Donde unos tienen el poder de ordenar y ver en tiempo real tu muerte, y otros de resistirse a irse en la verg\u00fcenza, como estoy segura de que lo hiciste.&nbsp;<\/p>\n\n\n\n<p>\u201cTe hayas muerto como te hayas muerto, hayan sido cu\u00e1les hayan sido tus \u00faltimos instantes y pensamientos, estoy segur\u00edsima de que sentiste dignidad y fuerza, adem\u00e1s de miedo\u201d, a\u00f1adi\u00f3.<\/p>\n\n\n\n<p>\u201cVisitar\u00e9 a tu familia, a tu mam\u00e1 buena. Y probablemente lloraremos. Y nos har\u00e1s mucha falta, mucha falta\u201d.<\/p>\n\n\n\n<p>SIn embargo, el creador digital Marcos RL, quien fue compa\u00f1ero de estudios de Est\u00e9vez en el Instituto Preuniversitario Vocacional de Ciencias Exactas de Guant\u00e1namo, lament\u00f3 su muerte desde una perspectiva diferente.<\/p>\n\n\n\n<p>De acuerdo con el tambi\u00e9n guantanamero, Est\u00e9vez, que incluso fue cadete insertado del Minint en Rusia, defend\u00eda al r\u00e9gimen no solo por conveniencia, sino por convicci\u00f3n. \u201cCompr\u00f3 completa la falacia de la propaganda: que la \u2018Revoluci\u00f3n\u2019 hac\u00eda universitarios a los hijos de campesinos, que el sistema premiaba el sacrificio, que todo val\u00eda la pena\u201d, se\u00f1al\u00f3.<\/p>\n\n\n\n<iframe loading=\"lazy\" src=\"https:\/\/www.facebook.com\/plugins\/post.php?href=https%3A%2F%2Fwww.facebook.com%2Fpermalink.php%3Fstory_fbid%3Dpfbid02FosgvLDo1D7MDMNGHaZzvwnRYBaW5CBn5j7nv5WFTS79KrphowYrJBZBvZ3PDhL6l%26id%3D100092452066691&#038;show_text=true&#038;width=500\" width=\"500\" height=\"645\" style=\"border:none;overflow:hidden\" scrolling=\"no\" frameborder=\"0\" allowfullscreen=\"true\" allow=\"autoplay; clipboard-write; encrypted-media; picture-in-picture; web-share\"><\/iframe>\n\n\n\n<p>\u201cRecuerdo su tono: fiel, convencido, agradecido\u201d, indic\u00f3 Marcos RL sobre c\u00f3mo Est\u00e9vez hasta meses antes de morir debat\u00eda en redes sociales defendiendo al r\u00e9gimen cubano.<\/p>\n\n\n\n<p>\u201cEsto no fue valent\u00eda. Esto fue cobard\u00eda de la c\u00fapula castrista, que nunca env\u00eda a sus hijos. Y fue tambi\u00e9n ignorancia inducida y sumisi\u00f3n, la de j\u00f3venes del pueblo convertidos en carne de ca\u00f1\u00f3n para sostener dictadores\u201d, recalc\u00f3 con pesar.<\/p>\n\n\n\n<p>\u201cMientras Yunior mor\u00eda, los hijos de los jerarcas viven fuera de Cuba, estudian en universidades de prestigio y disfrutan del capitalismo que dicen odiar. Otros, como Sandro Castro, viven en La Habana entre lujos, alcohol y derroche, mientras el pa\u00eds se cae a pedazos\u201d, concluy\u00f3.<\/p>\n\n\n\n<p>\u201cYunior no muri\u00f3 por Cuba. Muri\u00f3 por una mentira que le vendieron bien. Muri\u00f3 para que otros sigan viviendo c\u00f3modos. Muri\u00f3 para sostener un poder que jam\u00e1s lo habr\u00eda defendido a \u00e9l. Ojal\u00e1 esto sirva para que otros j\u00f3venes despierten. Para que entiendan que no vale la pena morir por esa gente. Que la \u2018revoluci\u00f3n\u2019 no es madre: es reclutadora\u201d, concluy\u00f3.<\/p>\n","protected":false},"excerpt":{"rendered":"<p>Varias personas que conocieron al capit\u00e1n Yunio Est\u00e9vez Sam\u00f3n, uno de los militares cubanos fallecidos durante la captura de Nicol\u00e1s Maduro por fuerzas estadounidenses el pasado 3 de enero en Venezuela, han lamentado su muerte. Una de ellas, la periodista Claudia Rafaela Ortiz Alba, que el 5 de enero, antes de que el gobierno cubano [&hellip;]<\/p>\n","protected":false},"author":30,"featured_media":230928,"comment_status":"open","ping_status":"closed","sticky":false,"template":"","format":"standard","meta":{"_acf_changed":false,"footnotes":""},"categories":[18,955],"tags":[29868,941,29913],"class_list":{"0":"post-232297","1":"post","2":"type-post","3":"status-publish","4":"format-standard","5":"has-post-thumbnail","7":"category-noticias","8":"category-noticias-de-cuba","9":"tag-captura-de-nicolas-maduro","10":"tag-destacado","11":"tag-militares-cubanos-en-venezuela"},"acf":[],"yoast_head":"<!-- This site is optimized with the Yoast SEO plugin v27.5 - https:\/\/yoast.com\/product\/yoast-seo-wordpress\/ -->\n<title>Amiga de joven militar cubano fallecido en Venezuela: \u201cTus beb\u00e9s estar\u00e1n bien\u201d - Cuballama Noticias<\/title>\n<meta name=\"description\" content=\"Varias personas que conocieron a uno de los militares cubanos fallecidos en Venezuela han lamentado su muerte.\" \/>\n<meta name=\"robots\" content=\"index, follow, max-snippet:-1, max-image-preview:large, max-video-preview:-1\" \/>\n<link rel=\"canonical\" href=\"https:\/\/www.cuballama.com\/noticias\/amiga-de-joven-militar-cubano-fallecido-en-venezuela-tus-bebes-estaran-bien\/\" \/>\n<meta property=\"og:locale\" content=\"es_ES\" \/>\n<meta property=\"og:type\" content=\"article\" \/>\n<meta property=\"og:title\" content=\"Amiga de joven militar cubano fallecido en Venezuela: \u201cTus beb\u00e9s estar\u00e1n bien\u201d - Cuballama Noticias\" \/>\n<meta property=\"og:description\" content=\"Varias personas que conocieron a uno de los militares cubanos fallecidos en Venezuela han lamentado su muerte.\" \/>\n<meta property=\"og:url\" content=\"https:\/\/www.cuballama.com\/noticias\/amiga-de-joven-militar-cubano-fallecido-en-venezuela-tus-bebes-estaran-bien\/\" \/>\n<meta property=\"og:site_name\" content=\"Cuballama Noticias\" \/>\n<meta property=\"article:publisher\" content=\"https:\/\/www.facebook.com\/CubaLlama\" \/>\n<meta property=\"article:published_time\" content=\"2026-01-18T17:54:17+00:00\" \/>\n<meta property=\"article:modified_time\" content=\"2026-01-18T20:45:42+00:00\" \/>\n<meta property=\"og:image\" content=\"https:\/\/cdn1.mediawpaccore.net\/wp-content\/uploads\/2026\/01\/05174140\/Yunio-6.jpg\" \/>\n\t<meta property=\"og:image:width\" content=\"1200\" \/>\n\t<meta property=\"og:image:height\" content=\"630\" \/>\n\t<meta property=\"og:image:type\" content=\"image\/jpeg\" \/>\n<meta name=\"author\" content=\"Kathy\" \/>\n<meta name=\"twitter:card\" content=\"summary_large_image\" \/>\n<meta name=\"twitter:creator\" content=\"@cuballama\" \/>\n<meta name=\"twitter:site\" content=\"@cuballama\" \/>\n<meta name=\"twitter:label1\" content=\"Escrito por\" \/>\n\t<meta name=\"twitter:data1\" content=\"Kathy\" \/>\n\t<meta name=\"twitter:label2\" content=\"Tiempo de lectura\" \/>\n\t<meta name=\"twitter:data2\" content=\"3 minutos\" \/>\n<script type=\"application\/ld+json\" class=\"yoast-schema-graph\">{\"@context\":\"https:\\\/\\\/schema.org\",\"@graph\":[{\"@type\":\"Article\",\"@id\":\"https:\\\/\\\/www.cuballama.com\\\/noticias\\\/amiga-de-joven-militar-cubano-fallecido-en-venezuela-tus-bebes-estaran-bien\\\/#article\",\"isPartOf\":{\"@id\":\"https:\\\/\\\/www.cuballama.com\\\/noticias\\\/amiga-de-joven-militar-cubano-fallecido-en-venezuela-tus-bebes-estaran-bien\\\/\"},\"author\":{\"name\":\"Kathy\",\"@id\":\"https:\\\/\\\/www.cuballama.com\\\/noticias\\\/#\\\/schema\\\/person\\\/86cd3e3f4974437f031211213bf892d5\"},\"headline\":\"Amiga de joven militar cubano fallecido en Venezuela: \u201cTus beb\u00e9s estar\u00e1n bien\u201d\",\"datePublished\":\"2026-01-18T17:54:17+00:00\",\"dateModified\":\"2026-01-18T20:45:42+00:00\",\"mainEntityOfPage\":{\"@id\":\"https:\\\/\\\/www.cuballama.com\\\/noticias\\\/amiga-de-joven-militar-cubano-fallecido-en-venezuela-tus-bebes-estaran-bien\\\/\"},\"wordCount\":630,\"commentCount\":0,\"publisher\":{\"@id\":\"https:\\\/\\\/www.cuballama.com\\\/noticias\\\/#organization\"},\"image\":{\"@id\":\"https:\\\/\\\/www.cuballama.com\\\/noticias\\\/amiga-de-joven-militar-cubano-fallecido-en-venezuela-tus-bebes-estaran-bien\\\/#primaryimage\"},\"thumbnailUrl\":\"https:\\\/\\\/cdn1.mediawpaccore.net\\\/wp-content\\\/uploads\\\/2026\\\/01\\\/05174140\\\/Yunio-6.jpg\",\"keywords\":[\"captura de Nicol\u00e1s Maduro\",\"destacado\",\"militares cubanos en Venezuela\"],\"articleSection\":[\"Noticias\",\"Noticias de Cuba\"],\"inLanguage\":\"es\",\"potentialAction\":[{\"@type\":\"CommentAction\",\"name\":\"Comment\",\"target\":[\"https:\\\/\\\/www.cuballama.com\\\/noticias\\\/amiga-de-joven-militar-cubano-fallecido-en-venezuela-tus-bebes-estaran-bien\\\/#respond\"]}]},{\"@type\":\"WebPage\",\"@id\":\"https:\\\/\\\/www.cuballama.com\\\/noticias\\\/amiga-de-joven-militar-cubano-fallecido-en-venezuela-tus-bebes-estaran-bien\\\/\",\"url\":\"https:\\\/\\\/www.cuballama.com\\\/noticias\\\/amiga-de-joven-militar-cubano-fallecido-en-venezuela-tus-bebes-estaran-bien\\\/\",\"name\":\"Amiga de joven militar cubano fallecido en Venezuela: \u201cTus beb\u00e9s estar\u00e1n bien\u201d - Cuballama Noticias\",\"isPartOf\":{\"@id\":\"https:\\\/\\\/www.cuballama.com\\\/noticias\\\/#website\"},\"primaryImageOfPage\":{\"@id\":\"https:\\\/\\\/www.cuballama.com\\\/noticias\\\/amiga-de-joven-militar-cubano-fallecido-en-venezuela-tus-bebes-estaran-bien\\\/#primaryimage\"},\"image\":{\"@id\":\"https:\\\/\\\/www.cuballama.com\\\/noticias\\\/amiga-de-joven-militar-cubano-fallecido-en-venezuela-tus-bebes-estaran-bien\\\/#primaryimage\"},\"thumbnailUrl\":\"https:\\\/\\\/cdn1.mediawpaccore.net\\\/wp-content\\\/uploads\\\/2026\\\/01\\\/05174140\\\/Yunio-6.jpg\",\"datePublished\":\"2026-01-18T17:54:17+00:00\",\"dateModified\":\"2026-01-18T20:45:42+00:00\",\"description\":\"Varias personas que conocieron a uno de los militares cubanos fallecidos en Venezuela han lamentado su muerte.\",\"breadcrumb\":{\"@id\":\"https:\\\/\\\/www.cuballama.com\\\/noticias\\\/amiga-de-joven-militar-cubano-fallecido-en-venezuela-tus-bebes-estaran-bien\\\/#breadcrumb\"},\"inLanguage\":\"es\",\"potentialAction\":[{\"@type\":\"ReadAction\",\"target\":[\"https:\\\/\\\/www.cuballama.com\\\/noticias\\\/amiga-de-joven-militar-cubano-fallecido-en-venezuela-tus-bebes-estaran-bien\\\/\"]}]},{\"@type\":\"ImageObject\",\"inLanguage\":\"es\",\"@id\":\"https:\\\/\\\/www.cuballama.com\\\/noticias\\\/amiga-de-joven-militar-cubano-fallecido-en-venezuela-tus-bebes-estaran-bien\\\/#primaryimage\",\"url\":\"https:\\\/\\\/cdn1.mediawpaccore.net\\\/wp-content\\\/uploads\\\/2026\\\/01\\\/05174140\\\/Yunio-6.jpg\",\"contentUrl\":\"https:\\\/\\\/cdn1.mediawpaccore.net\\\/wp-content\\\/uploads\\\/2026\\\/01\\\/05174140\\\/Yunio-6.jpg\",\"width\":1200,\"height\":630,\"caption\":\"Yunio, cubano fallecido en Venezuela. Foto: Redes sociales.\"},{\"@type\":\"BreadcrumbList\",\"@id\":\"https:\\\/\\\/www.cuballama.com\\\/noticias\\\/amiga-de-joven-militar-cubano-fallecido-en-venezuela-tus-bebes-estaran-bien\\\/#breadcrumb\",\"itemListElement\":[{\"@type\":\"ListItem\",\"position\":1,\"name\":\"Home\",\"item\":\"https:\\\/\\\/www.cuballama.com\\\/noticias\\\/\"},{\"@type\":\"ListItem\",\"position\":2,\"name\":\"Amiga de joven militar cubano fallecido en Venezuela: \u201cTus beb\u00e9s estar\u00e1n bien\u201d\"}]},{\"@type\":\"WebSite\",\"@id\":\"https:\\\/\\\/www.cuballama.com\\\/noticias\\\/#website\",\"url\":\"https:\\\/\\\/www.cuballama.com\\\/noticias\\\/\",\"name\":\"Cuballama Noticias\",\"description\":\"Medio digital sobre Cuba y el mundo\",\"publisher\":{\"@id\":\"https:\\\/\\\/www.cuballama.com\\\/noticias\\\/#organization\"},\"potentialAction\":[{\"@type\":\"SearchAction\",\"target\":{\"@type\":\"EntryPoint\",\"urlTemplate\":\"https:\\\/\\\/www.cuballama.com\\\/noticias\\\/?s={search_term_string}\"},\"query-input\":{\"@type\":\"PropertyValueSpecification\",\"valueRequired\":true,\"valueName\":\"search_term_string\"}}],\"inLanguage\":\"es\"},{\"@type\":\"Organization\",\"@id\":\"https:\\\/\\\/www.cuballama.com\\\/noticias\\\/#organization\",\"name\":\"Cuballama\",\"url\":\"https:\\\/\\\/www.cuballama.com\\\/noticias\\\/\",\"logo\":{\"@type\":\"ImageObject\",\"inLanguage\":\"es\",\"@id\":\"https:\\\/\\\/www.cuballama.com\\\/noticias\\\/#\\\/schema\\\/logo\\\/image\\\/\",\"url\":\"https:\\\/\\\/cdn1.mediawpaccore.net\\\/wp-content\\\/uploads\\\/2021\\\/12\\\/28171206\\\/cbll-logo-color-sm.png\",\"contentUrl\":\"https:\\\/\\\/cdn1.mediawpaccore.net\\\/wp-content\\\/uploads\\\/2021\\\/12\\\/28171206\\\/cbll-logo-color-sm.png\",\"width\":600,\"height\":133,\"caption\":\"Cuballama\"},\"image\":{\"@id\":\"https:\\\/\\\/www.cuballama.com\\\/noticias\\\/#\\\/schema\\\/logo\\\/image\\\/\"},\"sameAs\":[\"https:\\\/\\\/www.facebook.com\\\/CubaLlama\",\"https:\\\/\\\/x.com\\\/cuballama\",\"https:\\\/\\\/www.instagram.com\\\/stories\\\/cuballama_oficial\\\/\",\"https:\\\/\\\/www.youtube.com\\\/channel\\\/UCKkFE-d_axENGZcrc4as0IA\"]},{\"@type\":\"Person\",\"@id\":\"https:\\\/\\\/www.cuballama.com\\\/noticias\\\/#\\\/schema\\\/person\\\/86cd3e3f4974437f031211213bf892d5\",\"name\":\"Kathy\",\"url\":\"https:\\\/\\\/www.cuballama.com\\\/noticias\\\/author\\\/kathy\\\/\"}]}<\/script>\n<!-- \/ Yoast SEO plugin. -->","yoast_head_json":{"title":"Amiga de joven militar cubano fallecido en Venezuela: \u201cTus beb\u00e9s estar\u00e1n bien\u201d - Cuballama Noticias","description":"Varias personas que conocieron a uno de los militares cubanos fallecidos en Venezuela han lamentado su muerte.","robots":{"index":"index","follow":"follow","max-snippet":"max-snippet:-1","max-image-preview":"max-image-preview:large","max-video-preview":"max-video-preview:-1"},"canonical":"https:\/\/www.cuballama.com\/noticias\/amiga-de-joven-militar-cubano-fallecido-en-venezuela-tus-bebes-estaran-bien\/","og_locale":"es_ES","og_type":"article","og_title":"Amiga de joven militar cubano fallecido en Venezuela: \u201cTus beb\u00e9s estar\u00e1n bien\u201d - Cuballama Noticias","og_description":"Varias personas que conocieron a uno de los militares cubanos fallecidos en Venezuela han lamentado su muerte.","og_url":"https:\/\/www.cuballama.com\/noticias\/amiga-de-joven-militar-cubano-fallecido-en-venezuela-tus-bebes-estaran-bien\/","og_site_name":"Cuballama Noticias","article_publisher":"https:\/\/www.facebook.com\/CubaLlama","article_published_time":"2026-01-18T17:54:17+00:00","article_modified_time":"2026-01-18T20:45:42+00:00","og_image":[{"width":1200,"height":630,"url":"https:\/\/cdn1.mediawpaccore.net\/wp-content\/uploads\/2026\/01\/05174140\/Yunio-6.jpg","type":"image\/jpeg"}],"author":"Kathy","twitter_card":"summary_large_image","twitter_creator":"@cuballama","twitter_site":"@cuballama","twitter_misc":{"Escrito por":"Kathy","Tiempo de lectura":"3 minutos"},"schema":{"@context":"https:\/\/schema.org","@graph":[{"@type":"Article","@id":"https:\/\/www.cuballama.com\/noticias\/amiga-de-joven-militar-cubano-fallecido-en-venezuela-tus-bebes-estaran-bien\/#article","isPartOf":{"@id":"https:\/\/www.cuballama.com\/noticias\/amiga-de-joven-militar-cubano-fallecido-en-venezuela-tus-bebes-estaran-bien\/"},"author":{"name":"Kathy","@id":"https:\/\/www.cuballama.com\/noticias\/#\/schema\/person\/86cd3e3f4974437f031211213bf892d5"},"headline":"Amiga de joven militar cubano fallecido en Venezuela: \u201cTus beb\u00e9s estar\u00e1n bien\u201d","datePublished":"2026-01-18T17:54:17+00:00","dateModified":"2026-01-18T20:45:42+00:00","mainEntityOfPage":{"@id":"https:\/\/www.cuballama.com\/noticias\/amiga-de-joven-militar-cubano-fallecido-en-venezuela-tus-bebes-estaran-bien\/"},"wordCount":630,"commentCount":0,"publisher":{"@id":"https:\/\/www.cuballama.com\/noticias\/#organization"},"image":{"@id":"https:\/\/www.cuballama.com\/noticias\/amiga-de-joven-militar-cubano-fallecido-en-venezuela-tus-bebes-estaran-bien\/#primaryimage"},"thumbnailUrl":"https:\/\/cdn1.mediawpaccore.net\/wp-content\/uploads\/2026\/01\/05174140\/Yunio-6.jpg","keywords":["captura de Nicol\u00e1s Maduro","destacado","militares cubanos en Venezuela"],"articleSection":["Noticias","Noticias de Cuba"],"inLanguage":"es","potentialAction":[{"@type":"CommentAction","name":"Comment","target":["https:\/\/www.cuballama.com\/noticias\/amiga-de-joven-militar-cubano-fallecido-en-venezuela-tus-bebes-estaran-bien\/#respond"]}]},{"@type":"WebPage","@id":"https:\/\/www.cuballama.com\/noticias\/amiga-de-joven-militar-cubano-fallecido-en-venezuela-tus-bebes-estaran-bien\/","url":"https:\/\/www.cuballama.com\/noticias\/amiga-de-joven-militar-cubano-fallecido-en-venezuela-tus-bebes-estaran-bien\/","name":"Amiga de joven militar cubano fallecido en Venezuela: \u201cTus beb\u00e9s estar\u00e1n bien\u201d - Cuballama Noticias","isPartOf":{"@id":"https:\/\/www.cuballama.com\/noticias\/#website"},"primaryImageOfPage":{"@id":"https:\/\/www.cuballama.com\/noticias\/amiga-de-joven-militar-cubano-fallecido-en-venezuela-tus-bebes-estaran-bien\/#primaryimage"},"image":{"@id":"https:\/\/www.cuballama.com\/noticias\/amiga-de-joven-militar-cubano-fallecido-en-venezuela-tus-bebes-estaran-bien\/#primaryimage"},"thumbnailUrl":"https:\/\/cdn1.mediawpaccore.net\/wp-content\/uploads\/2026\/01\/05174140\/Yunio-6.jpg","datePublished":"2026-01-18T17:54:17+00:00","dateModified":"2026-01-18T20:45:42+00:00","description":"Varias personas que conocieron a uno de los militares cubanos fallecidos en Venezuela han lamentado su muerte.","breadcrumb":{"@id":"https:\/\/www.cuballama.com\/noticias\/amiga-de-joven-militar-cubano-fallecido-en-venezuela-tus-bebes-estaran-bien\/#breadcrumb"},"inLanguage":"es","potentialAction":[{"@type":"ReadAction","target":["https:\/\/www.cuballama.com\/noticias\/amiga-de-joven-militar-cubano-fallecido-en-venezuela-tus-bebes-estaran-bien\/"]}]},{"@type":"ImageObject","inLanguage":"es","@id":"https:\/\/www.cuballama.com\/noticias\/amiga-de-joven-militar-cubano-fallecido-en-venezuela-tus-bebes-estaran-bien\/#primaryimage","url":"https:\/\/cdn1.mediawpaccore.net\/wp-content\/uploads\/2026\/01\/05174140\/Yunio-6.jpg","contentUrl":"https:\/\/cdn1.mediawpaccore.net\/wp-content\/uploads\/2026\/01\/05174140\/Yunio-6.jpg","width":1200,"height":630,"caption":"Yunio, cubano fallecido en Venezuela. Foto: Redes sociales."},{"@type":"BreadcrumbList","@id":"https:\/\/www.cuballama.com\/noticias\/amiga-de-joven-militar-cubano-fallecido-en-venezuela-tus-bebes-estaran-bien\/#breadcrumb","itemListElement":[{"@type":"ListItem","position":1,"name":"Home","item":"https:\/\/www.cuballama.com\/noticias\/"},{"@type":"ListItem","position":2,"name":"Amiga de joven militar cubano fallecido en Venezuela: \u201cTus beb\u00e9s estar\u00e1n bien\u201d"}]},{"@type":"WebSite","@id":"https:\/\/www.cuballama.com\/noticias\/#website","url":"https:\/\/www.cuballama.com\/noticias\/","name":"Cuballama Noticias","description":"Medio digital sobre Cuba y el mundo","publisher":{"@id":"https:\/\/www.cuballama.com\/noticias\/#organization"},"potentialAction":[{"@type":"SearchAction","target":{"@type":"EntryPoint","urlTemplate":"https:\/\/www.cuballama.com\/noticias\/?s={search_term_string}"},"query-input":{"@type":"PropertyValueSpecification","valueRequired":true,"valueName":"search_term_string"}}],"inLanguage":"es"},{"@type":"Organization","@id":"https:\/\/www.cuballama.com\/noticias\/#organization","name":"Cuballama","url":"https:\/\/www.cuballama.com\/noticias\/","logo":{"@type":"ImageObject","inLanguage":"es","@id":"https:\/\/www.cuballama.com\/noticias\/#\/schema\/logo\/image\/","url":"https:\/\/cdn1.mediawpaccore.net\/wp-content\/uploads\/2021\/12\/28171206\/cbll-logo-color-sm.png","contentUrl":"https:\/\/cdn1.mediawpaccore.net\/wp-content\/uploads\/2021\/12\/28171206\/cbll-logo-color-sm.png","width":600,"height":133,"caption":"Cuballama"},"image":{"@id":"https:\/\/www.cuballama.com\/noticias\/#\/schema\/logo\/image\/"},"sameAs":["https:\/\/www.facebook.com\/CubaLlama","https:\/\/x.com\/cuballama","https:\/\/www.instagram.com\/stories\/cuballama_oficial\/","https:\/\/www.youtube.com\/channel\/UCKkFE-d_axENGZcrc4as0IA"]},{"@type":"Person","@id":"https:\/\/www.cuballama.com\/noticias\/#\/schema\/person\/86cd3e3f4974437f031211213bf892d5","name":"Kathy","url":"https:\/\/www.cuballama.com\/noticias\/author\/kathy\/"}]}},"_links":{"self":[{"href":"https:\/\/www.cuballama.com\/noticias\/wp-json\/wp\/v2\/posts\/232297","targetHints":{"allow":["GET"]}}],"collection":[{"href":"https:\/\/www.cuballama.com\/noticias\/wp-json\/wp\/v2\/posts"}],"about":[{"href":"https:\/\/www.cuballama.com\/noticias\/wp-json\/wp\/v2\/types\/post"}],"author":[{"embeddable":true,"href":"https:\/\/www.cuballama.com\/noticias\/wp-json\/wp\/v2\/users\/30"}],"replies":[{"embeddable":true,"href":"https:\/\/www.cuballama.com\/noticias\/wp-json\/wp\/v2\/comments?post=232297"}],"version-history":[{"count":6,"href":"https:\/\/www.cuballama.com\/noticias\/wp-json\/wp\/v2\/posts\/232297\/revisions"}],"predecessor-version":[{"id":232521,"href":"https:\/\/www.cuballama.com\/noticias\/wp-json\/wp\/v2\/posts\/232297\/revisions\/232521"}],"wp:featuredmedia":[{"embeddable":true,"href":"https:\/\/www.cuballama.com\/noticias\/wp-json\/wp\/v2\/media\/230928"}],"wp:attachment":[{"href":"https:\/\/www.cuballama.com\/noticias\/wp-json\/wp\/v2\/media?parent=232297"}],"wp:term":[{"taxonomy":"category","embeddable":true,"href":"https:\/\/www.cuballama.com\/noticias\/wp-json\/wp\/v2\/categories?post=232297"},{"taxonomy":"post_tag","embeddable":true,"href":"https:\/\/www.cuballama.com\/noticias\/wp-json\/wp\/v2\/tags?post=232297"}],"curies":[{"name":"wp","href":"https:\/\/api.w.org\/{rel}","templated":true}]}}