{"id":232281,"date":"2026-01-16T09:04:18","date_gmt":"2026-01-16T14:04:18","guid":{"rendered":"https:\/\/www.cuballama.com\/noticias\/?p=232281"},"modified":"2026-01-16T09:04:20","modified_gmt":"2026-01-16T14:04:20","slug":"jorge-junior-dice-que-va-a-entrar-a-el-rancho-de-destino-y-el-que-quiera-que-se-vaya","status":"publish","type":"post","link":"https:\/\/www.cuballama.com\/noticias\/jorge-junior-dice-que-va-a-entrar-a-el-rancho-de-destino-y-el-que-quiera-que-se-vaya\/","title":{"rendered":"Jorge Junior dice que va a entrar a El Rancho de Destino: \u201cY el que quiera que se vaya\u201d"},"content":{"rendered":"\n<p>El reguetonero cubano Jorge Junior, director de la agrupaci\u00f3n Los 4, insinu\u00f3 p\u00fablicamente que podr\u00eda incorporarse al reality show El Rancho de Destino, donde concursa su examiga La Diosa. A trav\u00e9s de varias publicaciones en redes sociales, el m\u00fasico dej\u00f3 claro que sigue de cerca el programa y que, de concretarse su entrada, no piensa pasar desapercibido.<\/p>\n\n\n\n<p>La controversia comenz\u00f3 con un post publicado en Facebook, donde Jorge Junior arremeti\u00f3 contra uno de los participantes del show, al que calific\u00f3 como una \u201clacra\u201d. Aunque no mencion\u00f3 nombres, el mensaje fue interpretado mayoritariamente como una indirecta dirigida a La Diosa, con quien mantiene una enemistad p\u00fablica desde hace meses y que actualmente compite en el reality por un premio de 50.000 d\u00f3lares y un autom\u00f3vil Corvette.<\/p>\n\n\n\n<iframe loading=\"lazy\" src=\"https:\/\/www.facebook.com\/plugins\/post.php?href=https%3A%2F%2Fwww.facebook.com%2FLos4oficial%2Fposts%2Fpfbid02QrX2B1QhXmh4u5SpsK3rUPZ17zbgjATL42pC7pJZNuCpuebeik7YsxxhhYcWJpAcl&#038;show_text=true&#038;width=500\" width=\"500\" height=\"410\" style=\"border:none;overflow:hidden\" scrolling=\"no\" frameborder=\"0\" allowfullscreen=\"true\" allow=\"autoplay; clipboard-write; encrypted-media; picture-in-picture; web-share\"><\/iframe>\n\n\n\n<p>\u201cNo s\u00e9 c\u00f3mo se siguen dejando llevar por la manipulaci\u00f3n de unos cuantos rid\u00edculos fuera de tiempo. Destino, la peor lacra de ese programa est\u00e1 escondida. Abre bien los ojos, que se te va el programa abajo. Te lo digo por experiencia propia; lo que bien se aprende nunca se olvida\u201d, escribi\u00f3 el reguetonero junto a varias im\u00e1genes del show. La referencia directa al presentador del espacio, Destino, reforz\u00f3 la idea de que su mensaje iba m\u00e1s all\u00e1 de una simple opini\u00f3n como espectador.<\/p>\n\n\n\n<p>La relaci\u00f3n entre Jorge Junior y La Diosa fue durante a\u00f1os una de las m\u00e1s visibles dentro del panorama urbano cubano. Ambos artistas no solo manten\u00edan una amistad cercana, sino que colaboraron en decenas de temas musicales mientras resid\u00edan en Cuba. Sin embargo, la relaci\u00f3n se fractur\u00f3 poco antes de que La Diosa emigrara a Estados Unidos en 2023. Desde entonces, ninguno ha ofrecido explicaciones claras sobre el motivo de la ruptura, aunque s\u00ed se han dedicado comentarios p\u00fablicos con un tono cada vez m\u00e1s hostil.<\/p>\n\n\n\n<iframe loading=\"lazy\" src=\"https:\/\/www.facebook.com\/plugins\/post.php?href=https%3A%2F%2Fwww.facebook.com%2FLos4oficial%2Fposts%2Fpfbid02njybtpSxu7J8u9ZoZ4GCw8BSZfJZdYzCj2PWSrgnZ6B5YGyHnp4BfJRP1nRLx5pUl&#038;show_text=true&#038;width=500\" width=\"500\" height=\"648\" style=\"border:none;overflow:hidden\" scrolling=\"no\" frameborder=\"0\" allowfullscreen=\"true\" allow=\"autoplay; clipboard-write; encrypted-media; picture-in-picture; web-share\"><\/iframe>\n\n\n\n<p>Horas despu\u00e9s del primer mensaje, Jorge Junior aviv\u00f3 a\u00fan m\u00e1s la pol\u00e9mica al asegurar que hab\u00eda sido convocado para participar directamente en El Rancho de Destino. \u201cLa semana que viene me citaron para El Rancho de Destino. Yo voy a desenmascarar a unos cuantos. Lo bueno se queda para el final. Yo voy a ver la infladera que hay formada. As\u00ed que el que quiera que se quede y el que no que se vaya\u201d, escribi\u00f3, dejando entrever que su posible incorporaci\u00f3n tendr\u00eda un car\u00e1cter confrontativo.<\/p>\n\n\n\n<p><strong>Lea m\u00e1s: <a href=\"https:\/\/www.cuballama.com\/noticias\/hay-que-tener-cara-responde-jorge-junior-a-acusaciones-de-la-diosa\/\" target=\"_blank\" rel=\"noreferrer noopener\">\u201cHay que tener cara\u201d: Jorge Junior responde a acusaciones de La Diosa<\/a><\/strong><\/p>\n\n\n\n<p>Hasta el momento, la producci\u00f3n del reality no ha confirmado oficialmente la entrada del artista, ni el presentador ni La Diosa han reaccionado p\u00fablicamente a sus declaraciones. No obstante, los mensajes de Jorge Junior han generado una oleada de reacciones en redes sociales, donde seguidores del programa debaten sobre el impacto que tendr\u00eda su presencia en la din\u00e1mica del show.<\/p>\n\n\n\n<p>De concretarse su participaci\u00f3n, la entrada del l\u00edder de Los 4 podr\u00eda convertirse en uno de los momentos m\u00e1s tensos y medi\u00e1ticos de El Rancho de Destino, un reality que, semana tras semana, contin\u00faa alimentando controversias tanto dentro como fuera de la pantalla.<\/p>\n","protected":false},"excerpt":{"rendered":"<p>Jorge Junior, director de la agrupaci\u00f3n Los 4, insinu\u00f3 p\u00fablicamente que podr\u00eda incorporarse al reality show El Rancho de Destino, donde concursa su examiga La Diosa<\/p>\n","protected":false},"author":27,"featured_media":232284,"comment_status":"open","ping_status":"closed","sticky":false,"template":"","format":"standard","meta":{"_acf_changed":false,"footnotes":""},"categories":[443],"tags":[29848,14945,5202,6160],"class_list":{"0":"post-232281","1":"post","2":"type-post","3":"status-publish","4":"format-standard","5":"has-post-thumbnail","7":"category-farandula","8":"tag-el-rancho-de-destino","9":"tag-jorge-junior","10":"tag-la-diosa","11":"tag-reguetoneros-cubanos"},"acf":[],"yoast_head":"<!-- This site is optimized with the Yoast SEO plugin v27.4 - https:\/\/yoast.com\/product\/yoast-seo-wordpress\/ -->\n<title>Jorge Junior dice que va a entrar a El Rancho de Destino: \u201cY el que quiera que se vaya\u201d - Cuballama Noticias<\/title>\n<meta name=\"description\" content=\"Jorge Junior insinu\u00f3 p\u00fablicamente que podr\u00eda incorporarse al reality show El Rancho de Destino, donde concursa su examiga La Diosa\" \/>\n<meta name=\"robots\" content=\"index, follow, max-snippet:-1, max-image-preview:large, max-video-preview:-1\" \/>\n<link rel=\"canonical\" href=\"https:\/\/www.cuballama.com\/noticias\/jorge-junior-dice-que-va-a-entrar-a-el-rancho-de-destino-y-el-que-quiera-que-se-vaya\/\" \/>\n<meta property=\"og:locale\" content=\"es_ES\" \/>\n<meta property=\"og:type\" content=\"article\" \/>\n<meta property=\"og:title\" content=\"Jorge Junior dice que va a entrar a El Rancho de Destino: \u201cY el que quiera que se vaya\u201d - Cuballama Noticias\" \/>\n<meta property=\"og:description\" content=\"Jorge Junior insinu\u00f3 p\u00fablicamente que podr\u00eda incorporarse al reality show El Rancho de Destino, donde concursa su examiga La Diosa\" \/>\n<meta property=\"og:url\" content=\"https:\/\/www.cuballama.com\/noticias\/jorge-junior-dice-que-va-a-entrar-a-el-rancho-de-destino-y-el-que-quiera-que-se-vaya\/\" \/>\n<meta property=\"og:site_name\" content=\"Cuballama Noticias\" \/>\n<meta property=\"article:publisher\" content=\"https:\/\/www.facebook.com\/CubaLlama\" \/>\n<meta property=\"article:published_time\" content=\"2026-01-16T14:04:18+00:00\" \/>\n<meta property=\"article:modified_time\" content=\"2026-01-16T14:04:20+00:00\" \/>\n<meta property=\"og:image\" content=\"https:\/\/cdn1.mediawpaccore.net\/wp-content\/uploads\/2026\/01\/16090136\/WhatsApp-Image-2026-01-16-at-14.58.12.jpeg\" \/>\n\t<meta property=\"og:image:width\" content=\"1884\" \/>\n\t<meta property=\"og:image:height\" content=\"1253\" \/>\n\t<meta property=\"og:image:type\" content=\"image\/jpeg\" \/>\n<meta name=\"author\" content=\"Rafa\" \/>\n<meta name=\"twitter:card\" content=\"summary_large_image\" \/>\n<meta name=\"twitter:creator\" content=\"@cuballama\" \/>\n<meta name=\"twitter:site\" content=\"@cuballama\" \/>\n<meta name=\"twitter:label1\" content=\"Escrito por\" \/>\n\t<meta name=\"twitter:data1\" content=\"Rafa\" \/>\n\t<meta name=\"twitter:label2\" content=\"Tiempo de lectura\" \/>\n\t<meta name=\"twitter:data2\" content=\"3 minutos\" \/>\n<script type=\"application\/ld+json\" class=\"yoast-schema-graph\">{\"@context\":\"https:\\\/\\\/schema.org\",\"@graph\":[{\"@type\":\"Article\",\"@id\":\"https:\\\/\\\/www.cuballama.com\\\/noticias\\\/jorge-junior-dice-que-va-a-entrar-a-el-rancho-de-destino-y-el-que-quiera-que-se-vaya\\\/#article\",\"isPartOf\":{\"@id\":\"https:\\\/\\\/www.cuballama.com\\\/noticias\\\/jorge-junior-dice-que-va-a-entrar-a-el-rancho-de-destino-y-el-que-quiera-que-se-vaya\\\/\"},\"author\":{\"name\":\"Rafa\",\"@id\":\"https:\\\/\\\/www.cuballama.com\\\/noticias\\\/#\\\/schema\\\/person\\\/0f97914526a658755f00e59ec2a832f2\"},\"headline\":\"Jorge Junior dice que va a entrar a El Rancho de Destino: \u201cY el que quiera que se vaya\u201d\",\"datePublished\":\"2026-01-16T14:04:18+00:00\",\"dateModified\":\"2026-01-16T14:04:20+00:00\",\"mainEntityOfPage\":{\"@id\":\"https:\\\/\\\/www.cuballama.com\\\/noticias\\\/jorge-junior-dice-que-va-a-entrar-a-el-rancho-de-destino-y-el-que-quiera-que-se-vaya\\\/\"},\"wordCount\":554,\"commentCount\":0,\"publisher\":{\"@id\":\"https:\\\/\\\/www.cuballama.com\\\/noticias\\\/#organization\"},\"image\":{\"@id\":\"https:\\\/\\\/www.cuballama.com\\\/noticias\\\/jorge-junior-dice-que-va-a-entrar-a-el-rancho-de-destino-y-el-que-quiera-que-se-vaya\\\/#primaryimage\"},\"thumbnailUrl\":\"https:\\\/\\\/cdn1.mediawpaccore.net\\\/wp-content\\\/uploads\\\/2026\\\/01\\\/16090136\\\/WhatsApp-Image-2026-01-16-at-14.58.12.jpeg\",\"keywords\":[\"El Rancho de Destino\",\"Jorge Junior\",\"La Diosa\",\"Reguetoneros cubanos\"],\"articleSection\":[\"Far\u00e1ndula\"],\"inLanguage\":\"es\",\"potentialAction\":[{\"@type\":\"CommentAction\",\"name\":\"Comment\",\"target\":[\"https:\\\/\\\/www.cuballama.com\\\/noticias\\\/jorge-junior-dice-que-va-a-entrar-a-el-rancho-de-destino-y-el-que-quiera-que-se-vaya\\\/#respond\"]}]},{\"@type\":\"WebPage\",\"@id\":\"https:\\\/\\\/www.cuballama.com\\\/noticias\\\/jorge-junior-dice-que-va-a-entrar-a-el-rancho-de-destino-y-el-que-quiera-que-se-vaya\\\/\",\"url\":\"https:\\\/\\\/www.cuballama.com\\\/noticias\\\/jorge-junior-dice-que-va-a-entrar-a-el-rancho-de-destino-y-el-que-quiera-que-se-vaya\\\/\",\"name\":\"Jorge Junior dice que va a entrar a El Rancho de Destino: \u201cY el que quiera que se vaya\u201d - Cuballama Noticias\",\"isPartOf\":{\"@id\":\"https:\\\/\\\/www.cuballama.com\\\/noticias\\\/#website\"},\"primaryImageOfPage\":{\"@id\":\"https:\\\/\\\/www.cuballama.com\\\/noticias\\\/jorge-junior-dice-que-va-a-entrar-a-el-rancho-de-destino-y-el-que-quiera-que-se-vaya\\\/#primaryimage\"},\"image\":{\"@id\":\"https:\\\/\\\/www.cuballama.com\\\/noticias\\\/jorge-junior-dice-que-va-a-entrar-a-el-rancho-de-destino-y-el-que-quiera-que-se-vaya\\\/#primaryimage\"},\"thumbnailUrl\":\"https:\\\/\\\/cdn1.mediawpaccore.net\\\/wp-content\\\/uploads\\\/2026\\\/01\\\/16090136\\\/WhatsApp-Image-2026-01-16-at-14.58.12.jpeg\",\"datePublished\":\"2026-01-16T14:04:18+00:00\",\"dateModified\":\"2026-01-16T14:04:20+00:00\",\"description\":\"Jorge Junior insinu\u00f3 p\u00fablicamente que podr\u00eda incorporarse al reality show El Rancho de Destino, donde concursa su examiga La Diosa\",\"breadcrumb\":{\"@id\":\"https:\\\/\\\/www.cuballama.com\\\/noticias\\\/jorge-junior-dice-que-va-a-entrar-a-el-rancho-de-destino-y-el-que-quiera-que-se-vaya\\\/#breadcrumb\"},\"inLanguage\":\"es\",\"potentialAction\":[{\"@type\":\"ReadAction\",\"target\":[\"https:\\\/\\\/www.cuballama.com\\\/noticias\\\/jorge-junior-dice-que-va-a-entrar-a-el-rancho-de-destino-y-el-que-quiera-que-se-vaya\\\/\"]}]},{\"@type\":\"ImageObject\",\"inLanguage\":\"es\",\"@id\":\"https:\\\/\\\/www.cuballama.com\\\/noticias\\\/jorge-junior-dice-que-va-a-entrar-a-el-rancho-de-destino-y-el-que-quiera-que-se-vaya\\\/#primaryimage\",\"url\":\"https:\\\/\\\/cdn1.mediawpaccore.net\\\/wp-content\\\/uploads\\\/2026\\\/01\\\/16090136\\\/WhatsApp-Image-2026-01-16-at-14.58.12.jpeg\",\"contentUrl\":\"https:\\\/\\\/cdn1.mediawpaccore.net\\\/wp-content\\\/uploads\\\/2026\\\/01\\\/16090136\\\/WhatsApp-Image-2026-01-16-at-14.58.12.jpeg\",\"width\":1884,\"height\":1253,\"caption\":\"Foto: Facebook\"},{\"@type\":\"BreadcrumbList\",\"@id\":\"https:\\\/\\\/www.cuballama.com\\\/noticias\\\/jorge-junior-dice-que-va-a-entrar-a-el-rancho-de-destino-y-el-que-quiera-que-se-vaya\\\/#breadcrumb\",\"itemListElement\":[{\"@type\":\"ListItem\",\"position\":1,\"name\":\"Home\",\"item\":\"https:\\\/\\\/www.cuballama.com\\\/noticias\\\/\"},{\"@type\":\"ListItem\",\"position\":2,\"name\":\"Jorge Junior dice que va a entrar a El Rancho de Destino: \u201cY el que quiera que se vaya\u201d\"}]},{\"@type\":\"WebSite\",\"@id\":\"https:\\\/\\\/www.cuballama.com\\\/noticias\\\/#website\",\"url\":\"https:\\\/\\\/www.cuballama.com\\\/noticias\\\/\",\"name\":\"Cuballama Noticias\",\"description\":\"Medio digital sobre Cuba y el mundo\",\"publisher\":{\"@id\":\"https:\\\/\\\/www.cuballama.com\\\/noticias\\\/#organization\"},\"potentialAction\":[{\"@type\":\"SearchAction\",\"target\":{\"@type\":\"EntryPoint\",\"urlTemplate\":\"https:\\\/\\\/www.cuballama.com\\\/noticias\\\/?s={search_term_string}\"},\"query-input\":{\"@type\":\"PropertyValueSpecification\",\"valueRequired\":true,\"valueName\":\"search_term_string\"}}],\"inLanguage\":\"es\"},{\"@type\":\"Organization\",\"@id\":\"https:\\\/\\\/www.cuballama.com\\\/noticias\\\/#organization\",\"name\":\"Cuballama\",\"url\":\"https:\\\/\\\/www.cuballama.com\\\/noticias\\\/\",\"logo\":{\"@type\":\"ImageObject\",\"inLanguage\":\"es\",\"@id\":\"https:\\\/\\\/www.cuballama.com\\\/noticias\\\/#\\\/schema\\\/logo\\\/image\\\/\",\"url\":\"https:\\\/\\\/cdn1.mediawpaccore.net\\\/wp-content\\\/uploads\\\/2021\\\/12\\\/28171206\\\/cbll-logo-color-sm.png\",\"contentUrl\":\"https:\\\/\\\/cdn1.mediawpaccore.net\\\/wp-content\\\/uploads\\\/2021\\\/12\\\/28171206\\\/cbll-logo-color-sm.png\",\"width\":600,\"height\":133,\"caption\":\"Cuballama\"},\"image\":{\"@id\":\"https:\\\/\\\/www.cuballama.com\\\/noticias\\\/#\\\/schema\\\/logo\\\/image\\\/\"},\"sameAs\":[\"https:\\\/\\\/www.facebook.com\\\/CubaLlama\",\"https:\\\/\\\/x.com\\\/cuballama\",\"https:\\\/\\\/www.instagram.com\\\/stories\\\/cuballama_oficial\\\/\",\"https:\\\/\\\/www.youtube.com\\\/channel\\\/UCKkFE-d_axENGZcrc4as0IA\"]},{\"@type\":\"Person\",\"@id\":\"https:\\\/\\\/www.cuballama.com\\\/noticias\\\/#\\\/schema\\\/person\\\/0f97914526a658755f00e59ec2a832f2\",\"name\":\"Rafa\",\"url\":\"https:\\\/\\\/www.cuballama.com\\\/noticias\\\/author\\\/rafa\\\/\"}]}<\/script>\n<!-- \/ Yoast SEO plugin. -->","yoast_head_json":{"title":"Jorge Junior dice que va a entrar a El Rancho de Destino: \u201cY el que quiera que se vaya\u201d - Cuballama Noticias","description":"Jorge Junior insinu\u00f3 p\u00fablicamente que podr\u00eda incorporarse al reality show El Rancho de Destino, donde concursa su examiga La Diosa","robots":{"index":"index","follow":"follow","max-snippet":"max-snippet:-1","max-image-preview":"max-image-preview:large","max-video-preview":"max-video-preview:-1"},"canonical":"https:\/\/www.cuballama.com\/noticias\/jorge-junior-dice-que-va-a-entrar-a-el-rancho-de-destino-y-el-que-quiera-que-se-vaya\/","og_locale":"es_ES","og_type":"article","og_title":"Jorge Junior dice que va a entrar a El Rancho de Destino: \u201cY el que quiera que se vaya\u201d - Cuballama Noticias","og_description":"Jorge Junior insinu\u00f3 p\u00fablicamente que podr\u00eda incorporarse al reality show El Rancho de Destino, donde concursa su examiga La Diosa","og_url":"https:\/\/www.cuballama.com\/noticias\/jorge-junior-dice-que-va-a-entrar-a-el-rancho-de-destino-y-el-que-quiera-que-se-vaya\/","og_site_name":"Cuballama Noticias","article_publisher":"https:\/\/www.facebook.com\/CubaLlama","article_published_time":"2026-01-16T14:04:18+00:00","article_modified_time":"2026-01-16T14:04:20+00:00","og_image":[{"width":1884,"height":1253,"url":"https:\/\/cdn1.mediawpaccore.net\/wp-content\/uploads\/2026\/01\/16090136\/WhatsApp-Image-2026-01-16-at-14.58.12.jpeg","type":"image\/jpeg"}],"author":"Rafa","twitter_card":"summary_large_image","twitter_creator":"@cuballama","twitter_site":"@cuballama","twitter_misc":{"Escrito por":"Rafa","Tiempo de lectura":"3 minutos"},"schema":{"@context":"https:\/\/schema.org","@graph":[{"@type":"Article","@id":"https:\/\/www.cuballama.com\/noticias\/jorge-junior-dice-que-va-a-entrar-a-el-rancho-de-destino-y-el-que-quiera-que-se-vaya\/#article","isPartOf":{"@id":"https:\/\/www.cuballama.com\/noticias\/jorge-junior-dice-que-va-a-entrar-a-el-rancho-de-destino-y-el-que-quiera-que-se-vaya\/"},"author":{"name":"Rafa","@id":"https:\/\/www.cuballama.com\/noticias\/#\/schema\/person\/0f97914526a658755f00e59ec2a832f2"},"headline":"Jorge Junior dice que va a entrar a El Rancho de Destino: \u201cY el que quiera que se vaya\u201d","datePublished":"2026-01-16T14:04:18+00:00","dateModified":"2026-01-16T14:04:20+00:00","mainEntityOfPage":{"@id":"https:\/\/www.cuballama.com\/noticias\/jorge-junior-dice-que-va-a-entrar-a-el-rancho-de-destino-y-el-que-quiera-que-se-vaya\/"},"wordCount":554,"commentCount":0,"publisher":{"@id":"https:\/\/www.cuballama.com\/noticias\/#organization"},"image":{"@id":"https:\/\/www.cuballama.com\/noticias\/jorge-junior-dice-que-va-a-entrar-a-el-rancho-de-destino-y-el-que-quiera-que-se-vaya\/#primaryimage"},"thumbnailUrl":"https:\/\/cdn1.mediawpaccore.net\/wp-content\/uploads\/2026\/01\/16090136\/WhatsApp-Image-2026-01-16-at-14.58.12.jpeg","keywords":["El Rancho de Destino","Jorge Junior","La Diosa","Reguetoneros cubanos"],"articleSection":["Far\u00e1ndula"],"inLanguage":"es","potentialAction":[{"@type":"CommentAction","name":"Comment","target":["https:\/\/www.cuballama.com\/noticias\/jorge-junior-dice-que-va-a-entrar-a-el-rancho-de-destino-y-el-que-quiera-que-se-vaya\/#respond"]}]},{"@type":"WebPage","@id":"https:\/\/www.cuballama.com\/noticias\/jorge-junior-dice-que-va-a-entrar-a-el-rancho-de-destino-y-el-que-quiera-que-se-vaya\/","url":"https:\/\/www.cuballama.com\/noticias\/jorge-junior-dice-que-va-a-entrar-a-el-rancho-de-destino-y-el-que-quiera-que-se-vaya\/","name":"Jorge Junior dice que va a entrar a El Rancho de Destino: \u201cY el que quiera que se vaya\u201d - Cuballama Noticias","isPartOf":{"@id":"https:\/\/www.cuballama.com\/noticias\/#website"},"primaryImageOfPage":{"@id":"https:\/\/www.cuballama.com\/noticias\/jorge-junior-dice-que-va-a-entrar-a-el-rancho-de-destino-y-el-que-quiera-que-se-vaya\/#primaryimage"},"image":{"@id":"https:\/\/www.cuballama.com\/noticias\/jorge-junior-dice-que-va-a-entrar-a-el-rancho-de-destino-y-el-que-quiera-que-se-vaya\/#primaryimage"},"thumbnailUrl":"https:\/\/cdn1.mediawpaccore.net\/wp-content\/uploads\/2026\/01\/16090136\/WhatsApp-Image-2026-01-16-at-14.58.12.jpeg","datePublished":"2026-01-16T14:04:18+00:00","dateModified":"2026-01-16T14:04:20+00:00","description":"Jorge Junior insinu\u00f3 p\u00fablicamente que podr\u00eda incorporarse al reality show El Rancho de Destino, donde concursa su examiga La Diosa","breadcrumb":{"@id":"https:\/\/www.cuballama.com\/noticias\/jorge-junior-dice-que-va-a-entrar-a-el-rancho-de-destino-y-el-que-quiera-que-se-vaya\/#breadcrumb"},"inLanguage":"es","potentialAction":[{"@type":"ReadAction","target":["https:\/\/www.cuballama.com\/noticias\/jorge-junior-dice-que-va-a-entrar-a-el-rancho-de-destino-y-el-que-quiera-que-se-vaya\/"]}]},{"@type":"ImageObject","inLanguage":"es","@id":"https:\/\/www.cuballama.com\/noticias\/jorge-junior-dice-que-va-a-entrar-a-el-rancho-de-destino-y-el-que-quiera-que-se-vaya\/#primaryimage","url":"https:\/\/cdn1.mediawpaccore.net\/wp-content\/uploads\/2026\/01\/16090136\/WhatsApp-Image-2026-01-16-at-14.58.12.jpeg","contentUrl":"https:\/\/cdn1.mediawpaccore.net\/wp-content\/uploads\/2026\/01\/16090136\/WhatsApp-Image-2026-01-16-at-14.58.12.jpeg","width":1884,"height":1253,"caption":"Foto: Facebook"},{"@type":"BreadcrumbList","@id":"https:\/\/www.cuballama.com\/noticias\/jorge-junior-dice-que-va-a-entrar-a-el-rancho-de-destino-y-el-que-quiera-que-se-vaya\/#breadcrumb","itemListElement":[{"@type":"ListItem","position":1,"name":"Home","item":"https:\/\/www.cuballama.com\/noticias\/"},{"@type":"ListItem","position":2,"name":"Jorge Junior dice que va a entrar a El Rancho de Destino: \u201cY el que quiera que se vaya\u201d"}]},{"@type":"WebSite","@id":"https:\/\/www.cuballama.com\/noticias\/#website","url":"https:\/\/www.cuballama.com\/noticias\/","name":"Cuballama Noticias","description":"Medio digital sobre Cuba y el mundo","publisher":{"@id":"https:\/\/www.cuballama.com\/noticias\/#organization"},"potentialAction":[{"@type":"SearchAction","target":{"@type":"EntryPoint","urlTemplate":"https:\/\/www.cuballama.com\/noticias\/?s={search_term_string}"},"query-input":{"@type":"PropertyValueSpecification","valueRequired":true,"valueName":"search_term_string"}}],"inLanguage":"es"},{"@type":"Organization","@id":"https:\/\/www.cuballama.com\/noticias\/#organization","name":"Cuballama","url":"https:\/\/www.cuballama.com\/noticias\/","logo":{"@type":"ImageObject","inLanguage":"es","@id":"https:\/\/www.cuballama.com\/noticias\/#\/schema\/logo\/image\/","url":"https:\/\/cdn1.mediawpaccore.net\/wp-content\/uploads\/2021\/12\/28171206\/cbll-logo-color-sm.png","contentUrl":"https:\/\/cdn1.mediawpaccore.net\/wp-content\/uploads\/2021\/12\/28171206\/cbll-logo-color-sm.png","width":600,"height":133,"caption":"Cuballama"},"image":{"@id":"https:\/\/www.cuballama.com\/noticias\/#\/schema\/logo\/image\/"},"sameAs":["https:\/\/www.facebook.com\/CubaLlama","https:\/\/x.com\/cuballama","https:\/\/www.instagram.com\/stories\/cuballama_oficial\/","https:\/\/www.youtube.com\/channel\/UCKkFE-d_axENGZcrc4as0IA"]},{"@type":"Person","@id":"https:\/\/www.cuballama.com\/noticias\/#\/schema\/person\/0f97914526a658755f00e59ec2a832f2","name":"Rafa","url":"https:\/\/www.cuballama.com\/noticias\/author\/rafa\/"}]}},"_links":{"self":[{"href":"https:\/\/www.cuballama.com\/noticias\/wp-json\/wp\/v2\/posts\/232281","targetHints":{"allow":["GET"]}}],"collection":[{"href":"https:\/\/www.cuballama.com\/noticias\/wp-json\/wp\/v2\/posts"}],"about":[{"href":"https:\/\/www.cuballama.com\/noticias\/wp-json\/wp\/v2\/types\/post"}],"author":[{"embeddable":true,"href":"https:\/\/www.cuballama.com\/noticias\/wp-json\/wp\/v2\/users\/27"}],"replies":[{"embeddable":true,"href":"https:\/\/www.cuballama.com\/noticias\/wp-json\/wp\/v2\/comments?post=232281"}],"version-history":[{"count":1,"href":"https:\/\/www.cuballama.com\/noticias\/wp-json\/wp\/v2\/posts\/232281\/revisions"}],"predecessor-version":[{"id":232285,"href":"https:\/\/www.cuballama.com\/noticias\/wp-json\/wp\/v2\/posts\/232281\/revisions\/232285"}],"wp:featuredmedia":[{"embeddable":true,"href":"https:\/\/www.cuballama.com\/noticias\/wp-json\/wp\/v2\/media\/232284"}],"wp:attachment":[{"href":"https:\/\/www.cuballama.com\/noticias\/wp-json\/wp\/v2\/media?parent=232281"}],"wp:term":[{"taxonomy":"category","embeddable":true,"href":"https:\/\/www.cuballama.com\/noticias\/wp-json\/wp\/v2\/categories?post=232281"},{"taxonomy":"post_tag","embeddable":true,"href":"https:\/\/www.cuballama.com\/noticias\/wp-json\/wp\/v2\/tags?post=232281"}],"curies":[{"name":"wp","href":"https:\/\/api.w.org\/{rel}","templated":true}]}}