{"id":232272,"date":"2026-01-16T08:30:15","date_gmt":"2026-01-16T13:30:15","guid":{"rendered":"https:\/\/www.cuballama.com\/noticias\/?p=232272"},"modified":"2026-01-16T08:30:18","modified_gmt":"2026-01-16T13:30:18","slug":"forense-apunta-a-homicidio-en-la-muerte-de-un-cubano-bajo-custodia-de-ice-en-texas","status":"publish","type":"post","link":"https:\/\/www.cuballama.com\/noticias\/forense-apunta-a-homicidio-en-la-muerte-de-un-cubano-bajo-custodia-de-ice-en-texas\/","title":{"rendered":"Forense apunta a homicidio en la muerte de un cubano bajo custodia de ICE en Texas"},"content":{"rendered":"\n<p>La muerte del cubano Geraldo Lunas Campos, ocurrida el 3 de enero en un centro de detenci\u00f3n migratoria de Texas, dio un giro inquietante tras conocerse que la causa preliminar se\u00f1alada por el forense apunta a una posible clasificaci\u00f3n como homicidio. <\/p>\n\n\n\n<p>La informaci\u00f3n sali\u00f3 a la luz a partir de una grabaci\u00f3n compartida por la familia, en la que un empleado de la Oficina del M\u00e9dico Forense del condado de El Paso le dice a la hija del fallecido que la causa preliminar es asfixia \u201cpor compresi\u00f3n del cuello y el pecho\u201d y que, a falta de toxicolog\u00eda, el m\u00e9dico cree que la forma de la muerte podr\u00eda registrarse como homicidio, recoge <em><a href=\"https:\/\/www.washingtonpost.com\/immigration\/2026\/01\/15\/ice-detention-death-homicide\/\" target=\"_blank\" rel=\"noreferrer noopener nofollow\">The Washington Post. <\/a><\/em><\/p>\n\n\n\n<p>Lunas Campos ten\u00eda 55 a\u00f1os y estaba detenido en el Camp East Montana, en el \u00e1rea de El Paso. En los primeros d\u00edas tras el fallecimiento, ICE divulg\u00f3 un informe escueto donde afirm\u00f3 que el hombre muri\u00f3 despu\u00e9s de \u201csufrir problemas m\u00e9dicos\u201d y describi\u00f3 que hab\u00eda mostrado un comportamiento \u201cdisruptivo\u201d mientras esperaba por medicamentos y se neg\u00f3 a regresar a su dormitorio. Seg\u00fan esa versi\u00f3n inicial, fue trasladado a una unidad segregada y all\u00ed entr\u00f3 en \u201cangustia\u201d, sin que la agencia explicara el uso de la fuerza ni aportara detalles concretos sobre el momento cr\u00edtico.<\/p>\n\n\n\n<p>Con el avance de la pol\u00e9mica, el Departamento de Seguridad Nacional ofreci\u00f3 un relato distinto. <\/p>\n\n\n\n<p>La subsecretaria Tricia McLaughlin declar\u00f3 en un correo enviado a <em>The Washington Post<\/em> que Lunas Campos \u201cse resisti\u00f3 violentamente\u201d y continu\u00f3 intentando quitarse la vida, y que durante la \u201clucha subsiguiente\u201d dej\u00f3 de respirar y perdi\u00f3 la conciencia. DHS asegur\u00f3 que se llam\u00f3 a personal m\u00e9dico de inmediato y que, tras intentos de reanimaci\u00f3n, fue declarado muerto en el lugar. McLaughlin dijo que existe una investigaci\u00f3n activa, pero evit\u00f3 entregar documentaci\u00f3n adicional.<\/p>\n\n\n\n<p>En paralelo, el caso qued\u00f3 atravesado por un elemento que el propio gobierno subray\u00f3: los antecedentes penales del fallecido y su situaci\u00f3n migratoria previa. <a href=\"https:\/\/www.ice.gov\/news\/releases\/ice-buffalo-arrests-illegally-present-cuban-national-and-convicted-sex-offender\" target=\"_blank\" rel=\"noreferrer noopener nofollow\">ICE inform\u00f3 que hab\u00eda sido arrestado en julio de 2025 en Rochester, Nueva York<\/a>, y que arrastraba condenas por delitos graves, adem\u00e1s de una orden de deportaci\u00f3n antigua.<\/p>\n\n\n\n<p>El episodio ocurre en un momento de fuerte escrutinio sobre la custodia migratoria: medios internacionales han se\u00f1alado un aumento de muertes en centros de detenci\u00f3n y una tensi\u00f3n creciente por el endurecimiento de la pol\u00edtica migratoria en el arranque de 2026.<br><\/p>\n","protected":false},"excerpt":{"rendered":"<p>Una grabaci\u00f3n citada por The Washington Post indica que el forense cree que la muerte del cubano Geraldo Lunas Campos podr\u00eda ser homicidio.<\/p>\n","protected":false},"author":13,"featured_media":232275,"comment_status":"open","ping_status":"closed","sticky":false,"template":"","format":"standard","meta":{"_acf_changed":false,"footnotes":""},"categories":[18,953],"tags":[29643,14467,4538,941,4152,12064,30055,2978,6917,30054,539],"class_list":{"0":"post-232272","1":"post","2":"type-post","3":"status-publish","4":"format-standard","5":"has-post-thumbnail","7":"category-noticias","8":"category-usa","9":"tag-custodia-migratoria","10":"tag-departamento-de-seguridad-nacional","11":"tag-deportacion","12":"tag-destacado","13":"tag-el-paso","14":"tag-forense","15":"tag-geraldo-lunas-campos","16":"tag-ice","17":"tag-migracion-cubana","18":"tag-muerte-bajo-custodia","19":"tag-texas"},"acf":[],"yoast_head":"<!-- This site is optimized with the Yoast SEO plugin v27.4 - https:\/\/yoast.com\/product\/yoast-seo-wordpress\/ -->\n<title>Forense apunta a homicidio en la muerte de un cubano bajo custodia de ICE en Texas - Cuballama Noticias<\/title>\n<meta name=\"description\" content=\"Forense apunta a homicidio en muerte del cubano Geraldo Lunas Campos bajo custodia de ICE en Texas, tras versi\u00f3n oficial cambiante.\" \/>\n<meta name=\"robots\" content=\"index, follow, max-snippet:-1, max-image-preview:large, max-video-preview:-1\" \/>\n<link rel=\"canonical\" href=\"https:\/\/www.cuballama.com\/noticias\/forense-apunta-a-homicidio-en-la-muerte-de-un-cubano-bajo-custodia-de-ice-en-texas\/\" \/>\n<meta property=\"og:locale\" content=\"es_ES\" \/>\n<meta property=\"og:type\" content=\"article\" \/>\n<meta property=\"og:title\" content=\"Forense apunta a homicidio en la muerte de un cubano bajo custodia de ICE en Texas - Cuballama Noticias\" \/>\n<meta property=\"og:description\" content=\"Forense apunta a homicidio en muerte del cubano Geraldo Lunas Campos bajo custodia de ICE en Texas, tras versi\u00f3n oficial cambiante.\" \/>\n<meta property=\"og:url\" content=\"https:\/\/www.cuballama.com\/noticias\/forense-apunta-a-homicidio-en-la-muerte-de-un-cubano-bajo-custodia-de-ice-en-texas\/\" \/>\n<meta property=\"og:site_name\" content=\"Cuballama Noticias\" \/>\n<meta property=\"article:publisher\" content=\"https:\/\/www.facebook.com\/CubaLlama\" \/>\n<meta property=\"article:published_time\" content=\"2026-01-16T13:30:15+00:00\" \/>\n<meta property=\"article:modified_time\" content=\"2026-01-16T13:30:18+00:00\" \/>\n<meta property=\"og:image\" content=\"https:\/\/cdn1.mediawpaccore.net\/wp-content\/uploads\/2026\/01\/16062419\/image-80.png\" \/>\n\t<meta property=\"og:image:width\" content=\"1676\" \/>\n\t<meta property=\"og:image:height\" content=\"942\" \/>\n\t<meta property=\"og:image:type\" content=\"image\/png\" \/>\n<meta name=\"author\" content=\"Roberto A.\" \/>\n<meta name=\"twitter:card\" content=\"summary_large_image\" \/>\n<meta name=\"twitter:creator\" content=\"@cuballama\" \/>\n<meta name=\"twitter:site\" content=\"@cuballama\" \/>\n<meta name=\"twitter:label1\" content=\"Escrito por\" \/>\n\t<meta name=\"twitter:data1\" content=\"Roberto A.\" \/>\n\t<meta name=\"twitter:label2\" content=\"Tiempo de lectura\" \/>\n\t<meta name=\"twitter:data2\" content=\"2 minutos\" \/>\n<script type=\"application\/ld+json\" class=\"yoast-schema-graph\">{\"@context\":\"https:\\\/\\\/schema.org\",\"@graph\":[{\"@type\":\"Article\",\"@id\":\"https:\\\/\\\/www.cuballama.com\\\/noticias\\\/forense-apunta-a-homicidio-en-la-muerte-de-un-cubano-bajo-custodia-de-ice-en-texas\\\/#article\",\"isPartOf\":{\"@id\":\"https:\\\/\\\/www.cuballama.com\\\/noticias\\\/forense-apunta-a-homicidio-en-la-muerte-de-un-cubano-bajo-custodia-de-ice-en-texas\\\/\"},\"author\":{\"name\":\"Roberto A.\",\"@id\":\"https:\\\/\\\/www.cuballama.com\\\/noticias\\\/#\\\/schema\\\/person\\\/a58502ed4146c8e9f83872e897c76cd2\"},\"headline\":\"Forense apunta a homicidio en la muerte de un cubano bajo custodia de ICE en Texas\",\"datePublished\":\"2026-01-16T13:30:15+00:00\",\"dateModified\":\"2026-01-16T13:30:18+00:00\",\"mainEntityOfPage\":{\"@id\":\"https:\\\/\\\/www.cuballama.com\\\/noticias\\\/forense-apunta-a-homicidio-en-la-muerte-de-un-cubano-bajo-custodia-de-ice-en-texas\\\/\"},\"wordCount\":434,\"commentCount\":0,\"publisher\":{\"@id\":\"https:\\\/\\\/www.cuballama.com\\\/noticias\\\/#organization\"},\"image\":{\"@id\":\"https:\\\/\\\/www.cuballama.com\\\/noticias\\\/forense-apunta-a-homicidio-en-la-muerte-de-un-cubano-bajo-custodia-de-ice-en-texas\\\/#primaryimage\"},\"thumbnailUrl\":\"https:\\\/\\\/cdn1.mediawpaccore.net\\\/wp-content\\\/uploads\\\/2026\\\/01\\\/16062419\\\/image-80.png\",\"keywords\":[\"custodia migratoria\",\"Departamento de Seguridad Nacional\",\"deportaci\u00f3n\",\"destacado\",\"El Paso\",\"forense\",\"Geraldo Lunas Campos\",\"ICE\",\"Migraci\u00f3n cubana\",\"muerte bajo custodia\",\"Texas\"],\"articleSection\":[\"Noticias\",\"USA\"],\"inLanguage\":\"es\",\"potentialAction\":[{\"@type\":\"CommentAction\",\"name\":\"Comment\",\"target\":[\"https:\\\/\\\/www.cuballama.com\\\/noticias\\\/forense-apunta-a-homicidio-en-la-muerte-de-un-cubano-bajo-custodia-de-ice-en-texas\\\/#respond\"]}]},{\"@type\":\"WebPage\",\"@id\":\"https:\\\/\\\/www.cuballama.com\\\/noticias\\\/forense-apunta-a-homicidio-en-la-muerte-de-un-cubano-bajo-custodia-de-ice-en-texas\\\/\",\"url\":\"https:\\\/\\\/www.cuballama.com\\\/noticias\\\/forense-apunta-a-homicidio-en-la-muerte-de-un-cubano-bajo-custodia-de-ice-en-texas\\\/\",\"name\":\"Forense apunta a homicidio en la muerte de un cubano bajo custodia de ICE en Texas - Cuballama Noticias\",\"isPartOf\":{\"@id\":\"https:\\\/\\\/www.cuballama.com\\\/noticias\\\/#website\"},\"primaryImageOfPage\":{\"@id\":\"https:\\\/\\\/www.cuballama.com\\\/noticias\\\/forense-apunta-a-homicidio-en-la-muerte-de-un-cubano-bajo-custodia-de-ice-en-texas\\\/#primaryimage\"},\"image\":{\"@id\":\"https:\\\/\\\/www.cuballama.com\\\/noticias\\\/forense-apunta-a-homicidio-en-la-muerte-de-un-cubano-bajo-custodia-de-ice-en-texas\\\/#primaryimage\"},\"thumbnailUrl\":\"https:\\\/\\\/cdn1.mediawpaccore.net\\\/wp-content\\\/uploads\\\/2026\\\/01\\\/16062419\\\/image-80.png\",\"datePublished\":\"2026-01-16T13:30:15+00:00\",\"dateModified\":\"2026-01-16T13:30:18+00:00\",\"description\":\"Forense apunta a homicidio en muerte del cubano Geraldo Lunas Campos bajo custodia de ICE en Texas, tras versi\u00f3n oficial cambiante.\",\"breadcrumb\":{\"@id\":\"https:\\\/\\\/www.cuballama.com\\\/noticias\\\/forense-apunta-a-homicidio-en-la-muerte-de-un-cubano-bajo-custodia-de-ice-en-texas\\\/#breadcrumb\"},\"inLanguage\":\"es\",\"potentialAction\":[{\"@type\":\"ReadAction\",\"target\":[\"https:\\\/\\\/www.cuballama.com\\\/noticias\\\/forense-apunta-a-homicidio-en-la-muerte-de-un-cubano-bajo-custodia-de-ice-en-texas\\\/\"]}]},{\"@type\":\"ImageObject\",\"inLanguage\":\"es\",\"@id\":\"https:\\\/\\\/www.cuballama.com\\\/noticias\\\/forense-apunta-a-homicidio-en-la-muerte-de-un-cubano-bajo-custodia-de-ice-en-texas\\\/#primaryimage\",\"url\":\"https:\\\/\\\/cdn1.mediawpaccore.net\\\/wp-content\\\/uploads\\\/2026\\\/01\\\/16062419\\\/image-80.png\",\"contentUrl\":\"https:\\\/\\\/cdn1.mediawpaccore.net\\\/wp-content\\\/uploads\\\/2026\\\/01\\\/16062419\\\/image-80.png\",\"width\":1676,\"height\":942,\"caption\":\"Foto v\u00eda CBP (Servicio de Inmigraci\u00f3n y Control de Aduanas)\"},{\"@type\":\"BreadcrumbList\",\"@id\":\"https:\\\/\\\/www.cuballama.com\\\/noticias\\\/forense-apunta-a-homicidio-en-la-muerte-de-un-cubano-bajo-custodia-de-ice-en-texas\\\/#breadcrumb\",\"itemListElement\":[{\"@type\":\"ListItem\",\"position\":1,\"name\":\"Home\",\"item\":\"https:\\\/\\\/www.cuballama.com\\\/noticias\\\/\"},{\"@type\":\"ListItem\",\"position\":2,\"name\":\"Forense apunta a homicidio en la muerte de un cubano bajo custodia de ICE en Texas\"}]},{\"@type\":\"WebSite\",\"@id\":\"https:\\\/\\\/www.cuballama.com\\\/noticias\\\/#website\",\"url\":\"https:\\\/\\\/www.cuballama.com\\\/noticias\\\/\",\"name\":\"Cuballama Noticias\",\"description\":\"Medio digital sobre Cuba y el mundo\",\"publisher\":{\"@id\":\"https:\\\/\\\/www.cuballama.com\\\/noticias\\\/#organization\"},\"potentialAction\":[{\"@type\":\"SearchAction\",\"target\":{\"@type\":\"EntryPoint\",\"urlTemplate\":\"https:\\\/\\\/www.cuballama.com\\\/noticias\\\/?s={search_term_string}\"},\"query-input\":{\"@type\":\"PropertyValueSpecification\",\"valueRequired\":true,\"valueName\":\"search_term_string\"}}],\"inLanguage\":\"es\"},{\"@type\":\"Organization\",\"@id\":\"https:\\\/\\\/www.cuballama.com\\\/noticias\\\/#organization\",\"name\":\"Cuballama\",\"url\":\"https:\\\/\\\/www.cuballama.com\\\/noticias\\\/\",\"logo\":{\"@type\":\"ImageObject\",\"inLanguage\":\"es\",\"@id\":\"https:\\\/\\\/www.cuballama.com\\\/noticias\\\/#\\\/schema\\\/logo\\\/image\\\/\",\"url\":\"https:\\\/\\\/cdn1.mediawpaccore.net\\\/wp-content\\\/uploads\\\/2021\\\/12\\\/28171206\\\/cbll-logo-color-sm.png\",\"contentUrl\":\"https:\\\/\\\/cdn1.mediawpaccore.net\\\/wp-content\\\/uploads\\\/2021\\\/12\\\/28171206\\\/cbll-logo-color-sm.png\",\"width\":600,\"height\":133,\"caption\":\"Cuballama\"},\"image\":{\"@id\":\"https:\\\/\\\/www.cuballama.com\\\/noticias\\\/#\\\/schema\\\/logo\\\/image\\\/\"},\"sameAs\":[\"https:\\\/\\\/www.facebook.com\\\/CubaLlama\",\"https:\\\/\\\/x.com\\\/cuballama\",\"https:\\\/\\\/www.instagram.com\\\/stories\\\/cuballama_oficial\\\/\",\"https:\\\/\\\/www.youtube.com\\\/channel\\\/UCKkFE-d_axENGZcrc4as0IA\"]},{\"@type\":\"Person\",\"@id\":\"https:\\\/\\\/www.cuballama.com\\\/noticias\\\/#\\\/schema\\\/person\\\/a58502ed4146c8e9f83872e897c76cd2\",\"name\":\"Roberto A.\",\"description\":\"Roberto A. Periodista por decisi\u00f3n propia. Interesado en cualquier tema que me apasione y cada vez m\u00e1s comprometido con la verdad y la objetividad period\u00edstica. Graduado en La Habana hace ya muchos a\u00f1os, luego de una accidentada y polvorienta b\u00fasqueda de informaci\u00f3n sobre un tema in\u00e9dito. La Tesis, por cierto, desapareci\u00f3 de la biblioteca y no se conservan copias de la misma.\",\"url\":\"https:\\\/\\\/www.cuballama.com\\\/noticias\\\/author\\\/roberto\\\/\"}]}<\/script>\n<!-- \/ Yoast SEO plugin. -->","yoast_head_json":{"title":"Forense apunta a homicidio en la muerte de un cubano bajo custodia de ICE en Texas - Cuballama Noticias","description":"Forense apunta a homicidio en muerte del cubano Geraldo Lunas Campos bajo custodia de ICE en Texas, tras versi\u00f3n oficial cambiante.","robots":{"index":"index","follow":"follow","max-snippet":"max-snippet:-1","max-image-preview":"max-image-preview:large","max-video-preview":"max-video-preview:-1"},"canonical":"https:\/\/www.cuballama.com\/noticias\/forense-apunta-a-homicidio-en-la-muerte-de-un-cubano-bajo-custodia-de-ice-en-texas\/","og_locale":"es_ES","og_type":"article","og_title":"Forense apunta a homicidio en la muerte de un cubano bajo custodia de ICE en Texas - Cuballama Noticias","og_description":"Forense apunta a homicidio en muerte del cubano Geraldo Lunas Campos bajo custodia de ICE en Texas, tras versi\u00f3n oficial cambiante.","og_url":"https:\/\/www.cuballama.com\/noticias\/forense-apunta-a-homicidio-en-la-muerte-de-un-cubano-bajo-custodia-de-ice-en-texas\/","og_site_name":"Cuballama Noticias","article_publisher":"https:\/\/www.facebook.com\/CubaLlama","article_published_time":"2026-01-16T13:30:15+00:00","article_modified_time":"2026-01-16T13:30:18+00:00","og_image":[{"width":1676,"height":942,"url":"https:\/\/cdn1.mediawpaccore.net\/wp-content\/uploads\/2026\/01\/16062419\/image-80.png","type":"image\/png"}],"author":"Roberto A.","twitter_card":"summary_large_image","twitter_creator":"@cuballama","twitter_site":"@cuballama","twitter_misc":{"Escrito por":"Roberto A.","Tiempo de lectura":"2 minutos"},"schema":{"@context":"https:\/\/schema.org","@graph":[{"@type":"Article","@id":"https:\/\/www.cuballama.com\/noticias\/forense-apunta-a-homicidio-en-la-muerte-de-un-cubano-bajo-custodia-de-ice-en-texas\/#article","isPartOf":{"@id":"https:\/\/www.cuballama.com\/noticias\/forense-apunta-a-homicidio-en-la-muerte-de-un-cubano-bajo-custodia-de-ice-en-texas\/"},"author":{"name":"Roberto A.","@id":"https:\/\/www.cuballama.com\/noticias\/#\/schema\/person\/a58502ed4146c8e9f83872e897c76cd2"},"headline":"Forense apunta a homicidio en la muerte de un cubano bajo custodia de ICE en Texas","datePublished":"2026-01-16T13:30:15+00:00","dateModified":"2026-01-16T13:30:18+00:00","mainEntityOfPage":{"@id":"https:\/\/www.cuballama.com\/noticias\/forense-apunta-a-homicidio-en-la-muerte-de-un-cubano-bajo-custodia-de-ice-en-texas\/"},"wordCount":434,"commentCount":0,"publisher":{"@id":"https:\/\/www.cuballama.com\/noticias\/#organization"},"image":{"@id":"https:\/\/www.cuballama.com\/noticias\/forense-apunta-a-homicidio-en-la-muerte-de-un-cubano-bajo-custodia-de-ice-en-texas\/#primaryimage"},"thumbnailUrl":"https:\/\/cdn1.mediawpaccore.net\/wp-content\/uploads\/2026\/01\/16062419\/image-80.png","keywords":["custodia migratoria","Departamento de Seguridad Nacional","deportaci\u00f3n","destacado","El Paso","forense","Geraldo Lunas Campos","ICE","Migraci\u00f3n cubana","muerte bajo custodia","Texas"],"articleSection":["Noticias","USA"],"inLanguage":"es","potentialAction":[{"@type":"CommentAction","name":"Comment","target":["https:\/\/www.cuballama.com\/noticias\/forense-apunta-a-homicidio-en-la-muerte-de-un-cubano-bajo-custodia-de-ice-en-texas\/#respond"]}]},{"@type":"WebPage","@id":"https:\/\/www.cuballama.com\/noticias\/forense-apunta-a-homicidio-en-la-muerte-de-un-cubano-bajo-custodia-de-ice-en-texas\/","url":"https:\/\/www.cuballama.com\/noticias\/forense-apunta-a-homicidio-en-la-muerte-de-un-cubano-bajo-custodia-de-ice-en-texas\/","name":"Forense apunta a homicidio en la muerte de un cubano bajo custodia de ICE en Texas - Cuballama Noticias","isPartOf":{"@id":"https:\/\/www.cuballama.com\/noticias\/#website"},"primaryImageOfPage":{"@id":"https:\/\/www.cuballama.com\/noticias\/forense-apunta-a-homicidio-en-la-muerte-de-un-cubano-bajo-custodia-de-ice-en-texas\/#primaryimage"},"image":{"@id":"https:\/\/www.cuballama.com\/noticias\/forense-apunta-a-homicidio-en-la-muerte-de-un-cubano-bajo-custodia-de-ice-en-texas\/#primaryimage"},"thumbnailUrl":"https:\/\/cdn1.mediawpaccore.net\/wp-content\/uploads\/2026\/01\/16062419\/image-80.png","datePublished":"2026-01-16T13:30:15+00:00","dateModified":"2026-01-16T13:30:18+00:00","description":"Forense apunta a homicidio en muerte del cubano Geraldo Lunas Campos bajo custodia de ICE en Texas, tras versi\u00f3n oficial cambiante.","breadcrumb":{"@id":"https:\/\/www.cuballama.com\/noticias\/forense-apunta-a-homicidio-en-la-muerte-de-un-cubano-bajo-custodia-de-ice-en-texas\/#breadcrumb"},"inLanguage":"es","potentialAction":[{"@type":"ReadAction","target":["https:\/\/www.cuballama.com\/noticias\/forense-apunta-a-homicidio-en-la-muerte-de-un-cubano-bajo-custodia-de-ice-en-texas\/"]}]},{"@type":"ImageObject","inLanguage":"es","@id":"https:\/\/www.cuballama.com\/noticias\/forense-apunta-a-homicidio-en-la-muerte-de-un-cubano-bajo-custodia-de-ice-en-texas\/#primaryimage","url":"https:\/\/cdn1.mediawpaccore.net\/wp-content\/uploads\/2026\/01\/16062419\/image-80.png","contentUrl":"https:\/\/cdn1.mediawpaccore.net\/wp-content\/uploads\/2026\/01\/16062419\/image-80.png","width":1676,"height":942,"caption":"Foto v\u00eda CBP (Servicio de Inmigraci\u00f3n y Control de Aduanas)"},{"@type":"BreadcrumbList","@id":"https:\/\/www.cuballama.com\/noticias\/forense-apunta-a-homicidio-en-la-muerte-de-un-cubano-bajo-custodia-de-ice-en-texas\/#breadcrumb","itemListElement":[{"@type":"ListItem","position":1,"name":"Home","item":"https:\/\/www.cuballama.com\/noticias\/"},{"@type":"ListItem","position":2,"name":"Forense apunta a homicidio en la muerte de un cubano bajo custodia de ICE en Texas"}]},{"@type":"WebSite","@id":"https:\/\/www.cuballama.com\/noticias\/#website","url":"https:\/\/www.cuballama.com\/noticias\/","name":"Cuballama Noticias","description":"Medio digital sobre Cuba y el mundo","publisher":{"@id":"https:\/\/www.cuballama.com\/noticias\/#organization"},"potentialAction":[{"@type":"SearchAction","target":{"@type":"EntryPoint","urlTemplate":"https:\/\/www.cuballama.com\/noticias\/?s={search_term_string}"},"query-input":{"@type":"PropertyValueSpecification","valueRequired":true,"valueName":"search_term_string"}}],"inLanguage":"es"},{"@type":"Organization","@id":"https:\/\/www.cuballama.com\/noticias\/#organization","name":"Cuballama","url":"https:\/\/www.cuballama.com\/noticias\/","logo":{"@type":"ImageObject","inLanguage":"es","@id":"https:\/\/www.cuballama.com\/noticias\/#\/schema\/logo\/image\/","url":"https:\/\/cdn1.mediawpaccore.net\/wp-content\/uploads\/2021\/12\/28171206\/cbll-logo-color-sm.png","contentUrl":"https:\/\/cdn1.mediawpaccore.net\/wp-content\/uploads\/2021\/12\/28171206\/cbll-logo-color-sm.png","width":600,"height":133,"caption":"Cuballama"},"image":{"@id":"https:\/\/www.cuballama.com\/noticias\/#\/schema\/logo\/image\/"},"sameAs":["https:\/\/www.facebook.com\/CubaLlama","https:\/\/x.com\/cuballama","https:\/\/www.instagram.com\/stories\/cuballama_oficial\/","https:\/\/www.youtube.com\/channel\/UCKkFE-d_axENGZcrc4as0IA"]},{"@type":"Person","@id":"https:\/\/www.cuballama.com\/noticias\/#\/schema\/person\/a58502ed4146c8e9f83872e897c76cd2","name":"Roberto A.","description":"Roberto A. Periodista por decisi\u00f3n propia. Interesado en cualquier tema que me apasione y cada vez m\u00e1s comprometido con la verdad y la objetividad period\u00edstica. Graduado en La Habana hace ya muchos a\u00f1os, luego de una accidentada y polvorienta b\u00fasqueda de informaci\u00f3n sobre un tema in\u00e9dito. La Tesis, por cierto, desapareci\u00f3 de la biblioteca y no se conservan copias de la misma.","url":"https:\/\/www.cuballama.com\/noticias\/author\/roberto\/"}]}},"_links":{"self":[{"href":"https:\/\/www.cuballama.com\/noticias\/wp-json\/wp\/v2\/posts\/232272","targetHints":{"allow":["GET"]}}],"collection":[{"href":"https:\/\/www.cuballama.com\/noticias\/wp-json\/wp\/v2\/posts"}],"about":[{"href":"https:\/\/www.cuballama.com\/noticias\/wp-json\/wp\/v2\/types\/post"}],"author":[{"embeddable":true,"href":"https:\/\/www.cuballama.com\/noticias\/wp-json\/wp\/v2\/users\/13"}],"replies":[{"embeddable":true,"href":"https:\/\/www.cuballama.com\/noticias\/wp-json\/wp\/v2\/comments?post=232272"}],"version-history":[{"count":4,"href":"https:\/\/www.cuballama.com\/noticias\/wp-json\/wp\/v2\/posts\/232272\/revisions"}],"predecessor-version":[{"id":232277,"href":"https:\/\/www.cuballama.com\/noticias\/wp-json\/wp\/v2\/posts\/232272\/revisions\/232277"}],"wp:featuredmedia":[{"embeddable":true,"href":"https:\/\/www.cuballama.com\/noticias\/wp-json\/wp\/v2\/media\/232275"}],"wp:attachment":[{"href":"https:\/\/www.cuballama.com\/noticias\/wp-json\/wp\/v2\/media?parent=232272"}],"wp:term":[{"taxonomy":"category","embeddable":true,"href":"https:\/\/www.cuballama.com\/noticias\/wp-json\/wp\/v2\/categories?post=232272"},{"taxonomy":"post_tag","embeddable":true,"href":"https:\/\/www.cuballama.com\/noticias\/wp-json\/wp\/v2\/tags?post=232272"}],"curies":[{"name":"wp","href":"https:\/\/api.w.org\/{rel}","templated":true}]}}