{"id":232210,"date":"2026-01-17T13:35:06","date_gmt":"2026-01-17T18:35:06","guid":{"rendered":"https:\/\/www.cuballama.com\/noticias\/?p=232210"},"modified":"2026-01-17T13:35:26","modified_gmt":"2026-01-17T18:35:26","slug":"excanciller-felipe-perez-roque-aparece-compungido-como-uno-mas-en-recibimiento-a-militares-fallecidos-en-venezuela-fotos","status":"publish","type":"post","link":"https:\/\/www.cuballama.com\/noticias\/excanciller-felipe-perez-roque-aparece-compungido-como-uno-mas-en-recibimiento-a-militares-fallecidos-en-venezuela-fotos\/","title":{"rendered":"Excanciller Felipe P\u00e9rez Roque aparece compungido como uno m\u00e1s, en recibimiento a militares fallecidos en Venezuela (+ fotos)"},"content":{"rendered":"\n<p>La imagen est\u00e1 tomada desde arriba, con luz dura de ma\u00f1ana o tarde, y muestra un tramo de asfalto y un muro bajo que funciona como borde de la escena. Detr\u00e1s de ese borde, apretados en una fila irregular, varias personas sostienen una bandera cubana extendida y, a la derecha, un cuadro grande con una fotograf\u00eda de archivo donde se ve a Fidel Castro junto a Ra\u00fal Castro, ambos con uniforme verde olivo. No hay celebraci\u00f3n ni gestos grandilocuentes: predominan los rostros tensos, las miradas fijas hacia el frente, la postura de quien est\u00e1 en un acto donde se pide silencio incluso cuando nadie lo ordena. En medio de ese grupo, con un pul\u00f3ver gris y el pelo ya canoso, aparece Felipe P\u00e9rez Roque. Est\u00e1 integrado en la multitud, sin ubicaci\u00f3n de privilegio visible, con una expresi\u00f3n cerrada que no busca la c\u00e1mara. <\/p>\n\n\n\n<p>La imagen parece ser una imagen tomada al azar por BBC News Mundo. O tal vez no. Forma parte de un conjunto de fotos tomadas ese d\u00eda y publicadas en su cuenta de Instagram. <\/p>\n\n\n\n<p>Haya sido ex profeso o no, se trata de una escena recogida dentro del flujo del recibimiento a los 32 militares cubanos muertos en Venezuela, que el Gobierno present\u00f3 como \u201ccombatientes ca\u00eddos\u201d y convirti\u00f3 en ceremonia de Estado. Reuters y Associated Press describieron una despedida masiva y altamente institucional.<\/p>\n\n\n\n<blockquote class=\"instagram-media\" data-instgrm-captioned data-instgrm-permalink=\"https:\/\/www.instagram.com\/p\/DTihJAWDAWX\/?utm_source=ig_embed&amp;utm_campaign=loading\" data-instgrm-version=\"14\" style=\" background:#FFF; border:0; border-radius:3px; box-shadow:0 0 1px 0 rgba(0,0,0,0.5),0 1px 10px 0 rgba(0,0,0,0.15); margin: 1px; max-width:540px; min-width:326px; padding:0; width:99.375%; width:-webkit-calc(100% - 2px); width:calc(100% - 2px);\"><div style=\"padding:16px;\"> <a href=\"https:\/\/www.instagram.com\/p\/DTihJAWDAWX\/?utm_source=ig_embed&amp;utm_campaign=loading\" style=\" background:#FFFFFF; line-height:0; padding:0 0; text-align:center; text-decoration:none; width:100%;\" target=\"_blank\"> <div style=\" display: flex; flex-direction: row; align-items: center;\"> <div style=\"background-color: #F4F4F4; border-radius: 50%; flex-grow: 0; height: 40px; margin-right: 14px; width: 40px;\"><\/div> <div style=\"display: flex; flex-direction: column; flex-grow: 1; justify-content: center;\"> <div style=\" background-color: #F4F4F4; border-radius: 4px; flex-grow: 0; height: 14px; margin-bottom: 6px; width: 100px;\"><\/div> <div style=\" background-color: #F4F4F4; border-radius: 4px; flex-grow: 0; height: 14px; width: 60px;\"><\/div><\/div><\/div><div style=\"padding: 19% 0;\"><\/div> <div style=\"display:block; height:50px; margin:0 auto 12px; width:50px;\"><svg width=\"50px\" height=\"50px\" viewBox=\"0 0 60 60\" version=\"1.1\" xmlns=\"https:\/\/www.w3.org\/2000\/svg\" xmlns:xlink=\"https:\/\/www.w3.org\/1999\/xlink\"><g stroke=\"none\" stroke-width=\"1\" fill=\"none\" fill-rule=\"evenodd\"><g transform=\"translate(-511.000000, -20.000000)\" fill=\"#000000\"><g><path d=\"M556.869,30.41 C554.814,30.41 553.148,32.076 553.148,34.131 C553.148,36.186 554.814,37.852 556.869,37.852 C558.924,37.852 560.59,36.186 560.59,34.131 C560.59,32.076 558.924,30.41 556.869,30.41 M541,60.657 C535.114,60.657 530.342,55.887 530.342,50 C530.342,44.114 535.114,39.342 541,39.342 C546.887,39.342 551.658,44.114 551.658,50 C551.658,55.887 546.887,60.657 541,60.657 M541,33.886 C532.1,33.886 524.886,41.1 524.886,50 C524.886,58.899 532.1,66.113 541,66.113 C549.9,66.113 557.115,58.899 557.115,50 C557.115,41.1 549.9,33.886 541,33.886 M565.378,62.101 C565.244,65.022 564.756,66.606 564.346,67.663 C563.803,69.06 563.154,70.057 562.106,71.106 C561.058,72.155 560.06,72.803 558.662,73.347 C557.607,73.757 556.021,74.244 553.102,74.378 C549.944,74.521 548.997,74.552 541,74.552 C533.003,74.552 532.056,74.521 528.898,74.378 C525.979,74.244 524.393,73.757 523.338,73.347 C521.94,72.803 520.942,72.155 519.894,71.106 C518.846,70.057 518.197,69.06 517.654,67.663 C517.244,66.606 516.755,65.022 516.623,62.101 C516.479,58.943 516.448,57.996 516.448,50 C516.448,42.003 516.479,41.056 516.623,37.899 C516.755,34.978 517.244,33.391 517.654,32.338 C518.197,30.938 518.846,29.942 519.894,28.894 C520.942,27.846 521.94,27.196 523.338,26.654 C524.393,26.244 525.979,25.756 528.898,25.623 C532.057,25.479 533.004,25.448 541,25.448 C548.997,25.448 549.943,25.479 553.102,25.623 C556.021,25.756 557.607,26.244 558.662,26.654 C560.06,27.196 561.058,27.846 562.106,28.894 C563.154,29.942 563.803,30.938 564.346,32.338 C564.756,33.391 565.244,34.978 565.378,37.899 C565.522,41.056 565.552,42.003 565.552,50 C565.552,57.996 565.522,58.943 565.378,62.101 M570.82,37.631 C570.674,34.438 570.167,32.258 569.425,30.349 C568.659,28.377 567.633,26.702 565.965,25.035 C564.297,23.368 562.623,22.342 560.652,21.575 C558.743,20.834 556.562,20.326 553.369,20.18 C550.169,20.033 549.148,20 541,20 C532.853,20 531.831,20.033 528.631,20.18 C525.438,20.326 523.257,20.834 521.349,21.575 C519.376,22.342 517.703,23.368 516.035,25.035 C514.368,26.702 513.342,28.377 512.574,30.349 C511.834,32.258 511.326,34.438 511.181,37.631 C511.035,40.831 511,41.851 511,50 C511,58.147 511.035,59.17 511.181,62.369 C511.326,65.562 511.834,67.743 512.574,69.651 C513.342,71.625 514.368,73.296 516.035,74.965 C517.703,76.634 519.376,77.658 521.349,78.425 C523.257,79.167 525.438,79.673 528.631,79.82 C531.831,79.965 532.853,80.001 541,80.001 C549.148,80.001 550.169,79.965 553.369,79.82 C556.562,79.673 558.743,79.167 560.652,78.425 C562.623,77.658 564.297,76.634 565.965,74.965 C567.633,73.296 568.659,71.625 569.425,69.651 C570.167,67.743 570.674,65.562 570.82,62.369 C570.966,59.17 571,58.147 571,50 C571,41.851 570.966,40.831 570.82,37.631\"><\/path><\/g><\/g><\/g><\/svg><\/div><div style=\"padding-top: 8px;\"> <div style=\" color:#3897f0; font-family:Arial,sans-serif; font-size:14px; font-style:normal; font-weight:550; line-height:18px;\">View this post on Instagram<\/div><\/div><div style=\"padding: 12.5% 0;\"><\/div> <div style=\"display: flex; flex-direction: row; margin-bottom: 14px; align-items: center;\"><div> <div style=\"background-color: #F4F4F4; border-radius: 50%; height: 12.5px; width: 12.5px; transform: translateX(0px) translateY(7px);\"><\/div> <div style=\"background-color: #F4F4F4; height: 12.5px; transform: rotate(-45deg) translateX(3px) translateY(1px); width: 12.5px; flex-grow: 0; margin-right: 14px; margin-left: 2px;\"><\/div> <div style=\"background-color: #F4F4F4; border-radius: 50%; height: 12.5px; width: 12.5px; transform: translateX(9px) translateY(-18px);\"><\/div><\/div><div style=\"margin-left: 8px;\"> <div style=\" background-color: #F4F4F4; border-radius: 50%; flex-grow: 0; height: 20px; width: 20px;\"><\/div> <div style=\" width: 0; height: 0; border-top: 2px solid transparent; border-left: 6px solid #f4f4f4; border-bottom: 2px solid transparent; transform: translateX(16px) translateY(-4px) rotate(30deg)\"><\/div><\/div><div style=\"margin-left: auto;\"> <div style=\" width: 0px; border-top: 8px solid #F4F4F4; border-right: 8px solid transparent; transform: translateY(16px);\"><\/div> <div style=\" background-color: #F4F4F4; flex-grow: 0; height: 12px; width: 16px; transform: translateY(-4px);\"><\/div> <div style=\" width: 0; height: 0; border-top: 8px solid #F4F4F4; border-left: 8px solid transparent; transform: translateY(-4px) translateX(8px);\"><\/div><\/div><\/div> <div style=\"display: flex; flex-direction: column; flex-grow: 1; justify-content: center; margin-bottom: 24px;\"> <div style=\" background-color: #F4F4F4; border-radius: 4px; flex-grow: 0; height: 14px; margin-bottom: 6px; width: 224px;\"><\/div> <div style=\" background-color: #F4F4F4; border-radius: 4px; flex-grow: 0; height: 14px; width: 144px;\"><\/div><\/div><\/a><p style=\" color:#c9c8cd; font-family:Arial,sans-serif; font-size:14px; line-height:17px; margin-bottom:0; margin-top:8px; overflow:hidden; padding:8px 0 7px; text-align:center; text-overflow:ellipsis; white-space:nowrap;\"><a href=\"https:\/\/www.instagram.com\/p\/DTihJAWDAWX\/?utm_source=ig_embed&amp;utm_campaign=loading\" style=\" color:#c9c8cd; font-family:Arial,sans-serif; font-size:14px; font-style:normal; font-weight:normal; line-height:17px; text-decoration:none;\" target=\"_blank\">A post shared by BBC News Mundo (@bbcmundo)<\/a><\/p><\/div><\/blockquote>\n<script async src=\"\/\/www.instagram.com\/embed.js\"><\/script>\n\n\n\n<p>En ese marco, no solo se hizo notar la presencia l\u00f3gica de Miguel D\u00edaz-Canel, sino tambi\u00e9n la reaparici\u00f3n p\u00fablica de Ra\u00fal Castro, un detalle que por s\u00ed solo funcion\u00f3 como mensaje, dada su escasa exposici\u00f3n en los \u00faltimos tiempos. <\/p>\n\n\n\n<p>Sin embargo, Ra\u00fal no fue el \u00fanico reaparecido, a juzgar por las im\u00e1genes tomadas por BBC Mundo. All\u00ed tambi\u00e9n estaba Felipe P\u00e9rez Roque, el hombre que durante a\u00f1os fue una de las voces m\u00e1s reconocibles del poder cubano, canciller durante la etapa de mayor proyecci\u00f3n internacional del r\u00e9gimen en los 2000, feroz, implacable y pendenciero, y luego uno de los nombres borrados de la vida p\u00fablica tras su destituci\u00f3n en 2009. Su ca\u00edda, junto a la de Carlos Lage, fue explicada entonces con acusaciones de deslealtad y manejo indebido de informaci\u00f3n, en una purga que marc\u00f3 el final de una generaci\u00f3n promovida como \u201crelevo\u201d y que termin\u00f3 castigada.<\/p>\n\n\n\n<p>En los \u00faltimos tiempos, su figura hab\u00eda vuelto a circular de manera intermitente por fotograf\u00edas sueltas en La Habana. La m\u00e1s comentada lo ubicaba cerca del edificio FOCSA, en El Vedado, una escena dom\u00e9stica y seca: un exministro de alto rango convertido en peat\u00f3n m\u00e1s, sin tribuna, sin escolta visible, sin el aparato alrededor. Medios del exilio y portales de seguimiento lo recogieron como se\u00f1al de que segu\u00eda en la ciudad y de que su desaparici\u00f3n pol\u00edtica no implic\u00f3 desaparici\u00f3n f\u00edsica.<\/p>\n\n\n\n<p>Poco despu\u00e9s de eso fue visto en short y pull\u00f3ver comprando en una especie de Mipyme. Ahora, en la recepci\u00f3n de los 32 muertos, su rostro aparece en otro lugar: el de un duelo oficial que llega despu\u00e9s de a\u00f1os en que la participaci\u00f3n cubana en tareas de seguridad en Venezuela fue tratada con eufemismos, silencio o negaci\u00f3n. <\/p>\n\n\n\n<p>Que un ex canciller ca\u00eddo en desgracia quede registrado en ese momento, entre banderas y retratos de mando, aparentemente llorando &#8211; hay quien puede objetar que el sol de frente le molestaba &#8211; puede ser un indicador claro de que, verdaderamente, \u00abFelipito\u00bb siente la Revoluci\u00f3n en sus venas, solo que, ser humano al fin y al cabo, poco a poco fue haciendo mella en \u00e9l, el lujo y el deseo de escalar a puestos superiores en la jerarqu\u00eda nacional. O como dir\u00eda su \u00abmaestro\u00bb Fidel Castro: poco a poco se fue dejando tentar por las mieles del poder. <\/p>\n\n\n\n<iframe loading=\"lazy\" src=\"https:\/\/www.facebook.com\/plugins\/post.php?href=https%3A%2F%2Fwww.facebook.com%2Fphoto.php%3Ffbid%3D1401531064676642%26set%3Da.197939608369133%26type%3D3&#038;show_text=true&#038;width=500\" width=\"500\" height=\"454\" style=\"border:none;overflow:hidden\" scrolling=\"no\" frameborder=\"0\" allowfullscreen=\"true\" allow=\"autoplay; clipboard-write; encrypted-media; picture-in-picture; web-share\"><\/iframe>\n\n\n\n<p>Por cierto, hay quien se\u00f1ala que el que est\u00e1 con gafas oscuras, es Robertico Robaina. \u00bfSer\u00e1?<\/p>\n","protected":false},"excerpt":{"rendered":"<p>En im\u00e1genes de BBC News Mundo, Felipe P\u00e9rez Roque aparece entre la multitud durante el recibimiento en La Habana de 32 militares cubanos muertos en Venezuela.<\/p>\n","protected":false},"author":13,"featured_media":232392,"comment_status":"open","ping_status":"closed","sticky":false,"template":"","format":"standard","meta":{"_acf_changed":false,"footnotes":""},"categories":[18,955],"tags":[11,19492,30047,164,1324,11390,11681,113,1030],"class_list":{"0":"post-232210","1":"post","2":"type-post","3":"status-publish","4":"format-standard","5":"has-post-thumbnail","7":"category-noticias","8":"category-noticias-de-cuba","9":"tag-cuba","10":"tag-felipe-perez-roque","11":"tag-funerales-de-estado","12":"tag-la-habana","13":"tag-miguel-diaz-canel","14":"tag-militares-cubanos","15":"tag-minfar","16":"tag-raul-castro","17":"tag-venezuela"},"acf":[],"yoast_head":"<!-- This site is optimized with the Yoast SEO plugin v27.5 - https:\/\/yoast.com\/product\/yoast-seo-wordpress\/ -->\n<title>Excanciller Felipe P\u00e9rez Roque aparece compungido como uno m\u00e1s, en recibimiento a militares fallecidos en Venezuela (+ fotos) - Cuballama Noticias<\/title>\n<meta name=\"description\" content=\"Im\u00e1genes de BBC captan a un hombre parecido a Felipe P\u00e9rez Roque en el adi\u00f3s a 32 militares cubanos muertos en Venezuela hoy.\" \/>\n<meta name=\"robots\" content=\"index, follow, max-snippet:-1, max-image-preview:large, max-video-preview:-1\" \/>\n<link rel=\"canonical\" href=\"https:\/\/www.cuballama.com\/noticias\/excanciller-felipe-perez-roque-aparece-compungido-como-uno-mas-en-recibimiento-a-militares-fallecidos-en-venezuela-fotos\/\" \/>\n<meta property=\"og:locale\" content=\"es_ES\" \/>\n<meta property=\"og:type\" content=\"article\" \/>\n<meta property=\"og:title\" content=\"Excanciller Felipe P\u00e9rez Roque aparece compungido como uno m\u00e1s, en recibimiento a militares fallecidos en Venezuela (+ fotos) - Cuballama Noticias\" \/>\n<meta property=\"og:description\" content=\"Im\u00e1genes de BBC captan a un hombre parecido a Felipe P\u00e9rez Roque en el adi\u00f3s a 32 militares cubanos muertos en Venezuela hoy.\" \/>\n<meta property=\"og:url\" content=\"https:\/\/www.cuballama.com\/noticias\/excanciller-felipe-perez-roque-aparece-compungido-como-uno-mas-en-recibimiento-a-militares-fallecidos-en-venezuela-fotos\/\" \/>\n<meta property=\"og:site_name\" content=\"Cuballama Noticias\" \/>\n<meta property=\"article:publisher\" content=\"https:\/\/www.facebook.com\/CubaLlama\" \/>\n<meta property=\"article:published_time\" content=\"2026-01-17T18:35:06+00:00\" \/>\n<meta property=\"article:modified_time\" content=\"2026-01-17T18:35:26+00:00\" \/>\n<meta property=\"og:image\" content=\"https:\/\/cdn1.mediawpaccore.net\/wp-content\/uploads\/2026\/01\/17033543\/image-81-1024x542.png\" \/>\n\t<meta property=\"og:image:width\" content=\"1024\" \/>\n\t<meta property=\"og:image:height\" content=\"542\" \/>\n\t<meta property=\"og:image:type\" content=\"image\/png\" \/>\n<meta name=\"author\" content=\"Roberto A.\" \/>\n<meta name=\"twitter:card\" content=\"summary_large_image\" \/>\n<meta name=\"twitter:creator\" content=\"@cuballama\" \/>\n<meta name=\"twitter:site\" content=\"@cuballama\" \/>\n<meta name=\"twitter:label1\" content=\"Escrito por\" \/>\n\t<meta name=\"twitter:data1\" content=\"Roberto A.\" \/>\n\t<meta name=\"twitter:label2\" content=\"Tiempo de lectura\" \/>\n\t<meta name=\"twitter:data2\" content=\"4 minutos\" \/>\n<script type=\"application\/ld+json\" class=\"yoast-schema-graph\">{\"@context\":\"https:\\\/\\\/schema.org\",\"@graph\":[{\"@type\":\"Article\",\"@id\":\"https:\\\/\\\/www.cuballama.com\\\/noticias\\\/excanciller-felipe-perez-roque-aparece-compungido-como-uno-mas-en-recibimiento-a-militares-fallecidos-en-venezuela-fotos\\\/#article\",\"isPartOf\":{\"@id\":\"https:\\\/\\\/www.cuballama.com\\\/noticias\\\/excanciller-felipe-perez-roque-aparece-compungido-como-uno-mas-en-recibimiento-a-militares-fallecidos-en-venezuela-fotos\\\/\"},\"author\":{\"name\":\"Roberto A.\",\"@id\":\"https:\\\/\\\/www.cuballama.com\\\/noticias\\\/#\\\/schema\\\/person\\\/a58502ed4146c8e9f83872e897c76cd2\"},\"headline\":\"Excanciller Felipe P\u00e9rez Roque aparece compungido como uno m\u00e1s, en recibimiento a militares fallecidos en Venezuela (+ fotos)\",\"datePublished\":\"2026-01-17T18:35:06+00:00\",\"dateModified\":\"2026-01-17T18:35:26+00:00\",\"mainEntityOfPage\":{\"@id\":\"https:\\\/\\\/www.cuballama.com\\\/noticias\\\/excanciller-felipe-perez-roque-aparece-compungido-como-uno-mas-en-recibimiento-a-militares-fallecidos-en-venezuela-fotos\\\/\"},\"wordCount\":710,\"commentCount\":0,\"publisher\":{\"@id\":\"https:\\\/\\\/www.cuballama.com\\\/noticias\\\/#organization\"},\"image\":{\"@id\":\"https:\\\/\\\/www.cuballama.com\\\/noticias\\\/excanciller-felipe-perez-roque-aparece-compungido-como-uno-mas-en-recibimiento-a-militares-fallecidos-en-venezuela-fotos\\\/#primaryimage\"},\"thumbnailUrl\":\"https:\\\/\\\/cdn1.mediawpaccore.net\\\/wp-content\\\/uploads\\\/2026\\\/01\\\/17033543\\\/image-81.png\",\"keywords\":[\"Cuba\",\"Felipe P\u00e9rez Roque\",\"funerales de Estado\",\"La Habana\",\"Miguel D\u00edaz-Canel\",\"militares cubanos\",\"MINFAR\",\"Ra\u00fal Castro\",\"venezuela\"],\"articleSection\":[\"Noticias\",\"Noticias de Cuba\"],\"inLanguage\":\"es\",\"potentialAction\":[{\"@type\":\"CommentAction\",\"name\":\"Comment\",\"target\":[\"https:\\\/\\\/www.cuballama.com\\\/noticias\\\/excanciller-felipe-perez-roque-aparece-compungido-como-uno-mas-en-recibimiento-a-militares-fallecidos-en-venezuela-fotos\\\/#respond\"]}]},{\"@type\":\"WebPage\",\"@id\":\"https:\\\/\\\/www.cuballama.com\\\/noticias\\\/excanciller-felipe-perez-roque-aparece-compungido-como-uno-mas-en-recibimiento-a-militares-fallecidos-en-venezuela-fotos\\\/\",\"url\":\"https:\\\/\\\/www.cuballama.com\\\/noticias\\\/excanciller-felipe-perez-roque-aparece-compungido-como-uno-mas-en-recibimiento-a-militares-fallecidos-en-venezuela-fotos\\\/\",\"name\":\"Excanciller Felipe P\u00e9rez Roque aparece compungido como uno m\u00e1s, en recibimiento a militares fallecidos en Venezuela (+ fotos) - Cuballama Noticias\",\"isPartOf\":{\"@id\":\"https:\\\/\\\/www.cuballama.com\\\/noticias\\\/#website\"},\"primaryImageOfPage\":{\"@id\":\"https:\\\/\\\/www.cuballama.com\\\/noticias\\\/excanciller-felipe-perez-roque-aparece-compungido-como-uno-mas-en-recibimiento-a-militares-fallecidos-en-venezuela-fotos\\\/#primaryimage\"},\"image\":{\"@id\":\"https:\\\/\\\/www.cuballama.com\\\/noticias\\\/excanciller-felipe-perez-roque-aparece-compungido-como-uno-mas-en-recibimiento-a-militares-fallecidos-en-venezuela-fotos\\\/#primaryimage\"},\"thumbnailUrl\":\"https:\\\/\\\/cdn1.mediawpaccore.net\\\/wp-content\\\/uploads\\\/2026\\\/01\\\/17033543\\\/image-81.png\",\"datePublished\":\"2026-01-17T18:35:06+00:00\",\"dateModified\":\"2026-01-17T18:35:26+00:00\",\"description\":\"Im\u00e1genes de BBC captan a un hombre parecido a Felipe P\u00e9rez Roque en el adi\u00f3s a 32 militares cubanos muertos en Venezuela hoy.\",\"breadcrumb\":{\"@id\":\"https:\\\/\\\/www.cuballama.com\\\/noticias\\\/excanciller-felipe-perez-roque-aparece-compungido-como-uno-mas-en-recibimiento-a-militares-fallecidos-en-venezuela-fotos\\\/#breadcrumb\"},\"inLanguage\":\"es\",\"potentialAction\":[{\"@type\":\"ReadAction\",\"target\":[\"https:\\\/\\\/www.cuballama.com\\\/noticias\\\/excanciller-felipe-perez-roque-aparece-compungido-como-uno-mas-en-recibimiento-a-militares-fallecidos-en-venezuela-fotos\\\/\"]}]},{\"@type\":\"ImageObject\",\"inLanguage\":\"es\",\"@id\":\"https:\\\/\\\/www.cuballama.com\\\/noticias\\\/excanciller-felipe-perez-roque-aparece-compungido-como-uno-mas-en-recibimiento-a-militares-fallecidos-en-venezuela-fotos\\\/#primaryimage\",\"url\":\"https:\\\/\\\/cdn1.mediawpaccore.net\\\/wp-content\\\/uploads\\\/2026\\\/01\\\/17033543\\\/image-81.png\",\"contentUrl\":\"https:\\\/\\\/cdn1.mediawpaccore.net\\\/wp-content\\\/uploads\\\/2026\\\/01\\\/17033543\\\/image-81.png\",\"width\":1966,\"height\":1040,\"caption\":\"Foto: REFERENCIAL (Recreada por la IA)\"},{\"@type\":\"BreadcrumbList\",\"@id\":\"https:\\\/\\\/www.cuballama.com\\\/noticias\\\/excanciller-felipe-perez-roque-aparece-compungido-como-uno-mas-en-recibimiento-a-militares-fallecidos-en-venezuela-fotos\\\/#breadcrumb\",\"itemListElement\":[{\"@type\":\"ListItem\",\"position\":1,\"name\":\"Home\",\"item\":\"https:\\\/\\\/www.cuballama.com\\\/noticias\\\/\"},{\"@type\":\"ListItem\",\"position\":2,\"name\":\"Excanciller Felipe P\u00e9rez Roque aparece compungido como uno m\u00e1s, en recibimiento a militares fallecidos en Venezuela (+ fotos)\"}]},{\"@type\":\"WebSite\",\"@id\":\"https:\\\/\\\/www.cuballama.com\\\/noticias\\\/#website\",\"url\":\"https:\\\/\\\/www.cuballama.com\\\/noticias\\\/\",\"name\":\"Cuballama Noticias\",\"description\":\"Medio digital sobre Cuba y el mundo\",\"publisher\":{\"@id\":\"https:\\\/\\\/www.cuballama.com\\\/noticias\\\/#organization\"},\"potentialAction\":[{\"@type\":\"SearchAction\",\"target\":{\"@type\":\"EntryPoint\",\"urlTemplate\":\"https:\\\/\\\/www.cuballama.com\\\/noticias\\\/?s={search_term_string}\"},\"query-input\":{\"@type\":\"PropertyValueSpecification\",\"valueRequired\":true,\"valueName\":\"search_term_string\"}}],\"inLanguage\":\"es\"},{\"@type\":\"Organization\",\"@id\":\"https:\\\/\\\/www.cuballama.com\\\/noticias\\\/#organization\",\"name\":\"Cuballama\",\"url\":\"https:\\\/\\\/www.cuballama.com\\\/noticias\\\/\",\"logo\":{\"@type\":\"ImageObject\",\"inLanguage\":\"es\",\"@id\":\"https:\\\/\\\/www.cuballama.com\\\/noticias\\\/#\\\/schema\\\/logo\\\/image\\\/\",\"url\":\"https:\\\/\\\/cdn1.mediawpaccore.net\\\/wp-content\\\/uploads\\\/2021\\\/12\\\/28171206\\\/cbll-logo-color-sm.png\",\"contentUrl\":\"https:\\\/\\\/cdn1.mediawpaccore.net\\\/wp-content\\\/uploads\\\/2021\\\/12\\\/28171206\\\/cbll-logo-color-sm.png\",\"width\":600,\"height\":133,\"caption\":\"Cuballama\"},\"image\":{\"@id\":\"https:\\\/\\\/www.cuballama.com\\\/noticias\\\/#\\\/schema\\\/logo\\\/image\\\/\"},\"sameAs\":[\"https:\\\/\\\/www.facebook.com\\\/CubaLlama\",\"https:\\\/\\\/x.com\\\/cuballama\",\"https:\\\/\\\/www.instagram.com\\\/stories\\\/cuballama_oficial\\\/\",\"https:\\\/\\\/www.youtube.com\\\/channel\\\/UCKkFE-d_axENGZcrc4as0IA\"]},{\"@type\":\"Person\",\"@id\":\"https:\\\/\\\/www.cuballama.com\\\/noticias\\\/#\\\/schema\\\/person\\\/a58502ed4146c8e9f83872e897c76cd2\",\"name\":\"Roberto A.\",\"description\":\"Roberto A. Periodista por decisi\u00f3n propia. Interesado en cualquier tema que me apasione y cada vez m\u00e1s comprometido con la verdad y la objetividad period\u00edstica. Graduado en La Habana hace ya muchos a\u00f1os, luego de una accidentada y polvorienta b\u00fasqueda de informaci\u00f3n sobre un tema in\u00e9dito. La Tesis, por cierto, desapareci\u00f3 de la biblioteca y no se conservan copias de la misma.\",\"url\":\"https:\\\/\\\/www.cuballama.com\\\/noticias\\\/author\\\/roberto\\\/\"}]}<\/script>\n<!-- \/ Yoast SEO plugin. -->","yoast_head_json":{"title":"Excanciller Felipe P\u00e9rez Roque aparece compungido como uno m\u00e1s, en recibimiento a militares fallecidos en Venezuela (+ fotos) - Cuballama Noticias","description":"Im\u00e1genes de BBC captan a un hombre parecido a Felipe P\u00e9rez Roque en el adi\u00f3s a 32 militares cubanos muertos en Venezuela hoy.","robots":{"index":"index","follow":"follow","max-snippet":"max-snippet:-1","max-image-preview":"max-image-preview:large","max-video-preview":"max-video-preview:-1"},"canonical":"https:\/\/www.cuballama.com\/noticias\/excanciller-felipe-perez-roque-aparece-compungido-como-uno-mas-en-recibimiento-a-militares-fallecidos-en-venezuela-fotos\/","og_locale":"es_ES","og_type":"article","og_title":"Excanciller Felipe P\u00e9rez Roque aparece compungido como uno m\u00e1s, en recibimiento a militares fallecidos en Venezuela (+ fotos) - Cuballama Noticias","og_description":"Im\u00e1genes de BBC captan a un hombre parecido a Felipe P\u00e9rez Roque en el adi\u00f3s a 32 militares cubanos muertos en Venezuela hoy.","og_url":"https:\/\/www.cuballama.com\/noticias\/excanciller-felipe-perez-roque-aparece-compungido-como-uno-mas-en-recibimiento-a-militares-fallecidos-en-venezuela-fotos\/","og_site_name":"Cuballama Noticias","article_publisher":"https:\/\/www.facebook.com\/CubaLlama","article_published_time":"2026-01-17T18:35:06+00:00","article_modified_time":"2026-01-17T18:35:26+00:00","og_image":[{"width":1024,"height":542,"url":"https:\/\/cdn1.mediawpaccore.net\/wp-content\/uploads\/2026\/01\/17033543\/image-81-1024x542.png","type":"image\/png"}],"author":"Roberto A.","twitter_card":"summary_large_image","twitter_creator":"@cuballama","twitter_site":"@cuballama","twitter_misc":{"Escrito por":"Roberto A.","Tiempo de lectura":"4 minutos"},"schema":{"@context":"https:\/\/schema.org","@graph":[{"@type":"Article","@id":"https:\/\/www.cuballama.com\/noticias\/excanciller-felipe-perez-roque-aparece-compungido-como-uno-mas-en-recibimiento-a-militares-fallecidos-en-venezuela-fotos\/#article","isPartOf":{"@id":"https:\/\/www.cuballama.com\/noticias\/excanciller-felipe-perez-roque-aparece-compungido-como-uno-mas-en-recibimiento-a-militares-fallecidos-en-venezuela-fotos\/"},"author":{"name":"Roberto A.","@id":"https:\/\/www.cuballama.com\/noticias\/#\/schema\/person\/a58502ed4146c8e9f83872e897c76cd2"},"headline":"Excanciller Felipe P\u00e9rez Roque aparece compungido como uno m\u00e1s, en recibimiento a militares fallecidos en Venezuela (+ fotos)","datePublished":"2026-01-17T18:35:06+00:00","dateModified":"2026-01-17T18:35:26+00:00","mainEntityOfPage":{"@id":"https:\/\/www.cuballama.com\/noticias\/excanciller-felipe-perez-roque-aparece-compungido-como-uno-mas-en-recibimiento-a-militares-fallecidos-en-venezuela-fotos\/"},"wordCount":710,"commentCount":0,"publisher":{"@id":"https:\/\/www.cuballama.com\/noticias\/#organization"},"image":{"@id":"https:\/\/www.cuballama.com\/noticias\/excanciller-felipe-perez-roque-aparece-compungido-como-uno-mas-en-recibimiento-a-militares-fallecidos-en-venezuela-fotos\/#primaryimage"},"thumbnailUrl":"https:\/\/cdn1.mediawpaccore.net\/wp-content\/uploads\/2026\/01\/17033543\/image-81.png","keywords":["Cuba","Felipe P\u00e9rez Roque","funerales de Estado","La Habana","Miguel D\u00edaz-Canel","militares cubanos","MINFAR","Ra\u00fal Castro","venezuela"],"articleSection":["Noticias","Noticias de Cuba"],"inLanguage":"es","potentialAction":[{"@type":"CommentAction","name":"Comment","target":["https:\/\/www.cuballama.com\/noticias\/excanciller-felipe-perez-roque-aparece-compungido-como-uno-mas-en-recibimiento-a-militares-fallecidos-en-venezuela-fotos\/#respond"]}]},{"@type":"WebPage","@id":"https:\/\/www.cuballama.com\/noticias\/excanciller-felipe-perez-roque-aparece-compungido-como-uno-mas-en-recibimiento-a-militares-fallecidos-en-venezuela-fotos\/","url":"https:\/\/www.cuballama.com\/noticias\/excanciller-felipe-perez-roque-aparece-compungido-como-uno-mas-en-recibimiento-a-militares-fallecidos-en-venezuela-fotos\/","name":"Excanciller Felipe P\u00e9rez Roque aparece compungido como uno m\u00e1s, en recibimiento a militares fallecidos en Venezuela (+ fotos) - Cuballama Noticias","isPartOf":{"@id":"https:\/\/www.cuballama.com\/noticias\/#website"},"primaryImageOfPage":{"@id":"https:\/\/www.cuballama.com\/noticias\/excanciller-felipe-perez-roque-aparece-compungido-como-uno-mas-en-recibimiento-a-militares-fallecidos-en-venezuela-fotos\/#primaryimage"},"image":{"@id":"https:\/\/www.cuballama.com\/noticias\/excanciller-felipe-perez-roque-aparece-compungido-como-uno-mas-en-recibimiento-a-militares-fallecidos-en-venezuela-fotos\/#primaryimage"},"thumbnailUrl":"https:\/\/cdn1.mediawpaccore.net\/wp-content\/uploads\/2026\/01\/17033543\/image-81.png","datePublished":"2026-01-17T18:35:06+00:00","dateModified":"2026-01-17T18:35:26+00:00","description":"Im\u00e1genes de BBC captan a un hombre parecido a Felipe P\u00e9rez Roque en el adi\u00f3s a 32 militares cubanos muertos en Venezuela hoy.","breadcrumb":{"@id":"https:\/\/www.cuballama.com\/noticias\/excanciller-felipe-perez-roque-aparece-compungido-como-uno-mas-en-recibimiento-a-militares-fallecidos-en-venezuela-fotos\/#breadcrumb"},"inLanguage":"es","potentialAction":[{"@type":"ReadAction","target":["https:\/\/www.cuballama.com\/noticias\/excanciller-felipe-perez-roque-aparece-compungido-como-uno-mas-en-recibimiento-a-militares-fallecidos-en-venezuela-fotos\/"]}]},{"@type":"ImageObject","inLanguage":"es","@id":"https:\/\/www.cuballama.com\/noticias\/excanciller-felipe-perez-roque-aparece-compungido-como-uno-mas-en-recibimiento-a-militares-fallecidos-en-venezuela-fotos\/#primaryimage","url":"https:\/\/cdn1.mediawpaccore.net\/wp-content\/uploads\/2026\/01\/17033543\/image-81.png","contentUrl":"https:\/\/cdn1.mediawpaccore.net\/wp-content\/uploads\/2026\/01\/17033543\/image-81.png","width":1966,"height":1040,"caption":"Foto: REFERENCIAL (Recreada por la IA)"},{"@type":"BreadcrumbList","@id":"https:\/\/www.cuballama.com\/noticias\/excanciller-felipe-perez-roque-aparece-compungido-como-uno-mas-en-recibimiento-a-militares-fallecidos-en-venezuela-fotos\/#breadcrumb","itemListElement":[{"@type":"ListItem","position":1,"name":"Home","item":"https:\/\/www.cuballama.com\/noticias\/"},{"@type":"ListItem","position":2,"name":"Excanciller Felipe P\u00e9rez Roque aparece compungido como uno m\u00e1s, en recibimiento a militares fallecidos en Venezuela (+ fotos)"}]},{"@type":"WebSite","@id":"https:\/\/www.cuballama.com\/noticias\/#website","url":"https:\/\/www.cuballama.com\/noticias\/","name":"Cuballama Noticias","description":"Medio digital sobre Cuba y el mundo","publisher":{"@id":"https:\/\/www.cuballama.com\/noticias\/#organization"},"potentialAction":[{"@type":"SearchAction","target":{"@type":"EntryPoint","urlTemplate":"https:\/\/www.cuballama.com\/noticias\/?s={search_term_string}"},"query-input":{"@type":"PropertyValueSpecification","valueRequired":true,"valueName":"search_term_string"}}],"inLanguage":"es"},{"@type":"Organization","@id":"https:\/\/www.cuballama.com\/noticias\/#organization","name":"Cuballama","url":"https:\/\/www.cuballama.com\/noticias\/","logo":{"@type":"ImageObject","inLanguage":"es","@id":"https:\/\/www.cuballama.com\/noticias\/#\/schema\/logo\/image\/","url":"https:\/\/cdn1.mediawpaccore.net\/wp-content\/uploads\/2021\/12\/28171206\/cbll-logo-color-sm.png","contentUrl":"https:\/\/cdn1.mediawpaccore.net\/wp-content\/uploads\/2021\/12\/28171206\/cbll-logo-color-sm.png","width":600,"height":133,"caption":"Cuballama"},"image":{"@id":"https:\/\/www.cuballama.com\/noticias\/#\/schema\/logo\/image\/"},"sameAs":["https:\/\/www.facebook.com\/CubaLlama","https:\/\/x.com\/cuballama","https:\/\/www.instagram.com\/stories\/cuballama_oficial\/","https:\/\/www.youtube.com\/channel\/UCKkFE-d_axENGZcrc4as0IA"]},{"@type":"Person","@id":"https:\/\/www.cuballama.com\/noticias\/#\/schema\/person\/a58502ed4146c8e9f83872e897c76cd2","name":"Roberto A.","description":"Roberto A. Periodista por decisi\u00f3n propia. Interesado en cualquier tema que me apasione y cada vez m\u00e1s comprometido con la verdad y la objetividad period\u00edstica. Graduado en La Habana hace ya muchos a\u00f1os, luego de una accidentada y polvorienta b\u00fasqueda de informaci\u00f3n sobre un tema in\u00e9dito. La Tesis, por cierto, desapareci\u00f3 de la biblioteca y no se conservan copias de la misma.","url":"https:\/\/www.cuballama.com\/noticias\/author\/roberto\/"}]}},"_links":{"self":[{"href":"https:\/\/www.cuballama.com\/noticias\/wp-json\/wp\/v2\/posts\/232210","targetHints":{"allow":["GET"]}}],"collection":[{"href":"https:\/\/www.cuballama.com\/noticias\/wp-json\/wp\/v2\/posts"}],"about":[{"href":"https:\/\/www.cuballama.com\/noticias\/wp-json\/wp\/v2\/types\/post"}],"author":[{"embeddable":true,"href":"https:\/\/www.cuballama.com\/noticias\/wp-json\/wp\/v2\/users\/13"}],"replies":[{"embeddable":true,"href":"https:\/\/www.cuballama.com\/noticias\/wp-json\/wp\/v2\/comments?post=232210"}],"version-history":[{"count":7,"href":"https:\/\/www.cuballama.com\/noticias\/wp-json\/wp\/v2\/posts\/232210\/revisions"}],"predecessor-version":[{"id":232395,"href":"https:\/\/www.cuballama.com\/noticias\/wp-json\/wp\/v2\/posts\/232210\/revisions\/232395"}],"wp:featuredmedia":[{"embeddable":true,"href":"https:\/\/www.cuballama.com\/noticias\/wp-json\/wp\/v2\/media\/232392"}],"wp:attachment":[{"href":"https:\/\/www.cuballama.com\/noticias\/wp-json\/wp\/v2\/media?parent=232210"}],"wp:term":[{"taxonomy":"category","embeddable":true,"href":"https:\/\/www.cuballama.com\/noticias\/wp-json\/wp\/v2\/categories?post=232210"},{"taxonomy":"post_tag","embeddable":true,"href":"https:\/\/www.cuballama.com\/noticias\/wp-json\/wp\/v2\/tags?post=232210"}],"curies":[{"name":"wp","href":"https:\/\/api.w.org\/{rel}","templated":true}]}}