{"id":232193,"date":"2026-01-19T19:37:05","date_gmt":"2026-01-20T00:37:05","guid":{"rendered":"https:\/\/www.cuballama.com\/noticias\/?p=232193"},"modified":"2026-01-19T19:37:08","modified_gmt":"2026-01-20T00:37:08","slug":"ice-bajo-presion-choques-en-texas-deportacion-a-un-tercer-pais-y-protestas-en-minneapolis-tras-tiroteos","status":"publish","type":"post","link":"https:\/\/www.cuballama.com\/noticias\/ice-bajo-presion-choques-en-texas-deportacion-a-un-tercer-pais-y-protestas-en-minneapolis-tras-tiroteos\/","title":{"rendered":"ICE bajo presi\u00f3n: choques en Texas, deportaci\u00f3n a un tercer pa\u00eds y protestas en Minneapolis tras tiroteos"},"content":{"rendered":"\n<p>La semana del 13 al 15 de enero de 2026 volvi\u00f3 a colocar al Servicio de Inmigraci\u00f3n y Control de Aduanas de Estados Unidos (ICE) en el centro de una cadena de hechos que combinan aplicaci\u00f3n de la ley, controversia p\u00fablica y problemas internos de gesti\u00f3n. <\/p>\n\n\n\n<p>En San Antonio, Texas, un ciudadano cubano identificado como Robyn Argote Brooks fue arrestado el 13 de enero tras presuntamente embestir con su autom\u00f3vil a dos veh\u00edculos de ICE mientras intentaba escapar para evitar su detenci\u00f3n, seg\u00fan report\u00f3 el <a href=\"https:\/\/www.dhs.gov\/news\/2026\/01\/15\/ice-arrests-illegal-alien-who-weaponized-his-vehicle-ramming-attack-law-enforcement\" target=\"_blank\" rel=\"noreferrer noopener nofollow\">Departamento de Seguridad Nacional<\/a>. <\/p>\n\n\n\n<p>El caso se present\u00f3 como un episodio de resistencia a la autoridad que termin\u00f3 con el arresto, en medio de un clima de operativos m\u00e1s visibles y de alta tensi\u00f3n en varias ciudades del pa\u00eds, pero dada la gravedad del hecho, es muy probable que se le imputen cargos m\u00e1s graves, aunque es posible tambi\u00e9n que sea deportado.<\/p>\n\n\n\n<figure class=\"wp-block-embed is-type-rich is-provider-twitter wp-block-embed-twitter\"><div class=\"wp-block-embed__wrapper\">\n<blockquote class=\"twitter-tweet\" data-width=\"550\" data-dnt=\"true\"><p lang=\"en\" dir=\"ltr\">NEW: *Another* ramming incident\u2026. ICE arrested Robyn Argote Brooks, an illegal migrant from Cuba who rammed two ICE vehicles with his car in San Antonio on Tuesday. Brooks entered the U.S. under the Biden administration\u2019s CBP One app in 2024, according to DHS. <br><br>Video shows ICE\u2026 <a href=\"https:\/\/t.co\/z4AP1c19OZ\">pic.twitter.com\/z4AP1c19OZ<\/a><\/p>&mdash; Brooke Taylor (@Brooketaylortv) <a href=\"https:\/\/twitter.com\/Brooketaylortv\/status\/2011877301697593828?ref_src=twsrc%5Etfw\">January 15, 2026<\/a><\/blockquote><script async src=\"https:\/\/platform.twitter.com\/widgets.js\" charset=\"utf-8\"><\/script>\n<\/div><\/figure>\n\n\n\n<p>En Nueva York, otro hecho puso el foco en la incertidumbre legal de personas bajo custodia migratoria, en un caso que ha sido rese\u00f1ado por los medios, entre ellos Cuballama Noticias.<\/p>\n\n\n\n<p>Se trata de Yannier \u201cYan\u201d V\u00e1zquez Hidalgo y su pareja. Seg\u00fan la \u00faltima actualizaci\u00f3n de su caso, un juez orden\u00f3 la deportaci\u00f3n de Yannier a un \u201ctercer pa\u00eds\u201d, en este caso a Ecuador, pa\u00eds con el que el deportado no posee v\u00ednculos, pese a que \u00e9l y su esposo hab\u00edan solicitado asilo. El punto sensible del caso no es solo la salida forzada, sino la separaci\u00f3n familiar y la l\u00f3gica de destino, que alimenta cr\u00edticas sobre criterios, garant\u00edas y consistencia en decisiones migratorias, especialmente cuando no se trata de una repatriaci\u00f3n directa al pa\u00eds de origen.<\/p>\n\n\n\n<p><a href=\"https:\/\/www.localsyr.com\/news\/local-news\/syracuse-hospital-worker-from-cuba-facing-deportation-to-ecuador-splitting-him-from-his-husband\/\" target=\"_blank\" rel=\"noreferrer noopener nofollow\">El caso de Alcibiades \u201cAlex\u201d L\u00e1zaro Ram\u00edrez Gonz\u00e1lez y Yannier V\u00e1zquez Hidalgo<\/a> se ha convertido en uno de los episodios m\u00e1s duros y desconcertantes de la actual pol\u00edtica migratoria estadounidense aplicada a ciudadanos cubanos. Ambos fueron detenidos en octubre de 2025 en Nueva York por agentes del Servicio de Inmigraci\u00f3n y Control de Aduanas cuando acud\u00edan, juntos, a una cita migratoria rutinaria. No hab\u00eda antecedentes penales, no hubo intento de fuga ni incidente previo: fueron arrestados mientras cumpl\u00edan con el propio proceso legal que deb\u00eda regularizar su estatus.<\/p>\n\n\n\n<iframe loading=\"lazy\" width=\"750\" height=\"422\" src=\"https:\/\/www.youtube.com\/embed\/cghJPo93ers\" title=\"Colleague of couple detained by ICE calls for their safe return\" frameborder=\"0\" allow=\"accelerometer; autoplay; clipboard-write; encrypted-media; gyroscope; picture-in-picture; web-share\" referrerpolicy=\"strict-origin-when-cross-origin\" allowfullscreen><\/iframe>\n\n\n\n<p>La detenci\u00f3n ocurri\u00f3 apenas dos meses despu\u00e9s de que se casaran en Estados Unidos, tras haber logrado algo que para muchos cubanos sigue siendo inalcanzable: estabilidad laboral, una vivienda propia y la posibilidad de vivir su relaci\u00f3n sin esconderse. Ambos trabajaban en el hospital universitario SUNY Upstate Medical University, dentro del departamento de Servicios Ambientales. Alex, en particular, ocupaba un puesto de supervisi\u00f3n y era descrito por compa\u00f1eros y dirigentes sindicales como un trabajador ejemplar, constante, respetado y profundamente integrado en la vida cotidiana del centro.<\/p>\n\n\n\n<p>Tras el arresto, la pareja fue trasladada al centro de detenci\u00f3n de Batavia, donde permanece hasta hoy en \u00e1reas separadas. Aunque est\u00e1n en el mismo complejo, solo pueden verse a trav\u00e9s de un vidrio o cruzarse fugazmente en los pasillos, una separaci\u00f3n que familiares y allegados describen como una forma de desgaste emocional constante. Sus procesos migratorios avanzaron por carriles distintos, lo que agrav\u00f3 la incertidumbre: mientras Yannier qued\u00f3 a la espera de audiencia, Alex fue enfrentando decisiones judiciales cada vez m\u00e1s severas.<\/p>\n\n\n\n<p>Ambos hab\u00edan solicitado asilo en Estados Unidos alegando persecuci\u00f3n y homofobia en Cuba, y el propio sistema migratorio hab\u00eda reconocido que exist\u00eda una amenaza cre\u00edble contra sus vidas en caso de regreso a la isla. Aun as\u00ed, en enero de 2026 un juez de inmigraci\u00f3n orden\u00f3 la deportaci\u00f3n de Alex, no a Cuba, sino a Ecuador, un pa\u00eds con el que no tiene ning\u00fan v\u00ednculo familiar, legal ni personal. La decisi\u00f3n caus\u00f3 desconcierto incluso entre quienes siguen de cerca estos procesos: se trata de una expulsi\u00f3n a un tercer pa\u00eds, que lo separa de su esposo y lo env\u00eda solo a un territorio completamente ajeno.<\/p>\n\n\n\n<p>El fallo provoc\u00f3 una reacci\u00f3n inmediata en Syracuse y en el entorno laboral del hospital. Sindicatos como United University Professions y la Civil Service Employees Association se movilizaron desde el inicio del caso, organizando protestas, concentraciones frente a edificios federales, campa\u00f1as de cartas de apoyo y acciones p\u00fablicas para exigir su liberaci\u00f3n. Compa\u00f1eros de trabajo describieron a la pareja como solidaria, generosa y siempre dispuesta a ayudar, y subrayaron la contradicci\u00f3n entre ese perfil y el trato recibido por las autoridades migratorias.<\/p>\n\n\n\n<figure class=\"wp-block-embed is-type-rich is-provider-twitter wp-block-embed-twitter\"><div class=\"wp-block-embed__wrapper\">\n<blockquote class=\"twitter-tweet\" data-width=\"550\" data-dnt=\"true\"><p lang=\"en\" dir=\"ltr\">Alex and Yan are missing: Syracuse nurses, friends and politicians protest after ICE detains Central NY couple <a href=\"https:\/\/t.co\/UNnxqKiwO9\">https:\/\/t.co\/UNnxqKiwO9<\/a><\/p>&mdash; syracuse.com (@syracusedotcom) <a href=\"https:\/\/twitter.com\/syracusedotcom\/status\/1988064181170364519?ref_src=twsrc%5Etfw\">November 11, 2025<\/a><\/blockquote><script async src=\"https:\/\/platform.twitter.com\/widgets.js\" charset=\"utf-8\"><\/script>\n<\/div><\/figure>\n\n\n\n<p>Familiares cercanos han relatado que cada visita al centro de detenci\u00f3n se ha convertido en un ejercicio de resistencia emocional. Alex, dicen, es un hombre educado, inteligente, con formaci\u00f3n previa en Cuba y que luch\u00f3 durante a\u00f1os por reconstruir su vida en Estados Unidos. Ahora, su entorno intenta sostenerlo an\u00edmicamente mientras enfrenta la posibilidad de ser enviado a un pa\u00eds desconocido, separado de su esposo y con su proyecto de vida abruptamente interrumpido.<\/p>\n\n\n\n<p>Lo que comenz\u00f3 como una detenci\u00f3n \u201cadministrativa\u201d durante una cita rutinaria termin\u00f3 convirti\u00e9ndose en un caso emblem\u00e1tico: una pareja reci\u00e9n casada, con asilo solicitado y riesgo reconocido, separada por decisiones judiciales paralelas y empujada a un limbo legal que amenaza con deshacer, en semanas, lo que tardaron a\u00f1os en construir.<\/p>\n\n\n\n<p><strong>Tal vez quieras conocer m\u00e1s sobre este caso: <a href=\"https:\/\/www.cuballama.com\/noticias\/pareja-gay-detenida-por-ice-enfrenta-una-pesadilla-pudieran-ser-retornados-a-cuba-video\/\">Pareja gay detenida por ICE enfrenta una pesadilla: pudieran ser retornados a Cuba (+ video)<br><\/a><\/strong><br>A esa controversia se sum\u00f3 un reporte sobre fallos operativos internos. Un error de inteligencia artificial en ICE clasific\u00f3 incorrectamente a nuevos reclutas y deriv\u00f3 en el env\u00edo de agentes \u201csin la preparaci\u00f3n adecuada\u201d a tareas en la calle, reabriendo el debate sobre el uso de sistemas automatizados en funciones policiales y la necesidad de supervisi\u00f3n humana, seg\u00fan report\u00f3 <em><a href=\"https:\/\/www.nbcnews.com\/politics\/immigration\/ice-error-meant-recruits-sent-field-offices-proper-training-sources-sa-rcna254054\" target=\"_blank\" rel=\"noreferrer noopener nofollow\">NBC News<\/a><\/em>. <\/p>\n\n\n\n<p>En la pr\u00e1ctica, el episodio plantea un riesgo doble: para la seguridad del p\u00fablico y para la propia agencia, que queda expuesta a incidentes, demandas y p\u00e9rdida de confianza si su entrenamiento y despliegue dependen de decisiones algor\u00edtmicas mal calibradas.<\/p>\n\n\n\n<p>El cap\u00edtulo m\u00e1s explosivo estall\u00f3 en Minneapolis, donde se registraron protestas tras tiroteos atribuidos a agentes federales de inmigraci\u00f3n, provocados por disturbios tras la muerte de una civil que enfrent\u00f3 a oficiales de ICE, recoge <em><a href=\"https:\/\/apnews.com\/article\/immigration-crackdown-minnesota-shootings-renee-good-a0c368079c106b599245996fded8c1b9\" target=\"_blank\" rel=\"noreferrer noopener nofollow\">AP<\/a><\/em>. <\/p>\n\n\n\n<p><a href=\"https:\/\/truthsocial.com\/@realDonaldTrump\/posts\/115899252938886431\">Donald Trump amenaz\u00f3 con invocar la Ley de Insurrecci\u00f3n de 1807<\/a> y desplegar tropas para contener disturbios vinculados a esas acciones.<\/p>\n\n\n\n<iframe src=\"https:\/\/truthsocial.com\/@realDonaldTrump\/115899252938886431\/embed\" class=\"truthsocial-embed\" style=\"max-width: 100%; border: 0\" width=\"600\" allowfullscreen=\"allowfullscreen\"><\/iframe><script src=\"https:\/\/truthsocial.com\/embed.js\" async=\"async\"><\/script>\n\n\n\n<p>Medios como Reuters y The Washington Post situaron la escalada en un contexto de indignaci\u00f3n p\u00fablica y choque entre autoridades locales y federales, mientras TIME describi\u00f3 una ciudad tensionada por la presencia de agentes y por demandas de rendici\u00f3n de cuentas. En paralelo, <em><a href=\"https:\/\/www.the-independent.com\/news\/world\/americas\/us-politics\/ice-cities-safety-minneapolis-cnn-poll-b2901047.html?utm_source=chatgpt.com\" target=\"_blank\" rel=\"noreferrer noopener nofollow\">The Independent <\/a><\/em>difundi\u00f3 adem\u00e1s un sondeo seg\u00fan el cual m\u00e1s de la mitad de los estadounidenses considera que las operaciones de ICE hacen que las ciudades sean menos seguras, un dato que retrata el costo reputacional de este ciclo de operativos y confrontaci\u00f3n.<\/p>\n","protected":false},"excerpt":{"rendered":"<p>En una misma semana, ICE qued\u00f3 en el centro de incidentes que van desde un arresto en Texas y una deportaci\u00f3n ordenada a un tercer pa\u00eds, hasta protestas en Minneapolis y un reporte sobre fallos de IA en la agencia.<\/p>\n","protected":false},"author":13,"featured_media":208794,"comment_status":"open","ping_status":"closed","sticky":false,"template":"","format":"standard","meta":{"_acf_changed":false,"footnotes":""},"categories":[18,953],"tags":[24453,691,2978,23669,10497,19536],"class_list":{"0":"post-232193","1":"post","2":"type-post","3":"status-publish","4":"format-standard","5":"has-post-thumbnail","7":"category-noticias","8":"category-usa","9":"tag-cubanos-en-ee-uu","10":"tag-deportaciones","11":"tag-ice","12":"tag-inmigracion-en-estados-unidos","13":"tag-inteligencia-artificial","14":"tag-minneapolis"},"acf":[],"yoast_head":"<!-- This site is optimized with the Yoast SEO plugin v27.4 - https:\/\/yoast.com\/product\/yoast-seo-wordpress\/ -->\n<title>ICE bajo presi\u00f3n: choques en Texas, deportaci\u00f3n a un tercer pa\u00eds y protestas en Minneapolis tras tiroteos - Cuballama Noticias<\/title>\n<meta name=\"description\" content=\"ICE enfrenta crisis por operativos y fallos de IA: caso de cubano en Texas, deportaci\u00f3n a Ecuador y protestas en Minneapolis.\" \/>\n<meta name=\"robots\" content=\"index, follow, max-snippet:-1, max-image-preview:large, max-video-preview:-1\" \/>\n<link rel=\"canonical\" href=\"https:\/\/www.cuballama.com\/noticias\/ice-bajo-presion-choques-en-texas-deportacion-a-un-tercer-pais-y-protestas-en-minneapolis-tras-tiroteos\/\" \/>\n<meta property=\"og:locale\" content=\"es_ES\" \/>\n<meta property=\"og:type\" content=\"article\" \/>\n<meta property=\"og:title\" content=\"ICE bajo presi\u00f3n: choques en Texas, deportaci\u00f3n a un tercer pa\u00eds y protestas en Minneapolis tras tiroteos - Cuballama Noticias\" \/>\n<meta property=\"og:description\" content=\"ICE enfrenta crisis por operativos y fallos de IA: caso de cubano en Texas, deportaci\u00f3n a Ecuador y protestas en Minneapolis.\" \/>\n<meta property=\"og:url\" content=\"https:\/\/www.cuballama.com\/noticias\/ice-bajo-presion-choques-en-texas-deportacion-a-un-tercer-pais-y-protestas-en-minneapolis-tras-tiroteos\/\" \/>\n<meta property=\"og:site_name\" content=\"Cuballama Noticias\" \/>\n<meta property=\"article:publisher\" content=\"https:\/\/www.facebook.com\/CubaLlama\" \/>\n<meta property=\"article:published_time\" content=\"2026-01-20T00:37:05+00:00\" \/>\n<meta property=\"article:modified_time\" content=\"2026-01-20T00:37:08+00:00\" \/>\n<meta property=\"og:image\" content=\"https:\/\/cdn1.mediawpaccore.net\/wp-content\/uploads\/2025\/05\/28045226\/Demo_arrest_handcuffed.jpg\" \/>\n\t<meta property=\"og:image:width\" content=\"1020\" \/>\n\t<meta property=\"og:image:height\" content=\"683\" \/>\n\t<meta property=\"og:image:type\" content=\"image\/jpeg\" \/>\n<meta name=\"author\" content=\"Roberto A.\" \/>\n<meta name=\"twitter:card\" content=\"summary_large_image\" \/>\n<meta name=\"twitter:creator\" content=\"@cuballama\" \/>\n<meta name=\"twitter:site\" content=\"@cuballama\" \/>\n<meta name=\"twitter:label1\" content=\"Escrito por\" \/>\n\t<meta name=\"twitter:data1\" content=\"Roberto A.\" \/>\n\t<meta name=\"twitter:label2\" content=\"Tiempo de lectura\" \/>\n\t<meta name=\"twitter:data2\" content=\"6 minutos\" \/>\n<script type=\"application\/ld+json\" class=\"yoast-schema-graph\">{\"@context\":\"https:\\\/\\\/schema.org\",\"@graph\":[{\"@type\":\"Article\",\"@id\":\"https:\\\/\\\/www.cuballama.com\\\/noticias\\\/ice-bajo-presion-choques-en-texas-deportacion-a-un-tercer-pais-y-protestas-en-minneapolis-tras-tiroteos\\\/#article\",\"isPartOf\":{\"@id\":\"https:\\\/\\\/www.cuballama.com\\\/noticias\\\/ice-bajo-presion-choques-en-texas-deportacion-a-un-tercer-pais-y-protestas-en-minneapolis-tras-tiroteos\\\/\"},\"author\":{\"name\":\"Roberto A.\",\"@id\":\"https:\\\/\\\/www.cuballama.com\\\/noticias\\\/#\\\/schema\\\/person\\\/a58502ed4146c8e9f83872e897c76cd2\"},\"headline\":\"ICE bajo presi\u00f3n: choques en Texas, deportaci\u00f3n a un tercer pa\u00eds y protestas en Minneapolis tras tiroteos\",\"datePublished\":\"2026-01-20T00:37:05+00:00\",\"dateModified\":\"2026-01-20T00:37:08+00:00\",\"mainEntityOfPage\":{\"@id\":\"https:\\\/\\\/www.cuballama.com\\\/noticias\\\/ice-bajo-presion-choques-en-texas-deportacion-a-un-tercer-pais-y-protestas-en-minneapolis-tras-tiroteos\\\/\"},\"wordCount\":1229,\"commentCount\":0,\"publisher\":{\"@id\":\"https:\\\/\\\/www.cuballama.com\\\/noticias\\\/#organization\"},\"image\":{\"@id\":\"https:\\\/\\\/www.cuballama.com\\\/noticias\\\/ice-bajo-presion-choques-en-texas-deportacion-a-un-tercer-pais-y-protestas-en-minneapolis-tras-tiroteos\\\/#primaryimage\"},\"thumbnailUrl\":\"https:\\\/\\\/cdn1.mediawpaccore.net\\\/wp-content\\\/uploads\\\/2025\\\/05\\\/28045226\\\/Demo_arrest_handcuffed.jpg\",\"keywords\":[\"cubanos en EE.UU.\",\"Deportaciones\",\"ICE\",\"inmigraci\u00f3n en Estados Unidos\",\"Inteligencia artificial\",\"Minneapolis\"],\"articleSection\":[\"Noticias\",\"USA\"],\"inLanguage\":\"es\",\"potentialAction\":[{\"@type\":\"CommentAction\",\"name\":\"Comment\",\"target\":[\"https:\\\/\\\/www.cuballama.com\\\/noticias\\\/ice-bajo-presion-choques-en-texas-deportacion-a-un-tercer-pais-y-protestas-en-minneapolis-tras-tiroteos\\\/#respond\"]}]},{\"@type\":\"WebPage\",\"@id\":\"https:\\\/\\\/www.cuballama.com\\\/noticias\\\/ice-bajo-presion-choques-en-texas-deportacion-a-un-tercer-pais-y-protestas-en-minneapolis-tras-tiroteos\\\/\",\"url\":\"https:\\\/\\\/www.cuballama.com\\\/noticias\\\/ice-bajo-presion-choques-en-texas-deportacion-a-un-tercer-pais-y-protestas-en-minneapolis-tras-tiroteos\\\/\",\"name\":\"ICE bajo presi\u00f3n: choques en Texas, deportaci\u00f3n a un tercer pa\u00eds y protestas en Minneapolis tras tiroteos - Cuballama Noticias\",\"isPartOf\":{\"@id\":\"https:\\\/\\\/www.cuballama.com\\\/noticias\\\/#website\"},\"primaryImageOfPage\":{\"@id\":\"https:\\\/\\\/www.cuballama.com\\\/noticias\\\/ice-bajo-presion-choques-en-texas-deportacion-a-un-tercer-pais-y-protestas-en-minneapolis-tras-tiroteos\\\/#primaryimage\"},\"image\":{\"@id\":\"https:\\\/\\\/www.cuballama.com\\\/noticias\\\/ice-bajo-presion-choques-en-texas-deportacion-a-un-tercer-pais-y-protestas-en-minneapolis-tras-tiroteos\\\/#primaryimage\"},\"thumbnailUrl\":\"https:\\\/\\\/cdn1.mediawpaccore.net\\\/wp-content\\\/uploads\\\/2025\\\/05\\\/28045226\\\/Demo_arrest_handcuffed.jpg\",\"datePublished\":\"2026-01-20T00:37:05+00:00\",\"dateModified\":\"2026-01-20T00:37:08+00:00\",\"description\":\"ICE enfrenta crisis por operativos y fallos de IA: caso de cubano en Texas, deportaci\u00f3n a Ecuador y protestas en Minneapolis.\",\"breadcrumb\":{\"@id\":\"https:\\\/\\\/www.cuballama.com\\\/noticias\\\/ice-bajo-presion-choques-en-texas-deportacion-a-un-tercer-pais-y-protestas-en-minneapolis-tras-tiroteos\\\/#breadcrumb\"},\"inLanguage\":\"es\",\"potentialAction\":[{\"@type\":\"ReadAction\",\"target\":[\"https:\\\/\\\/www.cuballama.com\\\/noticias\\\/ice-bajo-presion-choques-en-texas-deportacion-a-un-tercer-pais-y-protestas-en-minneapolis-tras-tiroteos\\\/\"]}]},{\"@type\":\"ImageObject\",\"inLanguage\":\"es\",\"@id\":\"https:\\\/\\\/www.cuballama.com\\\/noticias\\\/ice-bajo-presion-choques-en-texas-deportacion-a-un-tercer-pais-y-protestas-en-minneapolis-tras-tiroteos\\\/#primaryimage\",\"url\":\"https:\\\/\\\/cdn1.mediawpaccore.net\\\/wp-content\\\/uploads\\\/2025\\\/05\\\/28045226\\\/Demo_arrest_handcuffed.jpg\",\"contentUrl\":\"https:\\\/\\\/cdn1.mediawpaccore.net\\\/wp-content\\\/uploads\\\/2025\\\/05\\\/28045226\\\/Demo_arrest_handcuffed.jpg\",\"width\":1020,\"height\":683,\"caption\":\"Foto REFERENCIAL. Autor: Oregon Department of Transportation Licensing w:en:Creative Commons attribution This file is licensed under the Creative Commons Attribution 2.0 Generic license.\"},{\"@type\":\"BreadcrumbList\",\"@id\":\"https:\\\/\\\/www.cuballama.com\\\/noticias\\\/ice-bajo-presion-choques-en-texas-deportacion-a-un-tercer-pais-y-protestas-en-minneapolis-tras-tiroteos\\\/#breadcrumb\",\"itemListElement\":[{\"@type\":\"ListItem\",\"position\":1,\"name\":\"Home\",\"item\":\"https:\\\/\\\/www.cuballama.com\\\/noticias\\\/\"},{\"@type\":\"ListItem\",\"position\":2,\"name\":\"ICE bajo presi\u00f3n: choques en Texas, deportaci\u00f3n a un tercer pa\u00eds y protestas en Minneapolis tras tiroteos\"}]},{\"@type\":\"WebSite\",\"@id\":\"https:\\\/\\\/www.cuballama.com\\\/noticias\\\/#website\",\"url\":\"https:\\\/\\\/www.cuballama.com\\\/noticias\\\/\",\"name\":\"Cuballama Noticias\",\"description\":\"Medio digital sobre Cuba y el mundo\",\"publisher\":{\"@id\":\"https:\\\/\\\/www.cuballama.com\\\/noticias\\\/#organization\"},\"potentialAction\":[{\"@type\":\"SearchAction\",\"target\":{\"@type\":\"EntryPoint\",\"urlTemplate\":\"https:\\\/\\\/www.cuballama.com\\\/noticias\\\/?s={search_term_string}\"},\"query-input\":{\"@type\":\"PropertyValueSpecification\",\"valueRequired\":true,\"valueName\":\"search_term_string\"}}],\"inLanguage\":\"es\"},{\"@type\":\"Organization\",\"@id\":\"https:\\\/\\\/www.cuballama.com\\\/noticias\\\/#organization\",\"name\":\"Cuballama\",\"url\":\"https:\\\/\\\/www.cuballama.com\\\/noticias\\\/\",\"logo\":{\"@type\":\"ImageObject\",\"inLanguage\":\"es\",\"@id\":\"https:\\\/\\\/www.cuballama.com\\\/noticias\\\/#\\\/schema\\\/logo\\\/image\\\/\",\"url\":\"https:\\\/\\\/cdn1.mediawpaccore.net\\\/wp-content\\\/uploads\\\/2021\\\/12\\\/28171206\\\/cbll-logo-color-sm.png\",\"contentUrl\":\"https:\\\/\\\/cdn1.mediawpaccore.net\\\/wp-content\\\/uploads\\\/2021\\\/12\\\/28171206\\\/cbll-logo-color-sm.png\",\"width\":600,\"height\":133,\"caption\":\"Cuballama\"},\"image\":{\"@id\":\"https:\\\/\\\/www.cuballama.com\\\/noticias\\\/#\\\/schema\\\/logo\\\/image\\\/\"},\"sameAs\":[\"https:\\\/\\\/www.facebook.com\\\/CubaLlama\",\"https:\\\/\\\/x.com\\\/cuballama\",\"https:\\\/\\\/www.instagram.com\\\/stories\\\/cuballama_oficial\\\/\",\"https:\\\/\\\/www.youtube.com\\\/channel\\\/UCKkFE-d_axENGZcrc4as0IA\"]},{\"@type\":\"Person\",\"@id\":\"https:\\\/\\\/www.cuballama.com\\\/noticias\\\/#\\\/schema\\\/person\\\/a58502ed4146c8e9f83872e897c76cd2\",\"name\":\"Roberto A.\",\"description\":\"Roberto A. Periodista por decisi\u00f3n propia. Interesado en cualquier tema que me apasione y cada vez m\u00e1s comprometido con la verdad y la objetividad period\u00edstica. Graduado en La Habana hace ya muchos a\u00f1os, luego de una accidentada y polvorienta b\u00fasqueda de informaci\u00f3n sobre un tema in\u00e9dito. La Tesis, por cierto, desapareci\u00f3 de la biblioteca y no se conservan copias de la misma.\",\"url\":\"https:\\\/\\\/www.cuballama.com\\\/noticias\\\/author\\\/roberto\\\/\"}]}<\/script>\n<!-- \/ Yoast SEO plugin. -->","yoast_head_json":{"title":"ICE bajo presi\u00f3n: choques en Texas, deportaci\u00f3n a un tercer pa\u00eds y protestas en Minneapolis tras tiroteos - Cuballama Noticias","description":"ICE enfrenta crisis por operativos y fallos de IA: caso de cubano en Texas, deportaci\u00f3n a Ecuador y protestas en Minneapolis.","robots":{"index":"index","follow":"follow","max-snippet":"max-snippet:-1","max-image-preview":"max-image-preview:large","max-video-preview":"max-video-preview:-1"},"canonical":"https:\/\/www.cuballama.com\/noticias\/ice-bajo-presion-choques-en-texas-deportacion-a-un-tercer-pais-y-protestas-en-minneapolis-tras-tiroteos\/","og_locale":"es_ES","og_type":"article","og_title":"ICE bajo presi\u00f3n: choques en Texas, deportaci\u00f3n a un tercer pa\u00eds y protestas en Minneapolis tras tiroteos - Cuballama Noticias","og_description":"ICE enfrenta crisis por operativos y fallos de IA: caso de cubano en Texas, deportaci\u00f3n a Ecuador y protestas en Minneapolis.","og_url":"https:\/\/www.cuballama.com\/noticias\/ice-bajo-presion-choques-en-texas-deportacion-a-un-tercer-pais-y-protestas-en-minneapolis-tras-tiroteos\/","og_site_name":"Cuballama Noticias","article_publisher":"https:\/\/www.facebook.com\/CubaLlama","article_published_time":"2026-01-20T00:37:05+00:00","article_modified_time":"2026-01-20T00:37:08+00:00","og_image":[{"width":1020,"height":683,"url":"https:\/\/cdn1.mediawpaccore.net\/wp-content\/uploads\/2025\/05\/28045226\/Demo_arrest_handcuffed.jpg","type":"image\/jpeg"}],"author":"Roberto A.","twitter_card":"summary_large_image","twitter_creator":"@cuballama","twitter_site":"@cuballama","twitter_misc":{"Escrito por":"Roberto A.","Tiempo de lectura":"6 minutos"},"schema":{"@context":"https:\/\/schema.org","@graph":[{"@type":"Article","@id":"https:\/\/www.cuballama.com\/noticias\/ice-bajo-presion-choques-en-texas-deportacion-a-un-tercer-pais-y-protestas-en-minneapolis-tras-tiroteos\/#article","isPartOf":{"@id":"https:\/\/www.cuballama.com\/noticias\/ice-bajo-presion-choques-en-texas-deportacion-a-un-tercer-pais-y-protestas-en-minneapolis-tras-tiroteos\/"},"author":{"name":"Roberto A.","@id":"https:\/\/www.cuballama.com\/noticias\/#\/schema\/person\/a58502ed4146c8e9f83872e897c76cd2"},"headline":"ICE bajo presi\u00f3n: choques en Texas, deportaci\u00f3n a un tercer pa\u00eds y protestas en Minneapolis tras tiroteos","datePublished":"2026-01-20T00:37:05+00:00","dateModified":"2026-01-20T00:37:08+00:00","mainEntityOfPage":{"@id":"https:\/\/www.cuballama.com\/noticias\/ice-bajo-presion-choques-en-texas-deportacion-a-un-tercer-pais-y-protestas-en-minneapolis-tras-tiroteos\/"},"wordCount":1229,"commentCount":0,"publisher":{"@id":"https:\/\/www.cuballama.com\/noticias\/#organization"},"image":{"@id":"https:\/\/www.cuballama.com\/noticias\/ice-bajo-presion-choques-en-texas-deportacion-a-un-tercer-pais-y-protestas-en-minneapolis-tras-tiroteos\/#primaryimage"},"thumbnailUrl":"https:\/\/cdn1.mediawpaccore.net\/wp-content\/uploads\/2025\/05\/28045226\/Demo_arrest_handcuffed.jpg","keywords":["cubanos en EE.UU.","Deportaciones","ICE","inmigraci\u00f3n en Estados Unidos","Inteligencia artificial","Minneapolis"],"articleSection":["Noticias","USA"],"inLanguage":"es","potentialAction":[{"@type":"CommentAction","name":"Comment","target":["https:\/\/www.cuballama.com\/noticias\/ice-bajo-presion-choques-en-texas-deportacion-a-un-tercer-pais-y-protestas-en-minneapolis-tras-tiroteos\/#respond"]}]},{"@type":"WebPage","@id":"https:\/\/www.cuballama.com\/noticias\/ice-bajo-presion-choques-en-texas-deportacion-a-un-tercer-pais-y-protestas-en-minneapolis-tras-tiroteos\/","url":"https:\/\/www.cuballama.com\/noticias\/ice-bajo-presion-choques-en-texas-deportacion-a-un-tercer-pais-y-protestas-en-minneapolis-tras-tiroteos\/","name":"ICE bajo presi\u00f3n: choques en Texas, deportaci\u00f3n a un tercer pa\u00eds y protestas en Minneapolis tras tiroteos - Cuballama Noticias","isPartOf":{"@id":"https:\/\/www.cuballama.com\/noticias\/#website"},"primaryImageOfPage":{"@id":"https:\/\/www.cuballama.com\/noticias\/ice-bajo-presion-choques-en-texas-deportacion-a-un-tercer-pais-y-protestas-en-minneapolis-tras-tiroteos\/#primaryimage"},"image":{"@id":"https:\/\/www.cuballama.com\/noticias\/ice-bajo-presion-choques-en-texas-deportacion-a-un-tercer-pais-y-protestas-en-minneapolis-tras-tiroteos\/#primaryimage"},"thumbnailUrl":"https:\/\/cdn1.mediawpaccore.net\/wp-content\/uploads\/2025\/05\/28045226\/Demo_arrest_handcuffed.jpg","datePublished":"2026-01-20T00:37:05+00:00","dateModified":"2026-01-20T00:37:08+00:00","description":"ICE enfrenta crisis por operativos y fallos de IA: caso de cubano en Texas, deportaci\u00f3n a Ecuador y protestas en Minneapolis.","breadcrumb":{"@id":"https:\/\/www.cuballama.com\/noticias\/ice-bajo-presion-choques-en-texas-deportacion-a-un-tercer-pais-y-protestas-en-minneapolis-tras-tiroteos\/#breadcrumb"},"inLanguage":"es","potentialAction":[{"@type":"ReadAction","target":["https:\/\/www.cuballama.com\/noticias\/ice-bajo-presion-choques-en-texas-deportacion-a-un-tercer-pais-y-protestas-en-minneapolis-tras-tiroteos\/"]}]},{"@type":"ImageObject","inLanguage":"es","@id":"https:\/\/www.cuballama.com\/noticias\/ice-bajo-presion-choques-en-texas-deportacion-a-un-tercer-pais-y-protestas-en-minneapolis-tras-tiroteos\/#primaryimage","url":"https:\/\/cdn1.mediawpaccore.net\/wp-content\/uploads\/2025\/05\/28045226\/Demo_arrest_handcuffed.jpg","contentUrl":"https:\/\/cdn1.mediawpaccore.net\/wp-content\/uploads\/2025\/05\/28045226\/Demo_arrest_handcuffed.jpg","width":1020,"height":683,"caption":"Foto REFERENCIAL. Autor: Oregon Department of Transportation Licensing w:en:Creative Commons attribution This file is licensed under the Creative Commons Attribution 2.0 Generic license."},{"@type":"BreadcrumbList","@id":"https:\/\/www.cuballama.com\/noticias\/ice-bajo-presion-choques-en-texas-deportacion-a-un-tercer-pais-y-protestas-en-minneapolis-tras-tiroteos\/#breadcrumb","itemListElement":[{"@type":"ListItem","position":1,"name":"Home","item":"https:\/\/www.cuballama.com\/noticias\/"},{"@type":"ListItem","position":2,"name":"ICE bajo presi\u00f3n: choques en Texas, deportaci\u00f3n a un tercer pa\u00eds y protestas en Minneapolis tras tiroteos"}]},{"@type":"WebSite","@id":"https:\/\/www.cuballama.com\/noticias\/#website","url":"https:\/\/www.cuballama.com\/noticias\/","name":"Cuballama Noticias","description":"Medio digital sobre Cuba y el mundo","publisher":{"@id":"https:\/\/www.cuballama.com\/noticias\/#organization"},"potentialAction":[{"@type":"SearchAction","target":{"@type":"EntryPoint","urlTemplate":"https:\/\/www.cuballama.com\/noticias\/?s={search_term_string}"},"query-input":{"@type":"PropertyValueSpecification","valueRequired":true,"valueName":"search_term_string"}}],"inLanguage":"es"},{"@type":"Organization","@id":"https:\/\/www.cuballama.com\/noticias\/#organization","name":"Cuballama","url":"https:\/\/www.cuballama.com\/noticias\/","logo":{"@type":"ImageObject","inLanguage":"es","@id":"https:\/\/www.cuballama.com\/noticias\/#\/schema\/logo\/image\/","url":"https:\/\/cdn1.mediawpaccore.net\/wp-content\/uploads\/2021\/12\/28171206\/cbll-logo-color-sm.png","contentUrl":"https:\/\/cdn1.mediawpaccore.net\/wp-content\/uploads\/2021\/12\/28171206\/cbll-logo-color-sm.png","width":600,"height":133,"caption":"Cuballama"},"image":{"@id":"https:\/\/www.cuballama.com\/noticias\/#\/schema\/logo\/image\/"},"sameAs":["https:\/\/www.facebook.com\/CubaLlama","https:\/\/x.com\/cuballama","https:\/\/www.instagram.com\/stories\/cuballama_oficial\/","https:\/\/www.youtube.com\/channel\/UCKkFE-d_axENGZcrc4as0IA"]},{"@type":"Person","@id":"https:\/\/www.cuballama.com\/noticias\/#\/schema\/person\/a58502ed4146c8e9f83872e897c76cd2","name":"Roberto A.","description":"Roberto A. Periodista por decisi\u00f3n propia. Interesado en cualquier tema que me apasione y cada vez m\u00e1s comprometido con la verdad y la objetividad period\u00edstica. Graduado en La Habana hace ya muchos a\u00f1os, luego de una accidentada y polvorienta b\u00fasqueda de informaci\u00f3n sobre un tema in\u00e9dito. La Tesis, por cierto, desapareci\u00f3 de la biblioteca y no se conservan copias de la misma.","url":"https:\/\/www.cuballama.com\/noticias\/author\/roberto\/"}]}},"_links":{"self":[{"href":"https:\/\/www.cuballama.com\/noticias\/wp-json\/wp\/v2\/posts\/232193","targetHints":{"allow":["GET"]}}],"collection":[{"href":"https:\/\/www.cuballama.com\/noticias\/wp-json\/wp\/v2\/posts"}],"about":[{"href":"https:\/\/www.cuballama.com\/noticias\/wp-json\/wp\/v2\/types\/post"}],"author":[{"embeddable":true,"href":"https:\/\/www.cuballama.com\/noticias\/wp-json\/wp\/v2\/users\/13"}],"replies":[{"embeddable":true,"href":"https:\/\/www.cuballama.com\/noticias\/wp-json\/wp\/v2\/comments?post=232193"}],"version-history":[{"count":6,"href":"https:\/\/www.cuballama.com\/noticias\/wp-json\/wp\/v2\/posts\/232193\/revisions"}],"predecessor-version":[{"id":232231,"href":"https:\/\/www.cuballama.com\/noticias\/wp-json\/wp\/v2\/posts\/232193\/revisions\/232231"}],"wp:featuredmedia":[{"embeddable":true,"href":"https:\/\/www.cuballama.com\/noticias\/wp-json\/wp\/v2\/media\/208794"}],"wp:attachment":[{"href":"https:\/\/www.cuballama.com\/noticias\/wp-json\/wp\/v2\/media?parent=232193"}],"wp:term":[{"taxonomy":"category","embeddable":true,"href":"https:\/\/www.cuballama.com\/noticias\/wp-json\/wp\/v2\/categories?post=232193"},{"taxonomy":"post_tag","embeddable":true,"href":"https:\/\/www.cuballama.com\/noticias\/wp-json\/wp\/v2\/tags?post=232193"}],"curies":[{"name":"wp","href":"https:\/\/api.w.org\/{rel}","templated":true}]}}