{"id":232177,"date":"2026-01-16T09:48:07","date_gmt":"2026-01-16T14:48:07","guid":{"rendered":"https:\/\/www.cuballama.com\/noticias\/?p=232177"},"modified":"2026-01-16T09:48:09","modified_gmt":"2026-01-16T14:48:09","slug":"maria-corina-machado-lleva-su-nobel-a-la-casa-blanca-y-busca-amarrar-respaldo-de-trump-a-la-transicion","status":"publish","type":"post","link":"https:\/\/www.cuballama.com\/noticias\/maria-corina-machado-lleva-su-nobel-a-la-casa-blanca-y-busca-amarrar-respaldo-de-trump-a-la-transicion\/","title":{"rendered":"Mar\u00eda Corina Machado lleva su Nobel a la Casa Blanca y busca amarrar respaldo de Trump a la transici\u00f3n"},"content":{"rendered":"\n<h2 class=\"wp-block-heading\">Mar\u00eda Corina Machado se reuni\u00f3 el 15 de enero con Donald Trump en la Casa Blanca y dijo que le present\u00f3 su medalla del Nobel. La administraci\u00f3n mantuvo ambig\u00fcedad sobre su papel en la transici\u00f3n.<\/h2>\n\n\n\n<ol class=\"wp-block-list\">\n<li><\/li>\n<\/ol>\n\n\n\n<p>Mar\u00eda Corina Machado se reuni\u00f3 el jueves 15 de enero de 2026 con el presidente de Estados Unidos, Donald Trump, en la Casa Blanca, en un encuentro a puerta cerrada que su entorno present\u00f3 como un paso para asegurar respaldo externo en la etapa posterior a la captura de Nicol\u00e1s Maduro. <\/p>\n\n\n\n<p>Tras salir del complejo presidencial, la opositora declar\u00f3 que present\u00f3 a Trump su medalla del Premio Nobel de la Paz como un reconocimiento a lo que describi\u00f3 como su compromiso con la \u201clibertad\u201d de Venezuela, un gesto que r\u00e1pidamente se convirti\u00f3 en el eje p\u00fablico de la visita, por encima de cualquier detalle de contenido que no fue divulgado por canales oficiales. <\/p>\n\n\n\n<p>No ha sido aclarado en ese momento si la medalla fue aceptada formalmente o si se trat\u00f3 de una presentaci\u00f3n simb\u00f3lica, un matiz importante porque marca la diferencia entre un acto protocolar y una imagen destinada al consumo pol\u00edtico.<\/p>\n\n\n\n<figure class=\"wp-block-embed is-type-rich is-provider-twitter wp-block-embed-twitter\"><div class=\"wp-block-embed__wrapper\">\n<blockquote class=\"twitter-tweet\" data-width=\"550\" data-dnt=\"true\"><p lang=\"en\" dir=\"ltr\">President Donald J. Trump meets with Mar\u00eda Corina Machado of Venezuela in the Oval Office, during which she presented the President with her Nobel Peace Prize in recognition and honor.\ud83d\udd4a\ufe0f <a href=\"https:\/\/t.co\/v7pYHjVNVO\">pic.twitter.com\/v7pYHjVNVO<\/a><\/p>&mdash; The White House (@WhiteHouse) <a href=\"https:\/\/twitter.com\/WhiteHouse\/status\/2012006221340164338?ref_src=twsrc%5Etfw\">January 16, 2026<\/a><\/blockquote><script async src=\"https:\/\/platform.twitter.com\/widgets.js\" charset=\"utf-8\"><\/script>\n<\/div><\/figure>\n\n\n\n<p>Trump, por su parte, public\u00f3 un mensaje agradeciendo a Machado por \u201cpresentarle\u201d el Nobel y calific\u00f3 el gesto como una muestra de \u201crespeto mutuo\u201d. <\/p>\n\n\n\n<iframe src=\"https:\/\/truthsocial.com\/@realDonaldTrump\/115902023696178994\/embed\" class=\"truthsocial-embed\" style=\"max-width: 100%; border: 0\" width=\"600\" allowfullscreen=\"allowfullscreen\"><\/iframe><script src=\"https:\/\/truthsocial.com\/embed.js\" async=\"async\"><\/script>\n\n\n\n<p>La formulaci\u00f3n de ese agradecimiento fue interpretada como validaci\u00f3n del encuentro, pero no resolvi\u00f3 la pregunta central: qu\u00e9 lugar le concede Washington a Machado dentro del dise\u00f1o de transici\u00f3n en Caracas. Seg\u00fan la l\u00ednea sostenida por la Casa Blanca en conferencias de prensa, Trump mantiene su evaluaci\u00f3n de que Machado no cuenta con el respaldo popular suficiente para encabezar la transici\u00f3n, una frase que coloca techo pol\u00edtico a la foto, incluso cuando se permite que la reuni\u00f3n exista.<\/p>\n\n\n\n<p>Esa tensi\u00f3n entre el gesto y el contenido se hizo m\u00e1s visible por la ausencia de anuncios verificables al cierre de la visita. Ni la Casa Blanca ni el equipo de Machado informaron de acuerdos espec\u00edficos, compromisos de calendario o mecanismos concretos para el eventual proceso electoral. <\/p>\n\n\n\n<p>Reuters report\u00f3 que la administraci\u00f3n reafirm\u00f3 la \u201cevaluaci\u00f3n realista\u201d de Trump sobre el apoyo interno a Machado y no aport\u00f3 un cronograma sobre elecciones. En la pr\u00e1ctica, la visita termin\u00f3 funcionando como un pulso de expectativas: la opositora busc\u00f3 exhibir cercan\u00eda con el actor externo m\u00e1s influyente; la administraci\u00f3n estadounidense dej\u00f3 abierta la puerta al di\u00e1logo, pero evit\u00f3 adjudicarle a Machado la conducci\u00f3n pol\u00edtica de lo que viene.<\/p>\n\n\n\n<p>El episodio tambi\u00e9n abri\u00f3 un debate colateral: qu\u00e9 significa \u201centregar\u201d o \u201cpresentar\u201d una medalla del Nobel, y qu\u00e9 alcance real tiene ese gesto. Medios espa\u00f1oles citaron aclaraciones del entorno Nobel sobre la diferencia entre la medalla como objeto y el t\u00edtulo como distinci\u00f3n no transferible, lo que refuerza que, m\u00e1s que un tr\u00e1mite, lo ocurrido en Washington fue una operaci\u00f3n simb\u00f3lica con intenci\u00f3n pol\u00edtica. La foto, en todo caso, no cerr\u00f3 la discusi\u00f3n sobre liderazgo interno en Venezuela; la pospuso, y traslad\u00f3 el foco a la forma en que Trump decide administrar, al mismo tiempo, presi\u00f3n, reconocimiento y control del relato.<\/p>\n","protected":false},"excerpt":{"rendered":"<p>Mar\u00eda Corina Machado lleg\u00f3 a la Casa Blanca para reunirse con Donald Trump y, tras el encuentro, present\u00f3 su medalla del Nobel de la Paz como un gesto pol\u00edtico dirigido a blindar apoyo internacional. Mientras ella pidi\u00f3 respaldo para \u201cla libertad de Venezuela\u201d, desde la propia administraci\u00f3n estadounidense se reiter\u00f3 que el presidente duda del respaldo popular de Machado para encabezar la transici\u00f3n, dejando el tablero abierto y sin comprometer fechas.<\/p>\n","protected":false},"author":13,"featured_media":232243,"comment_status":"open","ping_status":"closed","sticky":false,"template":"","format":"standard","meta":{"_acf_changed":false,"footnotes":""},"categories":[18,955],"tags":[865,700,22054,11310,11017,29500,30043,1030],"class_list":{"0":"post-232177","1":"post","2":"type-post","3":"status-publish","4":"format-standard","5":"has-post-thumbnail","7":"category-noticias","8":"category-noticias-de-cuba","9":"tag-casa-blanca","10":"tag-donald-trump","11":"tag-maria-corina-machado","12":"tag-nobel-de-la-paz","13":"tag-superdestacado","14":"tag-transicion","15":"tag-transicion-democratica","16":"tag-venezuela"},"acf":[],"yoast_head":"<!-- This site is optimized with the Yoast SEO plugin v27.5 - https:\/\/yoast.com\/product\/yoast-seo-wordpress\/ -->\n<title>Mar\u00eda Corina Machado lleva su Nobel a la Casa Blanca y busca amarrar respaldo de Trump a la transici\u00f3n - Cuballama Noticias<\/title>\n<meta name=\"description\" content=\"Machado llev\u00f3 su Nobel a Trump en la Casa Blanca y pidi\u00f3 apoyo a la transici\u00f3n; Washington evita fijar fechas a\u00fan, por ahora.\" \/>\n<meta name=\"robots\" content=\"index, follow, max-snippet:-1, max-image-preview:large, max-video-preview:-1\" \/>\n<link rel=\"canonical\" href=\"https:\/\/www.cuballama.com\/noticias\/maria-corina-machado-lleva-su-nobel-a-la-casa-blanca-y-busca-amarrar-respaldo-de-trump-a-la-transicion\/\" \/>\n<meta property=\"og:locale\" content=\"es_ES\" \/>\n<meta property=\"og:type\" content=\"article\" \/>\n<meta property=\"og:title\" content=\"Mar\u00eda Corina Machado lleva su Nobel a la Casa Blanca y busca amarrar respaldo de Trump a la transici\u00f3n - Cuballama Noticias\" \/>\n<meta property=\"og:description\" content=\"Machado llev\u00f3 su Nobel a Trump en la Casa Blanca y pidi\u00f3 apoyo a la transici\u00f3n; Washington evita fijar fechas a\u00fan, por ahora.\" \/>\n<meta property=\"og:url\" content=\"https:\/\/www.cuballama.com\/noticias\/maria-corina-machado-lleva-su-nobel-a-la-casa-blanca-y-busca-amarrar-respaldo-de-trump-a-la-transicion\/\" \/>\n<meta property=\"og:site_name\" content=\"Cuballama Noticias\" \/>\n<meta property=\"article:publisher\" content=\"https:\/\/www.facebook.com\/CubaLlama\" \/>\n<meta property=\"article:published_time\" content=\"2026-01-16T14:48:07+00:00\" \/>\n<meta property=\"article:modified_time\" content=\"2026-01-16T14:48:09+00:00\" \/>\n<meta property=\"og:image\" content=\"https:\/\/cdn1.mediawpaccore.net\/wp-content\/uploads\/2026\/01\/16051801\/Trump-Corina.jpg\" \/>\n\t<meta property=\"og:image:width\" content=\"1200\" \/>\n\t<meta property=\"og:image:height\" content=\"630\" \/>\n\t<meta property=\"og:image:type\" content=\"image\/jpeg\" \/>\n<meta name=\"author\" content=\"Roberto A.\" \/>\n<meta name=\"twitter:card\" content=\"summary_large_image\" \/>\n<meta name=\"twitter:creator\" content=\"@cuballama\" \/>\n<meta name=\"twitter:site\" content=\"@cuballama\" \/>\n<meta name=\"twitter:label1\" content=\"Escrito por\" \/>\n\t<meta name=\"twitter:data1\" content=\"Roberto A.\" \/>\n\t<meta name=\"twitter:label2\" content=\"Tiempo de lectura\" \/>\n\t<meta name=\"twitter:data2\" content=\"3 minutos\" \/>\n<script type=\"application\/ld+json\" class=\"yoast-schema-graph\">{\"@context\":\"https:\\\/\\\/schema.org\",\"@graph\":[{\"@type\":\"Article\",\"@id\":\"https:\\\/\\\/www.cuballama.com\\\/noticias\\\/maria-corina-machado-lleva-su-nobel-a-la-casa-blanca-y-busca-amarrar-respaldo-de-trump-a-la-transicion\\\/#article\",\"isPartOf\":{\"@id\":\"https:\\\/\\\/www.cuballama.com\\\/noticias\\\/maria-corina-machado-lleva-su-nobel-a-la-casa-blanca-y-busca-amarrar-respaldo-de-trump-a-la-transicion\\\/\"},\"author\":{\"name\":\"Roberto A.\",\"@id\":\"https:\\\/\\\/www.cuballama.com\\\/noticias\\\/#\\\/schema\\\/person\\\/a58502ed4146c8e9f83872e897c76cd2\"},\"headline\":\"Mar\u00eda Corina Machado lleva su Nobel a la Casa Blanca y busca amarrar respaldo de Trump a la transici\u00f3n\",\"datePublished\":\"2026-01-16T14:48:07+00:00\",\"dateModified\":\"2026-01-16T14:48:09+00:00\",\"mainEntityOfPage\":{\"@id\":\"https:\\\/\\\/www.cuballama.com\\\/noticias\\\/maria-corina-machado-lleva-su-nobel-a-la-casa-blanca-y-busca-amarrar-respaldo-de-trump-a-la-transicion\\\/\"},\"wordCount\":573,\"commentCount\":0,\"publisher\":{\"@id\":\"https:\\\/\\\/www.cuballama.com\\\/noticias\\\/#organization\"},\"image\":{\"@id\":\"https:\\\/\\\/www.cuballama.com\\\/noticias\\\/maria-corina-machado-lleva-su-nobel-a-la-casa-blanca-y-busca-amarrar-respaldo-de-trump-a-la-transicion\\\/#primaryimage\"},\"thumbnailUrl\":\"https:\\\/\\\/cdn1.mediawpaccore.net\\\/wp-content\\\/uploads\\\/2026\\\/01\\\/16051801\\\/Trump-Corina.jpg\",\"keywords\":[\"Casa Blanca\",\"Donald Trump\",\"Mar\u00eda Corina Machado\",\"Nobel de la Paz\",\"superdestacado\",\"transici\u00f3n\",\"transici\u00f3n democr\u00e1tica\",\"venezuela\"],\"articleSection\":[\"Noticias\",\"Noticias de Cuba\"],\"inLanguage\":\"es\",\"potentialAction\":[{\"@type\":\"CommentAction\",\"name\":\"Comment\",\"target\":[\"https:\\\/\\\/www.cuballama.com\\\/noticias\\\/maria-corina-machado-lleva-su-nobel-a-la-casa-blanca-y-busca-amarrar-respaldo-de-trump-a-la-transicion\\\/#respond\"]}]},{\"@type\":\"WebPage\",\"@id\":\"https:\\\/\\\/www.cuballama.com\\\/noticias\\\/maria-corina-machado-lleva-su-nobel-a-la-casa-blanca-y-busca-amarrar-respaldo-de-trump-a-la-transicion\\\/\",\"url\":\"https:\\\/\\\/www.cuballama.com\\\/noticias\\\/maria-corina-machado-lleva-su-nobel-a-la-casa-blanca-y-busca-amarrar-respaldo-de-trump-a-la-transicion\\\/\",\"name\":\"Mar\u00eda Corina Machado lleva su Nobel a la Casa Blanca y busca amarrar respaldo de Trump a la transici\u00f3n - Cuballama Noticias\",\"isPartOf\":{\"@id\":\"https:\\\/\\\/www.cuballama.com\\\/noticias\\\/#website\"},\"primaryImageOfPage\":{\"@id\":\"https:\\\/\\\/www.cuballama.com\\\/noticias\\\/maria-corina-machado-lleva-su-nobel-a-la-casa-blanca-y-busca-amarrar-respaldo-de-trump-a-la-transicion\\\/#primaryimage\"},\"image\":{\"@id\":\"https:\\\/\\\/www.cuballama.com\\\/noticias\\\/maria-corina-machado-lleva-su-nobel-a-la-casa-blanca-y-busca-amarrar-respaldo-de-trump-a-la-transicion\\\/#primaryimage\"},\"thumbnailUrl\":\"https:\\\/\\\/cdn1.mediawpaccore.net\\\/wp-content\\\/uploads\\\/2026\\\/01\\\/16051801\\\/Trump-Corina.jpg\",\"datePublished\":\"2026-01-16T14:48:07+00:00\",\"dateModified\":\"2026-01-16T14:48:09+00:00\",\"description\":\"Machado llev\u00f3 su Nobel a Trump en la Casa Blanca y pidi\u00f3 apoyo a la transici\u00f3n; Washington evita fijar fechas a\u00fan, por ahora.\",\"breadcrumb\":{\"@id\":\"https:\\\/\\\/www.cuballama.com\\\/noticias\\\/maria-corina-machado-lleva-su-nobel-a-la-casa-blanca-y-busca-amarrar-respaldo-de-trump-a-la-transicion\\\/#breadcrumb\"},\"inLanguage\":\"es\",\"potentialAction\":[{\"@type\":\"ReadAction\",\"target\":[\"https:\\\/\\\/www.cuballama.com\\\/noticias\\\/maria-corina-machado-lleva-su-nobel-a-la-casa-blanca-y-busca-amarrar-respaldo-de-trump-a-la-transicion\\\/\"]}]},{\"@type\":\"ImageObject\",\"inLanguage\":\"es\",\"@id\":\"https:\\\/\\\/www.cuballama.com\\\/noticias\\\/maria-corina-machado-lleva-su-nobel-a-la-casa-blanca-y-busca-amarrar-respaldo-de-trump-a-la-transicion\\\/#primaryimage\",\"url\":\"https:\\\/\\\/cdn1.mediawpaccore.net\\\/wp-content\\\/uploads\\\/2026\\\/01\\\/16051801\\\/Trump-Corina.jpg\",\"contentUrl\":\"https:\\\/\\\/cdn1.mediawpaccore.net\\\/wp-content\\\/uploads\\\/2026\\\/01\\\/16051801\\\/Trump-Corina.jpg\",\"width\":1200,\"height\":630,\"caption\":\"Foto: V\u00eda https:\\\/\\\/x.com\\\/WhiteHouse\\\/\"},{\"@type\":\"BreadcrumbList\",\"@id\":\"https:\\\/\\\/www.cuballama.com\\\/noticias\\\/maria-corina-machado-lleva-su-nobel-a-la-casa-blanca-y-busca-amarrar-respaldo-de-trump-a-la-transicion\\\/#breadcrumb\",\"itemListElement\":[{\"@type\":\"ListItem\",\"position\":1,\"name\":\"Home\",\"item\":\"https:\\\/\\\/www.cuballama.com\\\/noticias\\\/\"},{\"@type\":\"ListItem\",\"position\":2,\"name\":\"Mar\u00eda Corina Machado lleva su Nobel a la Casa Blanca y busca amarrar respaldo de Trump a la transici\u00f3n\"}]},{\"@type\":\"WebSite\",\"@id\":\"https:\\\/\\\/www.cuballama.com\\\/noticias\\\/#website\",\"url\":\"https:\\\/\\\/www.cuballama.com\\\/noticias\\\/\",\"name\":\"Cuballama Noticias\",\"description\":\"Medio digital sobre Cuba y el mundo\",\"publisher\":{\"@id\":\"https:\\\/\\\/www.cuballama.com\\\/noticias\\\/#organization\"},\"potentialAction\":[{\"@type\":\"SearchAction\",\"target\":{\"@type\":\"EntryPoint\",\"urlTemplate\":\"https:\\\/\\\/www.cuballama.com\\\/noticias\\\/?s={search_term_string}\"},\"query-input\":{\"@type\":\"PropertyValueSpecification\",\"valueRequired\":true,\"valueName\":\"search_term_string\"}}],\"inLanguage\":\"es\"},{\"@type\":\"Organization\",\"@id\":\"https:\\\/\\\/www.cuballama.com\\\/noticias\\\/#organization\",\"name\":\"Cuballama\",\"url\":\"https:\\\/\\\/www.cuballama.com\\\/noticias\\\/\",\"logo\":{\"@type\":\"ImageObject\",\"inLanguage\":\"es\",\"@id\":\"https:\\\/\\\/www.cuballama.com\\\/noticias\\\/#\\\/schema\\\/logo\\\/image\\\/\",\"url\":\"https:\\\/\\\/cdn1.mediawpaccore.net\\\/wp-content\\\/uploads\\\/2021\\\/12\\\/28171206\\\/cbll-logo-color-sm.png\",\"contentUrl\":\"https:\\\/\\\/cdn1.mediawpaccore.net\\\/wp-content\\\/uploads\\\/2021\\\/12\\\/28171206\\\/cbll-logo-color-sm.png\",\"width\":600,\"height\":133,\"caption\":\"Cuballama\"},\"image\":{\"@id\":\"https:\\\/\\\/www.cuballama.com\\\/noticias\\\/#\\\/schema\\\/logo\\\/image\\\/\"},\"sameAs\":[\"https:\\\/\\\/www.facebook.com\\\/CubaLlama\",\"https:\\\/\\\/x.com\\\/cuballama\",\"https:\\\/\\\/www.instagram.com\\\/stories\\\/cuballama_oficial\\\/\",\"https:\\\/\\\/www.youtube.com\\\/channel\\\/UCKkFE-d_axENGZcrc4as0IA\"]},{\"@type\":\"Person\",\"@id\":\"https:\\\/\\\/www.cuballama.com\\\/noticias\\\/#\\\/schema\\\/person\\\/a58502ed4146c8e9f83872e897c76cd2\",\"name\":\"Roberto A.\",\"description\":\"Roberto A. Periodista por decisi\u00f3n propia. Interesado en cualquier tema que me apasione y cada vez m\u00e1s comprometido con la verdad y la objetividad period\u00edstica. Graduado en La Habana hace ya muchos a\u00f1os, luego de una accidentada y polvorienta b\u00fasqueda de informaci\u00f3n sobre un tema in\u00e9dito. La Tesis, por cierto, desapareci\u00f3 de la biblioteca y no se conservan copias de la misma.\",\"url\":\"https:\\\/\\\/www.cuballama.com\\\/noticias\\\/author\\\/roberto\\\/\"}]}<\/script>\n<!-- \/ Yoast SEO plugin. -->","yoast_head_json":{"title":"Mar\u00eda Corina Machado lleva su Nobel a la Casa Blanca y busca amarrar respaldo de Trump a la transici\u00f3n - Cuballama Noticias","description":"Machado llev\u00f3 su Nobel a Trump en la Casa Blanca y pidi\u00f3 apoyo a la transici\u00f3n; Washington evita fijar fechas a\u00fan, por ahora.","robots":{"index":"index","follow":"follow","max-snippet":"max-snippet:-1","max-image-preview":"max-image-preview:large","max-video-preview":"max-video-preview:-1"},"canonical":"https:\/\/www.cuballama.com\/noticias\/maria-corina-machado-lleva-su-nobel-a-la-casa-blanca-y-busca-amarrar-respaldo-de-trump-a-la-transicion\/","og_locale":"es_ES","og_type":"article","og_title":"Mar\u00eda Corina Machado lleva su Nobel a la Casa Blanca y busca amarrar respaldo de Trump a la transici\u00f3n - Cuballama Noticias","og_description":"Machado llev\u00f3 su Nobel a Trump en la Casa Blanca y pidi\u00f3 apoyo a la transici\u00f3n; Washington evita fijar fechas a\u00fan, por ahora.","og_url":"https:\/\/www.cuballama.com\/noticias\/maria-corina-machado-lleva-su-nobel-a-la-casa-blanca-y-busca-amarrar-respaldo-de-trump-a-la-transicion\/","og_site_name":"Cuballama Noticias","article_publisher":"https:\/\/www.facebook.com\/CubaLlama","article_published_time":"2026-01-16T14:48:07+00:00","article_modified_time":"2026-01-16T14:48:09+00:00","og_image":[{"width":1200,"height":630,"url":"https:\/\/cdn1.mediawpaccore.net\/wp-content\/uploads\/2026\/01\/16051801\/Trump-Corina.jpg","type":"image\/jpeg"}],"author":"Roberto A.","twitter_card":"summary_large_image","twitter_creator":"@cuballama","twitter_site":"@cuballama","twitter_misc":{"Escrito por":"Roberto A.","Tiempo de lectura":"3 minutos"},"schema":{"@context":"https:\/\/schema.org","@graph":[{"@type":"Article","@id":"https:\/\/www.cuballama.com\/noticias\/maria-corina-machado-lleva-su-nobel-a-la-casa-blanca-y-busca-amarrar-respaldo-de-trump-a-la-transicion\/#article","isPartOf":{"@id":"https:\/\/www.cuballama.com\/noticias\/maria-corina-machado-lleva-su-nobel-a-la-casa-blanca-y-busca-amarrar-respaldo-de-trump-a-la-transicion\/"},"author":{"name":"Roberto A.","@id":"https:\/\/www.cuballama.com\/noticias\/#\/schema\/person\/a58502ed4146c8e9f83872e897c76cd2"},"headline":"Mar\u00eda Corina Machado lleva su Nobel a la Casa Blanca y busca amarrar respaldo de Trump a la transici\u00f3n","datePublished":"2026-01-16T14:48:07+00:00","dateModified":"2026-01-16T14:48:09+00:00","mainEntityOfPage":{"@id":"https:\/\/www.cuballama.com\/noticias\/maria-corina-machado-lleva-su-nobel-a-la-casa-blanca-y-busca-amarrar-respaldo-de-trump-a-la-transicion\/"},"wordCount":573,"commentCount":0,"publisher":{"@id":"https:\/\/www.cuballama.com\/noticias\/#organization"},"image":{"@id":"https:\/\/www.cuballama.com\/noticias\/maria-corina-machado-lleva-su-nobel-a-la-casa-blanca-y-busca-amarrar-respaldo-de-trump-a-la-transicion\/#primaryimage"},"thumbnailUrl":"https:\/\/cdn1.mediawpaccore.net\/wp-content\/uploads\/2026\/01\/16051801\/Trump-Corina.jpg","keywords":["Casa Blanca","Donald Trump","Mar\u00eda Corina Machado","Nobel de la Paz","superdestacado","transici\u00f3n","transici\u00f3n democr\u00e1tica","venezuela"],"articleSection":["Noticias","Noticias de Cuba"],"inLanguage":"es","potentialAction":[{"@type":"CommentAction","name":"Comment","target":["https:\/\/www.cuballama.com\/noticias\/maria-corina-machado-lleva-su-nobel-a-la-casa-blanca-y-busca-amarrar-respaldo-de-trump-a-la-transicion\/#respond"]}]},{"@type":"WebPage","@id":"https:\/\/www.cuballama.com\/noticias\/maria-corina-machado-lleva-su-nobel-a-la-casa-blanca-y-busca-amarrar-respaldo-de-trump-a-la-transicion\/","url":"https:\/\/www.cuballama.com\/noticias\/maria-corina-machado-lleva-su-nobel-a-la-casa-blanca-y-busca-amarrar-respaldo-de-trump-a-la-transicion\/","name":"Mar\u00eda Corina Machado lleva su Nobel a la Casa Blanca y busca amarrar respaldo de Trump a la transici\u00f3n - Cuballama Noticias","isPartOf":{"@id":"https:\/\/www.cuballama.com\/noticias\/#website"},"primaryImageOfPage":{"@id":"https:\/\/www.cuballama.com\/noticias\/maria-corina-machado-lleva-su-nobel-a-la-casa-blanca-y-busca-amarrar-respaldo-de-trump-a-la-transicion\/#primaryimage"},"image":{"@id":"https:\/\/www.cuballama.com\/noticias\/maria-corina-machado-lleva-su-nobel-a-la-casa-blanca-y-busca-amarrar-respaldo-de-trump-a-la-transicion\/#primaryimage"},"thumbnailUrl":"https:\/\/cdn1.mediawpaccore.net\/wp-content\/uploads\/2026\/01\/16051801\/Trump-Corina.jpg","datePublished":"2026-01-16T14:48:07+00:00","dateModified":"2026-01-16T14:48:09+00:00","description":"Machado llev\u00f3 su Nobel a Trump en la Casa Blanca y pidi\u00f3 apoyo a la transici\u00f3n; Washington evita fijar fechas a\u00fan, por ahora.","breadcrumb":{"@id":"https:\/\/www.cuballama.com\/noticias\/maria-corina-machado-lleva-su-nobel-a-la-casa-blanca-y-busca-amarrar-respaldo-de-trump-a-la-transicion\/#breadcrumb"},"inLanguage":"es","potentialAction":[{"@type":"ReadAction","target":["https:\/\/www.cuballama.com\/noticias\/maria-corina-machado-lleva-su-nobel-a-la-casa-blanca-y-busca-amarrar-respaldo-de-trump-a-la-transicion\/"]}]},{"@type":"ImageObject","inLanguage":"es","@id":"https:\/\/www.cuballama.com\/noticias\/maria-corina-machado-lleva-su-nobel-a-la-casa-blanca-y-busca-amarrar-respaldo-de-trump-a-la-transicion\/#primaryimage","url":"https:\/\/cdn1.mediawpaccore.net\/wp-content\/uploads\/2026\/01\/16051801\/Trump-Corina.jpg","contentUrl":"https:\/\/cdn1.mediawpaccore.net\/wp-content\/uploads\/2026\/01\/16051801\/Trump-Corina.jpg","width":1200,"height":630,"caption":"Foto: V\u00eda https:\/\/x.com\/WhiteHouse\/"},{"@type":"BreadcrumbList","@id":"https:\/\/www.cuballama.com\/noticias\/maria-corina-machado-lleva-su-nobel-a-la-casa-blanca-y-busca-amarrar-respaldo-de-trump-a-la-transicion\/#breadcrumb","itemListElement":[{"@type":"ListItem","position":1,"name":"Home","item":"https:\/\/www.cuballama.com\/noticias\/"},{"@type":"ListItem","position":2,"name":"Mar\u00eda Corina Machado lleva su Nobel a la Casa Blanca y busca amarrar respaldo de Trump a la transici\u00f3n"}]},{"@type":"WebSite","@id":"https:\/\/www.cuballama.com\/noticias\/#website","url":"https:\/\/www.cuballama.com\/noticias\/","name":"Cuballama Noticias","description":"Medio digital sobre Cuba y el mundo","publisher":{"@id":"https:\/\/www.cuballama.com\/noticias\/#organization"},"potentialAction":[{"@type":"SearchAction","target":{"@type":"EntryPoint","urlTemplate":"https:\/\/www.cuballama.com\/noticias\/?s={search_term_string}"},"query-input":{"@type":"PropertyValueSpecification","valueRequired":true,"valueName":"search_term_string"}}],"inLanguage":"es"},{"@type":"Organization","@id":"https:\/\/www.cuballama.com\/noticias\/#organization","name":"Cuballama","url":"https:\/\/www.cuballama.com\/noticias\/","logo":{"@type":"ImageObject","inLanguage":"es","@id":"https:\/\/www.cuballama.com\/noticias\/#\/schema\/logo\/image\/","url":"https:\/\/cdn1.mediawpaccore.net\/wp-content\/uploads\/2021\/12\/28171206\/cbll-logo-color-sm.png","contentUrl":"https:\/\/cdn1.mediawpaccore.net\/wp-content\/uploads\/2021\/12\/28171206\/cbll-logo-color-sm.png","width":600,"height":133,"caption":"Cuballama"},"image":{"@id":"https:\/\/www.cuballama.com\/noticias\/#\/schema\/logo\/image\/"},"sameAs":["https:\/\/www.facebook.com\/CubaLlama","https:\/\/x.com\/cuballama","https:\/\/www.instagram.com\/stories\/cuballama_oficial\/","https:\/\/www.youtube.com\/channel\/UCKkFE-d_axENGZcrc4as0IA"]},{"@type":"Person","@id":"https:\/\/www.cuballama.com\/noticias\/#\/schema\/person\/a58502ed4146c8e9f83872e897c76cd2","name":"Roberto A.","description":"Roberto A. Periodista por decisi\u00f3n propia. Interesado en cualquier tema que me apasione y cada vez m\u00e1s comprometido con la verdad y la objetividad period\u00edstica. Graduado en La Habana hace ya muchos a\u00f1os, luego de una accidentada y polvorienta b\u00fasqueda de informaci\u00f3n sobre un tema in\u00e9dito. La Tesis, por cierto, desapareci\u00f3 de la biblioteca y no se conservan copias de la misma.","url":"https:\/\/www.cuballama.com\/noticias\/author\/roberto\/"}]}},"_links":{"self":[{"href":"https:\/\/www.cuballama.com\/noticias\/wp-json\/wp\/v2\/posts\/232177","targetHints":{"allow":["GET"]}}],"collection":[{"href":"https:\/\/www.cuballama.com\/noticias\/wp-json\/wp\/v2\/posts"}],"about":[{"href":"https:\/\/www.cuballama.com\/noticias\/wp-json\/wp\/v2\/types\/post"}],"author":[{"embeddable":true,"href":"https:\/\/www.cuballama.com\/noticias\/wp-json\/wp\/v2\/users\/13"}],"replies":[{"embeddable":true,"href":"https:\/\/www.cuballama.com\/noticias\/wp-json\/wp\/v2\/comments?post=232177"}],"version-history":[{"count":6,"href":"https:\/\/www.cuballama.com\/noticias\/wp-json\/wp\/v2\/posts\/232177\/revisions"}],"predecessor-version":[{"id":232291,"href":"https:\/\/www.cuballama.com\/noticias\/wp-json\/wp\/v2\/posts\/232177\/revisions\/232291"}],"wp:featuredmedia":[{"embeddable":true,"href":"https:\/\/www.cuballama.com\/noticias\/wp-json\/wp\/v2\/media\/232243"}],"wp:attachment":[{"href":"https:\/\/www.cuballama.com\/noticias\/wp-json\/wp\/v2\/media?parent=232177"}],"wp:term":[{"taxonomy":"category","embeddable":true,"href":"https:\/\/www.cuballama.com\/noticias\/wp-json\/wp\/v2\/categories?post=232177"},{"taxonomy":"post_tag","embeddable":true,"href":"https:\/\/www.cuballama.com\/noticias\/wp-json\/wp\/v2\/tags?post=232177"}],"curies":[{"name":"wp","href":"https:\/\/api.w.org\/{rel}","templated":true}]}}