{"id":232171,"date":"2026-01-16T09:05:59","date_gmt":"2026-01-16T14:05:59","guid":{"rendered":"https:\/\/www.cuballama.com\/noticias\/?p=232171"},"modified":"2026-01-16T09:06:01","modified_gmt":"2026-01-16T14:06:01","slug":"capturan-en-mexico-a-cubano-vinculado-con-red-de-trafico-de-personas","status":"publish","type":"post","link":"https:\/\/www.cuballama.com\/noticias\/capturan-en-mexico-a-cubano-vinculado-con-red-de-trafico-de-personas\/","title":{"rendered":"Capturan en M\u00e9xico a cubano vinculado con red de tr\u00e1fico de personas"},"content":{"rendered":"\n<p>Un cubano identificado como Remigio \u2018N\u2019 fue detenido el pasado mi\u00e9rcoles por fuerzas de seguridad durante un operativo de vigilancia en Canc\u00fan, en el estado mexicano de Quintana Roo, al ser se\u00f1alado como presunto responsable de delitos contra la salud y la portaci\u00f3n de arma de fuego de uso exclusivo del ej\u00e9rcito.<\/p>\n\n\n\n<p>De acuerdo con informaci\u00f3n oficial, el hombre es considerado un objetivo prioritario en el mapa delictivo de Quintana Roo por su presunta relaci\u00f3n con una c\u00e9lula delictiva internacional cubanoamericana, vinculada al tr\u00e1fico de personas indocumentadas y asociada al C\u00e1rtel de Sinaloa, una de las organizaciones criminales m\u00e1s poderosas de M\u00e9xico.<\/p>\n\n\n\n<p>Remigio \u2018N\u2019, que cuenta con antecedentes por robo en Florida, Estados Unidos, y con seguimiento del Bur\u00f3 Federal de Investigaciones (FBI), fue detenido por elementos del Grupo Centuri\u00f3n de la Secretar\u00eda de Seguridad Ciudadana, en coordinaci\u00f3n con personal de la Secretar\u00eda de Marina y de la Secretar\u00eda de la Defensa Nacional.&nbsp;<\/p>\n\n\n\n<blockquote class=\"twitter-tweet\"><p lang=\"es\" dir=\"ltr\"><a href=\"https:\/\/twitter.com\/hashtag\/Seguridad?src=hash&amp;ref_src=twsrc%5Etfw\">#Seguridad<\/a> \ud83d\udea8\ud83d\ude94 I Remigio \u201cN\u201d, estar\u00eda tambi\u00e9n vinculado a una c\u00e9lula delictiva internacional cubano-americana, relacionada con el tr\u00e1fico de indocumentados. <a href=\"https:\/\/twitter.com\/hashtag\/Detenido?src=hash&amp;ref_src=twsrc%5Etfw\">#Detenido<\/a> <a href=\"https:\/\/twitter.com\/hashtag\/Canc%C3%BAn?src=hash&amp;ref_src=twsrc%5Etfw\">#Canc\u00fan<\/a> <a href=\"https:\/\/twitter.com\/hashtag\/C%C3%A1rtelDeSinaloa?src=hash&amp;ref_src=twsrc%5Etfw\">#C\u00e1rtelDeSinaloa<\/a> <a href=\"https:\/\/t.co\/M5d9VMsdpo\">https:\/\/t.co\/M5d9VMsdpo<\/a><\/p>&mdash; Quintana Roo HOY (@QuintanaRooHoy1) <a href=\"https:\/\/twitter.com\/QuintanaRooHoy1\/status\/2011828358988918851?ref_src=twsrc%5Etfw\">January 15, 2026<\/a><\/blockquote> <script async src=\"https:\/\/platform.twitter.com\/widgets.js\" charset=\"utf-8\"><\/script> \n\n\n\n<p>Los hechos tuvieron lugar en la avenida Huayac\u00e1n, una de las zonas de mayor crecimiento urbano del municipio de Benito Ju\u00e1rez, mientras los agentes realizaban recorridos preventivos.&nbsp;<\/p>\n\n\n\n<p>Los efectivos detectaron al hombre manipulando varias bolsitas de pl\u00e1stico con vegetal verde con caracter\u00edsticas similares a la marihuana, motivo por el cual se procedi\u00f3 a la inspecci\u00f3n. As\u00ed, un hecho aparentemente menor termin\u00f3 destapando un historial grave.<\/p>\n\n\n\n<p>Finalmente, se decomisaron una mochila con 72 bolsitas con hierba seca, 81 envoltorios con fragmentos cristalinos y 240 pesos en efectivo, as\u00ed como 10 cartuchos calibre 5.56 mil\u00edmetros, un arma de fuego corta de color negro con empu\u00f1adura plateada, un cargador, 13 cartuchos calibre 9 mil\u00edmetros y un tel\u00e9fono celular.<\/p>\n\n\n\n<p>Tras su detenci\u00f3n, Remigio &#8216;N&#8217; fue puesto a disposici\u00f3n de la Fiscal\u00eda Especializada en Combate al Delito de Narcomenudeo, instancia que continuar\u00e1 con las investigaciones correspondientes para determinar su situaci\u00f3n jur\u00eddica.<\/p>\n\n\n\n<p><\/p>\n","protected":false},"excerpt":{"rendered":"<p>El hombre cuenta con cargos en Florida, Estados Unidos, y era seguido por el Bur\u00f3 Federal de Investigaciones.<\/p>\n","protected":false},"author":30,"featured_media":232176,"comment_status":"open","ping_status":"closed","sticky":false,"template":"","format":"standard","meta":{"_acf_changed":false,"footnotes":""},"categories":[24076,955],"tags":[30056,17274,941,28787,4158],"class_list":{"0":"post-232171","1":"post","2":"type-post","3":"status-publish","4":"format-standard","5":"has-post-thumbnail","7":"category-featured","8":"category-noticias-de-cuba","9":"tag-cartel-de-sinaloa","10":"tag-cubanos-en-cancun","11":"tag-destacado","12":"tag-guerra-contra-los-carteles","13":"tag-trafico-humano"},"acf":[],"yoast_head":"<!-- This site is optimized with the Yoast SEO plugin v27.4 - https:\/\/yoast.com\/product\/yoast-seo-wordpress\/ -->\n<title>Capturan en M\u00e9xico a cubano vinculado con red de tr\u00e1fico de personas - Cuballama Noticias<\/title>\n<meta name=\"description\" content=\"Esta semana fue detenido en M\u00e9xico un cubano con presuntos lazos con una c\u00e9lula delictiva internacional cubanoamericana.\" \/>\n<meta name=\"robots\" content=\"index, follow, max-snippet:-1, max-image-preview:large, max-video-preview:-1\" \/>\n<link rel=\"canonical\" href=\"https:\/\/www.cuballama.com\/noticias\/capturan-en-mexico-a-cubano-vinculado-con-red-de-trafico-de-personas\/\" \/>\n<meta property=\"og:locale\" content=\"es_ES\" \/>\n<meta property=\"og:type\" content=\"article\" \/>\n<meta property=\"og:title\" content=\"Capturan en M\u00e9xico a cubano vinculado con red de tr\u00e1fico de personas - Cuballama Noticias\" \/>\n<meta property=\"og:description\" content=\"Esta semana fue detenido en M\u00e9xico un cubano con presuntos lazos con una c\u00e9lula delictiva internacional cubanoamericana.\" \/>\n<meta property=\"og:url\" content=\"https:\/\/www.cuballama.com\/noticias\/capturan-en-mexico-a-cubano-vinculado-con-red-de-trafico-de-personas\/\" \/>\n<meta property=\"og:site_name\" content=\"Cuballama Noticias\" \/>\n<meta property=\"article:publisher\" content=\"https:\/\/www.facebook.com\/CubaLlama\" \/>\n<meta property=\"article:published_time\" content=\"2026-01-16T14:05:59+00:00\" \/>\n<meta property=\"article:modified_time\" content=\"2026-01-16T14:06:01+00:00\" \/>\n<meta property=\"og:image\" content=\"https:\/\/cdn1.mediawpaccore.net\/wp-content\/uploads\/2026\/01\/15230352\/J4cOFTMFzBGZAypdZcOylU5xmZAaczEDkuow9vKx1.jpg\" \/>\n\t<meta property=\"og:image:width\" content=\"1200\" \/>\n\t<meta property=\"og:image:height\" content=\"630\" \/>\n\t<meta property=\"og:image:type\" content=\"image\/jpeg\" \/>\n<meta name=\"author\" content=\"Kathy\" \/>\n<meta name=\"twitter:card\" content=\"summary_large_image\" \/>\n<meta name=\"twitter:creator\" content=\"@cuballama\" \/>\n<meta name=\"twitter:site\" content=\"@cuballama\" \/>\n<meta name=\"twitter:label1\" content=\"Escrito por\" \/>\n\t<meta name=\"twitter:data1\" content=\"Kathy\" \/>\n\t<meta name=\"twitter:label2\" content=\"Tiempo de lectura\" \/>\n\t<meta name=\"twitter:data2\" content=\"2 minutos\" \/>\n<script type=\"application\/ld+json\" class=\"yoast-schema-graph\">{\"@context\":\"https:\\\/\\\/schema.org\",\"@graph\":[{\"@type\":\"Article\",\"@id\":\"https:\\\/\\\/www.cuballama.com\\\/noticias\\\/capturan-en-mexico-a-cubano-vinculado-con-red-de-trafico-de-personas\\\/#article\",\"isPartOf\":{\"@id\":\"https:\\\/\\\/www.cuballama.com\\\/noticias\\\/capturan-en-mexico-a-cubano-vinculado-con-red-de-trafico-de-personas\\\/\"},\"author\":{\"name\":\"Kathy\",\"@id\":\"https:\\\/\\\/www.cuballama.com\\\/noticias\\\/#\\\/schema\\\/person\\\/86cd3e3f4974437f031211213bf892d5\"},\"headline\":\"Capturan en M\u00e9xico a cubano vinculado con red de tr\u00e1fico de personas\",\"datePublished\":\"2026-01-16T14:05:59+00:00\",\"dateModified\":\"2026-01-16T14:06:01+00:00\",\"mainEntityOfPage\":{\"@id\":\"https:\\\/\\\/www.cuballama.com\\\/noticias\\\/capturan-en-mexico-a-cubano-vinculado-con-red-de-trafico-de-personas\\\/\"},\"wordCount\":379,\"commentCount\":0,\"publisher\":{\"@id\":\"https:\\\/\\\/www.cuballama.com\\\/noticias\\\/#organization\"},\"image\":{\"@id\":\"https:\\\/\\\/www.cuballama.com\\\/noticias\\\/capturan-en-mexico-a-cubano-vinculado-con-red-de-trafico-de-personas\\\/#primaryimage\"},\"thumbnailUrl\":\"https:\\\/\\\/cdn1.mediawpaccore.net\\\/wp-content\\\/uploads\\\/2026\\\/01\\\/15230352\\\/J4cOFTMFzBGZAypdZcOylU5xmZAaczEDkuow9vKx1.jpg\",\"keywords\":[\"C\u00e1rtel de Sinaloa\",\"cubanos en Canc\u00fan\",\"destacado\",\"guerra contra los c\u00e1rteles\",\"Tr\u00e1fico humano\"],\"articleSection\":[\"Featured\",\"Noticias de Cuba\"],\"inLanguage\":\"es\",\"potentialAction\":[{\"@type\":\"CommentAction\",\"name\":\"Comment\",\"target\":[\"https:\\\/\\\/www.cuballama.com\\\/noticias\\\/capturan-en-mexico-a-cubano-vinculado-con-red-de-trafico-de-personas\\\/#respond\"]}]},{\"@type\":\"WebPage\",\"@id\":\"https:\\\/\\\/www.cuballama.com\\\/noticias\\\/capturan-en-mexico-a-cubano-vinculado-con-red-de-trafico-de-personas\\\/\",\"url\":\"https:\\\/\\\/www.cuballama.com\\\/noticias\\\/capturan-en-mexico-a-cubano-vinculado-con-red-de-trafico-de-personas\\\/\",\"name\":\"Capturan en M\u00e9xico a cubano vinculado con red de tr\u00e1fico de personas - Cuballama Noticias\",\"isPartOf\":{\"@id\":\"https:\\\/\\\/www.cuballama.com\\\/noticias\\\/#website\"},\"primaryImageOfPage\":{\"@id\":\"https:\\\/\\\/www.cuballama.com\\\/noticias\\\/capturan-en-mexico-a-cubano-vinculado-con-red-de-trafico-de-personas\\\/#primaryimage\"},\"image\":{\"@id\":\"https:\\\/\\\/www.cuballama.com\\\/noticias\\\/capturan-en-mexico-a-cubano-vinculado-con-red-de-trafico-de-personas\\\/#primaryimage\"},\"thumbnailUrl\":\"https:\\\/\\\/cdn1.mediawpaccore.net\\\/wp-content\\\/uploads\\\/2026\\\/01\\\/15230352\\\/J4cOFTMFzBGZAypdZcOylU5xmZAaczEDkuow9vKx1.jpg\",\"datePublished\":\"2026-01-16T14:05:59+00:00\",\"dateModified\":\"2026-01-16T14:06:01+00:00\",\"description\":\"Esta semana fue detenido en M\u00e9xico un cubano con presuntos lazos con una c\u00e9lula delictiva internacional cubanoamericana.\",\"breadcrumb\":{\"@id\":\"https:\\\/\\\/www.cuballama.com\\\/noticias\\\/capturan-en-mexico-a-cubano-vinculado-con-red-de-trafico-de-personas\\\/#breadcrumb\"},\"inLanguage\":\"es\",\"potentialAction\":[{\"@type\":\"ReadAction\",\"target\":[\"https:\\\/\\\/www.cuballama.com\\\/noticias\\\/capturan-en-mexico-a-cubano-vinculado-con-red-de-trafico-de-personas\\\/\"]}]},{\"@type\":\"ImageObject\",\"inLanguage\":\"es\",\"@id\":\"https:\\\/\\\/www.cuballama.com\\\/noticias\\\/capturan-en-mexico-a-cubano-vinculado-con-red-de-trafico-de-personas\\\/#primaryimage\",\"url\":\"https:\\\/\\\/cdn1.mediawpaccore.net\\\/wp-content\\\/uploads\\\/2026\\\/01\\\/15230352\\\/J4cOFTMFzBGZAypdZcOylU5xmZAaczEDkuow9vKx1.jpg\",\"contentUrl\":\"https:\\\/\\\/cdn1.mediawpaccore.net\\\/wp-content\\\/uploads\\\/2026\\\/01\\\/15230352\\\/J4cOFTMFzBGZAypdZcOylU5xmZAaczEDkuow9vKx1.jpg\",\"width\":1200,\"height\":630,\"caption\":\"Cubano detenido en M\u00e9xico\"},{\"@type\":\"BreadcrumbList\",\"@id\":\"https:\\\/\\\/www.cuballama.com\\\/noticias\\\/capturan-en-mexico-a-cubano-vinculado-con-red-de-trafico-de-personas\\\/#breadcrumb\",\"itemListElement\":[{\"@type\":\"ListItem\",\"position\":1,\"name\":\"Home\",\"item\":\"https:\\\/\\\/www.cuballama.com\\\/noticias\\\/\"},{\"@type\":\"ListItem\",\"position\":2,\"name\":\"Capturan en M\u00e9xico a cubano vinculado con red de tr\u00e1fico de personas\"}]},{\"@type\":\"WebSite\",\"@id\":\"https:\\\/\\\/www.cuballama.com\\\/noticias\\\/#website\",\"url\":\"https:\\\/\\\/www.cuballama.com\\\/noticias\\\/\",\"name\":\"Cuballama Noticias\",\"description\":\"Medio digital sobre Cuba y el mundo\",\"publisher\":{\"@id\":\"https:\\\/\\\/www.cuballama.com\\\/noticias\\\/#organization\"},\"potentialAction\":[{\"@type\":\"SearchAction\",\"target\":{\"@type\":\"EntryPoint\",\"urlTemplate\":\"https:\\\/\\\/www.cuballama.com\\\/noticias\\\/?s={search_term_string}\"},\"query-input\":{\"@type\":\"PropertyValueSpecification\",\"valueRequired\":true,\"valueName\":\"search_term_string\"}}],\"inLanguage\":\"es\"},{\"@type\":\"Organization\",\"@id\":\"https:\\\/\\\/www.cuballama.com\\\/noticias\\\/#organization\",\"name\":\"Cuballama\",\"url\":\"https:\\\/\\\/www.cuballama.com\\\/noticias\\\/\",\"logo\":{\"@type\":\"ImageObject\",\"inLanguage\":\"es\",\"@id\":\"https:\\\/\\\/www.cuballama.com\\\/noticias\\\/#\\\/schema\\\/logo\\\/image\\\/\",\"url\":\"https:\\\/\\\/cdn1.mediawpaccore.net\\\/wp-content\\\/uploads\\\/2021\\\/12\\\/28171206\\\/cbll-logo-color-sm.png\",\"contentUrl\":\"https:\\\/\\\/cdn1.mediawpaccore.net\\\/wp-content\\\/uploads\\\/2021\\\/12\\\/28171206\\\/cbll-logo-color-sm.png\",\"width\":600,\"height\":133,\"caption\":\"Cuballama\"},\"image\":{\"@id\":\"https:\\\/\\\/www.cuballama.com\\\/noticias\\\/#\\\/schema\\\/logo\\\/image\\\/\"},\"sameAs\":[\"https:\\\/\\\/www.facebook.com\\\/CubaLlama\",\"https:\\\/\\\/x.com\\\/cuballama\",\"https:\\\/\\\/www.instagram.com\\\/stories\\\/cuballama_oficial\\\/\",\"https:\\\/\\\/www.youtube.com\\\/channel\\\/UCKkFE-d_axENGZcrc4as0IA\"]},{\"@type\":\"Person\",\"@id\":\"https:\\\/\\\/www.cuballama.com\\\/noticias\\\/#\\\/schema\\\/person\\\/86cd3e3f4974437f031211213bf892d5\",\"name\":\"Kathy\",\"url\":\"https:\\\/\\\/www.cuballama.com\\\/noticias\\\/author\\\/kathy\\\/\"}]}<\/script>\n<!-- \/ Yoast SEO plugin. -->","yoast_head_json":{"title":"Capturan en M\u00e9xico a cubano vinculado con red de tr\u00e1fico de personas - Cuballama Noticias","description":"Esta semana fue detenido en M\u00e9xico un cubano con presuntos lazos con una c\u00e9lula delictiva internacional cubanoamericana.","robots":{"index":"index","follow":"follow","max-snippet":"max-snippet:-1","max-image-preview":"max-image-preview:large","max-video-preview":"max-video-preview:-1"},"canonical":"https:\/\/www.cuballama.com\/noticias\/capturan-en-mexico-a-cubano-vinculado-con-red-de-trafico-de-personas\/","og_locale":"es_ES","og_type":"article","og_title":"Capturan en M\u00e9xico a cubano vinculado con red de tr\u00e1fico de personas - Cuballama Noticias","og_description":"Esta semana fue detenido en M\u00e9xico un cubano con presuntos lazos con una c\u00e9lula delictiva internacional cubanoamericana.","og_url":"https:\/\/www.cuballama.com\/noticias\/capturan-en-mexico-a-cubano-vinculado-con-red-de-trafico-de-personas\/","og_site_name":"Cuballama Noticias","article_publisher":"https:\/\/www.facebook.com\/CubaLlama","article_published_time":"2026-01-16T14:05:59+00:00","article_modified_time":"2026-01-16T14:06:01+00:00","og_image":[{"width":1200,"height":630,"url":"https:\/\/cdn1.mediawpaccore.net\/wp-content\/uploads\/2026\/01\/15230352\/J4cOFTMFzBGZAypdZcOylU5xmZAaczEDkuow9vKx1.jpg","type":"image\/jpeg"}],"author":"Kathy","twitter_card":"summary_large_image","twitter_creator":"@cuballama","twitter_site":"@cuballama","twitter_misc":{"Escrito por":"Kathy","Tiempo de lectura":"2 minutos"},"schema":{"@context":"https:\/\/schema.org","@graph":[{"@type":"Article","@id":"https:\/\/www.cuballama.com\/noticias\/capturan-en-mexico-a-cubano-vinculado-con-red-de-trafico-de-personas\/#article","isPartOf":{"@id":"https:\/\/www.cuballama.com\/noticias\/capturan-en-mexico-a-cubano-vinculado-con-red-de-trafico-de-personas\/"},"author":{"name":"Kathy","@id":"https:\/\/www.cuballama.com\/noticias\/#\/schema\/person\/86cd3e3f4974437f031211213bf892d5"},"headline":"Capturan en M\u00e9xico a cubano vinculado con red de tr\u00e1fico de personas","datePublished":"2026-01-16T14:05:59+00:00","dateModified":"2026-01-16T14:06:01+00:00","mainEntityOfPage":{"@id":"https:\/\/www.cuballama.com\/noticias\/capturan-en-mexico-a-cubano-vinculado-con-red-de-trafico-de-personas\/"},"wordCount":379,"commentCount":0,"publisher":{"@id":"https:\/\/www.cuballama.com\/noticias\/#organization"},"image":{"@id":"https:\/\/www.cuballama.com\/noticias\/capturan-en-mexico-a-cubano-vinculado-con-red-de-trafico-de-personas\/#primaryimage"},"thumbnailUrl":"https:\/\/cdn1.mediawpaccore.net\/wp-content\/uploads\/2026\/01\/15230352\/J4cOFTMFzBGZAypdZcOylU5xmZAaczEDkuow9vKx1.jpg","keywords":["C\u00e1rtel de Sinaloa","cubanos en Canc\u00fan","destacado","guerra contra los c\u00e1rteles","Tr\u00e1fico humano"],"articleSection":["Featured","Noticias de Cuba"],"inLanguage":"es","potentialAction":[{"@type":"CommentAction","name":"Comment","target":["https:\/\/www.cuballama.com\/noticias\/capturan-en-mexico-a-cubano-vinculado-con-red-de-trafico-de-personas\/#respond"]}]},{"@type":"WebPage","@id":"https:\/\/www.cuballama.com\/noticias\/capturan-en-mexico-a-cubano-vinculado-con-red-de-trafico-de-personas\/","url":"https:\/\/www.cuballama.com\/noticias\/capturan-en-mexico-a-cubano-vinculado-con-red-de-trafico-de-personas\/","name":"Capturan en M\u00e9xico a cubano vinculado con red de tr\u00e1fico de personas - Cuballama Noticias","isPartOf":{"@id":"https:\/\/www.cuballama.com\/noticias\/#website"},"primaryImageOfPage":{"@id":"https:\/\/www.cuballama.com\/noticias\/capturan-en-mexico-a-cubano-vinculado-con-red-de-trafico-de-personas\/#primaryimage"},"image":{"@id":"https:\/\/www.cuballama.com\/noticias\/capturan-en-mexico-a-cubano-vinculado-con-red-de-trafico-de-personas\/#primaryimage"},"thumbnailUrl":"https:\/\/cdn1.mediawpaccore.net\/wp-content\/uploads\/2026\/01\/15230352\/J4cOFTMFzBGZAypdZcOylU5xmZAaczEDkuow9vKx1.jpg","datePublished":"2026-01-16T14:05:59+00:00","dateModified":"2026-01-16T14:06:01+00:00","description":"Esta semana fue detenido en M\u00e9xico un cubano con presuntos lazos con una c\u00e9lula delictiva internacional cubanoamericana.","breadcrumb":{"@id":"https:\/\/www.cuballama.com\/noticias\/capturan-en-mexico-a-cubano-vinculado-con-red-de-trafico-de-personas\/#breadcrumb"},"inLanguage":"es","potentialAction":[{"@type":"ReadAction","target":["https:\/\/www.cuballama.com\/noticias\/capturan-en-mexico-a-cubano-vinculado-con-red-de-trafico-de-personas\/"]}]},{"@type":"ImageObject","inLanguage":"es","@id":"https:\/\/www.cuballama.com\/noticias\/capturan-en-mexico-a-cubano-vinculado-con-red-de-trafico-de-personas\/#primaryimage","url":"https:\/\/cdn1.mediawpaccore.net\/wp-content\/uploads\/2026\/01\/15230352\/J4cOFTMFzBGZAypdZcOylU5xmZAaczEDkuow9vKx1.jpg","contentUrl":"https:\/\/cdn1.mediawpaccore.net\/wp-content\/uploads\/2026\/01\/15230352\/J4cOFTMFzBGZAypdZcOylU5xmZAaczEDkuow9vKx1.jpg","width":1200,"height":630,"caption":"Cubano detenido en M\u00e9xico"},{"@type":"BreadcrumbList","@id":"https:\/\/www.cuballama.com\/noticias\/capturan-en-mexico-a-cubano-vinculado-con-red-de-trafico-de-personas\/#breadcrumb","itemListElement":[{"@type":"ListItem","position":1,"name":"Home","item":"https:\/\/www.cuballama.com\/noticias\/"},{"@type":"ListItem","position":2,"name":"Capturan en M\u00e9xico a cubano vinculado con red de tr\u00e1fico de personas"}]},{"@type":"WebSite","@id":"https:\/\/www.cuballama.com\/noticias\/#website","url":"https:\/\/www.cuballama.com\/noticias\/","name":"Cuballama Noticias","description":"Medio digital sobre Cuba y el mundo","publisher":{"@id":"https:\/\/www.cuballama.com\/noticias\/#organization"},"potentialAction":[{"@type":"SearchAction","target":{"@type":"EntryPoint","urlTemplate":"https:\/\/www.cuballama.com\/noticias\/?s={search_term_string}"},"query-input":{"@type":"PropertyValueSpecification","valueRequired":true,"valueName":"search_term_string"}}],"inLanguage":"es"},{"@type":"Organization","@id":"https:\/\/www.cuballama.com\/noticias\/#organization","name":"Cuballama","url":"https:\/\/www.cuballama.com\/noticias\/","logo":{"@type":"ImageObject","inLanguage":"es","@id":"https:\/\/www.cuballama.com\/noticias\/#\/schema\/logo\/image\/","url":"https:\/\/cdn1.mediawpaccore.net\/wp-content\/uploads\/2021\/12\/28171206\/cbll-logo-color-sm.png","contentUrl":"https:\/\/cdn1.mediawpaccore.net\/wp-content\/uploads\/2021\/12\/28171206\/cbll-logo-color-sm.png","width":600,"height":133,"caption":"Cuballama"},"image":{"@id":"https:\/\/www.cuballama.com\/noticias\/#\/schema\/logo\/image\/"},"sameAs":["https:\/\/www.facebook.com\/CubaLlama","https:\/\/x.com\/cuballama","https:\/\/www.instagram.com\/stories\/cuballama_oficial\/","https:\/\/www.youtube.com\/channel\/UCKkFE-d_axENGZcrc4as0IA"]},{"@type":"Person","@id":"https:\/\/www.cuballama.com\/noticias\/#\/schema\/person\/86cd3e3f4974437f031211213bf892d5","name":"Kathy","url":"https:\/\/www.cuballama.com\/noticias\/author\/kathy\/"}]}},"_links":{"self":[{"href":"https:\/\/www.cuballama.com\/noticias\/wp-json\/wp\/v2\/posts\/232171","targetHints":{"allow":["GET"]}}],"collection":[{"href":"https:\/\/www.cuballama.com\/noticias\/wp-json\/wp\/v2\/posts"}],"about":[{"href":"https:\/\/www.cuballama.com\/noticias\/wp-json\/wp\/v2\/types\/post"}],"author":[{"embeddable":true,"href":"https:\/\/www.cuballama.com\/noticias\/wp-json\/wp\/v2\/users\/30"}],"replies":[{"embeddable":true,"href":"https:\/\/www.cuballama.com\/noticias\/wp-json\/wp\/v2\/comments?post=232171"}],"version-history":[{"count":4,"href":"https:\/\/www.cuballama.com\/noticias\/wp-json\/wp\/v2\/posts\/232171\/revisions"}],"predecessor-version":[{"id":232287,"href":"https:\/\/www.cuballama.com\/noticias\/wp-json\/wp\/v2\/posts\/232171\/revisions\/232287"}],"wp:featuredmedia":[{"embeddable":true,"href":"https:\/\/www.cuballama.com\/noticias\/wp-json\/wp\/v2\/media\/232176"}],"wp:attachment":[{"href":"https:\/\/www.cuballama.com\/noticias\/wp-json\/wp\/v2\/media?parent=232171"}],"wp:term":[{"taxonomy":"category","embeddable":true,"href":"https:\/\/www.cuballama.com\/noticias\/wp-json\/wp\/v2\/categories?post=232171"},{"taxonomy":"post_tag","embeddable":true,"href":"https:\/\/www.cuballama.com\/noticias\/wp-json\/wp\/v2\/tags?post=232171"}],"curies":[{"name":"wp","href":"https:\/\/api.w.org\/{rel}","templated":true}]}}