{"id":232146,"date":"2026-01-15T16:01:22","date_gmt":"2026-01-15T21:01:22","guid":{"rendered":"https:\/\/www.cuballama.com\/noticias\/?p=232146"},"modified":"2026-01-15T16:01:25","modified_gmt":"2026-01-15T21:01:25","slug":"maria-teresa-pina-lanza-dura-denuncia-sobre-cuba-estan-acabando-con-un-pueblo-de-manera-cinica-y-cruel","status":"publish","type":"post","link":"https:\/\/www.cuballama.com\/noticias\/maria-teresa-pina-lanza-dura-denuncia-sobre-cuba-estan-acabando-con-un-pueblo-de-manera-cinica-y-cruel\/","title":{"rendered":"Mar\u00eda Teresa Pina lanza dura denuncia sobre Cuba: \u201cEst\u00e1n acabando con un pueblo de manera c\u00ednica y cruel\u201d"},"content":{"rendered":"\n<p>La actriz <strong>Mar\u00eda Teresa Pina<\/strong>, radicada desde hace a\u00f1os en Estados Unidos, lanz\u00f3 un testimonio duro sobre Cuba durante una entrevista en el espacio <strong>\u201cLa Familia Cubana\u201d<\/strong>. En sus palabras, lo que ocurre en la Isla no es solo crisis o escasez: es un desgaste prolongado que, seg\u00fan ella, ha dejado marcas profundas en generaciones enteras y no se borra ni siquiera con la emigraci\u00f3n.<\/p>\n\n\n\n<p>Su frase m\u00e1s contundente apunt\u00f3 directo al centro de su denuncia: \u201cEst\u00e1n acabando con un pueblo de manera c\u00ednica y cruel. Me parece muy terrible que el mundo entero conozca de eso y est\u00e9 callado\u201d.<\/p>\n\n\n\n<p>Pina describi\u00f3 la realidad cubana como un proceso sostenido de deterioro humano, social y cultural. Asegur\u00f3 que el da\u00f1o va m\u00e1s all\u00e1 de las carencias materiales y se instala en la manera de pensar, de relacionarse y de imaginar el futuro. En su visi\u00f3n, d\u00e9cadas de precariedad, control y desinformaci\u00f3n han ido moldeando conductas y emociones que acompa\u00f1an a los cubanos incluso cuando cambian de pa\u00eds.<\/p>\n\n\n\n<p>Desde esa experiencia, se\u00f1al\u00f3 que muchos emigrados cargan con miedos, dependencias y formas de resignaci\u00f3n que dificultan la adaptaci\u00f3n plena a sociedades donde existen otras oportunidades. \u201cLas personas que tienen ese da\u00f1o van a vivir mientras vivan con ese da\u00f1o. De hecho, hay muchas personas aqu\u00ed con ese mismo da\u00f1o, que llegan aqu\u00ed y no son capaces de adaptarse a la sociedad que los est\u00e1 acogiendo. Porque el da\u00f1o que tienen es tan fuerte que quieren tener eso mismo que tienen all\u00e1, con todo lo que hay ac\u00e1\u201d, explic\u00f3.<\/p>\n\n\n\n<p>La actriz tambi\u00e9n critic\u00f3 el silencio alrededor de esa realidad, tanto fuera como dentro de Cuba. Dijo comprender por qu\u00e9 algunas personas no hablan, pero consider\u00f3 grave que se normalice lo que describe como una tragedia lenta. \u201cMe parece terrible que en Cuba personas que hacen esto mismo est\u00e9n callados. Entiendo su silencio, pero si no vas a decir nada, \u00a1vete! \u00a1No quieras aparecer! Pero lo que est\u00e1 pasando en Cuba es terrible. Y cubano que se respete tiene que sentir un dolor y una ira con que est\u00e9n matando a tu pueblo poquito a poco\u201d, recalc\u00f3.<\/p>\n\n\n\n<p><strong><a href=\"https:\/\/www.cuballama.com\/noticias\/maria-teresa-pina-tras-un-personaje-de-caracter-fuerte\/\" target=\"_blank\" rel=\"noreferrer noopener\">Mar\u00eda Teresa Pina<\/a><\/strong> es recordada por el p\u00fablico cubano por telenovelas como <strong><em>El eco de las piedras<\/em><\/strong>, <strong><em>A pesar de todo<\/em><\/strong> y <strong><em>El balc\u00f3n de los helechos<\/em><\/strong>, t\u00edtulos que marcaron la televisi\u00f3n nacional. Ya en el exilio, retom\u00f3 su trabajo en pantalla en <strong>noviembre de 2023<\/strong> con la serie <strong>\u201cCrimen en Miami\u201d<\/strong>, junto al actor <strong>Armando Tomey<\/strong>, producci\u00f3n de <strong>Pronyr TV<\/strong>.<\/p>\n\n\n\n<p>Con esta entrevista, la actriz vuelve a ocupar un lugar de voz p\u00fablica, combinando su trayectoria art\u00edstica con una postura cr\u00edtica que, por la contundencia de sus palabras, ha vuelto a generar conversaci\u00f3n.<\/p>\n\n\n\n<iframe loading=\"lazy\" width=\"560\" height=\"315\" src=\"https:\/\/www.youtube.com\/embed\/bh7x53PJdoI?si=QF7p5cNKbGvnP_Y8\" title=\"YouTube video player\" frameborder=\"0\" allow=\"accelerometer; autoplay; clipboard-write; encrypted-media; gyroscope; picture-in-picture; web-share\" referrerpolicy=\"strict-origin-when-cross-origin\" allowfullscreen><\/iframe>\n","protected":false},"excerpt":{"rendered":"<p>Mar\u00eda Teresa Pina denunci\u00f3 la situaci\u00f3n de Cuba y dijo: \u201cEst\u00e1n acabando con un pueblo de manera c\u00ednica y cruel\u2026 y el mundo entero\u2026 est\u00e1 callado\u201d.<\/p>\n","protected":false},"author":29,"featured_media":232160,"comment_status":"open","ping_status":"closed","sticky":false,"template":"","format":"standard","meta":{"_acf_changed":false,"footnotes":""},"categories":[443],"tags":[3375,252,10867,92,11050,18483],"class_list":{"0":"post-232146","1":"post","2":"type-post","3":"status-publish","4":"format-standard","5":"has-post-thumbnail","7":"category-farandula","8":"tag-actriz-cubana","9":"tag-artistas-cubanos","10":"tag-crisis-en-cuba","11":"tag-cubanos","12":"tag-cubanos-en-miami","13":"tag-maria-teresa-pina"},"acf":[],"yoast_head":"<!-- This site is optimized with the Yoast SEO plugin v27.5 - https:\/\/yoast.com\/product\/yoast-seo-wordpress\/ -->\n<title>Mar\u00eda Teresa Pina lanza dura denuncia sobre Cuba: \u201cEst\u00e1n acabando con un pueblo de manera c\u00ednica y cruel\u201d - Cuballama Noticias<\/title>\n<meta name=\"description\" content=\"Mar\u00eda Teresa Pina denunci\u00f3 la situaci\u00f3n de Cuba y dijo: \u201cEst\u00e1n acabando con un pueblo de manera c\u00ednica y cruel&quot;.\" \/>\n<meta name=\"robots\" content=\"index, follow, max-snippet:-1, max-image-preview:large, max-video-preview:-1\" \/>\n<link rel=\"canonical\" href=\"https:\/\/www.cuballama.com\/noticias\/maria-teresa-pina-lanza-dura-denuncia-sobre-cuba-estan-acabando-con-un-pueblo-de-manera-cinica-y-cruel\/\" \/>\n<meta property=\"og:locale\" content=\"es_ES\" \/>\n<meta property=\"og:type\" content=\"article\" \/>\n<meta property=\"og:title\" content=\"Mar\u00eda Teresa Pina lanza dura denuncia sobre Cuba: \u201cEst\u00e1n acabando con un pueblo de manera c\u00ednica y cruel\u201d - Cuballama Noticias\" \/>\n<meta property=\"og:description\" content=\"Mar\u00eda Teresa Pina denunci\u00f3 la situaci\u00f3n de Cuba y dijo: \u201cEst\u00e1n acabando con un pueblo de manera c\u00ednica y cruel&quot;.\" \/>\n<meta property=\"og:url\" content=\"https:\/\/www.cuballama.com\/noticias\/maria-teresa-pina-lanza-dura-denuncia-sobre-cuba-estan-acabando-con-un-pueblo-de-manera-cinica-y-cruel\/\" \/>\n<meta property=\"og:site_name\" content=\"Cuballama Noticias\" \/>\n<meta property=\"article:publisher\" content=\"https:\/\/www.facebook.com\/CubaLlama\" \/>\n<meta property=\"article:published_time\" content=\"2026-01-15T21:01:22+00:00\" \/>\n<meta property=\"article:modified_time\" content=\"2026-01-15T21:01:25+00:00\" \/>\n<meta property=\"og:image\" content=\"https:\/\/cdn1.mediawpaccore.net\/wp-content\/uploads\/2026\/01\/15155834\/Captura-de-pantalla-2026-01-15-a-las-21.55.41.png\" \/>\n\t<meta property=\"og:image:width\" content=\"1214\" \/>\n\t<meta property=\"og:image:height\" content=\"666\" \/>\n\t<meta property=\"og:image:type\" content=\"image\/png\" \/>\n<meta name=\"author\" content=\"Sof\u00eda Reyes\" \/>\n<meta name=\"twitter:card\" content=\"summary_large_image\" \/>\n<meta name=\"twitter:creator\" content=\"@cuballama\" \/>\n<meta name=\"twitter:site\" content=\"@cuballama\" \/>\n<meta name=\"twitter:label1\" content=\"Escrito por\" \/>\n\t<meta name=\"twitter:data1\" content=\"Sof\u00eda Reyes\" \/>\n\t<meta name=\"twitter:label2\" content=\"Tiempo de lectura\" \/>\n\t<meta name=\"twitter:data2\" content=\"3 minutos\" \/>\n<script type=\"application\/ld+json\" class=\"yoast-schema-graph\">{\"@context\":\"https:\\\/\\\/schema.org\",\"@graph\":[{\"@type\":\"Article\",\"@id\":\"https:\\\/\\\/www.cuballama.com\\\/noticias\\\/maria-teresa-pina-lanza-dura-denuncia-sobre-cuba-estan-acabando-con-un-pueblo-de-manera-cinica-y-cruel\\\/#article\",\"isPartOf\":{\"@id\":\"https:\\\/\\\/www.cuballama.com\\\/noticias\\\/maria-teresa-pina-lanza-dura-denuncia-sobre-cuba-estan-acabando-con-un-pueblo-de-manera-cinica-y-cruel\\\/\"},\"author\":{\"name\":\"Sof\u00eda Reyes\",\"@id\":\"https:\\\/\\\/www.cuballama.com\\\/noticias\\\/#\\\/schema\\\/person\\\/5cba2b8cc25a3159e49fe730a94d512e\"},\"headline\":\"Mar\u00eda Teresa Pina lanza dura denuncia sobre Cuba: \u201cEst\u00e1n acabando con un pueblo de manera c\u00ednica y cruel\u201d\",\"datePublished\":\"2026-01-15T21:01:22+00:00\",\"dateModified\":\"2026-01-15T21:01:25+00:00\",\"mainEntityOfPage\":{\"@id\":\"https:\\\/\\\/www.cuballama.com\\\/noticias\\\/maria-teresa-pina-lanza-dura-denuncia-sobre-cuba-estan-acabando-con-un-pueblo-de-manera-cinica-y-cruel\\\/\"},\"wordCount\":500,\"commentCount\":0,\"publisher\":{\"@id\":\"https:\\\/\\\/www.cuballama.com\\\/noticias\\\/#organization\"},\"image\":{\"@id\":\"https:\\\/\\\/www.cuballama.com\\\/noticias\\\/maria-teresa-pina-lanza-dura-denuncia-sobre-cuba-estan-acabando-con-un-pueblo-de-manera-cinica-y-cruel\\\/#primaryimage\"},\"thumbnailUrl\":\"https:\\\/\\\/cdn1.mediawpaccore.net\\\/wp-content\\\/uploads\\\/2026\\\/01\\\/15155834\\\/Captura-de-pantalla-2026-01-15-a-las-21.55.41.png\",\"keywords\":[\"actriz cubana\",\"Artistas cubanos\",\"Crisis en Cuba\",\"cubanos\",\"cubanos en Miami\",\"Mar\u00eda Teresa Pina\"],\"articleSection\":[\"Far\u00e1ndula\"],\"inLanguage\":\"es\",\"potentialAction\":[{\"@type\":\"CommentAction\",\"name\":\"Comment\",\"target\":[\"https:\\\/\\\/www.cuballama.com\\\/noticias\\\/maria-teresa-pina-lanza-dura-denuncia-sobre-cuba-estan-acabando-con-un-pueblo-de-manera-cinica-y-cruel\\\/#respond\"]}]},{\"@type\":\"WebPage\",\"@id\":\"https:\\\/\\\/www.cuballama.com\\\/noticias\\\/maria-teresa-pina-lanza-dura-denuncia-sobre-cuba-estan-acabando-con-un-pueblo-de-manera-cinica-y-cruel\\\/\",\"url\":\"https:\\\/\\\/www.cuballama.com\\\/noticias\\\/maria-teresa-pina-lanza-dura-denuncia-sobre-cuba-estan-acabando-con-un-pueblo-de-manera-cinica-y-cruel\\\/\",\"name\":\"Mar\u00eda Teresa Pina lanza dura denuncia sobre Cuba: \u201cEst\u00e1n acabando con un pueblo de manera c\u00ednica y cruel\u201d - Cuballama Noticias\",\"isPartOf\":{\"@id\":\"https:\\\/\\\/www.cuballama.com\\\/noticias\\\/#website\"},\"primaryImageOfPage\":{\"@id\":\"https:\\\/\\\/www.cuballama.com\\\/noticias\\\/maria-teresa-pina-lanza-dura-denuncia-sobre-cuba-estan-acabando-con-un-pueblo-de-manera-cinica-y-cruel\\\/#primaryimage\"},\"image\":{\"@id\":\"https:\\\/\\\/www.cuballama.com\\\/noticias\\\/maria-teresa-pina-lanza-dura-denuncia-sobre-cuba-estan-acabando-con-un-pueblo-de-manera-cinica-y-cruel\\\/#primaryimage\"},\"thumbnailUrl\":\"https:\\\/\\\/cdn1.mediawpaccore.net\\\/wp-content\\\/uploads\\\/2026\\\/01\\\/15155834\\\/Captura-de-pantalla-2026-01-15-a-las-21.55.41.png\",\"datePublished\":\"2026-01-15T21:01:22+00:00\",\"dateModified\":\"2026-01-15T21:01:25+00:00\",\"description\":\"Mar\u00eda Teresa Pina denunci\u00f3 la situaci\u00f3n de Cuba y dijo: \u201cEst\u00e1n acabando con un pueblo de manera c\u00ednica y cruel\\\".\",\"breadcrumb\":{\"@id\":\"https:\\\/\\\/www.cuballama.com\\\/noticias\\\/maria-teresa-pina-lanza-dura-denuncia-sobre-cuba-estan-acabando-con-un-pueblo-de-manera-cinica-y-cruel\\\/#breadcrumb\"},\"inLanguage\":\"es\",\"potentialAction\":[{\"@type\":\"ReadAction\",\"target\":[\"https:\\\/\\\/www.cuballama.com\\\/noticias\\\/maria-teresa-pina-lanza-dura-denuncia-sobre-cuba-estan-acabando-con-un-pueblo-de-manera-cinica-y-cruel\\\/\"]}]},{\"@type\":\"ImageObject\",\"inLanguage\":\"es\",\"@id\":\"https:\\\/\\\/www.cuballama.com\\\/noticias\\\/maria-teresa-pina-lanza-dura-denuncia-sobre-cuba-estan-acabando-con-un-pueblo-de-manera-cinica-y-cruel\\\/#primaryimage\",\"url\":\"https:\\\/\\\/cdn1.mediawpaccore.net\\\/wp-content\\\/uploads\\\/2026\\\/01\\\/15155834\\\/Captura-de-pantalla-2026-01-15-a-las-21.55.41.png\",\"contentUrl\":\"https:\\\/\\\/cdn1.mediawpaccore.net\\\/wp-content\\\/uploads\\\/2026\\\/01\\\/15155834\\\/Captura-de-pantalla-2026-01-15-a-las-21.55.41.png\",\"width\":1214,\"height\":666,\"caption\":\"Foto tomada del canal de YouTube de La Familia Cubana\"},{\"@type\":\"BreadcrumbList\",\"@id\":\"https:\\\/\\\/www.cuballama.com\\\/noticias\\\/maria-teresa-pina-lanza-dura-denuncia-sobre-cuba-estan-acabando-con-un-pueblo-de-manera-cinica-y-cruel\\\/#breadcrumb\",\"itemListElement\":[{\"@type\":\"ListItem\",\"position\":1,\"name\":\"Home\",\"item\":\"https:\\\/\\\/www.cuballama.com\\\/noticias\\\/\"},{\"@type\":\"ListItem\",\"position\":2,\"name\":\"Mar\u00eda Teresa Pina lanza dura denuncia sobre Cuba: \u201cEst\u00e1n acabando con un pueblo de manera c\u00ednica y cruel\u201d\"}]},{\"@type\":\"WebSite\",\"@id\":\"https:\\\/\\\/www.cuballama.com\\\/noticias\\\/#website\",\"url\":\"https:\\\/\\\/www.cuballama.com\\\/noticias\\\/\",\"name\":\"Cuballama Noticias\",\"description\":\"Medio digital sobre Cuba y el mundo\",\"publisher\":{\"@id\":\"https:\\\/\\\/www.cuballama.com\\\/noticias\\\/#organization\"},\"potentialAction\":[{\"@type\":\"SearchAction\",\"target\":{\"@type\":\"EntryPoint\",\"urlTemplate\":\"https:\\\/\\\/www.cuballama.com\\\/noticias\\\/?s={search_term_string}\"},\"query-input\":{\"@type\":\"PropertyValueSpecification\",\"valueRequired\":true,\"valueName\":\"search_term_string\"}}],\"inLanguage\":\"es\"},{\"@type\":\"Organization\",\"@id\":\"https:\\\/\\\/www.cuballama.com\\\/noticias\\\/#organization\",\"name\":\"Cuballama\",\"url\":\"https:\\\/\\\/www.cuballama.com\\\/noticias\\\/\",\"logo\":{\"@type\":\"ImageObject\",\"inLanguage\":\"es\",\"@id\":\"https:\\\/\\\/www.cuballama.com\\\/noticias\\\/#\\\/schema\\\/logo\\\/image\\\/\",\"url\":\"https:\\\/\\\/cdn1.mediawpaccore.net\\\/wp-content\\\/uploads\\\/2021\\\/12\\\/28171206\\\/cbll-logo-color-sm.png\",\"contentUrl\":\"https:\\\/\\\/cdn1.mediawpaccore.net\\\/wp-content\\\/uploads\\\/2021\\\/12\\\/28171206\\\/cbll-logo-color-sm.png\",\"width\":600,\"height\":133,\"caption\":\"Cuballama\"},\"image\":{\"@id\":\"https:\\\/\\\/www.cuballama.com\\\/noticias\\\/#\\\/schema\\\/logo\\\/image\\\/\"},\"sameAs\":[\"https:\\\/\\\/www.facebook.com\\\/CubaLlama\",\"https:\\\/\\\/x.com\\\/cuballama\",\"https:\\\/\\\/www.instagram.com\\\/stories\\\/cuballama_oficial\\\/\",\"https:\\\/\\\/www.youtube.com\\\/channel\\\/UCKkFE-d_axENGZcrc4as0IA\"]},{\"@type\":\"Person\",\"@id\":\"https:\\\/\\\/www.cuballama.com\\\/noticias\\\/#\\\/schema\\\/person\\\/5cba2b8cc25a3159e49fe730a94d512e\",\"name\":\"Sof\u00eda Reyes\",\"url\":\"https:\\\/\\\/www.cuballama.com\\\/noticias\\\/author\\\/laura\\\/\"}]}<\/script>\n<!-- \/ Yoast SEO plugin. -->","yoast_head_json":{"title":"Mar\u00eda Teresa Pina lanza dura denuncia sobre Cuba: \u201cEst\u00e1n acabando con un pueblo de manera c\u00ednica y cruel\u201d - Cuballama Noticias","description":"Mar\u00eda Teresa Pina denunci\u00f3 la situaci\u00f3n de Cuba y dijo: \u201cEst\u00e1n acabando con un pueblo de manera c\u00ednica y cruel\".","robots":{"index":"index","follow":"follow","max-snippet":"max-snippet:-1","max-image-preview":"max-image-preview:large","max-video-preview":"max-video-preview:-1"},"canonical":"https:\/\/www.cuballama.com\/noticias\/maria-teresa-pina-lanza-dura-denuncia-sobre-cuba-estan-acabando-con-un-pueblo-de-manera-cinica-y-cruel\/","og_locale":"es_ES","og_type":"article","og_title":"Mar\u00eda Teresa Pina lanza dura denuncia sobre Cuba: \u201cEst\u00e1n acabando con un pueblo de manera c\u00ednica y cruel\u201d - Cuballama Noticias","og_description":"Mar\u00eda Teresa Pina denunci\u00f3 la situaci\u00f3n de Cuba y dijo: \u201cEst\u00e1n acabando con un pueblo de manera c\u00ednica y cruel\".","og_url":"https:\/\/www.cuballama.com\/noticias\/maria-teresa-pina-lanza-dura-denuncia-sobre-cuba-estan-acabando-con-un-pueblo-de-manera-cinica-y-cruel\/","og_site_name":"Cuballama Noticias","article_publisher":"https:\/\/www.facebook.com\/CubaLlama","article_published_time":"2026-01-15T21:01:22+00:00","article_modified_time":"2026-01-15T21:01:25+00:00","og_image":[{"width":1214,"height":666,"url":"https:\/\/cdn1.mediawpaccore.net\/wp-content\/uploads\/2026\/01\/15155834\/Captura-de-pantalla-2026-01-15-a-las-21.55.41.png","type":"image\/png"}],"author":"Sof\u00eda Reyes","twitter_card":"summary_large_image","twitter_creator":"@cuballama","twitter_site":"@cuballama","twitter_misc":{"Escrito por":"Sof\u00eda Reyes","Tiempo de lectura":"3 minutos"},"schema":{"@context":"https:\/\/schema.org","@graph":[{"@type":"Article","@id":"https:\/\/www.cuballama.com\/noticias\/maria-teresa-pina-lanza-dura-denuncia-sobre-cuba-estan-acabando-con-un-pueblo-de-manera-cinica-y-cruel\/#article","isPartOf":{"@id":"https:\/\/www.cuballama.com\/noticias\/maria-teresa-pina-lanza-dura-denuncia-sobre-cuba-estan-acabando-con-un-pueblo-de-manera-cinica-y-cruel\/"},"author":{"name":"Sof\u00eda Reyes","@id":"https:\/\/www.cuballama.com\/noticias\/#\/schema\/person\/5cba2b8cc25a3159e49fe730a94d512e"},"headline":"Mar\u00eda Teresa Pina lanza dura denuncia sobre Cuba: \u201cEst\u00e1n acabando con un pueblo de manera c\u00ednica y cruel\u201d","datePublished":"2026-01-15T21:01:22+00:00","dateModified":"2026-01-15T21:01:25+00:00","mainEntityOfPage":{"@id":"https:\/\/www.cuballama.com\/noticias\/maria-teresa-pina-lanza-dura-denuncia-sobre-cuba-estan-acabando-con-un-pueblo-de-manera-cinica-y-cruel\/"},"wordCount":500,"commentCount":0,"publisher":{"@id":"https:\/\/www.cuballama.com\/noticias\/#organization"},"image":{"@id":"https:\/\/www.cuballama.com\/noticias\/maria-teresa-pina-lanza-dura-denuncia-sobre-cuba-estan-acabando-con-un-pueblo-de-manera-cinica-y-cruel\/#primaryimage"},"thumbnailUrl":"https:\/\/cdn1.mediawpaccore.net\/wp-content\/uploads\/2026\/01\/15155834\/Captura-de-pantalla-2026-01-15-a-las-21.55.41.png","keywords":["actriz cubana","Artistas cubanos","Crisis en Cuba","cubanos","cubanos en Miami","Mar\u00eda Teresa Pina"],"articleSection":["Far\u00e1ndula"],"inLanguage":"es","potentialAction":[{"@type":"CommentAction","name":"Comment","target":["https:\/\/www.cuballama.com\/noticias\/maria-teresa-pina-lanza-dura-denuncia-sobre-cuba-estan-acabando-con-un-pueblo-de-manera-cinica-y-cruel\/#respond"]}]},{"@type":"WebPage","@id":"https:\/\/www.cuballama.com\/noticias\/maria-teresa-pina-lanza-dura-denuncia-sobre-cuba-estan-acabando-con-un-pueblo-de-manera-cinica-y-cruel\/","url":"https:\/\/www.cuballama.com\/noticias\/maria-teresa-pina-lanza-dura-denuncia-sobre-cuba-estan-acabando-con-un-pueblo-de-manera-cinica-y-cruel\/","name":"Mar\u00eda Teresa Pina lanza dura denuncia sobre Cuba: \u201cEst\u00e1n acabando con un pueblo de manera c\u00ednica y cruel\u201d - Cuballama Noticias","isPartOf":{"@id":"https:\/\/www.cuballama.com\/noticias\/#website"},"primaryImageOfPage":{"@id":"https:\/\/www.cuballama.com\/noticias\/maria-teresa-pina-lanza-dura-denuncia-sobre-cuba-estan-acabando-con-un-pueblo-de-manera-cinica-y-cruel\/#primaryimage"},"image":{"@id":"https:\/\/www.cuballama.com\/noticias\/maria-teresa-pina-lanza-dura-denuncia-sobre-cuba-estan-acabando-con-un-pueblo-de-manera-cinica-y-cruel\/#primaryimage"},"thumbnailUrl":"https:\/\/cdn1.mediawpaccore.net\/wp-content\/uploads\/2026\/01\/15155834\/Captura-de-pantalla-2026-01-15-a-las-21.55.41.png","datePublished":"2026-01-15T21:01:22+00:00","dateModified":"2026-01-15T21:01:25+00:00","description":"Mar\u00eda Teresa Pina denunci\u00f3 la situaci\u00f3n de Cuba y dijo: \u201cEst\u00e1n acabando con un pueblo de manera c\u00ednica y cruel\".","breadcrumb":{"@id":"https:\/\/www.cuballama.com\/noticias\/maria-teresa-pina-lanza-dura-denuncia-sobre-cuba-estan-acabando-con-un-pueblo-de-manera-cinica-y-cruel\/#breadcrumb"},"inLanguage":"es","potentialAction":[{"@type":"ReadAction","target":["https:\/\/www.cuballama.com\/noticias\/maria-teresa-pina-lanza-dura-denuncia-sobre-cuba-estan-acabando-con-un-pueblo-de-manera-cinica-y-cruel\/"]}]},{"@type":"ImageObject","inLanguage":"es","@id":"https:\/\/www.cuballama.com\/noticias\/maria-teresa-pina-lanza-dura-denuncia-sobre-cuba-estan-acabando-con-un-pueblo-de-manera-cinica-y-cruel\/#primaryimage","url":"https:\/\/cdn1.mediawpaccore.net\/wp-content\/uploads\/2026\/01\/15155834\/Captura-de-pantalla-2026-01-15-a-las-21.55.41.png","contentUrl":"https:\/\/cdn1.mediawpaccore.net\/wp-content\/uploads\/2026\/01\/15155834\/Captura-de-pantalla-2026-01-15-a-las-21.55.41.png","width":1214,"height":666,"caption":"Foto tomada del canal de YouTube de La Familia Cubana"},{"@type":"BreadcrumbList","@id":"https:\/\/www.cuballama.com\/noticias\/maria-teresa-pina-lanza-dura-denuncia-sobre-cuba-estan-acabando-con-un-pueblo-de-manera-cinica-y-cruel\/#breadcrumb","itemListElement":[{"@type":"ListItem","position":1,"name":"Home","item":"https:\/\/www.cuballama.com\/noticias\/"},{"@type":"ListItem","position":2,"name":"Mar\u00eda Teresa Pina lanza dura denuncia sobre Cuba: \u201cEst\u00e1n acabando con un pueblo de manera c\u00ednica y cruel\u201d"}]},{"@type":"WebSite","@id":"https:\/\/www.cuballama.com\/noticias\/#website","url":"https:\/\/www.cuballama.com\/noticias\/","name":"Cuballama Noticias","description":"Medio digital sobre Cuba y el mundo","publisher":{"@id":"https:\/\/www.cuballama.com\/noticias\/#organization"},"potentialAction":[{"@type":"SearchAction","target":{"@type":"EntryPoint","urlTemplate":"https:\/\/www.cuballama.com\/noticias\/?s={search_term_string}"},"query-input":{"@type":"PropertyValueSpecification","valueRequired":true,"valueName":"search_term_string"}}],"inLanguage":"es"},{"@type":"Organization","@id":"https:\/\/www.cuballama.com\/noticias\/#organization","name":"Cuballama","url":"https:\/\/www.cuballama.com\/noticias\/","logo":{"@type":"ImageObject","inLanguage":"es","@id":"https:\/\/www.cuballama.com\/noticias\/#\/schema\/logo\/image\/","url":"https:\/\/cdn1.mediawpaccore.net\/wp-content\/uploads\/2021\/12\/28171206\/cbll-logo-color-sm.png","contentUrl":"https:\/\/cdn1.mediawpaccore.net\/wp-content\/uploads\/2021\/12\/28171206\/cbll-logo-color-sm.png","width":600,"height":133,"caption":"Cuballama"},"image":{"@id":"https:\/\/www.cuballama.com\/noticias\/#\/schema\/logo\/image\/"},"sameAs":["https:\/\/www.facebook.com\/CubaLlama","https:\/\/x.com\/cuballama","https:\/\/www.instagram.com\/stories\/cuballama_oficial\/","https:\/\/www.youtube.com\/channel\/UCKkFE-d_axENGZcrc4as0IA"]},{"@type":"Person","@id":"https:\/\/www.cuballama.com\/noticias\/#\/schema\/person\/5cba2b8cc25a3159e49fe730a94d512e","name":"Sof\u00eda Reyes","url":"https:\/\/www.cuballama.com\/noticias\/author\/laura\/"}]}},"_links":{"self":[{"href":"https:\/\/www.cuballama.com\/noticias\/wp-json\/wp\/v2\/posts\/232146","targetHints":{"allow":["GET"]}}],"collection":[{"href":"https:\/\/www.cuballama.com\/noticias\/wp-json\/wp\/v2\/posts"}],"about":[{"href":"https:\/\/www.cuballama.com\/noticias\/wp-json\/wp\/v2\/types\/post"}],"author":[{"embeddable":true,"href":"https:\/\/www.cuballama.com\/noticias\/wp-json\/wp\/v2\/users\/29"}],"replies":[{"embeddable":true,"href":"https:\/\/www.cuballama.com\/noticias\/wp-json\/wp\/v2\/comments?post=232146"}],"version-history":[{"count":3,"href":"https:\/\/www.cuballama.com\/noticias\/wp-json\/wp\/v2\/posts\/232146\/revisions"}],"predecessor-version":[{"id":232162,"href":"https:\/\/www.cuballama.com\/noticias\/wp-json\/wp\/v2\/posts\/232146\/revisions\/232162"}],"wp:featuredmedia":[{"embeddable":true,"href":"https:\/\/www.cuballama.com\/noticias\/wp-json\/wp\/v2\/media\/232160"}],"wp:attachment":[{"href":"https:\/\/www.cuballama.com\/noticias\/wp-json\/wp\/v2\/media?parent=232146"}],"wp:term":[{"taxonomy":"category","embeddable":true,"href":"https:\/\/www.cuballama.com\/noticias\/wp-json\/wp\/v2\/categories?post=232146"},{"taxonomy":"post_tag","embeddable":true,"href":"https:\/\/www.cuballama.com\/noticias\/wp-json\/wp\/v2\/tags?post=232146"}],"curies":[{"name":"wp","href":"https:\/\/api.w.org\/{rel}","templated":true}]}}