{"id":232143,"date":"2026-01-15T14:52:24","date_gmt":"2026-01-15T19:52:24","guid":{"rendered":"https:\/\/www.cuballama.com\/noticias\/?p=232143"},"modified":"2026-01-15T15:12:23","modified_gmt":"2026-01-15T20:12:23","slug":"cuba-realizara-marcha-del-pueblo-combatiente-ante-advertencia-de-trump","status":"publish","type":"post","link":"https:\/\/www.cuballama.com\/noticias\/cuba-realizara-marcha-del-pueblo-combatiente-ante-advertencia-de-trump\/","title":{"rendered":"Cuba realizar\u00e1 \u00abmarcha del pueblo combatiente\u00bb ante advertencia de Trump"},"content":{"rendered":"\n<p>El gobierno cubano realizar\u00e1 una \u00abmarcha del pueblo combatiente\u00bb este viernes como homenaje a los militares cubanos fallecidos durante la captura de Nicol\u00e1s Maduro por tropas estadounidenses y como presunta respuesta ante las advertencias de Donald Trump para que cambie el rumbo \u201cantes de que sea demasiado tarde\u201d.<\/p>\n\n\n\n<p><a href=\"https:\/\/www.cuballama.com\/noticias\/reaparece-raul-castro-por-primera-vez-desde-captura-de-maduro\/\" target=\"_blank\" rel=\"noreferrer noopener\">Los restos mortales de los efectivos <\/a>cubanos llegaron a Cuba este jueves, donde recibieron diversos homenajes en un acto que tuvo como punto culminante la sede de las Fuerzas Armadas Revolucionarias en La Habana.<\/p>\n\n\n\n<p>Los militares cayeron en \u00abun intenso tiroteo\u00bb con efectivos estadounidenses, de acuerdo con fuentes de la Casa Blanca.<\/p>\n\n\n\n<p>La marcha del pueblo combatiente de este viernes tendr\u00e1 lugar en medio de la escalada de un clima de tensi\u00f3n entre ambos gobiernos, el mayor de las \u00faltimas d\u00e9cadas.<\/p>\n\n\n\n<p>El presidente estadounidense hab\u00eda se\u00f1alado tras la ca\u00edda de Maduro que \u201cno habr\u00e1 m\u00e1s petr\u00f3leo o dinero camino de Cuba. CERO\u201d.<\/p>\n\n\n\n<p>\u00abCuba ha vivido, durante muchos a\u00f1os, gracias a grandes cantidades de petr\u00f3leo y dinero de Venezuela. A\u00f1adi\u00f3 que Cuba proporcion\u00f3 \u00abservicios de seguridad\u00bb para los \u00faltimos dos dictadores venezolanos, \u00a1PERO NUNCA M\u00c1S! La mayor\u00eda de esos cubanos MURIERON en los ataques estadounidenses de la pasada semana\u00bb, dijo Trump, que ha a\u00f1adido que Venezuela tiene ahora al ej\u00e9rcito de EE.\u202fUU. para protegerlos.<\/p>\n\n\n\n<p>\u00abVenezuela ya no necesita protecci\u00f3n frente a los matones y extorsionadores que los mantuvieron como rehenes durante tantos a\u00f1os\u201d, dijo Trump.<\/p>\n\n\n\n<p>Trump exhort\u00f3 adem\u00e1s al gobierno de D\u00edaz\u2011Canel que lleguen a <a href=\"https:\/\/www.cuballama.com\/noticias\/trump-llama-al-gobierno-cubano-a-negociar-antes-que-sea-demasiado-tarde\/?srsltid=AfmBOoop0QUEWlK4txzZoLckvQV-rGFTMeOEhMkGs9IETeeEoVMlzSho\" target=\"_blank\" rel=\"noreferrer noopener\">un acuerdo, \u00abANTES DE QUE SEA DEMASIADO TARDE\u201d,<\/a> advirti\u00f3.<\/p>\n\n\n\n<p>Luego indic\u00f3 que \u201cEstamos hablando con Cuba, y lo sabr\u00e1n muy pronto\u2026\u201d<\/p>\n\n\n\n<p>Por su parte El secretario de Estado de Estados Unidos,\u00a0<a href=\"https:\/\/www.cuballama.com\/noticias\/trump-y-marco-rubio-lanzan-nueva-advertencia-a-cuba\/\" target=\"_blank\" rel=\"noreferrer noopener\">Marco Rubio,\u00a0<\/a>dijo al gobierno cubano que de no emprender una transformaci\u00f3n profunda ir\u00e1n definitivamente al colapso.<\/p>\n\n\n\n<p>El mandatario cubano D\u00edaz-Canel neg\u00f3 que existieran conversaciones con EE.UU. y a\u00f1adi\u00f3 que por Cuba \u00abestar\u00edamos dispuestos a dar hasta nuestra propia sangre\u00bb.<\/p>\n\n\n\n<p><\/p>\n","protected":false},"excerpt":{"rendered":"<p>Trump exhort\u00f3 adem\u00e1s al gobierno de D\u00edaz\u2011Canel que lleguen a un acuerdo, \u00abANTES DE QUE SEA DEMASIADO TARDE\u201d, <\/p>\n","protected":false},"author":24,"featured_media":184372,"comment_status":"open","ping_status":"closed","sticky":false,"template":"","format":"standard","meta":{"_acf_changed":false,"footnotes":""},"categories":[18,955],"tags":[29868,10867,11,92,23094,29913,21108,11017,7651],"class_list":{"0":"post-232143","1":"post","2":"type-post","3":"status-publish","4":"format-standard","5":"has-post-thumbnail","7":"category-noticias","8":"category-noticias-de-cuba","9":"tag-captura-de-nicolas-maduro","10":"tag-crisis-en-cuba","11":"tag-cuba","12":"tag-cubanos","13":"tag-marcha-del-pueblo-combatiente","14":"tag-militares-cubanos-en-venezuela","15":"tag-militares-fallecidos","16":"tag-superdestacado","17":"tag-trump"},"acf":[],"yoast_head":"<!-- This site is optimized with the Yoast SEO plugin v27.4 - https:\/\/yoast.com\/product\/yoast-seo-wordpress\/ -->\n<title>Cuba realizar\u00e1 &quot;marcha del pueblo combatiente&quot; ante advertencia de Trump - Cuballama Noticias<\/title>\n<meta name=\"description\" content=\"El gobierno cubano realizar\u00e1 una &quot;marcha del pueblo combatiente&quot; este viernes como homenaje a los militares cubanos fallecidos.\" \/>\n<meta name=\"robots\" content=\"index, follow, max-snippet:-1, max-image-preview:large, max-video-preview:-1\" \/>\n<link rel=\"canonical\" href=\"https:\/\/www.cuballama.com\/noticias\/cuba-realizara-marcha-del-pueblo-combatiente-ante-advertencia-de-trump\/\" \/>\n<meta property=\"og:locale\" content=\"es_ES\" \/>\n<meta property=\"og:type\" content=\"article\" \/>\n<meta property=\"og:title\" content=\"Cuba realizar\u00e1 &quot;marcha del pueblo combatiente&quot; ante advertencia de Trump - Cuballama Noticias\" \/>\n<meta property=\"og:description\" content=\"El gobierno cubano realizar\u00e1 una &quot;marcha del pueblo combatiente&quot; este viernes como homenaje a los militares cubanos fallecidos.\" \/>\n<meta property=\"og:url\" content=\"https:\/\/www.cuballama.com\/noticias\/cuba-realizara-marcha-del-pueblo-combatiente-ante-advertencia-de-trump\/\" \/>\n<meta property=\"og:site_name\" content=\"Cuballama Noticias\" \/>\n<meta property=\"article:publisher\" content=\"https:\/\/www.facebook.com\/CubaLlama\" \/>\n<meta property=\"article:published_time\" content=\"2026-01-15T19:52:24+00:00\" \/>\n<meta property=\"article:modified_time\" content=\"2026-01-15T20:12:23+00:00\" \/>\n<meta property=\"og:image\" content=\"https:\/\/cdn1.mediawpaccore.net\/wp-content\/uploads\/2024\/09\/28000837\/MG_9282CN-1920x12801-1.jpg\" \/>\n\t<meta property=\"og:image:width\" content=\"1200\" \/>\n\t<meta property=\"og:image:height\" content=\"630\" \/>\n\t<meta property=\"og:image:type\" content=\"image\/jpeg\" \/>\n<meta name=\"author\" content=\"Manu\" \/>\n<meta name=\"twitter:card\" content=\"summary_large_image\" \/>\n<meta name=\"twitter:creator\" content=\"@cuballama\" \/>\n<meta name=\"twitter:site\" content=\"@cuballama\" \/>\n<meta name=\"twitter:label1\" content=\"Escrito por\" \/>\n\t<meta name=\"twitter:data1\" content=\"Manu\" \/>\n\t<meta name=\"twitter:label2\" content=\"Tiempo de lectura\" \/>\n\t<meta name=\"twitter:data2\" content=\"2 minutos\" \/>\n<script type=\"application\/ld+json\" class=\"yoast-schema-graph\">{\"@context\":\"https:\\\/\\\/schema.org\",\"@graph\":[{\"@type\":\"Article\",\"@id\":\"https:\\\/\\\/www.cuballama.com\\\/noticias\\\/cuba-realizara-marcha-del-pueblo-combatiente-ante-advertencia-de-trump\\\/#article\",\"isPartOf\":{\"@id\":\"https:\\\/\\\/www.cuballama.com\\\/noticias\\\/cuba-realizara-marcha-del-pueblo-combatiente-ante-advertencia-de-trump\\\/\"},\"author\":{\"name\":\"Manu\",\"@id\":\"https:\\\/\\\/www.cuballama.com\\\/noticias\\\/#\\\/schema\\\/person\\\/5889f7d070564f8386e7944d14d436cd\"},\"headline\":\"Cuba realizar\u00e1 \u00abmarcha del pueblo combatiente\u00bb ante advertencia de Trump\",\"datePublished\":\"2026-01-15T19:52:24+00:00\",\"dateModified\":\"2026-01-15T20:12:23+00:00\",\"mainEntityOfPage\":{\"@id\":\"https:\\\/\\\/www.cuballama.com\\\/noticias\\\/cuba-realizara-marcha-del-pueblo-combatiente-ante-advertencia-de-trump\\\/\"},\"wordCount\":351,\"commentCount\":0,\"publisher\":{\"@id\":\"https:\\\/\\\/www.cuballama.com\\\/noticias\\\/#organization\"},\"image\":{\"@id\":\"https:\\\/\\\/www.cuballama.com\\\/noticias\\\/cuba-realizara-marcha-del-pueblo-combatiente-ante-advertencia-de-trump\\\/#primaryimage\"},\"thumbnailUrl\":\"https:\\\/\\\/cdn1.mediawpaccore.net\\\/wp-content\\\/uploads\\\/2024\\\/09\\\/28000837\\\/MG_9282CN-1920x12801-1.jpg\",\"keywords\":[\"captura de Nicol\u00e1s Maduro\",\"Crisis en Cuba\",\"Cuba\",\"cubanos\",\"marcha del pueblo combatiente\",\"militares cubanos en Venezuela\",\"militares fallecidos\",\"superdestacado\",\"Trump\"],\"articleSection\":[\"Noticias\",\"Noticias de Cuba\"],\"inLanguage\":\"es\",\"potentialAction\":[{\"@type\":\"CommentAction\",\"name\":\"Comment\",\"target\":[\"https:\\\/\\\/www.cuballama.com\\\/noticias\\\/cuba-realizara-marcha-del-pueblo-combatiente-ante-advertencia-de-trump\\\/#respond\"]}]},{\"@type\":\"WebPage\",\"@id\":\"https:\\\/\\\/www.cuballama.com\\\/noticias\\\/cuba-realizara-marcha-del-pueblo-combatiente-ante-advertencia-de-trump\\\/\",\"url\":\"https:\\\/\\\/www.cuballama.com\\\/noticias\\\/cuba-realizara-marcha-del-pueblo-combatiente-ante-advertencia-de-trump\\\/\",\"name\":\"Cuba realizar\u00e1 \\\"marcha del pueblo combatiente\\\" ante advertencia de Trump - Cuballama Noticias\",\"isPartOf\":{\"@id\":\"https:\\\/\\\/www.cuballama.com\\\/noticias\\\/#website\"},\"primaryImageOfPage\":{\"@id\":\"https:\\\/\\\/www.cuballama.com\\\/noticias\\\/cuba-realizara-marcha-del-pueblo-combatiente-ante-advertencia-de-trump\\\/#primaryimage\"},\"image\":{\"@id\":\"https:\\\/\\\/www.cuballama.com\\\/noticias\\\/cuba-realizara-marcha-del-pueblo-combatiente-ante-advertencia-de-trump\\\/#primaryimage\"},\"thumbnailUrl\":\"https:\\\/\\\/cdn1.mediawpaccore.net\\\/wp-content\\\/uploads\\\/2024\\\/09\\\/28000837\\\/MG_9282CN-1920x12801-1.jpg\",\"datePublished\":\"2026-01-15T19:52:24+00:00\",\"dateModified\":\"2026-01-15T20:12:23+00:00\",\"description\":\"El gobierno cubano realizar\u00e1 una \\\"marcha del pueblo combatiente\\\" este viernes como homenaje a los militares cubanos fallecidos.\",\"breadcrumb\":{\"@id\":\"https:\\\/\\\/www.cuballama.com\\\/noticias\\\/cuba-realizara-marcha-del-pueblo-combatiente-ante-advertencia-de-trump\\\/#breadcrumb\"},\"inLanguage\":\"es\",\"potentialAction\":[{\"@type\":\"ReadAction\",\"target\":[\"https:\\\/\\\/www.cuballama.com\\\/noticias\\\/cuba-realizara-marcha-del-pueblo-combatiente-ante-advertencia-de-trump\\\/\"]}]},{\"@type\":\"ImageObject\",\"inLanguage\":\"es\",\"@id\":\"https:\\\/\\\/www.cuballama.com\\\/noticias\\\/cuba-realizara-marcha-del-pueblo-combatiente-ante-advertencia-de-trump\\\/#primaryimage\",\"url\":\"https:\\\/\\\/cdn1.mediawpaccore.net\\\/wp-content\\\/uploads\\\/2024\\\/09\\\/28000837\\\/MG_9282CN-1920x12801-1.jpg\",\"contentUrl\":\"https:\\\/\\\/cdn1.mediawpaccore.net\\\/wp-content\\\/uploads\\\/2024\\\/09\\\/28000837\\\/MG_9282CN-1920x12801-1.jpg\",\"width\":1200,\"height\":630,\"caption\":\"Embajada de EE.UU. en La Habana. Foto: CN360.\"},{\"@type\":\"BreadcrumbList\",\"@id\":\"https:\\\/\\\/www.cuballama.com\\\/noticias\\\/cuba-realizara-marcha-del-pueblo-combatiente-ante-advertencia-de-trump\\\/#breadcrumb\",\"itemListElement\":[{\"@type\":\"ListItem\",\"position\":1,\"name\":\"Home\",\"item\":\"https:\\\/\\\/www.cuballama.com\\\/noticias\\\/\"},{\"@type\":\"ListItem\",\"position\":2,\"name\":\"Cuba realizar\u00e1 \u00abmarcha del pueblo combatiente\u00bb ante advertencia de Trump\"}]},{\"@type\":\"WebSite\",\"@id\":\"https:\\\/\\\/www.cuballama.com\\\/noticias\\\/#website\",\"url\":\"https:\\\/\\\/www.cuballama.com\\\/noticias\\\/\",\"name\":\"Cuballama Noticias\",\"description\":\"Medio digital sobre Cuba y el mundo\",\"publisher\":{\"@id\":\"https:\\\/\\\/www.cuballama.com\\\/noticias\\\/#organization\"},\"potentialAction\":[{\"@type\":\"SearchAction\",\"target\":{\"@type\":\"EntryPoint\",\"urlTemplate\":\"https:\\\/\\\/www.cuballama.com\\\/noticias\\\/?s={search_term_string}\"},\"query-input\":{\"@type\":\"PropertyValueSpecification\",\"valueRequired\":true,\"valueName\":\"search_term_string\"}}],\"inLanguage\":\"es\"},{\"@type\":\"Organization\",\"@id\":\"https:\\\/\\\/www.cuballama.com\\\/noticias\\\/#organization\",\"name\":\"Cuballama\",\"url\":\"https:\\\/\\\/www.cuballama.com\\\/noticias\\\/\",\"logo\":{\"@type\":\"ImageObject\",\"inLanguage\":\"es\",\"@id\":\"https:\\\/\\\/www.cuballama.com\\\/noticias\\\/#\\\/schema\\\/logo\\\/image\\\/\",\"url\":\"https:\\\/\\\/cdn1.mediawpaccore.net\\\/wp-content\\\/uploads\\\/2021\\\/12\\\/28171206\\\/cbll-logo-color-sm.png\",\"contentUrl\":\"https:\\\/\\\/cdn1.mediawpaccore.net\\\/wp-content\\\/uploads\\\/2021\\\/12\\\/28171206\\\/cbll-logo-color-sm.png\",\"width\":600,\"height\":133,\"caption\":\"Cuballama\"},\"image\":{\"@id\":\"https:\\\/\\\/www.cuballama.com\\\/noticias\\\/#\\\/schema\\\/logo\\\/image\\\/\"},\"sameAs\":[\"https:\\\/\\\/www.facebook.com\\\/CubaLlama\",\"https:\\\/\\\/x.com\\\/cuballama\",\"https:\\\/\\\/www.instagram.com\\\/stories\\\/cuballama_oficial\\\/\",\"https:\\\/\\\/www.youtube.com\\\/channel\\\/UCKkFE-d_axENGZcrc4as0IA\"]},{\"@type\":\"Person\",\"@id\":\"https:\\\/\\\/www.cuballama.com\\\/noticias\\\/#\\\/schema\\\/person\\\/5889f7d070564f8386e7944d14d436cd\",\"name\":\"Manu\",\"url\":\"https:\\\/\\\/www.cuballama.com\\\/noticias\\\/author\\\/manu\\\/\"}]}<\/script>\n<!-- \/ Yoast SEO plugin. -->","yoast_head_json":{"title":"Cuba realizar\u00e1 \"marcha del pueblo combatiente\" ante advertencia de Trump - Cuballama Noticias","description":"El gobierno cubano realizar\u00e1 una \"marcha del pueblo combatiente\" este viernes como homenaje a los militares cubanos fallecidos.","robots":{"index":"index","follow":"follow","max-snippet":"max-snippet:-1","max-image-preview":"max-image-preview:large","max-video-preview":"max-video-preview:-1"},"canonical":"https:\/\/www.cuballama.com\/noticias\/cuba-realizara-marcha-del-pueblo-combatiente-ante-advertencia-de-trump\/","og_locale":"es_ES","og_type":"article","og_title":"Cuba realizar\u00e1 \"marcha del pueblo combatiente\" ante advertencia de Trump - Cuballama Noticias","og_description":"El gobierno cubano realizar\u00e1 una \"marcha del pueblo combatiente\" este viernes como homenaje a los militares cubanos fallecidos.","og_url":"https:\/\/www.cuballama.com\/noticias\/cuba-realizara-marcha-del-pueblo-combatiente-ante-advertencia-de-trump\/","og_site_name":"Cuballama Noticias","article_publisher":"https:\/\/www.facebook.com\/CubaLlama","article_published_time":"2026-01-15T19:52:24+00:00","article_modified_time":"2026-01-15T20:12:23+00:00","og_image":[{"width":1200,"height":630,"url":"https:\/\/cdn1.mediawpaccore.net\/wp-content\/uploads\/2024\/09\/28000837\/MG_9282CN-1920x12801-1.jpg","type":"image\/jpeg"}],"author":"Manu","twitter_card":"summary_large_image","twitter_creator":"@cuballama","twitter_site":"@cuballama","twitter_misc":{"Escrito por":"Manu","Tiempo de lectura":"2 minutos"},"schema":{"@context":"https:\/\/schema.org","@graph":[{"@type":"Article","@id":"https:\/\/www.cuballama.com\/noticias\/cuba-realizara-marcha-del-pueblo-combatiente-ante-advertencia-de-trump\/#article","isPartOf":{"@id":"https:\/\/www.cuballama.com\/noticias\/cuba-realizara-marcha-del-pueblo-combatiente-ante-advertencia-de-trump\/"},"author":{"name":"Manu","@id":"https:\/\/www.cuballama.com\/noticias\/#\/schema\/person\/5889f7d070564f8386e7944d14d436cd"},"headline":"Cuba realizar\u00e1 \u00abmarcha del pueblo combatiente\u00bb ante advertencia de Trump","datePublished":"2026-01-15T19:52:24+00:00","dateModified":"2026-01-15T20:12:23+00:00","mainEntityOfPage":{"@id":"https:\/\/www.cuballama.com\/noticias\/cuba-realizara-marcha-del-pueblo-combatiente-ante-advertencia-de-trump\/"},"wordCount":351,"commentCount":0,"publisher":{"@id":"https:\/\/www.cuballama.com\/noticias\/#organization"},"image":{"@id":"https:\/\/www.cuballama.com\/noticias\/cuba-realizara-marcha-del-pueblo-combatiente-ante-advertencia-de-trump\/#primaryimage"},"thumbnailUrl":"https:\/\/cdn1.mediawpaccore.net\/wp-content\/uploads\/2024\/09\/28000837\/MG_9282CN-1920x12801-1.jpg","keywords":["captura de Nicol\u00e1s Maduro","Crisis en Cuba","Cuba","cubanos","marcha del pueblo combatiente","militares cubanos en Venezuela","militares fallecidos","superdestacado","Trump"],"articleSection":["Noticias","Noticias de Cuba"],"inLanguage":"es","potentialAction":[{"@type":"CommentAction","name":"Comment","target":["https:\/\/www.cuballama.com\/noticias\/cuba-realizara-marcha-del-pueblo-combatiente-ante-advertencia-de-trump\/#respond"]}]},{"@type":"WebPage","@id":"https:\/\/www.cuballama.com\/noticias\/cuba-realizara-marcha-del-pueblo-combatiente-ante-advertencia-de-trump\/","url":"https:\/\/www.cuballama.com\/noticias\/cuba-realizara-marcha-del-pueblo-combatiente-ante-advertencia-de-trump\/","name":"Cuba realizar\u00e1 \"marcha del pueblo combatiente\" ante advertencia de Trump - Cuballama Noticias","isPartOf":{"@id":"https:\/\/www.cuballama.com\/noticias\/#website"},"primaryImageOfPage":{"@id":"https:\/\/www.cuballama.com\/noticias\/cuba-realizara-marcha-del-pueblo-combatiente-ante-advertencia-de-trump\/#primaryimage"},"image":{"@id":"https:\/\/www.cuballama.com\/noticias\/cuba-realizara-marcha-del-pueblo-combatiente-ante-advertencia-de-trump\/#primaryimage"},"thumbnailUrl":"https:\/\/cdn1.mediawpaccore.net\/wp-content\/uploads\/2024\/09\/28000837\/MG_9282CN-1920x12801-1.jpg","datePublished":"2026-01-15T19:52:24+00:00","dateModified":"2026-01-15T20:12:23+00:00","description":"El gobierno cubano realizar\u00e1 una \"marcha del pueblo combatiente\" este viernes como homenaje a los militares cubanos fallecidos.","breadcrumb":{"@id":"https:\/\/www.cuballama.com\/noticias\/cuba-realizara-marcha-del-pueblo-combatiente-ante-advertencia-de-trump\/#breadcrumb"},"inLanguage":"es","potentialAction":[{"@type":"ReadAction","target":["https:\/\/www.cuballama.com\/noticias\/cuba-realizara-marcha-del-pueblo-combatiente-ante-advertencia-de-trump\/"]}]},{"@type":"ImageObject","inLanguage":"es","@id":"https:\/\/www.cuballama.com\/noticias\/cuba-realizara-marcha-del-pueblo-combatiente-ante-advertencia-de-trump\/#primaryimage","url":"https:\/\/cdn1.mediawpaccore.net\/wp-content\/uploads\/2024\/09\/28000837\/MG_9282CN-1920x12801-1.jpg","contentUrl":"https:\/\/cdn1.mediawpaccore.net\/wp-content\/uploads\/2024\/09\/28000837\/MG_9282CN-1920x12801-1.jpg","width":1200,"height":630,"caption":"Embajada de EE.UU. en La Habana. Foto: CN360."},{"@type":"BreadcrumbList","@id":"https:\/\/www.cuballama.com\/noticias\/cuba-realizara-marcha-del-pueblo-combatiente-ante-advertencia-de-trump\/#breadcrumb","itemListElement":[{"@type":"ListItem","position":1,"name":"Home","item":"https:\/\/www.cuballama.com\/noticias\/"},{"@type":"ListItem","position":2,"name":"Cuba realizar\u00e1 \u00abmarcha del pueblo combatiente\u00bb ante advertencia de Trump"}]},{"@type":"WebSite","@id":"https:\/\/www.cuballama.com\/noticias\/#website","url":"https:\/\/www.cuballama.com\/noticias\/","name":"Cuballama Noticias","description":"Medio digital sobre Cuba y el mundo","publisher":{"@id":"https:\/\/www.cuballama.com\/noticias\/#organization"},"potentialAction":[{"@type":"SearchAction","target":{"@type":"EntryPoint","urlTemplate":"https:\/\/www.cuballama.com\/noticias\/?s={search_term_string}"},"query-input":{"@type":"PropertyValueSpecification","valueRequired":true,"valueName":"search_term_string"}}],"inLanguage":"es"},{"@type":"Organization","@id":"https:\/\/www.cuballama.com\/noticias\/#organization","name":"Cuballama","url":"https:\/\/www.cuballama.com\/noticias\/","logo":{"@type":"ImageObject","inLanguage":"es","@id":"https:\/\/www.cuballama.com\/noticias\/#\/schema\/logo\/image\/","url":"https:\/\/cdn1.mediawpaccore.net\/wp-content\/uploads\/2021\/12\/28171206\/cbll-logo-color-sm.png","contentUrl":"https:\/\/cdn1.mediawpaccore.net\/wp-content\/uploads\/2021\/12\/28171206\/cbll-logo-color-sm.png","width":600,"height":133,"caption":"Cuballama"},"image":{"@id":"https:\/\/www.cuballama.com\/noticias\/#\/schema\/logo\/image\/"},"sameAs":["https:\/\/www.facebook.com\/CubaLlama","https:\/\/x.com\/cuballama","https:\/\/www.instagram.com\/stories\/cuballama_oficial\/","https:\/\/www.youtube.com\/channel\/UCKkFE-d_axENGZcrc4as0IA"]},{"@type":"Person","@id":"https:\/\/www.cuballama.com\/noticias\/#\/schema\/person\/5889f7d070564f8386e7944d14d436cd","name":"Manu","url":"https:\/\/www.cuballama.com\/noticias\/author\/manu\/"}]}},"_links":{"self":[{"href":"https:\/\/www.cuballama.com\/noticias\/wp-json\/wp\/v2\/posts\/232143","targetHints":{"allow":["GET"]}}],"collection":[{"href":"https:\/\/www.cuballama.com\/noticias\/wp-json\/wp\/v2\/posts"}],"about":[{"href":"https:\/\/www.cuballama.com\/noticias\/wp-json\/wp\/v2\/types\/post"}],"author":[{"embeddable":true,"href":"https:\/\/www.cuballama.com\/noticias\/wp-json\/wp\/v2\/users\/24"}],"replies":[{"embeddable":true,"href":"https:\/\/www.cuballama.com\/noticias\/wp-json\/wp\/v2\/comments?post=232143"}],"version-history":[{"count":2,"href":"https:\/\/www.cuballama.com\/noticias\/wp-json\/wp\/v2\/posts\/232143\/revisions"}],"predecessor-version":[{"id":232145,"href":"https:\/\/www.cuballama.com\/noticias\/wp-json\/wp\/v2\/posts\/232143\/revisions\/232145"}],"wp:featuredmedia":[{"embeddable":true,"href":"https:\/\/www.cuballama.com\/noticias\/wp-json\/wp\/v2\/media\/184372"}],"wp:attachment":[{"href":"https:\/\/www.cuballama.com\/noticias\/wp-json\/wp\/v2\/media?parent=232143"}],"wp:term":[{"taxonomy":"category","embeddable":true,"href":"https:\/\/www.cuballama.com\/noticias\/wp-json\/wp\/v2\/categories?post=232143"},{"taxonomy":"post_tag","embeddable":true,"href":"https:\/\/www.cuballama.com\/noticias\/wp-json\/wp\/v2\/tags?post=232143"}],"curies":[{"name":"wp","href":"https:\/\/api.w.org\/{rel}","templated":true}]}}