{"id":232105,"date":"2026-01-15T12:00:40","date_gmt":"2026-01-15T17:00:40","guid":{"rendered":"https:\/\/www.cuballama.com\/noticias\/?p=232105"},"modified":"2026-01-15T12:05:28","modified_gmt":"2026-01-15T17:05:28","slug":"reaparece-raul-castro-por-primera-vez-desde-captura-de-maduro","status":"publish","type":"post","link":"https:\/\/www.cuballama.com\/noticias\/reaparece-raul-castro-por-primera-vez-desde-captura-de-maduro\/","title":{"rendered":"Reaparece Ra\u00fal Castro por primera vez desde captura de Maduro"},"content":{"rendered":"\n<p>El general de Ej\u00e9rcito Ra\u00fal Castro reapareci\u00f3 por primera vez tras la captura de Nicol\u00e1s Maduro el pasado 3 de enero en Venezuela por tropas especiales estadounidenses. Castro, vestido de completo verde olivo, encabez\u00f3 la ceremonia p\u00f3stuma en homenaje a los militares cubanos fallecidos en Venezuela, cuyos restos mortales llegaron este jueves a La Habana.<\/p>\n\n\n\n<p>Durante el tributo en el Aeropuerto Internacional Jos\u00e9 Mart\u00ed, Castro, de 94 a\u00f1os, no se pronunci\u00f3 sobre el hecho y estuvo acompa\u00f1ado por Jos\u00e9 Ram\u00f3n Machado Ventura y el mandatario Miguel D\u00edaz-Canel. Las palabras del homenaje estuvieron a cargo del general de Cuerpo de Ej\u00e9rcito L\u00e1zaro Alberto \u00c1lvarez Casas, miembro del Bur\u00f3 Pol\u00edtico del Comit\u00e9 Central del Partido y ministro del Interior.<\/p>\n\n\n\n<p>\u00c1lvarez Casas indic\u00f3 que los 32 militares cubanos fallecidos en un enfrentamiento con efectivos estadounidenses sab\u00edan \u201cque no regresar era una posibilidad\u201d.<\/p>\n\n\n\n<figure class=\"wp-block-image size-full\"><img loading=\"lazy\" decoding=\"async\" width=\"700\" height=\"500\" src=\"https:\/\/cdn1.mediawpaccore.net\/wp-content\/uploads\/2026\/01\/15120515\/f0439619.jpg\" alt=\"\" class=\"wp-image-232140\" srcset=\"https:\/\/cdn1.mediawpaccore.net\/wp-content\/uploads\/2026\/01\/15120515\/f0439619.jpg 700w, https:\/\/cdn1.mediawpaccore.net\/wp-content\/uploads\/2026\/01\/15120515\/f0439619-300x214.jpg 300w, https:\/\/cdn1.mediawpaccore.net\/wp-content\/uploads\/2026\/01\/15120515\/f0439619-588x420.jpg 588w, https:\/\/cdn1.mediawpaccore.net\/wp-content\/uploads\/2026\/01\/15120515\/f0439619-150x107.jpg 150w, https:\/\/cdn1.mediawpaccore.net\/wp-content\/uploads\/2026\/01\/15120515\/f0439619-696x497.jpg 696w\" sizes=\"auto, (max-width: 700px) 100vw, 700px\" \/><\/figure>\n\n\n\n<p><strong>Foto:<\/strong>&nbsp;Estudios Revoluci\u00f3n<a href=\"https:\/\/www.granma.cu\/#tuxpan_gallery_3982\"><\/a><\/p>\n\n\n\n<p>\u201cNo regresan a nosotros como sombras; por el contrario, son una nueva luz que nos refuerza, enardece y compromete. Regresan cubiertos por la bandera, y esa bandera no representa una ausencia, consagra una presencia eterna. Traen consigo el ejemplo imperecedero de la entrega, el valor y la fidelidad a los m\u00e1s nobles ideales del hombre\u201d, dijo.<\/p>\n\n\n\n<p>\u201cCuando cruzaron mar y cielo para cumplir su misi\u00f3n, lo hicieron serenamente, pero firmemente convencidos de que no traicionar\u00edan jam\u00e1s a este pueblo que, siguiendo el ejemplo de sus h\u00e9roes, aprendi\u00f3 a compartir su suerte con los dem\u00e1s\u201d, a\u00f1adi\u00f3 Casas.<\/p>\n\n\n\n<p>El gobierno cubano siempre neg\u00f3 la presencia de miembros del Ej\u00e9rcito cubano en Venezuela, cuyo actual gobierno, presidido por Delcy Rodr\u00edguez, ha entablado fruct\u00edferas conversaciones con el presidente Donald Trump, de acuerdo con declaraciones de ambas partes. Mientras tanto, Maduro permanece en una prisi\u00f3n de Nueva York, a la espera de pr\u00f3ximas audiencias de un juicio en el que debe responder por diversos cargos de los que se le acusa, entre ellos v\u00ednculos con el narcotr\u00e1fico.<\/p>\n\n\n\n<p>Tras el arribo de los restos mortales de los militares cubanos, el gobierno organiz\u00f3 distintos homenajes que se han extendido durante toda la ma\u00f1ana y que tendr\u00e1n su punto culminante este viernes con una marcha del pueblo combatiente, que partir\u00e1 desde la llamada Tribuna Antimperialista.<\/p>\n\n\n\n<p>Este tributo ocurre en medio de un fuerte clima de tensi\u00f3n entre La Habana y Washington. El presidente Trump revel\u00f3 que est\u00e1 \u201chablando con Cuba\u201d y le ha dado un ultim\u00e1tum al gobierno cubano para que realice cambios \u201cantes de que sea demasiado tarde\u201d.<\/p>\n\n\n\n<p><\/p>\n","protected":false},"excerpt":{"rendered":"<p>Este tributo ocurre en medio de un fuerte clima de tensi\u00f3n entre La Habana y Washington. El presidente Trump revel\u00f3 que est\u00e1 \u201chablando con Cuba\u201d y le ha dado un ultim\u00e1tum al gobierno cubano para que realice cambios \u201cantes de que sea demasiado tarde\u201d.<\/p>\n","protected":false},"author":24,"featured_media":232136,"comment_status":"open","ping_status":"closed","sticky":false,"template":"","format":"standard","meta":{"_acf_changed":false,"footnotes":""},"categories":[18,955],"tags":[10867,11,92,12175,113,11017],"class_list":{"0":"post-232105","1":"post","2":"type-post","3":"status-publish","4":"format-standard","5":"has-post-thumbnail","7":"category-noticias","8":"category-noticias-de-cuba","9":"tag-crisis-en-cuba","10":"tag-cuba","11":"tag-cubanos","12":"tag-diaz-canel-3","13":"tag-raul-castro","14":"tag-superdestacado"},"acf":[],"yoast_head":"<!-- This site is optimized with the Yoast SEO plugin v27.4 - https:\/\/yoast.com\/product\/yoast-seo-wordpress\/ -->\n<title>Reaparece Ra\u00fal Castro por primera vez desde captura de Maduro - Cuballama Noticias<\/title>\n<meta name=\"description\" content=\"El general de Ej\u00e9rcito Ra\u00fal Castro reapareci\u00f3 por primera vez tras la captura de Nicol\u00e1s Maduro en Venezuela.\" \/>\n<meta name=\"robots\" content=\"index, follow, max-snippet:-1, max-image-preview:large, max-video-preview:-1\" \/>\n<link rel=\"canonical\" href=\"https:\/\/www.cuballama.com\/noticias\/reaparece-raul-castro-por-primera-vez-desde-captura-de-maduro\/\" \/>\n<meta property=\"og:locale\" content=\"es_ES\" \/>\n<meta property=\"og:type\" content=\"article\" \/>\n<meta property=\"og:title\" content=\"Reaparece Ra\u00fal Castro por primera vez desde captura de Maduro - Cuballama Noticias\" \/>\n<meta property=\"og:description\" content=\"El general de Ej\u00e9rcito Ra\u00fal Castro reapareci\u00f3 por primera vez tras la captura de Nicol\u00e1s Maduro en Venezuela.\" \/>\n<meta property=\"og:url\" content=\"https:\/\/www.cuballama.com\/noticias\/reaparece-raul-castro-por-primera-vez-desde-captura-de-maduro\/\" \/>\n<meta property=\"og:site_name\" content=\"Cuballama Noticias\" \/>\n<meta property=\"article:publisher\" content=\"https:\/\/www.facebook.com\/CubaLlama\" \/>\n<meta property=\"article:published_time\" content=\"2026-01-15T17:00:40+00:00\" \/>\n<meta property=\"article:modified_time\" content=\"2026-01-15T17:05:28+00:00\" \/>\n<meta property=\"og:image\" content=\"https:\/\/cdn1.mediawpaccore.net\/wp-content\/uploads\/2026\/01\/15115735\/raulceremonia.jpg\" \/>\n\t<meta property=\"og:image:width\" content=\"766\" \/>\n\t<meta property=\"og:image:height\" content=\"421\" \/>\n\t<meta property=\"og:image:type\" content=\"image\/jpeg\" \/>\n<meta name=\"author\" content=\"Manu\" \/>\n<meta name=\"twitter:card\" content=\"summary_large_image\" \/>\n<meta name=\"twitter:creator\" content=\"@cuballama\" \/>\n<meta name=\"twitter:site\" content=\"@cuballama\" \/>\n<meta name=\"twitter:label1\" content=\"Escrito por\" \/>\n\t<meta name=\"twitter:data1\" content=\"Manu\" \/>\n\t<meta name=\"twitter:label2\" content=\"Tiempo de lectura\" \/>\n\t<meta name=\"twitter:data2\" content=\"3 minutos\" \/>\n<script type=\"application\/ld+json\" class=\"yoast-schema-graph\">{\"@context\":\"https:\\\/\\\/schema.org\",\"@graph\":[{\"@type\":\"Article\",\"@id\":\"https:\\\/\\\/www.cuballama.com\\\/noticias\\\/reaparece-raul-castro-por-primera-vez-desde-captura-de-maduro\\\/#article\",\"isPartOf\":{\"@id\":\"https:\\\/\\\/www.cuballama.com\\\/noticias\\\/reaparece-raul-castro-por-primera-vez-desde-captura-de-maduro\\\/\"},\"author\":{\"name\":\"Manu\",\"@id\":\"https:\\\/\\\/www.cuballama.com\\\/noticias\\\/#\\\/schema\\\/person\\\/5889f7d070564f8386e7944d14d436cd\"},\"headline\":\"Reaparece Ra\u00fal Castro por primera vez desde captura de Maduro\",\"datePublished\":\"2026-01-15T17:00:40+00:00\",\"dateModified\":\"2026-01-15T17:05:28+00:00\",\"mainEntityOfPage\":{\"@id\":\"https:\\\/\\\/www.cuballama.com\\\/noticias\\\/reaparece-raul-castro-por-primera-vez-desde-captura-de-maduro\\\/\"},\"wordCount\":443,\"commentCount\":0,\"publisher\":{\"@id\":\"https:\\\/\\\/www.cuballama.com\\\/noticias\\\/#organization\"},\"image\":{\"@id\":\"https:\\\/\\\/www.cuballama.com\\\/noticias\\\/reaparece-raul-castro-por-primera-vez-desde-captura-de-maduro\\\/#primaryimage\"},\"thumbnailUrl\":\"https:\\\/\\\/cdn1.mediawpaccore.net\\\/wp-content\\\/uploads\\\/2026\\\/01\\\/15115735\\\/raulceremonia.jpg\",\"keywords\":[\"Crisis en Cuba\",\"Cuba\",\"cubanos\",\"Diaz Canel\",\"Ra\u00fal Castro\",\"superdestacado\"],\"articleSection\":[\"Noticias\",\"Noticias de Cuba\"],\"inLanguage\":\"es\",\"potentialAction\":[{\"@type\":\"CommentAction\",\"name\":\"Comment\",\"target\":[\"https:\\\/\\\/www.cuballama.com\\\/noticias\\\/reaparece-raul-castro-por-primera-vez-desde-captura-de-maduro\\\/#respond\"]}]},{\"@type\":\"WebPage\",\"@id\":\"https:\\\/\\\/www.cuballama.com\\\/noticias\\\/reaparece-raul-castro-por-primera-vez-desde-captura-de-maduro\\\/\",\"url\":\"https:\\\/\\\/www.cuballama.com\\\/noticias\\\/reaparece-raul-castro-por-primera-vez-desde-captura-de-maduro\\\/\",\"name\":\"Reaparece Ra\u00fal Castro por primera vez desde captura de Maduro - Cuballama Noticias\",\"isPartOf\":{\"@id\":\"https:\\\/\\\/www.cuballama.com\\\/noticias\\\/#website\"},\"primaryImageOfPage\":{\"@id\":\"https:\\\/\\\/www.cuballama.com\\\/noticias\\\/reaparece-raul-castro-por-primera-vez-desde-captura-de-maduro\\\/#primaryimage\"},\"image\":{\"@id\":\"https:\\\/\\\/www.cuballama.com\\\/noticias\\\/reaparece-raul-castro-por-primera-vez-desde-captura-de-maduro\\\/#primaryimage\"},\"thumbnailUrl\":\"https:\\\/\\\/cdn1.mediawpaccore.net\\\/wp-content\\\/uploads\\\/2026\\\/01\\\/15115735\\\/raulceremonia.jpg\",\"datePublished\":\"2026-01-15T17:00:40+00:00\",\"dateModified\":\"2026-01-15T17:05:28+00:00\",\"description\":\"El general de Ej\u00e9rcito Ra\u00fal Castro reapareci\u00f3 por primera vez tras la captura de Nicol\u00e1s Maduro en Venezuela.\",\"breadcrumb\":{\"@id\":\"https:\\\/\\\/www.cuballama.com\\\/noticias\\\/reaparece-raul-castro-por-primera-vez-desde-captura-de-maduro\\\/#breadcrumb\"},\"inLanguage\":\"es\",\"potentialAction\":[{\"@type\":\"ReadAction\",\"target\":[\"https:\\\/\\\/www.cuballama.com\\\/noticias\\\/reaparece-raul-castro-por-primera-vez-desde-captura-de-maduro\\\/\"]}]},{\"@type\":\"ImageObject\",\"inLanguage\":\"es\",\"@id\":\"https:\\\/\\\/www.cuballama.com\\\/noticias\\\/reaparece-raul-castro-por-primera-vez-desde-captura-de-maduro\\\/#primaryimage\",\"url\":\"https:\\\/\\\/cdn1.mediawpaccore.net\\\/wp-content\\\/uploads\\\/2026\\\/01\\\/15115735\\\/raulceremonia.jpg\",\"contentUrl\":\"https:\\\/\\\/cdn1.mediawpaccore.net\\\/wp-content\\\/uploads\\\/2026\\\/01\\\/15115735\\\/raulceremonia.jpg\",\"width\":766,\"height\":421,\"caption\":\"Ra\u00fal Castro. Foto Captura de pantalla.\"},{\"@type\":\"BreadcrumbList\",\"@id\":\"https:\\\/\\\/www.cuballama.com\\\/noticias\\\/reaparece-raul-castro-por-primera-vez-desde-captura-de-maduro\\\/#breadcrumb\",\"itemListElement\":[{\"@type\":\"ListItem\",\"position\":1,\"name\":\"Home\",\"item\":\"https:\\\/\\\/www.cuballama.com\\\/noticias\\\/\"},{\"@type\":\"ListItem\",\"position\":2,\"name\":\"Reaparece Ra\u00fal Castro por primera vez desde captura de Maduro\"}]},{\"@type\":\"WebSite\",\"@id\":\"https:\\\/\\\/www.cuballama.com\\\/noticias\\\/#website\",\"url\":\"https:\\\/\\\/www.cuballama.com\\\/noticias\\\/\",\"name\":\"Cuballama Noticias\",\"description\":\"Medio digital sobre Cuba y el mundo\",\"publisher\":{\"@id\":\"https:\\\/\\\/www.cuballama.com\\\/noticias\\\/#organization\"},\"potentialAction\":[{\"@type\":\"SearchAction\",\"target\":{\"@type\":\"EntryPoint\",\"urlTemplate\":\"https:\\\/\\\/www.cuballama.com\\\/noticias\\\/?s={search_term_string}\"},\"query-input\":{\"@type\":\"PropertyValueSpecification\",\"valueRequired\":true,\"valueName\":\"search_term_string\"}}],\"inLanguage\":\"es\"},{\"@type\":\"Organization\",\"@id\":\"https:\\\/\\\/www.cuballama.com\\\/noticias\\\/#organization\",\"name\":\"Cuballama\",\"url\":\"https:\\\/\\\/www.cuballama.com\\\/noticias\\\/\",\"logo\":{\"@type\":\"ImageObject\",\"inLanguage\":\"es\",\"@id\":\"https:\\\/\\\/www.cuballama.com\\\/noticias\\\/#\\\/schema\\\/logo\\\/image\\\/\",\"url\":\"https:\\\/\\\/cdn1.mediawpaccore.net\\\/wp-content\\\/uploads\\\/2021\\\/12\\\/28171206\\\/cbll-logo-color-sm.png\",\"contentUrl\":\"https:\\\/\\\/cdn1.mediawpaccore.net\\\/wp-content\\\/uploads\\\/2021\\\/12\\\/28171206\\\/cbll-logo-color-sm.png\",\"width\":600,\"height\":133,\"caption\":\"Cuballama\"},\"image\":{\"@id\":\"https:\\\/\\\/www.cuballama.com\\\/noticias\\\/#\\\/schema\\\/logo\\\/image\\\/\"},\"sameAs\":[\"https:\\\/\\\/www.facebook.com\\\/CubaLlama\",\"https:\\\/\\\/x.com\\\/cuballama\",\"https:\\\/\\\/www.instagram.com\\\/stories\\\/cuballama_oficial\\\/\",\"https:\\\/\\\/www.youtube.com\\\/channel\\\/UCKkFE-d_axENGZcrc4as0IA\"]},{\"@type\":\"Person\",\"@id\":\"https:\\\/\\\/www.cuballama.com\\\/noticias\\\/#\\\/schema\\\/person\\\/5889f7d070564f8386e7944d14d436cd\",\"name\":\"Manu\",\"url\":\"https:\\\/\\\/www.cuballama.com\\\/noticias\\\/author\\\/manu\\\/\"}]}<\/script>\n<!-- \/ Yoast SEO plugin. -->","yoast_head_json":{"title":"Reaparece Ra\u00fal Castro por primera vez desde captura de Maduro - Cuballama Noticias","description":"El general de Ej\u00e9rcito Ra\u00fal Castro reapareci\u00f3 por primera vez tras la captura de Nicol\u00e1s Maduro en Venezuela.","robots":{"index":"index","follow":"follow","max-snippet":"max-snippet:-1","max-image-preview":"max-image-preview:large","max-video-preview":"max-video-preview:-1"},"canonical":"https:\/\/www.cuballama.com\/noticias\/reaparece-raul-castro-por-primera-vez-desde-captura-de-maduro\/","og_locale":"es_ES","og_type":"article","og_title":"Reaparece Ra\u00fal Castro por primera vez desde captura de Maduro - Cuballama Noticias","og_description":"El general de Ej\u00e9rcito Ra\u00fal Castro reapareci\u00f3 por primera vez tras la captura de Nicol\u00e1s Maduro en Venezuela.","og_url":"https:\/\/www.cuballama.com\/noticias\/reaparece-raul-castro-por-primera-vez-desde-captura-de-maduro\/","og_site_name":"Cuballama Noticias","article_publisher":"https:\/\/www.facebook.com\/CubaLlama","article_published_time":"2026-01-15T17:00:40+00:00","article_modified_time":"2026-01-15T17:05:28+00:00","og_image":[{"width":766,"height":421,"url":"https:\/\/cdn1.mediawpaccore.net\/wp-content\/uploads\/2026\/01\/15115735\/raulceremonia.jpg","type":"image\/jpeg"}],"author":"Manu","twitter_card":"summary_large_image","twitter_creator":"@cuballama","twitter_site":"@cuballama","twitter_misc":{"Escrito por":"Manu","Tiempo de lectura":"3 minutos"},"schema":{"@context":"https:\/\/schema.org","@graph":[{"@type":"Article","@id":"https:\/\/www.cuballama.com\/noticias\/reaparece-raul-castro-por-primera-vez-desde-captura-de-maduro\/#article","isPartOf":{"@id":"https:\/\/www.cuballama.com\/noticias\/reaparece-raul-castro-por-primera-vez-desde-captura-de-maduro\/"},"author":{"name":"Manu","@id":"https:\/\/www.cuballama.com\/noticias\/#\/schema\/person\/5889f7d070564f8386e7944d14d436cd"},"headline":"Reaparece Ra\u00fal Castro por primera vez desde captura de Maduro","datePublished":"2026-01-15T17:00:40+00:00","dateModified":"2026-01-15T17:05:28+00:00","mainEntityOfPage":{"@id":"https:\/\/www.cuballama.com\/noticias\/reaparece-raul-castro-por-primera-vez-desde-captura-de-maduro\/"},"wordCount":443,"commentCount":0,"publisher":{"@id":"https:\/\/www.cuballama.com\/noticias\/#organization"},"image":{"@id":"https:\/\/www.cuballama.com\/noticias\/reaparece-raul-castro-por-primera-vez-desde-captura-de-maduro\/#primaryimage"},"thumbnailUrl":"https:\/\/cdn1.mediawpaccore.net\/wp-content\/uploads\/2026\/01\/15115735\/raulceremonia.jpg","keywords":["Crisis en Cuba","Cuba","cubanos","Diaz Canel","Ra\u00fal Castro","superdestacado"],"articleSection":["Noticias","Noticias de Cuba"],"inLanguage":"es","potentialAction":[{"@type":"CommentAction","name":"Comment","target":["https:\/\/www.cuballama.com\/noticias\/reaparece-raul-castro-por-primera-vez-desde-captura-de-maduro\/#respond"]}]},{"@type":"WebPage","@id":"https:\/\/www.cuballama.com\/noticias\/reaparece-raul-castro-por-primera-vez-desde-captura-de-maduro\/","url":"https:\/\/www.cuballama.com\/noticias\/reaparece-raul-castro-por-primera-vez-desde-captura-de-maduro\/","name":"Reaparece Ra\u00fal Castro por primera vez desde captura de Maduro - Cuballama Noticias","isPartOf":{"@id":"https:\/\/www.cuballama.com\/noticias\/#website"},"primaryImageOfPage":{"@id":"https:\/\/www.cuballama.com\/noticias\/reaparece-raul-castro-por-primera-vez-desde-captura-de-maduro\/#primaryimage"},"image":{"@id":"https:\/\/www.cuballama.com\/noticias\/reaparece-raul-castro-por-primera-vez-desde-captura-de-maduro\/#primaryimage"},"thumbnailUrl":"https:\/\/cdn1.mediawpaccore.net\/wp-content\/uploads\/2026\/01\/15115735\/raulceremonia.jpg","datePublished":"2026-01-15T17:00:40+00:00","dateModified":"2026-01-15T17:05:28+00:00","description":"El general de Ej\u00e9rcito Ra\u00fal Castro reapareci\u00f3 por primera vez tras la captura de Nicol\u00e1s Maduro en Venezuela.","breadcrumb":{"@id":"https:\/\/www.cuballama.com\/noticias\/reaparece-raul-castro-por-primera-vez-desde-captura-de-maduro\/#breadcrumb"},"inLanguage":"es","potentialAction":[{"@type":"ReadAction","target":["https:\/\/www.cuballama.com\/noticias\/reaparece-raul-castro-por-primera-vez-desde-captura-de-maduro\/"]}]},{"@type":"ImageObject","inLanguage":"es","@id":"https:\/\/www.cuballama.com\/noticias\/reaparece-raul-castro-por-primera-vez-desde-captura-de-maduro\/#primaryimage","url":"https:\/\/cdn1.mediawpaccore.net\/wp-content\/uploads\/2026\/01\/15115735\/raulceremonia.jpg","contentUrl":"https:\/\/cdn1.mediawpaccore.net\/wp-content\/uploads\/2026\/01\/15115735\/raulceremonia.jpg","width":766,"height":421,"caption":"Ra\u00fal Castro. Foto Captura de pantalla."},{"@type":"BreadcrumbList","@id":"https:\/\/www.cuballama.com\/noticias\/reaparece-raul-castro-por-primera-vez-desde-captura-de-maduro\/#breadcrumb","itemListElement":[{"@type":"ListItem","position":1,"name":"Home","item":"https:\/\/www.cuballama.com\/noticias\/"},{"@type":"ListItem","position":2,"name":"Reaparece Ra\u00fal Castro por primera vez desde captura de Maduro"}]},{"@type":"WebSite","@id":"https:\/\/www.cuballama.com\/noticias\/#website","url":"https:\/\/www.cuballama.com\/noticias\/","name":"Cuballama Noticias","description":"Medio digital sobre Cuba y el mundo","publisher":{"@id":"https:\/\/www.cuballama.com\/noticias\/#organization"},"potentialAction":[{"@type":"SearchAction","target":{"@type":"EntryPoint","urlTemplate":"https:\/\/www.cuballama.com\/noticias\/?s={search_term_string}"},"query-input":{"@type":"PropertyValueSpecification","valueRequired":true,"valueName":"search_term_string"}}],"inLanguage":"es"},{"@type":"Organization","@id":"https:\/\/www.cuballama.com\/noticias\/#organization","name":"Cuballama","url":"https:\/\/www.cuballama.com\/noticias\/","logo":{"@type":"ImageObject","inLanguage":"es","@id":"https:\/\/www.cuballama.com\/noticias\/#\/schema\/logo\/image\/","url":"https:\/\/cdn1.mediawpaccore.net\/wp-content\/uploads\/2021\/12\/28171206\/cbll-logo-color-sm.png","contentUrl":"https:\/\/cdn1.mediawpaccore.net\/wp-content\/uploads\/2021\/12\/28171206\/cbll-logo-color-sm.png","width":600,"height":133,"caption":"Cuballama"},"image":{"@id":"https:\/\/www.cuballama.com\/noticias\/#\/schema\/logo\/image\/"},"sameAs":["https:\/\/www.facebook.com\/CubaLlama","https:\/\/x.com\/cuballama","https:\/\/www.instagram.com\/stories\/cuballama_oficial\/","https:\/\/www.youtube.com\/channel\/UCKkFE-d_axENGZcrc4as0IA"]},{"@type":"Person","@id":"https:\/\/www.cuballama.com\/noticias\/#\/schema\/person\/5889f7d070564f8386e7944d14d436cd","name":"Manu","url":"https:\/\/www.cuballama.com\/noticias\/author\/manu\/"}]}},"_links":{"self":[{"href":"https:\/\/www.cuballama.com\/noticias\/wp-json\/wp\/v2\/posts\/232105","targetHints":{"allow":["GET"]}}],"collection":[{"href":"https:\/\/www.cuballama.com\/noticias\/wp-json\/wp\/v2\/posts"}],"about":[{"href":"https:\/\/www.cuballama.com\/noticias\/wp-json\/wp\/v2\/types\/post"}],"author":[{"embeddable":true,"href":"https:\/\/www.cuballama.com\/noticias\/wp-json\/wp\/v2\/users\/24"}],"replies":[{"embeddable":true,"href":"https:\/\/www.cuballama.com\/noticias\/wp-json\/wp\/v2\/comments?post=232105"}],"version-history":[{"count":5,"href":"https:\/\/www.cuballama.com\/noticias\/wp-json\/wp\/v2\/posts\/232105\/revisions"}],"predecessor-version":[{"id":232141,"href":"https:\/\/www.cuballama.com\/noticias\/wp-json\/wp\/v2\/posts\/232105\/revisions\/232141"}],"wp:featuredmedia":[{"embeddable":true,"href":"https:\/\/www.cuballama.com\/noticias\/wp-json\/wp\/v2\/media\/232136"}],"wp:attachment":[{"href":"https:\/\/www.cuballama.com\/noticias\/wp-json\/wp\/v2\/media?parent=232105"}],"wp:term":[{"taxonomy":"category","embeddable":true,"href":"https:\/\/www.cuballama.com\/noticias\/wp-json\/wp\/v2\/categories?post=232105"},{"taxonomy":"post_tag","embeddable":true,"href":"https:\/\/www.cuballama.com\/noticias\/wp-json\/wp\/v2\/tags?post=232105"}],"curies":[{"name":"wp","href":"https:\/\/api.w.org\/{rel}","templated":true}]}}