{"id":232018,"date":"2026-01-15T07:00:00","date_gmt":"2026-01-15T12:00:00","guid":{"rendered":"https:\/\/www.cuballama.com\/noticias\/?p=232018"},"modified":"2026-01-17T13:07:53","modified_gmt":"2026-01-17T18:07:53","slug":"cubana-muere-asesinada-salvajemente-por-su-expareja-en-granma","status":"publish","type":"post","link":"https:\/\/www.cuballama.com\/noticias\/cubana-muere-asesinada-salvajemente-por-su-expareja-en-granma\/","title":{"rendered":"Cubana muere asesinada salvajemente por su expareja en Granma"},"content":{"rendered":"\n<p>Darmis Ismarai Figueredo Rodr\u00edguez, una cubana de 38 a\u00f1os, y su actual pareja, de 43, fueron asesinados la noche del pasado 7 de enero en su hogar en la comunidad de Gua, Campechuela, Granma.&nbsp;<\/p>\n\n\n\n<p>El Observatorio de G\u00e9nero Alas Tensas (OGAT) y la plataforma independiente Yo S\u00ed Te Creo en Cuba (YSTCC) verificaron los hechos y llamaron a las autoridades a adoptar medidas efectivas para evitar estos hechos, ya que Darmis, conocida como Gulli, hab\u00eda denunciado a su agresor justo un mes antes de ser asesinada.<\/p>\n\n\n\n<p>Seg\u00fan afirm\u00f3 un familiar directo a <em>Alas Tensas<\/em>, la v\u00edctima hab\u00eda reportado amenazas y agresiones previas ante la Polic\u00eda, pero no recibi\u00f3 ninguna protecci\u00f3n.<\/p>\n\n\n\n<p>A trav\u00e9s de su p\u00e1gina Nio reportando un crimen, el activista Niover Licea inform\u00f3 que el 10 de enero las autoridades capturaron al autor de ambos cr\u00edmenes, identificado como Adri\u00e1n Corrales Puig.<\/p>\n\n\n\n<p>Seg\u00fan el testimonio de un familiar, el agresor habr\u00eda aprovechado la oscuridad provocada por un apag\u00f3n para interceptar a las v\u00edctimas al regresar a su hogar y cometer el crimen.<\/p>\n\n\n\n<iframe loading=\"lazy\" src=\"https:\/\/www.facebook.com\/plugins\/post.php?href=https%3A%2F%2Fwww.facebook.com%2FAlasTensasCuba%2Fposts%2Fpfbid0JetZCNgpAMVQdgDVfDYfk2zMCFLfR6CmywqjTUmmawxSBNCvTk5i1QyK6nqrVFnkl&#038;show_text=true&#038;width=500\" width=\"500\" height=\"736\" style=\"border:none;overflow:hidden\" scrolling=\"no\" frameborder=\"0\" allowfullscreen=\"true\" allow=\"autoplay; clipboard-write; encrypted-media; picture-in-picture; web-share\"><\/iframe>\n\n\n\n<p>Darmis era trabajadora en el hogar y madre de dos hijas, de 17 y 13 a\u00f1os. Su pareja tambi\u00e9n ten\u00eda dos hijos.<\/p>\n\n\n\n<p>\u201cEl caso gener\u00f3 gran preocupaci\u00f3n debido a que el agresor hab\u00eda amenazado con regresar para cometer nuevos actos violentos, incluyendo amenazas contra familiares cercanos\u201d, apuntaron otros allegados, que detallaron que Corrales habr\u00eda matado a machetazos a su expareja y al novio de ella, identificado como Yumier Rosa Rivera.<\/p>\n\n\n\n<p>Seg\u00fan las citadas plataformas, se trata de un caso que responde a un patr\u00f3n documentado en Cuba, el de la violencia ejercida por parejas o exparejas, rupturas no aceptadas, antecedentes de control y denuncias formales que no derivan en acciones preventivas.<\/p>\n\n\n\n<p>Este ser\u00eda el segundo feminicidio que se comprobar\u00eda en la isla en el a\u00f1o que reci\u00e9n comienza. El primero fue el de <a href=\"https:\/\/www.cuballama.com\/noticias\/asesinan-brutalmente-a-enfermera-cubana-en-sancti-spiritus\/?srsltid=AfmBOopLEeIfm_V5dz3kby0DGiNEcjn9RY68j9kjE5HFURATzbTPc3MF\" target=\"_blank\" rel=\"noreferrer noopener\">Magalis Arag\u00f3n<\/a>.<\/p>\n\n\n\n<p>Desde el 2019 hasta el 31 de diciembre pasado OGAT y YSTCC han registrado 315 feminicidios en Cuba (16 en 2019; 33 en 2020; 36 en 2021; 36 en 2022; 90 en 2023; 56 en 2024; y 48 en 2025), as\u00ed como otras formas extremas de violencia contra las mujeres y las ni\u00f1as.<\/p>\n\n\n\n<p><\/p>\n","protected":false},"excerpt":{"rendered":"<p>La mujer era trabajadora en el hogar y madre de dos hijas.<\/p>\n","protected":false},"author":30,"featured_media":232019,"comment_status":"open","ping_status":"closed","sticky":false,"template":"","format":"standard","meta":{"_acf_changed":false,"footnotes":""},"categories":[18,955],"tags":[22112,941,10655,7551],"class_list":{"0":"post-232018","1":"post","2":"type-post","3":"status-publish","4":"format-standard","5":"has-post-thumbnail","7":"category-noticias","8":"category-noticias-de-cuba","9":"tag-cubana-asesinada","10":"tag-destacado","11":"tag-feminicidio-en-cuba","12":"tag-violencia-contra-la-mujer"},"acf":[],"yoast_head":"<!-- This site is optimized with the Yoast SEO plugin v27.5 - https:\/\/yoast.com\/product\/yoast-seo-wordpress\/ -->\n<title>Cubana muere asesinada salvajemente por su expareja en Granma - Cuballama Noticias<\/title>\n<meta name=\"description\" content=\"Un cubano asesin\u00f3 a su exesposa y a la pareja actual de ella el pasado 7 de enero en la provincia de Granma.\" \/>\n<meta name=\"robots\" content=\"index, follow, max-snippet:-1, max-image-preview:large, max-video-preview:-1\" \/>\n<link rel=\"canonical\" href=\"https:\/\/www.cuballama.com\/noticias\/cubana-muere-asesinada-salvajemente-por-su-expareja-en-granma\/\" \/>\n<meta property=\"og:locale\" content=\"es_ES\" \/>\n<meta property=\"og:type\" content=\"article\" \/>\n<meta property=\"og:title\" content=\"Cubana muere asesinada salvajemente por su expareja en Granma - Cuballama Noticias\" \/>\n<meta property=\"og:description\" content=\"Un cubano asesin\u00f3 a su exesposa y a la pareja actual de ella el pasado 7 de enero en la provincia de Granma.\" \/>\n<meta property=\"og:url\" content=\"https:\/\/www.cuballama.com\/noticias\/cubana-muere-asesinada-salvajemente-por-su-expareja-en-granma\/\" \/>\n<meta property=\"og:site_name\" content=\"Cuballama Noticias\" \/>\n<meta property=\"article:publisher\" content=\"https:\/\/www.facebook.com\/CubaLlama\" \/>\n<meta property=\"article:published_time\" content=\"2026-01-15T12:00:00+00:00\" \/>\n<meta property=\"article:modified_time\" content=\"2026-01-17T18:07:53+00:00\" \/>\n<meta property=\"og:image\" content=\"https:\/\/cdn1.mediawpaccore.net\/wp-content\/uploads\/2026\/01\/14225959\/475130400_588577220640396_6839123674781761367_n2.jpg\" \/>\n\t<meta property=\"og:image:width\" content=\"1200\" \/>\n\t<meta property=\"og:image:height\" content=\"630\" \/>\n\t<meta property=\"og:image:type\" content=\"image\/jpeg\" \/>\n<meta name=\"author\" content=\"Kathy\" \/>\n<meta name=\"twitter:card\" content=\"summary_large_image\" \/>\n<meta name=\"twitter:creator\" content=\"@cuballama\" \/>\n<meta name=\"twitter:site\" content=\"@cuballama\" \/>\n<meta name=\"twitter:label1\" content=\"Escrito por\" \/>\n\t<meta name=\"twitter:data1\" content=\"Kathy\" \/>\n\t<meta name=\"twitter:label2\" content=\"Tiempo de lectura\" \/>\n\t<meta name=\"twitter:data2\" content=\"2 minutos\" \/>\n<script type=\"application\/ld+json\" class=\"yoast-schema-graph\">{\"@context\":\"https:\\\/\\\/schema.org\",\"@graph\":[{\"@type\":\"Article\",\"@id\":\"https:\\\/\\\/www.cuballama.com\\\/noticias\\\/cubana-muere-asesinada-salvajemente-por-su-expareja-en-granma\\\/#article\",\"isPartOf\":{\"@id\":\"https:\\\/\\\/www.cuballama.com\\\/noticias\\\/cubana-muere-asesinada-salvajemente-por-su-expareja-en-granma\\\/\"},\"author\":{\"name\":\"Kathy\",\"@id\":\"https:\\\/\\\/www.cuballama.com\\\/noticias\\\/#\\\/schema\\\/person\\\/86cd3e3f4974437f031211213bf892d5\"},\"headline\":\"Cubana muere asesinada salvajemente por su expareja en Granma\",\"datePublished\":\"2026-01-15T12:00:00+00:00\",\"dateModified\":\"2026-01-17T18:07:53+00:00\",\"mainEntityOfPage\":{\"@id\":\"https:\\\/\\\/www.cuballama.com\\\/noticias\\\/cubana-muere-asesinada-salvajemente-por-su-expareja-en-granma\\\/\"},\"wordCount\":378,\"commentCount\":0,\"publisher\":{\"@id\":\"https:\\\/\\\/www.cuballama.com\\\/noticias\\\/#organization\"},\"image\":{\"@id\":\"https:\\\/\\\/www.cuballama.com\\\/noticias\\\/cubana-muere-asesinada-salvajemente-por-su-expareja-en-granma\\\/#primaryimage\"},\"thumbnailUrl\":\"https:\\\/\\\/cdn1.mediawpaccore.net\\\/wp-content\\\/uploads\\\/2026\\\/01\\\/14225959\\\/475130400_588577220640396_6839123674781761367_n2.jpg\",\"keywords\":[\"cubana asesinada\",\"destacado\",\"feminicidio en Cuba\",\"violencia contra la mujer\"],\"articleSection\":[\"Noticias\",\"Noticias de Cuba\"],\"inLanguage\":\"es\",\"potentialAction\":[{\"@type\":\"CommentAction\",\"name\":\"Comment\",\"target\":[\"https:\\\/\\\/www.cuballama.com\\\/noticias\\\/cubana-muere-asesinada-salvajemente-por-su-expareja-en-granma\\\/#respond\"]}]},{\"@type\":\"WebPage\",\"@id\":\"https:\\\/\\\/www.cuballama.com\\\/noticias\\\/cubana-muere-asesinada-salvajemente-por-su-expareja-en-granma\\\/\",\"url\":\"https:\\\/\\\/www.cuballama.com\\\/noticias\\\/cubana-muere-asesinada-salvajemente-por-su-expareja-en-granma\\\/\",\"name\":\"Cubana muere asesinada salvajemente por su expareja en Granma - Cuballama Noticias\",\"isPartOf\":{\"@id\":\"https:\\\/\\\/www.cuballama.com\\\/noticias\\\/#website\"},\"primaryImageOfPage\":{\"@id\":\"https:\\\/\\\/www.cuballama.com\\\/noticias\\\/cubana-muere-asesinada-salvajemente-por-su-expareja-en-granma\\\/#primaryimage\"},\"image\":{\"@id\":\"https:\\\/\\\/www.cuballama.com\\\/noticias\\\/cubana-muere-asesinada-salvajemente-por-su-expareja-en-granma\\\/#primaryimage\"},\"thumbnailUrl\":\"https:\\\/\\\/cdn1.mediawpaccore.net\\\/wp-content\\\/uploads\\\/2026\\\/01\\\/14225959\\\/475130400_588577220640396_6839123674781761367_n2.jpg\",\"datePublished\":\"2026-01-15T12:00:00+00:00\",\"dateModified\":\"2026-01-17T18:07:53+00:00\",\"description\":\"Un cubano asesin\u00f3 a su exesposa y a la pareja actual de ella el pasado 7 de enero en la provincia de Granma.\",\"breadcrumb\":{\"@id\":\"https:\\\/\\\/www.cuballama.com\\\/noticias\\\/cubana-muere-asesinada-salvajemente-por-su-expareja-en-granma\\\/#breadcrumb\"},\"inLanguage\":\"es\",\"potentialAction\":[{\"@type\":\"ReadAction\",\"target\":[\"https:\\\/\\\/www.cuballama.com\\\/noticias\\\/cubana-muere-asesinada-salvajemente-por-su-expareja-en-granma\\\/\"]}]},{\"@type\":\"ImageObject\",\"inLanguage\":\"es\",\"@id\":\"https:\\\/\\\/www.cuballama.com\\\/noticias\\\/cubana-muere-asesinada-salvajemente-por-su-expareja-en-granma\\\/#primaryimage\",\"url\":\"https:\\\/\\\/cdn1.mediawpaccore.net\\\/wp-content\\\/uploads\\\/2026\\\/01\\\/14225959\\\/475130400_588577220640396_6839123674781761367_n2.jpg\",\"contentUrl\":\"https:\\\/\\\/cdn1.mediawpaccore.net\\\/wp-content\\\/uploads\\\/2026\\\/01\\\/14225959\\\/475130400_588577220640396_6839123674781761367_n2.jpg\",\"width\":1200,\"height\":630,\"caption\":\"Darmis Ismarai Figueredo Rodr\u00edguez. Foto: Facebook\\\/Darmis Ismarai Figueredo Rodr\u00edguez.\"},{\"@type\":\"BreadcrumbList\",\"@id\":\"https:\\\/\\\/www.cuballama.com\\\/noticias\\\/cubana-muere-asesinada-salvajemente-por-su-expareja-en-granma\\\/#breadcrumb\",\"itemListElement\":[{\"@type\":\"ListItem\",\"position\":1,\"name\":\"Home\",\"item\":\"https:\\\/\\\/www.cuballama.com\\\/noticias\\\/\"},{\"@type\":\"ListItem\",\"position\":2,\"name\":\"Cubana muere asesinada salvajemente por su expareja en Granma\"}]},{\"@type\":\"WebSite\",\"@id\":\"https:\\\/\\\/www.cuballama.com\\\/noticias\\\/#website\",\"url\":\"https:\\\/\\\/www.cuballama.com\\\/noticias\\\/\",\"name\":\"Cuballama Noticias\",\"description\":\"Medio digital sobre Cuba y el mundo\",\"publisher\":{\"@id\":\"https:\\\/\\\/www.cuballama.com\\\/noticias\\\/#organization\"},\"potentialAction\":[{\"@type\":\"SearchAction\",\"target\":{\"@type\":\"EntryPoint\",\"urlTemplate\":\"https:\\\/\\\/www.cuballama.com\\\/noticias\\\/?s={search_term_string}\"},\"query-input\":{\"@type\":\"PropertyValueSpecification\",\"valueRequired\":true,\"valueName\":\"search_term_string\"}}],\"inLanguage\":\"es\"},{\"@type\":\"Organization\",\"@id\":\"https:\\\/\\\/www.cuballama.com\\\/noticias\\\/#organization\",\"name\":\"Cuballama\",\"url\":\"https:\\\/\\\/www.cuballama.com\\\/noticias\\\/\",\"logo\":{\"@type\":\"ImageObject\",\"inLanguage\":\"es\",\"@id\":\"https:\\\/\\\/www.cuballama.com\\\/noticias\\\/#\\\/schema\\\/logo\\\/image\\\/\",\"url\":\"https:\\\/\\\/cdn1.mediawpaccore.net\\\/wp-content\\\/uploads\\\/2021\\\/12\\\/28171206\\\/cbll-logo-color-sm.png\",\"contentUrl\":\"https:\\\/\\\/cdn1.mediawpaccore.net\\\/wp-content\\\/uploads\\\/2021\\\/12\\\/28171206\\\/cbll-logo-color-sm.png\",\"width\":600,\"height\":133,\"caption\":\"Cuballama\"},\"image\":{\"@id\":\"https:\\\/\\\/www.cuballama.com\\\/noticias\\\/#\\\/schema\\\/logo\\\/image\\\/\"},\"sameAs\":[\"https:\\\/\\\/www.facebook.com\\\/CubaLlama\",\"https:\\\/\\\/x.com\\\/cuballama\",\"https:\\\/\\\/www.instagram.com\\\/stories\\\/cuballama_oficial\\\/\",\"https:\\\/\\\/www.youtube.com\\\/channel\\\/UCKkFE-d_axENGZcrc4as0IA\"]},{\"@type\":\"Person\",\"@id\":\"https:\\\/\\\/www.cuballama.com\\\/noticias\\\/#\\\/schema\\\/person\\\/86cd3e3f4974437f031211213bf892d5\",\"name\":\"Kathy\",\"url\":\"https:\\\/\\\/www.cuballama.com\\\/noticias\\\/author\\\/kathy\\\/\"}]}<\/script>\n<!-- \/ Yoast SEO plugin. -->","yoast_head_json":{"title":"Cubana muere asesinada salvajemente por su expareja en Granma - Cuballama Noticias","description":"Un cubano asesin\u00f3 a su exesposa y a la pareja actual de ella el pasado 7 de enero en la provincia de Granma.","robots":{"index":"index","follow":"follow","max-snippet":"max-snippet:-1","max-image-preview":"max-image-preview:large","max-video-preview":"max-video-preview:-1"},"canonical":"https:\/\/www.cuballama.com\/noticias\/cubana-muere-asesinada-salvajemente-por-su-expareja-en-granma\/","og_locale":"es_ES","og_type":"article","og_title":"Cubana muere asesinada salvajemente por su expareja en Granma - Cuballama Noticias","og_description":"Un cubano asesin\u00f3 a su exesposa y a la pareja actual de ella el pasado 7 de enero en la provincia de Granma.","og_url":"https:\/\/www.cuballama.com\/noticias\/cubana-muere-asesinada-salvajemente-por-su-expareja-en-granma\/","og_site_name":"Cuballama Noticias","article_publisher":"https:\/\/www.facebook.com\/CubaLlama","article_published_time":"2026-01-15T12:00:00+00:00","article_modified_time":"2026-01-17T18:07:53+00:00","og_image":[{"width":1200,"height":630,"url":"https:\/\/cdn1.mediawpaccore.net\/wp-content\/uploads\/2026\/01\/14225959\/475130400_588577220640396_6839123674781761367_n2.jpg","type":"image\/jpeg"}],"author":"Kathy","twitter_card":"summary_large_image","twitter_creator":"@cuballama","twitter_site":"@cuballama","twitter_misc":{"Escrito por":"Kathy","Tiempo de lectura":"2 minutos"},"schema":{"@context":"https:\/\/schema.org","@graph":[{"@type":"Article","@id":"https:\/\/www.cuballama.com\/noticias\/cubana-muere-asesinada-salvajemente-por-su-expareja-en-granma\/#article","isPartOf":{"@id":"https:\/\/www.cuballama.com\/noticias\/cubana-muere-asesinada-salvajemente-por-su-expareja-en-granma\/"},"author":{"name":"Kathy","@id":"https:\/\/www.cuballama.com\/noticias\/#\/schema\/person\/86cd3e3f4974437f031211213bf892d5"},"headline":"Cubana muere asesinada salvajemente por su expareja en Granma","datePublished":"2026-01-15T12:00:00+00:00","dateModified":"2026-01-17T18:07:53+00:00","mainEntityOfPage":{"@id":"https:\/\/www.cuballama.com\/noticias\/cubana-muere-asesinada-salvajemente-por-su-expareja-en-granma\/"},"wordCount":378,"commentCount":0,"publisher":{"@id":"https:\/\/www.cuballama.com\/noticias\/#organization"},"image":{"@id":"https:\/\/www.cuballama.com\/noticias\/cubana-muere-asesinada-salvajemente-por-su-expareja-en-granma\/#primaryimage"},"thumbnailUrl":"https:\/\/cdn1.mediawpaccore.net\/wp-content\/uploads\/2026\/01\/14225959\/475130400_588577220640396_6839123674781761367_n2.jpg","keywords":["cubana asesinada","destacado","feminicidio en Cuba","violencia contra la mujer"],"articleSection":["Noticias","Noticias de Cuba"],"inLanguage":"es","potentialAction":[{"@type":"CommentAction","name":"Comment","target":["https:\/\/www.cuballama.com\/noticias\/cubana-muere-asesinada-salvajemente-por-su-expareja-en-granma\/#respond"]}]},{"@type":"WebPage","@id":"https:\/\/www.cuballama.com\/noticias\/cubana-muere-asesinada-salvajemente-por-su-expareja-en-granma\/","url":"https:\/\/www.cuballama.com\/noticias\/cubana-muere-asesinada-salvajemente-por-su-expareja-en-granma\/","name":"Cubana muere asesinada salvajemente por su expareja en Granma - Cuballama Noticias","isPartOf":{"@id":"https:\/\/www.cuballama.com\/noticias\/#website"},"primaryImageOfPage":{"@id":"https:\/\/www.cuballama.com\/noticias\/cubana-muere-asesinada-salvajemente-por-su-expareja-en-granma\/#primaryimage"},"image":{"@id":"https:\/\/www.cuballama.com\/noticias\/cubana-muere-asesinada-salvajemente-por-su-expareja-en-granma\/#primaryimage"},"thumbnailUrl":"https:\/\/cdn1.mediawpaccore.net\/wp-content\/uploads\/2026\/01\/14225959\/475130400_588577220640396_6839123674781761367_n2.jpg","datePublished":"2026-01-15T12:00:00+00:00","dateModified":"2026-01-17T18:07:53+00:00","description":"Un cubano asesin\u00f3 a su exesposa y a la pareja actual de ella el pasado 7 de enero en la provincia de Granma.","breadcrumb":{"@id":"https:\/\/www.cuballama.com\/noticias\/cubana-muere-asesinada-salvajemente-por-su-expareja-en-granma\/#breadcrumb"},"inLanguage":"es","potentialAction":[{"@type":"ReadAction","target":["https:\/\/www.cuballama.com\/noticias\/cubana-muere-asesinada-salvajemente-por-su-expareja-en-granma\/"]}]},{"@type":"ImageObject","inLanguage":"es","@id":"https:\/\/www.cuballama.com\/noticias\/cubana-muere-asesinada-salvajemente-por-su-expareja-en-granma\/#primaryimage","url":"https:\/\/cdn1.mediawpaccore.net\/wp-content\/uploads\/2026\/01\/14225959\/475130400_588577220640396_6839123674781761367_n2.jpg","contentUrl":"https:\/\/cdn1.mediawpaccore.net\/wp-content\/uploads\/2026\/01\/14225959\/475130400_588577220640396_6839123674781761367_n2.jpg","width":1200,"height":630,"caption":"Darmis Ismarai Figueredo Rodr\u00edguez. Foto: Facebook\/Darmis Ismarai Figueredo Rodr\u00edguez."},{"@type":"BreadcrumbList","@id":"https:\/\/www.cuballama.com\/noticias\/cubana-muere-asesinada-salvajemente-por-su-expareja-en-granma\/#breadcrumb","itemListElement":[{"@type":"ListItem","position":1,"name":"Home","item":"https:\/\/www.cuballama.com\/noticias\/"},{"@type":"ListItem","position":2,"name":"Cubana muere asesinada salvajemente por su expareja en Granma"}]},{"@type":"WebSite","@id":"https:\/\/www.cuballama.com\/noticias\/#website","url":"https:\/\/www.cuballama.com\/noticias\/","name":"Cuballama Noticias","description":"Medio digital sobre Cuba y el mundo","publisher":{"@id":"https:\/\/www.cuballama.com\/noticias\/#organization"},"potentialAction":[{"@type":"SearchAction","target":{"@type":"EntryPoint","urlTemplate":"https:\/\/www.cuballama.com\/noticias\/?s={search_term_string}"},"query-input":{"@type":"PropertyValueSpecification","valueRequired":true,"valueName":"search_term_string"}}],"inLanguage":"es"},{"@type":"Organization","@id":"https:\/\/www.cuballama.com\/noticias\/#organization","name":"Cuballama","url":"https:\/\/www.cuballama.com\/noticias\/","logo":{"@type":"ImageObject","inLanguage":"es","@id":"https:\/\/www.cuballama.com\/noticias\/#\/schema\/logo\/image\/","url":"https:\/\/cdn1.mediawpaccore.net\/wp-content\/uploads\/2021\/12\/28171206\/cbll-logo-color-sm.png","contentUrl":"https:\/\/cdn1.mediawpaccore.net\/wp-content\/uploads\/2021\/12\/28171206\/cbll-logo-color-sm.png","width":600,"height":133,"caption":"Cuballama"},"image":{"@id":"https:\/\/www.cuballama.com\/noticias\/#\/schema\/logo\/image\/"},"sameAs":["https:\/\/www.facebook.com\/CubaLlama","https:\/\/x.com\/cuballama","https:\/\/www.instagram.com\/stories\/cuballama_oficial\/","https:\/\/www.youtube.com\/channel\/UCKkFE-d_axENGZcrc4as0IA"]},{"@type":"Person","@id":"https:\/\/www.cuballama.com\/noticias\/#\/schema\/person\/86cd3e3f4974437f031211213bf892d5","name":"Kathy","url":"https:\/\/www.cuballama.com\/noticias\/author\/kathy\/"}]}},"_links":{"self":[{"href":"https:\/\/www.cuballama.com\/noticias\/wp-json\/wp\/v2\/posts\/232018","targetHints":{"allow":["GET"]}}],"collection":[{"href":"https:\/\/www.cuballama.com\/noticias\/wp-json\/wp\/v2\/posts"}],"about":[{"href":"https:\/\/www.cuballama.com\/noticias\/wp-json\/wp\/v2\/types\/post"}],"author":[{"embeddable":true,"href":"https:\/\/www.cuballama.com\/noticias\/wp-json\/wp\/v2\/users\/30"}],"replies":[{"embeddable":true,"href":"https:\/\/www.cuballama.com\/noticias\/wp-json\/wp\/v2\/comments?post=232018"}],"version-history":[{"count":16,"href":"https:\/\/www.cuballama.com\/noticias\/wp-json\/wp\/v2\/posts\/232018\/revisions"}],"predecessor-version":[{"id":232439,"href":"https:\/\/www.cuballama.com\/noticias\/wp-json\/wp\/v2\/posts\/232018\/revisions\/232439"}],"wp:featuredmedia":[{"embeddable":true,"href":"https:\/\/www.cuballama.com\/noticias\/wp-json\/wp\/v2\/media\/232019"}],"wp:attachment":[{"href":"https:\/\/www.cuballama.com\/noticias\/wp-json\/wp\/v2\/media?parent=232018"}],"wp:term":[{"taxonomy":"category","embeddable":true,"href":"https:\/\/www.cuballama.com\/noticias\/wp-json\/wp\/v2\/categories?post=232018"},{"taxonomy":"post_tag","embeddable":true,"href":"https:\/\/www.cuballama.com\/noticias\/wp-json\/wp\/v2\/tags?post=232018"}],"curies":[{"name":"wp","href":"https:\/\/api.w.org\/{rel}","templated":true}]}}