{"id":232015,"date":"2026-01-15T06:30:00","date_gmt":"2026-01-15T11:30:00","guid":{"rendered":"https:\/\/www.cuballama.com\/noticias\/?p=232015"},"modified":"2026-01-15T00:33:23","modified_gmt":"2026-01-15T05:33:23","slug":"identifican-a-cubano-hallado-decapitado-en-linea-del-tren-en-artemisa","status":"publish","type":"post","link":"https:\/\/www.cuballama.com\/noticias\/identifican-a-cubano-hallado-decapitado-en-linea-del-tren-en-artemisa\/","title":{"rendered":"Identifican a cubano hallado decapitado en l\u00ednea del tren en Artemisa"},"content":{"rendered":"\n<p>El cubano cuyo cuerpo fue encontrado decapitado en la l\u00ednea del ferrocarril en el municipio de San Crist\u00f3bal, Artemisa, ha sido identificado en redes sociales como Basilio Palacios, quien se dedicaba a la venta de carne de cerdo.&nbsp;<\/p>\n\n\n\n<p>Seg\u00fan testimonios, el macabro hallazgo habr\u00eda ocurrido el martes 13 de enero, aunque hasta el momento se desconocen las causas o las circunstancias en las que muri\u00f3 Palacios, quien viv\u00eda en el vecino municipio de Artemisa.<\/p>\n\n\n\n<p>El hecho ha generando conmoci\u00f3n, alarma y preocupaci\u00f3n entre los pobladores de la zona, debido a la brutalidad del suceso.<\/p>\n\n\n\n<p>Hasta el momento, las autoridades no han ofrecido informaci\u00f3n oficial sobre lo ocurrido.<\/p>\n\n\n\n<p>Palacios, quien es recordado por muchos como \u201cBacilito\u201d, ha sido definido por sus conocidos como \u201cuna gran persona y un buen ser humano\u201d.<\/p>\n\n\n\n<iframe loading=\"lazy\" src=\"https:\/\/www.facebook.com\/plugins\/post.php?href=https%3A%2F%2Fwww.facebook.com%2Fpermalink.php%3Fstory_fbid%3Dpfbid02eh6uXwgESTjJfyNEebHCfjf7fbA31Z16NeAGfRTetUF2qncPpnSMcGuVADp3mGtUl%26id%3D61559784217848&#038;show_text=true&#038;width=500\" width=\"500\" height=\"717\" style=\"border:none;overflow:hidden\" scrolling=\"no\" frameborder=\"0\" allowfullscreen=\"true\" allow=\"autoplay; clipboard-write; encrypted-media; picture-in-picture; web-share\"><\/iframe>\n\n\n\n<p>\u201cPobre amigo, tremenda persona. Ayudaba a todo el mundo. Vend\u00eda panes con carne en la esquina del estadio. Todos los d\u00edas lo ve\u00eda. Tremendo ser humano y una gente noble\u201d, expres\u00f3 una persona cercana a la v\u00edctima en la p\u00e1gina de Facebook Nio reportando un crimen.<\/p>\n\n\n\n<p>Si bien de manera extraoficial se ha especulado que el hombre pudo haber sido decapitado por el tren, pobladores de la zona han aclarado que, la forma en que fue encontrado el cuerpo apunta m\u00e1s a que se trate de un asesinato. \u201cLo arrojaron a la l\u00ednea para que el tren tapara lo sucedido\u201d, dijo uno de ellos.<\/p>\n\n\n\n<p>Otras versiones se\u00f1alan que pudo tratarse de \u201cun ajuste de cuentas\u201d, lo que a muchos le parece raro porque Palacios \u201cno se met\u00eda con nadie ni le deb\u00eda a nadie; \u00e9l era un trabajador y luchador\u201d.<\/p>\n\n\n\n<p><\/p>\n","protected":false},"excerpt":{"rendered":"<p>La v\u00edctima ha sido recordada como una buena persona.<\/p>\n","protected":false},"author":30,"featured_media":232017,"comment_status":"open","ping_status":"closed","sticky":false,"template":"","format":"standard","meta":{"_acf_changed":false,"footnotes":""},"categories":[18,955],"tags":[16502,10269,941],"class_list":{"0":"post-232015","1":"post","2":"type-post","3":"status-publish","4":"format-standard","5":"has-post-thumbnail","7":"category-noticias","8":"category-noticias-de-cuba","9":"tag-asesinato-en-cuba","10":"tag-cubano-asesinado","11":"tag-destacado"},"acf":[],"yoast_head":"<!-- This site is optimized with the Yoast SEO plugin v27.5 - https:\/\/yoast.com\/product\/yoast-seo-wordpress\/ -->\n<title>Identifican a cubano hallado decapitado en l\u00ednea del tren en Artemisa - Cuballama Noticias<\/title>\n<meta name=\"description\" content=\"Un cubano fue encontrado decapitado en la l\u00ednea del ferrocarril en el municipio de San Crist\u00f3bal, Artemisa.\" \/>\n<meta name=\"robots\" content=\"index, follow, max-snippet:-1, max-image-preview:large, max-video-preview:-1\" \/>\n<link rel=\"canonical\" href=\"https:\/\/www.cuballama.com\/noticias\/identifican-a-cubano-hallado-decapitado-en-linea-del-tren-en-artemisa\/\" \/>\n<meta property=\"og:locale\" content=\"es_ES\" \/>\n<meta property=\"og:type\" content=\"article\" \/>\n<meta property=\"og:title\" content=\"Identifican a cubano hallado decapitado en l\u00ednea del tren en Artemisa - Cuballama Noticias\" \/>\n<meta property=\"og:description\" content=\"Un cubano fue encontrado decapitado en la l\u00ednea del ferrocarril en el municipio de San Crist\u00f3bal, Artemisa.\" \/>\n<meta property=\"og:url\" content=\"https:\/\/www.cuballama.com\/noticias\/identifican-a-cubano-hallado-decapitado-en-linea-del-tren-en-artemisa\/\" \/>\n<meta property=\"og:site_name\" content=\"Cuballama Noticias\" \/>\n<meta property=\"article:publisher\" content=\"https:\/\/www.facebook.com\/CubaLlama\" \/>\n<meta property=\"article:published_time\" content=\"2026-01-15T11:30:00+00:00\" \/>\n<meta property=\"og:image\" content=\"https:\/\/cdn1.mediawpaccore.net\/wp-content\/uploads\/2026\/01\/14224001\/615568364_1468362961553052_1838680949879489024_n2.jpg\" \/>\n\t<meta property=\"og:image:width\" content=\"1200\" \/>\n\t<meta property=\"og:image:height\" content=\"630\" \/>\n\t<meta property=\"og:image:type\" content=\"image\/jpeg\" \/>\n<meta name=\"author\" content=\"Kathy\" \/>\n<meta name=\"twitter:card\" content=\"summary_large_image\" \/>\n<meta name=\"twitter:creator\" content=\"@cuballama\" \/>\n<meta name=\"twitter:site\" content=\"@cuballama\" \/>\n<meta name=\"twitter:label1\" content=\"Escrito por\" \/>\n\t<meta name=\"twitter:data1\" content=\"Kathy\" \/>\n\t<meta name=\"twitter:label2\" content=\"Tiempo de lectura\" \/>\n\t<meta name=\"twitter:data2\" content=\"2 minutos\" \/>\n<script type=\"application\/ld+json\" class=\"yoast-schema-graph\">{\"@context\":\"https:\\\/\\\/schema.org\",\"@graph\":[{\"@type\":\"Article\",\"@id\":\"https:\\\/\\\/www.cuballama.com\\\/noticias\\\/identifican-a-cubano-hallado-decapitado-en-linea-del-tren-en-artemisa\\\/#article\",\"isPartOf\":{\"@id\":\"https:\\\/\\\/www.cuballama.com\\\/noticias\\\/identifican-a-cubano-hallado-decapitado-en-linea-del-tren-en-artemisa\\\/\"},\"author\":{\"name\":\"Kathy\",\"@id\":\"https:\\\/\\\/www.cuballama.com\\\/noticias\\\/#\\\/schema\\\/person\\\/86cd3e3f4974437f031211213bf892d5\"},\"headline\":\"Identifican a cubano hallado decapitado en l\u00ednea del tren en Artemisa\",\"datePublished\":\"2026-01-15T11:30:00+00:00\",\"mainEntityOfPage\":{\"@id\":\"https:\\\/\\\/www.cuballama.com\\\/noticias\\\/identifican-a-cubano-hallado-decapitado-en-linea-del-tren-en-artemisa\\\/\"},\"wordCount\":300,\"commentCount\":0,\"publisher\":{\"@id\":\"https:\\\/\\\/www.cuballama.com\\\/noticias\\\/#organization\"},\"image\":{\"@id\":\"https:\\\/\\\/www.cuballama.com\\\/noticias\\\/identifican-a-cubano-hallado-decapitado-en-linea-del-tren-en-artemisa\\\/#primaryimage\"},\"thumbnailUrl\":\"https:\\\/\\\/cdn1.mediawpaccore.net\\\/wp-content\\\/uploads\\\/2026\\\/01\\\/14224001\\\/615568364_1468362961553052_1838680949879489024_n2.jpg\",\"keywords\":[\"asesinato en Cuba\",\"cubano asesinado\",\"destacado\"],\"articleSection\":[\"Noticias\",\"Noticias de Cuba\"],\"inLanguage\":\"es\",\"potentialAction\":[{\"@type\":\"CommentAction\",\"name\":\"Comment\",\"target\":[\"https:\\\/\\\/www.cuballama.com\\\/noticias\\\/identifican-a-cubano-hallado-decapitado-en-linea-del-tren-en-artemisa\\\/#respond\"]}]},{\"@type\":\"WebPage\",\"@id\":\"https:\\\/\\\/www.cuballama.com\\\/noticias\\\/identifican-a-cubano-hallado-decapitado-en-linea-del-tren-en-artemisa\\\/\",\"url\":\"https:\\\/\\\/www.cuballama.com\\\/noticias\\\/identifican-a-cubano-hallado-decapitado-en-linea-del-tren-en-artemisa\\\/\",\"name\":\"Identifican a cubano hallado decapitado en l\u00ednea del tren en Artemisa - Cuballama Noticias\",\"isPartOf\":{\"@id\":\"https:\\\/\\\/www.cuballama.com\\\/noticias\\\/#website\"},\"primaryImageOfPage\":{\"@id\":\"https:\\\/\\\/www.cuballama.com\\\/noticias\\\/identifican-a-cubano-hallado-decapitado-en-linea-del-tren-en-artemisa\\\/#primaryimage\"},\"image\":{\"@id\":\"https:\\\/\\\/www.cuballama.com\\\/noticias\\\/identifican-a-cubano-hallado-decapitado-en-linea-del-tren-en-artemisa\\\/#primaryimage\"},\"thumbnailUrl\":\"https:\\\/\\\/cdn1.mediawpaccore.net\\\/wp-content\\\/uploads\\\/2026\\\/01\\\/14224001\\\/615568364_1468362961553052_1838680949879489024_n2.jpg\",\"datePublished\":\"2026-01-15T11:30:00+00:00\",\"description\":\"Un cubano fue encontrado decapitado en la l\u00ednea del ferrocarril en el municipio de San Crist\u00f3bal, Artemisa.\",\"breadcrumb\":{\"@id\":\"https:\\\/\\\/www.cuballama.com\\\/noticias\\\/identifican-a-cubano-hallado-decapitado-en-linea-del-tren-en-artemisa\\\/#breadcrumb\"},\"inLanguage\":\"es\",\"potentialAction\":[{\"@type\":\"ReadAction\",\"target\":[\"https:\\\/\\\/www.cuballama.com\\\/noticias\\\/identifican-a-cubano-hallado-decapitado-en-linea-del-tren-en-artemisa\\\/\"]}]},{\"@type\":\"ImageObject\",\"inLanguage\":\"es\",\"@id\":\"https:\\\/\\\/www.cuballama.com\\\/noticias\\\/identifican-a-cubano-hallado-decapitado-en-linea-del-tren-en-artemisa\\\/#primaryimage\",\"url\":\"https:\\\/\\\/cdn1.mediawpaccore.net\\\/wp-content\\\/uploads\\\/2026\\\/01\\\/14224001\\\/615568364_1468362961553052_1838680949879489024_n2.jpg\",\"contentUrl\":\"https:\\\/\\\/cdn1.mediawpaccore.net\\\/wp-content\\\/uploads\\\/2026\\\/01\\\/14224001\\\/615568364_1468362961553052_1838680949879489024_n2.jpg\",\"width\":1200,\"height\":630,\"caption\":\"Basilio Palacios. Foto: Facebook\\\/La Tijera.\"},{\"@type\":\"BreadcrumbList\",\"@id\":\"https:\\\/\\\/www.cuballama.com\\\/noticias\\\/identifican-a-cubano-hallado-decapitado-en-linea-del-tren-en-artemisa\\\/#breadcrumb\",\"itemListElement\":[{\"@type\":\"ListItem\",\"position\":1,\"name\":\"Home\",\"item\":\"https:\\\/\\\/www.cuballama.com\\\/noticias\\\/\"},{\"@type\":\"ListItem\",\"position\":2,\"name\":\"Identifican a cubano hallado decapitado en l\u00ednea del tren en Artemisa\"}]},{\"@type\":\"WebSite\",\"@id\":\"https:\\\/\\\/www.cuballama.com\\\/noticias\\\/#website\",\"url\":\"https:\\\/\\\/www.cuballama.com\\\/noticias\\\/\",\"name\":\"Cuballama Noticias\",\"description\":\"Medio digital sobre Cuba y el mundo\",\"publisher\":{\"@id\":\"https:\\\/\\\/www.cuballama.com\\\/noticias\\\/#organization\"},\"potentialAction\":[{\"@type\":\"SearchAction\",\"target\":{\"@type\":\"EntryPoint\",\"urlTemplate\":\"https:\\\/\\\/www.cuballama.com\\\/noticias\\\/?s={search_term_string}\"},\"query-input\":{\"@type\":\"PropertyValueSpecification\",\"valueRequired\":true,\"valueName\":\"search_term_string\"}}],\"inLanguage\":\"es\"},{\"@type\":\"Organization\",\"@id\":\"https:\\\/\\\/www.cuballama.com\\\/noticias\\\/#organization\",\"name\":\"Cuballama\",\"url\":\"https:\\\/\\\/www.cuballama.com\\\/noticias\\\/\",\"logo\":{\"@type\":\"ImageObject\",\"inLanguage\":\"es\",\"@id\":\"https:\\\/\\\/www.cuballama.com\\\/noticias\\\/#\\\/schema\\\/logo\\\/image\\\/\",\"url\":\"https:\\\/\\\/cdn1.mediawpaccore.net\\\/wp-content\\\/uploads\\\/2021\\\/12\\\/28171206\\\/cbll-logo-color-sm.png\",\"contentUrl\":\"https:\\\/\\\/cdn1.mediawpaccore.net\\\/wp-content\\\/uploads\\\/2021\\\/12\\\/28171206\\\/cbll-logo-color-sm.png\",\"width\":600,\"height\":133,\"caption\":\"Cuballama\"},\"image\":{\"@id\":\"https:\\\/\\\/www.cuballama.com\\\/noticias\\\/#\\\/schema\\\/logo\\\/image\\\/\"},\"sameAs\":[\"https:\\\/\\\/www.facebook.com\\\/CubaLlama\",\"https:\\\/\\\/x.com\\\/cuballama\",\"https:\\\/\\\/www.instagram.com\\\/stories\\\/cuballama_oficial\\\/\",\"https:\\\/\\\/www.youtube.com\\\/channel\\\/UCKkFE-d_axENGZcrc4as0IA\"]},{\"@type\":\"Person\",\"@id\":\"https:\\\/\\\/www.cuballama.com\\\/noticias\\\/#\\\/schema\\\/person\\\/86cd3e3f4974437f031211213bf892d5\",\"name\":\"Kathy\",\"url\":\"https:\\\/\\\/www.cuballama.com\\\/noticias\\\/author\\\/kathy\\\/\"}]}<\/script>\n<!-- \/ Yoast SEO plugin. -->","yoast_head_json":{"title":"Identifican a cubano hallado decapitado en l\u00ednea del tren en Artemisa - Cuballama Noticias","description":"Un cubano fue encontrado decapitado en la l\u00ednea del ferrocarril en el municipio de San Crist\u00f3bal, Artemisa.","robots":{"index":"index","follow":"follow","max-snippet":"max-snippet:-1","max-image-preview":"max-image-preview:large","max-video-preview":"max-video-preview:-1"},"canonical":"https:\/\/www.cuballama.com\/noticias\/identifican-a-cubano-hallado-decapitado-en-linea-del-tren-en-artemisa\/","og_locale":"es_ES","og_type":"article","og_title":"Identifican a cubano hallado decapitado en l\u00ednea del tren en Artemisa - Cuballama Noticias","og_description":"Un cubano fue encontrado decapitado en la l\u00ednea del ferrocarril en el municipio de San Crist\u00f3bal, Artemisa.","og_url":"https:\/\/www.cuballama.com\/noticias\/identifican-a-cubano-hallado-decapitado-en-linea-del-tren-en-artemisa\/","og_site_name":"Cuballama Noticias","article_publisher":"https:\/\/www.facebook.com\/CubaLlama","article_published_time":"2026-01-15T11:30:00+00:00","og_image":[{"width":1200,"height":630,"url":"https:\/\/cdn1.mediawpaccore.net\/wp-content\/uploads\/2026\/01\/14224001\/615568364_1468362961553052_1838680949879489024_n2.jpg","type":"image\/jpeg"}],"author":"Kathy","twitter_card":"summary_large_image","twitter_creator":"@cuballama","twitter_site":"@cuballama","twitter_misc":{"Escrito por":"Kathy","Tiempo de lectura":"2 minutos"},"schema":{"@context":"https:\/\/schema.org","@graph":[{"@type":"Article","@id":"https:\/\/www.cuballama.com\/noticias\/identifican-a-cubano-hallado-decapitado-en-linea-del-tren-en-artemisa\/#article","isPartOf":{"@id":"https:\/\/www.cuballama.com\/noticias\/identifican-a-cubano-hallado-decapitado-en-linea-del-tren-en-artemisa\/"},"author":{"name":"Kathy","@id":"https:\/\/www.cuballama.com\/noticias\/#\/schema\/person\/86cd3e3f4974437f031211213bf892d5"},"headline":"Identifican a cubano hallado decapitado en l\u00ednea del tren en Artemisa","datePublished":"2026-01-15T11:30:00+00:00","mainEntityOfPage":{"@id":"https:\/\/www.cuballama.com\/noticias\/identifican-a-cubano-hallado-decapitado-en-linea-del-tren-en-artemisa\/"},"wordCount":300,"commentCount":0,"publisher":{"@id":"https:\/\/www.cuballama.com\/noticias\/#organization"},"image":{"@id":"https:\/\/www.cuballama.com\/noticias\/identifican-a-cubano-hallado-decapitado-en-linea-del-tren-en-artemisa\/#primaryimage"},"thumbnailUrl":"https:\/\/cdn1.mediawpaccore.net\/wp-content\/uploads\/2026\/01\/14224001\/615568364_1468362961553052_1838680949879489024_n2.jpg","keywords":["asesinato en Cuba","cubano asesinado","destacado"],"articleSection":["Noticias","Noticias de Cuba"],"inLanguage":"es","potentialAction":[{"@type":"CommentAction","name":"Comment","target":["https:\/\/www.cuballama.com\/noticias\/identifican-a-cubano-hallado-decapitado-en-linea-del-tren-en-artemisa\/#respond"]}]},{"@type":"WebPage","@id":"https:\/\/www.cuballama.com\/noticias\/identifican-a-cubano-hallado-decapitado-en-linea-del-tren-en-artemisa\/","url":"https:\/\/www.cuballama.com\/noticias\/identifican-a-cubano-hallado-decapitado-en-linea-del-tren-en-artemisa\/","name":"Identifican a cubano hallado decapitado en l\u00ednea del tren en Artemisa - Cuballama Noticias","isPartOf":{"@id":"https:\/\/www.cuballama.com\/noticias\/#website"},"primaryImageOfPage":{"@id":"https:\/\/www.cuballama.com\/noticias\/identifican-a-cubano-hallado-decapitado-en-linea-del-tren-en-artemisa\/#primaryimage"},"image":{"@id":"https:\/\/www.cuballama.com\/noticias\/identifican-a-cubano-hallado-decapitado-en-linea-del-tren-en-artemisa\/#primaryimage"},"thumbnailUrl":"https:\/\/cdn1.mediawpaccore.net\/wp-content\/uploads\/2026\/01\/14224001\/615568364_1468362961553052_1838680949879489024_n2.jpg","datePublished":"2026-01-15T11:30:00+00:00","description":"Un cubano fue encontrado decapitado en la l\u00ednea del ferrocarril en el municipio de San Crist\u00f3bal, Artemisa.","breadcrumb":{"@id":"https:\/\/www.cuballama.com\/noticias\/identifican-a-cubano-hallado-decapitado-en-linea-del-tren-en-artemisa\/#breadcrumb"},"inLanguage":"es","potentialAction":[{"@type":"ReadAction","target":["https:\/\/www.cuballama.com\/noticias\/identifican-a-cubano-hallado-decapitado-en-linea-del-tren-en-artemisa\/"]}]},{"@type":"ImageObject","inLanguage":"es","@id":"https:\/\/www.cuballama.com\/noticias\/identifican-a-cubano-hallado-decapitado-en-linea-del-tren-en-artemisa\/#primaryimage","url":"https:\/\/cdn1.mediawpaccore.net\/wp-content\/uploads\/2026\/01\/14224001\/615568364_1468362961553052_1838680949879489024_n2.jpg","contentUrl":"https:\/\/cdn1.mediawpaccore.net\/wp-content\/uploads\/2026\/01\/14224001\/615568364_1468362961553052_1838680949879489024_n2.jpg","width":1200,"height":630,"caption":"Basilio Palacios. Foto: Facebook\/La Tijera."},{"@type":"BreadcrumbList","@id":"https:\/\/www.cuballama.com\/noticias\/identifican-a-cubano-hallado-decapitado-en-linea-del-tren-en-artemisa\/#breadcrumb","itemListElement":[{"@type":"ListItem","position":1,"name":"Home","item":"https:\/\/www.cuballama.com\/noticias\/"},{"@type":"ListItem","position":2,"name":"Identifican a cubano hallado decapitado en l\u00ednea del tren en Artemisa"}]},{"@type":"WebSite","@id":"https:\/\/www.cuballama.com\/noticias\/#website","url":"https:\/\/www.cuballama.com\/noticias\/","name":"Cuballama Noticias","description":"Medio digital sobre Cuba y el mundo","publisher":{"@id":"https:\/\/www.cuballama.com\/noticias\/#organization"},"potentialAction":[{"@type":"SearchAction","target":{"@type":"EntryPoint","urlTemplate":"https:\/\/www.cuballama.com\/noticias\/?s={search_term_string}"},"query-input":{"@type":"PropertyValueSpecification","valueRequired":true,"valueName":"search_term_string"}}],"inLanguage":"es"},{"@type":"Organization","@id":"https:\/\/www.cuballama.com\/noticias\/#organization","name":"Cuballama","url":"https:\/\/www.cuballama.com\/noticias\/","logo":{"@type":"ImageObject","inLanguage":"es","@id":"https:\/\/www.cuballama.com\/noticias\/#\/schema\/logo\/image\/","url":"https:\/\/cdn1.mediawpaccore.net\/wp-content\/uploads\/2021\/12\/28171206\/cbll-logo-color-sm.png","contentUrl":"https:\/\/cdn1.mediawpaccore.net\/wp-content\/uploads\/2021\/12\/28171206\/cbll-logo-color-sm.png","width":600,"height":133,"caption":"Cuballama"},"image":{"@id":"https:\/\/www.cuballama.com\/noticias\/#\/schema\/logo\/image\/"},"sameAs":["https:\/\/www.facebook.com\/CubaLlama","https:\/\/x.com\/cuballama","https:\/\/www.instagram.com\/stories\/cuballama_oficial\/","https:\/\/www.youtube.com\/channel\/UCKkFE-d_axENGZcrc4as0IA"]},{"@type":"Person","@id":"https:\/\/www.cuballama.com\/noticias\/#\/schema\/person\/86cd3e3f4974437f031211213bf892d5","name":"Kathy","url":"https:\/\/www.cuballama.com\/noticias\/author\/kathy\/"}]}},"_links":{"self":[{"href":"https:\/\/www.cuballama.com\/noticias\/wp-json\/wp\/v2\/posts\/232015","targetHints":{"allow":["GET"]}}],"collection":[{"href":"https:\/\/www.cuballama.com\/noticias\/wp-json\/wp\/v2\/posts"}],"about":[{"href":"https:\/\/www.cuballama.com\/noticias\/wp-json\/wp\/v2\/types\/post"}],"author":[{"embeddable":true,"href":"https:\/\/www.cuballama.com\/noticias\/wp-json\/wp\/v2\/users\/30"}],"replies":[{"embeddable":true,"href":"https:\/\/www.cuballama.com\/noticias\/wp-json\/wp\/v2\/comments?post=232015"}],"version-history":[{"count":3,"href":"https:\/\/www.cuballama.com\/noticias\/wp-json\/wp\/v2\/posts\/232015\/revisions"}],"predecessor-version":[{"id":232022,"href":"https:\/\/www.cuballama.com\/noticias\/wp-json\/wp\/v2\/posts\/232015\/revisions\/232022"}],"wp:featuredmedia":[{"embeddable":true,"href":"https:\/\/www.cuballama.com\/noticias\/wp-json\/wp\/v2\/media\/232017"}],"wp:attachment":[{"href":"https:\/\/www.cuballama.com\/noticias\/wp-json\/wp\/v2\/media?parent=232015"}],"wp:term":[{"taxonomy":"category","embeddable":true,"href":"https:\/\/www.cuballama.com\/noticias\/wp-json\/wp\/v2\/categories?post=232015"},{"taxonomy":"post_tag","embeddable":true,"href":"https:\/\/www.cuballama.com\/noticias\/wp-json\/wp\/v2\/tags?post=232015"}],"curies":[{"name":"wp","href":"https:\/\/api.w.org\/{rel}","templated":true}]}}